{"id":162369,"date":"2025-08-04T09:02:02","date_gmt":"2025-08-04T07:02:02","guid":{"rendered":"https:\/\/www.bellunopress.it\/?p=162369"},"modified":"2025-08-04T05:04:56","modified_gmt":"2025-08-04T03:04:56","slug":"esodo-estivo-anas-202-milioni-di-transiti-tra-venerdi-1-e-sabato-2-agosto","status":"publish","type":"post","link":"https:\/\/www.bellunopress.it\/fr\/2025\/08\/04\/esodo-estivo-anas-202-milioni-di-transiti-tra-venerdi-1-e-sabato-2-agosto\/","title":{"rendered":"Esodo estivo, Anas: 20,2 milioni di transiti tra venerd\u00ec 1\u00b0 e sabato 2 agosto"},"content":{"rendered":"<p><img loading=\"lazy\" decoding=\"async\" class=\"aligncenter size-full wp-image-143131\" src=\"https:\/\/www.bellunopress.it\/wp-content\/uploads\/2023\/07\/traffico-strade-Anas_edited.jpg\" alt=\"\" width=\"1000\" height=\"486\" srcset=\"https:\/\/www.bellunopress.it\/wp-content\/uploads\/2023\/07\/traffico-strade-Anas_edited.jpg 1000w, https:\/\/www.bellunopress.it\/wp-content\/uploads\/2023\/07\/traffico-strade-Anas_edited-500x243.jpg 500w, https:\/\/www.bellunopress.it\/wp-content\/uploads\/2023\/07\/traffico-strade-Anas_edited-696x338.jpg 696w, https:\/\/www.bellunopress.it\/wp-content\/uploads\/2023\/07\/traffico-strade-Anas_edited-864x420.jpg 864w\" sizes=\"auto, (max-width: 1000px) 100vw, 1000px\" \/>Domenica 3 agosto gi\u00e0 alle ore 12.00 circa 6 milioni transiti. Rispetto a domenica scorsa raddoppio transiti su A2 &#8220;Autostrada del Mediterraneo&#8221;, RA10 Torino-Caselle e RA13 Sistiana-Padriciano<\/p>\n<p>Roma, 3 agosto 2025\u00a0 &#8211;\u00a0 Si avvia alla conclusione il primo weekend di agosto dell&#8217;esodo estivo 2025 sulla rete stradale e autostradale di Anas (Gruppo FS Italiane).<br \/>\nAnas ha potenziato l&#8217;impegno del personale su tutto il territorio nazionale e per favorire gli spostamenti ha ridotto i cantieri attivi: fino all&#8217;8 settembre sono chiusi o sospesi 1.348 cantieri, circa l&#8217;81% di quelli attivi (1.672). La presenza su strada di Anas \u00e8 di circa 2.500 risorse in turnazione, costituite da personale tecnico e di esercizio, oltre al personale delle Sale Operative Territoriali e della Sala Situazioni Nazionale che assicurano H24 il monitoraggio del traffico in tempo reale.<\/p>\n<p>In questo primo fine settimana di agosto sulla rete stradale e autostradale di Anas si sono registrati volumi di traffico di notevole rilievo ma senza particolari criticit\u00e0.<br \/>\nNelle giornate di venerd\u00ec 1\u00b0 e sabato 2 agosto sono stati complessivamente registrati oltre 20,2 milioni di transiti che alle ore 12.00 di domenica 3 agosto erano gi\u00e0 circa 6 milioni.<\/p>\n<p>Per il forte incremento dei flussi di traffico verso la Capitale per il Giubileo dei Giovani 2025, Anas ha intensificato i servizi di sorveglianza e pronto intervento sulle arterie di competenza interessate dall&#8217;evento con pres\u00ecdi operativi lungo le autostrade A90 &#8220;Grande Raccordo Anulare&#8221; e A91 &#8220;Roma-Aeroporto di Fiumicino&#8221;, in corrispondenza della Fiera di Roma (dove hanno alloggiato circa 25mila giovani) e delle diramazioni verso le aree di sosta degli autobus identificate dal Comune di Roma all&#8217;interno dell&#8217;area urbana. Domenica, a conclusione della funzione religiosa a Tor Vergata, sulla autostrada A90 &#8220;Grande Raccordo Anulare&#8221; si sono registrati rallentamenti e code tra gli svincoli Anagnina e Casilina.<\/p>\n<p>Nella notte e nelle prime ore della mattina di oggi (tra le 01 e le 07) domenica 3 agosto \u00e8 stato rilevato un raddoppio dei transiti lungo la A2 &#8220;Autostrada del Mediterraneo&#8221; rispetto domenica scorsa (27 luglio), cos\u00ec come sui raccordi autostradali RA10 Torino-Caselle e RA13 Sistiana-Padriciano presso Duino Aurisina.<br \/>\nRispetto venerd\u00ec e sabato scorso, l&#8217;incremento medio della mobilit\u00e0 rilevata sulla rete Anas era di circa il 1,5%, con punta di oltre il 5% sulla rete del sud Italia e il 3% sulle reti del centro e della Sicilia, che aumentano al 3% sulle infrastrutture a servizio delle zone marittime, con punta del 7% al Sud e valori del 4,5% in Sicilia e Sardegna.<br \/>\nNel confronto con l&#8217;esodo dello scorso anno, i maggiori incrementi di mobilit\u00e0 rilevata si sono registrati nelle giornate di gioved\u00ec e venerd\u00ec (rispettivamente +2% e +3%), con sabato sostanzialmente invariato rispetto lo scorso anno.<br \/>\nAndamento simile ma con valori differenti sulle arterie che conducono alle localit\u00e0 di mare dove venerd\u00ec \u00e8 stato misurato un aumento medio del 3,7% su tutta la rete e del 5,2% per quelli del centro Italia.<\/p>\n<p>Complessivamente nelle giornate di venerd\u00ec 1\u00b0 agosto e sabato 2 agosto sono stati rilevati i seguenti valori di transiti:<br \/>\nSulla A2 &#8220;Autostrada del Mediterraneo&#8221;: 139.922 presso Salerno, 229.492 a Pontecagnano, 103.964 presso Battipaglia, 71.571 a Sicignano degli Alburni, 48.544 presso Casalbuono, 38.318 nel Lagonegrese, 35.544 presso Morano Calabro, 47.878 ad Altomonte, 57.210 a Falerna e 60.555 presso Villa San Giovanni. Sulla A2DIR-RC presso Reggio di Calabria sono stati 92.325.<br \/>\nIn Sicilia, sulla A19dir 156.107 presso Palermo e 93.394 sulla A19 &#8220;Palermo-Catania&#8221; presso Altavilla Milicia.<br \/>\nNel Lazio, sulla A90 &#8220;Grande Raccordo Anulare&#8221; sono stati 304.873 presso La Romanina e 273.740 tra Laurentina a Pontina, 252.670 tra la Pisana e l&#8217;Aurelia, 236.852 tra via Cassia e l&#8217;Ospedale S. Andrea e 228.552 tra via Nomentana e via Tiburtina.<br \/>\nIn Calabria, sulla strada statale 106 &#8220;Jonica&#8221; sono stati 62.103 presso Stalett\u00ec a sud di Catanzaro, 61.050 a Castellaneta, 55.218 a Simeri Crichi, 34.990 presso Cutro e 28.627 a Isola di Capo Rizzuto. Sulla SS107 &#8220;Silana Crotonese&#8221; sono stati 50.212 i transiti rilevati presso Rende, 82.068 sulla RA4 presso Reggio di Calabria.<br \/>\nSulla strada statale 18 &#8220;Tirrena Inferiore&#8221; dopo i 70.632 transiti presso Capaccio Paestum e i 51.605 a Eboli in Campania, in Calabria sono stati 42.135 a San Nicola Arcella, 35.093 a Belvedere Marittimo e 48.550 presso Vibo Valentia.<\/p>\n<p>Tra le sezioni con i maggiori transiti registrati tra venerd\u00ec 2 e sabato 3 agosto emergono: la SS36 &#8220;del lago di Como e dello Spluga&#8221; presso Monza con 196.841, Costa Masnaga con 116.277, Abbadia Lariana con 64.153 e la SS336 &#8220;dell&#8217;Aeroporto della Malpensa&#8221; presso Gallarate con 114.281; l&#8217;autostrada A91 &#8220;Roma-aeroporto di Fiumicino&#8221; presso Fiumicino con 165.040; la SS148 &#8220;Pontina&#8221; con 195.279 presso Roma, 119.733 presso Ardea, 81.378 a Latina; e la SS2bis presso Roma con 110.938; la SS7 &#8220;Via Appia&#8221; presso Ciampino con 107.634; la SS16 &#8220;Adriatica&#8221; presso Ravenna con 59.858, presso Rimini con 63.004, presso Alba Adriatica con 53.800, presso Brindisi con 125.440; la RA6 &#8220;Perugia-Bettolle&#8221; presso Perugia con 143.257; la RA12 &#8220;Chieti-Pescara&#8221; presso San Giovanni Teatino con 126.659; la SS75 &#8220;Centrale Umbra&#8221; presso Perugia con 115.850 e presso Corciano con 74.289; la SS162NC &#8220;Asse Mediano&#8221; presso Giugliano in Campania con 158.684; SS7quater presso Giugliano in Campania con 105.412, presso Castel Volturno con 75.006 e 71.751 a Mondragone; la SS7bis presso Caivano con 114.136; la SS101 &#8220;Salentina di Gallipoli&#8221; presso Lequile con 113.224; la SS694 &#8220;Tangenziale Ovest di Lecce&#8221; con 100.779; la SS613 &#8220;Brindisi-Lecce&#8221; presso Squinzano con 99.851; la RA15 &#8220;Tangenziale di Catania&#8221; presso Misterbianco con 168.443.<\/p>\n<p>&nbsp;<\/p>","protected":false},"excerpt":{"rendered":"<p>Domenica 3 agosto gi\u00e0 alle ore 12.00 circa 6 milioni transiti. Rispetto a domenica scorsa raddoppio transiti su A2 &#8220;Autostrada del Mediterraneo&#8221;, RA10 Torino-Caselle e RA13 Sistiana-Padriciano Roma, 3 agosto 2025\u00a0 &#8211;\u00a0 Si avvia alla conclusione il primo weekend di agosto dell&#8217;esodo estivo 2025 sulla rete stradale e autostradale di Anas (Gruppo FS Italiane). Anas [&hellip;]<\/p>\n","protected":false},"author":2,"featured_media":143131,"comment_status":"closed","ping_status":"open","sticky":false,"template":"","format":"standard","meta":{"footnotes":""},"categories":[5,26],"tags":[],"class_list":["post-162369","post","type-post","status-publish","format-standard","has-post-thumbnail","category-cronaca","category-prima-pagina"],"yoast_head":"<!-- This site is optimized with the Yoast SEO plugin v28.4 - https:\/\/yoast.com\/product\/yoast-seo-wordpress\/ -->\n<title>Esodo estivo, Anas: 20,2 milioni di transiti tra venerd\u00ec 1\u00b0 e sabato 2 agosto - Bellunopress - Dolomiti<\/title>\n<meta name=\"robots\" content=\"index, follow, max-snippet:-1, max-image-preview:large, max-video-preview:-1\" \/>\n<link rel=\"canonical\" href=\"https:\/\/www.bellunopress.it\/fr\/2025\/08\/04\/esodo-estivo-anas-202-milioni-di-transiti-tra-venerdi-1-e-sabato-2-agosto\/\" \/>\n<meta property=\"og:locale\" content=\"fr_FR\" \/>\n<meta property=\"og:type\" content=\"article\" \/>\n<meta property=\"og:title\" content=\"Esodo estivo, Anas: 20,2 milioni di transiti tra venerd\u00ec 1\u00b0 e sabato 2 agosto - Bellunopress - Dolomiti\" \/>\n<meta property=\"og:description\" content=\"Domenica 3 agosto gi\u00e0 alle ore 12.00 circa 6 milioni transiti. Rispetto a domenica scorsa raddoppio transiti su A2 &#8220;Autostrada del Mediterraneo&#8221;, RA10 Torino-Caselle e RA13 Sistiana-Padriciano Roma, 3 agosto 2025\u00a0 &#8211;\u00a0 Si avvia alla conclusione il primo weekend di agosto dell&#8217;esodo estivo 2025 sulla rete stradale e autostradale di Anas (Gruppo FS Italiane). Anas [&hellip;]\" \/>\n<meta property=\"og:url\" content=\"https:\/\/www.bellunopress.it\/fr\/2025\/08\/04\/esodo-estivo-anas-202-milioni-di-transiti-tra-venerdi-1-e-sabato-2-agosto\/\" \/>\n<meta property=\"og:site_name\" content=\"Bellunopress - Dolomiti\" \/>\n<meta property=\"article:publisher\" content=\"https:\/\/www.facebook.com\/profile.php?id=100008943462799\" \/>\n<meta property=\"article:published_time\" content=\"2025-08-04T07:02:02+00:00\" \/>\n<meta property=\"og:image\" content=\"https:\/\/www.bellunopress.it\/wp-content\/uploads\/2023\/07\/traffico-strade-Anas_edited.jpg\" \/>\n\t<meta property=\"og:image:width\" content=\"1000\" \/>\n\t<meta property=\"og:image:height\" content=\"486\" \/>\n\t<meta property=\"og:image:type\" content=\"image\/jpeg\" \/>\n<meta name=\"author\" content=\"redazione\" \/>\n<meta name=\"twitter:card\" content=\"summary_large_image\" \/>\n<meta name=\"twitter:creator\" content=\"@bellunopress\" \/>\n<meta name=\"twitter:site\" content=\"@bellunopress\" \/>\n<meta name=\"twitter:label1\" content=\"\u00c9crit par\" \/>\n\t<meta name=\"twitter:data1\" content=\"redazione\" \/>\n\t<meta name=\"twitter:label2\" content=\"Dur\u00e9e de lecture estim\u00e9e\" \/>\n\t<meta name=\"twitter:data2\" content=\"4 minutes\" \/>\n<script type=\"application\/ld+json\" class=\"yoast-schema-graph\">{\"@context\":\"https:\\\/\\\/schema.org\",\"@graph\":[{\"@type\":\"Article\",\"@id\":\"https:\\\/\\\/www.bellunopress.it\\\/2025\\\/08\\\/04\\\/esodo-estivo-anas-202-milioni-di-transiti-tra-venerdi-1-e-sabato-2-agosto\\\/#article\",\"isPartOf\":{\"@id\":\"https:\\\/\\\/www.bellunopress.it\\\/2025\\\/08\\\/04\\\/esodo-estivo-anas-202-milioni-di-transiti-tra-venerdi-1-e-sabato-2-agosto\\\/\"},\"author\":{\"name\":\"redazione\",\"@id\":\"https:\\\/\\\/www.bellunopress.it\\\/#\\\/schema\\\/person\\\/79bb06722b37ece1c03d3e94beb30d73\"},\"headline\":\"Esodo estivo, Anas: 20,2 milioni di transiti tra venerd\u00ec 1\u00b0 e sabato 2 agosto\",\"datePublished\":\"2025-08-04T07:02:02+00:00\",\"mainEntityOfPage\":{\"@id\":\"https:\\\/\\\/www.bellunopress.it\\\/2025\\\/08\\\/04\\\/esodo-estivo-anas-202-milioni-di-transiti-tra-venerdi-1-e-sabato-2-agosto\\\/\"},\"wordCount\":826,\"publisher\":{\"@id\":\"https:\\\/\\\/www.bellunopress.it\\\/#organization\"},\"image\":{\"@id\":\"https:\\\/\\\/www.bellunopress.it\\\/2025\\\/08\\\/04\\\/esodo-estivo-anas-202-milioni-di-transiti-tra-venerdi-1-e-sabato-2-agosto\\\/#primaryimage\"},\"thumbnailUrl\":\"https:\\\/\\\/www.bellunopress.it\\\/wp-content\\\/uploads\\\/2023\\\/07\\\/traffico-strade-Anas_edited.jpg\",\"articleSection\":[\"Cronaca\\\/Politica\",\"Prima Pagina\"],\"inLanguage\":\"fr-FR\"},{\"@type\":\"WebPage\",\"@id\":\"https:\\\/\\\/www.bellunopress.it\\\/2025\\\/08\\\/04\\\/esodo-estivo-anas-202-milioni-di-transiti-tra-venerdi-1-e-sabato-2-agosto\\\/\",\"url\":\"https:\\\/\\\/www.bellunopress.it\\\/2025\\\/08\\\/04\\\/esodo-estivo-anas-202-milioni-di-transiti-tra-venerdi-1-e-sabato-2-agosto\\\/\",\"name\":\"Esodo estivo, Anas: 20,2 milioni di transiti tra venerd\u00ec 1\u00b0 e sabato 2 agosto - Bellunopress - Dolomiti\",\"isPartOf\":{\"@id\":\"https:\\\/\\\/www.bellunopress.it\\\/#website\"},\"primaryImageOfPage\":{\"@id\":\"https:\\\/\\\/www.bellunopress.it\\\/2025\\\/08\\\/04\\\/esodo-estivo-anas-202-milioni-di-transiti-tra-venerdi-1-e-sabato-2-agosto\\\/#primaryimage\"},\"image\":{\"@id\":\"https:\\\/\\\/www.bellunopress.it\\\/2025\\\/08\\\/04\\\/esodo-estivo-anas-202-milioni-di-transiti-tra-venerdi-1-e-sabato-2-agosto\\\/#primaryimage\"},\"thumbnailUrl\":\"https:\\\/\\\/www.bellunopress.it\\\/wp-content\\\/uploads\\\/2023\\\/07\\\/traffico-strade-Anas_edited.jpg\",\"datePublished\":\"2025-08-04T07:02:02+00:00\",\"breadcrumb\":{\"@id\":\"https:\\\/\\\/www.bellunopress.it\\\/2025\\\/08\\\/04\\\/esodo-estivo-anas-202-milioni-di-transiti-tra-venerdi-1-e-sabato-2-agosto\\\/#breadcrumb\"},\"inLanguage\":\"fr-FR\",\"potentialAction\":[{\"@type\":\"ReadAction\",\"target\":[\"https:\\\/\\\/www.bellunopress.it\\\/2025\\\/08\\\/04\\\/esodo-estivo-anas-202-milioni-di-transiti-tra-venerdi-1-e-sabato-2-agosto\\\/\"]}]},{\"@type\":\"ImageObject\",\"inLanguage\":\"fr-FR\",\"@id\":\"https:\\\/\\\/www.bellunopress.it\\\/2025\\\/08\\\/04\\\/esodo-estivo-anas-202-milioni-di-transiti-tra-venerdi-1-e-sabato-2-agosto\\\/#primaryimage\",\"url\":\"https:\\\/\\\/www.bellunopress.it\\\/wp-content\\\/uploads\\\/2023\\\/07\\\/traffico-strade-Anas_edited.jpg\",\"contentUrl\":\"https:\\\/\\\/www.bellunopress.it\\\/wp-content\\\/uploads\\\/2023\\\/07\\\/traffico-strade-Anas_edited.jpg\",\"width\":1000,\"height\":486},{\"@type\":\"BreadcrumbList\",\"@id\":\"https:\\\/\\\/www.bellunopress.it\\\/2025\\\/08\\\/04\\\/esodo-estivo-anas-202-milioni-di-transiti-tra-venerdi-1-e-sabato-2-agosto\\\/#breadcrumb\",\"itemListElement\":[{\"@type\":\"ListItem\",\"position\":1,\"name\":\"Home\",\"item\":\"https:\\\/\\\/www.bellunopress.it\\\/\"},{\"@type\":\"ListItem\",\"position\":2,\"name\":\"Esodo estivo, Anas: 20,2 milioni di transiti tra venerd\u00ec 1\u00b0 e sabato 2 agosto\"}]},{\"@type\":\"WebSite\",\"@id\":\"https:\\\/\\\/www.bellunopress.it\\\/#website\",\"url\":\"https:\\\/\\\/www.bellunopress.it\\\/\",\"name\":\"Bellunopress - Dolomiti\",\"description\":\"e-mail: redazione@bellunopress.it\",\"publisher\":{\"@id\":\"https:\\\/\\\/www.bellunopress.it\\\/#organization\"},\"potentialAction\":[{\"@type\":\"SearchAction\",\"target\":{\"@type\":\"EntryPoint\",\"urlTemplate\":\"https:\\\/\\\/www.bellunopress.it\\\/?s={search_term_string}\"},\"query-input\":{\"@type\":\"PropertyValueSpecification\",\"valueRequired\":true,\"valueName\":\"search_term_string\"}}],\"inLanguage\":\"fr-FR\"},{\"@type\":\"Organization\",\"@id\":\"https:\\\/\\\/www.bellunopress.it\\\/#organization\",\"name\":\"Bellunopress\",\"url\":\"https:\\\/\\\/www.bellunopress.it\\\/\",\"logo\":{\"@type\":\"ImageObject\",\"inLanguage\":\"fr-FR\",\"@id\":\"https:\\\/\\\/www.bellunopress.it\\\/#\\\/schema\\\/logo\\\/image\\\/\",\"url\":\"https:\\\/\\\/www.bellunopress.it\\\/wp-content\\\/uploads\\\/2011\\\/05\\\/cropped-logo-bellunopress-.jpg\",\"contentUrl\":\"https:\\\/\\\/www.bellunopress.it\\\/wp-content\\\/uploads\\\/2011\\\/05\\\/cropped-logo-bellunopress-.jpg\",\"width\":512,\"height\":512,\"caption\":\"Bellunopress\"},\"image\":{\"@id\":\"https:\\\/\\\/www.bellunopress.it\\\/#\\\/schema\\\/logo\\\/image\\\/\"},\"sameAs\":[\"https:\\\/\\\/www.facebook.com\\\/profile.php?id=100008943462799\",\"https:\\\/\\\/x.com\\\/bellunopress\",\"https:\\\/\\\/www.linkedin.com\\\/hp\\\/?dnr=JBzUWaJfMUw8vbXJJ2tVW5-I3jZKvC4wsoxE&amp;amp;amp;amp;amp;amp;trk=nav_responsive_tab_home\",\"https:\\\/\\\/www.youtube.com\\\/channel\\\/UCxL0wu1uN0_3_7hGG0306cw\"]},{\"@type\":\"Person\",\"@id\":\"https:\\\/\\\/www.bellunopress.it\\\/#\\\/schema\\\/person\\\/79bb06722b37ece1c03d3e94beb30d73\",\"name\":\"redazione\",\"image\":{\"@type\":\"ImageObject\",\"inLanguage\":\"fr-FR\",\"@id\":\"https:\\\/\\\/secure.gravatar.com\\\/avatar\\\/37d968a2e67a6fd04c169c4bdef102d0bc5d31b2546345219e348575eb80e9a0?s=96&d=mm&r=g\",\"url\":\"https:\\\/\\\/secure.gravatar.com\\\/avatar\\\/37d968a2e67a6fd04c169c4bdef102d0bc5d31b2546345219e348575eb80e9a0?s=96&d=mm&r=g\",\"contentUrl\":\"https:\\\/\\\/secure.gravatar.com\\\/avatar\\\/37d968a2e67a6fd04c169c4bdef102d0bc5d31b2546345219e348575eb80e9a0?s=96&d=mm&r=g\",\"caption\":\"redazione\"},\"sameAs\":[\"http:\\\/\\\/www.bellunopress.it\",\"https:\\\/\\\/x.com\\\/bellunopress\"],\"url\":\"https:\\\/\\\/www.bellunopress.it\\\/fr\\\/author\\\/redazione\\\/\"}]}<\/script>\n<!-- \/ Yoast SEO plugin. -->","yoast_head_json":{"title":"Esodo estivo, Anas: 20,2 milioni di transiti tra venerd\u00ec 1\u00b0 e sabato 2 agosto - Bellunopress - Dolomiti","robots":{"index":"index","follow":"follow","max-snippet":"max-snippet:-1","max-image-preview":"max-image-preview:large","max-video-preview":"max-video-preview:-1"},"canonical":"https:\/\/www.bellunopress.it\/fr\/2025\/08\/04\/esodo-estivo-anas-202-milioni-di-transiti-tra-venerdi-1-e-sabato-2-agosto\/","og_locale":"fr_FR","og_type":"article","og_title":"Esodo estivo, Anas: 20,2 milioni di transiti tra venerd\u00ec 1\u00b0 e sabato 2 agosto - Bellunopress - Dolomiti","og_description":"Domenica 3 agosto gi\u00e0 alle ore 12.00 circa 6 milioni transiti. Rispetto a domenica scorsa raddoppio transiti su A2 &#8220;Autostrada del Mediterraneo&#8221;, RA10 Torino-Caselle e RA13 Sistiana-Padriciano Roma, 3 agosto 2025\u00a0 &#8211;\u00a0 Si avvia alla conclusione il primo weekend di agosto dell&#8217;esodo estivo 2025 sulla rete stradale e autostradale di Anas (Gruppo FS Italiane). Anas [&hellip;]","og_url":"https:\/\/www.bellunopress.it\/fr\/2025\/08\/04\/esodo-estivo-anas-202-milioni-di-transiti-tra-venerdi-1-e-sabato-2-agosto\/","og_site_name":"Bellunopress - Dolomiti","article_publisher":"https:\/\/www.facebook.com\/profile.php?id=100008943462799","article_published_time":"2025-08-04T07:02:02+00:00","og_image":[{"width":1000,"height":486,"url":"https:\/\/www.bellunopress.it\/wp-content\/uploads\/2023\/07\/traffico-strade-Anas_edited.jpg","type":"image\/jpeg"}],"author":"redazione","twitter_card":"summary_large_image","twitter_creator":"@bellunopress","twitter_site":"@bellunopress","twitter_misc":{"\u00c9crit par":"redazione","Dur\u00e9e de lecture estim\u00e9e":"4 minutes"},"schema":{"@context":"https:\/\/schema.org","@graph":[{"@type":"Article","@id":"https:\/\/www.bellunopress.it\/2025\/08\/04\/esodo-estivo-anas-202-milioni-di-transiti-tra-venerdi-1-e-sabato-2-agosto\/#article","isPartOf":{"@id":"https:\/\/www.bellunopress.it\/2025\/08\/04\/esodo-estivo-anas-202-milioni-di-transiti-tra-venerdi-1-e-sabato-2-agosto\/"},"author":{"name":"redazione","@id":"https:\/\/www.bellunopress.it\/#\/schema\/person\/79bb06722b37ece1c03d3e94beb30d73"},"headline":"Esodo estivo, Anas: 20,2 milioni di transiti tra venerd\u00ec 1\u00b0 e sabato 2 agosto","datePublished":"2025-08-04T07:02:02+00:00","mainEntityOfPage":{"@id":"https:\/\/www.bellunopress.it\/2025\/08\/04\/esodo-estivo-anas-202-milioni-di-transiti-tra-venerdi-1-e-sabato-2-agosto\/"},"wordCount":826,"publisher":{"@id":"https:\/\/www.bellunopress.it\/#organization"},"image":{"@id":"https:\/\/www.bellunopress.it\/2025\/08\/04\/esodo-estivo-anas-202-milioni-di-transiti-tra-venerdi-1-e-sabato-2-agosto\/#primaryimage"},"thumbnailUrl":"https:\/\/www.bellunopress.it\/wp-content\/uploads\/2023\/07\/traffico-strade-Anas_edited.jpg","articleSection":["Cronaca\/Politica","Prima Pagina"],"inLanguage":"fr-FR"},{"@type":"WebPage","@id":"https:\/\/www.bellunopress.it\/2025\/08\/04\/esodo-estivo-anas-202-milioni-di-transiti-tra-venerdi-1-e-sabato-2-agosto\/","url":"https:\/\/www.bellunopress.it\/2025\/08\/04\/esodo-estivo-anas-202-milioni-di-transiti-tra-venerdi-1-e-sabato-2-agosto\/","name":"Esodo estivo, Anas: 20,2 milioni di transiti tra venerd\u00ec 1\u00b0 e sabato 2 agosto - Bellunopress - Dolomiti","isPartOf":{"@id":"https:\/\/www.bellunopress.it\/#website"},"primaryImageOfPage":{"@id":"https:\/\/www.bellunopress.it\/2025\/08\/04\/esodo-estivo-anas-202-milioni-di-transiti-tra-venerdi-1-e-sabato-2-agosto\/#primaryimage"},"image":{"@id":"https:\/\/www.bellunopress.it\/2025\/08\/04\/esodo-estivo-anas-202-milioni-di-transiti-tra-venerdi-1-e-sabato-2-agosto\/#primaryimage"},"thumbnailUrl":"https:\/\/www.bellunopress.it\/wp-content\/uploads\/2023\/07\/traffico-strade-Anas_edited.jpg","datePublished":"2025-08-04T07:02:02+00:00","breadcrumb":{"@id":"https:\/\/www.bellunopress.it\/2025\/08\/04\/esodo-estivo-anas-202-milioni-di-transiti-tra-venerdi-1-e-sabato-2-agosto\/#breadcrumb"},"inLanguage":"fr-FR","potentialAction":[{"@type":"ReadAction","target":["https:\/\/www.bellunopress.it\/2025\/08\/04\/esodo-estivo-anas-202-milioni-di-transiti-tra-venerdi-1-e-sabato-2-agosto\/"]}]},{"@type":"ImageObject","inLanguage":"fr-FR","@id":"https:\/\/www.bellunopress.it\/2025\/08\/04\/esodo-estivo-anas-202-milioni-di-transiti-tra-venerdi-1-e-sabato-2-agosto\/#primaryimage","url":"https:\/\/www.bellunopress.it\/wp-content\/uploads\/2023\/07\/traffico-strade-Anas_edited.jpg","contentUrl":"https:\/\/www.bellunopress.it\/wp-content\/uploads\/2023\/07\/traffico-strade-Anas_edited.jpg","width":1000,"height":486},{"@type":"BreadcrumbList","@id":"https:\/\/www.bellunopress.it\/2025\/08\/04\/esodo-estivo-anas-202-milioni-di-transiti-tra-venerdi-1-e-sabato-2-agosto\/#breadcrumb","itemListElement":[{"@type":"ListItem","position":1,"name":"Home","item":"https:\/\/www.bellunopress.it\/"},{"@type":"ListItem","position":2,"name":"Esodo estivo, Anas: 20,2 milioni di transiti tra venerd\u00ec 1\u00b0 e sabato 2 agosto"}]},{"@type":"WebSite","@id":"https:\/\/www.bellunopress.it\/#website","url":"https:\/\/www.bellunopress.it\/","name":"Bellunopress - Dolomiti","description":"e-mail: redazione@bellunopress.it","publisher":{"@id":"https:\/\/www.bellunopress.it\/#organization"},"potentialAction":[{"@type":"SearchAction","target":{"@type":"EntryPoint","urlTemplate":"https:\/\/www.bellunopress.it\/?s={search_term_string}"},"query-input":{"@type":"PropertyValueSpecification","valueRequired":true,"valueName":"search_term_string"}}],"inLanguage":"fr-FR"},{"@type":"Organization","@id":"https:\/\/www.bellunopress.it\/#organization","name":"Bellunopress","url":"https:\/\/www.bellunopress.it\/","logo":{"@type":"ImageObject","inLanguage":"fr-FR","@id":"https:\/\/www.bellunopress.it\/#\/schema\/logo\/image\/","url":"https:\/\/www.bellunopress.it\/wp-content\/uploads\/2011\/05\/cropped-logo-bellunopress-.jpg","contentUrl":"https:\/\/www.bellunopress.it\/wp-content\/uploads\/2011\/05\/cropped-logo-bellunopress-.jpg","width":512,"height":512,"caption":"Bellunopress"},"image":{"@id":"https:\/\/www.bellunopress.it\/#\/schema\/logo\/image\/"},"sameAs":["https:\/\/www.facebook.com\/profile.php?id=100008943462799","https:\/\/x.com\/bellunopress","https:\/\/www.linkedin.com\/hp\/?dnr=JBzUWaJfMUw8vbXJJ2tVW5-I3jZKvC4wsoxE&amp;amp;amp;amp;amp;amp;trk=nav_responsive_tab_home","https:\/\/www.youtube.com\/channel\/UCxL0wu1uN0_3_7hGG0306cw"]},{"@type":"Person","@id":"https:\/\/www.bellunopress.it\/#\/schema\/person\/79bb06722b37ece1c03d3e94beb30d73","name":"r\u00e9daction","image":{"@type":"ImageObject","inLanguage":"fr-FR","@id":"https:\/\/secure.gravatar.com\/avatar\/37d968a2e67a6fd04c169c4bdef102d0bc5d31b2546345219e348575eb80e9a0?s=96&d=mm&r=g","url":"https:\/\/secure.gravatar.com\/avatar\/37d968a2e67a6fd04c169c4bdef102d0bc5d31b2546345219e348575eb80e9a0?s=96&d=mm&r=g","contentUrl":"https:\/\/secure.gravatar.com\/avatar\/37d968a2e67a6fd04c169c4bdef102d0bc5d31b2546345219e348575eb80e9a0?s=96&d=mm&r=g","caption":"redazione"},"sameAs":["http:\/\/www.bellunopress.it","https:\/\/x.com\/bellunopress"],"url":"https:\/\/www.bellunopress.it\/fr\/author\/redazione\/"}]}},"_links":{"self":[{"href":"https:\/\/www.bellunopress.it\/fr\/wp-json\/wp\/v2\/posts\/162369","targetHints":{"allow":["GET"]}}],"collection":[{"href":"https:\/\/www.bellunopress.it\/fr\/wp-json\/wp\/v2\/posts"}],"about":[{"href":"https:\/\/www.bellunopress.it\/fr\/wp-json\/wp\/v2\/types\/post"}],"author":[{"embeddable":true,"href":"https:\/\/www.bellunopress.it\/fr\/wp-json\/wp\/v2\/users\/2"}],"replies":[{"embeddable":true,"href":"https:\/\/www.bellunopress.it\/fr\/wp-json\/wp\/v2\/comments?post=162369"}],"version-history":[{"count":1,"href":"https:\/\/www.bellunopress.it\/fr\/wp-json\/wp\/v2\/posts\/162369\/revisions"}],"predecessor-version":[{"id":162370,"href":"https:\/\/www.bellunopress.it\/fr\/wp-json\/wp\/v2\/posts\/162369\/revisions\/162370"}],"wp:featuredmedia":[{"embeddable":true,"href":"https:\/\/www.bellunopress.it\/fr\/wp-json\/wp\/v2\/media\/143131"}],"wp:attachment":[{"href":"https:\/\/www.bellunopress.it\/fr\/wp-json\/wp\/v2\/media?parent=162369"}],"wp:term":[{"taxonomy":"category","embeddable":true,"href":"https:\/\/www.bellunopress.it\/fr\/wp-json\/wp\/v2\/categories?post=162369"},{"taxonomy":"post_tag","embeddable":true,"href":"https:\/\/www.bellunopress.it\/fr\/wp-json\/wp\/v2\/tags?post=162369"}],"curies":[{"name":"wp","href":"https:\/\/api.w.org\/{rel}","templated":true}]}}