{"id":162366,"date":"2025-08-03T21:57:41","date_gmt":"2025-08-03T19:57:41","guid":{"rendered":"https:\/\/www.bellunopress.it\/?p=162366"},"modified":"2025-08-03T21:57:41","modified_gmt":"2025-08-03T19:57:41","slug":"il-rombo-del-bimotore-turboelica-beechcraft-king-air-250-sulla-valbelluna","status":"publish","type":"post","link":"https:\/\/www.bellunopress.it\/fr\/2025\/08\/03\/il-rombo-del-bimotore-turboelica-beechcraft-king-air-250-sulla-valbelluna\/","title":{"rendered":"Il rombo del bimotore turboelica Beechcraft King Air 250 sulla Valbelluna"},"content":{"rendered":"<figure id=\"attachment_162367\" aria-describedby=\"caption-attachment-162367\" style=\"width: 700px\" class=\"wp-caption aligncenter\"><img loading=\"lazy\" decoding=\"async\" class=\"size-full wp-image-162367\" src=\"https:\/\/www.bellunopress.it\/wp-content\/uploads\/2025\/08\/Beechcraft-King-Air-250.jpg\" alt=\"\" width=\"700\" height=\"392\" srcset=\"https:\/\/www.bellunopress.it\/wp-content\/uploads\/2025\/08\/Beechcraft-King-Air-250.jpg 700w, https:\/\/www.bellunopress.it\/wp-content\/uploads\/2025\/08\/Beechcraft-King-Air-250-500x280.jpg 500w, https:\/\/www.bellunopress.it\/wp-content\/uploads\/2025\/08\/Beechcraft-King-Air-250-696x390.jpg 696w\" sizes=\"auto, (max-width: 700px) 100vw, 700px\" \/><figcaption id=\"caption-attachment-162367\" class=\"wp-caption-text\">Beechcraft King Air 250<\/figcaption><\/figure>\n<p>Belluno, 2 agosto 2025 \u2013 Il rombo dell\u2019aereo bimotore che avete sentito questa sera sopra la Valbelluna, tra Belluno e Feltre, intorno alle ore 20:35 apparteneva a un Beechcraft King Air 250.<\/p>\n<p>L&#8217;aereo, decollato dall&#8217;aeroporto di Zara (Croazia) alle 20:37, era diretto all&#8217;aeroporto di Memmingen, in Baviera (Germania), dove \u00e8 atteso intorno alle 22:00.<\/p>\n<p>Il Beechcraft King Air 250 \u00e8 un prodotto di punta della Textron Aviation, riconosciuto per la sua combinazione di velocit\u00e0, autonomia e una cabina spaziosa, adatta sia per viaggi d&#8217;affari che di piacere. Le sue caratteristiche tecniche lo rendono un velivolo versatile e performante. Il velivolo \u00e8 spinto da due motori turboelica Pratt &amp; Whitney PT6A-52. Pu\u00f2 raggiungere i 310 nodi, equivalenti a circa 574 km\/h.Con una autonomia di circa 3.185 km, quindi \u00e8 ideale per voli a corto e medio raggio. Pu\u00f2 volare fino a 35.000 piedi (oltre 10.600 metri). Ed ha una capacit\u00e0 massima da 6 a 8 passeggeri, con ampio spazio per i bagagli.\u00a0Sebbene la produzione del King Air 250 sia terminata nel 2020, con il passaggio al modello successivo, il King Air 260, questo velivolo rimane molto apprezzato e utilizzato in tutto il mondo, anche per la sua capacit\u00e0 di operare da aeroporti con piste corte o non asfaltate.<\/p>\n<p>L&#8217;aeroporto di partenza, lo Zadar Airport in Croazia, \u00e8 una struttura con una storia ricca, sede in passato di sezioni militari e voli commerciali fin dal 1936 con Ala Littoria. Oggi ospita anche la scuola di volo della compagnia aerea tedesca Lufthansa.<\/p>\n<p>L&#8217;Aeroporto di Memmingen in Baviera, \u00e8 una struttura moderna che funge da importante snodo per le compagnie aeree a basso costo nella regione, con una pista di quasi 3 chilometri dotata di torre di controllo e un unico terminal passeggeri.<\/p>\n<p>Precedente articolo:<a href=\"https:\/\/www.bellunopress.it\/fr\/2025\/08\/02\/un-bimotore-militare-beechcraft-uc-12w-huron-sorvola-belluno-partito-da-dubrovnik-diretto-a-stoccarda\/\"> https:\/\/www.bellunopress.it\/2025\/08\/02\/un-bimotore-militare-beechcraft-uc-12w-huron-sorvola-belluno-partito-da-dubrovnik-diretto-a-stoccarda\/<\/a><\/p>\n<p>&nbsp;<\/p>\n<p>&nbsp;<\/p>","protected":false},"excerpt":{"rendered":"<p>Belluno, 2 agosto 2025 \u2013 Il rombo dell\u2019aereo bimotore che avete sentito questa sera sopra la Valbelluna, tra Belluno e Feltre, intorno alle ore 20:35 apparteneva a un Beechcraft King Air 250. L&#8217;aereo, decollato dall&#8217;aeroporto di Zara (Croazia) alle 20:37, era diretto all&#8217;aeroporto di Memmingen, in Baviera (Germania), dove \u00e8 atteso intorno alle 22:00. Il [&hellip;]<\/p>\n","protected":false},"author":2,"featured_media":162367,"comment_status":"closed","ping_status":"open","sticky":false,"template":"","format":"standard","meta":{"footnotes":""},"categories":[5,26],"tags":[],"class_list":["post-162366","post","type-post","status-publish","format-standard","has-post-thumbnail","category-cronaca","category-prima-pagina"],"yoast_head":"<!-- This site is optimized with the Yoast SEO plugin v28.4 - https:\/\/yoast.com\/product\/yoast-seo-wordpress\/ -->\n<title>Il rombo del bimotore turboelica Beechcraft King Air 250 sulla Valbelluna - Bellunopress - Dolomiti<\/title>\n<meta name=\"robots\" content=\"index, follow, max-snippet:-1, max-image-preview:large, max-video-preview:-1\" \/>\n<link rel=\"canonical\" href=\"https:\/\/www.bellunopress.it\/fr\/2025\/08\/03\/il-rombo-del-bimotore-turboelica-beechcraft-king-air-250-sulla-valbelluna\/\" \/>\n<meta property=\"og:locale\" content=\"fr_FR\" \/>\n<meta property=\"og:type\" content=\"article\" \/>\n<meta property=\"og:title\" content=\"Il rombo del bimotore turboelica Beechcraft King Air 250 sulla Valbelluna - Bellunopress - Dolomiti\" \/>\n<meta property=\"og:description\" content=\"Belluno, 2 agosto 2025 \u2013 Il rombo dell\u2019aereo bimotore che avete sentito questa sera sopra la Valbelluna, tra Belluno e Feltre, intorno alle ore 20:35 apparteneva a un Beechcraft King Air 250. L&#8217;aereo, decollato dall&#8217;aeroporto di Zara (Croazia) alle 20:37, era diretto all&#8217;aeroporto di Memmingen, in Baviera (Germania), dove \u00e8 atteso intorno alle 22:00. Il [&hellip;]\" \/>\n<meta property=\"og:url\" content=\"https:\/\/www.bellunopress.it\/fr\/2025\/08\/03\/il-rombo-del-bimotore-turboelica-beechcraft-king-air-250-sulla-valbelluna\/\" \/>\n<meta property=\"og:site_name\" content=\"Bellunopress - Dolomiti\" \/>\n<meta property=\"article:publisher\" content=\"https:\/\/www.facebook.com\/profile.php?id=100008943462799\" \/>\n<meta property=\"article:published_time\" content=\"2025-08-03T19:57:41+00:00\" \/>\n<meta property=\"og:image\" content=\"https:\/\/www.bellunopress.it\/wp-content\/uploads\/2025\/08\/Beechcraft-King-Air-250.jpg\" \/>\n\t<meta property=\"og:image:width\" content=\"700\" \/>\n\t<meta property=\"og:image:height\" content=\"392\" \/>\n\t<meta property=\"og:image:type\" content=\"image\/jpeg\" \/>\n<meta name=\"author\" content=\"redazione\" \/>\n<meta name=\"twitter:card\" content=\"summary_large_image\" \/>\n<meta name=\"twitter:creator\" content=\"@bellunopress\" \/>\n<meta name=\"twitter:site\" content=\"@bellunopress\" \/>\n<meta name=\"twitter:label1\" content=\"\u00c9crit par\" \/>\n\t<meta name=\"twitter:data1\" content=\"redazione\" \/>\n\t<meta name=\"twitter:label2\" content=\"Dur\u00e9e de lecture estim\u00e9e\" \/>\n\t<meta name=\"twitter:data2\" content=\"1 minute\" \/>\n<script type=\"application\/ld+json\" class=\"yoast-schema-graph\">{\"@context\":\"https:\\\/\\\/schema.org\",\"@graph\":[{\"@type\":\"Article\",\"@id\":\"https:\\\/\\\/www.bellunopress.it\\\/2025\\\/08\\\/03\\\/il-rombo-del-bimotore-turboelica-beechcraft-king-air-250-sulla-valbelluna\\\/#article\",\"isPartOf\":{\"@id\":\"https:\\\/\\\/www.bellunopress.it\\\/2025\\\/08\\\/03\\\/il-rombo-del-bimotore-turboelica-beechcraft-king-air-250-sulla-valbelluna\\\/\"},\"author\":{\"name\":\"redazione\",\"@id\":\"https:\\\/\\\/www.bellunopress.it\\\/#\\\/schema\\\/person\\\/79bb06722b37ece1c03d3e94beb30d73\"},\"headline\":\"Il rombo del bimotore turboelica Beechcraft King Air 250 sulla Valbelluna\",\"datePublished\":\"2025-08-03T19:57:41+00:00\",\"mainEntityOfPage\":{\"@id\":\"https:\\\/\\\/www.bellunopress.it\\\/2025\\\/08\\\/03\\\/il-rombo-del-bimotore-turboelica-beechcraft-king-air-250-sulla-valbelluna\\\/\"},\"wordCount\":304,\"publisher\":{\"@id\":\"https:\\\/\\\/www.bellunopress.it\\\/#organization\"},\"image\":{\"@id\":\"https:\\\/\\\/www.bellunopress.it\\\/2025\\\/08\\\/03\\\/il-rombo-del-bimotore-turboelica-beechcraft-king-air-250-sulla-valbelluna\\\/#primaryimage\"},\"thumbnailUrl\":\"https:\\\/\\\/www.bellunopress.it\\\/wp-content\\\/uploads\\\/2025\\\/08\\\/Beechcraft-King-Air-250.jpg\",\"articleSection\":[\"Cronaca\\\/Politica\",\"Prima Pagina\"],\"inLanguage\":\"fr-FR\"},{\"@type\":\"WebPage\",\"@id\":\"https:\\\/\\\/www.bellunopress.it\\\/2025\\\/08\\\/03\\\/il-rombo-del-bimotore-turboelica-beechcraft-king-air-250-sulla-valbelluna\\\/\",\"url\":\"https:\\\/\\\/www.bellunopress.it\\\/2025\\\/08\\\/03\\\/il-rombo-del-bimotore-turboelica-beechcraft-king-air-250-sulla-valbelluna\\\/\",\"name\":\"Il rombo del bimotore turboelica Beechcraft King Air 250 sulla Valbelluna - Bellunopress - Dolomiti\",\"isPartOf\":{\"@id\":\"https:\\\/\\\/www.bellunopress.it\\\/#website\"},\"primaryImageOfPage\":{\"@id\":\"https:\\\/\\\/www.bellunopress.it\\\/2025\\\/08\\\/03\\\/il-rombo-del-bimotore-turboelica-beechcraft-king-air-250-sulla-valbelluna\\\/#primaryimage\"},\"image\":{\"@id\":\"https:\\\/\\\/www.bellunopress.it\\\/2025\\\/08\\\/03\\\/il-rombo-del-bimotore-turboelica-beechcraft-king-air-250-sulla-valbelluna\\\/#primaryimage\"},\"thumbnailUrl\":\"https:\\\/\\\/www.bellunopress.it\\\/wp-content\\\/uploads\\\/2025\\\/08\\\/Beechcraft-King-Air-250.jpg\",\"datePublished\":\"2025-08-03T19:57:41+00:00\",\"breadcrumb\":{\"@id\":\"https:\\\/\\\/www.bellunopress.it\\\/2025\\\/08\\\/03\\\/il-rombo-del-bimotore-turboelica-beechcraft-king-air-250-sulla-valbelluna\\\/#breadcrumb\"},\"inLanguage\":\"fr-FR\",\"potentialAction\":[{\"@type\":\"ReadAction\",\"target\":[\"https:\\\/\\\/www.bellunopress.it\\\/2025\\\/08\\\/03\\\/il-rombo-del-bimotore-turboelica-beechcraft-king-air-250-sulla-valbelluna\\\/\"]}]},{\"@type\":\"ImageObject\",\"inLanguage\":\"fr-FR\",\"@id\":\"https:\\\/\\\/www.bellunopress.it\\\/2025\\\/08\\\/03\\\/il-rombo-del-bimotore-turboelica-beechcraft-king-air-250-sulla-valbelluna\\\/#primaryimage\",\"url\":\"https:\\\/\\\/www.bellunopress.it\\\/wp-content\\\/uploads\\\/2025\\\/08\\\/Beechcraft-King-Air-250.jpg\",\"contentUrl\":\"https:\\\/\\\/www.bellunopress.it\\\/wp-content\\\/uploads\\\/2025\\\/08\\\/Beechcraft-King-Air-250.jpg\",\"width\":700,\"height\":392,\"caption\":\"Beechcraft King Air 250\"},{\"@type\":\"BreadcrumbList\",\"@id\":\"https:\\\/\\\/www.bellunopress.it\\\/2025\\\/08\\\/03\\\/il-rombo-del-bimotore-turboelica-beechcraft-king-air-250-sulla-valbelluna\\\/#breadcrumb\",\"itemListElement\":[{\"@type\":\"ListItem\",\"position\":1,\"name\":\"Home\",\"item\":\"https:\\\/\\\/www.bellunopress.it\\\/\"},{\"@type\":\"ListItem\",\"position\":2,\"name\":\"Il rombo del bimotore turboelica Beechcraft King Air 250 sulla Valbelluna\"}]},{\"@type\":\"WebSite\",\"@id\":\"https:\\\/\\\/www.bellunopress.it\\\/#website\",\"url\":\"https:\\\/\\\/www.bellunopress.it\\\/\",\"name\":\"Bellunopress - Dolomiti\",\"description\":\"e-mail: redazione@bellunopress.it\",\"publisher\":{\"@id\":\"https:\\\/\\\/www.bellunopress.it\\\/#organization\"},\"potentialAction\":[{\"@type\":\"SearchAction\",\"target\":{\"@type\":\"EntryPoint\",\"urlTemplate\":\"https:\\\/\\\/www.bellunopress.it\\\/?s={search_term_string}\"},\"query-input\":{\"@type\":\"PropertyValueSpecification\",\"valueRequired\":true,\"valueName\":\"search_term_string\"}}],\"inLanguage\":\"fr-FR\"},{\"@type\":\"Organization\",\"@id\":\"https:\\\/\\\/www.bellunopress.it\\\/#organization\",\"name\":\"Bellunopress\",\"url\":\"https:\\\/\\\/www.bellunopress.it\\\/\",\"logo\":{\"@type\":\"ImageObject\",\"inLanguage\":\"fr-FR\",\"@id\":\"https:\\\/\\\/www.bellunopress.it\\\/#\\\/schema\\\/logo\\\/image\\\/\",\"url\":\"https:\\\/\\\/www.bellunopress.it\\\/wp-content\\\/uploads\\\/2011\\\/05\\\/cropped-logo-bellunopress-.jpg\",\"contentUrl\":\"https:\\\/\\\/www.bellunopress.it\\\/wp-content\\\/uploads\\\/2011\\\/05\\\/cropped-logo-bellunopress-.jpg\",\"width\":512,\"height\":512,\"caption\":\"Bellunopress\"},\"image\":{\"@id\":\"https:\\\/\\\/www.bellunopress.it\\\/#\\\/schema\\\/logo\\\/image\\\/\"},\"sameAs\":[\"https:\\\/\\\/www.facebook.com\\\/profile.php?id=100008943462799\",\"https:\\\/\\\/x.com\\\/bellunopress\",\"https:\\\/\\\/www.linkedin.com\\\/hp\\\/?dnr=JBzUWaJfMUw8vbXJJ2tVW5-I3jZKvC4wsoxE&amp;amp;amp;amp;amp;amp;trk=nav_responsive_tab_home\",\"https:\\\/\\\/www.youtube.com\\\/channel\\\/UCxL0wu1uN0_3_7hGG0306cw\"]},{\"@type\":\"Person\",\"@id\":\"https:\\\/\\\/www.bellunopress.it\\\/#\\\/schema\\\/person\\\/79bb06722b37ece1c03d3e94beb30d73\",\"name\":\"redazione\",\"image\":{\"@type\":\"ImageObject\",\"inLanguage\":\"fr-FR\",\"@id\":\"https:\\\/\\\/secure.gravatar.com\\\/avatar\\\/37d968a2e67a6fd04c169c4bdef102d0bc5d31b2546345219e348575eb80e9a0?s=96&d=mm&r=g\",\"url\":\"https:\\\/\\\/secure.gravatar.com\\\/avatar\\\/37d968a2e67a6fd04c169c4bdef102d0bc5d31b2546345219e348575eb80e9a0?s=96&d=mm&r=g\",\"contentUrl\":\"https:\\\/\\\/secure.gravatar.com\\\/avatar\\\/37d968a2e67a6fd04c169c4bdef102d0bc5d31b2546345219e348575eb80e9a0?s=96&d=mm&r=g\",\"caption\":\"redazione\"},\"sameAs\":[\"http:\\\/\\\/www.bellunopress.it\",\"https:\\\/\\\/x.com\\\/bellunopress\"],\"url\":\"https:\\\/\\\/www.bellunopress.it\\\/fr\\\/author\\\/redazione\\\/\"}]}<\/script>\n<!-- \/ Yoast SEO plugin. -->","yoast_head_json":{"title":"Il rombo del bimotore turboelica Beechcraft King Air 250 sulla Valbelluna - Bellunopress - Dolomiti","robots":{"index":"index","follow":"follow","max-snippet":"max-snippet:-1","max-image-preview":"max-image-preview:large","max-video-preview":"max-video-preview:-1"},"canonical":"https:\/\/www.bellunopress.it\/fr\/2025\/08\/03\/il-rombo-del-bimotore-turboelica-beechcraft-king-air-250-sulla-valbelluna\/","og_locale":"fr_FR","og_type":"article","og_title":"Il rombo del bimotore turboelica Beechcraft King Air 250 sulla Valbelluna - Bellunopress - Dolomiti","og_description":"Belluno, 2 agosto 2025 \u2013 Il rombo dell\u2019aereo bimotore che avete sentito questa sera sopra la Valbelluna, tra Belluno e Feltre, intorno alle ore 20:35 apparteneva a un Beechcraft King Air 250. L&#8217;aereo, decollato dall&#8217;aeroporto di Zara (Croazia) alle 20:37, era diretto all&#8217;aeroporto di Memmingen, in Baviera (Germania), dove \u00e8 atteso intorno alle 22:00. Il [&hellip;]","og_url":"https:\/\/www.bellunopress.it\/fr\/2025\/08\/03\/il-rombo-del-bimotore-turboelica-beechcraft-king-air-250-sulla-valbelluna\/","og_site_name":"Bellunopress - Dolomiti","article_publisher":"https:\/\/www.facebook.com\/profile.php?id=100008943462799","article_published_time":"2025-08-03T19:57:41+00:00","og_image":[{"width":700,"height":392,"url":"https:\/\/www.bellunopress.it\/wp-content\/uploads\/2025\/08\/Beechcraft-King-Air-250.jpg","type":"image\/jpeg"}],"author":"redazione","twitter_card":"summary_large_image","twitter_creator":"@bellunopress","twitter_site":"@bellunopress","twitter_misc":{"\u00c9crit par":"redazione","Dur\u00e9e de lecture estim\u00e9e":"1 minute"},"schema":{"@context":"https:\/\/schema.org","@graph":[{"@type":"Article","@id":"https:\/\/www.bellunopress.it\/2025\/08\/03\/il-rombo-del-bimotore-turboelica-beechcraft-king-air-250-sulla-valbelluna\/#article","isPartOf":{"@id":"https:\/\/www.bellunopress.it\/2025\/08\/03\/il-rombo-del-bimotore-turboelica-beechcraft-king-air-250-sulla-valbelluna\/"},"author":{"name":"redazione","@id":"https:\/\/www.bellunopress.it\/#\/schema\/person\/79bb06722b37ece1c03d3e94beb30d73"},"headline":"Il rombo del bimotore turboelica Beechcraft King Air 250 sulla Valbelluna","datePublished":"2025-08-03T19:57:41+00:00","mainEntityOfPage":{"@id":"https:\/\/www.bellunopress.it\/2025\/08\/03\/il-rombo-del-bimotore-turboelica-beechcraft-king-air-250-sulla-valbelluna\/"},"wordCount":304,"publisher":{"@id":"https:\/\/www.bellunopress.it\/#organization"},"image":{"@id":"https:\/\/www.bellunopress.it\/2025\/08\/03\/il-rombo-del-bimotore-turboelica-beechcraft-king-air-250-sulla-valbelluna\/#primaryimage"},"thumbnailUrl":"https:\/\/www.bellunopress.it\/wp-content\/uploads\/2025\/08\/Beechcraft-King-Air-250.jpg","articleSection":["Cronaca\/Politica","Prima Pagina"],"inLanguage":"fr-FR"},{"@type":"WebPage","@id":"https:\/\/www.bellunopress.it\/2025\/08\/03\/il-rombo-del-bimotore-turboelica-beechcraft-king-air-250-sulla-valbelluna\/","url":"https:\/\/www.bellunopress.it\/2025\/08\/03\/il-rombo-del-bimotore-turboelica-beechcraft-king-air-250-sulla-valbelluna\/","name":"Il rombo del bimotore turboelica Beechcraft King Air 250 sulla Valbelluna - Bellunopress - Dolomiti","isPartOf":{"@id":"https:\/\/www.bellunopress.it\/#website"},"primaryImageOfPage":{"@id":"https:\/\/www.bellunopress.it\/2025\/08\/03\/il-rombo-del-bimotore-turboelica-beechcraft-king-air-250-sulla-valbelluna\/#primaryimage"},"image":{"@id":"https:\/\/www.bellunopress.it\/2025\/08\/03\/il-rombo-del-bimotore-turboelica-beechcraft-king-air-250-sulla-valbelluna\/#primaryimage"},"thumbnailUrl":"https:\/\/www.bellunopress.it\/wp-content\/uploads\/2025\/08\/Beechcraft-King-Air-250.jpg","datePublished":"2025-08-03T19:57:41+00:00","breadcrumb":{"@id":"https:\/\/www.bellunopress.it\/2025\/08\/03\/il-rombo-del-bimotore-turboelica-beechcraft-king-air-250-sulla-valbelluna\/#breadcrumb"},"inLanguage":"fr-FR","potentialAction":[{"@type":"ReadAction","target":["https:\/\/www.bellunopress.it\/2025\/08\/03\/il-rombo-del-bimotore-turboelica-beechcraft-king-air-250-sulla-valbelluna\/"]}]},{"@type":"ImageObject","inLanguage":"fr-FR","@id":"https:\/\/www.bellunopress.it\/2025\/08\/03\/il-rombo-del-bimotore-turboelica-beechcraft-king-air-250-sulla-valbelluna\/#primaryimage","url":"https:\/\/www.bellunopress.it\/wp-content\/uploads\/2025\/08\/Beechcraft-King-Air-250.jpg","contentUrl":"https:\/\/www.bellunopress.it\/wp-content\/uploads\/2025\/08\/Beechcraft-King-Air-250.jpg","width":700,"height":392,"caption":"Beechcraft King Air 250"},{"@type":"BreadcrumbList","@id":"https:\/\/www.bellunopress.it\/2025\/08\/03\/il-rombo-del-bimotore-turboelica-beechcraft-king-air-250-sulla-valbelluna\/#breadcrumb","itemListElement":[{"@type":"ListItem","position":1,"name":"Home","item":"https:\/\/www.bellunopress.it\/"},{"@type":"ListItem","position":2,"name":"Il rombo del bimotore turboelica Beechcraft King Air 250 sulla Valbelluna"}]},{"@type":"WebSite","@id":"https:\/\/www.bellunopress.it\/#website","url":"https:\/\/www.bellunopress.it\/","name":"Bellunopress - Dolomiti","description":"e-mail: redazione@bellunopress.it","publisher":{"@id":"https:\/\/www.bellunopress.it\/#organization"},"potentialAction":[{"@type":"SearchAction","target":{"@type":"EntryPoint","urlTemplate":"https:\/\/www.bellunopress.it\/?s={search_term_string}"},"query-input":{"@type":"PropertyValueSpecification","valueRequired":true,"valueName":"search_term_string"}}],"inLanguage":"fr-FR"},{"@type":"Organization","@id":"https:\/\/www.bellunopress.it\/#organization","name":"Bellunopress","url":"https:\/\/www.bellunopress.it\/","logo":{"@type":"ImageObject","inLanguage":"fr-FR","@id":"https:\/\/www.bellunopress.it\/#\/schema\/logo\/image\/","url":"https:\/\/www.bellunopress.it\/wp-content\/uploads\/2011\/05\/cropped-logo-bellunopress-.jpg","contentUrl":"https:\/\/www.bellunopress.it\/wp-content\/uploads\/2011\/05\/cropped-logo-bellunopress-.jpg","width":512,"height":512,"caption":"Bellunopress"},"image":{"@id":"https:\/\/www.bellunopress.it\/#\/schema\/logo\/image\/"},"sameAs":["https:\/\/www.facebook.com\/profile.php?id=100008943462799","https:\/\/x.com\/bellunopress","https:\/\/www.linkedin.com\/hp\/?dnr=JBzUWaJfMUw8vbXJJ2tVW5-I3jZKvC4wsoxE&amp;amp;amp;amp;amp;amp;trk=nav_responsive_tab_home","https:\/\/www.youtube.com\/channel\/UCxL0wu1uN0_3_7hGG0306cw"]},{"@type":"Person","@id":"https:\/\/www.bellunopress.it\/#\/schema\/person\/79bb06722b37ece1c03d3e94beb30d73","name":"r\u00e9daction","image":{"@type":"ImageObject","inLanguage":"fr-FR","@id":"https:\/\/secure.gravatar.com\/avatar\/37d968a2e67a6fd04c169c4bdef102d0bc5d31b2546345219e348575eb80e9a0?s=96&d=mm&r=g","url":"https:\/\/secure.gravatar.com\/avatar\/37d968a2e67a6fd04c169c4bdef102d0bc5d31b2546345219e348575eb80e9a0?s=96&d=mm&r=g","contentUrl":"https:\/\/secure.gravatar.com\/avatar\/37d968a2e67a6fd04c169c4bdef102d0bc5d31b2546345219e348575eb80e9a0?s=96&d=mm&r=g","caption":"redazione"},"sameAs":["http:\/\/www.bellunopress.it","https:\/\/x.com\/bellunopress"],"url":"https:\/\/www.bellunopress.it\/fr\/author\/redazione\/"}]}},"_links":{"self":[{"href":"https:\/\/www.bellunopress.it\/fr\/wp-json\/wp\/v2\/posts\/162366","targetHints":{"allow":["GET"]}}],"collection":[{"href":"https:\/\/www.bellunopress.it\/fr\/wp-json\/wp\/v2\/posts"}],"about":[{"href":"https:\/\/www.bellunopress.it\/fr\/wp-json\/wp\/v2\/types\/post"}],"author":[{"embeddable":true,"href":"https:\/\/www.bellunopress.it\/fr\/wp-json\/wp\/v2\/users\/2"}],"replies":[{"embeddable":true,"href":"https:\/\/www.bellunopress.it\/fr\/wp-json\/wp\/v2\/comments?post=162366"}],"version-history":[{"count":1,"href":"https:\/\/www.bellunopress.it\/fr\/wp-json\/wp\/v2\/posts\/162366\/revisions"}],"predecessor-version":[{"id":162368,"href":"https:\/\/www.bellunopress.it\/fr\/wp-json\/wp\/v2\/posts\/162366\/revisions\/162368"}],"wp:featuredmedia":[{"embeddable":true,"href":"https:\/\/www.bellunopress.it\/fr\/wp-json\/wp\/v2\/media\/162367"}],"wp:attachment":[{"href":"https:\/\/www.bellunopress.it\/fr\/wp-json\/wp\/v2\/media?parent=162366"}],"wp:term":[{"taxonomy":"category","embeddable":true,"href":"https:\/\/www.bellunopress.it\/fr\/wp-json\/wp\/v2\/categories?post=162366"},{"taxonomy":"post_tag","embeddable":true,"href":"https:\/\/www.bellunopress.it\/fr\/wp-json\/wp\/v2\/tags?post=162366"}],"curies":[{"name":"wp","href":"https:\/\/api.w.org\/{rel}","templated":true}]}}