{"id":162354,"date":"2025-08-03T11:12:00","date_gmt":"2025-08-03T09:12:00","guid":{"rendered":"https:\/\/www.bellunopress.it\/?p=162354"},"modified":"2025-08-03T11:13:30","modified_gmt":"2025-08-03T09:13:30","slug":"dolomiti-bellunesi-calcio-un-bel-tris-contro-la-virtus-verona","status":"publish","type":"post","link":"https:\/\/www.bellunopress.it\/fr\/2025\/08\/03\/dolomiti-bellunesi-calcio-un-bel-tris-contro-la-virtus-verona\/","title":{"rendered":"Dolomiti Bellunesi calcio: un bel tris contro la Virtus Verona"},"content":{"rendered":"<figure id=\"attachment_162355\" aria-describedby=\"caption-attachment-162355\" style=\"width: 800px\" class=\"wp-caption aligncenter\"><img loading=\"lazy\" decoding=\"async\" class=\"size-full wp-image-162355\" src=\"https:\/\/www.bellunopress.it\/wp-content\/uploads\/2025\/08\/Dolomiti-Bellunesi-Marconi-svetta-di-testa.jpg\" alt=\"\" width=\"800\" height=\"534\" srcset=\"https:\/\/www.bellunopress.it\/wp-content\/uploads\/2025\/08\/Dolomiti-Bellunesi-Marconi-svetta-di-testa.jpg 800w, https:\/\/www.bellunopress.it\/wp-content\/uploads\/2025\/08\/Dolomiti-Bellunesi-Marconi-svetta-di-testa-500x334.jpg 500w, https:\/\/www.bellunopress.it\/wp-content\/uploads\/2025\/08\/Dolomiti-Bellunesi-Marconi-svetta-di-testa-629x420.jpg 629w, https:\/\/www.bellunopress.it\/wp-content\/uploads\/2025\/08\/Dolomiti-Bellunesi-Marconi-svetta-di-testa-696x465.jpg 696w\" sizes=\"auto, (max-width: 800px) 100vw, 800px\" \/><figcaption id=\"caption-attachment-162355\" class=\"wp-caption-text\">Dolomiti Bellunesi: Marconi svetta di testa (Foto: Giuseppe De Zanet)<\/figcaption><\/figure>\n<p><strong>Secondo test stagionale: Barbini, Mazzocco e Marconi, un bel tris alla Virtus Verona<\/strong><\/p>\n<p>DOLOMITI BELLUNESI-VIRTUS VERONA 3-1<\/p>\n<p>GOL: 20&#8242; Barbini, 34&#8242; Mazzocco, 36&#8242; Fabbro; st 35&#8242; Marconi.<\/p>\n<p>DOLOMITI BELLUNESI: Consiglio (st 1&#8242; Abati), Barbini (st 36&#8242; Vintila), Alcides (st 1&#8242; Saccani), Brugnolo (st 19&#8242; Clemenza), Gobetti (st 19&#8242; Tavanti), Milesi (st 19&#8242; Arba), Agosti (st 1&#8242; Piazza), Mazzocco (st 1&#8242; Mutanda), Toci (st 1&#8242; Marconi), Olonisakin (st 19&#8242; De Paoli), Mignanelli (st 25&#8242; Da Rold). Allenatore: N. Zanini.<\/p>\n<p>VIRTUS VERONA: Sibi, Lodovici, Saiani, Gatti, Toffanin, Daffara, Muhameti, Cuel, Fabbro, Zarpellon, Patan\u00e8. Sono entrati: Peroni, Bassi, Devoti, Di Virgilio, Fanini, Filippi, Fiorin, Iaquinta, Cielo, Mlakar, Ojeh, Passigato, Sebastiani. Allenatore: L. Fresco.<\/p>\n<p>ARBITRO: Paolo Zantedeschi di Verona (assistenti Massimiliano Alvise Quaglia di Mestre e ).<\/p>\n<p>NOTE. Spettatori: 600 circa. Angoli: 5-3.<\/p>\n<p>L&#8217;antipasto di campionato, per la Dolomiti Bellunesi, si trasforma in un dessert. \u00c8 particolarmente dolce, infatti, la seconda uscita stagionale dei ragazzi di mister Zanini, capaci di calare il tris sul tavolo di un avversario di pari categoria come la Virtus Verona. Ma al di l\u00e0 del risultato &#8211; \u00e8 pur sempre calcio d&#8217;agosto &#8211; a confortare \u00e8 il fatto che la squadra abbia gi\u00e0 un&#8217;identit\u00e0, oltre che un&#8217;idea di quanto potr\u00e0 offrire nell&#8217;inedito panorama di Serie C. A Rasai, c&#8217;\u00e8 gloria per tutti e tre i reparti: nel senso che vanno a segno Barbini, &#8220;ministro&#8221; della difesa; Mazzocco, colonna di centrocampo. E Marconi, attaccante sbocciato nel settore giovanile del Parma. E proprio il Parma, nella versione Primavera, sar\u00e0 il prossimo avversario dei dolomitici: l&#8217;appuntamento \u00e8 per mercoled\u00ec 6 agosto, a Falcade, alle ore 11 del mattino.<\/p>\n<p>BARICENTRO ALTO &#8211; \u00c8 arrivato solo da poche ore all&#8217;ombra delle Dolomiti, ma per Louis Agosti c&#8217;\u00e8 subito una maglia da titolare: l&#8217;australiano, ex Perugia, agisce a ridosso del tandem d&#8217;attacco, formato da Toci. E da Olonisakin, reduce da un &#8220;gol e mezzo&#8221; segnato al Venezia. In generale, \u00e8 una versione camaleontica quella proposta da Nicola Zanini, in cui il baricentro rimane alto &#8211; e pure i &#8220;braccetti&#8221; di difesa sono spesso in proiezione offensiva &#8211; e i giocatori non hanno una casella predefinita in cui giostrare, ma si muovono in maniera fluida. Tra le novit\u00e0 principali, oltre ad Agosti, spicca un Alcides a tutta fascia &#8211; sulla destra &#8211; e con i gradi di capitano, mentre Milesi e Brugnolo &#8211; rimasti ai box nel confronto con gli arancioneroverdi &#8211; governano al meglio retroguardia e mediana.<\/p>\n<p>SPINA NEL FIANCO &#8211; I padroni di casa sfoderano il giusto approccio e, una volta sfiorato il gol con Toci, trovano il bersaglio al 20&#8242;: il merito \u00e8 di Barbini, che non sfrutta solo la sua altezza, ma anche la sua elevazione. Palla nell&#8217;angolo e l&#8217;equilibrio \u00e8 rotto. Ottimo, inoltre, il pallone offerto da Mignanelli: vicinissimo alla rete con un diagonale d&#8217;esterno e, in generale, un&#8217;autentica spina nel fianco. Alla mezz&#8217;ora, invece, il portiere veronese si supera sulla deviazione aerea di Olonisakin, ma non riesce a neutralizzare il destro da fuori di Mazzocco: la sfera si infila sotto la traversa. Ed \u00e8 2-0. Sia chiaro, la Virtus non rimane affatto a guardare, anzi: Zarpellon obbliga Milesi a un salvataggio provvidenziale, Gatti sfiora la traversa dalla distanza e Fabbro sfrutta un invito di Muhameti per infilare il 2-1 e riaprire il match.<\/p>\n<p>CAMBI &#8211; Nella ripresa, fioccano i cambi. E, fra i neo entrati, Saccani sfugge via sul binario di destra, ben servito da Brugnolo, e costringe Alfonso alla &#8220;smanacciata&#8221;. In contropiede, punge anche Mignanelli, per due volte. E ci provano pure il giovane Massimiliano Piazza e il pi\u00f9 esperto Clemenza, sui quali il numero 1 rossobl\u00f9 interviene in tuffo. Ma il meritato tris \u00e8 nell&#8217;aria e lo confeziona Marconi, lesto a sfruttare un errato disimpegno della retroguardia avversaria, a saltare Alfonso e a depositare in fondo al sacco: 3-1 e arrivederci al 21 settembre, quando conter\u00e0 davvero e, a Verona, ci saranno in palio i tre punti.<\/p>\n<p>L&#8217;ANALISI &#8211; Il risultato, al pari della prestazione, permette a mister Zanini di sorridere: \u00abDopo due settimane di lavoro, ho rivisto nei 90&#8242; i principi su cui stiamo lavorando e ne sono contento. La squadra ha giocato insieme, si \u00e8 mossa bene in campo e ha cercato di portare la partita dove voleva. Questo \u00e8 il concetto che continuo a ribadire\u00bb. Cambia la categoria, ma non si modificano i meccanismi del collettivo: \u00abBisogna avere le proprie idee di gioco ed essere equilibrati. Abbiamo rischiato poco, al di l\u00e0 di un&#8217;ingenuit\u00e0 che, in questo momento, ci pu\u00f2 stare. Il calcio estivo dobbiamo prenderlo con le pinze, ma la strada mi sembra quella giusta. Vedremo poi se ci sar\u00e0 da fare qualche curva in pi\u00f9\u00bb.<\/p>","protected":false},"excerpt":{"rendered":"<p>Secondo test stagionale: Barbini, Mazzocco e Marconi, un bel tris alla Virtus Verona DOLOMITI BELLUNESI-VIRTUS VERONA 3-1 GOL: 20&#8242; Barbini, 34&#8242; Mazzocco, 36&#8242; Fabbro; st 35&#8242; Marconi. DOLOMITI BELLUNESI: Consiglio (st 1&#8242; Abati), Barbini (st 36&#8242; Vintila), Alcides (st 1&#8242; Saccani), Brugnolo (st 19&#8242; Clemenza), Gobetti (st 19&#8242; Tavanti), Milesi (st 19&#8242; Arba), Agosti (st [&hellip;]<\/p>\n","protected":false},"author":2,"featured_media":162355,"comment_status":"closed","ping_status":"open","sticky":false,"template":"","format":"standard","meta":{"footnotes":""},"categories":[26,4],"tags":[],"class_list":["post-162354","post","type-post","status-publish","format-standard","has-post-thumbnail","category-prima-pagina","category-sport"],"yoast_head":"<!-- This site is optimized with the Yoast SEO plugin v28.4 - https:\/\/yoast.com\/product\/yoast-seo-wordpress\/ -->\n<title>Dolomiti Bellunesi calcio: un bel tris contro la Virtus Verona - Bellunopress - Dolomiti<\/title>\n<meta name=\"robots\" content=\"index, follow, max-snippet:-1, max-image-preview:large, max-video-preview:-1\" \/>\n<link rel=\"canonical\" href=\"https:\/\/www.bellunopress.it\/fr\/2025\/08\/03\/dolomiti-bellunesi-calcio-un-bel-tris-contro-la-virtus-verona\/\" \/>\n<meta property=\"og:locale\" content=\"fr_FR\" \/>\n<meta property=\"og:type\" content=\"article\" \/>\n<meta property=\"og:title\" content=\"Dolomiti Bellunesi calcio: un bel tris contro la Virtus Verona - Bellunopress - Dolomiti\" \/>\n<meta property=\"og:description\" content=\"Secondo test stagionale: Barbini, Mazzocco e Marconi, un bel tris alla Virtus Verona DOLOMITI BELLUNESI-VIRTUS VERONA 3-1 GOL: 20&#8242; Barbini, 34&#8242; Mazzocco, 36&#8242; Fabbro; st 35&#8242; Marconi. DOLOMITI BELLUNESI: Consiglio (st 1&#8242; Abati), Barbini (st 36&#8242; Vintila), Alcides (st 1&#8242; Saccani), Brugnolo (st 19&#8242; Clemenza), Gobetti (st 19&#8242; Tavanti), Milesi (st 19&#8242; Arba), Agosti (st [&hellip;]\" \/>\n<meta property=\"og:url\" content=\"https:\/\/www.bellunopress.it\/fr\/2025\/08\/03\/dolomiti-bellunesi-calcio-un-bel-tris-contro-la-virtus-verona\/\" \/>\n<meta property=\"og:site_name\" content=\"Bellunopress - Dolomiti\" \/>\n<meta property=\"article:publisher\" content=\"https:\/\/www.facebook.com\/profile.php?id=100008943462799\" \/>\n<meta property=\"article:published_time\" content=\"2025-08-03T09:12:00+00:00\" \/>\n<meta property=\"article:modified_time\" content=\"2025-08-03T09:13:30+00:00\" \/>\n<meta property=\"og:image\" content=\"https:\/\/www.bellunopress.it\/wp-content\/uploads\/2025\/08\/Dolomiti-Bellunesi-Marconi-svetta-di-testa.jpg\" \/>\n\t<meta property=\"og:image:width\" content=\"800\" \/>\n\t<meta property=\"og:image:height\" content=\"534\" \/>\n\t<meta property=\"og:image:type\" content=\"image\/jpeg\" \/>\n<meta name=\"author\" content=\"redazione\" \/>\n<meta name=\"twitter:card\" content=\"summary_large_image\" \/>\n<meta name=\"twitter:creator\" content=\"@bellunopress\" \/>\n<meta name=\"twitter:site\" content=\"@bellunopress\" \/>\n<meta name=\"twitter:label1\" content=\"\u00c9crit par\" \/>\n\t<meta name=\"twitter:data1\" content=\"redazione\" \/>\n\t<meta name=\"twitter:label2\" content=\"Dur\u00e9e de lecture estim\u00e9e\" \/>\n\t<meta name=\"twitter:data2\" content=\"4 minutes\" \/>\n<script type=\"application\/ld+json\" class=\"yoast-schema-graph\">{\"@context\":\"https:\\\/\\\/schema.org\",\"@graph\":[{\"@type\":\"Article\",\"@id\":\"https:\\\/\\\/www.bellunopress.it\\\/2025\\\/08\\\/03\\\/dolomiti-bellunesi-calcio-un-bel-tris-contro-la-virtus-verona\\\/#article\",\"isPartOf\":{\"@id\":\"https:\\\/\\\/www.bellunopress.it\\\/2025\\\/08\\\/03\\\/dolomiti-bellunesi-calcio-un-bel-tris-contro-la-virtus-verona\\\/\"},\"author\":{\"name\":\"redazione\",\"@id\":\"https:\\\/\\\/www.bellunopress.it\\\/#\\\/schema\\\/person\\\/79bb06722b37ece1c03d3e94beb30d73\"},\"headline\":\"Dolomiti Bellunesi calcio: un bel tris contro la Virtus Verona\",\"datePublished\":\"2025-08-03T09:12:00+00:00\",\"dateModified\":\"2025-08-03T09:13:30+00:00\",\"mainEntityOfPage\":{\"@id\":\"https:\\\/\\\/www.bellunopress.it\\\/2025\\\/08\\\/03\\\/dolomiti-bellunesi-calcio-un-bel-tris-contro-la-virtus-verona\\\/\"},\"wordCount\":781,\"publisher\":{\"@id\":\"https:\\\/\\\/www.bellunopress.it\\\/#organization\"},\"image\":{\"@id\":\"https:\\\/\\\/www.bellunopress.it\\\/2025\\\/08\\\/03\\\/dolomiti-bellunesi-calcio-un-bel-tris-contro-la-virtus-verona\\\/#primaryimage\"},\"thumbnailUrl\":\"https:\\\/\\\/www.bellunopress.it\\\/wp-content\\\/uploads\\\/2025\\\/08\\\/Dolomiti-Bellunesi-Marconi-svetta-di-testa.jpg\",\"articleSection\":[\"Prima Pagina\",\"Sport, tempo libero\"],\"inLanguage\":\"fr-FR\"},{\"@type\":\"WebPage\",\"@id\":\"https:\\\/\\\/www.bellunopress.it\\\/2025\\\/08\\\/03\\\/dolomiti-bellunesi-calcio-un-bel-tris-contro-la-virtus-verona\\\/\",\"url\":\"https:\\\/\\\/www.bellunopress.it\\\/2025\\\/08\\\/03\\\/dolomiti-bellunesi-calcio-un-bel-tris-contro-la-virtus-verona\\\/\",\"name\":\"Dolomiti Bellunesi calcio: un bel tris contro la Virtus Verona - Bellunopress - Dolomiti\",\"isPartOf\":{\"@id\":\"https:\\\/\\\/www.bellunopress.it\\\/#website\"},\"primaryImageOfPage\":{\"@id\":\"https:\\\/\\\/www.bellunopress.it\\\/2025\\\/08\\\/03\\\/dolomiti-bellunesi-calcio-un-bel-tris-contro-la-virtus-verona\\\/#primaryimage\"},\"image\":{\"@id\":\"https:\\\/\\\/www.bellunopress.it\\\/2025\\\/08\\\/03\\\/dolomiti-bellunesi-calcio-un-bel-tris-contro-la-virtus-verona\\\/#primaryimage\"},\"thumbnailUrl\":\"https:\\\/\\\/www.bellunopress.it\\\/wp-content\\\/uploads\\\/2025\\\/08\\\/Dolomiti-Bellunesi-Marconi-svetta-di-testa.jpg\",\"datePublished\":\"2025-08-03T09:12:00+00:00\",\"dateModified\":\"2025-08-03T09:13:30+00:00\",\"breadcrumb\":{\"@id\":\"https:\\\/\\\/www.bellunopress.it\\\/2025\\\/08\\\/03\\\/dolomiti-bellunesi-calcio-un-bel-tris-contro-la-virtus-verona\\\/#breadcrumb\"},\"inLanguage\":\"fr-FR\",\"potentialAction\":[{\"@type\":\"ReadAction\",\"target\":[\"https:\\\/\\\/www.bellunopress.it\\\/2025\\\/08\\\/03\\\/dolomiti-bellunesi-calcio-un-bel-tris-contro-la-virtus-verona\\\/\"]}]},{\"@type\":\"ImageObject\",\"inLanguage\":\"fr-FR\",\"@id\":\"https:\\\/\\\/www.bellunopress.it\\\/2025\\\/08\\\/03\\\/dolomiti-bellunesi-calcio-un-bel-tris-contro-la-virtus-verona\\\/#primaryimage\",\"url\":\"https:\\\/\\\/www.bellunopress.it\\\/wp-content\\\/uploads\\\/2025\\\/08\\\/Dolomiti-Bellunesi-Marconi-svetta-di-testa.jpg\",\"contentUrl\":\"https:\\\/\\\/www.bellunopress.it\\\/wp-content\\\/uploads\\\/2025\\\/08\\\/Dolomiti-Bellunesi-Marconi-svetta-di-testa.jpg\",\"width\":800,\"height\":534,\"caption\":\"Dolomiti Bellunesi: Marconi svetta di testa (Foto: Giuseppe De Zanet)\"},{\"@type\":\"BreadcrumbList\",\"@id\":\"https:\\\/\\\/www.bellunopress.it\\\/2025\\\/08\\\/03\\\/dolomiti-bellunesi-calcio-un-bel-tris-contro-la-virtus-verona\\\/#breadcrumb\",\"itemListElement\":[{\"@type\":\"ListItem\",\"position\":1,\"name\":\"Home\",\"item\":\"https:\\\/\\\/www.bellunopress.it\\\/\"},{\"@type\":\"ListItem\",\"position\":2,\"name\":\"Dolomiti Bellunesi calcio: un bel tris contro la Virtus Verona\"}]},{\"@type\":\"WebSite\",\"@id\":\"https:\\\/\\\/www.bellunopress.it\\\/#website\",\"url\":\"https:\\\/\\\/www.bellunopress.it\\\/\",\"name\":\"Bellunopress - Dolomiti\",\"description\":\"e-mail: redazione@bellunopress.it\",\"publisher\":{\"@id\":\"https:\\\/\\\/www.bellunopress.it\\\/#organization\"},\"potentialAction\":[{\"@type\":\"SearchAction\",\"target\":{\"@type\":\"EntryPoint\",\"urlTemplate\":\"https:\\\/\\\/www.bellunopress.it\\\/?s={search_term_string}\"},\"query-input\":{\"@type\":\"PropertyValueSpecification\",\"valueRequired\":true,\"valueName\":\"search_term_string\"}}],\"inLanguage\":\"fr-FR\"},{\"@type\":\"Organization\",\"@id\":\"https:\\\/\\\/www.bellunopress.it\\\/#organization\",\"name\":\"Bellunopress\",\"url\":\"https:\\\/\\\/www.bellunopress.it\\\/\",\"logo\":{\"@type\":\"ImageObject\",\"inLanguage\":\"fr-FR\",\"@id\":\"https:\\\/\\\/www.bellunopress.it\\\/#\\\/schema\\\/logo\\\/image\\\/\",\"url\":\"https:\\\/\\\/www.bellunopress.it\\\/wp-content\\\/uploads\\\/2011\\\/05\\\/cropped-logo-bellunopress-.jpg\",\"contentUrl\":\"https:\\\/\\\/www.bellunopress.it\\\/wp-content\\\/uploads\\\/2011\\\/05\\\/cropped-logo-bellunopress-.jpg\",\"width\":512,\"height\":512,\"caption\":\"Bellunopress\"},\"image\":{\"@id\":\"https:\\\/\\\/www.bellunopress.it\\\/#\\\/schema\\\/logo\\\/image\\\/\"},\"sameAs\":[\"https:\\\/\\\/www.facebook.com\\\/profile.php?id=100008943462799\",\"https:\\\/\\\/x.com\\\/bellunopress\",\"https:\\\/\\\/www.linkedin.com\\\/hp\\\/?dnr=JBzUWaJfMUw8vbXJJ2tVW5-I3jZKvC4wsoxE&amp;amp;amp;amp;amp;amp;trk=nav_responsive_tab_home\",\"https:\\\/\\\/www.youtube.com\\\/channel\\\/UCxL0wu1uN0_3_7hGG0306cw\"]},{\"@type\":\"Person\",\"@id\":\"https:\\\/\\\/www.bellunopress.it\\\/#\\\/schema\\\/person\\\/79bb06722b37ece1c03d3e94beb30d73\",\"name\":\"redazione\",\"image\":{\"@type\":\"ImageObject\",\"inLanguage\":\"fr-FR\",\"@id\":\"https:\\\/\\\/secure.gravatar.com\\\/avatar\\\/37d968a2e67a6fd04c169c4bdef102d0bc5d31b2546345219e348575eb80e9a0?s=96&d=mm&r=g\",\"url\":\"https:\\\/\\\/secure.gravatar.com\\\/avatar\\\/37d968a2e67a6fd04c169c4bdef102d0bc5d31b2546345219e348575eb80e9a0?s=96&d=mm&r=g\",\"contentUrl\":\"https:\\\/\\\/secure.gravatar.com\\\/avatar\\\/37d968a2e67a6fd04c169c4bdef102d0bc5d31b2546345219e348575eb80e9a0?s=96&d=mm&r=g\",\"caption\":\"redazione\"},\"sameAs\":[\"http:\\\/\\\/www.bellunopress.it\",\"https:\\\/\\\/x.com\\\/bellunopress\"],\"url\":\"https:\\\/\\\/www.bellunopress.it\\\/fr\\\/author\\\/redazione\\\/\"}]}<\/script>\n<!-- \/ Yoast SEO plugin. -->","yoast_head_json":{"title":"Dolomiti Bellunesi calcio: un bel tris contro la Virtus Verona - Bellunopress - Dolomiti","robots":{"index":"index","follow":"follow","max-snippet":"max-snippet:-1","max-image-preview":"max-image-preview:large","max-video-preview":"max-video-preview:-1"},"canonical":"https:\/\/www.bellunopress.it\/fr\/2025\/08\/03\/dolomiti-bellunesi-calcio-un-bel-tris-contro-la-virtus-verona\/","og_locale":"fr_FR","og_type":"article","og_title":"Dolomiti Bellunesi calcio: un bel tris contro la Virtus Verona - Bellunopress - Dolomiti","og_description":"Secondo test stagionale: Barbini, Mazzocco e Marconi, un bel tris alla Virtus Verona DOLOMITI BELLUNESI-VIRTUS VERONA 3-1 GOL: 20&#8242; Barbini, 34&#8242; Mazzocco, 36&#8242; Fabbro; st 35&#8242; Marconi. DOLOMITI BELLUNESI: Consiglio (st 1&#8242; Abati), Barbini (st 36&#8242; Vintila), Alcides (st 1&#8242; Saccani), Brugnolo (st 19&#8242; Clemenza), Gobetti (st 19&#8242; Tavanti), Milesi (st 19&#8242; Arba), Agosti (st [&hellip;]","og_url":"https:\/\/www.bellunopress.it\/fr\/2025\/08\/03\/dolomiti-bellunesi-calcio-un-bel-tris-contro-la-virtus-verona\/","og_site_name":"Bellunopress - Dolomiti","article_publisher":"https:\/\/www.facebook.com\/profile.php?id=100008943462799","article_published_time":"2025-08-03T09:12:00+00:00","article_modified_time":"2025-08-03T09:13:30+00:00","og_image":[{"width":800,"height":534,"url":"https:\/\/www.bellunopress.it\/wp-content\/uploads\/2025\/08\/Dolomiti-Bellunesi-Marconi-svetta-di-testa.jpg","type":"image\/jpeg"}],"author":"redazione","twitter_card":"summary_large_image","twitter_creator":"@bellunopress","twitter_site":"@bellunopress","twitter_misc":{"\u00c9crit par":"redazione","Dur\u00e9e de lecture estim\u00e9e":"4 minutes"},"schema":{"@context":"https:\/\/schema.org","@graph":[{"@type":"Article","@id":"https:\/\/www.bellunopress.it\/2025\/08\/03\/dolomiti-bellunesi-calcio-un-bel-tris-contro-la-virtus-verona\/#article","isPartOf":{"@id":"https:\/\/www.bellunopress.it\/2025\/08\/03\/dolomiti-bellunesi-calcio-un-bel-tris-contro-la-virtus-verona\/"},"author":{"name":"redazione","@id":"https:\/\/www.bellunopress.it\/#\/schema\/person\/79bb06722b37ece1c03d3e94beb30d73"},"headline":"Dolomiti Bellunesi calcio: un bel tris contro la Virtus Verona","datePublished":"2025-08-03T09:12:00+00:00","dateModified":"2025-08-03T09:13:30+00:00","mainEntityOfPage":{"@id":"https:\/\/www.bellunopress.it\/2025\/08\/03\/dolomiti-bellunesi-calcio-un-bel-tris-contro-la-virtus-verona\/"},"wordCount":781,"publisher":{"@id":"https:\/\/www.bellunopress.it\/#organization"},"image":{"@id":"https:\/\/www.bellunopress.it\/2025\/08\/03\/dolomiti-bellunesi-calcio-un-bel-tris-contro-la-virtus-verona\/#primaryimage"},"thumbnailUrl":"https:\/\/www.bellunopress.it\/wp-content\/uploads\/2025\/08\/Dolomiti-Bellunesi-Marconi-svetta-di-testa.jpg","articleSection":["Prima Pagina","Sport, tempo libero"],"inLanguage":"fr-FR"},{"@type":"WebPage","@id":"https:\/\/www.bellunopress.it\/2025\/08\/03\/dolomiti-bellunesi-calcio-un-bel-tris-contro-la-virtus-verona\/","url":"https:\/\/www.bellunopress.it\/2025\/08\/03\/dolomiti-bellunesi-calcio-un-bel-tris-contro-la-virtus-verona\/","name":"Dolomiti Bellunesi calcio: un bel tris contro la Virtus Verona - Bellunopress - Dolomiti","isPartOf":{"@id":"https:\/\/www.bellunopress.it\/#website"},"primaryImageOfPage":{"@id":"https:\/\/www.bellunopress.it\/2025\/08\/03\/dolomiti-bellunesi-calcio-un-bel-tris-contro-la-virtus-verona\/#primaryimage"},"image":{"@id":"https:\/\/www.bellunopress.it\/2025\/08\/03\/dolomiti-bellunesi-calcio-un-bel-tris-contro-la-virtus-verona\/#primaryimage"},"thumbnailUrl":"https:\/\/www.bellunopress.it\/wp-content\/uploads\/2025\/08\/Dolomiti-Bellunesi-Marconi-svetta-di-testa.jpg","datePublished":"2025-08-03T09:12:00+00:00","dateModified":"2025-08-03T09:13:30+00:00","breadcrumb":{"@id":"https:\/\/www.bellunopress.it\/2025\/08\/03\/dolomiti-bellunesi-calcio-un-bel-tris-contro-la-virtus-verona\/#breadcrumb"},"inLanguage":"fr-FR","potentialAction":[{"@type":"ReadAction","target":["https:\/\/www.bellunopress.it\/2025\/08\/03\/dolomiti-bellunesi-calcio-un-bel-tris-contro-la-virtus-verona\/"]}]},{"@type":"ImageObject","inLanguage":"fr-FR","@id":"https:\/\/www.bellunopress.it\/2025\/08\/03\/dolomiti-bellunesi-calcio-un-bel-tris-contro-la-virtus-verona\/#primaryimage","url":"https:\/\/www.bellunopress.it\/wp-content\/uploads\/2025\/08\/Dolomiti-Bellunesi-Marconi-svetta-di-testa.jpg","contentUrl":"https:\/\/www.bellunopress.it\/wp-content\/uploads\/2025\/08\/Dolomiti-Bellunesi-Marconi-svetta-di-testa.jpg","width":800,"height":534,"caption":"Dolomiti Bellunesi: Marconi svetta di testa (Foto: Giuseppe De Zanet)"},{"@type":"BreadcrumbList","@id":"https:\/\/www.bellunopress.it\/2025\/08\/03\/dolomiti-bellunesi-calcio-un-bel-tris-contro-la-virtus-verona\/#breadcrumb","itemListElement":[{"@type":"ListItem","position":1,"name":"Home","item":"https:\/\/www.bellunopress.it\/"},{"@type":"ListItem","position":2,"name":"Dolomiti Bellunesi calcio: un bel tris contro la Virtus Verona"}]},{"@type":"WebSite","@id":"https:\/\/www.bellunopress.it\/#website","url":"https:\/\/www.bellunopress.it\/","name":"Bellunopress - Dolomiti","description":"e-mail: redazione@bellunopress.it","publisher":{"@id":"https:\/\/www.bellunopress.it\/#organization"},"potentialAction":[{"@type":"SearchAction","target":{"@type":"EntryPoint","urlTemplate":"https:\/\/www.bellunopress.it\/?s={search_term_string}"},"query-input":{"@type":"PropertyValueSpecification","valueRequired":true,"valueName":"search_term_string"}}],"inLanguage":"fr-FR"},{"@type":"Organization","@id":"https:\/\/www.bellunopress.it\/#organization","name":"Bellunopress","url":"https:\/\/www.bellunopress.it\/","logo":{"@type":"ImageObject","inLanguage":"fr-FR","@id":"https:\/\/www.bellunopress.it\/#\/schema\/logo\/image\/","url":"https:\/\/www.bellunopress.it\/wp-content\/uploads\/2011\/05\/cropped-logo-bellunopress-.jpg","contentUrl":"https:\/\/www.bellunopress.it\/wp-content\/uploads\/2011\/05\/cropped-logo-bellunopress-.jpg","width":512,"height":512,"caption":"Bellunopress"},"image":{"@id":"https:\/\/www.bellunopress.it\/#\/schema\/logo\/image\/"},"sameAs":["https:\/\/www.facebook.com\/profile.php?id=100008943462799","https:\/\/x.com\/bellunopress","https:\/\/www.linkedin.com\/hp\/?dnr=JBzUWaJfMUw8vbXJJ2tVW5-I3jZKvC4wsoxE&amp;amp;amp;amp;amp;amp;trk=nav_responsive_tab_home","https:\/\/www.youtube.com\/channel\/UCxL0wu1uN0_3_7hGG0306cw"]},{"@type":"Person","@id":"https:\/\/www.bellunopress.it\/#\/schema\/person\/79bb06722b37ece1c03d3e94beb30d73","name":"r\u00e9daction","image":{"@type":"ImageObject","inLanguage":"fr-FR","@id":"https:\/\/secure.gravatar.com\/avatar\/37d968a2e67a6fd04c169c4bdef102d0bc5d31b2546345219e348575eb80e9a0?s=96&d=mm&r=g","url":"https:\/\/secure.gravatar.com\/avatar\/37d968a2e67a6fd04c169c4bdef102d0bc5d31b2546345219e348575eb80e9a0?s=96&d=mm&r=g","contentUrl":"https:\/\/secure.gravatar.com\/avatar\/37d968a2e67a6fd04c169c4bdef102d0bc5d31b2546345219e348575eb80e9a0?s=96&d=mm&r=g","caption":"redazione"},"sameAs":["http:\/\/www.bellunopress.it","https:\/\/x.com\/bellunopress"],"url":"https:\/\/www.bellunopress.it\/fr\/author\/redazione\/"}]}},"_links":{"self":[{"href":"https:\/\/www.bellunopress.it\/fr\/wp-json\/wp\/v2\/posts\/162354","targetHints":{"allow":["GET"]}}],"collection":[{"href":"https:\/\/www.bellunopress.it\/fr\/wp-json\/wp\/v2\/posts"}],"about":[{"href":"https:\/\/www.bellunopress.it\/fr\/wp-json\/wp\/v2\/types\/post"}],"author":[{"embeddable":true,"href":"https:\/\/www.bellunopress.it\/fr\/wp-json\/wp\/v2\/users\/2"}],"replies":[{"embeddable":true,"href":"https:\/\/www.bellunopress.it\/fr\/wp-json\/wp\/v2\/comments?post=162354"}],"version-history":[{"count":2,"href":"https:\/\/www.bellunopress.it\/fr\/wp-json\/wp\/v2\/posts\/162354\/revisions"}],"predecessor-version":[{"id":162357,"href":"https:\/\/www.bellunopress.it\/fr\/wp-json\/wp\/v2\/posts\/162354\/revisions\/162357"}],"wp:featuredmedia":[{"embeddable":true,"href":"https:\/\/www.bellunopress.it\/fr\/wp-json\/wp\/v2\/media\/162355"}],"wp:attachment":[{"href":"https:\/\/www.bellunopress.it\/fr\/wp-json\/wp\/v2\/media?parent=162354"}],"wp:term":[{"taxonomy":"category","embeddable":true,"href":"https:\/\/www.bellunopress.it\/fr\/wp-json\/wp\/v2\/categories?post=162354"},{"taxonomy":"post_tag","embeddable":true,"href":"https:\/\/www.bellunopress.it\/fr\/wp-json\/wp\/v2\/tags?post=162354"}],"curies":[{"name":"wp","href":"https:\/\/api.w.org\/{rel}","templated":true}]}}