{"id":162351,"date":"2025-08-03T11:02:33","date_gmt":"2025-08-03T09:02:33","guid":{"rendered":"https:\/\/www.bellunopress.it\/?p=162351"},"modified":"2025-08-03T11:02:33","modified_gmt":"2025-08-03T09:02:33","slug":"palio-di-feltre-santo-stefano-in-testa","status":"publish","type":"post","link":"https:\/\/www.bellunopress.it\/fr\/2025\/08\/03\/palio-di-feltre-santo-stefano-in-testa\/","title":{"rendered":"Palio di Feltre: Santo Stefano in testa"},"content":{"rendered":"<p><img loading=\"lazy\" decoding=\"async\" class=\"aligncenter size-full wp-image-162352\" src=\"https:\/\/www.bellunopress.it\/wp-content\/uploads\/2025\/08\/Palio-di-Feltre.jpg\" alt=\"\" width=\"800\" height=\"600\" srcset=\"https:\/\/www.bellunopress.it\/wp-content\/uploads\/2025\/08\/Palio-di-Feltre.jpg 800w, https:\/\/www.bellunopress.it\/wp-content\/uploads\/2025\/08\/Palio-di-Feltre-500x375.jpg 500w, https:\/\/www.bellunopress.it\/wp-content\/uploads\/2025\/08\/Palio-di-Feltre-560x420.jpg 560w, https:\/\/www.bellunopress.it\/wp-content\/uploads\/2025\/08\/Palio-di-Feltre-80x60.jpg 80w, https:\/\/www.bellunopress.it\/wp-content\/uploads\/2025\/08\/Palio-di-Feltre-696x522.jpg 696w\" sizes=\"auto, (max-width: 800px) 100vw, 800px\" \/>Feltre, 3 agosto 2025 &#8211; Santo Stefano guida la classifica del Palio dopo le due prime gare disputate sabato: 14 punti per il Corno. Seguono Port&#8217;Oria con 13 punti, 12 per Duomo, 9 per Castello.<\/p>\n<p>Determinante la vittoria nella staffetta con Vincent Kibet Keter che l&#8217; ha spuntata nella sfida tra keniani: sprint vincente in salita sul compatriota Abel Kipsang, del Duomo.<br \/>\nTerzo Castello con Masha Costa e ultimo Port&#8217;Oria che schierava Milan Zivojinovic come ultimo staffettista.<br \/>\nIl primo giro di staffetta ha visto in testa Castello con Mattia De Barba su Matteo Rossa (S.Stefano), Alberto Dal Sasso (duomo), Federico Polesana (Port&#8217;Oria); il secondo Duomo con Elhassane Moujahid su Pablo Luis Cappelletto (Castello), Abdessalem Ayouni (S.Stefano), Mihail Sirbu (Port&#8217;Oria). Nel terzo giro l ordine si mantiene con Samuele Battistel, Lorenzo Da Rin, Loris Minella e Edgar Costa ma nell ultimo giro come detto i due keniani fanno il vuoto in salita in uno sprint spalla a spalla vinto dal campione del mondo under 20 nel 2021.<br \/>\nLa staffetta ha assegnato dunque 9 punti a S.Stefano, 6 al Duomo, 5 a Castello e 4 a Port&#8217;Oria.<\/p>\n<p><strong>Squadre Staffette<\/strong><br \/>\nDuomo: Abel Kipsang, Elhassane Moujahid, Alberto Dal Sasso, Samuele Battistel<\/p>\n<p>S.Stefano: Abdessalem Ayouni, Vincent Kibet Keter, Loris Minella, Matteo Rossa<\/p>\n<p>Port&#8217;Oria: Federico Polesana, Edgar Costa, Milan Zivojinovic, Mihail Sirbu<\/p>\n<p>Castello: Pablo Luis Cappelletto, Lorenzo Da Rin, Mattia De Barba, Mascha Costa o Marco De Bona<\/p>\n<p>La serata del sabato aveva aperto le sfide con il tiro con l\u2018arco: \u00e8 stato Port&#8217;Oria con 106 punti a vincere la prima gara del Palio, mentre c&#8217;\u00e8 voluto lo spareggio per aggiudicare il secondo posto, raggiunto da Alessandro Morini per Duomo, Paolo Cambruzzi per S.Stefano alla fine terzo. I due quartieri erano a parimerito con 88 punti dopo le tre serie di tiri.<br \/>\nQuarto alla gara dell&#8217;arco, Castello, che ne ha totalizzati 86.<br \/>\nUna competizione che ha visto Port&#8217;Oria sempre in testa nelle tre fasi: 70 punti dopo la seconda sessione di tiri, S.Stefano 64, Castello 62 e Duomo 58. (Cos\u00ec dopo il primo giro: Port&#8217;Oria 32 punti, Castello 30, poi S.Stefano con 28 e Duomo con 26).<br \/>\nLe squadre degli arcieri<br \/>\nCastello: Ferruccio Berti, Matteo Scopel<br \/>\nDuomo: Alessandro Morini, e Valentina Dal Zotto.<\/p>\n<p>Port&#8217;Oria: Simone Barbieri, Marisa Gazzi<br \/>\nSanto Stefano: Paolo Cambruzzi e Alessandro De Zordi<br \/>\nLa classifica del Palio dopo la prima gara vedeva prima Port&#8217;Oria con 9 punti, Duomo 6, S.Stefano 5, Castello 4. Poi la staffetta ha ribaltato i giochi. Cos\u00ec certificato dal capitano del Palio Andrea Barp assistito da Tommaso Sasso e Giovanni Dalla Rosa.<\/p>\n<p>Oggi decideranno fune e cavalli.<\/p>\n<p>La prima serata, magistralmente guidata da Paolo Mutton e Nicola Maccagnan, si era aperta con il corteo in costume d\u2019epoca e l&#8217;ingresso dei quartieri in piazza Maggiore davvero gremita di pubblico sotto igni suo arco.<br \/>\nAl ritmo dei tamburi e delle evoluzioni degli sbandieratori, i quartieri hanno sfilato tra ali di folla: non senza emozione la rievocazione storica del 1404, giorno in cui Feltre consegn\u00f2 la chiavi della citt\u00e0 a Venezia, chiedendone la protezione.<br \/>\n621 anni dopo si celebra ancora quel Palio che ai tempi della Serenissima fu il giubilo per l&#8217;accordo raggiunto dalle due citt\u00e0 sotto il segno di San Marco.<br \/>\nHa voluto ricordarlo il consigliere veneziano Giusto, per il quale Feltre e Venezia sono sempre legate anche oggi.<br \/>\nCos\u00ec come il vice sindaco Claudio Dalla Palma ha sottolineato l&#8217;importanza storica di un evento che ha la sua genesi dalla mente di Anna Paola Zugni Tauro, indimenticata maestra, e che dopo 46 anni richiama sempre pi\u00f9 appassionati.<\/p>","protected":false},"excerpt":{"rendered":"<p>Feltre, 3 agosto 2025 &#8211; Santo Stefano guida la classifica del Palio dopo le due prime gare disputate sabato: 14 punti per il Corno. Seguono Port&#8217;Oria con 13 punti, 12 per Duomo, 9 per Castello. Determinante la vittoria nella staffetta con Vincent Kibet Keter che l&#8217; ha spuntata nella sfida tra keniani: sprint vincente in [&hellip;]<\/p>\n","protected":false},"author":2,"featured_media":162352,"comment_status":"closed","ping_status":"open","sticky":false,"template":"","format":"standard","meta":{"footnotes":""},"categories":[26,8,4],"tags":[],"class_list":["post-162351","post","type-post","status-publish","format-standard","has-post-thumbnail","category-prima-pagina","category-societa-istituzioni","category-sport"],"yoast_head":"<!-- This site is optimized with the Yoast SEO plugin v28.4 - https:\/\/yoast.com\/product\/yoast-seo-wordpress\/ -->\n<title>Palio di Feltre: Santo Stefano in testa - Bellunopress - Dolomiti<\/title>\n<meta name=\"robots\" content=\"index, follow, max-snippet:-1, max-image-preview:large, max-video-preview:-1\" \/>\n<link rel=\"canonical\" href=\"https:\/\/www.bellunopress.it\/fr\/2025\/08\/03\/palio-di-feltre-santo-stefano-in-testa\/\" \/>\n<meta property=\"og:locale\" content=\"fr_FR\" \/>\n<meta property=\"og:type\" content=\"article\" \/>\n<meta property=\"og:title\" content=\"Palio di Feltre: Santo Stefano in testa - Bellunopress - Dolomiti\" \/>\n<meta property=\"og:description\" content=\"Feltre, 3 agosto 2025 &#8211; Santo Stefano guida la classifica del Palio dopo le due prime gare disputate sabato: 14 punti per il Corno. Seguono Port&#8217;Oria con 13 punti, 12 per Duomo, 9 per Castello. Determinante la vittoria nella staffetta con Vincent Kibet Keter che l&#8217; ha spuntata nella sfida tra keniani: sprint vincente in [&hellip;]\" \/>\n<meta property=\"og:url\" content=\"https:\/\/www.bellunopress.it\/fr\/2025\/08\/03\/palio-di-feltre-santo-stefano-in-testa\/\" \/>\n<meta property=\"og:site_name\" content=\"Bellunopress - Dolomiti\" \/>\n<meta property=\"article:publisher\" content=\"https:\/\/www.facebook.com\/profile.php?id=100008943462799\" \/>\n<meta property=\"article:published_time\" content=\"2025-08-03T09:02:33+00:00\" \/>\n<meta property=\"og:image\" content=\"https:\/\/www.bellunopress.it\/wp-content\/uploads\/2025\/08\/Palio-di-Feltre.jpg\" \/>\n\t<meta property=\"og:image:width\" content=\"800\" \/>\n\t<meta property=\"og:image:height\" content=\"600\" \/>\n\t<meta property=\"og:image:type\" content=\"image\/jpeg\" \/>\n<meta name=\"author\" content=\"redazione\" \/>\n<meta name=\"twitter:card\" content=\"summary_large_image\" \/>\n<meta name=\"twitter:creator\" content=\"@bellunopress\" \/>\n<meta name=\"twitter:site\" content=\"@bellunopress\" \/>\n<meta name=\"twitter:label1\" content=\"\u00c9crit par\" \/>\n\t<meta name=\"twitter:data1\" content=\"redazione\" \/>\n\t<meta name=\"twitter:label2\" content=\"Dur\u00e9e de lecture estim\u00e9e\" \/>\n\t<meta name=\"twitter:data2\" content=\"3 minutes\" \/>\n<script type=\"application\/ld+json\" class=\"yoast-schema-graph\">{\"@context\":\"https:\\\/\\\/schema.org\",\"@graph\":[{\"@type\":\"Article\",\"@id\":\"https:\\\/\\\/www.bellunopress.it\\\/2025\\\/08\\\/03\\\/palio-di-feltre-santo-stefano-in-testa\\\/#article\",\"isPartOf\":{\"@id\":\"https:\\\/\\\/www.bellunopress.it\\\/2025\\\/08\\\/03\\\/palio-di-feltre-santo-stefano-in-testa\\\/\"},\"author\":{\"name\":\"redazione\",\"@id\":\"https:\\\/\\\/www.bellunopress.it\\\/#\\\/schema\\\/person\\\/79bb06722b37ece1c03d3e94beb30d73\"},\"headline\":\"Palio di Feltre: Santo Stefano in testa\",\"datePublished\":\"2025-08-03T09:02:33+00:00\",\"mainEntityOfPage\":{\"@id\":\"https:\\\/\\\/www.bellunopress.it\\\/2025\\\/08\\\/03\\\/palio-di-feltre-santo-stefano-in-testa\\\/\"},\"wordCount\":587,\"publisher\":{\"@id\":\"https:\\\/\\\/www.bellunopress.it\\\/#organization\"},\"image\":{\"@id\":\"https:\\\/\\\/www.bellunopress.it\\\/2025\\\/08\\\/03\\\/palio-di-feltre-santo-stefano-in-testa\\\/#primaryimage\"},\"thumbnailUrl\":\"https:\\\/\\\/www.bellunopress.it\\\/wp-content\\\/uploads\\\/2025\\\/08\\\/Palio-di-Feltre.jpg\",\"articleSection\":[\"Prima Pagina\",\"Societ\u00e0, Associazioni, Istituzioni\",\"Sport, tempo libero\"],\"inLanguage\":\"fr-FR\"},{\"@type\":\"WebPage\",\"@id\":\"https:\\\/\\\/www.bellunopress.it\\\/2025\\\/08\\\/03\\\/palio-di-feltre-santo-stefano-in-testa\\\/\",\"url\":\"https:\\\/\\\/www.bellunopress.it\\\/2025\\\/08\\\/03\\\/palio-di-feltre-santo-stefano-in-testa\\\/\",\"name\":\"Palio di Feltre: Santo Stefano in testa - Bellunopress - Dolomiti\",\"isPartOf\":{\"@id\":\"https:\\\/\\\/www.bellunopress.it\\\/#website\"},\"primaryImageOfPage\":{\"@id\":\"https:\\\/\\\/www.bellunopress.it\\\/2025\\\/08\\\/03\\\/palio-di-feltre-santo-stefano-in-testa\\\/#primaryimage\"},\"image\":{\"@id\":\"https:\\\/\\\/www.bellunopress.it\\\/2025\\\/08\\\/03\\\/palio-di-feltre-santo-stefano-in-testa\\\/#primaryimage\"},\"thumbnailUrl\":\"https:\\\/\\\/www.bellunopress.it\\\/wp-content\\\/uploads\\\/2025\\\/08\\\/Palio-di-Feltre.jpg\",\"datePublished\":\"2025-08-03T09:02:33+00:00\",\"breadcrumb\":{\"@id\":\"https:\\\/\\\/www.bellunopress.it\\\/2025\\\/08\\\/03\\\/palio-di-feltre-santo-stefano-in-testa\\\/#breadcrumb\"},\"inLanguage\":\"fr-FR\",\"potentialAction\":[{\"@type\":\"ReadAction\",\"target\":[\"https:\\\/\\\/www.bellunopress.it\\\/2025\\\/08\\\/03\\\/palio-di-feltre-santo-stefano-in-testa\\\/\"]}]},{\"@type\":\"ImageObject\",\"inLanguage\":\"fr-FR\",\"@id\":\"https:\\\/\\\/www.bellunopress.it\\\/2025\\\/08\\\/03\\\/palio-di-feltre-santo-stefano-in-testa\\\/#primaryimage\",\"url\":\"https:\\\/\\\/www.bellunopress.it\\\/wp-content\\\/uploads\\\/2025\\\/08\\\/Palio-di-Feltre.jpg\",\"contentUrl\":\"https:\\\/\\\/www.bellunopress.it\\\/wp-content\\\/uploads\\\/2025\\\/08\\\/Palio-di-Feltre.jpg\",\"width\":800,\"height\":600},{\"@type\":\"BreadcrumbList\",\"@id\":\"https:\\\/\\\/www.bellunopress.it\\\/2025\\\/08\\\/03\\\/palio-di-feltre-santo-stefano-in-testa\\\/#breadcrumb\",\"itemListElement\":[{\"@type\":\"ListItem\",\"position\":1,\"name\":\"Home\",\"item\":\"https:\\\/\\\/www.bellunopress.it\\\/\"},{\"@type\":\"ListItem\",\"position\":2,\"name\":\"Palio di Feltre: Santo Stefano in testa\"}]},{\"@type\":\"WebSite\",\"@id\":\"https:\\\/\\\/www.bellunopress.it\\\/#website\",\"url\":\"https:\\\/\\\/www.bellunopress.it\\\/\",\"name\":\"Bellunopress - Dolomiti\",\"description\":\"e-mail: redazione@bellunopress.it\",\"publisher\":{\"@id\":\"https:\\\/\\\/www.bellunopress.it\\\/#organization\"},\"potentialAction\":[{\"@type\":\"SearchAction\",\"target\":{\"@type\":\"EntryPoint\",\"urlTemplate\":\"https:\\\/\\\/www.bellunopress.it\\\/?s={search_term_string}\"},\"query-input\":{\"@type\":\"PropertyValueSpecification\",\"valueRequired\":true,\"valueName\":\"search_term_string\"}}],\"inLanguage\":\"fr-FR\"},{\"@type\":\"Organization\",\"@id\":\"https:\\\/\\\/www.bellunopress.it\\\/#organization\",\"name\":\"Bellunopress\",\"url\":\"https:\\\/\\\/www.bellunopress.it\\\/\",\"logo\":{\"@type\":\"ImageObject\",\"inLanguage\":\"fr-FR\",\"@id\":\"https:\\\/\\\/www.bellunopress.it\\\/#\\\/schema\\\/logo\\\/image\\\/\",\"url\":\"https:\\\/\\\/www.bellunopress.it\\\/wp-content\\\/uploads\\\/2011\\\/05\\\/cropped-logo-bellunopress-.jpg\",\"contentUrl\":\"https:\\\/\\\/www.bellunopress.it\\\/wp-content\\\/uploads\\\/2011\\\/05\\\/cropped-logo-bellunopress-.jpg\",\"width\":512,\"height\":512,\"caption\":\"Bellunopress\"},\"image\":{\"@id\":\"https:\\\/\\\/www.bellunopress.it\\\/#\\\/schema\\\/logo\\\/image\\\/\"},\"sameAs\":[\"https:\\\/\\\/www.facebook.com\\\/profile.php?id=100008943462799\",\"https:\\\/\\\/x.com\\\/bellunopress\",\"https:\\\/\\\/www.linkedin.com\\\/hp\\\/?dnr=JBzUWaJfMUw8vbXJJ2tVW5-I3jZKvC4wsoxE&amp;amp;amp;amp;amp;amp;trk=nav_responsive_tab_home\",\"https:\\\/\\\/www.youtube.com\\\/channel\\\/UCxL0wu1uN0_3_7hGG0306cw\"]},{\"@type\":\"Person\",\"@id\":\"https:\\\/\\\/www.bellunopress.it\\\/#\\\/schema\\\/person\\\/79bb06722b37ece1c03d3e94beb30d73\",\"name\":\"redazione\",\"image\":{\"@type\":\"ImageObject\",\"inLanguage\":\"fr-FR\",\"@id\":\"https:\\\/\\\/secure.gravatar.com\\\/avatar\\\/37d968a2e67a6fd04c169c4bdef102d0bc5d31b2546345219e348575eb80e9a0?s=96&d=mm&r=g\",\"url\":\"https:\\\/\\\/secure.gravatar.com\\\/avatar\\\/37d968a2e67a6fd04c169c4bdef102d0bc5d31b2546345219e348575eb80e9a0?s=96&d=mm&r=g\",\"contentUrl\":\"https:\\\/\\\/secure.gravatar.com\\\/avatar\\\/37d968a2e67a6fd04c169c4bdef102d0bc5d31b2546345219e348575eb80e9a0?s=96&d=mm&r=g\",\"caption\":\"redazione\"},\"sameAs\":[\"http:\\\/\\\/www.bellunopress.it\",\"https:\\\/\\\/x.com\\\/bellunopress\"],\"url\":\"https:\\\/\\\/www.bellunopress.it\\\/fr\\\/author\\\/redazione\\\/\"}]}<\/script>\n<!-- \/ Yoast SEO plugin. -->","yoast_head_json":{"title":"Palio di Feltre: Santo Stefano in testa - Bellunopress - Dolomiti","robots":{"index":"index","follow":"follow","max-snippet":"max-snippet:-1","max-image-preview":"max-image-preview:large","max-video-preview":"max-video-preview:-1"},"canonical":"https:\/\/www.bellunopress.it\/fr\/2025\/08\/03\/palio-di-feltre-santo-stefano-in-testa\/","og_locale":"fr_FR","og_type":"article","og_title":"Palio di Feltre: Santo Stefano in testa - Bellunopress - Dolomiti","og_description":"Feltre, 3 agosto 2025 &#8211; Santo Stefano guida la classifica del Palio dopo le due prime gare disputate sabato: 14 punti per il Corno. Seguono Port&#8217;Oria con 13 punti, 12 per Duomo, 9 per Castello. Determinante la vittoria nella staffetta con Vincent Kibet Keter che l&#8217; ha spuntata nella sfida tra keniani: sprint vincente in [&hellip;]","og_url":"https:\/\/www.bellunopress.it\/fr\/2025\/08\/03\/palio-di-feltre-santo-stefano-in-testa\/","og_site_name":"Bellunopress - Dolomiti","article_publisher":"https:\/\/www.facebook.com\/profile.php?id=100008943462799","article_published_time":"2025-08-03T09:02:33+00:00","og_image":[{"width":800,"height":600,"url":"https:\/\/www.bellunopress.it\/wp-content\/uploads\/2025\/08\/Palio-di-Feltre.jpg","type":"image\/jpeg"}],"author":"redazione","twitter_card":"summary_large_image","twitter_creator":"@bellunopress","twitter_site":"@bellunopress","twitter_misc":{"\u00c9crit par":"redazione","Dur\u00e9e de lecture estim\u00e9e":"3 minutes"},"schema":{"@context":"https:\/\/schema.org","@graph":[{"@type":"Article","@id":"https:\/\/www.bellunopress.it\/2025\/08\/03\/palio-di-feltre-santo-stefano-in-testa\/#article","isPartOf":{"@id":"https:\/\/www.bellunopress.it\/2025\/08\/03\/palio-di-feltre-santo-stefano-in-testa\/"},"author":{"name":"redazione","@id":"https:\/\/www.bellunopress.it\/#\/schema\/person\/79bb06722b37ece1c03d3e94beb30d73"},"headline":"Palio di Feltre: Santo Stefano in testa","datePublished":"2025-08-03T09:02:33+00:00","mainEntityOfPage":{"@id":"https:\/\/www.bellunopress.it\/2025\/08\/03\/palio-di-feltre-santo-stefano-in-testa\/"},"wordCount":587,"publisher":{"@id":"https:\/\/www.bellunopress.it\/#organization"},"image":{"@id":"https:\/\/www.bellunopress.it\/2025\/08\/03\/palio-di-feltre-santo-stefano-in-testa\/#primaryimage"},"thumbnailUrl":"https:\/\/www.bellunopress.it\/wp-content\/uploads\/2025\/08\/Palio-di-Feltre.jpg","articleSection":["Prima Pagina","Societ\u00e0, Associazioni, Istituzioni","Sport, tempo libero"],"inLanguage":"fr-FR"},{"@type":"WebPage","@id":"https:\/\/www.bellunopress.it\/2025\/08\/03\/palio-di-feltre-santo-stefano-in-testa\/","url":"https:\/\/www.bellunopress.it\/2025\/08\/03\/palio-di-feltre-santo-stefano-in-testa\/","name":"Palio di Feltre: Santo Stefano in testa - Bellunopress - Dolomiti","isPartOf":{"@id":"https:\/\/www.bellunopress.it\/#website"},"primaryImageOfPage":{"@id":"https:\/\/www.bellunopress.it\/2025\/08\/03\/palio-di-feltre-santo-stefano-in-testa\/#primaryimage"},"image":{"@id":"https:\/\/www.bellunopress.it\/2025\/08\/03\/palio-di-feltre-santo-stefano-in-testa\/#primaryimage"},"thumbnailUrl":"https:\/\/www.bellunopress.it\/wp-content\/uploads\/2025\/08\/Palio-di-Feltre.jpg","datePublished":"2025-08-03T09:02:33+00:00","breadcrumb":{"@id":"https:\/\/www.bellunopress.it\/2025\/08\/03\/palio-di-feltre-santo-stefano-in-testa\/#breadcrumb"},"inLanguage":"fr-FR","potentialAction":[{"@type":"ReadAction","target":["https:\/\/www.bellunopress.it\/2025\/08\/03\/palio-di-feltre-santo-stefano-in-testa\/"]}]},{"@type":"ImageObject","inLanguage":"fr-FR","@id":"https:\/\/www.bellunopress.it\/2025\/08\/03\/palio-di-feltre-santo-stefano-in-testa\/#primaryimage","url":"https:\/\/www.bellunopress.it\/wp-content\/uploads\/2025\/08\/Palio-di-Feltre.jpg","contentUrl":"https:\/\/www.bellunopress.it\/wp-content\/uploads\/2025\/08\/Palio-di-Feltre.jpg","width":800,"height":600},{"@type":"BreadcrumbList","@id":"https:\/\/www.bellunopress.it\/2025\/08\/03\/palio-di-feltre-santo-stefano-in-testa\/#breadcrumb","itemListElement":[{"@type":"ListItem","position":1,"name":"Home","item":"https:\/\/www.bellunopress.it\/"},{"@type":"ListItem","position":2,"name":"Palio di Feltre: Santo Stefano in testa"}]},{"@type":"WebSite","@id":"https:\/\/www.bellunopress.it\/#website","url":"https:\/\/www.bellunopress.it\/","name":"Bellunopress - Dolomiti","description":"e-mail: redazione@bellunopress.it","publisher":{"@id":"https:\/\/www.bellunopress.it\/#organization"},"potentialAction":[{"@type":"SearchAction","target":{"@type":"EntryPoint","urlTemplate":"https:\/\/www.bellunopress.it\/?s={search_term_string}"},"query-input":{"@type":"PropertyValueSpecification","valueRequired":true,"valueName":"search_term_string"}}],"inLanguage":"fr-FR"},{"@type":"Organization","@id":"https:\/\/www.bellunopress.it\/#organization","name":"Bellunopress","url":"https:\/\/www.bellunopress.it\/","logo":{"@type":"ImageObject","inLanguage":"fr-FR","@id":"https:\/\/www.bellunopress.it\/#\/schema\/logo\/image\/","url":"https:\/\/www.bellunopress.it\/wp-content\/uploads\/2011\/05\/cropped-logo-bellunopress-.jpg","contentUrl":"https:\/\/www.bellunopress.it\/wp-content\/uploads\/2011\/05\/cropped-logo-bellunopress-.jpg","width":512,"height":512,"caption":"Bellunopress"},"image":{"@id":"https:\/\/www.bellunopress.it\/#\/schema\/logo\/image\/"},"sameAs":["https:\/\/www.facebook.com\/profile.php?id=100008943462799","https:\/\/x.com\/bellunopress","https:\/\/www.linkedin.com\/hp\/?dnr=JBzUWaJfMUw8vbXJJ2tVW5-I3jZKvC4wsoxE&amp;amp;amp;amp;amp;amp;trk=nav_responsive_tab_home","https:\/\/www.youtube.com\/channel\/UCxL0wu1uN0_3_7hGG0306cw"]},{"@type":"Person","@id":"https:\/\/www.bellunopress.it\/#\/schema\/person\/79bb06722b37ece1c03d3e94beb30d73","name":"r\u00e9daction","image":{"@type":"ImageObject","inLanguage":"fr-FR","@id":"https:\/\/secure.gravatar.com\/avatar\/37d968a2e67a6fd04c169c4bdef102d0bc5d31b2546345219e348575eb80e9a0?s=96&d=mm&r=g","url":"https:\/\/secure.gravatar.com\/avatar\/37d968a2e67a6fd04c169c4bdef102d0bc5d31b2546345219e348575eb80e9a0?s=96&d=mm&r=g","contentUrl":"https:\/\/secure.gravatar.com\/avatar\/37d968a2e67a6fd04c169c4bdef102d0bc5d31b2546345219e348575eb80e9a0?s=96&d=mm&r=g","caption":"redazione"},"sameAs":["http:\/\/www.bellunopress.it","https:\/\/x.com\/bellunopress"],"url":"https:\/\/www.bellunopress.it\/fr\/author\/redazione\/"}]}},"_links":{"self":[{"href":"https:\/\/www.bellunopress.it\/fr\/wp-json\/wp\/v2\/posts\/162351","targetHints":{"allow":["GET"]}}],"collection":[{"href":"https:\/\/www.bellunopress.it\/fr\/wp-json\/wp\/v2\/posts"}],"about":[{"href":"https:\/\/www.bellunopress.it\/fr\/wp-json\/wp\/v2\/types\/post"}],"author":[{"embeddable":true,"href":"https:\/\/www.bellunopress.it\/fr\/wp-json\/wp\/v2\/users\/2"}],"replies":[{"embeddable":true,"href":"https:\/\/www.bellunopress.it\/fr\/wp-json\/wp\/v2\/comments?post=162351"}],"version-history":[{"count":1,"href":"https:\/\/www.bellunopress.it\/fr\/wp-json\/wp\/v2\/posts\/162351\/revisions"}],"predecessor-version":[{"id":162353,"href":"https:\/\/www.bellunopress.it\/fr\/wp-json\/wp\/v2\/posts\/162351\/revisions\/162353"}],"wp:featuredmedia":[{"embeddable":true,"href":"https:\/\/www.bellunopress.it\/fr\/wp-json\/wp\/v2\/media\/162352"}],"wp:attachment":[{"href":"https:\/\/www.bellunopress.it\/fr\/wp-json\/wp\/v2\/media?parent=162351"}],"wp:term":[{"taxonomy":"category","embeddable":true,"href":"https:\/\/www.bellunopress.it\/fr\/wp-json\/wp\/v2\/categories?post=162351"},{"taxonomy":"post_tag","embeddable":true,"href":"https:\/\/www.bellunopress.it\/fr\/wp-json\/wp\/v2\/tags?post=162351"}],"curies":[{"name":"wp","href":"https:\/\/api.w.org\/{rel}","templated":true}]}}