{"id":162329,"date":"2025-08-02T09:31:22","date_gmt":"2025-08-02T07:31:22","guid":{"rendered":"https:\/\/www.bellunopress.it\/?p=162329"},"modified":"2025-08-02T09:31:22","modified_gmt":"2025-08-02T07:31:22","slug":"stamattina-il-sorvolo-del-bimotore-havilland-canada-dash-8-400-con-destinazione-lisola-di-brazza-in-croazia","status":"publish","type":"post","link":"https:\/\/www.bellunopress.it\/fr\/2025\/08\/02\/stamattina-il-sorvolo-del-bimotore-havilland-canada-dash-8-400-con-destinazione-lisola-di-brazza-in-croazia\/","title":{"rendered":"Stamattina il sorvolo del bimotore Havilland Canada Dash 8-400 con destinazione l&#8217;isola di Brazza in Croazia"},"content":{"rendered":"<figure id=\"attachment_162097\" aria-describedby=\"caption-attachment-162097\" style=\"width: 800px\" class=\"wp-caption aligncenter\"><img loading=\"lazy\" decoding=\"async\" class=\"size-full wp-image-162097\" src=\"https:\/\/www.bellunopress.it\/wp-content\/uploads\/2025\/07\/Dash-8q400-Croatia-Airlains.jpg\" alt=\"Havilland Canada Dash 8-400\" width=\"800\" height=\"253\" srcset=\"https:\/\/www.bellunopress.it\/wp-content\/uploads\/2025\/07\/Dash-8q400-Croatia-Airlains.jpg 800w, https:\/\/www.bellunopress.it\/wp-content\/uploads\/2025\/07\/Dash-8q400-Croatia-Airlains-500x158.jpg 500w, https:\/\/www.bellunopress.it\/wp-content\/uploads\/2025\/07\/Dash-8q400-Croatia-Airlains-696x220.jpg 696w\" sizes=\"auto, (max-width: 800px) 100vw, 800px\" \/><figcaption id=\"caption-attachment-162097\" class=\"wp-caption-text\">Dash 8-400 Croatia Airlains<\/figcaption><\/figure>\n<p>Belluno, 2 agosto 2025 &#8211; Hanno avuto sicuramente un\u2019ottima idea quei turisti che stamattina sono decollati dall\u2019aeroporto di Lussemburgo, dove il cielo era coperto dalle nubi con leggera pioviggine, per raggiungere l\u2019isola di Bra\u010d (Brazza) in Croazia di fronte a Spalato, dove il sole splende per l\u2019intera giornata. Il loro volo sul bimotore Havilland Canada Dash 8-400\u00a0di cui ci siamo gi\u00e0 occupati, ha sorvolato la Valbelluna a una quota di circa 7.600 metri e alla velocit\u00e0 di circa 630 Km\/h poco prima delle 7 e mezza di stamattina.<\/p>\n<p>La serie 400, del bimotore turboelica a sei pale Havilland, conosciuta anche come Q400, si presenta con una fusoliera allungata capace di ospitare fino a 78 passeggeri. Con propulsori PW150A da 5.071 CV (3.783 kW) che garantiscono una velocit\u00e0 di crociera fino a 650 km\/h.<\/p>\n<figure id=\"attachment_162330\" aria-describedby=\"caption-attachment-162330\" style=\"width: 800px\" class=\"wp-caption aligncenter\"><img loading=\"lazy\" decoding=\"async\" class=\"size-full wp-image-162330\" src=\"https:\/\/www.bellunopress.it\/wp-content\/uploads\/2025\/08\/Isola-di-Brac-Brazza-Croazia.jpg\" alt=\"\" width=\"800\" height=\"519\" srcset=\"https:\/\/www.bellunopress.it\/wp-content\/uploads\/2025\/08\/Isola-di-Brac-Brazza-Croazia.jpg 800w, https:\/\/www.bellunopress.it\/wp-content\/uploads\/2025\/08\/Isola-di-Brac-Brazza-Croazia-500x324.jpg 500w, https:\/\/www.bellunopress.it\/wp-content\/uploads\/2025\/08\/Isola-di-Brac-Brazza-Croazia-647x420.jpg 647w, https:\/\/www.bellunopress.it\/wp-content\/uploads\/2025\/08\/Isola-di-Brac-Brazza-Croazia-696x452.jpg 696w\" sizes=\"auto, (max-width: 800px) 100vw, 800px\" \/><figcaption id=\"caption-attachment-162330\" class=\"wp-caption-text\">La spiaggia pi\u00f9 fotografata di tutta la Croazia, Zlatni Rat &#8211; https:\/\/www.croazia.info\/dalmazia\/brac\/<\/figcaption><\/figure>\n<p><strong>L\u2019isola di Bra\u010d (Brazza \u2013 Croazia)<\/strong><br \/>\ncon la sua imponente altezza e una superficie che la rende la terza isola pi\u00f9 grande dell&#8217;Adriatico. Si distingue come un vero e proprio &#8220;micro-continente&#8221;, un santuario di inestimabile valore storico-culturale, bellezze naturali mozzafiato e spiagge paradisiache.<br \/>\nZlatni Rat: il corno d&#8217;oro che incanta<br \/>\nTra le sue gemme pi\u00f9 preziose spicca indubbiamente Zlatni Rat, la celebre spiaggia di Bol, un simbolo riconosciuto non solo di Brazza ma dell&#8217;intera costa croata. Questo &#8220;Corno d&#8217;Oro&#8221; si protende nel mare per quasi mille metri, accarezzando acque cristalline che sfumano in un&#8217;incantevole tavolozza di blu e turchese. La sua peculiarit\u00e0 risiede nella capacit\u00e0 di mutare forma, plasmata incessantemente dal vento, dalle onde e dalle correnti marine, offrendo uno spettacolo naturale in continua evoluzione.<\/p>\n<p><strong>La pietra bianca di Brazza: un sito architettonico eterno<\/strong><br \/>\nMa l&#8217;unicit\u00e0 di Brazza non si esaurisce nelle sue spiagge. L&#8217;isola custodisce al suo interno un tesoro geologico: una pietra candida come la neve che ha scolpito la storia architettonica della Dalmazia e oltre. Questa preziosa roccia ha dato vita a capolavori senza tempo come il magnifico Palazzo di Diocleziano a Spalato, l&#8217;imponente Cattedrale di San Giacomo a Sebenico e la maestosa Cattedrale di San Lorenzo a Tra\u00f9. La sua fama ha varcato i confini nazionali, contribuendo alla realizzazione di edifici iconici in tutto il<br \/>\nmondo, tra cui il Parlamento di Vienna e il Palazzo della Luogotenenza austriaca a Trieste.<\/p>\n<p><strong>Un viaggio nel cuore del Mediterraneo<\/strong><br \/>\nCircondata da incantevoli insenature e profumatissimi cipresseti, Brazza invita i visitatori a esplorare i suoi numerosi paesini, dove il tempo sembra essersi fermato. Qui, le tradizioni e il ritmo di vita tipico del Mediterraneo sono ancora vividi e autentici, offrendo un&#8217;esperienza indimenticabile nella cultura locale.<\/p>\n<p>Il precedente articolo:<br \/>\n<a href=\"https:\/\/www.bellunopress.it\/fr\/2025\/07\/25\/un-dash-8-400-sui-cieli-della-valbelluna-il-bimotore-turboelica-del-trasporto-regionale\/\">https:\/\/www.bellunopress.it\/2025\/07\/25\/un-dash-8-400-sui-cieli-della-valbelluna-il-bimotore-turboelica-del-trasporto-regionale\/<\/a><\/p>","protected":false},"excerpt":{"rendered":"<p>Belluno, 2 agosto 2025 &#8211; Hanno avuto sicuramente un\u2019ottima idea quei turisti che stamattina sono decollati dall\u2019aeroporto di Lussemburgo, dove il cielo era coperto dalle nubi con leggera pioviggine, per raggiungere l\u2019isola di Bra\u010d (Brazza) in Croazia di fronte a Spalato, dove il sole splende per l\u2019intera giornata. Il loro volo sul bimotore Havilland Canada [&hellip;]<\/p>\n","protected":false},"author":2,"featured_media":162330,"comment_status":"closed","ping_status":"open","sticky":false,"template":"","format":"standard","meta":{"footnotes":""},"categories":[5,26,4],"tags":[],"class_list":["post-162329","post","type-post","status-publish","format-standard","has-post-thumbnail","category-cronaca","category-prima-pagina","category-sport"],"yoast_head":"<!-- This site is optimized with the Yoast SEO plugin v28.4 - https:\/\/yoast.com\/product\/yoast-seo-wordpress\/ -->\n<title>Stamattina il sorvolo del bimotore Havilland Canada Dash 8-400 con destinazione l&#039;isola di Brazza in Croazia - Bellunopress - Dolomiti<\/title>\n<meta name=\"robots\" content=\"index, follow, max-snippet:-1, max-image-preview:large, max-video-preview:-1\" \/>\n<link rel=\"canonical\" href=\"https:\/\/www.bellunopress.it\/fr\/2025\/08\/02\/stamattina-il-sorvolo-del-bimotore-havilland-canada-dash-8-400-con-destinazione-lisola-di-brazza-in-croazia\/\" \/>\n<meta property=\"og:locale\" content=\"fr_FR\" \/>\n<meta property=\"og:type\" content=\"article\" \/>\n<meta property=\"og:title\" content=\"Stamattina il sorvolo del bimotore Havilland Canada Dash 8-400 con destinazione l&#039;isola di Brazza in Croazia - Bellunopress - Dolomiti\" \/>\n<meta property=\"og:description\" content=\"Belluno, 2 agosto 2025 &#8211; Hanno avuto sicuramente un\u2019ottima idea quei turisti che stamattina sono decollati dall\u2019aeroporto di Lussemburgo, dove il cielo era coperto dalle nubi con leggera pioviggine, per raggiungere l\u2019isola di Bra\u010d (Brazza) in Croazia di fronte a Spalato, dove il sole splende per l\u2019intera giornata. Il loro volo sul bimotore Havilland Canada [&hellip;]\" \/>\n<meta property=\"og:url\" content=\"https:\/\/www.bellunopress.it\/fr\/2025\/08\/02\/stamattina-il-sorvolo-del-bimotore-havilland-canada-dash-8-400-con-destinazione-lisola-di-brazza-in-croazia\/\" \/>\n<meta property=\"og:site_name\" content=\"Bellunopress - Dolomiti\" \/>\n<meta property=\"article:publisher\" content=\"https:\/\/www.facebook.com\/profile.php?id=100008943462799\" \/>\n<meta property=\"article:published_time\" content=\"2025-08-02T07:31:22+00:00\" \/>\n<meta property=\"og:image\" content=\"https:\/\/www.bellunopress.it\/wp-content\/uploads\/2025\/08\/Isola-di-Brac-Brazza-Croazia.jpg\" \/>\n\t<meta property=\"og:image:width\" content=\"800\" \/>\n\t<meta property=\"og:image:height\" content=\"519\" \/>\n\t<meta property=\"og:image:type\" content=\"image\/jpeg\" \/>\n<meta name=\"author\" content=\"redazione\" \/>\n<meta name=\"twitter:card\" content=\"summary_large_image\" \/>\n<meta name=\"twitter:creator\" content=\"@bellunopress\" \/>\n<meta name=\"twitter:site\" content=\"@bellunopress\" \/>\n<meta name=\"twitter:label1\" content=\"\u00c9crit par\" \/>\n\t<meta name=\"twitter:data1\" content=\"redazione\" \/>\n\t<meta name=\"twitter:label2\" content=\"Dur\u00e9e de lecture estim\u00e9e\" \/>\n\t<meta name=\"twitter:data2\" content=\"2 minutes\" \/>\n<script type=\"application\/ld+json\" class=\"yoast-schema-graph\">{\"@context\":\"https:\\\/\\\/schema.org\",\"@graph\":[{\"@type\":\"Article\",\"@id\":\"https:\\\/\\\/www.bellunopress.it\\\/2025\\\/08\\\/02\\\/stamattina-il-sorvolo-del-bimotore-havilland-canada-dash-8-400-con-destinazione-lisola-di-brazza-in-croazia\\\/#article\",\"isPartOf\":{\"@id\":\"https:\\\/\\\/www.bellunopress.it\\\/2025\\\/08\\\/02\\\/stamattina-il-sorvolo-del-bimotore-havilland-canada-dash-8-400-con-destinazione-lisola-di-brazza-in-croazia\\\/\"},\"author\":{\"name\":\"redazione\",\"@id\":\"https:\\\/\\\/www.bellunopress.it\\\/#\\\/schema\\\/person\\\/79bb06722b37ece1c03d3e94beb30d73\"},\"headline\":\"Stamattina il sorvolo del bimotore Havilland Canada Dash 8-400 con destinazione l&#8217;isola di Brazza in Croazia\",\"datePublished\":\"2025-08-02T07:31:22+00:00\",\"mainEntityOfPage\":{\"@id\":\"https:\\\/\\\/www.bellunopress.it\\\/2025\\\/08\\\/02\\\/stamattina-il-sorvolo-del-bimotore-havilland-canada-dash-8-400-con-destinazione-lisola-di-brazza-in-croazia\\\/\"},\"wordCount\":487,\"publisher\":{\"@id\":\"https:\\\/\\\/www.bellunopress.it\\\/#organization\"},\"image\":{\"@id\":\"https:\\\/\\\/www.bellunopress.it\\\/2025\\\/08\\\/02\\\/stamattina-il-sorvolo-del-bimotore-havilland-canada-dash-8-400-con-destinazione-lisola-di-brazza-in-croazia\\\/#primaryimage\"},\"thumbnailUrl\":\"https:\\\/\\\/www.bellunopress.it\\\/wp-content\\\/uploads\\\/2025\\\/08\\\/Isola-di-Brac-Brazza-Croazia.jpg\",\"articleSection\":[\"Cronaca\\\/Politica\",\"Prima Pagina\",\"Sport, tempo libero\"],\"inLanguage\":\"fr-FR\"},{\"@type\":\"WebPage\",\"@id\":\"https:\\\/\\\/www.bellunopress.it\\\/2025\\\/08\\\/02\\\/stamattina-il-sorvolo-del-bimotore-havilland-canada-dash-8-400-con-destinazione-lisola-di-brazza-in-croazia\\\/\",\"url\":\"https:\\\/\\\/www.bellunopress.it\\\/2025\\\/08\\\/02\\\/stamattina-il-sorvolo-del-bimotore-havilland-canada-dash-8-400-con-destinazione-lisola-di-brazza-in-croazia\\\/\",\"name\":\"Stamattina il sorvolo del bimotore Havilland Canada Dash 8-400 con destinazione l'isola di Brazza in Croazia - Bellunopress - Dolomiti\",\"isPartOf\":{\"@id\":\"https:\\\/\\\/www.bellunopress.it\\\/#website\"},\"primaryImageOfPage\":{\"@id\":\"https:\\\/\\\/www.bellunopress.it\\\/2025\\\/08\\\/02\\\/stamattina-il-sorvolo-del-bimotore-havilland-canada-dash-8-400-con-destinazione-lisola-di-brazza-in-croazia\\\/#primaryimage\"},\"image\":{\"@id\":\"https:\\\/\\\/www.bellunopress.it\\\/2025\\\/08\\\/02\\\/stamattina-il-sorvolo-del-bimotore-havilland-canada-dash-8-400-con-destinazione-lisola-di-brazza-in-croazia\\\/#primaryimage\"},\"thumbnailUrl\":\"https:\\\/\\\/www.bellunopress.it\\\/wp-content\\\/uploads\\\/2025\\\/08\\\/Isola-di-Brac-Brazza-Croazia.jpg\",\"datePublished\":\"2025-08-02T07:31:22+00:00\",\"breadcrumb\":{\"@id\":\"https:\\\/\\\/www.bellunopress.it\\\/2025\\\/08\\\/02\\\/stamattina-il-sorvolo-del-bimotore-havilland-canada-dash-8-400-con-destinazione-lisola-di-brazza-in-croazia\\\/#breadcrumb\"},\"inLanguage\":\"fr-FR\",\"potentialAction\":[{\"@type\":\"ReadAction\",\"target\":[\"https:\\\/\\\/www.bellunopress.it\\\/2025\\\/08\\\/02\\\/stamattina-il-sorvolo-del-bimotore-havilland-canada-dash-8-400-con-destinazione-lisola-di-brazza-in-croazia\\\/\"]}]},{\"@type\":\"ImageObject\",\"inLanguage\":\"fr-FR\",\"@id\":\"https:\\\/\\\/www.bellunopress.it\\\/2025\\\/08\\\/02\\\/stamattina-il-sorvolo-del-bimotore-havilland-canada-dash-8-400-con-destinazione-lisola-di-brazza-in-croazia\\\/#primaryimage\",\"url\":\"https:\\\/\\\/www.bellunopress.it\\\/wp-content\\\/uploads\\\/2025\\\/08\\\/Isola-di-Brac-Brazza-Croazia.jpg\",\"contentUrl\":\"https:\\\/\\\/www.bellunopress.it\\\/wp-content\\\/uploads\\\/2025\\\/08\\\/Isola-di-Brac-Brazza-Croazia.jpg\",\"width\":800,\"height\":519,\"caption\":\"La spiaggia pi\u00f9 fotografata di tutta la Croazia, Zlatni Rat - https:\\\/\\\/www.croazia.info\\\/dalmazia\\\/brac\\\/\"},{\"@type\":\"BreadcrumbList\",\"@id\":\"https:\\\/\\\/www.bellunopress.it\\\/2025\\\/08\\\/02\\\/stamattina-il-sorvolo-del-bimotore-havilland-canada-dash-8-400-con-destinazione-lisola-di-brazza-in-croazia\\\/#breadcrumb\",\"itemListElement\":[{\"@type\":\"ListItem\",\"position\":1,\"name\":\"Home\",\"item\":\"https:\\\/\\\/www.bellunopress.it\\\/\"},{\"@type\":\"ListItem\",\"position\":2,\"name\":\"Stamattina il sorvolo del bimotore Havilland Canada Dash 8-400 con destinazione l&#8217;isola di Brazza in Croazia\"}]},{\"@type\":\"WebSite\",\"@id\":\"https:\\\/\\\/www.bellunopress.it\\\/#website\",\"url\":\"https:\\\/\\\/www.bellunopress.it\\\/\",\"name\":\"Bellunopress - Dolomiti\",\"description\":\"e-mail: redazione@bellunopress.it\",\"publisher\":{\"@id\":\"https:\\\/\\\/www.bellunopress.it\\\/#organization\"},\"potentialAction\":[{\"@type\":\"SearchAction\",\"target\":{\"@type\":\"EntryPoint\",\"urlTemplate\":\"https:\\\/\\\/www.bellunopress.it\\\/?s={search_term_string}\"},\"query-input\":{\"@type\":\"PropertyValueSpecification\",\"valueRequired\":true,\"valueName\":\"search_term_string\"}}],\"inLanguage\":\"fr-FR\"},{\"@type\":\"Organization\",\"@id\":\"https:\\\/\\\/www.bellunopress.it\\\/#organization\",\"name\":\"Bellunopress\",\"url\":\"https:\\\/\\\/www.bellunopress.it\\\/\",\"logo\":{\"@type\":\"ImageObject\",\"inLanguage\":\"fr-FR\",\"@id\":\"https:\\\/\\\/www.bellunopress.it\\\/#\\\/schema\\\/logo\\\/image\\\/\",\"url\":\"https:\\\/\\\/www.bellunopress.it\\\/wp-content\\\/uploads\\\/2011\\\/05\\\/cropped-logo-bellunopress-.jpg\",\"contentUrl\":\"https:\\\/\\\/www.bellunopress.it\\\/wp-content\\\/uploads\\\/2011\\\/05\\\/cropped-logo-bellunopress-.jpg\",\"width\":512,\"height\":512,\"caption\":\"Bellunopress\"},\"image\":{\"@id\":\"https:\\\/\\\/www.bellunopress.it\\\/#\\\/schema\\\/logo\\\/image\\\/\"},\"sameAs\":[\"https:\\\/\\\/www.facebook.com\\\/profile.php?id=100008943462799\",\"https:\\\/\\\/x.com\\\/bellunopress\",\"https:\\\/\\\/www.linkedin.com\\\/hp\\\/?dnr=JBzUWaJfMUw8vbXJJ2tVW5-I3jZKvC4wsoxE&amp;amp;amp;amp;amp;amp;trk=nav_responsive_tab_home\",\"https:\\\/\\\/www.youtube.com\\\/channel\\\/UCxL0wu1uN0_3_7hGG0306cw\"]},{\"@type\":\"Person\",\"@id\":\"https:\\\/\\\/www.bellunopress.it\\\/#\\\/schema\\\/person\\\/79bb06722b37ece1c03d3e94beb30d73\",\"name\":\"redazione\",\"image\":{\"@type\":\"ImageObject\",\"inLanguage\":\"fr-FR\",\"@id\":\"https:\\\/\\\/secure.gravatar.com\\\/avatar\\\/37d968a2e67a6fd04c169c4bdef102d0bc5d31b2546345219e348575eb80e9a0?s=96&d=mm&r=g\",\"url\":\"https:\\\/\\\/secure.gravatar.com\\\/avatar\\\/37d968a2e67a6fd04c169c4bdef102d0bc5d31b2546345219e348575eb80e9a0?s=96&d=mm&r=g\",\"contentUrl\":\"https:\\\/\\\/secure.gravatar.com\\\/avatar\\\/37d968a2e67a6fd04c169c4bdef102d0bc5d31b2546345219e348575eb80e9a0?s=96&d=mm&r=g\",\"caption\":\"redazione\"},\"sameAs\":[\"http:\\\/\\\/www.bellunopress.it\",\"https:\\\/\\\/x.com\\\/bellunopress\"],\"url\":\"https:\\\/\\\/www.bellunopress.it\\\/fr\\\/author\\\/redazione\\\/\"}]}<\/script>\n<!-- \/ Yoast SEO plugin. -->","yoast_head_json":{"title":"Stamattina il sorvolo del bimotore Havilland Canada Dash 8-400 con destinazione l'isola di Brazza in Croazia - Bellunopress - Dolomiti","robots":{"index":"index","follow":"follow","max-snippet":"max-snippet:-1","max-image-preview":"max-image-preview:large","max-video-preview":"max-video-preview:-1"},"canonical":"https:\/\/www.bellunopress.it\/fr\/2025\/08\/02\/stamattina-il-sorvolo-del-bimotore-havilland-canada-dash-8-400-con-destinazione-lisola-di-brazza-in-croazia\/","og_locale":"fr_FR","og_type":"article","og_title":"Stamattina il sorvolo del bimotore Havilland Canada Dash 8-400 con destinazione l'isola di Brazza in Croazia - Bellunopress - Dolomiti","og_description":"Belluno, 2 agosto 2025 &#8211; Hanno avuto sicuramente un\u2019ottima idea quei turisti che stamattina sono decollati dall\u2019aeroporto di Lussemburgo, dove il cielo era coperto dalle nubi con leggera pioviggine, per raggiungere l\u2019isola di Bra\u010d (Brazza) in Croazia di fronte a Spalato, dove il sole splende per l\u2019intera giornata. Il loro volo sul bimotore Havilland Canada [&hellip;]","og_url":"https:\/\/www.bellunopress.it\/fr\/2025\/08\/02\/stamattina-il-sorvolo-del-bimotore-havilland-canada-dash-8-400-con-destinazione-lisola-di-brazza-in-croazia\/","og_site_name":"Bellunopress - Dolomiti","article_publisher":"https:\/\/www.facebook.com\/profile.php?id=100008943462799","article_published_time":"2025-08-02T07:31:22+00:00","og_image":[{"width":800,"height":519,"url":"https:\/\/www.bellunopress.it\/wp-content\/uploads\/2025\/08\/Isola-di-Brac-Brazza-Croazia.jpg","type":"image\/jpeg"}],"author":"redazione","twitter_card":"summary_large_image","twitter_creator":"@bellunopress","twitter_site":"@bellunopress","twitter_misc":{"\u00c9crit par":"redazione","Dur\u00e9e de lecture estim\u00e9e":"2 minutes"},"schema":{"@context":"https:\/\/schema.org","@graph":[{"@type":"Article","@id":"https:\/\/www.bellunopress.it\/2025\/08\/02\/stamattina-il-sorvolo-del-bimotore-havilland-canada-dash-8-400-con-destinazione-lisola-di-brazza-in-croazia\/#article","isPartOf":{"@id":"https:\/\/www.bellunopress.it\/2025\/08\/02\/stamattina-il-sorvolo-del-bimotore-havilland-canada-dash-8-400-con-destinazione-lisola-di-brazza-in-croazia\/"},"author":{"name":"redazione","@id":"https:\/\/www.bellunopress.it\/#\/schema\/person\/79bb06722b37ece1c03d3e94beb30d73"},"headline":"Stamattina il sorvolo del bimotore Havilland Canada Dash 8-400 con destinazione l&#8217;isola di Brazza in Croazia","datePublished":"2025-08-02T07:31:22+00:00","mainEntityOfPage":{"@id":"https:\/\/www.bellunopress.it\/2025\/08\/02\/stamattina-il-sorvolo-del-bimotore-havilland-canada-dash-8-400-con-destinazione-lisola-di-brazza-in-croazia\/"},"wordCount":487,"publisher":{"@id":"https:\/\/www.bellunopress.it\/#organization"},"image":{"@id":"https:\/\/www.bellunopress.it\/2025\/08\/02\/stamattina-il-sorvolo-del-bimotore-havilland-canada-dash-8-400-con-destinazione-lisola-di-brazza-in-croazia\/#primaryimage"},"thumbnailUrl":"https:\/\/www.bellunopress.it\/wp-content\/uploads\/2025\/08\/Isola-di-Brac-Brazza-Croazia.jpg","articleSection":["Cronaca\/Politica","Prima Pagina","Sport, tempo libero"],"inLanguage":"fr-FR"},{"@type":"WebPage","@id":"https:\/\/www.bellunopress.it\/2025\/08\/02\/stamattina-il-sorvolo-del-bimotore-havilland-canada-dash-8-400-con-destinazione-lisola-di-brazza-in-croazia\/","url":"https:\/\/www.bellunopress.it\/2025\/08\/02\/stamattina-il-sorvolo-del-bimotore-havilland-canada-dash-8-400-con-destinazione-lisola-di-brazza-in-croazia\/","name":"Stamattina il sorvolo del bimotore Havilland Canada Dash 8-400 con destinazione l'isola di Brazza in Croazia - Bellunopress - Dolomiti","isPartOf":{"@id":"https:\/\/www.bellunopress.it\/#website"},"primaryImageOfPage":{"@id":"https:\/\/www.bellunopress.it\/2025\/08\/02\/stamattina-il-sorvolo-del-bimotore-havilland-canada-dash-8-400-con-destinazione-lisola-di-brazza-in-croazia\/#primaryimage"},"image":{"@id":"https:\/\/www.bellunopress.it\/2025\/08\/02\/stamattina-il-sorvolo-del-bimotore-havilland-canada-dash-8-400-con-destinazione-lisola-di-brazza-in-croazia\/#primaryimage"},"thumbnailUrl":"https:\/\/www.bellunopress.it\/wp-content\/uploads\/2025\/08\/Isola-di-Brac-Brazza-Croazia.jpg","datePublished":"2025-08-02T07:31:22+00:00","breadcrumb":{"@id":"https:\/\/www.bellunopress.it\/2025\/08\/02\/stamattina-il-sorvolo-del-bimotore-havilland-canada-dash-8-400-con-destinazione-lisola-di-brazza-in-croazia\/#breadcrumb"},"inLanguage":"fr-FR","potentialAction":[{"@type":"ReadAction","target":["https:\/\/www.bellunopress.it\/2025\/08\/02\/stamattina-il-sorvolo-del-bimotore-havilland-canada-dash-8-400-con-destinazione-lisola-di-brazza-in-croazia\/"]}]},{"@type":"ImageObject","inLanguage":"fr-FR","@id":"https:\/\/www.bellunopress.it\/2025\/08\/02\/stamattina-il-sorvolo-del-bimotore-havilland-canada-dash-8-400-con-destinazione-lisola-di-brazza-in-croazia\/#primaryimage","url":"https:\/\/www.bellunopress.it\/wp-content\/uploads\/2025\/08\/Isola-di-Brac-Brazza-Croazia.jpg","contentUrl":"https:\/\/www.bellunopress.it\/wp-content\/uploads\/2025\/08\/Isola-di-Brac-Brazza-Croazia.jpg","width":800,"height":519,"caption":"La spiaggia pi\u00f9 fotografata di tutta la Croazia, Zlatni Rat - https:\/\/www.croazia.info\/dalmazia\/brac\/"},{"@type":"BreadcrumbList","@id":"https:\/\/www.bellunopress.it\/2025\/08\/02\/stamattina-il-sorvolo-del-bimotore-havilland-canada-dash-8-400-con-destinazione-lisola-di-brazza-in-croazia\/#breadcrumb","itemListElement":[{"@type":"ListItem","position":1,"name":"Home","item":"https:\/\/www.bellunopress.it\/"},{"@type":"ListItem","position":2,"name":"Stamattina il sorvolo del bimotore Havilland Canada Dash 8-400 con destinazione l&#8217;isola di Brazza in Croazia"}]},{"@type":"WebSite","@id":"https:\/\/www.bellunopress.it\/#website","url":"https:\/\/www.bellunopress.it\/","name":"Bellunopress - Dolomiti","description":"e-mail: redazione@bellunopress.it","publisher":{"@id":"https:\/\/www.bellunopress.it\/#organization"},"potentialAction":[{"@type":"SearchAction","target":{"@type":"EntryPoint","urlTemplate":"https:\/\/www.bellunopress.it\/?s={search_term_string}"},"query-input":{"@type":"PropertyValueSpecification","valueRequired":true,"valueName":"search_term_string"}}],"inLanguage":"fr-FR"},{"@type":"Organization","@id":"https:\/\/www.bellunopress.it\/#organization","name":"Bellunopress","url":"https:\/\/www.bellunopress.it\/","logo":{"@type":"ImageObject","inLanguage":"fr-FR","@id":"https:\/\/www.bellunopress.it\/#\/schema\/logo\/image\/","url":"https:\/\/www.bellunopress.it\/wp-content\/uploads\/2011\/05\/cropped-logo-bellunopress-.jpg","contentUrl":"https:\/\/www.bellunopress.it\/wp-content\/uploads\/2011\/05\/cropped-logo-bellunopress-.jpg","width":512,"height":512,"caption":"Bellunopress"},"image":{"@id":"https:\/\/www.bellunopress.it\/#\/schema\/logo\/image\/"},"sameAs":["https:\/\/www.facebook.com\/profile.php?id=100008943462799","https:\/\/x.com\/bellunopress","https:\/\/www.linkedin.com\/hp\/?dnr=JBzUWaJfMUw8vbXJJ2tVW5-I3jZKvC4wsoxE&amp;amp;amp;amp;amp;amp;trk=nav_responsive_tab_home","https:\/\/www.youtube.com\/channel\/UCxL0wu1uN0_3_7hGG0306cw"]},{"@type":"Person","@id":"https:\/\/www.bellunopress.it\/#\/schema\/person\/79bb06722b37ece1c03d3e94beb30d73","name":"r\u00e9daction","image":{"@type":"ImageObject","inLanguage":"fr-FR","@id":"https:\/\/secure.gravatar.com\/avatar\/37d968a2e67a6fd04c169c4bdef102d0bc5d31b2546345219e348575eb80e9a0?s=96&d=mm&r=g","url":"https:\/\/secure.gravatar.com\/avatar\/37d968a2e67a6fd04c169c4bdef102d0bc5d31b2546345219e348575eb80e9a0?s=96&d=mm&r=g","contentUrl":"https:\/\/secure.gravatar.com\/avatar\/37d968a2e67a6fd04c169c4bdef102d0bc5d31b2546345219e348575eb80e9a0?s=96&d=mm&r=g","caption":"redazione"},"sameAs":["http:\/\/www.bellunopress.it","https:\/\/x.com\/bellunopress"],"url":"https:\/\/www.bellunopress.it\/fr\/author\/redazione\/"}]}},"_links":{"self":[{"href":"https:\/\/www.bellunopress.it\/fr\/wp-json\/wp\/v2\/posts\/162329","targetHints":{"allow":["GET"]}}],"collection":[{"href":"https:\/\/www.bellunopress.it\/fr\/wp-json\/wp\/v2\/posts"}],"about":[{"href":"https:\/\/www.bellunopress.it\/fr\/wp-json\/wp\/v2\/types\/post"}],"author":[{"embeddable":true,"href":"https:\/\/www.bellunopress.it\/fr\/wp-json\/wp\/v2\/users\/2"}],"replies":[{"embeddable":true,"href":"https:\/\/www.bellunopress.it\/fr\/wp-json\/wp\/v2\/comments?post=162329"}],"version-history":[{"count":1,"href":"https:\/\/www.bellunopress.it\/fr\/wp-json\/wp\/v2\/posts\/162329\/revisions"}],"predecessor-version":[{"id":162331,"href":"https:\/\/www.bellunopress.it\/fr\/wp-json\/wp\/v2\/posts\/162329\/revisions\/162331"}],"wp:featuredmedia":[{"embeddable":true,"href":"https:\/\/www.bellunopress.it\/fr\/wp-json\/wp\/v2\/media\/162330"}],"wp:attachment":[{"href":"https:\/\/www.bellunopress.it\/fr\/wp-json\/wp\/v2\/media?parent=162329"}],"wp:term":[{"taxonomy":"category","embeddable":true,"href":"https:\/\/www.bellunopress.it\/fr\/wp-json\/wp\/v2\/categories?post=162329"},{"taxonomy":"post_tag","embeddable":true,"href":"https:\/\/www.bellunopress.it\/fr\/wp-json\/wp\/v2\/tags?post=162329"}],"curies":[{"name":"wp","href":"https:\/\/api.w.org\/{rel}","templated":true}]}}