{"id":162327,"date":"2025-08-01T21:59:51","date_gmt":"2025-08-01T19:59:51","guid":{"rendered":"https:\/\/www.bellunopress.it\/?p=162327"},"modified":"2025-08-03T10:56:23","modified_gmt":"2025-08-03T08:56:23","slug":"autonomia-differenziata-affossata-dal-governo-berlusconi-nel-2008-2011-idem-con-il-governo-conte-salvini-2018-2019-di-enzo-de-biasi","status":"publish","type":"post","link":"https:\/\/www.bellunopress.it\/fr\/2025\/08\/01\/autonomia-differenziata-affossata-dal-governo-berlusconi-nel-2008-2011-idem-con-il-governo-conte-salvini-2018-2019-di-enzo-de-biasi\/","title":{"rendered":"Autonomia differenziata? Affossata dal Governo Berlusconi nel 2008-2011. Idem con il Governo Conte-Salvini, 2018-2019    * di Enzo De Biasi"},"content":{"rendered":"<p><strong><img loading=\"lazy\" decoding=\"async\" class=\"aligncenter size-full wp-image-117756\" src=\"https:\/\/www.bellunopress.it\/wp-content\/uploads\/2020\/09\/Parlamento_edited.jpg\" alt=\"\" width=\"800\" height=\"600\" srcset=\"https:\/\/www.bellunopress.it\/wp-content\/uploads\/2020\/09\/Parlamento_edited.jpg 800w, https:\/\/www.bellunopress.it\/wp-content\/uploads\/2020\/09\/Parlamento_edited-500x375.jpg 500w, https:\/\/www.bellunopress.it\/wp-content\/uploads\/2020\/09\/Parlamento_edited-696x522.jpg 696w, https:\/\/www.bellunopress.it\/wp-content\/uploads\/2020\/09\/Parlamento_edited-560x420.jpg 560w, https:\/\/www.bellunopress.it\/wp-content\/uploads\/2020\/09\/Parlamento_edited-80x60.jpg 80w, https:\/\/www.bellunopress.it\/wp-content\/uploads\/2020\/09\/Parlamento_edited-265x198.jpg 265w\" sizes=\"auto, (max-width: 800px) 100vw, 800px\" \/>Il rebus delle regionali. La Lista Zaia spacca il Cdx, se sar\u00e0 cos\u00ec \u00a0G. Manildo-Csx fuori dal \u00a0Consiglio Regionale. Con il Cdx unito, il campo largo\u00a0 aumenta i \u00a0consiglieri regionali. <\/strong><\/p>\n<p><strong>Venezia con gli stessi poteri di Roma? Il tema vero \u00e8 \u201cItalia Federale in un \u2018Europa Federale\u201d, il resto \u00e8 demagogia, propaganda, fuffa. <\/strong><\/p>\n<p><em>Per il dopo Zaia, la decisione \u00e8 in mano alla triade governativa: G. Meloni, M. Salvini, A. Tajani \u00a0<\/em><\/p>\n<p>Non sono bastati tre vertici romani della Destra-Centro, per concordare il successore\u00a0 di \u00a0Luca Zaia, fino all\u2019altro ieri speranzoso di candidarsi al ruolo di Presidente per la quarta volta. Due tegole arrivategli in testa di recente, gli hanno impedito \u00a0di ritornare a Palazzo Balbi.\u00a0<strong>La prima.<\/strong>\u00a0A maggio la Corte costituzionale ha bocciato, definitivamente, la possibilit\u00e0 di andare oltre i tre \u00a0incarichi consecutivi per chi \u00e8 stato \u00a0Presidente di Regione.\u00a0<strong>La seconda<\/strong>. A fine giugno, il Parlamento ha respinto\u00a0<strong>per la quinta volta<\/strong>, un emendamento della Lega modificativo della norma statale che avrebbe consentito non due, ma tre mandati. Il beneficiario immediato sarebbe stato, tra gli altri, \u00a0\u00a0Luca Zaia \u00a0candidabile\u00a0 per la\u00a0<strong>quarta volta, come mai?\u00a0 \u00a0<\/strong>L\u2019inghippo \u00e8 gi\u00e0 stato qui chiarito il 28 luglio\u00a0<strong>2023.<\/strong><\/p>\n<p>Di questi tempi, \u00e8 divertente seguire i fautori dell\u2019Autonomia Differenziata, quella spinta, quella del\u00a0<strong>\u201cparoni a casa nostra<\/strong>\u201d in vigilante attesa \u00a0per sapere quel che combina a\u00a0<strong>Roma ladrona,\u00a0<\/strong>il loro Capitan Fracassa, soldato vanaglorioso, al secolo Matteo Salvini.<\/p>\n<p><strong>\u00a0<\/strong>Situazione davvero buffa!\u00a0 A \u00a0Palazzo Chigi c\u2019\u00e8 chi dirige l\u2019orchestra destrorsa, tiene in riga la squadra e ricorda a vicepremier e ministri:\u00a0<strong>\u201c qui comando io<\/strong>\u00a0\u201d Triste epilogo del movimento padano sorto per l\u2019indipendenza del Veneto. Obiettivo fallito e oramai abbandonato. La rimasticatura \u00e8 la pi\u00f9 modesta e ridotta\u00a0<strong>Autonomia Differenziata,\u00a0<\/strong>una versione upgrade<strong>,<\/strong>\u00a0aggiornata del decentramento amministrativo stile anni Settanta del secolo scorso. In quell\u2019epoca i trasferimenti alle regioni avvenivano senza personale e senza soldi sufficienti. Oggi,\u00a0<strong>2025<\/strong>, lo Stato (la burocrazia centrale)\u00a0 applica la stessa logica per le materie\u00a0<strong>No-Lep<\/strong>. Allora, 55 anni or sono, come ora! Il tema sar\u00e0 ripreso pi\u00f9 avanti. La contenuta\u00a0 e limitata A.D., tuttavia, \u00e8 tuttora un frutto acerbo, precoce, ben saldo al ramo dell\u2019albero statale. Dice il contadino, \u201ccol tempo e con la paglia maturano le nespole\u201d. In effetti dall\u20198 maggio 2008, insediamento Berlusconi quater, \u00a0al 01 agosto 2025 , sono trascorsi 6.328 giorni,\u00a0<strong>oltre 17 anni!<\/strong>\u00a0 Madre natura fruttifica ogni anno, la politica, crudele matrigna,\u00a0 ritarda e rinvia.<\/p>\n<p>Stando alle vicende in corso, Giorgia Meloni dir\u00e0 la parola conclusiva su chi avr\u00e0 titolo a insediarsi in laguna per il prossimo quinquennio regionale. La candidatura per il Balbi verr\u00e0 fuori a seguito degli incontri conviviali ospitati nella residenza domestica del PcM. A queste riunioni, partecipano ed incidono, per quel che sar\u00e0 loro consentito, i due vicepremier, uno di Forza Italia e l\u2019altro della Lega, \u00a0un milanese e \u00a0due romani.\u00a0 Nel ruolo di\u00a0<strong>discussant<\/strong>, persona che analizza, interviene e perfino pu\u00f2 commentare, Maurizio Lupi Presidente del Partito \u201cNoi moderati\u201d. Contemporaneamente, i \u00a0leghisti nostrani stanno\u00a0<strong>\u201cpancia a terra\u201d<\/strong>, molto attenti a ci\u00f2 che succede alle loro spalle.<\/p>\n<p>Nella lingua italiana, essere autonomi significa\u00a0<strong>\u201cavere la capacit\u00e0 di decidere ed agire autonomamente<\/strong>\u201d, potest\u00e0 e facolt\u00e0 che alla Lega sono state sottratte da tempo.\u00a0 D\u2019altra parte, la \u00a0Lega\/Liga Veneta fin dal 1989, 36 anni fa, \u00e8 confluita, diventando una componente fondamentale della Lega Nord. In realt\u00e0, i due \u201cconfluenti\/affluenti\u201d non sono mai stati entit\u00e0 di pari dignit\u00e0 politica. Archiviato il \u00a0\u201cprogetto federale\u201d, il serbatorio di voti serenissimi\u00a0 \u00e8 stato usato come salmeria di supporto alle decisioni adottate a Milano prima da Bossi e ora da Salvini, per fare pesare \u00a0a livello nazionale le volont\u00e0 lombarde. Da ultimo,\u00a0 il Ponte di Messina che ha drenato soldi alla viabilit\u00e0 provinciale: asfaltature, manutenzione di ponti e viadotti, barriere paramassi, segnaletica stradale.<\/p>\n<p>Recita un noto proverbio, \u201ctutto il mondo \u00e8 Paese\u201d. Nel Centro sinistra, \u00a0banalmente, gli ordini, i \u201csuggerimenti\u201d per i posti che contano, da tempo immemore arrivano dalle direzioni centrali dei partiti che dal 1996 in avanti, si aggregano per credo e\/o per tornaconto,\u00a0 nella coalizione in via di perfezionamento denominata \u201ccampo largo\u201d.<\/p>\n<p>Osservando il teatrino della politica, facile constatare una\u00a0<strong>fortissima<\/strong>\u00a0attenzione dei partiti politici verso l\u2019elettorato di riferimento. A questo grave difetto, s\u2019aggiunge \u00a0una \u00a0contraddizione strutturale che li caratterizza da sempre. Il primo aspetto sta nel DNA italico, teorizzato e ben descritto da F. Guicciardini vissuto in epoca rinascimentale, prima di tutto il \u00a0<strong>\u201cproprio particulare<\/strong>\u201d. Per il secondo, i partiti sono\u00a0<strong>associazioni private<\/strong>\u00a0che esercitano una funzione\u00a0<strong>pubblica fondamentale<\/strong>, decidono chi\u00a0 partecipa alle competizioni elettorali. In pratica, i partiti scelgono i candidati, le candidature,\u00a0 in modo autonomo, spesso con regole interne non trasparenti: le\u00a0<strong>trattative segrete tra capi<\/strong>. Poi, una volta che\u00a0<strong>i pre-scelti\u00a0<\/strong>sono stati confermati dal voto popolare<strong>,\u00a0<\/strong>questi rappresentano tutti i cittadini, non solo gli iscritti o simpatizzanti del \u201c<strong>club \u00a0di appartenenza\u201d<\/strong>. In realt\u00e0, il cittadino \u00e8\u00a0 pretermesso, escluso, dal processo decisionale affidato e curato dal\u00a0<strong>club partito<\/strong>. Le statistiche elettorali registrano che da qualche decennio, il cittadino non sentendosi coinvolto n\u00e9 rappresentato non va a votare.<\/p>\n<p>La Costituzione all\u2019articolo\u00a0<strong>49 stabilisce<\/strong>\u00a0che i\u00a0<strong>cittadini s<\/strong>ono i\u00a0<strong>soggetti titolati<\/strong>\u00a0a\u00a0 concorrere, con\u00a0<strong>metodo democratico e tramite i partiti,\u00a0<\/strong>nella politica nazionale. Tuttavia,\u00a0<strong>da ottant\u2019anni<\/strong>, manca una legge che fissi criteri idonei a garantire il metodo democratico<strong>: trasparenza, merito, concorrenza e\u00a0<\/strong>per la dirigenza interna e per i candidati che\u00a0 i partiti \u00a0presentano alle tornate elettorali.\u00a0<strong>I\u00a0<\/strong>partiti politici in un sistema a suffragio universale e di rappresentanza\u00a0 sono\u00a0<strong>indispensabil<\/strong>i, essi un \u00a0ponte di raccordo tra la societ\u00e0 civile e le istituzioni pubbliche che governano i cittadini e le comunit\u00e0 ai differenti livelli.<\/p>\n<p>Finora,\u00a0<strong>1948\/2025<\/strong>, nessuna\u00a0<strong>leadership\u00a0 politica\u00a0 si \u00e8 spesa\u00a0<\/strong>e tantomeno il Parlamento ha approvato una norma volta a definire: competenze, ambiti, modus operandi del \u201cclub partito\u201d nella \u00a0fase\u00a0<strong>preliminare\u00a0<\/strong>di setaccio e valutazione degli aspiranti ai posti elettivi. La stessa legge dovrebbe affrontare e risolvere la problematica del finanziamento. In merito, riteniamo che\u00a0 i partiti politici debbano rimanere libere associazioni composte esclusivamente da cittadini, controllate dallo Stato, dotate di risorse economiche eque, di fonte private e pubblica, non per\u00f2 cos\u00ec rilevanti da poter influenzare le loro decisioni. La vigilanza pubblica \u00e8 necessaria e per la ineccepibile gestione dei fondi a disposizione e per la corretta applicazione dei criteri di scelta dei papabili alle posizioni di legislatore e amministratore. I futuri rappresentanti del popolo sono come degli scrittori che\u00a0 propongono\u00a0 alla casa editrice una loro opera frutto di ingegno, capacit\u00e0 e creativit\u00e0. L\u2019editore (<strong>il partito politico)<\/strong>\u00a0prima di prendersi carico di: autore, libro e costi derivati, valuta (anche) se quanto proposto risponda al target del pubblico acquirente. Se il libro non ha successo, i costi maggiori sono dell\u2019editore, (<strong>le pubbliche istituzioni)<\/strong>. \u00a0Che vuol dire?<\/p>\n<p>Nel tandem\u00a0<strong>scrittore-editore<\/strong>, entrambi i soggetti sono\u00a0<strong>privati<\/strong>\u00a0e se c\u2019\u00e8 un flop paga l\u2019acquirente delle prestazioni, l\u2019<strong>editore<\/strong>. Viceversa, nell\u2019abbinata\u00a0<strong>partito-cittadino,\u00a0<\/strong>due privati, per le mancate prestazioni promesse paga alla fine e di pi\u00f9\u00a0<strong>il cittadino<\/strong>. Infatti, il partito politico, se il candidato proposto si riveler\u00e0 \u201c<strong>inidoneo<\/strong>\u201d al poso occupato non paga \u201cdazio\u201d. La Cassazione, da ultimo a febbraio anno corrente, ha escluso la possibilit\u00e0 di risarcimento per\u00a0<strong>\u201ccattivo esercizio della funzione legislativa<\/strong>\u201d, poich\u00e9 il potere politico \u00e8 sottratto al sindacato giurisdizionale. In altre parole, il legislatore nazionale e regionale, \u00a0che\u00a0 con l\u2019attivit\u00e0 normativa pu\u00f2 produrre\u00a0<strong>anche<\/strong>\u00a0effetti negativi su cittadini, imprese o enti pubblici, non pu\u00f2 essere chiamato a risarcire il danno provocato. AL suo posto paga l\u2019amministrazione di appartenenza. Il punto \u00e8 controverso, discusso e discutibile e qui non interessa.\u00a0 L<strong>\u2019operosit\u00e0 legislativa<\/strong>\u00a0messa in atto dal 1980 in avanti\u00a0 dalle\u00a0 classi dirigenti succedutesi al potere, ha realizzato\u00a0 uno stratosferico debito pubblico tant\u2019\u00e8 che\u00a0<strong>ogg<\/strong>i,\u00a0 nessun\u00a0<strong>governo \u00e8 in grado\u00a0<\/strong>di poter corrispondere alle esigenze dei cittadini per i servizi di base: sanit\u00e0, scuola, trasporti, sicurezza e via via. Il cittadino insoddisfatto se la prende con la <strong>\u201cpolitica\u201d<\/strong>, epper\u00f2, non\u00a0<strong>sa\/pu\u00f2\/vuole individuare<\/strong>\u00a0precise responsabilit\u00e0 e\u00a0<strong>ai differenti<\/strong>\u00a0livelli di governo e\u00a0<strong>alla qualit\u00e0<\/strong>\u00a0dei provvedimenti e dei decisori pubblici. L\u2019incipit, Il dato inziale resta in ogni caso, il cittadino se ha votato, ha scelto una persona indicata da un \u00a0<strong>soggetto<\/strong>\u00a0<strong>privato<\/strong>, il\u00a0<strong>partito politico. E da qui, dalle fondamenta bisogna ri- partire!<\/strong><\/p>\n<p>Nella realt\u00e0 italiana il partito \u00e8 il\u00a0<strong>dominus<\/strong>, il padrone,\u00a0 delle e nelle istituzioni, il cittadino \u00e8 il\u00a0<strong>cavalier servente<\/strong>. Quindi o si inverte il rapporto includendo il cittadino-associato fin dalla prima fase affidata \u00a0<strong>in esclusiva ai partiti politici<\/strong>, \u00a0oppure il viale del tramonto democratico \u00e8 gi\u00e0 imboccato. Noi stiamo vivendo in \u00a0una democrazia\u00a0<strong>\u201c a bassa intensit\u00e0\u201d (<\/strong>S. Mattarella 25 aprile<strong>). Poco,\u00a0<\/strong>ci si pu\u00f2 aspettare dalla risorgente cultura neo-fascista e corporativa, da quella padronale con interlocuzione diretta in Parlamento, da quella un tempo padana ora nazional\/locale\u00a0 e nel contempo pro Putrump, Putin+Trump.\u00a0<strong>Chi allora?<\/strong><\/p>\n<p>Eppure, qualcosa \u00e8 stato fatto, anche se le resistenze al cambiamento sono\u00a0<strong>granitiche. Il\u00a0<\/strong>partito democratico,\u00a0<strong>PD<\/strong>, nel suo statuto fondativo all\u2019 art.4, prevede\u00a0<strong>le primarie<\/strong>, strumento di partecipazione di iscritti ed elettori interpellati per valutare i candidati nelle cariche interne, il segretario nazionale o quelle esterne in occasione di elezioni pubbliche, sindaci, presidenti di regione, eccetera. Alla prova dei fatti,\u00a0<strong>Venezia 2020<\/strong>\u00a0il candidato Sindaco On.le Pierpaolo Baretta (PD) ha corso senza alcun\u00a0<strong>\u201dbagno democratico<\/strong>\u201d. Seguendo la tradizione, l\u2019incarico \u00a0gli \u00e8 stata affidata dagli organi competenti in Venezia, Padova e Roma,\u00a0<strong>tre club di soci privati<\/strong>. \u00a0Nelle comunali 2020 di Venezia,\u00a0<strong>PD 19.27% e aggregati 29.27%, una sonora sconfitta.\u00a0<\/strong>Il \u00a0vincitore \u00e8 stato\u00a0<strong>Luigi Brugnaro, 54.13%.\u00a0<\/strong>Prosieguo della telenovela. Il pluridecorato onorevole, invece di rimanere a capo dell\u2019opposizione, \u00a0ha colto l\u2019opportunit\u00e0 offertagli dal Sindaco del Comune di Napoli di diventare Assessore Municipale. Si sa, il capoluogo campano \u00e8 perfettamente fungibile, identico, con quello veneto. Unica differenza \u00e8 il mare prospicente: \u00a0Venezia ha di fronte l\u2019Adriatico, Napoli il Tirreno e tuttavia, entrambi hanno la stessa acqua salata detta anche \u201cacqua di mare\u201d, ma con differente tasso di salinit\u00e0.<\/p>\n<p>Indugiamo sul PD-Veneto. Fin dal 1970 la regione va al voto ogni cinque anni, quindi, stando al calendario solare dopo il 2020 arriva il 2025, tuttavia le\u00a0<strong>primarie non si sono svolte<\/strong>. Le decisioni importanti non si assumono con le nuove regole, ma con riti tribali in vigore da decenni. I \u201csuggerimenti romani\u201d sono stati recepiti, metabolizzati\u00a0 e spifferati, casualmente, alla stampa del luogo. Una candidata dopo qualche sussurro di troppo in Palazzo Ferro-Fini ha declinato l\u2019offerta, altre sono state respinte, preferita la candidatura ora in lizza.<\/p>\n<p>Chiss\u00e0\u00a0 se il vertice regionale PD residente nell\u2019area Metropolitana, per evitare un\u2019ulteriore batosta, lotter\u00e0 in modo indefesso\u00a0<strong>da qui in avanti<\/strong>\u00a0per attuare le primarie. A settembre partono i \u201ctavoli programmatici\u201d, i quali possono essere contestuali al percorso da intraprendere alla ricerca della\u00a0<strong>migliore candidatura\u00a0<\/strong>per il post-Brugnaro. Il tempo c\u2019\u00e8, la norma pure, lo strumento anche, non ci sono scuse. L\u2019alternativa \u00e8 quella ordinaria. Scelgono i soliti noti, i \u201cgruppetti tra pochi intimi\u201d, le consorterie di ciascun partito\/movimento\/lista civica\/comitato del \u201ccampo largo\u201d o futuro \u201ccampo santo\u201d. Segnalo al senatore Andrea Martella,\u00a0<strong>a futura memoria<\/strong>, che la citt\u00e0 di Venezia nel \u00a02026\u00a0 \u00e8 pi\u00f9 contendibile rispetto alla\u00a0 \u00a0Regione del Veneto dell\u2019anno corrente.<\/p>\n<p><strong>Tiriamo avanti<\/strong>. In attesa delle decisioni degli stakeholder, gli azionisti \u00a0governativi, in periferia -per il sollazzo dei media indigeni- il concorrente Flavio Tosi, Forza Italia, critica l\u2019operato del Presidente uscente. I settori attenzionati sono gli stessi indicati dalla Corte dei conti nel referto, nell\u2019esame, all\u2019esercizio finanziario 2024. Le criticit\u00e0 riguardano: l\u2019eccessivo consumo di suolo e il superamento dei limiti di PM10,\u00a0<strong>polveri dannose\u00a0<\/strong>presenti nell\u2019aria che respiriamo e rilevate in diverse<strong>\u00a0aree urbane del Veneto<\/strong>.\u00a0<strong>In sanit\u00e0<\/strong>, liste d\u2019attesa ancora troppo lunghe e scelta molto discutibile di destinare una quota rilevante delle risorse straordinarie<strong>\u00a0al privato accreditato, anzich\u00e9 al pubblico.\u00a0<\/strong>Per le infrastrutture due rilievi importanti.\u00a0<strong>Pedemontana.<\/strong>\u00a0Nel 2024, la Regione ha\u00a0<strong>versato 140,8 milioni<\/strong>\u00a0di euro al concessionario privato e\u00a0 dopo i primi 9 mesi di esercizio il deficit \u00e8 gi\u00e0 di\u00a0<strong>47 milioni<\/strong>\u00a0di \u20ac. Al termine\u00a0<strong>dei 39<\/strong>\u00a0anni di gestione, il saldo complessivo tra canoni versati alla societ\u00e0 privata concessionaria e incassi da pedaggi\u00a0\u00a0<strong>potrebbe produrre<\/strong>\u00a0una perdita complessiva di quasi mezzo miliardo di \u20ac,\u00a0<strong>471 milioni.\u00a0<\/strong>I beb\u00e8 dei prossimi decenni, oltre al peso del debito statale pro-capite, 54.200 \u20ac \u00a0avranno il <strong>\u201c il pacco Pedemontana<\/strong>\u201d, <strong>dono<\/strong> di wellcoming, di benvenuto della Giunta Zaia<strong>.<\/strong>\u00a0Altra contabilit\u00e0 in rosso \u00e8 quella delle Olimpiadi di Cortina-Milano, gi\u00e0 in perdita \u00a0di 30.5 milioni di \u20ac che sommati ai precedenti, porta il saldo negativo a\u00a0<strong>150,3 milioni<\/strong>\u00a0di \u20ac. Ambiente, Sanit\u00e0, Pedemontana e Olimpiadi 2026, pesanti eredit\u00e0 per\u00a0 il futuro Presidente<\/p>\n<p>Perch\u00e9 il<em>\u00a0Centro-Sinistra in Veneto negli ultimi trent\u2019anni \u00e8 stato\u00a0<strong>\u201d\u00a0<\/strong>declinante\u201d nel consenso.<\/em><\/p>\n<p>Una succinta nota, del perch\u00e9 negli ultimi trent\u2019anni<strong>, i partiti d<\/strong>\u2019opposizione si sono diligentemente mantenuti in minoranza. Nel frattempo, il maratoneta Giovanni Manildo, avvocato, persona per bene, gi\u00e0 sindaco per una volta della citt\u00e0 di Treviso, macina chilometri verso la meta di Palazzo Balbi. I trevigiani, tuttavia, non hanno colto l\u2019opportunit\u00e0 di apprezzarne le capacit\u00e0 politico-amministrative per una seconda sindacatura. Talvolta capita. A suo sostegno, tutte le formazioni del \u201ccampo largo\u201d, nuovo marchio di coalizione, non ancora\u00a0 depositato all\u2019ufficio brevetti della politica nazionale.\u00a0<strong>Nel 1995<\/strong>, prima votazione a turno maggioritario unico, l\u2019allora centro-sinistra dal 2010 PD e alleati, quotava\u00a0<strong>il 33%<\/strong>\u00a0dei consensi, mentre il centro destra ebbe\u00a0<strong>il 36%.<\/strong>\u00a0Cinque anni fa, il\u00a0<strong>centro-destra \u00e8 asceso al 77%, il centro-sinistra\u00a0 \u00e8 disceso<\/strong>\u00a0<strong>al 16%. \u00a0<\/strong>Nel\u00a0<strong>1995\u00a0<\/strong>il tasso d\u2019affluenza\u00a0<strong>85 %<\/strong>,\u00a0<strong>2020<\/strong>,\u00a0<strong>61%<\/strong>,\u00a0<strong>meno 24%,<\/strong>\u00a0quale tra i due schieramenti \u00e8 stato pi\u00f9 penalizzato \u00a0dall\u2019astensionismo ? perch\u00e9? Noi non sappiamo rispondere, \u00a0occorrono studi, analisi, ricerche, elaborazioni, politologi\u2026<\/p>\n<p>Nel 1995, non stava scritto nelle tavole di Mos\u00e8:\u00a0<strong>\u201cil Veneto al Cdx<\/strong>\u201d ! Sul tema, un bell\u2019articolo di Marco Zanetti scrittore di vicende locali :\u201cIl Veneto che poteva essere<strong>, ma che non si \u00e8 voluto\u201d.\u00a0<\/strong>Tornando all\u2019oggi. La \u201cgioiosa macchina da guerra\u201d allestita dal senatore Andrea Martella, agevolmente potr\u00e0 superare l\u2019esistente\u00a0<strong>16%<\/strong>, espandibile fino al\u00a0<strong>21%\u00a0<\/strong>dei votanti al referendum di giugno, tradotto \u00a0in numeri significa raccogliere tra i 500mila e 1 milione di voti, con l\u2019auspicio di andare oltre. Il Veneto merita, dopo trent\u2019anni, una governance alternativa, pi\u00f9 forte\u00a0 e di qualit\u00e0. Tuttavia, a parit\u00e0 di consenso raccolto, il numero di Consiglieri pu\u00f2 variare, la variabile sta nelle mani del Cdx. La spiegazione \u00a0\u00e8 \u00a0\u00a0rinviata all\u2019ultimo paragrafo.<\/p>\n<p><strong><em>I<\/em><\/strong><em>\u00a0numeri\u00a0 hanno la\u00a0<strong>\u201ctesta dura\u201d,<\/strong>\u00a0 andava ripetendo ai suoi ministri Charles De Gaulle, Presidente della Francia<\/em>.<\/p>\n<p>Per comprendere la\u00a0<strong>decrescita \u201cfelice\u201d solo per alcuni,\u00a0<\/strong>basta rinvenire in rete\u00a0<strong>chi\u00a0<\/strong>\u00e8 stato eletto\/nominato nelle fila dell\u2019area riformista durante il trentennio\u00a0<strong>1995\/2025,<\/strong>\u00a0a scala\u00a0<strong>europea, nazionale, governativa e regionale.\u00a0<\/strong>Ciascun elettore di Csx pu\u00f2 chiedere<strong>\u00a0\u00a0<\/strong>al rappresentante votato<strong>: come mai tu<\/strong>\u00a0sei stato eletto e il partito\u00a0 nelle votazioni regionali ha continuato a\u00a0<strong>perdere voti?\u00a0<\/strong>Ministri, Sottosegretari, Parlamentari e Consiglieri regionali \u00a0<strong>una o pi\u00f9<\/strong>\u00a0<strong>legislature<\/strong>\u00a0alle spalle sono persone che hanno (avranno) il diritto\u00a0 di godersi\u00a0<strong>\u201cvitalizi\u201d, pensioni, prebende<\/strong>\u00a0finch\u00e9 vivono e vivranno loro e i loro cari. Ebbene, tutta questa brava gente, guardandosi allo specchio pu\u00f2 canticchiare la canzoncina napoletana:\u201c chi ha dato, ha dato, ha dato, scurdammoce \u00f4 ppassato, simmo \u2018e Napule, pais\u00e0!\u201d .<strong>pardon<\/strong>\u00a0\u201c<strong>semo a Venessia, in Veneto, desmenteghemose \u00a0ci\u00f2<\/strong>\u201d.<\/p>\n<p><em>La mancata riforma dell\u2019Autonomia Differenziata ha privato il Veneto di una strategia per lo sviluppo regionale\u00a0 fatto perdere soldi alle casse regionali. \u00a0<\/em><\/p>\n<p>La coalizione di centro-destra su di una questione nodale per lo sviluppo regionale, ha fallato, sbagliato, non ha portato a \u201c\u00a0<strong>casa<\/strong>\u00a0<strong>niente\u201d.\u00a0<\/strong>\u00a0La Lega,\u00a0 con i tre lustri della Presidenza Zaia e la precedente vice presidenza a fianco di G. Galan, ha evaporato il sogno, l\u2019utopia di un Veneto indipendente e sovrano. L\u2019Autonomia Differenziata \u00e8 stata \u00a0un utile strumento di distrazione di massa, sostituito da una \u00a0gestione mirata a conservare, con pochi ritocchi, il sussistente. Il focus dell\u2019azione regionale ha privilegiato il\u00a0\u201c<strong>particulare\u201d<\/strong>\u00a0di ciascuno, delle singole categorie produttive, del volontariato civile e di quello cattolico e via, via sotto-segmentando in relazione alle diverse tipologie di elettorato reale e\/o potenziale.<\/p>\n<p>La controprova \u00e8 il tonfo, il niente, sull<strong>\u2019Autonomia Differenziata\u201d.\u00a0<\/strong>La materia \u00e8 a pieno titolo nel perimetro pubblico, nel primato della politica e dei partiti del Centro-Destra\u00a0<strong>\u201cpadroni\u201d<\/strong>\u00a0in Veneto e partner stabili nei Governi: berlusconiani, tecnici e, nel caso Lega, perfino pentastellati.\u00a0<strong>Di pi\u00f9<\/strong>. L\u2019opposizione regionale\u00a0<strong>nel 2007<\/strong>\u00a0\u00e8 stata solidale e nel\u00a0<strong>2017\u00a0<\/strong>\u00e8 stata autolesionista verso s\u00e9 stessa, ma non \u00a0si \u00e8 mai\u00a0<strong>\u201c<\/strong>messa di traverso\u201d anzi !.\u00a0<strong>Tanto potere, tanti posti di comando, tanta gloria, per cosa?<\/strong><\/p>\n<p>Infatti, la presa per i fondelli dei veneti \u00e8 scattata fin dal Governo Berlusconi quater in sella dal\u00a0<strong>2008 al 2011<\/strong>. In quella compagine sedevano i ministri\u00a0<strong>U. Bossi, R. Maroni, R. Calderoli e L. Zaia.\u00a0\u00a0<\/strong>La richiesta, votata all\u2019unanimit\u00e0 dal Consiglio Regionale nel dicembre del 2007, di\u00a0 trasferire almeno<strong>\u00a013 materie\u00a0<\/strong>possibili tra quelle previste dell\u2019Autonomia Differenziata<strong>\u00a0\u00e8 stata negata, cassata<\/strong>. L\u2019ultimo esecutivo del cavaliere era composto da due poli, AN centralista e pro-Sud e Lega Nord per le regioni che \u201ctengono su l\u2019Italia\u201d. Dopo tre anni, il nulla.\u00a0<strong>\u201cLa madre di tutte le battaglie<\/strong>\u201d ? \u00e8 stata una\u00a0<strong>\u201cfantozziana boiata pazzesca\u201d<\/strong>\u00a0Lo stato maggiore leghista\u00a0 al vertice del potere in Roma, avrebbe dovuto lottare fino allo stremo delle proprie forze, non lo ha fatto. Perch\u00e9 ? aveva altre priorit\u00e0 ? Giorgia Meloni in quell\u2019esecutivo era ministro della giovent\u00f9, da ricordare. Nel frattempo, i giorni trascorsi sono stati\u00a0\u00a0<strong>6.327<\/strong>\u00a0\u00a0<strong>oltre 17 anni<\/strong>. Di questa\u00a0<strong>prima bocciatura<\/strong>\u00a0\u00a0<strong>politica<\/strong>, poco si \u00e8 parlato, meno ancora si \u00e8 approfondito, inesistente il dibattito pubblico. Quanto \u00e8 successo, meglio non successo,\u00a0<strong>dal 2008 al 2011\u00a0<\/strong>\u00e8 stato ignorato, oscurato e dimenticato.<\/p>\n<p><strong>Andiamo oltre. I<\/strong>l Consiglio Regionale dominato da Zaia e Lega,\u00a0<strong>nel 2014<\/strong>\u00a0approva due leggi richiedenti al Governo di poter consultare il\u00a0<strong>\u201cpopolo veneto<\/strong>\u201d al fine di\u00a0<strong>\u201cessere indipendenti, sovrani e\u00a0 trattenere in loco l\u201980 % delle tasse versate a\u00a0 Roma<\/strong>\u201d ed altro ancora. Il Governo impugna le norme e la Corte costituzionale boccia ben cinque\u00a0 referendum sui sei richiesti, demolendo dalle\u00a0<strong>fondamenta sogno, tesi e narrazione leghista al bar e nelle televisioni<\/strong>.<\/p>\n<p><strong>NO<\/strong>\u00a0<em>al Veneto indipendente e sovrano<\/em>,\u00a0<strong>NO<\/strong>\u00a0<em>al Veneto Regione a statuto speciale<\/em>,\u00a0<strong>NO<\/strong>\u00a0<em>a che le tasse raccolte restino in Veneto per\u00a0<strong>l\u201980%.<\/strong>\u00a0<\/em><strong>NO<\/strong>\u00a0<em>a che la Regione decida autonomamente come amministrarsi le risorse in arrivo da Roma<\/em>. Salvato un unico quesito referendario, che recita \u201cVuoi tu che la regione sia pi\u00f9 autonoma ?\u201d vale a dire: \u201cVuoi tu bene alla mamma?\u201d<\/p>\n<p>Un <strong>mediocre<\/strong> amministratore di condominio, se l\u2019ufficio tecnico comunale respinge \u00a0la radicale ristrutturazione dell\u2019immobile condominiale, tranne la\u00a0<strong>dipintura<\/strong>\u00a0<strong>esterna\u00a0<\/strong>del muretto di cinta che fa \u00a0? Si ferma e riflette. Zaia, partner di Giunta, l\u2019intero Consiglio Regionale, tranne due consiglieri, le associazioni datoriali, quelle sindacali, la chiesa locale, stampa-tv-radio, l\u2019opinione pubblica in generale, tutti in coro a spingere e spalleggiare \u00a0Zaia per andare verso il referendum farlocco sprecone di tempo e di soldi \u00a0<strong>circa 14 \u00a0milioni di \u20ac,<\/strong>\u00a0attuato\u00a0 il 22.10. 2017. Da allora sono trascorsi \u00a0<strong>2.841 giorni, quasi 8 anni. Successo qualcosa ? No.\u00a0<\/strong>\u00a0Con l\u2019occasione informiamo le genti venete, che il\u00a0<strong>millantato \u201cresiduo fiscale,\u00a0<\/strong>cavallo di battaglia della propaganda leghista<strong>\u00a0portante quasi 263 milioni di \u20ac,\u00a0<\/strong>non \u00e8 si \u00e8 presentato alle casse regionali. Il tesoriere gli ha chiesto le ragioni e lui di cognome\u00a0<strong>\u201cresiduo\u201d<\/strong>\u00a0e di nome \u201c\u00a0<strong>fiscale\u201d<\/strong>\u00a0ha risposto: \u201cmi manca la\u00a0<strong>causale, il motivo del versamento,<\/strong>\u00a0chiedete a Zaia Luca\u201d.<\/p>\n<p>Nei mesi antecedenti il\u00a0<strong>\u201csondaggio popolare<\/strong>\u201d, il Governo di Csx, Gentiloni premier, propose invano, un\u2019intesa preliminare per conferire alcune competenze ex art. 116 comma 3 della Costituzione. Luca Zaia rispose : \u201c o le \u00a023 materie o vado al referendum\u201d e cos\u00ec avvenne. A \u00a0settembre prossimo, il Ministro Calderoli chiamer\u00e0 Zaia per firmare una pre-intesa concedendo al Veneto\u00a0 3 materie tipo quelle Gentiloni\/Bressa\u00a0<strong>nel 2017, rifiutate.\u00a0<\/strong>Suvvia, \u00a0adesso il palcoscenico e l\u2019attore principale \u00a0\u00e8 cambiato, \u00e8 tutt\u2019<strong>altra fiction<\/strong>,\u00a0<strong>soap opera, film<\/strong>. \u00a0\u00a0<strong>\u00a0<\/strong><\/p>\n<p>Nella primavera del\u00a0<strong>2018<\/strong>\u00a0dall\u2019esito del voto escono premiati i 5 stelle che, assieme alla Lega danno vita al Conte I. I due vice premier, L. Di Maio e M. Salvini, stipulano un \u201ccontratto di governo\u201d nel cui testo per l\u2019 A.D. \u00e8 prevista una \u201c<strong>conclusione rapida<\/strong>\u201d. Il Ministro per gli affari regionali \u00e8 una leghista, di Vicenza, avvocato Erika Stefani. Tutto si \u00e8 svolto cos\u00ec in fretta, cos\u00ec celermente, \u00a0che \u00a0l\u2019A.D, \u00a0fatta su \u00a0misura di Veneto, sarto e sartina dotati di metro, ago, filo e forbici si \u00a0stanno ancora rincorrendo nei palazzi ministeriali.\u00a0<strong>Seconda bocciatura.\u00a0<\/strong>\u00a0<strong>L\u2019A.D. veneta<\/strong>, quella\u00a0<strong>\u201ctaylor made\u201d<\/strong>\u00a0a 23 carati, pardon competenze, impacchettata, archiviata<strong>\u00a0\u00a0<\/strong>e congelata per le generazioni future !.<\/p>\n<p>Tutti gli italiani\u00a0<strong>di terra, di cielo e di mare<\/strong>, sanno che il carico di lavoro dell\u2019attuale Governo \u00e8 ripartito in tre riforme per tre partiti: Premierato alla Meloni-FdI, hurr\u00e0! \u00a0Giustizia a Tajani-F.I. hurr\u00e0! e A.D. alla Lega, hurr\u00e0! A \u201cNoi moderati\u201d il \u00a0ruolo di\u00a0<strong>\u201cdiscussant\u201d,<\/strong>\u00a0vedi sopra. Dell\u2019Autonomia Differenziata, si sta occupando un \u00a0<strong>Ministro leghista<\/strong>\u00a0gi\u00e0 presente ai tempi del Berlusconi-quater nel 2008 che, lavorando sodo s\u2019\u00e8 intestato il prodotto finale, legge nr. 86\/2024, c.d.\u00a0<strong>la \u201cCalderoli\u201d.<\/strong>\u00a0Pubblicata in G.U., il notiziario delle leggi, la norma in questione aveva tanti meriti, ma un unico difetto, spaccava l\u2019Italia in due: Nord contro Sud, guelfi contro ghibellini, Orazi contro Curiazi. Oltre 1milionee 330 mila cittadini e cinque regioni avevano chiesto il referendum abrogativo, epper\u00f2 la Corte costituzionale ha sottratta la norma al giudizio popolare, ma giudiziosamente l\u2019ha inaridita dai\u00a0<strong>\u201ccontenuti innovativi<\/strong>\u201d, proprio quelli voluti dal Governo Meloni. Alle volte succede. Gino Bartali, un leggendario ciclista del secondo dopoguerra, diceva \u00a0<em>\u201cL\u2019\u00e8 tutto sbagliato, l\u2019\u00e8 tutto da rifare!\u201d.<\/em>\u00a0La legge \u00a0\u00e8 stata rispedita ai parlamentari che con calma , la riscriveranno. Nell\u2019anno in cui riapparir\u00e0 ( da giocare al lotto) nella Gazzetta dello Sport, pardon sulla Gazzetta Ufficiale, pu\u00f2 sempre accadere che una Regione insoddisfatta, forse una del Sud, ripresenti ricorso alla Consulta, beh allora , altro giro, altra corsa, a tappe.<\/p>\n<p>Nel frattempo, il Ministro Calderoli non sta con le mani in mano. A Pontida, \u00a0amena localit\u00e0 della Provincia di Bergamo, il ventesimo giorno del mese di luglio ha annunciato che per settembre alcune regioni saranno chiamate a firmare un\u2019ipotesi di intesa per avere tre materie, No-LEP, cio\u00e8 senza soldi, senza personale e senza prestazioni minime da garantire al cittadino. In Italia, causa debito pubblico pari a\u00a0 3.033 miliardi di \u20ac, le riforme si fanno ad\u00a0<strong>\u201cinvarianza di spesa pubblica\u201d,<\/strong>\u00a0tre paroline magiche che ci assicurano il giudizio positivo dei mercati finanziari internazionali e l\u2019approvazione dall\u2019Unione Europea del bilancio di Stato. Perch\u00e9 facciamo riforme se non abbiamo i soldi ? Proseguiamo. Le materie decentrate in periferia sono: la Protezione civile, le professioni non regolamentate e la previdenza complementare integrativa, ma solo per i dipendenti pubblici. Sempre a Pontida, \u00e8 stato detto che per la Lombardia \u201c<strong>si \u00e8 lavorato dietro le quinte<\/strong>\u201d per trasferire anche la \u201c<strong>sanit\u00e0<\/strong>, al<strong>\u00a0f<\/strong>ine di incrementare\u00a0 stipendi a medici e infermieri \u201d eh gi\u00e0, c\u2019\u00e8 sempre chi arriva primo e chi si deve mettere in lista d\u2019attesa come negli ospedali veneti, c\u2019est la vie!\u00a0 Luca Zaia, aveva chiesto la possibilit\u00e0 di promuovere il Prosecco in Australia, pure materia No-Lep.\u00a0<strong>\u00c8 \u00a0alta strategia da politica estera<\/strong>\u00a0\u00a0! il prosecco va promosso <strong>dalla burocrazia<\/strong> <strong>statale, centrale,<\/strong>\u00a0<strong>ohib\u00f2!<\/strong><\/p>\n<p><strong>\u00a0<\/strong><em>Il rebus delle regionali. Luca Zaia \u00e8 ad un bivio. Esercita la sua \u00a0\u201cleadership\u201d \u00a0e corre in \u201cAutonomia\u201d, oppure\u00a0 si acquatta nel Cdx e sar\u00e0 \u201csfamato \u201c da Roma\u00a0 con un posto da Ministro<\/em><\/p>\n<p>Trascorsi\u00a0<strong>24 anni<\/strong>\u00a0dall\u2019entrata in Costituzione dell\u2019Autonomia Differenziata e\u00a0<strong>oltre 17\u00a0\u00a0<\/strong>dalla prima richiesta del Veneto di ottenerla, l\u2019argomento tiene ancora banco anche se con una netta inversione di tendenza. Un sondaggio del mese corrente, \u00a0attesta che\u00a0<strong>il 60% degli italiani<\/strong>\u00a0\u00e8 contrario all\u2019A.D, tranne il Nord-Est che nella stessa \u00a0<strong>%\u00a0 \u00e8 a favore<\/strong>.\u00a0<strong>\u00a0<\/strong><\/p>\n<p>In quest\u2019aerea del Paese i residenti in due regioni su tre hanno l\u2019Autonomia Speciale e sono soddisfatti di averla: Trentino Alto-Adige e Friuli Venezia -Giulia, mentre per il Veneto resta \u00a0<strong>\u201cil sogno\u201d.<\/strong>\u00a0Le due bocciature dei governi a partecipazione leghista e la stroncatura della Consulta, non sono girate nei bar, discoteche e bocciofile, di conseguenza il cittadino comune\u00a0<strong>non sa.\u00a0<\/strong>\u00a0Luca Zaia, quindi, \u00e8 l\u2019interprete ideale per \u00a0l\u2019A.D. pro-Veneto e pu\u00f2 giocarsi la partita in\u00a0<em>\u201ctutta autonomia\u201d,\u00a0<\/em>magari ispirandosi al modello S\u00fcdtiroler Volkspartei (SVP) adeguato alle esigenze venete, restando nel centro destra e, cos\u00ec facendo, affrancarsi da M. Salvini. Il fatto che da quasi vent\u2019anni nulla ha combinato sul dossier A.D., poco conta.<\/p>\n<p>Da abile public relation man, Luca Zaia ha gi\u00e0 iniziato \u00a0a sparare la prima fanfaronata \u00a0<strong>\u201c A Roma i super-poteri ? li merita anche Venezia\u201d<\/strong>. Tranquilli, non succeder\u00e0 niente come nulla \u00e8 successo nel 2008-2011. L\u2019unica variante della compagine governativa\u00a0<strong>di 17 anni dopo<\/strong>\u00a0\u00e8 che l\u2019allora Ministro della Giovent\u00f9, una donna Giorgia Meloni, oggi \u00e8 il Presidente del Consiglio,\u00a0<strong>17 anni fa<\/strong>\u00a0c\u2019era un uomo, Silvio Berlusconi. \u00a0<strong>Nel merito<\/strong>. Venezia ha titolo come Milano, \u00a0Firenze, Roma, Napoli e Palermo. Il tema vero \u00e8 trasformare lo stato apparato da centralista a federale (confederale), \u00a0vecchia idea di C.\u00a0<strong>Cattaneo 1861<\/strong>.\u00a0 Pure la UE deve evolvere in \u00a0federazione (confederazione)con competenze esclusive in: politica estera, difesa, fisco, logistica, obiettivo \u00a0perseguito \u00a0<strong>A. De Gasperi, 1950<\/strong>. I presidenti di entrambi gli Stati vanno eletti a suffragio universale e diretto. \u00a0Ulteriori dettagli sono qui disponibili fina dal 2023. Ora se la politica nazionale, recuperando i\u00a0<strong>164 anni perduti<\/strong>, vuole redigere un appropriato disegno di legge costituzionale\u00a0 intitolato \u201c\u00a0<strong>Italia Federale in un\u2019Europa Federale\u201d,<\/strong>\u00a0meglio tardissimo che mai. Capisco Luca Zaia , da qui a novembre, ogni mattina dovr\u00e0 inventarsene una, avanti con la prossima !<\/p>\n<p>Venendo alle elezioni in Veneto. La popolarit\u00e0 di Zaia \u00e8 diffusa sul territorio, egli \u00e8 tra i pi\u00f9 amati governatori d\u2019Italia e ha dalla sua \u00a0il \u201ctesoretto\u201d 2020, \u00a0par a\u00a0\u00a0<strong>916.087 suffragi<\/strong>\u00a0il 44.5% del Cdx, percentuale ri-confermata dai \u00a0recenti sondaggi. Tutti elementi positivi per poter esercitare, a pieno titolo, una\u00a0<strong>\u201cleadership\u201d<\/strong>\u00a0amministrativa e \u00a0\u00a0politica, a tutto campo. I residuali partiti capitanati da un milanese e due romani, nel 2020 hanno quotato meno del 35 %, potranno gareggiare con la \u201cLista Zaia\u201d e\u00a0 il campo largo.<\/p>\n<p>Opportuno precisare che\u00a0 la natura conservativa dello status quo tipica dell\u2019elettorato veneto,\u00a0<strong>probabilmente<\/strong>\u00a0vedr\u00e0 le due liste dell\u2019area Zaia, FdI, Lega, F.I. arrivare una prima e l\u2019altra seconda, terza l\u2019area riformista. La ragione sta nell\u2019archivio statistico\u00a0 delle consultazioni europee, nazionali e regionali,\u00a0<strong>1970\/2025<\/strong>. Tranne le europee del <strong>2014 <\/strong>quando il PD del Veneto ebbe quasi il 40% delle preferenze, pur essendo \u00a0all\u2019opposizione a Venezia a Roma, invece, al\u00a0 Governo con Renzi. In tutte le altre occasioni, i partiti premiati alle regionali, sono stati gli stessi che comandavano e in laguna e nella capitale. 1970\/1995 DC fino al1980 e poi DC-PSI, 1995-2025 gli attuali partiti in carica. Inoltre, per la normativa regionale vigente, chi prende un voto in pi\u00f9 spetta il 60% dei Consiglieri e il posto di Governatore, il candidato Presidente perdente andr\u00e0 a sedersi in Consiglio Regionale, l\u2019alfiere della terza coalizione \u00a0\u00a0rester\u00e0 a casa, a meno che non risulti eletto \u00a0consigliere in una delle sette province.<\/p>\n<p><strong>Secondo scenario<\/strong>. Se Luca Zaia, al termine della trattativa in corso, s\u2019acquatter\u00e0 nell\u2019usuale campo da gioco, probabilmente sar\u00e0 \u201csfamato\u201d da Roma, come ebbe a dire M. Gasparri a gennaio di quest\u2019anno. Di conseguenza,\u00a0<strong>con un Cdx unito e coeso<\/strong>, il Campo largo avr\u00e0 il Candidato Presidente a Palazzo Ferro Fini e\u00a0<strong>forse<\/strong>\u00a0qualche di consiglieri in pi\u00f9 rispetto ad oggi.<\/p>\n<p>Nel referendum dell\u20198-9 giugno , diritto di cittadinanza e Jobs Act, le classi giovanili (18-34 anni) hanno superato l\u2019indifferenza mostrata in precedenti circostanze. La loro partecipazione \u00e8 stata pi\u00f9 alta della media nazionale in alcune citt\u00e0 universitarie e nei comuni con forte presenza di lavoratori precari, situazioni percepite pi\u00f9 vicine alle loro esperienze.<\/p>\n<p>La ripresa del voto giovanile verso l\u2019area liberale e progressista con un \u00a0tasso d\u2019affluenza nazionale al referendum che ha sfiorato il 30%, \u00e8 un segno che \u00a0in Italia c\u2019\u00e8 chi non si arrende alle destre al potere. \u00a0In questa direzione, va un apprezzamento all\u2019avv.to G. Manildo che, da buon alpino, \u00e8 gi\u00e0 da tempo in cammino per discutere dei problemi reali con le persone in carne ed ossa, in primis, \u00a0i giovani che sono il futuro della societ\u00e0 regionale, italiana ed europea.<\/p>\n<p>01Agosto 2025\u00a0\u00a0\u00a0\u00a0\u00a0\u00a0\u00a0\u00a0\u00a0\u00a0\u00a0\u00a0\u00a0\u00a0\u00a0\u00a0\u00a0\u00a0\u00a0\u00a0\u00a0\u00a0\u00a0\u00a0\u00a0\u00a0\u00a0\u00a0\u00a0\u00a0 \u00a0\u00a0\u00a0\u00a0\u00a0\u00a0\u00a0\u00a0\u00a0\u00a0\u00a0\u00a0\u00a0\u00a0\u00a0\u00a0\u00a0\u00a0\u00a0\u00a0\u00a0\u00a0\u00a0\u00a0\u00a0\u00a0\u00a0\u00a0\u00a0\u00a0\u00a0\u00a0\u00a0\u00a0\u00a0\u00a0\u00a0\u00a0\u00a0\u00a0\u00a0\u00a0\u00a0\u00a0\u00a0\u00a0\u00a0\u00a0\u00a0\u00a0\u00a0\u00a0\u00a0\u00a0\u00a0\u00a0\u00a0\u00a0\u00a0\u00a0\u00a0\u00a0\u00a0\u00a0\u00a0\u00a0\u00a0\u00a0\u00a0\u00a0\u00a0\u00a0\u00a0\u00a0\u00a0\u00a0\u00a0\u00a0\u00a0\u00a0\u00a0\u00a0\u00a0\u00a0\u00a0\u00a0\u00a0\u00a0\u00a0\u00a0\u00a0\u00a0\u00a0\u00a0\u00a0\u00a0\u00a0\u00a0\u00a0\u00a0\u00a0\u00a0\u00a0\u00a0\u00a0\u00a0Enzo De Biasi<\/p>\n<p>Fonti:<\/p>\n<p><a href=\"https:\/\/www.bellunopress.it\/fr\/2023\/07\/28\/luca-zaia-non-e-george-washington-il-primo-presidente-degli-stati-uniti-rinuncio-al-terzo-mandato-di-enzo-de-biasi\/\">https:\/\/www.bellunopress.it\/2023\/07\/28\/luca-zaia-non-e-george-washington-il-primo-presidente-degli-stati-uniti-rinuncio-al-terzo-mandato-di-enzo-de-biasi\/<\/a>\u00a0Terzo mandato a LZ<\/p>\n<p><a href=\"https:\/\/www.repubblica.it\/politica\/2025\/01\/15\/news\/gasparri_zaia_terzo_mandato_lega-423940929\/\">https:\/\/www.repubblica.it\/politica\/2025\/01\/15\/news\/gasparri_zaia_terzo_mandato_lega-423940929\/<\/a>\u00a0polemica Gasparri\/Zaia\/Lega<\/p>\n<p><a href=\"https:\/\/www.bellunopress.it\/fr\/2024\/03\/26\/fantastoria-il-veneto-che-poteva-essere-ma-non-si-e-voluto-di-marco-zanetti\/\">https:\/\/www.bellunopress.it\/2024\/03\/26\/fantastoria-il-veneto-che-poteva-essere-ma-non-si-e-voluto-di-marco-zanetti\/<\/a>\u00a0\u00a01995 \u2026..il Veneto che non si \u00e8 voluto<\/p>\n<p><a href=\"https:\/\/www.giornalelavoce.it\/news\/attualita\/612138\/autonomia-differenziata-al-via-lombardia-firma-per-prima-poi-tocca-a-piemonte-liguria-e-veneto.html\">https:\/\/www.giornalelavoce.it\/news\/attualita\/612138\/autonomia-differenziata-al-via-lombardia-firma-per-prima-poi-tocca-a-piemonte-liguria-e-veneto.html<\/a>\u00a0\u00a0\u00a0Il ministro Calderoli a Pontida il via si parte con l\u2019Autonomia Differenziata<\/p>\n<p><a href=\"https:\/\/www.venetoeconomia.it\/2017\/10\/referendum-autonomia-veneto\/\">https:\/\/www.venetoeconomia.it\/2017\/10\/referendum-autonomia-veneto\/<\/a>\u00a0costi del referendum<\/p>\n<p><a href=\"https:\/\/elezionistorico.interno.gov.it\/\">https:\/\/elezionistorico.interno.gov.it\/<\/a>\u00a0elezioni regionali \u00a01995 e 2020, referendum consultivo 2017 \u00a0comune Venezia 2020<\/p>\n<p><a href=\"https:\/\/www.cortecostituzionale.it\/default.do\">https:\/\/www.cortecostituzionale.it\/default.do<\/a>\u00a0qui sono reperibili le sentenze della Corte nr. 118\/2015 bocciati 5 referendum su 6 e nr. 192\/2024 legge Calderoli non ammessa a referendum, ma inaridita nei contenuti, nr. 64\/2025 no al terzo mandato dei Presidenti di Regione<\/p>\n<p><a href=\"https:\/\/studiolegalepalisi.com\/2025\/02\/25\/responsabilita-per-cattivo-esercizio-della-funzione-legislativa\/\">https:\/\/studiolegalepalisi.com\/2025\/02\/25\/responsabilita-per-cattivo-esercizio-della-funzione-legislativa\/<\/a> \u00a0\u00a0\u00a0\u00a0\u00a0Irresponsabilit\u00e0 legislatore\u00a0 Cassazione 02 febbraio 2025<\/p>\n<p><strong>Autonomia Le 100 domande dei veneti a Luca Zaia<\/strong><\/p>\n<p>Il residuo fiscale citato era di \u00a015.milioni e 458 mila \u20ac che moltiplicato 17 anni persi \u00e8 pari a <strong>262 milioni e786mila<\/strong> non introitati ma spendibili in spesa corrente: sanit\u00e0, servizi per anziani, mediatori culturali per immigrati , personale di sostegno \u2026.ma <strong>l\u2019incapacit\u00e0 leghista<\/strong> , tutto questo non lo ha permesso!<\/p>\n<p><a href=\"https:\/\/autonomiaveneto.files.wordpress.com\/2017\/09\/indipendenza_veneto_libretto_intero_120x195_20170920.pdf\">https:\/\/autonomiaveneto.files.wordpress.com\/2017\/09\/indipendenza_veneto_libretto_intero_120x195_20170920.pdf<\/a><\/p>\n<p>La Delibera del Consiglio Regionale del Veneto richiedente nel 2007 le prime 13 materie previste per l\u2019Autonomia Rafforzata<\/p>\n<p><a href=\"https:\/\/bur.regione.veneto.it\/BurvServices\/pubblica\/DettaglioDcr.aspx?id=203663\">https:\/\/bur.regione.veneto.it\/BurvServices\/pubblica\/DettaglioDcr.aspx?id=203663<\/a><\/p>","protected":false},"excerpt":{"rendered":"<p>Il rebus delle regionali. La Lista Zaia spacca il Cdx, se sar\u00e0 cos\u00ec \u00a0G. Manildo-Csx fuori dal \u00a0Consiglio Regionale. Con il Cdx unito, il campo largo\u00a0 aumenta i \u00a0consiglieri regionali. Venezia con gli stessi poteri di Roma? Il tema vero \u00e8 \u201cItalia Federale in un \u2018Europa Federale\u201d, il resto \u00e8 demagogia, propaganda, fuffa. Per il [&hellip;]<\/p>\n","protected":false},"author":2,"featured_media":117756,"comment_status":"closed","ping_status":"open","sticky":false,"template":"","format":"standard","meta":{"footnotes":""},"categories":[5,3446,26],"tags":[],"class_list":["post-162327","post","type-post","status-publish","format-standard","has-post-thumbnail","category-cronaca","category-featured","category-prima-pagina"],"yoast_head":"<!-- This site is optimized with the Yoast SEO plugin v28.4 - https:\/\/yoast.com\/product\/yoast-seo-wordpress\/ -->\n<title>Autonomia differenziata? Affossata dal Governo Berlusconi nel 2008-2011. Idem con il Governo Conte-Salvini, 2018-2019  * di Enzo De Biasi - Bellunopress - Dolomiti<\/title>\n<meta name=\"robots\" content=\"index, follow, max-snippet:-1, max-image-preview:large, max-video-preview:-1\" \/>\n<link rel=\"canonical\" href=\"https:\/\/www.bellunopress.it\/fr\/2025\/08\/01\/autonomia-differenziata-affossata-dal-governo-berlusconi-nel-2008-2011-idem-con-il-governo-conte-salvini-2018-2019-di-enzo-de-biasi\/\" \/>\n<meta property=\"og:locale\" content=\"fr_FR\" \/>\n<meta property=\"og:type\" content=\"article\" \/>\n<meta property=\"og:title\" content=\"Autonomia differenziata? Affossata dal Governo Berlusconi nel 2008-2011. Idem con il Governo Conte-Salvini, 2018-2019  * di Enzo De Biasi - Bellunopress - Dolomiti\" \/>\n<meta property=\"og:description\" content=\"Il rebus delle regionali. La Lista Zaia spacca il Cdx, se sar\u00e0 cos\u00ec \u00a0G. Manildo-Csx fuori dal \u00a0Consiglio Regionale. Con il Cdx unito, il campo largo\u00a0 aumenta i \u00a0consiglieri regionali. Venezia con gli stessi poteri di Roma? Il tema vero \u00e8 \u201cItalia Federale in un \u2018Europa Federale\u201d, il resto \u00e8 demagogia, propaganda, fuffa. Per il [&hellip;]\" \/>\n<meta property=\"og:url\" content=\"https:\/\/www.bellunopress.it\/fr\/2025\/08\/01\/autonomia-differenziata-affossata-dal-governo-berlusconi-nel-2008-2011-idem-con-il-governo-conte-salvini-2018-2019-di-enzo-de-biasi\/\" \/>\n<meta property=\"og:site_name\" content=\"Bellunopress - Dolomiti\" \/>\n<meta property=\"article:publisher\" content=\"https:\/\/www.facebook.com\/profile.php?id=100008943462799\" \/>\n<meta property=\"article:published_time\" content=\"2025-08-01T19:59:51+00:00\" \/>\n<meta property=\"article:modified_time\" content=\"2025-08-03T08:56:23+00:00\" \/>\n<meta property=\"og:image\" content=\"https:\/\/www.bellunopress.it\/wp-content\/uploads\/2020\/09\/Parlamento_edited.jpg\" \/>\n\t<meta property=\"og:image:width\" content=\"800\" \/>\n\t<meta property=\"og:image:height\" content=\"600\" \/>\n\t<meta property=\"og:image:type\" content=\"image\/jpeg\" \/>\n<meta name=\"author\" content=\"redazione\" \/>\n<meta name=\"twitter:card\" content=\"summary_large_image\" \/>\n<meta name=\"twitter:creator\" content=\"@bellunopress\" \/>\n<meta name=\"twitter:site\" content=\"@bellunopress\" \/>\n<meta name=\"twitter:label1\" content=\"\u00c9crit par\" \/>\n\t<meta name=\"twitter:data1\" content=\"redazione\" \/>\n\t<meta name=\"twitter:label2\" content=\"Dur\u00e9e de lecture estim\u00e9e\" \/>\n\t<meta name=\"twitter:data2\" content=\"24 minutes\" \/>\n<script type=\"application\/ld+json\" class=\"yoast-schema-graph\">{\"@context\":\"https:\\\/\\\/schema.org\",\"@graph\":[{\"@type\":\"Article\",\"@id\":\"https:\\\/\\\/www.bellunopress.it\\\/2025\\\/08\\\/01\\\/autonomia-differenziata-affossata-dal-governo-berlusconi-nel-2008-2011-idem-con-il-governo-conte-salvini-2018-2019-di-enzo-de-biasi\\\/#article\",\"isPartOf\":{\"@id\":\"https:\\\/\\\/www.bellunopress.it\\\/2025\\\/08\\\/01\\\/autonomia-differenziata-affossata-dal-governo-berlusconi-nel-2008-2011-idem-con-il-governo-conte-salvini-2018-2019-di-enzo-de-biasi\\\/\"},\"author\":{\"name\":\"redazione\",\"@id\":\"https:\\\/\\\/www.bellunopress.it\\\/#\\\/schema\\\/person\\\/79bb06722b37ece1c03d3e94beb30d73\"},\"headline\":\"Autonomia differenziata? Affossata dal Governo Berlusconi nel 2008-2011. Idem con il Governo Conte-Salvini, 2018-2019 * di Enzo De Biasi\",\"datePublished\":\"2025-08-01T19:59:51+00:00\",\"dateModified\":\"2025-08-03T08:56:23+00:00\",\"mainEntityOfPage\":{\"@id\":\"https:\\\/\\\/www.bellunopress.it\\\/2025\\\/08\\\/01\\\/autonomia-differenziata-affossata-dal-governo-berlusconi-nel-2008-2011-idem-con-il-governo-conte-salvini-2018-2019-di-enzo-de-biasi\\\/\"},\"wordCount\":4832,\"publisher\":{\"@id\":\"https:\\\/\\\/www.bellunopress.it\\\/#organization\"},\"image\":{\"@id\":\"https:\\\/\\\/www.bellunopress.it\\\/2025\\\/08\\\/01\\\/autonomia-differenziata-affossata-dal-governo-berlusconi-nel-2008-2011-idem-con-il-governo-conte-salvini-2018-2019-di-enzo-de-biasi\\\/#primaryimage\"},\"thumbnailUrl\":\"https:\\\/\\\/www.bellunopress.it\\\/wp-content\\\/uploads\\\/2020\\\/09\\\/Parlamento_edited.jpg\",\"articleSection\":[\"Cronaca\\\/Politica\",\"Featured\",\"Prima Pagina\"],\"inLanguage\":\"fr-FR\"},{\"@type\":\"WebPage\",\"@id\":\"https:\\\/\\\/www.bellunopress.it\\\/2025\\\/08\\\/01\\\/autonomia-differenziata-affossata-dal-governo-berlusconi-nel-2008-2011-idem-con-il-governo-conte-salvini-2018-2019-di-enzo-de-biasi\\\/\",\"url\":\"https:\\\/\\\/www.bellunopress.it\\\/2025\\\/08\\\/01\\\/autonomia-differenziata-affossata-dal-governo-berlusconi-nel-2008-2011-idem-con-il-governo-conte-salvini-2018-2019-di-enzo-de-biasi\\\/\",\"name\":\"Autonomia differenziata? Affossata dal Governo Berlusconi nel 2008-2011. Idem con il Governo Conte-Salvini, 2018-2019 * di Enzo De Biasi - Bellunopress - Dolomiti\",\"isPartOf\":{\"@id\":\"https:\\\/\\\/www.bellunopress.it\\\/#website\"},\"primaryImageOfPage\":{\"@id\":\"https:\\\/\\\/www.bellunopress.it\\\/2025\\\/08\\\/01\\\/autonomia-differenziata-affossata-dal-governo-berlusconi-nel-2008-2011-idem-con-il-governo-conte-salvini-2018-2019-di-enzo-de-biasi\\\/#primaryimage\"},\"image\":{\"@id\":\"https:\\\/\\\/www.bellunopress.it\\\/2025\\\/08\\\/01\\\/autonomia-differenziata-affossata-dal-governo-berlusconi-nel-2008-2011-idem-con-il-governo-conte-salvini-2018-2019-di-enzo-de-biasi\\\/#primaryimage\"},\"thumbnailUrl\":\"https:\\\/\\\/www.bellunopress.it\\\/wp-content\\\/uploads\\\/2020\\\/09\\\/Parlamento_edited.jpg\",\"datePublished\":\"2025-08-01T19:59:51+00:00\",\"dateModified\":\"2025-08-03T08:56:23+00:00\",\"breadcrumb\":{\"@id\":\"https:\\\/\\\/www.bellunopress.it\\\/2025\\\/08\\\/01\\\/autonomia-differenziata-affossata-dal-governo-berlusconi-nel-2008-2011-idem-con-il-governo-conte-salvini-2018-2019-di-enzo-de-biasi\\\/#breadcrumb\"},\"inLanguage\":\"fr-FR\",\"potentialAction\":[{\"@type\":\"ReadAction\",\"target\":[\"https:\\\/\\\/www.bellunopress.it\\\/2025\\\/08\\\/01\\\/autonomia-differenziata-affossata-dal-governo-berlusconi-nel-2008-2011-idem-con-il-governo-conte-salvini-2018-2019-di-enzo-de-biasi\\\/\"]}]},{\"@type\":\"ImageObject\",\"inLanguage\":\"fr-FR\",\"@id\":\"https:\\\/\\\/www.bellunopress.it\\\/2025\\\/08\\\/01\\\/autonomia-differenziata-affossata-dal-governo-berlusconi-nel-2008-2011-idem-con-il-governo-conte-salvini-2018-2019-di-enzo-de-biasi\\\/#primaryimage\",\"url\":\"https:\\\/\\\/www.bellunopress.it\\\/wp-content\\\/uploads\\\/2020\\\/09\\\/Parlamento_edited.jpg\",\"contentUrl\":\"https:\\\/\\\/www.bellunopress.it\\\/wp-content\\\/uploads\\\/2020\\\/09\\\/Parlamento_edited.jpg\",\"width\":800,\"height\":600},{\"@type\":\"BreadcrumbList\",\"@id\":\"https:\\\/\\\/www.bellunopress.it\\\/2025\\\/08\\\/01\\\/autonomia-differenziata-affossata-dal-governo-berlusconi-nel-2008-2011-idem-con-il-governo-conte-salvini-2018-2019-di-enzo-de-biasi\\\/#breadcrumb\",\"itemListElement\":[{\"@type\":\"ListItem\",\"position\":1,\"name\":\"Home\",\"item\":\"https:\\\/\\\/www.bellunopress.it\\\/\"},{\"@type\":\"ListItem\",\"position\":2,\"name\":\"Autonomia differenziata? Affossata dal Governo Berlusconi nel 2008-2011. Idem con il Governo Conte-Salvini, 2018-2019 * di Enzo De Biasi\"}]},{\"@type\":\"WebSite\",\"@id\":\"https:\\\/\\\/www.bellunopress.it\\\/#website\",\"url\":\"https:\\\/\\\/www.bellunopress.it\\\/\",\"name\":\"Bellunopress - Dolomiti\",\"description\":\"e-mail: redazione@bellunopress.it\",\"publisher\":{\"@id\":\"https:\\\/\\\/www.bellunopress.it\\\/#organization\"},\"potentialAction\":[{\"@type\":\"SearchAction\",\"target\":{\"@type\":\"EntryPoint\",\"urlTemplate\":\"https:\\\/\\\/www.bellunopress.it\\\/?s={search_term_string}\"},\"query-input\":{\"@type\":\"PropertyValueSpecification\",\"valueRequired\":true,\"valueName\":\"search_term_string\"}}],\"inLanguage\":\"fr-FR\"},{\"@type\":\"Organization\",\"@id\":\"https:\\\/\\\/www.bellunopress.it\\\/#organization\",\"name\":\"Bellunopress\",\"url\":\"https:\\\/\\\/www.bellunopress.it\\\/\",\"logo\":{\"@type\":\"ImageObject\",\"inLanguage\":\"fr-FR\",\"@id\":\"https:\\\/\\\/www.bellunopress.it\\\/#\\\/schema\\\/logo\\\/image\\\/\",\"url\":\"https:\\\/\\\/www.bellunopress.it\\\/wp-content\\\/uploads\\\/2011\\\/05\\\/cropped-logo-bellunopress-.jpg\",\"contentUrl\":\"https:\\\/\\\/www.bellunopress.it\\\/wp-content\\\/uploads\\\/2011\\\/05\\\/cropped-logo-bellunopress-.jpg\",\"width\":512,\"height\":512,\"caption\":\"Bellunopress\"},\"image\":{\"@id\":\"https:\\\/\\\/www.bellunopress.it\\\/#\\\/schema\\\/logo\\\/image\\\/\"},\"sameAs\":[\"https:\\\/\\\/www.facebook.com\\\/profile.php?id=100008943462799\",\"https:\\\/\\\/x.com\\\/bellunopress\",\"https:\\\/\\\/www.linkedin.com\\\/hp\\\/?dnr=JBzUWaJfMUw8vbXJJ2tVW5-I3jZKvC4wsoxE&amp;amp;amp;amp;amp;amp;trk=nav_responsive_tab_home\",\"https:\\\/\\\/www.youtube.com\\\/channel\\\/UCxL0wu1uN0_3_7hGG0306cw\"]},{\"@type\":\"Person\",\"@id\":\"https:\\\/\\\/www.bellunopress.it\\\/#\\\/schema\\\/person\\\/79bb06722b37ece1c03d3e94beb30d73\",\"name\":\"redazione\",\"image\":{\"@type\":\"ImageObject\",\"inLanguage\":\"fr-FR\",\"@id\":\"https:\\\/\\\/secure.gravatar.com\\\/avatar\\\/37d968a2e67a6fd04c169c4bdef102d0bc5d31b2546345219e348575eb80e9a0?s=96&d=mm&r=g\",\"url\":\"https:\\\/\\\/secure.gravatar.com\\\/avatar\\\/37d968a2e67a6fd04c169c4bdef102d0bc5d31b2546345219e348575eb80e9a0?s=96&d=mm&r=g\",\"contentUrl\":\"https:\\\/\\\/secure.gravatar.com\\\/avatar\\\/37d968a2e67a6fd04c169c4bdef102d0bc5d31b2546345219e348575eb80e9a0?s=96&d=mm&r=g\",\"caption\":\"redazione\"},\"sameAs\":[\"http:\\\/\\\/www.bellunopress.it\",\"https:\\\/\\\/x.com\\\/bellunopress\"],\"url\":\"https:\\\/\\\/www.bellunopress.it\\\/fr\\\/author\\\/redazione\\\/\"}]}<\/script>\n<!-- \/ Yoast SEO plugin. -->","yoast_head_json":{"title":"Autonomia differenziata? Affossata dal Governo Berlusconi nel 2008-2011. Idem con il Governo Conte-Salvini, 2018-2019  * di Enzo De Biasi - Bellunopress - Dolomiti","robots":{"index":"index","follow":"follow","max-snippet":"max-snippet:-1","max-image-preview":"max-image-preview:large","max-video-preview":"max-video-preview:-1"},"canonical":"https:\/\/www.bellunopress.it\/fr\/2025\/08\/01\/autonomia-differenziata-affossata-dal-governo-berlusconi-nel-2008-2011-idem-con-il-governo-conte-salvini-2018-2019-di-enzo-de-biasi\/","og_locale":"fr_FR","og_type":"article","og_title":"Autonomia differenziata? Affossata dal Governo Berlusconi nel 2008-2011. Idem con il Governo Conte-Salvini, 2018-2019  * di Enzo De Biasi - Bellunopress - Dolomiti","og_description":"Il rebus delle regionali. La Lista Zaia spacca il Cdx, se sar\u00e0 cos\u00ec \u00a0G. Manildo-Csx fuori dal \u00a0Consiglio Regionale. Con il Cdx unito, il campo largo\u00a0 aumenta i \u00a0consiglieri regionali. Venezia con gli stessi poteri di Roma? Il tema vero \u00e8 \u201cItalia Federale in un \u2018Europa Federale\u201d, il resto \u00e8 demagogia, propaganda, fuffa. Per il [&hellip;]","og_url":"https:\/\/www.bellunopress.it\/fr\/2025\/08\/01\/autonomia-differenziata-affossata-dal-governo-berlusconi-nel-2008-2011-idem-con-il-governo-conte-salvini-2018-2019-di-enzo-de-biasi\/","og_site_name":"Bellunopress - Dolomiti","article_publisher":"https:\/\/www.facebook.com\/profile.php?id=100008943462799","article_published_time":"2025-08-01T19:59:51+00:00","article_modified_time":"2025-08-03T08:56:23+00:00","og_image":[{"width":800,"height":600,"url":"https:\/\/www.bellunopress.it\/wp-content\/uploads\/2020\/09\/Parlamento_edited.jpg","type":"image\/jpeg"}],"author":"redazione","twitter_card":"summary_large_image","twitter_creator":"@bellunopress","twitter_site":"@bellunopress","twitter_misc":{"\u00c9crit par":"redazione","Dur\u00e9e de lecture estim\u00e9e":"24 minutes"},"schema":{"@context":"https:\/\/schema.org","@graph":[{"@type":"Article","@id":"https:\/\/www.bellunopress.it\/2025\/08\/01\/autonomia-differenziata-affossata-dal-governo-berlusconi-nel-2008-2011-idem-con-il-governo-conte-salvini-2018-2019-di-enzo-de-biasi\/#article","isPartOf":{"@id":"https:\/\/www.bellunopress.it\/2025\/08\/01\/autonomia-differenziata-affossata-dal-governo-berlusconi-nel-2008-2011-idem-con-il-governo-conte-salvini-2018-2019-di-enzo-de-biasi\/"},"author":{"name":"redazione","@id":"https:\/\/www.bellunopress.it\/#\/schema\/person\/79bb06722b37ece1c03d3e94beb30d73"},"headline":"Autonomia differenziata? Affossata dal Governo Berlusconi nel 2008-2011. Idem con il Governo Conte-Salvini, 2018-2019 * di Enzo De Biasi","datePublished":"2025-08-01T19:59:51+00:00","dateModified":"2025-08-03T08:56:23+00:00","mainEntityOfPage":{"@id":"https:\/\/www.bellunopress.it\/2025\/08\/01\/autonomia-differenziata-affossata-dal-governo-berlusconi-nel-2008-2011-idem-con-il-governo-conte-salvini-2018-2019-di-enzo-de-biasi\/"},"wordCount":4832,"publisher":{"@id":"https:\/\/www.bellunopress.it\/#organization"},"image":{"@id":"https:\/\/www.bellunopress.it\/2025\/08\/01\/autonomia-differenziata-affossata-dal-governo-berlusconi-nel-2008-2011-idem-con-il-governo-conte-salvini-2018-2019-di-enzo-de-biasi\/#primaryimage"},"thumbnailUrl":"https:\/\/www.bellunopress.it\/wp-content\/uploads\/2020\/09\/Parlamento_edited.jpg","articleSection":["Cronaca\/Politica","Featured","Prima Pagina"],"inLanguage":"fr-FR"},{"@type":"WebPage","@id":"https:\/\/www.bellunopress.it\/2025\/08\/01\/autonomia-differenziata-affossata-dal-governo-berlusconi-nel-2008-2011-idem-con-il-governo-conte-salvini-2018-2019-di-enzo-de-biasi\/","url":"https:\/\/www.bellunopress.it\/2025\/08\/01\/autonomia-differenziata-affossata-dal-governo-berlusconi-nel-2008-2011-idem-con-il-governo-conte-salvini-2018-2019-di-enzo-de-biasi\/","name":"Autonomia differenziata? Affossata dal Governo Berlusconi nel 2008-2011. Idem con il Governo Conte-Salvini, 2018-2019 * di Enzo De Biasi - Bellunopress - Dolomiti","isPartOf":{"@id":"https:\/\/www.bellunopress.it\/#website"},"primaryImageOfPage":{"@id":"https:\/\/www.bellunopress.it\/2025\/08\/01\/autonomia-differenziata-affossata-dal-governo-berlusconi-nel-2008-2011-idem-con-il-governo-conte-salvini-2018-2019-di-enzo-de-biasi\/#primaryimage"},"image":{"@id":"https:\/\/www.bellunopress.it\/2025\/08\/01\/autonomia-differenziata-affossata-dal-governo-berlusconi-nel-2008-2011-idem-con-il-governo-conte-salvini-2018-2019-di-enzo-de-biasi\/#primaryimage"},"thumbnailUrl":"https:\/\/www.bellunopress.it\/wp-content\/uploads\/2020\/09\/Parlamento_edited.jpg","datePublished":"2025-08-01T19:59:51+00:00","dateModified":"2025-08-03T08:56:23+00:00","breadcrumb":{"@id":"https:\/\/www.bellunopress.it\/2025\/08\/01\/autonomia-differenziata-affossata-dal-governo-berlusconi-nel-2008-2011-idem-con-il-governo-conte-salvini-2018-2019-di-enzo-de-biasi\/#breadcrumb"},"inLanguage":"fr-FR","potentialAction":[{"@type":"ReadAction","target":["https:\/\/www.bellunopress.it\/2025\/08\/01\/autonomia-differenziata-affossata-dal-governo-berlusconi-nel-2008-2011-idem-con-il-governo-conte-salvini-2018-2019-di-enzo-de-biasi\/"]}]},{"@type":"ImageObject","inLanguage":"fr-FR","@id":"https:\/\/www.bellunopress.it\/2025\/08\/01\/autonomia-differenziata-affossata-dal-governo-berlusconi-nel-2008-2011-idem-con-il-governo-conte-salvini-2018-2019-di-enzo-de-biasi\/#primaryimage","url":"https:\/\/www.bellunopress.it\/wp-content\/uploads\/2020\/09\/Parlamento_edited.jpg","contentUrl":"https:\/\/www.bellunopress.it\/wp-content\/uploads\/2020\/09\/Parlamento_edited.jpg","width":800,"height":600},{"@type":"BreadcrumbList","@id":"https:\/\/www.bellunopress.it\/2025\/08\/01\/autonomia-differenziata-affossata-dal-governo-berlusconi-nel-2008-2011-idem-con-il-governo-conte-salvini-2018-2019-di-enzo-de-biasi\/#breadcrumb","itemListElement":[{"@type":"ListItem","position":1,"name":"Home","item":"https:\/\/www.bellunopress.it\/"},{"@type":"ListItem","position":2,"name":"Autonomia differenziata? Affossata dal Governo Berlusconi nel 2008-2011. Idem con il Governo Conte-Salvini, 2018-2019 * di Enzo De Biasi"}]},{"@type":"WebSite","@id":"https:\/\/www.bellunopress.it\/#website","url":"https:\/\/www.bellunopress.it\/","name":"Bellunopress - Dolomiti","description":"e-mail: redazione@bellunopress.it","publisher":{"@id":"https:\/\/www.bellunopress.it\/#organization"},"potentialAction":[{"@type":"SearchAction","target":{"@type":"EntryPoint","urlTemplate":"https:\/\/www.bellunopress.it\/?s={search_term_string}"},"query-input":{"@type":"PropertyValueSpecification","valueRequired":true,"valueName":"search_term_string"}}],"inLanguage":"fr-FR"},{"@type":"Organization","@id":"https:\/\/www.bellunopress.it\/#organization","name":"Bellunopress","url":"https:\/\/www.bellunopress.it\/","logo":{"@type":"ImageObject","inLanguage":"fr-FR","@id":"https:\/\/www.bellunopress.it\/#\/schema\/logo\/image\/","url":"https:\/\/www.bellunopress.it\/wp-content\/uploads\/2011\/05\/cropped-logo-bellunopress-.jpg","contentUrl":"https:\/\/www.bellunopress.it\/wp-content\/uploads\/2011\/05\/cropped-logo-bellunopress-.jpg","width":512,"height":512,"caption":"Bellunopress"},"image":{"@id":"https:\/\/www.bellunopress.it\/#\/schema\/logo\/image\/"},"sameAs":["https:\/\/www.facebook.com\/profile.php?id=100008943462799","https:\/\/x.com\/bellunopress","https:\/\/www.linkedin.com\/hp\/?dnr=JBzUWaJfMUw8vbXJJ2tVW5-I3jZKvC4wsoxE&amp;amp;amp;amp;amp;amp;trk=nav_responsive_tab_home","https:\/\/www.youtube.com\/channel\/UCxL0wu1uN0_3_7hGG0306cw"]},{"@type":"Person","@id":"https:\/\/www.bellunopress.it\/#\/schema\/person\/79bb06722b37ece1c03d3e94beb30d73","name":"r\u00e9daction","image":{"@type":"ImageObject","inLanguage":"fr-FR","@id":"https:\/\/secure.gravatar.com\/avatar\/37d968a2e67a6fd04c169c4bdef102d0bc5d31b2546345219e348575eb80e9a0?s=96&d=mm&r=g","url":"https:\/\/secure.gravatar.com\/avatar\/37d968a2e67a6fd04c169c4bdef102d0bc5d31b2546345219e348575eb80e9a0?s=96&d=mm&r=g","contentUrl":"https:\/\/secure.gravatar.com\/avatar\/37d968a2e67a6fd04c169c4bdef102d0bc5d31b2546345219e348575eb80e9a0?s=96&d=mm&r=g","caption":"redazione"},"sameAs":["http:\/\/www.bellunopress.it","https:\/\/x.com\/bellunopress"],"url":"https:\/\/www.bellunopress.it\/fr\/author\/redazione\/"}]}},"_links":{"self":[{"href":"https:\/\/www.bellunopress.it\/fr\/wp-json\/wp\/v2\/posts\/162327","targetHints":{"allow":["GET"]}}],"collection":[{"href":"https:\/\/www.bellunopress.it\/fr\/wp-json\/wp\/v2\/posts"}],"about":[{"href":"https:\/\/www.bellunopress.it\/fr\/wp-json\/wp\/v2\/types\/post"}],"author":[{"embeddable":true,"href":"https:\/\/www.bellunopress.it\/fr\/wp-json\/wp\/v2\/users\/2"}],"replies":[{"embeddable":true,"href":"https:\/\/www.bellunopress.it\/fr\/wp-json\/wp\/v2\/comments?post=162327"}],"version-history":[{"count":3,"href":"https:\/\/www.bellunopress.it\/fr\/wp-json\/wp\/v2\/posts\/162327\/revisions"}],"predecessor-version":[{"id":162350,"href":"https:\/\/www.bellunopress.it\/fr\/wp-json\/wp\/v2\/posts\/162327\/revisions\/162350"}],"wp:featuredmedia":[{"embeddable":true,"href":"https:\/\/www.bellunopress.it\/fr\/wp-json\/wp\/v2\/media\/117756"}],"wp:attachment":[{"href":"https:\/\/www.bellunopress.it\/fr\/wp-json\/wp\/v2\/media?parent=162327"}],"wp:term":[{"taxonomy":"category","embeddable":true,"href":"https:\/\/www.bellunopress.it\/fr\/wp-json\/wp\/v2\/categories?post=162327"},{"taxonomy":"post_tag","embeddable":true,"href":"https:\/\/www.bellunopress.it\/fr\/wp-json\/wp\/v2\/tags?post=162327"}],"curies":[{"name":"wp","href":"https:\/\/api.w.org\/{rel}","templated":true}]}}