{"id":162325,"date":"2025-08-01T21:19:27","date_gmt":"2025-08-01T19:19:27","guid":{"rendered":"https:\/\/www.bellunopress.it\/?p=162325"},"modified":"2025-08-01T21:19:27","modified_gmt":"2025-08-01T19:19:27","slug":"interrogazione-museo-fulcis-e-culture-link-risponde-lassessore-alla-cultura-addamiano","status":"publish","type":"post","link":"https:\/\/www.bellunopress.it\/fr\/2025\/08\/01\/interrogazione-museo-fulcis-e-culture-link-risponde-lassessore-alla-cultura-addamiano\/","title":{"rendered":"Interrogazione Museo Fulcis e Culture Link. Risponde l&#8217;assessore alla Cultura Addamiano"},"content":{"rendered":"<figure id=\"attachment_143109\" aria-describedby=\"caption-attachment-143109\" style=\"width: 1000px\" class=\"wp-caption aligncenter\"><img loading=\"lazy\" decoding=\"async\" class=\"size-full wp-image-143109\" src=\"https:\/\/www.bellunopress.it\/wp-content\/uploads\/2023\/07\/Raffaele-Addamiano-assessore-alla-Cultura_edited.jpg\" alt=\"\" width=\"1000\" height=\"769\" srcset=\"https:\/\/www.bellunopress.it\/wp-content\/uploads\/2023\/07\/Raffaele-Addamiano-assessore-alla-Cultura_edited.jpg 1000w, https:\/\/www.bellunopress.it\/wp-content\/uploads\/2023\/07\/Raffaele-Addamiano-assessore-alla-Cultura_edited-500x385.jpg 500w, https:\/\/www.bellunopress.it\/wp-content\/uploads\/2023\/07\/Raffaele-Addamiano-assessore-alla-Cultura_edited-696x535.jpg 696w, https:\/\/www.bellunopress.it\/wp-content\/uploads\/2023\/07\/Raffaele-Addamiano-assessore-alla-Cultura_edited-546x420.jpg 546w\" sizes=\"auto, (max-width: 1000px) 100vw, 1000px\" \/><figcaption id=\"caption-attachment-143109\" class=\"wp-caption-text\">Raffaele Addamiano &#8211; Assessore alla Cultura del Comune di Belluno<\/figcaption><\/figure>\n<p>Belluno, 1 agosto 2025 &#8211; Di seguito la risposta dell&#8217;assessore alla Cultura Raffaele Addamiano all&#8217;Interrogazione del 21\/7\/2025 presentata dal Gruppo Consiliare Insieme per\u00a0Belluno Bene Comune,\u00a0 relativa al Museo Fulcis e Culture link.<\/p>\n<p>Premesso che<\/p>\n<ol>\n<li>a) sarebbe assai interessante in via preliminare sapere se entrambe le interroganti, a parole cos\u00ec prese dal tema \u201cCultura\u201d, si siano effettivamente recate a vedere la recente mostra dedicata ad Andy Warhol posto che, a quanto consta, n\u00e9 il giorno dell\u2019inaugurazione, n\u00e9 in quello di chiusura, n\u00e9, infine, nelle moltissime occasioni in cui lo scrivente ha portato il saluto suo personale, nonch\u00e8 quello dell\u2019intera Amministrazione Comunale ai graditi visitatori, bellunesi e non, le stesse si sono viste;<\/li>\n<\/ol>\n<ol>\n<li>b) viene da chiedersi, a fronte di una interrogazione legittima, ma prima facie almeno irrituale in quanto contenente domande non \u201csu un oggetto determinato\u201d , come espressamente prescritto dall\u2019art. 58 del Regolamento, bens\u00ec su due oggetti diversi, quale sar\u00e0, se sar\u00e0, il grado di soddisfazione delle istanti posto che nei giorni scorsi esse hanno gi\u00e0 dichiarato alla stampa in maniera tranciante, ad esempio, che i conti della mostra sul noto artista americano non tornano ovvero che il Comune Capoluogo \u201cnon ci ha guadagnato un granch\u00e8\u201d ;<\/li>\n<\/ol>\n<ol>\n<li>c) la affermazione pubbliche delle interroganti circa la asserita \u201cmancanza di visione e di progettualit\u00e0 in ambito culturale\u201d cozza a tutta evidenza con le cifre oggettive dell\u2019attuale mandato amministrativo: da luglio 2022 ad aprile 2025, con stima per difetto, sono stati, infatti, organizzati o co-organizzati dalla corrente compagine comunale oltre 60 variegati eventi di qualit\u00e0 tra cui 14 mostre, 15 conferenze, 6 spettacoli (incluso quello per la recente riapertura della biblioteca civica) e 23 concerti di musica, tutti col pieno gradimento del pubblico presente e ciascuno secondo una diligente programmazione;<\/li>\n<\/ol>\n<ol>\n<li>d) paragonare, come \u00e8 stato fatto dalle due consigliere comunali di sinistra, l\u2019anno 2017 con il 2025 in termini di incassi del Museo Civico \u00e8 assolutamente improprio posto che i denunciati ricavi di circa 126.000,00 Euro di otto anni fa vanno bilanciati coi circa 170.000,00 Euro di spese nel 2016\/2017, impiegati, ad esempio, per l\u2019inaugurazione dello stesso museo e della coeva mostra dei 3 quadri di Tiziano Vecellio e per la relativa pubblicit\u00e0 sul quotidiano Sole24Ore. Per inciso, non vi \u00e8 chi non veda l\u2019enorme interesse di pubblico suscitato eccezionalmente allora per un edificio chiuso da svariati anni, con conseguente, significativo afflusso ivi di persone curiose della novit\u00e0 museale. Per ulteriore inciso, contrariamente a quanto affermato dalle scriventi per evidenziare la (asserita) capacit\u00e0 delle precedenti Giunte Comunali progressiste, non furono due i mesi di accessi gratuiti al museo cittadino agli inizi del 2017, bens\u00ec un periodo di soli 10 giorni (vedasi, al riguardo, la delibera di Giunta Comunale nr. 10 del 26\/1\/2017: DISINFORMATJIA!).<\/li>\n<\/ol>\n<p>Tutto ci\u00f2 premesso, lo scrivente Assessore Comunale cos\u00ec replica:<\/p>\n<p>1) la mostra su Andy Warhol ha incassato complessivamente 52.541,50 Euro in ragione di una\u00a0intelligente e accorta pluralit\u00e0 di costi del biglietto di ingresso, vuoi per residenti, vuoi per i\u00a0giovani, vuoi per le visite guidate. E\u2019 importante rilevare e far rilevare che detta somma &#8211; oltre\u00a0dieci volte superiore all\u2019impegno di spesa del Comune di Belluno (vedasi, al riguardo, la\u00a0proposta di delibera di Giunta Comunale nr. 864 del 27\/2\/2025 &#8211; 3\/3\/2025)- vedr\u00e0 come unico\u00a0beneficiario lo stesso Comune di Belluno che ha saputo interpretare al meglio nell\u2019occasione il\u00a0principio costituzionale di sussidiariet\u00e0, riuscendo a coinvolgere nell\u2019esposizione oltre 20\u00a0sponsors privati, lungimiranti mecenati a cui va pure in questa sede di nuovo il sentito\u00a0ringraziamento da parte nostra. Si segnala in merito che ormai da tempo le politiche culturali\u00a0pubbliche non possono prescindere da una auspicata, proficua collaborazione con il cosiddetto\u00a0privato. Chi non vuole riconoscere ci\u00f2 \u00e8 probabilmente un nostalgico di interventi statali\u00a0massivi dal sapore vetero-staliniano. Si segnala, altres\u00ec, che una delle caratteristiche artistiche\u00a0della mostra de qua \u00e8 stata la virtuosa contaminazione tra il passato e il presente, tra stili e storie\u00a0differenti, e ci\u00f2 ha trovato ampio, tangibile gradimento tra gli 8.478 visitatori italiani ed esteri,\u00a0molti dei quali non erano mai stati nel meraviglioso Palazzo Fulcis e che, con ogni probabilit\u00e0,\u00a0torneranno ancora a visitarlo. Per doveroso, ultimo inciso di verit\u00e0 va detto ancora che l\u2019 ex\u00a0adverso lamentato, mancato coinvolgimento del comitato scientifico del museo nella\u00a0preparazione della mostra in oggetto risulta del tutto strumentale e frutto, nella migliore delle\u00a0ipotesi, di mancata conoscenza della materia: posto, infatti, che la mostra medesima ha avuto la\u00a0sua gestazione nel corso dell\u2019ultimo inverno e che il provvedimento formale di approvazione\u00a0della sua organizzazione \u00e8 datato 6 marzo 2025 (delibera di Giunta Comunale nr. 46), la nomina\u00a0ufficiale dei componenti del comitato scientifico test\u00e8 citato \u00e8 avvenuta solo 16 giorni dopo (i.e.\u00a0il 22\/3\/2025 ) e la sua prima riunione si \u00e8 avuta il 3 aprile 2025 . Dunque, era di fatto e di diritto\u00a0impossibile coinvolgere all\u2019epoca un organismo non ancora istituito.\u00a0Viceversa, numerose e approfondite sono state in merito le interlocuzioni dell\u2019Assessore\u00a0Comunale competente con il Conservatore del museo cittadino.\u00a0Sia consentito dire, in conclusione, che spiace davvero veder disprezzata ex ante ed ex post da\u00a0qualcuno una esposizione che tanto lustro ha dato alla nostra citt\u00e0 e alle sue significative\u00a0potenzialit\u00e0 culturali e turistiche.<\/p>\n<p>2) A campione, senza pretesa di esaustivit\u00e0. Il prossimo 1\u00b0 agosto, data certa del battesimo di Sebastiano Ricci, e, cos\u00ec, per gli anni a venire, l\u2019ingresso al museo, per esplicita volont\u00e0\u00a0dell\u2019Assessorato alla cultura, sar\u00e0 fissato per tutti a 3,00 Euro al fine di incentivare l\u00ec la presenza di\u00a0visitatori. Ancora per alcuni giorni, nel pieno della stagione estiva, sar\u00e0 osservabile il famoso\u00a0dipinto quattrocentesco di Antonio Solario, rubato a Belluno nella tarda estate del 1973. Indi, esso,\u00a0dopo il necessario, delicato restauro, sar\u00e0 oggetto nel 2026 di una esposizione ad hoc . L\u20198 agosto\u00a0p.v. il cortile interno di Palazzo Fulcis ospiter\u00e0 il concerto della cantante di colore Josmil Neris sulla\u00a0canzone italiana con il prestigioso patrocinio del Consiglio Regionale del Veneto nell\u2019ambito della\u00a0rassegna comunale \u201cR estate in citt\u00e0\u201d. In autunno verr\u00e0 allestita, in collaborazione con la Provincia\u00a0di Belluno, il Circolo Cultura e Stampa Bellunese e il Rotary Club di Belluno la mostra sul noto\u00a0scultore bellunese Franco Fiabane a 10 anni esatti dalla sua scomparsa.<\/p>\n<p>3) Il progetto Culture Link prosegue con la recentissima sottoscrizione della convenzione con\u00a0l\u2019universit\u00e0 di Venezia Ca\u2019 Foscari, con riunioni periodiche coi vari organismi partecipanti (oltre\u00a040) e con l\u2019attivazionea del sito.<\/p>\n<p>4) I soggetti che hanno comunicato la volont\u00e0 di non aderire pi\u00f9 al progetto in esame sono, a quanto\u00a0risulta, l\u2019Associazione Corale Zumellese, Arte Nuova, Teatro del cuore, Giovani&amp; Futuro e\u00a0Formarte. Essi, con sfumature diverse, ritengono, in sintesi, che vi sarebbe una visione diversa in\u00a0seno alla Fondazione Teatri delle Dolomiti rispetto alle evidenze iniziali del medesimo progetto.<\/p>\n<p>Belluno, 30 luglio 2025<\/p>\n<p><strong>&#8211; Raffaele Addamiano &#8211;\u00a0(Assessore alla Cultura del Comune di Belluno)<\/strong><\/p>","protected":false},"excerpt":{"rendered":"<p>Belluno, 1 agosto 2025 &#8211; Di seguito la risposta dell&#8217;assessore alla Cultura Raffaele Addamiano all&#8217;Interrogazione del 21\/7\/2025 presentata dal Gruppo Consiliare Insieme per\u00a0Belluno Bene Comune,\u00a0 relativa al Museo Fulcis e Culture link. Premesso che a) sarebbe assai interessante in via preliminare sapere se entrambe le interroganti, a parole cos\u00ec prese dal tema \u201cCultura\u201d, si siano [&hellip;]<\/p>\n","protected":false},"author":2,"featured_media":143109,"comment_status":"closed","ping_status":"open","sticky":false,"template":"","format":"standard","meta":{"footnotes":""},"categories":[5,26],"tags":[],"class_list":["post-162325","post","type-post","status-publish","format-standard","has-post-thumbnail","category-cronaca","category-prima-pagina"],"yoast_head":"<!-- This site is optimized with the Yoast SEO plugin v28.4 - https:\/\/yoast.com\/product\/yoast-seo-wordpress\/ -->\n<title>Interrogazione Museo Fulcis e Culture Link. Risponde l&#039;assessore alla Cultura Addamiano - Bellunopress - Dolomiti<\/title>\n<meta name=\"robots\" content=\"index, follow, max-snippet:-1, max-image-preview:large, max-video-preview:-1\" \/>\n<link rel=\"canonical\" href=\"https:\/\/www.bellunopress.it\/fr\/2025\/08\/01\/interrogazione-museo-fulcis-e-culture-link-risponde-lassessore-alla-cultura-addamiano\/\" \/>\n<meta property=\"og:locale\" content=\"fr_FR\" \/>\n<meta property=\"og:type\" content=\"article\" \/>\n<meta property=\"og:title\" content=\"Interrogazione Museo Fulcis e Culture Link. Risponde l&#039;assessore alla Cultura Addamiano - Bellunopress - Dolomiti\" \/>\n<meta property=\"og:description\" content=\"Belluno, 1 agosto 2025 &#8211; Di seguito la risposta dell&#8217;assessore alla Cultura Raffaele Addamiano all&#8217;Interrogazione del 21\/7\/2025 presentata dal Gruppo Consiliare Insieme per\u00a0Belluno Bene Comune,\u00a0 relativa al Museo Fulcis e Culture link. Premesso che a) sarebbe assai interessante in via preliminare sapere se entrambe le interroganti, a parole cos\u00ec prese dal tema \u201cCultura\u201d, si siano [&hellip;]\" \/>\n<meta property=\"og:url\" content=\"https:\/\/www.bellunopress.it\/fr\/2025\/08\/01\/interrogazione-museo-fulcis-e-culture-link-risponde-lassessore-alla-cultura-addamiano\/\" \/>\n<meta property=\"og:site_name\" content=\"Bellunopress - Dolomiti\" \/>\n<meta property=\"article:publisher\" content=\"https:\/\/www.facebook.com\/profile.php?id=100008943462799\" \/>\n<meta property=\"article:published_time\" content=\"2025-08-01T19:19:27+00:00\" \/>\n<meta property=\"og:image\" content=\"https:\/\/www.bellunopress.it\/wp-content\/uploads\/2023\/07\/Raffaele-Addamiano-assessore-alla-Cultura_edited.jpg\" \/>\n\t<meta property=\"og:image:width\" content=\"1000\" \/>\n\t<meta property=\"og:image:height\" content=\"769\" \/>\n\t<meta property=\"og:image:type\" content=\"image\/jpeg\" \/>\n<meta name=\"author\" content=\"redazione\" \/>\n<meta name=\"twitter:card\" content=\"summary_large_image\" \/>\n<meta name=\"twitter:creator\" content=\"@bellunopress\" \/>\n<meta name=\"twitter:site\" content=\"@bellunopress\" \/>\n<meta name=\"twitter:label1\" content=\"\u00c9crit par\" \/>\n\t<meta name=\"twitter:data1\" content=\"redazione\" \/>\n\t<meta name=\"twitter:label2\" content=\"Dur\u00e9e de lecture estim\u00e9e\" \/>\n\t<meta name=\"twitter:data2\" content=\"6 minutes\" \/>\n<script type=\"application\/ld+json\" class=\"yoast-schema-graph\">{\"@context\":\"https:\\\/\\\/schema.org\",\"@graph\":[{\"@type\":\"Article\",\"@id\":\"https:\\\/\\\/www.bellunopress.it\\\/2025\\\/08\\\/01\\\/interrogazione-museo-fulcis-e-culture-link-risponde-lassessore-alla-cultura-addamiano\\\/#article\",\"isPartOf\":{\"@id\":\"https:\\\/\\\/www.bellunopress.it\\\/2025\\\/08\\\/01\\\/interrogazione-museo-fulcis-e-culture-link-risponde-lassessore-alla-cultura-addamiano\\\/\"},\"author\":{\"name\":\"redazione\",\"@id\":\"https:\\\/\\\/www.bellunopress.it\\\/#\\\/schema\\\/person\\\/79bb06722b37ece1c03d3e94beb30d73\"},\"headline\":\"Interrogazione Museo Fulcis e Culture Link. Risponde l&#8217;assessore alla Cultura Addamiano\",\"datePublished\":\"2025-08-01T19:19:27+00:00\",\"mainEntityOfPage\":{\"@id\":\"https:\\\/\\\/www.bellunopress.it\\\/2025\\\/08\\\/01\\\/interrogazione-museo-fulcis-e-culture-link-risponde-lassessore-alla-cultura-addamiano\\\/\"},\"wordCount\":1133,\"publisher\":{\"@id\":\"https:\\\/\\\/www.bellunopress.it\\\/#organization\"},\"image\":{\"@id\":\"https:\\\/\\\/www.bellunopress.it\\\/2025\\\/08\\\/01\\\/interrogazione-museo-fulcis-e-culture-link-risponde-lassessore-alla-cultura-addamiano\\\/#primaryimage\"},\"thumbnailUrl\":\"https:\\\/\\\/www.bellunopress.it\\\/wp-content\\\/uploads\\\/2023\\\/07\\\/Raffaele-Addamiano-assessore-alla-Cultura_edited.jpg\",\"articleSection\":[\"Cronaca\\\/Politica\",\"Prima Pagina\"],\"inLanguage\":\"fr-FR\"},{\"@type\":\"WebPage\",\"@id\":\"https:\\\/\\\/www.bellunopress.it\\\/2025\\\/08\\\/01\\\/interrogazione-museo-fulcis-e-culture-link-risponde-lassessore-alla-cultura-addamiano\\\/\",\"url\":\"https:\\\/\\\/www.bellunopress.it\\\/2025\\\/08\\\/01\\\/interrogazione-museo-fulcis-e-culture-link-risponde-lassessore-alla-cultura-addamiano\\\/\",\"name\":\"Interrogazione Museo Fulcis e Culture Link. Risponde l'assessore alla Cultura Addamiano - Bellunopress - Dolomiti\",\"isPartOf\":{\"@id\":\"https:\\\/\\\/www.bellunopress.it\\\/#website\"},\"primaryImageOfPage\":{\"@id\":\"https:\\\/\\\/www.bellunopress.it\\\/2025\\\/08\\\/01\\\/interrogazione-museo-fulcis-e-culture-link-risponde-lassessore-alla-cultura-addamiano\\\/#primaryimage\"},\"image\":{\"@id\":\"https:\\\/\\\/www.bellunopress.it\\\/2025\\\/08\\\/01\\\/interrogazione-museo-fulcis-e-culture-link-risponde-lassessore-alla-cultura-addamiano\\\/#primaryimage\"},\"thumbnailUrl\":\"https:\\\/\\\/www.bellunopress.it\\\/wp-content\\\/uploads\\\/2023\\\/07\\\/Raffaele-Addamiano-assessore-alla-Cultura_edited.jpg\",\"datePublished\":\"2025-08-01T19:19:27+00:00\",\"breadcrumb\":{\"@id\":\"https:\\\/\\\/www.bellunopress.it\\\/2025\\\/08\\\/01\\\/interrogazione-museo-fulcis-e-culture-link-risponde-lassessore-alla-cultura-addamiano\\\/#breadcrumb\"},\"inLanguage\":\"fr-FR\",\"potentialAction\":[{\"@type\":\"ReadAction\",\"target\":[\"https:\\\/\\\/www.bellunopress.it\\\/2025\\\/08\\\/01\\\/interrogazione-museo-fulcis-e-culture-link-risponde-lassessore-alla-cultura-addamiano\\\/\"]}]},{\"@type\":\"ImageObject\",\"inLanguage\":\"fr-FR\",\"@id\":\"https:\\\/\\\/www.bellunopress.it\\\/2025\\\/08\\\/01\\\/interrogazione-museo-fulcis-e-culture-link-risponde-lassessore-alla-cultura-addamiano\\\/#primaryimage\",\"url\":\"https:\\\/\\\/www.bellunopress.it\\\/wp-content\\\/uploads\\\/2023\\\/07\\\/Raffaele-Addamiano-assessore-alla-Cultura_edited.jpg\",\"contentUrl\":\"https:\\\/\\\/www.bellunopress.it\\\/wp-content\\\/uploads\\\/2023\\\/07\\\/Raffaele-Addamiano-assessore-alla-Cultura_edited.jpg\",\"width\":1000,\"height\":769,\"caption\":\"Raffaele Addamiano - Assessore alla Cultura del Comune di Belluno\"},{\"@type\":\"BreadcrumbList\",\"@id\":\"https:\\\/\\\/www.bellunopress.it\\\/2025\\\/08\\\/01\\\/interrogazione-museo-fulcis-e-culture-link-risponde-lassessore-alla-cultura-addamiano\\\/#breadcrumb\",\"itemListElement\":[{\"@type\":\"ListItem\",\"position\":1,\"name\":\"Home\",\"item\":\"https:\\\/\\\/www.bellunopress.it\\\/\"},{\"@type\":\"ListItem\",\"position\":2,\"name\":\"Interrogazione Museo Fulcis e Culture Link. Risponde l&#8217;assessore alla Cultura Addamiano\"}]},{\"@type\":\"WebSite\",\"@id\":\"https:\\\/\\\/www.bellunopress.it\\\/#website\",\"url\":\"https:\\\/\\\/www.bellunopress.it\\\/\",\"name\":\"Bellunopress - Dolomiti\",\"description\":\"e-mail: redazione@bellunopress.it\",\"publisher\":{\"@id\":\"https:\\\/\\\/www.bellunopress.it\\\/#organization\"},\"potentialAction\":[{\"@type\":\"SearchAction\",\"target\":{\"@type\":\"EntryPoint\",\"urlTemplate\":\"https:\\\/\\\/www.bellunopress.it\\\/?s={search_term_string}\"},\"query-input\":{\"@type\":\"PropertyValueSpecification\",\"valueRequired\":true,\"valueName\":\"search_term_string\"}}],\"inLanguage\":\"fr-FR\"},{\"@type\":\"Organization\",\"@id\":\"https:\\\/\\\/www.bellunopress.it\\\/#organization\",\"name\":\"Bellunopress\",\"url\":\"https:\\\/\\\/www.bellunopress.it\\\/\",\"logo\":{\"@type\":\"ImageObject\",\"inLanguage\":\"fr-FR\",\"@id\":\"https:\\\/\\\/www.bellunopress.it\\\/#\\\/schema\\\/logo\\\/image\\\/\",\"url\":\"https:\\\/\\\/www.bellunopress.it\\\/wp-content\\\/uploads\\\/2011\\\/05\\\/cropped-logo-bellunopress-.jpg\",\"contentUrl\":\"https:\\\/\\\/www.bellunopress.it\\\/wp-content\\\/uploads\\\/2011\\\/05\\\/cropped-logo-bellunopress-.jpg\",\"width\":512,\"height\":512,\"caption\":\"Bellunopress\"},\"image\":{\"@id\":\"https:\\\/\\\/www.bellunopress.it\\\/#\\\/schema\\\/logo\\\/image\\\/\"},\"sameAs\":[\"https:\\\/\\\/www.facebook.com\\\/profile.php?id=100008943462799\",\"https:\\\/\\\/x.com\\\/bellunopress\",\"https:\\\/\\\/www.linkedin.com\\\/hp\\\/?dnr=JBzUWaJfMUw8vbXJJ2tVW5-I3jZKvC4wsoxE&amp;amp;amp;amp;amp;amp;trk=nav_responsive_tab_home\",\"https:\\\/\\\/www.youtube.com\\\/channel\\\/UCxL0wu1uN0_3_7hGG0306cw\"]},{\"@type\":\"Person\",\"@id\":\"https:\\\/\\\/www.bellunopress.it\\\/#\\\/schema\\\/person\\\/79bb06722b37ece1c03d3e94beb30d73\",\"name\":\"redazione\",\"image\":{\"@type\":\"ImageObject\",\"inLanguage\":\"fr-FR\",\"@id\":\"https:\\\/\\\/secure.gravatar.com\\\/avatar\\\/37d968a2e67a6fd04c169c4bdef102d0bc5d31b2546345219e348575eb80e9a0?s=96&d=mm&r=g\",\"url\":\"https:\\\/\\\/secure.gravatar.com\\\/avatar\\\/37d968a2e67a6fd04c169c4bdef102d0bc5d31b2546345219e348575eb80e9a0?s=96&d=mm&r=g\",\"contentUrl\":\"https:\\\/\\\/secure.gravatar.com\\\/avatar\\\/37d968a2e67a6fd04c169c4bdef102d0bc5d31b2546345219e348575eb80e9a0?s=96&d=mm&r=g\",\"caption\":\"redazione\"},\"sameAs\":[\"http:\\\/\\\/www.bellunopress.it\",\"https:\\\/\\\/x.com\\\/bellunopress\"],\"url\":\"https:\\\/\\\/www.bellunopress.it\\\/fr\\\/author\\\/redazione\\\/\"}]}<\/script>\n<!-- \/ Yoast SEO plugin. -->","yoast_head_json":{"title":"Interrogazione Museo Fulcis e Culture Link. Risponde l'assessore alla Cultura Addamiano - Bellunopress - Dolomiti","robots":{"index":"index","follow":"follow","max-snippet":"max-snippet:-1","max-image-preview":"max-image-preview:large","max-video-preview":"max-video-preview:-1"},"canonical":"https:\/\/www.bellunopress.it\/fr\/2025\/08\/01\/interrogazione-museo-fulcis-e-culture-link-risponde-lassessore-alla-cultura-addamiano\/","og_locale":"fr_FR","og_type":"article","og_title":"Interrogazione Museo Fulcis e Culture Link. Risponde l'assessore alla Cultura Addamiano - Bellunopress - Dolomiti","og_description":"Belluno, 1 agosto 2025 &#8211; Di seguito la risposta dell&#8217;assessore alla Cultura Raffaele Addamiano all&#8217;Interrogazione del 21\/7\/2025 presentata dal Gruppo Consiliare Insieme per\u00a0Belluno Bene Comune,\u00a0 relativa al Museo Fulcis e Culture link. Premesso che a) sarebbe assai interessante in via preliminare sapere se entrambe le interroganti, a parole cos\u00ec prese dal tema \u201cCultura\u201d, si siano [&hellip;]","og_url":"https:\/\/www.bellunopress.it\/fr\/2025\/08\/01\/interrogazione-museo-fulcis-e-culture-link-risponde-lassessore-alla-cultura-addamiano\/","og_site_name":"Bellunopress - Dolomiti","article_publisher":"https:\/\/www.facebook.com\/profile.php?id=100008943462799","article_published_time":"2025-08-01T19:19:27+00:00","og_image":[{"width":1000,"height":769,"url":"https:\/\/www.bellunopress.it\/wp-content\/uploads\/2023\/07\/Raffaele-Addamiano-assessore-alla-Cultura_edited.jpg","type":"image\/jpeg"}],"author":"redazione","twitter_card":"summary_large_image","twitter_creator":"@bellunopress","twitter_site":"@bellunopress","twitter_misc":{"\u00c9crit par":"redazione","Dur\u00e9e de lecture estim\u00e9e":"6 minutes"},"schema":{"@context":"https:\/\/schema.org","@graph":[{"@type":"Article","@id":"https:\/\/www.bellunopress.it\/2025\/08\/01\/interrogazione-museo-fulcis-e-culture-link-risponde-lassessore-alla-cultura-addamiano\/#article","isPartOf":{"@id":"https:\/\/www.bellunopress.it\/2025\/08\/01\/interrogazione-museo-fulcis-e-culture-link-risponde-lassessore-alla-cultura-addamiano\/"},"author":{"name":"redazione","@id":"https:\/\/www.bellunopress.it\/#\/schema\/person\/79bb06722b37ece1c03d3e94beb30d73"},"headline":"Interrogazione Museo Fulcis e Culture Link. Risponde l&#8217;assessore alla Cultura Addamiano","datePublished":"2025-08-01T19:19:27+00:00","mainEntityOfPage":{"@id":"https:\/\/www.bellunopress.it\/2025\/08\/01\/interrogazione-museo-fulcis-e-culture-link-risponde-lassessore-alla-cultura-addamiano\/"},"wordCount":1133,"publisher":{"@id":"https:\/\/www.bellunopress.it\/#organization"},"image":{"@id":"https:\/\/www.bellunopress.it\/2025\/08\/01\/interrogazione-museo-fulcis-e-culture-link-risponde-lassessore-alla-cultura-addamiano\/#primaryimage"},"thumbnailUrl":"https:\/\/www.bellunopress.it\/wp-content\/uploads\/2023\/07\/Raffaele-Addamiano-assessore-alla-Cultura_edited.jpg","articleSection":["Cronaca\/Politica","Prima Pagina"],"inLanguage":"fr-FR"},{"@type":"WebPage","@id":"https:\/\/www.bellunopress.it\/2025\/08\/01\/interrogazione-museo-fulcis-e-culture-link-risponde-lassessore-alla-cultura-addamiano\/","url":"https:\/\/www.bellunopress.it\/2025\/08\/01\/interrogazione-museo-fulcis-e-culture-link-risponde-lassessore-alla-cultura-addamiano\/","name":"Interrogazione Museo Fulcis e Culture Link. Risponde l'assessore alla Cultura Addamiano - Bellunopress - Dolomiti","isPartOf":{"@id":"https:\/\/www.bellunopress.it\/#website"},"primaryImageOfPage":{"@id":"https:\/\/www.bellunopress.it\/2025\/08\/01\/interrogazione-museo-fulcis-e-culture-link-risponde-lassessore-alla-cultura-addamiano\/#primaryimage"},"image":{"@id":"https:\/\/www.bellunopress.it\/2025\/08\/01\/interrogazione-museo-fulcis-e-culture-link-risponde-lassessore-alla-cultura-addamiano\/#primaryimage"},"thumbnailUrl":"https:\/\/www.bellunopress.it\/wp-content\/uploads\/2023\/07\/Raffaele-Addamiano-assessore-alla-Cultura_edited.jpg","datePublished":"2025-08-01T19:19:27+00:00","breadcrumb":{"@id":"https:\/\/www.bellunopress.it\/2025\/08\/01\/interrogazione-museo-fulcis-e-culture-link-risponde-lassessore-alla-cultura-addamiano\/#breadcrumb"},"inLanguage":"fr-FR","potentialAction":[{"@type":"ReadAction","target":["https:\/\/www.bellunopress.it\/2025\/08\/01\/interrogazione-museo-fulcis-e-culture-link-risponde-lassessore-alla-cultura-addamiano\/"]}]},{"@type":"ImageObject","inLanguage":"fr-FR","@id":"https:\/\/www.bellunopress.it\/2025\/08\/01\/interrogazione-museo-fulcis-e-culture-link-risponde-lassessore-alla-cultura-addamiano\/#primaryimage","url":"https:\/\/www.bellunopress.it\/wp-content\/uploads\/2023\/07\/Raffaele-Addamiano-assessore-alla-Cultura_edited.jpg","contentUrl":"https:\/\/www.bellunopress.it\/wp-content\/uploads\/2023\/07\/Raffaele-Addamiano-assessore-alla-Cultura_edited.jpg","width":1000,"height":769,"caption":"Raffaele Addamiano - Assessore alla Cultura del Comune di Belluno"},{"@type":"BreadcrumbList","@id":"https:\/\/www.bellunopress.it\/2025\/08\/01\/interrogazione-museo-fulcis-e-culture-link-risponde-lassessore-alla-cultura-addamiano\/#breadcrumb","itemListElement":[{"@type":"ListItem","position":1,"name":"Home","item":"https:\/\/www.bellunopress.it\/"},{"@type":"ListItem","position":2,"name":"Interrogazione Museo Fulcis e Culture Link. Risponde l&#8217;assessore alla Cultura Addamiano"}]},{"@type":"WebSite","@id":"https:\/\/www.bellunopress.it\/#website","url":"https:\/\/www.bellunopress.it\/","name":"Bellunopress - Dolomiti","description":"e-mail: redazione@bellunopress.it","publisher":{"@id":"https:\/\/www.bellunopress.it\/#organization"},"potentialAction":[{"@type":"SearchAction","target":{"@type":"EntryPoint","urlTemplate":"https:\/\/www.bellunopress.it\/?s={search_term_string}"},"query-input":{"@type":"PropertyValueSpecification","valueRequired":true,"valueName":"search_term_string"}}],"inLanguage":"fr-FR"},{"@type":"Organization","@id":"https:\/\/www.bellunopress.it\/#organization","name":"Bellunopress","url":"https:\/\/www.bellunopress.it\/","logo":{"@type":"ImageObject","inLanguage":"fr-FR","@id":"https:\/\/www.bellunopress.it\/#\/schema\/logo\/image\/","url":"https:\/\/www.bellunopress.it\/wp-content\/uploads\/2011\/05\/cropped-logo-bellunopress-.jpg","contentUrl":"https:\/\/www.bellunopress.it\/wp-content\/uploads\/2011\/05\/cropped-logo-bellunopress-.jpg","width":512,"height":512,"caption":"Bellunopress"},"image":{"@id":"https:\/\/www.bellunopress.it\/#\/schema\/logo\/image\/"},"sameAs":["https:\/\/www.facebook.com\/profile.php?id=100008943462799","https:\/\/x.com\/bellunopress","https:\/\/www.linkedin.com\/hp\/?dnr=JBzUWaJfMUw8vbXJJ2tVW5-I3jZKvC4wsoxE&amp;amp;amp;amp;amp;amp;trk=nav_responsive_tab_home","https:\/\/www.youtube.com\/channel\/UCxL0wu1uN0_3_7hGG0306cw"]},{"@type":"Person","@id":"https:\/\/www.bellunopress.it\/#\/schema\/person\/79bb06722b37ece1c03d3e94beb30d73","name":"r\u00e9daction","image":{"@type":"ImageObject","inLanguage":"fr-FR","@id":"https:\/\/secure.gravatar.com\/avatar\/37d968a2e67a6fd04c169c4bdef102d0bc5d31b2546345219e348575eb80e9a0?s=96&d=mm&r=g","url":"https:\/\/secure.gravatar.com\/avatar\/37d968a2e67a6fd04c169c4bdef102d0bc5d31b2546345219e348575eb80e9a0?s=96&d=mm&r=g","contentUrl":"https:\/\/secure.gravatar.com\/avatar\/37d968a2e67a6fd04c169c4bdef102d0bc5d31b2546345219e348575eb80e9a0?s=96&d=mm&r=g","caption":"redazione"},"sameAs":["http:\/\/www.bellunopress.it","https:\/\/x.com\/bellunopress"],"url":"https:\/\/www.bellunopress.it\/fr\/author\/redazione\/"}]}},"_links":{"self":[{"href":"https:\/\/www.bellunopress.it\/fr\/wp-json\/wp\/v2\/posts\/162325","targetHints":{"allow":["GET"]}}],"collection":[{"href":"https:\/\/www.bellunopress.it\/fr\/wp-json\/wp\/v2\/posts"}],"about":[{"href":"https:\/\/www.bellunopress.it\/fr\/wp-json\/wp\/v2\/types\/post"}],"author":[{"embeddable":true,"href":"https:\/\/www.bellunopress.it\/fr\/wp-json\/wp\/v2\/users\/2"}],"replies":[{"embeddable":true,"href":"https:\/\/www.bellunopress.it\/fr\/wp-json\/wp\/v2\/comments?post=162325"}],"version-history":[{"count":1,"href":"https:\/\/www.bellunopress.it\/fr\/wp-json\/wp\/v2\/posts\/162325\/revisions"}],"predecessor-version":[{"id":162326,"href":"https:\/\/www.bellunopress.it\/fr\/wp-json\/wp\/v2\/posts\/162325\/revisions\/162326"}],"wp:featuredmedia":[{"embeddable":true,"href":"https:\/\/www.bellunopress.it\/fr\/wp-json\/wp\/v2\/media\/143109"}],"wp:attachment":[{"href":"https:\/\/www.bellunopress.it\/fr\/wp-json\/wp\/v2\/media?parent=162325"}],"wp:term":[{"taxonomy":"category","embeddable":true,"href":"https:\/\/www.bellunopress.it\/fr\/wp-json\/wp\/v2\/categories?post=162325"},{"taxonomy":"post_tag","embeddable":true,"href":"https:\/\/www.bellunopress.it\/fr\/wp-json\/wp\/v2\/tags?post=162325"}],"curies":[{"name":"wp","href":"https:\/\/api.w.org\/{rel}","templated":true}]}}