{"id":162269,"date":"2025-07-31T13:16:19","date_gmt":"2025-07-31T11:16:19","guid":{"rendered":"https:\/\/www.bellunopress.it\/?p=162269"},"modified":"2025-07-31T13:20:33","modified_gmt":"2025-07-31T11:20:33","slug":"la-valle-agordina-si-veste-a-festa-torna-lattesa-sagra-paesana-madona-de-la-neif-tra-musica-tradizione-e-divertimento","status":"publish","type":"post","link":"https:\/\/www.bellunopress.it\/fr\/2025\/07\/31\/la-valle-agordina-si-veste-a-festa-torna-lattesa-sagra-paesana-madona-de-la-neif-tra-musica-tradizione-e-divertimento\/","title":{"rendered":"La Valle Agordina si veste a festa: torna l&#8217;attesa sagra paesana &#8220;Madona de la Neif&#8221;, tra musica, tradizione e divertimento"},"content":{"rendered":"<p><img loading=\"lazy\" decoding=\"async\" class=\"aligncenter size-full wp-image-162270\" src=\"https:\/\/www.bellunopress.it\/wp-content\/uploads\/2025\/07\/madona-de-la-neif-la-valle-agordina_edited.jpg\" alt=\"\" width=\"566\" height=\"800\" srcset=\"https:\/\/www.bellunopress.it\/wp-content\/uploads\/2025\/07\/madona-de-la-neif-la-valle-agordina_edited.jpg 566w, https:\/\/www.bellunopress.it\/wp-content\/uploads\/2025\/07\/madona-de-la-neif-la-valle-agordina_edited-354x500.jpg 354w, https:\/\/www.bellunopress.it\/wp-content\/uploads\/2025\/07\/madona-de-la-neif-la-valle-agordina_edited-297x420.jpg 297w\" sizes=\"auto, (max-width: 566px) 100vw, 566px\" \/>La Valle Agordina (BL) \u2013 Il piccolo cuore delle Dolomiti Agordine si prepara a pulsare a ritmo di festa! Da venerd\u00ec 1 agosto a marted\u00ec 5 agosto 2025, La Valle Agordina si animer\u00e0 per la sua tanto attesa sagra paesana &#8220;Madona de la Neif&#8221;, un evento che da oltre 50 anni celebra la forza e lo spirito tenace dei volontari della Pro Loco La Valle Agordina. Preparatevi a vivere cinque giorni intensi di musica, sport, cultura e gastronomia, immersi nell&#8217;incantevole scenario dolomitico.<\/p>\n<p><strong>Un programma ricco per tutti i gusti<\/strong><br \/>\nL&#8217;edizione 2025 promette un calendario fitto di appuntamenti, pensati per coinvolgere residenti e visitatori di ogni et\u00e0:<\/p>\n<p><strong>Venerd\u00ec 1 agosto: note incantate a Fades<\/strong><br \/>\nLa suggestiva piazzetta di Fades torner\u00e0 ad incantare con il concerto musicale &#8220;Fades incanta ancora &#8230;sta olta se sona&#8221; alle ore 21:00. Un ensemble di clarinetti composto da Nicole Manarin, Stefano De Marco, Jacopo De Biasi, Lorenzo Soppelsa e Daniel Creter delizier\u00e0 il pubblico con le loro melodie. Un evento organizzato con passione dai frazionisti de la vila de Fades.<\/p>\n<p><strong>Sabato 2 agosto: sport, ritmo e divertimento<\/strong><br \/>\nIl sabato prender\u00e0 il via alle 17:00 con &#8220;Aperitivo &amp; SOUND CHECK&#8221; della Kriss Groove Band. Alle 18:00, le appassionate di calcio potranno scendere in campo per il Torneo di Calcio Femminile &#8220;Donne nel pallone&#8221;, in collaborazione con USD La Valle Calcio. La serata culminer\u00e0 alle 21:30 con il concerto live della KRISS GROOVE BAND, che far\u00e0 scatenare tutti a ritmo delle pi\u00f9 celebri canzoni disco di ieri e di oggi. A seguire, DISCO TEK con RDJ per continuare a ballare fino a tarda notte.<\/p>\n<p><strong>Domenica 3 agosto &amp; luned\u00ec 4 agosto: magia, fede e ricordi<\/strong><br \/>\nIl pomeriggio di domenica e luned\u00ec, dalle 16:00 alle 18:00, sar\u00e0 dedicato ai pi\u00f9 piccoli con attivit\u00e0 di giocoleria e magia curate da MALABARISTA &#8211; GIOCOEQUILIBRISTA. La domenica sera, alle 21:00, la serata danzante con gli AlpenBruder live garantir\u00e0 un&#8217;atmosfera festosa.<\/p>\n<p>Il luned\u00ec, alle ore 18:00, la Chiesa di San Michele Arcangelo ospiter\u00e0 il tradizionale Vesper Solenne in onore della Madonna. Alle 20:00 prender\u00e0 il via la quarta edizione della mostra fotografica &#8220;LA VAL DA INCORNIS\u00c0 &#8211; Vite e ricordi nel cassetto&#8221;. Dopo aver raccontato le &#8220;vile&#8221; di Conaia, Fades e Gaidon, quest&#8217;anno la mostra si sposter\u00e0 a Lantrach, offrendo un fantastico balzo nel passato di La Val. Le foto, esposte sulle case e sui &#8220;talv\u00e0&#8221; della frazione, racconteranno sorrisi, luoghi e accadimenti storici di Lantrach dal 1900 al 1970, un&#8217;occasione unica per esplorare le antiche &#8220;burele&#8221; (strette viuzze acciottolate) che caratterizzano questa splendida localit\u00e0. La mostra sar\u00e0 visitabile fino al 15 settembre.<\/p>\n<p><strong>Marted\u00ec 5 agosto: il gran finale con &#8220;EL D\u00cc DE SAGRA&#8221;<\/strong><br \/>\nIl gran giorno di festa si aprir\u00e0 con il tradizionale MERC\u00c0 DE L&#8217;IST\u00c0 sulla Piazza della Chiesa, dove sessanta bancarelle offriranno artigianato locale, hobbistica e prodotti tipici, in un tripudio di rumori, colori e sapori. Alle 10:30, la Santa Messa solenne celebrer\u00e0 la Madona de la Neif. Il pomeriggio sar\u00e0 animato dall&#8217;intrattenimento musicale con &#8220;Le Note Storte&#8221;.<\/p>\n<p>Alle 17:00, Eros aprir\u00e0 i festeggiamenti serali con valzer e polke, preparando il terreno per l&#8217;evento clou: alle 19:00 torner\u00e0 l&#8217;unica e inimitabile gara podistica a coppie di La Val, &#8220;EL GIRO DE LE BURELE&#8221;, giunta alla 43\u00b0 edizione (20\u00b0 Memorial Ovidio Da Roit) e organizzata dallo Sci Club La Valle Agordina. I partecipanti correranno tra le &#8220;burele&#8221; delle varie &#8220;vile&#8221; ai piedi della Cadeina del San Sebastian, in uno scenario mozzafiato. La serata si chiuder\u00e0 in bellezza con Eros &amp; Karin.<\/p>\n<p>Per tutta la durata della sagra, il Museo Etnografico presso la sede del Municipio sar\u00e0 aperto al pubblico, al mattino dalle 9:30 alle 12:30 e al pomeriggio dalle 15:30 alle 18:30.<\/p>\n<p><strong>Sapori della tradizione e ristoro assicurato<\/strong><br \/>\nCome da tradizione, non mancher\u00e0 la possibilit\u00e0 di gustare gli ottimi piatti della cucina tradizionale lavallese presso lo stand gastronomico e i chioschi allestiti agli Impianti Sportivi di Conaggia. Ogni serata avr\u00e0 le sue specialit\u00e0:<\/p>\n<p>Sabato 2 Agosto: Cena con specialit\u00e0 cervo.<\/p>\n<p>Domenica 3 Agosto: Cena con specialit\u00e0 baccal\u00e0.<\/p>\n<p>Luned\u00ec 5 Agosto: Pranzo e cena con specialit\u00e0 spiedo.<\/p>\n<p>Il tutto accompagnato da ottima birra e frizzanti cocktail per rinfrescare le serate di festa.<\/p>\n<p>Preparatevi a vivere un&#8217;esperienza indimenticabile, immersi nella cultura, nelle tradizioni e nell&#8217;allegria della Sagra Paesana di La Valle Agordina!<\/p>\n<p><strong>PROSSIMI EVENTI A LA VAL<\/strong><\/p>\n<p>1\/08 FADES CHE&#8230; INCANTO<br \/>\n2-3-5\/08 &#8211; SAGRA MADONA DE LA NEIF<br \/>\n4\/08-15\/09 LA VAL DA INCORNIS\u00c0<br \/>\n10\/08 &#8211; RADUNO ALPINO AL PASSO DURAN<br \/>\n16\/08 &#8211; SAN ROC IN FOLEGA<\/p>\n<p>&nbsp;<\/p>","protected":false},"excerpt":{"rendered":"<p>La Valle Agordina (BL) \u2013 Il piccolo cuore delle Dolomiti Agordine si prepara a pulsare a ritmo di festa! Da venerd\u00ec 1 agosto a marted\u00ec 5 agosto 2025, La Valle Agordina si animer\u00e0 per la sua tanto attesa sagra paesana &#8220;Madona de la Neif&#8221;, un evento che da oltre 50 anni celebra la forza e [&hellip;]<\/p>\n","protected":false},"author":2,"featured_media":162270,"comment_status":"closed","ping_status":"open","sticky":false,"template":"","format":"standard","meta":{"footnotes":""},"categories":[3393,25,8,4],"tags":[],"class_list":["post-162269","post","type-post","status-publish","format-standard","has-post-thumbnail","category-eventi-enogastronomici","category-pausa-caffe","category-societa-istituzioni","category-sport"],"yoast_head":"<!-- This site is optimized with the Yoast SEO plugin v28.4 - https:\/\/yoast.com\/product\/yoast-seo-wordpress\/ -->\n<title>La Valle Agordina si veste a festa: torna l&#039;attesa sagra paesana &quot;Madona de la Neif&quot;, tra musica, tradizione e divertimento - Bellunopress - Dolomiti<\/title>\n<meta name=\"robots\" content=\"index, follow, max-snippet:-1, max-image-preview:large, max-video-preview:-1\" \/>\n<link rel=\"canonical\" href=\"https:\/\/www.bellunopress.it\/fr\/2025\/07\/31\/la-valle-agordina-si-veste-a-festa-torna-lattesa-sagra-paesana-madona-de-la-neif-tra-musica-tradizione-e-divertimento\/\" \/>\n<meta property=\"og:locale\" content=\"fr_FR\" \/>\n<meta property=\"og:type\" content=\"article\" \/>\n<meta property=\"og:title\" content=\"La Valle Agordina si veste a festa: torna l&#039;attesa sagra paesana &quot;Madona de la Neif&quot;, tra musica, tradizione e divertimento - Bellunopress - Dolomiti\" \/>\n<meta property=\"og:description\" content=\"La Valle Agordina (BL) \u2013 Il piccolo cuore delle Dolomiti Agordine si prepara a pulsare a ritmo di festa! Da venerd\u00ec 1 agosto a marted\u00ec 5 agosto 2025, La Valle Agordina si animer\u00e0 per la sua tanto attesa sagra paesana &#8220;Madona de la Neif&#8221;, un evento che da oltre 50 anni celebra la forza e [&hellip;]\" \/>\n<meta property=\"og:url\" content=\"https:\/\/www.bellunopress.it\/fr\/2025\/07\/31\/la-valle-agordina-si-veste-a-festa-torna-lattesa-sagra-paesana-madona-de-la-neif-tra-musica-tradizione-e-divertimento\/\" \/>\n<meta property=\"og:site_name\" content=\"Bellunopress - Dolomiti\" \/>\n<meta property=\"article:publisher\" content=\"https:\/\/www.facebook.com\/profile.php?id=100008943462799\" \/>\n<meta property=\"article:published_time\" content=\"2025-07-31T11:16:19+00:00\" \/>\n<meta property=\"article:modified_time\" content=\"2025-07-31T11:20:33+00:00\" \/>\n<meta property=\"og:image\" content=\"https:\/\/www.bellunopress.it\/wp-content\/uploads\/2025\/07\/madona-de-la-neif-la-valle-agordina_edited.jpg\" \/>\n\t<meta property=\"og:image:width\" content=\"566\" \/>\n\t<meta property=\"og:image:height\" content=\"800\" \/>\n\t<meta property=\"og:image:type\" content=\"image\/jpeg\" \/>\n<meta name=\"author\" content=\"redazione\" \/>\n<meta name=\"twitter:card\" content=\"summary_large_image\" \/>\n<meta name=\"twitter:creator\" content=\"@bellunopress\" \/>\n<meta name=\"twitter:site\" content=\"@bellunopress\" \/>\n<meta name=\"twitter:label1\" content=\"\u00c9crit par\" \/>\n\t<meta name=\"twitter:data1\" content=\"redazione\" \/>\n\t<meta name=\"twitter:label2\" content=\"Dur\u00e9e de lecture estim\u00e9e\" \/>\n\t<meta name=\"twitter:data2\" content=\"4 minutes\" \/>\n<script type=\"application\/ld+json\" class=\"yoast-schema-graph\">{\"@context\":\"https:\\\/\\\/schema.org\",\"@graph\":[{\"@type\":\"Article\",\"@id\":\"https:\\\/\\\/www.bellunopress.it\\\/2025\\\/07\\\/31\\\/la-valle-agordina-si-veste-a-festa-torna-lattesa-sagra-paesana-madona-de-la-neif-tra-musica-tradizione-e-divertimento\\\/#article\",\"isPartOf\":{\"@id\":\"https:\\\/\\\/www.bellunopress.it\\\/2025\\\/07\\\/31\\\/la-valle-agordina-si-veste-a-festa-torna-lattesa-sagra-paesana-madona-de-la-neif-tra-musica-tradizione-e-divertimento\\\/\"},\"author\":{\"name\":\"redazione\",\"@id\":\"https:\\\/\\\/www.bellunopress.it\\\/#\\\/schema\\\/person\\\/79bb06722b37ece1c03d3e94beb30d73\"},\"headline\":\"La Valle Agordina si veste a festa: torna l&#8217;attesa sagra paesana &#8220;Madona de la Neif&#8221;, tra musica, tradizione e divertimento\",\"datePublished\":\"2025-07-31T11:16:19+00:00\",\"dateModified\":\"2025-07-31T11:20:33+00:00\",\"mainEntityOfPage\":{\"@id\":\"https:\\\/\\\/www.bellunopress.it\\\/2025\\\/07\\\/31\\\/la-valle-agordina-si-veste-a-festa-torna-lattesa-sagra-paesana-madona-de-la-neif-tra-musica-tradizione-e-divertimento\\\/\"},\"wordCount\":738,\"publisher\":{\"@id\":\"https:\\\/\\\/www.bellunopress.it\\\/#organization\"},\"image\":{\"@id\":\"https:\\\/\\\/www.bellunopress.it\\\/2025\\\/07\\\/31\\\/la-valle-agordina-si-veste-a-festa-torna-lattesa-sagra-paesana-madona-de-la-neif-tra-musica-tradizione-e-divertimento\\\/#primaryimage\"},\"thumbnailUrl\":\"https:\\\/\\\/www.bellunopress.it\\\/wp-content\\\/uploads\\\/2025\\\/07\\\/madona-de-la-neif-la-valle-agordina_edited.jpg\",\"articleSection\":[\"Eventi enogastronomici\",\"Pausa Caff\u00e8\",\"Societ\u00e0, Associazioni, Istituzioni\",\"Sport, tempo libero\"],\"inLanguage\":\"fr-FR\"},{\"@type\":\"WebPage\",\"@id\":\"https:\\\/\\\/www.bellunopress.it\\\/2025\\\/07\\\/31\\\/la-valle-agordina-si-veste-a-festa-torna-lattesa-sagra-paesana-madona-de-la-neif-tra-musica-tradizione-e-divertimento\\\/\",\"url\":\"https:\\\/\\\/www.bellunopress.it\\\/2025\\\/07\\\/31\\\/la-valle-agordina-si-veste-a-festa-torna-lattesa-sagra-paesana-madona-de-la-neif-tra-musica-tradizione-e-divertimento\\\/\",\"name\":\"La Valle Agordina si veste a festa: torna l'attesa sagra paesana \\\"Madona de la Neif\\\", tra musica, tradizione e divertimento - Bellunopress - Dolomiti\",\"isPartOf\":{\"@id\":\"https:\\\/\\\/www.bellunopress.it\\\/#website\"},\"primaryImageOfPage\":{\"@id\":\"https:\\\/\\\/www.bellunopress.it\\\/2025\\\/07\\\/31\\\/la-valle-agordina-si-veste-a-festa-torna-lattesa-sagra-paesana-madona-de-la-neif-tra-musica-tradizione-e-divertimento\\\/#primaryimage\"},\"image\":{\"@id\":\"https:\\\/\\\/www.bellunopress.it\\\/2025\\\/07\\\/31\\\/la-valle-agordina-si-veste-a-festa-torna-lattesa-sagra-paesana-madona-de-la-neif-tra-musica-tradizione-e-divertimento\\\/#primaryimage\"},\"thumbnailUrl\":\"https:\\\/\\\/www.bellunopress.it\\\/wp-content\\\/uploads\\\/2025\\\/07\\\/madona-de-la-neif-la-valle-agordina_edited.jpg\",\"datePublished\":\"2025-07-31T11:16:19+00:00\",\"dateModified\":\"2025-07-31T11:20:33+00:00\",\"breadcrumb\":{\"@id\":\"https:\\\/\\\/www.bellunopress.it\\\/2025\\\/07\\\/31\\\/la-valle-agordina-si-veste-a-festa-torna-lattesa-sagra-paesana-madona-de-la-neif-tra-musica-tradizione-e-divertimento\\\/#breadcrumb\"},\"inLanguage\":\"fr-FR\",\"potentialAction\":[{\"@type\":\"ReadAction\",\"target\":[\"https:\\\/\\\/www.bellunopress.it\\\/2025\\\/07\\\/31\\\/la-valle-agordina-si-veste-a-festa-torna-lattesa-sagra-paesana-madona-de-la-neif-tra-musica-tradizione-e-divertimento\\\/\"]}]},{\"@type\":\"ImageObject\",\"inLanguage\":\"fr-FR\",\"@id\":\"https:\\\/\\\/www.bellunopress.it\\\/2025\\\/07\\\/31\\\/la-valle-agordina-si-veste-a-festa-torna-lattesa-sagra-paesana-madona-de-la-neif-tra-musica-tradizione-e-divertimento\\\/#primaryimage\",\"url\":\"https:\\\/\\\/www.bellunopress.it\\\/wp-content\\\/uploads\\\/2025\\\/07\\\/madona-de-la-neif-la-valle-agordina_edited.jpg\",\"contentUrl\":\"https:\\\/\\\/www.bellunopress.it\\\/wp-content\\\/uploads\\\/2025\\\/07\\\/madona-de-la-neif-la-valle-agordina_edited.jpg\",\"width\":566,\"height\":800},{\"@type\":\"BreadcrumbList\",\"@id\":\"https:\\\/\\\/www.bellunopress.it\\\/2025\\\/07\\\/31\\\/la-valle-agordina-si-veste-a-festa-torna-lattesa-sagra-paesana-madona-de-la-neif-tra-musica-tradizione-e-divertimento\\\/#breadcrumb\",\"itemListElement\":[{\"@type\":\"ListItem\",\"position\":1,\"name\":\"Home\",\"item\":\"https:\\\/\\\/www.bellunopress.it\\\/\"},{\"@type\":\"ListItem\",\"position\":2,\"name\":\"La Valle Agordina si veste a festa: torna l&#8217;attesa sagra paesana &#8220;Madona de la Neif&#8221;, tra musica, tradizione e divertimento\"}]},{\"@type\":\"WebSite\",\"@id\":\"https:\\\/\\\/www.bellunopress.it\\\/#website\",\"url\":\"https:\\\/\\\/www.bellunopress.it\\\/\",\"name\":\"Bellunopress - Dolomiti\",\"description\":\"e-mail: redazione@bellunopress.it\",\"publisher\":{\"@id\":\"https:\\\/\\\/www.bellunopress.it\\\/#organization\"},\"potentialAction\":[{\"@type\":\"SearchAction\",\"target\":{\"@type\":\"EntryPoint\",\"urlTemplate\":\"https:\\\/\\\/www.bellunopress.it\\\/?s={search_term_string}\"},\"query-input\":{\"@type\":\"PropertyValueSpecification\",\"valueRequired\":true,\"valueName\":\"search_term_string\"}}],\"inLanguage\":\"fr-FR\"},{\"@type\":\"Organization\",\"@id\":\"https:\\\/\\\/www.bellunopress.it\\\/#organization\",\"name\":\"Bellunopress\",\"url\":\"https:\\\/\\\/www.bellunopress.it\\\/\",\"logo\":{\"@type\":\"ImageObject\",\"inLanguage\":\"fr-FR\",\"@id\":\"https:\\\/\\\/www.bellunopress.it\\\/#\\\/schema\\\/logo\\\/image\\\/\",\"url\":\"https:\\\/\\\/www.bellunopress.it\\\/wp-content\\\/uploads\\\/2011\\\/05\\\/cropped-logo-bellunopress-.jpg\",\"contentUrl\":\"https:\\\/\\\/www.bellunopress.it\\\/wp-content\\\/uploads\\\/2011\\\/05\\\/cropped-logo-bellunopress-.jpg\",\"width\":512,\"height\":512,\"caption\":\"Bellunopress\"},\"image\":{\"@id\":\"https:\\\/\\\/www.bellunopress.it\\\/#\\\/schema\\\/logo\\\/image\\\/\"},\"sameAs\":[\"https:\\\/\\\/www.facebook.com\\\/profile.php?id=100008943462799\",\"https:\\\/\\\/x.com\\\/bellunopress\",\"https:\\\/\\\/www.linkedin.com\\\/hp\\\/?dnr=JBzUWaJfMUw8vbXJJ2tVW5-I3jZKvC4wsoxE&amp;amp;amp;amp;amp;amp;trk=nav_responsive_tab_home\",\"https:\\\/\\\/www.youtube.com\\\/channel\\\/UCxL0wu1uN0_3_7hGG0306cw\"]},{\"@type\":\"Person\",\"@id\":\"https:\\\/\\\/www.bellunopress.it\\\/#\\\/schema\\\/person\\\/79bb06722b37ece1c03d3e94beb30d73\",\"name\":\"redazione\",\"image\":{\"@type\":\"ImageObject\",\"inLanguage\":\"fr-FR\",\"@id\":\"https:\\\/\\\/secure.gravatar.com\\\/avatar\\\/37d968a2e67a6fd04c169c4bdef102d0bc5d31b2546345219e348575eb80e9a0?s=96&d=mm&r=g\",\"url\":\"https:\\\/\\\/secure.gravatar.com\\\/avatar\\\/37d968a2e67a6fd04c169c4bdef102d0bc5d31b2546345219e348575eb80e9a0?s=96&d=mm&r=g\",\"contentUrl\":\"https:\\\/\\\/secure.gravatar.com\\\/avatar\\\/37d968a2e67a6fd04c169c4bdef102d0bc5d31b2546345219e348575eb80e9a0?s=96&d=mm&r=g\",\"caption\":\"redazione\"},\"sameAs\":[\"http:\\\/\\\/www.bellunopress.it\",\"https:\\\/\\\/x.com\\\/bellunopress\"],\"url\":\"https:\\\/\\\/www.bellunopress.it\\\/fr\\\/author\\\/redazione\\\/\"}]}<\/script>\n<!-- \/ Yoast SEO plugin. -->","yoast_head_json":{"title":"La Valle Agordina si veste a festa: torna l'attesa sagra paesana \"Madona de la Neif\", tra musica, tradizione e divertimento - Bellunopress - Dolomiti","robots":{"index":"index","follow":"follow","max-snippet":"max-snippet:-1","max-image-preview":"max-image-preview:large","max-video-preview":"max-video-preview:-1"},"canonical":"https:\/\/www.bellunopress.it\/fr\/2025\/07\/31\/la-valle-agordina-si-veste-a-festa-torna-lattesa-sagra-paesana-madona-de-la-neif-tra-musica-tradizione-e-divertimento\/","og_locale":"fr_FR","og_type":"article","og_title":"La Valle Agordina si veste a festa: torna l'attesa sagra paesana \"Madona de la Neif\", tra musica, tradizione e divertimento - Bellunopress - Dolomiti","og_description":"La Valle Agordina (BL) \u2013 Il piccolo cuore delle Dolomiti Agordine si prepara a pulsare a ritmo di festa! Da venerd\u00ec 1 agosto a marted\u00ec 5 agosto 2025, La Valle Agordina si animer\u00e0 per la sua tanto attesa sagra paesana &#8220;Madona de la Neif&#8221;, un evento che da oltre 50 anni celebra la forza e [&hellip;]","og_url":"https:\/\/www.bellunopress.it\/fr\/2025\/07\/31\/la-valle-agordina-si-veste-a-festa-torna-lattesa-sagra-paesana-madona-de-la-neif-tra-musica-tradizione-e-divertimento\/","og_site_name":"Bellunopress - Dolomiti","article_publisher":"https:\/\/www.facebook.com\/profile.php?id=100008943462799","article_published_time":"2025-07-31T11:16:19+00:00","article_modified_time":"2025-07-31T11:20:33+00:00","og_image":[{"width":566,"height":800,"url":"https:\/\/www.bellunopress.it\/wp-content\/uploads\/2025\/07\/madona-de-la-neif-la-valle-agordina_edited.jpg","type":"image\/jpeg"}],"author":"redazione","twitter_card":"summary_large_image","twitter_creator":"@bellunopress","twitter_site":"@bellunopress","twitter_misc":{"\u00c9crit par":"redazione","Dur\u00e9e de lecture estim\u00e9e":"4 minutes"},"schema":{"@context":"https:\/\/schema.org","@graph":[{"@type":"Article","@id":"https:\/\/www.bellunopress.it\/2025\/07\/31\/la-valle-agordina-si-veste-a-festa-torna-lattesa-sagra-paesana-madona-de-la-neif-tra-musica-tradizione-e-divertimento\/#article","isPartOf":{"@id":"https:\/\/www.bellunopress.it\/2025\/07\/31\/la-valle-agordina-si-veste-a-festa-torna-lattesa-sagra-paesana-madona-de-la-neif-tra-musica-tradizione-e-divertimento\/"},"author":{"name":"redazione","@id":"https:\/\/www.bellunopress.it\/#\/schema\/person\/79bb06722b37ece1c03d3e94beb30d73"},"headline":"La Valle Agordina si veste a festa: torna l&#8217;attesa sagra paesana &#8220;Madona de la Neif&#8221;, tra musica, tradizione e divertimento","datePublished":"2025-07-31T11:16:19+00:00","dateModified":"2025-07-31T11:20:33+00:00","mainEntityOfPage":{"@id":"https:\/\/www.bellunopress.it\/2025\/07\/31\/la-valle-agordina-si-veste-a-festa-torna-lattesa-sagra-paesana-madona-de-la-neif-tra-musica-tradizione-e-divertimento\/"},"wordCount":738,"publisher":{"@id":"https:\/\/www.bellunopress.it\/#organization"},"image":{"@id":"https:\/\/www.bellunopress.it\/2025\/07\/31\/la-valle-agordina-si-veste-a-festa-torna-lattesa-sagra-paesana-madona-de-la-neif-tra-musica-tradizione-e-divertimento\/#primaryimage"},"thumbnailUrl":"https:\/\/www.bellunopress.it\/wp-content\/uploads\/2025\/07\/madona-de-la-neif-la-valle-agordina_edited.jpg","articleSection":["Eventi enogastronomici","Pausa Caff\u00e8","Societ\u00e0, Associazioni, Istituzioni","Sport, tempo libero"],"inLanguage":"fr-FR"},{"@type":"WebPage","@id":"https:\/\/www.bellunopress.it\/2025\/07\/31\/la-valle-agordina-si-veste-a-festa-torna-lattesa-sagra-paesana-madona-de-la-neif-tra-musica-tradizione-e-divertimento\/","url":"https:\/\/www.bellunopress.it\/2025\/07\/31\/la-valle-agordina-si-veste-a-festa-torna-lattesa-sagra-paesana-madona-de-la-neif-tra-musica-tradizione-e-divertimento\/","name":"La Valle Agordina si veste a festa: torna l'attesa sagra paesana \"Madona de la Neif\", tra musica, tradizione e divertimento - Bellunopress - Dolomiti","isPartOf":{"@id":"https:\/\/www.bellunopress.it\/#website"},"primaryImageOfPage":{"@id":"https:\/\/www.bellunopress.it\/2025\/07\/31\/la-valle-agordina-si-veste-a-festa-torna-lattesa-sagra-paesana-madona-de-la-neif-tra-musica-tradizione-e-divertimento\/#primaryimage"},"image":{"@id":"https:\/\/www.bellunopress.it\/2025\/07\/31\/la-valle-agordina-si-veste-a-festa-torna-lattesa-sagra-paesana-madona-de-la-neif-tra-musica-tradizione-e-divertimento\/#primaryimage"},"thumbnailUrl":"https:\/\/www.bellunopress.it\/wp-content\/uploads\/2025\/07\/madona-de-la-neif-la-valle-agordina_edited.jpg","datePublished":"2025-07-31T11:16:19+00:00","dateModified":"2025-07-31T11:20:33+00:00","breadcrumb":{"@id":"https:\/\/www.bellunopress.it\/2025\/07\/31\/la-valle-agordina-si-veste-a-festa-torna-lattesa-sagra-paesana-madona-de-la-neif-tra-musica-tradizione-e-divertimento\/#breadcrumb"},"inLanguage":"fr-FR","potentialAction":[{"@type":"ReadAction","target":["https:\/\/www.bellunopress.it\/2025\/07\/31\/la-valle-agordina-si-veste-a-festa-torna-lattesa-sagra-paesana-madona-de-la-neif-tra-musica-tradizione-e-divertimento\/"]}]},{"@type":"ImageObject","inLanguage":"fr-FR","@id":"https:\/\/www.bellunopress.it\/2025\/07\/31\/la-valle-agordina-si-veste-a-festa-torna-lattesa-sagra-paesana-madona-de-la-neif-tra-musica-tradizione-e-divertimento\/#primaryimage","url":"https:\/\/www.bellunopress.it\/wp-content\/uploads\/2025\/07\/madona-de-la-neif-la-valle-agordina_edited.jpg","contentUrl":"https:\/\/www.bellunopress.it\/wp-content\/uploads\/2025\/07\/madona-de-la-neif-la-valle-agordina_edited.jpg","width":566,"height":800},{"@type":"BreadcrumbList","@id":"https:\/\/www.bellunopress.it\/2025\/07\/31\/la-valle-agordina-si-veste-a-festa-torna-lattesa-sagra-paesana-madona-de-la-neif-tra-musica-tradizione-e-divertimento\/#breadcrumb","itemListElement":[{"@type":"ListItem","position":1,"name":"Home","item":"https:\/\/www.bellunopress.it\/"},{"@type":"ListItem","position":2,"name":"La Valle Agordina si veste a festa: torna l&#8217;attesa sagra paesana &#8220;Madona de la Neif&#8221;, tra musica, tradizione e divertimento"}]},{"@type":"WebSite","@id":"https:\/\/www.bellunopress.it\/#website","url":"https:\/\/www.bellunopress.it\/","name":"Bellunopress - Dolomiti","description":"e-mail: redazione@bellunopress.it","publisher":{"@id":"https:\/\/www.bellunopress.it\/#organization"},"potentialAction":[{"@type":"SearchAction","target":{"@type":"EntryPoint","urlTemplate":"https:\/\/www.bellunopress.it\/?s={search_term_string}"},"query-input":{"@type":"PropertyValueSpecification","valueRequired":true,"valueName":"search_term_string"}}],"inLanguage":"fr-FR"},{"@type":"Organization","@id":"https:\/\/www.bellunopress.it\/#organization","name":"Bellunopress","url":"https:\/\/www.bellunopress.it\/","logo":{"@type":"ImageObject","inLanguage":"fr-FR","@id":"https:\/\/www.bellunopress.it\/#\/schema\/logo\/image\/","url":"https:\/\/www.bellunopress.it\/wp-content\/uploads\/2011\/05\/cropped-logo-bellunopress-.jpg","contentUrl":"https:\/\/www.bellunopress.it\/wp-content\/uploads\/2011\/05\/cropped-logo-bellunopress-.jpg","width":512,"height":512,"caption":"Bellunopress"},"image":{"@id":"https:\/\/www.bellunopress.it\/#\/schema\/logo\/image\/"},"sameAs":["https:\/\/www.facebook.com\/profile.php?id=100008943462799","https:\/\/x.com\/bellunopress","https:\/\/www.linkedin.com\/hp\/?dnr=JBzUWaJfMUw8vbXJJ2tVW5-I3jZKvC4wsoxE&amp;amp;amp;amp;amp;amp;trk=nav_responsive_tab_home","https:\/\/www.youtube.com\/channel\/UCxL0wu1uN0_3_7hGG0306cw"]},{"@type":"Person","@id":"https:\/\/www.bellunopress.it\/#\/schema\/person\/79bb06722b37ece1c03d3e94beb30d73","name":"r\u00e9daction","image":{"@type":"ImageObject","inLanguage":"fr-FR","@id":"https:\/\/secure.gravatar.com\/avatar\/37d968a2e67a6fd04c169c4bdef102d0bc5d31b2546345219e348575eb80e9a0?s=96&d=mm&r=g","url":"https:\/\/secure.gravatar.com\/avatar\/37d968a2e67a6fd04c169c4bdef102d0bc5d31b2546345219e348575eb80e9a0?s=96&d=mm&r=g","contentUrl":"https:\/\/secure.gravatar.com\/avatar\/37d968a2e67a6fd04c169c4bdef102d0bc5d31b2546345219e348575eb80e9a0?s=96&d=mm&r=g","caption":"redazione"},"sameAs":["http:\/\/www.bellunopress.it","https:\/\/x.com\/bellunopress"],"url":"https:\/\/www.bellunopress.it\/fr\/author\/redazione\/"}]}},"_links":{"self":[{"href":"https:\/\/www.bellunopress.it\/fr\/wp-json\/wp\/v2\/posts\/162269","targetHints":{"allow":["GET"]}}],"collection":[{"href":"https:\/\/www.bellunopress.it\/fr\/wp-json\/wp\/v2\/posts"}],"about":[{"href":"https:\/\/www.bellunopress.it\/fr\/wp-json\/wp\/v2\/types\/post"}],"author":[{"embeddable":true,"href":"https:\/\/www.bellunopress.it\/fr\/wp-json\/wp\/v2\/users\/2"}],"replies":[{"embeddable":true,"href":"https:\/\/www.bellunopress.it\/fr\/wp-json\/wp\/v2\/comments?post=162269"}],"version-history":[{"count":2,"href":"https:\/\/www.bellunopress.it\/fr\/wp-json\/wp\/v2\/posts\/162269\/revisions"}],"predecessor-version":[{"id":162272,"href":"https:\/\/www.bellunopress.it\/fr\/wp-json\/wp\/v2\/posts\/162269\/revisions\/162272"}],"wp:featuredmedia":[{"embeddable":true,"href":"https:\/\/www.bellunopress.it\/fr\/wp-json\/wp\/v2\/media\/162270"}],"wp:attachment":[{"href":"https:\/\/www.bellunopress.it\/fr\/wp-json\/wp\/v2\/media?parent=162269"}],"wp:term":[{"taxonomy":"category","embeddable":true,"href":"https:\/\/www.bellunopress.it\/fr\/wp-json\/wp\/v2\/categories?post=162269"},{"taxonomy":"post_tag","embeddable":true,"href":"https:\/\/www.bellunopress.it\/fr\/wp-json\/wp\/v2\/tags?post=162269"}],"curies":[{"name":"wp","href":"https:\/\/api.w.org\/{rel}","templated":true}]}}