{"id":162193,"date":"2025-07-28T12:56:56","date_gmt":"2025-07-28T10:56:56","guid":{"rendered":"https:\/\/www.bellunopress.it\/?p=162193"},"modified":"2025-07-28T12:56:56","modified_gmt":"2025-07-28T10:56:56","slug":"concerto-per-la-consacrazione-del-1326-della-chiesa-di-san-pietro","status":"publish","type":"post","link":"https:\/\/www.bellunopress.it\/fr\/2025\/07\/28\/concerto-per-la-consacrazione-del-1326-della-chiesa-di-san-pietro\/","title":{"rendered":"Concerto per la consacrazione del 1326 della chiesa di San Pietro"},"content":{"rendered":"<figure id=\"attachment_162194\" aria-describedby=\"caption-attachment-162194\" style=\"width: 640px\" class=\"wp-caption aligncenter\"><img loading=\"lazy\" decoding=\"async\" class=\"size-full wp-image-162194\" src=\"https:\/\/www.bellunopress.it\/wp-content\/uploads\/2025\/07\/Chiesa-di-S-Pietro-Belluno.jpg\" alt=\"\" width=\"640\" height=\"480\" srcset=\"https:\/\/www.bellunopress.it\/wp-content\/uploads\/2025\/07\/Chiesa-di-S-Pietro-Belluno.jpg 640w, https:\/\/www.bellunopress.it\/wp-content\/uploads\/2025\/07\/Chiesa-di-S-Pietro-Belluno-500x375.jpg 500w, https:\/\/www.bellunopress.it\/wp-content\/uploads\/2025\/07\/Chiesa-di-S-Pietro-Belluno-560x420.jpg 560w, https:\/\/www.bellunopress.it\/wp-content\/uploads\/2025\/07\/Chiesa-di-S-Pietro-Belluno-80x60.jpg 80w\" sizes=\"auto, (max-width: 640px) 100vw, 640px\" \/><figcaption id=\"caption-attachment-162194\" class=\"wp-caption-text\">Chiesa di San Pietro &#8211; Belluno<\/figcaption><\/figure>\n<p><strong>Domenica 3 agosto le \u201cMeditazioni sonore\u201d<\/strong><\/p>\n<p>Per celebrare la prima domenica di agosto del 1326 quando venne consacrata la Chiesa di San Pietro a Belluno, l\u2019Associazione Campedel insieme al Seminario Gregoriano hanno organizzato per domenica 3 agosto alle ore 17.00 il concerto \u201cMeditazioni sonore\u201d del Trio Vocale formato da Daniela Dametto, Maria Silvia Roveri e Radmila Visentin.<br \/>\nIl Trio Vocale nasce nel luglio del 2024 per celebrare la ricorrenza della consacrazione su invito dell&#8217;Associazione Campedel di Belluno. Il 30 novembre dello stesso anno partecipa ad un concerto d&#8217;Avvento di beneficenza per l&#8217;AIL (Associazione italiana contro le leucemie-linfomi e mieloma) organizzato dal coro Col di Lana di Vittorio Veneto TV. Le tre cantanti bellunesi, di varia formazione musicale, si sono riunite con il comune intento di trasmettere bellezza attraverso la musica e di trasformare il canto in un momento spirituale e meditativo. Il concerto propone composizioni dal Duecento fino al Novecento.<br \/>\nPer l\u2019occasione proseguir\u00e0 la una raccolta fondi per il restauro della Via Crucis ottocentesca di Antonio Federici conservata in chiesa. Nel pomeriggio dal 15.30 sar\u00e0 possibile visitare con i volontari della Campedel la chiesa e i chiostri (tutte le domeniche pomeriggio fino al 7 settembre).<\/p>\n<p><strong>PROGRAMMA:<\/strong><br \/>\n1. Deus in adiutorium &#8211; salmo 69,2 codex Bamberg XIII sec.<br \/>\n2. Alleluia psallat &#8211; rondello del tardo XIII sec. codex Oxford<br \/>\n3. Resurgentis &#8211; codex Las Huelgas XIV sec<br \/>\n4. Alle, psallite_Alleluya &#8211; codex Montpellier XIII sec.<br \/>\n5. Laudate Dio &#8211; Giovanni Animuccia (1520-1571)<br \/>\n6. Gustate et videte &#8211; Giovanni Matteo Asola (1524-1609)<br \/>\n7. Jesu rex admirabilis &#8211; Giovanni Pierluigi da Palestrina (1525-1594)<br \/>\n8. Cor meum &#8211; Orlando di Lasso (1532-1594)<br \/>\n9. Lauda Sion Salvatorem &#8211; Claudio Monteverdi (1567-1643)<br \/>\n10. Jesu mi dulcissime &#8211; Felice Anerio (1569-1630)<br \/>\n11. In medio Ecclesiae &#8211; Giovanni Briccio (1579-1645)<br \/>\n12. Maria durch ein Dornwald ging &#8211; canto trad. d&#8217;Avvento tedesco ca. XVI sec.<br \/>\n13. Ave Maria &#8211; Zolt\u00e1n Kod\u00e1ly (1882-1967)<\/p>","protected":false},"excerpt":{"rendered":"<p>Domenica 3 agosto le \u201cMeditazioni sonore\u201d Per celebrare la prima domenica di agosto del 1326 quando venne consacrata la Chiesa di San Pietro a Belluno, l\u2019Associazione Campedel insieme al Seminario Gregoriano hanno organizzato per domenica 3 agosto alle ore 17.00 il concerto \u201cMeditazioni sonore\u201d del Trio Vocale formato da Daniela Dametto, Maria Silvia Roveri e [&hellip;]<\/p>\n","protected":false},"author":2,"featured_media":162194,"comment_status":"closed","ping_status":"open","sticky":false,"template":"","format":"standard","meta":{"footnotes":""},"categories":[27,25],"tags":[],"class_list":["post-162193","post","type-post","status-publish","format-standard","has-post-thumbnail","category-appuntamenti","category-pausa-caffe"],"yoast_head":"<!-- This site is optimized with the Yoast SEO plugin v28.4 - https:\/\/yoast.com\/product\/yoast-seo-wordpress\/ -->\n<title>Concerto per la consacrazione del 1326 della chiesa di San Pietro - Bellunopress - Dolomiti<\/title>\n<meta name=\"robots\" content=\"index, follow, max-snippet:-1, max-image-preview:large, max-video-preview:-1\" \/>\n<link rel=\"canonical\" href=\"https:\/\/www.bellunopress.it\/fr\/2025\/07\/28\/concerto-per-la-consacrazione-del-1326-della-chiesa-di-san-pietro\/\" \/>\n<meta property=\"og:locale\" content=\"fr_FR\" \/>\n<meta property=\"og:type\" content=\"article\" \/>\n<meta property=\"og:title\" content=\"Concerto per la consacrazione del 1326 della chiesa di San Pietro - Bellunopress - Dolomiti\" \/>\n<meta property=\"og:description\" content=\"Domenica 3 agosto le \u201cMeditazioni sonore\u201d Per celebrare la prima domenica di agosto del 1326 quando venne consacrata la Chiesa di San Pietro a Belluno, l\u2019Associazione Campedel insieme al Seminario Gregoriano hanno organizzato per domenica 3 agosto alle ore 17.00 il concerto \u201cMeditazioni sonore\u201d del Trio Vocale formato da Daniela Dametto, Maria Silvia Roveri e [&hellip;]\" \/>\n<meta property=\"og:url\" content=\"https:\/\/www.bellunopress.it\/fr\/2025\/07\/28\/concerto-per-la-consacrazione-del-1326-della-chiesa-di-san-pietro\/\" \/>\n<meta property=\"og:site_name\" content=\"Bellunopress - Dolomiti\" \/>\n<meta property=\"article:publisher\" content=\"https:\/\/www.facebook.com\/profile.php?id=100008943462799\" \/>\n<meta property=\"article:published_time\" content=\"2025-07-28T10:56:56+00:00\" \/>\n<meta property=\"og:image\" content=\"https:\/\/www.bellunopress.it\/wp-content\/uploads\/2025\/07\/Chiesa-di-S-Pietro-Belluno.jpg\" \/>\n\t<meta property=\"og:image:width\" content=\"640\" \/>\n\t<meta property=\"og:image:height\" content=\"480\" \/>\n\t<meta property=\"og:image:type\" content=\"image\/jpeg\" \/>\n<meta name=\"author\" content=\"redazione\" \/>\n<meta name=\"twitter:card\" content=\"summary_large_image\" \/>\n<meta name=\"twitter:creator\" content=\"@bellunopress\" \/>\n<meta name=\"twitter:site\" content=\"@bellunopress\" \/>\n<meta name=\"twitter:label1\" content=\"\u00c9crit par\" \/>\n\t<meta name=\"twitter:data1\" content=\"redazione\" \/>\n\t<meta name=\"twitter:label2\" content=\"Dur\u00e9e de lecture estim\u00e9e\" \/>\n\t<meta name=\"twitter:data2\" content=\"2 minutes\" \/>\n<script type=\"application\/ld+json\" class=\"yoast-schema-graph\">{\"@context\":\"https:\\\/\\\/schema.org\",\"@graph\":[{\"@type\":\"Article\",\"@id\":\"https:\\\/\\\/www.bellunopress.it\\\/2025\\\/07\\\/28\\\/concerto-per-la-consacrazione-del-1326-della-chiesa-di-san-pietro\\\/#article\",\"isPartOf\":{\"@id\":\"https:\\\/\\\/www.bellunopress.it\\\/2025\\\/07\\\/28\\\/concerto-per-la-consacrazione-del-1326-della-chiesa-di-san-pietro\\\/\"},\"author\":{\"name\":\"redazione\",\"@id\":\"https:\\\/\\\/www.bellunopress.it\\\/#\\\/schema\\\/person\\\/79bb06722b37ece1c03d3e94beb30d73\"},\"headline\":\"Concerto per la consacrazione del 1326 della chiesa di San Pietro\",\"datePublished\":\"2025-07-28T10:56:56+00:00\",\"mainEntityOfPage\":{\"@id\":\"https:\\\/\\\/www.bellunopress.it\\\/2025\\\/07\\\/28\\\/concerto-per-la-consacrazione-del-1326-della-chiesa-di-san-pietro\\\/\"},\"wordCount\":323,\"publisher\":{\"@id\":\"https:\\\/\\\/www.bellunopress.it\\\/#organization\"},\"image\":{\"@id\":\"https:\\\/\\\/www.bellunopress.it\\\/2025\\\/07\\\/28\\\/concerto-per-la-consacrazione-del-1326-della-chiesa-di-san-pietro\\\/#primaryimage\"},\"thumbnailUrl\":\"https:\\\/\\\/www.bellunopress.it\\\/wp-content\\\/uploads\\\/2025\\\/07\\\/Chiesa-di-S-Pietro-Belluno.jpg\",\"articleSection\":[\"Appuntamenti, Eventi\",\"Pausa Caff\u00e8\"],\"inLanguage\":\"fr-FR\"},{\"@type\":\"WebPage\",\"@id\":\"https:\\\/\\\/www.bellunopress.it\\\/2025\\\/07\\\/28\\\/concerto-per-la-consacrazione-del-1326-della-chiesa-di-san-pietro\\\/\",\"url\":\"https:\\\/\\\/www.bellunopress.it\\\/2025\\\/07\\\/28\\\/concerto-per-la-consacrazione-del-1326-della-chiesa-di-san-pietro\\\/\",\"name\":\"Concerto per la consacrazione del 1326 della chiesa di San Pietro - Bellunopress - Dolomiti\",\"isPartOf\":{\"@id\":\"https:\\\/\\\/www.bellunopress.it\\\/#website\"},\"primaryImageOfPage\":{\"@id\":\"https:\\\/\\\/www.bellunopress.it\\\/2025\\\/07\\\/28\\\/concerto-per-la-consacrazione-del-1326-della-chiesa-di-san-pietro\\\/#primaryimage\"},\"image\":{\"@id\":\"https:\\\/\\\/www.bellunopress.it\\\/2025\\\/07\\\/28\\\/concerto-per-la-consacrazione-del-1326-della-chiesa-di-san-pietro\\\/#primaryimage\"},\"thumbnailUrl\":\"https:\\\/\\\/www.bellunopress.it\\\/wp-content\\\/uploads\\\/2025\\\/07\\\/Chiesa-di-S-Pietro-Belluno.jpg\",\"datePublished\":\"2025-07-28T10:56:56+00:00\",\"breadcrumb\":{\"@id\":\"https:\\\/\\\/www.bellunopress.it\\\/2025\\\/07\\\/28\\\/concerto-per-la-consacrazione-del-1326-della-chiesa-di-san-pietro\\\/#breadcrumb\"},\"inLanguage\":\"fr-FR\",\"potentialAction\":[{\"@type\":\"ReadAction\",\"target\":[\"https:\\\/\\\/www.bellunopress.it\\\/2025\\\/07\\\/28\\\/concerto-per-la-consacrazione-del-1326-della-chiesa-di-san-pietro\\\/\"]}]},{\"@type\":\"ImageObject\",\"inLanguage\":\"fr-FR\",\"@id\":\"https:\\\/\\\/www.bellunopress.it\\\/2025\\\/07\\\/28\\\/concerto-per-la-consacrazione-del-1326-della-chiesa-di-san-pietro\\\/#primaryimage\",\"url\":\"https:\\\/\\\/www.bellunopress.it\\\/wp-content\\\/uploads\\\/2025\\\/07\\\/Chiesa-di-S-Pietro-Belluno.jpg\",\"contentUrl\":\"https:\\\/\\\/www.bellunopress.it\\\/wp-content\\\/uploads\\\/2025\\\/07\\\/Chiesa-di-S-Pietro-Belluno.jpg\",\"width\":640,\"height\":480,\"caption\":\"Chiesa di San Pietro - Belluno\"},{\"@type\":\"BreadcrumbList\",\"@id\":\"https:\\\/\\\/www.bellunopress.it\\\/2025\\\/07\\\/28\\\/concerto-per-la-consacrazione-del-1326-della-chiesa-di-san-pietro\\\/#breadcrumb\",\"itemListElement\":[{\"@type\":\"ListItem\",\"position\":1,\"name\":\"Home\",\"item\":\"https:\\\/\\\/www.bellunopress.it\\\/\"},{\"@type\":\"ListItem\",\"position\":2,\"name\":\"Concerto per la consacrazione del 1326 della chiesa di San Pietro\"}]},{\"@type\":\"WebSite\",\"@id\":\"https:\\\/\\\/www.bellunopress.it\\\/#website\",\"url\":\"https:\\\/\\\/www.bellunopress.it\\\/\",\"name\":\"Bellunopress - Dolomiti\",\"description\":\"e-mail: redazione@bellunopress.it\",\"publisher\":{\"@id\":\"https:\\\/\\\/www.bellunopress.it\\\/#organization\"},\"potentialAction\":[{\"@type\":\"SearchAction\",\"target\":{\"@type\":\"EntryPoint\",\"urlTemplate\":\"https:\\\/\\\/www.bellunopress.it\\\/?s={search_term_string}\"},\"query-input\":{\"@type\":\"PropertyValueSpecification\",\"valueRequired\":true,\"valueName\":\"search_term_string\"}}],\"inLanguage\":\"fr-FR\"},{\"@type\":\"Organization\",\"@id\":\"https:\\\/\\\/www.bellunopress.it\\\/#organization\",\"name\":\"Bellunopress\",\"url\":\"https:\\\/\\\/www.bellunopress.it\\\/\",\"logo\":{\"@type\":\"ImageObject\",\"inLanguage\":\"fr-FR\",\"@id\":\"https:\\\/\\\/www.bellunopress.it\\\/#\\\/schema\\\/logo\\\/image\\\/\",\"url\":\"https:\\\/\\\/www.bellunopress.it\\\/wp-content\\\/uploads\\\/2011\\\/05\\\/cropped-logo-bellunopress-.jpg\",\"contentUrl\":\"https:\\\/\\\/www.bellunopress.it\\\/wp-content\\\/uploads\\\/2011\\\/05\\\/cropped-logo-bellunopress-.jpg\",\"width\":512,\"height\":512,\"caption\":\"Bellunopress\"},\"image\":{\"@id\":\"https:\\\/\\\/www.bellunopress.it\\\/#\\\/schema\\\/logo\\\/image\\\/\"},\"sameAs\":[\"https:\\\/\\\/www.facebook.com\\\/profile.php?id=100008943462799\",\"https:\\\/\\\/x.com\\\/bellunopress\",\"https:\\\/\\\/www.linkedin.com\\\/hp\\\/?dnr=JBzUWaJfMUw8vbXJJ2tVW5-I3jZKvC4wsoxE&amp;amp;amp;amp;amp;amp;trk=nav_responsive_tab_home\",\"https:\\\/\\\/www.youtube.com\\\/channel\\\/UCxL0wu1uN0_3_7hGG0306cw\"]},{\"@type\":\"Person\",\"@id\":\"https:\\\/\\\/www.bellunopress.it\\\/#\\\/schema\\\/person\\\/79bb06722b37ece1c03d3e94beb30d73\",\"name\":\"redazione\",\"image\":{\"@type\":\"ImageObject\",\"inLanguage\":\"fr-FR\",\"@id\":\"https:\\\/\\\/secure.gravatar.com\\\/avatar\\\/37d968a2e67a6fd04c169c4bdef102d0bc5d31b2546345219e348575eb80e9a0?s=96&d=mm&r=g\",\"url\":\"https:\\\/\\\/secure.gravatar.com\\\/avatar\\\/37d968a2e67a6fd04c169c4bdef102d0bc5d31b2546345219e348575eb80e9a0?s=96&d=mm&r=g\",\"contentUrl\":\"https:\\\/\\\/secure.gravatar.com\\\/avatar\\\/37d968a2e67a6fd04c169c4bdef102d0bc5d31b2546345219e348575eb80e9a0?s=96&d=mm&r=g\",\"caption\":\"redazione\"},\"sameAs\":[\"http:\\\/\\\/www.bellunopress.it\",\"https:\\\/\\\/x.com\\\/bellunopress\"],\"url\":\"https:\\\/\\\/www.bellunopress.it\\\/fr\\\/author\\\/redazione\\\/\"}]}<\/script>\n<!-- \/ Yoast SEO plugin. -->","yoast_head_json":{"title":"Concerto per la consacrazione del 1326 della chiesa di San Pietro - Bellunopress - Dolomiti","robots":{"index":"index","follow":"follow","max-snippet":"max-snippet:-1","max-image-preview":"max-image-preview:large","max-video-preview":"max-video-preview:-1"},"canonical":"https:\/\/www.bellunopress.it\/fr\/2025\/07\/28\/concerto-per-la-consacrazione-del-1326-della-chiesa-di-san-pietro\/","og_locale":"fr_FR","og_type":"article","og_title":"Concerto per la consacrazione del 1326 della chiesa di San Pietro - Bellunopress - Dolomiti","og_description":"Domenica 3 agosto le \u201cMeditazioni sonore\u201d Per celebrare la prima domenica di agosto del 1326 quando venne consacrata la Chiesa di San Pietro a Belluno, l\u2019Associazione Campedel insieme al Seminario Gregoriano hanno organizzato per domenica 3 agosto alle ore 17.00 il concerto \u201cMeditazioni sonore\u201d del Trio Vocale formato da Daniela Dametto, Maria Silvia Roveri e [&hellip;]","og_url":"https:\/\/www.bellunopress.it\/fr\/2025\/07\/28\/concerto-per-la-consacrazione-del-1326-della-chiesa-di-san-pietro\/","og_site_name":"Bellunopress - Dolomiti","article_publisher":"https:\/\/www.facebook.com\/profile.php?id=100008943462799","article_published_time":"2025-07-28T10:56:56+00:00","og_image":[{"width":640,"height":480,"url":"https:\/\/www.bellunopress.it\/wp-content\/uploads\/2025\/07\/Chiesa-di-S-Pietro-Belluno.jpg","type":"image\/jpeg"}],"author":"redazione","twitter_card":"summary_large_image","twitter_creator":"@bellunopress","twitter_site":"@bellunopress","twitter_misc":{"\u00c9crit par":"redazione","Dur\u00e9e de lecture estim\u00e9e":"2 minutes"},"schema":{"@context":"https:\/\/schema.org","@graph":[{"@type":"Article","@id":"https:\/\/www.bellunopress.it\/2025\/07\/28\/concerto-per-la-consacrazione-del-1326-della-chiesa-di-san-pietro\/#article","isPartOf":{"@id":"https:\/\/www.bellunopress.it\/2025\/07\/28\/concerto-per-la-consacrazione-del-1326-della-chiesa-di-san-pietro\/"},"author":{"name":"redazione","@id":"https:\/\/www.bellunopress.it\/#\/schema\/person\/79bb06722b37ece1c03d3e94beb30d73"},"headline":"Concerto per la consacrazione del 1326 della chiesa di San Pietro","datePublished":"2025-07-28T10:56:56+00:00","mainEntityOfPage":{"@id":"https:\/\/www.bellunopress.it\/2025\/07\/28\/concerto-per-la-consacrazione-del-1326-della-chiesa-di-san-pietro\/"},"wordCount":323,"publisher":{"@id":"https:\/\/www.bellunopress.it\/#organization"},"image":{"@id":"https:\/\/www.bellunopress.it\/2025\/07\/28\/concerto-per-la-consacrazione-del-1326-della-chiesa-di-san-pietro\/#primaryimage"},"thumbnailUrl":"https:\/\/www.bellunopress.it\/wp-content\/uploads\/2025\/07\/Chiesa-di-S-Pietro-Belluno.jpg","articleSection":["Appuntamenti, Eventi","Pausa Caff\u00e8"],"inLanguage":"fr-FR"},{"@type":"WebPage","@id":"https:\/\/www.bellunopress.it\/2025\/07\/28\/concerto-per-la-consacrazione-del-1326-della-chiesa-di-san-pietro\/","url":"https:\/\/www.bellunopress.it\/2025\/07\/28\/concerto-per-la-consacrazione-del-1326-della-chiesa-di-san-pietro\/","name":"Concerto per la consacrazione del 1326 della chiesa di San Pietro - Bellunopress - Dolomiti","isPartOf":{"@id":"https:\/\/www.bellunopress.it\/#website"},"primaryImageOfPage":{"@id":"https:\/\/www.bellunopress.it\/2025\/07\/28\/concerto-per-la-consacrazione-del-1326-della-chiesa-di-san-pietro\/#primaryimage"},"image":{"@id":"https:\/\/www.bellunopress.it\/2025\/07\/28\/concerto-per-la-consacrazione-del-1326-della-chiesa-di-san-pietro\/#primaryimage"},"thumbnailUrl":"https:\/\/www.bellunopress.it\/wp-content\/uploads\/2025\/07\/Chiesa-di-S-Pietro-Belluno.jpg","datePublished":"2025-07-28T10:56:56+00:00","breadcrumb":{"@id":"https:\/\/www.bellunopress.it\/2025\/07\/28\/concerto-per-la-consacrazione-del-1326-della-chiesa-di-san-pietro\/#breadcrumb"},"inLanguage":"fr-FR","potentialAction":[{"@type":"ReadAction","target":["https:\/\/www.bellunopress.it\/2025\/07\/28\/concerto-per-la-consacrazione-del-1326-della-chiesa-di-san-pietro\/"]}]},{"@type":"ImageObject","inLanguage":"fr-FR","@id":"https:\/\/www.bellunopress.it\/2025\/07\/28\/concerto-per-la-consacrazione-del-1326-della-chiesa-di-san-pietro\/#primaryimage","url":"https:\/\/www.bellunopress.it\/wp-content\/uploads\/2025\/07\/Chiesa-di-S-Pietro-Belluno.jpg","contentUrl":"https:\/\/www.bellunopress.it\/wp-content\/uploads\/2025\/07\/Chiesa-di-S-Pietro-Belluno.jpg","width":640,"height":480,"caption":"Chiesa di San Pietro - Belluno"},{"@type":"BreadcrumbList","@id":"https:\/\/www.bellunopress.it\/2025\/07\/28\/concerto-per-la-consacrazione-del-1326-della-chiesa-di-san-pietro\/#breadcrumb","itemListElement":[{"@type":"ListItem","position":1,"name":"Home","item":"https:\/\/www.bellunopress.it\/"},{"@type":"ListItem","position":2,"name":"Concerto per la consacrazione del 1326 della chiesa di San Pietro"}]},{"@type":"WebSite","@id":"https:\/\/www.bellunopress.it\/#website","url":"https:\/\/www.bellunopress.it\/","name":"Bellunopress - Dolomiti","description":"e-mail: redazione@bellunopress.it","publisher":{"@id":"https:\/\/www.bellunopress.it\/#organization"},"potentialAction":[{"@type":"SearchAction","target":{"@type":"EntryPoint","urlTemplate":"https:\/\/www.bellunopress.it\/?s={search_term_string}"},"query-input":{"@type":"PropertyValueSpecification","valueRequired":true,"valueName":"search_term_string"}}],"inLanguage":"fr-FR"},{"@type":"Organization","@id":"https:\/\/www.bellunopress.it\/#organization","name":"Bellunopress","url":"https:\/\/www.bellunopress.it\/","logo":{"@type":"ImageObject","inLanguage":"fr-FR","@id":"https:\/\/www.bellunopress.it\/#\/schema\/logo\/image\/","url":"https:\/\/www.bellunopress.it\/wp-content\/uploads\/2011\/05\/cropped-logo-bellunopress-.jpg","contentUrl":"https:\/\/www.bellunopress.it\/wp-content\/uploads\/2011\/05\/cropped-logo-bellunopress-.jpg","width":512,"height":512,"caption":"Bellunopress"},"image":{"@id":"https:\/\/www.bellunopress.it\/#\/schema\/logo\/image\/"},"sameAs":["https:\/\/www.facebook.com\/profile.php?id=100008943462799","https:\/\/x.com\/bellunopress","https:\/\/www.linkedin.com\/hp\/?dnr=JBzUWaJfMUw8vbXJJ2tVW5-I3jZKvC4wsoxE&amp;amp;amp;amp;amp;amp;trk=nav_responsive_tab_home","https:\/\/www.youtube.com\/channel\/UCxL0wu1uN0_3_7hGG0306cw"]},{"@type":"Person","@id":"https:\/\/www.bellunopress.it\/#\/schema\/person\/79bb06722b37ece1c03d3e94beb30d73","name":"r\u00e9daction","image":{"@type":"ImageObject","inLanguage":"fr-FR","@id":"https:\/\/secure.gravatar.com\/avatar\/37d968a2e67a6fd04c169c4bdef102d0bc5d31b2546345219e348575eb80e9a0?s=96&d=mm&r=g","url":"https:\/\/secure.gravatar.com\/avatar\/37d968a2e67a6fd04c169c4bdef102d0bc5d31b2546345219e348575eb80e9a0?s=96&d=mm&r=g","contentUrl":"https:\/\/secure.gravatar.com\/avatar\/37d968a2e67a6fd04c169c4bdef102d0bc5d31b2546345219e348575eb80e9a0?s=96&d=mm&r=g","caption":"redazione"},"sameAs":["http:\/\/www.bellunopress.it","https:\/\/x.com\/bellunopress"],"url":"https:\/\/www.bellunopress.it\/fr\/author\/redazione\/"}]}},"_links":{"self":[{"href":"https:\/\/www.bellunopress.it\/fr\/wp-json\/wp\/v2\/posts\/162193","targetHints":{"allow":["GET"]}}],"collection":[{"href":"https:\/\/www.bellunopress.it\/fr\/wp-json\/wp\/v2\/posts"}],"about":[{"href":"https:\/\/www.bellunopress.it\/fr\/wp-json\/wp\/v2\/types\/post"}],"author":[{"embeddable":true,"href":"https:\/\/www.bellunopress.it\/fr\/wp-json\/wp\/v2\/users\/2"}],"replies":[{"embeddable":true,"href":"https:\/\/www.bellunopress.it\/fr\/wp-json\/wp\/v2\/comments?post=162193"}],"version-history":[{"count":1,"href":"https:\/\/www.bellunopress.it\/fr\/wp-json\/wp\/v2\/posts\/162193\/revisions"}],"predecessor-version":[{"id":162195,"href":"https:\/\/www.bellunopress.it\/fr\/wp-json\/wp\/v2\/posts\/162193\/revisions\/162195"}],"wp:featuredmedia":[{"embeddable":true,"href":"https:\/\/www.bellunopress.it\/fr\/wp-json\/wp\/v2\/media\/162194"}],"wp:attachment":[{"href":"https:\/\/www.bellunopress.it\/fr\/wp-json\/wp\/v2\/media?parent=162193"}],"wp:term":[{"taxonomy":"category","embeddable":true,"href":"https:\/\/www.bellunopress.it\/fr\/wp-json\/wp\/v2\/categories?post=162193"},{"taxonomy":"post_tag","embeddable":true,"href":"https:\/\/www.bellunopress.it\/fr\/wp-json\/wp\/v2\/tags?post=162193"}],"curies":[{"name":"wp","href":"https:\/\/api.w.org\/{rel}","templated":true}]}}