{"id":162159,"date":"2025-07-27T07:36:05","date_gmt":"2025-07-27T05:36:05","guid":{"rendered":"https:\/\/www.bellunopress.it\/?p=162159"},"modified":"2025-07-27T07:36:05","modified_gmt":"2025-07-27T05:36:05","slug":"area-agip-arriva-la-proposta-del-comitato-baldenich24-e-la-richiesta-di-rinvio-della-delibera-vogliamo-la-casa-di-quartiere","status":"publish","type":"post","link":"https:\/\/www.bellunopress.it\/fr\/2025\/07\/27\/area-agip-arriva-la-proposta-del-comitato-baldenich24-e-la-richiesta-di-rinvio-della-delibera-vogliamo-la-casa-di-quartiere\/","title":{"rendered":"Area Agip. Arriva la proposta del Comitato Baldenich24 e la richiesta di rinvio della delibera: vogliamo la Casa di Quartiere"},"content":{"rendered":"<figure id=\"attachment_162160\" aria-describedby=\"caption-attachment-162160\" style=\"width: 800px\" class=\"wp-caption aligncenter\"><img loading=\"lazy\" decoding=\"async\" class=\"size-full wp-image-162160\" src=\"https:\/\/www.bellunopress.it\/wp-content\/uploads\/2025\/07\/Casa-di-Quartiere-comitato-Baldenich24_edited.png\" alt=\"\" width=\"800\" height=\"476\" srcset=\"https:\/\/www.bellunopress.it\/wp-content\/uploads\/2025\/07\/Casa-di-Quartiere-comitato-Baldenich24_edited.png 800w, https:\/\/www.bellunopress.it\/wp-content\/uploads\/2025\/07\/Casa-di-Quartiere-comitato-Baldenich24_edited-500x298.png 500w, https:\/\/www.bellunopress.it\/wp-content\/uploads\/2025\/07\/Casa-di-Quartiere-comitato-Baldenich24_edited-706x420.png 706w, https:\/\/www.bellunopress.it\/wp-content\/uploads\/2025\/07\/Casa-di-Quartiere-comitato-Baldenich24_edited-696x414.png 696w\" sizes=\"auto, (max-width: 800px) 100vw, 800px\" \/><figcaption id=\"caption-attachment-162160\" class=\"wp-caption-text\">Casa di Quartiere &#8211; la simulazione grafica del progetto del Comitato Baldenich24<\/figcaption><\/figure>\n<p>Belluno, 27 luglio 2025 &#8211; Il futuro dell&#8217;area ex AGIP a Baldenich si fa sempre pi\u00f9 acceso. Il Comitato di Quartiere Baldenich24, riunitosi venerd\u00ec 25 luglio, ha lanciato un chiaro appello all&#8217;amministrazione comunale: rinviare la delibera prevista per il 31 luglio e avviare un percorso partecipato per la creazione di un vero e proprio Centro Civico e Culturale di Quartiere, ribattezzato &#8220;La Casa di Quartiere&#8221;.<\/p>\n<p>Durante l&#8217;incontro pubblico svoltosi gioved\u00ec sera al Bar Milano, il Comitato ha espresso forti perplessit\u00e0 riguardo alla decisione imminente sull&#8217;utilizzo dell&#8217;area, attualmente al centro di un dibattito che coinvolge residenti, Comune e associazioni locali. &#8220;Chiediamo formalmente che venga rinviata \u2013 \u00e8 la richiesta del Comitato Baldenich24 \u2013 per permettere un confronto vero con i residenti. Decidere ora, senza un coinvolgimento reale e partecipato della cittadinanza, significherebbe perdere un&#8217;occasione per restituire valore e senso a questo spazio strategico del quartiere&#8221;.<\/p>\n<p>Il Comitato ha poi avanzato alcune proposte concrete per il rilancio dell&#8217;area:<\/p>\n<p>Avviare una progettazione partecipata, coinvolgendo attivamente cittadini, comitati e associazioni.<\/p>\n<p>Destinare il piano superiore a una &#8220;Casa delle Associazioni&#8221;, con spazi accessibili per il volontariato e la promozione sociale.<\/p>\n<p>Realizzare un vero &#8220;Centro Civico e Culturale di Quartiere&#8221;, un luogo polifunzionale per tutte le generazioni, in grado di ospitare eventi, laboratori, attivit\u00e0 culturali e incontri pubblici.<\/p>\n<p>&#8220;La nostra proposta \u00e8 inclusiva e realizzabile e rappresenta un&#8217;alternativa concreta rispetto a scelte calate dall&#8217;alto&#8221;, ha sottolineato il Comitato. La critica \u00e8 rivolta anche alla proliferazione di esercizi commerciali: &#8220;Il quartiere ha bisogno di spazi pubblici, non solo di supermercati, avendone gi\u00e0 7 nella medesima strada: l&#8217;area AGIP pu\u00f2 diventare un luogo vivo, aperto e utile per tutti&#8221;.<\/p>\n<p>Il Comitato Baldenich24 non si fermer\u00e0 qui. Sar\u00e0 infatti presente alla riunione convocata dal Sindaco per marted\u00ec 29 luglio alle ore 18 presso la Parrocchia di Don Bosco, dove presenter\u00e0 pubblicamente le proprie istanze e si confronter\u00e0 con amministratori e cittadini, ribadendo la propria visione per un&#8217;area ex AGIP che sia un vero cuore pulsante per la comunit\u00e0.<\/p>\n<p>Il progetto \u00e8 certamente accattivante, ma rimane un interrogativo che pesa come un macigno:<\/p>\n<p>chi pagherebbe tutto questo, posto che l&#8217;area \u00e8 stata acquistata da un privato, dopo che per anni era in vendita?<\/p>\n<p>&nbsp;<\/p>\n<p>&nbsp;<\/p>\n<p>&nbsp;<\/p>\n<p>&nbsp;<\/p>\n<p>&nbsp;<\/p>","protected":false},"excerpt":{"rendered":"<p>Belluno, 27 luglio 2025 &#8211; Il futuro dell&#8217;area ex AGIP a Baldenich si fa sempre pi\u00f9 acceso. Il Comitato di Quartiere Baldenich24, riunitosi venerd\u00ec 25 luglio, ha lanciato un chiaro appello all&#8217;amministrazione comunale: rinviare la delibera prevista per il 31 luglio e avviare un percorso partecipato per la creazione di un vero e proprio Centro [&hellip;]<\/p>\n","protected":false},"author":2,"featured_media":162160,"comment_status":"closed","ping_status":"open","sticky":false,"template":"","format":"standard","meta":{"footnotes":""},"categories":[5,26,8],"tags":[],"class_list":["post-162159","post","type-post","status-publish","format-standard","has-post-thumbnail","category-cronaca","category-prima-pagina","category-societa-istituzioni"],"yoast_head":"<!-- This site is optimized with the Yoast SEO plugin v28.4 - https:\/\/yoast.com\/product\/yoast-seo-wordpress\/ -->\n<title>Area Agip. Arriva la proposta del Comitato Baldenich24 e la richiesta di rinvio della delibera: vogliamo la Casa di Quartiere - Bellunopress - Dolomiti<\/title>\n<meta name=\"robots\" content=\"index, follow, max-snippet:-1, max-image-preview:large, max-video-preview:-1\" \/>\n<link rel=\"canonical\" href=\"https:\/\/www.bellunopress.it\/fr\/2025\/07\/27\/area-agip-arriva-la-proposta-del-comitato-baldenich24-e-la-richiesta-di-rinvio-della-delibera-vogliamo-la-casa-di-quartiere\/\" \/>\n<meta property=\"og:locale\" content=\"fr_FR\" \/>\n<meta property=\"og:type\" content=\"article\" \/>\n<meta property=\"og:title\" content=\"Area Agip. Arriva la proposta del Comitato Baldenich24 e la richiesta di rinvio della delibera: vogliamo la Casa di Quartiere - Bellunopress - Dolomiti\" \/>\n<meta property=\"og:description\" content=\"Belluno, 27 luglio 2025 &#8211; Il futuro dell&#8217;area ex AGIP a Baldenich si fa sempre pi\u00f9 acceso. Il Comitato di Quartiere Baldenich24, riunitosi venerd\u00ec 25 luglio, ha lanciato un chiaro appello all&#8217;amministrazione comunale: rinviare la delibera prevista per il 31 luglio e avviare un percorso partecipato per la creazione di un vero e proprio Centro [&hellip;]\" \/>\n<meta property=\"og:url\" content=\"https:\/\/www.bellunopress.it\/fr\/2025\/07\/27\/area-agip-arriva-la-proposta-del-comitato-baldenich24-e-la-richiesta-di-rinvio-della-delibera-vogliamo-la-casa-di-quartiere\/\" \/>\n<meta property=\"og:site_name\" content=\"Bellunopress - Dolomiti\" \/>\n<meta property=\"article:publisher\" content=\"https:\/\/www.facebook.com\/profile.php?id=100008943462799\" \/>\n<meta property=\"article:published_time\" content=\"2025-07-27T05:36:05+00:00\" \/>\n<meta property=\"og:image\" content=\"https:\/\/www.bellunopress.it\/wp-content\/uploads\/2025\/07\/Casa-di-Quartiere-comitato-Baldenich24_edited.png\" \/>\n\t<meta property=\"og:image:width\" content=\"800\" \/>\n\t<meta property=\"og:image:height\" content=\"476\" \/>\n\t<meta property=\"og:image:type\" content=\"image\/png\" \/>\n<meta name=\"author\" content=\"redazione\" \/>\n<meta name=\"twitter:card\" content=\"summary_large_image\" \/>\n<meta name=\"twitter:creator\" content=\"@bellunopress\" \/>\n<meta name=\"twitter:site\" content=\"@bellunopress\" \/>\n<meta name=\"twitter:label1\" content=\"\u00c9crit par\" \/>\n\t<meta name=\"twitter:data1\" content=\"redazione\" \/>\n\t<meta name=\"twitter:label2\" content=\"Dur\u00e9e de lecture estim\u00e9e\" \/>\n\t<meta name=\"twitter:data2\" content=\"2 minutes\" \/>\n<script type=\"application\/ld+json\" class=\"yoast-schema-graph\">{\"@context\":\"https:\\\/\\\/schema.org\",\"@graph\":[{\"@type\":\"Article\",\"@id\":\"https:\\\/\\\/www.bellunopress.it\\\/2025\\\/07\\\/27\\\/area-agip-arriva-la-proposta-del-comitato-baldenich24-e-la-richiesta-di-rinvio-della-delibera-vogliamo-la-casa-di-quartiere\\\/#article\",\"isPartOf\":{\"@id\":\"https:\\\/\\\/www.bellunopress.it\\\/2025\\\/07\\\/27\\\/area-agip-arriva-la-proposta-del-comitato-baldenich24-e-la-richiesta-di-rinvio-della-delibera-vogliamo-la-casa-di-quartiere\\\/\"},\"author\":{\"name\":\"redazione\",\"@id\":\"https:\\\/\\\/www.bellunopress.it\\\/#\\\/schema\\\/person\\\/79bb06722b37ece1c03d3e94beb30d73\"},\"headline\":\"Area Agip. Arriva la proposta del Comitato Baldenich24 e la richiesta di rinvio della delibera: vogliamo la Casa di Quartiere\",\"datePublished\":\"2025-07-27T05:36:05+00:00\",\"mainEntityOfPage\":{\"@id\":\"https:\\\/\\\/www.bellunopress.it\\\/2025\\\/07\\\/27\\\/area-agip-arriva-la-proposta-del-comitato-baldenich24-e-la-richiesta-di-rinvio-della-delibera-vogliamo-la-casa-di-quartiere\\\/\"},\"wordCount\":405,\"publisher\":{\"@id\":\"https:\\\/\\\/www.bellunopress.it\\\/#organization\"},\"image\":{\"@id\":\"https:\\\/\\\/www.bellunopress.it\\\/2025\\\/07\\\/27\\\/area-agip-arriva-la-proposta-del-comitato-baldenich24-e-la-richiesta-di-rinvio-della-delibera-vogliamo-la-casa-di-quartiere\\\/#primaryimage\"},\"thumbnailUrl\":\"https:\\\/\\\/www.bellunopress.it\\\/wp-content\\\/uploads\\\/2025\\\/07\\\/Casa-di-Quartiere-comitato-Baldenich24_edited.png\",\"articleSection\":[\"Cronaca\\\/Politica\",\"Prima Pagina\",\"Societ\u00e0, Associazioni, Istituzioni\"],\"inLanguage\":\"fr-FR\"},{\"@type\":\"WebPage\",\"@id\":\"https:\\\/\\\/www.bellunopress.it\\\/2025\\\/07\\\/27\\\/area-agip-arriva-la-proposta-del-comitato-baldenich24-e-la-richiesta-di-rinvio-della-delibera-vogliamo-la-casa-di-quartiere\\\/\",\"url\":\"https:\\\/\\\/www.bellunopress.it\\\/2025\\\/07\\\/27\\\/area-agip-arriva-la-proposta-del-comitato-baldenich24-e-la-richiesta-di-rinvio-della-delibera-vogliamo-la-casa-di-quartiere\\\/\",\"name\":\"Area Agip. Arriva la proposta del Comitato Baldenich24 e la richiesta di rinvio della delibera: vogliamo la Casa di Quartiere - Bellunopress - Dolomiti\",\"isPartOf\":{\"@id\":\"https:\\\/\\\/www.bellunopress.it\\\/#website\"},\"primaryImageOfPage\":{\"@id\":\"https:\\\/\\\/www.bellunopress.it\\\/2025\\\/07\\\/27\\\/area-agip-arriva-la-proposta-del-comitato-baldenich24-e-la-richiesta-di-rinvio-della-delibera-vogliamo-la-casa-di-quartiere\\\/#primaryimage\"},\"image\":{\"@id\":\"https:\\\/\\\/www.bellunopress.it\\\/2025\\\/07\\\/27\\\/area-agip-arriva-la-proposta-del-comitato-baldenich24-e-la-richiesta-di-rinvio-della-delibera-vogliamo-la-casa-di-quartiere\\\/#primaryimage\"},\"thumbnailUrl\":\"https:\\\/\\\/www.bellunopress.it\\\/wp-content\\\/uploads\\\/2025\\\/07\\\/Casa-di-Quartiere-comitato-Baldenich24_edited.png\",\"datePublished\":\"2025-07-27T05:36:05+00:00\",\"breadcrumb\":{\"@id\":\"https:\\\/\\\/www.bellunopress.it\\\/2025\\\/07\\\/27\\\/area-agip-arriva-la-proposta-del-comitato-baldenich24-e-la-richiesta-di-rinvio-della-delibera-vogliamo-la-casa-di-quartiere\\\/#breadcrumb\"},\"inLanguage\":\"fr-FR\",\"potentialAction\":[{\"@type\":\"ReadAction\",\"target\":[\"https:\\\/\\\/www.bellunopress.it\\\/2025\\\/07\\\/27\\\/area-agip-arriva-la-proposta-del-comitato-baldenich24-e-la-richiesta-di-rinvio-della-delibera-vogliamo-la-casa-di-quartiere\\\/\"]}]},{\"@type\":\"ImageObject\",\"inLanguage\":\"fr-FR\",\"@id\":\"https:\\\/\\\/www.bellunopress.it\\\/2025\\\/07\\\/27\\\/area-agip-arriva-la-proposta-del-comitato-baldenich24-e-la-richiesta-di-rinvio-della-delibera-vogliamo-la-casa-di-quartiere\\\/#primaryimage\",\"url\":\"https:\\\/\\\/www.bellunopress.it\\\/wp-content\\\/uploads\\\/2025\\\/07\\\/Casa-di-Quartiere-comitato-Baldenich24_edited.png\",\"contentUrl\":\"https:\\\/\\\/www.bellunopress.it\\\/wp-content\\\/uploads\\\/2025\\\/07\\\/Casa-di-Quartiere-comitato-Baldenich24_edited.png\",\"width\":800,\"height\":476,\"caption\":\"Casa di Quartiere - la simulazione grafica del progetto del Comitato Baldenich24\"},{\"@type\":\"BreadcrumbList\",\"@id\":\"https:\\\/\\\/www.bellunopress.it\\\/2025\\\/07\\\/27\\\/area-agip-arriva-la-proposta-del-comitato-baldenich24-e-la-richiesta-di-rinvio-della-delibera-vogliamo-la-casa-di-quartiere\\\/#breadcrumb\",\"itemListElement\":[{\"@type\":\"ListItem\",\"position\":1,\"name\":\"Home\",\"item\":\"https:\\\/\\\/www.bellunopress.it\\\/\"},{\"@type\":\"ListItem\",\"position\":2,\"name\":\"Area Agip. Arriva la proposta del Comitato Baldenich24 e la richiesta di rinvio della delibera: vogliamo la Casa di Quartiere\"}]},{\"@type\":\"WebSite\",\"@id\":\"https:\\\/\\\/www.bellunopress.it\\\/#website\",\"url\":\"https:\\\/\\\/www.bellunopress.it\\\/\",\"name\":\"Bellunopress - Dolomiti\",\"description\":\"e-mail: redazione@bellunopress.it\",\"publisher\":{\"@id\":\"https:\\\/\\\/www.bellunopress.it\\\/#organization\"},\"potentialAction\":[{\"@type\":\"SearchAction\",\"target\":{\"@type\":\"EntryPoint\",\"urlTemplate\":\"https:\\\/\\\/www.bellunopress.it\\\/?s={search_term_string}\"},\"query-input\":{\"@type\":\"PropertyValueSpecification\",\"valueRequired\":true,\"valueName\":\"search_term_string\"}}],\"inLanguage\":\"fr-FR\"},{\"@type\":\"Organization\",\"@id\":\"https:\\\/\\\/www.bellunopress.it\\\/#organization\",\"name\":\"Bellunopress\",\"url\":\"https:\\\/\\\/www.bellunopress.it\\\/\",\"logo\":{\"@type\":\"ImageObject\",\"inLanguage\":\"fr-FR\",\"@id\":\"https:\\\/\\\/www.bellunopress.it\\\/#\\\/schema\\\/logo\\\/image\\\/\",\"url\":\"https:\\\/\\\/www.bellunopress.it\\\/wp-content\\\/uploads\\\/2011\\\/05\\\/cropped-logo-bellunopress-.jpg\",\"contentUrl\":\"https:\\\/\\\/www.bellunopress.it\\\/wp-content\\\/uploads\\\/2011\\\/05\\\/cropped-logo-bellunopress-.jpg\",\"width\":512,\"height\":512,\"caption\":\"Bellunopress\"},\"image\":{\"@id\":\"https:\\\/\\\/www.bellunopress.it\\\/#\\\/schema\\\/logo\\\/image\\\/\"},\"sameAs\":[\"https:\\\/\\\/www.facebook.com\\\/profile.php?id=100008943462799\",\"https:\\\/\\\/x.com\\\/bellunopress\",\"https:\\\/\\\/www.linkedin.com\\\/hp\\\/?dnr=JBzUWaJfMUw8vbXJJ2tVW5-I3jZKvC4wsoxE&amp;amp;amp;amp;amp;amp;trk=nav_responsive_tab_home\",\"https:\\\/\\\/www.youtube.com\\\/channel\\\/UCxL0wu1uN0_3_7hGG0306cw\"]},{\"@type\":\"Person\",\"@id\":\"https:\\\/\\\/www.bellunopress.it\\\/#\\\/schema\\\/person\\\/79bb06722b37ece1c03d3e94beb30d73\",\"name\":\"redazione\",\"image\":{\"@type\":\"ImageObject\",\"inLanguage\":\"fr-FR\",\"@id\":\"https:\\\/\\\/secure.gravatar.com\\\/avatar\\\/37d968a2e67a6fd04c169c4bdef102d0bc5d31b2546345219e348575eb80e9a0?s=96&d=mm&r=g\",\"url\":\"https:\\\/\\\/secure.gravatar.com\\\/avatar\\\/37d968a2e67a6fd04c169c4bdef102d0bc5d31b2546345219e348575eb80e9a0?s=96&d=mm&r=g\",\"contentUrl\":\"https:\\\/\\\/secure.gravatar.com\\\/avatar\\\/37d968a2e67a6fd04c169c4bdef102d0bc5d31b2546345219e348575eb80e9a0?s=96&d=mm&r=g\",\"caption\":\"redazione\"},\"sameAs\":[\"http:\\\/\\\/www.bellunopress.it\",\"https:\\\/\\\/x.com\\\/bellunopress\"],\"url\":\"https:\\\/\\\/www.bellunopress.it\\\/fr\\\/author\\\/redazione\\\/\"}]}<\/script>\n<!-- \/ Yoast SEO plugin. -->","yoast_head_json":{"title":"Area Agip. Arriva la proposta del Comitato Baldenich24 e la richiesta di rinvio della delibera: vogliamo la Casa di Quartiere - Bellunopress - Dolomiti","robots":{"index":"index","follow":"follow","max-snippet":"max-snippet:-1","max-image-preview":"max-image-preview:large","max-video-preview":"max-video-preview:-1"},"canonical":"https:\/\/www.bellunopress.it\/fr\/2025\/07\/27\/area-agip-arriva-la-proposta-del-comitato-baldenich24-e-la-richiesta-di-rinvio-della-delibera-vogliamo-la-casa-di-quartiere\/","og_locale":"fr_FR","og_type":"article","og_title":"Area Agip. Arriva la proposta del Comitato Baldenich24 e la richiesta di rinvio della delibera: vogliamo la Casa di Quartiere - Bellunopress - Dolomiti","og_description":"Belluno, 27 luglio 2025 &#8211; Il futuro dell&#8217;area ex AGIP a Baldenich si fa sempre pi\u00f9 acceso. Il Comitato di Quartiere Baldenich24, riunitosi venerd\u00ec 25 luglio, ha lanciato un chiaro appello all&#8217;amministrazione comunale: rinviare la delibera prevista per il 31 luglio e avviare un percorso partecipato per la creazione di un vero e proprio Centro [&hellip;]","og_url":"https:\/\/www.bellunopress.it\/fr\/2025\/07\/27\/area-agip-arriva-la-proposta-del-comitato-baldenich24-e-la-richiesta-di-rinvio-della-delibera-vogliamo-la-casa-di-quartiere\/","og_site_name":"Bellunopress - Dolomiti","article_publisher":"https:\/\/www.facebook.com\/profile.php?id=100008943462799","article_published_time":"2025-07-27T05:36:05+00:00","og_image":[{"width":800,"height":476,"url":"https:\/\/www.bellunopress.it\/wp-content\/uploads\/2025\/07\/Casa-di-Quartiere-comitato-Baldenich24_edited.png","type":"image\/png"}],"author":"redazione","twitter_card":"summary_large_image","twitter_creator":"@bellunopress","twitter_site":"@bellunopress","twitter_misc":{"\u00c9crit par":"redazione","Dur\u00e9e de lecture estim\u00e9e":"2 minutes"},"schema":{"@context":"https:\/\/schema.org","@graph":[{"@type":"Article","@id":"https:\/\/www.bellunopress.it\/2025\/07\/27\/area-agip-arriva-la-proposta-del-comitato-baldenich24-e-la-richiesta-di-rinvio-della-delibera-vogliamo-la-casa-di-quartiere\/#article","isPartOf":{"@id":"https:\/\/www.bellunopress.it\/2025\/07\/27\/area-agip-arriva-la-proposta-del-comitato-baldenich24-e-la-richiesta-di-rinvio-della-delibera-vogliamo-la-casa-di-quartiere\/"},"author":{"name":"redazione","@id":"https:\/\/www.bellunopress.it\/#\/schema\/person\/79bb06722b37ece1c03d3e94beb30d73"},"headline":"Area Agip. Arriva la proposta del Comitato Baldenich24 e la richiesta di rinvio della delibera: vogliamo la Casa di Quartiere","datePublished":"2025-07-27T05:36:05+00:00","mainEntityOfPage":{"@id":"https:\/\/www.bellunopress.it\/2025\/07\/27\/area-agip-arriva-la-proposta-del-comitato-baldenich24-e-la-richiesta-di-rinvio-della-delibera-vogliamo-la-casa-di-quartiere\/"},"wordCount":405,"publisher":{"@id":"https:\/\/www.bellunopress.it\/#organization"},"image":{"@id":"https:\/\/www.bellunopress.it\/2025\/07\/27\/area-agip-arriva-la-proposta-del-comitato-baldenich24-e-la-richiesta-di-rinvio-della-delibera-vogliamo-la-casa-di-quartiere\/#primaryimage"},"thumbnailUrl":"https:\/\/www.bellunopress.it\/wp-content\/uploads\/2025\/07\/Casa-di-Quartiere-comitato-Baldenich24_edited.png","articleSection":["Cronaca\/Politica","Prima Pagina","Societ\u00e0, Associazioni, Istituzioni"],"inLanguage":"fr-FR"},{"@type":"WebPage","@id":"https:\/\/www.bellunopress.it\/2025\/07\/27\/area-agip-arriva-la-proposta-del-comitato-baldenich24-e-la-richiesta-di-rinvio-della-delibera-vogliamo-la-casa-di-quartiere\/","url":"https:\/\/www.bellunopress.it\/2025\/07\/27\/area-agip-arriva-la-proposta-del-comitato-baldenich24-e-la-richiesta-di-rinvio-della-delibera-vogliamo-la-casa-di-quartiere\/","name":"Area Agip. Arriva la proposta del Comitato Baldenich24 e la richiesta di rinvio della delibera: vogliamo la Casa di Quartiere - Bellunopress - Dolomiti","isPartOf":{"@id":"https:\/\/www.bellunopress.it\/#website"},"primaryImageOfPage":{"@id":"https:\/\/www.bellunopress.it\/2025\/07\/27\/area-agip-arriva-la-proposta-del-comitato-baldenich24-e-la-richiesta-di-rinvio-della-delibera-vogliamo-la-casa-di-quartiere\/#primaryimage"},"image":{"@id":"https:\/\/www.bellunopress.it\/2025\/07\/27\/area-agip-arriva-la-proposta-del-comitato-baldenich24-e-la-richiesta-di-rinvio-della-delibera-vogliamo-la-casa-di-quartiere\/#primaryimage"},"thumbnailUrl":"https:\/\/www.bellunopress.it\/wp-content\/uploads\/2025\/07\/Casa-di-Quartiere-comitato-Baldenich24_edited.png","datePublished":"2025-07-27T05:36:05+00:00","breadcrumb":{"@id":"https:\/\/www.bellunopress.it\/2025\/07\/27\/area-agip-arriva-la-proposta-del-comitato-baldenich24-e-la-richiesta-di-rinvio-della-delibera-vogliamo-la-casa-di-quartiere\/#breadcrumb"},"inLanguage":"fr-FR","potentialAction":[{"@type":"ReadAction","target":["https:\/\/www.bellunopress.it\/2025\/07\/27\/area-agip-arriva-la-proposta-del-comitato-baldenich24-e-la-richiesta-di-rinvio-della-delibera-vogliamo-la-casa-di-quartiere\/"]}]},{"@type":"ImageObject","inLanguage":"fr-FR","@id":"https:\/\/www.bellunopress.it\/2025\/07\/27\/area-agip-arriva-la-proposta-del-comitato-baldenich24-e-la-richiesta-di-rinvio-della-delibera-vogliamo-la-casa-di-quartiere\/#primaryimage","url":"https:\/\/www.bellunopress.it\/wp-content\/uploads\/2025\/07\/Casa-di-Quartiere-comitato-Baldenich24_edited.png","contentUrl":"https:\/\/www.bellunopress.it\/wp-content\/uploads\/2025\/07\/Casa-di-Quartiere-comitato-Baldenich24_edited.png","width":800,"height":476,"caption":"Casa di Quartiere - la simulazione grafica del progetto del Comitato Baldenich24"},{"@type":"BreadcrumbList","@id":"https:\/\/www.bellunopress.it\/2025\/07\/27\/area-agip-arriva-la-proposta-del-comitato-baldenich24-e-la-richiesta-di-rinvio-della-delibera-vogliamo-la-casa-di-quartiere\/#breadcrumb","itemListElement":[{"@type":"ListItem","position":1,"name":"Home","item":"https:\/\/www.bellunopress.it\/"},{"@type":"ListItem","position":2,"name":"Area Agip. Arriva la proposta del Comitato Baldenich24 e la richiesta di rinvio della delibera: vogliamo la Casa di Quartiere"}]},{"@type":"WebSite","@id":"https:\/\/www.bellunopress.it\/#website","url":"https:\/\/www.bellunopress.it\/","name":"Bellunopress - Dolomiti","description":"e-mail: redazione@bellunopress.it","publisher":{"@id":"https:\/\/www.bellunopress.it\/#organization"},"potentialAction":[{"@type":"SearchAction","target":{"@type":"EntryPoint","urlTemplate":"https:\/\/www.bellunopress.it\/?s={search_term_string}"},"query-input":{"@type":"PropertyValueSpecification","valueRequired":true,"valueName":"search_term_string"}}],"inLanguage":"fr-FR"},{"@type":"Organization","@id":"https:\/\/www.bellunopress.it\/#organization","name":"Bellunopress","url":"https:\/\/www.bellunopress.it\/","logo":{"@type":"ImageObject","inLanguage":"fr-FR","@id":"https:\/\/www.bellunopress.it\/#\/schema\/logo\/image\/","url":"https:\/\/www.bellunopress.it\/wp-content\/uploads\/2011\/05\/cropped-logo-bellunopress-.jpg","contentUrl":"https:\/\/www.bellunopress.it\/wp-content\/uploads\/2011\/05\/cropped-logo-bellunopress-.jpg","width":512,"height":512,"caption":"Bellunopress"},"image":{"@id":"https:\/\/www.bellunopress.it\/#\/schema\/logo\/image\/"},"sameAs":["https:\/\/www.facebook.com\/profile.php?id=100008943462799","https:\/\/x.com\/bellunopress","https:\/\/www.linkedin.com\/hp\/?dnr=JBzUWaJfMUw8vbXJJ2tVW5-I3jZKvC4wsoxE&amp;amp;amp;amp;amp;amp;trk=nav_responsive_tab_home","https:\/\/www.youtube.com\/channel\/UCxL0wu1uN0_3_7hGG0306cw"]},{"@type":"Person","@id":"https:\/\/www.bellunopress.it\/#\/schema\/person\/79bb06722b37ece1c03d3e94beb30d73","name":"r\u00e9daction","image":{"@type":"ImageObject","inLanguage":"fr-FR","@id":"https:\/\/secure.gravatar.com\/avatar\/37d968a2e67a6fd04c169c4bdef102d0bc5d31b2546345219e348575eb80e9a0?s=96&d=mm&r=g","url":"https:\/\/secure.gravatar.com\/avatar\/37d968a2e67a6fd04c169c4bdef102d0bc5d31b2546345219e348575eb80e9a0?s=96&d=mm&r=g","contentUrl":"https:\/\/secure.gravatar.com\/avatar\/37d968a2e67a6fd04c169c4bdef102d0bc5d31b2546345219e348575eb80e9a0?s=96&d=mm&r=g","caption":"redazione"},"sameAs":["http:\/\/www.bellunopress.it","https:\/\/x.com\/bellunopress"],"url":"https:\/\/www.bellunopress.it\/fr\/author\/redazione\/"}]}},"_links":{"self":[{"href":"https:\/\/www.bellunopress.it\/fr\/wp-json\/wp\/v2\/posts\/162159","targetHints":{"allow":["GET"]}}],"collection":[{"href":"https:\/\/www.bellunopress.it\/fr\/wp-json\/wp\/v2\/posts"}],"about":[{"href":"https:\/\/www.bellunopress.it\/fr\/wp-json\/wp\/v2\/types\/post"}],"author":[{"embeddable":true,"href":"https:\/\/www.bellunopress.it\/fr\/wp-json\/wp\/v2\/users\/2"}],"replies":[{"embeddable":true,"href":"https:\/\/www.bellunopress.it\/fr\/wp-json\/wp\/v2\/comments?post=162159"}],"version-history":[{"count":1,"href":"https:\/\/www.bellunopress.it\/fr\/wp-json\/wp\/v2\/posts\/162159\/revisions"}],"predecessor-version":[{"id":162161,"href":"https:\/\/www.bellunopress.it\/fr\/wp-json\/wp\/v2\/posts\/162159\/revisions\/162161"}],"wp:featuredmedia":[{"embeddable":true,"href":"https:\/\/www.bellunopress.it\/fr\/wp-json\/wp\/v2\/media\/162160"}],"wp:attachment":[{"href":"https:\/\/www.bellunopress.it\/fr\/wp-json\/wp\/v2\/media?parent=162159"}],"wp:term":[{"taxonomy":"category","embeddable":true,"href":"https:\/\/www.bellunopress.it\/fr\/wp-json\/wp\/v2\/categories?post=162159"},{"taxonomy":"post_tag","embeddable":true,"href":"https:\/\/www.bellunopress.it\/fr\/wp-json\/wp\/v2\/tags?post=162159"}],"curies":[{"name":"wp","href":"https:\/\/api.w.org\/{rel}","templated":true}]}}