{"id":162148,"date":"2025-07-26T19:32:00","date_gmt":"2025-07-26T17:32:00","guid":{"rendered":"https:\/\/www.bellunopress.it\/?p=162148"},"modified":"2025-07-27T10:42:18","modified_gmt":"2025-07-27T08:42:18","slug":"162148","status":"publish","type":"post","link":"https:\/\/www.bellunopress.it\/fr\/2025\/07\/26\/162148\/","title":{"rendered":"Inaugurata la mostra degli illustratori a Trichiana. L&#8217;Odissea di Omero tema di quest&#8217;anno di Mel&#8217;Immagino"},"content":{"rendered":"<figure id=\"attachment_162149\" aria-describedby=\"caption-attachment-162149\" style=\"width: 800px\" class=\"wp-caption aligncenter\"><img loading=\"lazy\" decoding=\"async\" class=\"size-full wp-image-162149\" src=\"https:\/\/www.bellunopress.it\/wp-content\/uploads\/2025\/07\/Matteo-Gubellini-MelImmagino-2025_edited.jpg\" alt=\"\" width=\"800\" height=\"480\" srcset=\"https:\/\/www.bellunopress.it\/wp-content\/uploads\/2025\/07\/Matteo-Gubellini-MelImmagino-2025_edited.jpg 800w, https:\/\/www.bellunopress.it\/wp-content\/uploads\/2025\/07\/Matteo-Gubellini-MelImmagino-2025_edited-500x300.jpg 500w, https:\/\/www.bellunopress.it\/wp-content\/uploads\/2025\/07\/Matteo-Gubellini-MelImmagino-2025_edited-700x420.jpg 700w, https:\/\/www.bellunopress.it\/wp-content\/uploads\/2025\/07\/Matteo-Gubellini-MelImmagino-2025_edited-696x418.jpg 696w\" sizes=\"auto, (max-width: 800px) 100vw, 800px\" \/><figcaption id=\"caption-attachment-162149\" class=\"wp-caption-text\">Matteo Gubellini<\/figcaption><\/figure>\n<figure id=\"attachment_162150\" aria-describedby=\"caption-attachment-162150\" style=\"width: 800px\" class=\"wp-caption aligncenter\"><img loading=\"lazy\" decoding=\"async\" class=\"size-full wp-image-162150\" src=\"https:\/\/www.bellunopress.it\/wp-content\/uploads\/2025\/07\/inaugurazione-Melimmagino_edited.jpg\" alt=\"\" width=\"800\" height=\"620\" srcset=\"https:\/\/www.bellunopress.it\/wp-content\/uploads\/2025\/07\/inaugurazione-Melimmagino_edited.jpg 800w, https:\/\/www.bellunopress.it\/wp-content\/uploads\/2025\/07\/inaugurazione-Melimmagino_edited-500x388.jpg 500w, https:\/\/www.bellunopress.it\/wp-content\/uploads\/2025\/07\/inaugurazione-Melimmagino_edited-542x420.jpg 542w, https:\/\/www.bellunopress.it\/wp-content\/uploads\/2025\/07\/inaugurazione-Melimmagino_edited-696x539.jpg 696w\" sizes=\"auto, (max-width: 800px) 100vw, 800px\" \/><figcaption id=\"caption-attachment-162150\" class=\"wp-caption-text\">Gabriella Loi, Rosy Tes\u00e8, Edy Fontana e Claudio Rossi<\/figcaption><\/figure>\n<p>Trichiana (Borgo Valbelluna), 26 luglio 2025 \u2013 E\u2019 stata inaugurata oggi pomeriggio nella sede dell\u2019Associazione culturale \u201cCivicaMente APS Associazione di idee\u201d presieduta da Edy Fontana, a Trichiana in via Saubens 2 (vicino al Bar La Dolce Vita) l\u2019oramai consolidata mostra Mel\u2019Immagino, il Festival dell\u2019illustrazione giunto quest\u2019anno all\u201911ma edizione.<\/p>\n<p>Arte e narrativa epica con tema l\u2019Odissea di Omero era il soggetto di quest\u2019anno, scelto dagli organizzatori Rosy Tes\u00e8 e Claudio Rossi.<\/p>\n<p>\u00ab<em>Tu arriverai, prima, dalle Sirene, che tutti gli uomini incantano, chi arriva da loro. Il navigatore che l\u00e0 dal mare improvvido si appressa e il canto ascolta delle Sirene, non torna pi\u00f9\u2026<\/em>\u00bb. E\u2019 la didascalia che accompagna una delle opere, che narra la figura delle sirene nell&#8217;Odissea di Omero, presentate come cantatrici marine che incantavano e facevano morire i marinai che le seguivano.<\/p>\n<p>La mostra, presentata da Gabriella Loy, rappresenta un viaggio visivo attraverso le avventure di Ulisse, interpretate da 24 maestri dell\u2019illustrazione e talentuosi artisti locali. Un\u2019occasione per ammirare come le gesta eroiche, i personaggi mitologici e i paesaggi suggestivi del poema omerico prendano forma attraverso le varie tecniche degli artisti.<\/p>\n<p>Ecco i loro nomi: Barbara Marion, Riccardo Mazzoli, Sonia Luzzatto, Libero Gozzini, Michel Fuzelier, Fausto Tormen, Daco Costantin, Dunio Piccolin, Giorgio Valentini, Matteo Gubellini, Walter Bernardi, Cristiano Marcer, Francesca Ferrarerse, Antonio Dall\u2019Osso, Alex Businaro, Monica Golfetto, Giulio Peranzoni, Barbara Brancher, Cinzia Battistel, Margarita Fjodorova, Rosy Tes\u00e8, Marco Bellotto, Nicola Falcioni, Claudio Rossi e Oscar Grillo.<\/p>\n<p>Mel\u2019Immagino, nato da un\u2019idea di Rosy Tes\u00e8 e Claudio Rossi \u00e8 cresciuto negli anni grazie alla partecipazione di numerosi illustratori e animatori, molti dei quali con un background importante nel campo della pubblicit\u00e0 e del cinema d\u2019animazione a Milano. Ad essi si sono affiancati artisti emergenti e consolidati del territorio.<\/p>\n<p>&nbsp;<\/p>\n<p><img loading=\"lazy\" decoding=\"async\" class=\"aligncenter size-full wp-image-162162\" src=\"https:\/\/www.bellunopress.it\/wp-content\/uploads\/2025\/07\/MelImmagino-locandina-2025_edited.jpg\" alt=\"\" width=\"526\" height=\"715\" srcset=\"https:\/\/www.bellunopress.it\/wp-content\/uploads\/2025\/07\/MelImmagino-locandina-2025_edited.jpg 526w, https:\/\/www.bellunopress.it\/wp-content\/uploads\/2025\/07\/MelImmagino-locandina-2025_edited-368x500.jpg 368w, https:\/\/www.bellunopress.it\/wp-content\/uploads\/2025\/07\/MelImmagino-locandina-2025_edited-309x420.jpg 309w\" sizes=\"auto, (max-width: 526px) 100vw, 526px\" \/><\/p>","protected":false},"excerpt":{"rendered":"<p>Trichiana (Borgo Valbelluna), 26 luglio 2025 \u2013 E\u2019 stata inaugurata oggi pomeriggio nella sede dell\u2019Associazione culturale \u201cCivicaMente APS Associazione di idee\u201d presieduta da Edy Fontana, a Trichiana in via Saubens 2 (vicino al Bar La Dolce Vita) l\u2019oramai consolidata mostra Mel\u2019Immagino, il Festival dell\u2019illustrazione giunto quest\u2019anno all\u201911ma edizione. Arte e narrativa epica con tema l\u2019Odissea [&hellip;]<\/p>\n","protected":false},"author":2,"featured_media":162150,"comment_status":"closed","ping_status":"open","sticky":false,"template":"","format":"standard","meta":{"footnotes":""},"categories":[3,25],"tags":[],"class_list":["post-162148","post","type-post","status-publish","format-standard","has-post-thumbnail","category-arte-cultura-spettacoli-scienza-archivi","category-pausa-caffe"],"yoast_head":"<!-- This site is optimized with the Yoast SEO plugin v28.4 - https:\/\/yoast.com\/product\/yoast-seo-wordpress\/ -->\n<title>Inaugurata la mostra degli illustratori a Trichiana. L&#039;Odissea di Omero tema di quest&#039;anno di Mel&#039;Immagino - Bellunopress - Dolomiti<\/title>\n<meta name=\"robots\" content=\"index, follow, max-snippet:-1, max-image-preview:large, max-video-preview:-1\" \/>\n<link rel=\"canonical\" href=\"https:\/\/www.bellunopress.it\/fr\/2025\/07\/26\/162148\/\" \/>\n<meta property=\"og:locale\" content=\"fr_FR\" \/>\n<meta property=\"og:type\" content=\"article\" \/>\n<meta property=\"og:title\" content=\"Inaugurata la mostra degli illustratori a Trichiana. L&#039;Odissea di Omero tema di quest&#039;anno di Mel&#039;Immagino - Bellunopress - Dolomiti\" \/>\n<meta property=\"og:description\" content=\"Trichiana (Borgo Valbelluna), 26 luglio 2025 \u2013 E\u2019 stata inaugurata oggi pomeriggio nella sede dell\u2019Associazione culturale \u201cCivicaMente APS Associazione di idee\u201d presieduta da Edy Fontana, a Trichiana in via Saubens 2 (vicino al Bar La Dolce Vita) l\u2019oramai consolidata mostra Mel\u2019Immagino, il Festival dell\u2019illustrazione giunto quest\u2019anno all\u201911ma edizione. Arte e narrativa epica con tema l\u2019Odissea [&hellip;]\" \/>\n<meta property=\"og:url\" content=\"https:\/\/www.bellunopress.it\/fr\/2025\/07\/26\/162148\/\" \/>\n<meta property=\"og:site_name\" content=\"Bellunopress - Dolomiti\" \/>\n<meta property=\"article:publisher\" content=\"https:\/\/www.facebook.com\/profile.php?id=100008943462799\" \/>\n<meta property=\"article:published_time\" content=\"2025-07-26T17:32:00+00:00\" \/>\n<meta property=\"article:modified_time\" content=\"2025-07-27T08:42:18+00:00\" \/>\n<meta property=\"og:image\" content=\"https:\/\/www.bellunopress.it\/wp-content\/uploads\/2025\/07\/inaugurazione-Melimmagino_edited.jpg\" \/>\n\t<meta property=\"og:image:width\" content=\"800\" \/>\n\t<meta property=\"og:image:height\" content=\"620\" \/>\n\t<meta property=\"og:image:type\" content=\"image\/jpeg\" \/>\n<meta name=\"author\" content=\"redazione\" \/>\n<meta name=\"twitter:card\" content=\"summary_large_image\" \/>\n<meta name=\"twitter:creator\" content=\"@bellunopress\" \/>\n<meta name=\"twitter:site\" content=\"@bellunopress\" \/>\n<meta name=\"twitter:label1\" content=\"\u00c9crit par\" \/>\n\t<meta name=\"twitter:data1\" content=\"redazione\" \/>\n\t<meta name=\"twitter:label2\" content=\"Dur\u00e9e de lecture estim\u00e9e\" \/>\n\t<meta name=\"twitter:data2\" content=\"2 minutes\" \/>\n<script type=\"application\/ld+json\" class=\"yoast-schema-graph\">{\"@context\":\"https:\\\/\\\/schema.org\",\"@graph\":[{\"@type\":\"Article\",\"@id\":\"https:\\\/\\\/www.bellunopress.it\\\/2025\\\/07\\\/26\\\/162148\\\/#article\",\"isPartOf\":{\"@id\":\"https:\\\/\\\/www.bellunopress.it\\\/2025\\\/07\\\/26\\\/162148\\\/\"},\"author\":{\"name\":\"redazione\",\"@id\":\"https:\\\/\\\/www.bellunopress.it\\\/#\\\/schema\\\/person\\\/79bb06722b37ece1c03d3e94beb30d73\"},\"headline\":\"Inaugurata la mostra degli illustratori a Trichiana. L&#8217;Odissea di Omero tema di quest&#8217;anno di Mel&#8217;Immagino\",\"datePublished\":\"2025-07-26T17:32:00+00:00\",\"dateModified\":\"2025-07-27T08:42:18+00:00\",\"mainEntityOfPage\":{\"@id\":\"https:\\\/\\\/www.bellunopress.it\\\/2025\\\/07\\\/26\\\/162148\\\/\"},\"wordCount\":340,\"publisher\":{\"@id\":\"https:\\\/\\\/www.bellunopress.it\\\/#organization\"},\"image\":{\"@id\":\"https:\\\/\\\/www.bellunopress.it\\\/2025\\\/07\\\/26\\\/162148\\\/#primaryimage\"},\"thumbnailUrl\":\"https:\\\/\\\/www.bellunopress.it\\\/wp-content\\\/uploads\\\/2025\\\/07\\\/inaugurazione-Melimmagino_edited.jpg\",\"articleSection\":[\"Arte, Cultura, Spettacoli, Scienza\",\"Pausa Caff\u00e8\"],\"inLanguage\":\"fr-FR\"},{\"@type\":\"WebPage\",\"@id\":\"https:\\\/\\\/www.bellunopress.it\\\/2025\\\/07\\\/26\\\/162148\\\/\",\"url\":\"https:\\\/\\\/www.bellunopress.it\\\/2025\\\/07\\\/26\\\/162148\\\/\",\"name\":\"Inaugurata la mostra degli illustratori a Trichiana. L'Odissea di Omero tema di quest'anno di Mel'Immagino - Bellunopress - Dolomiti\",\"isPartOf\":{\"@id\":\"https:\\\/\\\/www.bellunopress.it\\\/#website\"},\"primaryImageOfPage\":{\"@id\":\"https:\\\/\\\/www.bellunopress.it\\\/2025\\\/07\\\/26\\\/162148\\\/#primaryimage\"},\"image\":{\"@id\":\"https:\\\/\\\/www.bellunopress.it\\\/2025\\\/07\\\/26\\\/162148\\\/#primaryimage\"},\"thumbnailUrl\":\"https:\\\/\\\/www.bellunopress.it\\\/wp-content\\\/uploads\\\/2025\\\/07\\\/inaugurazione-Melimmagino_edited.jpg\",\"datePublished\":\"2025-07-26T17:32:00+00:00\",\"dateModified\":\"2025-07-27T08:42:18+00:00\",\"breadcrumb\":{\"@id\":\"https:\\\/\\\/www.bellunopress.it\\\/2025\\\/07\\\/26\\\/162148\\\/#breadcrumb\"},\"inLanguage\":\"fr-FR\",\"potentialAction\":[{\"@type\":\"ReadAction\",\"target\":[\"https:\\\/\\\/www.bellunopress.it\\\/2025\\\/07\\\/26\\\/162148\\\/\"]}]},{\"@type\":\"ImageObject\",\"inLanguage\":\"fr-FR\",\"@id\":\"https:\\\/\\\/www.bellunopress.it\\\/2025\\\/07\\\/26\\\/162148\\\/#primaryimage\",\"url\":\"https:\\\/\\\/www.bellunopress.it\\\/wp-content\\\/uploads\\\/2025\\\/07\\\/inaugurazione-Melimmagino_edited.jpg\",\"contentUrl\":\"https:\\\/\\\/www.bellunopress.it\\\/wp-content\\\/uploads\\\/2025\\\/07\\\/inaugurazione-Melimmagino_edited.jpg\",\"width\":800,\"height\":620,\"caption\":\"Gabriella Loi, Rosy Tes\u00e8, Edy Fontana e Claudio Rossi\"},{\"@type\":\"BreadcrumbList\",\"@id\":\"https:\\\/\\\/www.bellunopress.it\\\/2025\\\/07\\\/26\\\/162148\\\/#breadcrumb\",\"itemListElement\":[{\"@type\":\"ListItem\",\"position\":1,\"name\":\"Home\",\"item\":\"https:\\\/\\\/www.bellunopress.it\\\/\"},{\"@type\":\"ListItem\",\"position\":2,\"name\":\"Inaugurata la mostra degli illustratori a Trichiana. L&#8217;Odissea di Omero tema di quest&#8217;anno di Mel&#8217;Immagino\"}]},{\"@type\":\"WebSite\",\"@id\":\"https:\\\/\\\/www.bellunopress.it\\\/#website\",\"url\":\"https:\\\/\\\/www.bellunopress.it\\\/\",\"name\":\"Bellunopress - Dolomiti\",\"description\":\"e-mail: redazione@bellunopress.it\",\"publisher\":{\"@id\":\"https:\\\/\\\/www.bellunopress.it\\\/#organization\"},\"potentialAction\":[{\"@type\":\"SearchAction\",\"target\":{\"@type\":\"EntryPoint\",\"urlTemplate\":\"https:\\\/\\\/www.bellunopress.it\\\/?s={search_term_string}\"},\"query-input\":{\"@type\":\"PropertyValueSpecification\",\"valueRequired\":true,\"valueName\":\"search_term_string\"}}],\"inLanguage\":\"fr-FR\"},{\"@type\":\"Organization\",\"@id\":\"https:\\\/\\\/www.bellunopress.it\\\/#organization\",\"name\":\"Bellunopress\",\"url\":\"https:\\\/\\\/www.bellunopress.it\\\/\",\"logo\":{\"@type\":\"ImageObject\",\"inLanguage\":\"fr-FR\",\"@id\":\"https:\\\/\\\/www.bellunopress.it\\\/#\\\/schema\\\/logo\\\/image\\\/\",\"url\":\"https:\\\/\\\/www.bellunopress.it\\\/wp-content\\\/uploads\\\/2011\\\/05\\\/cropped-logo-bellunopress-.jpg\",\"contentUrl\":\"https:\\\/\\\/www.bellunopress.it\\\/wp-content\\\/uploads\\\/2011\\\/05\\\/cropped-logo-bellunopress-.jpg\",\"width\":512,\"height\":512,\"caption\":\"Bellunopress\"},\"image\":{\"@id\":\"https:\\\/\\\/www.bellunopress.it\\\/#\\\/schema\\\/logo\\\/image\\\/\"},\"sameAs\":[\"https:\\\/\\\/www.facebook.com\\\/profile.php?id=100008943462799\",\"https:\\\/\\\/x.com\\\/bellunopress\",\"https:\\\/\\\/www.linkedin.com\\\/hp\\\/?dnr=JBzUWaJfMUw8vbXJJ2tVW5-I3jZKvC4wsoxE&amp;amp;amp;amp;amp;amp;trk=nav_responsive_tab_home\",\"https:\\\/\\\/www.youtube.com\\\/channel\\\/UCxL0wu1uN0_3_7hGG0306cw\"]},{\"@type\":\"Person\",\"@id\":\"https:\\\/\\\/www.bellunopress.it\\\/#\\\/schema\\\/person\\\/79bb06722b37ece1c03d3e94beb30d73\",\"name\":\"redazione\",\"image\":{\"@type\":\"ImageObject\",\"inLanguage\":\"fr-FR\",\"@id\":\"https:\\\/\\\/secure.gravatar.com\\\/avatar\\\/37d968a2e67a6fd04c169c4bdef102d0bc5d31b2546345219e348575eb80e9a0?s=96&d=mm&r=g\",\"url\":\"https:\\\/\\\/secure.gravatar.com\\\/avatar\\\/37d968a2e67a6fd04c169c4bdef102d0bc5d31b2546345219e348575eb80e9a0?s=96&d=mm&r=g\",\"contentUrl\":\"https:\\\/\\\/secure.gravatar.com\\\/avatar\\\/37d968a2e67a6fd04c169c4bdef102d0bc5d31b2546345219e348575eb80e9a0?s=96&d=mm&r=g\",\"caption\":\"redazione\"},\"sameAs\":[\"http:\\\/\\\/www.bellunopress.it\",\"https:\\\/\\\/x.com\\\/bellunopress\"],\"url\":\"https:\\\/\\\/www.bellunopress.it\\\/fr\\\/author\\\/redazione\\\/\"}]}<\/script>\n<!-- \/ Yoast SEO plugin. -->","yoast_head_json":{"title":"Inaugurata la mostra degli illustratori a Trichiana. L'Odissea di Omero tema di quest'anno di Mel'Immagino - Bellunopress - Dolomiti","robots":{"index":"index","follow":"follow","max-snippet":"max-snippet:-1","max-image-preview":"max-image-preview:large","max-video-preview":"max-video-preview:-1"},"canonical":"https:\/\/www.bellunopress.it\/fr\/2025\/07\/26\/162148\/","og_locale":"fr_FR","og_type":"article","og_title":"Inaugurata la mostra degli illustratori a Trichiana. L'Odissea di Omero tema di quest'anno di Mel'Immagino - Bellunopress - Dolomiti","og_description":"Trichiana (Borgo Valbelluna), 26 luglio 2025 \u2013 E\u2019 stata inaugurata oggi pomeriggio nella sede dell\u2019Associazione culturale \u201cCivicaMente APS Associazione di idee\u201d presieduta da Edy Fontana, a Trichiana in via Saubens 2 (vicino al Bar La Dolce Vita) l\u2019oramai consolidata mostra Mel\u2019Immagino, il Festival dell\u2019illustrazione giunto quest\u2019anno all\u201911ma edizione. Arte e narrativa epica con tema l\u2019Odissea [&hellip;]","og_url":"https:\/\/www.bellunopress.it\/fr\/2025\/07\/26\/162148\/","og_site_name":"Bellunopress - Dolomiti","article_publisher":"https:\/\/www.facebook.com\/profile.php?id=100008943462799","article_published_time":"2025-07-26T17:32:00+00:00","article_modified_time":"2025-07-27T08:42:18+00:00","og_image":[{"width":800,"height":620,"url":"https:\/\/www.bellunopress.it\/wp-content\/uploads\/2025\/07\/inaugurazione-Melimmagino_edited.jpg","type":"image\/jpeg"}],"author":"redazione","twitter_card":"summary_large_image","twitter_creator":"@bellunopress","twitter_site":"@bellunopress","twitter_misc":{"\u00c9crit par":"redazione","Dur\u00e9e de lecture estim\u00e9e":"2 minutes"},"schema":{"@context":"https:\/\/schema.org","@graph":[{"@type":"Article","@id":"https:\/\/www.bellunopress.it\/2025\/07\/26\/162148\/#article","isPartOf":{"@id":"https:\/\/www.bellunopress.it\/2025\/07\/26\/162148\/"},"author":{"name":"redazione","@id":"https:\/\/www.bellunopress.it\/#\/schema\/person\/79bb06722b37ece1c03d3e94beb30d73"},"headline":"Inaugurata la mostra degli illustratori a Trichiana. L&#8217;Odissea di Omero tema di quest&#8217;anno di Mel&#8217;Immagino","datePublished":"2025-07-26T17:32:00+00:00","dateModified":"2025-07-27T08:42:18+00:00","mainEntityOfPage":{"@id":"https:\/\/www.bellunopress.it\/2025\/07\/26\/162148\/"},"wordCount":340,"publisher":{"@id":"https:\/\/www.bellunopress.it\/#organization"},"image":{"@id":"https:\/\/www.bellunopress.it\/2025\/07\/26\/162148\/#primaryimage"},"thumbnailUrl":"https:\/\/www.bellunopress.it\/wp-content\/uploads\/2025\/07\/inaugurazione-Melimmagino_edited.jpg","articleSection":["Arte, Cultura, Spettacoli, Scienza","Pausa Caff\u00e8"],"inLanguage":"fr-FR"},{"@type":"WebPage","@id":"https:\/\/www.bellunopress.it\/2025\/07\/26\/162148\/","url":"https:\/\/www.bellunopress.it\/2025\/07\/26\/162148\/","name":"Inaugurata la mostra degli illustratori a Trichiana. L'Odissea di Omero tema di quest'anno di Mel'Immagino - Bellunopress - Dolomiti","isPartOf":{"@id":"https:\/\/www.bellunopress.it\/#website"},"primaryImageOfPage":{"@id":"https:\/\/www.bellunopress.it\/2025\/07\/26\/162148\/#primaryimage"},"image":{"@id":"https:\/\/www.bellunopress.it\/2025\/07\/26\/162148\/#primaryimage"},"thumbnailUrl":"https:\/\/www.bellunopress.it\/wp-content\/uploads\/2025\/07\/inaugurazione-Melimmagino_edited.jpg","datePublished":"2025-07-26T17:32:00+00:00","dateModified":"2025-07-27T08:42:18+00:00","breadcrumb":{"@id":"https:\/\/www.bellunopress.it\/2025\/07\/26\/162148\/#breadcrumb"},"inLanguage":"fr-FR","potentialAction":[{"@type":"ReadAction","target":["https:\/\/www.bellunopress.it\/2025\/07\/26\/162148\/"]}]},{"@type":"ImageObject","inLanguage":"fr-FR","@id":"https:\/\/www.bellunopress.it\/2025\/07\/26\/162148\/#primaryimage","url":"https:\/\/www.bellunopress.it\/wp-content\/uploads\/2025\/07\/inaugurazione-Melimmagino_edited.jpg","contentUrl":"https:\/\/www.bellunopress.it\/wp-content\/uploads\/2025\/07\/inaugurazione-Melimmagino_edited.jpg","width":800,"height":620,"caption":"Gabriella Loi, Rosy Tes\u00e8, Edy Fontana e Claudio Rossi"},{"@type":"BreadcrumbList","@id":"https:\/\/www.bellunopress.it\/2025\/07\/26\/162148\/#breadcrumb","itemListElement":[{"@type":"ListItem","position":1,"name":"Home","item":"https:\/\/www.bellunopress.it\/"},{"@type":"ListItem","position":2,"name":"Inaugurata la mostra degli illustratori a Trichiana. L&#8217;Odissea di Omero tema di quest&#8217;anno di Mel&#8217;Immagino"}]},{"@type":"WebSite","@id":"https:\/\/www.bellunopress.it\/#website","url":"https:\/\/www.bellunopress.it\/","name":"Bellunopress - Dolomiti","description":"e-mail: redazione@bellunopress.it","publisher":{"@id":"https:\/\/www.bellunopress.it\/#organization"},"potentialAction":[{"@type":"SearchAction","target":{"@type":"EntryPoint","urlTemplate":"https:\/\/www.bellunopress.it\/?s={search_term_string}"},"query-input":{"@type":"PropertyValueSpecification","valueRequired":true,"valueName":"search_term_string"}}],"inLanguage":"fr-FR"},{"@type":"Organization","@id":"https:\/\/www.bellunopress.it\/#organization","name":"Bellunopress","url":"https:\/\/www.bellunopress.it\/","logo":{"@type":"ImageObject","inLanguage":"fr-FR","@id":"https:\/\/www.bellunopress.it\/#\/schema\/logo\/image\/","url":"https:\/\/www.bellunopress.it\/wp-content\/uploads\/2011\/05\/cropped-logo-bellunopress-.jpg","contentUrl":"https:\/\/www.bellunopress.it\/wp-content\/uploads\/2011\/05\/cropped-logo-bellunopress-.jpg","width":512,"height":512,"caption":"Bellunopress"},"image":{"@id":"https:\/\/www.bellunopress.it\/#\/schema\/logo\/image\/"},"sameAs":["https:\/\/www.facebook.com\/profile.php?id=100008943462799","https:\/\/x.com\/bellunopress","https:\/\/www.linkedin.com\/hp\/?dnr=JBzUWaJfMUw8vbXJJ2tVW5-I3jZKvC4wsoxE&amp;amp;amp;amp;amp;amp;trk=nav_responsive_tab_home","https:\/\/www.youtube.com\/channel\/UCxL0wu1uN0_3_7hGG0306cw"]},{"@type":"Person","@id":"https:\/\/www.bellunopress.it\/#\/schema\/person\/79bb06722b37ece1c03d3e94beb30d73","name":"r\u00e9daction","image":{"@type":"ImageObject","inLanguage":"fr-FR","@id":"https:\/\/secure.gravatar.com\/avatar\/37d968a2e67a6fd04c169c4bdef102d0bc5d31b2546345219e348575eb80e9a0?s=96&d=mm&r=g","url":"https:\/\/secure.gravatar.com\/avatar\/37d968a2e67a6fd04c169c4bdef102d0bc5d31b2546345219e348575eb80e9a0?s=96&d=mm&r=g","contentUrl":"https:\/\/secure.gravatar.com\/avatar\/37d968a2e67a6fd04c169c4bdef102d0bc5d31b2546345219e348575eb80e9a0?s=96&d=mm&r=g","caption":"redazione"},"sameAs":["http:\/\/www.bellunopress.it","https:\/\/x.com\/bellunopress"],"url":"https:\/\/www.bellunopress.it\/fr\/author\/redazione\/"}]}},"_links":{"self":[{"href":"https:\/\/www.bellunopress.it\/fr\/wp-json\/wp\/v2\/posts\/162148","targetHints":{"allow":["GET"]}}],"collection":[{"href":"https:\/\/www.bellunopress.it\/fr\/wp-json\/wp\/v2\/posts"}],"about":[{"href":"https:\/\/www.bellunopress.it\/fr\/wp-json\/wp\/v2\/types\/post"}],"author":[{"embeddable":true,"href":"https:\/\/www.bellunopress.it\/fr\/wp-json\/wp\/v2\/users\/2"}],"replies":[{"embeddable":true,"href":"https:\/\/www.bellunopress.it\/fr\/wp-json\/wp\/v2\/comments?post=162148"}],"version-history":[{"count":4,"href":"https:\/\/www.bellunopress.it\/fr\/wp-json\/wp\/v2\/posts\/162148\/revisions"}],"predecessor-version":[{"id":162163,"href":"https:\/\/www.bellunopress.it\/fr\/wp-json\/wp\/v2\/posts\/162148\/revisions\/162163"}],"wp:featuredmedia":[{"embeddable":true,"href":"https:\/\/www.bellunopress.it\/fr\/wp-json\/wp\/v2\/media\/162150"}],"wp:attachment":[{"href":"https:\/\/www.bellunopress.it\/fr\/wp-json\/wp\/v2\/media?parent=162148"}],"wp:term":[{"taxonomy":"category","embeddable":true,"href":"https:\/\/www.bellunopress.it\/fr\/wp-json\/wp\/v2\/categories?post=162148"},{"taxonomy":"post_tag","embeddable":true,"href":"https:\/\/www.bellunopress.it\/fr\/wp-json\/wp\/v2\/tags?post=162148"}],"curies":[{"name":"wp","href":"https:\/\/api.w.org\/{rel}","templated":true}]}}