{"id":162117,"date":"2025-07-25T14:56:25","date_gmt":"2025-07-25T12:56:25","guid":{"rendered":"https:\/\/www.bellunopress.it\/?p=162117"},"modified":"2025-07-25T14:56:25","modified_gmt":"2025-07-25T12:56:25","slug":"ex-agip-baldenich-lopinione-dellarchitetto","status":"publish","type":"post","link":"https:\/\/www.bellunopress.it\/fr\/2025\/07\/25\/ex-agip-baldenich-lopinione-dellarchitetto\/","title":{"rendered":"Ex Agip Baldenich. L&#8217;opinione dell&#8217;architetto"},"content":{"rendered":"<figure id=\"attachment_162118\" aria-describedby=\"caption-attachment-162118\" style=\"width: 800px\" class=\"wp-caption aligncenter\"><img loading=\"lazy\" decoding=\"async\" class=\"size-full wp-image-162118\" src=\"https:\/\/www.bellunopress.it\/wp-content\/uploads\/2025\/07\/Agip-Baldenich-maggio-2022.jpg\" alt=\"\" width=\"800\" height=\"466\" srcset=\"https:\/\/www.bellunopress.it\/wp-content\/uploads\/2025\/07\/Agip-Baldenich-maggio-2022.jpg 800w, https:\/\/www.bellunopress.it\/wp-content\/uploads\/2025\/07\/Agip-Baldenich-maggio-2022-500x291.jpg 500w, https:\/\/www.bellunopress.it\/wp-content\/uploads\/2025\/07\/Agip-Baldenich-maggio-2022-721x420.jpg 721w, https:\/\/www.bellunopress.it\/wp-content\/uploads\/2025\/07\/Agip-Baldenich-maggio-2022-696x405.jpg 696w\" sizes=\"auto, (max-width: 800px) 100vw, 800px\" \/><figcaption id=\"caption-attachment-162118\" class=\"wp-caption-text\">Stazione Agip di via Vittorio Veneto a Belluno (maggio 2022 prima della demolizione della pensilina a sbalzo)<\/figcaption><\/figure>\n<figure id=\"attachment_162119\" aria-describedby=\"caption-attachment-162119\" style=\"width: 768px\" class=\"wp-caption aligncenter\"><img loading=\"lazy\" decoding=\"async\" class=\"size-full wp-image-162119\" src=\"https:\/\/www.bellunopress.it\/wp-content\/uploads\/2025\/07\/Agip-viale-certosa-milano.jpg\" alt=\"\" width=\"768\" height=\"579\" srcset=\"https:\/\/www.bellunopress.it\/wp-content\/uploads\/2025\/07\/Agip-viale-certosa-milano.jpg 768w, https:\/\/www.bellunopress.it\/wp-content\/uploads\/2025\/07\/Agip-viale-certosa-milano-500x377.jpg 500w, https:\/\/www.bellunopress.it\/wp-content\/uploads\/2025\/07\/Agip-viale-certosa-milano-557x420.jpg 557w, https:\/\/www.bellunopress.it\/wp-content\/uploads\/2025\/07\/Agip-viale-certosa-milano-80x60.jpg 80w, https:\/\/www.bellunopress.it\/wp-content\/uploads\/2025\/07\/Agip-viale-certosa-milano-696x525.jpg 696w\" sizes=\"auto, (max-width: 768px) 100vw, 768px\" \/><figcaption id=\"caption-attachment-162119\" class=\"wp-caption-text\">Ex stazione Agip di viale Certosa a Milano dopo il restauro<\/figcaption><\/figure>\n<p>Le stazioni di servizio del Novecento sono molto pi\u00f9 che semplici luoghi di rifornimento. Sono testimonianze di un\u2019epoca di profonde trasformazioni economiche, sociali e artistiche. In Italia, molte di queste strutture, e quella di via Vittorio Veneto ne \u00e8 un esempio eccellente, sono legate alla visione dell\u2019imprenditore Enrico Mattei e all\u2019estro dell\u2019architetto Mario Baciocchi, che progett\u00f2 per l\u2019AGIP un linguaggio architettonico e grafico uniforme, capace di identificare e raccontare il boom economico e la modernit\u00e0 del Paese.<br \/>\nTali strutture hanno conquistato l\u2019immaginario collettivo al punto da essere ormai universalmente note con l\u2019affettuoso soprannome di Baciocche.<br \/>\nA Belluno pare che si sia deciso di ignorare questo patrimonio. Su Viale Europa e Via Vittorio Veneto, gi\u00e0 congestionate e costellate di ben cinque supermercati in meno di cinque chilometri, l\u2019amministrazione comunale intende consentire l\u2019abbattimento dell\u2019ex stazione AGIP di Baciocchi per lasciare spazio all\u2019ennesimo esercizio commerciale, sacrificando un\u2019area che era originariamente destinata a verde pubblico.<\/p>\n<p>Nel 2022, dopo le prime proteste e l\u2019attenzione dei media, l\u2019acquirente del terreno ha prontamente demolito la storica pensilina in cemento armato, motivando l\u2019intervento con presunti rischi strutturali e annunciando, come reciterebbe il cartello di cantiere se fosse ancora leggibile, una ricostruzione integrale. L\u2019operazione ha reso pi\u00f9 complesso un eventuale recupero, nonostante i dettagliati disegni originali di Baciocchi permetterebbero comunque una ricostruzione fedele.<br \/>\nDa allora, nonostante le proteste di cittadini e di autorevoli realt\u00e0 come l\u2019Istituto Universitario di Architettura di Venezia e Italia Nostra, l\u2019area nel cuore della citt\u00e0 versa in un progressivo stato di degrado.<\/p>\n<p>In cambio dell\u2019autorizzazione a procedere, si parla di presunte \u2018compensazioni\u2019. Interventi finanziati dagli acquirenti dell\u2019area forse utili alla citt\u00e0, ma di certo non prioritari se confrontati con la perdita di un bene culturale.<br \/>\nA dare un rapido sguardo a come altre amministrazioni, sia estere che italiane, hanno affrontato questo tema, si scopre che:<\/p>\n<p>Negli USA, le stazioni di servizio storiche sono tutelate come esempi emblematici di \u201croadside architecture\u201d. In Europa, Paesi come Austria, Germania, Svizzera e Norvegia hanno trasformato queste strutture in spazi culturali, centri informativi o punti di aggregazione sociale.<\/p>\n<p>Anche in Italia non mancano esempi virtuosi: a Milano, una stazione progettata da Baciocchi \u00e8 diventata, su iniziativa di Lapo Elkann e Carlo Cracco un ristorante di design firmato dal noto architetto Michele De Lucchi; a Trieste, una struttura simile \u00e8 stata restaurata e riconvertita in un \u201cdistributore di cultura\u201d; a Bolzano il Comune ha investito per trasformare la vecchia stazione di servizio in un bike center, simbolo di mobilit\u00e0 sostenibile.<\/p>\n<p>Numerosi altri comuni hanno scelto di valorizzare il recupero di queste architetture, restituendo gli spazi alla comunit\u00e0. Tra questi, solo per citarne alcuni, Lecce, Ivrea, Nuoro, Pisa e Foiano.<br \/>\n\u00c8 difficile immaginare che chiunque, con un minimo di consapevolezza e lungimiranza, possa decidere di abbattere un manufatto di tale valore. La stazione AGIP di Belluno, con la sua storia e la firma di Mattei e Baciocchi, merita di essere recuperata e valorizzata, e non cancellata per lasciare spazio all\u2019ennesimo supermercato.<\/p>\n<p>Le decisioni prese sono il risultato di una catena di negligenze lunga e complessa, difficilmente imputabile a un unico responsabile. \u00c8 sfuggito a tutti, purtroppo, il valore culturale e architettonico della struttura. Sorprende che n\u00e9 le amministrazioni succedutesi n\u00e9 gli enti preposti alla tutela abbiano espresso perplessit\u00e0 al momento opportuno.<br \/>\nIl fatto che le responsabilit\u00e0 siano diffuse non significa, tuttavia, che si debba procedere a testa bassa verso un errore irreparabile. Con un progetto architettonico serio e competente si potrebbe addirittura ipotizzare l\u2019integrazione del manufatto nella nuova struttura: un progetto complesso, certo, ma che meriterebbe di essere discusso apertamente e soprattutto attuato con il coinvolgimento delle giuste competenze.<br \/>\nPer l\u2019imprenditore, ultimo anello di questa catena di disattenzioni e colui che rischia di pi\u00f9, potrebbe rappresentare una straordinaria opportunit\u00e0: un progetto pilota, una risposta concreta a uno dei grandi temi dibattuti in Italia, quello del riuso e della riconversione di manufatti storici dal fine originario ormai superato.<br \/>\nNe trarrebbe vantaggio anche l\u2019immagine stessa del futuro supermercato, mentre la struttura verrebbe finalmente salvata.<\/p>\n<p>La domanda \u00e8: vogliamo una citt\u00e0 che valorizza la sua memoria e che sfoggia orgogliosamente le sue eccellenze o una citt\u00e0 che si svende?<\/p>\n<p>Luca De Moliner architetto<\/p>\n<p>&nbsp;<\/p>","protected":false},"excerpt":{"rendered":"<p>Le stazioni di servizio del Novecento sono molto pi\u00f9 che semplici luoghi di rifornimento. Sono testimonianze di un\u2019epoca di profonde trasformazioni economiche, sociali e artistiche. In Italia, molte di queste strutture, e quella di via Vittorio Veneto ne \u00e8 un esempio eccellente, sono legate alla visione dell\u2019imprenditore Enrico Mattei e all\u2019estro dell\u2019architetto Mario Baciocchi, che [&hellip;]<\/p>\n","protected":false},"author":2,"featured_media":162118,"comment_status":"closed","ping_status":"open","sticky":false,"template":"","format":"standard","meta":{"footnotes":""},"categories":[1,26],"tags":[],"class_list":["post-162117","post","type-post","status-publish","format-standard","has-post-thumbnail","category-leo","category-prima-pagina"],"yoast_head":"<!-- This site is optimized with the Yoast SEO plugin v28.4 - https:\/\/yoast.com\/product\/yoast-seo-wordpress\/ -->\n<title>Ex Agip Baldenich. L&#039;opinione dell&#039;architetto - Bellunopress - Dolomiti<\/title>\n<meta name=\"robots\" content=\"index, follow, max-snippet:-1, max-image-preview:large, max-video-preview:-1\" \/>\n<link rel=\"canonical\" href=\"https:\/\/www.bellunopress.it\/fr\/2025\/07\/25\/ex-agip-baldenich-lopinione-dellarchitetto\/\" \/>\n<meta property=\"og:locale\" content=\"fr_FR\" \/>\n<meta property=\"og:type\" content=\"article\" \/>\n<meta property=\"og:title\" content=\"Ex Agip Baldenich. L&#039;opinione dell&#039;architetto - Bellunopress - Dolomiti\" \/>\n<meta property=\"og:description\" content=\"Le stazioni di servizio del Novecento sono molto pi\u00f9 che semplici luoghi di rifornimento. Sono testimonianze di un\u2019epoca di profonde trasformazioni economiche, sociali e artistiche. In Italia, molte di queste strutture, e quella di via Vittorio Veneto ne \u00e8 un esempio eccellente, sono legate alla visione dell\u2019imprenditore Enrico Mattei e all\u2019estro dell\u2019architetto Mario Baciocchi, che [&hellip;]\" \/>\n<meta property=\"og:url\" content=\"https:\/\/www.bellunopress.it\/fr\/2025\/07\/25\/ex-agip-baldenich-lopinione-dellarchitetto\/\" \/>\n<meta property=\"og:site_name\" content=\"Bellunopress - Dolomiti\" \/>\n<meta property=\"article:publisher\" content=\"https:\/\/www.facebook.com\/profile.php?id=100008943462799\" \/>\n<meta property=\"article:published_time\" content=\"2025-07-25T12:56:25+00:00\" \/>\n<meta property=\"og:image\" content=\"https:\/\/www.bellunopress.it\/wp-content\/uploads\/2025\/07\/Agip-Baldenich-maggio-2022.jpg\" \/>\n\t<meta property=\"og:image:width\" content=\"800\" \/>\n\t<meta property=\"og:image:height\" content=\"466\" \/>\n\t<meta property=\"og:image:type\" content=\"image\/jpeg\" \/>\n<meta name=\"author\" content=\"redazione\" \/>\n<meta name=\"twitter:card\" content=\"summary_large_image\" \/>\n<meta name=\"twitter:creator\" content=\"@bellunopress\" \/>\n<meta name=\"twitter:site\" content=\"@bellunopress\" \/>\n<meta name=\"twitter:label1\" content=\"\u00c9crit par\" \/>\n\t<meta name=\"twitter:data1\" content=\"redazione\" \/>\n\t<meta name=\"twitter:label2\" content=\"Dur\u00e9e de lecture estim\u00e9e\" \/>\n\t<meta name=\"twitter:data2\" content=\"4 minutes\" \/>\n<script type=\"application\/ld+json\" class=\"yoast-schema-graph\">{\"@context\":\"https:\\\/\\\/schema.org\",\"@graph\":[{\"@type\":\"Article\",\"@id\":\"https:\\\/\\\/www.bellunopress.it\\\/2025\\\/07\\\/25\\\/ex-agip-baldenich-lopinione-dellarchitetto\\\/#article\",\"isPartOf\":{\"@id\":\"https:\\\/\\\/www.bellunopress.it\\\/2025\\\/07\\\/25\\\/ex-agip-baldenich-lopinione-dellarchitetto\\\/\"},\"author\":{\"name\":\"redazione\",\"@id\":\"https:\\\/\\\/www.bellunopress.it\\\/#\\\/schema\\\/person\\\/79bb06722b37ece1c03d3e94beb30d73\"},\"headline\":\"Ex Agip Baldenich. L&#8217;opinione dell&#8217;architetto\",\"datePublished\":\"2025-07-25T12:56:25+00:00\",\"mainEntityOfPage\":{\"@id\":\"https:\\\/\\\/www.bellunopress.it\\\/2025\\\/07\\\/25\\\/ex-agip-baldenich-lopinione-dellarchitetto\\\/\"},\"wordCount\":754,\"publisher\":{\"@id\":\"https:\\\/\\\/www.bellunopress.it\\\/#organization\"},\"image\":{\"@id\":\"https:\\\/\\\/www.bellunopress.it\\\/2025\\\/07\\\/25\\\/ex-agip-baldenich-lopinione-dellarchitetto\\\/#primaryimage\"},\"thumbnailUrl\":\"https:\\\/\\\/www.bellunopress.it\\\/wp-content\\\/uploads\\\/2025\\\/07\\\/Agip-Baldenich-maggio-2022.jpg\",\"articleSection\":[\"Lettere Opinioni\",\"Prima Pagina\"],\"inLanguage\":\"fr-FR\"},{\"@type\":\"WebPage\",\"@id\":\"https:\\\/\\\/www.bellunopress.it\\\/2025\\\/07\\\/25\\\/ex-agip-baldenich-lopinione-dellarchitetto\\\/\",\"url\":\"https:\\\/\\\/www.bellunopress.it\\\/2025\\\/07\\\/25\\\/ex-agip-baldenich-lopinione-dellarchitetto\\\/\",\"name\":\"Ex Agip Baldenich. L'opinione dell'architetto - Bellunopress - Dolomiti\",\"isPartOf\":{\"@id\":\"https:\\\/\\\/www.bellunopress.it\\\/#website\"},\"primaryImageOfPage\":{\"@id\":\"https:\\\/\\\/www.bellunopress.it\\\/2025\\\/07\\\/25\\\/ex-agip-baldenich-lopinione-dellarchitetto\\\/#primaryimage\"},\"image\":{\"@id\":\"https:\\\/\\\/www.bellunopress.it\\\/2025\\\/07\\\/25\\\/ex-agip-baldenich-lopinione-dellarchitetto\\\/#primaryimage\"},\"thumbnailUrl\":\"https:\\\/\\\/www.bellunopress.it\\\/wp-content\\\/uploads\\\/2025\\\/07\\\/Agip-Baldenich-maggio-2022.jpg\",\"datePublished\":\"2025-07-25T12:56:25+00:00\",\"breadcrumb\":{\"@id\":\"https:\\\/\\\/www.bellunopress.it\\\/2025\\\/07\\\/25\\\/ex-agip-baldenich-lopinione-dellarchitetto\\\/#breadcrumb\"},\"inLanguage\":\"fr-FR\",\"potentialAction\":[{\"@type\":\"ReadAction\",\"target\":[\"https:\\\/\\\/www.bellunopress.it\\\/2025\\\/07\\\/25\\\/ex-agip-baldenich-lopinione-dellarchitetto\\\/\"]}]},{\"@type\":\"ImageObject\",\"inLanguage\":\"fr-FR\",\"@id\":\"https:\\\/\\\/www.bellunopress.it\\\/2025\\\/07\\\/25\\\/ex-agip-baldenich-lopinione-dellarchitetto\\\/#primaryimage\",\"url\":\"https:\\\/\\\/www.bellunopress.it\\\/wp-content\\\/uploads\\\/2025\\\/07\\\/Agip-Baldenich-maggio-2022.jpg\",\"contentUrl\":\"https:\\\/\\\/www.bellunopress.it\\\/wp-content\\\/uploads\\\/2025\\\/07\\\/Agip-Baldenich-maggio-2022.jpg\",\"width\":800,\"height\":466,\"caption\":\"Stazione Agip di via Vittorio Veneto a Belluno (maggio 2022 prima della demolizione della pensilina a sbalzo)\"},{\"@type\":\"BreadcrumbList\",\"@id\":\"https:\\\/\\\/www.bellunopress.it\\\/2025\\\/07\\\/25\\\/ex-agip-baldenich-lopinione-dellarchitetto\\\/#breadcrumb\",\"itemListElement\":[{\"@type\":\"ListItem\",\"position\":1,\"name\":\"Home\",\"item\":\"https:\\\/\\\/www.bellunopress.it\\\/\"},{\"@type\":\"ListItem\",\"position\":2,\"name\":\"Ex Agip Baldenich. L&#8217;opinione dell&#8217;architetto\"}]},{\"@type\":\"WebSite\",\"@id\":\"https:\\\/\\\/www.bellunopress.it\\\/#website\",\"url\":\"https:\\\/\\\/www.bellunopress.it\\\/\",\"name\":\"Bellunopress - Dolomiti\",\"description\":\"e-mail: redazione@bellunopress.it\",\"publisher\":{\"@id\":\"https:\\\/\\\/www.bellunopress.it\\\/#organization\"},\"potentialAction\":[{\"@type\":\"SearchAction\",\"target\":{\"@type\":\"EntryPoint\",\"urlTemplate\":\"https:\\\/\\\/www.bellunopress.it\\\/?s={search_term_string}\"},\"query-input\":{\"@type\":\"PropertyValueSpecification\",\"valueRequired\":true,\"valueName\":\"search_term_string\"}}],\"inLanguage\":\"fr-FR\"},{\"@type\":\"Organization\",\"@id\":\"https:\\\/\\\/www.bellunopress.it\\\/#organization\",\"name\":\"Bellunopress\",\"url\":\"https:\\\/\\\/www.bellunopress.it\\\/\",\"logo\":{\"@type\":\"ImageObject\",\"inLanguage\":\"fr-FR\",\"@id\":\"https:\\\/\\\/www.bellunopress.it\\\/#\\\/schema\\\/logo\\\/image\\\/\",\"url\":\"https:\\\/\\\/www.bellunopress.it\\\/wp-content\\\/uploads\\\/2011\\\/05\\\/cropped-logo-bellunopress-.jpg\",\"contentUrl\":\"https:\\\/\\\/www.bellunopress.it\\\/wp-content\\\/uploads\\\/2011\\\/05\\\/cropped-logo-bellunopress-.jpg\",\"width\":512,\"height\":512,\"caption\":\"Bellunopress\"},\"image\":{\"@id\":\"https:\\\/\\\/www.bellunopress.it\\\/#\\\/schema\\\/logo\\\/image\\\/\"},\"sameAs\":[\"https:\\\/\\\/www.facebook.com\\\/profile.php?id=100008943462799\",\"https:\\\/\\\/x.com\\\/bellunopress\",\"https:\\\/\\\/www.linkedin.com\\\/hp\\\/?dnr=JBzUWaJfMUw8vbXJJ2tVW5-I3jZKvC4wsoxE&amp;amp;amp;amp;amp;amp;trk=nav_responsive_tab_home\",\"https:\\\/\\\/www.youtube.com\\\/channel\\\/UCxL0wu1uN0_3_7hGG0306cw\"]},{\"@type\":\"Person\",\"@id\":\"https:\\\/\\\/www.bellunopress.it\\\/#\\\/schema\\\/person\\\/79bb06722b37ece1c03d3e94beb30d73\",\"name\":\"redazione\",\"image\":{\"@type\":\"ImageObject\",\"inLanguage\":\"fr-FR\",\"@id\":\"https:\\\/\\\/secure.gravatar.com\\\/avatar\\\/37d968a2e67a6fd04c169c4bdef102d0bc5d31b2546345219e348575eb80e9a0?s=96&d=mm&r=g\",\"url\":\"https:\\\/\\\/secure.gravatar.com\\\/avatar\\\/37d968a2e67a6fd04c169c4bdef102d0bc5d31b2546345219e348575eb80e9a0?s=96&d=mm&r=g\",\"contentUrl\":\"https:\\\/\\\/secure.gravatar.com\\\/avatar\\\/37d968a2e67a6fd04c169c4bdef102d0bc5d31b2546345219e348575eb80e9a0?s=96&d=mm&r=g\",\"caption\":\"redazione\"},\"sameAs\":[\"http:\\\/\\\/www.bellunopress.it\",\"https:\\\/\\\/x.com\\\/bellunopress\"],\"url\":\"https:\\\/\\\/www.bellunopress.it\\\/fr\\\/author\\\/redazione\\\/\"}]}<\/script>\n<!-- \/ Yoast SEO plugin. -->","yoast_head_json":{"title":"Ex Agip Baldenich. L'opinione dell'architetto - Bellunopress - Dolomiti","robots":{"index":"index","follow":"follow","max-snippet":"max-snippet:-1","max-image-preview":"max-image-preview:large","max-video-preview":"max-video-preview:-1"},"canonical":"https:\/\/www.bellunopress.it\/fr\/2025\/07\/25\/ex-agip-baldenich-lopinione-dellarchitetto\/","og_locale":"fr_FR","og_type":"article","og_title":"Ex Agip Baldenich. L'opinione dell'architetto - Bellunopress - Dolomiti","og_description":"Le stazioni di servizio del Novecento sono molto pi\u00f9 che semplici luoghi di rifornimento. Sono testimonianze di un\u2019epoca di profonde trasformazioni economiche, sociali e artistiche. In Italia, molte di queste strutture, e quella di via Vittorio Veneto ne \u00e8 un esempio eccellente, sono legate alla visione dell\u2019imprenditore Enrico Mattei e all\u2019estro dell\u2019architetto Mario Baciocchi, che [&hellip;]","og_url":"https:\/\/www.bellunopress.it\/fr\/2025\/07\/25\/ex-agip-baldenich-lopinione-dellarchitetto\/","og_site_name":"Bellunopress - Dolomiti","article_publisher":"https:\/\/www.facebook.com\/profile.php?id=100008943462799","article_published_time":"2025-07-25T12:56:25+00:00","og_image":[{"width":800,"height":466,"url":"https:\/\/www.bellunopress.it\/wp-content\/uploads\/2025\/07\/Agip-Baldenich-maggio-2022.jpg","type":"image\/jpeg"}],"author":"redazione","twitter_card":"summary_large_image","twitter_creator":"@bellunopress","twitter_site":"@bellunopress","twitter_misc":{"\u00c9crit par":"redazione","Dur\u00e9e de lecture estim\u00e9e":"4 minutes"},"schema":{"@context":"https:\/\/schema.org","@graph":[{"@type":"Article","@id":"https:\/\/www.bellunopress.it\/2025\/07\/25\/ex-agip-baldenich-lopinione-dellarchitetto\/#article","isPartOf":{"@id":"https:\/\/www.bellunopress.it\/2025\/07\/25\/ex-agip-baldenich-lopinione-dellarchitetto\/"},"author":{"name":"redazione","@id":"https:\/\/www.bellunopress.it\/#\/schema\/person\/79bb06722b37ece1c03d3e94beb30d73"},"headline":"Ex Agip Baldenich. L&#8217;opinione dell&#8217;architetto","datePublished":"2025-07-25T12:56:25+00:00","mainEntityOfPage":{"@id":"https:\/\/www.bellunopress.it\/2025\/07\/25\/ex-agip-baldenich-lopinione-dellarchitetto\/"},"wordCount":754,"publisher":{"@id":"https:\/\/www.bellunopress.it\/#organization"},"image":{"@id":"https:\/\/www.bellunopress.it\/2025\/07\/25\/ex-agip-baldenich-lopinione-dellarchitetto\/#primaryimage"},"thumbnailUrl":"https:\/\/www.bellunopress.it\/wp-content\/uploads\/2025\/07\/Agip-Baldenich-maggio-2022.jpg","articleSection":["Lettere Opinioni","Prima Pagina"],"inLanguage":"fr-FR"},{"@type":"WebPage","@id":"https:\/\/www.bellunopress.it\/2025\/07\/25\/ex-agip-baldenich-lopinione-dellarchitetto\/","url":"https:\/\/www.bellunopress.it\/2025\/07\/25\/ex-agip-baldenich-lopinione-dellarchitetto\/","name":"Ex Agip Baldenich. L'opinione dell'architetto - Bellunopress - Dolomiti","isPartOf":{"@id":"https:\/\/www.bellunopress.it\/#website"},"primaryImageOfPage":{"@id":"https:\/\/www.bellunopress.it\/2025\/07\/25\/ex-agip-baldenich-lopinione-dellarchitetto\/#primaryimage"},"image":{"@id":"https:\/\/www.bellunopress.it\/2025\/07\/25\/ex-agip-baldenich-lopinione-dellarchitetto\/#primaryimage"},"thumbnailUrl":"https:\/\/www.bellunopress.it\/wp-content\/uploads\/2025\/07\/Agip-Baldenich-maggio-2022.jpg","datePublished":"2025-07-25T12:56:25+00:00","breadcrumb":{"@id":"https:\/\/www.bellunopress.it\/2025\/07\/25\/ex-agip-baldenich-lopinione-dellarchitetto\/#breadcrumb"},"inLanguage":"fr-FR","potentialAction":[{"@type":"ReadAction","target":["https:\/\/www.bellunopress.it\/2025\/07\/25\/ex-agip-baldenich-lopinione-dellarchitetto\/"]}]},{"@type":"ImageObject","inLanguage":"fr-FR","@id":"https:\/\/www.bellunopress.it\/2025\/07\/25\/ex-agip-baldenich-lopinione-dellarchitetto\/#primaryimage","url":"https:\/\/www.bellunopress.it\/wp-content\/uploads\/2025\/07\/Agip-Baldenich-maggio-2022.jpg","contentUrl":"https:\/\/www.bellunopress.it\/wp-content\/uploads\/2025\/07\/Agip-Baldenich-maggio-2022.jpg","width":800,"height":466,"caption":"Stazione Agip di via Vittorio Veneto a Belluno (maggio 2022 prima della demolizione della pensilina a sbalzo)"},{"@type":"BreadcrumbList","@id":"https:\/\/www.bellunopress.it\/2025\/07\/25\/ex-agip-baldenich-lopinione-dellarchitetto\/#breadcrumb","itemListElement":[{"@type":"ListItem","position":1,"name":"Home","item":"https:\/\/www.bellunopress.it\/"},{"@type":"ListItem","position":2,"name":"Ex Agip Baldenich. L&#8217;opinione dell&#8217;architetto"}]},{"@type":"WebSite","@id":"https:\/\/www.bellunopress.it\/#website","url":"https:\/\/www.bellunopress.it\/","name":"Bellunopress - Dolomiti","description":"e-mail: redazione@bellunopress.it","publisher":{"@id":"https:\/\/www.bellunopress.it\/#organization"},"potentialAction":[{"@type":"SearchAction","target":{"@type":"EntryPoint","urlTemplate":"https:\/\/www.bellunopress.it\/?s={search_term_string}"},"query-input":{"@type":"PropertyValueSpecification","valueRequired":true,"valueName":"search_term_string"}}],"inLanguage":"fr-FR"},{"@type":"Organization","@id":"https:\/\/www.bellunopress.it\/#organization","name":"Bellunopress","url":"https:\/\/www.bellunopress.it\/","logo":{"@type":"ImageObject","inLanguage":"fr-FR","@id":"https:\/\/www.bellunopress.it\/#\/schema\/logo\/image\/","url":"https:\/\/www.bellunopress.it\/wp-content\/uploads\/2011\/05\/cropped-logo-bellunopress-.jpg","contentUrl":"https:\/\/www.bellunopress.it\/wp-content\/uploads\/2011\/05\/cropped-logo-bellunopress-.jpg","width":512,"height":512,"caption":"Bellunopress"},"image":{"@id":"https:\/\/www.bellunopress.it\/#\/schema\/logo\/image\/"},"sameAs":["https:\/\/www.facebook.com\/profile.php?id=100008943462799","https:\/\/x.com\/bellunopress","https:\/\/www.linkedin.com\/hp\/?dnr=JBzUWaJfMUw8vbXJJ2tVW5-I3jZKvC4wsoxE&amp;amp;amp;amp;amp;amp;trk=nav_responsive_tab_home","https:\/\/www.youtube.com\/channel\/UCxL0wu1uN0_3_7hGG0306cw"]},{"@type":"Person","@id":"https:\/\/www.bellunopress.it\/#\/schema\/person\/79bb06722b37ece1c03d3e94beb30d73","name":"r\u00e9daction","image":{"@type":"ImageObject","inLanguage":"fr-FR","@id":"https:\/\/secure.gravatar.com\/avatar\/37d968a2e67a6fd04c169c4bdef102d0bc5d31b2546345219e348575eb80e9a0?s=96&d=mm&r=g","url":"https:\/\/secure.gravatar.com\/avatar\/37d968a2e67a6fd04c169c4bdef102d0bc5d31b2546345219e348575eb80e9a0?s=96&d=mm&r=g","contentUrl":"https:\/\/secure.gravatar.com\/avatar\/37d968a2e67a6fd04c169c4bdef102d0bc5d31b2546345219e348575eb80e9a0?s=96&d=mm&r=g","caption":"redazione"},"sameAs":["http:\/\/www.bellunopress.it","https:\/\/x.com\/bellunopress"],"url":"https:\/\/www.bellunopress.it\/fr\/author\/redazione\/"}]}},"_links":{"self":[{"href":"https:\/\/www.bellunopress.it\/fr\/wp-json\/wp\/v2\/posts\/162117","targetHints":{"allow":["GET"]}}],"collection":[{"href":"https:\/\/www.bellunopress.it\/fr\/wp-json\/wp\/v2\/posts"}],"about":[{"href":"https:\/\/www.bellunopress.it\/fr\/wp-json\/wp\/v2\/types\/post"}],"author":[{"embeddable":true,"href":"https:\/\/www.bellunopress.it\/fr\/wp-json\/wp\/v2\/users\/2"}],"replies":[{"embeddable":true,"href":"https:\/\/www.bellunopress.it\/fr\/wp-json\/wp\/v2\/comments?post=162117"}],"version-history":[{"count":1,"href":"https:\/\/www.bellunopress.it\/fr\/wp-json\/wp\/v2\/posts\/162117\/revisions"}],"predecessor-version":[{"id":162120,"href":"https:\/\/www.bellunopress.it\/fr\/wp-json\/wp\/v2\/posts\/162117\/revisions\/162120"}],"wp:featuredmedia":[{"embeddable":true,"href":"https:\/\/www.bellunopress.it\/fr\/wp-json\/wp\/v2\/media\/162118"}],"wp:attachment":[{"href":"https:\/\/www.bellunopress.it\/fr\/wp-json\/wp\/v2\/media?parent=162117"}],"wp:term":[{"taxonomy":"category","embeddable":true,"href":"https:\/\/www.bellunopress.it\/fr\/wp-json\/wp\/v2\/categories?post=162117"},{"taxonomy":"post_tag","embeddable":true,"href":"https:\/\/www.bellunopress.it\/fr\/wp-json\/wp\/v2\/tags?post=162117"}],"curies":[{"name":"wp","href":"https:\/\/api.w.org\/{rel}","templated":true}]}}