{"id":162112,"date":"2025-07-25T11:26:22","date_gmt":"2025-07-25T09:26:22","guid":{"rendered":"https:\/\/www.bellunopress.it\/?p=162112"},"modified":"2025-07-25T11:26:22","modified_gmt":"2025-07-25T09:26:22","slug":"borgo-valbelluna-assegnazioni-provvisorie-degli-impianti-sportivi-comunali-e-definite-le-procedure","status":"publish","type":"post","link":"https:\/\/www.bellunopress.it\/fr\/2025\/07\/25\/borgo-valbelluna-assegnazioni-provvisorie-degli-impianti-sportivi-comunali-e-definite-le-procedure\/","title":{"rendered":"Borgo Valbelluna: assegnazioni provvisorie degli impianti sportivi comunali e definite le procedure"},"content":{"rendered":"<figure id=\"attachment_131467\" aria-describedby=\"caption-attachment-131467\" style=\"width: 1000px\" class=\"wp-caption aligncenter\"><img loading=\"lazy\" decoding=\"async\" class=\"size-full wp-image-131467\" src=\"https:\/\/www.bellunopress.it\/wp-content\/uploads\/2022\/02\/Impianti-sportivi-di-Mel-Borgo-Valbelluna_edited.jpg\" alt=\"\" width=\"1000\" height=\"563\" srcset=\"https:\/\/www.bellunopress.it\/wp-content\/uploads\/2022\/02\/Impianti-sportivi-di-Mel-Borgo-Valbelluna_edited.jpg 1000w, https:\/\/www.bellunopress.it\/wp-content\/uploads\/2022\/02\/Impianti-sportivi-di-Mel-Borgo-Valbelluna_edited-500x282.jpg 500w, https:\/\/www.bellunopress.it\/wp-content\/uploads\/2022\/02\/Impianti-sportivi-di-Mel-Borgo-Valbelluna_edited-696x392.jpg 696w, https:\/\/www.bellunopress.it\/wp-content\/uploads\/2022\/02\/Impianti-sportivi-di-Mel-Borgo-Valbelluna_edited-746x420.jpg 746w\" sizes=\"auto, (max-width: 1000px) 100vw, 1000px\" \/><figcaption id=\"caption-attachment-131467\" class=\"wp-caption-text\">Impianti sportivi a Mel (Borgo Valbelluna)<\/figcaption><\/figure>\n<p>L\u2019Amministrazione comunale di Borgo Valbelluna ha concluso l\u2019iter per l\u2019assegnazione, in via provvisoria, delle gestioni dei principali impianti sportivi comunali, attraverso un bando pubblico che ha interessato tre strutture fondamentali del territorio: il campo in erba sintetica di Lentiai, il campo sportivo di Mel con annessa pista di atletica e il campo sportivo di Trichiana. La commissione incaricata ha esaminato in questi giorni tutte le proposte pervenute e ha individuato i soggetti affidatari, con l\u2019avvertenza che le assegnazioni diventeranno definitive solo dopo la verifica della documentazione e dei requisiti di affidamento previsti dal bando.<\/p>\n<p>Sono pervenute quattro offerte: due per il campo sportivo di Lentiai, una per gli impianti di Mel e uno per il campo da calcio di Trichiana. Di queste, due rispondevano ai requisiti tecnici del bando mentre altre due erano carenti sotto il profilo tecnico e quindi valutate non accoglibili dalla commissione tecnica.<\/p>\n<p>Il lavoro della commissione ha portato all\u2019aggiudicazione provvisoria del campo sintetico di Lentiai alla \u201cUSD Lentiai\u201d, storica societ\u00e0 che da oltre 60 anni rappresenta un punto di riferimento per il calcio locale.<br \/>\nA Mel la proposta selezionata \u00e8 quella della societ\u00e0 La Piave 2000, in accordo con il \u201cBorgo Valbelluna Calcio\u201d, per una gestione condivisa e funzionale del campo sportivo e della pista di atletica. Quest\u2019ultima, sulla quale l\u2019Amministrazione ha investito oltre 1 milione di euro, \u00e8<br \/>\noggi un\u2019eccellenza a livello provinciale, capace di ospitare allenamenti, manifestazioni sportive e attivit\u00e0 scolastiche.<br \/>\nPer quanto riguarda il campo sportivo di Trichiana, l\u2019Amministrazione Comunale sta ora valutando la possibilit\u00e0 di procedere con un affidamento diretto, nel rispetto della normativa vigente.<\/p>\n<figure id=\"attachment_151710\" aria-describedby=\"caption-attachment-151710\" style=\"width: 925px\" class=\"wp-caption aligncenter\"><img loading=\"lazy\" decoding=\"async\" class=\"size-full wp-image-151710\" src=\"https:\/\/www.bellunopress.it\/wp-content\/uploads\/2024\/06\/Hermann_Beninca-assessore.jpg\" alt=\"\" width=\"925\" height=\"1000\" srcset=\"https:\/\/www.bellunopress.it\/wp-content\/uploads\/2024\/06\/Hermann_Beninca-assessore.jpg 925w, https:\/\/www.bellunopress.it\/wp-content\/uploads\/2024\/06\/Hermann_Beninca-assessore-463x500.jpg 463w, https:\/\/www.bellunopress.it\/wp-content\/uploads\/2024\/06\/Hermann_Beninca-assessore-389x420.jpg 389w, https:\/\/www.bellunopress.it\/wp-content\/uploads\/2024\/06\/Hermann_Beninca-assessore-696x752.jpg 696w\" sizes=\"auto, (max-width: 925px) 100vw, 925px\" \/><figcaption id=\"caption-attachment-151710\" class=\"wp-caption-text\">Hermann Beninc\u00e0, assessore allo sport del Comune di Borgo Valbelluna<\/figcaption><\/figure>\n<p>\u201cCon la conclusione di questo bando \u2013 dichiara l\u2019assessore allo sport Hermann Beninc\u00e0 \u2013 abbiamo voluto portare chiarezza, trasparenza e regole certe nella gestione degli impianti sportivi del nostro comune. Abbiamo valutato con attenzione tutte le proposte pervenute, premiando qualit\u00e0 progettuale, capacit\u00e0 organizzativa e collaborazione tra le realt\u00e0 locali. Ora che tutte le assegnazioni sono state individuate, anche se in modo ancora provvisorio, mi auguro sinceramente che non ci siano pi\u00f9 motivi di tensione tra le diverse associazioni,<br \/>\nma che si possa lavorare tutti insieme con un obiettivo comune: sfruttare al massimo gli impianti sportivi a disposizione della comunit\u00e0, garantendo una gestione responsabile, continuativa e al servizio dei cittadini. Lo sport deve tornare a essere uno spazio di crescita, condivisione e inclusione\u201d.<\/p>\n<p>L\u2019Amministrazione comunale ribadisce cos\u00ec il proprio impegno concreto nei confronti dello sport, testimoniato da investimenti di diversi milioni di euro negli ultimi cinque anni per la realizzazione, l\u2019ammodernamento e il potenziamento delle strutture sportive su tutto il territorio. La convinzione \u00e8 che lo sport rappresenti un vero motore di benessere, educazione e coesione sociale, e che una gestione attenta e partecipata degli impianti<br \/>\nsia la chiave per costruire un futuro pi\u00f9 attivo, sano e unito per tutte le generazioni.<\/p>","protected":false},"excerpt":{"rendered":"<p>L\u2019Amministrazione comunale di Borgo Valbelluna ha concluso l\u2019iter per l\u2019assegnazione, in via provvisoria, delle gestioni dei principali impianti sportivi comunali, attraverso un bando pubblico che ha interessato tre strutture fondamentali del territorio: il campo in erba sintetica di Lentiai, il campo sportivo di Mel con annessa pista di atletica e il campo sportivo di Trichiana. [&hellip;]<\/p>\n","protected":false},"author":2,"featured_media":131467,"comment_status":"closed","ping_status":"open","sticky":false,"template":"","format":"standard","meta":{"footnotes":""},"categories":[26,8,4],"tags":[],"class_list":["post-162112","post","type-post","status-publish","format-standard","has-post-thumbnail","category-prima-pagina","category-societa-istituzioni","category-sport"],"yoast_head":"<!-- This site is optimized with the Yoast SEO plugin v28.4 - https:\/\/yoast.com\/product\/yoast-seo-wordpress\/ -->\n<title>Borgo Valbelluna: assegnazioni provvisorie degli impianti sportivi comunali e definite le procedure - Bellunopress - Dolomiti<\/title>\n<meta name=\"robots\" content=\"index, follow, max-snippet:-1, max-image-preview:large, max-video-preview:-1\" \/>\n<link rel=\"canonical\" href=\"https:\/\/www.bellunopress.it\/fr\/2025\/07\/25\/borgo-valbelluna-assegnazioni-provvisorie-degli-impianti-sportivi-comunali-e-definite-le-procedure\/\" \/>\n<meta property=\"og:locale\" content=\"fr_FR\" \/>\n<meta property=\"og:type\" content=\"article\" \/>\n<meta property=\"og:title\" content=\"Borgo Valbelluna: assegnazioni provvisorie degli impianti sportivi comunali e definite le procedure - Bellunopress - Dolomiti\" \/>\n<meta property=\"og:description\" content=\"L\u2019Amministrazione comunale di Borgo Valbelluna ha concluso l\u2019iter per l\u2019assegnazione, in via provvisoria, delle gestioni dei principali impianti sportivi comunali, attraverso un bando pubblico che ha interessato tre strutture fondamentali del territorio: il campo in erba sintetica di Lentiai, il campo sportivo di Mel con annessa pista di atletica e il campo sportivo di Trichiana. [&hellip;]\" \/>\n<meta property=\"og:url\" content=\"https:\/\/www.bellunopress.it\/fr\/2025\/07\/25\/borgo-valbelluna-assegnazioni-provvisorie-degli-impianti-sportivi-comunali-e-definite-le-procedure\/\" \/>\n<meta property=\"og:site_name\" content=\"Bellunopress - Dolomiti\" \/>\n<meta property=\"article:publisher\" content=\"https:\/\/www.facebook.com\/profile.php?id=100008943462799\" \/>\n<meta property=\"article:published_time\" content=\"2025-07-25T09:26:22+00:00\" \/>\n<meta property=\"og:image\" content=\"https:\/\/www.bellunopress.it\/wp-content\/uploads\/2022\/02\/Impianti-sportivi-di-Mel-Borgo-Valbelluna_edited.jpg\" \/>\n\t<meta property=\"og:image:width\" content=\"1000\" \/>\n\t<meta property=\"og:image:height\" content=\"563\" \/>\n\t<meta property=\"og:image:type\" content=\"image\/jpeg\" \/>\n<meta name=\"author\" content=\"redazione\" \/>\n<meta name=\"twitter:card\" content=\"summary_large_image\" \/>\n<meta name=\"twitter:creator\" content=\"@bellunopress\" \/>\n<meta name=\"twitter:site\" content=\"@bellunopress\" \/>\n<meta name=\"twitter:label1\" content=\"\u00c9crit par\" \/>\n\t<meta name=\"twitter:data1\" content=\"redazione\" \/>\n\t<meta name=\"twitter:label2\" content=\"Dur\u00e9e de lecture estim\u00e9e\" \/>\n\t<meta name=\"twitter:data2\" content=\"2 minutes\" \/>\n<script type=\"application\/ld+json\" class=\"yoast-schema-graph\">{\"@context\":\"https:\\\/\\\/schema.org\",\"@graph\":[{\"@type\":\"Article\",\"@id\":\"https:\\\/\\\/www.bellunopress.it\\\/2025\\\/07\\\/25\\\/borgo-valbelluna-assegnazioni-provvisorie-degli-impianti-sportivi-comunali-e-definite-le-procedure\\\/#article\",\"isPartOf\":{\"@id\":\"https:\\\/\\\/www.bellunopress.it\\\/2025\\\/07\\\/25\\\/borgo-valbelluna-assegnazioni-provvisorie-degli-impianti-sportivi-comunali-e-definite-le-procedure\\\/\"},\"author\":{\"name\":\"redazione\",\"@id\":\"https:\\\/\\\/www.bellunopress.it\\\/#\\\/schema\\\/person\\\/79bb06722b37ece1c03d3e94beb30d73\"},\"headline\":\"Borgo Valbelluna: assegnazioni provvisorie degli impianti sportivi comunali e definite le procedure\",\"datePublished\":\"2025-07-25T09:26:22+00:00\",\"mainEntityOfPage\":{\"@id\":\"https:\\\/\\\/www.bellunopress.it\\\/2025\\\/07\\\/25\\\/borgo-valbelluna-assegnazioni-provvisorie-degli-impianti-sportivi-comunali-e-definite-le-procedure\\\/\"},\"wordCount\":510,\"publisher\":{\"@id\":\"https:\\\/\\\/www.bellunopress.it\\\/#organization\"},\"image\":{\"@id\":\"https:\\\/\\\/www.bellunopress.it\\\/2025\\\/07\\\/25\\\/borgo-valbelluna-assegnazioni-provvisorie-degli-impianti-sportivi-comunali-e-definite-le-procedure\\\/#primaryimage\"},\"thumbnailUrl\":\"https:\\\/\\\/www.bellunopress.it\\\/wp-content\\\/uploads\\\/2022\\\/02\\\/Impianti-sportivi-di-Mel-Borgo-Valbelluna_edited.jpg\",\"articleSection\":[\"Prima Pagina\",\"Societ\u00e0, Associazioni, Istituzioni\",\"Sport, tempo libero\"],\"inLanguage\":\"fr-FR\"},{\"@type\":\"WebPage\",\"@id\":\"https:\\\/\\\/www.bellunopress.it\\\/2025\\\/07\\\/25\\\/borgo-valbelluna-assegnazioni-provvisorie-degli-impianti-sportivi-comunali-e-definite-le-procedure\\\/\",\"url\":\"https:\\\/\\\/www.bellunopress.it\\\/2025\\\/07\\\/25\\\/borgo-valbelluna-assegnazioni-provvisorie-degli-impianti-sportivi-comunali-e-definite-le-procedure\\\/\",\"name\":\"Borgo Valbelluna: assegnazioni provvisorie degli impianti sportivi comunali e definite le procedure - Bellunopress - Dolomiti\",\"isPartOf\":{\"@id\":\"https:\\\/\\\/www.bellunopress.it\\\/#website\"},\"primaryImageOfPage\":{\"@id\":\"https:\\\/\\\/www.bellunopress.it\\\/2025\\\/07\\\/25\\\/borgo-valbelluna-assegnazioni-provvisorie-degli-impianti-sportivi-comunali-e-definite-le-procedure\\\/#primaryimage\"},\"image\":{\"@id\":\"https:\\\/\\\/www.bellunopress.it\\\/2025\\\/07\\\/25\\\/borgo-valbelluna-assegnazioni-provvisorie-degli-impianti-sportivi-comunali-e-definite-le-procedure\\\/#primaryimage\"},\"thumbnailUrl\":\"https:\\\/\\\/www.bellunopress.it\\\/wp-content\\\/uploads\\\/2022\\\/02\\\/Impianti-sportivi-di-Mel-Borgo-Valbelluna_edited.jpg\",\"datePublished\":\"2025-07-25T09:26:22+00:00\",\"breadcrumb\":{\"@id\":\"https:\\\/\\\/www.bellunopress.it\\\/2025\\\/07\\\/25\\\/borgo-valbelluna-assegnazioni-provvisorie-degli-impianti-sportivi-comunali-e-definite-le-procedure\\\/#breadcrumb\"},\"inLanguage\":\"fr-FR\",\"potentialAction\":[{\"@type\":\"ReadAction\",\"target\":[\"https:\\\/\\\/www.bellunopress.it\\\/2025\\\/07\\\/25\\\/borgo-valbelluna-assegnazioni-provvisorie-degli-impianti-sportivi-comunali-e-definite-le-procedure\\\/\"]}]},{\"@type\":\"ImageObject\",\"inLanguage\":\"fr-FR\",\"@id\":\"https:\\\/\\\/www.bellunopress.it\\\/2025\\\/07\\\/25\\\/borgo-valbelluna-assegnazioni-provvisorie-degli-impianti-sportivi-comunali-e-definite-le-procedure\\\/#primaryimage\",\"url\":\"https:\\\/\\\/www.bellunopress.it\\\/wp-content\\\/uploads\\\/2022\\\/02\\\/Impianti-sportivi-di-Mel-Borgo-Valbelluna_edited.jpg\",\"contentUrl\":\"https:\\\/\\\/www.bellunopress.it\\\/wp-content\\\/uploads\\\/2022\\\/02\\\/Impianti-sportivi-di-Mel-Borgo-Valbelluna_edited.jpg\",\"width\":1000,\"height\":563,\"caption\":\"Impianti sportivi a Mel (Borgo Valbelluna)\"},{\"@type\":\"BreadcrumbList\",\"@id\":\"https:\\\/\\\/www.bellunopress.it\\\/2025\\\/07\\\/25\\\/borgo-valbelluna-assegnazioni-provvisorie-degli-impianti-sportivi-comunali-e-definite-le-procedure\\\/#breadcrumb\",\"itemListElement\":[{\"@type\":\"ListItem\",\"position\":1,\"name\":\"Home\",\"item\":\"https:\\\/\\\/www.bellunopress.it\\\/\"},{\"@type\":\"ListItem\",\"position\":2,\"name\":\"Borgo Valbelluna: assegnazioni provvisorie degli impianti sportivi comunali e definite le procedure\"}]},{\"@type\":\"WebSite\",\"@id\":\"https:\\\/\\\/www.bellunopress.it\\\/#website\",\"url\":\"https:\\\/\\\/www.bellunopress.it\\\/\",\"name\":\"Bellunopress - Dolomiti\",\"description\":\"e-mail: redazione@bellunopress.it\",\"publisher\":{\"@id\":\"https:\\\/\\\/www.bellunopress.it\\\/#organization\"},\"potentialAction\":[{\"@type\":\"SearchAction\",\"target\":{\"@type\":\"EntryPoint\",\"urlTemplate\":\"https:\\\/\\\/www.bellunopress.it\\\/?s={search_term_string}\"},\"query-input\":{\"@type\":\"PropertyValueSpecification\",\"valueRequired\":true,\"valueName\":\"search_term_string\"}}],\"inLanguage\":\"fr-FR\"},{\"@type\":\"Organization\",\"@id\":\"https:\\\/\\\/www.bellunopress.it\\\/#organization\",\"name\":\"Bellunopress\",\"url\":\"https:\\\/\\\/www.bellunopress.it\\\/\",\"logo\":{\"@type\":\"ImageObject\",\"inLanguage\":\"fr-FR\",\"@id\":\"https:\\\/\\\/www.bellunopress.it\\\/#\\\/schema\\\/logo\\\/image\\\/\",\"url\":\"https:\\\/\\\/www.bellunopress.it\\\/wp-content\\\/uploads\\\/2011\\\/05\\\/cropped-logo-bellunopress-.jpg\",\"contentUrl\":\"https:\\\/\\\/www.bellunopress.it\\\/wp-content\\\/uploads\\\/2011\\\/05\\\/cropped-logo-bellunopress-.jpg\",\"width\":512,\"height\":512,\"caption\":\"Bellunopress\"},\"image\":{\"@id\":\"https:\\\/\\\/www.bellunopress.it\\\/#\\\/schema\\\/logo\\\/image\\\/\"},\"sameAs\":[\"https:\\\/\\\/www.facebook.com\\\/profile.php?id=100008943462799\",\"https:\\\/\\\/x.com\\\/bellunopress\",\"https:\\\/\\\/www.linkedin.com\\\/hp\\\/?dnr=JBzUWaJfMUw8vbXJJ2tVW5-I3jZKvC4wsoxE&amp;amp;amp;amp;amp;amp;trk=nav_responsive_tab_home\",\"https:\\\/\\\/www.youtube.com\\\/channel\\\/UCxL0wu1uN0_3_7hGG0306cw\"]},{\"@type\":\"Person\",\"@id\":\"https:\\\/\\\/www.bellunopress.it\\\/#\\\/schema\\\/person\\\/79bb06722b37ece1c03d3e94beb30d73\",\"name\":\"redazione\",\"image\":{\"@type\":\"ImageObject\",\"inLanguage\":\"fr-FR\",\"@id\":\"https:\\\/\\\/secure.gravatar.com\\\/avatar\\\/37d968a2e67a6fd04c169c4bdef102d0bc5d31b2546345219e348575eb80e9a0?s=96&d=mm&r=g\",\"url\":\"https:\\\/\\\/secure.gravatar.com\\\/avatar\\\/37d968a2e67a6fd04c169c4bdef102d0bc5d31b2546345219e348575eb80e9a0?s=96&d=mm&r=g\",\"contentUrl\":\"https:\\\/\\\/secure.gravatar.com\\\/avatar\\\/37d968a2e67a6fd04c169c4bdef102d0bc5d31b2546345219e348575eb80e9a0?s=96&d=mm&r=g\",\"caption\":\"redazione\"},\"sameAs\":[\"http:\\\/\\\/www.bellunopress.it\",\"https:\\\/\\\/x.com\\\/bellunopress\"],\"url\":\"https:\\\/\\\/www.bellunopress.it\\\/fr\\\/author\\\/redazione\\\/\"}]}<\/script>\n<!-- \/ Yoast SEO plugin. -->","yoast_head_json":{"title":"Borgo Valbelluna: assegnazioni provvisorie degli impianti sportivi comunali e definite le procedure - Bellunopress - Dolomiti","robots":{"index":"index","follow":"follow","max-snippet":"max-snippet:-1","max-image-preview":"max-image-preview:large","max-video-preview":"max-video-preview:-1"},"canonical":"https:\/\/www.bellunopress.it\/fr\/2025\/07\/25\/borgo-valbelluna-assegnazioni-provvisorie-degli-impianti-sportivi-comunali-e-definite-le-procedure\/","og_locale":"fr_FR","og_type":"article","og_title":"Borgo Valbelluna: assegnazioni provvisorie degli impianti sportivi comunali e definite le procedure - Bellunopress - Dolomiti","og_description":"L\u2019Amministrazione comunale di Borgo Valbelluna ha concluso l\u2019iter per l\u2019assegnazione, in via provvisoria, delle gestioni dei principali impianti sportivi comunali, attraverso un bando pubblico che ha interessato tre strutture fondamentali del territorio: il campo in erba sintetica di Lentiai, il campo sportivo di Mel con annessa pista di atletica e il campo sportivo di Trichiana. [&hellip;]","og_url":"https:\/\/www.bellunopress.it\/fr\/2025\/07\/25\/borgo-valbelluna-assegnazioni-provvisorie-degli-impianti-sportivi-comunali-e-definite-le-procedure\/","og_site_name":"Bellunopress - Dolomiti","article_publisher":"https:\/\/www.facebook.com\/profile.php?id=100008943462799","article_published_time":"2025-07-25T09:26:22+00:00","og_image":[{"width":1000,"height":563,"url":"https:\/\/www.bellunopress.it\/wp-content\/uploads\/2022\/02\/Impianti-sportivi-di-Mel-Borgo-Valbelluna_edited.jpg","type":"image\/jpeg"}],"author":"redazione","twitter_card":"summary_large_image","twitter_creator":"@bellunopress","twitter_site":"@bellunopress","twitter_misc":{"\u00c9crit par":"redazione","Dur\u00e9e de lecture estim\u00e9e":"2 minutes"},"schema":{"@context":"https:\/\/schema.org","@graph":[{"@type":"Article","@id":"https:\/\/www.bellunopress.it\/2025\/07\/25\/borgo-valbelluna-assegnazioni-provvisorie-degli-impianti-sportivi-comunali-e-definite-le-procedure\/#article","isPartOf":{"@id":"https:\/\/www.bellunopress.it\/2025\/07\/25\/borgo-valbelluna-assegnazioni-provvisorie-degli-impianti-sportivi-comunali-e-definite-le-procedure\/"},"author":{"name":"redazione","@id":"https:\/\/www.bellunopress.it\/#\/schema\/person\/79bb06722b37ece1c03d3e94beb30d73"},"headline":"Borgo Valbelluna: assegnazioni provvisorie degli impianti sportivi comunali e definite le procedure","datePublished":"2025-07-25T09:26:22+00:00","mainEntityOfPage":{"@id":"https:\/\/www.bellunopress.it\/2025\/07\/25\/borgo-valbelluna-assegnazioni-provvisorie-degli-impianti-sportivi-comunali-e-definite-le-procedure\/"},"wordCount":510,"publisher":{"@id":"https:\/\/www.bellunopress.it\/#organization"},"image":{"@id":"https:\/\/www.bellunopress.it\/2025\/07\/25\/borgo-valbelluna-assegnazioni-provvisorie-degli-impianti-sportivi-comunali-e-definite-le-procedure\/#primaryimage"},"thumbnailUrl":"https:\/\/www.bellunopress.it\/wp-content\/uploads\/2022\/02\/Impianti-sportivi-di-Mel-Borgo-Valbelluna_edited.jpg","articleSection":["Prima Pagina","Societ\u00e0, Associazioni, Istituzioni","Sport, tempo libero"],"inLanguage":"fr-FR"},{"@type":"WebPage","@id":"https:\/\/www.bellunopress.it\/2025\/07\/25\/borgo-valbelluna-assegnazioni-provvisorie-degli-impianti-sportivi-comunali-e-definite-le-procedure\/","url":"https:\/\/www.bellunopress.it\/2025\/07\/25\/borgo-valbelluna-assegnazioni-provvisorie-degli-impianti-sportivi-comunali-e-definite-le-procedure\/","name":"Borgo Valbelluna: assegnazioni provvisorie degli impianti sportivi comunali e definite le procedure - Bellunopress - Dolomiti","isPartOf":{"@id":"https:\/\/www.bellunopress.it\/#website"},"primaryImageOfPage":{"@id":"https:\/\/www.bellunopress.it\/2025\/07\/25\/borgo-valbelluna-assegnazioni-provvisorie-degli-impianti-sportivi-comunali-e-definite-le-procedure\/#primaryimage"},"image":{"@id":"https:\/\/www.bellunopress.it\/2025\/07\/25\/borgo-valbelluna-assegnazioni-provvisorie-degli-impianti-sportivi-comunali-e-definite-le-procedure\/#primaryimage"},"thumbnailUrl":"https:\/\/www.bellunopress.it\/wp-content\/uploads\/2022\/02\/Impianti-sportivi-di-Mel-Borgo-Valbelluna_edited.jpg","datePublished":"2025-07-25T09:26:22+00:00","breadcrumb":{"@id":"https:\/\/www.bellunopress.it\/2025\/07\/25\/borgo-valbelluna-assegnazioni-provvisorie-degli-impianti-sportivi-comunali-e-definite-le-procedure\/#breadcrumb"},"inLanguage":"fr-FR","potentialAction":[{"@type":"ReadAction","target":["https:\/\/www.bellunopress.it\/2025\/07\/25\/borgo-valbelluna-assegnazioni-provvisorie-degli-impianti-sportivi-comunali-e-definite-le-procedure\/"]}]},{"@type":"ImageObject","inLanguage":"fr-FR","@id":"https:\/\/www.bellunopress.it\/2025\/07\/25\/borgo-valbelluna-assegnazioni-provvisorie-degli-impianti-sportivi-comunali-e-definite-le-procedure\/#primaryimage","url":"https:\/\/www.bellunopress.it\/wp-content\/uploads\/2022\/02\/Impianti-sportivi-di-Mel-Borgo-Valbelluna_edited.jpg","contentUrl":"https:\/\/www.bellunopress.it\/wp-content\/uploads\/2022\/02\/Impianti-sportivi-di-Mel-Borgo-Valbelluna_edited.jpg","width":1000,"height":563,"caption":"Impianti sportivi a Mel (Borgo Valbelluna)"},{"@type":"BreadcrumbList","@id":"https:\/\/www.bellunopress.it\/2025\/07\/25\/borgo-valbelluna-assegnazioni-provvisorie-degli-impianti-sportivi-comunali-e-definite-le-procedure\/#breadcrumb","itemListElement":[{"@type":"ListItem","position":1,"name":"Home","item":"https:\/\/www.bellunopress.it\/"},{"@type":"ListItem","position":2,"name":"Borgo Valbelluna: assegnazioni provvisorie degli impianti sportivi comunali e definite le procedure"}]},{"@type":"WebSite","@id":"https:\/\/www.bellunopress.it\/#website","url":"https:\/\/www.bellunopress.it\/","name":"Bellunopress - Dolomiti","description":"e-mail: redazione@bellunopress.it","publisher":{"@id":"https:\/\/www.bellunopress.it\/#organization"},"potentialAction":[{"@type":"SearchAction","target":{"@type":"EntryPoint","urlTemplate":"https:\/\/www.bellunopress.it\/?s={search_term_string}"},"query-input":{"@type":"PropertyValueSpecification","valueRequired":true,"valueName":"search_term_string"}}],"inLanguage":"fr-FR"},{"@type":"Organization","@id":"https:\/\/www.bellunopress.it\/#organization","name":"Bellunopress","url":"https:\/\/www.bellunopress.it\/","logo":{"@type":"ImageObject","inLanguage":"fr-FR","@id":"https:\/\/www.bellunopress.it\/#\/schema\/logo\/image\/","url":"https:\/\/www.bellunopress.it\/wp-content\/uploads\/2011\/05\/cropped-logo-bellunopress-.jpg","contentUrl":"https:\/\/www.bellunopress.it\/wp-content\/uploads\/2011\/05\/cropped-logo-bellunopress-.jpg","width":512,"height":512,"caption":"Bellunopress"},"image":{"@id":"https:\/\/www.bellunopress.it\/#\/schema\/logo\/image\/"},"sameAs":["https:\/\/www.facebook.com\/profile.php?id=100008943462799","https:\/\/x.com\/bellunopress","https:\/\/www.linkedin.com\/hp\/?dnr=JBzUWaJfMUw8vbXJJ2tVW5-I3jZKvC4wsoxE&amp;amp;amp;amp;amp;amp;trk=nav_responsive_tab_home","https:\/\/www.youtube.com\/channel\/UCxL0wu1uN0_3_7hGG0306cw"]},{"@type":"Person","@id":"https:\/\/www.bellunopress.it\/#\/schema\/person\/79bb06722b37ece1c03d3e94beb30d73","name":"r\u00e9daction","image":{"@type":"ImageObject","inLanguage":"fr-FR","@id":"https:\/\/secure.gravatar.com\/avatar\/37d968a2e67a6fd04c169c4bdef102d0bc5d31b2546345219e348575eb80e9a0?s=96&d=mm&r=g","url":"https:\/\/secure.gravatar.com\/avatar\/37d968a2e67a6fd04c169c4bdef102d0bc5d31b2546345219e348575eb80e9a0?s=96&d=mm&r=g","contentUrl":"https:\/\/secure.gravatar.com\/avatar\/37d968a2e67a6fd04c169c4bdef102d0bc5d31b2546345219e348575eb80e9a0?s=96&d=mm&r=g","caption":"redazione"},"sameAs":["http:\/\/www.bellunopress.it","https:\/\/x.com\/bellunopress"],"url":"https:\/\/www.bellunopress.it\/fr\/author\/redazione\/"}]}},"_links":{"self":[{"href":"https:\/\/www.bellunopress.it\/fr\/wp-json\/wp\/v2\/posts\/162112","targetHints":{"allow":["GET"]}}],"collection":[{"href":"https:\/\/www.bellunopress.it\/fr\/wp-json\/wp\/v2\/posts"}],"about":[{"href":"https:\/\/www.bellunopress.it\/fr\/wp-json\/wp\/v2\/types\/post"}],"author":[{"embeddable":true,"href":"https:\/\/www.bellunopress.it\/fr\/wp-json\/wp\/v2\/users\/2"}],"replies":[{"embeddable":true,"href":"https:\/\/www.bellunopress.it\/fr\/wp-json\/wp\/v2\/comments?post=162112"}],"version-history":[{"count":1,"href":"https:\/\/www.bellunopress.it\/fr\/wp-json\/wp\/v2\/posts\/162112\/revisions"}],"predecessor-version":[{"id":162113,"href":"https:\/\/www.bellunopress.it\/fr\/wp-json\/wp\/v2\/posts\/162112\/revisions\/162113"}],"wp:featuredmedia":[{"embeddable":true,"href":"https:\/\/www.bellunopress.it\/fr\/wp-json\/wp\/v2\/media\/131467"}],"wp:attachment":[{"href":"https:\/\/www.bellunopress.it\/fr\/wp-json\/wp\/v2\/media?parent=162112"}],"wp:term":[{"taxonomy":"category","embeddable":true,"href":"https:\/\/www.bellunopress.it\/fr\/wp-json\/wp\/v2\/categories?post=162112"},{"taxonomy":"post_tag","embeddable":true,"href":"https:\/\/www.bellunopress.it\/fr\/wp-json\/wp\/v2\/tags?post=162112"}],"curies":[{"name":"wp","href":"https:\/\/api.w.org\/{rel}","templated":true}]}}