{"id":162106,"date":"2025-07-25T10:59:56","date_gmt":"2025-07-25T08:59:56","guid":{"rendered":"https:\/\/www.bellunopress.it\/?p=162106"},"modified":"2025-07-25T10:59:56","modified_gmt":"2025-07-25T08:59:56","slug":"sedico-inaugurato-a-villa-zuppani-il-centro-di-recupero-animali-selvatici-della-provincia-cras","status":"publish","type":"post","link":"https:\/\/www.bellunopress.it\/fr\/2025\/07\/25\/sedico-inaugurato-a-villa-zuppani-il-centro-di-recupero-animali-selvatici-della-provincia-cras\/","title":{"rendered":"Sedico. Inaugurato a Villa Zuppani il Centro di recupero animali selvatici della Provincia (CRAS)"},"content":{"rendered":"<figure id=\"attachment_162107\" aria-describedby=\"caption-attachment-162107\" style=\"width: 800px\" class=\"wp-caption aligncenter\"><img loading=\"lazy\" decoding=\"async\" class=\"size-full wp-image-162107\" src=\"https:\/\/www.bellunopress.it\/wp-content\/uploads\/2025\/07\/inaugurazione-Cras-Villa-Zuppani-Sedico.jpg\" alt=\"\" width=\"800\" height=\"450\" srcset=\"https:\/\/www.bellunopress.it\/wp-content\/uploads\/2025\/07\/inaugurazione-Cras-Villa-Zuppani-Sedico.jpg 800w, https:\/\/www.bellunopress.it\/wp-content\/uploads\/2025\/07\/inaugurazione-Cras-Villa-Zuppani-Sedico-500x281.jpg 500w, https:\/\/www.bellunopress.it\/wp-content\/uploads\/2025\/07\/inaugurazione-Cras-Villa-Zuppani-Sedico-747x420.jpg 747w, https:\/\/www.bellunopress.it\/wp-content\/uploads\/2025\/07\/inaugurazione-Cras-Villa-Zuppani-Sedico-696x392.jpg 696w\" sizes=\"auto, (max-width: 800px) 100vw, 800px\" \/><figcaption id=\"caption-attachment-162107\" class=\"wp-caption-text\">Il presidente della Provincia Roberto Padrin all&#8217;inaugurazione del Cras Villa Zuppani di Sedico<\/figcaption><\/figure>\n<p>Sedico, 25 luglio 2025 &#8211; E&#8217; stato inaugurato ieri a Villa Zuppani in via Pasa a Sedico il Cras, Centro di recupero animali selvatici della Provincia di Belluno. La struttura \u00e8 attiva dal 1\u00b0 gennaio 2025. A seguito dell\u2019accordo di collaborazione di cui alla DGR n\u00b0 501 del 6 maggio 2024, durante la seconda met\u00e0 dell\u2019anno 2024, sono iniziati i lavori di manutenzione ordinaria necessari a ripristinare il Cras che risultava inattivo da circa 6 anni. I lavori sono stati effettuati direttamente dall\u2019Agenzia veneta per l\u2019Innovazione nel settore primario con il supporto di alcune ditte specializzate. I lavori hanno avuto come oggetto alcune manutenzioni e ripristini delle strutture presenti presso il sito di Villa Zuppani. In particolare si sono rese funzionali le recinzioni, le voliere, le palizzate in legno, la struttura adibita a magazzino\/deposito. Si \u00e8 proceduto inoltre al completo recupero delle aree verdi e delle aree boscate.<br \/>\nIl finanziamento relativo all\u2019annualit\u00e0 2024 \u00e8 stato puntualmente rendicontato alla Regione del Veneto, come di seguito specificato:<br \/>\nConvenzione Provincia di Treviso per custodia fauna selvatica in difficolt\u00e0, \u20ac 4.800,00<br \/>\nRipristino utenze Cras Villa Zuppani, \u20ac 1.065,67<br \/>\nMessa a norma impianto idraulico ed elettrico, \u20ac 10.000,00<br \/>\nManutenzione ordinaria fabbricati, \u20ac 9.109,74<br \/>\nContributo all\u2019Agenzia veneta per l\u2019Innovazione nel settore primario per lavori di manutenzione ordinaria Cras, \u20ac 20.200,00<br \/>\nFornitura tabelle e reti, \u20ac 2217,96<br \/>\nMateriale per recupero fauna selvatica \u20ac 9.582,04<br \/>\nImposte e bolli, \u20ac 65,00<br \/>\nTotale impegni per Cras anno 2024 \u20ac 57.040,41 (di cui \u20ac 50.000,00 a carico Regione del Veneto e \u20ac 7.040,41 a carico Provincia di Belluno)<\/p>\n<p>Dal 01 gennaio 2025 le attivit\u00e0 di ricovero e recupero della fauna in difficolt\u00e0 sono svolte, per la Provincia di Belluno, presso il Cras di \u201cVilla Zuppani\u201d. Nella fase di primo avvio prosegue la collaborazione con il Cras di Treviso anche allo scopo di acquisire il know how gestionale: nei primi mesi del 2025 sono stati conferiti al Cras di Treviso 10 esemplari di volatili.<br \/>\nIl Cras di \u201cVilla Zuppani\u201d, nel corso del 2025 (al 24 luglio), ha preso in carico 87 esemplari, di questi 24 sono stati gi\u00e0 liberati.<br \/>\nIn materia di ungulati invece, nello stesso periodo, sono stati soccorsi e presi in carico sei capi giovani.<\/p>\n<p><strong>I Cras<\/strong><\/p>\n<p>I centri di recupero per la fauna selvatica hanno l&#8217;obiettivo primario di curare e recuperare gli animali trovati feriti o in difficolt\u00e0 e restituirli alla libert\u00e0; questo contributo alla conservazione della fauna pu\u00f2 essere rilevante in particolare per individui appartenenti a specie di alto valore ecologico e naturalistico.<\/p>\n<p>In seguito, quando viene completato il percorso di recupero, l&#8217;animale viene nuovamente liberato in natura, se possibile nella stessa zona in cui \u00e8 stato recuperato.<\/p>\n<p>Se invece l&#8217;animale non pu\u00f2 pi\u00f9 tornare in libert\u00e0, viene tenuto presso il CRAS o destinato ad altri centri di recupero.<\/p>\n<p>Le principali attivit\u00e0 legate al recupero della fauna selvatica sono:<\/p>\n<p>\u2022 le attivit\u00e0 di recupero del selvatico sull\u2019intero territorio provinciale che, in base alla normativa vigente, sono di competenza del Corpo di Polizia Provinciale;<\/p>\n<p>\u2022 le attivit\u00e0 di cura e recupero del selvatico presso la struttura del CRAS di Villa Zuppani che sono delegate alla struttura dell\u2019Agenzia Veneta per l\u2019Innovazione nel Settore Primario.<\/p>\n<p><strong>Attivit\u00e0 di recupero della fauna selvatica<\/strong><\/p>\n<p>In base alla normativa vigente, gli animali selvatici in difficolt\u00e0 (ad esempio perch\u00e9 feriti o debilitati) vengono presi in carico dagli agenti del Corpo di Polizia Provinciale.<br \/>\nAttualmente, in Provincia di Belluno, il Corpo di Polizia Provinciale \u00e8 composto da 27 unit\u00e0, una con mansioni amministrative, un comandante, un vice comandante, due ufficiali, un tecnico e 21 fra istruttori ed agenti.<\/p>\n<p>Indicazioni operative della Polizia Provinciale in merito al recupero della fauna selvatica in difficolt\u00e0 o in caso di incidente stradale.<\/p>\n<p>Il servizio svolto dalla Polizia Provinciale, nell\u2019arco della settimana, per il recupero della fauna selvatica morta o in difficolt\u00e0, in particolare nei casi di incidenti stradali, si svolge con le seguenti modalit\u00e0.<br \/>\nNelle ore diurne negli orari previsti del centralino del CPP al numero 0437-959227:<br \/>\ndal luned\u00ec al venerd\u00ec dalle 08,30 alle 12,30;<br \/>\nil marted\u00ec e gioved\u00ec dalle 15,00 alle 17,00.<br \/>\nI giorni dal luned\u00ec al venerd\u00ec almeno una pattuglia del CPP \u00e8 presente sul territorio provinciale ed \u00e8 contattabile da tutte le forze dell\u2019ordine, con i seguenti orari:<br \/>\n6.00-12.00 e 13.00-19.00<br \/>\nIl sabato e la domenica il servizio \u00e8 garantito dalle 06,30 alle 12,30, una delle pattuglie individuata tra quelle in servizio fornisce a tutti i numeri di emergenza ( 112, 113, 115,118) il numero di cellulare di servizio per eventuali recuperi.<br \/>\nIn altri orari, se si tratta di un&#8217;urgenza, si possono chiamare le altre forze dell\u2019ordine, che si metteranno in contatto con il personale provinciale reperibile pi\u00f9 vicino.<\/p>\n<p>Nelle varie fattispecie di recupero, gli agenti seguono il protocollo operativo per gli interventi su fauna selvatica (ungulati) in difficolt\u00e0 a tutela del benessere animale ( atto del presidente n. 158 del 20\/10\/2021), consegnando l\u2019eventuale carcassa del selvatico alla Riserva Alpina di Caccia come previsto l\u2019art. 10 \u201cdestinazione della fauna selvatica\u201d al comma 2 del Regolamento Provinciale per la disciplina della caccia nelle Riserve Alpine della Provincia di Belluno approvato con delibera Consiglio Provinciale n. 52\/461 del 06 maggio 1994 modificato con D.C.P. n. 7 del 26\/02\/2019.<\/p>\n<p>Se il selvatico non fa parte delle specie indicate nel protocollo operativo e le condizioni sanitarie lo permettono lo stesso viene conferiti presso il CRAS di Sedico dopo il parere del veterinario convenzionato.<\/p>\n<p><strong>La collaborazione con il mondo venatorio<\/strong><\/p>\n<p>L\u2019art. 19 della L. n. 157\/92, che consente alle regioni il controllo delle specie di fauna selvatica anche nelle zone vietate alla caccia e nei giorni di silenzio venatorio e nei periodi di divieto, con la recente modifica, ha introdotto anche la \u2026 tutela della pubblica incolumit\u00e0 e della sicurezza stradale..<br \/>\nConsideriamo che il suddetto art. 19 della L. n. 157\/92 prevede altres\u00ec che le attivit\u00e0 di controllo non costituiscono attivit\u00e0 venatoria e possono essere svolte dai cacciatori iscritti nei comprensori alpini delle aree interessate, previa frequenza di corsi di formazione autorizzati dagli organi competenti a livello regionale e sono coordinati dagli agenti dei corpi di polizia provinciale.<br \/>\nLa Provincia di Belluno ha sviluppato una collaborazione con le RAC al fine di consentire il recupero degli ungulati in difficolt\u00e0 da personale formato e facente parte delle Riserve alpine di caccia territorialmente competenti, i quali devono aver superato un corso che fornisce disposizioni precise in merito alle modalit\u00e0 di intervento. Questi operatori intervengono solo nei casi di ungulati che fanno parte delle specie cacciabili, non intervengono quindi su tutte le altre specie.<\/p>\n<p><strong>Le attivit\u00e0 di cura e recupero del Cras Villa Zuppani<\/strong><\/p>\n<p>Con la DGR n\u00b0 501 del 06\/05\/2024 la Regione del Veneto ha approvato l\u2019Accordo di collaborazione con la Provincia di Belluno e l\u2019Agenzia veneta per l\u2019innovazione nel settore primario per la realizzazione e la gestione di un centro di recupero della fauna selvatica in difficolt\u00e0 nel territorio provinciale di Belluno.<br \/>\nQuesto accordo prevede che la gestione operativa del CRAS sia delegata all\u2019Agenzia veneta per l\u2019innovazione nel settore primario.<br \/>\nIn particolare l\u2019Agenzia dovr\u00e0:<br \/>\nManutenzione ordinaria di tutte le aree del CRAS, sfalcio del verde, manutenzione delle siepi, manutenzione delle recinzioni.<br \/>\nEventuali interventi di manutenzione straordinaria,<br \/>\nCustodia giornaliera dei selvatici<br \/>\nTutta l\u2019attivit\u00e0 veterinaria, direzione sanitaria, gestione dei farmaci, triage veterinario nelle fasi di recupero, ingresso alla struttura e rilascio in natura, terapie mediche e chirurgiche, il veterinario dovr\u00e0 garantire anche la reperibilit\u00e0 telefonica a servizio delle azioni di recupero.<br \/>\nPer tutte queste attivit\u00e0 la Regione del Veneto ha previsto, con la DGR n. 500 del 6 maggio 2024, un contributo annuo pari a 50.000,00\u20ac.<\/p>\n<p>&nbsp;<\/p>","protected":false},"excerpt":{"rendered":"<p>Sedico, 25 luglio 2025 &#8211; E&#8217; stato inaugurato ieri a Villa Zuppani in via Pasa a Sedico il Cras, Centro di recupero animali selvatici della Provincia di Belluno. La struttura \u00e8 attiva dal 1\u00b0 gennaio 2025. A seguito dell\u2019accordo di collaborazione di cui alla DGR n\u00b0 501 del 6 maggio 2024, durante la seconda met\u00e0 [&hellip;]<\/p>\n","protected":false},"author":2,"featured_media":162107,"comment_status":"closed","ping_status":"open","sticky":false,"template":"","format":"standard","meta":{"footnotes":""},"categories":[38,26,8],"tags":[],"class_list":["post-162106","post","type-post","status-publish","format-standard","has-post-thumbnail","category-natura-ambiente","category-prima-pagina","category-societa-istituzioni"],"yoast_head":"<!-- This site is optimized with the Yoast SEO plugin v28.4 - https:\/\/yoast.com\/product\/yoast-seo-wordpress\/ -->\n<title>Sedico. Inaugurato a Villa Zuppani il Centro di recupero animali selvatici della Provincia (CRAS) - Bellunopress - Dolomiti<\/title>\n<meta name=\"robots\" content=\"index, follow, max-snippet:-1, max-image-preview:large, max-video-preview:-1\" \/>\n<link rel=\"canonical\" href=\"https:\/\/www.bellunopress.it\/fr\/2025\/07\/25\/sedico-inaugurato-a-villa-zuppani-il-centro-di-recupero-animali-selvatici-della-provincia-cras\/\" \/>\n<meta property=\"og:locale\" content=\"fr_FR\" \/>\n<meta property=\"og:type\" content=\"article\" \/>\n<meta property=\"og:title\" content=\"Sedico. Inaugurato a Villa Zuppani il Centro di recupero animali selvatici della Provincia (CRAS) - Bellunopress - Dolomiti\" \/>\n<meta property=\"og:description\" content=\"Sedico, 25 luglio 2025 &#8211; E&#8217; stato inaugurato ieri a Villa Zuppani in via Pasa a Sedico il Cras, Centro di recupero animali selvatici della Provincia di Belluno. La struttura \u00e8 attiva dal 1\u00b0 gennaio 2025. A seguito dell\u2019accordo di collaborazione di cui alla DGR n\u00b0 501 del 6 maggio 2024, durante la seconda met\u00e0 [&hellip;]\" \/>\n<meta property=\"og:url\" content=\"https:\/\/www.bellunopress.it\/fr\/2025\/07\/25\/sedico-inaugurato-a-villa-zuppani-il-centro-di-recupero-animali-selvatici-della-provincia-cras\/\" \/>\n<meta property=\"og:site_name\" content=\"Bellunopress - Dolomiti\" \/>\n<meta property=\"article:publisher\" content=\"https:\/\/www.facebook.com\/profile.php?id=100008943462799\" \/>\n<meta property=\"article:published_time\" content=\"2025-07-25T08:59:56+00:00\" \/>\n<meta property=\"og:image\" content=\"https:\/\/www.bellunopress.it\/wp-content\/uploads\/2025\/07\/inaugurazione-Cras-Villa-Zuppani-Sedico.jpg\" \/>\n\t<meta property=\"og:image:width\" content=\"800\" \/>\n\t<meta property=\"og:image:height\" content=\"450\" \/>\n\t<meta property=\"og:image:type\" content=\"image\/jpeg\" \/>\n<meta name=\"author\" content=\"redazione\" \/>\n<meta name=\"twitter:card\" content=\"summary_large_image\" \/>\n<meta name=\"twitter:creator\" content=\"@bellunopress\" \/>\n<meta name=\"twitter:site\" content=\"@bellunopress\" \/>\n<meta name=\"twitter:label1\" content=\"Written by\" \/>\n\t<meta name=\"twitter:data1\" content=\"redazione\" \/>\n\t<meta name=\"twitter:label2\" content=\"Est. reading time\" \/>\n\t<meta name=\"twitter:data2\" content=\"6 minutes\" \/>\n<script type=\"application\/ld+json\" class=\"yoast-schema-graph\">{\"@context\":\"https:\\\/\\\/schema.org\",\"@graph\":[{\"@type\":\"Article\",\"@id\":\"https:\\\/\\\/www.bellunopress.it\\\/2025\\\/07\\\/25\\\/sedico-inaugurato-a-villa-zuppani-il-centro-di-recupero-animali-selvatici-della-provincia-cras\\\/#article\",\"isPartOf\":{\"@id\":\"https:\\\/\\\/www.bellunopress.it\\\/2025\\\/07\\\/25\\\/sedico-inaugurato-a-villa-zuppani-il-centro-di-recupero-animali-selvatici-della-provincia-cras\\\/\"},\"author\":{\"name\":\"redazione\",\"@id\":\"https:\\\/\\\/www.bellunopress.it\\\/#\\\/schema\\\/person\\\/79bb06722b37ece1c03d3e94beb30d73\"},\"headline\":\"Sedico. Inaugurato a Villa Zuppani il Centro di recupero animali selvatici della Provincia (CRAS)\",\"datePublished\":\"2025-07-25T08:59:56+00:00\",\"mainEntityOfPage\":{\"@id\":\"https:\\\/\\\/www.bellunopress.it\\\/2025\\\/07\\\/25\\\/sedico-inaugurato-a-villa-zuppani-il-centro-di-recupero-animali-selvatici-della-provincia-cras\\\/\"},\"wordCount\":1232,\"publisher\":{\"@id\":\"https:\\\/\\\/www.bellunopress.it\\\/#organization\"},\"image\":{\"@id\":\"https:\\\/\\\/www.bellunopress.it\\\/2025\\\/07\\\/25\\\/sedico-inaugurato-a-villa-zuppani-il-centro-di-recupero-animali-selvatici-della-provincia-cras\\\/#primaryimage\"},\"thumbnailUrl\":\"https:\\\/\\\/www.bellunopress.it\\\/wp-content\\\/uploads\\\/2025\\\/07\\\/inaugurazione-Cras-Villa-Zuppani-Sedico.jpg\",\"articleSection\":[\"Meteo, natura, ambiente, animali\",\"Prima Pagina\",\"Societ\u00e0, Associazioni, Istituzioni\"],\"inLanguage\":\"fr-FR\"},{\"@type\":\"WebPage\",\"@id\":\"https:\\\/\\\/www.bellunopress.it\\\/2025\\\/07\\\/25\\\/sedico-inaugurato-a-villa-zuppani-il-centro-di-recupero-animali-selvatici-della-provincia-cras\\\/\",\"url\":\"https:\\\/\\\/www.bellunopress.it\\\/2025\\\/07\\\/25\\\/sedico-inaugurato-a-villa-zuppani-il-centro-di-recupero-animali-selvatici-della-provincia-cras\\\/\",\"name\":\"Sedico. Inaugurato a Villa Zuppani il Centro di recupero animali selvatici della Provincia (CRAS) - Bellunopress - Dolomiti\",\"isPartOf\":{\"@id\":\"https:\\\/\\\/www.bellunopress.it\\\/#website\"},\"primaryImageOfPage\":{\"@id\":\"https:\\\/\\\/www.bellunopress.it\\\/2025\\\/07\\\/25\\\/sedico-inaugurato-a-villa-zuppani-il-centro-di-recupero-animali-selvatici-della-provincia-cras\\\/#primaryimage\"},\"image\":{\"@id\":\"https:\\\/\\\/www.bellunopress.it\\\/2025\\\/07\\\/25\\\/sedico-inaugurato-a-villa-zuppani-il-centro-di-recupero-animali-selvatici-della-provincia-cras\\\/#primaryimage\"},\"thumbnailUrl\":\"https:\\\/\\\/www.bellunopress.it\\\/wp-content\\\/uploads\\\/2025\\\/07\\\/inaugurazione-Cras-Villa-Zuppani-Sedico.jpg\",\"datePublished\":\"2025-07-25T08:59:56+00:00\",\"breadcrumb\":{\"@id\":\"https:\\\/\\\/www.bellunopress.it\\\/2025\\\/07\\\/25\\\/sedico-inaugurato-a-villa-zuppani-il-centro-di-recupero-animali-selvatici-della-provincia-cras\\\/#breadcrumb\"},\"inLanguage\":\"fr-FR\",\"potentialAction\":[{\"@type\":\"ReadAction\",\"target\":[\"https:\\\/\\\/www.bellunopress.it\\\/2025\\\/07\\\/25\\\/sedico-inaugurato-a-villa-zuppani-il-centro-di-recupero-animali-selvatici-della-provincia-cras\\\/\"]}]},{\"@type\":\"ImageObject\",\"inLanguage\":\"fr-FR\",\"@id\":\"https:\\\/\\\/www.bellunopress.it\\\/2025\\\/07\\\/25\\\/sedico-inaugurato-a-villa-zuppani-il-centro-di-recupero-animali-selvatici-della-provincia-cras\\\/#primaryimage\",\"url\":\"https:\\\/\\\/www.bellunopress.it\\\/wp-content\\\/uploads\\\/2025\\\/07\\\/inaugurazione-Cras-Villa-Zuppani-Sedico.jpg\",\"contentUrl\":\"https:\\\/\\\/www.bellunopress.it\\\/wp-content\\\/uploads\\\/2025\\\/07\\\/inaugurazione-Cras-Villa-Zuppani-Sedico.jpg\",\"width\":800,\"height\":450,\"caption\":\"Il presidente della Provincia Roberto Padrin all'inaugurazione del Cras Villa Zuppani di Sedico\"},{\"@type\":\"BreadcrumbList\",\"@id\":\"https:\\\/\\\/www.bellunopress.it\\\/2025\\\/07\\\/25\\\/sedico-inaugurato-a-villa-zuppani-il-centro-di-recupero-animali-selvatici-della-provincia-cras\\\/#breadcrumb\",\"itemListElement\":[{\"@type\":\"ListItem\",\"position\":1,\"name\":\"Home\",\"item\":\"https:\\\/\\\/www.bellunopress.it\\\/\"},{\"@type\":\"ListItem\",\"position\":2,\"name\":\"Sedico. Inaugurato a Villa Zuppani il Centro di recupero animali selvatici della Provincia (CRAS)\"}]},{\"@type\":\"WebSite\",\"@id\":\"https:\\\/\\\/www.bellunopress.it\\\/#website\",\"url\":\"https:\\\/\\\/www.bellunopress.it\\\/\",\"name\":\"Bellunopress - Dolomiti\",\"description\":\"e-mail: redazione@bellunopress.it\",\"publisher\":{\"@id\":\"https:\\\/\\\/www.bellunopress.it\\\/#organization\"},\"potentialAction\":[{\"@type\":\"SearchAction\",\"target\":{\"@type\":\"EntryPoint\",\"urlTemplate\":\"https:\\\/\\\/www.bellunopress.it\\\/?s={search_term_string}\"},\"query-input\":{\"@type\":\"PropertyValueSpecification\",\"valueRequired\":true,\"valueName\":\"search_term_string\"}}],\"inLanguage\":\"fr-FR\"},{\"@type\":\"Organization\",\"@id\":\"https:\\\/\\\/www.bellunopress.it\\\/#organization\",\"name\":\"Bellunopress\",\"url\":\"https:\\\/\\\/www.bellunopress.it\\\/\",\"logo\":{\"@type\":\"ImageObject\",\"inLanguage\":\"fr-FR\",\"@id\":\"https:\\\/\\\/www.bellunopress.it\\\/#\\\/schema\\\/logo\\\/image\\\/\",\"url\":\"https:\\\/\\\/www.bellunopress.it\\\/wp-content\\\/uploads\\\/2011\\\/05\\\/cropped-logo-bellunopress-.jpg\",\"contentUrl\":\"https:\\\/\\\/www.bellunopress.it\\\/wp-content\\\/uploads\\\/2011\\\/05\\\/cropped-logo-bellunopress-.jpg\",\"width\":512,\"height\":512,\"caption\":\"Bellunopress\"},\"image\":{\"@id\":\"https:\\\/\\\/www.bellunopress.it\\\/#\\\/schema\\\/logo\\\/image\\\/\"},\"sameAs\":[\"https:\\\/\\\/www.facebook.com\\\/profile.php?id=100008943462799\",\"https:\\\/\\\/x.com\\\/bellunopress\",\"https:\\\/\\\/www.linkedin.com\\\/hp\\\/?dnr=JBzUWaJfMUw8vbXJJ2tVW5-I3jZKvC4wsoxE&amp;amp;amp;amp;amp;amp;trk=nav_responsive_tab_home\",\"https:\\\/\\\/www.youtube.com\\\/channel\\\/UCxL0wu1uN0_3_7hGG0306cw\"]},{\"@type\":\"Person\",\"@id\":\"https:\\\/\\\/www.bellunopress.it\\\/#\\\/schema\\\/person\\\/79bb06722b37ece1c03d3e94beb30d73\",\"name\":\"redazione\",\"image\":{\"@type\":\"ImageObject\",\"inLanguage\":\"fr-FR\",\"@id\":\"https:\\\/\\\/secure.gravatar.com\\\/avatar\\\/37d968a2e67a6fd04c169c4bdef102d0bc5d31b2546345219e348575eb80e9a0?s=96&d=mm&r=g\",\"url\":\"https:\\\/\\\/secure.gravatar.com\\\/avatar\\\/37d968a2e67a6fd04c169c4bdef102d0bc5d31b2546345219e348575eb80e9a0?s=96&d=mm&r=g\",\"contentUrl\":\"https:\\\/\\\/secure.gravatar.com\\\/avatar\\\/37d968a2e67a6fd04c169c4bdef102d0bc5d31b2546345219e348575eb80e9a0?s=96&d=mm&r=g\",\"caption\":\"redazione\"},\"sameAs\":[\"http:\\\/\\\/www.bellunopress.it\",\"https:\\\/\\\/x.com\\\/bellunopress\"],\"url\":\"https:\\\/\\\/www.bellunopress.it\\\/fr\\\/author\\\/redazione\\\/\"}]}<\/script>\n<!-- \/ Yoast SEO plugin. -->","yoast_head_json":{"title":"Sedico. Inaugurato a Villa Zuppani il Centro di recupero animali selvatici della Provincia (CRAS) - Bellunopress - Dolomiti","robots":{"index":"index","follow":"follow","max-snippet":"max-snippet:-1","max-image-preview":"max-image-preview:large","max-video-preview":"max-video-preview:-1"},"canonical":"https:\/\/www.bellunopress.it\/fr\/2025\/07\/25\/sedico-inaugurato-a-villa-zuppani-il-centro-di-recupero-animali-selvatici-della-provincia-cras\/","og_locale":"fr_FR","og_type":"article","og_title":"Sedico. Inaugurato a Villa Zuppani il Centro di recupero animali selvatici della Provincia (CRAS) - Bellunopress - Dolomiti","og_description":"Sedico, 25 luglio 2025 &#8211; E&#8217; stato inaugurato ieri a Villa Zuppani in via Pasa a Sedico il Cras, Centro di recupero animali selvatici della Provincia di Belluno. La struttura \u00e8 attiva dal 1\u00b0 gennaio 2025. A seguito dell\u2019accordo di collaborazione di cui alla DGR n\u00b0 501 del 6 maggio 2024, durante la seconda met\u00e0 [&hellip;]","og_url":"https:\/\/www.bellunopress.it\/fr\/2025\/07\/25\/sedico-inaugurato-a-villa-zuppani-il-centro-di-recupero-animali-selvatici-della-provincia-cras\/","og_site_name":"Bellunopress - Dolomiti","article_publisher":"https:\/\/www.facebook.com\/profile.php?id=100008943462799","article_published_time":"2025-07-25T08:59:56+00:00","og_image":[{"width":800,"height":450,"url":"https:\/\/www.bellunopress.it\/wp-content\/uploads\/2025\/07\/inaugurazione-Cras-Villa-Zuppani-Sedico.jpg","type":"image\/jpeg"}],"author":"redazione","twitter_card":"summary_large_image","twitter_creator":"@bellunopress","twitter_site":"@bellunopress","twitter_misc":{"Written by":"redazione","Est. reading time":"6 minutes"},"schema":{"@context":"https:\/\/schema.org","@graph":[{"@type":"Article","@id":"https:\/\/www.bellunopress.it\/2025\/07\/25\/sedico-inaugurato-a-villa-zuppani-il-centro-di-recupero-animali-selvatici-della-provincia-cras\/#article","isPartOf":{"@id":"https:\/\/www.bellunopress.it\/2025\/07\/25\/sedico-inaugurato-a-villa-zuppani-il-centro-di-recupero-animali-selvatici-della-provincia-cras\/"},"author":{"name":"redazione","@id":"https:\/\/www.bellunopress.it\/#\/schema\/person\/79bb06722b37ece1c03d3e94beb30d73"},"headline":"Sedico. Inaugurato a Villa Zuppani il Centro di recupero animali selvatici della Provincia (CRAS)","datePublished":"2025-07-25T08:59:56+00:00","mainEntityOfPage":{"@id":"https:\/\/www.bellunopress.it\/2025\/07\/25\/sedico-inaugurato-a-villa-zuppani-il-centro-di-recupero-animali-selvatici-della-provincia-cras\/"},"wordCount":1232,"publisher":{"@id":"https:\/\/www.bellunopress.it\/#organization"},"image":{"@id":"https:\/\/www.bellunopress.it\/2025\/07\/25\/sedico-inaugurato-a-villa-zuppani-il-centro-di-recupero-animali-selvatici-della-provincia-cras\/#primaryimage"},"thumbnailUrl":"https:\/\/www.bellunopress.it\/wp-content\/uploads\/2025\/07\/inaugurazione-Cras-Villa-Zuppani-Sedico.jpg","articleSection":["Meteo, natura, ambiente, animali","Prima Pagina","Societ\u00e0, Associazioni, Istituzioni"],"inLanguage":"fr-FR"},{"@type":"WebPage","@id":"https:\/\/www.bellunopress.it\/2025\/07\/25\/sedico-inaugurato-a-villa-zuppani-il-centro-di-recupero-animali-selvatici-della-provincia-cras\/","url":"https:\/\/www.bellunopress.it\/2025\/07\/25\/sedico-inaugurato-a-villa-zuppani-il-centro-di-recupero-animali-selvatici-della-provincia-cras\/","name":"Sedico. Inaugurato a Villa Zuppani il Centro di recupero animali selvatici della Provincia (CRAS) - Bellunopress - Dolomiti","isPartOf":{"@id":"https:\/\/www.bellunopress.it\/#website"},"primaryImageOfPage":{"@id":"https:\/\/www.bellunopress.it\/2025\/07\/25\/sedico-inaugurato-a-villa-zuppani-il-centro-di-recupero-animali-selvatici-della-provincia-cras\/#primaryimage"},"image":{"@id":"https:\/\/www.bellunopress.it\/2025\/07\/25\/sedico-inaugurato-a-villa-zuppani-il-centro-di-recupero-animali-selvatici-della-provincia-cras\/#primaryimage"},"thumbnailUrl":"https:\/\/www.bellunopress.it\/wp-content\/uploads\/2025\/07\/inaugurazione-Cras-Villa-Zuppani-Sedico.jpg","datePublished":"2025-07-25T08:59:56+00:00","breadcrumb":{"@id":"https:\/\/www.bellunopress.it\/2025\/07\/25\/sedico-inaugurato-a-villa-zuppani-il-centro-di-recupero-animali-selvatici-della-provincia-cras\/#breadcrumb"},"inLanguage":"fr-FR","potentialAction":[{"@type":"ReadAction","target":["https:\/\/www.bellunopress.it\/2025\/07\/25\/sedico-inaugurato-a-villa-zuppani-il-centro-di-recupero-animali-selvatici-della-provincia-cras\/"]}]},{"@type":"ImageObject","inLanguage":"fr-FR","@id":"https:\/\/www.bellunopress.it\/2025\/07\/25\/sedico-inaugurato-a-villa-zuppani-il-centro-di-recupero-animali-selvatici-della-provincia-cras\/#primaryimage","url":"https:\/\/www.bellunopress.it\/wp-content\/uploads\/2025\/07\/inaugurazione-Cras-Villa-Zuppani-Sedico.jpg","contentUrl":"https:\/\/www.bellunopress.it\/wp-content\/uploads\/2025\/07\/inaugurazione-Cras-Villa-Zuppani-Sedico.jpg","width":800,"height":450,"caption":"Il presidente della Provincia Roberto Padrin all'inaugurazione del Cras Villa Zuppani di Sedico"},{"@type":"BreadcrumbList","@id":"https:\/\/www.bellunopress.it\/2025\/07\/25\/sedico-inaugurato-a-villa-zuppani-il-centro-di-recupero-animali-selvatici-della-provincia-cras\/#breadcrumb","itemListElement":[{"@type":"ListItem","position":1,"name":"Home","item":"https:\/\/www.bellunopress.it\/"},{"@type":"ListItem","position":2,"name":"Sedico. Inaugurato a Villa Zuppani il Centro di recupero animali selvatici della Provincia (CRAS)"}]},{"@type":"WebSite","@id":"https:\/\/www.bellunopress.it\/#website","url":"https:\/\/www.bellunopress.it\/","name":"Bellunopress - Dolomiti","description":"e-mail: redazione@bellunopress.it","publisher":{"@id":"https:\/\/www.bellunopress.it\/#organization"},"potentialAction":[{"@type":"SearchAction","target":{"@type":"EntryPoint","urlTemplate":"https:\/\/www.bellunopress.it\/?s={search_term_string}"},"query-input":{"@type":"PropertyValueSpecification","valueRequired":true,"valueName":"search_term_string"}}],"inLanguage":"fr-FR"},{"@type":"Organization","@id":"https:\/\/www.bellunopress.it\/#organization","name":"Bellunopress","url":"https:\/\/www.bellunopress.it\/","logo":{"@type":"ImageObject","inLanguage":"fr-FR","@id":"https:\/\/www.bellunopress.it\/#\/schema\/logo\/image\/","url":"https:\/\/www.bellunopress.it\/wp-content\/uploads\/2011\/05\/cropped-logo-bellunopress-.jpg","contentUrl":"https:\/\/www.bellunopress.it\/wp-content\/uploads\/2011\/05\/cropped-logo-bellunopress-.jpg","width":512,"height":512,"caption":"Bellunopress"},"image":{"@id":"https:\/\/www.bellunopress.it\/#\/schema\/logo\/image\/"},"sameAs":["https:\/\/www.facebook.com\/profile.php?id=100008943462799","https:\/\/x.com\/bellunopress","https:\/\/www.linkedin.com\/hp\/?dnr=JBzUWaJfMUw8vbXJJ2tVW5-I3jZKvC4wsoxE&amp;amp;amp;amp;amp;amp;trk=nav_responsive_tab_home","https:\/\/www.youtube.com\/channel\/UCxL0wu1uN0_3_7hGG0306cw"]},{"@type":"Person","@id":"https:\/\/www.bellunopress.it\/#\/schema\/person\/79bb06722b37ece1c03d3e94beb30d73","name":"r\u00e9daction","image":{"@type":"ImageObject","inLanguage":"fr-FR","@id":"https:\/\/secure.gravatar.com\/avatar\/37d968a2e67a6fd04c169c4bdef102d0bc5d31b2546345219e348575eb80e9a0?s=96&d=mm&r=g","url":"https:\/\/secure.gravatar.com\/avatar\/37d968a2e67a6fd04c169c4bdef102d0bc5d31b2546345219e348575eb80e9a0?s=96&d=mm&r=g","contentUrl":"https:\/\/secure.gravatar.com\/avatar\/37d968a2e67a6fd04c169c4bdef102d0bc5d31b2546345219e348575eb80e9a0?s=96&d=mm&r=g","caption":"redazione"},"sameAs":["http:\/\/www.bellunopress.it","https:\/\/x.com\/bellunopress"],"url":"https:\/\/www.bellunopress.it\/fr\/author\/redazione\/"}]}},"_links":{"self":[{"href":"https:\/\/www.bellunopress.it\/fr\/wp-json\/wp\/v2\/posts\/162106","targetHints":{"allow":["GET"]}}],"collection":[{"href":"https:\/\/www.bellunopress.it\/fr\/wp-json\/wp\/v2\/posts"}],"about":[{"href":"https:\/\/www.bellunopress.it\/fr\/wp-json\/wp\/v2\/types\/post"}],"author":[{"embeddable":true,"href":"https:\/\/www.bellunopress.it\/fr\/wp-json\/wp\/v2\/users\/2"}],"replies":[{"embeddable":true,"href":"https:\/\/www.bellunopress.it\/fr\/wp-json\/wp\/v2\/comments?post=162106"}],"version-history":[{"count":1,"href":"https:\/\/www.bellunopress.it\/fr\/wp-json\/wp\/v2\/posts\/162106\/revisions"}],"predecessor-version":[{"id":162108,"href":"https:\/\/www.bellunopress.it\/fr\/wp-json\/wp\/v2\/posts\/162106\/revisions\/162108"}],"wp:featuredmedia":[{"embeddable":true,"href":"https:\/\/www.bellunopress.it\/fr\/wp-json\/wp\/v2\/media\/162107"}],"wp:attachment":[{"href":"https:\/\/www.bellunopress.it\/fr\/wp-json\/wp\/v2\/media?parent=162106"}],"wp:term":[{"taxonomy":"category","embeddable":true,"href":"https:\/\/www.bellunopress.it\/fr\/wp-json\/wp\/v2\/categories?post=162106"},{"taxonomy":"post_tag","embeddable":true,"href":"https:\/\/www.bellunopress.it\/fr\/wp-json\/wp\/v2\/tags?post=162106"}],"curies":[{"name":"wp","href":"https:\/\/api.w.org\/{rel}","templated":true}]}}