{"id":162092,"date":"2025-07-25T08:44:06","date_gmt":"2025-07-25T06:44:06","guid":{"rendered":"https:\/\/www.bellunopress.it\/?p=162092"},"modified":"2025-07-25T08:44:06","modified_gmt":"2025-07-25T06:44:06","slug":"intervento-di-soccorso-nella-notte-per-un-gruppo-di-scout-in-difficolta","status":"publish","type":"post","link":"https:\/\/www.bellunopress.it\/fr\/2025\/07\/25\/intervento-di-soccorso-nella-notte-per-un-gruppo-di-scout-in-difficolta\/","title":{"rendered":"Intervento di soccorso nella notte per un gruppo di scout in difficolt\u00e0"},"content":{"rendered":"<p><img loading=\"lazy\" decoding=\"async\" class=\"aligncenter size-full wp-image-160812\" src=\"https:\/\/www.bellunopress.it\/wp-content\/uploads\/2025\/06\/soccorso-alpino-notte_edited-1.jpg\" alt=\"\" width=\"1000\" height=\"707\" srcset=\"https:\/\/www.bellunopress.it\/wp-content\/uploads\/2025\/06\/soccorso-alpino-notte_edited-1.jpg 1000w, https:\/\/www.bellunopress.it\/wp-content\/uploads\/2025\/06\/soccorso-alpino-notte_edited-1-500x354.jpg 500w, https:\/\/www.bellunopress.it\/wp-content\/uploads\/2025\/06\/soccorso-alpino-notte_edited-1-594x420.jpg 594w, https:\/\/www.bellunopress.it\/wp-content\/uploads\/2025\/06\/soccorso-alpino-notte_edited-1-696x492.jpg 696w\" sizes=\"auto, (max-width: 1000px) 100vw, 1000px\" \/>Vigo di Cadore (BL), 25 &#8211; 07 &#8211; 2025\u00a0 \u00a0Ieri sera attorno alle 20 il Soccorso alpino del Centro Cadore \u00e8 stato allertato dalla Centrale del 118, per un gruppo scout in difficolt\u00e0 in Val di Fa\u00e8. Partiti da Auronzo in mattinata, i 22 ragazzi della provincia di Cuneo, alcuni minorenni, erano passati dal Cason di Ciampediei diretti verso Vigo di Cadore, ma arrivati nella valle si erano trovati ad affrontare un sentiero impervio e molto ripido, reso uno scivolo di fango dalle piogge, per cui era difficile anche riuscire a restare in piedi. Individuata la loro posizione, una squadra li ha raggiunti, riaccompagnandoli passo passo lungo la salita, a ha attrezzando con corde fisse i tratti pi\u00f9 difficili per farli passare con maggiore sicurezza, ritornando alle jeep da un itinerario diverso da quello inizialmente seguito dal gruppo e dalla squadra stessa all&#8217;andata. Una volta ai mezzi, dato che i ragazzi erano completamente bagnati, i soccorritori si sono accordati con la Pro loco di Lorenzago, che ha dato al gruppo la disponibilit\u00e0 del tendone per passare la notte riparati. I soccorritori hanno quindi fatto la spola da Tre Ponti a Lorenzago per portarli a Lorenzago. Le squadre sono rientrate verso mezzanotte.<\/p>","protected":false},"excerpt":{"rendered":"<p>Vigo di Cadore (BL), 25 &#8211; 07 &#8211; 2025\u00a0 \u00a0Ieri sera attorno alle 20 il Soccorso alpino del Centro Cadore \u00e8 stato allertato dalla Centrale del 118, per un gruppo scout in difficolt\u00e0 in Val di Fa\u00e8. Partiti da Auronzo in mattinata, i 22 ragazzi della provincia di Cuneo, alcuni minorenni, erano passati dal Cason [&hellip;]<\/p>\n","protected":false},"author":2,"featured_media":160812,"comment_status":"closed","ping_status":"open","sticky":false,"template":"","format":"standard","meta":{"footnotes":""},"categories":[5,26],"tags":[],"class_list":["post-162092","post","type-post","status-publish","format-standard","has-post-thumbnail","category-cronaca","category-prima-pagina"],"yoast_head":"<!-- This site is optimized with the Yoast SEO plugin v28.4 - https:\/\/yoast.com\/product\/yoast-seo-wordpress\/ -->\n<title>Intervento di soccorso nella notte per un gruppo di scout in difficolt\u00e0 - Bellunopress - Dolomiti<\/title>\n<meta name=\"robots\" content=\"index, follow, max-snippet:-1, max-image-preview:large, max-video-preview:-1\" \/>\n<link rel=\"canonical\" href=\"https:\/\/www.bellunopress.it\/fr\/2025\/07\/25\/intervento-di-soccorso-nella-notte-per-un-gruppo-di-scout-in-difficolta\/\" \/>\n<meta property=\"og:locale\" content=\"fr_FR\" \/>\n<meta property=\"og:type\" content=\"article\" \/>\n<meta property=\"og:title\" content=\"Intervento di soccorso nella notte per un gruppo di scout in difficolt\u00e0 - Bellunopress - Dolomiti\" \/>\n<meta property=\"og:description\" content=\"Vigo di Cadore (BL), 25 &#8211; 07 &#8211; 2025\u00a0 \u00a0Ieri sera attorno alle 20 il Soccorso alpino del Centro Cadore \u00e8 stato allertato dalla Centrale del 118, per un gruppo scout in difficolt\u00e0 in Val di Fa\u00e8. Partiti da Auronzo in mattinata, i 22 ragazzi della provincia di Cuneo, alcuni minorenni, erano passati dal Cason [&hellip;]\" \/>\n<meta property=\"og:url\" content=\"https:\/\/www.bellunopress.it\/fr\/2025\/07\/25\/intervento-di-soccorso-nella-notte-per-un-gruppo-di-scout-in-difficolta\/\" \/>\n<meta property=\"og:site_name\" content=\"Bellunopress - Dolomiti\" \/>\n<meta property=\"article:publisher\" content=\"https:\/\/www.facebook.com\/profile.php?id=100008943462799\" \/>\n<meta property=\"article:published_time\" content=\"2025-07-25T06:44:06+00:00\" \/>\n<meta property=\"og:image\" content=\"https:\/\/www.bellunopress.it\/wp-content\/uploads\/2025\/06\/soccorso-alpino-notte_edited-1.jpg\" \/>\n\t<meta property=\"og:image:width\" content=\"1000\" \/>\n\t<meta property=\"og:image:height\" content=\"707\" \/>\n\t<meta property=\"og:image:type\" content=\"image\/jpeg\" \/>\n<meta name=\"author\" content=\"redazione\" \/>\n<meta name=\"twitter:card\" content=\"summary_large_image\" \/>\n<meta name=\"twitter:creator\" content=\"@bellunopress\" \/>\n<meta name=\"twitter:site\" content=\"@bellunopress\" \/>\n<meta name=\"twitter:label1\" content=\"\u00c9crit par\" \/>\n\t<meta name=\"twitter:data1\" content=\"redazione\" \/>\n\t<meta name=\"twitter:label2\" content=\"Dur\u00e9e de lecture estim\u00e9e\" \/>\n\t<meta name=\"twitter:data2\" content=\"1 minute\" \/>\n<script type=\"application\/ld+json\" class=\"yoast-schema-graph\">{\"@context\":\"https:\\\/\\\/schema.org\",\"@graph\":[{\"@type\":\"Article\",\"@id\":\"https:\\\/\\\/www.bellunopress.it\\\/2025\\\/07\\\/25\\\/intervento-di-soccorso-nella-notte-per-un-gruppo-di-scout-in-difficolta\\\/#article\",\"isPartOf\":{\"@id\":\"https:\\\/\\\/www.bellunopress.it\\\/2025\\\/07\\\/25\\\/intervento-di-soccorso-nella-notte-per-un-gruppo-di-scout-in-difficolta\\\/\"},\"author\":{\"name\":\"redazione\",\"@id\":\"https:\\\/\\\/www.bellunopress.it\\\/#\\\/schema\\\/person\\\/79bb06722b37ece1c03d3e94beb30d73\"},\"headline\":\"Intervento di soccorso nella notte per un gruppo di scout in difficolt\u00e0\",\"datePublished\":\"2025-07-25T06:44:06+00:00\",\"mainEntityOfPage\":{\"@id\":\"https:\\\/\\\/www.bellunopress.it\\\/2025\\\/07\\\/25\\\/intervento-di-soccorso-nella-notte-per-un-gruppo-di-scout-in-difficolta\\\/\"},\"wordCount\":207,\"publisher\":{\"@id\":\"https:\\\/\\\/www.bellunopress.it\\\/#organization\"},\"image\":{\"@id\":\"https:\\\/\\\/www.bellunopress.it\\\/2025\\\/07\\\/25\\\/intervento-di-soccorso-nella-notte-per-un-gruppo-di-scout-in-difficolta\\\/#primaryimage\"},\"thumbnailUrl\":\"https:\\\/\\\/www.bellunopress.it\\\/wp-content\\\/uploads\\\/2025\\\/06\\\/soccorso-alpino-notte_edited-1.jpg\",\"articleSection\":[\"Cronaca\\\/Politica\",\"Prima Pagina\"],\"inLanguage\":\"fr-FR\"},{\"@type\":\"WebPage\",\"@id\":\"https:\\\/\\\/www.bellunopress.it\\\/2025\\\/07\\\/25\\\/intervento-di-soccorso-nella-notte-per-un-gruppo-di-scout-in-difficolta\\\/\",\"url\":\"https:\\\/\\\/www.bellunopress.it\\\/2025\\\/07\\\/25\\\/intervento-di-soccorso-nella-notte-per-un-gruppo-di-scout-in-difficolta\\\/\",\"name\":\"Intervento di soccorso nella notte per un gruppo di scout in difficolt\u00e0 - Bellunopress - Dolomiti\",\"isPartOf\":{\"@id\":\"https:\\\/\\\/www.bellunopress.it\\\/#website\"},\"primaryImageOfPage\":{\"@id\":\"https:\\\/\\\/www.bellunopress.it\\\/2025\\\/07\\\/25\\\/intervento-di-soccorso-nella-notte-per-un-gruppo-di-scout-in-difficolta\\\/#primaryimage\"},\"image\":{\"@id\":\"https:\\\/\\\/www.bellunopress.it\\\/2025\\\/07\\\/25\\\/intervento-di-soccorso-nella-notte-per-un-gruppo-di-scout-in-difficolta\\\/#primaryimage\"},\"thumbnailUrl\":\"https:\\\/\\\/www.bellunopress.it\\\/wp-content\\\/uploads\\\/2025\\\/06\\\/soccorso-alpino-notte_edited-1.jpg\",\"datePublished\":\"2025-07-25T06:44:06+00:00\",\"breadcrumb\":{\"@id\":\"https:\\\/\\\/www.bellunopress.it\\\/2025\\\/07\\\/25\\\/intervento-di-soccorso-nella-notte-per-un-gruppo-di-scout-in-difficolta\\\/#breadcrumb\"},\"inLanguage\":\"fr-FR\",\"potentialAction\":[{\"@type\":\"ReadAction\",\"target\":[\"https:\\\/\\\/www.bellunopress.it\\\/2025\\\/07\\\/25\\\/intervento-di-soccorso-nella-notte-per-un-gruppo-di-scout-in-difficolta\\\/\"]}]},{\"@type\":\"ImageObject\",\"inLanguage\":\"fr-FR\",\"@id\":\"https:\\\/\\\/www.bellunopress.it\\\/2025\\\/07\\\/25\\\/intervento-di-soccorso-nella-notte-per-un-gruppo-di-scout-in-difficolta\\\/#primaryimage\",\"url\":\"https:\\\/\\\/www.bellunopress.it\\\/wp-content\\\/uploads\\\/2025\\\/06\\\/soccorso-alpino-notte_edited-1.jpg\",\"contentUrl\":\"https:\\\/\\\/www.bellunopress.it\\\/wp-content\\\/uploads\\\/2025\\\/06\\\/soccorso-alpino-notte_edited-1.jpg\",\"width\":1000,\"height\":707},{\"@type\":\"BreadcrumbList\",\"@id\":\"https:\\\/\\\/www.bellunopress.it\\\/2025\\\/07\\\/25\\\/intervento-di-soccorso-nella-notte-per-un-gruppo-di-scout-in-difficolta\\\/#breadcrumb\",\"itemListElement\":[{\"@type\":\"ListItem\",\"position\":1,\"name\":\"Home\",\"item\":\"https:\\\/\\\/www.bellunopress.it\\\/\"},{\"@type\":\"ListItem\",\"position\":2,\"name\":\"Intervento di soccorso nella notte per un gruppo di scout in difficolt\u00e0\"}]},{\"@type\":\"WebSite\",\"@id\":\"https:\\\/\\\/www.bellunopress.it\\\/#website\",\"url\":\"https:\\\/\\\/www.bellunopress.it\\\/\",\"name\":\"Bellunopress - Dolomiti\",\"description\":\"e-mail: redazione@bellunopress.it\",\"publisher\":{\"@id\":\"https:\\\/\\\/www.bellunopress.it\\\/#organization\"},\"potentialAction\":[{\"@type\":\"SearchAction\",\"target\":{\"@type\":\"EntryPoint\",\"urlTemplate\":\"https:\\\/\\\/www.bellunopress.it\\\/?s={search_term_string}\"},\"query-input\":{\"@type\":\"PropertyValueSpecification\",\"valueRequired\":true,\"valueName\":\"search_term_string\"}}],\"inLanguage\":\"fr-FR\"},{\"@type\":\"Organization\",\"@id\":\"https:\\\/\\\/www.bellunopress.it\\\/#organization\",\"name\":\"Bellunopress\",\"url\":\"https:\\\/\\\/www.bellunopress.it\\\/\",\"logo\":{\"@type\":\"ImageObject\",\"inLanguage\":\"fr-FR\",\"@id\":\"https:\\\/\\\/www.bellunopress.it\\\/#\\\/schema\\\/logo\\\/image\\\/\",\"url\":\"https:\\\/\\\/www.bellunopress.it\\\/wp-content\\\/uploads\\\/2011\\\/05\\\/cropped-logo-bellunopress-.jpg\",\"contentUrl\":\"https:\\\/\\\/www.bellunopress.it\\\/wp-content\\\/uploads\\\/2011\\\/05\\\/cropped-logo-bellunopress-.jpg\",\"width\":512,\"height\":512,\"caption\":\"Bellunopress\"},\"image\":{\"@id\":\"https:\\\/\\\/www.bellunopress.it\\\/#\\\/schema\\\/logo\\\/image\\\/\"},\"sameAs\":[\"https:\\\/\\\/www.facebook.com\\\/profile.php?id=100008943462799\",\"https:\\\/\\\/x.com\\\/bellunopress\",\"https:\\\/\\\/www.linkedin.com\\\/hp\\\/?dnr=JBzUWaJfMUw8vbXJJ2tVW5-I3jZKvC4wsoxE&amp;amp;amp;amp;amp;amp;trk=nav_responsive_tab_home\",\"https:\\\/\\\/www.youtube.com\\\/channel\\\/UCxL0wu1uN0_3_7hGG0306cw\"]},{\"@type\":\"Person\",\"@id\":\"https:\\\/\\\/www.bellunopress.it\\\/#\\\/schema\\\/person\\\/79bb06722b37ece1c03d3e94beb30d73\",\"name\":\"redazione\",\"image\":{\"@type\":\"ImageObject\",\"inLanguage\":\"fr-FR\",\"@id\":\"https:\\\/\\\/secure.gravatar.com\\\/avatar\\\/37d968a2e67a6fd04c169c4bdef102d0bc5d31b2546345219e348575eb80e9a0?s=96&d=mm&r=g\",\"url\":\"https:\\\/\\\/secure.gravatar.com\\\/avatar\\\/37d968a2e67a6fd04c169c4bdef102d0bc5d31b2546345219e348575eb80e9a0?s=96&d=mm&r=g\",\"contentUrl\":\"https:\\\/\\\/secure.gravatar.com\\\/avatar\\\/37d968a2e67a6fd04c169c4bdef102d0bc5d31b2546345219e348575eb80e9a0?s=96&d=mm&r=g\",\"caption\":\"redazione\"},\"sameAs\":[\"http:\\\/\\\/www.bellunopress.it\",\"https:\\\/\\\/x.com\\\/bellunopress\"],\"url\":\"https:\\\/\\\/www.bellunopress.it\\\/fr\\\/author\\\/redazione\\\/\"}]}<\/script>\n<!-- \/ Yoast SEO plugin. -->","yoast_head_json":{"title":"Intervento di soccorso nella notte per un gruppo di scout in difficolt\u00e0 - Bellunopress - Dolomiti","robots":{"index":"index","follow":"follow","max-snippet":"max-snippet:-1","max-image-preview":"max-image-preview:large","max-video-preview":"max-video-preview:-1"},"canonical":"https:\/\/www.bellunopress.it\/fr\/2025\/07\/25\/intervento-di-soccorso-nella-notte-per-un-gruppo-di-scout-in-difficolta\/","og_locale":"fr_FR","og_type":"article","og_title":"Intervento di soccorso nella notte per un gruppo di scout in difficolt\u00e0 - Bellunopress - Dolomiti","og_description":"Vigo di Cadore (BL), 25 &#8211; 07 &#8211; 2025\u00a0 \u00a0Ieri sera attorno alle 20 il Soccorso alpino del Centro Cadore \u00e8 stato allertato dalla Centrale del 118, per un gruppo scout in difficolt\u00e0 in Val di Fa\u00e8. Partiti da Auronzo in mattinata, i 22 ragazzi della provincia di Cuneo, alcuni minorenni, erano passati dal Cason [&hellip;]","og_url":"https:\/\/www.bellunopress.it\/fr\/2025\/07\/25\/intervento-di-soccorso-nella-notte-per-un-gruppo-di-scout-in-difficolta\/","og_site_name":"Bellunopress - Dolomiti","article_publisher":"https:\/\/www.facebook.com\/profile.php?id=100008943462799","article_published_time":"2025-07-25T06:44:06+00:00","og_image":[{"width":1000,"height":707,"url":"https:\/\/www.bellunopress.it\/wp-content\/uploads\/2025\/06\/soccorso-alpino-notte_edited-1.jpg","type":"image\/jpeg"}],"author":"redazione","twitter_card":"summary_large_image","twitter_creator":"@bellunopress","twitter_site":"@bellunopress","twitter_misc":{"\u00c9crit par":"redazione","Dur\u00e9e de lecture estim\u00e9e":"1 minute"},"schema":{"@context":"https:\/\/schema.org","@graph":[{"@type":"Article","@id":"https:\/\/www.bellunopress.it\/2025\/07\/25\/intervento-di-soccorso-nella-notte-per-un-gruppo-di-scout-in-difficolta\/#article","isPartOf":{"@id":"https:\/\/www.bellunopress.it\/2025\/07\/25\/intervento-di-soccorso-nella-notte-per-un-gruppo-di-scout-in-difficolta\/"},"author":{"name":"redazione","@id":"https:\/\/www.bellunopress.it\/#\/schema\/person\/79bb06722b37ece1c03d3e94beb30d73"},"headline":"Intervento di soccorso nella notte per un gruppo di scout in difficolt\u00e0","datePublished":"2025-07-25T06:44:06+00:00","mainEntityOfPage":{"@id":"https:\/\/www.bellunopress.it\/2025\/07\/25\/intervento-di-soccorso-nella-notte-per-un-gruppo-di-scout-in-difficolta\/"},"wordCount":207,"publisher":{"@id":"https:\/\/www.bellunopress.it\/#organization"},"image":{"@id":"https:\/\/www.bellunopress.it\/2025\/07\/25\/intervento-di-soccorso-nella-notte-per-un-gruppo-di-scout-in-difficolta\/#primaryimage"},"thumbnailUrl":"https:\/\/www.bellunopress.it\/wp-content\/uploads\/2025\/06\/soccorso-alpino-notte_edited-1.jpg","articleSection":["Cronaca\/Politica","Prima Pagina"],"inLanguage":"fr-FR"},{"@type":"WebPage","@id":"https:\/\/www.bellunopress.it\/2025\/07\/25\/intervento-di-soccorso-nella-notte-per-un-gruppo-di-scout-in-difficolta\/","url":"https:\/\/www.bellunopress.it\/2025\/07\/25\/intervento-di-soccorso-nella-notte-per-un-gruppo-di-scout-in-difficolta\/","name":"Intervento di soccorso nella notte per un gruppo di scout in difficolt\u00e0 - Bellunopress - Dolomiti","isPartOf":{"@id":"https:\/\/www.bellunopress.it\/#website"},"primaryImageOfPage":{"@id":"https:\/\/www.bellunopress.it\/2025\/07\/25\/intervento-di-soccorso-nella-notte-per-un-gruppo-di-scout-in-difficolta\/#primaryimage"},"image":{"@id":"https:\/\/www.bellunopress.it\/2025\/07\/25\/intervento-di-soccorso-nella-notte-per-un-gruppo-di-scout-in-difficolta\/#primaryimage"},"thumbnailUrl":"https:\/\/www.bellunopress.it\/wp-content\/uploads\/2025\/06\/soccorso-alpino-notte_edited-1.jpg","datePublished":"2025-07-25T06:44:06+00:00","breadcrumb":{"@id":"https:\/\/www.bellunopress.it\/2025\/07\/25\/intervento-di-soccorso-nella-notte-per-un-gruppo-di-scout-in-difficolta\/#breadcrumb"},"inLanguage":"fr-FR","potentialAction":[{"@type":"ReadAction","target":["https:\/\/www.bellunopress.it\/2025\/07\/25\/intervento-di-soccorso-nella-notte-per-un-gruppo-di-scout-in-difficolta\/"]}]},{"@type":"ImageObject","inLanguage":"fr-FR","@id":"https:\/\/www.bellunopress.it\/2025\/07\/25\/intervento-di-soccorso-nella-notte-per-un-gruppo-di-scout-in-difficolta\/#primaryimage","url":"https:\/\/www.bellunopress.it\/wp-content\/uploads\/2025\/06\/soccorso-alpino-notte_edited-1.jpg","contentUrl":"https:\/\/www.bellunopress.it\/wp-content\/uploads\/2025\/06\/soccorso-alpino-notte_edited-1.jpg","width":1000,"height":707},{"@type":"BreadcrumbList","@id":"https:\/\/www.bellunopress.it\/2025\/07\/25\/intervento-di-soccorso-nella-notte-per-un-gruppo-di-scout-in-difficolta\/#breadcrumb","itemListElement":[{"@type":"ListItem","position":1,"name":"Home","item":"https:\/\/www.bellunopress.it\/"},{"@type":"ListItem","position":2,"name":"Intervento di soccorso nella notte per un gruppo di scout in difficolt\u00e0"}]},{"@type":"WebSite","@id":"https:\/\/www.bellunopress.it\/#website","url":"https:\/\/www.bellunopress.it\/","name":"Bellunopress - Dolomiti","description":"e-mail: redazione@bellunopress.it","publisher":{"@id":"https:\/\/www.bellunopress.it\/#organization"},"potentialAction":[{"@type":"SearchAction","target":{"@type":"EntryPoint","urlTemplate":"https:\/\/www.bellunopress.it\/?s={search_term_string}"},"query-input":{"@type":"PropertyValueSpecification","valueRequired":true,"valueName":"search_term_string"}}],"inLanguage":"fr-FR"},{"@type":"Organization","@id":"https:\/\/www.bellunopress.it\/#organization","name":"Bellunopress","url":"https:\/\/www.bellunopress.it\/","logo":{"@type":"ImageObject","inLanguage":"fr-FR","@id":"https:\/\/www.bellunopress.it\/#\/schema\/logo\/image\/","url":"https:\/\/www.bellunopress.it\/wp-content\/uploads\/2011\/05\/cropped-logo-bellunopress-.jpg","contentUrl":"https:\/\/www.bellunopress.it\/wp-content\/uploads\/2011\/05\/cropped-logo-bellunopress-.jpg","width":512,"height":512,"caption":"Bellunopress"},"image":{"@id":"https:\/\/www.bellunopress.it\/#\/schema\/logo\/image\/"},"sameAs":["https:\/\/www.facebook.com\/profile.php?id=100008943462799","https:\/\/x.com\/bellunopress","https:\/\/www.linkedin.com\/hp\/?dnr=JBzUWaJfMUw8vbXJJ2tVW5-I3jZKvC4wsoxE&amp;amp;amp;amp;amp;amp;trk=nav_responsive_tab_home","https:\/\/www.youtube.com\/channel\/UCxL0wu1uN0_3_7hGG0306cw"]},{"@type":"Person","@id":"https:\/\/www.bellunopress.it\/#\/schema\/person\/79bb06722b37ece1c03d3e94beb30d73","name":"r\u00e9daction","image":{"@type":"ImageObject","inLanguage":"fr-FR","@id":"https:\/\/secure.gravatar.com\/avatar\/37d968a2e67a6fd04c169c4bdef102d0bc5d31b2546345219e348575eb80e9a0?s=96&d=mm&r=g","url":"https:\/\/secure.gravatar.com\/avatar\/37d968a2e67a6fd04c169c4bdef102d0bc5d31b2546345219e348575eb80e9a0?s=96&d=mm&r=g","contentUrl":"https:\/\/secure.gravatar.com\/avatar\/37d968a2e67a6fd04c169c4bdef102d0bc5d31b2546345219e348575eb80e9a0?s=96&d=mm&r=g","caption":"redazione"},"sameAs":["http:\/\/www.bellunopress.it","https:\/\/x.com\/bellunopress"],"url":"https:\/\/www.bellunopress.it\/fr\/author\/redazione\/"}]}},"_links":{"self":[{"href":"https:\/\/www.bellunopress.it\/fr\/wp-json\/wp\/v2\/posts\/162092","targetHints":{"allow":["GET"]}}],"collection":[{"href":"https:\/\/www.bellunopress.it\/fr\/wp-json\/wp\/v2\/posts"}],"about":[{"href":"https:\/\/www.bellunopress.it\/fr\/wp-json\/wp\/v2\/types\/post"}],"author":[{"embeddable":true,"href":"https:\/\/www.bellunopress.it\/fr\/wp-json\/wp\/v2\/users\/2"}],"replies":[{"embeddable":true,"href":"https:\/\/www.bellunopress.it\/fr\/wp-json\/wp\/v2\/comments?post=162092"}],"version-history":[{"count":1,"href":"https:\/\/www.bellunopress.it\/fr\/wp-json\/wp\/v2\/posts\/162092\/revisions"}],"predecessor-version":[{"id":162093,"href":"https:\/\/www.bellunopress.it\/fr\/wp-json\/wp\/v2\/posts\/162092\/revisions\/162093"}],"wp:featuredmedia":[{"embeddable":true,"href":"https:\/\/www.bellunopress.it\/fr\/wp-json\/wp\/v2\/media\/160812"}],"wp:attachment":[{"href":"https:\/\/www.bellunopress.it\/fr\/wp-json\/wp\/v2\/media?parent=162092"}],"wp:term":[{"taxonomy":"category","embeddable":true,"href":"https:\/\/www.bellunopress.it\/fr\/wp-json\/wp\/v2\/categories?post=162092"},{"taxonomy":"post_tag","embeddable":true,"href":"https:\/\/www.bellunopress.it\/fr\/wp-json\/wp\/v2\/tags?post=162092"}],"curies":[{"name":"wp","href":"https:\/\/api.w.org\/{rel}","templated":true}]}}