{"id":162090,"date":"2025-07-25T08:27:20","date_gmt":"2025-07-25T06:27:20","guid":{"rendered":"https:\/\/www.bellunopress.it\/?p=162090"},"modified":"2025-12-09T14:27:22","modified_gmt":"2025-12-09T13:27:22","slug":"femminicidio-un-reato-simbolo-tra-ipertrofia-penale-e-deriva-antiegualitaria-di-daniele-trabucco","status":"publish","type":"post","link":"https:\/\/www.bellunopress.it\/fr\/2025\/07\/25\/femminicidio-un-reato-simbolo-tra-ipertrofia-penale-e-deriva-antiegualitaria-di-daniele-trabucco\/","title":{"rendered":"Femminicidio, un reato-simbolo tra ipertrofia penale e deriva antiegualitaria    * di Daniele Trabucco"},"content":{"rendered":"<figure id=\"attachment_125649\" aria-describedby=\"caption-attachment-125649\" style=\"width: 332px\" class=\"wp-caption aligncenter\"><img loading=\"lazy\" decoding=\"async\" class=\"size-full wp-image-125649\" src=\"https:\/\/www.bellunopress.it\/wp-content\/uploads\/2021\/07\/Daniele-Trabucco.jpg\" alt=\"\" width=\"332\" height=\"392\" \/><figcaption id=\"caption-attachment-125649\" class=\"wp-caption-text\">Daniele Trabucco, costituzionalista<\/figcaption><\/figure>\n<p>L\u2019approvazione da parte del Senato della Repubblica del disegno di legge n. 1433, volto a introdurre nel Codice penale italiano il nuovo reato autonomo di <a href=\"https:\/\/www.robertodenart.com\/\">femminicidio<\/a>, configura l\u2019ennesima manifestazione di un diritto penale a funzione prevalentemente simbolica, in cui la normazione non si misura pi\u00f9 con l\u2019esigenza di sanzionare condotte effettivamente prive di copertura giuridica, bens\u00ec con la pretesa ideologica di costruire paradigmi valoriali attraverso l\u2019imposizione legislativa.<\/p>\n<p>Il testo, che ha ricevuto voto unanime a Palazzo Madama e ora \u00e8 all\u2019esame della Camera dei Deputati, istituisce l\u2019articolo 577-bis del Codice penale, prevedendo la pena dell\u2019ergastolo per chi cagiona la morte di una donna \u00abin quanto donna\u00bb, ossia per ragioni connesse a discriminazione, dominio, possesso, rifiuto di instaurare o proseguire un rapporto affettivo, o come forma di limitazione della libert\u00e0 individuale della vittima.<\/p>\n<p>A ci\u00f2 si aggiungono disposizioni di natura aggravante per reati gi\u00e0 coperti dal cosiddetto &#8220;Codice rosso&#8221; (stalking, maltrattamenti, violenza sessuale, revenge porn), misure procedurali rafforzate, obblighi di informazione, confisca obbligatoria dei beni, e la previsione di un periodo minimo di osservazione scientifica della personalit\u00e0 del condannato ai fini dell\u2019accesso a benefici penitenziari. Il disegno di legge si inserisce in una stagione normativa gi\u00e0 ipertrofica in materia, che ha visto susseguirsi, dalla legge ordinaria dello Stato n. 119\/2013 alla legge formale n. 69\/2019, fino alla pi\u00f9 recente legge n. 168\/2023, una moltiplicazione di strumenti repressivi e cautelari, spesso sovrapposti o ridondanti.<\/p>\n<p>Sotto il profilo costituzionale, l\u2019impianto del provvedimento si rivela problematico per una pluralit\u00e0 di ragioni. Anzitutto, l\u2019introduzione di un titolo autonomo di reato fondato sulla qualit\u00e0 soggettiva della vittima, in questo caso il suo essere &#8220;donna&#8221;, mina alla radice il principio di eguaglianza formale sancito dall\u2019articolo 3, comma 1, della Costituzione. In un ordinamento che si fonda sulla pari dignit\u00e0 di tutti gli esseri umani e sul divieto di discriminazioni fondate sul sesso, la valorizzazione penale differenziata della medesima condotta omicidiaria a seconda della vittima finisce per reintrodurre surrettiziamente un criterio di specialit\u00e0 discriminatoria.<\/p>\n<p>La norma, sotto questo aspetto, appare in rotta di collisione con la concezione classica dello Stato di diritto, in cui la generalit\u00e0 della legge penale, e quindi la sua eguaglianza formale nella commisurazione delle pene, \u00e8 garanzia di giustizia e non ostacolo alla tutela dei deboli. Il diritto penale non pu\u00f2 e non deve farsi veicolo di parzialit\u00e0 assiologiche fondate su identit\u00e0 categoriali, pena la sua trasformazione in strumento di lotta politica travestito da giustizia.<\/p>\n<p>In secondo luogo, la vaghezza estrema delle formule utilizzate dal nuovo art. 577-bis, quali &#8220;atti di dominio&#8221;, &#8220;odio di genere&#8221;, &#8220;controllo&#8221;, &#8220;prevaricazione, &#8220;possesso&#8221;, tradisce un\u2019inaccettabile indeterminatezza della fattispecie incriminatrice, in aperta violazione del principio di legalit\u00e0 sostanziale (art. 25, comma 2, Cost.). L\u2019assenza di criteri normativi chiari e verificabili nella ricostruzione dell\u2019elemento soggettivo del reato affida alla discrezionalit\u00e0 interpretativa del giudice un compito eccedente le garanzie di tipicit\u00e0 e determinatezza, consentendo una potenziale selettivit\u00e0 ideologica nella repressione. La norma non sanziona pi\u00f9, infatti, comportamenti oggettivamente definiti, bens\u00ec stati emotivi o simbolici dell\u2019agente, ricostruiti ex post sulla base della narrativa vittimaria.<\/p>\n<p>Non meno rilevante \u00e8 il vulnus che tale disegno reca al principio di proporzionalit\u00e0 delle pene (art. 27, comma 3, Cost.). L\u2019introduzione della pena perpetua obbligatoria per il nuovo reato, a fronte di condotte gi\u00e0 punite con l\u2019ergastolo in virt\u00f9 delle aggravanti previste dagli artt. 576 e 577 c.p., si configura non solo come inutile duplicazione normativa, ma come sanzione potenzialmente irragionevole, priva di margini di personalizzazione e suscettibile di contrastare con il fine rieducativo della pena.<\/p>\n<p>La pretesa di rafforzare la deterrenza mediante automatismi sanzionatori contrasta con la progressiva affermazione in giurisprudenza costituzionale della necessaria individualizzazione del trattamento penale (si pensi alle sentenze n. 22\/2022 e n. 149\/2018), in coerenza con una visione personalista del diritto punitivo. L\u2019uomo condannato non \u00e8 solo autore di un delitto, ma \u00e8 persona titolare di una dignit\u00e0 ontologica non negoziabile, che la Costituzione, in continuit\u00e0 con l\u2019antropologia giusnaturalista classica, tutela come limite interno all\u2019azione punitiva dello Stato.<\/p>\n<p>A un livello filosofico pi\u00f9 profondo, il disegno di legge riflette la deriva contemporanea verso un diritto penale dell\u2019emozione, fondato non pi\u00f9 sulla razionalit\u00e0 della norma, quanto sulla reattivit\u00e0 simbolica e sul bisogno politico-mediatico di esibire risposte immediate a fenomeni tragici. Il femminicidio, nella sua drammaticit\u00e0, \u00e8 elevato a categoria metafisica, a mito fondante di un nuovo ordine penale sessuato, in cui l\u2019eguaglianza sostanziale \u00e8 rovesciata in differenza giuridica e la giustizia si fa partigiana. Il legislatore abdica cos\u00ec alla sua funzione ordinatrice, per farsi portavoce di pulsioni culturali irriflesse, riducendo il diritto penale a strumento di narrazione ideologica.<\/p>\n<p>Non \u00e8 in discussione l\u2019esigenza di contrastare con fermezza e determinazione ogni forma di violenza, soprattutto quando essa si radica in strutture relazionali disfunzionali o in culture di sopraffazione. Tuttavia, un ordinamento maturo deve distinguere tra protezione delle vittime e produzione di diritto penale diseguale. Il diritto non si costruisce sull\u2019onda del pathos, ma nella fedelt\u00e0 alla razionalit\u00e0 dell\u2019ordine giuridico, che \u00e8 ordine di giustizia, non di vendetta. La Costituzione repubblicana, nonostante le sue ambiguit\u00e0 ermeneutiche, conserva in s\u00e9 una vocazione universalistica e razionale che questo disegno di legge tradisce.In definitiva, l\u2019istituzione di un reato autonomo di femminicidio rappresenta non solo una mossa legislativa superflua e priva di reale efficacia aggiuntiva rispetto al gi\u00e0 vasto apparato normativo esistente, ma anche un atto profondamente problematico sul piano della coerenza costituzionale, della razionalit\u00e0 giuridica e della concezione stessa del diritto. In nome di una legittima istanza di protezione si rischia di abbandonare i fondamenti stessi dell\u2019ordinamento giuridico, trasformando il diritto penale in un\u2019arma ideologica e l\u2019eguaglianza in privilegio rovesciato.<\/p>\n<p><strong>Daniele Trabucco<\/strong><\/p>","protected":false},"excerpt":{"rendered":"<p>L\u2019approvazione da parte del Senato della Repubblica del disegno di legge n. 1433, volto a introdurre nel Codice penale italiano il nuovo reato autonomo di femminicidio, configura l\u2019ennesima manifestazione di un diritto penale a funzione prevalentemente simbolica, in cui la normazione non si misura pi\u00f9 con l\u2019esigenza di sanzionare condotte effettivamente prive di copertura giuridica, [&hellip;]<\/p>\n","protected":false},"author":2,"featured_media":125649,"comment_status":"closed","ping_status":"open","sticky":false,"template":"","format":"standard","meta":{"footnotes":""},"categories":[5,26],"tags":[],"class_list":["post-162090","post","type-post","status-publish","format-standard","has-post-thumbnail","category-cronaca","category-prima-pagina"],"yoast_head":"<!-- This site is optimized with the Yoast SEO plugin v28.4 - https:\/\/yoast.com\/product\/yoast-seo-wordpress\/ -->\n<title>Femminicidio, un reato-simbolo tra ipertrofia penale e deriva antiegualitaria  * di Daniele Trabucco - Bellunopress - Dolomiti<\/title>\n<meta name=\"robots\" content=\"index, follow, max-snippet:-1, max-image-preview:large, max-video-preview:-1\" \/>\n<link rel=\"canonical\" href=\"https:\/\/www.bellunopress.it\/fr\/2025\/07\/25\/femminicidio-un-reato-simbolo-tra-ipertrofia-penale-e-deriva-antiegualitaria-di-daniele-trabucco\/\" \/>\n<meta property=\"og:locale\" content=\"fr_FR\" \/>\n<meta property=\"og:type\" content=\"article\" \/>\n<meta property=\"og:title\" content=\"Femminicidio, un reato-simbolo tra ipertrofia penale e deriva antiegualitaria  * di Daniele Trabucco - Bellunopress - Dolomiti\" \/>\n<meta property=\"og:description\" content=\"L\u2019approvazione da parte del Senato della Repubblica del disegno di legge n. 1433, volto a introdurre nel Codice penale italiano il nuovo reato autonomo di femminicidio, configura l\u2019ennesima manifestazione di un diritto penale a funzione prevalentemente simbolica, in cui la normazione non si misura pi\u00f9 con l\u2019esigenza di sanzionare condotte effettivamente prive di copertura giuridica, [&hellip;]\" \/>\n<meta property=\"og:url\" content=\"https:\/\/www.bellunopress.it\/fr\/2025\/07\/25\/femminicidio-un-reato-simbolo-tra-ipertrofia-penale-e-deriva-antiegualitaria-di-daniele-trabucco\/\" \/>\n<meta property=\"og:site_name\" content=\"Bellunopress - Dolomiti\" \/>\n<meta property=\"article:publisher\" content=\"https:\/\/www.facebook.com\/profile.php?id=100008943462799\" \/>\n<meta property=\"article:published_time\" content=\"2025-07-25T06:27:20+00:00\" \/>\n<meta property=\"article:modified_time\" content=\"2025-12-09T13:27:22+00:00\" \/>\n<meta property=\"og:image\" content=\"https:\/\/www.bellunopress.it\/wp-content\/uploads\/2021\/07\/Daniele-Trabucco.jpg\" \/>\n\t<meta property=\"og:image:width\" content=\"332\" \/>\n\t<meta property=\"og:image:height\" content=\"392\" \/>\n\t<meta property=\"og:image:type\" content=\"image\/jpeg\" \/>\n<meta name=\"author\" content=\"redazione\" \/>\n<meta name=\"twitter:card\" content=\"summary_large_image\" \/>\n<meta name=\"twitter:creator\" content=\"@bellunopress\" \/>\n<meta name=\"twitter:site\" content=\"@bellunopress\" \/>\n<meta name=\"twitter:label1\" content=\"\u00c9crit par\" \/>\n\t<meta name=\"twitter:data1\" content=\"redazione\" \/>\n\t<meta name=\"twitter:label2\" content=\"Dur\u00e9e de lecture estim\u00e9e\" \/>\n\t<meta name=\"twitter:data2\" content=\"5 minutes\" \/>\n<script type=\"application\/ld+json\" class=\"yoast-schema-graph\">{\"@context\":\"https:\\\/\\\/schema.org\",\"@graph\":[{\"@type\":\"Article\",\"@id\":\"https:\\\/\\\/www.bellunopress.it\\\/2025\\\/07\\\/25\\\/femminicidio-un-reato-simbolo-tra-ipertrofia-penale-e-deriva-antiegualitaria-di-daniele-trabucco\\\/#article\",\"isPartOf\":{\"@id\":\"https:\\\/\\\/www.bellunopress.it\\\/2025\\\/07\\\/25\\\/femminicidio-un-reato-simbolo-tra-ipertrofia-penale-e-deriva-antiegualitaria-di-daniele-trabucco\\\/\"},\"author\":{\"name\":\"redazione\",\"@id\":\"https:\\\/\\\/www.bellunopress.it\\\/#\\\/schema\\\/person\\\/79bb06722b37ece1c03d3e94beb30d73\"},\"headline\":\"Femminicidio, un reato-simbolo tra ipertrofia penale e deriva antiegualitaria * di Daniele Trabucco\",\"datePublished\":\"2025-07-25T06:27:20+00:00\",\"dateModified\":\"2025-12-09T13:27:22+00:00\",\"mainEntityOfPage\":{\"@id\":\"https:\\\/\\\/www.bellunopress.it\\\/2025\\\/07\\\/25\\\/femminicidio-un-reato-simbolo-tra-ipertrofia-penale-e-deriva-antiegualitaria-di-daniele-trabucco\\\/\"},\"wordCount\":953,\"publisher\":{\"@id\":\"https:\\\/\\\/www.bellunopress.it\\\/#organization\"},\"image\":{\"@id\":\"https:\\\/\\\/www.bellunopress.it\\\/2025\\\/07\\\/25\\\/femminicidio-un-reato-simbolo-tra-ipertrofia-penale-e-deriva-antiegualitaria-di-daniele-trabucco\\\/#primaryimage\"},\"thumbnailUrl\":\"https:\\\/\\\/www.bellunopress.it\\\/wp-content\\\/uploads\\\/2021\\\/07\\\/Daniele-Trabucco.jpg\",\"articleSection\":[\"Cronaca\\\/Politica\",\"Prima Pagina\"],\"inLanguage\":\"fr-FR\"},{\"@type\":\"WebPage\",\"@id\":\"https:\\\/\\\/www.bellunopress.it\\\/2025\\\/07\\\/25\\\/femminicidio-un-reato-simbolo-tra-ipertrofia-penale-e-deriva-antiegualitaria-di-daniele-trabucco\\\/\",\"url\":\"https:\\\/\\\/www.bellunopress.it\\\/2025\\\/07\\\/25\\\/femminicidio-un-reato-simbolo-tra-ipertrofia-penale-e-deriva-antiegualitaria-di-daniele-trabucco\\\/\",\"name\":\"Femminicidio, un reato-simbolo tra ipertrofia penale e deriva antiegualitaria * di Daniele Trabucco - Bellunopress - Dolomiti\",\"isPartOf\":{\"@id\":\"https:\\\/\\\/www.bellunopress.it\\\/#website\"},\"primaryImageOfPage\":{\"@id\":\"https:\\\/\\\/www.bellunopress.it\\\/2025\\\/07\\\/25\\\/femminicidio-un-reato-simbolo-tra-ipertrofia-penale-e-deriva-antiegualitaria-di-daniele-trabucco\\\/#primaryimage\"},\"image\":{\"@id\":\"https:\\\/\\\/www.bellunopress.it\\\/2025\\\/07\\\/25\\\/femminicidio-un-reato-simbolo-tra-ipertrofia-penale-e-deriva-antiegualitaria-di-daniele-trabucco\\\/#primaryimage\"},\"thumbnailUrl\":\"https:\\\/\\\/www.bellunopress.it\\\/wp-content\\\/uploads\\\/2021\\\/07\\\/Daniele-Trabucco.jpg\",\"datePublished\":\"2025-07-25T06:27:20+00:00\",\"dateModified\":\"2025-12-09T13:27:22+00:00\",\"breadcrumb\":{\"@id\":\"https:\\\/\\\/www.bellunopress.it\\\/2025\\\/07\\\/25\\\/femminicidio-un-reato-simbolo-tra-ipertrofia-penale-e-deriva-antiegualitaria-di-daniele-trabucco\\\/#breadcrumb\"},\"inLanguage\":\"fr-FR\",\"potentialAction\":[{\"@type\":\"ReadAction\",\"target\":[\"https:\\\/\\\/www.bellunopress.it\\\/2025\\\/07\\\/25\\\/femminicidio-un-reato-simbolo-tra-ipertrofia-penale-e-deriva-antiegualitaria-di-daniele-trabucco\\\/\"]}]},{\"@type\":\"ImageObject\",\"inLanguage\":\"fr-FR\",\"@id\":\"https:\\\/\\\/www.bellunopress.it\\\/2025\\\/07\\\/25\\\/femminicidio-un-reato-simbolo-tra-ipertrofia-penale-e-deriva-antiegualitaria-di-daniele-trabucco\\\/#primaryimage\",\"url\":\"https:\\\/\\\/www.bellunopress.it\\\/wp-content\\\/uploads\\\/2021\\\/07\\\/Daniele-Trabucco.jpg\",\"contentUrl\":\"https:\\\/\\\/www.bellunopress.it\\\/wp-content\\\/uploads\\\/2021\\\/07\\\/Daniele-Trabucco.jpg\",\"width\":332,\"height\":392,\"caption\":\"Daniele Trabucco, costituzionalista\"},{\"@type\":\"BreadcrumbList\",\"@id\":\"https:\\\/\\\/www.bellunopress.it\\\/2025\\\/07\\\/25\\\/femminicidio-un-reato-simbolo-tra-ipertrofia-penale-e-deriva-antiegualitaria-di-daniele-trabucco\\\/#breadcrumb\",\"itemListElement\":[{\"@type\":\"ListItem\",\"position\":1,\"name\":\"Home\",\"item\":\"https:\\\/\\\/www.bellunopress.it\\\/\"},{\"@type\":\"ListItem\",\"position\":2,\"name\":\"Femminicidio, un reato-simbolo tra ipertrofia penale e deriva antiegualitaria * di Daniele Trabucco\"}]},{\"@type\":\"WebSite\",\"@id\":\"https:\\\/\\\/www.bellunopress.it\\\/#website\",\"url\":\"https:\\\/\\\/www.bellunopress.it\\\/\",\"name\":\"Bellunopress - Dolomiti\",\"description\":\"e-mail: redazione@bellunopress.it\",\"publisher\":{\"@id\":\"https:\\\/\\\/www.bellunopress.it\\\/#organization\"},\"potentialAction\":[{\"@type\":\"SearchAction\",\"target\":{\"@type\":\"EntryPoint\",\"urlTemplate\":\"https:\\\/\\\/www.bellunopress.it\\\/?s={search_term_string}\"},\"query-input\":{\"@type\":\"PropertyValueSpecification\",\"valueRequired\":true,\"valueName\":\"search_term_string\"}}],\"inLanguage\":\"fr-FR\"},{\"@type\":\"Organization\",\"@id\":\"https:\\\/\\\/www.bellunopress.it\\\/#organization\",\"name\":\"Bellunopress\",\"url\":\"https:\\\/\\\/www.bellunopress.it\\\/\",\"logo\":{\"@type\":\"ImageObject\",\"inLanguage\":\"fr-FR\",\"@id\":\"https:\\\/\\\/www.bellunopress.it\\\/#\\\/schema\\\/logo\\\/image\\\/\",\"url\":\"https:\\\/\\\/www.bellunopress.it\\\/wp-content\\\/uploads\\\/2011\\\/05\\\/cropped-logo-bellunopress-.jpg\",\"contentUrl\":\"https:\\\/\\\/www.bellunopress.it\\\/wp-content\\\/uploads\\\/2011\\\/05\\\/cropped-logo-bellunopress-.jpg\",\"width\":512,\"height\":512,\"caption\":\"Bellunopress\"},\"image\":{\"@id\":\"https:\\\/\\\/www.bellunopress.it\\\/#\\\/schema\\\/logo\\\/image\\\/\"},\"sameAs\":[\"https:\\\/\\\/www.facebook.com\\\/profile.php?id=100008943462799\",\"https:\\\/\\\/x.com\\\/bellunopress\",\"https:\\\/\\\/www.linkedin.com\\\/hp\\\/?dnr=JBzUWaJfMUw8vbXJJ2tVW5-I3jZKvC4wsoxE&amp;amp;amp;amp;amp;amp;trk=nav_responsive_tab_home\",\"https:\\\/\\\/www.youtube.com\\\/channel\\\/UCxL0wu1uN0_3_7hGG0306cw\"]},{\"@type\":\"Person\",\"@id\":\"https:\\\/\\\/www.bellunopress.it\\\/#\\\/schema\\\/person\\\/79bb06722b37ece1c03d3e94beb30d73\",\"name\":\"redazione\",\"image\":{\"@type\":\"ImageObject\",\"inLanguage\":\"fr-FR\",\"@id\":\"https:\\\/\\\/secure.gravatar.com\\\/avatar\\\/37d968a2e67a6fd04c169c4bdef102d0bc5d31b2546345219e348575eb80e9a0?s=96&d=mm&r=g\",\"url\":\"https:\\\/\\\/secure.gravatar.com\\\/avatar\\\/37d968a2e67a6fd04c169c4bdef102d0bc5d31b2546345219e348575eb80e9a0?s=96&d=mm&r=g\",\"contentUrl\":\"https:\\\/\\\/secure.gravatar.com\\\/avatar\\\/37d968a2e67a6fd04c169c4bdef102d0bc5d31b2546345219e348575eb80e9a0?s=96&d=mm&r=g\",\"caption\":\"redazione\"},\"sameAs\":[\"http:\\\/\\\/www.bellunopress.it\",\"https:\\\/\\\/x.com\\\/bellunopress\"],\"url\":\"https:\\\/\\\/www.bellunopress.it\\\/fr\\\/author\\\/redazione\\\/\"}]}<\/script>\n<!-- \/ Yoast SEO plugin. -->","yoast_head_json":{"title":"Femminicidio, un reato-simbolo tra ipertrofia penale e deriva antiegualitaria  * di Daniele Trabucco - Bellunopress - Dolomiti","robots":{"index":"index","follow":"follow","max-snippet":"max-snippet:-1","max-image-preview":"max-image-preview:large","max-video-preview":"max-video-preview:-1"},"canonical":"https:\/\/www.bellunopress.it\/fr\/2025\/07\/25\/femminicidio-un-reato-simbolo-tra-ipertrofia-penale-e-deriva-antiegualitaria-di-daniele-trabucco\/","og_locale":"fr_FR","og_type":"article","og_title":"Femminicidio, un reato-simbolo tra ipertrofia penale e deriva antiegualitaria  * di Daniele Trabucco - Bellunopress - Dolomiti","og_description":"L\u2019approvazione da parte del Senato della Repubblica del disegno di legge n. 1433, volto a introdurre nel Codice penale italiano il nuovo reato autonomo di femminicidio, configura l\u2019ennesima manifestazione di un diritto penale a funzione prevalentemente simbolica, in cui la normazione non si misura pi\u00f9 con l\u2019esigenza di sanzionare condotte effettivamente prive di copertura giuridica, [&hellip;]","og_url":"https:\/\/www.bellunopress.it\/fr\/2025\/07\/25\/femminicidio-un-reato-simbolo-tra-ipertrofia-penale-e-deriva-antiegualitaria-di-daniele-trabucco\/","og_site_name":"Bellunopress - Dolomiti","article_publisher":"https:\/\/www.facebook.com\/profile.php?id=100008943462799","article_published_time":"2025-07-25T06:27:20+00:00","article_modified_time":"2025-12-09T13:27:22+00:00","og_image":[{"width":332,"height":392,"url":"https:\/\/www.bellunopress.it\/wp-content\/uploads\/2021\/07\/Daniele-Trabucco.jpg","type":"image\/jpeg"}],"author":"redazione","twitter_card":"summary_large_image","twitter_creator":"@bellunopress","twitter_site":"@bellunopress","twitter_misc":{"\u00c9crit par":"redazione","Dur\u00e9e de lecture estim\u00e9e":"5 minutes"},"schema":{"@context":"https:\/\/schema.org","@graph":[{"@type":"Article","@id":"https:\/\/www.bellunopress.it\/2025\/07\/25\/femminicidio-un-reato-simbolo-tra-ipertrofia-penale-e-deriva-antiegualitaria-di-daniele-trabucco\/#article","isPartOf":{"@id":"https:\/\/www.bellunopress.it\/2025\/07\/25\/femminicidio-un-reato-simbolo-tra-ipertrofia-penale-e-deriva-antiegualitaria-di-daniele-trabucco\/"},"author":{"name":"redazione","@id":"https:\/\/www.bellunopress.it\/#\/schema\/person\/79bb06722b37ece1c03d3e94beb30d73"},"headline":"Femminicidio, un reato-simbolo tra ipertrofia penale e deriva antiegualitaria * di Daniele Trabucco","datePublished":"2025-07-25T06:27:20+00:00","dateModified":"2025-12-09T13:27:22+00:00","mainEntityOfPage":{"@id":"https:\/\/www.bellunopress.it\/2025\/07\/25\/femminicidio-un-reato-simbolo-tra-ipertrofia-penale-e-deriva-antiegualitaria-di-daniele-trabucco\/"},"wordCount":953,"publisher":{"@id":"https:\/\/www.bellunopress.it\/#organization"},"image":{"@id":"https:\/\/www.bellunopress.it\/2025\/07\/25\/femminicidio-un-reato-simbolo-tra-ipertrofia-penale-e-deriva-antiegualitaria-di-daniele-trabucco\/#primaryimage"},"thumbnailUrl":"https:\/\/www.bellunopress.it\/wp-content\/uploads\/2021\/07\/Daniele-Trabucco.jpg","articleSection":["Cronaca\/Politica","Prima Pagina"],"inLanguage":"fr-FR"},{"@type":"WebPage","@id":"https:\/\/www.bellunopress.it\/2025\/07\/25\/femminicidio-un-reato-simbolo-tra-ipertrofia-penale-e-deriva-antiegualitaria-di-daniele-trabucco\/","url":"https:\/\/www.bellunopress.it\/2025\/07\/25\/femminicidio-un-reato-simbolo-tra-ipertrofia-penale-e-deriva-antiegualitaria-di-daniele-trabucco\/","name":"Femminicidio, un reato-simbolo tra ipertrofia penale e deriva antiegualitaria * di Daniele Trabucco - Bellunopress - Dolomiti","isPartOf":{"@id":"https:\/\/www.bellunopress.it\/#website"},"primaryImageOfPage":{"@id":"https:\/\/www.bellunopress.it\/2025\/07\/25\/femminicidio-un-reato-simbolo-tra-ipertrofia-penale-e-deriva-antiegualitaria-di-daniele-trabucco\/#primaryimage"},"image":{"@id":"https:\/\/www.bellunopress.it\/2025\/07\/25\/femminicidio-un-reato-simbolo-tra-ipertrofia-penale-e-deriva-antiegualitaria-di-daniele-trabucco\/#primaryimage"},"thumbnailUrl":"https:\/\/www.bellunopress.it\/wp-content\/uploads\/2021\/07\/Daniele-Trabucco.jpg","datePublished":"2025-07-25T06:27:20+00:00","dateModified":"2025-12-09T13:27:22+00:00","breadcrumb":{"@id":"https:\/\/www.bellunopress.it\/2025\/07\/25\/femminicidio-un-reato-simbolo-tra-ipertrofia-penale-e-deriva-antiegualitaria-di-daniele-trabucco\/#breadcrumb"},"inLanguage":"fr-FR","potentialAction":[{"@type":"ReadAction","target":["https:\/\/www.bellunopress.it\/2025\/07\/25\/femminicidio-un-reato-simbolo-tra-ipertrofia-penale-e-deriva-antiegualitaria-di-daniele-trabucco\/"]}]},{"@type":"ImageObject","inLanguage":"fr-FR","@id":"https:\/\/www.bellunopress.it\/2025\/07\/25\/femminicidio-un-reato-simbolo-tra-ipertrofia-penale-e-deriva-antiegualitaria-di-daniele-trabucco\/#primaryimage","url":"https:\/\/www.bellunopress.it\/wp-content\/uploads\/2021\/07\/Daniele-Trabucco.jpg","contentUrl":"https:\/\/www.bellunopress.it\/wp-content\/uploads\/2021\/07\/Daniele-Trabucco.jpg","width":332,"height":392,"caption":"Daniele Trabucco, costituzionalista"},{"@type":"BreadcrumbList","@id":"https:\/\/www.bellunopress.it\/2025\/07\/25\/femminicidio-un-reato-simbolo-tra-ipertrofia-penale-e-deriva-antiegualitaria-di-daniele-trabucco\/#breadcrumb","itemListElement":[{"@type":"ListItem","position":1,"name":"Home","item":"https:\/\/www.bellunopress.it\/"},{"@type":"ListItem","position":2,"name":"Femminicidio, un reato-simbolo tra ipertrofia penale e deriva antiegualitaria * di Daniele Trabucco"}]},{"@type":"WebSite","@id":"https:\/\/www.bellunopress.it\/#website","url":"https:\/\/www.bellunopress.it\/","name":"Bellunopress - Dolomiti","description":"e-mail: redazione@bellunopress.it","publisher":{"@id":"https:\/\/www.bellunopress.it\/#organization"},"potentialAction":[{"@type":"SearchAction","target":{"@type":"EntryPoint","urlTemplate":"https:\/\/www.bellunopress.it\/?s={search_term_string}"},"query-input":{"@type":"PropertyValueSpecification","valueRequired":true,"valueName":"search_term_string"}}],"inLanguage":"fr-FR"},{"@type":"Organization","@id":"https:\/\/www.bellunopress.it\/#organization","name":"Bellunopress","url":"https:\/\/www.bellunopress.it\/","logo":{"@type":"ImageObject","inLanguage":"fr-FR","@id":"https:\/\/www.bellunopress.it\/#\/schema\/logo\/image\/","url":"https:\/\/www.bellunopress.it\/wp-content\/uploads\/2011\/05\/cropped-logo-bellunopress-.jpg","contentUrl":"https:\/\/www.bellunopress.it\/wp-content\/uploads\/2011\/05\/cropped-logo-bellunopress-.jpg","width":512,"height":512,"caption":"Bellunopress"},"image":{"@id":"https:\/\/www.bellunopress.it\/#\/schema\/logo\/image\/"},"sameAs":["https:\/\/www.facebook.com\/profile.php?id=100008943462799","https:\/\/x.com\/bellunopress","https:\/\/www.linkedin.com\/hp\/?dnr=JBzUWaJfMUw8vbXJJ2tVW5-I3jZKvC4wsoxE&amp;amp;amp;amp;amp;amp;trk=nav_responsive_tab_home","https:\/\/www.youtube.com\/channel\/UCxL0wu1uN0_3_7hGG0306cw"]},{"@type":"Person","@id":"https:\/\/www.bellunopress.it\/#\/schema\/person\/79bb06722b37ece1c03d3e94beb30d73","name":"r\u00e9daction","image":{"@type":"ImageObject","inLanguage":"fr-FR","@id":"https:\/\/secure.gravatar.com\/avatar\/37d968a2e67a6fd04c169c4bdef102d0bc5d31b2546345219e348575eb80e9a0?s=96&d=mm&r=g","url":"https:\/\/secure.gravatar.com\/avatar\/37d968a2e67a6fd04c169c4bdef102d0bc5d31b2546345219e348575eb80e9a0?s=96&d=mm&r=g","contentUrl":"https:\/\/secure.gravatar.com\/avatar\/37d968a2e67a6fd04c169c4bdef102d0bc5d31b2546345219e348575eb80e9a0?s=96&d=mm&r=g","caption":"redazione"},"sameAs":["http:\/\/www.bellunopress.it","https:\/\/x.com\/bellunopress"],"url":"https:\/\/www.bellunopress.it\/fr\/author\/redazione\/"}]}},"_links":{"self":[{"href":"https:\/\/www.bellunopress.it\/fr\/wp-json\/wp\/v2\/posts\/162090","targetHints":{"allow":["GET"]}}],"collection":[{"href":"https:\/\/www.bellunopress.it\/fr\/wp-json\/wp\/v2\/posts"}],"about":[{"href":"https:\/\/www.bellunopress.it\/fr\/wp-json\/wp\/v2\/types\/post"}],"author":[{"embeddable":true,"href":"https:\/\/www.bellunopress.it\/fr\/wp-json\/wp\/v2\/users\/2"}],"replies":[{"embeddable":true,"href":"https:\/\/www.bellunopress.it\/fr\/wp-json\/wp\/v2\/comments?post=162090"}],"version-history":[{"count":2,"href":"https:\/\/www.bellunopress.it\/fr\/wp-json\/wp\/v2\/posts\/162090\/revisions"}],"predecessor-version":[{"id":165596,"href":"https:\/\/www.bellunopress.it\/fr\/wp-json\/wp\/v2\/posts\/162090\/revisions\/165596"}],"wp:featuredmedia":[{"embeddable":true,"href":"https:\/\/www.bellunopress.it\/fr\/wp-json\/wp\/v2\/media\/125649"}],"wp:attachment":[{"href":"https:\/\/www.bellunopress.it\/fr\/wp-json\/wp\/v2\/media?parent=162090"}],"wp:term":[{"taxonomy":"category","embeddable":true,"href":"https:\/\/www.bellunopress.it\/fr\/wp-json\/wp\/v2\/categories?post=162090"},{"taxonomy":"post_tag","embeddable":true,"href":"https:\/\/www.bellunopress.it\/fr\/wp-json\/wp\/v2\/tags?post=162090"}],"curies":[{"name":"wp","href":"https:\/\/api.w.org\/{rel}","templated":true}]}}