{"id":162044,"date":"2025-07-24T12:37:50","date_gmt":"2025-07-24T10:37:50","guid":{"rendered":"https:\/\/www.bellunopress.it\/?p=162044"},"modified":"2025-07-24T12:37:50","modified_gmt":"2025-07-24T10:37:50","slug":"ddl-1552-caccia-selvaggia-la-protesta-delle-associazioni-audizioni-sbilanciate-in-senato-voci-per-animali-e-ambiente-in-netta-minoranza","status":"publish","type":"post","link":"https:\/\/www.bellunopress.it\/fr\/2025\/07\/24\/ddl-1552-caccia-selvaggia-la-protesta-delle-associazioni-audizioni-sbilanciate-in-senato-voci-per-animali-e-ambiente-in-netta-minoranza\/","title":{"rendered":"DDL 1552 caccia selvaggia, la protesta delle associazioni. Audizioni sbilanciate in Senato: voci per animali e ambiente in netta minoranza"},"content":{"rendered":"<p><img loading=\"lazy\" decoding=\"async\" class=\"aligncenter size-full wp-image-147732\" src=\"https:\/\/www.bellunopress.it\/wp-content\/uploads\/2024\/01\/Leal-no-vivisezione_edited.jpg\" alt=\"\" width=\"1000\" height=\"1000\" srcset=\"https:\/\/www.bellunopress.it\/wp-content\/uploads\/2024\/01\/Leal-no-vivisezione_edited.jpg 1000w, https:\/\/www.bellunopress.it\/wp-content\/uploads\/2024\/01\/Leal-no-vivisezione_edited-500x500.jpg 500w, https:\/\/www.bellunopress.it\/wp-content\/uploads\/2024\/01\/Leal-no-vivisezione_edited-300x300.jpg 300w, https:\/\/www.bellunopress.it\/wp-content\/uploads\/2024\/01\/Leal-no-vivisezione_edited-696x696.jpg 696w\" sizes=\"auto, (max-width: 1000px) 100vw, 1000px\" \/>Le Associazioni Unite per la tutela di animali e ambiente apprendono dalla pubblicazione del calendario delle audizioni nelle Commissioni referenti del Senato che, nel percorso che porter\u00e0 all&#8217;esame delle nuove proposte in materia di caccia, questa settimana saranno audite ben otto associazioni di cacciatori, mentre la scorsa settimana \u00e8 stata la volta di sole quattro associazioni ambientaliste. Scandaloso: su una legge che demolisce la tutela degli animali selvatici saranno ascoltate anche associazioni che tutelano gli interessi dei produttori di armi e di coloro che praticano il tiro a volo.<\/p>\n<p>Le associazioni firmatarie esprimono profonda indignazione per l&#8217;evidente disparit\u00e0 nel rispetto della democrazia e delle istanze provenienti da milioni di cittadine e cittadini che chiedono maggiore tutela per la vita degli animali, per il loro benessere e per la salvaguardia ambientale. \u00c8 anche una violazione di uno dei principi cardine della Convenzione di Aarhus, che mira a favorire la partecipazione dei cittadini nei processi decisionali che influenzano l&#8217;ambiente.<\/p>\n<p>A destare ulteriore allarme \u00e8 la proposta avanzata in queste ore dalla Lega, che chiede di escludere dalla protezione tutte le specie omeoterme alloctone considerate invasive a livello unionale o nazionale, nonch\u00e9 quelle di origine domestica. Un&#8217;esclusione pesantissima, che lascerebbe senza tutela migliaia di animali e che, guarda caso, non riguarderebbe gli animali selvatici immessi a scopo venatorio. Insomma: animali tutelati solo se funzionali all&#8217;attivit\u00e0 dei cacciatori.<\/p>\n<p>Tra le &#8220;specie problematiche&#8221; nel mirino della Lega ci sono perfino i piccioni di origine domestica, definiti &#8220;inselvatichiti&#8221; e accusati di danneggiare le coltivazioni. Una narrazione strumentale e allarmista che cerca di trasformare un animale urbano da sempre parte del nostro paesaggio in una minaccia, al solo scopo di giustificarne l&#8217;eliminazione in massa.<\/p>\n<p>Chiediamo con forza al Presidente Luca De Carlo e a tutte le istituzioni coinvolte di garantire la necessaria equit\u00e0 e trasparenza nei lavori parlamentari, riequilibrando immediatamente le rappresentanze in fase di audizione. \u00c8 fondamentale che venga garantito pari ascolto a chi difende il bene collettivo e la vita in tutte le sue forme. Tanto pi\u00f9 in una materia che vede da sempre la stragrande maggioranza dei cittadini \u2013 con punte che raggiungono il 76% della popolazione \u2013 schierata contro la caccia, che \u00e8 praticata dallo 0,7% dei cittadini italiani.<\/p>\n<p><strong>LEAL Lega Antivivisezionista, OIPA Organizzazione Internazionale Protezione Animali, SOI e GAROL, Salviamo L&#8217;Orso &#8211; Associazione per la conservazione dell&#8217;orso bruno marsicano OdV, Rete dei Santuari di Animali Liberi, Nahr Nature, Art &amp; Habitat Residency, Waldrappteam, Stazione Ornitologica Abruzzese SOA APS, EARTH ODV, Rewilding Apennines ETS, EBN Italia Birdwatching Italiano, Eticoscienza, Gaia Animali &amp; Ambiente, Gruppo d&#8217;Intervento Giuridico (GrIG), LNDC Animal Protection, Animal Law Italia ETS, CISO Centro Italiano Studi Ornitologici, LEIDAA Lega italiana per la Difesa degli Animali e dell&#8217;Ambiente, Associazione CERM Centro Rapaci Minacciati ODV, Federazione Nazionale Pro Natura APS, GIO Gruppo Insubrico di Ornitologia odv<\/strong><\/p>\n<p>&nbsp;<\/p>","protected":false},"excerpt":{"rendered":"<p>Le Associazioni Unite per la tutela di animali e ambiente apprendono dalla pubblicazione del calendario delle audizioni nelle Commissioni referenti del Senato che, nel percorso che porter\u00e0 all&#8217;esame delle nuove proposte in materia di caccia, questa settimana saranno audite ben otto associazioni di cacciatori, mentre la scorsa settimana \u00e8 stata la volta di sole quattro [&hellip;]<\/p>\n","protected":false},"author":2,"featured_media":147732,"comment_status":"closed","ping_status":"open","sticky":false,"template":"","format":"standard","meta":{"footnotes":""},"categories":[38,26],"tags":[],"class_list":["post-162044","post","type-post","status-publish","format-standard","has-post-thumbnail","category-natura-ambiente","category-prima-pagina"],"yoast_head":"<!-- This site is optimized with the Yoast SEO plugin v28.4 - https:\/\/yoast.com\/product\/yoast-seo-wordpress\/ -->\n<title>DDL 1552 caccia selvaggia, la protesta delle associazioni. Audizioni sbilanciate in Senato: voci per animali e ambiente in netta minoranza - Bellunopress - Dolomiti<\/title>\n<meta name=\"robots\" content=\"index, follow, max-snippet:-1, max-image-preview:large, max-video-preview:-1\" \/>\n<link rel=\"canonical\" href=\"https:\/\/www.bellunopress.it\/fr\/2025\/07\/24\/ddl-1552-caccia-selvaggia-la-protesta-delle-associazioni-audizioni-sbilanciate-in-senato-voci-per-animali-e-ambiente-in-netta-minoranza\/\" \/>\n<meta property=\"og:locale\" content=\"fr_FR\" \/>\n<meta property=\"og:type\" content=\"article\" \/>\n<meta property=\"og:title\" content=\"DDL 1552 caccia selvaggia, la protesta delle associazioni. Audizioni sbilanciate in Senato: voci per animali e ambiente in netta minoranza - Bellunopress - Dolomiti\" \/>\n<meta property=\"og:description\" content=\"Le Associazioni Unite per la tutela di animali e ambiente apprendono dalla pubblicazione del calendario delle audizioni nelle Commissioni referenti del Senato che, nel percorso che porter\u00e0 all&#8217;esame delle nuove proposte in materia di caccia, questa settimana saranno audite ben otto associazioni di cacciatori, mentre la scorsa settimana \u00e8 stata la volta di sole quattro [&hellip;]\" \/>\n<meta property=\"og:url\" content=\"https:\/\/www.bellunopress.it\/fr\/2025\/07\/24\/ddl-1552-caccia-selvaggia-la-protesta-delle-associazioni-audizioni-sbilanciate-in-senato-voci-per-animali-e-ambiente-in-netta-minoranza\/\" \/>\n<meta property=\"og:site_name\" content=\"Bellunopress - Dolomiti\" \/>\n<meta property=\"article:publisher\" content=\"https:\/\/www.facebook.com\/profile.php?id=100008943462799\" \/>\n<meta property=\"article:published_time\" content=\"2025-07-24T10:37:50+00:00\" \/>\n<meta property=\"og:image\" content=\"https:\/\/www.bellunopress.it\/wp-content\/uploads\/2024\/01\/Leal-no-vivisezione_edited.jpg\" \/>\n\t<meta property=\"og:image:width\" content=\"1000\" \/>\n\t<meta property=\"og:image:height\" content=\"1000\" \/>\n\t<meta property=\"og:image:type\" content=\"image\/jpeg\" \/>\n<meta name=\"author\" content=\"redazione\" \/>\n<meta name=\"twitter:card\" content=\"summary_large_image\" \/>\n<meta name=\"twitter:creator\" content=\"@bellunopress\" \/>\n<meta name=\"twitter:site\" content=\"@bellunopress\" \/>\n<meta name=\"twitter:label1\" content=\"\u00c9crit par\" \/>\n\t<meta name=\"twitter:data1\" content=\"redazione\" \/>\n\t<meta name=\"twitter:label2\" content=\"Dur\u00e9e de lecture estim\u00e9e\" \/>\n\t<meta name=\"twitter:data2\" content=\"2 minutes\" \/>\n<script type=\"application\/ld+json\" class=\"yoast-schema-graph\">{\"@context\":\"https:\\\/\\\/schema.org\",\"@graph\":[{\"@type\":\"Article\",\"@id\":\"https:\\\/\\\/www.bellunopress.it\\\/2025\\\/07\\\/24\\\/ddl-1552-caccia-selvaggia-la-protesta-delle-associazioni-audizioni-sbilanciate-in-senato-voci-per-animali-e-ambiente-in-netta-minoranza\\\/#article\",\"isPartOf\":{\"@id\":\"https:\\\/\\\/www.bellunopress.it\\\/2025\\\/07\\\/24\\\/ddl-1552-caccia-selvaggia-la-protesta-delle-associazioni-audizioni-sbilanciate-in-senato-voci-per-animali-e-ambiente-in-netta-minoranza\\\/\"},\"author\":{\"name\":\"redazione\",\"@id\":\"https:\\\/\\\/www.bellunopress.it\\\/#\\\/schema\\\/person\\\/79bb06722b37ece1c03d3e94beb30d73\"},\"headline\":\"DDL 1552 caccia selvaggia, la protesta delle associazioni. Audizioni sbilanciate in Senato: voci per animali e ambiente in netta minoranza\",\"datePublished\":\"2025-07-24T10:37:50+00:00\",\"mainEntityOfPage\":{\"@id\":\"https:\\\/\\\/www.bellunopress.it\\\/2025\\\/07\\\/24\\\/ddl-1552-caccia-selvaggia-la-protesta-delle-associazioni-audizioni-sbilanciate-in-senato-voci-per-animali-e-ambiente-in-netta-minoranza\\\/\"},\"wordCount\":484,\"publisher\":{\"@id\":\"https:\\\/\\\/www.bellunopress.it\\\/#organization\"},\"image\":{\"@id\":\"https:\\\/\\\/www.bellunopress.it\\\/2025\\\/07\\\/24\\\/ddl-1552-caccia-selvaggia-la-protesta-delle-associazioni-audizioni-sbilanciate-in-senato-voci-per-animali-e-ambiente-in-netta-minoranza\\\/#primaryimage\"},\"thumbnailUrl\":\"https:\\\/\\\/www.bellunopress.it\\\/wp-content\\\/uploads\\\/2024\\\/01\\\/Leal-no-vivisezione_edited.jpg\",\"articleSection\":[\"Meteo, natura, ambiente, animali\",\"Prima Pagina\"],\"inLanguage\":\"fr-FR\"},{\"@type\":\"WebPage\",\"@id\":\"https:\\\/\\\/www.bellunopress.it\\\/2025\\\/07\\\/24\\\/ddl-1552-caccia-selvaggia-la-protesta-delle-associazioni-audizioni-sbilanciate-in-senato-voci-per-animali-e-ambiente-in-netta-minoranza\\\/\",\"url\":\"https:\\\/\\\/www.bellunopress.it\\\/2025\\\/07\\\/24\\\/ddl-1552-caccia-selvaggia-la-protesta-delle-associazioni-audizioni-sbilanciate-in-senato-voci-per-animali-e-ambiente-in-netta-minoranza\\\/\",\"name\":\"DDL 1552 caccia selvaggia, la protesta delle associazioni. Audizioni sbilanciate in Senato: voci per animali e ambiente in netta minoranza - Bellunopress - Dolomiti\",\"isPartOf\":{\"@id\":\"https:\\\/\\\/www.bellunopress.it\\\/#website\"},\"primaryImageOfPage\":{\"@id\":\"https:\\\/\\\/www.bellunopress.it\\\/2025\\\/07\\\/24\\\/ddl-1552-caccia-selvaggia-la-protesta-delle-associazioni-audizioni-sbilanciate-in-senato-voci-per-animali-e-ambiente-in-netta-minoranza\\\/#primaryimage\"},\"image\":{\"@id\":\"https:\\\/\\\/www.bellunopress.it\\\/2025\\\/07\\\/24\\\/ddl-1552-caccia-selvaggia-la-protesta-delle-associazioni-audizioni-sbilanciate-in-senato-voci-per-animali-e-ambiente-in-netta-minoranza\\\/#primaryimage\"},\"thumbnailUrl\":\"https:\\\/\\\/www.bellunopress.it\\\/wp-content\\\/uploads\\\/2024\\\/01\\\/Leal-no-vivisezione_edited.jpg\",\"datePublished\":\"2025-07-24T10:37:50+00:00\",\"breadcrumb\":{\"@id\":\"https:\\\/\\\/www.bellunopress.it\\\/2025\\\/07\\\/24\\\/ddl-1552-caccia-selvaggia-la-protesta-delle-associazioni-audizioni-sbilanciate-in-senato-voci-per-animali-e-ambiente-in-netta-minoranza\\\/#breadcrumb\"},\"inLanguage\":\"fr-FR\",\"potentialAction\":[{\"@type\":\"ReadAction\",\"target\":[\"https:\\\/\\\/www.bellunopress.it\\\/2025\\\/07\\\/24\\\/ddl-1552-caccia-selvaggia-la-protesta-delle-associazioni-audizioni-sbilanciate-in-senato-voci-per-animali-e-ambiente-in-netta-minoranza\\\/\"]}]},{\"@type\":\"ImageObject\",\"inLanguage\":\"fr-FR\",\"@id\":\"https:\\\/\\\/www.bellunopress.it\\\/2025\\\/07\\\/24\\\/ddl-1552-caccia-selvaggia-la-protesta-delle-associazioni-audizioni-sbilanciate-in-senato-voci-per-animali-e-ambiente-in-netta-minoranza\\\/#primaryimage\",\"url\":\"https:\\\/\\\/www.bellunopress.it\\\/wp-content\\\/uploads\\\/2024\\\/01\\\/Leal-no-vivisezione_edited.jpg\",\"contentUrl\":\"https:\\\/\\\/www.bellunopress.it\\\/wp-content\\\/uploads\\\/2024\\\/01\\\/Leal-no-vivisezione_edited.jpg\",\"width\":1000,\"height\":1000},{\"@type\":\"BreadcrumbList\",\"@id\":\"https:\\\/\\\/www.bellunopress.it\\\/2025\\\/07\\\/24\\\/ddl-1552-caccia-selvaggia-la-protesta-delle-associazioni-audizioni-sbilanciate-in-senato-voci-per-animali-e-ambiente-in-netta-minoranza\\\/#breadcrumb\",\"itemListElement\":[{\"@type\":\"ListItem\",\"position\":1,\"name\":\"Home\",\"item\":\"https:\\\/\\\/www.bellunopress.it\\\/\"},{\"@type\":\"ListItem\",\"position\":2,\"name\":\"DDL 1552 caccia selvaggia, la protesta delle associazioni. Audizioni sbilanciate in Senato: voci per animali e ambiente in netta minoranza\"}]},{\"@type\":\"WebSite\",\"@id\":\"https:\\\/\\\/www.bellunopress.it\\\/#website\",\"url\":\"https:\\\/\\\/www.bellunopress.it\\\/\",\"name\":\"Bellunopress - Dolomiti\",\"description\":\"e-mail: redazione@bellunopress.it\",\"publisher\":{\"@id\":\"https:\\\/\\\/www.bellunopress.it\\\/#organization\"},\"potentialAction\":[{\"@type\":\"SearchAction\",\"target\":{\"@type\":\"EntryPoint\",\"urlTemplate\":\"https:\\\/\\\/www.bellunopress.it\\\/?s={search_term_string}\"},\"query-input\":{\"@type\":\"PropertyValueSpecification\",\"valueRequired\":true,\"valueName\":\"search_term_string\"}}],\"inLanguage\":\"fr-FR\"},{\"@type\":\"Organization\",\"@id\":\"https:\\\/\\\/www.bellunopress.it\\\/#organization\",\"name\":\"Bellunopress\",\"url\":\"https:\\\/\\\/www.bellunopress.it\\\/\",\"logo\":{\"@type\":\"ImageObject\",\"inLanguage\":\"fr-FR\",\"@id\":\"https:\\\/\\\/www.bellunopress.it\\\/#\\\/schema\\\/logo\\\/image\\\/\",\"url\":\"https:\\\/\\\/www.bellunopress.it\\\/wp-content\\\/uploads\\\/2011\\\/05\\\/cropped-logo-bellunopress-.jpg\",\"contentUrl\":\"https:\\\/\\\/www.bellunopress.it\\\/wp-content\\\/uploads\\\/2011\\\/05\\\/cropped-logo-bellunopress-.jpg\",\"width\":512,\"height\":512,\"caption\":\"Bellunopress\"},\"image\":{\"@id\":\"https:\\\/\\\/www.bellunopress.it\\\/#\\\/schema\\\/logo\\\/image\\\/\"},\"sameAs\":[\"https:\\\/\\\/www.facebook.com\\\/profile.php?id=100008943462799\",\"https:\\\/\\\/x.com\\\/bellunopress\",\"https:\\\/\\\/www.linkedin.com\\\/hp\\\/?dnr=JBzUWaJfMUw8vbXJJ2tVW5-I3jZKvC4wsoxE&amp;amp;amp;amp;amp;amp;trk=nav_responsive_tab_home\",\"https:\\\/\\\/www.youtube.com\\\/channel\\\/UCxL0wu1uN0_3_7hGG0306cw\"]},{\"@type\":\"Person\",\"@id\":\"https:\\\/\\\/www.bellunopress.it\\\/#\\\/schema\\\/person\\\/79bb06722b37ece1c03d3e94beb30d73\",\"name\":\"redazione\",\"image\":{\"@type\":\"ImageObject\",\"inLanguage\":\"fr-FR\",\"@id\":\"https:\\\/\\\/secure.gravatar.com\\\/avatar\\\/37d968a2e67a6fd04c169c4bdef102d0bc5d31b2546345219e348575eb80e9a0?s=96&d=mm&r=g\",\"url\":\"https:\\\/\\\/secure.gravatar.com\\\/avatar\\\/37d968a2e67a6fd04c169c4bdef102d0bc5d31b2546345219e348575eb80e9a0?s=96&d=mm&r=g\",\"contentUrl\":\"https:\\\/\\\/secure.gravatar.com\\\/avatar\\\/37d968a2e67a6fd04c169c4bdef102d0bc5d31b2546345219e348575eb80e9a0?s=96&d=mm&r=g\",\"caption\":\"redazione\"},\"sameAs\":[\"http:\\\/\\\/www.bellunopress.it\",\"https:\\\/\\\/x.com\\\/bellunopress\"],\"url\":\"https:\\\/\\\/www.bellunopress.it\\\/fr\\\/author\\\/redazione\\\/\"}]}<\/script>\n<!-- \/ Yoast SEO plugin. -->","yoast_head_json":{"title":"DDL 1552 caccia selvaggia, la protesta delle associazioni. Audizioni sbilanciate in Senato: voci per animali e ambiente in netta minoranza - Bellunopress - Dolomiti","robots":{"index":"index","follow":"follow","max-snippet":"max-snippet:-1","max-image-preview":"max-image-preview:large","max-video-preview":"max-video-preview:-1"},"canonical":"https:\/\/www.bellunopress.it\/fr\/2025\/07\/24\/ddl-1552-caccia-selvaggia-la-protesta-delle-associazioni-audizioni-sbilanciate-in-senato-voci-per-animali-e-ambiente-in-netta-minoranza\/","og_locale":"fr_FR","og_type":"article","og_title":"DDL 1552 caccia selvaggia, la protesta delle associazioni. Audizioni sbilanciate in Senato: voci per animali e ambiente in netta minoranza - Bellunopress - Dolomiti","og_description":"Le Associazioni Unite per la tutela di animali e ambiente apprendono dalla pubblicazione del calendario delle audizioni nelle Commissioni referenti del Senato che, nel percorso che porter\u00e0 all&#8217;esame delle nuove proposte in materia di caccia, questa settimana saranno audite ben otto associazioni di cacciatori, mentre la scorsa settimana \u00e8 stata la volta di sole quattro [&hellip;]","og_url":"https:\/\/www.bellunopress.it\/fr\/2025\/07\/24\/ddl-1552-caccia-selvaggia-la-protesta-delle-associazioni-audizioni-sbilanciate-in-senato-voci-per-animali-e-ambiente-in-netta-minoranza\/","og_site_name":"Bellunopress - Dolomiti","article_publisher":"https:\/\/www.facebook.com\/profile.php?id=100008943462799","article_published_time":"2025-07-24T10:37:50+00:00","og_image":[{"width":1000,"height":1000,"url":"https:\/\/www.bellunopress.it\/wp-content\/uploads\/2024\/01\/Leal-no-vivisezione_edited.jpg","type":"image\/jpeg"}],"author":"redazione","twitter_card":"summary_large_image","twitter_creator":"@bellunopress","twitter_site":"@bellunopress","twitter_misc":{"\u00c9crit par":"redazione","Dur\u00e9e de lecture estim\u00e9e":"2 minutes"},"schema":{"@context":"https:\/\/schema.org","@graph":[{"@type":"Article","@id":"https:\/\/www.bellunopress.it\/2025\/07\/24\/ddl-1552-caccia-selvaggia-la-protesta-delle-associazioni-audizioni-sbilanciate-in-senato-voci-per-animali-e-ambiente-in-netta-minoranza\/#article","isPartOf":{"@id":"https:\/\/www.bellunopress.it\/2025\/07\/24\/ddl-1552-caccia-selvaggia-la-protesta-delle-associazioni-audizioni-sbilanciate-in-senato-voci-per-animali-e-ambiente-in-netta-minoranza\/"},"author":{"name":"redazione","@id":"https:\/\/www.bellunopress.it\/#\/schema\/person\/79bb06722b37ece1c03d3e94beb30d73"},"headline":"DDL 1552 caccia selvaggia, la protesta delle associazioni. Audizioni sbilanciate in Senato: voci per animali e ambiente in netta minoranza","datePublished":"2025-07-24T10:37:50+00:00","mainEntityOfPage":{"@id":"https:\/\/www.bellunopress.it\/2025\/07\/24\/ddl-1552-caccia-selvaggia-la-protesta-delle-associazioni-audizioni-sbilanciate-in-senato-voci-per-animali-e-ambiente-in-netta-minoranza\/"},"wordCount":484,"publisher":{"@id":"https:\/\/www.bellunopress.it\/#organization"},"image":{"@id":"https:\/\/www.bellunopress.it\/2025\/07\/24\/ddl-1552-caccia-selvaggia-la-protesta-delle-associazioni-audizioni-sbilanciate-in-senato-voci-per-animali-e-ambiente-in-netta-minoranza\/#primaryimage"},"thumbnailUrl":"https:\/\/www.bellunopress.it\/wp-content\/uploads\/2024\/01\/Leal-no-vivisezione_edited.jpg","articleSection":["Meteo, natura, ambiente, animali","Prima Pagina"],"inLanguage":"fr-FR"},{"@type":"WebPage","@id":"https:\/\/www.bellunopress.it\/2025\/07\/24\/ddl-1552-caccia-selvaggia-la-protesta-delle-associazioni-audizioni-sbilanciate-in-senato-voci-per-animali-e-ambiente-in-netta-minoranza\/","url":"https:\/\/www.bellunopress.it\/2025\/07\/24\/ddl-1552-caccia-selvaggia-la-protesta-delle-associazioni-audizioni-sbilanciate-in-senato-voci-per-animali-e-ambiente-in-netta-minoranza\/","name":"DDL 1552 caccia selvaggia, la protesta delle associazioni. Audizioni sbilanciate in Senato: voci per animali e ambiente in netta minoranza - Bellunopress - Dolomiti","isPartOf":{"@id":"https:\/\/www.bellunopress.it\/#website"},"primaryImageOfPage":{"@id":"https:\/\/www.bellunopress.it\/2025\/07\/24\/ddl-1552-caccia-selvaggia-la-protesta-delle-associazioni-audizioni-sbilanciate-in-senato-voci-per-animali-e-ambiente-in-netta-minoranza\/#primaryimage"},"image":{"@id":"https:\/\/www.bellunopress.it\/2025\/07\/24\/ddl-1552-caccia-selvaggia-la-protesta-delle-associazioni-audizioni-sbilanciate-in-senato-voci-per-animali-e-ambiente-in-netta-minoranza\/#primaryimage"},"thumbnailUrl":"https:\/\/www.bellunopress.it\/wp-content\/uploads\/2024\/01\/Leal-no-vivisezione_edited.jpg","datePublished":"2025-07-24T10:37:50+00:00","breadcrumb":{"@id":"https:\/\/www.bellunopress.it\/2025\/07\/24\/ddl-1552-caccia-selvaggia-la-protesta-delle-associazioni-audizioni-sbilanciate-in-senato-voci-per-animali-e-ambiente-in-netta-minoranza\/#breadcrumb"},"inLanguage":"fr-FR","potentialAction":[{"@type":"ReadAction","target":["https:\/\/www.bellunopress.it\/2025\/07\/24\/ddl-1552-caccia-selvaggia-la-protesta-delle-associazioni-audizioni-sbilanciate-in-senato-voci-per-animali-e-ambiente-in-netta-minoranza\/"]}]},{"@type":"ImageObject","inLanguage":"fr-FR","@id":"https:\/\/www.bellunopress.it\/2025\/07\/24\/ddl-1552-caccia-selvaggia-la-protesta-delle-associazioni-audizioni-sbilanciate-in-senato-voci-per-animali-e-ambiente-in-netta-minoranza\/#primaryimage","url":"https:\/\/www.bellunopress.it\/wp-content\/uploads\/2024\/01\/Leal-no-vivisezione_edited.jpg","contentUrl":"https:\/\/www.bellunopress.it\/wp-content\/uploads\/2024\/01\/Leal-no-vivisezione_edited.jpg","width":1000,"height":1000},{"@type":"BreadcrumbList","@id":"https:\/\/www.bellunopress.it\/2025\/07\/24\/ddl-1552-caccia-selvaggia-la-protesta-delle-associazioni-audizioni-sbilanciate-in-senato-voci-per-animali-e-ambiente-in-netta-minoranza\/#breadcrumb","itemListElement":[{"@type":"ListItem","position":1,"name":"Home","item":"https:\/\/www.bellunopress.it\/"},{"@type":"ListItem","position":2,"name":"DDL 1552 caccia selvaggia, la protesta delle associazioni. Audizioni sbilanciate in Senato: voci per animali e ambiente in netta minoranza"}]},{"@type":"WebSite","@id":"https:\/\/www.bellunopress.it\/#website","url":"https:\/\/www.bellunopress.it\/","name":"Bellunopress - Dolomiti","description":"e-mail: redazione@bellunopress.it","publisher":{"@id":"https:\/\/www.bellunopress.it\/#organization"},"potentialAction":[{"@type":"SearchAction","target":{"@type":"EntryPoint","urlTemplate":"https:\/\/www.bellunopress.it\/?s={search_term_string}"},"query-input":{"@type":"PropertyValueSpecification","valueRequired":true,"valueName":"search_term_string"}}],"inLanguage":"fr-FR"},{"@type":"Organization","@id":"https:\/\/www.bellunopress.it\/#organization","name":"Bellunopress","url":"https:\/\/www.bellunopress.it\/","logo":{"@type":"ImageObject","inLanguage":"fr-FR","@id":"https:\/\/www.bellunopress.it\/#\/schema\/logo\/image\/","url":"https:\/\/www.bellunopress.it\/wp-content\/uploads\/2011\/05\/cropped-logo-bellunopress-.jpg","contentUrl":"https:\/\/www.bellunopress.it\/wp-content\/uploads\/2011\/05\/cropped-logo-bellunopress-.jpg","width":512,"height":512,"caption":"Bellunopress"},"image":{"@id":"https:\/\/www.bellunopress.it\/#\/schema\/logo\/image\/"},"sameAs":["https:\/\/www.facebook.com\/profile.php?id=100008943462799","https:\/\/x.com\/bellunopress","https:\/\/www.linkedin.com\/hp\/?dnr=JBzUWaJfMUw8vbXJJ2tVW5-I3jZKvC4wsoxE&amp;amp;amp;amp;amp;amp;trk=nav_responsive_tab_home","https:\/\/www.youtube.com\/channel\/UCxL0wu1uN0_3_7hGG0306cw"]},{"@type":"Person","@id":"https:\/\/www.bellunopress.it\/#\/schema\/person\/79bb06722b37ece1c03d3e94beb30d73","name":"r\u00e9daction","image":{"@type":"ImageObject","inLanguage":"fr-FR","@id":"https:\/\/secure.gravatar.com\/avatar\/37d968a2e67a6fd04c169c4bdef102d0bc5d31b2546345219e348575eb80e9a0?s=96&d=mm&r=g","url":"https:\/\/secure.gravatar.com\/avatar\/37d968a2e67a6fd04c169c4bdef102d0bc5d31b2546345219e348575eb80e9a0?s=96&d=mm&r=g","contentUrl":"https:\/\/secure.gravatar.com\/avatar\/37d968a2e67a6fd04c169c4bdef102d0bc5d31b2546345219e348575eb80e9a0?s=96&d=mm&r=g","caption":"redazione"},"sameAs":["http:\/\/www.bellunopress.it","https:\/\/x.com\/bellunopress"],"url":"https:\/\/www.bellunopress.it\/fr\/author\/redazione\/"}]}},"_links":{"self":[{"href":"https:\/\/www.bellunopress.it\/fr\/wp-json\/wp\/v2\/posts\/162044","targetHints":{"allow":["GET"]}}],"collection":[{"href":"https:\/\/www.bellunopress.it\/fr\/wp-json\/wp\/v2\/posts"}],"about":[{"href":"https:\/\/www.bellunopress.it\/fr\/wp-json\/wp\/v2\/types\/post"}],"author":[{"embeddable":true,"href":"https:\/\/www.bellunopress.it\/fr\/wp-json\/wp\/v2\/users\/2"}],"replies":[{"embeddable":true,"href":"https:\/\/www.bellunopress.it\/fr\/wp-json\/wp\/v2\/comments?post=162044"}],"version-history":[{"count":1,"href":"https:\/\/www.bellunopress.it\/fr\/wp-json\/wp\/v2\/posts\/162044\/revisions"}],"predecessor-version":[{"id":162045,"href":"https:\/\/www.bellunopress.it\/fr\/wp-json\/wp\/v2\/posts\/162044\/revisions\/162045"}],"wp:featuredmedia":[{"embeddable":true,"href":"https:\/\/www.bellunopress.it\/fr\/wp-json\/wp\/v2\/media\/147732"}],"wp:attachment":[{"href":"https:\/\/www.bellunopress.it\/fr\/wp-json\/wp\/v2\/media?parent=162044"}],"wp:term":[{"taxonomy":"category","embeddable":true,"href":"https:\/\/www.bellunopress.it\/fr\/wp-json\/wp\/v2\/categories?post=162044"},{"taxonomy":"post_tag","embeddable":true,"href":"https:\/\/www.bellunopress.it\/fr\/wp-json\/wp\/v2\/tags?post=162044"}],"curies":[{"name":"wp","href":"https:\/\/api.w.org\/{rel}","templated":true}]}}