{"id":161997,"date":"2025-07-22T11:53:45","date_gmt":"2025-07-22T09:53:45","guid":{"rendered":"https:\/\/www.bellunopress.it\/?p=161997"},"modified":"2025-07-22T17:02:17","modified_gmt":"2025-07-22T15:02:17","slug":"italy-for-climate-il-caldo-record-raccontato-dai-ghiacciai-italiani","status":"publish","type":"post","link":"https:\/\/www.bellunopress.it\/fr\/2025\/07\/22\/italy-for-climate-il-caldo-record-raccontato-dai-ghiacciai-italiani\/","title":{"rendered":"Italy for Climate. Il caldo record raccontato dai ghiacciai italiani"},"content":{"rendered":"<p><img loading=\"lazy\" decoding=\"async\" class=\"aligncenter size-full wp-image-161998\" src=\"https:\/\/www.bellunopress.it\/wp-content\/uploads\/2025\/07\/Italy-for-Climate.jpg\" alt=\"\" width=\"400\" height=\"400\" srcset=\"https:\/\/www.bellunopress.it\/wp-content\/uploads\/2025\/07\/Italy-for-Climate.jpg 400w, https:\/\/www.bellunopress.it\/wp-content\/uploads\/2025\/07\/Italy-for-Climate-300x300.jpg 300w\" sizes=\"auto, (max-width: 400px) 100vw, 400px\" \/>In queste settimane il livello dello zero termico ha toccato un nuovo record sulle Alpi: 5.400 metri, ben al di sopra della vetta del Monte Bianco (4.808 m). Un dato senza precedenti: significa che nessun ghiacciaio alpino, nemmeno il pi\u00f9 alto, \u00e8 stato al riparo dalla fusione. \u00c8 come se l&#8217;intera catena alpina fosse rimasta senza &#8220;zona fredda&#8221;.<\/p>\n<p>&nbsp;<\/p>\n<p><strong>La montagna che crolla: il caso Marmolada<\/strong><\/p>\n<p>La fragilit\u00e0 crescente degli ambienti montani si \u00e8 mostrata in tutta la sua drammaticit\u00e0 il 3 luglio 2022, con il crollo del seracco della Marmolada, costato la vita a 11 persone.<br \/>\nQuel ghiacciaio, il pi\u00f9 esteso delle Dolomiti, \u00e8 diventato il simbolo del collasso: ha perso il 70% della sua superficie e l&#8217;85% del volume dal 1905 a oggi. Solo nell&#8217;estate 2022 ha perso oltre 4 metri di spessore. Se le attuali condizioni persistono, secondo l&#8217;UNESCO la Marmolada potrebbe sparire del tutto entro il 2040. Intanto, si tenta di rallentare la fusione con teli protettivi artificiali, ma \u00e8 solo una misura temporanea. La vera risposta pu\u00f2 essere solo una: tagliare drasticamente le emissioni climalteranti.<\/p>\n<p>&nbsp;<\/p>\n<p><strong>Il ghiaccio racconta il clima, non solo il meteo<\/strong><\/p>\n<p>Mentre il meteo ci parla del caldo di oggi, i ghiacciai ci parlano di decenni di squilibri accumulati: inverni sempre pi\u00f9 secchi, estati sempre pi\u00f9 lunghe e afose, e un bilancio energetico globale fuori controllo. Lo scenario che stiamo vivendo in quota \u00e8 parte di un quadro allarmante delineato da Italy for Climate, che documenta con chiarezza come la crisi climatica non sia pi\u00f9 un rischio futuro, ma drammaticamente contemporaneo e che colpisce duramente un Paese gi\u00e0 fragile come l&#8217;Italia, tra i pi\u00f9 esposti d&#8217;Europa alla crisi idrica e alla perdita di ghiaccio.<\/p>\n<p>&nbsp;<\/p>\n<p><strong>I ghiacciai italiani: un collasso in atto<\/strong><\/p>\n<p>Secondo l&#8217;ultimo Inventario Glaciologico Italiano del CNR e del Comitato Glaciologico Italiano (CGI), oggi in Italia si contano 872 ghiacciai, frammentati e in gran parte di piccole dimensioni. La superficie complessiva \u00e8 scesa sotto i 360 km\u00b2: negli ultimi 70 anni, abbiamo perso oltre il 30% della superficie glaciale.<\/p>\n<p>Un dato ancora pi\u00f9 impressionante: negli ultimi 20 anni, i ghiacciai alpini italiani hanno perso 50 km\u00b3 di acqua. Per capirlo: \u00e8 come se fosse evaporata una citt\u00e0 fatta di ghiaccio alta otto piani e grande il doppio di Roma.<\/p>\n<p>E la tendenza \u00e8 globale. Secondo il rapporto 2024 del WMO, nel solo 2023 i ghiacciai del pianeta hanno perso una quantit\u00e0 d&#8217;acqua pari a cinque volte quella contenuta nel Mar Morto. \u00c8 la pi\u00f9 grande perdita di ghiaccio mai registrata dal 1950.<\/p>\n<p>&nbsp;<\/p>\n<p><strong>L&#8217;acqua che manca, oggi e domani<\/strong><\/p>\n<p>I ghiacciai non sono solo paesaggio o meta escursionistica: sono serbatoi naturali di acqua dolce. Accumulano neve e ghiaccio d&#8217;inverno e rilasciano acqua gradualmente d&#8217;estate, alimentando fiumi, agricoltura, centrali idroelettriche e biodiversit\u00e0. La loro scomparsa minaccia direttamente l&#8217;equilibrio idrico di intere regioni. L&#8217;Italia, gi\u00e0 oggi tra i paesi europei pi\u00f9 vulnerabili allo stress idrico, ha visto ridursi del 20% la disponibilit\u00e0 d&#8217;acqua rispetto all&#8217;inizio del &#8216;900. I ghiacciai alpini, in particolare, svolgono un ruolo cruciale nel bilancio idrico del bacino del Po, che coinvolge 8 regioni e 20 milioni di abitanti. Ma qualcosa si \u00e8 rotto: le fusioni iniziano sempre prima, gi\u00e0 tra aprile e maggio, mentre gli inverni \u2014 sempre pi\u00f9 asciutti \u2014 non garantiscono un adeguato rifornimento nevoso. Il risultato? Una perdita netta anno dopo anno. Nel 2024 il Centro Studi CIMA Foundation ha stimato una riduzione del 36% della riserva idrica nevosa nei principali bacini italiani rispetto alla media 2011-2022. In Italia la crisi climatica continua ad accelerare ad una velocit\u00e0 doppia rispetto alla media globale: nel 2024 le temperature sono aumentate di 1,52 \u00b0C (rispetto al periodo 1991-2010), mentre a livello globale l&#8217;aumento \u00e8 stato di +0,72 \u00b0C (Fonte dei dati: Ispra e Copernicus).<\/p>\n<p>&nbsp;<\/p>\n<p>&nbsp;<\/p>\n<p>&nbsp;<\/p>","protected":false},"excerpt":{"rendered":"<p>In queste settimane il livello dello zero termico ha toccato un nuovo record sulle Alpi: 5.400 metri, ben al di sopra della vetta del Monte Bianco (4.808 m). Un dato senza precedenti: significa che nessun ghiacciaio alpino, nemmeno il pi\u00f9 alto, \u00e8 stato al riparo dalla fusione. \u00c8 come se l&#8217;intera catena alpina fosse rimasta [&hellip;]<\/p>\n","protected":false},"author":2,"featured_media":161998,"comment_status":"closed","ping_status":"open","sticky":false,"template":"","format":"standard","meta":{"footnotes":""},"categories":[38],"tags":[],"class_list":["post-161997","post","type-post","status-publish","format-standard","has-post-thumbnail","category-natura-ambiente"],"yoast_head":"<!-- This site is optimized with the Yoast SEO plugin v28.4 - https:\/\/yoast.com\/product\/yoast-seo-wordpress\/ -->\n<title>Italy for Climate. Il caldo record raccontato dai ghiacciai italiani - Bellunopress - Dolomiti<\/title>\n<meta name=\"robots\" content=\"index, follow, max-snippet:-1, max-image-preview:large, max-video-preview:-1\" \/>\n<link rel=\"canonical\" href=\"https:\/\/www.bellunopress.it\/fr\/2025\/07\/22\/italy-for-climate-il-caldo-record-raccontato-dai-ghiacciai-italiani\/\" \/>\n<meta property=\"og:locale\" content=\"fr_FR\" \/>\n<meta property=\"og:type\" content=\"article\" \/>\n<meta property=\"og:title\" content=\"Italy for Climate. Il caldo record raccontato dai ghiacciai italiani - Bellunopress - Dolomiti\" \/>\n<meta property=\"og:description\" content=\"In queste settimane il livello dello zero termico ha toccato un nuovo record sulle Alpi: 5.400 metri, ben al di sopra della vetta del Monte Bianco (4.808 m). Un dato senza precedenti: significa che nessun ghiacciaio alpino, nemmeno il pi\u00f9 alto, \u00e8 stato al riparo dalla fusione. \u00c8 come se l&#8217;intera catena alpina fosse rimasta [&hellip;]\" \/>\n<meta property=\"og:url\" content=\"https:\/\/www.bellunopress.it\/fr\/2025\/07\/22\/italy-for-climate-il-caldo-record-raccontato-dai-ghiacciai-italiani\/\" \/>\n<meta property=\"og:site_name\" content=\"Bellunopress - Dolomiti\" \/>\n<meta property=\"article:publisher\" content=\"https:\/\/www.facebook.com\/profile.php?id=100008943462799\" \/>\n<meta property=\"article:published_time\" content=\"2025-07-22T09:53:45+00:00\" \/>\n<meta property=\"article:modified_time\" content=\"2025-07-22T15:02:17+00:00\" \/>\n<meta property=\"og:image\" content=\"https:\/\/www.bellunopress.it\/wp-content\/uploads\/2025\/07\/Italy-for-Climate.jpg\" \/>\n\t<meta property=\"og:image:width\" content=\"400\" \/>\n\t<meta property=\"og:image:height\" content=\"400\" \/>\n\t<meta property=\"og:image:type\" content=\"image\/jpeg\" \/>\n<meta name=\"author\" content=\"redazione\" \/>\n<meta name=\"twitter:card\" content=\"summary_large_image\" \/>\n<meta name=\"twitter:creator\" content=\"@bellunopress\" \/>\n<meta name=\"twitter:site\" content=\"@bellunopress\" \/>\n<meta name=\"twitter:label1\" content=\"\u00c9crit par\" \/>\n\t<meta name=\"twitter:data1\" content=\"redazione\" \/>\n\t<meta name=\"twitter:label2\" content=\"Dur\u00e9e de lecture estim\u00e9e\" \/>\n\t<meta name=\"twitter:data2\" content=\"3 minutes\" \/>\n<script type=\"application\/ld+json\" class=\"yoast-schema-graph\">{\"@context\":\"https:\\\/\\\/schema.org\",\"@graph\":[{\"@type\":\"Article\",\"@id\":\"https:\\\/\\\/www.bellunopress.it\\\/2025\\\/07\\\/22\\\/italy-for-climate-il-caldo-record-raccontato-dai-ghiacciai-italiani\\\/#article\",\"isPartOf\":{\"@id\":\"https:\\\/\\\/www.bellunopress.it\\\/2025\\\/07\\\/22\\\/italy-for-climate-il-caldo-record-raccontato-dai-ghiacciai-italiani\\\/\"},\"author\":{\"name\":\"redazione\",\"@id\":\"https:\\\/\\\/www.bellunopress.it\\\/#\\\/schema\\\/person\\\/79bb06722b37ece1c03d3e94beb30d73\"},\"headline\":\"Italy for Climate. Il caldo record raccontato dai ghiacciai italiani\",\"datePublished\":\"2025-07-22T09:53:45+00:00\",\"dateModified\":\"2025-07-22T15:02:17+00:00\",\"mainEntityOfPage\":{\"@id\":\"https:\\\/\\\/www.bellunopress.it\\\/2025\\\/07\\\/22\\\/italy-for-climate-il-caldo-record-raccontato-dai-ghiacciai-italiani\\\/\"},\"wordCount\":614,\"publisher\":{\"@id\":\"https:\\\/\\\/www.bellunopress.it\\\/#organization\"},\"image\":{\"@id\":\"https:\\\/\\\/www.bellunopress.it\\\/2025\\\/07\\\/22\\\/italy-for-climate-il-caldo-record-raccontato-dai-ghiacciai-italiani\\\/#primaryimage\"},\"thumbnailUrl\":\"https:\\\/\\\/www.bellunopress.it\\\/wp-content\\\/uploads\\\/2025\\\/07\\\/Italy-for-Climate.jpg\",\"articleSection\":[\"Meteo, natura, ambiente, animali\"],\"inLanguage\":\"fr-FR\"},{\"@type\":\"WebPage\",\"@id\":\"https:\\\/\\\/www.bellunopress.it\\\/2025\\\/07\\\/22\\\/italy-for-climate-il-caldo-record-raccontato-dai-ghiacciai-italiani\\\/\",\"url\":\"https:\\\/\\\/www.bellunopress.it\\\/2025\\\/07\\\/22\\\/italy-for-climate-il-caldo-record-raccontato-dai-ghiacciai-italiani\\\/\",\"name\":\"Italy for Climate. Il caldo record raccontato dai ghiacciai italiani - Bellunopress - Dolomiti\",\"isPartOf\":{\"@id\":\"https:\\\/\\\/www.bellunopress.it\\\/#website\"},\"primaryImageOfPage\":{\"@id\":\"https:\\\/\\\/www.bellunopress.it\\\/2025\\\/07\\\/22\\\/italy-for-climate-il-caldo-record-raccontato-dai-ghiacciai-italiani\\\/#primaryimage\"},\"image\":{\"@id\":\"https:\\\/\\\/www.bellunopress.it\\\/2025\\\/07\\\/22\\\/italy-for-climate-il-caldo-record-raccontato-dai-ghiacciai-italiani\\\/#primaryimage\"},\"thumbnailUrl\":\"https:\\\/\\\/www.bellunopress.it\\\/wp-content\\\/uploads\\\/2025\\\/07\\\/Italy-for-Climate.jpg\",\"datePublished\":\"2025-07-22T09:53:45+00:00\",\"dateModified\":\"2025-07-22T15:02:17+00:00\",\"breadcrumb\":{\"@id\":\"https:\\\/\\\/www.bellunopress.it\\\/2025\\\/07\\\/22\\\/italy-for-climate-il-caldo-record-raccontato-dai-ghiacciai-italiani\\\/#breadcrumb\"},\"inLanguage\":\"fr-FR\",\"potentialAction\":[{\"@type\":\"ReadAction\",\"target\":[\"https:\\\/\\\/www.bellunopress.it\\\/2025\\\/07\\\/22\\\/italy-for-climate-il-caldo-record-raccontato-dai-ghiacciai-italiani\\\/\"]}]},{\"@type\":\"ImageObject\",\"inLanguage\":\"fr-FR\",\"@id\":\"https:\\\/\\\/www.bellunopress.it\\\/2025\\\/07\\\/22\\\/italy-for-climate-il-caldo-record-raccontato-dai-ghiacciai-italiani\\\/#primaryimage\",\"url\":\"https:\\\/\\\/www.bellunopress.it\\\/wp-content\\\/uploads\\\/2025\\\/07\\\/Italy-for-Climate.jpg\",\"contentUrl\":\"https:\\\/\\\/www.bellunopress.it\\\/wp-content\\\/uploads\\\/2025\\\/07\\\/Italy-for-Climate.jpg\",\"width\":400,\"height\":400},{\"@type\":\"BreadcrumbList\",\"@id\":\"https:\\\/\\\/www.bellunopress.it\\\/2025\\\/07\\\/22\\\/italy-for-climate-il-caldo-record-raccontato-dai-ghiacciai-italiani\\\/#breadcrumb\",\"itemListElement\":[{\"@type\":\"ListItem\",\"position\":1,\"name\":\"Home\",\"item\":\"https:\\\/\\\/www.bellunopress.it\\\/\"},{\"@type\":\"ListItem\",\"position\":2,\"name\":\"Italy for Climate. Il caldo record raccontato dai ghiacciai italiani\"}]},{\"@type\":\"WebSite\",\"@id\":\"https:\\\/\\\/www.bellunopress.it\\\/#website\",\"url\":\"https:\\\/\\\/www.bellunopress.it\\\/\",\"name\":\"Bellunopress - Dolomiti\",\"description\":\"e-mail: redazione@bellunopress.it\",\"publisher\":{\"@id\":\"https:\\\/\\\/www.bellunopress.it\\\/#organization\"},\"potentialAction\":[{\"@type\":\"SearchAction\",\"target\":{\"@type\":\"EntryPoint\",\"urlTemplate\":\"https:\\\/\\\/www.bellunopress.it\\\/?s={search_term_string}\"},\"query-input\":{\"@type\":\"PropertyValueSpecification\",\"valueRequired\":true,\"valueName\":\"search_term_string\"}}],\"inLanguage\":\"fr-FR\"},{\"@type\":\"Organization\",\"@id\":\"https:\\\/\\\/www.bellunopress.it\\\/#organization\",\"name\":\"Bellunopress\",\"url\":\"https:\\\/\\\/www.bellunopress.it\\\/\",\"logo\":{\"@type\":\"ImageObject\",\"inLanguage\":\"fr-FR\",\"@id\":\"https:\\\/\\\/www.bellunopress.it\\\/#\\\/schema\\\/logo\\\/image\\\/\",\"url\":\"https:\\\/\\\/www.bellunopress.it\\\/wp-content\\\/uploads\\\/2011\\\/05\\\/cropped-logo-bellunopress-.jpg\",\"contentUrl\":\"https:\\\/\\\/www.bellunopress.it\\\/wp-content\\\/uploads\\\/2011\\\/05\\\/cropped-logo-bellunopress-.jpg\",\"width\":512,\"height\":512,\"caption\":\"Bellunopress\"},\"image\":{\"@id\":\"https:\\\/\\\/www.bellunopress.it\\\/#\\\/schema\\\/logo\\\/image\\\/\"},\"sameAs\":[\"https:\\\/\\\/www.facebook.com\\\/profile.php?id=100008943462799\",\"https:\\\/\\\/x.com\\\/bellunopress\",\"https:\\\/\\\/www.linkedin.com\\\/hp\\\/?dnr=JBzUWaJfMUw8vbXJJ2tVW5-I3jZKvC4wsoxE&amp;amp;amp;amp;amp;amp;trk=nav_responsive_tab_home\",\"https:\\\/\\\/www.youtube.com\\\/channel\\\/UCxL0wu1uN0_3_7hGG0306cw\"]},{\"@type\":\"Person\",\"@id\":\"https:\\\/\\\/www.bellunopress.it\\\/#\\\/schema\\\/person\\\/79bb06722b37ece1c03d3e94beb30d73\",\"name\":\"redazione\",\"image\":{\"@type\":\"ImageObject\",\"inLanguage\":\"fr-FR\",\"@id\":\"https:\\\/\\\/secure.gravatar.com\\\/avatar\\\/37d968a2e67a6fd04c169c4bdef102d0bc5d31b2546345219e348575eb80e9a0?s=96&d=mm&r=g\",\"url\":\"https:\\\/\\\/secure.gravatar.com\\\/avatar\\\/37d968a2e67a6fd04c169c4bdef102d0bc5d31b2546345219e348575eb80e9a0?s=96&d=mm&r=g\",\"contentUrl\":\"https:\\\/\\\/secure.gravatar.com\\\/avatar\\\/37d968a2e67a6fd04c169c4bdef102d0bc5d31b2546345219e348575eb80e9a0?s=96&d=mm&r=g\",\"caption\":\"redazione\"},\"sameAs\":[\"http:\\\/\\\/www.bellunopress.it\",\"https:\\\/\\\/x.com\\\/bellunopress\"],\"url\":\"https:\\\/\\\/www.bellunopress.it\\\/fr\\\/author\\\/redazione\\\/\"}]}<\/script>\n<!-- \/ Yoast SEO plugin. -->","yoast_head_json":{"title":"Italy for Climate. Il caldo record raccontato dai ghiacciai italiani - Bellunopress - Dolomiti","robots":{"index":"index","follow":"follow","max-snippet":"max-snippet:-1","max-image-preview":"max-image-preview:large","max-video-preview":"max-video-preview:-1"},"canonical":"https:\/\/www.bellunopress.it\/fr\/2025\/07\/22\/italy-for-climate-il-caldo-record-raccontato-dai-ghiacciai-italiani\/","og_locale":"fr_FR","og_type":"article","og_title":"Italy for Climate. Il caldo record raccontato dai ghiacciai italiani - Bellunopress - Dolomiti","og_description":"In queste settimane il livello dello zero termico ha toccato un nuovo record sulle Alpi: 5.400 metri, ben al di sopra della vetta del Monte Bianco (4.808 m). Un dato senza precedenti: significa che nessun ghiacciaio alpino, nemmeno il pi\u00f9 alto, \u00e8 stato al riparo dalla fusione. \u00c8 come se l&#8217;intera catena alpina fosse rimasta [&hellip;]","og_url":"https:\/\/www.bellunopress.it\/fr\/2025\/07\/22\/italy-for-climate-il-caldo-record-raccontato-dai-ghiacciai-italiani\/","og_site_name":"Bellunopress - Dolomiti","article_publisher":"https:\/\/www.facebook.com\/profile.php?id=100008943462799","article_published_time":"2025-07-22T09:53:45+00:00","article_modified_time":"2025-07-22T15:02:17+00:00","og_image":[{"width":400,"height":400,"url":"https:\/\/www.bellunopress.it\/wp-content\/uploads\/2025\/07\/Italy-for-Climate.jpg","type":"image\/jpeg"}],"author":"redazione","twitter_card":"summary_large_image","twitter_creator":"@bellunopress","twitter_site":"@bellunopress","twitter_misc":{"\u00c9crit par":"redazione","Dur\u00e9e de lecture estim\u00e9e":"3 minutes"},"schema":{"@context":"https:\/\/schema.org","@graph":[{"@type":"Article","@id":"https:\/\/www.bellunopress.it\/2025\/07\/22\/italy-for-climate-il-caldo-record-raccontato-dai-ghiacciai-italiani\/#article","isPartOf":{"@id":"https:\/\/www.bellunopress.it\/2025\/07\/22\/italy-for-climate-il-caldo-record-raccontato-dai-ghiacciai-italiani\/"},"author":{"name":"redazione","@id":"https:\/\/www.bellunopress.it\/#\/schema\/person\/79bb06722b37ece1c03d3e94beb30d73"},"headline":"Italy for Climate. Il caldo record raccontato dai ghiacciai italiani","datePublished":"2025-07-22T09:53:45+00:00","dateModified":"2025-07-22T15:02:17+00:00","mainEntityOfPage":{"@id":"https:\/\/www.bellunopress.it\/2025\/07\/22\/italy-for-climate-il-caldo-record-raccontato-dai-ghiacciai-italiani\/"},"wordCount":614,"publisher":{"@id":"https:\/\/www.bellunopress.it\/#organization"},"image":{"@id":"https:\/\/www.bellunopress.it\/2025\/07\/22\/italy-for-climate-il-caldo-record-raccontato-dai-ghiacciai-italiani\/#primaryimage"},"thumbnailUrl":"https:\/\/www.bellunopress.it\/wp-content\/uploads\/2025\/07\/Italy-for-Climate.jpg","articleSection":["Meteo, natura, ambiente, animali"],"inLanguage":"fr-FR"},{"@type":"WebPage","@id":"https:\/\/www.bellunopress.it\/2025\/07\/22\/italy-for-climate-il-caldo-record-raccontato-dai-ghiacciai-italiani\/","url":"https:\/\/www.bellunopress.it\/2025\/07\/22\/italy-for-climate-il-caldo-record-raccontato-dai-ghiacciai-italiani\/","name":"Italy for Climate. Il caldo record raccontato dai ghiacciai italiani - Bellunopress - Dolomiti","isPartOf":{"@id":"https:\/\/www.bellunopress.it\/#website"},"primaryImageOfPage":{"@id":"https:\/\/www.bellunopress.it\/2025\/07\/22\/italy-for-climate-il-caldo-record-raccontato-dai-ghiacciai-italiani\/#primaryimage"},"image":{"@id":"https:\/\/www.bellunopress.it\/2025\/07\/22\/italy-for-climate-il-caldo-record-raccontato-dai-ghiacciai-italiani\/#primaryimage"},"thumbnailUrl":"https:\/\/www.bellunopress.it\/wp-content\/uploads\/2025\/07\/Italy-for-Climate.jpg","datePublished":"2025-07-22T09:53:45+00:00","dateModified":"2025-07-22T15:02:17+00:00","breadcrumb":{"@id":"https:\/\/www.bellunopress.it\/2025\/07\/22\/italy-for-climate-il-caldo-record-raccontato-dai-ghiacciai-italiani\/#breadcrumb"},"inLanguage":"fr-FR","potentialAction":[{"@type":"ReadAction","target":["https:\/\/www.bellunopress.it\/2025\/07\/22\/italy-for-climate-il-caldo-record-raccontato-dai-ghiacciai-italiani\/"]}]},{"@type":"ImageObject","inLanguage":"fr-FR","@id":"https:\/\/www.bellunopress.it\/2025\/07\/22\/italy-for-climate-il-caldo-record-raccontato-dai-ghiacciai-italiani\/#primaryimage","url":"https:\/\/www.bellunopress.it\/wp-content\/uploads\/2025\/07\/Italy-for-Climate.jpg","contentUrl":"https:\/\/www.bellunopress.it\/wp-content\/uploads\/2025\/07\/Italy-for-Climate.jpg","width":400,"height":400},{"@type":"BreadcrumbList","@id":"https:\/\/www.bellunopress.it\/2025\/07\/22\/italy-for-climate-il-caldo-record-raccontato-dai-ghiacciai-italiani\/#breadcrumb","itemListElement":[{"@type":"ListItem","position":1,"name":"Home","item":"https:\/\/www.bellunopress.it\/"},{"@type":"ListItem","position":2,"name":"Italy for Climate. Il caldo record raccontato dai ghiacciai italiani"}]},{"@type":"WebSite","@id":"https:\/\/www.bellunopress.it\/#website","url":"https:\/\/www.bellunopress.it\/","name":"Bellunopress - Dolomiti","description":"e-mail: redazione@bellunopress.it","publisher":{"@id":"https:\/\/www.bellunopress.it\/#organization"},"potentialAction":[{"@type":"SearchAction","target":{"@type":"EntryPoint","urlTemplate":"https:\/\/www.bellunopress.it\/?s={search_term_string}"},"query-input":{"@type":"PropertyValueSpecification","valueRequired":true,"valueName":"search_term_string"}}],"inLanguage":"fr-FR"},{"@type":"Organization","@id":"https:\/\/www.bellunopress.it\/#organization","name":"Bellunopress","url":"https:\/\/www.bellunopress.it\/","logo":{"@type":"ImageObject","inLanguage":"fr-FR","@id":"https:\/\/www.bellunopress.it\/#\/schema\/logo\/image\/","url":"https:\/\/www.bellunopress.it\/wp-content\/uploads\/2011\/05\/cropped-logo-bellunopress-.jpg","contentUrl":"https:\/\/www.bellunopress.it\/wp-content\/uploads\/2011\/05\/cropped-logo-bellunopress-.jpg","width":512,"height":512,"caption":"Bellunopress"},"image":{"@id":"https:\/\/www.bellunopress.it\/#\/schema\/logo\/image\/"},"sameAs":["https:\/\/www.facebook.com\/profile.php?id=100008943462799","https:\/\/x.com\/bellunopress","https:\/\/www.linkedin.com\/hp\/?dnr=JBzUWaJfMUw8vbXJJ2tVW5-I3jZKvC4wsoxE&amp;amp;amp;amp;amp;amp;trk=nav_responsive_tab_home","https:\/\/www.youtube.com\/channel\/UCxL0wu1uN0_3_7hGG0306cw"]},{"@type":"Person","@id":"https:\/\/www.bellunopress.it\/#\/schema\/person\/79bb06722b37ece1c03d3e94beb30d73","name":"r\u00e9daction","image":{"@type":"ImageObject","inLanguage":"fr-FR","@id":"https:\/\/secure.gravatar.com\/avatar\/37d968a2e67a6fd04c169c4bdef102d0bc5d31b2546345219e348575eb80e9a0?s=96&d=mm&r=g","url":"https:\/\/secure.gravatar.com\/avatar\/37d968a2e67a6fd04c169c4bdef102d0bc5d31b2546345219e348575eb80e9a0?s=96&d=mm&r=g","contentUrl":"https:\/\/secure.gravatar.com\/avatar\/37d968a2e67a6fd04c169c4bdef102d0bc5d31b2546345219e348575eb80e9a0?s=96&d=mm&r=g","caption":"redazione"},"sameAs":["http:\/\/www.bellunopress.it","https:\/\/x.com\/bellunopress"],"url":"https:\/\/www.bellunopress.it\/fr\/author\/redazione\/"}]}},"_links":{"self":[{"href":"https:\/\/www.bellunopress.it\/fr\/wp-json\/wp\/v2\/posts\/161997","targetHints":{"allow":["GET"]}}],"collection":[{"href":"https:\/\/www.bellunopress.it\/fr\/wp-json\/wp\/v2\/posts"}],"about":[{"href":"https:\/\/www.bellunopress.it\/fr\/wp-json\/wp\/v2\/types\/post"}],"author":[{"embeddable":true,"href":"https:\/\/www.bellunopress.it\/fr\/wp-json\/wp\/v2\/users\/2"}],"replies":[{"embeddable":true,"href":"https:\/\/www.bellunopress.it\/fr\/wp-json\/wp\/v2\/comments?post=161997"}],"version-history":[{"count":1,"href":"https:\/\/www.bellunopress.it\/fr\/wp-json\/wp\/v2\/posts\/161997\/revisions"}],"predecessor-version":[{"id":161999,"href":"https:\/\/www.bellunopress.it\/fr\/wp-json\/wp\/v2\/posts\/161997\/revisions\/161999"}],"wp:featuredmedia":[{"embeddable":true,"href":"https:\/\/www.bellunopress.it\/fr\/wp-json\/wp\/v2\/media\/161998"}],"wp:attachment":[{"href":"https:\/\/www.bellunopress.it\/fr\/wp-json\/wp\/v2\/media?parent=161997"}],"wp:term":[{"taxonomy":"category","embeddable":true,"href":"https:\/\/www.bellunopress.it\/fr\/wp-json\/wp\/v2\/categories?post=161997"},{"taxonomy":"post_tag","embeddable":true,"href":"https:\/\/www.bellunopress.it\/fr\/wp-json\/wp\/v2\/tags?post=161997"}],"curies":[{"name":"wp","href":"https:\/\/api.w.org\/{rel}","templated":true}]}}