{"id":161991,"date":"2025-07-22T16:19:24","date_gmt":"2025-07-22T14:19:24","guid":{"rendered":"https:\/\/www.bellunopress.it\/?p=161991"},"modified":"2025-07-22T16:19:24","modified_gmt":"2025-07-22T14:19:24","slug":"coppa-doro-delle-dolomiti-2025-cortina-accoglie-il-fascino-discreto-delle-auto-storiche-sabato-passaggio-in-piazza-martiri-a-belluno-e-in-nevegal","status":"publish","type":"post","link":"https:\/\/www.bellunopress.it\/fr\/2025\/07\/22\/coppa-doro-delle-dolomiti-2025-cortina-accoglie-il-fascino-discreto-delle-auto-storiche-sabato-passaggio-in-piazza-martiri-a-belluno-e-in-nevegal\/","title":{"rendered":"Coppa d&#8217;Oro delle Dolomiti 2025. Cortina accoglie il fascino discreto delle auto storiche. Sabato passaggio in piazza Martiri a Belluno e in Nevegal\u00a0"},"content":{"rendered":"<figure id=\"attachment_161992\" aria-describedby=\"caption-attachment-161992\" style=\"width: 800px\" class=\"wp-caption aligncenter\"><img loading=\"lazy\" decoding=\"async\" class=\"size-full wp-image-161992\" src=\"https:\/\/www.bellunopress.it\/wp-content\/uploads\/2025\/07\/Roberto-Padrin-Lucio-De-Mori.jpg\" alt=\"\" width=\"800\" height=\"501\" srcset=\"https:\/\/www.bellunopress.it\/wp-content\/uploads\/2025\/07\/Roberto-Padrin-Lucio-De-Mori.jpg 800w, https:\/\/www.bellunopress.it\/wp-content\/uploads\/2025\/07\/Roberto-Padrin-Lucio-De-Mori-500x313.jpg 500w, https:\/\/www.bellunopress.it\/wp-content\/uploads\/2025\/07\/Roberto-Padrin-Lucio-De-Mori-671x420.jpg 671w, https:\/\/www.bellunopress.it\/wp-content\/uploads\/2025\/07\/Roberto-Padrin-Lucio-De-Mori-696x436.jpg 696w\" sizes=\"auto, (max-width: 800px) 100vw, 800px\" \/><figcaption id=\"caption-attachment-161992\" class=\"wp-caption-text\">Roberto Padrin, presidente della Provincia e Lucio De Mori, presidente Automobile Club Belluno<\/figcaption><\/figure>\n<figure id=\"attachment_152571\" aria-describedby=\"caption-attachment-152571\" style=\"width: 1000px\" class=\"wp-caption aligncenter\"><img loading=\"lazy\" decoding=\"async\" class=\"size-full wp-image-152571\" src=\"https:\/\/www.bellunopress.it\/wp-content\/uploads\/2024\/07\/Coppa-dOro-delle-Dolomiti-2024-Fiat-508-C-vincitrice.jpg\" alt=\"\" width=\"1000\" height=\"654\" srcset=\"https:\/\/www.bellunopress.it\/wp-content\/uploads\/2024\/07\/Coppa-dOro-delle-Dolomiti-2024-Fiat-508-C-vincitrice.jpg 1000w, https:\/\/www.bellunopress.it\/wp-content\/uploads\/2024\/07\/Coppa-dOro-delle-Dolomiti-2024-Fiat-508-C-vincitrice-500x327.jpg 500w, https:\/\/www.bellunopress.it\/wp-content\/uploads\/2024\/07\/Coppa-dOro-delle-Dolomiti-2024-Fiat-508-C-vincitrice-642x420.jpg 642w, https:\/\/www.bellunopress.it\/wp-content\/uploads\/2024\/07\/Coppa-dOro-delle-Dolomiti-2024-Fiat-508-C-vincitrice-696x455.jpg 696w\" sizes=\"auto, (max-width: 1000px) 100vw, 1000px\" \/><figcaption id=\"caption-attachment-152571\" class=\"wp-caption-text\">Passanante e Molgora su Fiat 508 C vincitori della Coppa d&#8217;Oro delle Dolomiti 2024<\/figcaption><\/figure>\n<p>Belluno, 22 luglio 2025 &#8211; E&#8217; stata presentata stamane a Palazzo Piloni, sede della Provincia, l&#8217;edizione 2025 della Coppa d&#8217;Oro delle Dolomiti. La \u201cRegina delle Dolomiti\u201d dunque, si prepara nuovamente a diventare il palcoscenico d&#8217;eccellenza per la prestigiosa manifestazione. Anche il capoluogo, quest&#8217;anno vedr\u00e0 il passaggio delle auto storiche sabato in piazza dei Martiri e in Faverghera, in Nevegal, con sosta al ristorante Nogherazza di Castion.<\/p>\n<p>Da gioved\u00ec 24 a domenica 27 luglio, Cortina d&#8217;Ampezzo sar\u00e0 la base di partenza per questo terzo appuntamento del Campionato Italiano Grandi Eventi, un appuntamento che promette di coniugare storia e bellezza tra i panorami mozzafiato delle Dolomiti bellunesi.<\/p>\n<p>Settantaquattro straordinarie auto storiche e moderne, con equipaggi provenienti da ogni angolo del mondo (12 le presenze straniere), daranno vita a un vero e proprio museo itinerante. Come sottolineato dal presidente della Provincia di Belluno, Roberto Padrin, durante la presentazione ufficiale: &#8220;Delle splendide &#8216;vecchie signore&#8217;, in forma smagliante, che incontrano altre vecchie signore, sinuose e magnifiche. Credo sia questo il segreto della Coppa d&#8217;Oro delle Dolomiti, una manifestazione senza tempo&#8221;.<\/p>\n<h3><\/h3>\n<h3><b>Un percorso tra mito e leggenda<\/b><\/h3>\n<p>La Coppa d&#8217;Oro delle Dolomiti non \u00e8 una semplice sfilata, ma una competizione di regolarit\u00e0 classica di altissimo livello. Le 84 prove cronometrate e le 6 prove di media si snoderanno attraverso passi che hanno gi\u00e0 fatto la storia dei Giochi Olimpici Invernali del 1956 e che torneranno protagonisti nel 2026, come il Falzarego e il Giau. Un percorso di 538,94 km suddiviso in tre tappe, che partiranno e si concluderanno a Cortina, toccando strade delle Dolomiti dell&#8217;Alto Adige e del Bellunese, compresi passaggi significativi a Longarone, Belluno e Nevegal.<\/p>\n<p>&#8220;Saranno tre tappe intense &#8211; ha detto Lucio De Mori, presidente dell&#8217;Automobile Club Belluno &#8211; con un alto contenuto agonistico in cui i partecipanti di diverse nazionalit\u00e0, con le loro prestigiose vetture storiche o moderne che siano, offriranno uno spettacolo emozionante ai tanti spettatori che, come sempre, li accoglieranno e li applaudiranno lungo il percorso&#8221;.<\/p>\n<h3><b>Sfide al vertice e grandi protagonisti<\/b><\/h3>\n<p>L&#8217;edizione 2025 si annuncia ricca di colpi di scena, complice il coefficiente maggiorato a 1.5 che accender\u00e0 le sfide per la vetta del Campionato Italiano Grandi Eventi. Occhi puntati su Mario Passanante e Alessandro Molgora su Fiat 508C vincitori della Coppa d&#8217;Oro 2024 e determinati a conquistare la terza vittoria consecutiva. A tallonarli, tra gli altri, Matteo Belotti e Ingrid Plebani su Bugatti T 37 A, primi in RC1, e i campioni in carica del Campionato Italiano Grandi Eventi, Francesco e Giuseppe Di Pietra su Fiat 508 C.<\/p>\n<p>Non mancheranno figure storiche come Sergio Sisti e Anna Gualandi (Lancia Lambda Spider Casaro) e new entry d&#8217;eccezione, come Alberto e Federico Riboldi (Fiat 508C Balilla), che faranno il loro debutto stagionale. Un&#8217;attenzione particolare sar\u00e0 rivolta alla Fiat Balilla 508 S Coppa d&#8217;Oro, condotta da Tobia Talamini e Maurizio Farsura, un modello che porta nel nome la storia di questa affascinante competizione.<\/p>\n<p>&nbsp;<\/p>\n<h3><b>Tra &#8220;Legend&#8221; e &#8220;Tributo&#8221;: il meglio del motorismo contemporaneo<\/b><\/h3>\n<p>Accanto alle auto storiche, la manifestazione vedr\u00e0 protagonisti anche le vetture della categoria &#8220;Legend&#8221; (dal 1972 al 2000) e del &#8220;Tributo Coppa d&#8217;Oro delle Dolomiti 2025&#8221; (dal 2001 a oggi), che promettono un&#8217;esplosione di potenza e design. Il cuore del Tributo batter\u00e0 al ritmo del Cavallino Rampante, con numerose Ferrari tra cui la Ferrari Superamerica di Gianfranco Fabris e Marco Fontanive, e la 488 Spider di Eitel e Lorenzo Monaco. Presenti anche Giordano Mozzi e Stefania Biacca (Ferrari 488 Spider), vincitori dell&#8217;edizione 2024 del Tributo.<\/p>\n<p>Ma non solo Ferrari: ammireremo Porsche, BMW e diverse Maserati, tra cui la Maserati MC20 Fuoriserie e la GT2 Stradale del 2025. Un parterre d&#8217;eccezione che trasformer\u00e0 le strade dolomitiche in una galleria a cielo aperto, unendo il prestigio del passato con l&#8217;innovazione del presente.<\/p>\n<p>&nbsp;<\/p>\n<h3><b>Anche bellezza in concorso<\/b><\/h3>\n<p>L&#8217;evento si arricchir\u00e0 con la quinta edizione del Concorso di Eleganza, dove una giuria di esperti valuter\u00e0 le auto in concorso. Un&#8217;occasione per ammirare da vicino autentici gioielli dell&#8217;ingegneria e del design automobilistico. Lo scorso anno, a trionfare fu la Ferrari 166 Mille Miglia del 1950 dell&#8217;equipaggio giapponese Fukuda Hiromichi e Sugiura Yasuyuki.<\/p>\n<p>La Coppa d&#8217;Oro delle Dolomiti, nata nel 1947 come gara di velocit\u00e0, si \u00e8 evoluta in un evento di regolarit\u00e0 classica che ha saputo mantenere intatto il suo fascino, attirando nomi leggendari del motorismo e contribuendo a valorizzare il patrimonio naturalistico e culturale delle Dolomiti, riconosciuto dall&#8217;Unesco.<\/p>\n<p>&nbsp;<\/p>","protected":false},"excerpt":{"rendered":"<p>Belluno, 22 luglio 2025 &#8211; E&#8217; stata presentata stamane a Palazzo Piloni, sede della Provincia, l&#8217;edizione 2025 della Coppa d&#8217;Oro delle Dolomiti. La \u201cRegina delle Dolomiti\u201d dunque, si prepara nuovamente a diventare il palcoscenico d&#8217;eccellenza per la prestigiosa manifestazione. Anche il capoluogo, quest&#8217;anno vedr\u00e0 il passaggio delle auto storiche sabato in piazza dei Martiri e [&hellip;]<\/p>\n","protected":false},"author":2,"featured_media":135109,"comment_status":"closed","ping_status":"open","sticky":false,"template":"","format":"standard","meta":{"footnotes":""},"categories":[26,4],"tags":[1158],"class_list":["post-161991","post","type-post","status-publish","format-standard","has-post-thumbnail","category-prima-pagina","category-sport","tag-coppa-doro-delle-dolomiti"],"yoast_head":"<!-- This site is optimized with the Yoast SEO plugin v28.4 - https:\/\/yoast.com\/product\/yoast-seo-wordpress\/ -->\n<title>Coppa d&#039;Oro delle Dolomiti 2025. Cortina accoglie il fascino discreto delle auto storiche. Sabato passaggio in piazza Martiri a Belluno e in Nevegal\u00a0 - Bellunopress - Dolomiti<\/title>\n<meta name=\"robots\" content=\"index, follow, max-snippet:-1, max-image-preview:large, max-video-preview:-1\" \/>\n<link rel=\"canonical\" href=\"https:\/\/www.bellunopress.it\/fr\/2025\/07\/22\/coppa-doro-delle-dolomiti-2025-cortina-accoglie-il-fascino-discreto-delle-auto-storiche-sabato-passaggio-in-piazza-martiri-a-belluno-e-in-nevegal\/\" \/>\n<meta property=\"og:locale\" content=\"fr_FR\" \/>\n<meta property=\"og:type\" content=\"article\" \/>\n<meta property=\"og:title\" content=\"Coppa d&#039;Oro delle Dolomiti 2025. Cortina accoglie il fascino discreto delle auto storiche. Sabato passaggio in piazza Martiri a Belluno e in Nevegal\u00a0 - Bellunopress - Dolomiti\" \/>\n<meta property=\"og:description\" content=\"Belluno, 22 luglio 2025 &#8211; E&#8217; stata presentata stamane a Palazzo Piloni, sede della Provincia, l&#8217;edizione 2025 della Coppa d&#8217;Oro delle Dolomiti. La \u201cRegina delle Dolomiti\u201d dunque, si prepara nuovamente a diventare il palcoscenico d&#8217;eccellenza per la prestigiosa manifestazione. Anche il capoluogo, quest&#8217;anno vedr\u00e0 il passaggio delle auto storiche sabato in piazza dei Martiri e [&hellip;]\" \/>\n<meta property=\"og:url\" content=\"https:\/\/www.bellunopress.it\/fr\/2025\/07\/22\/coppa-doro-delle-dolomiti-2025-cortina-accoglie-il-fascino-discreto-delle-auto-storiche-sabato-passaggio-in-piazza-martiri-a-belluno-e-in-nevegal\/\" \/>\n<meta property=\"og:site_name\" content=\"Bellunopress - Dolomiti\" \/>\n<meta property=\"article:publisher\" content=\"https:\/\/www.facebook.com\/profile.php?id=100008943462799\" \/>\n<meta property=\"article:published_time\" content=\"2025-07-22T14:19:24+00:00\" \/>\n<meta property=\"og:image\" content=\"https:\/\/www.bellunopress.it\/wp-content\/uploads\/2022\/07\/Fiat-508-C-1938-Di-Pietra-Coppa-dOro-2022_edited.jpg\" \/>\n\t<meta property=\"og:image:width\" content=\"1000\" \/>\n\t<meta property=\"og:image:height\" content=\"903\" \/>\n\t<meta property=\"og:image:type\" content=\"image\/jpeg\" \/>\n<meta name=\"author\" content=\"redazione\" \/>\n<meta name=\"twitter:card\" content=\"summary_large_image\" \/>\n<meta name=\"twitter:creator\" content=\"@bellunopress\" \/>\n<meta name=\"twitter:site\" content=\"@bellunopress\" \/>\n<meta name=\"twitter:label1\" content=\"\u00c9crit par\" \/>\n\t<meta name=\"twitter:data1\" content=\"redazione\" \/>\n\t<meta name=\"twitter:label2\" content=\"Dur\u00e9e de lecture estim\u00e9e\" \/>\n\t<meta name=\"twitter:data2\" content=\"4 minutes\" \/>\n<script type=\"application\/ld+json\" class=\"yoast-schema-graph\">{\"@context\":\"https:\\\/\\\/schema.org\",\"@graph\":[{\"@type\":\"Article\",\"@id\":\"https:\\\/\\\/www.bellunopress.it\\\/2025\\\/07\\\/22\\\/coppa-doro-delle-dolomiti-2025-cortina-accoglie-il-fascino-discreto-delle-auto-storiche-sabato-passaggio-in-piazza-martiri-a-belluno-e-in-nevegal\\\/#article\",\"isPartOf\":{\"@id\":\"https:\\\/\\\/www.bellunopress.it\\\/2025\\\/07\\\/22\\\/coppa-doro-delle-dolomiti-2025-cortina-accoglie-il-fascino-discreto-delle-auto-storiche-sabato-passaggio-in-piazza-martiri-a-belluno-e-in-nevegal\\\/\"},\"author\":{\"name\":\"redazione\",\"@id\":\"https:\\\/\\\/www.bellunopress.it\\\/#\\\/schema\\\/person\\\/79bb06722b37ece1c03d3e94beb30d73\"},\"headline\":\"Coppa d&#8217;Oro delle Dolomiti 2025. Cortina accoglie il fascino discreto delle auto storiche. Sabato passaggio in piazza Martiri a Belluno e in Nevegal\u00a0\",\"datePublished\":\"2025-07-22T14:19:24+00:00\",\"mainEntityOfPage\":{\"@id\":\"https:\\\/\\\/www.bellunopress.it\\\/2025\\\/07\\\/22\\\/coppa-doro-delle-dolomiti-2025-cortina-accoglie-il-fascino-discreto-delle-auto-storiche-sabato-passaggio-in-piazza-martiri-a-belluno-e-in-nevegal\\\/\"},\"wordCount\":786,\"publisher\":{\"@id\":\"https:\\\/\\\/www.bellunopress.it\\\/#organization\"},\"image\":{\"@id\":\"https:\\\/\\\/www.bellunopress.it\\\/2025\\\/07\\\/22\\\/coppa-doro-delle-dolomiti-2025-cortina-accoglie-il-fascino-discreto-delle-auto-storiche-sabato-passaggio-in-piazza-martiri-a-belluno-e-in-nevegal\\\/#primaryimage\"},\"thumbnailUrl\":\"https:\\\/\\\/www.bellunopress.it\\\/wp-content\\\/uploads\\\/2022\\\/07\\\/Fiat-508-C-1938-Di-Pietra-Coppa-dOro-2022_edited.jpg\",\"keywords\":[\"Coppa d'Oro delle Dolomiti\"],\"articleSection\":[\"Prima Pagina\",\"Sport, tempo libero\"],\"inLanguage\":\"fr-FR\"},{\"@type\":\"WebPage\",\"@id\":\"https:\\\/\\\/www.bellunopress.it\\\/2025\\\/07\\\/22\\\/coppa-doro-delle-dolomiti-2025-cortina-accoglie-il-fascino-discreto-delle-auto-storiche-sabato-passaggio-in-piazza-martiri-a-belluno-e-in-nevegal\\\/\",\"url\":\"https:\\\/\\\/www.bellunopress.it\\\/2025\\\/07\\\/22\\\/coppa-doro-delle-dolomiti-2025-cortina-accoglie-il-fascino-discreto-delle-auto-storiche-sabato-passaggio-in-piazza-martiri-a-belluno-e-in-nevegal\\\/\",\"name\":\"Coppa d'Oro delle Dolomiti 2025. Cortina accoglie il fascino discreto delle auto storiche. Sabato passaggio in piazza Martiri a Belluno e in Nevegal\u00a0 - Bellunopress - Dolomiti\",\"isPartOf\":{\"@id\":\"https:\\\/\\\/www.bellunopress.it\\\/#website\"},\"primaryImageOfPage\":{\"@id\":\"https:\\\/\\\/www.bellunopress.it\\\/2025\\\/07\\\/22\\\/coppa-doro-delle-dolomiti-2025-cortina-accoglie-il-fascino-discreto-delle-auto-storiche-sabato-passaggio-in-piazza-martiri-a-belluno-e-in-nevegal\\\/#primaryimage\"},\"image\":{\"@id\":\"https:\\\/\\\/www.bellunopress.it\\\/2025\\\/07\\\/22\\\/coppa-doro-delle-dolomiti-2025-cortina-accoglie-il-fascino-discreto-delle-auto-storiche-sabato-passaggio-in-piazza-martiri-a-belluno-e-in-nevegal\\\/#primaryimage\"},\"thumbnailUrl\":\"https:\\\/\\\/www.bellunopress.it\\\/wp-content\\\/uploads\\\/2022\\\/07\\\/Fiat-508-C-1938-Di-Pietra-Coppa-dOro-2022_edited.jpg\",\"datePublished\":\"2025-07-22T14:19:24+00:00\",\"breadcrumb\":{\"@id\":\"https:\\\/\\\/www.bellunopress.it\\\/2025\\\/07\\\/22\\\/coppa-doro-delle-dolomiti-2025-cortina-accoglie-il-fascino-discreto-delle-auto-storiche-sabato-passaggio-in-piazza-martiri-a-belluno-e-in-nevegal\\\/#breadcrumb\"},\"inLanguage\":\"fr-FR\",\"potentialAction\":[{\"@type\":\"ReadAction\",\"target\":[\"https:\\\/\\\/www.bellunopress.it\\\/2025\\\/07\\\/22\\\/coppa-doro-delle-dolomiti-2025-cortina-accoglie-il-fascino-discreto-delle-auto-storiche-sabato-passaggio-in-piazza-martiri-a-belluno-e-in-nevegal\\\/\"]}]},{\"@type\":\"ImageObject\",\"inLanguage\":\"fr-FR\",\"@id\":\"https:\\\/\\\/www.bellunopress.it\\\/2025\\\/07\\\/22\\\/coppa-doro-delle-dolomiti-2025-cortina-accoglie-il-fascino-discreto-delle-auto-storiche-sabato-passaggio-in-piazza-martiri-a-belluno-e-in-nevegal\\\/#primaryimage\",\"url\":\"https:\\\/\\\/www.bellunopress.it\\\/wp-content\\\/uploads\\\/2022\\\/07\\\/Fiat-508-C-1938-Di-Pietra-Coppa-dOro-2022_edited.jpg\",\"contentUrl\":\"https:\\\/\\\/www.bellunopress.it\\\/wp-content\\\/uploads\\\/2022\\\/07\\\/Fiat-508-C-1938-Di-Pietra-Coppa-dOro-2022_edited.jpg\",\"width\":1000,\"height\":903,\"caption\":\"Fiat 508 C 1938 Di Pietra Coppa d'Oro delle Dolomiti 2022\"},{\"@type\":\"BreadcrumbList\",\"@id\":\"https:\\\/\\\/www.bellunopress.it\\\/2025\\\/07\\\/22\\\/coppa-doro-delle-dolomiti-2025-cortina-accoglie-il-fascino-discreto-delle-auto-storiche-sabato-passaggio-in-piazza-martiri-a-belluno-e-in-nevegal\\\/#breadcrumb\",\"itemListElement\":[{\"@type\":\"ListItem\",\"position\":1,\"name\":\"Home\",\"item\":\"https:\\\/\\\/www.bellunopress.it\\\/\"},{\"@type\":\"ListItem\",\"position\":2,\"name\":\"Coppa d&#8217;Oro delle Dolomiti 2025. Cortina accoglie il fascino discreto delle auto storiche. Sabato passaggio in piazza Martiri a Belluno e in Nevegal\u00a0\"}]},{\"@type\":\"WebSite\",\"@id\":\"https:\\\/\\\/www.bellunopress.it\\\/#website\",\"url\":\"https:\\\/\\\/www.bellunopress.it\\\/\",\"name\":\"Bellunopress - Dolomiti\",\"description\":\"e-mail: redazione@bellunopress.it\",\"publisher\":{\"@id\":\"https:\\\/\\\/www.bellunopress.it\\\/#organization\"},\"potentialAction\":[{\"@type\":\"SearchAction\",\"target\":{\"@type\":\"EntryPoint\",\"urlTemplate\":\"https:\\\/\\\/www.bellunopress.it\\\/?s={search_term_string}\"},\"query-input\":{\"@type\":\"PropertyValueSpecification\",\"valueRequired\":true,\"valueName\":\"search_term_string\"}}],\"inLanguage\":\"fr-FR\"},{\"@type\":\"Organization\",\"@id\":\"https:\\\/\\\/www.bellunopress.it\\\/#organization\",\"name\":\"Bellunopress\",\"url\":\"https:\\\/\\\/www.bellunopress.it\\\/\",\"logo\":{\"@type\":\"ImageObject\",\"inLanguage\":\"fr-FR\",\"@id\":\"https:\\\/\\\/www.bellunopress.it\\\/#\\\/schema\\\/logo\\\/image\\\/\",\"url\":\"https:\\\/\\\/www.bellunopress.it\\\/wp-content\\\/uploads\\\/2011\\\/05\\\/cropped-logo-bellunopress-.jpg\",\"contentUrl\":\"https:\\\/\\\/www.bellunopress.it\\\/wp-content\\\/uploads\\\/2011\\\/05\\\/cropped-logo-bellunopress-.jpg\",\"width\":512,\"height\":512,\"caption\":\"Bellunopress\"},\"image\":{\"@id\":\"https:\\\/\\\/www.bellunopress.it\\\/#\\\/schema\\\/logo\\\/image\\\/\"},\"sameAs\":[\"https:\\\/\\\/www.facebook.com\\\/profile.php?id=100008943462799\",\"https:\\\/\\\/x.com\\\/bellunopress\",\"https:\\\/\\\/www.linkedin.com\\\/hp\\\/?dnr=JBzUWaJfMUw8vbXJJ2tVW5-I3jZKvC4wsoxE&amp;amp;amp;amp;amp;amp;trk=nav_responsive_tab_home\",\"https:\\\/\\\/www.youtube.com\\\/channel\\\/UCxL0wu1uN0_3_7hGG0306cw\"]},{\"@type\":\"Person\",\"@id\":\"https:\\\/\\\/www.bellunopress.it\\\/#\\\/schema\\\/person\\\/79bb06722b37ece1c03d3e94beb30d73\",\"name\":\"redazione\",\"image\":{\"@type\":\"ImageObject\",\"inLanguage\":\"fr-FR\",\"@id\":\"https:\\\/\\\/secure.gravatar.com\\\/avatar\\\/37d968a2e67a6fd04c169c4bdef102d0bc5d31b2546345219e348575eb80e9a0?s=96&d=mm&r=g\",\"url\":\"https:\\\/\\\/secure.gravatar.com\\\/avatar\\\/37d968a2e67a6fd04c169c4bdef102d0bc5d31b2546345219e348575eb80e9a0?s=96&d=mm&r=g\",\"contentUrl\":\"https:\\\/\\\/secure.gravatar.com\\\/avatar\\\/37d968a2e67a6fd04c169c4bdef102d0bc5d31b2546345219e348575eb80e9a0?s=96&d=mm&r=g\",\"caption\":\"redazione\"},\"sameAs\":[\"http:\\\/\\\/www.bellunopress.it\",\"https:\\\/\\\/x.com\\\/bellunopress\"],\"url\":\"https:\\\/\\\/www.bellunopress.it\\\/fr\\\/author\\\/redazione\\\/\"}]}<\/script>\n<!-- \/ Yoast SEO plugin. -->","yoast_head_json":{"title":"Coppa d'Oro delle Dolomiti 2025. Cortina accoglie il fascino discreto delle auto storiche. Sabato passaggio in piazza Martiri a Belluno e in Nevegal\u00a0 - Bellunopress - Dolomiti","robots":{"index":"index","follow":"follow","max-snippet":"max-snippet:-1","max-image-preview":"max-image-preview:large","max-video-preview":"max-video-preview:-1"},"canonical":"https:\/\/www.bellunopress.it\/fr\/2025\/07\/22\/coppa-doro-delle-dolomiti-2025-cortina-accoglie-il-fascino-discreto-delle-auto-storiche-sabato-passaggio-in-piazza-martiri-a-belluno-e-in-nevegal\/","og_locale":"fr_FR","og_type":"article","og_title":"Coppa d'Oro delle Dolomiti 2025. Cortina accoglie il fascino discreto delle auto storiche. Sabato passaggio in piazza Martiri a Belluno e in Nevegal\u00a0 - Bellunopress - Dolomiti","og_description":"Belluno, 22 luglio 2025 &#8211; E&#8217; stata presentata stamane a Palazzo Piloni, sede della Provincia, l&#8217;edizione 2025 della Coppa d&#8217;Oro delle Dolomiti. La \u201cRegina delle Dolomiti\u201d dunque, si prepara nuovamente a diventare il palcoscenico d&#8217;eccellenza per la prestigiosa manifestazione. Anche il capoluogo, quest&#8217;anno vedr\u00e0 il passaggio delle auto storiche sabato in piazza dei Martiri e [&hellip;]","og_url":"https:\/\/www.bellunopress.it\/fr\/2025\/07\/22\/coppa-doro-delle-dolomiti-2025-cortina-accoglie-il-fascino-discreto-delle-auto-storiche-sabato-passaggio-in-piazza-martiri-a-belluno-e-in-nevegal\/","og_site_name":"Bellunopress - Dolomiti","article_publisher":"https:\/\/www.facebook.com\/profile.php?id=100008943462799","article_published_time":"2025-07-22T14:19:24+00:00","og_image":[{"width":1000,"height":903,"url":"https:\/\/www.bellunopress.it\/wp-content\/uploads\/2022\/07\/Fiat-508-C-1938-Di-Pietra-Coppa-dOro-2022_edited.jpg","type":"image\/jpeg"}],"author":"redazione","twitter_card":"summary_large_image","twitter_creator":"@bellunopress","twitter_site":"@bellunopress","twitter_misc":{"\u00c9crit par":"redazione","Dur\u00e9e de lecture estim\u00e9e":"4 minutes"},"schema":{"@context":"https:\/\/schema.org","@graph":[{"@type":"Article","@id":"https:\/\/www.bellunopress.it\/2025\/07\/22\/coppa-doro-delle-dolomiti-2025-cortina-accoglie-il-fascino-discreto-delle-auto-storiche-sabato-passaggio-in-piazza-martiri-a-belluno-e-in-nevegal\/#article","isPartOf":{"@id":"https:\/\/www.bellunopress.it\/2025\/07\/22\/coppa-doro-delle-dolomiti-2025-cortina-accoglie-il-fascino-discreto-delle-auto-storiche-sabato-passaggio-in-piazza-martiri-a-belluno-e-in-nevegal\/"},"author":{"name":"redazione","@id":"https:\/\/www.bellunopress.it\/#\/schema\/person\/79bb06722b37ece1c03d3e94beb30d73"},"headline":"Coppa d&#8217;Oro delle Dolomiti 2025. Cortina accoglie il fascino discreto delle auto storiche. Sabato passaggio in piazza Martiri a Belluno e in Nevegal\u00a0","datePublished":"2025-07-22T14:19:24+00:00","mainEntityOfPage":{"@id":"https:\/\/www.bellunopress.it\/2025\/07\/22\/coppa-doro-delle-dolomiti-2025-cortina-accoglie-il-fascino-discreto-delle-auto-storiche-sabato-passaggio-in-piazza-martiri-a-belluno-e-in-nevegal\/"},"wordCount":786,"publisher":{"@id":"https:\/\/www.bellunopress.it\/#organization"},"image":{"@id":"https:\/\/www.bellunopress.it\/2025\/07\/22\/coppa-doro-delle-dolomiti-2025-cortina-accoglie-il-fascino-discreto-delle-auto-storiche-sabato-passaggio-in-piazza-martiri-a-belluno-e-in-nevegal\/#primaryimage"},"thumbnailUrl":"https:\/\/www.bellunopress.it\/wp-content\/uploads\/2022\/07\/Fiat-508-C-1938-Di-Pietra-Coppa-dOro-2022_edited.jpg","keywords":["Coppa d'Oro delle Dolomiti"],"articleSection":["Prima Pagina","Sport, tempo libero"],"inLanguage":"fr-FR"},{"@type":"WebPage","@id":"https:\/\/www.bellunopress.it\/2025\/07\/22\/coppa-doro-delle-dolomiti-2025-cortina-accoglie-il-fascino-discreto-delle-auto-storiche-sabato-passaggio-in-piazza-martiri-a-belluno-e-in-nevegal\/","url":"https:\/\/www.bellunopress.it\/2025\/07\/22\/coppa-doro-delle-dolomiti-2025-cortina-accoglie-il-fascino-discreto-delle-auto-storiche-sabato-passaggio-in-piazza-martiri-a-belluno-e-in-nevegal\/","name":"Coppa d'Oro delle Dolomiti 2025. Cortina accoglie il fascino discreto delle auto storiche. Sabato passaggio in piazza Martiri a Belluno e in Nevegal\u00a0 - Bellunopress - Dolomiti","isPartOf":{"@id":"https:\/\/www.bellunopress.it\/#website"},"primaryImageOfPage":{"@id":"https:\/\/www.bellunopress.it\/2025\/07\/22\/coppa-doro-delle-dolomiti-2025-cortina-accoglie-il-fascino-discreto-delle-auto-storiche-sabato-passaggio-in-piazza-martiri-a-belluno-e-in-nevegal\/#primaryimage"},"image":{"@id":"https:\/\/www.bellunopress.it\/2025\/07\/22\/coppa-doro-delle-dolomiti-2025-cortina-accoglie-il-fascino-discreto-delle-auto-storiche-sabato-passaggio-in-piazza-martiri-a-belluno-e-in-nevegal\/#primaryimage"},"thumbnailUrl":"https:\/\/www.bellunopress.it\/wp-content\/uploads\/2022\/07\/Fiat-508-C-1938-Di-Pietra-Coppa-dOro-2022_edited.jpg","datePublished":"2025-07-22T14:19:24+00:00","breadcrumb":{"@id":"https:\/\/www.bellunopress.it\/2025\/07\/22\/coppa-doro-delle-dolomiti-2025-cortina-accoglie-il-fascino-discreto-delle-auto-storiche-sabato-passaggio-in-piazza-martiri-a-belluno-e-in-nevegal\/#breadcrumb"},"inLanguage":"fr-FR","potentialAction":[{"@type":"ReadAction","target":["https:\/\/www.bellunopress.it\/2025\/07\/22\/coppa-doro-delle-dolomiti-2025-cortina-accoglie-il-fascino-discreto-delle-auto-storiche-sabato-passaggio-in-piazza-martiri-a-belluno-e-in-nevegal\/"]}]},{"@type":"ImageObject","inLanguage":"fr-FR","@id":"https:\/\/www.bellunopress.it\/2025\/07\/22\/coppa-doro-delle-dolomiti-2025-cortina-accoglie-il-fascino-discreto-delle-auto-storiche-sabato-passaggio-in-piazza-martiri-a-belluno-e-in-nevegal\/#primaryimage","url":"https:\/\/www.bellunopress.it\/wp-content\/uploads\/2022\/07\/Fiat-508-C-1938-Di-Pietra-Coppa-dOro-2022_edited.jpg","contentUrl":"https:\/\/www.bellunopress.it\/wp-content\/uploads\/2022\/07\/Fiat-508-C-1938-Di-Pietra-Coppa-dOro-2022_edited.jpg","width":1000,"height":903,"caption":"Fiat 508 C 1938 Di Pietra Coppa d'Oro delle Dolomiti 2022"},{"@type":"BreadcrumbList","@id":"https:\/\/www.bellunopress.it\/2025\/07\/22\/coppa-doro-delle-dolomiti-2025-cortina-accoglie-il-fascino-discreto-delle-auto-storiche-sabato-passaggio-in-piazza-martiri-a-belluno-e-in-nevegal\/#breadcrumb","itemListElement":[{"@type":"ListItem","position":1,"name":"Home","item":"https:\/\/www.bellunopress.it\/"},{"@type":"ListItem","position":2,"name":"Coppa d&#8217;Oro delle Dolomiti 2025. Cortina accoglie il fascino discreto delle auto storiche. Sabato passaggio in piazza Martiri a Belluno e in Nevegal\u00a0"}]},{"@type":"WebSite","@id":"https:\/\/www.bellunopress.it\/#website","url":"https:\/\/www.bellunopress.it\/","name":"Bellunopress - Dolomiti","description":"e-mail: redazione@bellunopress.it","publisher":{"@id":"https:\/\/www.bellunopress.it\/#organization"},"potentialAction":[{"@type":"SearchAction","target":{"@type":"EntryPoint","urlTemplate":"https:\/\/www.bellunopress.it\/?s={search_term_string}"},"query-input":{"@type":"PropertyValueSpecification","valueRequired":true,"valueName":"search_term_string"}}],"inLanguage":"fr-FR"},{"@type":"Organization","@id":"https:\/\/www.bellunopress.it\/#organization","name":"Bellunopress","url":"https:\/\/www.bellunopress.it\/","logo":{"@type":"ImageObject","inLanguage":"fr-FR","@id":"https:\/\/www.bellunopress.it\/#\/schema\/logo\/image\/","url":"https:\/\/www.bellunopress.it\/wp-content\/uploads\/2011\/05\/cropped-logo-bellunopress-.jpg","contentUrl":"https:\/\/www.bellunopress.it\/wp-content\/uploads\/2011\/05\/cropped-logo-bellunopress-.jpg","width":512,"height":512,"caption":"Bellunopress"},"image":{"@id":"https:\/\/www.bellunopress.it\/#\/schema\/logo\/image\/"},"sameAs":["https:\/\/www.facebook.com\/profile.php?id=100008943462799","https:\/\/x.com\/bellunopress","https:\/\/www.linkedin.com\/hp\/?dnr=JBzUWaJfMUw8vbXJJ2tVW5-I3jZKvC4wsoxE&amp;amp;amp;amp;amp;amp;trk=nav_responsive_tab_home","https:\/\/www.youtube.com\/channel\/UCxL0wu1uN0_3_7hGG0306cw"]},{"@type":"Person","@id":"https:\/\/www.bellunopress.it\/#\/schema\/person\/79bb06722b37ece1c03d3e94beb30d73","name":"r\u00e9daction","image":{"@type":"ImageObject","inLanguage":"fr-FR","@id":"https:\/\/secure.gravatar.com\/avatar\/37d968a2e67a6fd04c169c4bdef102d0bc5d31b2546345219e348575eb80e9a0?s=96&d=mm&r=g","url":"https:\/\/secure.gravatar.com\/avatar\/37d968a2e67a6fd04c169c4bdef102d0bc5d31b2546345219e348575eb80e9a0?s=96&d=mm&r=g","contentUrl":"https:\/\/secure.gravatar.com\/avatar\/37d968a2e67a6fd04c169c4bdef102d0bc5d31b2546345219e348575eb80e9a0?s=96&d=mm&r=g","caption":"redazione"},"sameAs":["http:\/\/www.bellunopress.it","https:\/\/x.com\/bellunopress"],"url":"https:\/\/www.bellunopress.it\/fr\/author\/redazione\/"}]}},"_links":{"self":[{"href":"https:\/\/www.bellunopress.it\/fr\/wp-json\/wp\/v2\/posts\/161991","targetHints":{"allow":["GET"]}}],"collection":[{"href":"https:\/\/www.bellunopress.it\/fr\/wp-json\/wp\/v2\/posts"}],"about":[{"href":"https:\/\/www.bellunopress.it\/fr\/wp-json\/wp\/v2\/types\/post"}],"author":[{"embeddable":true,"href":"https:\/\/www.bellunopress.it\/fr\/wp-json\/wp\/v2\/users\/2"}],"replies":[{"embeddable":true,"href":"https:\/\/www.bellunopress.it\/fr\/wp-json\/wp\/v2\/comments?post=161991"}],"version-history":[{"count":1,"href":"https:\/\/www.bellunopress.it\/fr\/wp-json\/wp\/v2\/posts\/161991\/revisions"}],"predecessor-version":[{"id":161993,"href":"https:\/\/www.bellunopress.it\/fr\/wp-json\/wp\/v2\/posts\/161991\/revisions\/161993"}],"wp:featuredmedia":[{"embeddable":true,"href":"https:\/\/www.bellunopress.it\/fr\/wp-json\/wp\/v2\/media\/135109"}],"wp:attachment":[{"href":"https:\/\/www.bellunopress.it\/fr\/wp-json\/wp\/v2\/media?parent=161991"}],"wp:term":[{"taxonomy":"category","embeddable":true,"href":"https:\/\/www.bellunopress.it\/fr\/wp-json\/wp\/v2\/categories?post=161991"},{"taxonomy":"post_tag","embeddable":true,"href":"https:\/\/www.bellunopress.it\/fr\/wp-json\/wp\/v2\/tags?post=161991"}],"curies":[{"name":"wp","href":"https:\/\/api.w.org\/{rel}","templated":true}]}}