{"id":161917,"date":"2025-07-19T16:33:44","date_gmt":"2025-07-19T14:33:44","guid":{"rendered":"https:\/\/www.bellunopress.it\/?p=161917"},"modified":"2025-07-19T16:33:44","modified_gmt":"2025-07-19T14:33:44","slug":"fondazione-teatri-delle-dolomiti-la-replica-di-ferigutti-museo-fulcis-da-3-anni-la-gestione-e-dellassessore-addamiano-con-costi-costanti-in-perdita","status":"publish","type":"post","link":"https:\/\/www.bellunopress.it\/fr\/2025\/07\/19\/fondazione-teatri-delle-dolomiti-la-replica-di-ferigutti-museo-fulcis-da-3-anni-la-gestione-e-dellassessore-addamiano-con-costi-costanti-in-perdita\/","title":{"rendered":"Fondazione Teatri delle Dolomiti. La replica di Ferigutti: &#8220;Museo Fulcis, da 3 anni la gestione \u00e8 dell&#8217;assessore Addamiano, con costi costanti in perdita&#8221;"},"content":{"rendered":"<figure id=\"attachment_140996\" aria-describedby=\"caption-attachment-140996\" style=\"width: 954px\" class=\"wp-caption aligncenter\"><img loading=\"lazy\" decoding=\"async\" class=\"size-full wp-image-140996\" src=\"https:\/\/www.bellunopress.it\/wp-content\/uploads\/2023\/04\/Massimo-Ferigutti.jpg\" alt=\"\" width=\"954\" height=\"1000\" srcset=\"https:\/\/www.bellunopress.it\/wp-content\/uploads\/2023\/04\/Massimo-Ferigutti.jpg 954w, https:\/\/www.bellunopress.it\/wp-content\/uploads\/2023\/04\/Massimo-Ferigutti-477x500.jpg 477w, https:\/\/www.bellunopress.it\/wp-content\/uploads\/2023\/04\/Massimo-Ferigutti-696x730.jpg 696w, https:\/\/www.bellunopress.it\/wp-content\/uploads\/2023\/04\/Massimo-Ferigutti-401x420.jpg 401w\" sizes=\"auto, (max-width: 954px) 100vw, 954px\" \/><figcaption id=\"caption-attachment-140996\" class=\"wp-caption-text\">Massimo Ferigutti, presidente del Centro Studi e Ricerche FormArte<\/figcaption><\/figure>\n<p>Belluno, 19 luglio 2025 &#8211; In qualit\u00e0 di ex Presidente della Fondazione Teatri delle Dolomiti, sento il dovere civico e culturale di condividere alcune riflessioni in seguito all&#8217;intervista rilasciata dalla Presidente in carica, Michela Marrone, e pubblicata recentemente sui quotidiani locali. Non si tratta di una replica polemica, bens\u00ec di un contributo di verit\u00e0 e visione, volto a restituire dignit\u00e0 al lavoro collettivo svolto negli anni e a richiamare l&#8217;attenzione della comunit\u00e0 sul futuro di una realt\u00e0 che ha rappresentato un presidio culturale dinamico, inclusivo e strategico per il territorio.<\/p>\n<p><strong>La Fondazione Teatri delle Dolomiti: una risorsa culturale e strategica<\/strong><\/p>\n<p>Ridurre la Fondazione a un mero contenitore tecnico-amministrativo significa sminuire il suo ruolo pubblico e culturale. La Fondazione \u00e8 il frutto di relazioni consolidate, progettualit\u00e0 coraggiose e scelte orientate da una visione condivisa e partecipata.<\/p>\n<p>Durante il mio mandato sono stati conseguiti risultati concreti, tra cui:<\/p>\n<p>\u00b7 Aumento del contributo annuo di Fondazione Cariverona: da 100.000 a 120.000 euro, grazie a una progettazione innovativa, in linea con le priorit\u00e0 dell&#8217;ente erogatore.<\/p>\n<p>\u00b7 Ideazione e avvio del progetto Culture Link: nato per attivare reti giovanili, promuovere la formazione e professionalizzare nuove figure nel settore culturale.<\/p>\n<p>\u00b7 Produzione diretta del cartellone teatrale e musicale: un salto di qualit\u00e0 nella gestione artistica e nella visione strategica.<\/p>\n<p>\u00b7 Accordo con Cortina Banca: ottenuto un contributo di 30.000 euro a partire dal 2024 per Culture Link e per le attivit\u00e0 teatrali.<\/p>\n<p>\u00b7 Attivazione di uno sportello culturale con il Consorzio BIM Piave: a supporto del territorio e contro ogni logica centralistica.<\/p>\n<p>Tutto questo \u00e8 stato possibile solo grazie a un lavoro di squadra, fondato su trasparenza, entusiasmo e spirito di servizio pubblico.<\/p>\n<p><strong>Scelte attuali che destano preoccupazione<\/strong><\/p>\n<p>Destano forte preoccupazione le recenti scelte del nuovo Consiglio di Gestione, in particolare la sospensione del cartellone teatrale della Fondazione per la stagione 2024-2025, nonostante la disponibilit\u00e0 di oltre 140.000 euro provenienti da fondi pubblici e privati.<br \/>\nUna decisione ingiustificata che rischia di produrre effetti contrari alla missione della Fondazione:<\/p>\n<p>\u00b7 Indebolire la fiducia degli enti finanziatori, che avevano riconosciuto nella FTD una realt\u00e0 meritevole di investimento e sostegno;<\/p>\n<p>\u00b7 Deludere il pubblico, che aveva intravisto nel rilancio di una nuova offerta culturale un segnale concreto di cambiamento e innovazione;<\/p>\n<p>\u00b7 Determinare un arretramento culturale e strategico per il territorio, vanificando il percorso di crescita e partecipazione faticosamente costruito.<\/p>\n<p>Si afferma che &#8220;i conti sono a posto&#8221;, ma nel frattempo si sospende l&#8217;unico strumento capace di generare valore culturale, identit\u00e0 collettiva e visione per il futuro. Una contraddizione evidente, che impone una riflessione pi\u00f9 ampia sulla direzione che si intende imprimere al ruolo culturale della Fondazione.<\/p>\n<p><strong>Il rischio di una deriva tecnocratica<\/strong><\/p>\n<p>Si avverte una preoccupante tendenza verso una verticalizzazione delle decisioni, che riduce la Fondazione a un ente puramente tecnico-organizzativo. Una fondazione culturale deve invece essere:<\/p>\n<p>\u00b7 aperta e partecipativa,<\/p>\n<p>\u00b7 generatrice di opportunit\u00e0,<\/p>\n<p>\u00b7 promotrice di dialogo e innovazione.<\/p>\n<p>Purtroppo, n\u00e9 la Fondazione n\u00e9 l&#8217;Assessorato alla Cultura hanno promosso una progettualit\u00e0 realmente incisiva, continuando a privilegiare realt\u00e0 consolidate, definite &#8220;residenti&#8221;. Una scelta singolare, poich\u00e9 nessun&#8217;altra Fondazione Teatri in Italia adotta il modello della residenza teatrale. Ne deriva una forma di sudditanza culturale nei confronti del Comune, che depotenzia la missione della Fondazione.<\/p>\n<p><strong>Culture Link: da modello innovativo a contenitore svuotato<\/strong><\/p>\n<p>Uno dei progetti pi\u00f9 innovativi, Culture Link, appare oggi profondamente svuotato. Numerose associazioni partner si sono defilate, denunciando:<\/p>\n<p>\u00b7 un clima di chiusura;<\/p>\n<p>\u00b7 l&#8217;assenza di dialogo;<\/p>\n<p>\u00b7 la centralizzazione eccessiva nelle mani dell&#8217;Assessore alla Cultura, Raffaele Addamiano.<\/p>\n<p>\u00c8 inaccettabile che un progetto nato, costruito e finanziato sotto la guida della Fondazione venga oggi gestito senza il suo diretto coinvolgimento. Ci\u00f2 mina l&#8217;autonomia e la legittimit\u00e0 dell&#8217;intera Fondazione.<\/p>\n<p><strong>Chiarezza sui costi e sulla gestione del Museo Fulcis<\/strong><\/p>\n<p>Nel bilancio della Fondazione figura anche la voce &#8220;Museo Fulcis&#8221;, tra le pi\u00f9 onerose. \u00c8 doveroso chiarire che:<\/p>\n<p>\u00b7 la Fondazione non ha alcuna responsabilit\u00e0 sulla programmazione culturale del museo;<\/p>\n<p>\u00b7 si limita a gestire personale e servizi ausiliari su mandato del Comune;<\/p>\n<p>\u00b7 la gestione \u00e8 affidata da tre anni all&#8217;Assessore Addamiano, con costi costanti in perdita.<\/p>\n<p>Serve una ridefinizione degli incarichi, per non compromettere la sostenibilit\u00e0 della FTD. La revisione dello statuto \u2013 di cui nulla si sa \u2013 dovrebbe riportare la gestione del Museo all&#8217;Ufficio Cultura comunale. \u00c8 infine utile ricordare che la mostra di Andy Warhol \u00e8 stata interamente finanziata e organizzata da strutture private, non dall&#8217;Assessorato alla Cultura.<\/p>\n<p><strong>Un appello alla responsabilit\u00e0 culturale<\/strong><\/p>\n<p>Concludo queste riflessioni con un appello alle istituzioni, alle associazioni culturali e alla cittadinanza attiva: la Fondazione Teatri delle Dolomiti non deve essere privata della sua vocazione originaria. Deve rimanere uno strumento al servizio del territorio, in grado di produrre cultura, innovazione e partecipazione.<\/p>\n<p>La cultura non si governa con soli criteri contabili, ma con visione, ascolto e responsabilit\u00e0 condivisa. In questi sei mesi di attivit\u00e0, l&#8217;attivo di bilancio citato dalla Presidente Marrone \u00e8 dovuto ai contributi ricevuti, non a capacit\u00e0 artistiche o imprenditoriali in grado di promuovere una cultura pluricentrica sul territorio. Una modalit\u00e0 operativa che ritengo penalizzante e inaccettabile per tutte le associazioni culturali bellunesi.<\/p>\n<p>Chi ha avuto l&#8217;onore di guidare un&#8217;istituzione pubblica ha anche il dovere morale di difenderne la dignit\u00e0, l&#8217;indipendenza e il potenziale trasformativo.<\/p>\n<p><strong>Massimo Ferigutti<\/strong><br \/>\n<strong>Ex Presidente della Fondazione Teatri delle Dolomiti<\/strong><\/p>","protected":false},"excerpt":{"rendered":"<p>Belluno, 19 luglio 2025 &#8211; In qualit\u00e0 di ex Presidente della Fondazione Teatri delle Dolomiti, sento il dovere civico e culturale di condividere alcune riflessioni in seguito all&#8217;intervista rilasciata dalla Presidente in carica, Michela Marrone, e pubblicata recentemente sui quotidiani locali. Non si tratta di una replica polemica, bens\u00ec di un contributo di verit\u00e0 e [&hellip;]<\/p>\n","protected":false},"author":2,"featured_media":140996,"comment_status":"closed","ping_status":"open","sticky":false,"template":"","format":"standard","meta":{"footnotes":""},"categories":[3,5,26],"tags":[],"class_list":["post-161917","post","type-post","status-publish","format-standard","has-post-thumbnail","category-arte-cultura-spettacoli-scienza-archivi","category-cronaca","category-prima-pagina"],"yoast_head":"<!-- This site is optimized with the Yoast SEO plugin v28.4 - https:\/\/yoast.com\/product\/yoast-seo-wordpress\/ -->\n<title>Fondazione Teatri delle Dolomiti. La replica di Ferigutti: &quot;Museo Fulcis, da 3 anni la gestione \u00e8 dell&#039;assessore Addamiano, con costi costanti in perdita&quot; - Bellunopress - Dolomiti<\/title>\n<meta name=\"robots\" content=\"index, follow, max-snippet:-1, max-image-preview:large, max-video-preview:-1\" \/>\n<link rel=\"canonical\" href=\"https:\/\/www.bellunopress.it\/fr\/2025\/07\/19\/fondazione-teatri-delle-dolomiti-la-replica-di-ferigutti-museo-fulcis-da-3-anni-la-gestione-e-dellassessore-addamiano-con-costi-costanti-in-perdita\/\" \/>\n<meta property=\"og:locale\" content=\"fr_FR\" \/>\n<meta property=\"og:type\" content=\"article\" \/>\n<meta property=\"og:title\" content=\"Fondazione Teatri delle Dolomiti. La replica di Ferigutti: &quot;Museo Fulcis, da 3 anni la gestione \u00e8 dell&#039;assessore Addamiano, con costi costanti in perdita&quot; - Bellunopress - Dolomiti\" \/>\n<meta property=\"og:description\" content=\"Belluno, 19 luglio 2025 &#8211; In qualit\u00e0 di ex Presidente della Fondazione Teatri delle Dolomiti, sento il dovere civico e culturale di condividere alcune riflessioni in seguito all&#8217;intervista rilasciata dalla Presidente in carica, Michela Marrone, e pubblicata recentemente sui quotidiani locali. Non si tratta di una replica polemica, bens\u00ec di un contributo di verit\u00e0 e [&hellip;]\" \/>\n<meta property=\"og:url\" content=\"https:\/\/www.bellunopress.it\/fr\/2025\/07\/19\/fondazione-teatri-delle-dolomiti-la-replica-di-ferigutti-museo-fulcis-da-3-anni-la-gestione-e-dellassessore-addamiano-con-costi-costanti-in-perdita\/\" \/>\n<meta property=\"og:site_name\" content=\"Bellunopress - Dolomiti\" \/>\n<meta property=\"article:publisher\" content=\"https:\/\/www.facebook.com\/profile.php?id=100008943462799\" \/>\n<meta property=\"article:published_time\" content=\"2025-07-19T14:33:44+00:00\" \/>\n<meta property=\"og:image\" content=\"https:\/\/www.bellunopress.it\/wp-content\/uploads\/2023\/04\/Massimo-Ferigutti.jpg\" \/>\n\t<meta property=\"og:image:width\" content=\"954\" \/>\n\t<meta property=\"og:image:height\" content=\"1000\" \/>\n\t<meta property=\"og:image:type\" content=\"image\/jpeg\" \/>\n<meta name=\"author\" content=\"redazione\" \/>\n<meta name=\"twitter:card\" content=\"summary_large_image\" \/>\n<meta name=\"twitter:creator\" content=\"@bellunopress\" \/>\n<meta name=\"twitter:site\" content=\"@bellunopress\" \/>\n<meta name=\"twitter:label1\" content=\"\u00c9crit par\" \/>\n\t<meta name=\"twitter:data1\" content=\"redazione\" \/>\n\t<meta name=\"twitter:label2\" content=\"Dur\u00e9e de lecture estim\u00e9e\" \/>\n\t<meta name=\"twitter:data2\" content=\"4 minutes\" \/>\n<script type=\"application\/ld+json\" class=\"yoast-schema-graph\">{\"@context\":\"https:\\\/\\\/schema.org\",\"@graph\":[{\"@type\":\"Article\",\"@id\":\"https:\\\/\\\/www.bellunopress.it\\\/2025\\\/07\\\/19\\\/fondazione-teatri-delle-dolomiti-la-replica-di-ferigutti-museo-fulcis-da-3-anni-la-gestione-e-dellassessore-addamiano-con-costi-costanti-in-perdita\\\/#article\",\"isPartOf\":{\"@id\":\"https:\\\/\\\/www.bellunopress.it\\\/2025\\\/07\\\/19\\\/fondazione-teatri-delle-dolomiti-la-replica-di-ferigutti-museo-fulcis-da-3-anni-la-gestione-e-dellassessore-addamiano-con-costi-costanti-in-perdita\\\/\"},\"author\":{\"name\":\"redazione\",\"@id\":\"https:\\\/\\\/www.bellunopress.it\\\/#\\\/schema\\\/person\\\/79bb06722b37ece1c03d3e94beb30d73\"},\"headline\":\"Fondazione Teatri delle Dolomiti. La replica di Ferigutti: &#8220;Museo Fulcis, da 3 anni la gestione \u00e8 dell&#8217;assessore Addamiano, con costi costanti in perdita&#8221;\",\"datePublished\":\"2025-07-19T14:33:44+00:00\",\"mainEntityOfPage\":{\"@id\":\"https:\\\/\\\/www.bellunopress.it\\\/2025\\\/07\\\/19\\\/fondazione-teatri-delle-dolomiti-la-replica-di-ferigutti-museo-fulcis-da-3-anni-la-gestione-e-dellassessore-addamiano-con-costi-costanti-in-perdita\\\/\"},\"wordCount\":898,\"publisher\":{\"@id\":\"https:\\\/\\\/www.bellunopress.it\\\/#organization\"},\"image\":{\"@id\":\"https:\\\/\\\/www.bellunopress.it\\\/2025\\\/07\\\/19\\\/fondazione-teatri-delle-dolomiti-la-replica-di-ferigutti-museo-fulcis-da-3-anni-la-gestione-e-dellassessore-addamiano-con-costi-costanti-in-perdita\\\/#primaryimage\"},\"thumbnailUrl\":\"https:\\\/\\\/www.bellunopress.it\\\/wp-content\\\/uploads\\\/2023\\\/04\\\/Massimo-Ferigutti.jpg\",\"articleSection\":[\"Arte, Cultura, Spettacoli, Scienza\",\"Cronaca\\\/Politica\",\"Prima Pagina\"],\"inLanguage\":\"fr-FR\"},{\"@type\":\"WebPage\",\"@id\":\"https:\\\/\\\/www.bellunopress.it\\\/2025\\\/07\\\/19\\\/fondazione-teatri-delle-dolomiti-la-replica-di-ferigutti-museo-fulcis-da-3-anni-la-gestione-e-dellassessore-addamiano-con-costi-costanti-in-perdita\\\/\",\"url\":\"https:\\\/\\\/www.bellunopress.it\\\/2025\\\/07\\\/19\\\/fondazione-teatri-delle-dolomiti-la-replica-di-ferigutti-museo-fulcis-da-3-anni-la-gestione-e-dellassessore-addamiano-con-costi-costanti-in-perdita\\\/\",\"name\":\"Fondazione Teatri delle Dolomiti. La replica di Ferigutti: \\\"Museo Fulcis, da 3 anni la gestione \u00e8 dell'assessore Addamiano, con costi costanti in perdita\\\" - Bellunopress - Dolomiti\",\"isPartOf\":{\"@id\":\"https:\\\/\\\/www.bellunopress.it\\\/#website\"},\"primaryImageOfPage\":{\"@id\":\"https:\\\/\\\/www.bellunopress.it\\\/2025\\\/07\\\/19\\\/fondazione-teatri-delle-dolomiti-la-replica-di-ferigutti-museo-fulcis-da-3-anni-la-gestione-e-dellassessore-addamiano-con-costi-costanti-in-perdita\\\/#primaryimage\"},\"image\":{\"@id\":\"https:\\\/\\\/www.bellunopress.it\\\/2025\\\/07\\\/19\\\/fondazione-teatri-delle-dolomiti-la-replica-di-ferigutti-museo-fulcis-da-3-anni-la-gestione-e-dellassessore-addamiano-con-costi-costanti-in-perdita\\\/#primaryimage\"},\"thumbnailUrl\":\"https:\\\/\\\/www.bellunopress.it\\\/wp-content\\\/uploads\\\/2023\\\/04\\\/Massimo-Ferigutti.jpg\",\"datePublished\":\"2025-07-19T14:33:44+00:00\",\"breadcrumb\":{\"@id\":\"https:\\\/\\\/www.bellunopress.it\\\/2025\\\/07\\\/19\\\/fondazione-teatri-delle-dolomiti-la-replica-di-ferigutti-museo-fulcis-da-3-anni-la-gestione-e-dellassessore-addamiano-con-costi-costanti-in-perdita\\\/#breadcrumb\"},\"inLanguage\":\"fr-FR\",\"potentialAction\":[{\"@type\":\"ReadAction\",\"target\":[\"https:\\\/\\\/www.bellunopress.it\\\/2025\\\/07\\\/19\\\/fondazione-teatri-delle-dolomiti-la-replica-di-ferigutti-museo-fulcis-da-3-anni-la-gestione-e-dellassessore-addamiano-con-costi-costanti-in-perdita\\\/\"]}]},{\"@type\":\"ImageObject\",\"inLanguage\":\"fr-FR\",\"@id\":\"https:\\\/\\\/www.bellunopress.it\\\/2025\\\/07\\\/19\\\/fondazione-teatri-delle-dolomiti-la-replica-di-ferigutti-museo-fulcis-da-3-anni-la-gestione-e-dellassessore-addamiano-con-costi-costanti-in-perdita\\\/#primaryimage\",\"url\":\"https:\\\/\\\/www.bellunopress.it\\\/wp-content\\\/uploads\\\/2023\\\/04\\\/Massimo-Ferigutti.jpg\",\"contentUrl\":\"https:\\\/\\\/www.bellunopress.it\\\/wp-content\\\/uploads\\\/2023\\\/04\\\/Massimo-Ferigutti.jpg\",\"width\":954,\"height\":1000,\"caption\":\"Massimo Ferigutti, presidente del Centro Studi e Ricerche FormArte, gi\u00e0 presidente di Fondazione Teatri delle Dolomiti\"},{\"@type\":\"BreadcrumbList\",\"@id\":\"https:\\\/\\\/www.bellunopress.it\\\/2025\\\/07\\\/19\\\/fondazione-teatri-delle-dolomiti-la-replica-di-ferigutti-museo-fulcis-da-3-anni-la-gestione-e-dellassessore-addamiano-con-costi-costanti-in-perdita\\\/#breadcrumb\",\"itemListElement\":[{\"@type\":\"ListItem\",\"position\":1,\"name\":\"Home\",\"item\":\"https:\\\/\\\/www.bellunopress.it\\\/\"},{\"@type\":\"ListItem\",\"position\":2,\"name\":\"Fondazione Teatri delle Dolomiti. La replica di Ferigutti: &#8220;Museo Fulcis, da 3 anni la gestione \u00e8 dell&#8217;assessore Addamiano, con costi costanti in perdita&#8221;\"}]},{\"@type\":\"WebSite\",\"@id\":\"https:\\\/\\\/www.bellunopress.it\\\/#website\",\"url\":\"https:\\\/\\\/www.bellunopress.it\\\/\",\"name\":\"Bellunopress - Dolomiti\",\"description\":\"e-mail: redazione@bellunopress.it\",\"publisher\":{\"@id\":\"https:\\\/\\\/www.bellunopress.it\\\/#organization\"},\"potentialAction\":[{\"@type\":\"SearchAction\",\"target\":{\"@type\":\"EntryPoint\",\"urlTemplate\":\"https:\\\/\\\/www.bellunopress.it\\\/?s={search_term_string}\"},\"query-input\":{\"@type\":\"PropertyValueSpecification\",\"valueRequired\":true,\"valueName\":\"search_term_string\"}}],\"inLanguage\":\"fr-FR\"},{\"@type\":\"Organization\",\"@id\":\"https:\\\/\\\/www.bellunopress.it\\\/#organization\",\"name\":\"Bellunopress\",\"url\":\"https:\\\/\\\/www.bellunopress.it\\\/\",\"logo\":{\"@type\":\"ImageObject\",\"inLanguage\":\"fr-FR\",\"@id\":\"https:\\\/\\\/www.bellunopress.it\\\/#\\\/schema\\\/logo\\\/image\\\/\",\"url\":\"https:\\\/\\\/www.bellunopress.it\\\/wp-content\\\/uploads\\\/2011\\\/05\\\/cropped-logo-bellunopress-.jpg\",\"contentUrl\":\"https:\\\/\\\/www.bellunopress.it\\\/wp-content\\\/uploads\\\/2011\\\/05\\\/cropped-logo-bellunopress-.jpg\",\"width\":512,\"height\":512,\"caption\":\"Bellunopress\"},\"image\":{\"@id\":\"https:\\\/\\\/www.bellunopress.it\\\/#\\\/schema\\\/logo\\\/image\\\/\"},\"sameAs\":[\"https:\\\/\\\/www.facebook.com\\\/profile.php?id=100008943462799\",\"https:\\\/\\\/x.com\\\/bellunopress\",\"https:\\\/\\\/www.linkedin.com\\\/hp\\\/?dnr=JBzUWaJfMUw8vbXJJ2tVW5-I3jZKvC4wsoxE&amp;amp;amp;amp;amp;amp;trk=nav_responsive_tab_home\",\"https:\\\/\\\/www.youtube.com\\\/channel\\\/UCxL0wu1uN0_3_7hGG0306cw\"]},{\"@type\":\"Person\",\"@id\":\"https:\\\/\\\/www.bellunopress.it\\\/#\\\/schema\\\/person\\\/79bb06722b37ece1c03d3e94beb30d73\",\"name\":\"redazione\",\"image\":{\"@type\":\"ImageObject\",\"inLanguage\":\"fr-FR\",\"@id\":\"https:\\\/\\\/secure.gravatar.com\\\/avatar\\\/37d968a2e67a6fd04c169c4bdef102d0bc5d31b2546345219e348575eb80e9a0?s=96&d=mm&r=g\",\"url\":\"https:\\\/\\\/secure.gravatar.com\\\/avatar\\\/37d968a2e67a6fd04c169c4bdef102d0bc5d31b2546345219e348575eb80e9a0?s=96&d=mm&r=g\",\"contentUrl\":\"https:\\\/\\\/secure.gravatar.com\\\/avatar\\\/37d968a2e67a6fd04c169c4bdef102d0bc5d31b2546345219e348575eb80e9a0?s=96&d=mm&r=g\",\"caption\":\"redazione\"},\"sameAs\":[\"http:\\\/\\\/www.bellunopress.it\",\"https:\\\/\\\/x.com\\\/bellunopress\"],\"url\":\"https:\\\/\\\/www.bellunopress.it\\\/fr\\\/author\\\/redazione\\\/\"}]}<\/script>\n<!-- \/ Yoast SEO plugin. -->","yoast_head_json":{"title":"Fondazione Teatri delle Dolomiti. La replica di Ferigutti: \"Museo Fulcis, da 3 anni la gestione \u00e8 dell'assessore Addamiano, con costi costanti in perdita\" - Bellunopress - Dolomiti","robots":{"index":"index","follow":"follow","max-snippet":"max-snippet:-1","max-image-preview":"max-image-preview:large","max-video-preview":"max-video-preview:-1"},"canonical":"https:\/\/www.bellunopress.it\/fr\/2025\/07\/19\/fondazione-teatri-delle-dolomiti-la-replica-di-ferigutti-museo-fulcis-da-3-anni-la-gestione-e-dellassessore-addamiano-con-costi-costanti-in-perdita\/","og_locale":"fr_FR","og_type":"article","og_title":"Fondazione Teatri delle Dolomiti. La replica di Ferigutti: \"Museo Fulcis, da 3 anni la gestione \u00e8 dell'assessore Addamiano, con costi costanti in perdita\" - Bellunopress - Dolomiti","og_description":"Belluno, 19 luglio 2025 &#8211; In qualit\u00e0 di ex Presidente della Fondazione Teatri delle Dolomiti, sento il dovere civico e culturale di condividere alcune riflessioni in seguito all&#8217;intervista rilasciata dalla Presidente in carica, Michela Marrone, e pubblicata recentemente sui quotidiani locali. Non si tratta di una replica polemica, bens\u00ec di un contributo di verit\u00e0 e [&hellip;]","og_url":"https:\/\/www.bellunopress.it\/fr\/2025\/07\/19\/fondazione-teatri-delle-dolomiti-la-replica-di-ferigutti-museo-fulcis-da-3-anni-la-gestione-e-dellassessore-addamiano-con-costi-costanti-in-perdita\/","og_site_name":"Bellunopress - Dolomiti","article_publisher":"https:\/\/www.facebook.com\/profile.php?id=100008943462799","article_published_time":"2025-07-19T14:33:44+00:00","og_image":[{"width":954,"height":1000,"url":"https:\/\/www.bellunopress.it\/wp-content\/uploads\/2023\/04\/Massimo-Ferigutti.jpg","type":"image\/jpeg"}],"author":"redazione","twitter_card":"summary_large_image","twitter_creator":"@bellunopress","twitter_site":"@bellunopress","twitter_misc":{"\u00c9crit par":"redazione","Dur\u00e9e de lecture estim\u00e9e":"4 minutes"},"schema":{"@context":"https:\/\/schema.org","@graph":[{"@type":"Article","@id":"https:\/\/www.bellunopress.it\/2025\/07\/19\/fondazione-teatri-delle-dolomiti-la-replica-di-ferigutti-museo-fulcis-da-3-anni-la-gestione-e-dellassessore-addamiano-con-costi-costanti-in-perdita\/#article","isPartOf":{"@id":"https:\/\/www.bellunopress.it\/2025\/07\/19\/fondazione-teatri-delle-dolomiti-la-replica-di-ferigutti-museo-fulcis-da-3-anni-la-gestione-e-dellassessore-addamiano-con-costi-costanti-in-perdita\/"},"author":{"name":"redazione","@id":"https:\/\/www.bellunopress.it\/#\/schema\/person\/79bb06722b37ece1c03d3e94beb30d73"},"headline":"Fondazione Teatri delle Dolomiti. La replica di Ferigutti: &#8220;Museo Fulcis, da 3 anni la gestione \u00e8 dell&#8217;assessore Addamiano, con costi costanti in perdita&#8221;","datePublished":"2025-07-19T14:33:44+00:00","mainEntityOfPage":{"@id":"https:\/\/www.bellunopress.it\/2025\/07\/19\/fondazione-teatri-delle-dolomiti-la-replica-di-ferigutti-museo-fulcis-da-3-anni-la-gestione-e-dellassessore-addamiano-con-costi-costanti-in-perdita\/"},"wordCount":898,"publisher":{"@id":"https:\/\/www.bellunopress.it\/#organization"},"image":{"@id":"https:\/\/www.bellunopress.it\/2025\/07\/19\/fondazione-teatri-delle-dolomiti-la-replica-di-ferigutti-museo-fulcis-da-3-anni-la-gestione-e-dellassessore-addamiano-con-costi-costanti-in-perdita\/#primaryimage"},"thumbnailUrl":"https:\/\/www.bellunopress.it\/wp-content\/uploads\/2023\/04\/Massimo-Ferigutti.jpg","articleSection":["Arte, Cultura, Spettacoli, Scienza","Cronaca\/Politica","Prima Pagina"],"inLanguage":"fr-FR"},{"@type":"WebPage","@id":"https:\/\/www.bellunopress.it\/2025\/07\/19\/fondazione-teatri-delle-dolomiti-la-replica-di-ferigutti-museo-fulcis-da-3-anni-la-gestione-e-dellassessore-addamiano-con-costi-costanti-in-perdita\/","url":"https:\/\/www.bellunopress.it\/2025\/07\/19\/fondazione-teatri-delle-dolomiti-la-replica-di-ferigutti-museo-fulcis-da-3-anni-la-gestione-e-dellassessore-addamiano-con-costi-costanti-in-perdita\/","name":"Fondazione Teatri delle Dolomiti. La replica di Ferigutti: \"Museo Fulcis, da 3 anni la gestione \u00e8 dell'assessore Addamiano, con costi costanti in perdita\" - Bellunopress - Dolomiti","isPartOf":{"@id":"https:\/\/www.bellunopress.it\/#website"},"primaryImageOfPage":{"@id":"https:\/\/www.bellunopress.it\/2025\/07\/19\/fondazione-teatri-delle-dolomiti-la-replica-di-ferigutti-museo-fulcis-da-3-anni-la-gestione-e-dellassessore-addamiano-con-costi-costanti-in-perdita\/#primaryimage"},"image":{"@id":"https:\/\/www.bellunopress.it\/2025\/07\/19\/fondazione-teatri-delle-dolomiti-la-replica-di-ferigutti-museo-fulcis-da-3-anni-la-gestione-e-dellassessore-addamiano-con-costi-costanti-in-perdita\/#primaryimage"},"thumbnailUrl":"https:\/\/www.bellunopress.it\/wp-content\/uploads\/2023\/04\/Massimo-Ferigutti.jpg","datePublished":"2025-07-19T14:33:44+00:00","breadcrumb":{"@id":"https:\/\/www.bellunopress.it\/2025\/07\/19\/fondazione-teatri-delle-dolomiti-la-replica-di-ferigutti-museo-fulcis-da-3-anni-la-gestione-e-dellassessore-addamiano-con-costi-costanti-in-perdita\/#breadcrumb"},"inLanguage":"fr-FR","potentialAction":[{"@type":"ReadAction","target":["https:\/\/www.bellunopress.it\/2025\/07\/19\/fondazione-teatri-delle-dolomiti-la-replica-di-ferigutti-museo-fulcis-da-3-anni-la-gestione-e-dellassessore-addamiano-con-costi-costanti-in-perdita\/"]}]},{"@type":"ImageObject","inLanguage":"fr-FR","@id":"https:\/\/www.bellunopress.it\/2025\/07\/19\/fondazione-teatri-delle-dolomiti-la-replica-di-ferigutti-museo-fulcis-da-3-anni-la-gestione-e-dellassessore-addamiano-con-costi-costanti-in-perdita\/#primaryimage","url":"https:\/\/www.bellunopress.it\/wp-content\/uploads\/2023\/04\/Massimo-Ferigutti.jpg","contentUrl":"https:\/\/www.bellunopress.it\/wp-content\/uploads\/2023\/04\/Massimo-Ferigutti.jpg","width":954,"height":1000,"caption":"Massimo Ferigutti, presidente del Centro Studi e Ricerche FormArte, gi\u00e0 presidente di Fondazione Teatri delle Dolomiti"},{"@type":"BreadcrumbList","@id":"https:\/\/www.bellunopress.it\/2025\/07\/19\/fondazione-teatri-delle-dolomiti-la-replica-di-ferigutti-museo-fulcis-da-3-anni-la-gestione-e-dellassessore-addamiano-con-costi-costanti-in-perdita\/#breadcrumb","itemListElement":[{"@type":"ListItem","position":1,"name":"Home","item":"https:\/\/www.bellunopress.it\/"},{"@type":"ListItem","position":2,"name":"Fondazione Teatri delle Dolomiti. La replica di Ferigutti: &#8220;Museo Fulcis, da 3 anni la gestione \u00e8 dell&#8217;assessore Addamiano, con costi costanti in perdita&#8221;"}]},{"@type":"WebSite","@id":"https:\/\/www.bellunopress.it\/#website","url":"https:\/\/www.bellunopress.it\/","name":"Bellunopress - Dolomiti","description":"e-mail: redazione@bellunopress.it","publisher":{"@id":"https:\/\/www.bellunopress.it\/#organization"},"potentialAction":[{"@type":"SearchAction","target":{"@type":"EntryPoint","urlTemplate":"https:\/\/www.bellunopress.it\/?s={search_term_string}"},"query-input":{"@type":"PropertyValueSpecification","valueRequired":true,"valueName":"search_term_string"}}],"inLanguage":"fr-FR"},{"@type":"Organization","@id":"https:\/\/www.bellunopress.it\/#organization","name":"Bellunopress","url":"https:\/\/www.bellunopress.it\/","logo":{"@type":"ImageObject","inLanguage":"fr-FR","@id":"https:\/\/www.bellunopress.it\/#\/schema\/logo\/image\/","url":"https:\/\/www.bellunopress.it\/wp-content\/uploads\/2011\/05\/cropped-logo-bellunopress-.jpg","contentUrl":"https:\/\/www.bellunopress.it\/wp-content\/uploads\/2011\/05\/cropped-logo-bellunopress-.jpg","width":512,"height":512,"caption":"Bellunopress"},"image":{"@id":"https:\/\/www.bellunopress.it\/#\/schema\/logo\/image\/"},"sameAs":["https:\/\/www.facebook.com\/profile.php?id=100008943462799","https:\/\/x.com\/bellunopress","https:\/\/www.linkedin.com\/hp\/?dnr=JBzUWaJfMUw8vbXJJ2tVW5-I3jZKvC4wsoxE&amp;amp;amp;amp;amp;amp;trk=nav_responsive_tab_home","https:\/\/www.youtube.com\/channel\/UCxL0wu1uN0_3_7hGG0306cw"]},{"@type":"Person","@id":"https:\/\/www.bellunopress.it\/#\/schema\/person\/79bb06722b37ece1c03d3e94beb30d73","name":"r\u00e9daction","image":{"@type":"ImageObject","inLanguage":"fr-FR","@id":"https:\/\/secure.gravatar.com\/avatar\/37d968a2e67a6fd04c169c4bdef102d0bc5d31b2546345219e348575eb80e9a0?s=96&d=mm&r=g","url":"https:\/\/secure.gravatar.com\/avatar\/37d968a2e67a6fd04c169c4bdef102d0bc5d31b2546345219e348575eb80e9a0?s=96&d=mm&r=g","contentUrl":"https:\/\/secure.gravatar.com\/avatar\/37d968a2e67a6fd04c169c4bdef102d0bc5d31b2546345219e348575eb80e9a0?s=96&d=mm&r=g","caption":"redazione"},"sameAs":["http:\/\/www.bellunopress.it","https:\/\/x.com\/bellunopress"],"url":"https:\/\/www.bellunopress.it\/fr\/author\/redazione\/"}]}},"_links":{"self":[{"href":"https:\/\/www.bellunopress.it\/fr\/wp-json\/wp\/v2\/posts\/161917","targetHints":{"allow":["GET"]}}],"collection":[{"href":"https:\/\/www.bellunopress.it\/fr\/wp-json\/wp\/v2\/posts"}],"about":[{"href":"https:\/\/www.bellunopress.it\/fr\/wp-json\/wp\/v2\/types\/post"}],"author":[{"embeddable":true,"href":"https:\/\/www.bellunopress.it\/fr\/wp-json\/wp\/v2\/users\/2"}],"replies":[{"embeddable":true,"href":"https:\/\/www.bellunopress.it\/fr\/wp-json\/wp\/v2\/comments?post=161917"}],"version-history":[{"count":1,"href":"https:\/\/www.bellunopress.it\/fr\/wp-json\/wp\/v2\/posts\/161917\/revisions"}],"predecessor-version":[{"id":161918,"href":"https:\/\/www.bellunopress.it\/fr\/wp-json\/wp\/v2\/posts\/161917\/revisions\/161918"}],"wp:featuredmedia":[{"embeddable":true,"href":"https:\/\/www.bellunopress.it\/fr\/wp-json\/wp\/v2\/media\/140996"}],"wp:attachment":[{"href":"https:\/\/www.bellunopress.it\/fr\/wp-json\/wp\/v2\/media?parent=161917"}],"wp:term":[{"taxonomy":"category","embeddable":true,"href":"https:\/\/www.bellunopress.it\/fr\/wp-json\/wp\/v2\/categories?post=161917"},{"taxonomy":"post_tag","embeddable":true,"href":"https:\/\/www.bellunopress.it\/fr\/wp-json\/wp\/v2\/tags?post=161917"}],"curies":[{"name":"wp","href":"https:\/\/api.w.org\/{rel}","templated":true}]}}