{"id":161914,"date":"2025-07-19T12:30:06","date_gmt":"2025-07-19T10:30:06","guid":{"rendered":"https:\/\/www.bellunopress.it\/?p=161914"},"modified":"2025-07-19T10:07:46","modified_gmt":"2025-07-19T08:07:46","slug":"sinfonia-verde-un-ponte-culturale-tra-feltre-e-montreuil-nel-segno-della-sostenibilita-e-della-musica","status":"publish","type":"post","link":"https:\/\/www.bellunopress.it\/fr\/2025\/07\/19\/sinfonia-verde-un-ponte-culturale-tra-feltre-e-montreuil-nel-segno-della-sostenibilita-e-della-musica\/","title":{"rendered":"Sinfonia Verde: un ponte culturale tra Feltre e Montreuil nel segno della sostenibilit\u00e0 e della musica"},"content":{"rendered":"<p><img loading=\"lazy\" decoding=\"async\" class=\"aligncenter size-full wp-image-161915\" src=\"https:\/\/www.bellunopress.it\/wp-content\/uploads\/2025\/07\/LoCo-Feltre-luglio-2025.jpg\" alt=\"\" width=\"563\" height=\"800\" srcset=\"https:\/\/www.bellunopress.it\/wp-content\/uploads\/2025\/07\/LoCo-Feltre-luglio-2025.jpg 563w, https:\/\/www.bellunopress.it\/wp-content\/uploads\/2025\/07\/LoCo-Feltre-luglio-2025-352x500.jpg 352w, https:\/\/www.bellunopress.it\/wp-content\/uploads\/2025\/07\/LoCo-Feltre-luglio-2025-296x420.jpg 296w\" sizes=\"auto, (max-width: 563px) 100vw, 563px\" \/>Feltre, luglio 2025 \u2013 Dal 16 al 28 luglio 2025 prende vita\u00a0&#8220;Sinfonia Verde&#8221;, un ambizioso progetto di scambio culturale tra l&#8217;associazione\u00a0LoCo\u00a0di Feltre (BL) e il\u00a0Grand Air Social Center\u00a0di\u00a0Montreuil, citt\u00e0 francese del dipartimento di Seine-Saint-Denis, una delle realt\u00e0 pi\u00f9 multiculturali e socialmente complesse dell&#8217;\u00cele-de-France.<\/p>\n<p>Obiettivo dello scambio \u00e8 duplice:<\/p>\n<ul>\n<li>sensibilizzare i giovani sui temi dell&#8217;alimentazione sostenibile\u00a0attraverso workshop, incontri ed esperienze dirette con realt\u00e0 locali;<\/li>\n<li>supportare la crescita artistica di giovani musicisti\u00a0francesi grazie al confronto con professionisti italiani, la pratica musicale e lo scambio culturale.<\/li>\n<\/ul>\n<p>A guidare lo sviluppo e il coordinamento delle attivit\u00e0 in Italia \u00e8 l&#8217;associazione\u00a0LoCo, capofila del progetto, che ha organizzato\u00a0un ricco programma di 10 giorni nel territorio bellunese, con il coinvolgimento di due importanti realt\u00e0 partner di Venezia e Padova.<\/p>\n<p><strong>Il programma<\/strong><\/p>\n<p>Il gruppo di ragazzi francesi, provenienti da Montreuil \u2013 citt\u00e0 caratterizzata da una forte presenza di comunit\u00e0 migranti, tra cui una delle pi\u00f9 grandi del Mali in Europa \u2013\u00a0arriver\u00e0 il 16 luglio a Milano, per poi raggiungere Feltre la sera del 17 luglio.<\/p>\n<p>Il 18 luglio\u00a0si apre ufficialmente il programma feltrino con una visita guidata alla cittadella medievale a cura della guida turistica Isabella Pilo, seguita da un incontro con il\u00a0Biodistretto Terre Bellunesi\u00a0e il gruppo\u00a0Coltivare Condividendo\u00a0presso l&#8217;agriturismo\u00a0L&#8217;Albero degli Alberi. La giornata si concluder\u00e0 alle ore 20:00 presso la sede di LoCo (Via Monte Cima 1) con una\u00a0Jam Session aperta al pubblico.<\/p>\n<p>Il\u00a019 luglio\u00a0sar\u00e0 dedicato a un laboratorio sociale ospitato dalla\u00a0Ciclofficina Bambara\u00a0alla\u00a0Casa dei Beni Comuni\u00a0di Belluno e a seguire un pranzo sociale. Nel pomeriggio si torna a Feltre per una\u00a0partita di calcio amichevole\u00a0al Campus Tina Merlin.<\/p>\n<p>Il\u00a020 luglio, a Porcen presso l&#8217;Osteria alla Pergola, il gruppo si divider\u00e0 tra la preparazione di un&#8217;apericena comunitaria\u00a0e l&#8217;organizzazione di un\u00a0concerto aperto al pubblico\u00a0(ore 18:00).<\/p>\n<p>Il\u00a021 luglio\u00a0sar\u00e0 una giornata libera per esplorare Feltre.<br \/>\n<span class=\"v1gmail-Apple-converted-space\">\u00a0<\/span>Il\u00a022 luglio\u00a0prevede un&#8217;escursione al\u00a0Castello di Zumelle\u00a0e alla\u00a0Grotta Azzurra, seguita da una visita e cena in agriturismo presso l&#8217;azienda agricola\u00a0GrilloTalpa\u00a0di Sospirolo, che chiuder\u00e0 la tappa bellunese con una grande pizzata collettiva.<\/p>\n<p>Dal\u00a023 al 27 luglio, il progetto proseguir\u00e0 tra\u00a0Venezia e Padova, grazie alla collaborazione con le associazioni\u00a0About (VE)\u00a0e\u00a0Food Not Bombs (PD).<\/p>\n<p>Tra le attivit\u00e0 principali:<\/p>\n<ul>\n<li>una giornata al mare per ricaricare le energie (23 luglio);<\/li>\n<li>passeggiata culturale a Venezia e partecipazione al\u00a0Gioved\u00ec Agro-Culturale\u00a0presso\u00a0l&#8217;associazione About VE\u00a0(24 luglio);<\/li>\n<li>raccolta di ortaggi recuperati e visita al\u00a0Mal de Testa Recording Studio\u00a0a Tombolo (25 luglio);<\/li>\n<li>preparazione di un\u00a0apericena solidale e concerto con interventi pro Palestina\u00a0al Parco Totem di Padova con\u00a0Food Not Bombs PD\u00a0(26 luglio);<\/li>\n<li>sessione di registrazione musicale presso il Mal de Testa Recording Studio\u00a0e laboratorio di\u00a0pane e pizza\u00a0a Due Carrare, dove si terr\u00e0 la\u00a0festa di chiusura\u00a0(27 luglio).<\/li>\n<\/ul>\n<p>Il\u00a028 luglio\u00a0i ragazzi partiranno da Padova per fare ritorno a Montreuil, portando con s\u00e9 un&#8217;esperienza ricca di relazioni, creativit\u00e0 e consapevolezza.<\/p>\n<p>&#8220;Sinfonia Verde \u00e8 un&#8217;occasione preziosa per valorizzare l&#8217;incontro tra culture attraverso la musica e il cibo, due linguaggi universali capaci di unire le persone oltre ogni confine.&#8221;<br \/>\n<span class=\"v1gmail-Apple-converted-space\">\u00a0<\/span>\u2013 LoCo Locale Comune<\/p>\n<p>Per ulteriori informazioni e per partecipare agli eventi aperti al pubblico:<br \/>\n<span class=\"v1gmail-Apple-converted-space\">\u00a0<\/span>\u00a0Segui LoCo Locale Comune su Instagram e Facebook<br \/>\n<span class=\"v1gmail-Apple-converted-space\">\u00a0<\/span>\u00a0LoCo, Via Monte Cima 1 \u2013 Feltre (BL)<\/p>","protected":false},"excerpt":{"rendered":"<p>Feltre, luglio 2025 \u2013 Dal 16 al 28 luglio 2025 prende vita\u00a0&#8220;Sinfonia Verde&#8221;, un ambizioso progetto di scambio culturale tra l&#8217;associazione\u00a0LoCo\u00a0di Feltre (BL) e il\u00a0Grand Air Social Center\u00a0di\u00a0Montreuil, citt\u00e0 francese del dipartimento di Seine-Saint-Denis, una delle realt\u00e0 pi\u00f9 multiculturali e socialmente complesse dell&#8217;\u00cele-de-France. Obiettivo dello scambio \u00e8 duplice: sensibilizzare i giovani sui temi dell&#8217;alimentazione sostenibile\u00a0attraverso [&hellip;]<\/p>\n","protected":false},"author":2,"featured_media":161915,"comment_status":"closed","ping_status":"open","sticky":false,"template":"","format":"standard","meta":{"footnotes":""},"categories":[27,25,8],"tags":[],"class_list":["post-161914","post","type-post","status-publish","format-standard","has-post-thumbnail","category-appuntamenti","category-pausa-caffe","category-societa-istituzioni"],"yoast_head":"<!-- This site is optimized with the Yoast SEO plugin v28.4 - https:\/\/yoast.com\/product\/yoast-seo-wordpress\/ -->\n<title>Sinfonia Verde: un ponte culturale tra Feltre e Montreuil nel segno della sostenibilit\u00e0 e della musica - Bellunopress - Dolomiti<\/title>\n<meta name=\"robots\" content=\"index, follow, max-snippet:-1, max-image-preview:large, max-video-preview:-1\" \/>\n<link rel=\"canonical\" href=\"https:\/\/www.bellunopress.it\/fr\/2025\/07\/19\/sinfonia-verde-un-ponte-culturale-tra-feltre-e-montreuil-nel-segno-della-sostenibilita-e-della-musica\/\" \/>\n<meta property=\"og:locale\" content=\"fr_FR\" \/>\n<meta property=\"og:type\" content=\"article\" \/>\n<meta property=\"og:title\" content=\"Sinfonia Verde: un ponte culturale tra Feltre e Montreuil nel segno della sostenibilit\u00e0 e della musica - Bellunopress - Dolomiti\" \/>\n<meta property=\"og:description\" content=\"Feltre, luglio 2025 \u2013 Dal 16 al 28 luglio 2025 prende vita\u00a0&#8220;Sinfonia Verde&#8221;, un ambizioso progetto di scambio culturale tra l&#8217;associazione\u00a0LoCo\u00a0di Feltre (BL) e il\u00a0Grand Air Social Center\u00a0di\u00a0Montreuil, citt\u00e0 francese del dipartimento di Seine-Saint-Denis, una delle realt\u00e0 pi\u00f9 multiculturali e socialmente complesse dell&#8217;\u00cele-de-France. Obiettivo dello scambio \u00e8 duplice: sensibilizzare i giovani sui temi dell&#8217;alimentazione sostenibile\u00a0attraverso [&hellip;]\" \/>\n<meta property=\"og:url\" content=\"https:\/\/www.bellunopress.it\/fr\/2025\/07\/19\/sinfonia-verde-un-ponte-culturale-tra-feltre-e-montreuil-nel-segno-della-sostenibilita-e-della-musica\/\" \/>\n<meta property=\"og:site_name\" content=\"Bellunopress - Dolomiti\" \/>\n<meta property=\"article:publisher\" content=\"https:\/\/www.facebook.com\/profile.php?id=100008943462799\" \/>\n<meta property=\"article:published_time\" content=\"2025-07-19T10:30:06+00:00\" \/>\n<meta property=\"og:image\" content=\"https:\/\/www.bellunopress.it\/wp-content\/uploads\/2025\/07\/LoCo-Feltre-luglio-2025.jpg\" \/>\n\t<meta property=\"og:image:width\" content=\"563\" \/>\n\t<meta property=\"og:image:height\" content=\"800\" \/>\n\t<meta property=\"og:image:type\" content=\"image\/jpeg\" \/>\n<meta name=\"author\" content=\"redazione\" \/>\n<meta name=\"twitter:card\" content=\"summary_large_image\" \/>\n<meta name=\"twitter:creator\" content=\"@bellunopress\" \/>\n<meta name=\"twitter:site\" content=\"@bellunopress\" \/>\n<meta name=\"twitter:label1\" content=\"Written by\" \/>\n\t<meta name=\"twitter:data1\" content=\"redazione\" \/>\n\t<meta name=\"twitter:label2\" content=\"Est. reading time\" \/>\n\t<meta name=\"twitter:data2\" content=\"3 minutes\" \/>\n<script type=\"application\/ld+json\" class=\"yoast-schema-graph\">{\"@context\":\"https:\\\/\\\/schema.org\",\"@graph\":[{\"@type\":\"Article\",\"@id\":\"https:\\\/\\\/www.bellunopress.it\\\/2025\\\/07\\\/19\\\/sinfonia-verde-un-ponte-culturale-tra-feltre-e-montreuil-nel-segno-della-sostenibilita-e-della-musica\\\/#article\",\"isPartOf\":{\"@id\":\"https:\\\/\\\/www.bellunopress.it\\\/2025\\\/07\\\/19\\\/sinfonia-verde-un-ponte-culturale-tra-feltre-e-montreuil-nel-segno-della-sostenibilita-e-della-musica\\\/\"},\"author\":{\"name\":\"redazione\",\"@id\":\"https:\\\/\\\/www.bellunopress.it\\\/#\\\/schema\\\/person\\\/79bb06722b37ece1c03d3e94beb30d73\"},\"headline\":\"Sinfonia Verde: un ponte culturale tra Feltre e Montreuil nel segno della sostenibilit\u00e0 e della musica\",\"datePublished\":\"2025-07-19T10:30:06+00:00\",\"mainEntityOfPage\":{\"@id\":\"https:\\\/\\\/www.bellunopress.it\\\/2025\\\/07\\\/19\\\/sinfonia-verde-un-ponte-culturale-tra-feltre-e-montreuil-nel-segno-della-sostenibilita-e-della-musica\\\/\"},\"wordCount\":563,\"publisher\":{\"@id\":\"https:\\\/\\\/www.bellunopress.it\\\/#organization\"},\"image\":{\"@id\":\"https:\\\/\\\/www.bellunopress.it\\\/2025\\\/07\\\/19\\\/sinfonia-verde-un-ponte-culturale-tra-feltre-e-montreuil-nel-segno-della-sostenibilita-e-della-musica\\\/#primaryimage\"},\"thumbnailUrl\":\"https:\\\/\\\/www.bellunopress.it\\\/wp-content\\\/uploads\\\/2025\\\/07\\\/LoCo-Feltre-luglio-2025.jpg\",\"articleSection\":[\"Appuntamenti, Eventi\",\"Pausa Caff\u00e8\",\"Societ\u00e0, Associazioni, Istituzioni\"],\"inLanguage\":\"fr-FR\"},{\"@type\":\"WebPage\",\"@id\":\"https:\\\/\\\/www.bellunopress.it\\\/2025\\\/07\\\/19\\\/sinfonia-verde-un-ponte-culturale-tra-feltre-e-montreuil-nel-segno-della-sostenibilita-e-della-musica\\\/\",\"url\":\"https:\\\/\\\/www.bellunopress.it\\\/2025\\\/07\\\/19\\\/sinfonia-verde-un-ponte-culturale-tra-feltre-e-montreuil-nel-segno-della-sostenibilita-e-della-musica\\\/\",\"name\":\"Sinfonia Verde: un ponte culturale tra Feltre e Montreuil nel segno della sostenibilit\u00e0 e della musica - Bellunopress - Dolomiti\",\"isPartOf\":{\"@id\":\"https:\\\/\\\/www.bellunopress.it\\\/#website\"},\"primaryImageOfPage\":{\"@id\":\"https:\\\/\\\/www.bellunopress.it\\\/2025\\\/07\\\/19\\\/sinfonia-verde-un-ponte-culturale-tra-feltre-e-montreuil-nel-segno-della-sostenibilita-e-della-musica\\\/#primaryimage\"},\"image\":{\"@id\":\"https:\\\/\\\/www.bellunopress.it\\\/2025\\\/07\\\/19\\\/sinfonia-verde-un-ponte-culturale-tra-feltre-e-montreuil-nel-segno-della-sostenibilita-e-della-musica\\\/#primaryimage\"},\"thumbnailUrl\":\"https:\\\/\\\/www.bellunopress.it\\\/wp-content\\\/uploads\\\/2025\\\/07\\\/LoCo-Feltre-luglio-2025.jpg\",\"datePublished\":\"2025-07-19T10:30:06+00:00\",\"breadcrumb\":{\"@id\":\"https:\\\/\\\/www.bellunopress.it\\\/2025\\\/07\\\/19\\\/sinfonia-verde-un-ponte-culturale-tra-feltre-e-montreuil-nel-segno-della-sostenibilita-e-della-musica\\\/#breadcrumb\"},\"inLanguage\":\"fr-FR\",\"potentialAction\":[{\"@type\":\"ReadAction\",\"target\":[\"https:\\\/\\\/www.bellunopress.it\\\/2025\\\/07\\\/19\\\/sinfonia-verde-un-ponte-culturale-tra-feltre-e-montreuil-nel-segno-della-sostenibilita-e-della-musica\\\/\"]}]},{\"@type\":\"ImageObject\",\"inLanguage\":\"fr-FR\",\"@id\":\"https:\\\/\\\/www.bellunopress.it\\\/2025\\\/07\\\/19\\\/sinfonia-verde-un-ponte-culturale-tra-feltre-e-montreuil-nel-segno-della-sostenibilita-e-della-musica\\\/#primaryimage\",\"url\":\"https:\\\/\\\/www.bellunopress.it\\\/wp-content\\\/uploads\\\/2025\\\/07\\\/LoCo-Feltre-luglio-2025.jpg\",\"contentUrl\":\"https:\\\/\\\/www.bellunopress.it\\\/wp-content\\\/uploads\\\/2025\\\/07\\\/LoCo-Feltre-luglio-2025.jpg\",\"width\":563,\"height\":800},{\"@type\":\"BreadcrumbList\",\"@id\":\"https:\\\/\\\/www.bellunopress.it\\\/2025\\\/07\\\/19\\\/sinfonia-verde-un-ponte-culturale-tra-feltre-e-montreuil-nel-segno-della-sostenibilita-e-della-musica\\\/#breadcrumb\",\"itemListElement\":[{\"@type\":\"ListItem\",\"position\":1,\"name\":\"Home\",\"item\":\"https:\\\/\\\/www.bellunopress.it\\\/\"},{\"@type\":\"ListItem\",\"position\":2,\"name\":\"Sinfonia Verde: un ponte culturale tra Feltre e Montreuil nel segno della sostenibilit\u00e0 e della musica\"}]},{\"@type\":\"WebSite\",\"@id\":\"https:\\\/\\\/www.bellunopress.it\\\/#website\",\"url\":\"https:\\\/\\\/www.bellunopress.it\\\/\",\"name\":\"Bellunopress - Dolomiti\",\"description\":\"e-mail: redazione@bellunopress.it\",\"publisher\":{\"@id\":\"https:\\\/\\\/www.bellunopress.it\\\/#organization\"},\"potentialAction\":[{\"@type\":\"SearchAction\",\"target\":{\"@type\":\"EntryPoint\",\"urlTemplate\":\"https:\\\/\\\/www.bellunopress.it\\\/?s={search_term_string}\"},\"query-input\":{\"@type\":\"PropertyValueSpecification\",\"valueRequired\":true,\"valueName\":\"search_term_string\"}}],\"inLanguage\":\"fr-FR\"},{\"@type\":\"Organization\",\"@id\":\"https:\\\/\\\/www.bellunopress.it\\\/#organization\",\"name\":\"Bellunopress\",\"url\":\"https:\\\/\\\/www.bellunopress.it\\\/\",\"logo\":{\"@type\":\"ImageObject\",\"inLanguage\":\"fr-FR\",\"@id\":\"https:\\\/\\\/www.bellunopress.it\\\/#\\\/schema\\\/logo\\\/image\\\/\",\"url\":\"https:\\\/\\\/www.bellunopress.it\\\/wp-content\\\/uploads\\\/2011\\\/05\\\/cropped-logo-bellunopress-.jpg\",\"contentUrl\":\"https:\\\/\\\/www.bellunopress.it\\\/wp-content\\\/uploads\\\/2011\\\/05\\\/cropped-logo-bellunopress-.jpg\",\"width\":512,\"height\":512,\"caption\":\"Bellunopress\"},\"image\":{\"@id\":\"https:\\\/\\\/www.bellunopress.it\\\/#\\\/schema\\\/logo\\\/image\\\/\"},\"sameAs\":[\"https:\\\/\\\/www.facebook.com\\\/profile.php?id=100008943462799\",\"https:\\\/\\\/x.com\\\/bellunopress\",\"https:\\\/\\\/www.linkedin.com\\\/hp\\\/?dnr=JBzUWaJfMUw8vbXJJ2tVW5-I3jZKvC4wsoxE&amp;amp;amp;amp;amp;amp;trk=nav_responsive_tab_home\",\"https:\\\/\\\/www.youtube.com\\\/channel\\\/UCxL0wu1uN0_3_7hGG0306cw\"]},{\"@type\":\"Person\",\"@id\":\"https:\\\/\\\/www.bellunopress.it\\\/#\\\/schema\\\/person\\\/79bb06722b37ece1c03d3e94beb30d73\",\"name\":\"redazione\",\"image\":{\"@type\":\"ImageObject\",\"inLanguage\":\"fr-FR\",\"@id\":\"https:\\\/\\\/secure.gravatar.com\\\/avatar\\\/37d968a2e67a6fd04c169c4bdef102d0bc5d31b2546345219e348575eb80e9a0?s=96&d=mm&r=g\",\"url\":\"https:\\\/\\\/secure.gravatar.com\\\/avatar\\\/37d968a2e67a6fd04c169c4bdef102d0bc5d31b2546345219e348575eb80e9a0?s=96&d=mm&r=g\",\"contentUrl\":\"https:\\\/\\\/secure.gravatar.com\\\/avatar\\\/37d968a2e67a6fd04c169c4bdef102d0bc5d31b2546345219e348575eb80e9a0?s=96&d=mm&r=g\",\"caption\":\"redazione\"},\"sameAs\":[\"http:\\\/\\\/www.bellunopress.it\",\"https:\\\/\\\/x.com\\\/bellunopress\"],\"url\":\"https:\\\/\\\/www.bellunopress.it\\\/fr\\\/author\\\/redazione\\\/\"}]}<\/script>\n<!-- \/ Yoast SEO plugin. -->","yoast_head_json":{"title":"Sinfonia Verde: un ponte culturale tra Feltre e Montreuil nel segno della sostenibilit\u00e0 e della musica - Bellunopress - Dolomiti","robots":{"index":"index","follow":"follow","max-snippet":"max-snippet:-1","max-image-preview":"max-image-preview:large","max-video-preview":"max-video-preview:-1"},"canonical":"https:\/\/www.bellunopress.it\/fr\/2025\/07\/19\/sinfonia-verde-un-ponte-culturale-tra-feltre-e-montreuil-nel-segno-della-sostenibilita-e-della-musica\/","og_locale":"fr_FR","og_type":"article","og_title":"Sinfonia Verde: un ponte culturale tra Feltre e Montreuil nel segno della sostenibilit\u00e0 e della musica - Bellunopress - Dolomiti","og_description":"Feltre, luglio 2025 \u2013 Dal 16 al 28 luglio 2025 prende vita\u00a0&#8220;Sinfonia Verde&#8221;, un ambizioso progetto di scambio culturale tra l&#8217;associazione\u00a0LoCo\u00a0di Feltre (BL) e il\u00a0Grand Air Social Center\u00a0di\u00a0Montreuil, citt\u00e0 francese del dipartimento di Seine-Saint-Denis, una delle realt\u00e0 pi\u00f9 multiculturali e socialmente complesse dell&#8217;\u00cele-de-France. Obiettivo dello scambio \u00e8 duplice: sensibilizzare i giovani sui temi dell&#8217;alimentazione sostenibile\u00a0attraverso [&hellip;]","og_url":"https:\/\/www.bellunopress.it\/fr\/2025\/07\/19\/sinfonia-verde-un-ponte-culturale-tra-feltre-e-montreuil-nel-segno-della-sostenibilita-e-della-musica\/","og_site_name":"Bellunopress - Dolomiti","article_publisher":"https:\/\/www.facebook.com\/profile.php?id=100008943462799","article_published_time":"2025-07-19T10:30:06+00:00","og_image":[{"width":563,"height":800,"url":"https:\/\/www.bellunopress.it\/wp-content\/uploads\/2025\/07\/LoCo-Feltre-luglio-2025.jpg","type":"image\/jpeg"}],"author":"redazione","twitter_card":"summary_large_image","twitter_creator":"@bellunopress","twitter_site":"@bellunopress","twitter_misc":{"Written by":"redazione","Est. reading time":"3 minutes"},"schema":{"@context":"https:\/\/schema.org","@graph":[{"@type":"Article","@id":"https:\/\/www.bellunopress.it\/2025\/07\/19\/sinfonia-verde-un-ponte-culturale-tra-feltre-e-montreuil-nel-segno-della-sostenibilita-e-della-musica\/#article","isPartOf":{"@id":"https:\/\/www.bellunopress.it\/2025\/07\/19\/sinfonia-verde-un-ponte-culturale-tra-feltre-e-montreuil-nel-segno-della-sostenibilita-e-della-musica\/"},"author":{"name":"redazione","@id":"https:\/\/www.bellunopress.it\/#\/schema\/person\/79bb06722b37ece1c03d3e94beb30d73"},"headline":"Sinfonia Verde: un ponte culturale tra Feltre e Montreuil nel segno della sostenibilit\u00e0 e della musica","datePublished":"2025-07-19T10:30:06+00:00","mainEntityOfPage":{"@id":"https:\/\/www.bellunopress.it\/2025\/07\/19\/sinfonia-verde-un-ponte-culturale-tra-feltre-e-montreuil-nel-segno-della-sostenibilita-e-della-musica\/"},"wordCount":563,"publisher":{"@id":"https:\/\/www.bellunopress.it\/#organization"},"image":{"@id":"https:\/\/www.bellunopress.it\/2025\/07\/19\/sinfonia-verde-un-ponte-culturale-tra-feltre-e-montreuil-nel-segno-della-sostenibilita-e-della-musica\/#primaryimage"},"thumbnailUrl":"https:\/\/www.bellunopress.it\/wp-content\/uploads\/2025\/07\/LoCo-Feltre-luglio-2025.jpg","articleSection":["Appuntamenti, Eventi","Pausa Caff\u00e8","Societ\u00e0, Associazioni, Istituzioni"],"inLanguage":"fr-FR"},{"@type":"WebPage","@id":"https:\/\/www.bellunopress.it\/2025\/07\/19\/sinfonia-verde-un-ponte-culturale-tra-feltre-e-montreuil-nel-segno-della-sostenibilita-e-della-musica\/","url":"https:\/\/www.bellunopress.it\/2025\/07\/19\/sinfonia-verde-un-ponte-culturale-tra-feltre-e-montreuil-nel-segno-della-sostenibilita-e-della-musica\/","name":"Sinfonia Verde: un ponte culturale tra Feltre e Montreuil nel segno della sostenibilit\u00e0 e della musica - Bellunopress - Dolomiti","isPartOf":{"@id":"https:\/\/www.bellunopress.it\/#website"},"primaryImageOfPage":{"@id":"https:\/\/www.bellunopress.it\/2025\/07\/19\/sinfonia-verde-un-ponte-culturale-tra-feltre-e-montreuil-nel-segno-della-sostenibilita-e-della-musica\/#primaryimage"},"image":{"@id":"https:\/\/www.bellunopress.it\/2025\/07\/19\/sinfonia-verde-un-ponte-culturale-tra-feltre-e-montreuil-nel-segno-della-sostenibilita-e-della-musica\/#primaryimage"},"thumbnailUrl":"https:\/\/www.bellunopress.it\/wp-content\/uploads\/2025\/07\/LoCo-Feltre-luglio-2025.jpg","datePublished":"2025-07-19T10:30:06+00:00","breadcrumb":{"@id":"https:\/\/www.bellunopress.it\/2025\/07\/19\/sinfonia-verde-un-ponte-culturale-tra-feltre-e-montreuil-nel-segno-della-sostenibilita-e-della-musica\/#breadcrumb"},"inLanguage":"fr-FR","potentialAction":[{"@type":"ReadAction","target":["https:\/\/www.bellunopress.it\/2025\/07\/19\/sinfonia-verde-un-ponte-culturale-tra-feltre-e-montreuil-nel-segno-della-sostenibilita-e-della-musica\/"]}]},{"@type":"ImageObject","inLanguage":"fr-FR","@id":"https:\/\/www.bellunopress.it\/2025\/07\/19\/sinfonia-verde-un-ponte-culturale-tra-feltre-e-montreuil-nel-segno-della-sostenibilita-e-della-musica\/#primaryimage","url":"https:\/\/www.bellunopress.it\/wp-content\/uploads\/2025\/07\/LoCo-Feltre-luglio-2025.jpg","contentUrl":"https:\/\/www.bellunopress.it\/wp-content\/uploads\/2025\/07\/LoCo-Feltre-luglio-2025.jpg","width":563,"height":800},{"@type":"BreadcrumbList","@id":"https:\/\/www.bellunopress.it\/2025\/07\/19\/sinfonia-verde-un-ponte-culturale-tra-feltre-e-montreuil-nel-segno-della-sostenibilita-e-della-musica\/#breadcrumb","itemListElement":[{"@type":"ListItem","position":1,"name":"Home","item":"https:\/\/www.bellunopress.it\/"},{"@type":"ListItem","position":2,"name":"Sinfonia Verde: un ponte culturale tra Feltre e Montreuil nel segno della sostenibilit\u00e0 e della musica"}]},{"@type":"WebSite","@id":"https:\/\/www.bellunopress.it\/#website","url":"https:\/\/www.bellunopress.it\/","name":"Bellunopress - Dolomiti","description":"e-mail: redazione@bellunopress.it","publisher":{"@id":"https:\/\/www.bellunopress.it\/#organization"},"potentialAction":[{"@type":"SearchAction","target":{"@type":"EntryPoint","urlTemplate":"https:\/\/www.bellunopress.it\/?s={search_term_string}"},"query-input":{"@type":"PropertyValueSpecification","valueRequired":true,"valueName":"search_term_string"}}],"inLanguage":"fr-FR"},{"@type":"Organization","@id":"https:\/\/www.bellunopress.it\/#organization","name":"Bellunopress","url":"https:\/\/www.bellunopress.it\/","logo":{"@type":"ImageObject","inLanguage":"fr-FR","@id":"https:\/\/www.bellunopress.it\/#\/schema\/logo\/image\/","url":"https:\/\/www.bellunopress.it\/wp-content\/uploads\/2011\/05\/cropped-logo-bellunopress-.jpg","contentUrl":"https:\/\/www.bellunopress.it\/wp-content\/uploads\/2011\/05\/cropped-logo-bellunopress-.jpg","width":512,"height":512,"caption":"Bellunopress"},"image":{"@id":"https:\/\/www.bellunopress.it\/#\/schema\/logo\/image\/"},"sameAs":["https:\/\/www.facebook.com\/profile.php?id=100008943462799","https:\/\/x.com\/bellunopress","https:\/\/www.linkedin.com\/hp\/?dnr=JBzUWaJfMUw8vbXJJ2tVW5-I3jZKvC4wsoxE&amp;amp;amp;amp;amp;amp;trk=nav_responsive_tab_home","https:\/\/www.youtube.com\/channel\/UCxL0wu1uN0_3_7hGG0306cw"]},{"@type":"Person","@id":"https:\/\/www.bellunopress.it\/#\/schema\/person\/79bb06722b37ece1c03d3e94beb30d73","name":"r\u00e9daction","image":{"@type":"ImageObject","inLanguage":"fr-FR","@id":"https:\/\/secure.gravatar.com\/avatar\/37d968a2e67a6fd04c169c4bdef102d0bc5d31b2546345219e348575eb80e9a0?s=96&d=mm&r=g","url":"https:\/\/secure.gravatar.com\/avatar\/37d968a2e67a6fd04c169c4bdef102d0bc5d31b2546345219e348575eb80e9a0?s=96&d=mm&r=g","contentUrl":"https:\/\/secure.gravatar.com\/avatar\/37d968a2e67a6fd04c169c4bdef102d0bc5d31b2546345219e348575eb80e9a0?s=96&d=mm&r=g","caption":"redazione"},"sameAs":["http:\/\/www.bellunopress.it","https:\/\/x.com\/bellunopress"],"url":"https:\/\/www.bellunopress.it\/fr\/author\/redazione\/"}]}},"_links":{"self":[{"href":"https:\/\/www.bellunopress.it\/fr\/wp-json\/wp\/v2\/posts\/161914","targetHints":{"allow":["GET"]}}],"collection":[{"href":"https:\/\/www.bellunopress.it\/fr\/wp-json\/wp\/v2\/posts"}],"about":[{"href":"https:\/\/www.bellunopress.it\/fr\/wp-json\/wp\/v2\/types\/post"}],"author":[{"embeddable":true,"href":"https:\/\/www.bellunopress.it\/fr\/wp-json\/wp\/v2\/users\/2"}],"replies":[{"embeddable":true,"href":"https:\/\/www.bellunopress.it\/fr\/wp-json\/wp\/v2\/comments?post=161914"}],"version-history":[{"count":1,"href":"https:\/\/www.bellunopress.it\/fr\/wp-json\/wp\/v2\/posts\/161914\/revisions"}],"predecessor-version":[{"id":161916,"href":"https:\/\/www.bellunopress.it\/fr\/wp-json\/wp\/v2\/posts\/161914\/revisions\/161916"}],"wp:featuredmedia":[{"embeddable":true,"href":"https:\/\/www.bellunopress.it\/fr\/wp-json\/wp\/v2\/media\/161915"}],"wp:attachment":[{"href":"https:\/\/www.bellunopress.it\/fr\/wp-json\/wp\/v2\/media?parent=161914"}],"wp:term":[{"taxonomy":"category","embeddable":true,"href":"https:\/\/www.bellunopress.it\/fr\/wp-json\/wp\/v2\/categories?post=161914"},{"taxonomy":"post_tag","embeddable":true,"href":"https:\/\/www.bellunopress.it\/fr\/wp-json\/wp\/v2\/tags?post=161914"}],"curies":[{"name":"wp","href":"https:\/\/api.w.org\/{rel}","templated":true}]}}