{"id":161912,"date":"2025-07-19T15:57:18","date_gmt":"2025-07-19T13:57:18","guid":{"rendered":"https:\/\/www.bellunopress.it\/?p=161912"},"modified":"2025-07-19T10:00:30","modified_gmt":"2025-07-19T08:00:30","slug":"museo-etnografico-dolomiti-150mo-anniversario-dellemigrazione-italiana-in-brasile","status":"publish","type":"post","link":"https:\/\/www.bellunopress.it\/fr\/2025\/07\/19\/museo-etnografico-dolomiti-150mo-anniversario-dellemigrazione-italiana-in-brasile\/","title":{"rendered":"Museo Etnografico Dolomiti. 150mo anniversario dell\u2019emigrazione italiana in Brasile"},"content":{"rendered":"<figure id=\"attachment_128001\" aria-describedby=\"caption-attachment-128001\" style=\"width: 800px\" class=\"wp-caption aligncenter\"><img loading=\"lazy\" decoding=\"async\" class=\"size-full wp-image-128001\" src=\"https:\/\/www.bellunopress.it\/wp-content\/uploads\/2021\/09\/museo-etnografico-seravella-Cesiomaggiore_edited.jpg\" alt=\"\" width=\"800\" height=\"600\" srcset=\"https:\/\/www.bellunopress.it\/wp-content\/uploads\/2021\/09\/museo-etnografico-seravella-Cesiomaggiore_edited.jpg 800w, https:\/\/www.bellunopress.it\/wp-content\/uploads\/2021\/09\/museo-etnografico-seravella-Cesiomaggiore_edited-500x375.jpg 500w, https:\/\/www.bellunopress.it\/wp-content\/uploads\/2021\/09\/museo-etnografico-seravella-Cesiomaggiore_edited-696x522.jpg 696w, https:\/\/www.bellunopress.it\/wp-content\/uploads\/2021\/09\/museo-etnografico-seravella-Cesiomaggiore_edited-560x420.jpg 560w, https:\/\/www.bellunopress.it\/wp-content\/uploads\/2021\/09\/museo-etnografico-seravella-Cesiomaggiore_edited-80x60.jpg 80w, https:\/\/www.bellunopress.it\/wp-content\/uploads\/2021\/09\/museo-etnografico-seravella-Cesiomaggiore_edited-265x198.jpg 265w\" sizes=\"auto, (max-width: 800px) 100vw, 800px\" \/><figcaption id=\"caption-attachment-128001\" class=\"wp-caption-text\">Museo Etnografico di Seravella (Cesiomaggiore)<\/figcaption><\/figure>\n<p><strong>Brasile. Tra due mondi, una storia \u2013 Proiezione serale<\/strong><\/p>\n<p>Il 25 luglio alle ore 20.45 nella Sala conferenze, il Museo Etnografico Dolomiti propone una proiezione serale del film Legado Italiano di M\u00e1rcia Monteiro. Docu-film, vincitore del premio Rai durante la 69\u00b0 Edizione del Festival del Cinema di Trento, che racconta il fenomeno migratorio verso il Brasile e le tradizioni delle comunit\u00e0 italo-brasiliane insediate nel Rio Grande Do Sul.<\/p>\n<p>A seguito dell\u2019inaugurazione della mostra fotografica Brasile. Tra due mondi, una storia allestita in occasione del 150. Anniversario dell\u2019emigrazione italiana in Brasile, a cura del fotografo italo-brasiliano Luis Tadeu Vilani, il Museo Etnografico Dolomiti chiude il mese di luglio con una proiezione serale che accompagna l\u2019epilogo dell\u2019esposizione allestita presso la Sala Mostre del Museo e visitabile dal luned\u00ec al venerd\u00ec dalle ore 09.00 alle 13.00 e nel fine settimana dalle 15.00 alle 18.30 aperta al pubblico fino al 27 luglio 2025.<\/p>\n<p>Legado Italiano di M\u00e1rcia Monteiro \u00e8 un documentario che racconta la storia, il presente e il futuro dell\u2019emigrazione trentina e veneta nella regione montuosa meridionale della Serra Ga\u00facha in Brasile, concentrandosi sulle influenze linguistiche, culturali e quelle legate ad un prodotto tipicamente italiano: il vino.<\/p>\n<p>Dalle motivazioni della giuria che ha assegnato il premio: \u00abil film \u00e8 un guanto bianco da un lato e nero sul rovescio. Il primo ritrae generazioni di boscaioli e contadini che disboscarono e dissodarono le foreste, coltivando la vite e producendo il vino oggi orgoglio del Brasile. La loro eredit\u00e0 \u00e8 al tempo stesso un prodotto e un messaggio. L\u2019altro lato \u00e8 la storia di persone che subirono soprusi, in patria e fuori, per attraversare l\u2019Atlantico, alla ricerca di un futuro migliore. Il film narra di storie di coraggio e successo ma anche di sfruttamento ed \u00e8 di grande attualit\u00e0: \u00e8 sufficiente, infatti, cambiare il colore della pelle, attraversare il Mar Mediterraneo al posto dell\u2019Oceano Atlantico, per trovare storie simili, la cui eredit\u00e0 ci sar\u00e0 certamente nel prossimo futuro. Il film, ricco di significative testimonianze, chiude con un filo di rammarico per la scelta di molti giovani di lasciare la campagna per andare in citt\u00e0. Un\u2019occasione per apprezzare la storia, le belle immagini, le interviste e, soprattutto, \u201cmeditare\u201d\u00bb.<\/p>\n<p><strong>Marcia Monteiro<\/strong><br \/>\nLaureata in giornalismo, ha studiato sceneggiatura presso la Escuela Internacional de Cine y TV de San Antonio de los Ba\u00f1os &#8211; Cuba. Lavora per TV Globo come produttrice artistica di serie, soap opera e film. Ha esperienza nel cinema e nella pubblicit\u00e0. Ha lavorato anche per RTP (R\u00e1dio Televis\u00e3o Portuguesa).<\/p>","protected":false},"excerpt":{"rendered":"<p>Brasile. Tra due mondi, una storia \u2013 Proiezione serale Il 25 luglio alle ore 20.45 nella Sala conferenze, il Museo Etnografico Dolomiti propone una proiezione serale del film Legado Italiano di M\u00e1rcia Monteiro. Docu-film, vincitore del premio Rai durante la 69\u00b0 Edizione del Festival del Cinema di Trento, che racconta il fenomeno migratorio verso il [&hellip;]<\/p>\n","protected":false},"author":2,"featured_media":128001,"comment_status":"closed","ping_status":"open","sticky":false,"template":"","format":"standard","meta":{"footnotes":""},"categories":[27,25],"tags":[],"class_list":["post-161912","post","type-post","status-publish","format-standard","has-post-thumbnail","category-appuntamenti","category-pausa-caffe"],"yoast_head":"<!-- This site is optimized with the Yoast SEO plugin v28.4 - https:\/\/yoast.com\/product\/yoast-seo-wordpress\/ -->\n<title>Museo Etnografico Dolomiti. 150mo anniversario dell\u2019emigrazione italiana in Brasile - Bellunopress - Dolomiti<\/title>\n<meta name=\"robots\" content=\"index, follow, max-snippet:-1, max-image-preview:large, max-video-preview:-1\" \/>\n<link rel=\"canonical\" href=\"https:\/\/www.bellunopress.it\/fr\/2025\/07\/19\/museo-etnografico-dolomiti-150mo-anniversario-dellemigrazione-italiana-in-brasile\/\" \/>\n<meta property=\"og:locale\" content=\"fr_FR\" \/>\n<meta property=\"og:type\" content=\"article\" \/>\n<meta property=\"og:title\" content=\"Museo Etnografico Dolomiti. 150mo anniversario dell\u2019emigrazione italiana in Brasile - Bellunopress - Dolomiti\" \/>\n<meta property=\"og:description\" content=\"Brasile. Tra due mondi, una storia \u2013 Proiezione serale Il 25 luglio alle ore 20.45 nella Sala conferenze, il Museo Etnografico Dolomiti propone una proiezione serale del film Legado Italiano di M\u00e1rcia Monteiro. Docu-film, vincitore del premio Rai durante la 69\u00b0 Edizione del Festival del Cinema di Trento, che racconta il fenomeno migratorio verso il [&hellip;]\" \/>\n<meta property=\"og:url\" content=\"https:\/\/www.bellunopress.it\/fr\/2025\/07\/19\/museo-etnografico-dolomiti-150mo-anniversario-dellemigrazione-italiana-in-brasile\/\" \/>\n<meta property=\"og:site_name\" content=\"Bellunopress - Dolomiti\" \/>\n<meta property=\"article:publisher\" content=\"https:\/\/www.facebook.com\/profile.php?id=100008943462799\" \/>\n<meta property=\"article:published_time\" content=\"2025-07-19T13:57:18+00:00\" \/>\n<meta property=\"og:image\" content=\"https:\/\/www.bellunopress.it\/wp-content\/uploads\/2021\/09\/museo-etnografico-seravella-Cesiomaggiore_edited.jpg\" \/>\n\t<meta property=\"og:image:width\" content=\"800\" \/>\n\t<meta property=\"og:image:height\" content=\"600\" \/>\n\t<meta property=\"og:image:type\" content=\"image\/jpeg\" \/>\n<meta name=\"author\" content=\"redazione\" \/>\n<meta name=\"twitter:card\" content=\"summary_large_image\" \/>\n<meta name=\"twitter:creator\" content=\"@bellunopress\" \/>\n<meta name=\"twitter:site\" content=\"@bellunopress\" \/>\n<meta name=\"twitter:label1\" content=\"\u00c9crit par\" \/>\n\t<meta name=\"twitter:data1\" content=\"redazione\" \/>\n\t<meta name=\"twitter:label2\" content=\"Dur\u00e9e de lecture estim\u00e9e\" \/>\n\t<meta name=\"twitter:data2\" content=\"2 minutes\" \/>\n<script type=\"application\/ld+json\" class=\"yoast-schema-graph\">{\"@context\":\"https:\\\/\\\/schema.org\",\"@graph\":[{\"@type\":\"Article\",\"@id\":\"https:\\\/\\\/www.bellunopress.it\\\/2025\\\/07\\\/19\\\/museo-etnografico-dolomiti-150mo-anniversario-dellemigrazione-italiana-in-brasile\\\/#article\",\"isPartOf\":{\"@id\":\"https:\\\/\\\/www.bellunopress.it\\\/2025\\\/07\\\/19\\\/museo-etnografico-dolomiti-150mo-anniversario-dellemigrazione-italiana-in-brasile\\\/\"},\"author\":{\"name\":\"redazione\",\"@id\":\"https:\\\/\\\/www.bellunopress.it\\\/#\\\/schema\\\/person\\\/79bb06722b37ece1c03d3e94beb30d73\"},\"headline\":\"Museo Etnografico Dolomiti. 150mo anniversario dell\u2019emigrazione italiana in Brasile\",\"datePublished\":\"2025-07-19T13:57:18+00:00\",\"mainEntityOfPage\":{\"@id\":\"https:\\\/\\\/www.bellunopress.it\\\/2025\\\/07\\\/19\\\/museo-etnografico-dolomiti-150mo-anniversario-dellemigrazione-italiana-in-brasile\\\/\"},\"wordCount\":434,\"publisher\":{\"@id\":\"https:\\\/\\\/www.bellunopress.it\\\/#organization\"},\"image\":{\"@id\":\"https:\\\/\\\/www.bellunopress.it\\\/2025\\\/07\\\/19\\\/museo-etnografico-dolomiti-150mo-anniversario-dellemigrazione-italiana-in-brasile\\\/#primaryimage\"},\"thumbnailUrl\":\"https:\\\/\\\/www.bellunopress.it\\\/wp-content\\\/uploads\\\/2021\\\/09\\\/museo-etnografico-seravella-Cesiomaggiore_edited.jpg\",\"articleSection\":[\"Appuntamenti, Eventi\",\"Pausa Caff\u00e8\"],\"inLanguage\":\"fr-FR\"},{\"@type\":\"WebPage\",\"@id\":\"https:\\\/\\\/www.bellunopress.it\\\/2025\\\/07\\\/19\\\/museo-etnografico-dolomiti-150mo-anniversario-dellemigrazione-italiana-in-brasile\\\/\",\"url\":\"https:\\\/\\\/www.bellunopress.it\\\/2025\\\/07\\\/19\\\/museo-etnografico-dolomiti-150mo-anniversario-dellemigrazione-italiana-in-brasile\\\/\",\"name\":\"Museo Etnografico Dolomiti. 150mo anniversario dell\u2019emigrazione italiana in Brasile - Bellunopress - Dolomiti\",\"isPartOf\":{\"@id\":\"https:\\\/\\\/www.bellunopress.it\\\/#website\"},\"primaryImageOfPage\":{\"@id\":\"https:\\\/\\\/www.bellunopress.it\\\/2025\\\/07\\\/19\\\/museo-etnografico-dolomiti-150mo-anniversario-dellemigrazione-italiana-in-brasile\\\/#primaryimage\"},\"image\":{\"@id\":\"https:\\\/\\\/www.bellunopress.it\\\/2025\\\/07\\\/19\\\/museo-etnografico-dolomiti-150mo-anniversario-dellemigrazione-italiana-in-brasile\\\/#primaryimage\"},\"thumbnailUrl\":\"https:\\\/\\\/www.bellunopress.it\\\/wp-content\\\/uploads\\\/2021\\\/09\\\/museo-etnografico-seravella-Cesiomaggiore_edited.jpg\",\"datePublished\":\"2025-07-19T13:57:18+00:00\",\"breadcrumb\":{\"@id\":\"https:\\\/\\\/www.bellunopress.it\\\/2025\\\/07\\\/19\\\/museo-etnografico-dolomiti-150mo-anniversario-dellemigrazione-italiana-in-brasile\\\/#breadcrumb\"},\"inLanguage\":\"fr-FR\",\"potentialAction\":[{\"@type\":\"ReadAction\",\"target\":[\"https:\\\/\\\/www.bellunopress.it\\\/2025\\\/07\\\/19\\\/museo-etnografico-dolomiti-150mo-anniversario-dellemigrazione-italiana-in-brasile\\\/\"]}]},{\"@type\":\"ImageObject\",\"inLanguage\":\"fr-FR\",\"@id\":\"https:\\\/\\\/www.bellunopress.it\\\/2025\\\/07\\\/19\\\/museo-etnografico-dolomiti-150mo-anniversario-dellemigrazione-italiana-in-brasile\\\/#primaryimage\",\"url\":\"https:\\\/\\\/www.bellunopress.it\\\/wp-content\\\/uploads\\\/2021\\\/09\\\/museo-etnografico-seravella-Cesiomaggiore_edited.jpg\",\"contentUrl\":\"https:\\\/\\\/www.bellunopress.it\\\/wp-content\\\/uploads\\\/2021\\\/09\\\/museo-etnografico-seravella-Cesiomaggiore_edited.jpg\",\"width\":800,\"height\":600,\"caption\":\"Museo Etnografico di Seravella (Cesiomaggiore)\"},{\"@type\":\"BreadcrumbList\",\"@id\":\"https:\\\/\\\/www.bellunopress.it\\\/2025\\\/07\\\/19\\\/museo-etnografico-dolomiti-150mo-anniversario-dellemigrazione-italiana-in-brasile\\\/#breadcrumb\",\"itemListElement\":[{\"@type\":\"ListItem\",\"position\":1,\"name\":\"Home\",\"item\":\"https:\\\/\\\/www.bellunopress.it\\\/\"},{\"@type\":\"ListItem\",\"position\":2,\"name\":\"Museo Etnografico Dolomiti. 150mo anniversario dell\u2019emigrazione italiana in Brasile\"}]},{\"@type\":\"WebSite\",\"@id\":\"https:\\\/\\\/www.bellunopress.it\\\/#website\",\"url\":\"https:\\\/\\\/www.bellunopress.it\\\/\",\"name\":\"Bellunopress - Dolomiti\",\"description\":\"e-mail: redazione@bellunopress.it\",\"publisher\":{\"@id\":\"https:\\\/\\\/www.bellunopress.it\\\/#organization\"},\"potentialAction\":[{\"@type\":\"SearchAction\",\"target\":{\"@type\":\"EntryPoint\",\"urlTemplate\":\"https:\\\/\\\/www.bellunopress.it\\\/?s={search_term_string}\"},\"query-input\":{\"@type\":\"PropertyValueSpecification\",\"valueRequired\":true,\"valueName\":\"search_term_string\"}}],\"inLanguage\":\"fr-FR\"},{\"@type\":\"Organization\",\"@id\":\"https:\\\/\\\/www.bellunopress.it\\\/#organization\",\"name\":\"Bellunopress\",\"url\":\"https:\\\/\\\/www.bellunopress.it\\\/\",\"logo\":{\"@type\":\"ImageObject\",\"inLanguage\":\"fr-FR\",\"@id\":\"https:\\\/\\\/www.bellunopress.it\\\/#\\\/schema\\\/logo\\\/image\\\/\",\"url\":\"https:\\\/\\\/www.bellunopress.it\\\/wp-content\\\/uploads\\\/2011\\\/05\\\/cropped-logo-bellunopress-.jpg\",\"contentUrl\":\"https:\\\/\\\/www.bellunopress.it\\\/wp-content\\\/uploads\\\/2011\\\/05\\\/cropped-logo-bellunopress-.jpg\",\"width\":512,\"height\":512,\"caption\":\"Bellunopress\"},\"image\":{\"@id\":\"https:\\\/\\\/www.bellunopress.it\\\/#\\\/schema\\\/logo\\\/image\\\/\"},\"sameAs\":[\"https:\\\/\\\/www.facebook.com\\\/profile.php?id=100008943462799\",\"https:\\\/\\\/x.com\\\/bellunopress\",\"https:\\\/\\\/www.linkedin.com\\\/hp\\\/?dnr=JBzUWaJfMUw8vbXJJ2tVW5-I3jZKvC4wsoxE&amp;amp;amp;amp;amp;amp;trk=nav_responsive_tab_home\",\"https:\\\/\\\/www.youtube.com\\\/channel\\\/UCxL0wu1uN0_3_7hGG0306cw\"]},{\"@type\":\"Person\",\"@id\":\"https:\\\/\\\/www.bellunopress.it\\\/#\\\/schema\\\/person\\\/79bb06722b37ece1c03d3e94beb30d73\",\"name\":\"redazione\",\"image\":{\"@type\":\"ImageObject\",\"inLanguage\":\"fr-FR\",\"@id\":\"https:\\\/\\\/secure.gravatar.com\\\/avatar\\\/37d968a2e67a6fd04c169c4bdef102d0bc5d31b2546345219e348575eb80e9a0?s=96&d=mm&r=g\",\"url\":\"https:\\\/\\\/secure.gravatar.com\\\/avatar\\\/37d968a2e67a6fd04c169c4bdef102d0bc5d31b2546345219e348575eb80e9a0?s=96&d=mm&r=g\",\"contentUrl\":\"https:\\\/\\\/secure.gravatar.com\\\/avatar\\\/37d968a2e67a6fd04c169c4bdef102d0bc5d31b2546345219e348575eb80e9a0?s=96&d=mm&r=g\",\"caption\":\"redazione\"},\"sameAs\":[\"http:\\\/\\\/www.bellunopress.it\",\"https:\\\/\\\/x.com\\\/bellunopress\"],\"url\":\"https:\\\/\\\/www.bellunopress.it\\\/fr\\\/author\\\/redazione\\\/\"}]}<\/script>\n<!-- \/ Yoast SEO plugin. -->","yoast_head_json":{"title":"Museo Etnografico Dolomiti. 150mo anniversario dell\u2019emigrazione italiana in Brasile - Bellunopress - Dolomiti","robots":{"index":"index","follow":"follow","max-snippet":"max-snippet:-1","max-image-preview":"max-image-preview:large","max-video-preview":"max-video-preview:-1"},"canonical":"https:\/\/www.bellunopress.it\/fr\/2025\/07\/19\/museo-etnografico-dolomiti-150mo-anniversario-dellemigrazione-italiana-in-brasile\/","og_locale":"fr_FR","og_type":"article","og_title":"Museo Etnografico Dolomiti. 150mo anniversario dell\u2019emigrazione italiana in Brasile - Bellunopress - Dolomiti","og_description":"Brasile. Tra due mondi, una storia \u2013 Proiezione serale Il 25 luglio alle ore 20.45 nella Sala conferenze, il Museo Etnografico Dolomiti propone una proiezione serale del film Legado Italiano di M\u00e1rcia Monteiro. Docu-film, vincitore del premio Rai durante la 69\u00b0 Edizione del Festival del Cinema di Trento, che racconta il fenomeno migratorio verso il [&hellip;]","og_url":"https:\/\/www.bellunopress.it\/fr\/2025\/07\/19\/museo-etnografico-dolomiti-150mo-anniversario-dellemigrazione-italiana-in-brasile\/","og_site_name":"Bellunopress - Dolomiti","article_publisher":"https:\/\/www.facebook.com\/profile.php?id=100008943462799","article_published_time":"2025-07-19T13:57:18+00:00","og_image":[{"width":800,"height":600,"url":"https:\/\/www.bellunopress.it\/wp-content\/uploads\/2021\/09\/museo-etnografico-seravella-Cesiomaggiore_edited.jpg","type":"image\/jpeg"}],"author":"redazione","twitter_card":"summary_large_image","twitter_creator":"@bellunopress","twitter_site":"@bellunopress","twitter_misc":{"\u00c9crit par":"redazione","Dur\u00e9e de lecture estim\u00e9e":"2 minutes"},"schema":{"@context":"https:\/\/schema.org","@graph":[{"@type":"Article","@id":"https:\/\/www.bellunopress.it\/2025\/07\/19\/museo-etnografico-dolomiti-150mo-anniversario-dellemigrazione-italiana-in-brasile\/#article","isPartOf":{"@id":"https:\/\/www.bellunopress.it\/2025\/07\/19\/museo-etnografico-dolomiti-150mo-anniversario-dellemigrazione-italiana-in-brasile\/"},"author":{"name":"redazione","@id":"https:\/\/www.bellunopress.it\/#\/schema\/person\/79bb06722b37ece1c03d3e94beb30d73"},"headline":"Museo Etnografico Dolomiti. 150mo anniversario dell\u2019emigrazione italiana in Brasile","datePublished":"2025-07-19T13:57:18+00:00","mainEntityOfPage":{"@id":"https:\/\/www.bellunopress.it\/2025\/07\/19\/museo-etnografico-dolomiti-150mo-anniversario-dellemigrazione-italiana-in-brasile\/"},"wordCount":434,"publisher":{"@id":"https:\/\/www.bellunopress.it\/#organization"},"image":{"@id":"https:\/\/www.bellunopress.it\/2025\/07\/19\/museo-etnografico-dolomiti-150mo-anniversario-dellemigrazione-italiana-in-brasile\/#primaryimage"},"thumbnailUrl":"https:\/\/www.bellunopress.it\/wp-content\/uploads\/2021\/09\/museo-etnografico-seravella-Cesiomaggiore_edited.jpg","articleSection":["Appuntamenti, Eventi","Pausa Caff\u00e8"],"inLanguage":"fr-FR"},{"@type":"WebPage","@id":"https:\/\/www.bellunopress.it\/2025\/07\/19\/museo-etnografico-dolomiti-150mo-anniversario-dellemigrazione-italiana-in-brasile\/","url":"https:\/\/www.bellunopress.it\/2025\/07\/19\/museo-etnografico-dolomiti-150mo-anniversario-dellemigrazione-italiana-in-brasile\/","name":"Museo Etnografico Dolomiti. 150mo anniversario dell\u2019emigrazione italiana in Brasile - Bellunopress - Dolomiti","isPartOf":{"@id":"https:\/\/www.bellunopress.it\/#website"},"primaryImageOfPage":{"@id":"https:\/\/www.bellunopress.it\/2025\/07\/19\/museo-etnografico-dolomiti-150mo-anniversario-dellemigrazione-italiana-in-brasile\/#primaryimage"},"image":{"@id":"https:\/\/www.bellunopress.it\/2025\/07\/19\/museo-etnografico-dolomiti-150mo-anniversario-dellemigrazione-italiana-in-brasile\/#primaryimage"},"thumbnailUrl":"https:\/\/www.bellunopress.it\/wp-content\/uploads\/2021\/09\/museo-etnografico-seravella-Cesiomaggiore_edited.jpg","datePublished":"2025-07-19T13:57:18+00:00","breadcrumb":{"@id":"https:\/\/www.bellunopress.it\/2025\/07\/19\/museo-etnografico-dolomiti-150mo-anniversario-dellemigrazione-italiana-in-brasile\/#breadcrumb"},"inLanguage":"fr-FR","potentialAction":[{"@type":"ReadAction","target":["https:\/\/www.bellunopress.it\/2025\/07\/19\/museo-etnografico-dolomiti-150mo-anniversario-dellemigrazione-italiana-in-brasile\/"]}]},{"@type":"ImageObject","inLanguage":"fr-FR","@id":"https:\/\/www.bellunopress.it\/2025\/07\/19\/museo-etnografico-dolomiti-150mo-anniversario-dellemigrazione-italiana-in-brasile\/#primaryimage","url":"https:\/\/www.bellunopress.it\/wp-content\/uploads\/2021\/09\/museo-etnografico-seravella-Cesiomaggiore_edited.jpg","contentUrl":"https:\/\/www.bellunopress.it\/wp-content\/uploads\/2021\/09\/museo-etnografico-seravella-Cesiomaggiore_edited.jpg","width":800,"height":600,"caption":"Museo Etnografico di Seravella (Cesiomaggiore)"},{"@type":"BreadcrumbList","@id":"https:\/\/www.bellunopress.it\/2025\/07\/19\/museo-etnografico-dolomiti-150mo-anniversario-dellemigrazione-italiana-in-brasile\/#breadcrumb","itemListElement":[{"@type":"ListItem","position":1,"name":"Home","item":"https:\/\/www.bellunopress.it\/"},{"@type":"ListItem","position":2,"name":"Museo Etnografico Dolomiti. 150mo anniversario dell\u2019emigrazione italiana in Brasile"}]},{"@type":"WebSite","@id":"https:\/\/www.bellunopress.it\/#website","url":"https:\/\/www.bellunopress.it\/","name":"Bellunopress - Dolomiti","description":"e-mail: redazione@bellunopress.it","publisher":{"@id":"https:\/\/www.bellunopress.it\/#organization"},"potentialAction":[{"@type":"SearchAction","target":{"@type":"EntryPoint","urlTemplate":"https:\/\/www.bellunopress.it\/?s={search_term_string}"},"query-input":{"@type":"PropertyValueSpecification","valueRequired":true,"valueName":"search_term_string"}}],"inLanguage":"fr-FR"},{"@type":"Organization","@id":"https:\/\/www.bellunopress.it\/#organization","name":"Bellunopress","url":"https:\/\/www.bellunopress.it\/","logo":{"@type":"ImageObject","inLanguage":"fr-FR","@id":"https:\/\/www.bellunopress.it\/#\/schema\/logo\/image\/","url":"https:\/\/www.bellunopress.it\/wp-content\/uploads\/2011\/05\/cropped-logo-bellunopress-.jpg","contentUrl":"https:\/\/www.bellunopress.it\/wp-content\/uploads\/2011\/05\/cropped-logo-bellunopress-.jpg","width":512,"height":512,"caption":"Bellunopress"},"image":{"@id":"https:\/\/www.bellunopress.it\/#\/schema\/logo\/image\/"},"sameAs":["https:\/\/www.facebook.com\/profile.php?id=100008943462799","https:\/\/x.com\/bellunopress","https:\/\/www.linkedin.com\/hp\/?dnr=JBzUWaJfMUw8vbXJJ2tVW5-I3jZKvC4wsoxE&amp;amp;amp;amp;amp;amp;trk=nav_responsive_tab_home","https:\/\/www.youtube.com\/channel\/UCxL0wu1uN0_3_7hGG0306cw"]},{"@type":"Person","@id":"https:\/\/www.bellunopress.it\/#\/schema\/person\/79bb06722b37ece1c03d3e94beb30d73","name":"r\u00e9daction","image":{"@type":"ImageObject","inLanguage":"fr-FR","@id":"https:\/\/secure.gravatar.com\/avatar\/37d968a2e67a6fd04c169c4bdef102d0bc5d31b2546345219e348575eb80e9a0?s=96&d=mm&r=g","url":"https:\/\/secure.gravatar.com\/avatar\/37d968a2e67a6fd04c169c4bdef102d0bc5d31b2546345219e348575eb80e9a0?s=96&d=mm&r=g","contentUrl":"https:\/\/secure.gravatar.com\/avatar\/37d968a2e67a6fd04c169c4bdef102d0bc5d31b2546345219e348575eb80e9a0?s=96&d=mm&r=g","caption":"redazione"},"sameAs":["http:\/\/www.bellunopress.it","https:\/\/x.com\/bellunopress"],"url":"https:\/\/www.bellunopress.it\/fr\/author\/redazione\/"}]}},"_links":{"self":[{"href":"https:\/\/www.bellunopress.it\/fr\/wp-json\/wp\/v2\/posts\/161912","targetHints":{"allow":["GET"]}}],"collection":[{"href":"https:\/\/www.bellunopress.it\/fr\/wp-json\/wp\/v2\/posts"}],"about":[{"href":"https:\/\/www.bellunopress.it\/fr\/wp-json\/wp\/v2\/types\/post"}],"author":[{"embeddable":true,"href":"https:\/\/www.bellunopress.it\/fr\/wp-json\/wp\/v2\/users\/2"}],"replies":[{"embeddable":true,"href":"https:\/\/www.bellunopress.it\/fr\/wp-json\/wp\/v2\/comments?post=161912"}],"version-history":[{"count":1,"href":"https:\/\/www.bellunopress.it\/fr\/wp-json\/wp\/v2\/posts\/161912\/revisions"}],"predecessor-version":[{"id":161913,"href":"https:\/\/www.bellunopress.it\/fr\/wp-json\/wp\/v2\/posts\/161912\/revisions\/161913"}],"wp:featuredmedia":[{"embeddable":true,"href":"https:\/\/www.bellunopress.it\/fr\/wp-json\/wp\/v2\/media\/128001"}],"wp:attachment":[{"href":"https:\/\/www.bellunopress.it\/fr\/wp-json\/wp\/v2\/media?parent=161912"}],"wp:term":[{"taxonomy":"category","embeddable":true,"href":"https:\/\/www.bellunopress.it\/fr\/wp-json\/wp\/v2\/categories?post=161912"},{"taxonomy":"post_tag","embeddable":true,"href":"https:\/\/www.bellunopress.it\/fr\/wp-json\/wp\/v2\/tags?post=161912"}],"curies":[{"name":"wp","href":"https:\/\/api.w.org\/{rel}","templated":true}]}}