{"id":161909,"date":"2025-07-19T16:39:50","date_gmt":"2025-07-19T14:39:50","guid":{"rendered":"https:\/\/www.bellunopress.it\/?p=161909"},"modified":"2025-07-19T09:51:57","modified_gmt":"2025-07-19T07:51:57","slug":"alpago-mostra-per-i-150-anni-dalla-nascita-di-pieretto-bianco","status":"publish","type":"post","link":"https:\/\/www.bellunopress.it\/fr\/2025\/07\/19\/alpago-mostra-per-i-150-anni-dalla-nascita-di-pieretto-bianco\/","title":{"rendered":"Alpago: mostra per i 150 anni dalla nascita di Pieretto Bianco"},"content":{"rendered":"<p><strong><img loading=\"lazy\" decoding=\"async\" class=\"aligncenter size-full wp-image-161910\" src=\"https:\/\/www.bellunopress.it\/wp-content\/uploads\/2025\/07\/mostra-Pieretto-Bianco-Alpago.jpg\" alt=\"\" width=\"800\" height=\"433\" srcset=\"https:\/\/www.bellunopress.it\/wp-content\/uploads\/2025\/07\/mostra-Pieretto-Bianco-Alpago.jpg 800w, https:\/\/www.bellunopress.it\/wp-content\/uploads\/2025\/07\/mostra-Pieretto-Bianco-Alpago-500x271.jpg 500w, https:\/\/www.bellunopress.it\/wp-content\/uploads\/2025\/07\/mostra-Pieretto-Bianco-Alpago-776x420.jpg 776w, https:\/\/www.bellunopress.it\/wp-content\/uploads\/2025\/07\/mostra-Pieretto-Bianco-Alpago-696x377.jpg 696w\" sizes=\"auto, (max-width: 800px) 100vw, 800px\" \/>Doppia inaugurazione: venerd\u00ec 25 luglio a Pieve d\u2019Alpago, ore 18.30, e domenica 27 luglio a Puos d\u2019Alpago, ore 17.00. Presentato il volume-guida alla mostra<\/strong><\/p>\n<p>Belluno, 19 luglio 2025 &#8211; Il Comune di Alpago ha presentato ieri a Palazzo Reviviscar le due iniziative culturali dedicate alla carriera internazionale di Pietro Bortoluzzi, detto Pieretto Bianco (Trieste, 1875 \u2013 Bologna, 1937), pittore e scenografo. Si tratta di un\u2019importante iniziativa culturale in occasione del 150\u00b0 anniversario dalla nascita dell\u2019artista, di padre nativo di Tignes, frazione di questo Comune, e di cui sono stati restaurati per l\u2019occasione i sette grandi dipinti del Palazzo Municipale di Puos d\u2019Alpago eseguiti per la Biennale di Venezia del 1912.<\/p>\n<p><strong>Pieretto Bianco. Dipinti, disegni, scenografie. A 150 anni dalla nascita. Esposizione a cura di Enrico Lucchese<\/strong><br \/>\nVenerd\u00ec 25 luglio alle ore 18.30 si terr\u00e0 presso il Palazzo Municipale di Pieve d\u2019Alpago l\u2019inaugurazione della mostra organizzata dall\u2019Ufficio Cultura in collaborazione con la Biblioteca Civica di Pieve d\u2019Alpago e curata dal prof. Enrico Lucchese dell\u2019Universit\u00e0 degli Studi della Campania \u201cLuigi Vanvitelli\u201d. Saranno esposti assieme per la prima volta dipinti, disegni, fotografie e volumi d\u2019epoca che illustreranno l\u2019arte di Bianco, dagli inizi veneziani all\u2019attivit\u00e0 americana, dove fu scenografo e amico di Enrico Caruso, alla produzione pittorica e grafica degli anni dello studio a Roma. Si tratta di una cinquantina di opere provenienti da collezioni private e pubbliche, come la Biblioteca Civica e il Museo di Rovereto, e le raccolte del Comune di Alpago.<br \/>\nIl catalogo-guida informativa alla mostra \u00e8 stato scritto dal curatore che nel 2013 \u00e8 stato coautore della monografia sull\u2019artista. La pubblicazione si avvale del patrocinio e del contributo economico di Confindustria Belluno Dolomiti, presso la cui sede a Palazzo Reviviscar \u00e8 conservata una delle famose opere per la Biennale di Venezia, L\u2019Arsenale di propriet\u00e0 del Comune di Alpago, che si potr\u00e0 visitare durante il periodo espositivo. Inoltre, il volume e la mostra di Pieve d\u2019Alpago sono patrocinati dal Parlamento europeo, dalla Regione del Veneto, dalla Provincia di Belluno, dall\u2019Unione Montana Alpago, dal Comune di Venezia, e da quelli di Trieste, Chies d\u2019Alpago, Tambre e Ponte nelle Alpi, nel cui Municipio sar\u00e0 accessibile ai visitatori della mostra Il Porto, un\u2019altra tela del ciclo Il Risveglio di Venezia di Pieretto Bianco.<\/p>\n<p><strong>Inaugurazione della Sala Consiliare di Puos d\u2019Alpago con il ritorno delle sette tele di Pieretto Bianco per la Biennale di Venezia del 1912<\/strong><br \/>\nDomenica 27 luglio alle ore 17.00 al Palazzo Municipale di Puos d\u2019Alpago saranno presentati i \u2018teleri\u2019 della Collezione civica dopo il complesso lavoro conservativo iniziato nel 2004 a cura della restauratrice Mariangela Mattia. La cittadinanza e gli appassionati sono invitati al taglio del nastro nella Sala Consiliare, rinnovata su progetto dell\u2019architetto Alberto Alpago Novello con il coordinamento dell\u2019Area Lavori Pubblici, pronta a ospitare le sette opere eseguite da Bianco per il ciclo Il Risveglio di Venezia, che rimarranno l\u00ec esposte permanentemente con il corredo di pannelli informativi fissi.<\/p>\n<p>La mostra Pieretto Bianco. Dipinti, disegni, scenografie. A 150 anni dalla nascita sar\u00e0 visitabile presso il Palazzo Municipale di Pieve d\u2019Alpago e quello di Puos d\u2019Alpago dal 25 luglio al 28 settembre 2025, con i seguenti orari: dal luned\u00ec al venerd\u00ec 10.00-12.00; luned\u00ec, marted\u00ec e gioved\u00ec 15.00-17.00; sabato-domenica e festivi 15.00-18.00 (solo a Pieve d\u2019Alpago). \u00c8 possibile, inoltre, visitare le opere a Palazzo Reviviscar a Belluno e presso il Comune di Ponte nelle Alpi previa prenotazione al tel. 0437\/ 478086 int.1 o scrivendo una mail a anagrafe@comunealpago.bl.it . Maggiori informazioni sono disponibili sui canali social del Comune di Alpago. Ingresso libero. La cittadinanza tutta \u00e8 invitata.<\/p>\n<p><strong>Il Sindaco del Comune di Alpago, Alberto Peterle:<\/strong><br \/>\n&#8220;Realizzare questa mostra \u00e8 di certo un importante traguardo culturale per la nostra Amministrazione. Durante lo scorso anno abbiamo unito le forze, sostenuto la motivazione, ricercato la professionalit\u00e0 ed oggi siamo qui alle porte dell\u2019inaugurazione, pronti a presentarla alla cittadinanza. Il mio pi\u00f9 sentito ringraziamento va a Confindustria Belluno Dolomiti ed al Comune di Ponte nelle Alpi e a quanti hanno reso possibile il progetto; un apprezzamento speciale \u00e8 rivolto al curatore professor Enrico Lucchese, all\u2019artista Andr\u00e9s David Carrara, alla restauratrice Mariangela Mattia, all\u2019architetto Alberto Alpago Novello e agli uffici comunali, i quali hanno lavorato con passione e dedizione per la realizzazione di questa importante iniziativa di alto livello. L\u2019auspicio \u00e8 che il catalogo che oggi presentiamo possa simboleggiare uno strumento di crescita culturale e di consapevolezza artistica per tutta la comunit\u00e0, contribuendo a mantenere vivo il ricordo e l\u2019eredit\u00e0 di Pieretto Bianco, grande artista del nostro tempo, che accogliamo nuovamente, dopo 150 anni, nella nostra Comunit\u00e0\u201d.<\/p>\n<p><strong>Il Consigliere delegato alla Cultura, Alessandro De Nardi:<\/strong><br \/>\n&#8220;Sono molto lieto che, in occasione del 150 anniversario dalla nascita di Pieretto Bianco, si sia riusciti a realizzare una mostra su due sedi, nei municipi di Pieve d&#8217;Alpago e Puos d&#8217;Alpago, per ricordare e valorizzare un artista di notevoli capacit\u00e0 artistiche. Eventi come questo ci mostrano quanto il nostro territorio sia ricco di importanti figure che hanno operato nel campo artistico e culturale a livello anche internazionale, e spetta a noi tutti conoscerle e farle conoscere sia a chi abita nei nostri paesi sia a chi viene a farci visita. La collaborazione con altri enti, come il Comune di Ponte nelle Alpi e Confindustria Belluno Dolomiti ci fa capire che unendo le forze si possono realizzare progetti importanti anche a livello culturale. Mi unisco ai ringraziamenti del sindaco a quanti hanno lavorato e prestato le opere per la realizzazione della mostra e del catalogo-guida che accompagna l&#8217;evento.&#8221;<\/p>\n<p><strong>La Consigliera delegata alle Politiche europee, Elisabetta Bortoluzzi:<\/strong><br \/>\n&#8220;Sono molto felice e soddisfatta per l&#8217;ottenimento dell&#8217;Alto Patrocinio del Parlamento Europeo che certifica il valore culturale della Mostra dedicata a Pieretto Bianco, le cui opere si inseriscono nel panorama culturale nazionale ed internazionale del XX secolo. Ricordiamo anche solo alcuni dei numerosi successi artistici di Pieretto Bianco all\u2019estero, documentati dall\u2019esposizione delle sue opere a San Francisco, New York, Cuba, e in Europa, a Madrid, Parigi, e soprattutto in Germania. L\u2019arte \u00e8 un linguaggio universale che unisce i popoli e che non conosce confini geografici; in tal senso l\u2019opera di Pieretto Bianco ha sicuramente contribuito alla creazione del patrimonio culturale ed artistico europeo del XX secolo. L\u2019ottenimento dell\u2019Alto Patrocinio del Parlamento europeo ne riconosce e ne dimostra la sua grandezza artistica che ha saputo parlare a uomini e donne di lingue e paesi diversi, ma tutti accomunati dagli stessi desideri e affascinati dalla bellezza, che sola salver\u00e0 il mondo, come profetizzava F\u00ebdor Dostoevskij\u201d.<\/p>\n<p><strong>La Vice Presidente di Confindustria Belluno Dolomiti, Laura Trevisson:<\/strong><br \/>\n&#8220;Sostenere la mostra dedicata a Pieretto Bianco, in occasione dei 150 anni dalla sua nascita, significa valorizzare una figura di spicco del nostro patrimonio culturale, ma anche investire con visione nel futuro del territorio. Un contesto culturalmente dinamico \u00e8 infatti pi\u00f9 aperto all\u2019innovazione, pi\u00f9 attrattivo e competitivo. Per questo, come Confindustria Belluno Dolomiti, continueremo a promuovere progetti come questo, perch\u00e9 dove c\u2019\u00e8 cultura, c\u2019\u00e8 impresa. E dove c\u2019\u00e8 impresa, c\u2019\u00e8 futuro.&#8221;<\/p>\n<p><strong>Il Curatore della mostra, Professore Enrico Lucchese:<\/strong><br \/>\n\u201cPietro Bortoluzzi detto Pieretto Bianco \u00e8 stato un protagonista delle prime Biennali veneziane della Belle \u00e9poque, soggiornando pi\u00f9 volte a Parigi per aggiornare una pittura che non poteva rinunciare alle isole della laguna veneta, alle sue genti, alle sue atmosfere: il ciclo del Risveglio di Venezia per la Biennale del 1912 celebra la ricostruzione del campanile di San Marco e la vita moderna del porto e dell\u2019arsenale. Dopo la partecipazione al clima della Secessione romana e la decorazione a mosaico della Cappella Doria Pamphilj sul Gianicolo, Pieretto Bianco si trasferisce allo scoppio della Grande Guerra negli Stati Uniti, trovando il successo come scenografo teatrale al Metropolitan Opera House di New York. In quella metropoli stringe amicizia con il grande tenore Enrico Caruso che segue a Cuba. Rientrato a Roma, dove ha il suo studio in via Flaminia, nel 1926 viene chiamato a decorare la Sala del Consiglio Superiore della Marina, continuando a esporre in Italia cos\u00ec come all\u2019estero e a creare scenografie e figurini per spettacoli lirici alla Scala di Milano, all\u2019Opera di Roma e negli altri teatri nazionali. Senza mai essere d\u2019avanguardia Pieretto Bianco \u00e8 riuscito a dare un contributo personale all\u2019arte del suo tempo: Carlo Carr\u00e0 ne apprezzava \u201cl\u2019innato gusto decorativo, talvolta aspro ma non mai senza ragione\u201d, e l\u2019originale \u201cimmediatezza\u201d, in cui \u201cgli elementi oggettivi [\u2026] si interiorizzano e acquistano l\u2019impronta di una sentita evocazione\u201d.<\/p>\n<p><strong>La Restauratrice Mariangela Mattia:<\/strong><br \/>\n\u201cLa pennellata di Pieretto Bianco \u00e8 potente e carica di materia, la sua capacit\u00e0 di costruire questi dipinti sviluppandoli in cinque metri di altezza, stupendo per chi li guarda, \u00e8 magistrale e ricca delle suggestioni che un grande scenografo sa far scaturire. Mi auguro che in futuro questo ciclo, custodito con tanta attenzione dal Comune di Alpago, possa essere valorizzato anche nel formato intero di ciascun dipinto\u201d.<\/p>\n<p><strong>L\u2019Architetto Alberto Alpago Novello:<\/strong><br \/>\n\u201cIl progetto intende conservare l\u2019impostazione della sala cos\u00ec come disegnata e progettata in occasione del primo allestimento degli anni ottanta del secolo scorso. Tuttavia, per valorizzare maggiormente le tele esposte e considerando anche l\u2019incremento previsto delle opere (da 4 come erano negli anni ottanta a 7), si intende procedere con una ricollocazione complessiva che porti ad una semplificazione degli elementi di arredo esistenti per dare maggior valore alle opere d\u2019arte dell\u2019artista Pieretto Bianco. Altro aspetto importante \u00e8 garantire la conservazione dei dipinti e in tal senso sono stati studiati diversi accorgimenti in grado di consentirne la tutela e valorizzazione\u201d.<\/p>\n<p><strong>Biografia sintetica di Pieretto Bianco<\/strong><br \/>\nDi seguito si riportano alcune note biografiche, redatte dall\u2019Area Servizi ai Cittadini &#8211; Ufficio Cultura del Comune di Alpago, che delineano e declinano le particolari qualit\u00e0 dell\u2019artista nel panorama culturale nazionale ed internazionale del primo trentennio del XX secolo:<\/p>\n<p>I volti degli uomini e delle donne, le tipiche case della borgata, i chiaroscuri dell&#8217;aspra montagna di Tignes sullo scorcio conclusivo dell&#8217;Ottocento e nel primo trentennio del Novecento popolarono sempre l&#8217;orizzonte artistico di Pietro Bortoluzzi, pi\u00f9 noto come Pieretto Bianco, pittore nato a Trieste il 28 agosto del 1875 da una famiglia originaria di Tignes. Trascorsi i primi anni di vita in Alpago, appena dodicenne Pieretto, unitamente alla famiglia, si trasfer\u00ec a Venezia dove, scoprendosi pittore, si diede con impegno a studiare, da autodidatta, l&#8217;opera del Tintoretto e del Tiepolo. Imboccata la strada dell&#8217;arte, non manc\u00f2 nei primi tempi di tornare nell&#8217;amata Pieve d&#8217;Alpago, lasciandovi traccia della propria attivit\u00e0, effigiando una mucca sulla facciata della latteria di Tignes, dove, in un&#8217;antica casa, si conservava sino a qualche anno fa il suo primo quadro &#8220;Vecchio Suonatore&#8221;. Pi\u00f9 tardi, tanto radi sarebbero stati i ritorni in Alpago, quanto straordinari i successi artistici a Venezia, a Roma, a San Francisco dove decor\u00f2 il padiglione italiano dell&#8217;Esposizione (era l&#8217;anno 1915). Nel 1916 a New York fu assunto quale scenografo ufficiale del Metropolitan Opera House ed in quella veste conobbe il grande tenore Enrico Caruso, diventandone amico e ritraendolo in un&#8217;opera mirabile. Nel 1920 insieme a Caruso raggiunse l&#8217;isola di Cuba dove gli furono tributati grandi onori e vide esaltata la propria opera pittorica. Tornato in Italia nel 1926, si stabil\u00ec a Roma, lavorando come scenografo, e nel 1927-1928 venne incaricato di decorare con grandi tele i saloni del Consiglio Superiore della Marina. Negli anni Trenta raggiunse l&#8217;apice del successo, con mostre in Italia ed all&#8217;estero, soprattutto in Germania; nel 1937, mentre preparava a Genova una &#8220;personale&#8221;, si fer\u00ec al collo e fu costretto a ricoverarsi presso l&#8217;Ospedale Rizzoli di Bologna dove, a causa di una polmonite, spir\u00f2 il 7 marzo del 1937.<\/p>\n<p>Tra le pubblicazioni rilevanti per la presente iniziativa, si ricorda: E. Lucchese, Il Risveglio ritrovato. I modelli di Pieretto Bianco per la Biennale di Venezia del 1912, Bologna My Monkey edizioni, 2022, ISBN: 9791281023031.<\/p>\n","protected":false},"excerpt":{"rendered":"<p>Doppia inaugurazione: venerd\u00ec 25 luglio a Pieve d\u2019Alpago, ore 18.30, e domenica 27 luglio a Puos d\u2019Alpago, ore 17.00. Presentato il volume-guida alla mostra Belluno, 19 luglio 2025 &#8211; Il Comune di Alpago ha presentato ieri a Palazzo Reviviscar le due iniziative culturali dedicate alla carriera internazionale di Pietro Bortoluzzi, detto Pieretto Bianco (Trieste, 1875 [&hellip;]<\/p>\n","protected":false},"author":2,"featured_media":161910,"comment_status":"closed","ping_status":"open","sticky":false,"template":"","format":"standard","meta":{"footnotes":""},"categories":[27,25],"tags":[],"class_list":["post-161909","post","type-post","status-publish","format-standard","has-post-thumbnail","category-appuntamenti","category-pausa-caffe"],"yoast_head":"<!-- This site is optimized with the Yoast SEO plugin v28.4 - https:\/\/yoast.com\/product\/yoast-seo-wordpress\/ -->\n<title>Alpago: mostra per i 150 anni dalla nascita di Pieretto Bianco - Bellunopress - Dolomiti<\/title>\n<meta name=\"robots\" content=\"index, follow, max-snippet:-1, max-image-preview:large, max-video-preview:-1\" \/>\n<link rel=\"canonical\" href=\"https:\/\/www.bellunopress.it\/fr\/2025\/07\/19\/alpago-mostra-per-i-150-anni-dalla-nascita-di-pieretto-bianco\/\" \/>\n<meta property=\"og:locale\" content=\"fr_FR\" \/>\n<meta property=\"og:type\" content=\"article\" \/>\n<meta property=\"og:title\" content=\"Alpago: mostra per i 150 anni dalla nascita di Pieretto Bianco - Bellunopress - Dolomiti\" \/>\n<meta property=\"og:description\" content=\"Doppia inaugurazione: venerd\u00ec 25 luglio a Pieve d\u2019Alpago, ore 18.30, e domenica 27 luglio a Puos d\u2019Alpago, ore 17.00. Presentato il volume-guida alla mostra Belluno, 19 luglio 2025 &#8211; Il Comune di Alpago ha presentato ieri a Palazzo Reviviscar le due iniziative culturali dedicate alla carriera internazionale di Pietro Bortoluzzi, detto Pieretto Bianco (Trieste, 1875 [&hellip;]\" \/>\n<meta property=\"og:url\" content=\"https:\/\/www.bellunopress.it\/fr\/2025\/07\/19\/alpago-mostra-per-i-150-anni-dalla-nascita-di-pieretto-bianco\/\" \/>\n<meta property=\"og:site_name\" content=\"Bellunopress - Dolomiti\" \/>\n<meta property=\"article:publisher\" content=\"https:\/\/www.facebook.com\/profile.php?id=100008943462799\" \/>\n<meta property=\"article:published_time\" content=\"2025-07-19T14:39:50+00:00\" \/>\n<meta property=\"og:image\" content=\"https:\/\/www.bellunopress.it\/wp-content\/uploads\/2025\/07\/mostra-Pieretto-Bianco-Alpago.jpg\" \/>\n\t<meta property=\"og:image:width\" content=\"800\" \/>\n\t<meta property=\"og:image:height\" content=\"433\" \/>\n\t<meta property=\"og:image:type\" content=\"image\/jpeg\" \/>\n<meta name=\"author\" content=\"redazione\" \/>\n<meta name=\"twitter:card\" content=\"summary_large_image\" \/>\n<meta name=\"twitter:creator\" content=\"@bellunopress\" \/>\n<meta name=\"twitter:site\" content=\"@bellunopress\" \/>\n<meta name=\"twitter:label1\" content=\"\u00c9crit par\" \/>\n\t<meta name=\"twitter:data1\" content=\"redazione\" \/>\n\t<meta name=\"twitter:label2\" content=\"Dur\u00e9e de lecture estim\u00e9e\" \/>\n\t<meta name=\"twitter:data2\" content=\"10 minutes\" \/>\n<script type=\"application\/ld+json\" class=\"yoast-schema-graph\">{\"@context\":\"https:\\\/\\\/schema.org\",\"@graph\":[{\"@type\":\"Article\",\"@id\":\"https:\\\/\\\/www.bellunopress.it\\\/2025\\\/07\\\/19\\\/alpago-mostra-per-i-150-anni-dalla-nascita-di-pieretto-bianco\\\/#article\",\"isPartOf\":{\"@id\":\"https:\\\/\\\/www.bellunopress.it\\\/2025\\\/07\\\/19\\\/alpago-mostra-per-i-150-anni-dalla-nascita-di-pieretto-bianco\\\/\"},\"author\":{\"name\":\"redazione\",\"@id\":\"https:\\\/\\\/www.bellunopress.it\\\/#\\\/schema\\\/person\\\/79bb06722b37ece1c03d3e94beb30d73\"},\"headline\":\"Alpago: mostra per i 150 anni dalla nascita di Pieretto Bianco\",\"datePublished\":\"2025-07-19T14:39:50+00:00\",\"mainEntityOfPage\":{\"@id\":\"https:\\\/\\\/www.bellunopress.it\\\/2025\\\/07\\\/19\\\/alpago-mostra-per-i-150-anni-dalla-nascita-di-pieretto-bianco\\\/\"},\"wordCount\":1961,\"publisher\":{\"@id\":\"https:\\\/\\\/www.bellunopress.it\\\/#organization\"},\"image\":{\"@id\":\"https:\\\/\\\/www.bellunopress.it\\\/2025\\\/07\\\/19\\\/alpago-mostra-per-i-150-anni-dalla-nascita-di-pieretto-bianco\\\/#primaryimage\"},\"thumbnailUrl\":\"https:\\\/\\\/www.bellunopress.it\\\/wp-content\\\/uploads\\\/2025\\\/07\\\/mostra-Pieretto-Bianco-Alpago.jpg\",\"articleSection\":[\"Appuntamenti, Eventi\",\"Pausa Caff\u00e8\"],\"inLanguage\":\"fr-FR\"},{\"@type\":\"WebPage\",\"@id\":\"https:\\\/\\\/www.bellunopress.it\\\/2025\\\/07\\\/19\\\/alpago-mostra-per-i-150-anni-dalla-nascita-di-pieretto-bianco\\\/\",\"url\":\"https:\\\/\\\/www.bellunopress.it\\\/2025\\\/07\\\/19\\\/alpago-mostra-per-i-150-anni-dalla-nascita-di-pieretto-bianco\\\/\",\"name\":\"Alpago: mostra per i 150 anni dalla nascita di Pieretto Bianco - Bellunopress - Dolomiti\",\"isPartOf\":{\"@id\":\"https:\\\/\\\/www.bellunopress.it\\\/#website\"},\"primaryImageOfPage\":{\"@id\":\"https:\\\/\\\/www.bellunopress.it\\\/2025\\\/07\\\/19\\\/alpago-mostra-per-i-150-anni-dalla-nascita-di-pieretto-bianco\\\/#primaryimage\"},\"image\":{\"@id\":\"https:\\\/\\\/www.bellunopress.it\\\/2025\\\/07\\\/19\\\/alpago-mostra-per-i-150-anni-dalla-nascita-di-pieretto-bianco\\\/#primaryimage\"},\"thumbnailUrl\":\"https:\\\/\\\/www.bellunopress.it\\\/wp-content\\\/uploads\\\/2025\\\/07\\\/mostra-Pieretto-Bianco-Alpago.jpg\",\"datePublished\":\"2025-07-19T14:39:50+00:00\",\"breadcrumb\":{\"@id\":\"https:\\\/\\\/www.bellunopress.it\\\/2025\\\/07\\\/19\\\/alpago-mostra-per-i-150-anni-dalla-nascita-di-pieretto-bianco\\\/#breadcrumb\"},\"inLanguage\":\"fr-FR\",\"potentialAction\":[{\"@type\":\"ReadAction\",\"target\":[\"https:\\\/\\\/www.bellunopress.it\\\/2025\\\/07\\\/19\\\/alpago-mostra-per-i-150-anni-dalla-nascita-di-pieretto-bianco\\\/\"]}]},{\"@type\":\"ImageObject\",\"inLanguage\":\"fr-FR\",\"@id\":\"https:\\\/\\\/www.bellunopress.it\\\/2025\\\/07\\\/19\\\/alpago-mostra-per-i-150-anni-dalla-nascita-di-pieretto-bianco\\\/#primaryimage\",\"url\":\"https:\\\/\\\/www.bellunopress.it\\\/wp-content\\\/uploads\\\/2025\\\/07\\\/mostra-Pieretto-Bianco-Alpago.jpg\",\"contentUrl\":\"https:\\\/\\\/www.bellunopress.it\\\/wp-content\\\/uploads\\\/2025\\\/07\\\/mostra-Pieretto-Bianco-Alpago.jpg\",\"width\":800,\"height\":433},{\"@type\":\"BreadcrumbList\",\"@id\":\"https:\\\/\\\/www.bellunopress.it\\\/2025\\\/07\\\/19\\\/alpago-mostra-per-i-150-anni-dalla-nascita-di-pieretto-bianco\\\/#breadcrumb\",\"itemListElement\":[{\"@type\":\"ListItem\",\"position\":1,\"name\":\"Home\",\"item\":\"https:\\\/\\\/www.bellunopress.it\\\/\"},{\"@type\":\"ListItem\",\"position\":2,\"name\":\"Alpago: mostra per i 150 anni dalla nascita di Pieretto Bianco\"}]},{\"@type\":\"WebSite\",\"@id\":\"https:\\\/\\\/www.bellunopress.it\\\/#website\",\"url\":\"https:\\\/\\\/www.bellunopress.it\\\/\",\"name\":\"Bellunopress - Dolomiti\",\"description\":\"e-mail: redazione@bellunopress.it\",\"publisher\":{\"@id\":\"https:\\\/\\\/www.bellunopress.it\\\/#organization\"},\"potentialAction\":[{\"@type\":\"SearchAction\",\"target\":{\"@type\":\"EntryPoint\",\"urlTemplate\":\"https:\\\/\\\/www.bellunopress.it\\\/?s={search_term_string}\"},\"query-input\":{\"@type\":\"PropertyValueSpecification\",\"valueRequired\":true,\"valueName\":\"search_term_string\"}}],\"inLanguage\":\"fr-FR\"},{\"@type\":\"Organization\",\"@id\":\"https:\\\/\\\/www.bellunopress.it\\\/#organization\",\"name\":\"Bellunopress\",\"url\":\"https:\\\/\\\/www.bellunopress.it\\\/\",\"logo\":{\"@type\":\"ImageObject\",\"inLanguage\":\"fr-FR\",\"@id\":\"https:\\\/\\\/www.bellunopress.it\\\/#\\\/schema\\\/logo\\\/image\\\/\",\"url\":\"https:\\\/\\\/www.bellunopress.it\\\/wp-content\\\/uploads\\\/2011\\\/05\\\/cropped-logo-bellunopress-.jpg\",\"contentUrl\":\"https:\\\/\\\/www.bellunopress.it\\\/wp-content\\\/uploads\\\/2011\\\/05\\\/cropped-logo-bellunopress-.jpg\",\"width\":512,\"height\":512,\"caption\":\"Bellunopress\"},\"image\":{\"@id\":\"https:\\\/\\\/www.bellunopress.it\\\/#\\\/schema\\\/logo\\\/image\\\/\"},\"sameAs\":[\"https:\\\/\\\/www.facebook.com\\\/profile.php?id=100008943462799\",\"https:\\\/\\\/x.com\\\/bellunopress\",\"https:\\\/\\\/www.linkedin.com\\\/hp\\\/?dnr=JBzUWaJfMUw8vbXJJ2tVW5-I3jZKvC4wsoxE&amp;amp;amp;amp;amp;amp;trk=nav_responsive_tab_home\",\"https:\\\/\\\/www.youtube.com\\\/channel\\\/UCxL0wu1uN0_3_7hGG0306cw\"]},{\"@type\":\"Person\",\"@id\":\"https:\\\/\\\/www.bellunopress.it\\\/#\\\/schema\\\/person\\\/79bb06722b37ece1c03d3e94beb30d73\",\"name\":\"redazione\",\"image\":{\"@type\":\"ImageObject\",\"inLanguage\":\"fr-FR\",\"@id\":\"https:\\\/\\\/secure.gravatar.com\\\/avatar\\\/37d968a2e67a6fd04c169c4bdef102d0bc5d31b2546345219e348575eb80e9a0?s=96&d=mm&r=g\",\"url\":\"https:\\\/\\\/secure.gravatar.com\\\/avatar\\\/37d968a2e67a6fd04c169c4bdef102d0bc5d31b2546345219e348575eb80e9a0?s=96&d=mm&r=g\",\"contentUrl\":\"https:\\\/\\\/secure.gravatar.com\\\/avatar\\\/37d968a2e67a6fd04c169c4bdef102d0bc5d31b2546345219e348575eb80e9a0?s=96&d=mm&r=g\",\"caption\":\"redazione\"},\"sameAs\":[\"http:\\\/\\\/www.bellunopress.it\",\"https:\\\/\\\/x.com\\\/bellunopress\"],\"url\":\"https:\\\/\\\/www.bellunopress.it\\\/fr\\\/author\\\/redazione\\\/\"}]}<\/script>\n<!-- \/ Yoast SEO plugin. -->","yoast_head_json":{"title":"Alpago: mostra per i 150 anni dalla nascita di Pieretto Bianco - Bellunopress - Dolomiti","robots":{"index":"index","follow":"follow","max-snippet":"max-snippet:-1","max-image-preview":"max-image-preview:large","max-video-preview":"max-video-preview:-1"},"canonical":"https:\/\/www.bellunopress.it\/fr\/2025\/07\/19\/alpago-mostra-per-i-150-anni-dalla-nascita-di-pieretto-bianco\/","og_locale":"fr_FR","og_type":"article","og_title":"Alpago: mostra per i 150 anni dalla nascita di Pieretto Bianco - Bellunopress - Dolomiti","og_description":"Doppia inaugurazione: venerd\u00ec 25 luglio a Pieve d\u2019Alpago, ore 18.30, e domenica 27 luglio a Puos d\u2019Alpago, ore 17.00. Presentato il volume-guida alla mostra Belluno, 19 luglio 2025 &#8211; Il Comune di Alpago ha presentato ieri a Palazzo Reviviscar le due iniziative culturali dedicate alla carriera internazionale di Pietro Bortoluzzi, detto Pieretto Bianco (Trieste, 1875 [&hellip;]","og_url":"https:\/\/www.bellunopress.it\/fr\/2025\/07\/19\/alpago-mostra-per-i-150-anni-dalla-nascita-di-pieretto-bianco\/","og_site_name":"Bellunopress - Dolomiti","article_publisher":"https:\/\/www.facebook.com\/profile.php?id=100008943462799","article_published_time":"2025-07-19T14:39:50+00:00","og_image":[{"width":800,"height":433,"url":"https:\/\/www.bellunopress.it\/wp-content\/uploads\/2025\/07\/mostra-Pieretto-Bianco-Alpago.jpg","type":"image\/jpeg"}],"author":"redazione","twitter_card":"summary_large_image","twitter_creator":"@bellunopress","twitter_site":"@bellunopress","twitter_misc":{"\u00c9crit par":"redazione","Dur\u00e9e de lecture estim\u00e9e":"10 minutes"},"schema":{"@context":"https:\/\/schema.org","@graph":[{"@type":"Article","@id":"https:\/\/www.bellunopress.it\/2025\/07\/19\/alpago-mostra-per-i-150-anni-dalla-nascita-di-pieretto-bianco\/#article","isPartOf":{"@id":"https:\/\/www.bellunopress.it\/2025\/07\/19\/alpago-mostra-per-i-150-anni-dalla-nascita-di-pieretto-bianco\/"},"author":{"name":"redazione","@id":"https:\/\/www.bellunopress.it\/#\/schema\/person\/79bb06722b37ece1c03d3e94beb30d73"},"headline":"Alpago: mostra per i 150 anni dalla nascita di Pieretto Bianco","datePublished":"2025-07-19T14:39:50+00:00","mainEntityOfPage":{"@id":"https:\/\/www.bellunopress.it\/2025\/07\/19\/alpago-mostra-per-i-150-anni-dalla-nascita-di-pieretto-bianco\/"},"wordCount":1961,"publisher":{"@id":"https:\/\/www.bellunopress.it\/#organization"},"image":{"@id":"https:\/\/www.bellunopress.it\/2025\/07\/19\/alpago-mostra-per-i-150-anni-dalla-nascita-di-pieretto-bianco\/#primaryimage"},"thumbnailUrl":"https:\/\/www.bellunopress.it\/wp-content\/uploads\/2025\/07\/mostra-Pieretto-Bianco-Alpago.jpg","articleSection":["Appuntamenti, Eventi","Pausa Caff\u00e8"],"inLanguage":"fr-FR"},{"@type":"WebPage","@id":"https:\/\/www.bellunopress.it\/2025\/07\/19\/alpago-mostra-per-i-150-anni-dalla-nascita-di-pieretto-bianco\/","url":"https:\/\/www.bellunopress.it\/2025\/07\/19\/alpago-mostra-per-i-150-anni-dalla-nascita-di-pieretto-bianco\/","name":"Alpago: mostra per i 150 anni dalla nascita di Pieretto Bianco - Bellunopress - Dolomiti","isPartOf":{"@id":"https:\/\/www.bellunopress.it\/#website"},"primaryImageOfPage":{"@id":"https:\/\/www.bellunopress.it\/2025\/07\/19\/alpago-mostra-per-i-150-anni-dalla-nascita-di-pieretto-bianco\/#primaryimage"},"image":{"@id":"https:\/\/www.bellunopress.it\/2025\/07\/19\/alpago-mostra-per-i-150-anni-dalla-nascita-di-pieretto-bianco\/#primaryimage"},"thumbnailUrl":"https:\/\/www.bellunopress.it\/wp-content\/uploads\/2025\/07\/mostra-Pieretto-Bianco-Alpago.jpg","datePublished":"2025-07-19T14:39:50+00:00","breadcrumb":{"@id":"https:\/\/www.bellunopress.it\/2025\/07\/19\/alpago-mostra-per-i-150-anni-dalla-nascita-di-pieretto-bianco\/#breadcrumb"},"inLanguage":"fr-FR","potentialAction":[{"@type":"ReadAction","target":["https:\/\/www.bellunopress.it\/2025\/07\/19\/alpago-mostra-per-i-150-anni-dalla-nascita-di-pieretto-bianco\/"]}]},{"@type":"ImageObject","inLanguage":"fr-FR","@id":"https:\/\/www.bellunopress.it\/2025\/07\/19\/alpago-mostra-per-i-150-anni-dalla-nascita-di-pieretto-bianco\/#primaryimage","url":"https:\/\/www.bellunopress.it\/wp-content\/uploads\/2025\/07\/mostra-Pieretto-Bianco-Alpago.jpg","contentUrl":"https:\/\/www.bellunopress.it\/wp-content\/uploads\/2025\/07\/mostra-Pieretto-Bianco-Alpago.jpg","width":800,"height":433},{"@type":"BreadcrumbList","@id":"https:\/\/www.bellunopress.it\/2025\/07\/19\/alpago-mostra-per-i-150-anni-dalla-nascita-di-pieretto-bianco\/#breadcrumb","itemListElement":[{"@type":"ListItem","position":1,"name":"Home","item":"https:\/\/www.bellunopress.it\/"},{"@type":"ListItem","position":2,"name":"Alpago: mostra per i 150 anni dalla nascita di Pieretto Bianco"}]},{"@type":"WebSite","@id":"https:\/\/www.bellunopress.it\/#website","url":"https:\/\/www.bellunopress.it\/","name":"Bellunopress - Dolomiti","description":"e-mail: redazione@bellunopress.it","publisher":{"@id":"https:\/\/www.bellunopress.it\/#organization"},"potentialAction":[{"@type":"SearchAction","target":{"@type":"EntryPoint","urlTemplate":"https:\/\/www.bellunopress.it\/?s={search_term_string}"},"query-input":{"@type":"PropertyValueSpecification","valueRequired":true,"valueName":"search_term_string"}}],"inLanguage":"fr-FR"},{"@type":"Organization","@id":"https:\/\/www.bellunopress.it\/#organization","name":"Bellunopress","url":"https:\/\/www.bellunopress.it\/","logo":{"@type":"ImageObject","inLanguage":"fr-FR","@id":"https:\/\/www.bellunopress.it\/#\/schema\/logo\/image\/","url":"https:\/\/www.bellunopress.it\/wp-content\/uploads\/2011\/05\/cropped-logo-bellunopress-.jpg","contentUrl":"https:\/\/www.bellunopress.it\/wp-content\/uploads\/2011\/05\/cropped-logo-bellunopress-.jpg","width":512,"height":512,"caption":"Bellunopress"},"image":{"@id":"https:\/\/www.bellunopress.it\/#\/schema\/logo\/image\/"},"sameAs":["https:\/\/www.facebook.com\/profile.php?id=100008943462799","https:\/\/x.com\/bellunopress","https:\/\/www.linkedin.com\/hp\/?dnr=JBzUWaJfMUw8vbXJJ2tVW5-I3jZKvC4wsoxE&amp;amp;amp;amp;amp;amp;trk=nav_responsive_tab_home","https:\/\/www.youtube.com\/channel\/UCxL0wu1uN0_3_7hGG0306cw"]},{"@type":"Person","@id":"https:\/\/www.bellunopress.it\/#\/schema\/person\/79bb06722b37ece1c03d3e94beb30d73","name":"r\u00e9daction","image":{"@type":"ImageObject","inLanguage":"fr-FR","@id":"https:\/\/secure.gravatar.com\/avatar\/37d968a2e67a6fd04c169c4bdef102d0bc5d31b2546345219e348575eb80e9a0?s=96&d=mm&r=g","url":"https:\/\/secure.gravatar.com\/avatar\/37d968a2e67a6fd04c169c4bdef102d0bc5d31b2546345219e348575eb80e9a0?s=96&d=mm&r=g","contentUrl":"https:\/\/secure.gravatar.com\/avatar\/37d968a2e67a6fd04c169c4bdef102d0bc5d31b2546345219e348575eb80e9a0?s=96&d=mm&r=g","caption":"redazione"},"sameAs":["http:\/\/www.bellunopress.it","https:\/\/x.com\/bellunopress"],"url":"https:\/\/www.bellunopress.it\/fr\/author\/redazione\/"}]}},"_links":{"self":[{"href":"https:\/\/www.bellunopress.it\/fr\/wp-json\/wp\/v2\/posts\/161909","targetHints":{"allow":["GET"]}}],"collection":[{"href":"https:\/\/www.bellunopress.it\/fr\/wp-json\/wp\/v2\/posts"}],"about":[{"href":"https:\/\/www.bellunopress.it\/fr\/wp-json\/wp\/v2\/types\/post"}],"author":[{"embeddable":true,"href":"https:\/\/www.bellunopress.it\/fr\/wp-json\/wp\/v2\/users\/2"}],"replies":[{"embeddable":true,"href":"https:\/\/www.bellunopress.it\/fr\/wp-json\/wp\/v2\/comments?post=161909"}],"version-history":[{"count":1,"href":"https:\/\/www.bellunopress.it\/fr\/wp-json\/wp\/v2\/posts\/161909\/revisions"}],"predecessor-version":[{"id":161911,"href":"https:\/\/www.bellunopress.it\/fr\/wp-json\/wp\/v2\/posts\/161909\/revisions\/161911"}],"wp:featuredmedia":[{"embeddable":true,"href":"https:\/\/www.bellunopress.it\/fr\/wp-json\/wp\/v2\/media\/161910"}],"wp:attachment":[{"href":"https:\/\/www.bellunopress.it\/fr\/wp-json\/wp\/v2\/media?parent=161909"}],"wp:term":[{"taxonomy":"category","embeddable":true,"href":"https:\/\/www.bellunopress.it\/fr\/wp-json\/wp\/v2\/categories?post=161909"},{"taxonomy":"post_tag","embeddable":true,"href":"https:\/\/www.bellunopress.it\/fr\/wp-json\/wp\/v2\/tags?post=161909"}],"curies":[{"name":"wp","href":"https:\/\/api.w.org\/{rel}","templated":true}]}}