{"id":161900,"date":"2025-07-19T07:25:07","date_gmt":"2025-07-19T05:25:07","guid":{"rendered":"https:\/\/www.bellunopress.it\/?p=161900"},"modified":"2025-07-19T07:25:07","modified_gmt":"2025-07-19T05:25:07","slug":"canale-dagodo-il-fine-settimana-della-sgubiada-rassegna-di-scultura-su-legno","status":"publish","type":"post","link":"https:\/\/www.bellunopress.it\/fr\/2025\/07\/19\/canale-dagodo-il-fine-settimana-della-sgubiada-rassegna-di-scultura-su-legno\/","title":{"rendered":"Canale d&#8217;Agodo: il fine settimana della Sgubiada, rassegna di scultura su legno"},"content":{"rendered":"<figure id=\"attachment_161901\" aria-describedby=\"caption-attachment-161901\" style=\"width: 800px\" class=\"wp-caption aligncenter\"><img loading=\"lazy\" decoding=\"async\" class=\"size-full wp-image-161901\" src=\"https:\/\/www.bellunopress.it\/wp-content\/uploads\/2025\/07\/Sgubiada-scultura-su-legno-Canale-dAgordo.jpg\" alt=\"\" width=\"800\" height=\"533\" srcset=\"https:\/\/www.bellunopress.it\/wp-content\/uploads\/2025\/07\/Sgubiada-scultura-su-legno-Canale-dAgordo.jpg 800w, https:\/\/www.bellunopress.it\/wp-content\/uploads\/2025\/07\/Sgubiada-scultura-su-legno-Canale-dAgordo-500x333.jpg 500w, https:\/\/www.bellunopress.it\/wp-content\/uploads\/2025\/07\/Sgubiada-scultura-su-legno-Canale-dAgordo-630x420.jpg 630w, https:\/\/www.bellunopress.it\/wp-content\/uploads\/2025\/07\/Sgubiada-scultura-su-legno-Canale-dAgordo-696x464.jpg 696w\" sizes=\"auto, (max-width: 800px) 100vw, 800px\" \/><figcaption id=\"caption-attachment-161901\" class=\"wp-caption-text\">Sgubiada, rassegna di scultura su legno &#8211; Canale d&#8217;Agordo (Foto: \u00a9EchidiAlessandroSogne)<\/figcaption><\/figure>\n<p>La &#8220;Sgubiada&#8221; ritorna a Canale d&#8217;Agordo questo fine settimana. Si tratta di una rassegna di scultura su legno che due giorni (sabato 19 e domenica 20 luglio) dedicata alla scultura proposta dal comitato La Zinghenesta, l&#8217;associazione che organizza il carnevale di Canale d&#8217;Agordo.<\/p>\n<p>Il programma prevede per la giornata di sabato 19 luglio una doppia sessione di scultura: dalle 8.30 alle 12. E dalle 15 alle 18: le postazioni saranno tra Piazza Luciani e la piazzetta di Tancon.<\/p>\n<p>Alle 20.30, alla sala ex emigranti di via Lotta, ci sar\u00e0 la conferenza su &#8220;D\u00e8moni, Spiriti e Maschere: un percorso dalle Alpi all&#8217;Europa&#8221;. Il relatore sar\u00e0 il dottor Cesare Poppi.<\/p>\n<p>Nella giornata di domenica 20 luglio, sessione di scultura dalle 9 alle 12 e dalle 15 alle 17. Alle 18 la cerimonia di chiusura con la consegna dei riconoscimenti presso il municipio.<\/p>\n<p>Sempre nei locali del municipio, da questo fine settimana e fino al 9 agosto sar\u00e0 ospitata la mostra fotografica dei carnevali dagli anni Cinquanta agli anni Settanta dal titolo &#8220;El Carneval e le Mascherade del Pensieri&#8221;.<\/p>\n<p>Questi gli scultori protagonisti della &#8220;Sgubiada&#8221; 2025: Tita Bressan, Matteo Crepaz, Matteo Dagai, Andrea Darman, Luciano De Barba, Walter De Biasio, Andrea De Benedet, Ennio De Bona, Alessandro Del Din, Tiziano Di Giusto, Guido Manfroi, Nicola Odorizzi, Enrico Pilotto, Carlo Roilo, Valentino Rossini, Gabriella Santoro, Pier Romano Selvestrel, Dario Strag\u00e0, Carlo Zus.<\/p>","protected":false},"excerpt":{"rendered":"<p>La &#8220;Sgubiada&#8221; ritorna a Canale d&#8217;Agordo questo fine settimana. Si tratta di una rassegna di scultura su legno che due giorni (sabato 19 e domenica 20 luglio) dedicata alla scultura proposta dal comitato La Zinghenesta, l&#8217;associazione che organizza il carnevale di Canale d&#8217;Agordo. Il programma prevede per la giornata di sabato 19 luglio una doppia [&hellip;]<\/p>\n","protected":false},"author":2,"featured_media":161901,"comment_status":"closed","ping_status":"open","sticky":false,"template":"","format":"standard","meta":{"footnotes":""},"categories":[27,25],"tags":[],"class_list":["post-161900","post","type-post","status-publish","format-standard","has-post-thumbnail","category-appuntamenti","category-pausa-caffe"],"yoast_head":"<!-- This site is optimized with the Yoast SEO plugin v28.4 - https:\/\/yoast.com\/product\/yoast-seo-wordpress\/ -->\n<title>Canale d&#039;Agodo: il fine settimana della Sgubiada, rassegna di scultura su legno - Bellunopress - Dolomiti<\/title>\n<meta name=\"robots\" content=\"index, follow, max-snippet:-1, max-image-preview:large, max-video-preview:-1\" \/>\n<link rel=\"canonical\" href=\"https:\/\/www.bellunopress.it\/fr\/2025\/07\/19\/canale-dagodo-il-fine-settimana-della-sgubiada-rassegna-di-scultura-su-legno\/\" \/>\n<meta property=\"og:locale\" content=\"fr_FR\" \/>\n<meta property=\"og:type\" content=\"article\" \/>\n<meta property=\"og:title\" content=\"Canale d&#039;Agodo: il fine settimana della Sgubiada, rassegna di scultura su legno - Bellunopress - Dolomiti\" \/>\n<meta property=\"og:description\" content=\"La &#8220;Sgubiada&#8221; ritorna a Canale d&#8217;Agordo questo fine settimana. Si tratta di una rassegna di scultura su legno che due giorni (sabato 19 e domenica 20 luglio) dedicata alla scultura proposta dal comitato La Zinghenesta, l&#8217;associazione che organizza il carnevale di Canale d&#8217;Agordo. Il programma prevede per la giornata di sabato 19 luglio una doppia [&hellip;]\" \/>\n<meta property=\"og:url\" content=\"https:\/\/www.bellunopress.it\/fr\/2025\/07\/19\/canale-dagodo-il-fine-settimana-della-sgubiada-rassegna-di-scultura-su-legno\/\" \/>\n<meta property=\"og:site_name\" content=\"Bellunopress - Dolomiti\" \/>\n<meta property=\"article:publisher\" content=\"https:\/\/www.facebook.com\/profile.php?id=100008943462799\" \/>\n<meta property=\"article:published_time\" content=\"2025-07-19T05:25:07+00:00\" \/>\n<meta property=\"og:image\" content=\"https:\/\/www.bellunopress.it\/wp-content\/uploads\/2025\/07\/Sgubiada-scultura-su-legno-Canale-dAgordo.jpg\" \/>\n\t<meta property=\"og:image:width\" content=\"800\" \/>\n\t<meta property=\"og:image:height\" content=\"533\" \/>\n\t<meta property=\"og:image:type\" content=\"image\/jpeg\" \/>\n<meta name=\"author\" content=\"redazione\" \/>\n<meta name=\"twitter:card\" content=\"summary_large_image\" \/>\n<meta name=\"twitter:creator\" content=\"@bellunopress\" \/>\n<meta name=\"twitter:site\" content=\"@bellunopress\" \/>\n<meta name=\"twitter:label1\" content=\"Written by\" \/>\n\t<meta name=\"twitter:data1\" content=\"redazione\" \/>\n\t<meta name=\"twitter:label2\" content=\"Est. reading time\" \/>\n\t<meta name=\"twitter:data2\" content=\"1 minute\" \/>\n<script type=\"application\/ld+json\" class=\"yoast-schema-graph\">{\"@context\":\"https:\\\/\\\/schema.org\",\"@graph\":[{\"@type\":\"Article\",\"@id\":\"https:\\\/\\\/www.bellunopress.it\\\/2025\\\/07\\\/19\\\/canale-dagodo-il-fine-settimana-della-sgubiada-rassegna-di-scultura-su-legno\\\/#article\",\"isPartOf\":{\"@id\":\"https:\\\/\\\/www.bellunopress.it\\\/2025\\\/07\\\/19\\\/canale-dagodo-il-fine-settimana-della-sgubiada-rassegna-di-scultura-su-legno\\\/\"},\"author\":{\"name\":\"redazione\",\"@id\":\"https:\\\/\\\/www.bellunopress.it\\\/#\\\/schema\\\/person\\\/79bb06722b37ece1c03d3e94beb30d73\"},\"headline\":\"Canale d&#8217;Agodo: il fine settimana della Sgubiada, rassegna di scultura su legno\",\"datePublished\":\"2025-07-19T05:25:07+00:00\",\"mainEntityOfPage\":{\"@id\":\"https:\\\/\\\/www.bellunopress.it\\\/2025\\\/07\\\/19\\\/canale-dagodo-il-fine-settimana-della-sgubiada-rassegna-di-scultura-su-legno\\\/\"},\"wordCount\":249,\"publisher\":{\"@id\":\"https:\\\/\\\/www.bellunopress.it\\\/#organization\"},\"image\":{\"@id\":\"https:\\\/\\\/www.bellunopress.it\\\/2025\\\/07\\\/19\\\/canale-dagodo-il-fine-settimana-della-sgubiada-rassegna-di-scultura-su-legno\\\/#primaryimage\"},\"thumbnailUrl\":\"https:\\\/\\\/www.bellunopress.it\\\/wp-content\\\/uploads\\\/2025\\\/07\\\/Sgubiada-scultura-su-legno-Canale-dAgordo.jpg\",\"articleSection\":[\"Appuntamenti, Eventi\",\"Pausa Caff\u00e8\"],\"inLanguage\":\"fr-FR\"},{\"@type\":\"WebPage\",\"@id\":\"https:\\\/\\\/www.bellunopress.it\\\/2025\\\/07\\\/19\\\/canale-dagodo-il-fine-settimana-della-sgubiada-rassegna-di-scultura-su-legno\\\/\",\"url\":\"https:\\\/\\\/www.bellunopress.it\\\/2025\\\/07\\\/19\\\/canale-dagodo-il-fine-settimana-della-sgubiada-rassegna-di-scultura-su-legno\\\/\",\"name\":\"Canale d'Agodo: il fine settimana della Sgubiada, rassegna di scultura su legno - Bellunopress - Dolomiti\",\"isPartOf\":{\"@id\":\"https:\\\/\\\/www.bellunopress.it\\\/#website\"},\"primaryImageOfPage\":{\"@id\":\"https:\\\/\\\/www.bellunopress.it\\\/2025\\\/07\\\/19\\\/canale-dagodo-il-fine-settimana-della-sgubiada-rassegna-di-scultura-su-legno\\\/#primaryimage\"},\"image\":{\"@id\":\"https:\\\/\\\/www.bellunopress.it\\\/2025\\\/07\\\/19\\\/canale-dagodo-il-fine-settimana-della-sgubiada-rassegna-di-scultura-su-legno\\\/#primaryimage\"},\"thumbnailUrl\":\"https:\\\/\\\/www.bellunopress.it\\\/wp-content\\\/uploads\\\/2025\\\/07\\\/Sgubiada-scultura-su-legno-Canale-dAgordo.jpg\",\"datePublished\":\"2025-07-19T05:25:07+00:00\",\"breadcrumb\":{\"@id\":\"https:\\\/\\\/www.bellunopress.it\\\/2025\\\/07\\\/19\\\/canale-dagodo-il-fine-settimana-della-sgubiada-rassegna-di-scultura-su-legno\\\/#breadcrumb\"},\"inLanguage\":\"fr-FR\",\"potentialAction\":[{\"@type\":\"ReadAction\",\"target\":[\"https:\\\/\\\/www.bellunopress.it\\\/2025\\\/07\\\/19\\\/canale-dagodo-il-fine-settimana-della-sgubiada-rassegna-di-scultura-su-legno\\\/\"]}]},{\"@type\":\"ImageObject\",\"inLanguage\":\"fr-FR\",\"@id\":\"https:\\\/\\\/www.bellunopress.it\\\/2025\\\/07\\\/19\\\/canale-dagodo-il-fine-settimana-della-sgubiada-rassegna-di-scultura-su-legno\\\/#primaryimage\",\"url\":\"https:\\\/\\\/www.bellunopress.it\\\/wp-content\\\/uploads\\\/2025\\\/07\\\/Sgubiada-scultura-su-legno-Canale-dAgordo.jpg\",\"contentUrl\":\"https:\\\/\\\/www.bellunopress.it\\\/wp-content\\\/uploads\\\/2025\\\/07\\\/Sgubiada-scultura-su-legno-Canale-dAgordo.jpg\",\"width\":800,\"height\":533,\"caption\":\"Sgubiada, rassegna di scultura su legno - Canale d'Agordo (Foto: \u00a9EchidiAlessandroSogne)\"},{\"@type\":\"BreadcrumbList\",\"@id\":\"https:\\\/\\\/www.bellunopress.it\\\/2025\\\/07\\\/19\\\/canale-dagodo-il-fine-settimana-della-sgubiada-rassegna-di-scultura-su-legno\\\/#breadcrumb\",\"itemListElement\":[{\"@type\":\"ListItem\",\"position\":1,\"name\":\"Home\",\"item\":\"https:\\\/\\\/www.bellunopress.it\\\/\"},{\"@type\":\"ListItem\",\"position\":2,\"name\":\"Canale d&#8217;Agodo: il fine settimana della Sgubiada, rassegna di scultura su legno\"}]},{\"@type\":\"WebSite\",\"@id\":\"https:\\\/\\\/www.bellunopress.it\\\/#website\",\"url\":\"https:\\\/\\\/www.bellunopress.it\\\/\",\"name\":\"Bellunopress - Dolomiti\",\"description\":\"e-mail: redazione@bellunopress.it\",\"publisher\":{\"@id\":\"https:\\\/\\\/www.bellunopress.it\\\/#organization\"},\"potentialAction\":[{\"@type\":\"SearchAction\",\"target\":{\"@type\":\"EntryPoint\",\"urlTemplate\":\"https:\\\/\\\/www.bellunopress.it\\\/?s={search_term_string}\"},\"query-input\":{\"@type\":\"PropertyValueSpecification\",\"valueRequired\":true,\"valueName\":\"search_term_string\"}}],\"inLanguage\":\"fr-FR\"},{\"@type\":\"Organization\",\"@id\":\"https:\\\/\\\/www.bellunopress.it\\\/#organization\",\"name\":\"Bellunopress\",\"url\":\"https:\\\/\\\/www.bellunopress.it\\\/\",\"logo\":{\"@type\":\"ImageObject\",\"inLanguage\":\"fr-FR\",\"@id\":\"https:\\\/\\\/www.bellunopress.it\\\/#\\\/schema\\\/logo\\\/image\\\/\",\"url\":\"https:\\\/\\\/www.bellunopress.it\\\/wp-content\\\/uploads\\\/2011\\\/05\\\/cropped-logo-bellunopress-.jpg\",\"contentUrl\":\"https:\\\/\\\/www.bellunopress.it\\\/wp-content\\\/uploads\\\/2011\\\/05\\\/cropped-logo-bellunopress-.jpg\",\"width\":512,\"height\":512,\"caption\":\"Bellunopress\"},\"image\":{\"@id\":\"https:\\\/\\\/www.bellunopress.it\\\/#\\\/schema\\\/logo\\\/image\\\/\"},\"sameAs\":[\"https:\\\/\\\/www.facebook.com\\\/profile.php?id=100008943462799\",\"https:\\\/\\\/x.com\\\/bellunopress\",\"https:\\\/\\\/www.linkedin.com\\\/hp\\\/?dnr=JBzUWaJfMUw8vbXJJ2tVW5-I3jZKvC4wsoxE&amp;amp;amp;amp;amp;amp;trk=nav_responsive_tab_home\",\"https:\\\/\\\/www.youtube.com\\\/channel\\\/UCxL0wu1uN0_3_7hGG0306cw\"]},{\"@type\":\"Person\",\"@id\":\"https:\\\/\\\/www.bellunopress.it\\\/#\\\/schema\\\/person\\\/79bb06722b37ece1c03d3e94beb30d73\",\"name\":\"redazione\",\"image\":{\"@type\":\"ImageObject\",\"inLanguage\":\"fr-FR\",\"@id\":\"https:\\\/\\\/secure.gravatar.com\\\/avatar\\\/37d968a2e67a6fd04c169c4bdef102d0bc5d31b2546345219e348575eb80e9a0?s=96&d=mm&r=g\",\"url\":\"https:\\\/\\\/secure.gravatar.com\\\/avatar\\\/37d968a2e67a6fd04c169c4bdef102d0bc5d31b2546345219e348575eb80e9a0?s=96&d=mm&r=g\",\"contentUrl\":\"https:\\\/\\\/secure.gravatar.com\\\/avatar\\\/37d968a2e67a6fd04c169c4bdef102d0bc5d31b2546345219e348575eb80e9a0?s=96&d=mm&r=g\",\"caption\":\"redazione\"},\"sameAs\":[\"http:\\\/\\\/www.bellunopress.it\",\"https:\\\/\\\/x.com\\\/bellunopress\"],\"url\":\"https:\\\/\\\/www.bellunopress.it\\\/fr\\\/author\\\/redazione\\\/\"}]}<\/script>\n<!-- \/ Yoast SEO plugin. -->","yoast_head_json":{"title":"Canale d'Agodo: il fine settimana della Sgubiada, rassegna di scultura su legno - Bellunopress - Dolomiti","robots":{"index":"index","follow":"follow","max-snippet":"max-snippet:-1","max-image-preview":"max-image-preview:large","max-video-preview":"max-video-preview:-1"},"canonical":"https:\/\/www.bellunopress.it\/fr\/2025\/07\/19\/canale-dagodo-il-fine-settimana-della-sgubiada-rassegna-di-scultura-su-legno\/","og_locale":"fr_FR","og_type":"article","og_title":"Canale d'Agodo: il fine settimana della Sgubiada, rassegna di scultura su legno - Bellunopress - Dolomiti","og_description":"La &#8220;Sgubiada&#8221; ritorna a Canale d&#8217;Agordo questo fine settimana. Si tratta di una rassegna di scultura su legno che due giorni (sabato 19 e domenica 20 luglio) dedicata alla scultura proposta dal comitato La Zinghenesta, l&#8217;associazione che organizza il carnevale di Canale d&#8217;Agordo. Il programma prevede per la giornata di sabato 19 luglio una doppia [&hellip;]","og_url":"https:\/\/www.bellunopress.it\/fr\/2025\/07\/19\/canale-dagodo-il-fine-settimana-della-sgubiada-rassegna-di-scultura-su-legno\/","og_site_name":"Bellunopress - Dolomiti","article_publisher":"https:\/\/www.facebook.com\/profile.php?id=100008943462799","article_published_time":"2025-07-19T05:25:07+00:00","og_image":[{"width":800,"height":533,"url":"https:\/\/www.bellunopress.it\/wp-content\/uploads\/2025\/07\/Sgubiada-scultura-su-legno-Canale-dAgordo.jpg","type":"image\/jpeg"}],"author":"redazione","twitter_card":"summary_large_image","twitter_creator":"@bellunopress","twitter_site":"@bellunopress","twitter_misc":{"Written by":"redazione","Est. reading time":"1 minute"},"schema":{"@context":"https:\/\/schema.org","@graph":[{"@type":"Article","@id":"https:\/\/www.bellunopress.it\/2025\/07\/19\/canale-dagodo-il-fine-settimana-della-sgubiada-rassegna-di-scultura-su-legno\/#article","isPartOf":{"@id":"https:\/\/www.bellunopress.it\/2025\/07\/19\/canale-dagodo-il-fine-settimana-della-sgubiada-rassegna-di-scultura-su-legno\/"},"author":{"name":"redazione","@id":"https:\/\/www.bellunopress.it\/#\/schema\/person\/79bb06722b37ece1c03d3e94beb30d73"},"headline":"Canale d&#8217;Agodo: il fine settimana della Sgubiada, rassegna di scultura su legno","datePublished":"2025-07-19T05:25:07+00:00","mainEntityOfPage":{"@id":"https:\/\/www.bellunopress.it\/2025\/07\/19\/canale-dagodo-il-fine-settimana-della-sgubiada-rassegna-di-scultura-su-legno\/"},"wordCount":249,"publisher":{"@id":"https:\/\/www.bellunopress.it\/#organization"},"image":{"@id":"https:\/\/www.bellunopress.it\/2025\/07\/19\/canale-dagodo-il-fine-settimana-della-sgubiada-rassegna-di-scultura-su-legno\/#primaryimage"},"thumbnailUrl":"https:\/\/www.bellunopress.it\/wp-content\/uploads\/2025\/07\/Sgubiada-scultura-su-legno-Canale-dAgordo.jpg","articleSection":["Appuntamenti, Eventi","Pausa Caff\u00e8"],"inLanguage":"fr-FR"},{"@type":"WebPage","@id":"https:\/\/www.bellunopress.it\/2025\/07\/19\/canale-dagodo-il-fine-settimana-della-sgubiada-rassegna-di-scultura-su-legno\/","url":"https:\/\/www.bellunopress.it\/2025\/07\/19\/canale-dagodo-il-fine-settimana-della-sgubiada-rassegna-di-scultura-su-legno\/","name":"Canale d'Agodo: il fine settimana della Sgubiada, rassegna di scultura su legno - Bellunopress - Dolomiti","isPartOf":{"@id":"https:\/\/www.bellunopress.it\/#website"},"primaryImageOfPage":{"@id":"https:\/\/www.bellunopress.it\/2025\/07\/19\/canale-dagodo-il-fine-settimana-della-sgubiada-rassegna-di-scultura-su-legno\/#primaryimage"},"image":{"@id":"https:\/\/www.bellunopress.it\/2025\/07\/19\/canale-dagodo-il-fine-settimana-della-sgubiada-rassegna-di-scultura-su-legno\/#primaryimage"},"thumbnailUrl":"https:\/\/www.bellunopress.it\/wp-content\/uploads\/2025\/07\/Sgubiada-scultura-su-legno-Canale-dAgordo.jpg","datePublished":"2025-07-19T05:25:07+00:00","breadcrumb":{"@id":"https:\/\/www.bellunopress.it\/2025\/07\/19\/canale-dagodo-il-fine-settimana-della-sgubiada-rassegna-di-scultura-su-legno\/#breadcrumb"},"inLanguage":"fr-FR","potentialAction":[{"@type":"ReadAction","target":["https:\/\/www.bellunopress.it\/2025\/07\/19\/canale-dagodo-il-fine-settimana-della-sgubiada-rassegna-di-scultura-su-legno\/"]}]},{"@type":"ImageObject","inLanguage":"fr-FR","@id":"https:\/\/www.bellunopress.it\/2025\/07\/19\/canale-dagodo-il-fine-settimana-della-sgubiada-rassegna-di-scultura-su-legno\/#primaryimage","url":"https:\/\/www.bellunopress.it\/wp-content\/uploads\/2025\/07\/Sgubiada-scultura-su-legno-Canale-dAgordo.jpg","contentUrl":"https:\/\/www.bellunopress.it\/wp-content\/uploads\/2025\/07\/Sgubiada-scultura-su-legno-Canale-dAgordo.jpg","width":800,"height":533,"caption":"Sgubiada, rassegna di scultura su legno - Canale d'Agordo (Foto: \u00a9EchidiAlessandroSogne)"},{"@type":"BreadcrumbList","@id":"https:\/\/www.bellunopress.it\/2025\/07\/19\/canale-dagodo-il-fine-settimana-della-sgubiada-rassegna-di-scultura-su-legno\/#breadcrumb","itemListElement":[{"@type":"ListItem","position":1,"name":"Home","item":"https:\/\/www.bellunopress.it\/"},{"@type":"ListItem","position":2,"name":"Canale d&#8217;Agodo: il fine settimana della Sgubiada, rassegna di scultura su legno"}]},{"@type":"WebSite","@id":"https:\/\/www.bellunopress.it\/#website","url":"https:\/\/www.bellunopress.it\/","name":"Bellunopress - Dolomiti","description":"e-mail: redazione@bellunopress.it","publisher":{"@id":"https:\/\/www.bellunopress.it\/#organization"},"potentialAction":[{"@type":"SearchAction","target":{"@type":"EntryPoint","urlTemplate":"https:\/\/www.bellunopress.it\/?s={search_term_string}"},"query-input":{"@type":"PropertyValueSpecification","valueRequired":true,"valueName":"search_term_string"}}],"inLanguage":"fr-FR"},{"@type":"Organization","@id":"https:\/\/www.bellunopress.it\/#organization","name":"Bellunopress","url":"https:\/\/www.bellunopress.it\/","logo":{"@type":"ImageObject","inLanguage":"fr-FR","@id":"https:\/\/www.bellunopress.it\/#\/schema\/logo\/image\/","url":"https:\/\/www.bellunopress.it\/wp-content\/uploads\/2011\/05\/cropped-logo-bellunopress-.jpg","contentUrl":"https:\/\/www.bellunopress.it\/wp-content\/uploads\/2011\/05\/cropped-logo-bellunopress-.jpg","width":512,"height":512,"caption":"Bellunopress"},"image":{"@id":"https:\/\/www.bellunopress.it\/#\/schema\/logo\/image\/"},"sameAs":["https:\/\/www.facebook.com\/profile.php?id=100008943462799","https:\/\/x.com\/bellunopress","https:\/\/www.linkedin.com\/hp\/?dnr=JBzUWaJfMUw8vbXJJ2tVW5-I3jZKvC4wsoxE&amp;amp;amp;amp;amp;amp;trk=nav_responsive_tab_home","https:\/\/www.youtube.com\/channel\/UCxL0wu1uN0_3_7hGG0306cw"]},{"@type":"Person","@id":"https:\/\/www.bellunopress.it\/#\/schema\/person\/79bb06722b37ece1c03d3e94beb30d73","name":"r\u00e9daction","image":{"@type":"ImageObject","inLanguage":"fr-FR","@id":"https:\/\/secure.gravatar.com\/avatar\/37d968a2e67a6fd04c169c4bdef102d0bc5d31b2546345219e348575eb80e9a0?s=96&d=mm&r=g","url":"https:\/\/secure.gravatar.com\/avatar\/37d968a2e67a6fd04c169c4bdef102d0bc5d31b2546345219e348575eb80e9a0?s=96&d=mm&r=g","contentUrl":"https:\/\/secure.gravatar.com\/avatar\/37d968a2e67a6fd04c169c4bdef102d0bc5d31b2546345219e348575eb80e9a0?s=96&d=mm&r=g","caption":"redazione"},"sameAs":["http:\/\/www.bellunopress.it","https:\/\/x.com\/bellunopress"],"url":"https:\/\/www.bellunopress.it\/fr\/author\/redazione\/"}]}},"_links":{"self":[{"href":"https:\/\/www.bellunopress.it\/fr\/wp-json\/wp\/v2\/posts\/161900","targetHints":{"allow":["GET"]}}],"collection":[{"href":"https:\/\/www.bellunopress.it\/fr\/wp-json\/wp\/v2\/posts"}],"about":[{"href":"https:\/\/www.bellunopress.it\/fr\/wp-json\/wp\/v2\/types\/post"}],"author":[{"embeddable":true,"href":"https:\/\/www.bellunopress.it\/fr\/wp-json\/wp\/v2\/users\/2"}],"replies":[{"embeddable":true,"href":"https:\/\/www.bellunopress.it\/fr\/wp-json\/wp\/v2\/comments?post=161900"}],"version-history":[{"count":1,"href":"https:\/\/www.bellunopress.it\/fr\/wp-json\/wp\/v2\/posts\/161900\/revisions"}],"predecessor-version":[{"id":161902,"href":"https:\/\/www.bellunopress.it\/fr\/wp-json\/wp\/v2\/posts\/161900\/revisions\/161902"}],"wp:featuredmedia":[{"embeddable":true,"href":"https:\/\/www.bellunopress.it\/fr\/wp-json\/wp\/v2\/media\/161901"}],"wp:attachment":[{"href":"https:\/\/www.bellunopress.it\/fr\/wp-json\/wp\/v2\/media?parent=161900"}],"wp:term":[{"taxonomy":"category","embeddable":true,"href":"https:\/\/www.bellunopress.it\/fr\/wp-json\/wp\/v2\/categories?post=161900"},{"taxonomy":"post_tag","embeddable":true,"href":"https:\/\/www.bellunopress.it\/fr\/wp-json\/wp\/v2\/tags?post=161900"}],"curies":[{"name":"wp","href":"https:\/\/api.w.org\/{rel}","templated":true}]}}