{"id":161897,"date":"2025-07-19T12:11:47","date_gmt":"2025-07-19T10:11:47","guid":{"rendered":"https:\/\/www.bellunopress.it\/?p=161897"},"modified":"2025-07-19T07:16:27","modified_gmt":"2025-07-19T05:16:27","slug":"numerosi-interventi-di-soccorso-in-montagna-2","status":"publish","type":"post","link":"https:\/\/www.bellunopress.it\/fr\/2025\/07\/19\/numerosi-interventi-di-soccorso-in-montagna-2\/","title":{"rendered":"Numerosi interventi di soccorso in montagna"},"content":{"rendered":"<figure id=\"attachment_161898\" aria-describedby=\"caption-attachment-161898\" style=\"width: 600px\" class=\"wp-caption aligncenter\"><img loading=\"lazy\" decoding=\"async\" class=\"size-full wp-image-161898\" src=\"https:\/\/www.bellunopress.it\/wp-content\/uploads\/2025\/07\/Tofana-di-Rozes-Via-Spigolo-Zero.jpg\" alt=\"Soccorso alpino\" width=\"600\" height=\"800\" srcset=\"https:\/\/www.bellunopress.it\/wp-content\/uploads\/2025\/07\/Tofana-di-Rozes-Via-Spigolo-Zero.jpg 600w, https:\/\/www.bellunopress.it\/wp-content\/uploads\/2025\/07\/Tofana-di-Rozes-Via-Spigolo-Zero-375x500.jpg 375w, https:\/\/www.bellunopress.it\/wp-content\/uploads\/2025\/07\/Tofana-di-Rozes-Via-Spigolo-Zero-315x420.jpg 315w\" sizes=\"auto, (max-width: 600px) 100vw, 600px\" \/><figcaption id=\"caption-attachment-161898\" class=\"wp-caption-text\">Tofana di Rozes Via Spigolo Zero<\/figcaption><\/figure>\n<p>Belluno, 18 &#8211; 07 &#8211; 2025\u00a0 \u00a0Un alpinista di 55 anni delle Hawaii \u00e8 volato all&#8217;altezza del secondo tiro della Via Spigolo Zero, sulla Tofana di Rozes, riportando la probabile rottura di entrambe le gambe. Primo di cordata, l&#8217;alpinista \u00e8 caduto per una decina di metri, mentre la compagna era ferma in sosta. Dopo averlo individuato, con un verricello di 85 metri il tecnico di elisoccorso \u00e8 stato lasciato in parete, il tempo di attrezzare una sosta e preparare l&#8217;infortunato per il recupero, avvenuto nella stessa modalit\u00e0. Portato al campo base, il ferito \u00e8 stato affidato all&#8217;equipe medica, mentre l&#8217;eliambulanza tornava in quota a prendere la compagna. L&#8217;uomo \u00e8 stato poi trasportato all&#8217;ospedale di Belluno. In Tofana, sulla via Eotvos Dimai, \u00e8 scattata la seconda emergenza, a seguito della chiamata di una cordata italiana in difficolt\u00e0. I due alpinisti, un 51enne di Brescia e un 52enne di Milano, avevano imboccato un traverso dopo l&#8217;8\u00b0 tiro, finendo in prossimit\u00e0 della grotta dell&#8217;anfiteatro, impossibilitati a calarsi o progredire. Imbarcato un soccorritore di Cortina in supporto alle operazioni, l&#8217;elicottero \u00e8 salito di quota, dove i due alpinisti si erano in realt\u00e0 gi\u00e0 spostati per facilitare le operazioni in un punto subito verricellabile. Un alpinista \u00e8 risalito assieme al volontario di Cortina, l&#8217;altro \u00e8 stato issato a bordo con il tecnico di elisoccorso con un verricello di 30 metri. Entrambi sono stati trasportati in piazzola al Codivilla.<\/p>\n<div dir=\"auto\">Verso le 15 il Soccorso alpino di Feltre \u00e8 intervenuto sotto il decollo a sud del Monte Avena, in quanto un parapendio era rimasto sospeso tra i rami di un albero, con il pilota bloccato a 20 metri dal suolo. Con tecniche di treeclimbing i soccorritori hanno risalito la pianta e, dopo aver assicurato il 68enne di Pedavena (BL), lo hanno calato a terra. Falco \u00e8 stato inviato lungo il sentiero che scende dal Rifugio Vandelli, per un&#8217;escursionista di 76 anni di Milano, che si era storta una caviglia e non era pi\u00f9 in gradi di proseguire. Da lei, che era assistita dal marito e da due soccorritori spagnoli casualmente sul posto, sono stati calati medico e tecnico di elisoccorso, con un verricello di 40 metri. L&#8217;infortunata \u00e8 stata imbarcata e trasportata al Codivilla. L&#8217;eliambulanza \u00e8 stata poi dirottata sulla Ferrata Berti, sulla Croda Marcora, al momento chiusa per la frana. Due giovani escursionisti belgi di 17 e 18 anni, che non sapevano dell&#8217;interdizione, avevano assistito a una scarica di materiale pi\u00f9 avanti sul loro percorso. Cercando di tornare indietro, avevano perso la traccia e si erano riparati in attesa in un anfratto. Individuati a 2.460 metro di quota, i due ragazzi sono stati recuperati con il verricello e lasciati a San Vito di Cadore.<\/div>\n<div dir=\"auto\"><\/div>\n<div dir=\"auto\">Attorno alle 12.40 Falco 2 \u00e8 stato attivato per volare a Rocca Pietore, non distante da localit\u00e0 Valier, sopra Sottoguda, dove una donna era scivolata dal sentiero e caduta in una frattura del terreno. Con un verricello di 35 metri sono stati calati equipe medica e tecnico di elisoccorso, che le hanno prestato le prime cure per una ferita al volto e l&#8217;hanno imbarellata. Dopo essere stata issata a bordo assiema al medico con un verricello di 50 metri, l&#8217;infortunata \u00e8 stata trasportata all&#8217;ospedale di Belluno. Un volontario del Soccorso alpino della Val Pettorina \u00e8 stato elitrasportato sul luogo dell&#8217;incidente per riaccompagnare a valle il marito della donna. Falco 2 \u00e8 partito poi per il Monte Spina, comune di Comelico Superiore, dove un 40enne tedesco era caduto dalla propria mountain bike facendosi male a una spalla. Il ciclista, che era in compagnia di amici, \u00e8 salito a bordo dell&#8217;elicottero, atterrato nelle vicinanze, ed \u00e8 stato portato al San Martino. Una squadra del Soccorso alpino della Val Comelico \u00e8 intervenuta nei boschi di Passo Sant&#8217;Antonio, tra Danta e Comelico Superiore, da dove un escursionista leccese aveva chiesto aiuto, dopo aver perso l&#8217;orientamento. Grazie alle coordinate della posizione, i soccorritori hanno individuato e raggiunto il 44enne di Arnesano e lo hanno riportato alla macchina.<\/div>\n<div dir=\"auto\"><\/div>","protected":false},"excerpt":{"rendered":"<p>Belluno, 18 &#8211; 07 &#8211; 2025\u00a0 \u00a0Un alpinista di 55 anni delle Hawaii \u00e8 volato all&#8217;altezza del secondo tiro della Via Spigolo Zero, sulla Tofana di Rozes, riportando la probabile rottura di entrambe le gambe. Primo di cordata, l&#8217;alpinista \u00e8 caduto per una decina di metri, mentre la compagna era ferma in sosta. Dopo averlo [&hellip;]<\/p>\n","protected":false},"author":2,"featured_media":161898,"comment_status":"closed","ping_status":"open","sticky":false,"template":"","format":"standard","meta":{"footnotes":""},"categories":[5,26],"tags":[],"class_list":["post-161897","post","type-post","status-publish","format-standard","has-post-thumbnail","category-cronaca","category-prima-pagina"],"yoast_head":"<!-- This site is optimized with the Yoast SEO plugin v28.4 - https:\/\/yoast.com\/product\/yoast-seo-wordpress\/ -->\n<title>Numerosi interventi di soccorso in montagna - Bellunopress - Dolomiti<\/title>\n<meta name=\"robots\" content=\"index, follow, max-snippet:-1, max-image-preview:large, max-video-preview:-1\" \/>\n<link rel=\"canonical\" href=\"https:\/\/www.bellunopress.it\/fr\/2025\/07\/19\/numerosi-interventi-di-soccorso-in-montagna-2\/\" \/>\n<meta property=\"og:locale\" content=\"fr_FR\" \/>\n<meta property=\"og:type\" content=\"article\" \/>\n<meta property=\"og:title\" content=\"Numerosi interventi di soccorso in montagna - Bellunopress - Dolomiti\" \/>\n<meta property=\"og:description\" content=\"Belluno, 18 &#8211; 07 &#8211; 2025\u00a0 \u00a0Un alpinista di 55 anni delle Hawaii \u00e8 volato all&#8217;altezza del secondo tiro della Via Spigolo Zero, sulla Tofana di Rozes, riportando la probabile rottura di entrambe le gambe. Primo di cordata, l&#8217;alpinista \u00e8 caduto per una decina di metri, mentre la compagna era ferma in sosta. Dopo averlo [&hellip;]\" \/>\n<meta property=\"og:url\" content=\"https:\/\/www.bellunopress.it\/fr\/2025\/07\/19\/numerosi-interventi-di-soccorso-in-montagna-2\/\" \/>\n<meta property=\"og:site_name\" content=\"Bellunopress - Dolomiti\" \/>\n<meta property=\"article:publisher\" content=\"https:\/\/www.facebook.com\/profile.php?id=100008943462799\" \/>\n<meta property=\"article:published_time\" content=\"2025-07-19T10:11:47+00:00\" \/>\n<meta property=\"og:image\" content=\"https:\/\/www.bellunopress.it\/wp-content\/uploads\/2025\/07\/Tofana-di-Rozes-Via-Spigolo-Zero.jpg\" \/>\n\t<meta property=\"og:image:width\" content=\"600\" \/>\n\t<meta property=\"og:image:height\" content=\"800\" \/>\n\t<meta property=\"og:image:type\" content=\"image\/jpeg\" \/>\n<meta name=\"author\" content=\"redazione\" \/>\n<meta name=\"twitter:card\" content=\"summary_large_image\" \/>\n<meta name=\"twitter:creator\" content=\"@bellunopress\" \/>\n<meta name=\"twitter:site\" content=\"@bellunopress\" \/>\n<meta name=\"twitter:label1\" content=\"Written by\" \/>\n\t<meta name=\"twitter:data1\" content=\"redazione\" \/>\n\t<meta name=\"twitter:label2\" content=\"Est. reading time\" \/>\n\t<meta name=\"twitter:data2\" content=\"3 minutes\" \/>\n<script type=\"application\/ld+json\" class=\"yoast-schema-graph\">{\"@context\":\"https:\\\/\\\/schema.org\",\"@graph\":[{\"@type\":\"Article\",\"@id\":\"https:\\\/\\\/www.bellunopress.it\\\/2025\\\/07\\\/19\\\/numerosi-interventi-di-soccorso-in-montagna-2\\\/#article\",\"isPartOf\":{\"@id\":\"https:\\\/\\\/www.bellunopress.it\\\/2025\\\/07\\\/19\\\/numerosi-interventi-di-soccorso-in-montagna-2\\\/\"},\"author\":{\"name\":\"redazione\",\"@id\":\"https:\\\/\\\/www.bellunopress.it\\\/#\\\/schema\\\/person\\\/79bb06722b37ece1c03d3e94beb30d73\"},\"headline\":\"Numerosi interventi di soccorso in montagna\",\"datePublished\":\"2025-07-19T10:11:47+00:00\",\"mainEntityOfPage\":{\"@id\":\"https:\\\/\\\/www.bellunopress.it\\\/2025\\\/07\\\/19\\\/numerosi-interventi-di-soccorso-in-montagna-2\\\/\"},\"wordCount\":662,\"publisher\":{\"@id\":\"https:\\\/\\\/www.bellunopress.it\\\/#organization\"},\"image\":{\"@id\":\"https:\\\/\\\/www.bellunopress.it\\\/2025\\\/07\\\/19\\\/numerosi-interventi-di-soccorso-in-montagna-2\\\/#primaryimage\"},\"thumbnailUrl\":\"https:\\\/\\\/www.bellunopress.it\\\/wp-content\\\/uploads\\\/2025\\\/07\\\/Tofana-di-Rozes-Via-Spigolo-Zero.jpg\",\"articleSection\":[\"Cronaca\\\/Politica\",\"Prima Pagina\"],\"inLanguage\":\"fr-FR\"},{\"@type\":\"WebPage\",\"@id\":\"https:\\\/\\\/www.bellunopress.it\\\/2025\\\/07\\\/19\\\/numerosi-interventi-di-soccorso-in-montagna-2\\\/\",\"url\":\"https:\\\/\\\/www.bellunopress.it\\\/2025\\\/07\\\/19\\\/numerosi-interventi-di-soccorso-in-montagna-2\\\/\",\"name\":\"Numerosi interventi di soccorso in montagna - Bellunopress - Dolomiti\",\"isPartOf\":{\"@id\":\"https:\\\/\\\/www.bellunopress.it\\\/#website\"},\"primaryImageOfPage\":{\"@id\":\"https:\\\/\\\/www.bellunopress.it\\\/2025\\\/07\\\/19\\\/numerosi-interventi-di-soccorso-in-montagna-2\\\/#primaryimage\"},\"image\":{\"@id\":\"https:\\\/\\\/www.bellunopress.it\\\/2025\\\/07\\\/19\\\/numerosi-interventi-di-soccorso-in-montagna-2\\\/#primaryimage\"},\"thumbnailUrl\":\"https:\\\/\\\/www.bellunopress.it\\\/wp-content\\\/uploads\\\/2025\\\/07\\\/Tofana-di-Rozes-Via-Spigolo-Zero.jpg\",\"datePublished\":\"2025-07-19T10:11:47+00:00\",\"breadcrumb\":{\"@id\":\"https:\\\/\\\/www.bellunopress.it\\\/2025\\\/07\\\/19\\\/numerosi-interventi-di-soccorso-in-montagna-2\\\/#breadcrumb\"},\"inLanguage\":\"fr-FR\",\"potentialAction\":[{\"@type\":\"ReadAction\",\"target\":[\"https:\\\/\\\/www.bellunopress.it\\\/2025\\\/07\\\/19\\\/numerosi-interventi-di-soccorso-in-montagna-2\\\/\"]}]},{\"@type\":\"ImageObject\",\"inLanguage\":\"fr-FR\",\"@id\":\"https:\\\/\\\/www.bellunopress.it\\\/2025\\\/07\\\/19\\\/numerosi-interventi-di-soccorso-in-montagna-2\\\/#primaryimage\",\"url\":\"https:\\\/\\\/www.bellunopress.it\\\/wp-content\\\/uploads\\\/2025\\\/07\\\/Tofana-di-Rozes-Via-Spigolo-Zero.jpg\",\"contentUrl\":\"https:\\\/\\\/www.bellunopress.it\\\/wp-content\\\/uploads\\\/2025\\\/07\\\/Tofana-di-Rozes-Via-Spigolo-Zero.jpg\",\"width\":600,\"height\":800,\"caption\":\"Tofana di Rozes Via Spigolo Zero\"},{\"@type\":\"BreadcrumbList\",\"@id\":\"https:\\\/\\\/www.bellunopress.it\\\/2025\\\/07\\\/19\\\/numerosi-interventi-di-soccorso-in-montagna-2\\\/#breadcrumb\",\"itemListElement\":[{\"@type\":\"ListItem\",\"position\":1,\"name\":\"Home\",\"item\":\"https:\\\/\\\/www.bellunopress.it\\\/\"},{\"@type\":\"ListItem\",\"position\":2,\"name\":\"Numerosi interventi di soccorso in montagna\"}]},{\"@type\":\"WebSite\",\"@id\":\"https:\\\/\\\/www.bellunopress.it\\\/#website\",\"url\":\"https:\\\/\\\/www.bellunopress.it\\\/\",\"name\":\"Bellunopress - Dolomiti\",\"description\":\"e-mail: redazione@bellunopress.it\",\"publisher\":{\"@id\":\"https:\\\/\\\/www.bellunopress.it\\\/#organization\"},\"potentialAction\":[{\"@type\":\"SearchAction\",\"target\":{\"@type\":\"EntryPoint\",\"urlTemplate\":\"https:\\\/\\\/www.bellunopress.it\\\/?s={search_term_string}\"},\"query-input\":{\"@type\":\"PropertyValueSpecification\",\"valueRequired\":true,\"valueName\":\"search_term_string\"}}],\"inLanguage\":\"fr-FR\"},{\"@type\":\"Organization\",\"@id\":\"https:\\\/\\\/www.bellunopress.it\\\/#organization\",\"name\":\"Bellunopress\",\"url\":\"https:\\\/\\\/www.bellunopress.it\\\/\",\"logo\":{\"@type\":\"ImageObject\",\"inLanguage\":\"fr-FR\",\"@id\":\"https:\\\/\\\/www.bellunopress.it\\\/#\\\/schema\\\/logo\\\/image\\\/\",\"url\":\"https:\\\/\\\/www.bellunopress.it\\\/wp-content\\\/uploads\\\/2011\\\/05\\\/cropped-logo-bellunopress-.jpg\",\"contentUrl\":\"https:\\\/\\\/www.bellunopress.it\\\/wp-content\\\/uploads\\\/2011\\\/05\\\/cropped-logo-bellunopress-.jpg\",\"width\":512,\"height\":512,\"caption\":\"Bellunopress\"},\"image\":{\"@id\":\"https:\\\/\\\/www.bellunopress.it\\\/#\\\/schema\\\/logo\\\/image\\\/\"},\"sameAs\":[\"https:\\\/\\\/www.facebook.com\\\/profile.php?id=100008943462799\",\"https:\\\/\\\/x.com\\\/bellunopress\",\"https:\\\/\\\/www.linkedin.com\\\/hp\\\/?dnr=JBzUWaJfMUw8vbXJJ2tVW5-I3jZKvC4wsoxE&amp;amp;amp;amp;amp;amp;trk=nav_responsive_tab_home\",\"https:\\\/\\\/www.youtube.com\\\/channel\\\/UCxL0wu1uN0_3_7hGG0306cw\"]},{\"@type\":\"Person\",\"@id\":\"https:\\\/\\\/www.bellunopress.it\\\/#\\\/schema\\\/person\\\/79bb06722b37ece1c03d3e94beb30d73\",\"name\":\"redazione\",\"image\":{\"@type\":\"ImageObject\",\"inLanguage\":\"fr-FR\",\"@id\":\"https:\\\/\\\/secure.gravatar.com\\\/avatar\\\/37d968a2e67a6fd04c169c4bdef102d0bc5d31b2546345219e348575eb80e9a0?s=96&d=mm&r=g\",\"url\":\"https:\\\/\\\/secure.gravatar.com\\\/avatar\\\/37d968a2e67a6fd04c169c4bdef102d0bc5d31b2546345219e348575eb80e9a0?s=96&d=mm&r=g\",\"contentUrl\":\"https:\\\/\\\/secure.gravatar.com\\\/avatar\\\/37d968a2e67a6fd04c169c4bdef102d0bc5d31b2546345219e348575eb80e9a0?s=96&d=mm&r=g\",\"caption\":\"redazione\"},\"sameAs\":[\"http:\\\/\\\/www.bellunopress.it\",\"https:\\\/\\\/x.com\\\/bellunopress\"],\"url\":\"https:\\\/\\\/www.bellunopress.it\\\/fr\\\/author\\\/redazione\\\/\"}]}<\/script>\n<!-- \/ Yoast SEO plugin. -->","yoast_head_json":{"title":"Numerosi interventi di soccorso in montagna - Bellunopress - Dolomiti","robots":{"index":"index","follow":"follow","max-snippet":"max-snippet:-1","max-image-preview":"max-image-preview:large","max-video-preview":"max-video-preview:-1"},"canonical":"https:\/\/www.bellunopress.it\/fr\/2025\/07\/19\/numerosi-interventi-di-soccorso-in-montagna-2\/","og_locale":"fr_FR","og_type":"article","og_title":"Numerosi interventi di soccorso in montagna - Bellunopress - Dolomiti","og_description":"Belluno, 18 &#8211; 07 &#8211; 2025\u00a0 \u00a0Un alpinista di 55 anni delle Hawaii \u00e8 volato all&#8217;altezza del secondo tiro della Via Spigolo Zero, sulla Tofana di Rozes, riportando la probabile rottura di entrambe le gambe. Primo di cordata, l&#8217;alpinista \u00e8 caduto per una decina di metri, mentre la compagna era ferma in sosta. Dopo averlo [&hellip;]","og_url":"https:\/\/www.bellunopress.it\/fr\/2025\/07\/19\/numerosi-interventi-di-soccorso-in-montagna-2\/","og_site_name":"Bellunopress - Dolomiti","article_publisher":"https:\/\/www.facebook.com\/profile.php?id=100008943462799","article_published_time":"2025-07-19T10:11:47+00:00","og_image":[{"width":600,"height":800,"url":"https:\/\/www.bellunopress.it\/wp-content\/uploads\/2025\/07\/Tofana-di-Rozes-Via-Spigolo-Zero.jpg","type":"image\/jpeg"}],"author":"redazione","twitter_card":"summary_large_image","twitter_creator":"@bellunopress","twitter_site":"@bellunopress","twitter_misc":{"Written by":"redazione","Est. reading time":"3 minutes"},"schema":{"@context":"https:\/\/schema.org","@graph":[{"@type":"Article","@id":"https:\/\/www.bellunopress.it\/2025\/07\/19\/numerosi-interventi-di-soccorso-in-montagna-2\/#article","isPartOf":{"@id":"https:\/\/www.bellunopress.it\/2025\/07\/19\/numerosi-interventi-di-soccorso-in-montagna-2\/"},"author":{"name":"redazione","@id":"https:\/\/www.bellunopress.it\/#\/schema\/person\/79bb06722b37ece1c03d3e94beb30d73"},"headline":"Numerosi interventi di soccorso in montagna","datePublished":"2025-07-19T10:11:47+00:00","mainEntityOfPage":{"@id":"https:\/\/www.bellunopress.it\/2025\/07\/19\/numerosi-interventi-di-soccorso-in-montagna-2\/"},"wordCount":662,"publisher":{"@id":"https:\/\/www.bellunopress.it\/#organization"},"image":{"@id":"https:\/\/www.bellunopress.it\/2025\/07\/19\/numerosi-interventi-di-soccorso-in-montagna-2\/#primaryimage"},"thumbnailUrl":"https:\/\/www.bellunopress.it\/wp-content\/uploads\/2025\/07\/Tofana-di-Rozes-Via-Spigolo-Zero.jpg","articleSection":["Cronaca\/Politica","Prima Pagina"],"inLanguage":"fr-FR"},{"@type":"WebPage","@id":"https:\/\/www.bellunopress.it\/2025\/07\/19\/numerosi-interventi-di-soccorso-in-montagna-2\/","url":"https:\/\/www.bellunopress.it\/2025\/07\/19\/numerosi-interventi-di-soccorso-in-montagna-2\/","name":"Numerosi interventi di soccorso in montagna - Bellunopress - Dolomiti","isPartOf":{"@id":"https:\/\/www.bellunopress.it\/#website"},"primaryImageOfPage":{"@id":"https:\/\/www.bellunopress.it\/2025\/07\/19\/numerosi-interventi-di-soccorso-in-montagna-2\/#primaryimage"},"image":{"@id":"https:\/\/www.bellunopress.it\/2025\/07\/19\/numerosi-interventi-di-soccorso-in-montagna-2\/#primaryimage"},"thumbnailUrl":"https:\/\/www.bellunopress.it\/wp-content\/uploads\/2025\/07\/Tofana-di-Rozes-Via-Spigolo-Zero.jpg","datePublished":"2025-07-19T10:11:47+00:00","breadcrumb":{"@id":"https:\/\/www.bellunopress.it\/2025\/07\/19\/numerosi-interventi-di-soccorso-in-montagna-2\/#breadcrumb"},"inLanguage":"fr-FR","potentialAction":[{"@type":"ReadAction","target":["https:\/\/www.bellunopress.it\/2025\/07\/19\/numerosi-interventi-di-soccorso-in-montagna-2\/"]}]},{"@type":"ImageObject","inLanguage":"fr-FR","@id":"https:\/\/www.bellunopress.it\/2025\/07\/19\/numerosi-interventi-di-soccorso-in-montagna-2\/#primaryimage","url":"https:\/\/www.bellunopress.it\/wp-content\/uploads\/2025\/07\/Tofana-di-Rozes-Via-Spigolo-Zero.jpg","contentUrl":"https:\/\/www.bellunopress.it\/wp-content\/uploads\/2025\/07\/Tofana-di-Rozes-Via-Spigolo-Zero.jpg","width":600,"height":800,"caption":"Tofana di Rozes Via Spigolo Zero"},{"@type":"BreadcrumbList","@id":"https:\/\/www.bellunopress.it\/2025\/07\/19\/numerosi-interventi-di-soccorso-in-montagna-2\/#breadcrumb","itemListElement":[{"@type":"ListItem","position":1,"name":"Home","item":"https:\/\/www.bellunopress.it\/"},{"@type":"ListItem","position":2,"name":"Numerosi interventi di soccorso in montagna"}]},{"@type":"WebSite","@id":"https:\/\/www.bellunopress.it\/#website","url":"https:\/\/www.bellunopress.it\/","name":"Bellunopress - Dolomiti","description":"e-mail: redazione@bellunopress.it","publisher":{"@id":"https:\/\/www.bellunopress.it\/#organization"},"potentialAction":[{"@type":"SearchAction","target":{"@type":"EntryPoint","urlTemplate":"https:\/\/www.bellunopress.it\/?s={search_term_string}"},"query-input":{"@type":"PropertyValueSpecification","valueRequired":true,"valueName":"search_term_string"}}],"inLanguage":"fr-FR"},{"@type":"Organization","@id":"https:\/\/www.bellunopress.it\/#organization","name":"Bellunopress","url":"https:\/\/www.bellunopress.it\/","logo":{"@type":"ImageObject","inLanguage":"fr-FR","@id":"https:\/\/www.bellunopress.it\/#\/schema\/logo\/image\/","url":"https:\/\/www.bellunopress.it\/wp-content\/uploads\/2011\/05\/cropped-logo-bellunopress-.jpg","contentUrl":"https:\/\/www.bellunopress.it\/wp-content\/uploads\/2011\/05\/cropped-logo-bellunopress-.jpg","width":512,"height":512,"caption":"Bellunopress"},"image":{"@id":"https:\/\/www.bellunopress.it\/#\/schema\/logo\/image\/"},"sameAs":["https:\/\/www.facebook.com\/profile.php?id=100008943462799","https:\/\/x.com\/bellunopress","https:\/\/www.linkedin.com\/hp\/?dnr=JBzUWaJfMUw8vbXJJ2tVW5-I3jZKvC4wsoxE&amp;amp;amp;amp;amp;amp;trk=nav_responsive_tab_home","https:\/\/www.youtube.com\/channel\/UCxL0wu1uN0_3_7hGG0306cw"]},{"@type":"Person","@id":"https:\/\/www.bellunopress.it\/#\/schema\/person\/79bb06722b37ece1c03d3e94beb30d73","name":"r\u00e9daction","image":{"@type":"ImageObject","inLanguage":"fr-FR","@id":"https:\/\/secure.gravatar.com\/avatar\/37d968a2e67a6fd04c169c4bdef102d0bc5d31b2546345219e348575eb80e9a0?s=96&d=mm&r=g","url":"https:\/\/secure.gravatar.com\/avatar\/37d968a2e67a6fd04c169c4bdef102d0bc5d31b2546345219e348575eb80e9a0?s=96&d=mm&r=g","contentUrl":"https:\/\/secure.gravatar.com\/avatar\/37d968a2e67a6fd04c169c4bdef102d0bc5d31b2546345219e348575eb80e9a0?s=96&d=mm&r=g","caption":"redazione"},"sameAs":["http:\/\/www.bellunopress.it","https:\/\/x.com\/bellunopress"],"url":"https:\/\/www.bellunopress.it\/fr\/author\/redazione\/"}]}},"_links":{"self":[{"href":"https:\/\/www.bellunopress.it\/fr\/wp-json\/wp\/v2\/posts\/161897","targetHints":{"allow":["GET"]}}],"collection":[{"href":"https:\/\/www.bellunopress.it\/fr\/wp-json\/wp\/v2\/posts"}],"about":[{"href":"https:\/\/www.bellunopress.it\/fr\/wp-json\/wp\/v2\/types\/post"}],"author":[{"embeddable":true,"href":"https:\/\/www.bellunopress.it\/fr\/wp-json\/wp\/v2\/users\/2"}],"replies":[{"embeddable":true,"href":"https:\/\/www.bellunopress.it\/fr\/wp-json\/wp\/v2\/comments?post=161897"}],"version-history":[{"count":1,"href":"https:\/\/www.bellunopress.it\/fr\/wp-json\/wp\/v2\/posts\/161897\/revisions"}],"predecessor-version":[{"id":161899,"href":"https:\/\/www.bellunopress.it\/fr\/wp-json\/wp\/v2\/posts\/161897\/revisions\/161899"}],"wp:featuredmedia":[{"embeddable":true,"href":"https:\/\/www.bellunopress.it\/fr\/wp-json\/wp\/v2\/media\/161898"}],"wp:attachment":[{"href":"https:\/\/www.bellunopress.it\/fr\/wp-json\/wp\/v2\/media?parent=161897"}],"wp:term":[{"taxonomy":"category","embeddable":true,"href":"https:\/\/www.bellunopress.it\/fr\/wp-json\/wp\/v2\/categories?post=161897"},{"taxonomy":"post_tag","embeddable":true,"href":"https:\/\/www.bellunopress.it\/fr\/wp-json\/wp\/v2\/tags?post=161897"}],"curies":[{"name":"wp","href":"https:\/\/api.w.org\/{rel}","templated":true}]}}