{"id":161871,"date":"2025-07-18T13:02:55","date_gmt":"2025-07-18T11:02:55","guid":{"rendered":"https:\/\/www.bellunopress.it\/?p=161871"},"modified":"2025-07-18T13:02:55","modified_gmt":"2025-07-18T11:02:55","slug":"accertamenti-sanitari-per-ex-addetti-della-base-primo-roc-di-monte-venda-venturini-fi-finalmente-una-risposta-a-chi-chiedeva-tutela-e-prevenzione","status":"publish","type":"post","link":"https:\/\/www.bellunopress.it\/fr\/2025\/07\/18\/accertamenti-sanitari-per-ex-addetti-della-base-primo-roc-di-monte-venda-venturini-fi-finalmente-una-risposta-a-chi-chiedeva-tutela-e-prevenzione\/","title":{"rendered":"Accertamenti sanitari per ex addetti della base Primo ROC di Monte Venda. Venturini (FI): &#8220;Finalmente una risposta a chi chiedeva tutela e prevenzione&#8221;"},"content":{"rendered":"<figure id=\"attachment_129332\" aria-describedby=\"caption-attachment-129332\" style=\"width: 413px\" class=\"wp-caption aligncenter\"><img loading=\"lazy\" decoding=\"async\" class=\"size-full wp-image-129332\" src=\"https:\/\/www.bellunopress.it\/wp-content\/uploads\/2021\/11\/Elisa-Venturini_edited.jpg\" alt=\"\" width=\"413\" height=\"598\" srcset=\"https:\/\/www.bellunopress.it\/wp-content\/uploads\/2021\/11\/Elisa-Venturini_edited.jpg 413w, https:\/\/www.bellunopress.it\/wp-content\/uploads\/2021\/11\/Elisa-Venturini_edited-345x500.jpg 345w, https:\/\/www.bellunopress.it\/wp-content\/uploads\/2021\/11\/Elisa-Venturini_edited-290x420.jpg 290w\" sizes=\"auto, (max-width: 413px) 100vw, 413px\" \/><figcaption id=\"caption-attachment-129332\" class=\"wp-caption-text\">Elisa Venturini &#8211; Consigliere regionale<\/figcaption><\/figure>\n<p>Padova, 18 luglio 2025 \u2013 Entro il mese di settembre saranno pienamente operativi gli accertamenti sanitari per gli ex militari e civili che hanno prestato servizio presso la base dell&#8217;Aeronautica Militare Primo ROC di Monte Venda, nel padovano. Lo ha comunicato lo SPISAL, il Servizio per la prevenzione e la sicurezza negli ambienti di lavoro, che coordiner\u00e0 gli interventi nell&#8217;ambito del protocollo sanitario approvato con la DGR n. 92 del 4 febbraio 2025.<\/p>\n<p>Una risposta concreta alle richieste di molti ex addetti, preoccupati per l&#8217;elevata incidenza di patologie oncologiche potenzialmente correlate all&#8217;esposizione al gas radon e ad altre sostanze cancerogene.<\/p>\n<p>&#8220;Una risposta a chi chiedeva tutela e prevenzione,&#8221; dichiara la consigliera regionale Elisa Venturini, promotrice dell&#8217;interrogazione n. 585 del 3 ottobre 2024 che ha contribuito a sollecitare l&#8217;attivazione del percorso di sorveglianza sanitaria.<\/p>\n<p>Il protocollo, predisposto in collaborazione con i Servizi SPISAL delle ULSS venete, garantir\u00e0 gratuitamente la sorveglianza sanitaria degli ex esposti a radon per motivi professionali, compreso il personale della base militare di Monte Venda.<\/p>\n<p>&#8220;La salute dei lavoratori, anche a distanza di anni, merita attenzione e rispetto. Questo \u00e8 un primo passo importante: continueremo a seguire da vicino ogni fase dell&#8217;attuazione per garantire un accesso tempestivo e capillare agli accertamenti,&#8221; aggiunge Venturini.<\/p>\n<p>Il percorso tecnico-istituzionale \u00e8 stato avviato nel 2022 con una serie di interlocuzioni con il Ministero della Salute e l&#8217;Istituto Superiore di Sanit\u00e0, volte a valutare l&#8217;esistenza di un possibile nesso causale tra esposizione prolungata a radon e insorgenza di malattie oncologiche.<\/p>\n<p>&#8220;L&#8217;obiettivo \u00e8 arrivare alla tutela sanitaria e, ove possibile, anche al riconoscimento delle cause professionali delle patologie. Il lavoro di ascolto e approfondimento proseguir\u00e0 con impegno,&#8221; conclude Venturini.<\/p>","protected":false},"excerpt":{"rendered":"<p>Padova, 18 luglio 2025 \u2013 Entro il mese di settembre saranno pienamente operativi gli accertamenti sanitari per gli ex militari e civili che hanno prestato servizio presso la base dell&#8217;Aeronautica Militare Primo ROC di Monte Venda, nel padovano. Lo ha comunicato lo SPISAL, il Servizio per la prevenzione e la sicurezza negli ambienti di lavoro, [&hellip;]<\/p>\n","protected":false},"author":2,"featured_media":129332,"comment_status":"closed","ping_status":"open","sticky":false,"template":"","format":"standard","meta":{"footnotes":""},"categories":[5,26,17],"tags":[],"class_list":["post-161871","post","type-post","status-publish","format-standard","has-post-thumbnail","category-cronaca","category-prima-pagina","category-sanita"],"yoast_head":"<!-- This site is optimized with the Yoast SEO plugin v28.4 - https:\/\/yoast.com\/product\/yoast-seo-wordpress\/ -->\n<title>Accertamenti sanitari per ex addetti della base Primo ROC di Monte Venda. Venturini (FI): &quot;Finalmente una risposta a chi chiedeva tutela e prevenzione&quot; - Bellunopress - Dolomiti<\/title>\n<meta name=\"robots\" content=\"index, follow, max-snippet:-1, max-image-preview:large, max-video-preview:-1\" \/>\n<link rel=\"canonical\" href=\"https:\/\/www.bellunopress.it\/fr\/2025\/07\/18\/accertamenti-sanitari-per-ex-addetti-della-base-primo-roc-di-monte-venda-venturini-fi-finalmente-una-risposta-a-chi-chiedeva-tutela-e-prevenzione\/\" \/>\n<meta property=\"og:locale\" content=\"fr_FR\" \/>\n<meta property=\"og:type\" content=\"article\" \/>\n<meta property=\"og:title\" content=\"Accertamenti sanitari per ex addetti della base Primo ROC di Monte Venda. Venturini (FI): &quot;Finalmente una risposta a chi chiedeva tutela e prevenzione&quot; - Bellunopress - Dolomiti\" \/>\n<meta property=\"og:description\" content=\"Padova, 18 luglio 2025 \u2013 Entro il mese di settembre saranno pienamente operativi gli accertamenti sanitari per gli ex militari e civili che hanno prestato servizio presso la base dell&#8217;Aeronautica Militare Primo ROC di Monte Venda, nel padovano. Lo ha comunicato lo SPISAL, il Servizio per la prevenzione e la sicurezza negli ambienti di lavoro, [&hellip;]\" \/>\n<meta property=\"og:url\" content=\"https:\/\/www.bellunopress.it\/fr\/2025\/07\/18\/accertamenti-sanitari-per-ex-addetti-della-base-primo-roc-di-monte-venda-venturini-fi-finalmente-una-risposta-a-chi-chiedeva-tutela-e-prevenzione\/\" \/>\n<meta property=\"og:site_name\" content=\"Bellunopress - Dolomiti\" \/>\n<meta property=\"article:publisher\" content=\"https:\/\/www.facebook.com\/profile.php?id=100008943462799\" \/>\n<meta property=\"article:published_time\" content=\"2025-07-18T11:02:55+00:00\" \/>\n<meta property=\"og:image\" content=\"https:\/\/www.bellunopress.it\/wp-content\/uploads\/2021\/11\/Elisa-Venturini_edited.jpg\" \/>\n\t<meta property=\"og:image:width\" content=\"413\" \/>\n\t<meta property=\"og:image:height\" content=\"598\" \/>\n\t<meta property=\"og:image:type\" content=\"image\/jpeg\" \/>\n<meta name=\"author\" content=\"redazione\" \/>\n<meta name=\"twitter:card\" content=\"summary_large_image\" \/>\n<meta name=\"twitter:creator\" content=\"@bellunopress\" \/>\n<meta name=\"twitter:site\" content=\"@bellunopress\" \/>\n<meta name=\"twitter:label1\" content=\"\u00c9crit par\" \/>\n\t<meta name=\"twitter:data1\" content=\"redazione\" \/>\n\t<meta name=\"twitter:label2\" content=\"Dur\u00e9e de lecture estim\u00e9e\" \/>\n\t<meta name=\"twitter:data2\" content=\"1 minute\" \/>\n<script type=\"application\/ld+json\" class=\"yoast-schema-graph\">{\"@context\":\"https:\\\/\\\/schema.org\",\"@graph\":[{\"@type\":\"Article\",\"@id\":\"https:\\\/\\\/www.bellunopress.it\\\/2025\\\/07\\\/18\\\/accertamenti-sanitari-per-ex-addetti-della-base-primo-roc-di-monte-venda-venturini-fi-finalmente-una-risposta-a-chi-chiedeva-tutela-e-prevenzione\\\/#article\",\"isPartOf\":{\"@id\":\"https:\\\/\\\/www.bellunopress.it\\\/2025\\\/07\\\/18\\\/accertamenti-sanitari-per-ex-addetti-della-base-primo-roc-di-monte-venda-venturini-fi-finalmente-una-risposta-a-chi-chiedeva-tutela-e-prevenzione\\\/\"},\"author\":{\"name\":\"redazione\",\"@id\":\"https:\\\/\\\/www.bellunopress.it\\\/#\\\/schema\\\/person\\\/79bb06722b37ece1c03d3e94beb30d73\"},\"headline\":\"Accertamenti sanitari per ex addetti della base Primo ROC di Monte Venda. Venturini (FI): &#8220;Finalmente una risposta a chi chiedeva tutela e prevenzione&#8221;\",\"datePublished\":\"2025-07-18T11:02:55+00:00\",\"mainEntityOfPage\":{\"@id\":\"https:\\\/\\\/www.bellunopress.it\\\/2025\\\/07\\\/18\\\/accertamenti-sanitari-per-ex-addetti-della-base-primo-roc-di-monte-venda-venturini-fi-finalmente-una-risposta-a-chi-chiedeva-tutela-e-prevenzione\\\/\"},\"wordCount\":307,\"publisher\":{\"@id\":\"https:\\\/\\\/www.bellunopress.it\\\/#organization\"},\"image\":{\"@id\":\"https:\\\/\\\/www.bellunopress.it\\\/2025\\\/07\\\/18\\\/accertamenti-sanitari-per-ex-addetti-della-base-primo-roc-di-monte-venda-venturini-fi-finalmente-una-risposta-a-chi-chiedeva-tutela-e-prevenzione\\\/#primaryimage\"},\"thumbnailUrl\":\"https:\\\/\\\/www.bellunopress.it\\\/wp-content\\\/uploads\\\/2021\\\/11\\\/Elisa-Venturini_edited.jpg\",\"articleSection\":[\"Cronaca\\\/Politica\",\"Prima Pagina\",\"Sanit\u00e0 Medicina\"],\"inLanguage\":\"fr-FR\"},{\"@type\":\"WebPage\",\"@id\":\"https:\\\/\\\/www.bellunopress.it\\\/2025\\\/07\\\/18\\\/accertamenti-sanitari-per-ex-addetti-della-base-primo-roc-di-monte-venda-venturini-fi-finalmente-una-risposta-a-chi-chiedeva-tutela-e-prevenzione\\\/\",\"url\":\"https:\\\/\\\/www.bellunopress.it\\\/2025\\\/07\\\/18\\\/accertamenti-sanitari-per-ex-addetti-della-base-primo-roc-di-monte-venda-venturini-fi-finalmente-una-risposta-a-chi-chiedeva-tutela-e-prevenzione\\\/\",\"name\":\"Accertamenti sanitari per ex addetti della base Primo ROC di Monte Venda. Venturini (FI): \\\"Finalmente una risposta a chi chiedeva tutela e prevenzione\\\" - Bellunopress - Dolomiti\",\"isPartOf\":{\"@id\":\"https:\\\/\\\/www.bellunopress.it\\\/#website\"},\"primaryImageOfPage\":{\"@id\":\"https:\\\/\\\/www.bellunopress.it\\\/2025\\\/07\\\/18\\\/accertamenti-sanitari-per-ex-addetti-della-base-primo-roc-di-monte-venda-venturini-fi-finalmente-una-risposta-a-chi-chiedeva-tutela-e-prevenzione\\\/#primaryimage\"},\"image\":{\"@id\":\"https:\\\/\\\/www.bellunopress.it\\\/2025\\\/07\\\/18\\\/accertamenti-sanitari-per-ex-addetti-della-base-primo-roc-di-monte-venda-venturini-fi-finalmente-una-risposta-a-chi-chiedeva-tutela-e-prevenzione\\\/#primaryimage\"},\"thumbnailUrl\":\"https:\\\/\\\/www.bellunopress.it\\\/wp-content\\\/uploads\\\/2021\\\/11\\\/Elisa-Venturini_edited.jpg\",\"datePublished\":\"2025-07-18T11:02:55+00:00\",\"breadcrumb\":{\"@id\":\"https:\\\/\\\/www.bellunopress.it\\\/2025\\\/07\\\/18\\\/accertamenti-sanitari-per-ex-addetti-della-base-primo-roc-di-monte-venda-venturini-fi-finalmente-una-risposta-a-chi-chiedeva-tutela-e-prevenzione\\\/#breadcrumb\"},\"inLanguage\":\"fr-FR\",\"potentialAction\":[{\"@type\":\"ReadAction\",\"target\":[\"https:\\\/\\\/www.bellunopress.it\\\/2025\\\/07\\\/18\\\/accertamenti-sanitari-per-ex-addetti-della-base-primo-roc-di-monte-venda-venturini-fi-finalmente-una-risposta-a-chi-chiedeva-tutela-e-prevenzione\\\/\"]}]},{\"@type\":\"ImageObject\",\"inLanguage\":\"fr-FR\",\"@id\":\"https:\\\/\\\/www.bellunopress.it\\\/2025\\\/07\\\/18\\\/accertamenti-sanitari-per-ex-addetti-della-base-primo-roc-di-monte-venda-venturini-fi-finalmente-una-risposta-a-chi-chiedeva-tutela-e-prevenzione\\\/#primaryimage\",\"url\":\"https:\\\/\\\/www.bellunopress.it\\\/wp-content\\\/uploads\\\/2021\\\/11\\\/Elisa-Venturini_edited.jpg\",\"contentUrl\":\"https:\\\/\\\/www.bellunopress.it\\\/wp-content\\\/uploads\\\/2021\\\/11\\\/Elisa-Venturini_edited.jpg\",\"width\":413,\"height\":598,\"caption\":\"Elisa Venturini - Assessore regionale all'Ambiente e alla Protezione Civile\"},{\"@type\":\"BreadcrumbList\",\"@id\":\"https:\\\/\\\/www.bellunopress.it\\\/2025\\\/07\\\/18\\\/accertamenti-sanitari-per-ex-addetti-della-base-primo-roc-di-monte-venda-venturini-fi-finalmente-una-risposta-a-chi-chiedeva-tutela-e-prevenzione\\\/#breadcrumb\",\"itemListElement\":[{\"@type\":\"ListItem\",\"position\":1,\"name\":\"Home\",\"item\":\"https:\\\/\\\/www.bellunopress.it\\\/\"},{\"@type\":\"ListItem\",\"position\":2,\"name\":\"Accertamenti sanitari per ex addetti della base Primo ROC di Monte Venda. Venturini (FI): &#8220;Finalmente una risposta a chi chiedeva tutela e prevenzione&#8221;\"}]},{\"@type\":\"WebSite\",\"@id\":\"https:\\\/\\\/www.bellunopress.it\\\/#website\",\"url\":\"https:\\\/\\\/www.bellunopress.it\\\/\",\"name\":\"Bellunopress - Dolomiti\",\"description\":\"e-mail: redazione@bellunopress.it\",\"publisher\":{\"@id\":\"https:\\\/\\\/www.bellunopress.it\\\/#organization\"},\"potentialAction\":[{\"@type\":\"SearchAction\",\"target\":{\"@type\":\"EntryPoint\",\"urlTemplate\":\"https:\\\/\\\/www.bellunopress.it\\\/?s={search_term_string}\"},\"query-input\":{\"@type\":\"PropertyValueSpecification\",\"valueRequired\":true,\"valueName\":\"search_term_string\"}}],\"inLanguage\":\"fr-FR\"},{\"@type\":\"Organization\",\"@id\":\"https:\\\/\\\/www.bellunopress.it\\\/#organization\",\"name\":\"Bellunopress\",\"url\":\"https:\\\/\\\/www.bellunopress.it\\\/\",\"logo\":{\"@type\":\"ImageObject\",\"inLanguage\":\"fr-FR\",\"@id\":\"https:\\\/\\\/www.bellunopress.it\\\/#\\\/schema\\\/logo\\\/image\\\/\",\"url\":\"https:\\\/\\\/www.bellunopress.it\\\/wp-content\\\/uploads\\\/2011\\\/05\\\/cropped-logo-bellunopress-.jpg\",\"contentUrl\":\"https:\\\/\\\/www.bellunopress.it\\\/wp-content\\\/uploads\\\/2011\\\/05\\\/cropped-logo-bellunopress-.jpg\",\"width\":512,\"height\":512,\"caption\":\"Bellunopress\"},\"image\":{\"@id\":\"https:\\\/\\\/www.bellunopress.it\\\/#\\\/schema\\\/logo\\\/image\\\/\"},\"sameAs\":[\"https:\\\/\\\/www.facebook.com\\\/profile.php?id=100008943462799\",\"https:\\\/\\\/x.com\\\/bellunopress\",\"https:\\\/\\\/www.linkedin.com\\\/hp\\\/?dnr=JBzUWaJfMUw8vbXJJ2tVW5-I3jZKvC4wsoxE&amp;amp;amp;amp;amp;amp;trk=nav_responsive_tab_home\",\"https:\\\/\\\/www.youtube.com\\\/channel\\\/UCxL0wu1uN0_3_7hGG0306cw\"]},{\"@type\":\"Person\",\"@id\":\"https:\\\/\\\/www.bellunopress.it\\\/#\\\/schema\\\/person\\\/79bb06722b37ece1c03d3e94beb30d73\",\"name\":\"redazione\",\"image\":{\"@type\":\"ImageObject\",\"inLanguage\":\"fr-FR\",\"@id\":\"https:\\\/\\\/secure.gravatar.com\\\/avatar\\\/37d968a2e67a6fd04c169c4bdef102d0bc5d31b2546345219e348575eb80e9a0?s=96&d=mm&r=g\",\"url\":\"https:\\\/\\\/secure.gravatar.com\\\/avatar\\\/37d968a2e67a6fd04c169c4bdef102d0bc5d31b2546345219e348575eb80e9a0?s=96&d=mm&r=g\",\"contentUrl\":\"https:\\\/\\\/secure.gravatar.com\\\/avatar\\\/37d968a2e67a6fd04c169c4bdef102d0bc5d31b2546345219e348575eb80e9a0?s=96&d=mm&r=g\",\"caption\":\"redazione\"},\"sameAs\":[\"http:\\\/\\\/www.bellunopress.it\",\"https:\\\/\\\/x.com\\\/bellunopress\"],\"url\":\"https:\\\/\\\/www.bellunopress.it\\\/fr\\\/author\\\/redazione\\\/\"}]}<\/script>\n<!-- \/ Yoast SEO plugin. -->","yoast_head_json":{"title":"Accertamenti sanitari per ex addetti della base Primo ROC di Monte Venda. Venturini (FI): \"Finalmente una risposta a chi chiedeva tutela e prevenzione\" - Bellunopress - Dolomiti","robots":{"index":"index","follow":"follow","max-snippet":"max-snippet:-1","max-image-preview":"max-image-preview:large","max-video-preview":"max-video-preview:-1"},"canonical":"https:\/\/www.bellunopress.it\/fr\/2025\/07\/18\/accertamenti-sanitari-per-ex-addetti-della-base-primo-roc-di-monte-venda-venturini-fi-finalmente-una-risposta-a-chi-chiedeva-tutela-e-prevenzione\/","og_locale":"fr_FR","og_type":"article","og_title":"Accertamenti sanitari per ex addetti della base Primo ROC di Monte Venda. Venturini (FI): \"Finalmente una risposta a chi chiedeva tutela e prevenzione\" - Bellunopress - Dolomiti","og_description":"Padova, 18 luglio 2025 \u2013 Entro il mese di settembre saranno pienamente operativi gli accertamenti sanitari per gli ex militari e civili che hanno prestato servizio presso la base dell&#8217;Aeronautica Militare Primo ROC di Monte Venda, nel padovano. Lo ha comunicato lo SPISAL, il Servizio per la prevenzione e la sicurezza negli ambienti di lavoro, [&hellip;]","og_url":"https:\/\/www.bellunopress.it\/fr\/2025\/07\/18\/accertamenti-sanitari-per-ex-addetti-della-base-primo-roc-di-monte-venda-venturini-fi-finalmente-una-risposta-a-chi-chiedeva-tutela-e-prevenzione\/","og_site_name":"Bellunopress - Dolomiti","article_publisher":"https:\/\/www.facebook.com\/profile.php?id=100008943462799","article_published_time":"2025-07-18T11:02:55+00:00","og_image":[{"width":413,"height":598,"url":"https:\/\/www.bellunopress.it\/wp-content\/uploads\/2021\/11\/Elisa-Venturini_edited.jpg","type":"image\/jpeg"}],"author":"redazione","twitter_card":"summary_large_image","twitter_creator":"@bellunopress","twitter_site":"@bellunopress","twitter_misc":{"\u00c9crit par":"redazione","Dur\u00e9e de lecture estim\u00e9e":"1 minute"},"schema":{"@context":"https:\/\/schema.org","@graph":[{"@type":"Article","@id":"https:\/\/www.bellunopress.it\/2025\/07\/18\/accertamenti-sanitari-per-ex-addetti-della-base-primo-roc-di-monte-venda-venturini-fi-finalmente-una-risposta-a-chi-chiedeva-tutela-e-prevenzione\/#article","isPartOf":{"@id":"https:\/\/www.bellunopress.it\/2025\/07\/18\/accertamenti-sanitari-per-ex-addetti-della-base-primo-roc-di-monte-venda-venturini-fi-finalmente-una-risposta-a-chi-chiedeva-tutela-e-prevenzione\/"},"author":{"name":"redazione","@id":"https:\/\/www.bellunopress.it\/#\/schema\/person\/79bb06722b37ece1c03d3e94beb30d73"},"headline":"Accertamenti sanitari per ex addetti della base Primo ROC di Monte Venda. Venturini (FI): &#8220;Finalmente una risposta a chi chiedeva tutela e prevenzione&#8221;","datePublished":"2025-07-18T11:02:55+00:00","mainEntityOfPage":{"@id":"https:\/\/www.bellunopress.it\/2025\/07\/18\/accertamenti-sanitari-per-ex-addetti-della-base-primo-roc-di-monte-venda-venturini-fi-finalmente-una-risposta-a-chi-chiedeva-tutela-e-prevenzione\/"},"wordCount":307,"publisher":{"@id":"https:\/\/www.bellunopress.it\/#organization"},"image":{"@id":"https:\/\/www.bellunopress.it\/2025\/07\/18\/accertamenti-sanitari-per-ex-addetti-della-base-primo-roc-di-monte-venda-venturini-fi-finalmente-una-risposta-a-chi-chiedeva-tutela-e-prevenzione\/#primaryimage"},"thumbnailUrl":"https:\/\/www.bellunopress.it\/wp-content\/uploads\/2021\/11\/Elisa-Venturini_edited.jpg","articleSection":["Cronaca\/Politica","Prima Pagina","Sanit\u00e0 Medicina"],"inLanguage":"fr-FR"},{"@type":"WebPage","@id":"https:\/\/www.bellunopress.it\/2025\/07\/18\/accertamenti-sanitari-per-ex-addetti-della-base-primo-roc-di-monte-venda-venturini-fi-finalmente-una-risposta-a-chi-chiedeva-tutela-e-prevenzione\/","url":"https:\/\/www.bellunopress.it\/2025\/07\/18\/accertamenti-sanitari-per-ex-addetti-della-base-primo-roc-di-monte-venda-venturini-fi-finalmente-una-risposta-a-chi-chiedeva-tutela-e-prevenzione\/","name":"Accertamenti sanitari per ex addetti della base Primo ROC di Monte Venda. Venturini (FI): \"Finalmente una risposta a chi chiedeva tutela e prevenzione\" - Bellunopress - Dolomiti","isPartOf":{"@id":"https:\/\/www.bellunopress.it\/#website"},"primaryImageOfPage":{"@id":"https:\/\/www.bellunopress.it\/2025\/07\/18\/accertamenti-sanitari-per-ex-addetti-della-base-primo-roc-di-monte-venda-venturini-fi-finalmente-una-risposta-a-chi-chiedeva-tutela-e-prevenzione\/#primaryimage"},"image":{"@id":"https:\/\/www.bellunopress.it\/2025\/07\/18\/accertamenti-sanitari-per-ex-addetti-della-base-primo-roc-di-monte-venda-venturini-fi-finalmente-una-risposta-a-chi-chiedeva-tutela-e-prevenzione\/#primaryimage"},"thumbnailUrl":"https:\/\/www.bellunopress.it\/wp-content\/uploads\/2021\/11\/Elisa-Venturini_edited.jpg","datePublished":"2025-07-18T11:02:55+00:00","breadcrumb":{"@id":"https:\/\/www.bellunopress.it\/2025\/07\/18\/accertamenti-sanitari-per-ex-addetti-della-base-primo-roc-di-monte-venda-venturini-fi-finalmente-una-risposta-a-chi-chiedeva-tutela-e-prevenzione\/#breadcrumb"},"inLanguage":"fr-FR","potentialAction":[{"@type":"ReadAction","target":["https:\/\/www.bellunopress.it\/2025\/07\/18\/accertamenti-sanitari-per-ex-addetti-della-base-primo-roc-di-monte-venda-venturini-fi-finalmente-una-risposta-a-chi-chiedeva-tutela-e-prevenzione\/"]}]},{"@type":"ImageObject","inLanguage":"fr-FR","@id":"https:\/\/www.bellunopress.it\/2025\/07\/18\/accertamenti-sanitari-per-ex-addetti-della-base-primo-roc-di-monte-venda-venturini-fi-finalmente-una-risposta-a-chi-chiedeva-tutela-e-prevenzione\/#primaryimage","url":"https:\/\/www.bellunopress.it\/wp-content\/uploads\/2021\/11\/Elisa-Venturini_edited.jpg","contentUrl":"https:\/\/www.bellunopress.it\/wp-content\/uploads\/2021\/11\/Elisa-Venturini_edited.jpg","width":413,"height":598,"caption":"Elisa Venturini - Assessore regionale all'Ambiente e alla Protezione Civile"},{"@type":"BreadcrumbList","@id":"https:\/\/www.bellunopress.it\/2025\/07\/18\/accertamenti-sanitari-per-ex-addetti-della-base-primo-roc-di-monte-venda-venturini-fi-finalmente-una-risposta-a-chi-chiedeva-tutela-e-prevenzione\/#breadcrumb","itemListElement":[{"@type":"ListItem","position":1,"name":"Home","item":"https:\/\/www.bellunopress.it\/"},{"@type":"ListItem","position":2,"name":"Accertamenti sanitari per ex addetti della base Primo ROC di Monte Venda. Venturini (FI): &#8220;Finalmente una risposta a chi chiedeva tutela e prevenzione&#8221;"}]},{"@type":"WebSite","@id":"https:\/\/www.bellunopress.it\/#website","url":"https:\/\/www.bellunopress.it\/","name":"Bellunopress - Dolomiti","description":"e-mail: redazione@bellunopress.it","publisher":{"@id":"https:\/\/www.bellunopress.it\/#organization"},"potentialAction":[{"@type":"SearchAction","target":{"@type":"EntryPoint","urlTemplate":"https:\/\/www.bellunopress.it\/?s={search_term_string}"},"query-input":{"@type":"PropertyValueSpecification","valueRequired":true,"valueName":"search_term_string"}}],"inLanguage":"fr-FR"},{"@type":"Organization","@id":"https:\/\/www.bellunopress.it\/#organization","name":"Bellunopress","url":"https:\/\/www.bellunopress.it\/","logo":{"@type":"ImageObject","inLanguage":"fr-FR","@id":"https:\/\/www.bellunopress.it\/#\/schema\/logo\/image\/","url":"https:\/\/www.bellunopress.it\/wp-content\/uploads\/2011\/05\/cropped-logo-bellunopress-.jpg","contentUrl":"https:\/\/www.bellunopress.it\/wp-content\/uploads\/2011\/05\/cropped-logo-bellunopress-.jpg","width":512,"height":512,"caption":"Bellunopress"},"image":{"@id":"https:\/\/www.bellunopress.it\/#\/schema\/logo\/image\/"},"sameAs":["https:\/\/www.facebook.com\/profile.php?id=100008943462799","https:\/\/x.com\/bellunopress","https:\/\/www.linkedin.com\/hp\/?dnr=JBzUWaJfMUw8vbXJJ2tVW5-I3jZKvC4wsoxE&amp;amp;amp;amp;amp;amp;trk=nav_responsive_tab_home","https:\/\/www.youtube.com\/channel\/UCxL0wu1uN0_3_7hGG0306cw"]},{"@type":"Person","@id":"https:\/\/www.bellunopress.it\/#\/schema\/person\/79bb06722b37ece1c03d3e94beb30d73","name":"r\u00e9daction","image":{"@type":"ImageObject","inLanguage":"fr-FR","@id":"https:\/\/secure.gravatar.com\/avatar\/37d968a2e67a6fd04c169c4bdef102d0bc5d31b2546345219e348575eb80e9a0?s=96&d=mm&r=g","url":"https:\/\/secure.gravatar.com\/avatar\/37d968a2e67a6fd04c169c4bdef102d0bc5d31b2546345219e348575eb80e9a0?s=96&d=mm&r=g","contentUrl":"https:\/\/secure.gravatar.com\/avatar\/37d968a2e67a6fd04c169c4bdef102d0bc5d31b2546345219e348575eb80e9a0?s=96&d=mm&r=g","caption":"redazione"},"sameAs":["http:\/\/www.bellunopress.it","https:\/\/x.com\/bellunopress"],"url":"https:\/\/www.bellunopress.it\/fr\/author\/redazione\/"}]}},"_links":{"self":[{"href":"https:\/\/www.bellunopress.it\/fr\/wp-json\/wp\/v2\/posts\/161871","targetHints":{"allow":["GET"]}}],"collection":[{"href":"https:\/\/www.bellunopress.it\/fr\/wp-json\/wp\/v2\/posts"}],"about":[{"href":"https:\/\/www.bellunopress.it\/fr\/wp-json\/wp\/v2\/types\/post"}],"author":[{"embeddable":true,"href":"https:\/\/www.bellunopress.it\/fr\/wp-json\/wp\/v2\/users\/2"}],"replies":[{"embeddable":true,"href":"https:\/\/www.bellunopress.it\/fr\/wp-json\/wp\/v2\/comments?post=161871"}],"version-history":[{"count":1,"href":"https:\/\/www.bellunopress.it\/fr\/wp-json\/wp\/v2\/posts\/161871\/revisions"}],"predecessor-version":[{"id":161872,"href":"https:\/\/www.bellunopress.it\/fr\/wp-json\/wp\/v2\/posts\/161871\/revisions\/161872"}],"wp:featuredmedia":[{"embeddable":true,"href":"https:\/\/www.bellunopress.it\/fr\/wp-json\/wp\/v2\/media\/129332"}],"wp:attachment":[{"href":"https:\/\/www.bellunopress.it\/fr\/wp-json\/wp\/v2\/media?parent=161871"}],"wp:term":[{"taxonomy":"category","embeddable":true,"href":"https:\/\/www.bellunopress.it\/fr\/wp-json\/wp\/v2\/categories?post=161871"},{"taxonomy":"post_tag","embeddable":true,"href":"https:\/\/www.bellunopress.it\/fr\/wp-json\/wp\/v2\/tags?post=161871"}],"curies":[{"name":"wp","href":"https:\/\/api.w.org\/{rel}","templated":true}]}}