{"id":161851,"date":"2025-07-17T14:00:20","date_gmt":"2025-07-17T12:00:20","guid":{"rendered":"https:\/\/www.bellunopress.it\/?p=161851"},"modified":"2025-07-17T18:12:42","modified_gmt":"2025-07-17T16:12:42","slug":"giancarlo-cavallin-e-il-nuovo-presidente-del-csv-belluno-treviso-succede-a-elisa-corra-nella-guida-del-prossimo-triennio","status":"publish","type":"post","link":"https:\/\/www.bellunopress.it\/fr\/2025\/07\/17\/giancarlo-cavallin-e-il-nuovo-presidente-del-csv-belluno-treviso-succede-a-elisa-corra-nella-guida-del-prossimo-triennio\/","title":{"rendered":"Giancarlo Cavallin \u00e8 il nuovo presidente del Csv Belluno Treviso. Succede a Elisa Corr\u00e0 nella guida del prossimo triennio"},"content":{"rendered":"<figure id=\"attachment_161861\" aria-describedby=\"caption-attachment-161861\" style=\"width: 800px\" class=\"wp-caption aligncenter\"><img loading=\"lazy\" decoding=\"async\" class=\"size-full wp-image-161861\" src=\"https:\/\/www.bellunopress.it\/wp-content\/uploads\/2025\/07\/Giancarlo-Cavallin-presidente-Csv-Belluno-Treviso-.jpg\" alt=\"\" width=\"800\" height=\"533\" srcset=\"https:\/\/www.bellunopress.it\/wp-content\/uploads\/2025\/07\/Giancarlo-Cavallin-presidente-Csv-Belluno-Treviso-.jpg 800w, https:\/\/www.bellunopress.it\/wp-content\/uploads\/2025\/07\/Giancarlo-Cavallin-presidente-Csv-Belluno-Treviso--500x333.jpg 500w, https:\/\/www.bellunopress.it\/wp-content\/uploads\/2025\/07\/Giancarlo-Cavallin-presidente-Csv-Belluno-Treviso--630x420.jpg 630w, https:\/\/www.bellunopress.it\/wp-content\/uploads\/2025\/07\/Giancarlo-Cavallin-presidente-Csv-Belluno-Treviso--696x464.jpg 696w\" sizes=\"auto, (max-width: 800px) 100vw, 800px\" \/><figcaption id=\"caption-attachment-161861\" class=\"wp-caption-text\">Giancarlo Cavallin, presidente Csv Belluno Treviso<\/figcaption><\/figure>\n<p>Belluno, 17 luglio 2025 &#8211; \u00c8 Giancarlo Cavallin il nuovo presidente del Csv Belluno Treviso.<br \/>\nTrevigiano, da molti anni impegnato nel mondo del volontariato con incarichi di responsabilit\u00e0 e direzione in diverse associazioni, succede a Elisa Corr\u00e0, che ha guidato l\u2019ente nell\u2019ultimo triennio.<br \/>\nCavallin si \u00e8 gi\u00e0 distinto nel ruolo di vicepresidente deII\u2019Auser Provinciale di Treviso, sempre come vicepresidente dell\u2019allora Volontarinsieme-Csv e come responsabile di alcuni tavoli di lavoro con Ulss 2 Marca Trevigiana e Conferenza dei Sindaci; \u00e8 stato anche componente del direttivo del Csv Belluno Treviso nella sua fase di costituzione.<br \/>\nIn vari momenti ha partecipato ai tavoli di programmazione dei Piani di Zona in diverse aree (anziani, minori e famiglia, marginalit\u00e0 e salute mentale) in rappresentanza degli organismi del volontariato. Negli anni \u00e8 stato promotore della costituzione di alcune associazioni.<br \/>\nNel corso della sua vita professionale, ha svolto per anni incarichi di gestione per il Ministero delle Finanze, oltre che di rappresentanza sindacale del settore pubblico. Ha poi assunto vari incarichi nel sindacato seguendo i settori del pubblico impiego, in particolare nell&#8217;ambito di sanit\u00e0, servizi sociali e immigrazione. \u00c8 stato anche segretario del sindacato pensionati, poi segretario confederale con responsabilit\u00e0 delle politiche sociali e dell&#8217;immigrazione.<\/p>\n<p>\u00abSono molto lieto di ricoprire questo nuovo incarico e della fiducia che mi \u00e8 stata assegnata. Cercheremo da subito di proseguire sulla strada tracciata nell\u2019ultimo triennio con la presidenza Corr\u00e0 e rafforzando alcune progettualit\u00e0 gi\u00e0 avviate o in cantiere\u00bb, dichiara il presidente neoeletto. \u00ab\u00c8 importante ricordare che gli oltre 2.000 enti del Terzo Settore delle province di Belluno e Treviso, cui ci rivolgiamo, si trovano in un territorio di circa 6.100 km\u00b2: per dare l\u2019idea della complessit\u00e0 del servizio \u2013 dal punto di vista logistico ma anche delle diversit\u00e0 di esigenze \u2013 si tratta di un terzo del territorio della Regione Veneto, in gran parte collocato su zone pedemontane e montane con difficolt\u00e0 di comunicazione, dove le comunit\u00e0 locali e il loro tessuto sociale hanno bisogno di maggiore sostegno anche da parte del volontariato. Nel 2020, quando era stato deciso dagli organismi nazionali (Onc) l\u2019accorpamento, il volontariato delle due provincie ha fatto una scelta importante per garantire la presenza dei due organismi di rappresentanza di Belluno (Comitato d\u2019Intesa) e Treviso (Volontarinsieme) costituendo, in accordo con l\u2019Onc, un nuovo ente &#8211; il Csv Belluno Treviso &#8211; come struttura di servizio, promozione e sostegno di tutti gli enti del Terzo Settore di questi territori. E questo \u00e8 stato l\u2019impegno e lo sforzo dei direttivi che ci hanno preceduto e del personale in continuit\u00e0. Tutto questo in un periodo particolarmente impegnativo per il Covid e l\u2019applicazione della riforma del Terzo Settore\u00bb.<br \/>\nAdesso, si guarda al futuro. \u00abOra spetta a noi partire da quanto \u00e8 stato realizzato e raggiunto \u2013 spiega Cavallin \u2013 per provare a dare un ulteriore impulso, prima di tutto in rapporto con le due realt\u00e0 di rappresentanza delle due province, che sono stati i soci fondatori del Csv, dare tutto il supporto possibile \u2013 in particolare alle piccole associazioni \u2013 nelle procedure richieste dalla normativa, sviluppare una collaborazione con le reti associative ed essere sempre pi\u00f9 una struttura che promuove e sostiene il volontariato; dunque, per rafforzare quel ruolo riconosciuto dalla riforma di soggetto attivo e promotore, anche attraverso attivit\u00e0 di co-programmazione, co-progettazione e amministrazione condivisa\u00bb.<\/p>\n<p>A Cavallin l\u2019augurio di buon lavoro dell\u2019ex presidente Elisa Corr\u00e0: \u00abDesidero esprimere la mia gratitudine per il cammino condiviso al fianco di volontarie e volontari, in un triennio che ha visto il Csv Belluno Treviso impegnato nel rafforzare la dimensione associativa e organizzativa del volontariato. Abbiamo lavorato per incentivare la capacit\u00e0 di azione nel fornire strumenti e consulenza per una gestione consapevole e informata degli enti del Terzo Settore, cercando di rendere le organizzazioni pi\u00f9 consapevoli e capaci di affrontare le sfide burocratiche, valorizzare il ruolo delle persone e comunicare con chiarezza finalit\u00e0 e attivit\u00e0. Il percorso di formazione, la co-progettazione, l\u2019attenzione alla relazione col mondo profit sono state tappe importanti di un impegno rivolto a supportare la missione degli Ets. Auguro al nuovo presidente e a tutto il Csv di proseguire con energia, visione e coerenza nel costruire spazi di partecipazione e relazioni significative per il nostro territorio\u00bb.<\/p>\n<p>Sono stati eletti anche i rappresentanti del nuovo Consiglio direttivo, che sar\u00e0 composto da Renzo Andrich, Sergio Battistella, Eldo Candeago, Bruno Lavina (eletti tra i candidati proposti dalle associazioni del territorio di Belluno); Pio Grollo, Attilio Nave, Luca Sartorato, oltre al presidente Cavallin (eletti tra i candidati proposti dalle associazioni del territorio di Treviso). Il nuovo direttivo rester\u00e0 ora in carica fino a giugno 2028.<\/p>\n<p>&nbsp;<\/p>","protected":false},"excerpt":{"rendered":"<p>Belluno, 17 luglio 2025 &#8211; \u00c8 Giancarlo Cavallin il nuovo presidente del Csv Belluno Treviso. Trevigiano, da molti anni impegnato nel mondo del volontariato con incarichi di responsabilit\u00e0 e direzione in diverse associazioni, succede a Elisa Corr\u00e0, che ha guidato l\u2019ente nell\u2019ultimo triennio. Cavallin si \u00e8 gi\u00e0 distinto nel ruolo di vicepresidente deII\u2019Auser Provinciale di [&hellip;]<\/p>\n","protected":false},"author":2,"featured_media":161861,"comment_status":"closed","ping_status":"open","sticky":false,"template":"","format":"standard","meta":{"footnotes":""},"categories":[26,8],"tags":[],"class_list":["post-161851","post","type-post","status-publish","format-standard","has-post-thumbnail","category-prima-pagina","category-societa-istituzioni"],"yoast_head":"<!-- This site is optimized with the Yoast SEO plugin v28.4 - https:\/\/yoast.com\/product\/yoast-seo-wordpress\/ -->\n<title>Giancarlo Cavallin \u00e8 il nuovo presidente del Csv Belluno Treviso. Succede a Elisa Corr\u00e0 nella guida del prossimo triennio - Bellunopress - Dolomiti<\/title>\n<meta name=\"robots\" content=\"index, follow, max-snippet:-1, max-image-preview:large, max-video-preview:-1\" \/>\n<link rel=\"canonical\" href=\"https:\/\/www.bellunopress.it\/fr\/2025\/07\/17\/giancarlo-cavallin-e-il-nuovo-presidente-del-csv-belluno-treviso-succede-a-elisa-corra-nella-guida-del-prossimo-triennio\/\" \/>\n<meta property=\"og:locale\" content=\"fr_FR\" \/>\n<meta property=\"og:type\" content=\"article\" \/>\n<meta property=\"og:title\" content=\"Giancarlo Cavallin \u00e8 il nuovo presidente del Csv Belluno Treviso. Succede a Elisa Corr\u00e0 nella guida del prossimo triennio - Bellunopress - Dolomiti\" \/>\n<meta property=\"og:description\" content=\"Belluno, 17 luglio 2025 &#8211; \u00c8 Giancarlo Cavallin il nuovo presidente del Csv Belluno Treviso. Trevigiano, da molti anni impegnato nel mondo del volontariato con incarichi di responsabilit\u00e0 e direzione in diverse associazioni, succede a Elisa Corr\u00e0, che ha guidato l\u2019ente nell\u2019ultimo triennio. Cavallin si \u00e8 gi\u00e0 distinto nel ruolo di vicepresidente deII\u2019Auser Provinciale di [&hellip;]\" \/>\n<meta property=\"og:url\" content=\"https:\/\/www.bellunopress.it\/fr\/2025\/07\/17\/giancarlo-cavallin-e-il-nuovo-presidente-del-csv-belluno-treviso-succede-a-elisa-corra-nella-guida-del-prossimo-triennio\/\" \/>\n<meta property=\"og:site_name\" content=\"Bellunopress - Dolomiti\" \/>\n<meta property=\"article:publisher\" content=\"https:\/\/www.facebook.com\/profile.php?id=100008943462799\" \/>\n<meta property=\"article:published_time\" content=\"2025-07-17T12:00:20+00:00\" \/>\n<meta property=\"article:modified_time\" content=\"2025-07-17T16:12:42+00:00\" \/>\n<meta property=\"og:image\" content=\"https:\/\/www.bellunopress.it\/wp-content\/uploads\/2025\/07\/Giancarlo-Cavallin-presidente-Csv-Belluno-Treviso-.jpg\" \/>\n\t<meta property=\"og:image:width\" content=\"800\" \/>\n\t<meta property=\"og:image:height\" content=\"533\" \/>\n\t<meta property=\"og:image:type\" content=\"image\/jpeg\" \/>\n<meta name=\"author\" content=\"redazione\" \/>\n<meta name=\"twitter:card\" content=\"summary_large_image\" \/>\n<meta name=\"twitter:creator\" content=\"@bellunopress\" \/>\n<meta name=\"twitter:site\" content=\"@bellunopress\" \/>\n<meta name=\"twitter:label1\" content=\"\u00c9crit par\" \/>\n\t<meta name=\"twitter:data1\" content=\"redazione\" \/>\n\t<meta name=\"twitter:label2\" content=\"Dur\u00e9e de lecture estim\u00e9e\" \/>\n\t<meta name=\"twitter:data2\" content=\"4 minutes\" \/>\n<script type=\"application\/ld+json\" class=\"yoast-schema-graph\">{\"@context\":\"https:\\\/\\\/schema.org\",\"@graph\":[{\"@type\":\"Article\",\"@id\":\"https:\\\/\\\/www.bellunopress.it\\\/2025\\\/07\\\/17\\\/giancarlo-cavallin-e-il-nuovo-presidente-del-csv-belluno-treviso-succede-a-elisa-corra-nella-guida-del-prossimo-triennio\\\/#article\",\"isPartOf\":{\"@id\":\"https:\\\/\\\/www.bellunopress.it\\\/2025\\\/07\\\/17\\\/giancarlo-cavallin-e-il-nuovo-presidente-del-csv-belluno-treviso-succede-a-elisa-corra-nella-guida-del-prossimo-triennio\\\/\"},\"author\":{\"name\":\"redazione\",\"@id\":\"https:\\\/\\\/www.bellunopress.it\\\/#\\\/schema\\\/person\\\/79bb06722b37ece1c03d3e94beb30d73\"},\"headline\":\"Giancarlo Cavallin \u00e8 il nuovo presidente del Csv Belluno Treviso. Succede a Elisa Corr\u00e0 nella guida del prossimo triennio\",\"datePublished\":\"2025-07-17T12:00:20+00:00\",\"dateModified\":\"2025-07-17T16:12:42+00:00\",\"mainEntityOfPage\":{\"@id\":\"https:\\\/\\\/www.bellunopress.it\\\/2025\\\/07\\\/17\\\/giancarlo-cavallin-e-il-nuovo-presidente-del-csv-belluno-treviso-succede-a-elisa-corra-nella-guida-del-prossimo-triennio\\\/\"},\"wordCount\":784,\"publisher\":{\"@id\":\"https:\\\/\\\/www.bellunopress.it\\\/#organization\"},\"image\":{\"@id\":\"https:\\\/\\\/www.bellunopress.it\\\/2025\\\/07\\\/17\\\/giancarlo-cavallin-e-il-nuovo-presidente-del-csv-belluno-treviso-succede-a-elisa-corra-nella-guida-del-prossimo-triennio\\\/#primaryimage\"},\"thumbnailUrl\":\"https:\\\/\\\/www.bellunopress.it\\\/wp-content\\\/uploads\\\/2025\\\/07\\\/Giancarlo-Cavallin-presidente-Csv-Belluno-Treviso-.jpg\",\"articleSection\":[\"Prima Pagina\",\"Societ\u00e0, Associazioni, Istituzioni\"],\"inLanguage\":\"fr-FR\"},{\"@type\":\"WebPage\",\"@id\":\"https:\\\/\\\/www.bellunopress.it\\\/2025\\\/07\\\/17\\\/giancarlo-cavallin-e-il-nuovo-presidente-del-csv-belluno-treviso-succede-a-elisa-corra-nella-guida-del-prossimo-triennio\\\/\",\"url\":\"https:\\\/\\\/www.bellunopress.it\\\/2025\\\/07\\\/17\\\/giancarlo-cavallin-e-il-nuovo-presidente-del-csv-belluno-treviso-succede-a-elisa-corra-nella-guida-del-prossimo-triennio\\\/\",\"name\":\"Giancarlo Cavallin \u00e8 il nuovo presidente del Csv Belluno Treviso. Succede a Elisa Corr\u00e0 nella guida del prossimo triennio - Bellunopress - Dolomiti\",\"isPartOf\":{\"@id\":\"https:\\\/\\\/www.bellunopress.it\\\/#website\"},\"primaryImageOfPage\":{\"@id\":\"https:\\\/\\\/www.bellunopress.it\\\/2025\\\/07\\\/17\\\/giancarlo-cavallin-e-il-nuovo-presidente-del-csv-belluno-treviso-succede-a-elisa-corra-nella-guida-del-prossimo-triennio\\\/#primaryimage\"},\"image\":{\"@id\":\"https:\\\/\\\/www.bellunopress.it\\\/2025\\\/07\\\/17\\\/giancarlo-cavallin-e-il-nuovo-presidente-del-csv-belluno-treviso-succede-a-elisa-corra-nella-guida-del-prossimo-triennio\\\/#primaryimage\"},\"thumbnailUrl\":\"https:\\\/\\\/www.bellunopress.it\\\/wp-content\\\/uploads\\\/2025\\\/07\\\/Giancarlo-Cavallin-presidente-Csv-Belluno-Treviso-.jpg\",\"datePublished\":\"2025-07-17T12:00:20+00:00\",\"dateModified\":\"2025-07-17T16:12:42+00:00\",\"breadcrumb\":{\"@id\":\"https:\\\/\\\/www.bellunopress.it\\\/2025\\\/07\\\/17\\\/giancarlo-cavallin-e-il-nuovo-presidente-del-csv-belluno-treviso-succede-a-elisa-corra-nella-guida-del-prossimo-triennio\\\/#breadcrumb\"},\"inLanguage\":\"fr-FR\",\"potentialAction\":[{\"@type\":\"ReadAction\",\"target\":[\"https:\\\/\\\/www.bellunopress.it\\\/2025\\\/07\\\/17\\\/giancarlo-cavallin-e-il-nuovo-presidente-del-csv-belluno-treviso-succede-a-elisa-corra-nella-guida-del-prossimo-triennio\\\/\"]}]},{\"@type\":\"ImageObject\",\"inLanguage\":\"fr-FR\",\"@id\":\"https:\\\/\\\/www.bellunopress.it\\\/2025\\\/07\\\/17\\\/giancarlo-cavallin-e-il-nuovo-presidente-del-csv-belluno-treviso-succede-a-elisa-corra-nella-guida-del-prossimo-triennio\\\/#primaryimage\",\"url\":\"https:\\\/\\\/www.bellunopress.it\\\/wp-content\\\/uploads\\\/2025\\\/07\\\/Giancarlo-Cavallin-presidente-Csv-Belluno-Treviso-.jpg\",\"contentUrl\":\"https:\\\/\\\/www.bellunopress.it\\\/wp-content\\\/uploads\\\/2025\\\/07\\\/Giancarlo-Cavallin-presidente-Csv-Belluno-Treviso-.jpg\",\"width\":800,\"height\":533,\"caption\":\"Giancarlo Cavallin, presidente Csv Belluno Treviso\"},{\"@type\":\"BreadcrumbList\",\"@id\":\"https:\\\/\\\/www.bellunopress.it\\\/2025\\\/07\\\/17\\\/giancarlo-cavallin-e-il-nuovo-presidente-del-csv-belluno-treviso-succede-a-elisa-corra-nella-guida-del-prossimo-triennio\\\/#breadcrumb\",\"itemListElement\":[{\"@type\":\"ListItem\",\"position\":1,\"name\":\"Home\",\"item\":\"https:\\\/\\\/www.bellunopress.it\\\/\"},{\"@type\":\"ListItem\",\"position\":2,\"name\":\"Giancarlo Cavallin \u00e8 il nuovo presidente del Csv Belluno Treviso. Succede a Elisa Corr\u00e0 nella guida del prossimo triennio\"}]},{\"@type\":\"WebSite\",\"@id\":\"https:\\\/\\\/www.bellunopress.it\\\/#website\",\"url\":\"https:\\\/\\\/www.bellunopress.it\\\/\",\"name\":\"Bellunopress - Dolomiti\",\"description\":\"e-mail: redazione@bellunopress.it\",\"publisher\":{\"@id\":\"https:\\\/\\\/www.bellunopress.it\\\/#organization\"},\"potentialAction\":[{\"@type\":\"SearchAction\",\"target\":{\"@type\":\"EntryPoint\",\"urlTemplate\":\"https:\\\/\\\/www.bellunopress.it\\\/?s={search_term_string}\"},\"query-input\":{\"@type\":\"PropertyValueSpecification\",\"valueRequired\":true,\"valueName\":\"search_term_string\"}}],\"inLanguage\":\"fr-FR\"},{\"@type\":\"Organization\",\"@id\":\"https:\\\/\\\/www.bellunopress.it\\\/#organization\",\"name\":\"Bellunopress\",\"url\":\"https:\\\/\\\/www.bellunopress.it\\\/\",\"logo\":{\"@type\":\"ImageObject\",\"inLanguage\":\"fr-FR\",\"@id\":\"https:\\\/\\\/www.bellunopress.it\\\/#\\\/schema\\\/logo\\\/image\\\/\",\"url\":\"https:\\\/\\\/www.bellunopress.it\\\/wp-content\\\/uploads\\\/2011\\\/05\\\/cropped-logo-bellunopress-.jpg\",\"contentUrl\":\"https:\\\/\\\/www.bellunopress.it\\\/wp-content\\\/uploads\\\/2011\\\/05\\\/cropped-logo-bellunopress-.jpg\",\"width\":512,\"height\":512,\"caption\":\"Bellunopress\"},\"image\":{\"@id\":\"https:\\\/\\\/www.bellunopress.it\\\/#\\\/schema\\\/logo\\\/image\\\/\"},\"sameAs\":[\"https:\\\/\\\/www.facebook.com\\\/profile.php?id=100008943462799\",\"https:\\\/\\\/x.com\\\/bellunopress\",\"https:\\\/\\\/www.linkedin.com\\\/hp\\\/?dnr=JBzUWaJfMUw8vbXJJ2tVW5-I3jZKvC4wsoxE&amp;amp;amp;amp;amp;amp;trk=nav_responsive_tab_home\",\"https:\\\/\\\/www.youtube.com\\\/channel\\\/UCxL0wu1uN0_3_7hGG0306cw\"]},{\"@type\":\"Person\",\"@id\":\"https:\\\/\\\/www.bellunopress.it\\\/#\\\/schema\\\/person\\\/79bb06722b37ece1c03d3e94beb30d73\",\"name\":\"redazione\",\"image\":{\"@type\":\"ImageObject\",\"inLanguage\":\"fr-FR\",\"@id\":\"https:\\\/\\\/secure.gravatar.com\\\/avatar\\\/37d968a2e67a6fd04c169c4bdef102d0bc5d31b2546345219e348575eb80e9a0?s=96&d=mm&r=g\",\"url\":\"https:\\\/\\\/secure.gravatar.com\\\/avatar\\\/37d968a2e67a6fd04c169c4bdef102d0bc5d31b2546345219e348575eb80e9a0?s=96&d=mm&r=g\",\"contentUrl\":\"https:\\\/\\\/secure.gravatar.com\\\/avatar\\\/37d968a2e67a6fd04c169c4bdef102d0bc5d31b2546345219e348575eb80e9a0?s=96&d=mm&r=g\",\"caption\":\"redazione\"},\"sameAs\":[\"http:\\\/\\\/www.bellunopress.it\",\"https:\\\/\\\/x.com\\\/bellunopress\"],\"url\":\"https:\\\/\\\/www.bellunopress.it\\\/fr\\\/author\\\/redazione\\\/\"}]}<\/script>\n<!-- \/ Yoast SEO plugin. -->","yoast_head_json":{"title":"Giancarlo Cavallin \u00e8 il nuovo presidente del Csv Belluno Treviso. Succede a Elisa Corr\u00e0 nella guida del prossimo triennio - Bellunopress - Dolomiti","robots":{"index":"index","follow":"follow","max-snippet":"max-snippet:-1","max-image-preview":"max-image-preview:large","max-video-preview":"max-video-preview:-1"},"canonical":"https:\/\/www.bellunopress.it\/fr\/2025\/07\/17\/giancarlo-cavallin-e-il-nuovo-presidente-del-csv-belluno-treviso-succede-a-elisa-corra-nella-guida-del-prossimo-triennio\/","og_locale":"fr_FR","og_type":"article","og_title":"Giancarlo Cavallin \u00e8 il nuovo presidente del Csv Belluno Treviso. Succede a Elisa Corr\u00e0 nella guida del prossimo triennio - Bellunopress - Dolomiti","og_description":"Belluno, 17 luglio 2025 &#8211; \u00c8 Giancarlo Cavallin il nuovo presidente del Csv Belluno Treviso. Trevigiano, da molti anni impegnato nel mondo del volontariato con incarichi di responsabilit\u00e0 e direzione in diverse associazioni, succede a Elisa Corr\u00e0, che ha guidato l\u2019ente nell\u2019ultimo triennio. Cavallin si \u00e8 gi\u00e0 distinto nel ruolo di vicepresidente deII\u2019Auser Provinciale di [&hellip;]","og_url":"https:\/\/www.bellunopress.it\/fr\/2025\/07\/17\/giancarlo-cavallin-e-il-nuovo-presidente-del-csv-belluno-treviso-succede-a-elisa-corra-nella-guida-del-prossimo-triennio\/","og_site_name":"Bellunopress - Dolomiti","article_publisher":"https:\/\/www.facebook.com\/profile.php?id=100008943462799","article_published_time":"2025-07-17T12:00:20+00:00","article_modified_time":"2025-07-17T16:12:42+00:00","og_image":[{"width":800,"height":533,"url":"https:\/\/www.bellunopress.it\/wp-content\/uploads\/2025\/07\/Giancarlo-Cavallin-presidente-Csv-Belluno-Treviso-.jpg","type":"image\/jpeg"}],"author":"redazione","twitter_card":"summary_large_image","twitter_creator":"@bellunopress","twitter_site":"@bellunopress","twitter_misc":{"\u00c9crit par":"redazione","Dur\u00e9e de lecture estim\u00e9e":"4 minutes"},"schema":{"@context":"https:\/\/schema.org","@graph":[{"@type":"Article","@id":"https:\/\/www.bellunopress.it\/2025\/07\/17\/giancarlo-cavallin-e-il-nuovo-presidente-del-csv-belluno-treviso-succede-a-elisa-corra-nella-guida-del-prossimo-triennio\/#article","isPartOf":{"@id":"https:\/\/www.bellunopress.it\/2025\/07\/17\/giancarlo-cavallin-e-il-nuovo-presidente-del-csv-belluno-treviso-succede-a-elisa-corra-nella-guida-del-prossimo-triennio\/"},"author":{"name":"redazione","@id":"https:\/\/www.bellunopress.it\/#\/schema\/person\/79bb06722b37ece1c03d3e94beb30d73"},"headline":"Giancarlo Cavallin \u00e8 il nuovo presidente del Csv Belluno Treviso. Succede a Elisa Corr\u00e0 nella guida del prossimo triennio","datePublished":"2025-07-17T12:00:20+00:00","dateModified":"2025-07-17T16:12:42+00:00","mainEntityOfPage":{"@id":"https:\/\/www.bellunopress.it\/2025\/07\/17\/giancarlo-cavallin-e-il-nuovo-presidente-del-csv-belluno-treviso-succede-a-elisa-corra-nella-guida-del-prossimo-triennio\/"},"wordCount":784,"publisher":{"@id":"https:\/\/www.bellunopress.it\/#organization"},"image":{"@id":"https:\/\/www.bellunopress.it\/2025\/07\/17\/giancarlo-cavallin-e-il-nuovo-presidente-del-csv-belluno-treviso-succede-a-elisa-corra-nella-guida-del-prossimo-triennio\/#primaryimage"},"thumbnailUrl":"https:\/\/www.bellunopress.it\/wp-content\/uploads\/2025\/07\/Giancarlo-Cavallin-presidente-Csv-Belluno-Treviso-.jpg","articleSection":["Prima Pagina","Societ\u00e0, Associazioni, Istituzioni"],"inLanguage":"fr-FR"},{"@type":"WebPage","@id":"https:\/\/www.bellunopress.it\/2025\/07\/17\/giancarlo-cavallin-e-il-nuovo-presidente-del-csv-belluno-treviso-succede-a-elisa-corra-nella-guida-del-prossimo-triennio\/","url":"https:\/\/www.bellunopress.it\/2025\/07\/17\/giancarlo-cavallin-e-il-nuovo-presidente-del-csv-belluno-treviso-succede-a-elisa-corra-nella-guida-del-prossimo-triennio\/","name":"Giancarlo Cavallin \u00e8 il nuovo presidente del Csv Belluno Treviso. Succede a Elisa Corr\u00e0 nella guida del prossimo triennio - Bellunopress - Dolomiti","isPartOf":{"@id":"https:\/\/www.bellunopress.it\/#website"},"primaryImageOfPage":{"@id":"https:\/\/www.bellunopress.it\/2025\/07\/17\/giancarlo-cavallin-e-il-nuovo-presidente-del-csv-belluno-treviso-succede-a-elisa-corra-nella-guida-del-prossimo-triennio\/#primaryimage"},"image":{"@id":"https:\/\/www.bellunopress.it\/2025\/07\/17\/giancarlo-cavallin-e-il-nuovo-presidente-del-csv-belluno-treviso-succede-a-elisa-corra-nella-guida-del-prossimo-triennio\/#primaryimage"},"thumbnailUrl":"https:\/\/www.bellunopress.it\/wp-content\/uploads\/2025\/07\/Giancarlo-Cavallin-presidente-Csv-Belluno-Treviso-.jpg","datePublished":"2025-07-17T12:00:20+00:00","dateModified":"2025-07-17T16:12:42+00:00","breadcrumb":{"@id":"https:\/\/www.bellunopress.it\/2025\/07\/17\/giancarlo-cavallin-e-il-nuovo-presidente-del-csv-belluno-treviso-succede-a-elisa-corra-nella-guida-del-prossimo-triennio\/#breadcrumb"},"inLanguage":"fr-FR","potentialAction":[{"@type":"ReadAction","target":["https:\/\/www.bellunopress.it\/2025\/07\/17\/giancarlo-cavallin-e-il-nuovo-presidente-del-csv-belluno-treviso-succede-a-elisa-corra-nella-guida-del-prossimo-triennio\/"]}]},{"@type":"ImageObject","inLanguage":"fr-FR","@id":"https:\/\/www.bellunopress.it\/2025\/07\/17\/giancarlo-cavallin-e-il-nuovo-presidente-del-csv-belluno-treviso-succede-a-elisa-corra-nella-guida-del-prossimo-triennio\/#primaryimage","url":"https:\/\/www.bellunopress.it\/wp-content\/uploads\/2025\/07\/Giancarlo-Cavallin-presidente-Csv-Belluno-Treviso-.jpg","contentUrl":"https:\/\/www.bellunopress.it\/wp-content\/uploads\/2025\/07\/Giancarlo-Cavallin-presidente-Csv-Belluno-Treviso-.jpg","width":800,"height":533,"caption":"Giancarlo Cavallin, presidente Csv Belluno Treviso"},{"@type":"BreadcrumbList","@id":"https:\/\/www.bellunopress.it\/2025\/07\/17\/giancarlo-cavallin-e-il-nuovo-presidente-del-csv-belluno-treviso-succede-a-elisa-corra-nella-guida-del-prossimo-triennio\/#breadcrumb","itemListElement":[{"@type":"ListItem","position":1,"name":"Home","item":"https:\/\/www.bellunopress.it\/"},{"@type":"ListItem","position":2,"name":"Giancarlo Cavallin \u00e8 il nuovo presidente del Csv Belluno Treviso. Succede a Elisa Corr\u00e0 nella guida del prossimo triennio"}]},{"@type":"WebSite","@id":"https:\/\/www.bellunopress.it\/#website","url":"https:\/\/www.bellunopress.it\/","name":"Bellunopress - Dolomiti","description":"e-mail: redazione@bellunopress.it","publisher":{"@id":"https:\/\/www.bellunopress.it\/#organization"},"potentialAction":[{"@type":"SearchAction","target":{"@type":"EntryPoint","urlTemplate":"https:\/\/www.bellunopress.it\/?s={search_term_string}"},"query-input":{"@type":"PropertyValueSpecification","valueRequired":true,"valueName":"search_term_string"}}],"inLanguage":"fr-FR"},{"@type":"Organization","@id":"https:\/\/www.bellunopress.it\/#organization","name":"Bellunopress","url":"https:\/\/www.bellunopress.it\/","logo":{"@type":"ImageObject","inLanguage":"fr-FR","@id":"https:\/\/www.bellunopress.it\/#\/schema\/logo\/image\/","url":"https:\/\/www.bellunopress.it\/wp-content\/uploads\/2011\/05\/cropped-logo-bellunopress-.jpg","contentUrl":"https:\/\/www.bellunopress.it\/wp-content\/uploads\/2011\/05\/cropped-logo-bellunopress-.jpg","width":512,"height":512,"caption":"Bellunopress"},"image":{"@id":"https:\/\/www.bellunopress.it\/#\/schema\/logo\/image\/"},"sameAs":["https:\/\/www.facebook.com\/profile.php?id=100008943462799","https:\/\/x.com\/bellunopress","https:\/\/www.linkedin.com\/hp\/?dnr=JBzUWaJfMUw8vbXJJ2tVW5-I3jZKvC4wsoxE&amp;amp;amp;amp;amp;amp;trk=nav_responsive_tab_home","https:\/\/www.youtube.com\/channel\/UCxL0wu1uN0_3_7hGG0306cw"]},{"@type":"Person","@id":"https:\/\/www.bellunopress.it\/#\/schema\/person\/79bb06722b37ece1c03d3e94beb30d73","name":"r\u00e9daction","image":{"@type":"ImageObject","inLanguage":"fr-FR","@id":"https:\/\/secure.gravatar.com\/avatar\/37d968a2e67a6fd04c169c4bdef102d0bc5d31b2546345219e348575eb80e9a0?s=96&d=mm&r=g","url":"https:\/\/secure.gravatar.com\/avatar\/37d968a2e67a6fd04c169c4bdef102d0bc5d31b2546345219e348575eb80e9a0?s=96&d=mm&r=g","contentUrl":"https:\/\/secure.gravatar.com\/avatar\/37d968a2e67a6fd04c169c4bdef102d0bc5d31b2546345219e348575eb80e9a0?s=96&d=mm&r=g","caption":"redazione"},"sameAs":["http:\/\/www.bellunopress.it","https:\/\/x.com\/bellunopress"],"url":"https:\/\/www.bellunopress.it\/fr\/author\/redazione\/"}]}},"_links":{"self":[{"href":"https:\/\/www.bellunopress.it\/fr\/wp-json\/wp\/v2\/posts\/161851","targetHints":{"allow":["GET"]}}],"collection":[{"href":"https:\/\/www.bellunopress.it\/fr\/wp-json\/wp\/v2\/posts"}],"about":[{"href":"https:\/\/www.bellunopress.it\/fr\/wp-json\/wp\/v2\/types\/post"}],"author":[{"embeddable":true,"href":"https:\/\/www.bellunopress.it\/fr\/wp-json\/wp\/v2\/users\/2"}],"replies":[{"embeddable":true,"href":"https:\/\/www.bellunopress.it\/fr\/wp-json\/wp\/v2\/comments?post=161851"}],"version-history":[{"count":3,"href":"https:\/\/www.bellunopress.it\/fr\/wp-json\/wp\/v2\/posts\/161851\/revisions"}],"predecessor-version":[{"id":161862,"href":"https:\/\/www.bellunopress.it\/fr\/wp-json\/wp\/v2\/posts\/161851\/revisions\/161862"}],"wp:featuredmedia":[{"embeddable":true,"href":"https:\/\/www.bellunopress.it\/fr\/wp-json\/wp\/v2\/media\/161861"}],"wp:attachment":[{"href":"https:\/\/www.bellunopress.it\/fr\/wp-json\/wp\/v2\/media?parent=161851"}],"wp:term":[{"taxonomy":"category","embeddable":true,"href":"https:\/\/www.bellunopress.it\/fr\/wp-json\/wp\/v2\/categories?post=161851"},{"taxonomy":"post_tag","embeddable":true,"href":"https:\/\/www.bellunopress.it\/fr\/wp-json\/wp\/v2\/tags?post=161851"}],"curies":[{"name":"wp","href":"https:\/\/api.w.org\/{rel}","templated":true}]}}