{"id":161838,"date":"2025-07-17T09:24:21","date_gmt":"2025-07-17T07:24:21","guid":{"rendered":"https:\/\/www.bellunopress.it\/?p=161838"},"modified":"2025-07-17T09:24:21","modified_gmt":"2025-07-17T07:24:21","slug":"il-iv-reggimento-a-cavallo-dellarma-dei-carabinieri-al-palio-di-feltre","status":"publish","type":"post","link":"https:\/\/www.bellunopress.it\/fr\/2025\/07\/17\/il-iv-reggimento-a-cavallo-dellarma-dei-carabinieri-al-palio-di-feltre\/","title":{"rendered":"Il IV Reggimento a Cavallo dell\u2019Arma dei Carabinieri al Palio di Feltre"},"content":{"rendered":"<p><img loading=\"lazy\" decoding=\"async\" class=\"aligncenter size-full wp-image-161839\" src=\"https:\/\/www.bellunopress.it\/wp-content\/uploads\/2025\/07\/Carica-Carabinieri_edited.jpg\" alt=\"\" width=\"774\" height=\"516\" srcset=\"https:\/\/www.bellunopress.it\/wp-content\/uploads\/2025\/07\/Carica-Carabinieri_edited.jpg 774w, https:\/\/www.bellunopress.it\/wp-content\/uploads\/2025\/07\/Carica-Carabinieri_edited-500x333.jpg 500w, https:\/\/www.bellunopress.it\/wp-content\/uploads\/2025\/07\/Carica-Carabinieri_edited-630x420.jpg 630w, https:\/\/www.bellunopress.it\/wp-content\/uploads\/2025\/07\/Carica-Carabinieri_edited-696x464.jpg 696w\" sizes=\"auto, (max-width: 774px) 100vw, 774px\" \/>Nel pomeriggio di domenica 3 agosto, nell\u2019anello di Pra\u2019 del Moro, prima della gara equestre che concluder\u00e0 l\u2019edizione 2025 del Palio di Feltre, una rappresentanza del IV Reggimento a Cavallo dell\u2019Arma dei Carabinieri offrir\u00e0 al pubblico presente la prestigiosa Carica di Pastrengo che vedr\u00e0 coinvolto un drappello di 14 cavallieri che, dopo aver salutato il pubblico e le autorit\u00e0, cavalcheranno prima al trotto, poi al galoppo ed infine alla carica al grido di \u201cPastrengo!\u201d.<\/p>\n<p>L\u2019Arma rievoca cos\u00ec un episodio accaduto il 30 aprile 1948, durante la prima guerra di Indipendenza, quando tre squadroni di Carabinieri Reali, 264 uomini, comandati dal Maggiore Alessandro Negri di Sanfront, incaricati della protezione di re Carlo Alberto, mossero contro le truppe austriache, salvando il re e contribuendo alla vittoria piemontese. Per questo episodio l\u2019Arma dei Carabinieri ricevette la prima Medaglia d\u2019Argento al Valor Militare conferita alla sua Bandiera.<br \/>\nQuel gesto eroico, in particolare la determinante carica contro i reparti austriaci a difesa del monte Le Bionde, viene oggi rievocato con una spettacolare esibizione chiamata \u201cCarosello storico\u201d, eseguita in forma ridotta per le dimensioni dello spazio di Pr\u00e0 del Moro. Si tratta di una \u201cdimostrazione di altissima perizia equestre, composta da una serie di figure armoniche e coordinate, che richiamano i tornei cavallereschi medievali. I cavalieri si muovono in perfetta sincronia su musiche militari e con le uniformi storiche, creando uno spettacolo unico di eleganza, potenza e tradizione\u201d.<\/p>\n<p>Questo simbolo dei valori di coraggio, lealt\u00e0, spirito di sacrificio e fedelt\u00e0 alle istituzioni ma anche del legame profondo che lega l\u2019Arma e il popolo italiano, nella proiezione tra la memoria storica ed il presente, costituito da un costante servizio quotidiano di difesa della gente, \u00e8 stato presentato in diverse citt\u00e0 italiane, tra cui Trieste, Milano, Torino, Napoli, e in numerose capitali europee, in occasione di eventi speciali o nell\u2019ambito di prestigiosi concorsi ippici di salto a ostacoli. Particolarmente significativa \u00e8 stata la partecipazione nel Regno Unito al Diamond Jubilee Pageant, celebrativo del 60\u00b0 anno di regno della regina Elisabetta II d&#8217;Inghilterra, durante il quale il Reggimento ha rappresentato l\u2019Italia, ottenendo unanimi consensi e l\u2019ammirazione della Sovrana.<\/p>\n<p>\u201cPer l\u2019Associazione Palio e per tutto il mondo del Palio di Feltre, sottolinea il presidente Tamburrino, \u00e8 un grande onore poter avere per questa 46.ma edizione, un\u2019eccellenza non solo delle nostre Forze Armate, ma dell\u2019intera Repubblica, che ci rappresenta in ogni momento ufficiale in Italia e all\u2019estero. Il fatto che il Palio sia l\u2019unico momento in provincia di Belluno e uno dei pochi nell\u2019intero Veneto ad avere avuto la possibilit\u00e0 di vedere la partecipazione del Drappello del IV Reggimento dei Carabinieri ci riempie di orgoglio e sottolinea ancora di pi\u00f9 il valore della manifestazione e dell\u2019impegno dei tanti volontari che la animano. Il Direttivo del Palio desidera esprimere un sentito ringraziamento all\u2019Arma dei Carabinieri tutta \u2013 dal Comando Generale al IV Reggimento e al suo Comandante il Colonnello Barone, dal Colonnello Pigozzo, Comandante Provinciale, al Capitano Caminiti, Comandante della Compagnia di Feltre \u2013 e a tutte le persone che, con generosit\u00e0 e determinazione, hanno reso possibile questo importante risultato. Un riconoscimento che non \u00e8 solo per il nostro evento, ma per l\u2019intera Citt\u00e0 di Feltre\u201d.<\/p>","protected":false},"excerpt":{"rendered":"<p>Nel pomeriggio di domenica 3 agosto, nell\u2019anello di Pra\u2019 del Moro, prima della gara equestre che concluder\u00e0 l\u2019edizione 2025 del Palio di Feltre, una rappresentanza del IV Reggimento a Cavallo dell\u2019Arma dei Carabinieri offrir\u00e0 al pubblico presente la prestigiosa Carica di Pastrengo che vedr\u00e0 coinvolto un drappello di 14 cavallieri che, dopo aver salutato il [&hellip;]<\/p>\n","protected":false},"author":2,"featured_media":161839,"comment_status":"closed","ping_status":"open","sticky":false,"template":"","format":"standard","meta":{"footnotes":""},"categories":[3,25],"tags":[],"class_list":["post-161838","post","type-post","status-publish","format-standard","has-post-thumbnail","category-arte-cultura-spettacoli-scienza-archivi","category-pausa-caffe"],"yoast_head":"<!-- This site is optimized with the Yoast SEO plugin v28.4 - https:\/\/yoast.com\/product\/yoast-seo-wordpress\/ -->\n<title>Il IV Reggimento a Cavallo dell\u2019Arma dei Carabinieri al Palio di Feltre - Bellunopress - Dolomiti<\/title>\n<meta name=\"robots\" content=\"index, follow, max-snippet:-1, max-image-preview:large, max-video-preview:-1\" \/>\n<link rel=\"canonical\" href=\"https:\/\/www.bellunopress.it\/fr\/2025\/07\/17\/il-iv-reggimento-a-cavallo-dellarma-dei-carabinieri-al-palio-di-feltre\/\" \/>\n<meta property=\"og:locale\" content=\"fr_FR\" \/>\n<meta property=\"og:type\" content=\"article\" \/>\n<meta property=\"og:title\" content=\"Il IV Reggimento a Cavallo dell\u2019Arma dei Carabinieri al Palio di Feltre - Bellunopress - Dolomiti\" \/>\n<meta property=\"og:description\" content=\"Nel pomeriggio di domenica 3 agosto, nell\u2019anello di Pra\u2019 del Moro, prima della gara equestre che concluder\u00e0 l\u2019edizione 2025 del Palio di Feltre, una rappresentanza del IV Reggimento a Cavallo dell\u2019Arma dei Carabinieri offrir\u00e0 al pubblico presente la prestigiosa Carica di Pastrengo che vedr\u00e0 coinvolto un drappello di 14 cavallieri che, dopo aver salutato il [&hellip;]\" \/>\n<meta property=\"og:url\" content=\"https:\/\/www.bellunopress.it\/fr\/2025\/07\/17\/il-iv-reggimento-a-cavallo-dellarma-dei-carabinieri-al-palio-di-feltre\/\" \/>\n<meta property=\"og:site_name\" content=\"Bellunopress - Dolomiti\" \/>\n<meta property=\"article:publisher\" content=\"https:\/\/www.facebook.com\/profile.php?id=100008943462799\" \/>\n<meta property=\"article:published_time\" content=\"2025-07-17T07:24:21+00:00\" \/>\n<meta property=\"og:image\" content=\"https:\/\/www.bellunopress.it\/wp-content\/uploads\/2025\/07\/Carica-Carabinieri_edited.jpg\" \/>\n\t<meta property=\"og:image:width\" content=\"774\" \/>\n\t<meta property=\"og:image:height\" content=\"516\" \/>\n\t<meta property=\"og:image:type\" content=\"image\/jpeg\" \/>\n<meta name=\"author\" content=\"redazione\" \/>\n<meta name=\"twitter:card\" content=\"summary_large_image\" \/>\n<meta name=\"twitter:creator\" content=\"@bellunopress\" \/>\n<meta name=\"twitter:site\" content=\"@bellunopress\" \/>\n<meta name=\"twitter:label1\" content=\"Written by\" \/>\n\t<meta name=\"twitter:data1\" content=\"redazione\" \/>\n\t<meta name=\"twitter:label2\" content=\"Est. reading time\" \/>\n\t<meta name=\"twitter:data2\" content=\"3 minutes\" \/>\n<script type=\"application\/ld+json\" class=\"yoast-schema-graph\">{\"@context\":\"https:\\\/\\\/schema.org\",\"@graph\":[{\"@type\":\"Article\",\"@id\":\"https:\\\/\\\/www.bellunopress.it\\\/2025\\\/07\\\/17\\\/il-iv-reggimento-a-cavallo-dellarma-dei-carabinieri-al-palio-di-feltre\\\/#article\",\"isPartOf\":{\"@id\":\"https:\\\/\\\/www.bellunopress.it\\\/2025\\\/07\\\/17\\\/il-iv-reggimento-a-cavallo-dellarma-dei-carabinieri-al-palio-di-feltre\\\/\"},\"author\":{\"name\":\"redazione\",\"@id\":\"https:\\\/\\\/www.bellunopress.it\\\/#\\\/schema\\\/person\\\/79bb06722b37ece1c03d3e94beb30d73\"},\"headline\":\"Il IV Reggimento a Cavallo dell\u2019Arma dei Carabinieri al Palio di Feltre\",\"datePublished\":\"2025-07-17T07:24:21+00:00\",\"mainEntityOfPage\":{\"@id\":\"https:\\\/\\\/www.bellunopress.it\\\/2025\\\/07\\\/17\\\/il-iv-reggimento-a-cavallo-dellarma-dei-carabinieri-al-palio-di-feltre\\\/\"},\"wordCount\":544,\"publisher\":{\"@id\":\"https:\\\/\\\/www.bellunopress.it\\\/#organization\"},\"image\":{\"@id\":\"https:\\\/\\\/www.bellunopress.it\\\/2025\\\/07\\\/17\\\/il-iv-reggimento-a-cavallo-dellarma-dei-carabinieri-al-palio-di-feltre\\\/#primaryimage\"},\"thumbnailUrl\":\"https:\\\/\\\/www.bellunopress.it\\\/wp-content\\\/uploads\\\/2025\\\/07\\\/Carica-Carabinieri_edited.jpg\",\"articleSection\":[\"Arte, Cultura, Spettacoli, Scienza\",\"Pausa Caff\u00e8\"],\"inLanguage\":\"fr-FR\"},{\"@type\":\"WebPage\",\"@id\":\"https:\\\/\\\/www.bellunopress.it\\\/2025\\\/07\\\/17\\\/il-iv-reggimento-a-cavallo-dellarma-dei-carabinieri-al-palio-di-feltre\\\/\",\"url\":\"https:\\\/\\\/www.bellunopress.it\\\/2025\\\/07\\\/17\\\/il-iv-reggimento-a-cavallo-dellarma-dei-carabinieri-al-palio-di-feltre\\\/\",\"name\":\"Il IV Reggimento a Cavallo dell\u2019Arma dei Carabinieri al Palio di Feltre - Bellunopress - Dolomiti\",\"isPartOf\":{\"@id\":\"https:\\\/\\\/www.bellunopress.it\\\/#website\"},\"primaryImageOfPage\":{\"@id\":\"https:\\\/\\\/www.bellunopress.it\\\/2025\\\/07\\\/17\\\/il-iv-reggimento-a-cavallo-dellarma-dei-carabinieri-al-palio-di-feltre\\\/#primaryimage\"},\"image\":{\"@id\":\"https:\\\/\\\/www.bellunopress.it\\\/2025\\\/07\\\/17\\\/il-iv-reggimento-a-cavallo-dellarma-dei-carabinieri-al-palio-di-feltre\\\/#primaryimage\"},\"thumbnailUrl\":\"https:\\\/\\\/www.bellunopress.it\\\/wp-content\\\/uploads\\\/2025\\\/07\\\/Carica-Carabinieri_edited.jpg\",\"datePublished\":\"2025-07-17T07:24:21+00:00\",\"breadcrumb\":{\"@id\":\"https:\\\/\\\/www.bellunopress.it\\\/2025\\\/07\\\/17\\\/il-iv-reggimento-a-cavallo-dellarma-dei-carabinieri-al-palio-di-feltre\\\/#breadcrumb\"},\"inLanguage\":\"fr-FR\",\"potentialAction\":[{\"@type\":\"ReadAction\",\"target\":[\"https:\\\/\\\/www.bellunopress.it\\\/2025\\\/07\\\/17\\\/il-iv-reggimento-a-cavallo-dellarma-dei-carabinieri-al-palio-di-feltre\\\/\"]}]},{\"@type\":\"ImageObject\",\"inLanguage\":\"fr-FR\",\"@id\":\"https:\\\/\\\/www.bellunopress.it\\\/2025\\\/07\\\/17\\\/il-iv-reggimento-a-cavallo-dellarma-dei-carabinieri-al-palio-di-feltre\\\/#primaryimage\",\"url\":\"https:\\\/\\\/www.bellunopress.it\\\/wp-content\\\/uploads\\\/2025\\\/07\\\/Carica-Carabinieri_edited.jpg\",\"contentUrl\":\"https:\\\/\\\/www.bellunopress.it\\\/wp-content\\\/uploads\\\/2025\\\/07\\\/Carica-Carabinieri_edited.jpg\",\"width\":774,\"height\":516},{\"@type\":\"BreadcrumbList\",\"@id\":\"https:\\\/\\\/www.bellunopress.it\\\/2025\\\/07\\\/17\\\/il-iv-reggimento-a-cavallo-dellarma-dei-carabinieri-al-palio-di-feltre\\\/#breadcrumb\",\"itemListElement\":[{\"@type\":\"ListItem\",\"position\":1,\"name\":\"Home\",\"item\":\"https:\\\/\\\/www.bellunopress.it\\\/\"},{\"@type\":\"ListItem\",\"position\":2,\"name\":\"Il IV Reggimento a Cavallo dell\u2019Arma dei Carabinieri al Palio di Feltre\"}]},{\"@type\":\"WebSite\",\"@id\":\"https:\\\/\\\/www.bellunopress.it\\\/#website\",\"url\":\"https:\\\/\\\/www.bellunopress.it\\\/\",\"name\":\"Bellunopress - Dolomiti\",\"description\":\"e-mail: redazione@bellunopress.it\",\"publisher\":{\"@id\":\"https:\\\/\\\/www.bellunopress.it\\\/#organization\"},\"potentialAction\":[{\"@type\":\"SearchAction\",\"target\":{\"@type\":\"EntryPoint\",\"urlTemplate\":\"https:\\\/\\\/www.bellunopress.it\\\/?s={search_term_string}\"},\"query-input\":{\"@type\":\"PropertyValueSpecification\",\"valueRequired\":true,\"valueName\":\"search_term_string\"}}],\"inLanguage\":\"fr-FR\"},{\"@type\":\"Organization\",\"@id\":\"https:\\\/\\\/www.bellunopress.it\\\/#organization\",\"name\":\"Bellunopress\",\"url\":\"https:\\\/\\\/www.bellunopress.it\\\/\",\"logo\":{\"@type\":\"ImageObject\",\"inLanguage\":\"fr-FR\",\"@id\":\"https:\\\/\\\/www.bellunopress.it\\\/#\\\/schema\\\/logo\\\/image\\\/\",\"url\":\"https:\\\/\\\/www.bellunopress.it\\\/wp-content\\\/uploads\\\/2011\\\/05\\\/cropped-logo-bellunopress-.jpg\",\"contentUrl\":\"https:\\\/\\\/www.bellunopress.it\\\/wp-content\\\/uploads\\\/2011\\\/05\\\/cropped-logo-bellunopress-.jpg\",\"width\":512,\"height\":512,\"caption\":\"Bellunopress\"},\"image\":{\"@id\":\"https:\\\/\\\/www.bellunopress.it\\\/#\\\/schema\\\/logo\\\/image\\\/\"},\"sameAs\":[\"https:\\\/\\\/www.facebook.com\\\/profile.php?id=100008943462799\",\"https:\\\/\\\/x.com\\\/bellunopress\",\"https:\\\/\\\/www.linkedin.com\\\/hp\\\/?dnr=JBzUWaJfMUw8vbXJJ2tVW5-I3jZKvC4wsoxE&amp;amp;amp;amp;amp;amp;trk=nav_responsive_tab_home\",\"https:\\\/\\\/www.youtube.com\\\/channel\\\/UCxL0wu1uN0_3_7hGG0306cw\"]},{\"@type\":\"Person\",\"@id\":\"https:\\\/\\\/www.bellunopress.it\\\/#\\\/schema\\\/person\\\/79bb06722b37ece1c03d3e94beb30d73\",\"name\":\"redazione\",\"image\":{\"@type\":\"ImageObject\",\"inLanguage\":\"fr-FR\",\"@id\":\"https:\\\/\\\/secure.gravatar.com\\\/avatar\\\/37d968a2e67a6fd04c169c4bdef102d0bc5d31b2546345219e348575eb80e9a0?s=96&d=mm&r=g\",\"url\":\"https:\\\/\\\/secure.gravatar.com\\\/avatar\\\/37d968a2e67a6fd04c169c4bdef102d0bc5d31b2546345219e348575eb80e9a0?s=96&d=mm&r=g\",\"contentUrl\":\"https:\\\/\\\/secure.gravatar.com\\\/avatar\\\/37d968a2e67a6fd04c169c4bdef102d0bc5d31b2546345219e348575eb80e9a0?s=96&d=mm&r=g\",\"caption\":\"redazione\"},\"sameAs\":[\"http:\\\/\\\/www.bellunopress.it\",\"https:\\\/\\\/x.com\\\/bellunopress\"],\"url\":\"https:\\\/\\\/www.bellunopress.it\\\/fr\\\/author\\\/redazione\\\/\"}]}<\/script>\n<!-- \/ Yoast SEO plugin. -->","yoast_head_json":{"title":"Il IV Reggimento a Cavallo dell\u2019Arma dei Carabinieri al Palio di Feltre - Bellunopress - Dolomiti","robots":{"index":"index","follow":"follow","max-snippet":"max-snippet:-1","max-image-preview":"max-image-preview:large","max-video-preview":"max-video-preview:-1"},"canonical":"https:\/\/www.bellunopress.it\/fr\/2025\/07\/17\/il-iv-reggimento-a-cavallo-dellarma-dei-carabinieri-al-palio-di-feltre\/","og_locale":"fr_FR","og_type":"article","og_title":"Il IV Reggimento a Cavallo dell\u2019Arma dei Carabinieri al Palio di Feltre - Bellunopress - Dolomiti","og_description":"Nel pomeriggio di domenica 3 agosto, nell\u2019anello di Pra\u2019 del Moro, prima della gara equestre che concluder\u00e0 l\u2019edizione 2025 del Palio di Feltre, una rappresentanza del IV Reggimento a Cavallo dell\u2019Arma dei Carabinieri offrir\u00e0 al pubblico presente la prestigiosa Carica di Pastrengo che vedr\u00e0 coinvolto un drappello di 14 cavallieri che, dopo aver salutato il [&hellip;]","og_url":"https:\/\/www.bellunopress.it\/fr\/2025\/07\/17\/il-iv-reggimento-a-cavallo-dellarma-dei-carabinieri-al-palio-di-feltre\/","og_site_name":"Bellunopress - Dolomiti","article_publisher":"https:\/\/www.facebook.com\/profile.php?id=100008943462799","article_published_time":"2025-07-17T07:24:21+00:00","og_image":[{"width":774,"height":516,"url":"https:\/\/www.bellunopress.it\/wp-content\/uploads\/2025\/07\/Carica-Carabinieri_edited.jpg","type":"image\/jpeg"}],"author":"redazione","twitter_card":"summary_large_image","twitter_creator":"@bellunopress","twitter_site":"@bellunopress","twitter_misc":{"Written by":"redazione","Est. reading time":"3 minutes"},"schema":{"@context":"https:\/\/schema.org","@graph":[{"@type":"Article","@id":"https:\/\/www.bellunopress.it\/2025\/07\/17\/il-iv-reggimento-a-cavallo-dellarma-dei-carabinieri-al-palio-di-feltre\/#article","isPartOf":{"@id":"https:\/\/www.bellunopress.it\/2025\/07\/17\/il-iv-reggimento-a-cavallo-dellarma-dei-carabinieri-al-palio-di-feltre\/"},"author":{"name":"redazione","@id":"https:\/\/www.bellunopress.it\/#\/schema\/person\/79bb06722b37ece1c03d3e94beb30d73"},"headline":"Il IV Reggimento a Cavallo dell\u2019Arma dei Carabinieri al Palio di Feltre","datePublished":"2025-07-17T07:24:21+00:00","mainEntityOfPage":{"@id":"https:\/\/www.bellunopress.it\/2025\/07\/17\/il-iv-reggimento-a-cavallo-dellarma-dei-carabinieri-al-palio-di-feltre\/"},"wordCount":544,"publisher":{"@id":"https:\/\/www.bellunopress.it\/#organization"},"image":{"@id":"https:\/\/www.bellunopress.it\/2025\/07\/17\/il-iv-reggimento-a-cavallo-dellarma-dei-carabinieri-al-palio-di-feltre\/#primaryimage"},"thumbnailUrl":"https:\/\/www.bellunopress.it\/wp-content\/uploads\/2025\/07\/Carica-Carabinieri_edited.jpg","articleSection":["Arte, Cultura, Spettacoli, Scienza","Pausa Caff\u00e8"],"inLanguage":"fr-FR"},{"@type":"WebPage","@id":"https:\/\/www.bellunopress.it\/2025\/07\/17\/il-iv-reggimento-a-cavallo-dellarma-dei-carabinieri-al-palio-di-feltre\/","url":"https:\/\/www.bellunopress.it\/2025\/07\/17\/il-iv-reggimento-a-cavallo-dellarma-dei-carabinieri-al-palio-di-feltre\/","name":"Il IV Reggimento a Cavallo dell\u2019Arma dei Carabinieri al Palio di Feltre - Bellunopress - Dolomiti","isPartOf":{"@id":"https:\/\/www.bellunopress.it\/#website"},"primaryImageOfPage":{"@id":"https:\/\/www.bellunopress.it\/2025\/07\/17\/il-iv-reggimento-a-cavallo-dellarma-dei-carabinieri-al-palio-di-feltre\/#primaryimage"},"image":{"@id":"https:\/\/www.bellunopress.it\/2025\/07\/17\/il-iv-reggimento-a-cavallo-dellarma-dei-carabinieri-al-palio-di-feltre\/#primaryimage"},"thumbnailUrl":"https:\/\/www.bellunopress.it\/wp-content\/uploads\/2025\/07\/Carica-Carabinieri_edited.jpg","datePublished":"2025-07-17T07:24:21+00:00","breadcrumb":{"@id":"https:\/\/www.bellunopress.it\/2025\/07\/17\/il-iv-reggimento-a-cavallo-dellarma-dei-carabinieri-al-palio-di-feltre\/#breadcrumb"},"inLanguage":"fr-FR","potentialAction":[{"@type":"ReadAction","target":["https:\/\/www.bellunopress.it\/2025\/07\/17\/il-iv-reggimento-a-cavallo-dellarma-dei-carabinieri-al-palio-di-feltre\/"]}]},{"@type":"ImageObject","inLanguage":"fr-FR","@id":"https:\/\/www.bellunopress.it\/2025\/07\/17\/il-iv-reggimento-a-cavallo-dellarma-dei-carabinieri-al-palio-di-feltre\/#primaryimage","url":"https:\/\/www.bellunopress.it\/wp-content\/uploads\/2025\/07\/Carica-Carabinieri_edited.jpg","contentUrl":"https:\/\/www.bellunopress.it\/wp-content\/uploads\/2025\/07\/Carica-Carabinieri_edited.jpg","width":774,"height":516},{"@type":"BreadcrumbList","@id":"https:\/\/www.bellunopress.it\/2025\/07\/17\/il-iv-reggimento-a-cavallo-dellarma-dei-carabinieri-al-palio-di-feltre\/#breadcrumb","itemListElement":[{"@type":"ListItem","position":1,"name":"Home","item":"https:\/\/www.bellunopress.it\/"},{"@type":"ListItem","position":2,"name":"Il IV Reggimento a Cavallo dell\u2019Arma dei Carabinieri al Palio di Feltre"}]},{"@type":"WebSite","@id":"https:\/\/www.bellunopress.it\/#website","url":"https:\/\/www.bellunopress.it\/","name":"Bellunopress - Dolomiti","description":"e-mail: redazione@bellunopress.it","publisher":{"@id":"https:\/\/www.bellunopress.it\/#organization"},"potentialAction":[{"@type":"SearchAction","target":{"@type":"EntryPoint","urlTemplate":"https:\/\/www.bellunopress.it\/?s={search_term_string}"},"query-input":{"@type":"PropertyValueSpecification","valueRequired":true,"valueName":"search_term_string"}}],"inLanguage":"fr-FR"},{"@type":"Organization","@id":"https:\/\/www.bellunopress.it\/#organization","name":"Bellunopress","url":"https:\/\/www.bellunopress.it\/","logo":{"@type":"ImageObject","inLanguage":"fr-FR","@id":"https:\/\/www.bellunopress.it\/#\/schema\/logo\/image\/","url":"https:\/\/www.bellunopress.it\/wp-content\/uploads\/2011\/05\/cropped-logo-bellunopress-.jpg","contentUrl":"https:\/\/www.bellunopress.it\/wp-content\/uploads\/2011\/05\/cropped-logo-bellunopress-.jpg","width":512,"height":512,"caption":"Bellunopress"},"image":{"@id":"https:\/\/www.bellunopress.it\/#\/schema\/logo\/image\/"},"sameAs":["https:\/\/www.facebook.com\/profile.php?id=100008943462799","https:\/\/x.com\/bellunopress","https:\/\/www.linkedin.com\/hp\/?dnr=JBzUWaJfMUw8vbXJJ2tVW5-I3jZKvC4wsoxE&amp;amp;amp;amp;amp;amp;trk=nav_responsive_tab_home","https:\/\/www.youtube.com\/channel\/UCxL0wu1uN0_3_7hGG0306cw"]},{"@type":"Person","@id":"https:\/\/www.bellunopress.it\/#\/schema\/person\/79bb06722b37ece1c03d3e94beb30d73","name":"r\u00e9daction","image":{"@type":"ImageObject","inLanguage":"fr-FR","@id":"https:\/\/secure.gravatar.com\/avatar\/37d968a2e67a6fd04c169c4bdef102d0bc5d31b2546345219e348575eb80e9a0?s=96&d=mm&r=g","url":"https:\/\/secure.gravatar.com\/avatar\/37d968a2e67a6fd04c169c4bdef102d0bc5d31b2546345219e348575eb80e9a0?s=96&d=mm&r=g","contentUrl":"https:\/\/secure.gravatar.com\/avatar\/37d968a2e67a6fd04c169c4bdef102d0bc5d31b2546345219e348575eb80e9a0?s=96&d=mm&r=g","caption":"redazione"},"sameAs":["http:\/\/www.bellunopress.it","https:\/\/x.com\/bellunopress"],"url":"https:\/\/www.bellunopress.it\/fr\/author\/redazione\/"}]}},"_links":{"self":[{"href":"https:\/\/www.bellunopress.it\/fr\/wp-json\/wp\/v2\/posts\/161838","targetHints":{"allow":["GET"]}}],"collection":[{"href":"https:\/\/www.bellunopress.it\/fr\/wp-json\/wp\/v2\/posts"}],"about":[{"href":"https:\/\/www.bellunopress.it\/fr\/wp-json\/wp\/v2\/types\/post"}],"author":[{"embeddable":true,"href":"https:\/\/www.bellunopress.it\/fr\/wp-json\/wp\/v2\/users\/2"}],"replies":[{"embeddable":true,"href":"https:\/\/www.bellunopress.it\/fr\/wp-json\/wp\/v2\/comments?post=161838"}],"version-history":[{"count":1,"href":"https:\/\/www.bellunopress.it\/fr\/wp-json\/wp\/v2\/posts\/161838\/revisions"}],"predecessor-version":[{"id":161840,"href":"https:\/\/www.bellunopress.it\/fr\/wp-json\/wp\/v2\/posts\/161838\/revisions\/161840"}],"wp:featuredmedia":[{"embeddable":true,"href":"https:\/\/www.bellunopress.it\/fr\/wp-json\/wp\/v2\/media\/161839"}],"wp:attachment":[{"href":"https:\/\/www.bellunopress.it\/fr\/wp-json\/wp\/v2\/media?parent=161838"}],"wp:term":[{"taxonomy":"category","embeddable":true,"href":"https:\/\/www.bellunopress.it\/fr\/wp-json\/wp\/v2\/categories?post=161838"},{"taxonomy":"post_tag","embeddable":true,"href":"https:\/\/www.bellunopress.it\/fr\/wp-json\/wp\/v2\/tags?post=161838"}],"curies":[{"name":"wp","href":"https:\/\/api.w.org\/{rel}","templated":true}]}}