{"id":161835,"date":"2025-07-16T21:36:17","date_gmt":"2025-07-16T19:36:17","guid":{"rendered":"https:\/\/www.bellunopress.it\/?p=161835"},"modified":"2025-07-16T21:36:17","modified_gmt":"2025-07-16T19:36:17","slug":"un-gigante-dei-cieli-solca-la-valbelluna-lairbus-a400m-atlas-in-transito-verso-israele","status":"publish","type":"post","link":"https:\/\/www.bellunopress.it\/fr\/2025\/07\/16\/un-gigante-dei-cieli-solca-la-valbelluna-lairbus-a400m-atlas-in-transito-verso-israele\/","title":{"rendered":"Un gigante dei cieli solca la Valbelluna: l&#8217;Airbus A400M Atlas in transito verso Israele"},"content":{"rendered":"<figure id=\"attachment_161836\" aria-describedby=\"caption-attachment-161836\" style=\"width: 810px\" class=\"wp-caption aligncenter\"><img loading=\"lazy\" decoding=\"async\" class=\"size-full wp-image-161836\" src=\"https:\/\/www.bellunopress.it\/wp-content\/uploads\/2025\/07\/Airbus-A400M.jpg\" alt=\"\" width=\"810\" height=\"393\" srcset=\"https:\/\/www.bellunopress.it\/wp-content\/uploads\/2025\/07\/Airbus-A400M.jpg 810w, https:\/\/www.bellunopress.it\/wp-content\/uploads\/2025\/07\/Airbus-A400M-500x243.jpg 500w, https:\/\/www.bellunopress.it\/wp-content\/uploads\/2025\/07\/Airbus-A400M-696x338.jpg 696w\" sizes=\"auto, (max-width: 810px) 100vw, 810px\" \/><figcaption id=\"caption-attachment-161836\" class=\"wp-caption-text\">Airbus A400M<\/figcaption><\/figure>\n<p>Belluno, 16 luglio 2025 \u2013 Chi ha l&#8217;abitudine di alzare lo sguardo al cielo, cercando di distinguere i suoni e le provenienze dei velivoli che solcano le nostre valli, avr\u00e0 certamente notato un rombo insolito questo pomeriggio. Un suono diverso dai consueti aerei di linea e jet militari che quotidianamente attraversano la Valbelluna, un ruggito potente che ha annunciato il passaggio di un vero gigante dell&#8217;aria.<\/p>\n<p>Si tratta dell&#8217;Airbus A400M Atlas, un imponente quadrimotore turboelica da trasporto militare tattico e strategico, considerato l&#8217;erede del celebre Lockheed C-130 Hercules. Questo pomeriggio, il massiccio velivolo ha sorvolato i cieli tra Belluno e Feltre, proveniente dalla Base Aerea di Wunstorf in Germania e diretto verso Israele. La base tedesca, tra l&#8217;altro, diventer\u00e0 il centro di manutenzione di questi velivoli a partire dalla met\u00e0 del 2027.<\/p>\n<p>L&#8217;A400M \u00e8 una macchina impressionante per le sue capacit\u00e0 di carico e le sue dimensioni. \u00c8 in grado di trasportare fino a 37 tonnellate di carico utile, quasi il doppio rispetto alle circa 20 tonnellate dell&#8217;Hercules. Il suo peso massimo al decollo raggiunge le 141 tonnellate, spinto da quattro motori Europrop TP400-D6 con eliche a 8 pale. Questi propulsori gli garantiscono una velocit\u00e0 di crociera di 781 km\/h, un&#8217;altezza massima raggiungibile di 12.200 metri e un&#8217;autonomia senza rifornimento in volo di ben 3.300 chilometri a pieno carico.<\/p>\n<p>Anche le sue dimensioni sono notevoli: l&#8217;A400M ha un&#8217;apertura alare di 42 metri e una lunghezza di 45 metri. Per fare un paragone, un aereo civile come il Boeing 737 ha un&#8217;apertura alare di 34 metri e una lunghezza di 33 metri, rendendo l&#8217;Atlas una presenza imponente nei nostri cieli.<\/p>\n<h3>La storica base di Wunstorf: dal Nazismo alla Nato<\/h3>\n<p>La Base Aerea di Wunstorf, da cui l&#8217;Airbus A400M \u00e8 partito, vanta una storia ricca e affascinante. Questo aeroporto militare della Deutsche Luftwaffe (Aeronautica Militare Tedesca) si trova a pochi chilometri da Neustadt am R\u00fcbenberge e Wunstorf, nella Bassa Sassonia, in Germania. \u00c8 la sede del 62\u00b0 Stormo Trasporto Aereo (Lufttransportgeschwader 62), l&#8217;unit\u00e0 che opera tutti gli Airbus A400M Atlas tedeschi.<\/p>\n<p>Inaugurato nel 1936 per la Luftwaffe tedesca, l&#8217;aeroporto fu conquistato dall&#8217;Esercito britannico il 7 aprile 1945. Fu poi rilevato dalla Royal Air Force (RAF), inclusa l&#8217;Ala 126 canadese (RCAF) della 2a Forza Aerea Tattica britannica, e designato come Campo d&#8217;atterraggio avanzato B-116 Wunstorf. La base \u00e8 ampiamente descritta nel libro &#8220;13 &#8211; Lucky For Some&#8221;, che narra la storia del 13\u00b0 Battaglione Paracadutisti (Lancashire).<\/p>\n<p>Successivamente, la base fu ridenominata RAF Wunstorf e utilizzata dalla Royal Air Force Germany. Gran parte del romanzo del 1951 &#8220;Air Bridge&#8221; di Hammond Innes \u00e8 ambientata proprio alla RAF Wunstorf durante il periodo del Ponte Aereo di Berlino, con dettagliate descrizioni di come l&#8217;aeroporto fu rapidamente ampliato per far fronte alle esigenze dell&#8217;operazione. La allora RAF Wunstorf apparve anche nel film del 1957 &#8220;High Flight&#8221;.<\/p>\n<p>Nel 1957, l&#8217;aeroporto torn\u00f2 sotto il controllo dell&#8217;Aeronautica Militare Tedesca e divenne una base aerea Nato. Pi\u00f9 recentemente, ha partecipato a Air Defender 23, la pi\u00f9 grande esercitazione di forze aeree nella storia della Nato, tenutasi dal 12 al 23 giugno 2023 sotto la guida dell&#8217;Aeronautica Militare Tedesca. Negli anni 2010, l&#8217;aeroporto \u00e8 stato significativamente ampliato per ospitare i 40 Airbus A400M Atlas, con la pista 08\/26 allungata da 1.877 a 2.499 metri, principalmente verso est, per accogliere questi moderni giganti del trasporto aereo.<\/p>\n<p>(rdn)<\/p>","protected":false},"excerpt":{"rendered":"<p>Belluno, 16 luglio 2025 \u2013 Chi ha l&#8217;abitudine di alzare lo sguardo al cielo, cercando di distinguere i suoni e le provenienze dei velivoli che solcano le nostre valli, avr\u00e0 certamente notato un rombo insolito questo pomeriggio. Un suono diverso dai consueti aerei di linea e jet militari che quotidianamente attraversano la Valbelluna, un ruggito [&hellip;]<\/p>\n","protected":false},"author":2,"featured_media":161836,"comment_status":"closed","ping_status":"open","sticky":false,"template":"","format":"standard","meta":{"footnotes":""},"categories":[3446,49,26],"tags":[],"class_list":["post-161835","post","type-post","status-publish","format-standard","has-post-thumbnail","category-featured","category-speciali","category-prima-pagina"],"yoast_head":"<!-- This site is optimized with the Yoast SEO plugin v28.4 - https:\/\/yoast.com\/product\/yoast-seo-wordpress\/ -->\n<title>Un gigante dei cieli solca la Valbelluna: l&#039;Airbus A400M Atlas in transito verso Israele - Bellunopress - Dolomiti<\/title>\n<meta name=\"robots\" content=\"index, follow, max-snippet:-1, max-image-preview:large, max-video-preview:-1\" \/>\n<link rel=\"canonical\" href=\"https:\/\/www.bellunopress.it\/fr\/2025\/07\/16\/un-gigante-dei-cieli-solca-la-valbelluna-lairbus-a400m-atlas-in-transito-verso-israele\/\" \/>\n<meta property=\"og:locale\" content=\"fr_FR\" \/>\n<meta property=\"og:type\" content=\"article\" \/>\n<meta property=\"og:title\" content=\"Un gigante dei cieli solca la Valbelluna: l&#039;Airbus A400M Atlas in transito verso Israele - Bellunopress - Dolomiti\" \/>\n<meta property=\"og:description\" content=\"Belluno, 16 luglio 2025 \u2013 Chi ha l&#8217;abitudine di alzare lo sguardo al cielo, cercando di distinguere i suoni e le provenienze dei velivoli che solcano le nostre valli, avr\u00e0 certamente notato un rombo insolito questo pomeriggio. Un suono diverso dai consueti aerei di linea e jet militari che quotidianamente attraversano la Valbelluna, un ruggito [&hellip;]\" \/>\n<meta property=\"og:url\" content=\"https:\/\/www.bellunopress.it\/fr\/2025\/07\/16\/un-gigante-dei-cieli-solca-la-valbelluna-lairbus-a400m-atlas-in-transito-verso-israele\/\" \/>\n<meta property=\"og:site_name\" content=\"Bellunopress - Dolomiti\" \/>\n<meta property=\"article:publisher\" content=\"https:\/\/www.facebook.com\/profile.php?id=100008943462799\" \/>\n<meta property=\"article:published_time\" content=\"2025-07-16T19:36:17+00:00\" \/>\n<meta property=\"og:image\" content=\"https:\/\/www.bellunopress.it\/wp-content\/uploads\/2025\/07\/Airbus-A400M.jpg\" \/>\n\t<meta property=\"og:image:width\" content=\"810\" \/>\n\t<meta property=\"og:image:height\" content=\"393\" \/>\n\t<meta property=\"og:image:type\" content=\"image\/jpeg\" \/>\n<meta name=\"author\" content=\"redazione\" \/>\n<meta name=\"twitter:card\" content=\"summary_large_image\" \/>\n<meta name=\"twitter:creator\" content=\"@bellunopress\" \/>\n<meta name=\"twitter:site\" content=\"@bellunopress\" \/>\n<meta name=\"twitter:label1\" content=\"\u00c9crit par\" \/>\n\t<meta name=\"twitter:data1\" content=\"redazione\" \/>\n\t<meta name=\"twitter:label2\" content=\"Dur\u00e9e de lecture estim\u00e9e\" \/>\n\t<meta name=\"twitter:data2\" content=\"3 minutes\" \/>\n<script type=\"application\/ld+json\" class=\"yoast-schema-graph\">{\"@context\":\"https:\\\/\\\/schema.org\",\"@graph\":[{\"@type\":\"Article\",\"@id\":\"https:\\\/\\\/www.bellunopress.it\\\/2025\\\/07\\\/16\\\/un-gigante-dei-cieli-solca-la-valbelluna-lairbus-a400m-atlas-in-transito-verso-israele\\\/#article\",\"isPartOf\":{\"@id\":\"https:\\\/\\\/www.bellunopress.it\\\/2025\\\/07\\\/16\\\/un-gigante-dei-cieli-solca-la-valbelluna-lairbus-a400m-atlas-in-transito-verso-israele\\\/\"},\"author\":{\"name\":\"redazione\",\"@id\":\"https:\\\/\\\/www.bellunopress.it\\\/#\\\/schema\\\/person\\\/79bb06722b37ece1c03d3e94beb30d73\"},\"headline\":\"Un gigante dei cieli solca la Valbelluna: l&#8217;Airbus A400M Atlas in transito verso Israele\",\"datePublished\":\"2025-07-16T19:36:17+00:00\",\"mainEntityOfPage\":{\"@id\":\"https:\\\/\\\/www.bellunopress.it\\\/2025\\\/07\\\/16\\\/un-gigante-dei-cieli-solca-la-valbelluna-lairbus-a400m-atlas-in-transito-verso-israele\\\/\"},\"wordCount\":571,\"publisher\":{\"@id\":\"https:\\\/\\\/www.bellunopress.it\\\/#organization\"},\"image\":{\"@id\":\"https:\\\/\\\/www.bellunopress.it\\\/2025\\\/07\\\/16\\\/un-gigante-dei-cieli-solca-la-valbelluna-lairbus-a400m-atlas-in-transito-verso-israele\\\/#primaryimage\"},\"thumbnailUrl\":\"https:\\\/\\\/www.bellunopress.it\\\/wp-content\\\/uploads\\\/2025\\\/07\\\/Airbus-A400M.jpg\",\"articleSection\":[\"Featured\",\"Gli speciali di Bellunopress\",\"Prima Pagina\"],\"inLanguage\":\"fr-FR\"},{\"@type\":\"WebPage\",\"@id\":\"https:\\\/\\\/www.bellunopress.it\\\/2025\\\/07\\\/16\\\/un-gigante-dei-cieli-solca-la-valbelluna-lairbus-a400m-atlas-in-transito-verso-israele\\\/\",\"url\":\"https:\\\/\\\/www.bellunopress.it\\\/2025\\\/07\\\/16\\\/un-gigante-dei-cieli-solca-la-valbelluna-lairbus-a400m-atlas-in-transito-verso-israele\\\/\",\"name\":\"Un gigante dei cieli solca la Valbelluna: l'Airbus A400M Atlas in transito verso Israele - Bellunopress - Dolomiti\",\"isPartOf\":{\"@id\":\"https:\\\/\\\/www.bellunopress.it\\\/#website\"},\"primaryImageOfPage\":{\"@id\":\"https:\\\/\\\/www.bellunopress.it\\\/2025\\\/07\\\/16\\\/un-gigante-dei-cieli-solca-la-valbelluna-lairbus-a400m-atlas-in-transito-verso-israele\\\/#primaryimage\"},\"image\":{\"@id\":\"https:\\\/\\\/www.bellunopress.it\\\/2025\\\/07\\\/16\\\/un-gigante-dei-cieli-solca-la-valbelluna-lairbus-a400m-atlas-in-transito-verso-israele\\\/#primaryimage\"},\"thumbnailUrl\":\"https:\\\/\\\/www.bellunopress.it\\\/wp-content\\\/uploads\\\/2025\\\/07\\\/Airbus-A400M.jpg\",\"datePublished\":\"2025-07-16T19:36:17+00:00\",\"breadcrumb\":{\"@id\":\"https:\\\/\\\/www.bellunopress.it\\\/2025\\\/07\\\/16\\\/un-gigante-dei-cieli-solca-la-valbelluna-lairbus-a400m-atlas-in-transito-verso-israele\\\/#breadcrumb\"},\"inLanguage\":\"fr-FR\",\"potentialAction\":[{\"@type\":\"ReadAction\",\"target\":[\"https:\\\/\\\/www.bellunopress.it\\\/2025\\\/07\\\/16\\\/un-gigante-dei-cieli-solca-la-valbelluna-lairbus-a400m-atlas-in-transito-verso-israele\\\/\"]}]},{\"@type\":\"ImageObject\",\"inLanguage\":\"fr-FR\",\"@id\":\"https:\\\/\\\/www.bellunopress.it\\\/2025\\\/07\\\/16\\\/un-gigante-dei-cieli-solca-la-valbelluna-lairbus-a400m-atlas-in-transito-verso-israele\\\/#primaryimage\",\"url\":\"https:\\\/\\\/www.bellunopress.it\\\/wp-content\\\/uploads\\\/2025\\\/07\\\/Airbus-A400M.jpg\",\"contentUrl\":\"https:\\\/\\\/www.bellunopress.it\\\/wp-content\\\/uploads\\\/2025\\\/07\\\/Airbus-A400M.jpg\",\"width\":810,\"height\":393,\"caption\":\"Airbus A400M\"},{\"@type\":\"BreadcrumbList\",\"@id\":\"https:\\\/\\\/www.bellunopress.it\\\/2025\\\/07\\\/16\\\/un-gigante-dei-cieli-solca-la-valbelluna-lairbus-a400m-atlas-in-transito-verso-israele\\\/#breadcrumb\",\"itemListElement\":[{\"@type\":\"ListItem\",\"position\":1,\"name\":\"Home\",\"item\":\"https:\\\/\\\/www.bellunopress.it\\\/\"},{\"@type\":\"ListItem\",\"position\":2,\"name\":\"Un gigante dei cieli solca la Valbelluna: l&#8217;Airbus A400M Atlas in transito verso Israele\"}]},{\"@type\":\"WebSite\",\"@id\":\"https:\\\/\\\/www.bellunopress.it\\\/#website\",\"url\":\"https:\\\/\\\/www.bellunopress.it\\\/\",\"name\":\"Bellunopress - Dolomiti\",\"description\":\"e-mail: redazione@bellunopress.it\",\"publisher\":{\"@id\":\"https:\\\/\\\/www.bellunopress.it\\\/#organization\"},\"potentialAction\":[{\"@type\":\"SearchAction\",\"target\":{\"@type\":\"EntryPoint\",\"urlTemplate\":\"https:\\\/\\\/www.bellunopress.it\\\/?s={search_term_string}\"},\"query-input\":{\"@type\":\"PropertyValueSpecification\",\"valueRequired\":true,\"valueName\":\"search_term_string\"}}],\"inLanguage\":\"fr-FR\"},{\"@type\":\"Organization\",\"@id\":\"https:\\\/\\\/www.bellunopress.it\\\/#organization\",\"name\":\"Bellunopress\",\"url\":\"https:\\\/\\\/www.bellunopress.it\\\/\",\"logo\":{\"@type\":\"ImageObject\",\"inLanguage\":\"fr-FR\",\"@id\":\"https:\\\/\\\/www.bellunopress.it\\\/#\\\/schema\\\/logo\\\/image\\\/\",\"url\":\"https:\\\/\\\/www.bellunopress.it\\\/wp-content\\\/uploads\\\/2011\\\/05\\\/cropped-logo-bellunopress-.jpg\",\"contentUrl\":\"https:\\\/\\\/www.bellunopress.it\\\/wp-content\\\/uploads\\\/2011\\\/05\\\/cropped-logo-bellunopress-.jpg\",\"width\":512,\"height\":512,\"caption\":\"Bellunopress\"},\"image\":{\"@id\":\"https:\\\/\\\/www.bellunopress.it\\\/#\\\/schema\\\/logo\\\/image\\\/\"},\"sameAs\":[\"https:\\\/\\\/www.facebook.com\\\/profile.php?id=100008943462799\",\"https:\\\/\\\/x.com\\\/bellunopress\",\"https:\\\/\\\/www.linkedin.com\\\/hp\\\/?dnr=JBzUWaJfMUw8vbXJJ2tVW5-I3jZKvC4wsoxE&amp;amp;amp;amp;amp;amp;trk=nav_responsive_tab_home\",\"https:\\\/\\\/www.youtube.com\\\/channel\\\/UCxL0wu1uN0_3_7hGG0306cw\"]},{\"@type\":\"Person\",\"@id\":\"https:\\\/\\\/www.bellunopress.it\\\/#\\\/schema\\\/person\\\/79bb06722b37ece1c03d3e94beb30d73\",\"name\":\"redazione\",\"image\":{\"@type\":\"ImageObject\",\"inLanguage\":\"fr-FR\",\"@id\":\"https:\\\/\\\/secure.gravatar.com\\\/avatar\\\/37d968a2e67a6fd04c169c4bdef102d0bc5d31b2546345219e348575eb80e9a0?s=96&d=mm&r=g\",\"url\":\"https:\\\/\\\/secure.gravatar.com\\\/avatar\\\/37d968a2e67a6fd04c169c4bdef102d0bc5d31b2546345219e348575eb80e9a0?s=96&d=mm&r=g\",\"contentUrl\":\"https:\\\/\\\/secure.gravatar.com\\\/avatar\\\/37d968a2e67a6fd04c169c4bdef102d0bc5d31b2546345219e348575eb80e9a0?s=96&d=mm&r=g\",\"caption\":\"redazione\"},\"sameAs\":[\"http:\\\/\\\/www.bellunopress.it\",\"https:\\\/\\\/x.com\\\/bellunopress\"],\"url\":\"https:\\\/\\\/www.bellunopress.it\\\/fr\\\/author\\\/redazione\\\/\"}]}<\/script>\n<!-- \/ Yoast SEO plugin. -->","yoast_head_json":{"title":"Un gigante dei cieli solca la Valbelluna: l'Airbus A400M Atlas in transito verso Israele - Bellunopress - Dolomiti","robots":{"index":"index","follow":"follow","max-snippet":"max-snippet:-1","max-image-preview":"max-image-preview:large","max-video-preview":"max-video-preview:-1"},"canonical":"https:\/\/www.bellunopress.it\/fr\/2025\/07\/16\/un-gigante-dei-cieli-solca-la-valbelluna-lairbus-a400m-atlas-in-transito-verso-israele\/","og_locale":"fr_FR","og_type":"article","og_title":"Un gigante dei cieli solca la Valbelluna: l'Airbus A400M Atlas in transito verso Israele - Bellunopress - Dolomiti","og_description":"Belluno, 16 luglio 2025 \u2013 Chi ha l&#8217;abitudine di alzare lo sguardo al cielo, cercando di distinguere i suoni e le provenienze dei velivoli che solcano le nostre valli, avr\u00e0 certamente notato un rombo insolito questo pomeriggio. Un suono diverso dai consueti aerei di linea e jet militari che quotidianamente attraversano la Valbelluna, un ruggito [&hellip;]","og_url":"https:\/\/www.bellunopress.it\/fr\/2025\/07\/16\/un-gigante-dei-cieli-solca-la-valbelluna-lairbus-a400m-atlas-in-transito-verso-israele\/","og_site_name":"Bellunopress - Dolomiti","article_publisher":"https:\/\/www.facebook.com\/profile.php?id=100008943462799","article_published_time":"2025-07-16T19:36:17+00:00","og_image":[{"width":810,"height":393,"url":"https:\/\/www.bellunopress.it\/wp-content\/uploads\/2025\/07\/Airbus-A400M.jpg","type":"image\/jpeg"}],"author":"redazione","twitter_card":"summary_large_image","twitter_creator":"@bellunopress","twitter_site":"@bellunopress","twitter_misc":{"\u00c9crit par":"redazione","Dur\u00e9e de lecture estim\u00e9e":"3 minutes"},"schema":{"@context":"https:\/\/schema.org","@graph":[{"@type":"Article","@id":"https:\/\/www.bellunopress.it\/2025\/07\/16\/un-gigante-dei-cieli-solca-la-valbelluna-lairbus-a400m-atlas-in-transito-verso-israele\/#article","isPartOf":{"@id":"https:\/\/www.bellunopress.it\/2025\/07\/16\/un-gigante-dei-cieli-solca-la-valbelluna-lairbus-a400m-atlas-in-transito-verso-israele\/"},"author":{"name":"redazione","@id":"https:\/\/www.bellunopress.it\/#\/schema\/person\/79bb06722b37ece1c03d3e94beb30d73"},"headline":"Un gigante dei cieli solca la Valbelluna: l&#8217;Airbus A400M Atlas in transito verso Israele","datePublished":"2025-07-16T19:36:17+00:00","mainEntityOfPage":{"@id":"https:\/\/www.bellunopress.it\/2025\/07\/16\/un-gigante-dei-cieli-solca-la-valbelluna-lairbus-a400m-atlas-in-transito-verso-israele\/"},"wordCount":571,"publisher":{"@id":"https:\/\/www.bellunopress.it\/#organization"},"image":{"@id":"https:\/\/www.bellunopress.it\/2025\/07\/16\/un-gigante-dei-cieli-solca-la-valbelluna-lairbus-a400m-atlas-in-transito-verso-israele\/#primaryimage"},"thumbnailUrl":"https:\/\/www.bellunopress.it\/wp-content\/uploads\/2025\/07\/Airbus-A400M.jpg","articleSection":["Featured","Gli speciali di Bellunopress","Prima Pagina"],"inLanguage":"fr-FR"},{"@type":"WebPage","@id":"https:\/\/www.bellunopress.it\/2025\/07\/16\/un-gigante-dei-cieli-solca-la-valbelluna-lairbus-a400m-atlas-in-transito-verso-israele\/","url":"https:\/\/www.bellunopress.it\/2025\/07\/16\/un-gigante-dei-cieli-solca-la-valbelluna-lairbus-a400m-atlas-in-transito-verso-israele\/","name":"Un gigante dei cieli solca la Valbelluna: l'Airbus A400M Atlas in transito verso Israele - Bellunopress - Dolomiti","isPartOf":{"@id":"https:\/\/www.bellunopress.it\/#website"},"primaryImageOfPage":{"@id":"https:\/\/www.bellunopress.it\/2025\/07\/16\/un-gigante-dei-cieli-solca-la-valbelluna-lairbus-a400m-atlas-in-transito-verso-israele\/#primaryimage"},"image":{"@id":"https:\/\/www.bellunopress.it\/2025\/07\/16\/un-gigante-dei-cieli-solca-la-valbelluna-lairbus-a400m-atlas-in-transito-verso-israele\/#primaryimage"},"thumbnailUrl":"https:\/\/www.bellunopress.it\/wp-content\/uploads\/2025\/07\/Airbus-A400M.jpg","datePublished":"2025-07-16T19:36:17+00:00","breadcrumb":{"@id":"https:\/\/www.bellunopress.it\/2025\/07\/16\/un-gigante-dei-cieli-solca-la-valbelluna-lairbus-a400m-atlas-in-transito-verso-israele\/#breadcrumb"},"inLanguage":"fr-FR","potentialAction":[{"@type":"ReadAction","target":["https:\/\/www.bellunopress.it\/2025\/07\/16\/un-gigante-dei-cieli-solca-la-valbelluna-lairbus-a400m-atlas-in-transito-verso-israele\/"]}]},{"@type":"ImageObject","inLanguage":"fr-FR","@id":"https:\/\/www.bellunopress.it\/2025\/07\/16\/un-gigante-dei-cieli-solca-la-valbelluna-lairbus-a400m-atlas-in-transito-verso-israele\/#primaryimage","url":"https:\/\/www.bellunopress.it\/wp-content\/uploads\/2025\/07\/Airbus-A400M.jpg","contentUrl":"https:\/\/www.bellunopress.it\/wp-content\/uploads\/2025\/07\/Airbus-A400M.jpg","width":810,"height":393,"caption":"Airbus A400M"},{"@type":"BreadcrumbList","@id":"https:\/\/www.bellunopress.it\/2025\/07\/16\/un-gigante-dei-cieli-solca-la-valbelluna-lairbus-a400m-atlas-in-transito-verso-israele\/#breadcrumb","itemListElement":[{"@type":"ListItem","position":1,"name":"Home","item":"https:\/\/www.bellunopress.it\/"},{"@type":"ListItem","position":2,"name":"Un gigante dei cieli solca la Valbelluna: l&#8217;Airbus A400M Atlas in transito verso Israele"}]},{"@type":"WebSite","@id":"https:\/\/www.bellunopress.it\/#website","url":"https:\/\/www.bellunopress.it\/","name":"Bellunopress - Dolomiti","description":"e-mail: redazione@bellunopress.it","publisher":{"@id":"https:\/\/www.bellunopress.it\/#organization"},"potentialAction":[{"@type":"SearchAction","target":{"@type":"EntryPoint","urlTemplate":"https:\/\/www.bellunopress.it\/?s={search_term_string}"},"query-input":{"@type":"PropertyValueSpecification","valueRequired":true,"valueName":"search_term_string"}}],"inLanguage":"fr-FR"},{"@type":"Organization","@id":"https:\/\/www.bellunopress.it\/#organization","name":"Bellunopress","url":"https:\/\/www.bellunopress.it\/","logo":{"@type":"ImageObject","inLanguage":"fr-FR","@id":"https:\/\/www.bellunopress.it\/#\/schema\/logo\/image\/","url":"https:\/\/www.bellunopress.it\/wp-content\/uploads\/2011\/05\/cropped-logo-bellunopress-.jpg","contentUrl":"https:\/\/www.bellunopress.it\/wp-content\/uploads\/2011\/05\/cropped-logo-bellunopress-.jpg","width":512,"height":512,"caption":"Bellunopress"},"image":{"@id":"https:\/\/www.bellunopress.it\/#\/schema\/logo\/image\/"},"sameAs":["https:\/\/www.facebook.com\/profile.php?id=100008943462799","https:\/\/x.com\/bellunopress","https:\/\/www.linkedin.com\/hp\/?dnr=JBzUWaJfMUw8vbXJJ2tVW5-I3jZKvC4wsoxE&amp;amp;amp;amp;amp;amp;trk=nav_responsive_tab_home","https:\/\/www.youtube.com\/channel\/UCxL0wu1uN0_3_7hGG0306cw"]},{"@type":"Person","@id":"https:\/\/www.bellunopress.it\/#\/schema\/person\/79bb06722b37ece1c03d3e94beb30d73","name":"r\u00e9daction","image":{"@type":"ImageObject","inLanguage":"fr-FR","@id":"https:\/\/secure.gravatar.com\/avatar\/37d968a2e67a6fd04c169c4bdef102d0bc5d31b2546345219e348575eb80e9a0?s=96&d=mm&r=g","url":"https:\/\/secure.gravatar.com\/avatar\/37d968a2e67a6fd04c169c4bdef102d0bc5d31b2546345219e348575eb80e9a0?s=96&d=mm&r=g","contentUrl":"https:\/\/secure.gravatar.com\/avatar\/37d968a2e67a6fd04c169c4bdef102d0bc5d31b2546345219e348575eb80e9a0?s=96&d=mm&r=g","caption":"redazione"},"sameAs":["http:\/\/www.bellunopress.it","https:\/\/x.com\/bellunopress"],"url":"https:\/\/www.bellunopress.it\/fr\/author\/redazione\/"}]}},"_links":{"self":[{"href":"https:\/\/www.bellunopress.it\/fr\/wp-json\/wp\/v2\/posts\/161835","targetHints":{"allow":["GET"]}}],"collection":[{"href":"https:\/\/www.bellunopress.it\/fr\/wp-json\/wp\/v2\/posts"}],"about":[{"href":"https:\/\/www.bellunopress.it\/fr\/wp-json\/wp\/v2\/types\/post"}],"author":[{"embeddable":true,"href":"https:\/\/www.bellunopress.it\/fr\/wp-json\/wp\/v2\/users\/2"}],"replies":[{"embeddable":true,"href":"https:\/\/www.bellunopress.it\/fr\/wp-json\/wp\/v2\/comments?post=161835"}],"version-history":[{"count":1,"href":"https:\/\/www.bellunopress.it\/fr\/wp-json\/wp\/v2\/posts\/161835\/revisions"}],"predecessor-version":[{"id":161837,"href":"https:\/\/www.bellunopress.it\/fr\/wp-json\/wp\/v2\/posts\/161835\/revisions\/161837"}],"wp:featuredmedia":[{"embeddable":true,"href":"https:\/\/www.bellunopress.it\/fr\/wp-json\/wp\/v2\/media\/161836"}],"wp:attachment":[{"href":"https:\/\/www.bellunopress.it\/fr\/wp-json\/wp\/v2\/media?parent=161835"}],"wp:term":[{"taxonomy":"category","embeddable":true,"href":"https:\/\/www.bellunopress.it\/fr\/wp-json\/wp\/v2\/categories?post=161835"},{"taxonomy":"post_tag","embeddable":true,"href":"https:\/\/www.bellunopress.it\/fr\/wp-json\/wp\/v2\/tags?post=161835"}],"curies":[{"name":"wp","href":"https:\/\/api.w.org\/{rel}","templated":true}]}}