{"id":161819,"date":"2025-07-16T15:35:00","date_gmt":"2025-07-16T13:35:00","guid":{"rendered":"https:\/\/www.bellunopress.it\/?p=161819"},"modified":"2025-07-16T15:35:00","modified_gmt":"2025-07-16T13:35:00","slug":"il-sindaco-incontra-il-nuovo-comandante-della-polizia-stradale-di-belluno","status":"publish","type":"post","link":"https:\/\/www.bellunopress.it\/fr\/2025\/07\/16\/il-sindaco-incontra-il-nuovo-comandante-della-polizia-stradale-di-belluno\/","title":{"rendered":"Il sindaco incontra il nuovo comandante della Polizia Stradale di Belluno"},"content":{"rendered":"<figure id=\"attachment_161820\" aria-describedby=\"caption-attachment-161820\" style=\"width: 800px\" class=\"wp-caption aligncenter\"><img loading=\"lazy\" decoding=\"async\" class=\"size-full wp-image-161820\" src=\"https:\/\/www.bellunopress.it\/wp-content\/uploads\/2025\/07\/Alessandro-Romano-comandante-Stradale-e-Oscar-DE-Pellegrin-sindaco.jpg\" alt=\"\" width=\"800\" height=\"663\" srcset=\"https:\/\/www.bellunopress.it\/wp-content\/uploads\/2025\/07\/Alessandro-Romano-comandante-Stradale-e-Oscar-DE-Pellegrin-sindaco.jpg 800w, https:\/\/www.bellunopress.it\/wp-content\/uploads\/2025\/07\/Alessandro-Romano-comandante-Stradale-e-Oscar-DE-Pellegrin-sindaco-500x414.jpg 500w, https:\/\/www.bellunopress.it\/wp-content\/uploads\/2025\/07\/Alessandro-Romano-comandante-Stradale-e-Oscar-DE-Pellegrin-sindaco-507x420.jpg 507w, https:\/\/www.bellunopress.it\/wp-content\/uploads\/2025\/07\/Alessandro-Romano-comandante-Stradale-e-Oscar-DE-Pellegrin-sindaco-696x577.jpg 696w\" sizes=\"auto, (max-width: 800px) 100vw, 800px\" \/><figcaption id=\"caption-attachment-161820\" class=\"wp-caption-text\">Alessandro Romano comandante Polizia Stradale di Belluno e Oscar De Pellegrin sindaco di Belluno<\/figcaption><\/figure>\n<p>Belluno, 16 luglio 2025 &#8211; Incontro a Palazzo Rosso, ieri, tra il Sindaco e il nuovo dirigente della Polizia stradale di Belluno, il commissario capo Alessandro Romano che ha assunto l\u2019incarico da pochi giorni.<\/p>\n<p>Il primo cittadino ha accolto l\u2019ospite nel suo ufficio per una prima conoscenza e uno scambio di battute sull\u2019attivit\u00e0 da svolgere, anche in collaborazione, sul territorio. \u201cIl lavoro in sinergia con le forze dell\u2019ordine per diffondere la cultura della prevenzione \u00e8 fondamentale e lo stiamo portando avanti da anni, anche nelle scuole \u2013 dichiara il sindaco, Oscar De Pellegrin -. Al commissario capo Romano auguro buon lavoro con la certezza che instaureremo una fattiva e positiva collaborazione per il bene della nostra comunit\u00e0\u201d.<\/p>","protected":false},"excerpt":{"rendered":"<p>Belluno, 16 luglio 2025 &#8211; Incontro a Palazzo Rosso, ieri, tra il Sindaco e il nuovo dirigente della Polizia stradale di Belluno, il commissario capo Alessandro Romano che ha assunto l\u2019incarico da pochi giorni. Il primo cittadino ha accolto l\u2019ospite nel suo ufficio per una prima conoscenza e uno scambio di battute sull\u2019attivit\u00e0 da svolgere, [&hellip;]<\/p>\n","protected":false},"author":2,"featured_media":161820,"comment_status":"closed","ping_status":"open","sticky":false,"template":"","format":"standard","meta":{"footnotes":""},"categories":[5,26,8],"tags":[],"class_list":["post-161819","post","type-post","status-publish","format-standard","has-post-thumbnail","category-cronaca","category-prima-pagina","category-societa-istituzioni"],"yoast_head":"<!-- This site is optimized with the Yoast SEO plugin v28.4 - https:\/\/yoast.com\/product\/yoast-seo-wordpress\/ -->\n<title>Il sindaco incontra il nuovo comandante della Polizia Stradale di Belluno - Bellunopress - Dolomiti<\/title>\n<meta name=\"robots\" content=\"index, follow, max-snippet:-1, max-image-preview:large, max-video-preview:-1\" \/>\n<link rel=\"canonical\" href=\"https:\/\/www.bellunopress.it\/fr\/2025\/07\/16\/il-sindaco-incontra-il-nuovo-comandante-della-polizia-stradale-di-belluno\/\" \/>\n<meta property=\"og:locale\" content=\"fr_FR\" \/>\n<meta property=\"og:type\" content=\"article\" \/>\n<meta property=\"og:title\" content=\"Il sindaco incontra il nuovo comandante della Polizia Stradale di Belluno - Bellunopress - Dolomiti\" \/>\n<meta property=\"og:description\" content=\"Belluno, 16 luglio 2025 &#8211; Incontro a Palazzo Rosso, ieri, tra il Sindaco e il nuovo dirigente della Polizia stradale di Belluno, il commissario capo Alessandro Romano che ha assunto l\u2019incarico da pochi giorni. Il primo cittadino ha accolto l\u2019ospite nel suo ufficio per una prima conoscenza e uno scambio di battute sull\u2019attivit\u00e0 da svolgere, [&hellip;]\" \/>\n<meta property=\"og:url\" content=\"https:\/\/www.bellunopress.it\/fr\/2025\/07\/16\/il-sindaco-incontra-il-nuovo-comandante-della-polizia-stradale-di-belluno\/\" \/>\n<meta property=\"og:site_name\" content=\"Bellunopress - Dolomiti\" \/>\n<meta property=\"article:publisher\" content=\"https:\/\/www.facebook.com\/profile.php?id=100008943462799\" \/>\n<meta property=\"article:published_time\" content=\"2025-07-16T13:35:00+00:00\" \/>\n<meta property=\"og:image\" content=\"https:\/\/www.bellunopress.it\/wp-content\/uploads\/2025\/07\/Alessandro-Romano-comandante-Stradale-e-Oscar-DE-Pellegrin-sindaco.jpg\" \/>\n\t<meta property=\"og:image:width\" content=\"800\" \/>\n\t<meta property=\"og:image:height\" content=\"663\" \/>\n\t<meta property=\"og:image:type\" content=\"image\/jpeg\" \/>\n<meta name=\"author\" content=\"redazione\" \/>\n<meta name=\"twitter:card\" content=\"summary_large_image\" \/>\n<meta name=\"twitter:creator\" content=\"@bellunopress\" \/>\n<meta name=\"twitter:site\" content=\"@bellunopress\" \/>\n<meta name=\"twitter:label1\" content=\"\u00c9crit par\" \/>\n\t<meta name=\"twitter:data1\" content=\"redazione\" \/>\n\t<meta name=\"twitter:label2\" content=\"Dur\u00e9e de lecture estim\u00e9e\" \/>\n\t<meta name=\"twitter:data2\" content=\"1 minute\" \/>\n<script type=\"application\/ld+json\" class=\"yoast-schema-graph\">{\"@context\":\"https:\\\/\\\/schema.org\",\"@graph\":[{\"@type\":\"Article\",\"@id\":\"https:\\\/\\\/www.bellunopress.it\\\/2025\\\/07\\\/16\\\/il-sindaco-incontra-il-nuovo-comandante-della-polizia-stradale-di-belluno\\\/#article\",\"isPartOf\":{\"@id\":\"https:\\\/\\\/www.bellunopress.it\\\/2025\\\/07\\\/16\\\/il-sindaco-incontra-il-nuovo-comandante-della-polizia-stradale-di-belluno\\\/\"},\"author\":{\"name\":\"redazione\",\"@id\":\"https:\\\/\\\/www.bellunopress.it\\\/#\\\/schema\\\/person\\\/79bb06722b37ece1c03d3e94beb30d73\"},\"headline\":\"Il sindaco incontra il nuovo comandante della Polizia Stradale di Belluno\",\"datePublished\":\"2025-07-16T13:35:00+00:00\",\"mainEntityOfPage\":{\"@id\":\"https:\\\/\\\/www.bellunopress.it\\\/2025\\\/07\\\/16\\\/il-sindaco-incontra-il-nuovo-comandante-della-polizia-stradale-di-belluno\\\/\"},\"wordCount\":149,\"publisher\":{\"@id\":\"https:\\\/\\\/www.bellunopress.it\\\/#organization\"},\"image\":{\"@id\":\"https:\\\/\\\/www.bellunopress.it\\\/2025\\\/07\\\/16\\\/il-sindaco-incontra-il-nuovo-comandante-della-polizia-stradale-di-belluno\\\/#primaryimage\"},\"thumbnailUrl\":\"https:\\\/\\\/www.bellunopress.it\\\/wp-content\\\/uploads\\\/2025\\\/07\\\/Alessandro-Romano-comandante-Stradale-e-Oscar-DE-Pellegrin-sindaco.jpg\",\"articleSection\":[\"Cronaca\\\/Politica\",\"Prima Pagina\",\"Societ\u00e0, Associazioni, Istituzioni\"],\"inLanguage\":\"fr-FR\"},{\"@type\":\"WebPage\",\"@id\":\"https:\\\/\\\/www.bellunopress.it\\\/2025\\\/07\\\/16\\\/il-sindaco-incontra-il-nuovo-comandante-della-polizia-stradale-di-belluno\\\/\",\"url\":\"https:\\\/\\\/www.bellunopress.it\\\/2025\\\/07\\\/16\\\/il-sindaco-incontra-il-nuovo-comandante-della-polizia-stradale-di-belluno\\\/\",\"name\":\"Il sindaco incontra il nuovo comandante della Polizia Stradale di Belluno - Bellunopress - Dolomiti\",\"isPartOf\":{\"@id\":\"https:\\\/\\\/www.bellunopress.it\\\/#website\"},\"primaryImageOfPage\":{\"@id\":\"https:\\\/\\\/www.bellunopress.it\\\/2025\\\/07\\\/16\\\/il-sindaco-incontra-il-nuovo-comandante-della-polizia-stradale-di-belluno\\\/#primaryimage\"},\"image\":{\"@id\":\"https:\\\/\\\/www.bellunopress.it\\\/2025\\\/07\\\/16\\\/il-sindaco-incontra-il-nuovo-comandante-della-polizia-stradale-di-belluno\\\/#primaryimage\"},\"thumbnailUrl\":\"https:\\\/\\\/www.bellunopress.it\\\/wp-content\\\/uploads\\\/2025\\\/07\\\/Alessandro-Romano-comandante-Stradale-e-Oscar-DE-Pellegrin-sindaco.jpg\",\"datePublished\":\"2025-07-16T13:35:00+00:00\",\"breadcrumb\":{\"@id\":\"https:\\\/\\\/www.bellunopress.it\\\/2025\\\/07\\\/16\\\/il-sindaco-incontra-il-nuovo-comandante-della-polizia-stradale-di-belluno\\\/#breadcrumb\"},\"inLanguage\":\"fr-FR\",\"potentialAction\":[{\"@type\":\"ReadAction\",\"target\":[\"https:\\\/\\\/www.bellunopress.it\\\/2025\\\/07\\\/16\\\/il-sindaco-incontra-il-nuovo-comandante-della-polizia-stradale-di-belluno\\\/\"]}]},{\"@type\":\"ImageObject\",\"inLanguage\":\"fr-FR\",\"@id\":\"https:\\\/\\\/www.bellunopress.it\\\/2025\\\/07\\\/16\\\/il-sindaco-incontra-il-nuovo-comandante-della-polizia-stradale-di-belluno\\\/#primaryimage\",\"url\":\"https:\\\/\\\/www.bellunopress.it\\\/wp-content\\\/uploads\\\/2025\\\/07\\\/Alessandro-Romano-comandante-Stradale-e-Oscar-DE-Pellegrin-sindaco.jpg\",\"contentUrl\":\"https:\\\/\\\/www.bellunopress.it\\\/wp-content\\\/uploads\\\/2025\\\/07\\\/Alessandro-Romano-comandante-Stradale-e-Oscar-DE-Pellegrin-sindaco.jpg\",\"width\":800,\"height\":663,\"caption\":\"Alessandro Romano comandante Polizia Stradale di Belluno e Oscar De Pellegrin sindaco di Belluno\"},{\"@type\":\"BreadcrumbList\",\"@id\":\"https:\\\/\\\/www.bellunopress.it\\\/2025\\\/07\\\/16\\\/il-sindaco-incontra-il-nuovo-comandante-della-polizia-stradale-di-belluno\\\/#breadcrumb\",\"itemListElement\":[{\"@type\":\"ListItem\",\"position\":1,\"name\":\"Home\",\"item\":\"https:\\\/\\\/www.bellunopress.it\\\/\"},{\"@type\":\"ListItem\",\"position\":2,\"name\":\"Il sindaco incontra il nuovo comandante della Polizia Stradale di Belluno\"}]},{\"@type\":\"WebSite\",\"@id\":\"https:\\\/\\\/www.bellunopress.it\\\/#website\",\"url\":\"https:\\\/\\\/www.bellunopress.it\\\/\",\"name\":\"Bellunopress - Dolomiti\",\"description\":\"e-mail: redazione@bellunopress.it\",\"publisher\":{\"@id\":\"https:\\\/\\\/www.bellunopress.it\\\/#organization\"},\"potentialAction\":[{\"@type\":\"SearchAction\",\"target\":{\"@type\":\"EntryPoint\",\"urlTemplate\":\"https:\\\/\\\/www.bellunopress.it\\\/?s={search_term_string}\"},\"query-input\":{\"@type\":\"PropertyValueSpecification\",\"valueRequired\":true,\"valueName\":\"search_term_string\"}}],\"inLanguage\":\"fr-FR\"},{\"@type\":\"Organization\",\"@id\":\"https:\\\/\\\/www.bellunopress.it\\\/#organization\",\"name\":\"Bellunopress\",\"url\":\"https:\\\/\\\/www.bellunopress.it\\\/\",\"logo\":{\"@type\":\"ImageObject\",\"inLanguage\":\"fr-FR\",\"@id\":\"https:\\\/\\\/www.bellunopress.it\\\/#\\\/schema\\\/logo\\\/image\\\/\",\"url\":\"https:\\\/\\\/www.bellunopress.it\\\/wp-content\\\/uploads\\\/2011\\\/05\\\/cropped-logo-bellunopress-.jpg\",\"contentUrl\":\"https:\\\/\\\/www.bellunopress.it\\\/wp-content\\\/uploads\\\/2011\\\/05\\\/cropped-logo-bellunopress-.jpg\",\"width\":512,\"height\":512,\"caption\":\"Bellunopress\"},\"image\":{\"@id\":\"https:\\\/\\\/www.bellunopress.it\\\/#\\\/schema\\\/logo\\\/image\\\/\"},\"sameAs\":[\"https:\\\/\\\/www.facebook.com\\\/profile.php?id=100008943462799\",\"https:\\\/\\\/x.com\\\/bellunopress\",\"https:\\\/\\\/www.linkedin.com\\\/hp\\\/?dnr=JBzUWaJfMUw8vbXJJ2tVW5-I3jZKvC4wsoxE&amp;amp;amp;amp;amp;amp;trk=nav_responsive_tab_home\",\"https:\\\/\\\/www.youtube.com\\\/channel\\\/UCxL0wu1uN0_3_7hGG0306cw\"]},{\"@type\":\"Person\",\"@id\":\"https:\\\/\\\/www.bellunopress.it\\\/#\\\/schema\\\/person\\\/79bb06722b37ece1c03d3e94beb30d73\",\"name\":\"redazione\",\"image\":{\"@type\":\"ImageObject\",\"inLanguage\":\"fr-FR\",\"@id\":\"https:\\\/\\\/secure.gravatar.com\\\/avatar\\\/37d968a2e67a6fd04c169c4bdef102d0bc5d31b2546345219e348575eb80e9a0?s=96&d=mm&r=g\",\"url\":\"https:\\\/\\\/secure.gravatar.com\\\/avatar\\\/37d968a2e67a6fd04c169c4bdef102d0bc5d31b2546345219e348575eb80e9a0?s=96&d=mm&r=g\",\"contentUrl\":\"https:\\\/\\\/secure.gravatar.com\\\/avatar\\\/37d968a2e67a6fd04c169c4bdef102d0bc5d31b2546345219e348575eb80e9a0?s=96&d=mm&r=g\",\"caption\":\"redazione\"},\"sameAs\":[\"http:\\\/\\\/www.bellunopress.it\",\"https:\\\/\\\/x.com\\\/bellunopress\"],\"url\":\"https:\\\/\\\/www.bellunopress.it\\\/fr\\\/author\\\/redazione\\\/\"}]}<\/script>\n<!-- \/ Yoast SEO plugin. -->","yoast_head_json":{"title":"Il sindaco incontra il nuovo comandante della Polizia Stradale di Belluno - Bellunopress - Dolomiti","robots":{"index":"index","follow":"follow","max-snippet":"max-snippet:-1","max-image-preview":"max-image-preview:large","max-video-preview":"max-video-preview:-1"},"canonical":"https:\/\/www.bellunopress.it\/fr\/2025\/07\/16\/il-sindaco-incontra-il-nuovo-comandante-della-polizia-stradale-di-belluno\/","og_locale":"fr_FR","og_type":"article","og_title":"Il sindaco incontra il nuovo comandante della Polizia Stradale di Belluno - Bellunopress - Dolomiti","og_description":"Belluno, 16 luglio 2025 &#8211; Incontro a Palazzo Rosso, ieri, tra il Sindaco e il nuovo dirigente della Polizia stradale di Belluno, il commissario capo Alessandro Romano che ha assunto l\u2019incarico da pochi giorni. Il primo cittadino ha accolto l\u2019ospite nel suo ufficio per una prima conoscenza e uno scambio di battute sull\u2019attivit\u00e0 da svolgere, [&hellip;]","og_url":"https:\/\/www.bellunopress.it\/fr\/2025\/07\/16\/il-sindaco-incontra-il-nuovo-comandante-della-polizia-stradale-di-belluno\/","og_site_name":"Bellunopress - Dolomiti","article_publisher":"https:\/\/www.facebook.com\/profile.php?id=100008943462799","article_published_time":"2025-07-16T13:35:00+00:00","og_image":[{"width":800,"height":663,"url":"https:\/\/www.bellunopress.it\/wp-content\/uploads\/2025\/07\/Alessandro-Romano-comandante-Stradale-e-Oscar-DE-Pellegrin-sindaco.jpg","type":"image\/jpeg"}],"author":"redazione","twitter_card":"summary_large_image","twitter_creator":"@bellunopress","twitter_site":"@bellunopress","twitter_misc":{"\u00c9crit par":"redazione","Dur\u00e9e de lecture estim\u00e9e":"1 minute"},"schema":{"@context":"https:\/\/schema.org","@graph":[{"@type":"Article","@id":"https:\/\/www.bellunopress.it\/2025\/07\/16\/il-sindaco-incontra-il-nuovo-comandante-della-polizia-stradale-di-belluno\/#article","isPartOf":{"@id":"https:\/\/www.bellunopress.it\/2025\/07\/16\/il-sindaco-incontra-il-nuovo-comandante-della-polizia-stradale-di-belluno\/"},"author":{"name":"redazione","@id":"https:\/\/www.bellunopress.it\/#\/schema\/person\/79bb06722b37ece1c03d3e94beb30d73"},"headline":"Il sindaco incontra il nuovo comandante della Polizia Stradale di Belluno","datePublished":"2025-07-16T13:35:00+00:00","mainEntityOfPage":{"@id":"https:\/\/www.bellunopress.it\/2025\/07\/16\/il-sindaco-incontra-il-nuovo-comandante-della-polizia-stradale-di-belluno\/"},"wordCount":149,"publisher":{"@id":"https:\/\/www.bellunopress.it\/#organization"},"image":{"@id":"https:\/\/www.bellunopress.it\/2025\/07\/16\/il-sindaco-incontra-il-nuovo-comandante-della-polizia-stradale-di-belluno\/#primaryimage"},"thumbnailUrl":"https:\/\/www.bellunopress.it\/wp-content\/uploads\/2025\/07\/Alessandro-Romano-comandante-Stradale-e-Oscar-DE-Pellegrin-sindaco.jpg","articleSection":["Cronaca\/Politica","Prima Pagina","Societ\u00e0, Associazioni, Istituzioni"],"inLanguage":"fr-FR"},{"@type":"WebPage","@id":"https:\/\/www.bellunopress.it\/2025\/07\/16\/il-sindaco-incontra-il-nuovo-comandante-della-polizia-stradale-di-belluno\/","url":"https:\/\/www.bellunopress.it\/2025\/07\/16\/il-sindaco-incontra-il-nuovo-comandante-della-polizia-stradale-di-belluno\/","name":"Il sindaco incontra il nuovo comandante della Polizia Stradale di Belluno - Bellunopress - Dolomiti","isPartOf":{"@id":"https:\/\/www.bellunopress.it\/#website"},"primaryImageOfPage":{"@id":"https:\/\/www.bellunopress.it\/2025\/07\/16\/il-sindaco-incontra-il-nuovo-comandante-della-polizia-stradale-di-belluno\/#primaryimage"},"image":{"@id":"https:\/\/www.bellunopress.it\/2025\/07\/16\/il-sindaco-incontra-il-nuovo-comandante-della-polizia-stradale-di-belluno\/#primaryimage"},"thumbnailUrl":"https:\/\/www.bellunopress.it\/wp-content\/uploads\/2025\/07\/Alessandro-Romano-comandante-Stradale-e-Oscar-DE-Pellegrin-sindaco.jpg","datePublished":"2025-07-16T13:35:00+00:00","breadcrumb":{"@id":"https:\/\/www.bellunopress.it\/2025\/07\/16\/il-sindaco-incontra-il-nuovo-comandante-della-polizia-stradale-di-belluno\/#breadcrumb"},"inLanguage":"fr-FR","potentialAction":[{"@type":"ReadAction","target":["https:\/\/www.bellunopress.it\/2025\/07\/16\/il-sindaco-incontra-il-nuovo-comandante-della-polizia-stradale-di-belluno\/"]}]},{"@type":"ImageObject","inLanguage":"fr-FR","@id":"https:\/\/www.bellunopress.it\/2025\/07\/16\/il-sindaco-incontra-il-nuovo-comandante-della-polizia-stradale-di-belluno\/#primaryimage","url":"https:\/\/www.bellunopress.it\/wp-content\/uploads\/2025\/07\/Alessandro-Romano-comandante-Stradale-e-Oscar-DE-Pellegrin-sindaco.jpg","contentUrl":"https:\/\/www.bellunopress.it\/wp-content\/uploads\/2025\/07\/Alessandro-Romano-comandante-Stradale-e-Oscar-DE-Pellegrin-sindaco.jpg","width":800,"height":663,"caption":"Alessandro Romano comandante Polizia Stradale di Belluno e Oscar De Pellegrin sindaco di Belluno"},{"@type":"BreadcrumbList","@id":"https:\/\/www.bellunopress.it\/2025\/07\/16\/il-sindaco-incontra-il-nuovo-comandante-della-polizia-stradale-di-belluno\/#breadcrumb","itemListElement":[{"@type":"ListItem","position":1,"name":"Home","item":"https:\/\/www.bellunopress.it\/"},{"@type":"ListItem","position":2,"name":"Il sindaco incontra il nuovo comandante della Polizia Stradale di Belluno"}]},{"@type":"WebSite","@id":"https:\/\/www.bellunopress.it\/#website","url":"https:\/\/www.bellunopress.it\/","name":"Bellunopress - Dolomiti","description":"e-mail: redazione@bellunopress.it","publisher":{"@id":"https:\/\/www.bellunopress.it\/#organization"},"potentialAction":[{"@type":"SearchAction","target":{"@type":"EntryPoint","urlTemplate":"https:\/\/www.bellunopress.it\/?s={search_term_string}"},"query-input":{"@type":"PropertyValueSpecification","valueRequired":true,"valueName":"search_term_string"}}],"inLanguage":"fr-FR"},{"@type":"Organization","@id":"https:\/\/www.bellunopress.it\/#organization","name":"Bellunopress","url":"https:\/\/www.bellunopress.it\/","logo":{"@type":"ImageObject","inLanguage":"fr-FR","@id":"https:\/\/www.bellunopress.it\/#\/schema\/logo\/image\/","url":"https:\/\/www.bellunopress.it\/wp-content\/uploads\/2011\/05\/cropped-logo-bellunopress-.jpg","contentUrl":"https:\/\/www.bellunopress.it\/wp-content\/uploads\/2011\/05\/cropped-logo-bellunopress-.jpg","width":512,"height":512,"caption":"Bellunopress"},"image":{"@id":"https:\/\/www.bellunopress.it\/#\/schema\/logo\/image\/"},"sameAs":["https:\/\/www.facebook.com\/profile.php?id=100008943462799","https:\/\/x.com\/bellunopress","https:\/\/www.linkedin.com\/hp\/?dnr=JBzUWaJfMUw8vbXJJ2tVW5-I3jZKvC4wsoxE&amp;amp;amp;amp;amp;amp;trk=nav_responsive_tab_home","https:\/\/www.youtube.com\/channel\/UCxL0wu1uN0_3_7hGG0306cw"]},{"@type":"Person","@id":"https:\/\/www.bellunopress.it\/#\/schema\/person\/79bb06722b37ece1c03d3e94beb30d73","name":"r\u00e9daction","image":{"@type":"ImageObject","inLanguage":"fr-FR","@id":"https:\/\/secure.gravatar.com\/avatar\/37d968a2e67a6fd04c169c4bdef102d0bc5d31b2546345219e348575eb80e9a0?s=96&d=mm&r=g","url":"https:\/\/secure.gravatar.com\/avatar\/37d968a2e67a6fd04c169c4bdef102d0bc5d31b2546345219e348575eb80e9a0?s=96&d=mm&r=g","contentUrl":"https:\/\/secure.gravatar.com\/avatar\/37d968a2e67a6fd04c169c4bdef102d0bc5d31b2546345219e348575eb80e9a0?s=96&d=mm&r=g","caption":"redazione"},"sameAs":["http:\/\/www.bellunopress.it","https:\/\/x.com\/bellunopress"],"url":"https:\/\/www.bellunopress.it\/fr\/author\/redazione\/"}]}},"_links":{"self":[{"href":"https:\/\/www.bellunopress.it\/fr\/wp-json\/wp\/v2\/posts\/161819","targetHints":{"allow":["GET"]}}],"collection":[{"href":"https:\/\/www.bellunopress.it\/fr\/wp-json\/wp\/v2\/posts"}],"about":[{"href":"https:\/\/www.bellunopress.it\/fr\/wp-json\/wp\/v2\/types\/post"}],"author":[{"embeddable":true,"href":"https:\/\/www.bellunopress.it\/fr\/wp-json\/wp\/v2\/users\/2"}],"replies":[{"embeddable":true,"href":"https:\/\/www.bellunopress.it\/fr\/wp-json\/wp\/v2\/comments?post=161819"}],"version-history":[{"count":1,"href":"https:\/\/www.bellunopress.it\/fr\/wp-json\/wp\/v2\/posts\/161819\/revisions"}],"predecessor-version":[{"id":161821,"href":"https:\/\/www.bellunopress.it\/fr\/wp-json\/wp\/v2\/posts\/161819\/revisions\/161821"}],"wp:featuredmedia":[{"embeddable":true,"href":"https:\/\/www.bellunopress.it\/fr\/wp-json\/wp\/v2\/media\/161820"}],"wp:attachment":[{"href":"https:\/\/www.bellunopress.it\/fr\/wp-json\/wp\/v2\/media?parent=161819"}],"wp:term":[{"taxonomy":"category","embeddable":true,"href":"https:\/\/www.bellunopress.it\/fr\/wp-json\/wp\/v2\/categories?post=161819"},{"taxonomy":"post_tag","embeddable":true,"href":"https:\/\/www.bellunopress.it\/fr\/wp-json\/wp\/v2\/tags?post=161819"}],"curies":[{"name":"wp","href":"https:\/\/api.w.org\/{rel}","templated":true}]}}