{"id":161817,"date":"2025-07-16T15:02:29","date_gmt":"2025-07-16T13:02:29","guid":{"rendered":"https:\/\/www.bellunopress.it\/?p=161817"},"modified":"2025-07-16T16:08:54","modified_gmt":"2025-07-16T14:08:54","slug":"la-provincia-di-belluno-plaude-alla-deroga-regionale-che-salvaguarda-i-centri-antiviolenza","status":"publish","type":"post","link":"https:\/\/www.bellunopress.it\/fr\/2025\/07\/16\/la-provincia-di-belluno-plaude-alla-deroga-regionale-che-salvaguarda-i-centri-antiviolenza\/","title":{"rendered":"La Provincia di Belluno plaude alla deroga regionale che salvaguarda i Centri Antiviolenza"},"content":{"rendered":"<figure id=\"attachment_118902\" aria-describedby=\"caption-attachment-118902\" style=\"width: 800px\" class=\"wp-caption aligncenter\"><img loading=\"lazy\" decoding=\"async\" class=\"size-full wp-image-118902\" src=\"https:\/\/www.bellunopress.it\/wp-content\/uploads\/2020\/10\/Flavia-Monego-Consigliera-di-parita_edited.jpg\" alt=\"\" width=\"800\" height=\"716\" srcset=\"https:\/\/www.bellunopress.it\/wp-content\/uploads\/2020\/10\/Flavia-Monego-Consigliera-di-parita_edited.jpg 800w, https:\/\/www.bellunopress.it\/wp-content\/uploads\/2020\/10\/Flavia-Monego-Consigliera-di-parita_edited-500x448.jpg 500w, https:\/\/www.bellunopress.it\/wp-content\/uploads\/2020\/10\/Flavia-Monego-Consigliera-di-parita_edited-696x623.jpg 696w, https:\/\/www.bellunopress.it\/wp-content\/uploads\/2020\/10\/Flavia-Monego-Consigliera-di-parita_edited-469x420.jpg 469w\" sizes=\"auto, (max-width: 800px) 100vw, 800px\" \/><figcaption id=\"caption-attachment-118902\" class=\"wp-caption-text\">Flavia Monego &#8211; Consigliera di parit\u00e0 della Provincia<\/figcaption><\/figure>\n<p><strong>La Consigliera di Parit\u00e0 Flavia Monego e la consigliera provinciale con delega alle Pari Opportunit\u00e0 Matilde Vieceli: &#8220;Servizio fondamentale che deve proseguire senza pi\u00f9 incertezze. Continueremo a monitorare la situazione&#8221;<\/strong><\/p>\n<p>Arriva da Palazzo Piloni un doppio apprezzamento per la deroga regionale che consente di salvaguardare la preziosa attivit\u00e0 dei centri antiviolenza, nello specifico quello di Belluno gestito dall&#8217;associazione &#8220;Belluno Donna&#8221;.<\/p>\n<p>&#8220;La Consigliera di Parit\u00e0 &#8211; ricorda e sottolinea Flavia Monego &#8211; si occupa principalmente di discriminazioni e violenze nei luoghi di lavoro. Quando la presidente del Centro Antiviolenza di Belluno Donna, Anna Cubattoli, nel 2023 scrisse una lettera di appello, evidenziando le criticit\u00e0 dell&#8217;Intesa Stato-Regioni del 14 settembre 2022 (in particolare sulla richiesta della reperibilit\u00e0 h 24, che l&#8217;associazione non era in grado di dare) ci attivammo per produrre una lettera all&#8217;assessora regionale affinch\u00e9 intervenisse nella risoluzione del problema. La lettera, ricorda Monego, fu sottoscritta da tutti i 60 Comuni della provincia e fu seguita da un incontro personale da parte mia e del presidente Padrin a Cortina proprio con l&#8217;assessora Lanzarin per sottolineare la delicatezza della situazione. Il tutto port\u00f2 ad una proroga di 18 mesi, ora in scadenza.&#8221;<\/p>\n<p>Consigliera di Parit\u00e0 e Provincia in questi due anni hanno poi sempre monitorato la situazione tenendo un contatto diretto con la stessa Lanzarin. &#8220;Ritengo che sia fondamentale che l&#8217;unico centro antiviolenza esistente nel territorio bellunese possa continuare la sua preziosa attivit\u00e0 senza pi\u00f9 incertezze, conclude Flavia Monego, che cita, a quantificare l&#8217;entit\u00e0 decisamente preoccupante del fenomeno violenze, un dato significativo: a tutt&#8217;oggi nel 2025, come Consigliera di Parit\u00e0, mi sono occupata di ben 13 casi, alcuni riguardanti anche la fattispecie proprio della violenza; nel 2024 erano stati complessivamente 12&#8221;.<\/p>\n<figure id=\"attachment_161826\" aria-describedby=\"caption-attachment-161826\" style=\"width: 688px\" class=\"wp-caption aligncenter\"><img loading=\"lazy\" decoding=\"async\" class=\"size-full wp-image-161826\" src=\"https:\/\/www.bellunopress.it\/wp-content\/uploads\/2025\/07\/Matilde-Vieceli-consigliera-provinciale-con-delega-alle-Pari-Opportunita.jpg\" alt=\"\" width=\"688\" height=\"800\" srcset=\"https:\/\/www.bellunopress.it\/wp-content\/uploads\/2025\/07\/Matilde-Vieceli-consigliera-provinciale-con-delega-alle-Pari-Opportunita.jpg 688w, https:\/\/www.bellunopress.it\/wp-content\/uploads\/2025\/07\/Matilde-Vieceli-consigliera-provinciale-con-delega-alle-Pari-Opportunita-430x500.jpg 430w, https:\/\/www.bellunopress.it\/wp-content\/uploads\/2025\/07\/Matilde-Vieceli-consigliera-provinciale-con-delega-alle-Pari-Opportunita-361x420.jpg 361w\" sizes=\"auto, (max-width: 688px) 100vw, 688px\" \/><figcaption id=\"caption-attachment-161826\" class=\"wp-caption-text\">Matilde Vieceli, consigliera provinciale con delega alle Pari Opportunit\u00e0<\/figcaption><\/figure>\n<p>Sulla questione della deroga che salvaguarda i centri antiviolenza interviene anche Matilde Vieceli, consigliera provinciale con delega alle Pari Opportunit\u00e0, materia che la Legge Delrio riconosce come una funzione fondamentale delle Province. &#8220;E&#8217; anche perch\u00e9 consci di questo ruolo cos\u00ec importante che ad aprile 2025 abbiamo presentato in consiglio provinciale una mozione, approvata all&#8217;unanimit\u00e0, volta a tutelare e sostenere la continuit\u00e0 operativa del Centro Anti Violenza presente in provincia di Belluno, gestito dall&#8217;Associazione Belluno Donna&#8221;, ricorda la consigliera Vieceli, che prosegue: &#8220;La mozione \u00e8 stata solo l&#8217;ultima di una serie di azioni portate avanti gi\u00e0 dall&#8217;anno 2023, anche per il tramite e con la collaborazione della Consigliera Provinciale di Parit\u00e0 Flavia Monego. Crediamo infatti, prosegue Vieceli, che le istituzioni debbano essere in prima linea in questa battaglia, contro qualsiasi forma di violenza, per il rispetto dei diritti umani, per una piena ed effettiva parit\u00e0. La violenza di genere \u00e8 infatti un fenomeno trasversale, che pu\u00f2 riguardare tutte le donne, o anche gli uomini, senza distinzione di ceto sociale, cultura ed et\u00e0, e si manifesta in varie forme: fisica, psicologica, sessuale, economica.<\/p>\n<p>Abbiamo quindi accolto con soddisfazione l&#8217;annuncio dell&#8217;assessora regionale Manuela Lanzarin, che &#8220;i 25 Centri antiviolenza (CAV) del Veneto non subiranno alcun taglio.&#8221;. Una dichiarazione importante, che aspettavamo da tempo e che avevamo sollecitato proprio con la nostra mozione, ma che contestualmente non ci d\u00e0 ancora una garanzia certa e definitiva.&#8221;, conclude la consigliera Vieceli.<\/p>\n<p>Le Consigliere Monego e Vieceli, in collaborazione con l&#8217;intera Amministrazione provinciale di Belluno, continueranno a monitorare la situazione ed interfacciarsi con l&#8217;assessora Lanzarin, in particolar modo affinch\u00e9 nel pi\u00f9 breve tempo possibile il provvedimento di deroga venga formalizzato.<\/p>\n<p>&nbsp;<\/p>","protected":false},"excerpt":{"rendered":"<p>La Consigliera di Parit\u00e0 Flavia Monego e la consigliera provinciale con delega alle Pari Opportunit\u00e0 Matilde Vieceli: &#8220;Servizio fondamentale che deve proseguire senza pi\u00f9 incertezze. Continueremo a monitorare la situazione&#8221; Arriva da Palazzo Piloni un doppio apprezzamento per la deroga regionale che consente di salvaguardare la preziosa attivit\u00e0 dei centri antiviolenza, nello specifico quello di [&hellip;]<\/p>\n","protected":false},"author":2,"featured_media":118902,"comment_status":"closed","ping_status":"open","sticky":false,"template":"","format":"standard","meta":{"footnotes":""},"categories":[26,8],"tags":[],"class_list":["post-161817","post","type-post","status-publish","format-standard","has-post-thumbnail","category-prima-pagina","category-societa-istituzioni"],"yoast_head":"<!-- This site is optimized with the Yoast SEO plugin v28.4 - https:\/\/yoast.com\/product\/yoast-seo-wordpress\/ -->\n<title>La Provincia di Belluno plaude alla deroga regionale che salvaguarda i Centri Antiviolenza - Bellunopress - Dolomiti<\/title>\n<meta name=\"robots\" content=\"index, follow, max-snippet:-1, max-image-preview:large, max-video-preview:-1\" \/>\n<link rel=\"canonical\" href=\"https:\/\/www.bellunopress.it\/fr\/2025\/07\/16\/la-provincia-di-belluno-plaude-alla-deroga-regionale-che-salvaguarda-i-centri-antiviolenza\/\" \/>\n<meta property=\"og:locale\" content=\"fr_FR\" \/>\n<meta property=\"og:type\" content=\"article\" \/>\n<meta property=\"og:title\" content=\"La Provincia di Belluno plaude alla deroga regionale che salvaguarda i Centri Antiviolenza - Bellunopress - Dolomiti\" \/>\n<meta property=\"og:description\" content=\"La Consigliera di Parit\u00e0 Flavia Monego e la consigliera provinciale con delega alle Pari Opportunit\u00e0 Matilde Vieceli: &#8220;Servizio fondamentale che deve proseguire senza pi\u00f9 incertezze. Continueremo a monitorare la situazione&#8221; Arriva da Palazzo Piloni un doppio apprezzamento per la deroga regionale che consente di salvaguardare la preziosa attivit\u00e0 dei centri antiviolenza, nello specifico quello di [&hellip;]\" \/>\n<meta property=\"og:url\" content=\"https:\/\/www.bellunopress.it\/fr\/2025\/07\/16\/la-provincia-di-belluno-plaude-alla-deroga-regionale-che-salvaguarda-i-centri-antiviolenza\/\" \/>\n<meta property=\"og:site_name\" content=\"Bellunopress - Dolomiti\" \/>\n<meta property=\"article:publisher\" content=\"https:\/\/www.facebook.com\/profile.php?id=100008943462799\" \/>\n<meta property=\"article:published_time\" content=\"2025-07-16T13:02:29+00:00\" \/>\n<meta property=\"article:modified_time\" content=\"2025-07-16T14:08:54+00:00\" \/>\n<meta property=\"og:image\" content=\"https:\/\/www.bellunopress.it\/wp-content\/uploads\/2020\/10\/Flavia-Monego-Consigliera-di-parita_edited.jpg\" \/>\n\t<meta property=\"og:image:width\" content=\"800\" \/>\n\t<meta property=\"og:image:height\" content=\"716\" \/>\n\t<meta property=\"og:image:type\" content=\"image\/jpeg\" \/>\n<meta name=\"author\" content=\"redazione\" \/>\n<meta name=\"twitter:card\" content=\"summary_large_image\" \/>\n<meta name=\"twitter:creator\" content=\"@bellunopress\" \/>\n<meta name=\"twitter:site\" content=\"@bellunopress\" \/>\n<meta name=\"twitter:label1\" content=\"\u00c9crit par\" \/>\n\t<meta name=\"twitter:data1\" content=\"redazione\" \/>\n\t<meta name=\"twitter:label2\" content=\"Dur\u00e9e de lecture estim\u00e9e\" \/>\n\t<meta name=\"twitter:data2\" content=\"3 minutes\" \/>\n<script type=\"application\/ld+json\" class=\"yoast-schema-graph\">{\"@context\":\"https:\\\/\\\/schema.org\",\"@graph\":[{\"@type\":\"Article\",\"@id\":\"https:\\\/\\\/www.bellunopress.it\\\/2025\\\/07\\\/16\\\/la-provincia-di-belluno-plaude-alla-deroga-regionale-che-salvaguarda-i-centri-antiviolenza\\\/#article\",\"isPartOf\":{\"@id\":\"https:\\\/\\\/www.bellunopress.it\\\/2025\\\/07\\\/16\\\/la-provincia-di-belluno-plaude-alla-deroga-regionale-che-salvaguarda-i-centri-antiviolenza\\\/\"},\"author\":{\"name\":\"redazione\",\"@id\":\"https:\\\/\\\/www.bellunopress.it\\\/#\\\/schema\\\/person\\\/79bb06722b37ece1c03d3e94beb30d73\"},\"headline\":\"La Provincia di Belluno plaude alla deroga regionale che salvaguarda i Centri Antiviolenza\",\"datePublished\":\"2025-07-16T13:02:29+00:00\",\"dateModified\":\"2025-07-16T14:08:54+00:00\",\"mainEntityOfPage\":{\"@id\":\"https:\\\/\\\/www.bellunopress.it\\\/2025\\\/07\\\/16\\\/la-provincia-di-belluno-plaude-alla-deroga-regionale-che-salvaguarda-i-centri-antiviolenza\\\/\"},\"wordCount\":598,\"publisher\":{\"@id\":\"https:\\\/\\\/www.bellunopress.it\\\/#organization\"},\"image\":{\"@id\":\"https:\\\/\\\/www.bellunopress.it\\\/2025\\\/07\\\/16\\\/la-provincia-di-belluno-plaude-alla-deroga-regionale-che-salvaguarda-i-centri-antiviolenza\\\/#primaryimage\"},\"thumbnailUrl\":\"https:\\\/\\\/www.bellunopress.it\\\/wp-content\\\/uploads\\\/2020\\\/10\\\/Flavia-Monego-Consigliera-di-parita_edited.jpg\",\"articleSection\":[\"Prima Pagina\",\"Societ\u00e0, Associazioni, Istituzioni\"],\"inLanguage\":\"fr-FR\"},{\"@type\":\"WebPage\",\"@id\":\"https:\\\/\\\/www.bellunopress.it\\\/2025\\\/07\\\/16\\\/la-provincia-di-belluno-plaude-alla-deroga-regionale-che-salvaguarda-i-centri-antiviolenza\\\/\",\"url\":\"https:\\\/\\\/www.bellunopress.it\\\/2025\\\/07\\\/16\\\/la-provincia-di-belluno-plaude-alla-deroga-regionale-che-salvaguarda-i-centri-antiviolenza\\\/\",\"name\":\"La Provincia di Belluno plaude alla deroga regionale che salvaguarda i Centri Antiviolenza - Bellunopress - Dolomiti\",\"isPartOf\":{\"@id\":\"https:\\\/\\\/www.bellunopress.it\\\/#website\"},\"primaryImageOfPage\":{\"@id\":\"https:\\\/\\\/www.bellunopress.it\\\/2025\\\/07\\\/16\\\/la-provincia-di-belluno-plaude-alla-deroga-regionale-che-salvaguarda-i-centri-antiviolenza\\\/#primaryimage\"},\"image\":{\"@id\":\"https:\\\/\\\/www.bellunopress.it\\\/2025\\\/07\\\/16\\\/la-provincia-di-belluno-plaude-alla-deroga-regionale-che-salvaguarda-i-centri-antiviolenza\\\/#primaryimage\"},\"thumbnailUrl\":\"https:\\\/\\\/www.bellunopress.it\\\/wp-content\\\/uploads\\\/2020\\\/10\\\/Flavia-Monego-Consigliera-di-parita_edited.jpg\",\"datePublished\":\"2025-07-16T13:02:29+00:00\",\"dateModified\":\"2025-07-16T14:08:54+00:00\",\"breadcrumb\":{\"@id\":\"https:\\\/\\\/www.bellunopress.it\\\/2025\\\/07\\\/16\\\/la-provincia-di-belluno-plaude-alla-deroga-regionale-che-salvaguarda-i-centri-antiviolenza\\\/#breadcrumb\"},\"inLanguage\":\"fr-FR\",\"potentialAction\":[{\"@type\":\"ReadAction\",\"target\":[\"https:\\\/\\\/www.bellunopress.it\\\/2025\\\/07\\\/16\\\/la-provincia-di-belluno-plaude-alla-deroga-regionale-che-salvaguarda-i-centri-antiviolenza\\\/\"]}]},{\"@type\":\"ImageObject\",\"inLanguage\":\"fr-FR\",\"@id\":\"https:\\\/\\\/www.bellunopress.it\\\/2025\\\/07\\\/16\\\/la-provincia-di-belluno-plaude-alla-deroga-regionale-che-salvaguarda-i-centri-antiviolenza\\\/#primaryimage\",\"url\":\"https:\\\/\\\/www.bellunopress.it\\\/wp-content\\\/uploads\\\/2020\\\/10\\\/Flavia-Monego-Consigliera-di-parita_edited.jpg\",\"contentUrl\":\"https:\\\/\\\/www.bellunopress.it\\\/wp-content\\\/uploads\\\/2020\\\/10\\\/Flavia-Monego-Consigliera-di-parita_edited.jpg\",\"width\":800,\"height\":716,\"caption\":\"Flavia Monego - Consigliera di parit\u00e0 della Provincia di Belluno\"},{\"@type\":\"BreadcrumbList\",\"@id\":\"https:\\\/\\\/www.bellunopress.it\\\/2025\\\/07\\\/16\\\/la-provincia-di-belluno-plaude-alla-deroga-regionale-che-salvaguarda-i-centri-antiviolenza\\\/#breadcrumb\",\"itemListElement\":[{\"@type\":\"ListItem\",\"position\":1,\"name\":\"Home\",\"item\":\"https:\\\/\\\/www.bellunopress.it\\\/\"},{\"@type\":\"ListItem\",\"position\":2,\"name\":\"La Provincia di Belluno plaude alla deroga regionale che salvaguarda i Centri Antiviolenza\"}]},{\"@type\":\"WebSite\",\"@id\":\"https:\\\/\\\/www.bellunopress.it\\\/#website\",\"url\":\"https:\\\/\\\/www.bellunopress.it\\\/\",\"name\":\"Bellunopress - Dolomiti\",\"description\":\"e-mail: redazione@bellunopress.it\",\"publisher\":{\"@id\":\"https:\\\/\\\/www.bellunopress.it\\\/#organization\"},\"potentialAction\":[{\"@type\":\"SearchAction\",\"target\":{\"@type\":\"EntryPoint\",\"urlTemplate\":\"https:\\\/\\\/www.bellunopress.it\\\/?s={search_term_string}\"},\"query-input\":{\"@type\":\"PropertyValueSpecification\",\"valueRequired\":true,\"valueName\":\"search_term_string\"}}],\"inLanguage\":\"fr-FR\"},{\"@type\":\"Organization\",\"@id\":\"https:\\\/\\\/www.bellunopress.it\\\/#organization\",\"name\":\"Bellunopress\",\"url\":\"https:\\\/\\\/www.bellunopress.it\\\/\",\"logo\":{\"@type\":\"ImageObject\",\"inLanguage\":\"fr-FR\",\"@id\":\"https:\\\/\\\/www.bellunopress.it\\\/#\\\/schema\\\/logo\\\/image\\\/\",\"url\":\"https:\\\/\\\/www.bellunopress.it\\\/wp-content\\\/uploads\\\/2011\\\/05\\\/cropped-logo-bellunopress-.jpg\",\"contentUrl\":\"https:\\\/\\\/www.bellunopress.it\\\/wp-content\\\/uploads\\\/2011\\\/05\\\/cropped-logo-bellunopress-.jpg\",\"width\":512,\"height\":512,\"caption\":\"Bellunopress\"},\"image\":{\"@id\":\"https:\\\/\\\/www.bellunopress.it\\\/#\\\/schema\\\/logo\\\/image\\\/\"},\"sameAs\":[\"https:\\\/\\\/www.facebook.com\\\/profile.php?id=100008943462799\",\"https:\\\/\\\/x.com\\\/bellunopress\",\"https:\\\/\\\/www.linkedin.com\\\/hp\\\/?dnr=JBzUWaJfMUw8vbXJJ2tVW5-I3jZKvC4wsoxE&amp;amp;amp;amp;amp;amp;trk=nav_responsive_tab_home\",\"https:\\\/\\\/www.youtube.com\\\/channel\\\/UCxL0wu1uN0_3_7hGG0306cw\"]},{\"@type\":\"Person\",\"@id\":\"https:\\\/\\\/www.bellunopress.it\\\/#\\\/schema\\\/person\\\/79bb06722b37ece1c03d3e94beb30d73\",\"name\":\"redazione\",\"image\":{\"@type\":\"ImageObject\",\"inLanguage\":\"fr-FR\",\"@id\":\"https:\\\/\\\/secure.gravatar.com\\\/avatar\\\/37d968a2e67a6fd04c169c4bdef102d0bc5d31b2546345219e348575eb80e9a0?s=96&d=mm&r=g\",\"url\":\"https:\\\/\\\/secure.gravatar.com\\\/avatar\\\/37d968a2e67a6fd04c169c4bdef102d0bc5d31b2546345219e348575eb80e9a0?s=96&d=mm&r=g\",\"contentUrl\":\"https:\\\/\\\/secure.gravatar.com\\\/avatar\\\/37d968a2e67a6fd04c169c4bdef102d0bc5d31b2546345219e348575eb80e9a0?s=96&d=mm&r=g\",\"caption\":\"redazione\"},\"sameAs\":[\"http:\\\/\\\/www.bellunopress.it\",\"https:\\\/\\\/x.com\\\/bellunopress\"],\"url\":\"https:\\\/\\\/www.bellunopress.it\\\/fr\\\/author\\\/redazione\\\/\"}]}<\/script>\n<!-- \/ Yoast SEO plugin. -->","yoast_head_json":{"title":"La Provincia di Belluno plaude alla deroga regionale che salvaguarda i Centri Antiviolenza - Bellunopress - Dolomiti","robots":{"index":"index","follow":"follow","max-snippet":"max-snippet:-1","max-image-preview":"max-image-preview:large","max-video-preview":"max-video-preview:-1"},"canonical":"https:\/\/www.bellunopress.it\/fr\/2025\/07\/16\/la-provincia-di-belluno-plaude-alla-deroga-regionale-che-salvaguarda-i-centri-antiviolenza\/","og_locale":"fr_FR","og_type":"article","og_title":"La Provincia di Belluno plaude alla deroga regionale che salvaguarda i Centri Antiviolenza - Bellunopress - Dolomiti","og_description":"La Consigliera di Parit\u00e0 Flavia Monego e la consigliera provinciale con delega alle Pari Opportunit\u00e0 Matilde Vieceli: &#8220;Servizio fondamentale che deve proseguire senza pi\u00f9 incertezze. Continueremo a monitorare la situazione&#8221; Arriva da Palazzo Piloni un doppio apprezzamento per la deroga regionale che consente di salvaguardare la preziosa attivit\u00e0 dei centri antiviolenza, nello specifico quello di [&hellip;]","og_url":"https:\/\/www.bellunopress.it\/fr\/2025\/07\/16\/la-provincia-di-belluno-plaude-alla-deroga-regionale-che-salvaguarda-i-centri-antiviolenza\/","og_site_name":"Bellunopress - Dolomiti","article_publisher":"https:\/\/www.facebook.com\/profile.php?id=100008943462799","article_published_time":"2025-07-16T13:02:29+00:00","article_modified_time":"2025-07-16T14:08:54+00:00","og_image":[{"width":800,"height":716,"url":"https:\/\/www.bellunopress.it\/wp-content\/uploads\/2020\/10\/Flavia-Monego-Consigliera-di-parita_edited.jpg","type":"image\/jpeg"}],"author":"redazione","twitter_card":"summary_large_image","twitter_creator":"@bellunopress","twitter_site":"@bellunopress","twitter_misc":{"\u00c9crit par":"redazione","Dur\u00e9e de lecture estim\u00e9e":"3 minutes"},"schema":{"@context":"https:\/\/schema.org","@graph":[{"@type":"Article","@id":"https:\/\/www.bellunopress.it\/2025\/07\/16\/la-provincia-di-belluno-plaude-alla-deroga-regionale-che-salvaguarda-i-centri-antiviolenza\/#article","isPartOf":{"@id":"https:\/\/www.bellunopress.it\/2025\/07\/16\/la-provincia-di-belluno-plaude-alla-deroga-regionale-che-salvaguarda-i-centri-antiviolenza\/"},"author":{"name":"redazione","@id":"https:\/\/www.bellunopress.it\/#\/schema\/person\/79bb06722b37ece1c03d3e94beb30d73"},"headline":"La Provincia di Belluno plaude alla deroga regionale che salvaguarda i Centri Antiviolenza","datePublished":"2025-07-16T13:02:29+00:00","dateModified":"2025-07-16T14:08:54+00:00","mainEntityOfPage":{"@id":"https:\/\/www.bellunopress.it\/2025\/07\/16\/la-provincia-di-belluno-plaude-alla-deroga-regionale-che-salvaguarda-i-centri-antiviolenza\/"},"wordCount":598,"publisher":{"@id":"https:\/\/www.bellunopress.it\/#organization"},"image":{"@id":"https:\/\/www.bellunopress.it\/2025\/07\/16\/la-provincia-di-belluno-plaude-alla-deroga-regionale-che-salvaguarda-i-centri-antiviolenza\/#primaryimage"},"thumbnailUrl":"https:\/\/www.bellunopress.it\/wp-content\/uploads\/2020\/10\/Flavia-Monego-Consigliera-di-parita_edited.jpg","articleSection":["Prima Pagina","Societ\u00e0, Associazioni, Istituzioni"],"inLanguage":"fr-FR"},{"@type":"WebPage","@id":"https:\/\/www.bellunopress.it\/2025\/07\/16\/la-provincia-di-belluno-plaude-alla-deroga-regionale-che-salvaguarda-i-centri-antiviolenza\/","url":"https:\/\/www.bellunopress.it\/2025\/07\/16\/la-provincia-di-belluno-plaude-alla-deroga-regionale-che-salvaguarda-i-centri-antiviolenza\/","name":"La Provincia di Belluno plaude alla deroga regionale che salvaguarda i Centri Antiviolenza - Bellunopress - Dolomiti","isPartOf":{"@id":"https:\/\/www.bellunopress.it\/#website"},"primaryImageOfPage":{"@id":"https:\/\/www.bellunopress.it\/2025\/07\/16\/la-provincia-di-belluno-plaude-alla-deroga-regionale-che-salvaguarda-i-centri-antiviolenza\/#primaryimage"},"image":{"@id":"https:\/\/www.bellunopress.it\/2025\/07\/16\/la-provincia-di-belluno-plaude-alla-deroga-regionale-che-salvaguarda-i-centri-antiviolenza\/#primaryimage"},"thumbnailUrl":"https:\/\/www.bellunopress.it\/wp-content\/uploads\/2020\/10\/Flavia-Monego-Consigliera-di-parita_edited.jpg","datePublished":"2025-07-16T13:02:29+00:00","dateModified":"2025-07-16T14:08:54+00:00","breadcrumb":{"@id":"https:\/\/www.bellunopress.it\/2025\/07\/16\/la-provincia-di-belluno-plaude-alla-deroga-regionale-che-salvaguarda-i-centri-antiviolenza\/#breadcrumb"},"inLanguage":"fr-FR","potentialAction":[{"@type":"ReadAction","target":["https:\/\/www.bellunopress.it\/2025\/07\/16\/la-provincia-di-belluno-plaude-alla-deroga-regionale-che-salvaguarda-i-centri-antiviolenza\/"]}]},{"@type":"ImageObject","inLanguage":"fr-FR","@id":"https:\/\/www.bellunopress.it\/2025\/07\/16\/la-provincia-di-belluno-plaude-alla-deroga-regionale-che-salvaguarda-i-centri-antiviolenza\/#primaryimage","url":"https:\/\/www.bellunopress.it\/wp-content\/uploads\/2020\/10\/Flavia-Monego-Consigliera-di-parita_edited.jpg","contentUrl":"https:\/\/www.bellunopress.it\/wp-content\/uploads\/2020\/10\/Flavia-Monego-Consigliera-di-parita_edited.jpg","width":800,"height":716,"caption":"Flavia Monego - Consigliera di parit\u00e0 della Provincia di Belluno"},{"@type":"BreadcrumbList","@id":"https:\/\/www.bellunopress.it\/2025\/07\/16\/la-provincia-di-belluno-plaude-alla-deroga-regionale-che-salvaguarda-i-centri-antiviolenza\/#breadcrumb","itemListElement":[{"@type":"ListItem","position":1,"name":"Home","item":"https:\/\/www.bellunopress.it\/"},{"@type":"ListItem","position":2,"name":"La Provincia di Belluno plaude alla deroga regionale che salvaguarda i Centri Antiviolenza"}]},{"@type":"WebSite","@id":"https:\/\/www.bellunopress.it\/#website","url":"https:\/\/www.bellunopress.it\/","name":"Bellunopress - Dolomiti","description":"e-mail: redazione@bellunopress.it","publisher":{"@id":"https:\/\/www.bellunopress.it\/#organization"},"potentialAction":[{"@type":"SearchAction","target":{"@type":"EntryPoint","urlTemplate":"https:\/\/www.bellunopress.it\/?s={search_term_string}"},"query-input":{"@type":"PropertyValueSpecification","valueRequired":true,"valueName":"search_term_string"}}],"inLanguage":"fr-FR"},{"@type":"Organization","@id":"https:\/\/www.bellunopress.it\/#organization","name":"Bellunopress","url":"https:\/\/www.bellunopress.it\/","logo":{"@type":"ImageObject","inLanguage":"fr-FR","@id":"https:\/\/www.bellunopress.it\/#\/schema\/logo\/image\/","url":"https:\/\/www.bellunopress.it\/wp-content\/uploads\/2011\/05\/cropped-logo-bellunopress-.jpg","contentUrl":"https:\/\/www.bellunopress.it\/wp-content\/uploads\/2011\/05\/cropped-logo-bellunopress-.jpg","width":512,"height":512,"caption":"Bellunopress"},"image":{"@id":"https:\/\/www.bellunopress.it\/#\/schema\/logo\/image\/"},"sameAs":["https:\/\/www.facebook.com\/profile.php?id=100008943462799","https:\/\/x.com\/bellunopress","https:\/\/www.linkedin.com\/hp\/?dnr=JBzUWaJfMUw8vbXJJ2tVW5-I3jZKvC4wsoxE&amp;amp;amp;amp;amp;amp;trk=nav_responsive_tab_home","https:\/\/www.youtube.com\/channel\/UCxL0wu1uN0_3_7hGG0306cw"]},{"@type":"Person","@id":"https:\/\/www.bellunopress.it\/#\/schema\/person\/79bb06722b37ece1c03d3e94beb30d73","name":"r\u00e9daction","image":{"@type":"ImageObject","inLanguage":"fr-FR","@id":"https:\/\/secure.gravatar.com\/avatar\/37d968a2e67a6fd04c169c4bdef102d0bc5d31b2546345219e348575eb80e9a0?s=96&d=mm&r=g","url":"https:\/\/secure.gravatar.com\/avatar\/37d968a2e67a6fd04c169c4bdef102d0bc5d31b2546345219e348575eb80e9a0?s=96&d=mm&r=g","contentUrl":"https:\/\/secure.gravatar.com\/avatar\/37d968a2e67a6fd04c169c4bdef102d0bc5d31b2546345219e348575eb80e9a0?s=96&d=mm&r=g","caption":"redazione"},"sameAs":["http:\/\/www.bellunopress.it","https:\/\/x.com\/bellunopress"],"url":"https:\/\/www.bellunopress.it\/fr\/author\/redazione\/"}]}},"_links":{"self":[{"href":"https:\/\/www.bellunopress.it\/fr\/wp-json\/wp\/v2\/posts\/161817","targetHints":{"allow":["GET"]}}],"collection":[{"href":"https:\/\/www.bellunopress.it\/fr\/wp-json\/wp\/v2\/posts"}],"about":[{"href":"https:\/\/www.bellunopress.it\/fr\/wp-json\/wp\/v2\/types\/post"}],"author":[{"embeddable":true,"href":"https:\/\/www.bellunopress.it\/fr\/wp-json\/wp\/v2\/users\/2"}],"replies":[{"embeddable":true,"href":"https:\/\/www.bellunopress.it\/fr\/wp-json\/wp\/v2\/comments?post=161817"}],"version-history":[{"count":2,"href":"https:\/\/www.bellunopress.it\/fr\/wp-json\/wp\/v2\/posts\/161817\/revisions"}],"predecessor-version":[{"id":161828,"href":"https:\/\/www.bellunopress.it\/fr\/wp-json\/wp\/v2\/posts\/161817\/revisions\/161828"}],"wp:featuredmedia":[{"embeddable":true,"href":"https:\/\/www.bellunopress.it\/fr\/wp-json\/wp\/v2\/media\/118902"}],"wp:attachment":[{"href":"https:\/\/www.bellunopress.it\/fr\/wp-json\/wp\/v2\/media?parent=161817"}],"wp:term":[{"taxonomy":"category","embeddable":true,"href":"https:\/\/www.bellunopress.it\/fr\/wp-json\/wp\/v2\/categories?post=161817"},{"taxonomy":"post_tag","embeddable":true,"href":"https:\/\/www.bellunopress.it\/fr\/wp-json\/wp\/v2\/tags?post=161817"}],"curies":[{"name":"wp","href":"https:\/\/api.w.org\/{rel}","templated":true}]}}