{"id":161717,"date":"2025-07-12T14:38:13","date_gmt":"2025-07-12T12:38:13","guid":{"rendered":"https:\/\/www.bellunopress.it\/?p=161717"},"modified":"2025-07-12T14:38:13","modified_gmt":"2025-07-12T12:38:13","slug":"longarone-controlli-straordinari-sulla-sr-251-motociclisti-nel-mirino","status":"publish","type":"post","link":"https:\/\/www.bellunopress.it\/fr\/2025\/07\/12\/longarone-controlli-straordinari-sulla-sr-251-motociclisti-nel-mirino\/","title":{"rendered":"Longarone, controlli straordinari sulla SR 251: motociclisti nel mirino\u00a0"},"content":{"rendered":"<p><img loading=\"lazy\" decoding=\"async\" class=\"aligncenter size-full wp-image-161718\" src=\"https:\/\/www.bellunopress.it\/wp-content\/uploads\/2025\/07\/motociclista-IA_edited.jpg\" alt=\"\" width=\"700\" height=\"622\" srcset=\"https:\/\/www.bellunopress.it\/wp-content\/uploads\/2025\/07\/motociclista-IA_edited.jpg 700w, https:\/\/www.bellunopress.it\/wp-content\/uploads\/2025\/07\/motociclista-IA_edited-500x444.jpg 500w, https:\/\/www.bellunopress.it\/wp-content\/uploads\/2025\/07\/motociclista-IA_edited-473x420.jpg 473w, https:\/\/www.bellunopress.it\/wp-content\/uploads\/2025\/07\/motociclista-IA_edited-696x618.jpg 696w\" sizes=\"auto, (max-width: 700px) 100vw, 700px\" \/>Longarone, 12 luglio 2025 \u2013 L&#8217;amministrazione comunale di Longarone ha deciso di passare dalle parole ai fatti. La SR 251, in particolare nel tratto che attraversa la frazione di Codissago, \u00e8 diventata da mesi il teatro di un fenomeno insostenibile: motociclette che sfrecciano a velocit\u00e0 folle, spesso impegnate in vere e proprie gare clandestine, trasformando la quiete pubblica in un incubo assordante e minacciando seriamente l&#8217;incolumit\u00e0 di residenti e automobilisti.<\/p>\n<p>&#8220;La situazione \u00e8 diventata insostenibile,&#8221; afferma con decisione Ludovico Tabacchi, consigliere comunale di Longarone delegato alla pubblica sicurezza. &#8220;Da mesi la popolazione di Codissago \u00e8 costretta a convivere con il rumore assordante e i pericoli causati dalle motociclette.&#8221;<\/p>\n<p><strong>L&#8217;Intervento del Comune: controlli mirati e presenza sul campo<\/strong><br \/>\nA fronte delle numerose segnalazioni e della crescente esasperazione dei cittadini, l&#8217;Amministrazione comunale ha optato per un&#8217;azione decisa. Sabato scorso, il consigliere Tabacchi ha coordinato un&#8217;operazione di controllo straordinario proprio sul tratto pi\u00f9 critico della SR 251, ormai tristemente noto come il &#8220;tratto maledetto&#8221; da molti residenti.<\/p>\n<p>Sul posto sono stati dislocati l&#8217;agente scelto Giuseppe Fant e l&#8217;assistente Marco Lorusso, con il preciso compito di effettuare controlli mirati e scoraggiare le corse illegali. La presenza dello stesso consigliere Tabacchi in prima persona testimonia la ferma volont\u00e0 dell&#8217;Amministrazione di riprendere il controllo di una zona che non pu\u00f2 pi\u00f9 essere considerata una pista da corsa. &#8220;Non possiamo pi\u00f9 tollerare che il nostro territorio venga trasformato in una pista da corsa \u2013 dichiara Tabacchi \u2013. La sicurezza dei cittadini viene prima di tutto.&#8221;<\/p>\n<p><strong>Un impegno per la sicurezza a lungo termine<\/strong><br \/>\nL&#8217;iniziativa ha riscosso il pieno sostegno della cittadinanza, che ha apprezzato la presenza diretta e tangibile delle istituzioni sul campo. L&#8217;azione di sabato scorso, tuttavia, \u00e8 solo un primo passo. Il sindaco, Roberto Padrin, ha gi\u00e0 annunciato ulteriori sviluppi: &#8220;Questo \u00e8 solo l&#8217;inizio: stiamo gi\u00e0 lavorando per predisporre ulteriori interventi e l\u2019intensificazione della collaborazione con le Forze dell\u2019Ordine.&#8221;<\/p>\n<p>L&#8217;Amministrazione comunale rinnova infine l&#8217;invito a tutti i cittadini a segnalare episodi sospetti e a collaborare attivamente per contrastare un fenomeno che mette a repentaglio la sicurezza e la serenit\u00e0 della comunit\u00e0. La battaglia contro la velocit\u00e0 e il rumore assordante sulla SR 251 \u00e8 appena cominciata, con l&#8217;obiettivo di restituire la tranquillit\u00e0 ai residenti di Longarone.<\/p>","protected":false},"excerpt":{"rendered":"<p>Longarone, 12 luglio 2025 \u2013 L&#8217;amministrazione comunale di Longarone ha deciso di passare dalle parole ai fatti. La SR 251, in particolare nel tratto che attraversa la frazione di Codissago, \u00e8 diventata da mesi il teatro di un fenomeno insostenibile: motociclette che sfrecciano a velocit\u00e0 folle, spesso impegnate in vere e proprie gare clandestine, trasformando [&hellip;]<\/p>\n","protected":false},"author":2,"featured_media":161718,"comment_status":"closed","ping_status":"open","sticky":false,"template":"","format":"standard","meta":{"footnotes":""},"categories":[5,26],"tags":[],"class_list":["post-161717","post","type-post","status-publish","format-standard","has-post-thumbnail","category-cronaca","category-prima-pagina"],"yoast_head":"<!-- This site is optimized with the Yoast SEO plugin v28.4 - https:\/\/yoast.com\/product\/yoast-seo-wordpress\/ -->\n<title>Longarone, controlli straordinari sulla SR 251: motociclisti nel mirino\u00a0 - Bellunopress - Dolomiti<\/title>\n<meta name=\"robots\" content=\"index, follow, max-snippet:-1, max-image-preview:large, max-video-preview:-1\" \/>\n<link rel=\"canonical\" href=\"https:\/\/www.bellunopress.it\/fr\/2025\/07\/12\/longarone-controlli-straordinari-sulla-sr-251-motociclisti-nel-mirino\/\" \/>\n<meta property=\"og:locale\" content=\"fr_FR\" \/>\n<meta property=\"og:type\" content=\"article\" \/>\n<meta property=\"og:title\" content=\"Longarone, controlli straordinari sulla SR 251: motociclisti nel mirino\u00a0 - Bellunopress - Dolomiti\" \/>\n<meta property=\"og:description\" content=\"Longarone, 12 luglio 2025 \u2013 L&#8217;amministrazione comunale di Longarone ha deciso di passare dalle parole ai fatti. La SR 251, in particolare nel tratto che attraversa la frazione di Codissago, \u00e8 diventata da mesi il teatro di un fenomeno insostenibile: motociclette che sfrecciano a velocit\u00e0 folle, spesso impegnate in vere e proprie gare clandestine, trasformando [&hellip;]\" \/>\n<meta property=\"og:url\" content=\"https:\/\/www.bellunopress.it\/fr\/2025\/07\/12\/longarone-controlli-straordinari-sulla-sr-251-motociclisti-nel-mirino\/\" \/>\n<meta property=\"og:site_name\" content=\"Bellunopress - Dolomiti\" \/>\n<meta property=\"article:publisher\" content=\"https:\/\/www.facebook.com\/profile.php?id=100008943462799\" \/>\n<meta property=\"article:published_time\" content=\"2025-07-12T12:38:13+00:00\" \/>\n<meta property=\"og:image\" content=\"https:\/\/www.bellunopress.it\/wp-content\/uploads\/2025\/07\/motociclista-IA_edited.jpg\" \/>\n\t<meta property=\"og:image:width\" content=\"700\" \/>\n\t<meta property=\"og:image:height\" content=\"622\" \/>\n\t<meta property=\"og:image:type\" content=\"image\/jpeg\" \/>\n<meta name=\"author\" content=\"redazione\" \/>\n<meta name=\"twitter:card\" content=\"summary_large_image\" \/>\n<meta name=\"twitter:creator\" content=\"@bellunopress\" \/>\n<meta name=\"twitter:site\" content=\"@bellunopress\" \/>\n<meta name=\"twitter:label1\" content=\"\u00c9crit par\" \/>\n\t<meta name=\"twitter:data1\" content=\"redazione\" \/>\n\t<meta name=\"twitter:label2\" content=\"Dur\u00e9e de lecture estim\u00e9e\" \/>\n\t<meta name=\"twitter:data2\" content=\"2 minutes\" \/>\n<script type=\"application\/ld+json\" class=\"yoast-schema-graph\">{\"@context\":\"https:\\\/\\\/schema.org\",\"@graph\":[{\"@type\":\"Article\",\"@id\":\"https:\\\/\\\/www.bellunopress.it\\\/2025\\\/07\\\/12\\\/longarone-controlli-straordinari-sulla-sr-251-motociclisti-nel-mirino\\\/#article\",\"isPartOf\":{\"@id\":\"https:\\\/\\\/www.bellunopress.it\\\/2025\\\/07\\\/12\\\/longarone-controlli-straordinari-sulla-sr-251-motociclisti-nel-mirino\\\/\"},\"author\":{\"name\":\"redazione\",\"@id\":\"https:\\\/\\\/www.bellunopress.it\\\/#\\\/schema\\\/person\\\/79bb06722b37ece1c03d3e94beb30d73\"},\"headline\":\"Longarone, controlli straordinari sulla SR 251: motociclisti nel mirino\u00a0\",\"datePublished\":\"2025-07-12T12:38:13+00:00\",\"mainEntityOfPage\":{\"@id\":\"https:\\\/\\\/www.bellunopress.it\\\/2025\\\/07\\\/12\\\/longarone-controlli-straordinari-sulla-sr-251-motociclisti-nel-mirino\\\/\"},\"wordCount\":382,\"publisher\":{\"@id\":\"https:\\\/\\\/www.bellunopress.it\\\/#organization\"},\"image\":{\"@id\":\"https:\\\/\\\/www.bellunopress.it\\\/2025\\\/07\\\/12\\\/longarone-controlli-straordinari-sulla-sr-251-motociclisti-nel-mirino\\\/#primaryimage\"},\"thumbnailUrl\":\"https:\\\/\\\/www.bellunopress.it\\\/wp-content\\\/uploads\\\/2025\\\/07\\\/motociclista-IA_edited.jpg\",\"articleSection\":[\"Cronaca\\\/Politica\",\"Prima Pagina\"],\"inLanguage\":\"fr-FR\"},{\"@type\":\"WebPage\",\"@id\":\"https:\\\/\\\/www.bellunopress.it\\\/2025\\\/07\\\/12\\\/longarone-controlli-straordinari-sulla-sr-251-motociclisti-nel-mirino\\\/\",\"url\":\"https:\\\/\\\/www.bellunopress.it\\\/2025\\\/07\\\/12\\\/longarone-controlli-straordinari-sulla-sr-251-motociclisti-nel-mirino\\\/\",\"name\":\"Longarone, controlli straordinari sulla SR 251: motociclisti nel mirino\u00a0 - Bellunopress - Dolomiti\",\"isPartOf\":{\"@id\":\"https:\\\/\\\/www.bellunopress.it\\\/#website\"},\"primaryImageOfPage\":{\"@id\":\"https:\\\/\\\/www.bellunopress.it\\\/2025\\\/07\\\/12\\\/longarone-controlli-straordinari-sulla-sr-251-motociclisti-nel-mirino\\\/#primaryimage\"},\"image\":{\"@id\":\"https:\\\/\\\/www.bellunopress.it\\\/2025\\\/07\\\/12\\\/longarone-controlli-straordinari-sulla-sr-251-motociclisti-nel-mirino\\\/#primaryimage\"},\"thumbnailUrl\":\"https:\\\/\\\/www.bellunopress.it\\\/wp-content\\\/uploads\\\/2025\\\/07\\\/motociclista-IA_edited.jpg\",\"datePublished\":\"2025-07-12T12:38:13+00:00\",\"breadcrumb\":{\"@id\":\"https:\\\/\\\/www.bellunopress.it\\\/2025\\\/07\\\/12\\\/longarone-controlli-straordinari-sulla-sr-251-motociclisti-nel-mirino\\\/#breadcrumb\"},\"inLanguage\":\"fr-FR\",\"potentialAction\":[{\"@type\":\"ReadAction\",\"target\":[\"https:\\\/\\\/www.bellunopress.it\\\/2025\\\/07\\\/12\\\/longarone-controlli-straordinari-sulla-sr-251-motociclisti-nel-mirino\\\/\"]}]},{\"@type\":\"ImageObject\",\"inLanguage\":\"fr-FR\",\"@id\":\"https:\\\/\\\/www.bellunopress.it\\\/2025\\\/07\\\/12\\\/longarone-controlli-straordinari-sulla-sr-251-motociclisti-nel-mirino\\\/#primaryimage\",\"url\":\"https:\\\/\\\/www.bellunopress.it\\\/wp-content\\\/uploads\\\/2025\\\/07\\\/motociclista-IA_edited.jpg\",\"contentUrl\":\"https:\\\/\\\/www.bellunopress.it\\\/wp-content\\\/uploads\\\/2025\\\/07\\\/motociclista-IA_edited.jpg\",\"width\":700,\"height\":622},{\"@type\":\"BreadcrumbList\",\"@id\":\"https:\\\/\\\/www.bellunopress.it\\\/2025\\\/07\\\/12\\\/longarone-controlli-straordinari-sulla-sr-251-motociclisti-nel-mirino\\\/#breadcrumb\",\"itemListElement\":[{\"@type\":\"ListItem\",\"position\":1,\"name\":\"Home\",\"item\":\"https:\\\/\\\/www.bellunopress.it\\\/\"},{\"@type\":\"ListItem\",\"position\":2,\"name\":\"Longarone, controlli straordinari sulla SR 251: motociclisti nel mirino\u00a0\"}]},{\"@type\":\"WebSite\",\"@id\":\"https:\\\/\\\/www.bellunopress.it\\\/#website\",\"url\":\"https:\\\/\\\/www.bellunopress.it\\\/\",\"name\":\"Bellunopress - Dolomiti\",\"description\":\"e-mail: redazione@bellunopress.it\",\"publisher\":{\"@id\":\"https:\\\/\\\/www.bellunopress.it\\\/#organization\"},\"potentialAction\":[{\"@type\":\"SearchAction\",\"target\":{\"@type\":\"EntryPoint\",\"urlTemplate\":\"https:\\\/\\\/www.bellunopress.it\\\/?s={search_term_string}\"},\"query-input\":{\"@type\":\"PropertyValueSpecification\",\"valueRequired\":true,\"valueName\":\"search_term_string\"}}],\"inLanguage\":\"fr-FR\"},{\"@type\":\"Organization\",\"@id\":\"https:\\\/\\\/www.bellunopress.it\\\/#organization\",\"name\":\"Bellunopress\",\"url\":\"https:\\\/\\\/www.bellunopress.it\\\/\",\"logo\":{\"@type\":\"ImageObject\",\"inLanguage\":\"fr-FR\",\"@id\":\"https:\\\/\\\/www.bellunopress.it\\\/#\\\/schema\\\/logo\\\/image\\\/\",\"url\":\"https:\\\/\\\/www.bellunopress.it\\\/wp-content\\\/uploads\\\/2011\\\/05\\\/cropped-logo-bellunopress-.jpg\",\"contentUrl\":\"https:\\\/\\\/www.bellunopress.it\\\/wp-content\\\/uploads\\\/2011\\\/05\\\/cropped-logo-bellunopress-.jpg\",\"width\":512,\"height\":512,\"caption\":\"Bellunopress\"},\"image\":{\"@id\":\"https:\\\/\\\/www.bellunopress.it\\\/#\\\/schema\\\/logo\\\/image\\\/\"},\"sameAs\":[\"https:\\\/\\\/www.facebook.com\\\/profile.php?id=100008943462799\",\"https:\\\/\\\/x.com\\\/bellunopress\",\"https:\\\/\\\/www.linkedin.com\\\/hp\\\/?dnr=JBzUWaJfMUw8vbXJJ2tVW5-I3jZKvC4wsoxE&amp;amp;amp;amp;amp;amp;trk=nav_responsive_tab_home\",\"https:\\\/\\\/www.youtube.com\\\/channel\\\/UCxL0wu1uN0_3_7hGG0306cw\"]},{\"@type\":\"Person\",\"@id\":\"https:\\\/\\\/www.bellunopress.it\\\/#\\\/schema\\\/person\\\/79bb06722b37ece1c03d3e94beb30d73\",\"name\":\"redazione\",\"image\":{\"@type\":\"ImageObject\",\"inLanguage\":\"fr-FR\",\"@id\":\"https:\\\/\\\/secure.gravatar.com\\\/avatar\\\/37d968a2e67a6fd04c169c4bdef102d0bc5d31b2546345219e348575eb80e9a0?s=96&d=mm&r=g\",\"url\":\"https:\\\/\\\/secure.gravatar.com\\\/avatar\\\/37d968a2e67a6fd04c169c4bdef102d0bc5d31b2546345219e348575eb80e9a0?s=96&d=mm&r=g\",\"contentUrl\":\"https:\\\/\\\/secure.gravatar.com\\\/avatar\\\/37d968a2e67a6fd04c169c4bdef102d0bc5d31b2546345219e348575eb80e9a0?s=96&d=mm&r=g\",\"caption\":\"redazione\"},\"sameAs\":[\"http:\\\/\\\/www.bellunopress.it\",\"https:\\\/\\\/x.com\\\/bellunopress\"],\"url\":\"https:\\\/\\\/www.bellunopress.it\\\/fr\\\/author\\\/redazione\\\/\"}]}<\/script>\n<!-- \/ Yoast SEO plugin. -->","yoast_head_json":{"title":"Longarone, controlli straordinari sulla SR 251: motociclisti nel mirino\u00a0 - Bellunopress - Dolomiti","robots":{"index":"index","follow":"follow","max-snippet":"max-snippet:-1","max-image-preview":"max-image-preview:large","max-video-preview":"max-video-preview:-1"},"canonical":"https:\/\/www.bellunopress.it\/fr\/2025\/07\/12\/longarone-controlli-straordinari-sulla-sr-251-motociclisti-nel-mirino\/","og_locale":"fr_FR","og_type":"article","og_title":"Longarone, controlli straordinari sulla SR 251: motociclisti nel mirino\u00a0 - Bellunopress - Dolomiti","og_description":"Longarone, 12 luglio 2025 \u2013 L&#8217;amministrazione comunale di Longarone ha deciso di passare dalle parole ai fatti. La SR 251, in particolare nel tratto che attraversa la frazione di Codissago, \u00e8 diventata da mesi il teatro di un fenomeno insostenibile: motociclette che sfrecciano a velocit\u00e0 folle, spesso impegnate in vere e proprie gare clandestine, trasformando [&hellip;]","og_url":"https:\/\/www.bellunopress.it\/fr\/2025\/07\/12\/longarone-controlli-straordinari-sulla-sr-251-motociclisti-nel-mirino\/","og_site_name":"Bellunopress - Dolomiti","article_publisher":"https:\/\/www.facebook.com\/profile.php?id=100008943462799","article_published_time":"2025-07-12T12:38:13+00:00","og_image":[{"width":700,"height":622,"url":"https:\/\/www.bellunopress.it\/wp-content\/uploads\/2025\/07\/motociclista-IA_edited.jpg","type":"image\/jpeg"}],"author":"redazione","twitter_card":"summary_large_image","twitter_creator":"@bellunopress","twitter_site":"@bellunopress","twitter_misc":{"\u00c9crit par":"redazione","Dur\u00e9e de lecture estim\u00e9e":"2 minutes"},"schema":{"@context":"https:\/\/schema.org","@graph":[{"@type":"Article","@id":"https:\/\/www.bellunopress.it\/2025\/07\/12\/longarone-controlli-straordinari-sulla-sr-251-motociclisti-nel-mirino\/#article","isPartOf":{"@id":"https:\/\/www.bellunopress.it\/2025\/07\/12\/longarone-controlli-straordinari-sulla-sr-251-motociclisti-nel-mirino\/"},"author":{"name":"redazione","@id":"https:\/\/www.bellunopress.it\/#\/schema\/person\/79bb06722b37ece1c03d3e94beb30d73"},"headline":"Longarone, controlli straordinari sulla SR 251: motociclisti nel mirino\u00a0","datePublished":"2025-07-12T12:38:13+00:00","mainEntityOfPage":{"@id":"https:\/\/www.bellunopress.it\/2025\/07\/12\/longarone-controlli-straordinari-sulla-sr-251-motociclisti-nel-mirino\/"},"wordCount":382,"publisher":{"@id":"https:\/\/www.bellunopress.it\/#organization"},"image":{"@id":"https:\/\/www.bellunopress.it\/2025\/07\/12\/longarone-controlli-straordinari-sulla-sr-251-motociclisti-nel-mirino\/#primaryimage"},"thumbnailUrl":"https:\/\/www.bellunopress.it\/wp-content\/uploads\/2025\/07\/motociclista-IA_edited.jpg","articleSection":["Cronaca\/Politica","Prima Pagina"],"inLanguage":"fr-FR"},{"@type":"WebPage","@id":"https:\/\/www.bellunopress.it\/2025\/07\/12\/longarone-controlli-straordinari-sulla-sr-251-motociclisti-nel-mirino\/","url":"https:\/\/www.bellunopress.it\/2025\/07\/12\/longarone-controlli-straordinari-sulla-sr-251-motociclisti-nel-mirino\/","name":"Longarone, controlli straordinari sulla SR 251: motociclisti nel mirino\u00a0 - Bellunopress - Dolomiti","isPartOf":{"@id":"https:\/\/www.bellunopress.it\/#website"},"primaryImageOfPage":{"@id":"https:\/\/www.bellunopress.it\/2025\/07\/12\/longarone-controlli-straordinari-sulla-sr-251-motociclisti-nel-mirino\/#primaryimage"},"image":{"@id":"https:\/\/www.bellunopress.it\/2025\/07\/12\/longarone-controlli-straordinari-sulla-sr-251-motociclisti-nel-mirino\/#primaryimage"},"thumbnailUrl":"https:\/\/www.bellunopress.it\/wp-content\/uploads\/2025\/07\/motociclista-IA_edited.jpg","datePublished":"2025-07-12T12:38:13+00:00","breadcrumb":{"@id":"https:\/\/www.bellunopress.it\/2025\/07\/12\/longarone-controlli-straordinari-sulla-sr-251-motociclisti-nel-mirino\/#breadcrumb"},"inLanguage":"fr-FR","potentialAction":[{"@type":"ReadAction","target":["https:\/\/www.bellunopress.it\/2025\/07\/12\/longarone-controlli-straordinari-sulla-sr-251-motociclisti-nel-mirino\/"]}]},{"@type":"ImageObject","inLanguage":"fr-FR","@id":"https:\/\/www.bellunopress.it\/2025\/07\/12\/longarone-controlli-straordinari-sulla-sr-251-motociclisti-nel-mirino\/#primaryimage","url":"https:\/\/www.bellunopress.it\/wp-content\/uploads\/2025\/07\/motociclista-IA_edited.jpg","contentUrl":"https:\/\/www.bellunopress.it\/wp-content\/uploads\/2025\/07\/motociclista-IA_edited.jpg","width":700,"height":622},{"@type":"BreadcrumbList","@id":"https:\/\/www.bellunopress.it\/2025\/07\/12\/longarone-controlli-straordinari-sulla-sr-251-motociclisti-nel-mirino\/#breadcrumb","itemListElement":[{"@type":"ListItem","position":1,"name":"Home","item":"https:\/\/www.bellunopress.it\/"},{"@type":"ListItem","position":2,"name":"Longarone, controlli straordinari sulla SR 251: motociclisti nel mirino\u00a0"}]},{"@type":"WebSite","@id":"https:\/\/www.bellunopress.it\/#website","url":"https:\/\/www.bellunopress.it\/","name":"Bellunopress - Dolomiti","description":"e-mail: redazione@bellunopress.it","publisher":{"@id":"https:\/\/www.bellunopress.it\/#organization"},"potentialAction":[{"@type":"SearchAction","target":{"@type":"EntryPoint","urlTemplate":"https:\/\/www.bellunopress.it\/?s={search_term_string}"},"query-input":{"@type":"PropertyValueSpecification","valueRequired":true,"valueName":"search_term_string"}}],"inLanguage":"fr-FR"},{"@type":"Organization","@id":"https:\/\/www.bellunopress.it\/#organization","name":"Bellunopress","url":"https:\/\/www.bellunopress.it\/","logo":{"@type":"ImageObject","inLanguage":"fr-FR","@id":"https:\/\/www.bellunopress.it\/#\/schema\/logo\/image\/","url":"https:\/\/www.bellunopress.it\/wp-content\/uploads\/2011\/05\/cropped-logo-bellunopress-.jpg","contentUrl":"https:\/\/www.bellunopress.it\/wp-content\/uploads\/2011\/05\/cropped-logo-bellunopress-.jpg","width":512,"height":512,"caption":"Bellunopress"},"image":{"@id":"https:\/\/www.bellunopress.it\/#\/schema\/logo\/image\/"},"sameAs":["https:\/\/www.facebook.com\/profile.php?id=100008943462799","https:\/\/x.com\/bellunopress","https:\/\/www.linkedin.com\/hp\/?dnr=JBzUWaJfMUw8vbXJJ2tVW5-I3jZKvC4wsoxE&amp;amp;amp;amp;amp;amp;trk=nav_responsive_tab_home","https:\/\/www.youtube.com\/channel\/UCxL0wu1uN0_3_7hGG0306cw"]},{"@type":"Person","@id":"https:\/\/www.bellunopress.it\/#\/schema\/person\/79bb06722b37ece1c03d3e94beb30d73","name":"r\u00e9daction","image":{"@type":"ImageObject","inLanguage":"fr-FR","@id":"https:\/\/secure.gravatar.com\/avatar\/37d968a2e67a6fd04c169c4bdef102d0bc5d31b2546345219e348575eb80e9a0?s=96&d=mm&r=g","url":"https:\/\/secure.gravatar.com\/avatar\/37d968a2e67a6fd04c169c4bdef102d0bc5d31b2546345219e348575eb80e9a0?s=96&d=mm&r=g","contentUrl":"https:\/\/secure.gravatar.com\/avatar\/37d968a2e67a6fd04c169c4bdef102d0bc5d31b2546345219e348575eb80e9a0?s=96&d=mm&r=g","caption":"redazione"},"sameAs":["http:\/\/www.bellunopress.it","https:\/\/x.com\/bellunopress"],"url":"https:\/\/www.bellunopress.it\/fr\/author\/redazione\/"}]}},"_links":{"self":[{"href":"https:\/\/www.bellunopress.it\/fr\/wp-json\/wp\/v2\/posts\/161717","targetHints":{"allow":["GET"]}}],"collection":[{"href":"https:\/\/www.bellunopress.it\/fr\/wp-json\/wp\/v2\/posts"}],"about":[{"href":"https:\/\/www.bellunopress.it\/fr\/wp-json\/wp\/v2\/types\/post"}],"author":[{"embeddable":true,"href":"https:\/\/www.bellunopress.it\/fr\/wp-json\/wp\/v2\/users\/2"}],"replies":[{"embeddable":true,"href":"https:\/\/www.bellunopress.it\/fr\/wp-json\/wp\/v2\/comments?post=161717"}],"version-history":[{"count":1,"href":"https:\/\/www.bellunopress.it\/fr\/wp-json\/wp\/v2\/posts\/161717\/revisions"}],"predecessor-version":[{"id":161719,"href":"https:\/\/www.bellunopress.it\/fr\/wp-json\/wp\/v2\/posts\/161717\/revisions\/161719"}],"wp:featuredmedia":[{"embeddable":true,"href":"https:\/\/www.bellunopress.it\/fr\/wp-json\/wp\/v2\/media\/161718"}],"wp:attachment":[{"href":"https:\/\/www.bellunopress.it\/fr\/wp-json\/wp\/v2\/media?parent=161717"}],"wp:term":[{"taxonomy":"category","embeddable":true,"href":"https:\/\/www.bellunopress.it\/fr\/wp-json\/wp\/v2\/categories?post=161717"},{"taxonomy":"post_tag","embeddable":true,"href":"https:\/\/www.bellunopress.it\/fr\/wp-json\/wp\/v2\/tags?post=161717"}],"curies":[{"name":"wp","href":"https:\/\/api.w.org\/{rel}","templated":true}]}}