{"id":161715,"date":"2025-07-12T09:59:35","date_gmt":"2025-07-12T07:59:35","guid":{"rendered":"https:\/\/www.bellunopress.it\/?p=161715"},"modified":"2025-07-12T09:59:35","modified_gmt":"2025-07-12T07:59:35","slug":"von-der-leyen-resta-in-sella-ma-leuropa-scricchiola-tra-sfiducia-fallita-e-malumori-interni-la-presidente-guarda-altrove","status":"publish","type":"post","link":"https:\/\/www.bellunopress.it\/fr\/2025\/07\/12\/von-der-leyen-resta-in-sella-ma-leuropa-scricchiola-tra-sfiducia-fallita-e-malumori-interni-la-presidente-guarda-altrove\/","title":{"rendered":"Von der Leyen resta in sella, ma l\u2019Europa scricchiola: tra sfiducia fallita e malumori interni, la presidente guarda altrove"},"content":{"rendered":"<figure id=\"attachment_121061\" aria-describedby=\"caption-attachment-121061\" style=\"width: 1000px\" class=\"wp-caption aligncenter\"><img loading=\"lazy\" decoding=\"async\" class=\"size-full wp-image-121061\" src=\"https:\/\/www.bellunopress.it\/wp-content\/uploads\/2021\/01\/Unione-Europea_edited.jpg\" alt=\"Europa\" width=\"1000\" height=\"668\" srcset=\"https:\/\/www.bellunopress.it\/wp-content\/uploads\/2021\/01\/Unione-Europea_edited.jpg 1000w, https:\/\/www.bellunopress.it\/wp-content\/uploads\/2021\/01\/Unione-Europea_edited-500x334.jpg 500w, https:\/\/www.bellunopress.it\/wp-content\/uploads\/2021\/01\/Unione-Europea_edited-696x465.jpg 696w, https:\/\/www.bellunopress.it\/wp-content\/uploads\/2021\/01\/Unione-Europea_edited-629x420.jpg 629w\" sizes=\"auto, (max-width: 1000px) 100vw, 1000px\" \/><figcaption id=\"caption-attachment-121061\" class=\"wp-caption-text\">Parlamento Europeo &#8211; Strasburgo<\/figcaption><\/figure>\n<p>Strasburgo \u2013 Mentre a Strasburgo il Parlamento europeo discuteva una mozione di sfiducia nei suoi confronti, Ursula von der Leyen sfilava impassibile a Roma, partecipando alla Conferenza per la ricostruzione dell&#8217;Ucraina. Un gesto simbolico, quasi provocatorio, che ha dato il tono a una giornata politicamente densa. Il tentativo di censura nei confronti della presidente della Commissione europea si \u00e8 concluso con un nulla di fatto: la mozione \u00e8 stata respinta con 360 voti contrari, 175 favorevoli e 18 astenuti. Ma il messaggio \u00e8 chiaro: qualcosa si \u00e8 incrinato nei palazzi di Bruxelles.<\/p>\n<p>La mozione, presentata da un europarlamentare romeno dell\u2019ECR e firmata da 77 deputati di destra, nasce dallo scandalo \u201cPfizergate\u201d, ovvero la controversa negoziazione via SMS tra von der Leyen e l\u2019amministratore delegato di Pfizer per l\u2019acquisto dei vaccini anti-Covid. Messaggi mai resi pubblici, nonostante le pressioni. Ma il caso Pfizer \u00e8 solo la punta dell\u2019iceberg: il dissenso verso la presidente tedesca si estende su vari fronti, dalle politiche migratorie alle derive securitarie e al crescente allineamento verso destra.<\/p>\n<p><strong>Un fronte spaccato<\/strong><\/p>\n<p>La mozione non aveva i numeri per passare: servivano i due terzi dell\u2019Eurocamera. A difendere von der Leyen \u00e8 stato innanzitutto il suo Partito Popolare Europeo, compatto nella fiducia. Ma all\u2019interno della sua stessa maggioranza, i malumori abbondano. Socialisti (S&amp;D) e liberali (Renew), pur votando contro la mozione, hanno lanciato un chiaro ultimatum: se l\u2019orientamento della Commissione non cambier\u00e0, a settembre potrebbe arrivare un nuovo tentativo di sfiducia.<\/p>\n<p><strong>Astensioni tattiche e voti discordanti<\/strong><\/p>\n<p>A rendere pi\u00f9 incerta la tenuta della maggioranza \u00e8 stata anche la spaccatura interna ai Conservatori e Riformisti (ECR). Fratelli d\u2019Italia, forza trainante del gruppo, ha scelto l\u2019astensione, nel tentativo di evitare contraccolpi interni, soprattutto con la fazione polacca del Pis, che ha votato a favore della mozione. Dall\u2019Italia sono arrivati anche i voti favorevoli del M5S e del Partito Comunista, in dissenso con le rispettive linee ufficiali. Un Parlamento europeo dunque frammentato, dove le alleanze sono pi\u00f9 fluide che mai.<\/p>\n<p><strong>Von der Leyen guarda altrove<\/strong><\/p>\n<p>Nel pieno del dibattito, von der Leyen ha scelto di ignorare simbolicamente la discussione sul proprio operato. Si \u00e8 recata a Roma, dove ha presenziato alla Conferenza per la ricostruzione dell\u2019Ucraina. Un segnale di continuit\u00e0 su uno dei dossier pi\u00f9 strategici e redditizi del momento: non pi\u00f9 vaccini, ma armi e appalti per la ricostruzione. In un\u2019Europa segnata dalle crisi, si parla di affari e non di pace, mentre le tensioni internazionali e interne crescono. E in un continente affaticato da infrastrutture vecchie e citt\u00e0 sovrappopolate, l\u2019equilibrio politico appare sempre pi\u00f9 fragile.<\/p>\n<p><strong>Un equilibrio instabile<\/strong><\/p>\n<p>Ursula von der Leyen esce formalmente rafforzata, ma il suo scudo politico mostra crepe evidenti. Accusata di autoritarismo e opacit\u00e0, attaccata da destra e mal digerita da sinistra, continua la sua corsa verso un possibile secondo mandato. Ma con un\u2019Europa sempre pi\u00f9 divisa, e con una Commissione percepita da molti come lontana dai cittadini, la tenuta della legislatura resta appesa a un filo.<\/p>","protected":false},"excerpt":{"rendered":"<p>Strasburgo \u2013 Mentre a Strasburgo il Parlamento europeo discuteva una mozione di sfiducia nei suoi confronti, Ursula von der Leyen sfilava impassibile a Roma, partecipando alla Conferenza per la ricostruzione dell&#8217;Ucraina. Un gesto simbolico, quasi provocatorio, che ha dato il tono a una giornata politicamente densa. Il tentativo di censura nei confronti della presidente della [&hellip;]<\/p>\n","protected":false},"author":2,"featured_media":121061,"comment_status":"closed","ping_status":"open","sticky":false,"template":"","format":"standard","meta":{"footnotes":""},"categories":[5,3446,26],"tags":[],"class_list":["post-161715","post","type-post","status-publish","format-standard","has-post-thumbnail","category-cronaca","category-featured","category-prima-pagina"],"yoast_head":"<!-- This site is optimized with the Yoast SEO plugin v28.4 - https:\/\/yoast.com\/product\/yoast-seo-wordpress\/ -->\n<title>Von der Leyen resta in sella, ma l\u2019Europa scricchiola: tra sfiducia fallita e malumori interni, la presidente guarda altrove - Bellunopress - Dolomiti<\/title>\n<meta name=\"robots\" content=\"index, follow, max-snippet:-1, max-image-preview:large, max-video-preview:-1\" \/>\n<link rel=\"canonical\" href=\"https:\/\/www.bellunopress.it\/fr\/2025\/07\/12\/von-der-leyen-resta-in-sella-ma-leuropa-scricchiola-tra-sfiducia-fallita-e-malumori-interni-la-presidente-guarda-altrove\/\" \/>\n<meta property=\"og:locale\" content=\"fr_FR\" \/>\n<meta property=\"og:type\" content=\"article\" \/>\n<meta property=\"og:title\" content=\"Von der Leyen resta in sella, ma l\u2019Europa scricchiola: tra sfiducia fallita e malumori interni, la presidente guarda altrove - Bellunopress - Dolomiti\" \/>\n<meta property=\"og:description\" content=\"Strasburgo \u2013 Mentre a Strasburgo il Parlamento europeo discuteva una mozione di sfiducia nei suoi confronti, Ursula von der Leyen sfilava impassibile a Roma, partecipando alla Conferenza per la ricostruzione dell&#8217;Ucraina. Un gesto simbolico, quasi provocatorio, che ha dato il tono a una giornata politicamente densa. Il tentativo di censura nei confronti della presidente della [&hellip;]\" \/>\n<meta property=\"og:url\" content=\"https:\/\/www.bellunopress.it\/fr\/2025\/07\/12\/von-der-leyen-resta-in-sella-ma-leuropa-scricchiola-tra-sfiducia-fallita-e-malumori-interni-la-presidente-guarda-altrove\/\" \/>\n<meta property=\"og:site_name\" content=\"Bellunopress - Dolomiti\" \/>\n<meta property=\"article:publisher\" content=\"https:\/\/www.facebook.com\/profile.php?id=100008943462799\" \/>\n<meta property=\"article:published_time\" content=\"2025-07-12T07:59:35+00:00\" \/>\n<meta property=\"og:image\" content=\"https:\/\/www.bellunopress.it\/wp-content\/uploads\/2021\/01\/Unione-Europea_edited.jpg\" \/>\n\t<meta property=\"og:image:width\" content=\"1000\" \/>\n\t<meta property=\"og:image:height\" content=\"668\" \/>\n\t<meta property=\"og:image:type\" content=\"image\/jpeg\" \/>\n<meta name=\"author\" content=\"redazione\" \/>\n<meta name=\"twitter:card\" content=\"summary_large_image\" \/>\n<meta name=\"twitter:creator\" content=\"@bellunopress\" \/>\n<meta name=\"twitter:site\" content=\"@bellunopress\" \/>\n<meta name=\"twitter:label1\" content=\"\u00c9crit par\" \/>\n\t<meta name=\"twitter:data1\" content=\"redazione\" \/>\n\t<meta name=\"twitter:label2\" content=\"Dur\u00e9e de lecture estim\u00e9e\" \/>\n\t<meta name=\"twitter:data2\" content=\"3 minutes\" \/>\n<script type=\"application\/ld+json\" class=\"yoast-schema-graph\">{\"@context\":\"https:\\\/\\\/schema.org\",\"@graph\":[{\"@type\":\"Article\",\"@id\":\"https:\\\/\\\/www.bellunopress.it\\\/2025\\\/07\\\/12\\\/von-der-leyen-resta-in-sella-ma-leuropa-scricchiola-tra-sfiducia-fallita-e-malumori-interni-la-presidente-guarda-altrove\\\/#article\",\"isPartOf\":{\"@id\":\"https:\\\/\\\/www.bellunopress.it\\\/2025\\\/07\\\/12\\\/von-der-leyen-resta-in-sella-ma-leuropa-scricchiola-tra-sfiducia-fallita-e-malumori-interni-la-presidente-guarda-altrove\\\/\"},\"author\":{\"name\":\"redazione\",\"@id\":\"https:\\\/\\\/www.bellunopress.it\\\/#\\\/schema\\\/person\\\/79bb06722b37ece1c03d3e94beb30d73\"},\"headline\":\"Von der Leyen resta in sella, ma l\u2019Europa scricchiola: tra sfiducia fallita e malumori interni, la presidente guarda altrove\",\"datePublished\":\"2025-07-12T07:59:35+00:00\",\"mainEntityOfPage\":{\"@id\":\"https:\\\/\\\/www.bellunopress.it\\\/2025\\\/07\\\/12\\\/von-der-leyen-resta-in-sella-ma-leuropa-scricchiola-tra-sfiducia-fallita-e-malumori-interni-la-presidente-guarda-altrove\\\/\"},\"wordCount\":526,\"publisher\":{\"@id\":\"https:\\\/\\\/www.bellunopress.it\\\/#organization\"},\"image\":{\"@id\":\"https:\\\/\\\/www.bellunopress.it\\\/2025\\\/07\\\/12\\\/von-der-leyen-resta-in-sella-ma-leuropa-scricchiola-tra-sfiducia-fallita-e-malumori-interni-la-presidente-guarda-altrove\\\/#primaryimage\"},\"thumbnailUrl\":\"https:\\\/\\\/www.bellunopress.it\\\/wp-content\\\/uploads\\\/2021\\\/01\\\/Unione-Europea_edited.jpg\",\"articleSection\":[\"Cronaca\\\/Politica\",\"Featured\",\"Prima Pagina\"],\"inLanguage\":\"fr-FR\"},{\"@type\":\"WebPage\",\"@id\":\"https:\\\/\\\/www.bellunopress.it\\\/2025\\\/07\\\/12\\\/von-der-leyen-resta-in-sella-ma-leuropa-scricchiola-tra-sfiducia-fallita-e-malumori-interni-la-presidente-guarda-altrove\\\/\",\"url\":\"https:\\\/\\\/www.bellunopress.it\\\/2025\\\/07\\\/12\\\/von-der-leyen-resta-in-sella-ma-leuropa-scricchiola-tra-sfiducia-fallita-e-malumori-interni-la-presidente-guarda-altrove\\\/\",\"name\":\"Von der Leyen resta in sella, ma l\u2019Europa scricchiola: tra sfiducia fallita e malumori interni, la presidente guarda altrove - Bellunopress - Dolomiti\",\"isPartOf\":{\"@id\":\"https:\\\/\\\/www.bellunopress.it\\\/#website\"},\"primaryImageOfPage\":{\"@id\":\"https:\\\/\\\/www.bellunopress.it\\\/2025\\\/07\\\/12\\\/von-der-leyen-resta-in-sella-ma-leuropa-scricchiola-tra-sfiducia-fallita-e-malumori-interni-la-presidente-guarda-altrove\\\/#primaryimage\"},\"image\":{\"@id\":\"https:\\\/\\\/www.bellunopress.it\\\/2025\\\/07\\\/12\\\/von-der-leyen-resta-in-sella-ma-leuropa-scricchiola-tra-sfiducia-fallita-e-malumori-interni-la-presidente-guarda-altrove\\\/#primaryimage\"},\"thumbnailUrl\":\"https:\\\/\\\/www.bellunopress.it\\\/wp-content\\\/uploads\\\/2021\\\/01\\\/Unione-Europea_edited.jpg\",\"datePublished\":\"2025-07-12T07:59:35+00:00\",\"breadcrumb\":{\"@id\":\"https:\\\/\\\/www.bellunopress.it\\\/2025\\\/07\\\/12\\\/von-der-leyen-resta-in-sella-ma-leuropa-scricchiola-tra-sfiducia-fallita-e-malumori-interni-la-presidente-guarda-altrove\\\/#breadcrumb\"},\"inLanguage\":\"fr-FR\",\"potentialAction\":[{\"@type\":\"ReadAction\",\"target\":[\"https:\\\/\\\/www.bellunopress.it\\\/2025\\\/07\\\/12\\\/von-der-leyen-resta-in-sella-ma-leuropa-scricchiola-tra-sfiducia-fallita-e-malumori-interni-la-presidente-guarda-altrove\\\/\"]}]},{\"@type\":\"ImageObject\",\"inLanguage\":\"fr-FR\",\"@id\":\"https:\\\/\\\/www.bellunopress.it\\\/2025\\\/07\\\/12\\\/von-der-leyen-resta-in-sella-ma-leuropa-scricchiola-tra-sfiducia-fallita-e-malumori-interni-la-presidente-guarda-altrove\\\/#primaryimage\",\"url\":\"https:\\\/\\\/www.bellunopress.it\\\/wp-content\\\/uploads\\\/2021\\\/01\\\/Unione-Europea_edited.jpg\",\"contentUrl\":\"https:\\\/\\\/www.bellunopress.it\\\/wp-content\\\/uploads\\\/2021\\\/01\\\/Unione-Europea_edited.jpg\",\"width\":1000,\"height\":668,\"caption\":\"Parlamento Europeo - Strasburgo\"},{\"@type\":\"BreadcrumbList\",\"@id\":\"https:\\\/\\\/www.bellunopress.it\\\/2025\\\/07\\\/12\\\/von-der-leyen-resta-in-sella-ma-leuropa-scricchiola-tra-sfiducia-fallita-e-malumori-interni-la-presidente-guarda-altrove\\\/#breadcrumb\",\"itemListElement\":[{\"@type\":\"ListItem\",\"position\":1,\"name\":\"Home\",\"item\":\"https:\\\/\\\/www.bellunopress.it\\\/\"},{\"@type\":\"ListItem\",\"position\":2,\"name\":\"Von der Leyen resta in sella, ma l\u2019Europa scricchiola: tra sfiducia fallita e malumori interni, la presidente guarda altrove\"}]},{\"@type\":\"WebSite\",\"@id\":\"https:\\\/\\\/www.bellunopress.it\\\/#website\",\"url\":\"https:\\\/\\\/www.bellunopress.it\\\/\",\"name\":\"Bellunopress - Dolomiti\",\"description\":\"e-mail: redazione@bellunopress.it\",\"publisher\":{\"@id\":\"https:\\\/\\\/www.bellunopress.it\\\/#organization\"},\"potentialAction\":[{\"@type\":\"SearchAction\",\"target\":{\"@type\":\"EntryPoint\",\"urlTemplate\":\"https:\\\/\\\/www.bellunopress.it\\\/?s={search_term_string}\"},\"query-input\":{\"@type\":\"PropertyValueSpecification\",\"valueRequired\":true,\"valueName\":\"search_term_string\"}}],\"inLanguage\":\"fr-FR\"},{\"@type\":\"Organization\",\"@id\":\"https:\\\/\\\/www.bellunopress.it\\\/#organization\",\"name\":\"Bellunopress\",\"url\":\"https:\\\/\\\/www.bellunopress.it\\\/\",\"logo\":{\"@type\":\"ImageObject\",\"inLanguage\":\"fr-FR\",\"@id\":\"https:\\\/\\\/www.bellunopress.it\\\/#\\\/schema\\\/logo\\\/image\\\/\",\"url\":\"https:\\\/\\\/www.bellunopress.it\\\/wp-content\\\/uploads\\\/2011\\\/05\\\/cropped-logo-bellunopress-.jpg\",\"contentUrl\":\"https:\\\/\\\/www.bellunopress.it\\\/wp-content\\\/uploads\\\/2011\\\/05\\\/cropped-logo-bellunopress-.jpg\",\"width\":512,\"height\":512,\"caption\":\"Bellunopress\"},\"image\":{\"@id\":\"https:\\\/\\\/www.bellunopress.it\\\/#\\\/schema\\\/logo\\\/image\\\/\"},\"sameAs\":[\"https:\\\/\\\/www.facebook.com\\\/profile.php?id=100008943462799\",\"https:\\\/\\\/x.com\\\/bellunopress\",\"https:\\\/\\\/www.linkedin.com\\\/hp\\\/?dnr=JBzUWaJfMUw8vbXJJ2tVW5-I3jZKvC4wsoxE&amp;amp;amp;amp;amp;amp;trk=nav_responsive_tab_home\",\"https:\\\/\\\/www.youtube.com\\\/channel\\\/UCxL0wu1uN0_3_7hGG0306cw\"]},{\"@type\":\"Person\",\"@id\":\"https:\\\/\\\/www.bellunopress.it\\\/#\\\/schema\\\/person\\\/79bb06722b37ece1c03d3e94beb30d73\",\"name\":\"redazione\",\"image\":{\"@type\":\"ImageObject\",\"inLanguage\":\"fr-FR\",\"@id\":\"https:\\\/\\\/secure.gravatar.com\\\/avatar\\\/37d968a2e67a6fd04c169c4bdef102d0bc5d31b2546345219e348575eb80e9a0?s=96&d=mm&r=g\",\"url\":\"https:\\\/\\\/secure.gravatar.com\\\/avatar\\\/37d968a2e67a6fd04c169c4bdef102d0bc5d31b2546345219e348575eb80e9a0?s=96&d=mm&r=g\",\"contentUrl\":\"https:\\\/\\\/secure.gravatar.com\\\/avatar\\\/37d968a2e67a6fd04c169c4bdef102d0bc5d31b2546345219e348575eb80e9a0?s=96&d=mm&r=g\",\"caption\":\"redazione\"},\"sameAs\":[\"http:\\\/\\\/www.bellunopress.it\",\"https:\\\/\\\/x.com\\\/bellunopress\"],\"url\":\"https:\\\/\\\/www.bellunopress.it\\\/fr\\\/author\\\/redazione\\\/\"}]}<\/script>\n<!-- \/ Yoast SEO plugin. -->","yoast_head_json":{"title":"Von der Leyen resta in sella, ma l\u2019Europa scricchiola: tra sfiducia fallita e malumori interni, la presidente guarda altrove - Bellunopress - Dolomiti","robots":{"index":"index","follow":"follow","max-snippet":"max-snippet:-1","max-image-preview":"max-image-preview:large","max-video-preview":"max-video-preview:-1"},"canonical":"https:\/\/www.bellunopress.it\/fr\/2025\/07\/12\/von-der-leyen-resta-in-sella-ma-leuropa-scricchiola-tra-sfiducia-fallita-e-malumori-interni-la-presidente-guarda-altrove\/","og_locale":"fr_FR","og_type":"article","og_title":"Von der Leyen resta in sella, ma l\u2019Europa scricchiola: tra sfiducia fallita e malumori interni, la presidente guarda altrove - Bellunopress - Dolomiti","og_description":"Strasburgo \u2013 Mentre a Strasburgo il Parlamento europeo discuteva una mozione di sfiducia nei suoi confronti, Ursula von der Leyen sfilava impassibile a Roma, partecipando alla Conferenza per la ricostruzione dell&#8217;Ucraina. Un gesto simbolico, quasi provocatorio, che ha dato il tono a una giornata politicamente densa. Il tentativo di censura nei confronti della presidente della [&hellip;]","og_url":"https:\/\/www.bellunopress.it\/fr\/2025\/07\/12\/von-der-leyen-resta-in-sella-ma-leuropa-scricchiola-tra-sfiducia-fallita-e-malumori-interni-la-presidente-guarda-altrove\/","og_site_name":"Bellunopress - Dolomiti","article_publisher":"https:\/\/www.facebook.com\/profile.php?id=100008943462799","article_published_time":"2025-07-12T07:59:35+00:00","og_image":[{"width":1000,"height":668,"url":"https:\/\/www.bellunopress.it\/wp-content\/uploads\/2021\/01\/Unione-Europea_edited.jpg","type":"image\/jpeg"}],"author":"redazione","twitter_card":"summary_large_image","twitter_creator":"@bellunopress","twitter_site":"@bellunopress","twitter_misc":{"\u00c9crit par":"redazione","Dur\u00e9e de lecture estim\u00e9e":"3 minutes"},"schema":{"@context":"https:\/\/schema.org","@graph":[{"@type":"Article","@id":"https:\/\/www.bellunopress.it\/2025\/07\/12\/von-der-leyen-resta-in-sella-ma-leuropa-scricchiola-tra-sfiducia-fallita-e-malumori-interni-la-presidente-guarda-altrove\/#article","isPartOf":{"@id":"https:\/\/www.bellunopress.it\/2025\/07\/12\/von-der-leyen-resta-in-sella-ma-leuropa-scricchiola-tra-sfiducia-fallita-e-malumori-interni-la-presidente-guarda-altrove\/"},"author":{"name":"redazione","@id":"https:\/\/www.bellunopress.it\/#\/schema\/person\/79bb06722b37ece1c03d3e94beb30d73"},"headline":"Von der Leyen resta in sella, ma l\u2019Europa scricchiola: tra sfiducia fallita e malumori interni, la presidente guarda altrove","datePublished":"2025-07-12T07:59:35+00:00","mainEntityOfPage":{"@id":"https:\/\/www.bellunopress.it\/2025\/07\/12\/von-der-leyen-resta-in-sella-ma-leuropa-scricchiola-tra-sfiducia-fallita-e-malumori-interni-la-presidente-guarda-altrove\/"},"wordCount":526,"publisher":{"@id":"https:\/\/www.bellunopress.it\/#organization"},"image":{"@id":"https:\/\/www.bellunopress.it\/2025\/07\/12\/von-der-leyen-resta-in-sella-ma-leuropa-scricchiola-tra-sfiducia-fallita-e-malumori-interni-la-presidente-guarda-altrove\/#primaryimage"},"thumbnailUrl":"https:\/\/www.bellunopress.it\/wp-content\/uploads\/2021\/01\/Unione-Europea_edited.jpg","articleSection":["Cronaca\/Politica","Featured","Prima Pagina"],"inLanguage":"fr-FR"},{"@type":"WebPage","@id":"https:\/\/www.bellunopress.it\/2025\/07\/12\/von-der-leyen-resta-in-sella-ma-leuropa-scricchiola-tra-sfiducia-fallita-e-malumori-interni-la-presidente-guarda-altrove\/","url":"https:\/\/www.bellunopress.it\/2025\/07\/12\/von-der-leyen-resta-in-sella-ma-leuropa-scricchiola-tra-sfiducia-fallita-e-malumori-interni-la-presidente-guarda-altrove\/","name":"Von der Leyen resta in sella, ma l\u2019Europa scricchiola: tra sfiducia fallita e malumori interni, la presidente guarda altrove - Bellunopress - Dolomiti","isPartOf":{"@id":"https:\/\/www.bellunopress.it\/#website"},"primaryImageOfPage":{"@id":"https:\/\/www.bellunopress.it\/2025\/07\/12\/von-der-leyen-resta-in-sella-ma-leuropa-scricchiola-tra-sfiducia-fallita-e-malumori-interni-la-presidente-guarda-altrove\/#primaryimage"},"image":{"@id":"https:\/\/www.bellunopress.it\/2025\/07\/12\/von-der-leyen-resta-in-sella-ma-leuropa-scricchiola-tra-sfiducia-fallita-e-malumori-interni-la-presidente-guarda-altrove\/#primaryimage"},"thumbnailUrl":"https:\/\/www.bellunopress.it\/wp-content\/uploads\/2021\/01\/Unione-Europea_edited.jpg","datePublished":"2025-07-12T07:59:35+00:00","breadcrumb":{"@id":"https:\/\/www.bellunopress.it\/2025\/07\/12\/von-der-leyen-resta-in-sella-ma-leuropa-scricchiola-tra-sfiducia-fallita-e-malumori-interni-la-presidente-guarda-altrove\/#breadcrumb"},"inLanguage":"fr-FR","potentialAction":[{"@type":"ReadAction","target":["https:\/\/www.bellunopress.it\/2025\/07\/12\/von-der-leyen-resta-in-sella-ma-leuropa-scricchiola-tra-sfiducia-fallita-e-malumori-interni-la-presidente-guarda-altrove\/"]}]},{"@type":"ImageObject","inLanguage":"fr-FR","@id":"https:\/\/www.bellunopress.it\/2025\/07\/12\/von-der-leyen-resta-in-sella-ma-leuropa-scricchiola-tra-sfiducia-fallita-e-malumori-interni-la-presidente-guarda-altrove\/#primaryimage","url":"https:\/\/www.bellunopress.it\/wp-content\/uploads\/2021\/01\/Unione-Europea_edited.jpg","contentUrl":"https:\/\/www.bellunopress.it\/wp-content\/uploads\/2021\/01\/Unione-Europea_edited.jpg","width":1000,"height":668,"caption":"Parlamento Europeo - Strasburgo"},{"@type":"BreadcrumbList","@id":"https:\/\/www.bellunopress.it\/2025\/07\/12\/von-der-leyen-resta-in-sella-ma-leuropa-scricchiola-tra-sfiducia-fallita-e-malumori-interni-la-presidente-guarda-altrove\/#breadcrumb","itemListElement":[{"@type":"ListItem","position":1,"name":"Home","item":"https:\/\/www.bellunopress.it\/"},{"@type":"ListItem","position":2,"name":"Von der Leyen resta in sella, ma l\u2019Europa scricchiola: tra sfiducia fallita e malumori interni, la presidente guarda altrove"}]},{"@type":"WebSite","@id":"https:\/\/www.bellunopress.it\/#website","url":"https:\/\/www.bellunopress.it\/","name":"Bellunopress - Dolomiti","description":"e-mail: redazione@bellunopress.it","publisher":{"@id":"https:\/\/www.bellunopress.it\/#organization"},"potentialAction":[{"@type":"SearchAction","target":{"@type":"EntryPoint","urlTemplate":"https:\/\/www.bellunopress.it\/?s={search_term_string}"},"query-input":{"@type":"PropertyValueSpecification","valueRequired":true,"valueName":"search_term_string"}}],"inLanguage":"fr-FR"},{"@type":"Organization","@id":"https:\/\/www.bellunopress.it\/#organization","name":"Bellunopress","url":"https:\/\/www.bellunopress.it\/","logo":{"@type":"ImageObject","inLanguage":"fr-FR","@id":"https:\/\/www.bellunopress.it\/#\/schema\/logo\/image\/","url":"https:\/\/www.bellunopress.it\/wp-content\/uploads\/2011\/05\/cropped-logo-bellunopress-.jpg","contentUrl":"https:\/\/www.bellunopress.it\/wp-content\/uploads\/2011\/05\/cropped-logo-bellunopress-.jpg","width":512,"height":512,"caption":"Bellunopress"},"image":{"@id":"https:\/\/www.bellunopress.it\/#\/schema\/logo\/image\/"},"sameAs":["https:\/\/www.facebook.com\/profile.php?id=100008943462799","https:\/\/x.com\/bellunopress","https:\/\/www.linkedin.com\/hp\/?dnr=JBzUWaJfMUw8vbXJJ2tVW5-I3jZKvC4wsoxE&amp;amp;amp;amp;amp;amp;trk=nav_responsive_tab_home","https:\/\/www.youtube.com\/channel\/UCxL0wu1uN0_3_7hGG0306cw"]},{"@type":"Person","@id":"https:\/\/www.bellunopress.it\/#\/schema\/person\/79bb06722b37ece1c03d3e94beb30d73","name":"r\u00e9daction","image":{"@type":"ImageObject","inLanguage":"fr-FR","@id":"https:\/\/secure.gravatar.com\/avatar\/37d968a2e67a6fd04c169c4bdef102d0bc5d31b2546345219e348575eb80e9a0?s=96&d=mm&r=g","url":"https:\/\/secure.gravatar.com\/avatar\/37d968a2e67a6fd04c169c4bdef102d0bc5d31b2546345219e348575eb80e9a0?s=96&d=mm&r=g","contentUrl":"https:\/\/secure.gravatar.com\/avatar\/37d968a2e67a6fd04c169c4bdef102d0bc5d31b2546345219e348575eb80e9a0?s=96&d=mm&r=g","caption":"redazione"},"sameAs":["http:\/\/www.bellunopress.it","https:\/\/x.com\/bellunopress"],"url":"https:\/\/www.bellunopress.it\/fr\/author\/redazione\/"}]}},"_links":{"self":[{"href":"https:\/\/www.bellunopress.it\/fr\/wp-json\/wp\/v2\/posts\/161715","targetHints":{"allow":["GET"]}}],"collection":[{"href":"https:\/\/www.bellunopress.it\/fr\/wp-json\/wp\/v2\/posts"}],"about":[{"href":"https:\/\/www.bellunopress.it\/fr\/wp-json\/wp\/v2\/types\/post"}],"author":[{"embeddable":true,"href":"https:\/\/www.bellunopress.it\/fr\/wp-json\/wp\/v2\/users\/2"}],"replies":[{"embeddable":true,"href":"https:\/\/www.bellunopress.it\/fr\/wp-json\/wp\/v2\/comments?post=161715"}],"version-history":[{"count":1,"href":"https:\/\/www.bellunopress.it\/fr\/wp-json\/wp\/v2\/posts\/161715\/revisions"}],"predecessor-version":[{"id":161716,"href":"https:\/\/www.bellunopress.it\/fr\/wp-json\/wp\/v2\/posts\/161715\/revisions\/161716"}],"wp:featuredmedia":[{"embeddable":true,"href":"https:\/\/www.bellunopress.it\/fr\/wp-json\/wp\/v2\/media\/121061"}],"wp:attachment":[{"href":"https:\/\/www.bellunopress.it\/fr\/wp-json\/wp\/v2\/media?parent=161715"}],"wp:term":[{"taxonomy":"category","embeddable":true,"href":"https:\/\/www.bellunopress.it\/fr\/wp-json\/wp\/v2\/categories?post=161715"},{"taxonomy":"post_tag","embeddable":true,"href":"https:\/\/www.bellunopress.it\/fr\/wp-json\/wp\/v2\/tags?post=161715"}],"curies":[{"name":"wp","href":"https:\/\/api.w.org\/{rel}","templated":true}]}}