{"id":161689,"date":"2025-07-11T07:04:38","date_gmt":"2025-07-11T05:04:38","guid":{"rendered":"https:\/\/www.bellunopress.it\/?p=161689"},"modified":"2025-07-11T07:04:38","modified_gmt":"2025-07-11T05:04:38","slug":"la-scena-muta-allesame-e-leco-del-68-quando-la-scuola-diventa-palcoscenico-del-dissenso","status":"publish","type":"post","link":"https:\/\/www.bellunopress.it\/fr\/2025\/07\/11\/la-scena-muta-allesame-e-leco-del-68-quando-la-scuola-diventa-palcoscenico-del-dissenso\/","title":{"rendered":"La &#8220;Scena muta&#8221; all&#8217;esame e l&#8217;eco del &#8217;68: quando la scuola diventa palcoscenico del dissenso"},"content":{"rendered":"<p><img loading=\"lazy\" decoding=\"async\" class=\"aligncenter size-full wp-image-126810\" src=\"https:\/\/www.bellunopress.it\/wp-content\/uploads\/2021\/08\/studenti-scuola_edited.jpg\" alt=\"\" width=\"800\" height=\"533\" srcset=\"https:\/\/www.bellunopress.it\/wp-content\/uploads\/2021\/08\/studenti-scuola_edited.jpg 800w, https:\/\/www.bellunopress.it\/wp-content\/uploads\/2021\/08\/studenti-scuola_edited-500x333.jpg 500w, https:\/\/www.bellunopress.it\/wp-content\/uploads\/2021\/08\/studenti-scuola_edited-696x464.jpg 696w, https:\/\/www.bellunopress.it\/wp-content\/uploads\/2021\/08\/studenti-scuola_edited-630x420.jpg 630w\" sizes=\"auto, (max-width: 800px) 100vw, 800px\" \/>Un silenzio all&#8217;esame orale carico di significato. Due studenti, uno da Padova e una studentessa del Liceo scientifico &#8220;Galilei&#8221; di Belluno, hanno scelto la &#8220;scena muta&#8221; all&#8217;esame di maturit\u00e0 come forma di protesta contro un sistema didattico e valutativo che definiscono &#8220;antipedagogico&#8221;.<\/p>\n<p>La scuola scopre cos\u00ec che la legge consente agli studenti di rifiutare l&#8217;esame orale senza che questo comporti la bocciatura. E allora il ministro Valditara interviene per arginare la falla: chi far\u00e0 &#8220;scena muta&#8221; sar\u00e0 bocciato. La dichiarazione accende il dibattito e solleva interrogativi profondi sulla libert\u00e0 di espressione all&#8217;interno del sistema scolastico italiano.<\/p>\n<p>L&#8217;episodio odierno ci riporta, con un&#8217;eco sorprendente, alle fermentanti stagioni di contestazione giovanile, in particolare al Movimento del Sessantotto. Allora come oggi, gli studenti si sono fatti portavoce di un malessere diffuso, rifiutando un&#8217;istruzione percepita come autoritaria, nozionistica e lontana dalle loro esigenze. Se nel &#8217;68 la contestazione era mossa da un desiderio di rottura radicale con le istituzioni e i valori tradizionali, oggi gli studenti, pur con modalit\u00e0 diverse, esprimono un disagio analogo nei confronti di una scuola che, secondo loro, &#8220;criminalizza il dissenso&#8221; e &#8220;trasforma i luoghi del sapere secondo il paradigma dell&#8217;obbedienza e della repressione&#8221;.<\/p>\n<p>Le parole di Paolo Notarnicola, coordinatore nazionale della Rete degli Studenti Medi, risuonano come un monito: &#8220;Il ministro Valditara continua la sua strategia di smantellamento &#8216;a singhiozzo&#8217; della democrazia scolastica. Siamo infatti di fronte all&#8217;ennesima riforma volta a punire ogni forma di dissenso&#8230; \u00c8 un tentativo palese di criminalizzare il dissenso e di zittire con la forza ogni forma di contestazione&#8221;. Questa accusa di autoritarismo e repressione richiama direttamente le critiche mosse al sistema scolastico del Sessantotto, percepito come un apparato volto a formare individui omologati e non pensatori critici.<\/p>\n<p>Analogamente, Viola Carollo, coordinatrice regionale della Rete degli Studenti Medi del Veneto, sottolinea come la &#8220;scuola del merito&#8221; voluta dal governo sia un fallimento, un sistema che &#8220;schiccia&#8221; e &#8220;riduce le nostre vite a un numero, a un voto&#8221;. Il grido degli studenti del &#8217;68 era proprio quello di una scuola che promuovesse la libert\u00e0 di pensiero, lo sviluppo critico e non la mera acquisizione di nozioni. Allora si contestava la lezione frontale, l&#8217;assenza di dialogo, la gerarchia oppressiva; oggi si critica una scuola che trascura il &#8220;benessere psicologico&#8221; e trasforma l&#8217;apprendimento in una &#8220;gara tossica alla performance&#8221;.<\/p>\n<p>Certo, le differenze tra le due epoche sono evidenti. Il &#8217;68 fu un movimento di massa, globale, caratterizzato da un forte impegno politico e da rivendicazioni spesso radicali. La protesta odierna, per quanto significativa, \u00e8 ancora circoscritta a singoli episodi. Tuttavia, il comune denominatore \u00e8 il rifiuto di un&#8217;educazione che non tenga conto della persona nella sua interezza, che privilegi la performance sulla crescita, l&#8217;obbedienza sul pensiero critico.<\/p>\n<p>La &#8220;scena muta&#8221; degli studenti di Padova e Belluno non \u00e8 un semplice capriccio, ma un atto di protesta che richiama l&#8217;attenzione su questioni fondamentali: la qualit\u00e0 dell&#8217;istruzione, il ruolo dello studente come individuo pensante, la necessit\u00e0 di una scuola che sia luogo di crescita e non di mera valutazione. Mentre si discute di &#8220;criminalizzare il dissenso&#8221;, di &#8220;caduta a pezzi delle scuole&#8221;, di &#8220;caro libri&#8221; e di &#8220;dispersione scolastica&#8221;, gli studenti ci ricordano che la vera sfida \u00e8 costruire una scuola che risponda ai bisogni reali della giovent\u00f9, una scuola che non abbia paura del silenzio, soprattutto se questo silenzio \u00e8 carico di significato e di richiesta di cambiamento.<\/p>\n<p>Il rischio, come nel &#8217;68, \u00e8 che le istituzioni non colgano il profondo disagio che si cela dietro queste proteste, scegliendo la via della repressione anzich\u00e9 quella del dialogo. In un&#8217;epoca di profonde trasformazioni, il silenzio degli studenti potrebbe essere il pi\u00f9 eloquente dei messaggi.<\/p>","protected":false},"excerpt":{"rendered":"<p>Un silenzio all&#8217;esame orale carico di significato. Due studenti, uno da Padova e una studentessa del Liceo scientifico &#8220;Galilei&#8221; di Belluno, hanno scelto la &#8220;scena muta&#8221; all&#8217;esame di maturit\u00e0 come forma di protesta contro un sistema didattico e valutativo che definiscono &#8220;antipedagogico&#8221;. La scuola scopre cos\u00ec che la legge consente agli studenti di rifiutare l&#8217;esame [&hellip;]<\/p>\n","protected":false},"author":2,"featured_media":126810,"comment_status":"closed","ping_status":"open","sticky":false,"template":"","format":"standard","meta":{"footnotes":""},"categories":[26,15],"tags":[],"class_list":["post-161689","post","type-post","status-publish","format-standard","has-post-thumbnail","category-prima-pagina","category-scuola"],"yoast_head":"<!-- This site is optimized with the Yoast SEO plugin v28.4 - https:\/\/yoast.com\/product\/yoast-seo-wordpress\/ -->\n<title>La &quot;Scena muta&quot; all&#039;esame e l&#039;eco del &#039;68: quando la scuola diventa palcoscenico del dissenso - Bellunopress - Dolomiti<\/title>\n<meta name=\"robots\" content=\"index, follow, max-snippet:-1, max-image-preview:large, max-video-preview:-1\" \/>\n<link rel=\"canonical\" href=\"https:\/\/www.bellunopress.it\/fr\/2025\/07\/11\/la-scena-muta-allesame-e-leco-del-68-quando-la-scuola-diventa-palcoscenico-del-dissenso\/\" \/>\n<meta property=\"og:locale\" content=\"fr_FR\" \/>\n<meta property=\"og:type\" content=\"article\" \/>\n<meta property=\"og:title\" content=\"La &quot;Scena muta&quot; all&#039;esame e l&#039;eco del &#039;68: quando la scuola diventa palcoscenico del dissenso - Bellunopress - Dolomiti\" \/>\n<meta property=\"og:description\" content=\"Un silenzio all&#8217;esame orale carico di significato. Due studenti, uno da Padova e una studentessa del Liceo scientifico &#8220;Galilei&#8221; di Belluno, hanno scelto la &#8220;scena muta&#8221; all&#8217;esame di maturit\u00e0 come forma di protesta contro un sistema didattico e valutativo che definiscono &#8220;antipedagogico&#8221;. La scuola scopre cos\u00ec che la legge consente agli studenti di rifiutare l&#8217;esame [&hellip;]\" \/>\n<meta property=\"og:url\" content=\"https:\/\/www.bellunopress.it\/fr\/2025\/07\/11\/la-scena-muta-allesame-e-leco-del-68-quando-la-scuola-diventa-palcoscenico-del-dissenso\/\" \/>\n<meta property=\"og:site_name\" content=\"Bellunopress - Dolomiti\" \/>\n<meta property=\"article:publisher\" content=\"https:\/\/www.facebook.com\/profile.php?id=100008943462799\" \/>\n<meta property=\"article:published_time\" content=\"2025-07-11T05:04:38+00:00\" \/>\n<meta property=\"og:image\" content=\"https:\/\/www.bellunopress.it\/wp-content\/uploads\/2021\/08\/studenti-scuola_edited.jpg\" \/>\n\t<meta property=\"og:image:width\" content=\"800\" \/>\n\t<meta property=\"og:image:height\" content=\"533\" \/>\n\t<meta property=\"og:image:type\" content=\"image\/jpeg\" \/>\n<meta name=\"author\" content=\"redazione\" \/>\n<meta name=\"twitter:card\" content=\"summary_large_image\" \/>\n<meta name=\"twitter:creator\" content=\"@bellunopress\" \/>\n<meta name=\"twitter:site\" content=\"@bellunopress\" \/>\n<meta name=\"twitter:label1\" content=\"\u00c9crit par\" \/>\n\t<meta name=\"twitter:data1\" content=\"redazione\" \/>\n\t<meta name=\"twitter:label2\" content=\"Dur\u00e9e de lecture estim\u00e9e\" \/>\n\t<meta name=\"twitter:data2\" content=\"3 minutes\" \/>\n<script type=\"application\/ld+json\" class=\"yoast-schema-graph\">{\"@context\":\"https:\\\/\\\/schema.org\",\"@graph\":[{\"@type\":\"Article\",\"@id\":\"https:\\\/\\\/www.bellunopress.it\\\/2025\\\/07\\\/11\\\/la-scena-muta-allesame-e-leco-del-68-quando-la-scuola-diventa-palcoscenico-del-dissenso\\\/#article\",\"isPartOf\":{\"@id\":\"https:\\\/\\\/www.bellunopress.it\\\/2025\\\/07\\\/11\\\/la-scena-muta-allesame-e-leco-del-68-quando-la-scuola-diventa-palcoscenico-del-dissenso\\\/\"},\"author\":{\"name\":\"redazione\",\"@id\":\"https:\\\/\\\/www.bellunopress.it\\\/#\\\/schema\\\/person\\\/79bb06722b37ece1c03d3e94beb30d73\"},\"headline\":\"La &#8220;Scena muta&#8221; all&#8217;esame e l&#8217;eco del &#8217;68: quando la scuola diventa palcoscenico del dissenso\",\"datePublished\":\"2025-07-11T05:04:38+00:00\",\"mainEntityOfPage\":{\"@id\":\"https:\\\/\\\/www.bellunopress.it\\\/2025\\\/07\\\/11\\\/la-scena-muta-allesame-e-leco-del-68-quando-la-scuola-diventa-palcoscenico-del-dissenso\\\/\"},\"wordCount\":626,\"publisher\":{\"@id\":\"https:\\\/\\\/www.bellunopress.it\\\/#organization\"},\"image\":{\"@id\":\"https:\\\/\\\/www.bellunopress.it\\\/2025\\\/07\\\/11\\\/la-scena-muta-allesame-e-leco-del-68-quando-la-scuola-diventa-palcoscenico-del-dissenso\\\/#primaryimage\"},\"thumbnailUrl\":\"https:\\\/\\\/www.bellunopress.it\\\/wp-content\\\/uploads\\\/2021\\\/08\\\/studenti-scuola_edited.jpg\",\"articleSection\":[\"Prima Pagina\",\"Scuola\"],\"inLanguage\":\"fr-FR\"},{\"@type\":\"WebPage\",\"@id\":\"https:\\\/\\\/www.bellunopress.it\\\/2025\\\/07\\\/11\\\/la-scena-muta-allesame-e-leco-del-68-quando-la-scuola-diventa-palcoscenico-del-dissenso\\\/\",\"url\":\"https:\\\/\\\/www.bellunopress.it\\\/2025\\\/07\\\/11\\\/la-scena-muta-allesame-e-leco-del-68-quando-la-scuola-diventa-palcoscenico-del-dissenso\\\/\",\"name\":\"La \\\"Scena muta\\\" all'esame e l'eco del '68: quando la scuola diventa palcoscenico del dissenso - Bellunopress - Dolomiti\",\"isPartOf\":{\"@id\":\"https:\\\/\\\/www.bellunopress.it\\\/#website\"},\"primaryImageOfPage\":{\"@id\":\"https:\\\/\\\/www.bellunopress.it\\\/2025\\\/07\\\/11\\\/la-scena-muta-allesame-e-leco-del-68-quando-la-scuola-diventa-palcoscenico-del-dissenso\\\/#primaryimage\"},\"image\":{\"@id\":\"https:\\\/\\\/www.bellunopress.it\\\/2025\\\/07\\\/11\\\/la-scena-muta-allesame-e-leco-del-68-quando-la-scuola-diventa-palcoscenico-del-dissenso\\\/#primaryimage\"},\"thumbnailUrl\":\"https:\\\/\\\/www.bellunopress.it\\\/wp-content\\\/uploads\\\/2021\\\/08\\\/studenti-scuola_edited.jpg\",\"datePublished\":\"2025-07-11T05:04:38+00:00\",\"breadcrumb\":{\"@id\":\"https:\\\/\\\/www.bellunopress.it\\\/2025\\\/07\\\/11\\\/la-scena-muta-allesame-e-leco-del-68-quando-la-scuola-diventa-palcoscenico-del-dissenso\\\/#breadcrumb\"},\"inLanguage\":\"fr-FR\",\"potentialAction\":[{\"@type\":\"ReadAction\",\"target\":[\"https:\\\/\\\/www.bellunopress.it\\\/2025\\\/07\\\/11\\\/la-scena-muta-allesame-e-leco-del-68-quando-la-scuola-diventa-palcoscenico-del-dissenso\\\/\"]}]},{\"@type\":\"ImageObject\",\"inLanguage\":\"fr-FR\",\"@id\":\"https:\\\/\\\/www.bellunopress.it\\\/2025\\\/07\\\/11\\\/la-scena-muta-allesame-e-leco-del-68-quando-la-scuola-diventa-palcoscenico-del-dissenso\\\/#primaryimage\",\"url\":\"https:\\\/\\\/www.bellunopress.it\\\/wp-content\\\/uploads\\\/2021\\\/08\\\/studenti-scuola_edited.jpg\",\"contentUrl\":\"https:\\\/\\\/www.bellunopress.it\\\/wp-content\\\/uploads\\\/2021\\\/08\\\/studenti-scuola_edited.jpg\",\"width\":800,\"height\":533},{\"@type\":\"BreadcrumbList\",\"@id\":\"https:\\\/\\\/www.bellunopress.it\\\/2025\\\/07\\\/11\\\/la-scena-muta-allesame-e-leco-del-68-quando-la-scuola-diventa-palcoscenico-del-dissenso\\\/#breadcrumb\",\"itemListElement\":[{\"@type\":\"ListItem\",\"position\":1,\"name\":\"Home\",\"item\":\"https:\\\/\\\/www.bellunopress.it\\\/\"},{\"@type\":\"ListItem\",\"position\":2,\"name\":\"La &#8220;Scena muta&#8221; all&#8217;esame e l&#8217;eco del &#8217;68: quando la scuola diventa palcoscenico del dissenso\"}]},{\"@type\":\"WebSite\",\"@id\":\"https:\\\/\\\/www.bellunopress.it\\\/#website\",\"url\":\"https:\\\/\\\/www.bellunopress.it\\\/\",\"name\":\"Bellunopress - Dolomiti\",\"description\":\"e-mail: redazione@bellunopress.it\",\"publisher\":{\"@id\":\"https:\\\/\\\/www.bellunopress.it\\\/#organization\"},\"potentialAction\":[{\"@type\":\"SearchAction\",\"target\":{\"@type\":\"EntryPoint\",\"urlTemplate\":\"https:\\\/\\\/www.bellunopress.it\\\/?s={search_term_string}\"},\"query-input\":{\"@type\":\"PropertyValueSpecification\",\"valueRequired\":true,\"valueName\":\"search_term_string\"}}],\"inLanguage\":\"fr-FR\"},{\"@type\":\"Organization\",\"@id\":\"https:\\\/\\\/www.bellunopress.it\\\/#organization\",\"name\":\"Bellunopress\",\"url\":\"https:\\\/\\\/www.bellunopress.it\\\/\",\"logo\":{\"@type\":\"ImageObject\",\"inLanguage\":\"fr-FR\",\"@id\":\"https:\\\/\\\/www.bellunopress.it\\\/#\\\/schema\\\/logo\\\/image\\\/\",\"url\":\"https:\\\/\\\/www.bellunopress.it\\\/wp-content\\\/uploads\\\/2011\\\/05\\\/cropped-logo-bellunopress-.jpg\",\"contentUrl\":\"https:\\\/\\\/www.bellunopress.it\\\/wp-content\\\/uploads\\\/2011\\\/05\\\/cropped-logo-bellunopress-.jpg\",\"width\":512,\"height\":512,\"caption\":\"Bellunopress\"},\"image\":{\"@id\":\"https:\\\/\\\/www.bellunopress.it\\\/#\\\/schema\\\/logo\\\/image\\\/\"},\"sameAs\":[\"https:\\\/\\\/www.facebook.com\\\/profile.php?id=100008943462799\",\"https:\\\/\\\/x.com\\\/bellunopress\",\"https:\\\/\\\/www.linkedin.com\\\/hp\\\/?dnr=JBzUWaJfMUw8vbXJJ2tVW5-I3jZKvC4wsoxE&amp;amp;amp;amp;amp;amp;trk=nav_responsive_tab_home\",\"https:\\\/\\\/www.youtube.com\\\/channel\\\/UCxL0wu1uN0_3_7hGG0306cw\"]},{\"@type\":\"Person\",\"@id\":\"https:\\\/\\\/www.bellunopress.it\\\/#\\\/schema\\\/person\\\/79bb06722b37ece1c03d3e94beb30d73\",\"name\":\"redazione\",\"image\":{\"@type\":\"ImageObject\",\"inLanguage\":\"fr-FR\",\"@id\":\"https:\\\/\\\/secure.gravatar.com\\\/avatar\\\/37d968a2e67a6fd04c169c4bdef102d0bc5d31b2546345219e348575eb80e9a0?s=96&d=mm&r=g\",\"url\":\"https:\\\/\\\/secure.gravatar.com\\\/avatar\\\/37d968a2e67a6fd04c169c4bdef102d0bc5d31b2546345219e348575eb80e9a0?s=96&d=mm&r=g\",\"contentUrl\":\"https:\\\/\\\/secure.gravatar.com\\\/avatar\\\/37d968a2e67a6fd04c169c4bdef102d0bc5d31b2546345219e348575eb80e9a0?s=96&d=mm&r=g\",\"caption\":\"redazione\"},\"sameAs\":[\"http:\\\/\\\/www.bellunopress.it\",\"https:\\\/\\\/x.com\\\/bellunopress\"],\"url\":\"https:\\\/\\\/www.bellunopress.it\\\/fr\\\/author\\\/redazione\\\/\"}]}<\/script>\n<!-- \/ Yoast SEO plugin. -->","yoast_head_json":{"title":"La \"Scena muta\" all'esame e l'eco del '68: quando la scuola diventa palcoscenico del dissenso - Bellunopress - Dolomiti","robots":{"index":"index","follow":"follow","max-snippet":"max-snippet:-1","max-image-preview":"max-image-preview:large","max-video-preview":"max-video-preview:-1"},"canonical":"https:\/\/www.bellunopress.it\/fr\/2025\/07\/11\/la-scena-muta-allesame-e-leco-del-68-quando-la-scuola-diventa-palcoscenico-del-dissenso\/","og_locale":"fr_FR","og_type":"article","og_title":"La \"Scena muta\" all'esame e l'eco del '68: quando la scuola diventa palcoscenico del dissenso - Bellunopress - Dolomiti","og_description":"Un silenzio all&#8217;esame orale carico di significato. Due studenti, uno da Padova e una studentessa del Liceo scientifico &#8220;Galilei&#8221; di Belluno, hanno scelto la &#8220;scena muta&#8221; all&#8217;esame di maturit\u00e0 come forma di protesta contro un sistema didattico e valutativo che definiscono &#8220;antipedagogico&#8221;. La scuola scopre cos\u00ec che la legge consente agli studenti di rifiutare l&#8217;esame [&hellip;]","og_url":"https:\/\/www.bellunopress.it\/fr\/2025\/07\/11\/la-scena-muta-allesame-e-leco-del-68-quando-la-scuola-diventa-palcoscenico-del-dissenso\/","og_site_name":"Bellunopress - Dolomiti","article_publisher":"https:\/\/www.facebook.com\/profile.php?id=100008943462799","article_published_time":"2025-07-11T05:04:38+00:00","og_image":[{"width":800,"height":533,"url":"https:\/\/www.bellunopress.it\/wp-content\/uploads\/2021\/08\/studenti-scuola_edited.jpg","type":"image\/jpeg"}],"author":"redazione","twitter_card":"summary_large_image","twitter_creator":"@bellunopress","twitter_site":"@bellunopress","twitter_misc":{"\u00c9crit par":"redazione","Dur\u00e9e de lecture estim\u00e9e":"3 minutes"},"schema":{"@context":"https:\/\/schema.org","@graph":[{"@type":"Article","@id":"https:\/\/www.bellunopress.it\/2025\/07\/11\/la-scena-muta-allesame-e-leco-del-68-quando-la-scuola-diventa-palcoscenico-del-dissenso\/#article","isPartOf":{"@id":"https:\/\/www.bellunopress.it\/2025\/07\/11\/la-scena-muta-allesame-e-leco-del-68-quando-la-scuola-diventa-palcoscenico-del-dissenso\/"},"author":{"name":"redazione","@id":"https:\/\/www.bellunopress.it\/#\/schema\/person\/79bb06722b37ece1c03d3e94beb30d73"},"headline":"La &#8220;Scena muta&#8221; all&#8217;esame e l&#8217;eco del &#8217;68: quando la scuola diventa palcoscenico del dissenso","datePublished":"2025-07-11T05:04:38+00:00","mainEntityOfPage":{"@id":"https:\/\/www.bellunopress.it\/2025\/07\/11\/la-scena-muta-allesame-e-leco-del-68-quando-la-scuola-diventa-palcoscenico-del-dissenso\/"},"wordCount":626,"publisher":{"@id":"https:\/\/www.bellunopress.it\/#organization"},"image":{"@id":"https:\/\/www.bellunopress.it\/2025\/07\/11\/la-scena-muta-allesame-e-leco-del-68-quando-la-scuola-diventa-palcoscenico-del-dissenso\/#primaryimage"},"thumbnailUrl":"https:\/\/www.bellunopress.it\/wp-content\/uploads\/2021\/08\/studenti-scuola_edited.jpg","articleSection":["Prima Pagina","Scuola"],"inLanguage":"fr-FR"},{"@type":"WebPage","@id":"https:\/\/www.bellunopress.it\/2025\/07\/11\/la-scena-muta-allesame-e-leco-del-68-quando-la-scuola-diventa-palcoscenico-del-dissenso\/","url":"https:\/\/www.bellunopress.it\/2025\/07\/11\/la-scena-muta-allesame-e-leco-del-68-quando-la-scuola-diventa-palcoscenico-del-dissenso\/","name":"La \"Scena muta\" all'esame e l'eco del '68: quando la scuola diventa palcoscenico del dissenso - Bellunopress - Dolomiti","isPartOf":{"@id":"https:\/\/www.bellunopress.it\/#website"},"primaryImageOfPage":{"@id":"https:\/\/www.bellunopress.it\/2025\/07\/11\/la-scena-muta-allesame-e-leco-del-68-quando-la-scuola-diventa-palcoscenico-del-dissenso\/#primaryimage"},"image":{"@id":"https:\/\/www.bellunopress.it\/2025\/07\/11\/la-scena-muta-allesame-e-leco-del-68-quando-la-scuola-diventa-palcoscenico-del-dissenso\/#primaryimage"},"thumbnailUrl":"https:\/\/www.bellunopress.it\/wp-content\/uploads\/2021\/08\/studenti-scuola_edited.jpg","datePublished":"2025-07-11T05:04:38+00:00","breadcrumb":{"@id":"https:\/\/www.bellunopress.it\/2025\/07\/11\/la-scena-muta-allesame-e-leco-del-68-quando-la-scuola-diventa-palcoscenico-del-dissenso\/#breadcrumb"},"inLanguage":"fr-FR","potentialAction":[{"@type":"ReadAction","target":["https:\/\/www.bellunopress.it\/2025\/07\/11\/la-scena-muta-allesame-e-leco-del-68-quando-la-scuola-diventa-palcoscenico-del-dissenso\/"]}]},{"@type":"ImageObject","inLanguage":"fr-FR","@id":"https:\/\/www.bellunopress.it\/2025\/07\/11\/la-scena-muta-allesame-e-leco-del-68-quando-la-scuola-diventa-palcoscenico-del-dissenso\/#primaryimage","url":"https:\/\/www.bellunopress.it\/wp-content\/uploads\/2021\/08\/studenti-scuola_edited.jpg","contentUrl":"https:\/\/www.bellunopress.it\/wp-content\/uploads\/2021\/08\/studenti-scuola_edited.jpg","width":800,"height":533},{"@type":"BreadcrumbList","@id":"https:\/\/www.bellunopress.it\/2025\/07\/11\/la-scena-muta-allesame-e-leco-del-68-quando-la-scuola-diventa-palcoscenico-del-dissenso\/#breadcrumb","itemListElement":[{"@type":"ListItem","position":1,"name":"Home","item":"https:\/\/www.bellunopress.it\/"},{"@type":"ListItem","position":2,"name":"La &#8220;Scena muta&#8221; all&#8217;esame e l&#8217;eco del &#8217;68: quando la scuola diventa palcoscenico del dissenso"}]},{"@type":"WebSite","@id":"https:\/\/www.bellunopress.it\/#website","url":"https:\/\/www.bellunopress.it\/","name":"Bellunopress - Dolomiti","description":"e-mail: redazione@bellunopress.it","publisher":{"@id":"https:\/\/www.bellunopress.it\/#organization"},"potentialAction":[{"@type":"SearchAction","target":{"@type":"EntryPoint","urlTemplate":"https:\/\/www.bellunopress.it\/?s={search_term_string}"},"query-input":{"@type":"PropertyValueSpecification","valueRequired":true,"valueName":"search_term_string"}}],"inLanguage":"fr-FR"},{"@type":"Organization","@id":"https:\/\/www.bellunopress.it\/#organization","name":"Bellunopress","url":"https:\/\/www.bellunopress.it\/","logo":{"@type":"ImageObject","inLanguage":"fr-FR","@id":"https:\/\/www.bellunopress.it\/#\/schema\/logo\/image\/","url":"https:\/\/www.bellunopress.it\/wp-content\/uploads\/2011\/05\/cropped-logo-bellunopress-.jpg","contentUrl":"https:\/\/www.bellunopress.it\/wp-content\/uploads\/2011\/05\/cropped-logo-bellunopress-.jpg","width":512,"height":512,"caption":"Bellunopress"},"image":{"@id":"https:\/\/www.bellunopress.it\/#\/schema\/logo\/image\/"},"sameAs":["https:\/\/www.facebook.com\/profile.php?id=100008943462799","https:\/\/x.com\/bellunopress","https:\/\/www.linkedin.com\/hp\/?dnr=JBzUWaJfMUw8vbXJJ2tVW5-I3jZKvC4wsoxE&amp;amp;amp;amp;amp;amp;trk=nav_responsive_tab_home","https:\/\/www.youtube.com\/channel\/UCxL0wu1uN0_3_7hGG0306cw"]},{"@type":"Person","@id":"https:\/\/www.bellunopress.it\/#\/schema\/person\/79bb06722b37ece1c03d3e94beb30d73","name":"r\u00e9daction","image":{"@type":"ImageObject","inLanguage":"fr-FR","@id":"https:\/\/secure.gravatar.com\/avatar\/37d968a2e67a6fd04c169c4bdef102d0bc5d31b2546345219e348575eb80e9a0?s=96&d=mm&r=g","url":"https:\/\/secure.gravatar.com\/avatar\/37d968a2e67a6fd04c169c4bdef102d0bc5d31b2546345219e348575eb80e9a0?s=96&d=mm&r=g","contentUrl":"https:\/\/secure.gravatar.com\/avatar\/37d968a2e67a6fd04c169c4bdef102d0bc5d31b2546345219e348575eb80e9a0?s=96&d=mm&r=g","caption":"redazione"},"sameAs":["http:\/\/www.bellunopress.it","https:\/\/x.com\/bellunopress"],"url":"https:\/\/www.bellunopress.it\/fr\/author\/redazione\/"}]}},"_links":{"self":[{"href":"https:\/\/www.bellunopress.it\/fr\/wp-json\/wp\/v2\/posts\/161689","targetHints":{"allow":["GET"]}}],"collection":[{"href":"https:\/\/www.bellunopress.it\/fr\/wp-json\/wp\/v2\/posts"}],"about":[{"href":"https:\/\/www.bellunopress.it\/fr\/wp-json\/wp\/v2\/types\/post"}],"author":[{"embeddable":true,"href":"https:\/\/www.bellunopress.it\/fr\/wp-json\/wp\/v2\/users\/2"}],"replies":[{"embeddable":true,"href":"https:\/\/www.bellunopress.it\/fr\/wp-json\/wp\/v2\/comments?post=161689"}],"version-history":[{"count":1,"href":"https:\/\/www.bellunopress.it\/fr\/wp-json\/wp\/v2\/posts\/161689\/revisions"}],"predecessor-version":[{"id":161690,"href":"https:\/\/www.bellunopress.it\/fr\/wp-json\/wp\/v2\/posts\/161689\/revisions\/161690"}],"wp:featuredmedia":[{"embeddable":true,"href":"https:\/\/www.bellunopress.it\/fr\/wp-json\/wp\/v2\/media\/126810"}],"wp:attachment":[{"href":"https:\/\/www.bellunopress.it\/fr\/wp-json\/wp\/v2\/media?parent=161689"}],"wp:term":[{"taxonomy":"category","embeddable":true,"href":"https:\/\/www.bellunopress.it\/fr\/wp-json\/wp\/v2\/categories?post=161689"},{"taxonomy":"post_tag","embeddable":true,"href":"https:\/\/www.bellunopress.it\/fr\/wp-json\/wp\/v2\/tags?post=161689"}],"curies":[{"name":"wp","href":"https:\/\/api.w.org\/{rel}","templated":true}]}}