{"id":161682,"date":"2025-07-10T20:20:49","date_gmt":"2025-07-10T18:20:49","guid":{"rendered":"https:\/\/www.bellunopress.it\/?p=161682"},"modified":"2025-07-10T20:20:49","modified_gmt":"2025-07-10T18:20:49","slug":"la-storia-del-covid-non-e-finita","status":"publish","type":"post","link":"https:\/\/www.bellunopress.it\/fr\/2025\/07\/10\/la-storia-del-covid-non-e-finita\/","title":{"rendered":"La storia del Covid non \u00e8 finita"},"content":{"rendered":"<p><img loading=\"lazy\" decoding=\"async\" class=\"aligncenter size-full wp-image-10747\" src=\"https:\/\/www.bellunopress.it\/wp-content\/uploads\/2009\/12\/vaccino-1.jpg\" alt=\"\" width=\"270\" height=\"270\" srcset=\"https:\/\/www.bellunopress.it\/wp-content\/uploads\/2009\/12\/vaccino-1.jpg 270w, https:\/\/www.bellunopress.it\/wp-content\/uploads\/2009\/12\/vaccino-1-150x150.jpg 150w\" sizes=\"auto, (max-width: 270px) 100vw, 270px\" \/>Il 20 febbraio dello scorso anno il notiziario dell&#8217;Ordine dei Medici di Roma comunic\u00f2 l&#8217;inevitabile arrivo di una nuova pandemia. A maggio l&#8217;OMS non riusc\u00ec a realizzare il suo programma di ottenere la Sovranit\u00e0 Sanitaria sul mondo. Pochi giorni prima il Parlamento francese aveva approvato l'&#8221;emendamento Pfizer&#8221; col programma di mandare in carcere chi avesse criticato i vaccini a mRNA, nell&#8217;ambito di una &#8220;verit\u00e0 scientifica di Stato&#8221;.<\/p>\n<p>Le &#8220;mirabilia&#8221; che ormai conosciamo, proprie di Tedros A. Ghebreyesus dell&#8217;OMS e dell&#8217;ineffabile presidente Macron, non si sono realizzate perch\u00e9 gli Stati del mondo in maggioranza hanno capito che non si poteva in alcun modo avere fiducia nella Organizzazione Mondiale della Sanit\u00e0, governata dai privati delle industrie farmaceutiche. Per\u00f2 il programma non si \u00e8 arrestato perch\u00e9 le esigenze economiche della Medicina Industriale, che ormai domina da un secolo la Sanit\u00e0 del mondo occidentale, non sono controllate da coloro che avrebbero il compito di farlo.<\/p>\n<p>Da pi\u00f9 di un anno tutti noi abbiamo cominciato a pensare che la tempesta del Covid si fosse spenta. Invece da circa 6 mesi abbiamo notizia di un nuovo vaccino anti-Covid (di cui non sentivamo la necessit\u00e0) definito autoreplicante e denominato&#8221; saRNA Kostaive o zapomeran&#8221;. Tale vaccino, sviluppato da CSL e Arcturus Therapeutics, presenta caratteristiche inquietanti poich\u00e9 si autoamplifica nelle cellule ospiti fino a 100 volte rispetto ai normali vaccini a mRNA, superando qualsiasi barriera fisiologica, per esempio quella ematoencefalica e quella placentare, e quindi pu\u00f2 diffondersi nell&#8217;ambiente ed infettare attraverso il respiro, il sudore, la saliva. Sia da uomo ad animale che viceversa. Non esistono dati documentali degli effetti a distanza di tale vaccino e nel &#8220;bugiardino&#8221; del farmaco sono ammesse possibili complicanze, anche gravi, come quelle registrate con le vaccinazioni obbligatorie.<\/p>\n<p>Questo vaccino \u00e8 stato approvato in Giappone alla fine del 2023 e si \u00e8 cominciato a distribuirlo a ottobre 2024. A distanza di parecchi mesi nessuna comunicazione ufficiale! Il 12 dicembre 2024 il comitato CHMP dell&#8217;EMA ha approvato il rilascio dell&#8217;autorizzazione per l&#8217;impiego del nuovo vaccino e il 12 febbraio 2025 la Commissione europea ne ha concesso la commercializzazione. Tutto questo nel silenzio generale delle istituzioni politiche e sanitarie. Il fatto che giornali e TV non ne parlino significa che questi sono gli ordini &#8220;superiori&#8221;, secondo uno stile pandemico collaudato e non discutibile. Avremo quindi prima o poi i virologi codificati (collaboratori pi\u00f9 o meno ufficiali delle industrie del farmaco) che pontificheranno dalle cattedre televisive insultando tutti coloro che si dimostrano scettici o polemici e che non accetteranno mai un confronto scientifico in un congresso internazionale, come \u00e8 accaduto nella cosiddetta &#8220;pandemia&#8221;. In questi termini, cos\u00ec impostata, la gestione politica e non medica del vaccino autoreplicante sembra rispondere alle esigenze di un&#8217;arma di distruzione di massa.<\/p>\n<p>Una tale procedura (con gli infausti esiti economico-sociali verificatisi nella fase pandemica, frutto di una volont\u00e0 di mercato ormai del tutto trasparente) potrebbe trovare un ostacolo insormontabile nei medici che sentissero la necessit\u00e0 di rappresentare dignitosamente i principi fondamentali della medicina ippocratica. Principi che potremmo riassumere in una sola frase, il cui significato tutti i medici hanno gi\u00e0 incontrato nel codice deontologico: agire secondo scienza e coscienza, senza nuocere al Paziente, curando il suo interesse prima del proprio.<\/p>\n<p>Questo semplice principio che sancisce la libert\u00e0 professionale di tutti i medici, indipendentemente dalla loro specializzazione e funzione, sulla base di una consapevole preparazione scientifica, con l&#8217;obbligo morale di curare l&#8217;interesse dei Pazienti, \u00e8 stato tradito proprio dalla grande maggioranza dei presidenti degli Ordini dei Medici italiani. Questi hanno usato la loro autonomia decisionale, contro le leggi nazionali ed europee, per sospendere dal lavoro e dallo stipendio i medici che si opponevano all&#8217;obbligo di un vaccino sperimentale. Lo hanno fatto senza discutere, senza studiare la situazione medica, senza consultare gli iscritti, in cieco omaggio alle volont\u00e0 del Ministro della Salute di turno, chiunque egli fosse e di qualunque impreparazione scientifica.<\/p>\n<p>Implicitamente costoro, con l&#8217;esempio del presidente italiano della Federazione degli Ordini dei Medici, dott. Filippo Anelli, hanno tranquillamente accettato di trasformare i medici in impiegati del Ministero della Salute, obbligati a prescrivere soltanto i farmaci prescritti dal ministro. A Belluno il presidente dell&#8217;Ordine dott. Stefano Capelli, verosimilmente orgoglioso della sudditanza espressa al ministro Speranza, si \u00e8 sempre opposto a qualunque confronto scientifico e ha pensato bene di ripresentarsi come presidente di una lista unica al rinnovo delle cariche. Naturalmente \u00e8 stato rieletto, ma dopo alcune tornate e senza quorum. Questa rielezione senza quorum avrebbe dovuto invitarlo a qualche riflessione.<\/p>\n<p>Dott. Filiberto Dal Molin<\/p>\n<div class=\"youtube-embed\" data-video_id=\"-AyHkCDCEps\"><iframe loading=\"lazy\" title=\"DOTT. DONZELLI (CMSI): &quot;SUBITO UNA MORATORIA PER IL FARMACO MRNA IN USCITA: CI SONO GRAVI RISCHI&quot;\" width=\"696\" height=\"392\" src=\"https:\/\/www.youtube.com\/embed\/-AyHkCDCEps?feature=oembed&#038;enablejsapi=1\" frameborder=\"0\" allow=\"accelerometer; autoplay; clipboard-write; encrypted-media; gyroscope; picture-in-picture; web-share\" referrerpolicy=\"strict-origin-when-cross-origin\" allowfullscreen><\/iframe><\/div>","protected":false},"excerpt":{"rendered":"<p>Il 20 febbraio dello scorso anno il notiziario dell&#8217;Ordine dei Medici di Roma comunic\u00f2 l&#8217;inevitabile arrivo di una nuova pandemia. A maggio l&#8217;OMS non riusc\u00ec a realizzare il suo programma di ottenere la Sovranit\u00e0 Sanitaria sul mondo. Pochi giorni prima il Parlamento francese aveva approvato l&#8217;&#8221;emendamento Pfizer&#8221; col programma di mandare in carcere chi avesse [&hellip;]<\/p>\n","protected":false},"author":2,"featured_media":115413,"comment_status":"closed","ping_status":"open","sticky":false,"template":"","format":"standard","meta":{"footnotes":""},"categories":[3614],"tags":[],"class_list":["post-161682","post","type-post","status-publish","format-standard","has-post-thumbnail","category-controcorrente"],"yoast_head":"<!-- This site is optimized with the Yoast SEO plugin v28.4 - https:\/\/yoast.com\/product\/yoast-seo-wordpress\/ -->\n<title>La storia del Covid non \u00e8 finita - Bellunopress - Dolomiti<\/title>\n<meta name=\"robots\" content=\"index, follow, max-snippet:-1, max-image-preview:large, max-video-preview:-1\" \/>\n<link rel=\"canonical\" href=\"https:\/\/www.bellunopress.it\/fr\/2025\/07\/10\/la-storia-del-covid-non-e-finita\/\" \/>\n<meta property=\"og:locale\" content=\"fr_FR\" \/>\n<meta property=\"og:type\" content=\"article\" \/>\n<meta property=\"og:title\" content=\"La storia del Covid non \u00e8 finita - Bellunopress - Dolomiti\" \/>\n<meta property=\"og:description\" content=\"Il 20 febbraio dello scorso anno il notiziario dell&#8217;Ordine dei Medici di Roma comunic\u00f2 l&#8217;inevitabile arrivo di una nuova pandemia. A maggio l&#8217;OMS non riusc\u00ec a realizzare il suo programma di ottenere la Sovranit\u00e0 Sanitaria sul mondo. Pochi giorni prima il Parlamento francese aveva approvato l&#039;&#8221;emendamento Pfizer&#8221; col programma di mandare in carcere chi avesse [&hellip;]\" \/>\n<meta property=\"og:url\" content=\"https:\/\/www.bellunopress.it\/fr\/2025\/07\/10\/la-storia-del-covid-non-e-finita\/\" \/>\n<meta property=\"og:site_name\" content=\"Bellunopress - Dolomiti\" \/>\n<meta property=\"article:publisher\" content=\"https:\/\/www.facebook.com\/profile.php?id=100008943462799\" \/>\n<meta property=\"article:published_time\" content=\"2025-07-10T18:20:49+00:00\" \/>\n<meta property=\"og:image\" content=\"https:\/\/www.bellunopress.it\/wp-content\/uploads\/2020\/06\/vaccino_edited.jpg\" \/>\n\t<meta property=\"og:image:width\" content=\"800\" \/>\n\t<meta property=\"og:image:height\" content=\"420\" \/>\n\t<meta property=\"og:image:type\" content=\"image\/jpeg\" \/>\n<meta name=\"author\" content=\"redazione\" \/>\n<meta name=\"twitter:card\" content=\"summary_large_image\" \/>\n<meta name=\"twitter:creator\" content=\"@bellunopress\" \/>\n<meta name=\"twitter:site\" content=\"@bellunopress\" \/>\n<meta name=\"twitter:label1\" content=\"\u00c9crit par\" \/>\n\t<meta name=\"twitter:data1\" content=\"redazione\" \/>\n\t<meta name=\"twitter:label2\" content=\"Dur\u00e9e de lecture estim\u00e9e\" \/>\n\t<meta name=\"twitter:data2\" content=\"4 minutes\" \/>\n<script type=\"application\/ld+json\" class=\"yoast-schema-graph\">{\"@context\":\"https:\\\/\\\/schema.org\",\"@graph\":[{\"@type\":\"Article\",\"@id\":\"https:\\\/\\\/www.bellunopress.it\\\/2025\\\/07\\\/10\\\/la-storia-del-covid-non-e-finita\\\/#article\",\"isPartOf\":{\"@id\":\"https:\\\/\\\/www.bellunopress.it\\\/2025\\\/07\\\/10\\\/la-storia-del-covid-non-e-finita\\\/\"},\"author\":{\"name\":\"redazione\",\"@id\":\"https:\\\/\\\/www.bellunopress.it\\\/#\\\/schema\\\/person\\\/79bb06722b37ece1c03d3e94beb30d73\"},\"headline\":\"La storia del Covid non \u00e8 finita\",\"datePublished\":\"2025-07-10T18:20:49+00:00\",\"mainEntityOfPage\":{\"@id\":\"https:\\\/\\\/www.bellunopress.it\\\/2025\\\/07\\\/10\\\/la-storia-del-covid-non-e-finita\\\/\"},\"wordCount\":755,\"publisher\":{\"@id\":\"https:\\\/\\\/www.bellunopress.it\\\/#organization\"},\"image\":{\"@id\":\"https:\\\/\\\/www.bellunopress.it\\\/2025\\\/07\\\/10\\\/la-storia-del-covid-non-e-finita\\\/#primaryimage\"},\"thumbnailUrl\":\"https:\\\/\\\/www.bellunopress.it\\\/wp-content\\\/uploads\\\/2020\\\/06\\\/vaccino_edited.jpg\",\"articleSection\":[\"Controcorrente Dr Filiberto Dal Molin\"],\"inLanguage\":\"fr-FR\"},{\"@type\":\"WebPage\",\"@id\":\"https:\\\/\\\/www.bellunopress.it\\\/2025\\\/07\\\/10\\\/la-storia-del-covid-non-e-finita\\\/\",\"url\":\"https:\\\/\\\/www.bellunopress.it\\\/2025\\\/07\\\/10\\\/la-storia-del-covid-non-e-finita\\\/\",\"name\":\"La storia del Covid non \u00e8 finita - Bellunopress - Dolomiti\",\"isPartOf\":{\"@id\":\"https:\\\/\\\/www.bellunopress.it\\\/#website\"},\"primaryImageOfPage\":{\"@id\":\"https:\\\/\\\/www.bellunopress.it\\\/2025\\\/07\\\/10\\\/la-storia-del-covid-non-e-finita\\\/#primaryimage\"},\"image\":{\"@id\":\"https:\\\/\\\/www.bellunopress.it\\\/2025\\\/07\\\/10\\\/la-storia-del-covid-non-e-finita\\\/#primaryimage\"},\"thumbnailUrl\":\"https:\\\/\\\/www.bellunopress.it\\\/wp-content\\\/uploads\\\/2020\\\/06\\\/vaccino_edited.jpg\",\"datePublished\":\"2025-07-10T18:20:49+00:00\",\"breadcrumb\":{\"@id\":\"https:\\\/\\\/www.bellunopress.it\\\/2025\\\/07\\\/10\\\/la-storia-del-covid-non-e-finita\\\/#breadcrumb\"},\"inLanguage\":\"fr-FR\",\"potentialAction\":[{\"@type\":\"ReadAction\",\"target\":[\"https:\\\/\\\/www.bellunopress.it\\\/2025\\\/07\\\/10\\\/la-storia-del-covid-non-e-finita\\\/\"]}]},{\"@type\":\"ImageObject\",\"inLanguage\":\"fr-FR\",\"@id\":\"https:\\\/\\\/www.bellunopress.it\\\/2025\\\/07\\\/10\\\/la-storia-del-covid-non-e-finita\\\/#primaryimage\",\"url\":\"https:\\\/\\\/www.bellunopress.it\\\/wp-content\\\/uploads\\\/2020\\\/06\\\/vaccino_edited.jpg\",\"contentUrl\":\"https:\\\/\\\/www.bellunopress.it\\\/wp-content\\\/uploads\\\/2020\\\/06\\\/vaccino_edited.jpg\",\"width\":800,\"height\":420},{\"@type\":\"BreadcrumbList\",\"@id\":\"https:\\\/\\\/www.bellunopress.it\\\/2025\\\/07\\\/10\\\/la-storia-del-covid-non-e-finita\\\/#breadcrumb\",\"itemListElement\":[{\"@type\":\"ListItem\",\"position\":1,\"name\":\"Home\",\"item\":\"https:\\\/\\\/www.bellunopress.it\\\/\"},{\"@type\":\"ListItem\",\"position\":2,\"name\":\"La storia del Covid non \u00e8 finita\"}]},{\"@type\":\"WebSite\",\"@id\":\"https:\\\/\\\/www.bellunopress.it\\\/#website\",\"url\":\"https:\\\/\\\/www.bellunopress.it\\\/\",\"name\":\"Bellunopress - Dolomiti\",\"description\":\"e-mail: redazione@bellunopress.it\",\"publisher\":{\"@id\":\"https:\\\/\\\/www.bellunopress.it\\\/#organization\"},\"potentialAction\":[{\"@type\":\"SearchAction\",\"target\":{\"@type\":\"EntryPoint\",\"urlTemplate\":\"https:\\\/\\\/www.bellunopress.it\\\/?s={search_term_string}\"},\"query-input\":{\"@type\":\"PropertyValueSpecification\",\"valueRequired\":true,\"valueName\":\"search_term_string\"}}],\"inLanguage\":\"fr-FR\"},{\"@type\":\"Organization\",\"@id\":\"https:\\\/\\\/www.bellunopress.it\\\/#organization\",\"name\":\"Bellunopress\",\"url\":\"https:\\\/\\\/www.bellunopress.it\\\/\",\"logo\":{\"@type\":\"ImageObject\",\"inLanguage\":\"fr-FR\",\"@id\":\"https:\\\/\\\/www.bellunopress.it\\\/#\\\/schema\\\/logo\\\/image\\\/\",\"url\":\"https:\\\/\\\/www.bellunopress.it\\\/wp-content\\\/uploads\\\/2011\\\/05\\\/cropped-logo-bellunopress-.jpg\",\"contentUrl\":\"https:\\\/\\\/www.bellunopress.it\\\/wp-content\\\/uploads\\\/2011\\\/05\\\/cropped-logo-bellunopress-.jpg\",\"width\":512,\"height\":512,\"caption\":\"Bellunopress\"},\"image\":{\"@id\":\"https:\\\/\\\/www.bellunopress.it\\\/#\\\/schema\\\/logo\\\/image\\\/\"},\"sameAs\":[\"https:\\\/\\\/www.facebook.com\\\/profile.php?id=100008943462799\",\"https:\\\/\\\/x.com\\\/bellunopress\",\"https:\\\/\\\/www.linkedin.com\\\/hp\\\/?dnr=JBzUWaJfMUw8vbXJJ2tVW5-I3jZKvC4wsoxE&amp;amp;amp;amp;amp;amp;trk=nav_responsive_tab_home\",\"https:\\\/\\\/www.youtube.com\\\/channel\\\/UCxL0wu1uN0_3_7hGG0306cw\"]},{\"@type\":\"Person\",\"@id\":\"https:\\\/\\\/www.bellunopress.it\\\/#\\\/schema\\\/person\\\/79bb06722b37ece1c03d3e94beb30d73\",\"name\":\"redazione\",\"image\":{\"@type\":\"ImageObject\",\"inLanguage\":\"fr-FR\",\"@id\":\"https:\\\/\\\/secure.gravatar.com\\\/avatar\\\/37d968a2e67a6fd04c169c4bdef102d0bc5d31b2546345219e348575eb80e9a0?s=96&d=mm&r=g\",\"url\":\"https:\\\/\\\/secure.gravatar.com\\\/avatar\\\/37d968a2e67a6fd04c169c4bdef102d0bc5d31b2546345219e348575eb80e9a0?s=96&d=mm&r=g\",\"contentUrl\":\"https:\\\/\\\/secure.gravatar.com\\\/avatar\\\/37d968a2e67a6fd04c169c4bdef102d0bc5d31b2546345219e348575eb80e9a0?s=96&d=mm&r=g\",\"caption\":\"redazione\"},\"sameAs\":[\"http:\\\/\\\/www.bellunopress.it\",\"https:\\\/\\\/x.com\\\/bellunopress\"],\"url\":\"https:\\\/\\\/www.bellunopress.it\\\/fr\\\/author\\\/redazione\\\/\"}]}<\/script>\n<!-- \/ Yoast SEO plugin. -->","yoast_head_json":{"title":"La storia del Covid non \u00e8 finita - Bellunopress - Dolomiti","robots":{"index":"index","follow":"follow","max-snippet":"max-snippet:-1","max-image-preview":"max-image-preview:large","max-video-preview":"max-video-preview:-1"},"canonical":"https:\/\/www.bellunopress.it\/fr\/2025\/07\/10\/la-storia-del-covid-non-e-finita\/","og_locale":"fr_FR","og_type":"article","og_title":"La storia del Covid non \u00e8 finita - Bellunopress - Dolomiti","og_description":"Il 20 febbraio dello scorso anno il notiziario dell&#8217;Ordine dei Medici di Roma comunic\u00f2 l&#8217;inevitabile arrivo di una nuova pandemia. A maggio l&#8217;OMS non riusc\u00ec a realizzare il suo programma di ottenere la Sovranit\u00e0 Sanitaria sul mondo. Pochi giorni prima il Parlamento francese aveva approvato l'&#8221;emendamento Pfizer&#8221; col programma di mandare in carcere chi avesse [&hellip;]","og_url":"https:\/\/www.bellunopress.it\/fr\/2025\/07\/10\/la-storia-del-covid-non-e-finita\/","og_site_name":"Bellunopress - Dolomiti","article_publisher":"https:\/\/www.facebook.com\/profile.php?id=100008943462799","article_published_time":"2025-07-10T18:20:49+00:00","og_image":[{"width":800,"height":420,"url":"https:\/\/www.bellunopress.it\/wp-content\/uploads\/2020\/06\/vaccino_edited.jpg","type":"image\/jpeg"}],"author":"redazione","twitter_card":"summary_large_image","twitter_creator":"@bellunopress","twitter_site":"@bellunopress","twitter_misc":{"\u00c9crit par":"redazione","Dur\u00e9e de lecture estim\u00e9e":"4 minutes"},"schema":{"@context":"https:\/\/schema.org","@graph":[{"@type":"Article","@id":"https:\/\/www.bellunopress.it\/2025\/07\/10\/la-storia-del-covid-non-e-finita\/#article","isPartOf":{"@id":"https:\/\/www.bellunopress.it\/2025\/07\/10\/la-storia-del-covid-non-e-finita\/"},"author":{"name":"redazione","@id":"https:\/\/www.bellunopress.it\/#\/schema\/person\/79bb06722b37ece1c03d3e94beb30d73"},"headline":"La storia del Covid non \u00e8 finita","datePublished":"2025-07-10T18:20:49+00:00","mainEntityOfPage":{"@id":"https:\/\/www.bellunopress.it\/2025\/07\/10\/la-storia-del-covid-non-e-finita\/"},"wordCount":755,"publisher":{"@id":"https:\/\/www.bellunopress.it\/#organization"},"image":{"@id":"https:\/\/www.bellunopress.it\/2025\/07\/10\/la-storia-del-covid-non-e-finita\/#primaryimage"},"thumbnailUrl":"https:\/\/www.bellunopress.it\/wp-content\/uploads\/2020\/06\/vaccino_edited.jpg","articleSection":["Controcorrente Dr Filiberto Dal Molin"],"inLanguage":"fr-FR"},{"@type":"WebPage","@id":"https:\/\/www.bellunopress.it\/2025\/07\/10\/la-storia-del-covid-non-e-finita\/","url":"https:\/\/www.bellunopress.it\/2025\/07\/10\/la-storia-del-covid-non-e-finita\/","name":"La storia del Covid non \u00e8 finita - Bellunopress - Dolomiti","isPartOf":{"@id":"https:\/\/www.bellunopress.it\/#website"},"primaryImageOfPage":{"@id":"https:\/\/www.bellunopress.it\/2025\/07\/10\/la-storia-del-covid-non-e-finita\/#primaryimage"},"image":{"@id":"https:\/\/www.bellunopress.it\/2025\/07\/10\/la-storia-del-covid-non-e-finita\/#primaryimage"},"thumbnailUrl":"https:\/\/www.bellunopress.it\/wp-content\/uploads\/2020\/06\/vaccino_edited.jpg","datePublished":"2025-07-10T18:20:49+00:00","breadcrumb":{"@id":"https:\/\/www.bellunopress.it\/2025\/07\/10\/la-storia-del-covid-non-e-finita\/#breadcrumb"},"inLanguage":"fr-FR","potentialAction":[{"@type":"ReadAction","target":["https:\/\/www.bellunopress.it\/2025\/07\/10\/la-storia-del-covid-non-e-finita\/"]}]},{"@type":"ImageObject","inLanguage":"fr-FR","@id":"https:\/\/www.bellunopress.it\/2025\/07\/10\/la-storia-del-covid-non-e-finita\/#primaryimage","url":"https:\/\/www.bellunopress.it\/wp-content\/uploads\/2020\/06\/vaccino_edited.jpg","contentUrl":"https:\/\/www.bellunopress.it\/wp-content\/uploads\/2020\/06\/vaccino_edited.jpg","width":800,"height":420},{"@type":"BreadcrumbList","@id":"https:\/\/www.bellunopress.it\/2025\/07\/10\/la-storia-del-covid-non-e-finita\/#breadcrumb","itemListElement":[{"@type":"ListItem","position":1,"name":"Home","item":"https:\/\/www.bellunopress.it\/"},{"@type":"ListItem","position":2,"name":"La storia del Covid non \u00e8 finita"}]},{"@type":"WebSite","@id":"https:\/\/www.bellunopress.it\/#website","url":"https:\/\/www.bellunopress.it\/","name":"Bellunopress - Dolomiti","description":"e-mail: redazione@bellunopress.it","publisher":{"@id":"https:\/\/www.bellunopress.it\/#organization"},"potentialAction":[{"@type":"SearchAction","target":{"@type":"EntryPoint","urlTemplate":"https:\/\/www.bellunopress.it\/?s={search_term_string}"},"query-input":{"@type":"PropertyValueSpecification","valueRequired":true,"valueName":"search_term_string"}}],"inLanguage":"fr-FR"},{"@type":"Organization","@id":"https:\/\/www.bellunopress.it\/#organization","name":"Bellunopress","url":"https:\/\/www.bellunopress.it\/","logo":{"@type":"ImageObject","inLanguage":"fr-FR","@id":"https:\/\/www.bellunopress.it\/#\/schema\/logo\/image\/","url":"https:\/\/www.bellunopress.it\/wp-content\/uploads\/2011\/05\/cropped-logo-bellunopress-.jpg","contentUrl":"https:\/\/www.bellunopress.it\/wp-content\/uploads\/2011\/05\/cropped-logo-bellunopress-.jpg","width":512,"height":512,"caption":"Bellunopress"},"image":{"@id":"https:\/\/www.bellunopress.it\/#\/schema\/logo\/image\/"},"sameAs":["https:\/\/www.facebook.com\/profile.php?id=100008943462799","https:\/\/x.com\/bellunopress","https:\/\/www.linkedin.com\/hp\/?dnr=JBzUWaJfMUw8vbXJJ2tVW5-I3jZKvC4wsoxE&amp;amp;amp;amp;amp;amp;trk=nav_responsive_tab_home","https:\/\/www.youtube.com\/channel\/UCxL0wu1uN0_3_7hGG0306cw"]},{"@type":"Person","@id":"https:\/\/www.bellunopress.it\/#\/schema\/person\/79bb06722b37ece1c03d3e94beb30d73","name":"r\u00e9daction","image":{"@type":"ImageObject","inLanguage":"fr-FR","@id":"https:\/\/secure.gravatar.com\/avatar\/37d968a2e67a6fd04c169c4bdef102d0bc5d31b2546345219e348575eb80e9a0?s=96&d=mm&r=g","url":"https:\/\/secure.gravatar.com\/avatar\/37d968a2e67a6fd04c169c4bdef102d0bc5d31b2546345219e348575eb80e9a0?s=96&d=mm&r=g","contentUrl":"https:\/\/secure.gravatar.com\/avatar\/37d968a2e67a6fd04c169c4bdef102d0bc5d31b2546345219e348575eb80e9a0?s=96&d=mm&r=g","caption":"redazione"},"sameAs":["http:\/\/www.bellunopress.it","https:\/\/x.com\/bellunopress"],"url":"https:\/\/www.bellunopress.it\/fr\/author\/redazione\/"}]}},"_links":{"self":[{"href":"https:\/\/www.bellunopress.it\/fr\/wp-json\/wp\/v2\/posts\/161682","targetHints":{"allow":["GET"]}}],"collection":[{"href":"https:\/\/www.bellunopress.it\/fr\/wp-json\/wp\/v2\/posts"}],"about":[{"href":"https:\/\/www.bellunopress.it\/fr\/wp-json\/wp\/v2\/types\/post"}],"author":[{"embeddable":true,"href":"https:\/\/www.bellunopress.it\/fr\/wp-json\/wp\/v2\/users\/2"}],"replies":[{"embeddable":true,"href":"https:\/\/www.bellunopress.it\/fr\/wp-json\/wp\/v2\/comments?post=161682"}],"version-history":[{"count":1,"href":"https:\/\/www.bellunopress.it\/fr\/wp-json\/wp\/v2\/posts\/161682\/revisions"}],"predecessor-version":[{"id":161683,"href":"https:\/\/www.bellunopress.it\/fr\/wp-json\/wp\/v2\/posts\/161682\/revisions\/161683"}],"wp:featuredmedia":[{"embeddable":true,"href":"https:\/\/www.bellunopress.it\/fr\/wp-json\/wp\/v2\/media\/115413"}],"wp:attachment":[{"href":"https:\/\/www.bellunopress.it\/fr\/wp-json\/wp\/v2\/media?parent=161682"}],"wp:term":[{"taxonomy":"category","embeddable":true,"href":"https:\/\/www.bellunopress.it\/fr\/wp-json\/wp\/v2\/categories?post=161682"},{"taxonomy":"post_tag","embeddable":true,"href":"https:\/\/www.bellunopress.it\/fr\/wp-json\/wp\/v2\/tags?post=161682"}],"curies":[{"name":"wp","href":"https:\/\/api.w.org\/{rel}","templated":true}]}}