{"id":161671,"date":"2025-07-10T17:08:47","date_gmt":"2025-07-10T15:08:47","guid":{"rendered":"https:\/\/www.bellunopress.it\/?p=161671"},"modified":"2025-07-10T17:08:47","modified_gmt":"2025-07-10T15:08:47","slug":"ex-concerie-colle-stato-di-abbandono-dello-spazio-pubblico","status":"publish","type":"post","link":"https:\/\/www.bellunopress.it\/fr\/2025\/07\/10\/ex-concerie-colle-stato-di-abbandono-dello-spazio-pubblico\/","title":{"rendered":"Ex concerie Colle. Stato di abbandono dello spazio pubblico"},"content":{"rendered":"<p><img loading=\"lazy\" decoding=\"async\" class=\"aligncenter size-full wp-image-161672\" src=\"https:\/\/www.bellunopress.it\/wp-content\/uploads\/2025\/07\/ex-concerie-borgo-piave_edited.jpg\" alt=\"\" width=\"600\" height=\"800\" srcset=\"https:\/\/www.bellunopress.it\/wp-content\/uploads\/2025\/07\/ex-concerie-borgo-piave_edited.jpg 600w, https:\/\/www.bellunopress.it\/wp-content\/uploads\/2025\/07\/ex-concerie-borgo-piave_edited-375x500.jpg 375w, https:\/\/www.bellunopress.it\/wp-content\/uploads\/2025\/07\/ex-concerie-borgo-piave_edited-315x420.jpg 315w\" sizes=\"auto, (max-width: 600px) 100vw, 600px\" \/>Belluno, 10 luglio 2025 &#8211;\u00a0Lo spazio al pianterreno delle ex concerie Colle di Borgo Piave versano nuovamente in stato di abbandono. Avrebbe dovuto essere acquisito anni fa dal Comune di Belluno e adibito ad uso sociale, culturale e ricreativo in forza di precedenti accordi. Ma ad oggi la situazione giuridica non \u00e8 chiara.<\/p>\n<p>&nbsp;<\/p>\n<p><strong><img loading=\"lazy\" decoding=\"async\" class=\"aligncenter size-full wp-image-161673\" src=\"https:\/\/www.bellunopress.it\/wp-content\/uploads\/2025\/07\/ex-concierie-Colle-Borgo-Piave-prima-e-dopo_edited.jpg\" alt=\"\" width=\"800\" height=\"237\" srcset=\"https:\/\/www.bellunopress.it\/wp-content\/uploads\/2025\/07\/ex-concierie-Colle-Borgo-Piave-prima-e-dopo_edited.jpg 800w, https:\/\/www.bellunopress.it\/wp-content\/uploads\/2025\/07\/ex-concierie-Colle-Borgo-Piave-prima-e-dopo_edited-500x148.jpg 500w, https:\/\/www.bellunopress.it\/wp-content\/uploads\/2025\/07\/ex-concierie-Colle-Borgo-Piave-prima-e-dopo_edited-696x206.jpg 696w\" sizes=\"auto, (max-width: 800px) 100vw, 800px\" \/>La storia<\/strong><br \/>\nE\u2019 una lunga storia quella delle ex concerie Colle di Borgo Piave. Abbandonate per una cinquantina d\u2019anni, e poi completamente restaurata. Nel settembre del 2001 il Comune di Belluno sottoscrive una convenzione con la societ\u00e0 Borgo Piave srl per il recupero dell\u2019area. Gli accordi tra la societ\u00e0 e il Comune di Belluno prevedevano che il Comune cedesse in uso alla societ\u00e0 per 90 anni circa 1800 metri quadrati destinati a parcheggio pubblico e viabilit\u00e0 interna, oltre a una rampa per l\u2019accesso ai parcheggi privati. In cambio la societ\u00e0 avrebbe ceduto la propriet\u00e0 al Comune dei locali al pianterreno al grezzo avanzato, della palazzina ristrutturata. Nell\u2019ottobre del 2006 viene formalizzata la concessione demaniale del terreno alla societ\u00e0. Nel 2007 vengono identificati i locali che avrebbe acquisito il Comune, da destinare a uso culturale, sociale e ricreativo. Ma nel 2012 gli accordi presi non sono ancora perfezionati. Il Comune sollecita la societ\u00e0, che l\u2019anno dopo ci ripensa e dichiara impraticabile la proposta di permuta. Poi succede la situazione si complica, la societ\u00e0 fallisce e si apre un contenzioso. Iniziano le vendite all\u2019asta. Nel novembre del 2019 con Vaja, il Piave tracima e allaga l\u2019intera piazzetta di Borgo Piave e i seminterrati del fabbricato ex concerie. Il Comune \u00e8 intervenuto di recente alzando l\u2019argine per mettere in sicurezza il quartiere.<\/p>","protected":false},"excerpt":{"rendered":"<p>Belluno, 10 luglio 2025 &#8211;\u00a0Lo spazio al pianterreno delle ex concerie Colle di Borgo Piave versano nuovamente in stato di abbandono. Avrebbe dovuto essere acquisito anni fa dal Comune di Belluno e adibito ad uso sociale, culturale e ricreativo in forza di precedenti accordi. Ma ad oggi la situazione giuridica non \u00e8 chiara. &nbsp; La [&hellip;]<\/p>\n","protected":false},"author":2,"featured_media":161672,"comment_status":"closed","ping_status":"open","sticky":false,"template":"","format":"standard","meta":{"footnotes":""},"categories":[5,26],"tags":[],"class_list":["post-161671","post","type-post","status-publish","format-standard","has-post-thumbnail","category-cronaca","category-prima-pagina"],"yoast_head":"<!-- This site is optimized with the Yoast SEO plugin v28.4 - https:\/\/yoast.com\/product\/yoast-seo-wordpress\/ -->\n<title>Ex concerie Colle. Stato di abbandono dello spazio pubblico - Bellunopress - Dolomiti<\/title>\n<meta name=\"robots\" content=\"index, follow, max-snippet:-1, max-image-preview:large, max-video-preview:-1\" \/>\n<link rel=\"canonical\" href=\"https:\/\/www.bellunopress.it\/fr\/2025\/07\/10\/ex-concerie-colle-stato-di-abbandono-dello-spazio-pubblico\/\" \/>\n<meta property=\"og:locale\" content=\"fr_FR\" \/>\n<meta property=\"og:type\" content=\"article\" \/>\n<meta property=\"og:title\" content=\"Ex concerie Colle. Stato di abbandono dello spazio pubblico - Bellunopress - Dolomiti\" \/>\n<meta property=\"og:description\" content=\"Belluno, 10 luglio 2025 &#8211;\u00a0Lo spazio al pianterreno delle ex concerie Colle di Borgo Piave versano nuovamente in stato di abbandono. Avrebbe dovuto essere acquisito anni fa dal Comune di Belluno e adibito ad uso sociale, culturale e ricreativo in forza di precedenti accordi. Ma ad oggi la situazione giuridica non \u00e8 chiara. &nbsp; La [&hellip;]\" \/>\n<meta property=\"og:url\" content=\"https:\/\/www.bellunopress.it\/fr\/2025\/07\/10\/ex-concerie-colle-stato-di-abbandono-dello-spazio-pubblico\/\" \/>\n<meta property=\"og:site_name\" content=\"Bellunopress - Dolomiti\" \/>\n<meta property=\"article:publisher\" content=\"https:\/\/www.facebook.com\/profile.php?id=100008943462799\" \/>\n<meta property=\"article:published_time\" content=\"2025-07-10T15:08:47+00:00\" \/>\n<meta property=\"og:image\" content=\"https:\/\/www.bellunopress.it\/wp-content\/uploads\/2025\/07\/ex-concerie-borgo-piave_edited.jpg\" \/>\n\t<meta property=\"og:image:width\" content=\"600\" \/>\n\t<meta property=\"og:image:height\" content=\"800\" \/>\n\t<meta property=\"og:image:type\" content=\"image\/jpeg\" \/>\n<meta name=\"author\" content=\"redazione\" \/>\n<meta name=\"twitter:card\" content=\"summary_large_image\" \/>\n<meta name=\"twitter:creator\" content=\"@bellunopress\" \/>\n<meta name=\"twitter:site\" content=\"@bellunopress\" \/>\n<meta name=\"twitter:label1\" content=\"\u00c9crit par\" \/>\n\t<meta name=\"twitter:data1\" content=\"redazione\" \/>\n\t<meta name=\"twitter:label2\" content=\"Dur\u00e9e de lecture estim\u00e9e\" \/>\n\t<meta name=\"twitter:data2\" content=\"1 minute\" \/>\n<script type=\"application\/ld+json\" class=\"yoast-schema-graph\">{\"@context\":\"https:\\\/\\\/schema.org\",\"@graph\":[{\"@type\":\"Article\",\"@id\":\"https:\\\/\\\/www.bellunopress.it\\\/2025\\\/07\\\/10\\\/ex-concerie-colle-stato-di-abbandono-dello-spazio-pubblico\\\/#article\",\"isPartOf\":{\"@id\":\"https:\\\/\\\/www.bellunopress.it\\\/2025\\\/07\\\/10\\\/ex-concerie-colle-stato-di-abbandono-dello-spazio-pubblico\\\/\"},\"author\":{\"name\":\"redazione\",\"@id\":\"https:\\\/\\\/www.bellunopress.it\\\/#\\\/schema\\\/person\\\/79bb06722b37ece1c03d3e94beb30d73\"},\"headline\":\"Ex concerie Colle. Stato di abbandono dello spazio pubblico\",\"datePublished\":\"2025-07-10T15:08:47+00:00\",\"mainEntityOfPage\":{\"@id\":\"https:\\\/\\\/www.bellunopress.it\\\/2025\\\/07\\\/10\\\/ex-concerie-colle-stato-di-abbandono-dello-spazio-pubblico\\\/\"},\"wordCount\":280,\"publisher\":{\"@id\":\"https:\\\/\\\/www.bellunopress.it\\\/#organization\"},\"image\":{\"@id\":\"https:\\\/\\\/www.bellunopress.it\\\/2025\\\/07\\\/10\\\/ex-concerie-colle-stato-di-abbandono-dello-spazio-pubblico\\\/#primaryimage\"},\"thumbnailUrl\":\"https:\\\/\\\/www.bellunopress.it\\\/wp-content\\\/uploads\\\/2025\\\/07\\\/ex-concerie-borgo-piave_edited.jpg\",\"articleSection\":[\"Cronaca\\\/Politica\",\"Prima Pagina\"],\"inLanguage\":\"fr-FR\"},{\"@type\":\"WebPage\",\"@id\":\"https:\\\/\\\/www.bellunopress.it\\\/2025\\\/07\\\/10\\\/ex-concerie-colle-stato-di-abbandono-dello-spazio-pubblico\\\/\",\"url\":\"https:\\\/\\\/www.bellunopress.it\\\/2025\\\/07\\\/10\\\/ex-concerie-colle-stato-di-abbandono-dello-spazio-pubblico\\\/\",\"name\":\"Ex concerie Colle. Stato di abbandono dello spazio pubblico - Bellunopress - Dolomiti\",\"isPartOf\":{\"@id\":\"https:\\\/\\\/www.bellunopress.it\\\/#website\"},\"primaryImageOfPage\":{\"@id\":\"https:\\\/\\\/www.bellunopress.it\\\/2025\\\/07\\\/10\\\/ex-concerie-colle-stato-di-abbandono-dello-spazio-pubblico\\\/#primaryimage\"},\"image\":{\"@id\":\"https:\\\/\\\/www.bellunopress.it\\\/2025\\\/07\\\/10\\\/ex-concerie-colle-stato-di-abbandono-dello-spazio-pubblico\\\/#primaryimage\"},\"thumbnailUrl\":\"https:\\\/\\\/www.bellunopress.it\\\/wp-content\\\/uploads\\\/2025\\\/07\\\/ex-concerie-borgo-piave_edited.jpg\",\"datePublished\":\"2025-07-10T15:08:47+00:00\",\"breadcrumb\":{\"@id\":\"https:\\\/\\\/www.bellunopress.it\\\/2025\\\/07\\\/10\\\/ex-concerie-colle-stato-di-abbandono-dello-spazio-pubblico\\\/#breadcrumb\"},\"inLanguage\":\"fr-FR\",\"potentialAction\":[{\"@type\":\"ReadAction\",\"target\":[\"https:\\\/\\\/www.bellunopress.it\\\/2025\\\/07\\\/10\\\/ex-concerie-colle-stato-di-abbandono-dello-spazio-pubblico\\\/\"]}]},{\"@type\":\"ImageObject\",\"inLanguage\":\"fr-FR\",\"@id\":\"https:\\\/\\\/www.bellunopress.it\\\/2025\\\/07\\\/10\\\/ex-concerie-colle-stato-di-abbandono-dello-spazio-pubblico\\\/#primaryimage\",\"url\":\"https:\\\/\\\/www.bellunopress.it\\\/wp-content\\\/uploads\\\/2025\\\/07\\\/ex-concerie-borgo-piave_edited.jpg\",\"contentUrl\":\"https:\\\/\\\/www.bellunopress.it\\\/wp-content\\\/uploads\\\/2025\\\/07\\\/ex-concerie-borgo-piave_edited.jpg\",\"width\":600,\"height\":800},{\"@type\":\"BreadcrumbList\",\"@id\":\"https:\\\/\\\/www.bellunopress.it\\\/2025\\\/07\\\/10\\\/ex-concerie-colle-stato-di-abbandono-dello-spazio-pubblico\\\/#breadcrumb\",\"itemListElement\":[{\"@type\":\"ListItem\",\"position\":1,\"name\":\"Home\",\"item\":\"https:\\\/\\\/www.bellunopress.it\\\/\"},{\"@type\":\"ListItem\",\"position\":2,\"name\":\"Ex concerie Colle. Stato di abbandono dello spazio pubblico\"}]},{\"@type\":\"WebSite\",\"@id\":\"https:\\\/\\\/www.bellunopress.it\\\/#website\",\"url\":\"https:\\\/\\\/www.bellunopress.it\\\/\",\"name\":\"Bellunopress - Dolomiti\",\"description\":\"e-mail: redazione@bellunopress.it\",\"publisher\":{\"@id\":\"https:\\\/\\\/www.bellunopress.it\\\/#organization\"},\"potentialAction\":[{\"@type\":\"SearchAction\",\"target\":{\"@type\":\"EntryPoint\",\"urlTemplate\":\"https:\\\/\\\/www.bellunopress.it\\\/?s={search_term_string}\"},\"query-input\":{\"@type\":\"PropertyValueSpecification\",\"valueRequired\":true,\"valueName\":\"search_term_string\"}}],\"inLanguage\":\"fr-FR\"},{\"@type\":\"Organization\",\"@id\":\"https:\\\/\\\/www.bellunopress.it\\\/#organization\",\"name\":\"Bellunopress\",\"url\":\"https:\\\/\\\/www.bellunopress.it\\\/\",\"logo\":{\"@type\":\"ImageObject\",\"inLanguage\":\"fr-FR\",\"@id\":\"https:\\\/\\\/www.bellunopress.it\\\/#\\\/schema\\\/logo\\\/image\\\/\",\"url\":\"https:\\\/\\\/www.bellunopress.it\\\/wp-content\\\/uploads\\\/2011\\\/05\\\/cropped-logo-bellunopress-.jpg\",\"contentUrl\":\"https:\\\/\\\/www.bellunopress.it\\\/wp-content\\\/uploads\\\/2011\\\/05\\\/cropped-logo-bellunopress-.jpg\",\"width\":512,\"height\":512,\"caption\":\"Bellunopress\"},\"image\":{\"@id\":\"https:\\\/\\\/www.bellunopress.it\\\/#\\\/schema\\\/logo\\\/image\\\/\"},\"sameAs\":[\"https:\\\/\\\/www.facebook.com\\\/profile.php?id=100008943462799\",\"https:\\\/\\\/x.com\\\/bellunopress\",\"https:\\\/\\\/www.linkedin.com\\\/hp\\\/?dnr=JBzUWaJfMUw8vbXJJ2tVW5-I3jZKvC4wsoxE&amp;amp;amp;amp;amp;amp;trk=nav_responsive_tab_home\",\"https:\\\/\\\/www.youtube.com\\\/channel\\\/UCxL0wu1uN0_3_7hGG0306cw\"]},{\"@type\":\"Person\",\"@id\":\"https:\\\/\\\/www.bellunopress.it\\\/#\\\/schema\\\/person\\\/79bb06722b37ece1c03d3e94beb30d73\",\"name\":\"redazione\",\"image\":{\"@type\":\"ImageObject\",\"inLanguage\":\"fr-FR\",\"@id\":\"https:\\\/\\\/secure.gravatar.com\\\/avatar\\\/37d968a2e67a6fd04c169c4bdef102d0bc5d31b2546345219e348575eb80e9a0?s=96&d=mm&r=g\",\"url\":\"https:\\\/\\\/secure.gravatar.com\\\/avatar\\\/37d968a2e67a6fd04c169c4bdef102d0bc5d31b2546345219e348575eb80e9a0?s=96&d=mm&r=g\",\"contentUrl\":\"https:\\\/\\\/secure.gravatar.com\\\/avatar\\\/37d968a2e67a6fd04c169c4bdef102d0bc5d31b2546345219e348575eb80e9a0?s=96&d=mm&r=g\",\"caption\":\"redazione\"},\"sameAs\":[\"http:\\\/\\\/www.bellunopress.it\",\"https:\\\/\\\/x.com\\\/bellunopress\"],\"url\":\"https:\\\/\\\/www.bellunopress.it\\\/fr\\\/author\\\/redazione\\\/\"}]}<\/script>\n<!-- \/ Yoast SEO plugin. -->","yoast_head_json":{"title":"Ex concerie Colle. Stato di abbandono dello spazio pubblico - Bellunopress - Dolomiti","robots":{"index":"index","follow":"follow","max-snippet":"max-snippet:-1","max-image-preview":"max-image-preview:large","max-video-preview":"max-video-preview:-1"},"canonical":"https:\/\/www.bellunopress.it\/fr\/2025\/07\/10\/ex-concerie-colle-stato-di-abbandono-dello-spazio-pubblico\/","og_locale":"fr_FR","og_type":"article","og_title":"Ex concerie Colle. Stato di abbandono dello spazio pubblico - Bellunopress - Dolomiti","og_description":"Belluno, 10 luglio 2025 &#8211;\u00a0Lo spazio al pianterreno delle ex concerie Colle di Borgo Piave versano nuovamente in stato di abbandono. Avrebbe dovuto essere acquisito anni fa dal Comune di Belluno e adibito ad uso sociale, culturale e ricreativo in forza di precedenti accordi. Ma ad oggi la situazione giuridica non \u00e8 chiara. &nbsp; La [&hellip;]","og_url":"https:\/\/www.bellunopress.it\/fr\/2025\/07\/10\/ex-concerie-colle-stato-di-abbandono-dello-spazio-pubblico\/","og_site_name":"Bellunopress - Dolomiti","article_publisher":"https:\/\/www.facebook.com\/profile.php?id=100008943462799","article_published_time":"2025-07-10T15:08:47+00:00","og_image":[{"width":600,"height":800,"url":"https:\/\/www.bellunopress.it\/wp-content\/uploads\/2025\/07\/ex-concerie-borgo-piave_edited.jpg","type":"image\/jpeg"}],"author":"redazione","twitter_card":"summary_large_image","twitter_creator":"@bellunopress","twitter_site":"@bellunopress","twitter_misc":{"\u00c9crit par":"redazione","Dur\u00e9e de lecture estim\u00e9e":"1 minute"},"schema":{"@context":"https:\/\/schema.org","@graph":[{"@type":"Article","@id":"https:\/\/www.bellunopress.it\/2025\/07\/10\/ex-concerie-colle-stato-di-abbandono-dello-spazio-pubblico\/#article","isPartOf":{"@id":"https:\/\/www.bellunopress.it\/2025\/07\/10\/ex-concerie-colle-stato-di-abbandono-dello-spazio-pubblico\/"},"author":{"name":"redazione","@id":"https:\/\/www.bellunopress.it\/#\/schema\/person\/79bb06722b37ece1c03d3e94beb30d73"},"headline":"Ex concerie Colle. Stato di abbandono dello spazio pubblico","datePublished":"2025-07-10T15:08:47+00:00","mainEntityOfPage":{"@id":"https:\/\/www.bellunopress.it\/2025\/07\/10\/ex-concerie-colle-stato-di-abbandono-dello-spazio-pubblico\/"},"wordCount":280,"publisher":{"@id":"https:\/\/www.bellunopress.it\/#organization"},"image":{"@id":"https:\/\/www.bellunopress.it\/2025\/07\/10\/ex-concerie-colle-stato-di-abbandono-dello-spazio-pubblico\/#primaryimage"},"thumbnailUrl":"https:\/\/www.bellunopress.it\/wp-content\/uploads\/2025\/07\/ex-concerie-borgo-piave_edited.jpg","articleSection":["Cronaca\/Politica","Prima Pagina"],"inLanguage":"fr-FR"},{"@type":"WebPage","@id":"https:\/\/www.bellunopress.it\/2025\/07\/10\/ex-concerie-colle-stato-di-abbandono-dello-spazio-pubblico\/","url":"https:\/\/www.bellunopress.it\/2025\/07\/10\/ex-concerie-colle-stato-di-abbandono-dello-spazio-pubblico\/","name":"Ex concerie Colle. Stato di abbandono dello spazio pubblico - Bellunopress - Dolomiti","isPartOf":{"@id":"https:\/\/www.bellunopress.it\/#website"},"primaryImageOfPage":{"@id":"https:\/\/www.bellunopress.it\/2025\/07\/10\/ex-concerie-colle-stato-di-abbandono-dello-spazio-pubblico\/#primaryimage"},"image":{"@id":"https:\/\/www.bellunopress.it\/2025\/07\/10\/ex-concerie-colle-stato-di-abbandono-dello-spazio-pubblico\/#primaryimage"},"thumbnailUrl":"https:\/\/www.bellunopress.it\/wp-content\/uploads\/2025\/07\/ex-concerie-borgo-piave_edited.jpg","datePublished":"2025-07-10T15:08:47+00:00","breadcrumb":{"@id":"https:\/\/www.bellunopress.it\/2025\/07\/10\/ex-concerie-colle-stato-di-abbandono-dello-spazio-pubblico\/#breadcrumb"},"inLanguage":"fr-FR","potentialAction":[{"@type":"ReadAction","target":["https:\/\/www.bellunopress.it\/2025\/07\/10\/ex-concerie-colle-stato-di-abbandono-dello-spazio-pubblico\/"]}]},{"@type":"ImageObject","inLanguage":"fr-FR","@id":"https:\/\/www.bellunopress.it\/2025\/07\/10\/ex-concerie-colle-stato-di-abbandono-dello-spazio-pubblico\/#primaryimage","url":"https:\/\/www.bellunopress.it\/wp-content\/uploads\/2025\/07\/ex-concerie-borgo-piave_edited.jpg","contentUrl":"https:\/\/www.bellunopress.it\/wp-content\/uploads\/2025\/07\/ex-concerie-borgo-piave_edited.jpg","width":600,"height":800},{"@type":"BreadcrumbList","@id":"https:\/\/www.bellunopress.it\/2025\/07\/10\/ex-concerie-colle-stato-di-abbandono-dello-spazio-pubblico\/#breadcrumb","itemListElement":[{"@type":"ListItem","position":1,"name":"Home","item":"https:\/\/www.bellunopress.it\/"},{"@type":"ListItem","position":2,"name":"Ex concerie Colle. Stato di abbandono dello spazio pubblico"}]},{"@type":"WebSite","@id":"https:\/\/www.bellunopress.it\/#website","url":"https:\/\/www.bellunopress.it\/","name":"Bellunopress - Dolomiti","description":"e-mail: redazione@bellunopress.it","publisher":{"@id":"https:\/\/www.bellunopress.it\/#organization"},"potentialAction":[{"@type":"SearchAction","target":{"@type":"EntryPoint","urlTemplate":"https:\/\/www.bellunopress.it\/?s={search_term_string}"},"query-input":{"@type":"PropertyValueSpecification","valueRequired":true,"valueName":"search_term_string"}}],"inLanguage":"fr-FR"},{"@type":"Organization","@id":"https:\/\/www.bellunopress.it\/#organization","name":"Bellunopress","url":"https:\/\/www.bellunopress.it\/","logo":{"@type":"ImageObject","inLanguage":"fr-FR","@id":"https:\/\/www.bellunopress.it\/#\/schema\/logo\/image\/","url":"https:\/\/www.bellunopress.it\/wp-content\/uploads\/2011\/05\/cropped-logo-bellunopress-.jpg","contentUrl":"https:\/\/www.bellunopress.it\/wp-content\/uploads\/2011\/05\/cropped-logo-bellunopress-.jpg","width":512,"height":512,"caption":"Bellunopress"},"image":{"@id":"https:\/\/www.bellunopress.it\/#\/schema\/logo\/image\/"},"sameAs":["https:\/\/www.facebook.com\/profile.php?id=100008943462799","https:\/\/x.com\/bellunopress","https:\/\/www.linkedin.com\/hp\/?dnr=JBzUWaJfMUw8vbXJJ2tVW5-I3jZKvC4wsoxE&amp;amp;amp;amp;amp;amp;trk=nav_responsive_tab_home","https:\/\/www.youtube.com\/channel\/UCxL0wu1uN0_3_7hGG0306cw"]},{"@type":"Person","@id":"https:\/\/www.bellunopress.it\/#\/schema\/person\/79bb06722b37ece1c03d3e94beb30d73","name":"r\u00e9daction","image":{"@type":"ImageObject","inLanguage":"fr-FR","@id":"https:\/\/secure.gravatar.com\/avatar\/37d968a2e67a6fd04c169c4bdef102d0bc5d31b2546345219e348575eb80e9a0?s=96&d=mm&r=g","url":"https:\/\/secure.gravatar.com\/avatar\/37d968a2e67a6fd04c169c4bdef102d0bc5d31b2546345219e348575eb80e9a0?s=96&d=mm&r=g","contentUrl":"https:\/\/secure.gravatar.com\/avatar\/37d968a2e67a6fd04c169c4bdef102d0bc5d31b2546345219e348575eb80e9a0?s=96&d=mm&r=g","caption":"redazione"},"sameAs":["http:\/\/www.bellunopress.it","https:\/\/x.com\/bellunopress"],"url":"https:\/\/www.bellunopress.it\/fr\/author\/redazione\/"}]}},"_links":{"self":[{"href":"https:\/\/www.bellunopress.it\/fr\/wp-json\/wp\/v2\/posts\/161671","targetHints":{"allow":["GET"]}}],"collection":[{"href":"https:\/\/www.bellunopress.it\/fr\/wp-json\/wp\/v2\/posts"}],"about":[{"href":"https:\/\/www.bellunopress.it\/fr\/wp-json\/wp\/v2\/types\/post"}],"author":[{"embeddable":true,"href":"https:\/\/www.bellunopress.it\/fr\/wp-json\/wp\/v2\/users\/2"}],"replies":[{"embeddable":true,"href":"https:\/\/www.bellunopress.it\/fr\/wp-json\/wp\/v2\/comments?post=161671"}],"version-history":[{"count":1,"href":"https:\/\/www.bellunopress.it\/fr\/wp-json\/wp\/v2\/posts\/161671\/revisions"}],"predecessor-version":[{"id":161674,"href":"https:\/\/www.bellunopress.it\/fr\/wp-json\/wp\/v2\/posts\/161671\/revisions\/161674"}],"wp:featuredmedia":[{"embeddable":true,"href":"https:\/\/www.bellunopress.it\/fr\/wp-json\/wp\/v2\/media\/161672"}],"wp:attachment":[{"href":"https:\/\/www.bellunopress.it\/fr\/wp-json\/wp\/v2\/media?parent=161671"}],"wp:term":[{"taxonomy":"category","embeddable":true,"href":"https:\/\/www.bellunopress.it\/fr\/wp-json\/wp\/v2\/categories?post=161671"},{"taxonomy":"post_tag","embeddable":true,"href":"https:\/\/www.bellunopress.it\/fr\/wp-json\/wp\/v2\/tags?post=161671"}],"curies":[{"name":"wp","href":"https:\/\/api.w.org\/{rel}","templated":true}]}}