{"id":161249,"date":"2025-06-25T18:23:22","date_gmt":"2025-06-25T16:23:22","guid":{"rendered":"https:\/\/www.bellunopress.it\/?p=161249"},"modified":"2025-06-25T18:23:22","modified_gmt":"2025-06-25T16:23:22","slug":"belluno-area-ex-agip-insieme-per-belluno-bene-comune-avanti-tutta-con-il-pua","status":"publish","type":"post","link":"https:\/\/www.bellunopress.it\/fr\/2025\/06\/25\/belluno-area-ex-agip-insieme-per-belluno-bene-comune-avanti-tutta-con-il-pua\/","title":{"rendered":"Belluno, area ex Agip.\u00a0 Insieme per Belluno Bene Comune: &#8220;Avanti tutta con il PUA&#8221;?"},"content":{"rendered":"<figure id=\"attachment_142994\" aria-describedby=\"caption-attachment-142994\" style=\"width: 1000px\" class=\"wp-caption aligncenter\"><img loading=\"lazy\" decoding=\"async\" class=\"size-full wp-image-142994\" src=\"https:\/\/www.bellunopress.it\/wp-content\/uploads\/2023\/07\/ex-distributore-Agip-Baldenich_edited.jpg\" alt=\"\" width=\"1000\" height=\"627\" srcset=\"https:\/\/www.bellunopress.it\/wp-content\/uploads\/2023\/07\/ex-distributore-Agip-Baldenich_edited.jpg 1000w, https:\/\/www.bellunopress.it\/wp-content\/uploads\/2023\/07\/ex-distributore-Agip-Baldenich_edited-500x314.jpg 500w, https:\/\/www.bellunopress.it\/wp-content\/uploads\/2023\/07\/ex-distributore-Agip-Baldenich_edited-696x436.jpg 696w, https:\/\/www.bellunopress.it\/wp-content\/uploads\/2023\/07\/ex-distributore-Agip-Baldenich_edited-670x420.jpg 670w\" sizes=\"auto, (max-width: 1000px) 100vw, 1000px\" \/><figcaption id=\"caption-attachment-142994\" class=\"wp-caption-text\">Ex distributore Agip di via Vittorio Veneto &#8211; Belluno<\/figcaption><\/figure>\n<p>Abbiamo appreso con piacere che sabato 28 si terr\u00e0 un&#8217;assemblea del quartiere promossa dal capofrazione per discutere dell&#8217;area ex Agip.<br \/>\nIn effetti dopo il ritiro della delibera nella seduta del consiglio comunale dello scorso 31 marzo relativa al Pua per la realizzazione del supermercato,che ci ha sempre visti contrari, auspicavamo si avviasse un confronto con la citt\u00e0 ed il quartiere sulla destinazione urbanistica dell&#8217;area, come richiesto da molti e come una reale considerazione del valore della partecipazione postulerebbe.<\/p>\n<p>Nel silenzio dell&#8217;amministrazione, abbiamo presentato il 29 maggio un&#8217;interrogazione per sapere cosa \u201cbollisse in pentola\u201d.Al momento (25 giugno) non abbiamo ricevuto risposta, ma riconosciamo anche che il termine di trenta giorni non \u00e8 scaduto perch\u00e8 scadr\u00e0 proprio il 28.<br \/>\nTuttavia la risposta \u00e8 arrivata con il Corriere della Alpi del 20 giugno, ove si parla di rotatoria davanti all&#8217;istituto Agosti e di incrocio di Baldenich, in seguito ad una delibera di Giunta assunta qualche giorno prima.<\/p>\n<p>Quella delibera (la n.115 del 13 giugno, presenti 6 componenti) approva l&#8217;indirizzo di destinare il contributo pubblico straordinario dovuto per la realizzazione del Pua nell&#8217;area ex Agip alla realizzazione della rotonda e quindi propone al Consiglio Comunale di adottare il Piano Urbanistico Attuativo in variante al Piano degli Interventi in Via Vittorio Veneto , ovvero quanto gi\u00e0 noto.<br \/>\nCi\u00f2 vuol dire che a breve torner\u00e0 nuovamente in consiglio la medesima delibera ritirata a suo tempo, con la sola modifica relativa alla destinazione del contributo straordinario e che quindi all&#8217;assemblea l&#8217;amministrazione verr\u00e0 a confermare una scelta che ha gi\u00e0 fatto e senza avviare l&#8217;auspicato confronto.<\/p>\n<p>Noi comunque ci saremo,in primo luogo ad ascoltare i cittadini, visto che la scelta urbanistica spetta al consiglio comunale che deve saper effettuare un equo apprezzamento delle effettive esigenze e problematiche che ne costituiscono il presupposto.<\/p>\n<p><strong>Insieme per Belluno Bene Comune<\/strong><\/p>","protected":false},"excerpt":{"rendered":"<p>Abbiamo appreso con piacere che sabato 28 si terr\u00e0 un&#8217;assemblea del quartiere promossa dal capofrazione per discutere dell&#8217;area ex Agip. In effetti dopo il ritiro della delibera nella seduta del consiglio comunale dello scorso 31 marzo relativa al Pua per la realizzazione del supermercato,che ci ha sempre visti contrari, auspicavamo si avviasse un confronto con [&hellip;]<\/p>\n","protected":false},"author":2,"featured_media":139515,"comment_status":"closed","ping_status":"open","sticky":false,"template":"","format":"standard","meta":{"footnotes":""},"categories":[5,26],"tags":[],"class_list":["post-161249","post","type-post","status-publish","format-standard","has-post-thumbnail","category-cronaca","category-prima-pagina"],"yoast_head":"<!-- This site is optimized with the Yoast SEO plugin v28.4 - https:\/\/yoast.com\/product\/yoast-seo-wordpress\/ -->\n<title>Belluno, area ex Agip.\u00a0 Insieme per Belluno Bene Comune: &quot;Avanti tutta con il PUA&quot;? - Bellunopress - Dolomiti<\/title>\n<meta name=\"robots\" content=\"index, follow, max-snippet:-1, max-image-preview:large, max-video-preview:-1\" \/>\n<link rel=\"canonical\" href=\"https:\/\/www.bellunopress.it\/fr\/2025\/06\/25\/belluno-area-ex-agip-insieme-per-belluno-bene-comune-avanti-tutta-con-il-pua\/\" \/>\n<meta property=\"og:locale\" content=\"fr_FR\" \/>\n<meta property=\"og:type\" content=\"article\" \/>\n<meta property=\"og:title\" content=\"Belluno, area ex Agip.\u00a0 Insieme per Belluno Bene Comune: &quot;Avanti tutta con il PUA&quot;? - Bellunopress - Dolomiti\" \/>\n<meta property=\"og:description\" content=\"Abbiamo appreso con piacere che sabato 28 si terr\u00e0 un&#8217;assemblea del quartiere promossa dal capofrazione per discutere dell&#8217;area ex Agip. In effetti dopo il ritiro della delibera nella seduta del consiglio comunale dello scorso 31 marzo relativa al Pua per la realizzazione del supermercato,che ci ha sempre visti contrari, auspicavamo si avviasse un confronto con [&hellip;]\" \/>\n<meta property=\"og:url\" content=\"https:\/\/www.bellunopress.it\/fr\/2025\/06\/25\/belluno-area-ex-agip-insieme-per-belluno-bene-comune-avanti-tutta-con-il-pua\/\" \/>\n<meta property=\"og:site_name\" content=\"Bellunopress - Dolomiti\" \/>\n<meta property=\"article:publisher\" content=\"https:\/\/www.facebook.com\/profile.php?id=100008943462799\" \/>\n<meta property=\"article:published_time\" content=\"2025-06-25T16:23:22+00:00\" \/>\n<meta property=\"og:image\" content=\"https:\/\/www.bellunopress.it\/wp-content\/uploads\/2023\/02\/Insieme-per-Belluno-Bene-comune_edited.jpg\" \/>\n\t<meta property=\"og:image:width\" content=\"1000\" \/>\n\t<meta property=\"og:image:height\" content=\"1000\" \/>\n\t<meta property=\"og:image:type\" content=\"image\/jpeg\" \/>\n<meta name=\"author\" content=\"redazione\" \/>\n<meta name=\"twitter:card\" content=\"summary_large_image\" \/>\n<meta name=\"twitter:creator\" content=\"@bellunopress\" \/>\n<meta name=\"twitter:site\" content=\"@bellunopress\" \/>\n<meta name=\"twitter:label1\" content=\"\u00c9crit par\" \/>\n\t<meta name=\"twitter:data1\" content=\"redazione\" \/>\n\t<meta name=\"twitter:label2\" content=\"Dur\u00e9e de lecture estim\u00e9e\" \/>\n\t<meta name=\"twitter:data2\" content=\"2 minutes\" \/>\n<script type=\"application\/ld+json\" class=\"yoast-schema-graph\">{\"@context\":\"https:\\\/\\\/schema.org\",\"@graph\":[{\"@type\":\"Article\",\"@id\":\"https:\\\/\\\/www.bellunopress.it\\\/2025\\\/06\\\/25\\\/belluno-area-ex-agip-insieme-per-belluno-bene-comune-avanti-tutta-con-il-pua\\\/#article\",\"isPartOf\":{\"@id\":\"https:\\\/\\\/www.bellunopress.it\\\/2025\\\/06\\\/25\\\/belluno-area-ex-agip-insieme-per-belluno-bene-comune-avanti-tutta-con-il-pua\\\/\"},\"author\":{\"name\":\"redazione\",\"@id\":\"https:\\\/\\\/www.bellunopress.it\\\/#\\\/schema\\\/person\\\/79bb06722b37ece1c03d3e94beb30d73\"},\"headline\":\"Belluno, area ex Agip.\u00a0 Insieme per Belluno Bene Comune: &#8220;Avanti tutta con il PUA&#8221;?\",\"datePublished\":\"2025-06-25T16:23:22+00:00\",\"mainEntityOfPage\":{\"@id\":\"https:\\\/\\\/www.bellunopress.it\\\/2025\\\/06\\\/25\\\/belluno-area-ex-agip-insieme-per-belluno-bene-comune-avanti-tutta-con-il-pua\\\/\"},\"wordCount\":332,\"publisher\":{\"@id\":\"https:\\\/\\\/www.bellunopress.it\\\/#organization\"},\"image\":{\"@id\":\"https:\\\/\\\/www.bellunopress.it\\\/2025\\\/06\\\/25\\\/belluno-area-ex-agip-insieme-per-belluno-bene-comune-avanti-tutta-con-il-pua\\\/#primaryimage\"},\"thumbnailUrl\":\"https:\\\/\\\/www.bellunopress.it\\\/wp-content\\\/uploads\\\/2023\\\/02\\\/Insieme-per-Belluno-Bene-comune_edited.jpg\",\"articleSection\":[\"Cronaca\\\/Politica\",\"Prima Pagina\"],\"inLanguage\":\"fr-FR\"},{\"@type\":\"WebPage\",\"@id\":\"https:\\\/\\\/www.bellunopress.it\\\/2025\\\/06\\\/25\\\/belluno-area-ex-agip-insieme-per-belluno-bene-comune-avanti-tutta-con-il-pua\\\/\",\"url\":\"https:\\\/\\\/www.bellunopress.it\\\/2025\\\/06\\\/25\\\/belluno-area-ex-agip-insieme-per-belluno-bene-comune-avanti-tutta-con-il-pua\\\/\",\"name\":\"Belluno, area ex Agip.\u00a0 Insieme per Belluno Bene Comune: \\\"Avanti tutta con il PUA\\\"? - Bellunopress - Dolomiti\",\"isPartOf\":{\"@id\":\"https:\\\/\\\/www.bellunopress.it\\\/#website\"},\"primaryImageOfPage\":{\"@id\":\"https:\\\/\\\/www.bellunopress.it\\\/2025\\\/06\\\/25\\\/belluno-area-ex-agip-insieme-per-belluno-bene-comune-avanti-tutta-con-il-pua\\\/#primaryimage\"},\"image\":{\"@id\":\"https:\\\/\\\/www.bellunopress.it\\\/2025\\\/06\\\/25\\\/belluno-area-ex-agip-insieme-per-belluno-bene-comune-avanti-tutta-con-il-pua\\\/#primaryimage\"},\"thumbnailUrl\":\"https:\\\/\\\/www.bellunopress.it\\\/wp-content\\\/uploads\\\/2023\\\/02\\\/Insieme-per-Belluno-Bene-comune_edited.jpg\",\"datePublished\":\"2025-06-25T16:23:22+00:00\",\"breadcrumb\":{\"@id\":\"https:\\\/\\\/www.bellunopress.it\\\/2025\\\/06\\\/25\\\/belluno-area-ex-agip-insieme-per-belluno-bene-comune-avanti-tutta-con-il-pua\\\/#breadcrumb\"},\"inLanguage\":\"fr-FR\",\"potentialAction\":[{\"@type\":\"ReadAction\",\"target\":[\"https:\\\/\\\/www.bellunopress.it\\\/2025\\\/06\\\/25\\\/belluno-area-ex-agip-insieme-per-belluno-bene-comune-avanti-tutta-con-il-pua\\\/\"]}]},{\"@type\":\"ImageObject\",\"inLanguage\":\"fr-FR\",\"@id\":\"https:\\\/\\\/www.bellunopress.it\\\/2025\\\/06\\\/25\\\/belluno-area-ex-agip-insieme-per-belluno-bene-comune-avanti-tutta-con-il-pua\\\/#primaryimage\",\"url\":\"https:\\\/\\\/www.bellunopress.it\\\/wp-content\\\/uploads\\\/2023\\\/02\\\/Insieme-per-Belluno-Bene-comune_edited.jpg\",\"contentUrl\":\"https:\\\/\\\/www.bellunopress.it\\\/wp-content\\\/uploads\\\/2023\\\/02\\\/Insieme-per-Belluno-Bene-comune_edited.jpg\",\"width\":1000,\"height\":1000,\"caption\":\"Gruppo Insieme per Belluno Bene Comune\"},{\"@type\":\"BreadcrumbList\",\"@id\":\"https:\\\/\\\/www.bellunopress.it\\\/2025\\\/06\\\/25\\\/belluno-area-ex-agip-insieme-per-belluno-bene-comune-avanti-tutta-con-il-pua\\\/#breadcrumb\",\"itemListElement\":[{\"@type\":\"ListItem\",\"position\":1,\"name\":\"Home\",\"item\":\"https:\\\/\\\/www.bellunopress.it\\\/\"},{\"@type\":\"ListItem\",\"position\":2,\"name\":\"Belluno, area ex Agip.\u00a0 Insieme per Belluno Bene Comune: &#8220;Avanti tutta con il PUA&#8221;?\"}]},{\"@type\":\"WebSite\",\"@id\":\"https:\\\/\\\/www.bellunopress.it\\\/#website\",\"url\":\"https:\\\/\\\/www.bellunopress.it\\\/\",\"name\":\"Bellunopress - Dolomiti\",\"description\":\"e-mail: redazione@bellunopress.it\",\"publisher\":{\"@id\":\"https:\\\/\\\/www.bellunopress.it\\\/#organization\"},\"potentialAction\":[{\"@type\":\"SearchAction\",\"target\":{\"@type\":\"EntryPoint\",\"urlTemplate\":\"https:\\\/\\\/www.bellunopress.it\\\/?s={search_term_string}\"},\"query-input\":{\"@type\":\"PropertyValueSpecification\",\"valueRequired\":true,\"valueName\":\"search_term_string\"}}],\"inLanguage\":\"fr-FR\"},{\"@type\":\"Organization\",\"@id\":\"https:\\\/\\\/www.bellunopress.it\\\/#organization\",\"name\":\"Bellunopress\",\"url\":\"https:\\\/\\\/www.bellunopress.it\\\/\",\"logo\":{\"@type\":\"ImageObject\",\"inLanguage\":\"fr-FR\",\"@id\":\"https:\\\/\\\/www.bellunopress.it\\\/#\\\/schema\\\/logo\\\/image\\\/\",\"url\":\"https:\\\/\\\/www.bellunopress.it\\\/wp-content\\\/uploads\\\/2011\\\/05\\\/cropped-logo-bellunopress-.jpg\",\"contentUrl\":\"https:\\\/\\\/www.bellunopress.it\\\/wp-content\\\/uploads\\\/2011\\\/05\\\/cropped-logo-bellunopress-.jpg\",\"width\":512,\"height\":512,\"caption\":\"Bellunopress\"},\"image\":{\"@id\":\"https:\\\/\\\/www.bellunopress.it\\\/#\\\/schema\\\/logo\\\/image\\\/\"},\"sameAs\":[\"https:\\\/\\\/www.facebook.com\\\/profile.php?id=100008943462799\",\"https:\\\/\\\/x.com\\\/bellunopress\",\"https:\\\/\\\/www.linkedin.com\\\/hp\\\/?dnr=JBzUWaJfMUw8vbXJJ2tVW5-I3jZKvC4wsoxE&amp;amp;amp;amp;amp;amp;trk=nav_responsive_tab_home\",\"https:\\\/\\\/www.youtube.com\\\/channel\\\/UCxL0wu1uN0_3_7hGG0306cw\"]},{\"@type\":\"Person\",\"@id\":\"https:\\\/\\\/www.bellunopress.it\\\/#\\\/schema\\\/person\\\/79bb06722b37ece1c03d3e94beb30d73\",\"name\":\"redazione\",\"image\":{\"@type\":\"ImageObject\",\"inLanguage\":\"fr-FR\",\"@id\":\"https:\\\/\\\/secure.gravatar.com\\\/avatar\\\/37d968a2e67a6fd04c169c4bdef102d0bc5d31b2546345219e348575eb80e9a0?s=96&d=mm&r=g\",\"url\":\"https:\\\/\\\/secure.gravatar.com\\\/avatar\\\/37d968a2e67a6fd04c169c4bdef102d0bc5d31b2546345219e348575eb80e9a0?s=96&d=mm&r=g\",\"contentUrl\":\"https:\\\/\\\/secure.gravatar.com\\\/avatar\\\/37d968a2e67a6fd04c169c4bdef102d0bc5d31b2546345219e348575eb80e9a0?s=96&d=mm&r=g\",\"caption\":\"redazione\"},\"sameAs\":[\"http:\\\/\\\/www.bellunopress.it\",\"https:\\\/\\\/x.com\\\/bellunopress\"],\"url\":\"https:\\\/\\\/www.bellunopress.it\\\/fr\\\/author\\\/redazione\\\/\"}]}<\/script>\n<!-- \/ Yoast SEO plugin. -->","yoast_head_json":{"title":"Belluno, area ex Agip.\u00a0 Insieme per Belluno Bene Comune: \"Avanti tutta con il PUA\"? - Bellunopress - Dolomiti","robots":{"index":"index","follow":"follow","max-snippet":"max-snippet:-1","max-image-preview":"max-image-preview:large","max-video-preview":"max-video-preview:-1"},"canonical":"https:\/\/www.bellunopress.it\/fr\/2025\/06\/25\/belluno-area-ex-agip-insieme-per-belluno-bene-comune-avanti-tutta-con-il-pua\/","og_locale":"fr_FR","og_type":"article","og_title":"Belluno, area ex Agip.\u00a0 Insieme per Belluno Bene Comune: \"Avanti tutta con il PUA\"? - Bellunopress - Dolomiti","og_description":"Abbiamo appreso con piacere che sabato 28 si terr\u00e0 un&#8217;assemblea del quartiere promossa dal capofrazione per discutere dell&#8217;area ex Agip. In effetti dopo il ritiro della delibera nella seduta del consiglio comunale dello scorso 31 marzo relativa al Pua per la realizzazione del supermercato,che ci ha sempre visti contrari, auspicavamo si avviasse un confronto con [&hellip;]","og_url":"https:\/\/www.bellunopress.it\/fr\/2025\/06\/25\/belluno-area-ex-agip-insieme-per-belluno-bene-comune-avanti-tutta-con-il-pua\/","og_site_name":"Bellunopress - Dolomiti","article_publisher":"https:\/\/www.facebook.com\/profile.php?id=100008943462799","article_published_time":"2025-06-25T16:23:22+00:00","og_image":[{"width":1000,"height":1000,"url":"https:\/\/www.bellunopress.it\/wp-content\/uploads\/2023\/02\/Insieme-per-Belluno-Bene-comune_edited.jpg","type":"image\/jpeg"}],"author":"redazione","twitter_card":"summary_large_image","twitter_creator":"@bellunopress","twitter_site":"@bellunopress","twitter_misc":{"\u00c9crit par":"redazione","Dur\u00e9e de lecture estim\u00e9e":"2 minutes"},"schema":{"@context":"https:\/\/schema.org","@graph":[{"@type":"Article","@id":"https:\/\/www.bellunopress.it\/2025\/06\/25\/belluno-area-ex-agip-insieme-per-belluno-bene-comune-avanti-tutta-con-il-pua\/#article","isPartOf":{"@id":"https:\/\/www.bellunopress.it\/2025\/06\/25\/belluno-area-ex-agip-insieme-per-belluno-bene-comune-avanti-tutta-con-il-pua\/"},"author":{"name":"redazione","@id":"https:\/\/www.bellunopress.it\/#\/schema\/person\/79bb06722b37ece1c03d3e94beb30d73"},"headline":"Belluno, area ex Agip.\u00a0 Insieme per Belluno Bene Comune: &#8220;Avanti tutta con il PUA&#8221;?","datePublished":"2025-06-25T16:23:22+00:00","mainEntityOfPage":{"@id":"https:\/\/www.bellunopress.it\/2025\/06\/25\/belluno-area-ex-agip-insieme-per-belluno-bene-comune-avanti-tutta-con-il-pua\/"},"wordCount":332,"publisher":{"@id":"https:\/\/www.bellunopress.it\/#organization"},"image":{"@id":"https:\/\/www.bellunopress.it\/2025\/06\/25\/belluno-area-ex-agip-insieme-per-belluno-bene-comune-avanti-tutta-con-il-pua\/#primaryimage"},"thumbnailUrl":"https:\/\/www.bellunopress.it\/wp-content\/uploads\/2023\/02\/Insieme-per-Belluno-Bene-comune_edited.jpg","articleSection":["Cronaca\/Politica","Prima Pagina"],"inLanguage":"fr-FR"},{"@type":"WebPage","@id":"https:\/\/www.bellunopress.it\/2025\/06\/25\/belluno-area-ex-agip-insieme-per-belluno-bene-comune-avanti-tutta-con-il-pua\/","url":"https:\/\/www.bellunopress.it\/2025\/06\/25\/belluno-area-ex-agip-insieme-per-belluno-bene-comune-avanti-tutta-con-il-pua\/","name":"Belluno, area ex Agip.\u00a0 Insieme per Belluno Bene Comune: \"Avanti tutta con il PUA\"? - Bellunopress - Dolomiti","isPartOf":{"@id":"https:\/\/www.bellunopress.it\/#website"},"primaryImageOfPage":{"@id":"https:\/\/www.bellunopress.it\/2025\/06\/25\/belluno-area-ex-agip-insieme-per-belluno-bene-comune-avanti-tutta-con-il-pua\/#primaryimage"},"image":{"@id":"https:\/\/www.bellunopress.it\/2025\/06\/25\/belluno-area-ex-agip-insieme-per-belluno-bene-comune-avanti-tutta-con-il-pua\/#primaryimage"},"thumbnailUrl":"https:\/\/www.bellunopress.it\/wp-content\/uploads\/2023\/02\/Insieme-per-Belluno-Bene-comune_edited.jpg","datePublished":"2025-06-25T16:23:22+00:00","breadcrumb":{"@id":"https:\/\/www.bellunopress.it\/2025\/06\/25\/belluno-area-ex-agip-insieme-per-belluno-bene-comune-avanti-tutta-con-il-pua\/#breadcrumb"},"inLanguage":"fr-FR","potentialAction":[{"@type":"ReadAction","target":["https:\/\/www.bellunopress.it\/2025\/06\/25\/belluno-area-ex-agip-insieme-per-belluno-bene-comune-avanti-tutta-con-il-pua\/"]}]},{"@type":"ImageObject","inLanguage":"fr-FR","@id":"https:\/\/www.bellunopress.it\/2025\/06\/25\/belluno-area-ex-agip-insieme-per-belluno-bene-comune-avanti-tutta-con-il-pua\/#primaryimage","url":"https:\/\/www.bellunopress.it\/wp-content\/uploads\/2023\/02\/Insieme-per-Belluno-Bene-comune_edited.jpg","contentUrl":"https:\/\/www.bellunopress.it\/wp-content\/uploads\/2023\/02\/Insieme-per-Belluno-Bene-comune_edited.jpg","width":1000,"height":1000,"caption":"Gruppo Insieme per Belluno Bene Comune"},{"@type":"BreadcrumbList","@id":"https:\/\/www.bellunopress.it\/2025\/06\/25\/belluno-area-ex-agip-insieme-per-belluno-bene-comune-avanti-tutta-con-il-pua\/#breadcrumb","itemListElement":[{"@type":"ListItem","position":1,"name":"Home","item":"https:\/\/www.bellunopress.it\/"},{"@type":"ListItem","position":2,"name":"Belluno, area ex Agip.\u00a0 Insieme per Belluno Bene Comune: &#8220;Avanti tutta con il PUA&#8221;?"}]},{"@type":"WebSite","@id":"https:\/\/www.bellunopress.it\/#website","url":"https:\/\/www.bellunopress.it\/","name":"Bellunopress - Dolomiti","description":"e-mail: redazione@bellunopress.it","publisher":{"@id":"https:\/\/www.bellunopress.it\/#organization"},"potentialAction":[{"@type":"SearchAction","target":{"@type":"EntryPoint","urlTemplate":"https:\/\/www.bellunopress.it\/?s={search_term_string}"},"query-input":{"@type":"PropertyValueSpecification","valueRequired":true,"valueName":"search_term_string"}}],"inLanguage":"fr-FR"},{"@type":"Organization","@id":"https:\/\/www.bellunopress.it\/#organization","name":"Bellunopress","url":"https:\/\/www.bellunopress.it\/","logo":{"@type":"ImageObject","inLanguage":"fr-FR","@id":"https:\/\/www.bellunopress.it\/#\/schema\/logo\/image\/","url":"https:\/\/www.bellunopress.it\/wp-content\/uploads\/2011\/05\/cropped-logo-bellunopress-.jpg","contentUrl":"https:\/\/www.bellunopress.it\/wp-content\/uploads\/2011\/05\/cropped-logo-bellunopress-.jpg","width":512,"height":512,"caption":"Bellunopress"},"image":{"@id":"https:\/\/www.bellunopress.it\/#\/schema\/logo\/image\/"},"sameAs":["https:\/\/www.facebook.com\/profile.php?id=100008943462799","https:\/\/x.com\/bellunopress","https:\/\/www.linkedin.com\/hp\/?dnr=JBzUWaJfMUw8vbXJJ2tVW5-I3jZKvC4wsoxE&amp;amp;amp;amp;amp;amp;trk=nav_responsive_tab_home","https:\/\/www.youtube.com\/channel\/UCxL0wu1uN0_3_7hGG0306cw"]},{"@type":"Person","@id":"https:\/\/www.bellunopress.it\/#\/schema\/person\/79bb06722b37ece1c03d3e94beb30d73","name":"r\u00e9daction","image":{"@type":"ImageObject","inLanguage":"fr-FR","@id":"https:\/\/secure.gravatar.com\/avatar\/37d968a2e67a6fd04c169c4bdef102d0bc5d31b2546345219e348575eb80e9a0?s=96&d=mm&r=g","url":"https:\/\/secure.gravatar.com\/avatar\/37d968a2e67a6fd04c169c4bdef102d0bc5d31b2546345219e348575eb80e9a0?s=96&d=mm&r=g","contentUrl":"https:\/\/secure.gravatar.com\/avatar\/37d968a2e67a6fd04c169c4bdef102d0bc5d31b2546345219e348575eb80e9a0?s=96&d=mm&r=g","caption":"redazione"},"sameAs":["http:\/\/www.bellunopress.it","https:\/\/x.com\/bellunopress"],"url":"https:\/\/www.bellunopress.it\/fr\/author\/redazione\/"}]}},"_links":{"self":[{"href":"https:\/\/www.bellunopress.it\/fr\/wp-json\/wp\/v2\/posts\/161249","targetHints":{"allow":["GET"]}}],"collection":[{"href":"https:\/\/www.bellunopress.it\/fr\/wp-json\/wp\/v2\/posts"}],"about":[{"href":"https:\/\/www.bellunopress.it\/fr\/wp-json\/wp\/v2\/types\/post"}],"author":[{"embeddable":true,"href":"https:\/\/www.bellunopress.it\/fr\/wp-json\/wp\/v2\/users\/2"}],"replies":[{"embeddable":true,"href":"https:\/\/www.bellunopress.it\/fr\/wp-json\/wp\/v2\/comments?post=161249"}],"version-history":[{"count":1,"href":"https:\/\/www.bellunopress.it\/fr\/wp-json\/wp\/v2\/posts\/161249\/revisions"}],"predecessor-version":[{"id":161250,"href":"https:\/\/www.bellunopress.it\/fr\/wp-json\/wp\/v2\/posts\/161249\/revisions\/161250"}],"wp:featuredmedia":[{"embeddable":true,"href":"https:\/\/www.bellunopress.it\/fr\/wp-json\/wp\/v2\/media\/139515"}],"wp:attachment":[{"href":"https:\/\/www.bellunopress.it\/fr\/wp-json\/wp\/v2\/media?parent=161249"}],"wp:term":[{"taxonomy":"category","embeddable":true,"href":"https:\/\/www.bellunopress.it\/fr\/wp-json\/wp\/v2\/categories?post=161249"},{"taxonomy":"post_tag","embeddable":true,"href":"https:\/\/www.bellunopress.it\/fr\/wp-json\/wp\/v2\/tags?post=161249"}],"curies":[{"name":"wp","href":"https:\/\/api.w.org\/{rel}","templated":true}]}}