{"id":161151,"date":"2025-06-20T17:14:21","date_gmt":"2025-06-20T15:14:21","guid":{"rendered":"https:\/\/www.bellunopress.it\/?p=161151"},"modified":"2025-06-20T17:14:21","modified_gmt":"2025-06-20T15:14:21","slug":"come-adottare-approcci-innovativi-nelle-aree-montane-per-farne-un-vero-motore-di-sviluppo","status":"publish","type":"post","link":"https:\/\/www.bellunopress.it\/fr\/2025\/06\/20\/come-adottare-approcci-innovativi-nelle-aree-montane-per-farne-un-vero-motore-di-sviluppo\/","title":{"rendered":"Come adottare approcci innovativi nelle aree montane per farne un vero motore di sviluppo?\u00a0"},"content":{"rendered":"<p><strong><img loading=\"lazy\" decoding=\"async\" class=\"aligncenter size-full wp-image-161152\" src=\"https:\/\/www.bellunopress.it\/wp-content\/uploads\/2025\/06\/convegno-crepadona_edited.jpg\" alt=\"Montagna Veneta convegno\" width=\"1000\" height=\"676\" srcset=\"https:\/\/www.bellunopress.it\/wp-content\/uploads\/2025\/06\/convegno-crepadona_edited.jpg 1000w, https:\/\/www.bellunopress.it\/wp-content\/uploads\/2025\/06\/convegno-crepadona_edited-500x338.jpg 500w, https:\/\/www.bellunopress.it\/wp-content\/uploads\/2025\/06\/convegno-crepadona_edited-621x420.jpg 621w, https:\/\/www.bellunopress.it\/wp-content\/uploads\/2025\/06\/convegno-crepadona_edited-696x470.jpg 696w\" sizes=\"auto, (max-width: 1000px) 100vw, 1000px\" \/>Mercoled\u00ec 25 giugno a Belluno, Palazzo Crepadona, la presentazione del dossier di Idea Studi Ricerche e il confronto tra amministratori, giuristi, e rappresentanti della comunit\u00e0 bellunese.<\/strong><\/p>\n<p>Come creare le condizioni per introdurre in maniera stabile e organizzata nelle realt\u00e0 montane, della pubblica amministrazione ma non solo, processi di crescita e innovazione legati alla diffusione delle nuove tecnologie e di nuovi modelli organizzativi? Come sfruttare al meglio queste opportunit\u00e0 per rendere i nostri territori stabilmente e concretamente attrattivi?<br \/>\nA queste e altre domande intende dare una prima risposta l\u2019incontro fissato per mercoled\u00ec prossimo, 25 giugno a partire dalle ore 14:45 aPalazzo Crepadona di Belluno e promosso da UNCEM Veneto e Nazionale in collaborazione con il Gal Prealpi e Dolomiti e il centro Europe Direct \u201cMontagna Veneta\u201d.<br \/>\nQuesta mattina a Palazzo Piloni &#8211; sede della Provincia di Belluno &#8211; si \u00e8 tenuta la presentazione dell\u2019appuntamento.<\/p>\n<p>Il programma dell&#8217;incontro, dal titolo \u201cIl governo dell&#8217;Innovazione per le aree montane nel contesto dell&#8217;Ecosistema Belluno\u201d si aprir\u00e0 con i saluti istituzionali del sindaco di Belluno Oscar De Pellegrin, del presidente della Provincia Roberto Padrin e del presidente di UNCEM Veneto Ennio Vigne, a cui seguiranno quelli di Francesco Calzavara, assessore ai rapporti con gli enti locali della Regione del Veneto e del senatore Luca De Carlo, Presidente della IX Commissione permanente (Industria, commercio, turismo, agricoltura e produzione agroalimentare). A seguire Sergio Maset, di Idea Studi Ricerche, presenter\u00e0 in sintesi il dossier \u201cIl governo dell&#8217;Innovazione nelle aree montane\u201d.<br \/>\nSar\u00e0 poi presentato un caso di studio molto concreto, quello del Comune di Castel del Giudice &#8211; piccolo comune della provincia di Isernia &#8211; per il quale interverr\u00e0 il sindaco Lino Nicola Gentile che, in dialogo con Luca Garavaglia, parler\u00e0 delle esperienze di innovazione radicale nelle aree montane.<br \/>\nNell\u2019ultima parte dell\u2019appuntamento il focus sar\u00e0 poi spostato pi\u00f9 direttamente sull&#8217;ambito bellunese, con gli interventi di Simone Deola, vicesindaco di Borgo Valbelluna, dell&#8217;avvocato amministrativista Enrico Gaz, della vicepresidente della Provincia di Belluno Silvia Calligaro, del presidente del Consorzio Piave Belluno Marco Staunovo Polacco e, in collegamento, di Gaetano Quagliariello, gi\u00e0 senatore e Ministro per le Riforme Costituzionali, ora Dean della LUISS School of Government.<br \/>\nLe conclusioni saranno affidate al presidente di UNCEM nazionale Marco Bussone.<\/p>\n<p>\u201cIl piano di modifica dell\u2019assetto delle Unioni Montane in atto rappresenta in questo contesto un\u2019occasione importante, per far s\u00ec che i territori non restino fermi, ma \u2013 al contrario \u2013 siano protagonisti anticipatori dei cambiamenti in corso\u201d, ha sottolineato il presidente di UNCEM Veneto Ennio Vigne. L\u2019obiettivo del progetto pi\u00f9 vasto, di cui l\u2019appuntamento di mercoled\u00ec prossimo costituisce un tassello importante, \u00e8 quello di dar vita ad un meccanismo virtuoso da poter applicare non solo nelle realt\u00e0 della nostra regione, ma da \u201cesportare\u201d anche in altre aree del Paese\u201d, ha aggiunto Vigne.<br \/>\nLa presidente del Gal Prealpi e Dolomiti, Sara Bona, ha sottolineato dal canto suo il ruolo attivo dell\u2019Unione Europea in questo processo. \u201cL\u2019UE \u00e8 gi\u00e0 operativa sul fronte dei processi che ci porteranno alla transizione digitale in varie forme, anche attraverso gli sportelli \u201cEurope Direct\u201d aperti sul territorio (\u00e8 il caso del nostro \u201cMontagna Veneta\u201d); la destinazione unica di questo viaggio, che si declina in varie forme gi\u00e0 applicate (l\u2019utilizzo dell\u2019AI, la digitalizzazione degli archivi, solo per fare degli esempi) \u00e8 quella di rendere la Pubblica Amministrazione sempre pi\u00f9 attenta e aperta alle esigenze dei cittadini, in un quadro di piena coesione territoriale\u201d, ha aggiunto Bona.<br \/>\nIl direttore del Gal Prealpi e Dolomiti Matteo Aguanno ha posto l\u2019accento sulla necessit\u00e0 di rende sempre pi\u00f9 attrattiva la PA nei confronti dei giovani (come avviene con il progetto-pilota di tirocinio e formazione \u201cA Brave Deal\u201d in essere presso gli enti sovracomunali del territorio), mentre Sergio Maset, ricercatore, ha anticipato alcuni dei temi che saranno messi sul tavolo di confronto in occasione del convegno di mercoled\u00ec prossimo. \u201cSconfesseremo anche alcuni luoghi comuni sulla scarsa attrattivit\u00e0 del nostro territorio, cercando di analizzare gli scenari che riguardano vari aspetti, come le dinamiche abitative e quelle produttive\u201d, ha anticipato il ricercatore, che mercoled\u00ec presenter\u00e0 un dossier sul tema dell\u2019incontro.<\/p>","protected":false},"excerpt":{"rendered":"<p>Mercoled\u00ec 25 giugno a Belluno, Palazzo Crepadona, la presentazione del dossier di Idea Studi Ricerche e il confronto tra amministratori, giuristi, e rappresentanti della comunit\u00e0 bellunese. Come creare le condizioni per introdurre in maniera stabile e organizzata nelle realt\u00e0 montane, della pubblica amministrazione ma non solo, processi di crescita e innovazione legati alla diffusione delle [&hellip;]<\/p>\n","protected":false},"author":2,"featured_media":161152,"comment_status":"closed","ping_status":"open","sticky":false,"template":"","format":"standard","meta":{"footnotes":""},"categories":[26,8],"tags":[],"class_list":["post-161151","post","type-post","status-publish","format-standard","has-post-thumbnail","category-prima-pagina","category-societa-istituzioni"],"yoast_head":"<!-- This site is optimized with the Yoast SEO plugin v28.4 - https:\/\/yoast.com\/product\/yoast-seo-wordpress\/ -->\n<title>Come adottare approcci innovativi nelle aree montane per farne un vero motore di sviluppo?\u00a0 - Bellunopress - Dolomiti<\/title>\n<meta name=\"robots\" content=\"index, follow, max-snippet:-1, max-image-preview:large, max-video-preview:-1\" \/>\n<link rel=\"canonical\" href=\"https:\/\/www.bellunopress.it\/fr\/2025\/06\/20\/come-adottare-approcci-innovativi-nelle-aree-montane-per-farne-un-vero-motore-di-sviluppo\/\" \/>\n<meta property=\"og:locale\" content=\"fr_FR\" \/>\n<meta property=\"og:type\" content=\"article\" \/>\n<meta property=\"og:title\" content=\"Come adottare approcci innovativi nelle aree montane per farne un vero motore di sviluppo?\u00a0 - Bellunopress - Dolomiti\" \/>\n<meta property=\"og:description\" content=\"Mercoled\u00ec 25 giugno a Belluno, Palazzo Crepadona, la presentazione del dossier di Idea Studi Ricerche e il confronto tra amministratori, giuristi, e rappresentanti della comunit\u00e0 bellunese. Come creare le condizioni per introdurre in maniera stabile e organizzata nelle realt\u00e0 montane, della pubblica amministrazione ma non solo, processi di crescita e innovazione legati alla diffusione delle [&hellip;]\" \/>\n<meta property=\"og:url\" content=\"https:\/\/www.bellunopress.it\/fr\/2025\/06\/20\/come-adottare-approcci-innovativi-nelle-aree-montane-per-farne-un-vero-motore-di-sviluppo\/\" \/>\n<meta property=\"og:site_name\" content=\"Bellunopress - Dolomiti\" \/>\n<meta property=\"article:publisher\" content=\"https:\/\/www.facebook.com\/profile.php?id=100008943462799\" \/>\n<meta property=\"article:published_time\" content=\"2025-06-20T15:14:21+00:00\" \/>\n<meta property=\"og:image\" content=\"https:\/\/www.bellunopress.it\/wp-content\/uploads\/2025\/06\/convegno-crepadona_edited.jpg\" \/>\n\t<meta property=\"og:image:width\" content=\"1000\" \/>\n\t<meta property=\"og:image:height\" content=\"676\" \/>\n\t<meta property=\"og:image:type\" content=\"image\/jpeg\" \/>\n<meta name=\"author\" content=\"redazione\" \/>\n<meta name=\"twitter:card\" content=\"summary_large_image\" \/>\n<meta name=\"twitter:creator\" content=\"@bellunopress\" \/>\n<meta name=\"twitter:site\" content=\"@bellunopress\" \/>\n<meta name=\"twitter:label1\" content=\"\u00c9crit par\" \/>\n\t<meta name=\"twitter:data1\" content=\"redazione\" \/>\n\t<meta name=\"twitter:label2\" content=\"Dur\u00e9e de lecture estim\u00e9e\" \/>\n\t<meta name=\"twitter:data2\" content=\"3 minutes\" \/>\n<script type=\"application\/ld+json\" class=\"yoast-schema-graph\">{\"@context\":\"https:\\\/\\\/schema.org\",\"@graph\":[{\"@type\":\"Article\",\"@id\":\"https:\\\/\\\/www.bellunopress.it\\\/2025\\\/06\\\/20\\\/come-adottare-approcci-innovativi-nelle-aree-montane-per-farne-un-vero-motore-di-sviluppo\\\/#article\",\"isPartOf\":{\"@id\":\"https:\\\/\\\/www.bellunopress.it\\\/2025\\\/06\\\/20\\\/come-adottare-approcci-innovativi-nelle-aree-montane-per-farne-un-vero-motore-di-sviluppo\\\/\"},\"author\":{\"name\":\"redazione\",\"@id\":\"https:\\\/\\\/www.bellunopress.it\\\/#\\\/schema\\\/person\\\/79bb06722b37ece1c03d3e94beb30d73\"},\"headline\":\"Come adottare approcci innovativi nelle aree montane per farne un vero motore di sviluppo?\u00a0\",\"datePublished\":\"2025-06-20T15:14:21+00:00\",\"mainEntityOfPage\":{\"@id\":\"https:\\\/\\\/www.bellunopress.it\\\/2025\\\/06\\\/20\\\/come-adottare-approcci-innovativi-nelle-aree-montane-per-farne-un-vero-motore-di-sviluppo\\\/\"},\"wordCount\":693,\"publisher\":{\"@id\":\"https:\\\/\\\/www.bellunopress.it\\\/#organization\"},\"image\":{\"@id\":\"https:\\\/\\\/www.bellunopress.it\\\/2025\\\/06\\\/20\\\/come-adottare-approcci-innovativi-nelle-aree-montane-per-farne-un-vero-motore-di-sviluppo\\\/#primaryimage\"},\"thumbnailUrl\":\"https:\\\/\\\/www.bellunopress.it\\\/wp-content\\\/uploads\\\/2025\\\/06\\\/convegno-crepadona_edited.jpg\",\"articleSection\":[\"Prima Pagina\",\"Societ\u00e0, Associazioni, Istituzioni\"],\"inLanguage\":\"fr-FR\"},{\"@type\":\"WebPage\",\"@id\":\"https:\\\/\\\/www.bellunopress.it\\\/2025\\\/06\\\/20\\\/come-adottare-approcci-innovativi-nelle-aree-montane-per-farne-un-vero-motore-di-sviluppo\\\/\",\"url\":\"https:\\\/\\\/www.bellunopress.it\\\/2025\\\/06\\\/20\\\/come-adottare-approcci-innovativi-nelle-aree-montane-per-farne-un-vero-motore-di-sviluppo\\\/\",\"name\":\"Come adottare approcci innovativi nelle aree montane per farne un vero motore di sviluppo?\u00a0 - Bellunopress - Dolomiti\",\"isPartOf\":{\"@id\":\"https:\\\/\\\/www.bellunopress.it\\\/#website\"},\"primaryImageOfPage\":{\"@id\":\"https:\\\/\\\/www.bellunopress.it\\\/2025\\\/06\\\/20\\\/come-adottare-approcci-innovativi-nelle-aree-montane-per-farne-un-vero-motore-di-sviluppo\\\/#primaryimage\"},\"image\":{\"@id\":\"https:\\\/\\\/www.bellunopress.it\\\/2025\\\/06\\\/20\\\/come-adottare-approcci-innovativi-nelle-aree-montane-per-farne-un-vero-motore-di-sviluppo\\\/#primaryimage\"},\"thumbnailUrl\":\"https:\\\/\\\/www.bellunopress.it\\\/wp-content\\\/uploads\\\/2025\\\/06\\\/convegno-crepadona_edited.jpg\",\"datePublished\":\"2025-06-20T15:14:21+00:00\",\"breadcrumb\":{\"@id\":\"https:\\\/\\\/www.bellunopress.it\\\/2025\\\/06\\\/20\\\/come-adottare-approcci-innovativi-nelle-aree-montane-per-farne-un-vero-motore-di-sviluppo\\\/#breadcrumb\"},\"inLanguage\":\"fr-FR\",\"potentialAction\":[{\"@type\":\"ReadAction\",\"target\":[\"https:\\\/\\\/www.bellunopress.it\\\/2025\\\/06\\\/20\\\/come-adottare-approcci-innovativi-nelle-aree-montane-per-farne-un-vero-motore-di-sviluppo\\\/\"]}]},{\"@type\":\"ImageObject\",\"inLanguage\":\"fr-FR\",\"@id\":\"https:\\\/\\\/www.bellunopress.it\\\/2025\\\/06\\\/20\\\/come-adottare-approcci-innovativi-nelle-aree-montane-per-farne-un-vero-motore-di-sviluppo\\\/#primaryimage\",\"url\":\"https:\\\/\\\/www.bellunopress.it\\\/wp-content\\\/uploads\\\/2025\\\/06\\\/convegno-crepadona_edited.jpg\",\"contentUrl\":\"https:\\\/\\\/www.bellunopress.it\\\/wp-content\\\/uploads\\\/2025\\\/06\\\/convegno-crepadona_edited.jpg\",\"width\":1000,\"height\":676,\"caption\":\"Montagna Veneta convegno\"},{\"@type\":\"BreadcrumbList\",\"@id\":\"https:\\\/\\\/www.bellunopress.it\\\/2025\\\/06\\\/20\\\/come-adottare-approcci-innovativi-nelle-aree-montane-per-farne-un-vero-motore-di-sviluppo\\\/#breadcrumb\",\"itemListElement\":[{\"@type\":\"ListItem\",\"position\":1,\"name\":\"Home\",\"item\":\"https:\\\/\\\/www.bellunopress.it\\\/\"},{\"@type\":\"ListItem\",\"position\":2,\"name\":\"Come adottare approcci innovativi nelle aree montane per farne un vero motore di sviluppo?\u00a0\"}]},{\"@type\":\"WebSite\",\"@id\":\"https:\\\/\\\/www.bellunopress.it\\\/#website\",\"url\":\"https:\\\/\\\/www.bellunopress.it\\\/\",\"name\":\"Bellunopress - Dolomiti\",\"description\":\"e-mail: redazione@bellunopress.it\",\"publisher\":{\"@id\":\"https:\\\/\\\/www.bellunopress.it\\\/#organization\"},\"potentialAction\":[{\"@type\":\"SearchAction\",\"target\":{\"@type\":\"EntryPoint\",\"urlTemplate\":\"https:\\\/\\\/www.bellunopress.it\\\/?s={search_term_string}\"},\"query-input\":{\"@type\":\"PropertyValueSpecification\",\"valueRequired\":true,\"valueName\":\"search_term_string\"}}],\"inLanguage\":\"fr-FR\"},{\"@type\":\"Organization\",\"@id\":\"https:\\\/\\\/www.bellunopress.it\\\/#organization\",\"name\":\"Bellunopress\",\"url\":\"https:\\\/\\\/www.bellunopress.it\\\/\",\"logo\":{\"@type\":\"ImageObject\",\"inLanguage\":\"fr-FR\",\"@id\":\"https:\\\/\\\/www.bellunopress.it\\\/#\\\/schema\\\/logo\\\/image\\\/\",\"url\":\"https:\\\/\\\/www.bellunopress.it\\\/wp-content\\\/uploads\\\/2011\\\/05\\\/cropped-logo-bellunopress-.jpg\",\"contentUrl\":\"https:\\\/\\\/www.bellunopress.it\\\/wp-content\\\/uploads\\\/2011\\\/05\\\/cropped-logo-bellunopress-.jpg\",\"width\":512,\"height\":512,\"caption\":\"Bellunopress\"},\"image\":{\"@id\":\"https:\\\/\\\/www.bellunopress.it\\\/#\\\/schema\\\/logo\\\/image\\\/\"},\"sameAs\":[\"https:\\\/\\\/www.facebook.com\\\/profile.php?id=100008943462799\",\"https:\\\/\\\/x.com\\\/bellunopress\",\"https:\\\/\\\/www.linkedin.com\\\/hp\\\/?dnr=JBzUWaJfMUw8vbXJJ2tVW5-I3jZKvC4wsoxE&amp;amp;amp;amp;amp;amp;trk=nav_responsive_tab_home\",\"https:\\\/\\\/www.youtube.com\\\/channel\\\/UCxL0wu1uN0_3_7hGG0306cw\"]},{\"@type\":\"Person\",\"@id\":\"https:\\\/\\\/www.bellunopress.it\\\/#\\\/schema\\\/person\\\/79bb06722b37ece1c03d3e94beb30d73\",\"name\":\"redazione\",\"image\":{\"@type\":\"ImageObject\",\"inLanguage\":\"fr-FR\",\"@id\":\"https:\\\/\\\/secure.gravatar.com\\\/avatar\\\/37d968a2e67a6fd04c169c4bdef102d0bc5d31b2546345219e348575eb80e9a0?s=96&d=mm&r=g\",\"url\":\"https:\\\/\\\/secure.gravatar.com\\\/avatar\\\/37d968a2e67a6fd04c169c4bdef102d0bc5d31b2546345219e348575eb80e9a0?s=96&d=mm&r=g\",\"contentUrl\":\"https:\\\/\\\/secure.gravatar.com\\\/avatar\\\/37d968a2e67a6fd04c169c4bdef102d0bc5d31b2546345219e348575eb80e9a0?s=96&d=mm&r=g\",\"caption\":\"redazione\"},\"sameAs\":[\"http:\\\/\\\/www.bellunopress.it\",\"https:\\\/\\\/x.com\\\/bellunopress\"],\"url\":\"https:\\\/\\\/www.bellunopress.it\\\/fr\\\/author\\\/redazione\\\/\"}]}<\/script>\n<!-- \/ Yoast SEO plugin. -->","yoast_head_json":{"title":"Come adottare approcci innovativi nelle aree montane per farne un vero motore di sviluppo?\u00a0 - Bellunopress - Dolomiti","robots":{"index":"index","follow":"follow","max-snippet":"max-snippet:-1","max-image-preview":"max-image-preview:large","max-video-preview":"max-video-preview:-1"},"canonical":"https:\/\/www.bellunopress.it\/fr\/2025\/06\/20\/come-adottare-approcci-innovativi-nelle-aree-montane-per-farne-un-vero-motore-di-sviluppo\/","og_locale":"fr_FR","og_type":"article","og_title":"Come adottare approcci innovativi nelle aree montane per farne un vero motore di sviluppo?\u00a0 - Bellunopress - Dolomiti","og_description":"Mercoled\u00ec 25 giugno a Belluno, Palazzo Crepadona, la presentazione del dossier di Idea Studi Ricerche e il confronto tra amministratori, giuristi, e rappresentanti della comunit\u00e0 bellunese. Come creare le condizioni per introdurre in maniera stabile e organizzata nelle realt\u00e0 montane, della pubblica amministrazione ma non solo, processi di crescita e innovazione legati alla diffusione delle [&hellip;]","og_url":"https:\/\/www.bellunopress.it\/fr\/2025\/06\/20\/come-adottare-approcci-innovativi-nelle-aree-montane-per-farne-un-vero-motore-di-sviluppo\/","og_site_name":"Bellunopress - Dolomiti","article_publisher":"https:\/\/www.facebook.com\/profile.php?id=100008943462799","article_published_time":"2025-06-20T15:14:21+00:00","og_image":[{"width":1000,"height":676,"url":"https:\/\/www.bellunopress.it\/wp-content\/uploads\/2025\/06\/convegno-crepadona_edited.jpg","type":"image\/jpeg"}],"author":"redazione","twitter_card":"summary_large_image","twitter_creator":"@bellunopress","twitter_site":"@bellunopress","twitter_misc":{"\u00c9crit par":"redazione","Dur\u00e9e de lecture estim\u00e9e":"3 minutes"},"schema":{"@context":"https:\/\/schema.org","@graph":[{"@type":"Article","@id":"https:\/\/www.bellunopress.it\/2025\/06\/20\/come-adottare-approcci-innovativi-nelle-aree-montane-per-farne-un-vero-motore-di-sviluppo\/#article","isPartOf":{"@id":"https:\/\/www.bellunopress.it\/2025\/06\/20\/come-adottare-approcci-innovativi-nelle-aree-montane-per-farne-un-vero-motore-di-sviluppo\/"},"author":{"name":"redazione","@id":"https:\/\/www.bellunopress.it\/#\/schema\/person\/79bb06722b37ece1c03d3e94beb30d73"},"headline":"Come adottare approcci innovativi nelle aree montane per farne un vero motore di sviluppo?\u00a0","datePublished":"2025-06-20T15:14:21+00:00","mainEntityOfPage":{"@id":"https:\/\/www.bellunopress.it\/2025\/06\/20\/come-adottare-approcci-innovativi-nelle-aree-montane-per-farne-un-vero-motore-di-sviluppo\/"},"wordCount":693,"publisher":{"@id":"https:\/\/www.bellunopress.it\/#organization"},"image":{"@id":"https:\/\/www.bellunopress.it\/2025\/06\/20\/come-adottare-approcci-innovativi-nelle-aree-montane-per-farne-un-vero-motore-di-sviluppo\/#primaryimage"},"thumbnailUrl":"https:\/\/www.bellunopress.it\/wp-content\/uploads\/2025\/06\/convegno-crepadona_edited.jpg","articleSection":["Prima Pagina","Societ\u00e0, Associazioni, Istituzioni"],"inLanguage":"fr-FR"},{"@type":"WebPage","@id":"https:\/\/www.bellunopress.it\/2025\/06\/20\/come-adottare-approcci-innovativi-nelle-aree-montane-per-farne-un-vero-motore-di-sviluppo\/","url":"https:\/\/www.bellunopress.it\/2025\/06\/20\/come-adottare-approcci-innovativi-nelle-aree-montane-per-farne-un-vero-motore-di-sviluppo\/","name":"Come adottare approcci innovativi nelle aree montane per farne un vero motore di sviluppo?\u00a0 - Bellunopress - Dolomiti","isPartOf":{"@id":"https:\/\/www.bellunopress.it\/#website"},"primaryImageOfPage":{"@id":"https:\/\/www.bellunopress.it\/2025\/06\/20\/come-adottare-approcci-innovativi-nelle-aree-montane-per-farne-un-vero-motore-di-sviluppo\/#primaryimage"},"image":{"@id":"https:\/\/www.bellunopress.it\/2025\/06\/20\/come-adottare-approcci-innovativi-nelle-aree-montane-per-farne-un-vero-motore-di-sviluppo\/#primaryimage"},"thumbnailUrl":"https:\/\/www.bellunopress.it\/wp-content\/uploads\/2025\/06\/convegno-crepadona_edited.jpg","datePublished":"2025-06-20T15:14:21+00:00","breadcrumb":{"@id":"https:\/\/www.bellunopress.it\/2025\/06\/20\/come-adottare-approcci-innovativi-nelle-aree-montane-per-farne-un-vero-motore-di-sviluppo\/#breadcrumb"},"inLanguage":"fr-FR","potentialAction":[{"@type":"ReadAction","target":["https:\/\/www.bellunopress.it\/2025\/06\/20\/come-adottare-approcci-innovativi-nelle-aree-montane-per-farne-un-vero-motore-di-sviluppo\/"]}]},{"@type":"ImageObject","inLanguage":"fr-FR","@id":"https:\/\/www.bellunopress.it\/2025\/06\/20\/come-adottare-approcci-innovativi-nelle-aree-montane-per-farne-un-vero-motore-di-sviluppo\/#primaryimage","url":"https:\/\/www.bellunopress.it\/wp-content\/uploads\/2025\/06\/convegno-crepadona_edited.jpg","contentUrl":"https:\/\/www.bellunopress.it\/wp-content\/uploads\/2025\/06\/convegno-crepadona_edited.jpg","width":1000,"height":676,"caption":"Montagna Veneta convegno"},{"@type":"BreadcrumbList","@id":"https:\/\/www.bellunopress.it\/2025\/06\/20\/come-adottare-approcci-innovativi-nelle-aree-montane-per-farne-un-vero-motore-di-sviluppo\/#breadcrumb","itemListElement":[{"@type":"ListItem","position":1,"name":"Home","item":"https:\/\/www.bellunopress.it\/"},{"@type":"ListItem","position":2,"name":"Come adottare approcci innovativi nelle aree montane per farne un vero motore di sviluppo?\u00a0"}]},{"@type":"WebSite","@id":"https:\/\/www.bellunopress.it\/#website","url":"https:\/\/www.bellunopress.it\/","name":"Bellunopress - Dolomiti","description":"e-mail: redazione@bellunopress.it","publisher":{"@id":"https:\/\/www.bellunopress.it\/#organization"},"potentialAction":[{"@type":"SearchAction","target":{"@type":"EntryPoint","urlTemplate":"https:\/\/www.bellunopress.it\/?s={search_term_string}"},"query-input":{"@type":"PropertyValueSpecification","valueRequired":true,"valueName":"search_term_string"}}],"inLanguage":"fr-FR"},{"@type":"Organization","@id":"https:\/\/www.bellunopress.it\/#organization","name":"Bellunopress","url":"https:\/\/www.bellunopress.it\/","logo":{"@type":"ImageObject","inLanguage":"fr-FR","@id":"https:\/\/www.bellunopress.it\/#\/schema\/logo\/image\/","url":"https:\/\/www.bellunopress.it\/wp-content\/uploads\/2011\/05\/cropped-logo-bellunopress-.jpg","contentUrl":"https:\/\/www.bellunopress.it\/wp-content\/uploads\/2011\/05\/cropped-logo-bellunopress-.jpg","width":512,"height":512,"caption":"Bellunopress"},"image":{"@id":"https:\/\/www.bellunopress.it\/#\/schema\/logo\/image\/"},"sameAs":["https:\/\/www.facebook.com\/profile.php?id=100008943462799","https:\/\/x.com\/bellunopress","https:\/\/www.linkedin.com\/hp\/?dnr=JBzUWaJfMUw8vbXJJ2tVW5-I3jZKvC4wsoxE&amp;amp;amp;amp;amp;amp;trk=nav_responsive_tab_home","https:\/\/www.youtube.com\/channel\/UCxL0wu1uN0_3_7hGG0306cw"]},{"@type":"Person","@id":"https:\/\/www.bellunopress.it\/#\/schema\/person\/79bb06722b37ece1c03d3e94beb30d73","name":"r\u00e9daction","image":{"@type":"ImageObject","inLanguage":"fr-FR","@id":"https:\/\/secure.gravatar.com\/avatar\/37d968a2e67a6fd04c169c4bdef102d0bc5d31b2546345219e348575eb80e9a0?s=96&d=mm&r=g","url":"https:\/\/secure.gravatar.com\/avatar\/37d968a2e67a6fd04c169c4bdef102d0bc5d31b2546345219e348575eb80e9a0?s=96&d=mm&r=g","contentUrl":"https:\/\/secure.gravatar.com\/avatar\/37d968a2e67a6fd04c169c4bdef102d0bc5d31b2546345219e348575eb80e9a0?s=96&d=mm&r=g","caption":"redazione"},"sameAs":["http:\/\/www.bellunopress.it","https:\/\/x.com\/bellunopress"],"url":"https:\/\/www.bellunopress.it\/fr\/author\/redazione\/"}]}},"_links":{"self":[{"href":"https:\/\/www.bellunopress.it\/fr\/wp-json\/wp\/v2\/posts\/161151","targetHints":{"allow":["GET"]}}],"collection":[{"href":"https:\/\/www.bellunopress.it\/fr\/wp-json\/wp\/v2\/posts"}],"about":[{"href":"https:\/\/www.bellunopress.it\/fr\/wp-json\/wp\/v2\/types\/post"}],"author":[{"embeddable":true,"href":"https:\/\/www.bellunopress.it\/fr\/wp-json\/wp\/v2\/users\/2"}],"replies":[{"embeddable":true,"href":"https:\/\/www.bellunopress.it\/fr\/wp-json\/wp\/v2\/comments?post=161151"}],"version-history":[{"count":1,"href":"https:\/\/www.bellunopress.it\/fr\/wp-json\/wp\/v2\/posts\/161151\/revisions"}],"predecessor-version":[{"id":161153,"href":"https:\/\/www.bellunopress.it\/fr\/wp-json\/wp\/v2\/posts\/161151\/revisions\/161153"}],"wp:featuredmedia":[{"embeddable":true,"href":"https:\/\/www.bellunopress.it\/fr\/wp-json\/wp\/v2\/media\/161152"}],"wp:attachment":[{"href":"https:\/\/www.bellunopress.it\/fr\/wp-json\/wp\/v2\/media?parent=161151"}],"wp:term":[{"taxonomy":"category","embeddable":true,"href":"https:\/\/www.bellunopress.it\/fr\/wp-json\/wp\/v2\/categories?post=161151"},{"taxonomy":"post_tag","embeddable":true,"href":"https:\/\/www.bellunopress.it\/fr\/wp-json\/wp\/v2\/tags?post=161151"}],"curies":[{"name":"wp","href":"https:\/\/api.w.org\/{rel}","templated":true}]}}