{"id":161149,"date":"2025-06-20T15:33:49","date_gmt":"2025-06-20T13:33:49","guid":{"rendered":"https:\/\/www.bellunopress.it\/?p=161149"},"modified":"2025-06-20T15:33:49","modified_gmt":"2025-06-20T13:33:49","slug":"referendum-2025-il-30-del-paese-non-ci-sta-al-governo-delle-destre-e-vuole-cambiare","status":"publish","type":"post","link":"https:\/\/www.bellunopress.it\/fr\/2025\/06\/20\/referendum-2025-il-30-del-paese-non-ci-sta-al-governo-delle-destre-e-vuole-cambiare\/","title":{"rendered":"Referendum 2025, il 30% del Paese \u201cnon ci sta\u201d al governo delle destre e vuole cambiare"},"content":{"rendered":"<p><strong><em><img loading=\"lazy\" decoding=\"async\" class=\"aligncenter size-full wp-image-153399\" src=\"https:\/\/www.bellunopress.it\/wp-content\/uploads\/2024\/08\/Repubblica-Italiana.webp\" alt=\"\" width=\"600\" height=\"600\" srcset=\"https:\/\/www.bellunopress.it\/wp-content\/uploads\/2024\/08\/Repubblica-Italiana.webp 600w, https:\/\/www.bellunopress.it\/wp-content\/uploads\/2024\/08\/Repubblica-Italiana-500x500.webp 500w, https:\/\/www.bellunopress.it\/wp-content\/uploads\/2024\/08\/Repubblica-Italiana-300x300.webp 300w, https:\/\/www.bellunopress.it\/wp-content\/uploads\/2024\/08\/Repubblica-Italiana-420x420.webp 420w\" sizes=\"auto, (max-width: 600px) 100vw, 600px\" \/>Una donna alla Presidenza del Veneto, Laura Puppato, politica , sindaca e persona preparata e competente<\/em><\/strong> .<\/p>\n<p><strong><em>Quorum non raggiunto per nessuno dei cinque referendum, ma la<\/em><\/strong><strong><em> netta sconfitta subita pu\u00f2 essere perfino utile e salutare<\/em><\/strong><\/p>\n<p>Anche se non ha partecipato al voto la met\u00e0 pi\u00f9 uno dell\u2019elettorato la scossa si \u00e8 sentita! E pu\u00f2 perfino succedere che chi rappresenta in Parlamento i votanti si dia una mossa per migliorare la normativa purtroppo vigente. Non dobbiamo \u00a0perdere la speranza che musica e suonatori possono cambiare nel 2027. Vale quindi la pena approfondire gli elementi di contesto, che hanno maggiormente contribuito all\u2019aspro frutto finale.<\/p>\n<p>In Italia la componente liberal-progressista non ha mai avuto consensi di massa, anzi! I motivi sono molteplici e affondano nelle radici profonde della storia patria, nella stagione repubblicana e in quella precedente monarchica e fascista. Tuttavia, il bottino dei referendari \u00e8 stato di ben <strong>14.400.564<\/strong> persone che, a dispetto dei governanti, sono andate a ritirare le schede e di queste ben <strong>13.031.443<\/strong> hanno segnato un bel S\u00cc per reintegrare i lavoratori licenziati. Un buon successo!<\/p>\n<p>Nel complesso il tasso d\u2019affluenza degli aventi titolo \u00e8 stato ben vicino al <strong>30%<\/strong> (29.8%). Se la grande maggioranza dei cittadini \u00e8 rimasta a casa, \u00e8 pure il caso di rammentare che alle elezioni europee dell\u2019anno scorso il <strong>50,3 % non ha votato<\/strong> e che alle nazionali nel 2022 il<strong> 37.2%, 17 milioni di italiani<\/strong> non si sono espressi. La percentuale dei \u201cnon voto\u201d \u00e8 poi ben di pi\u00f9 del 15,9% raccolto dal primo partito, <em>Fratelli d\u2019Italia<\/em>, che complessivamente ha ottenuto <strong>7,3 milioni preferenze. <\/strong><\/p>\n<p>L\u2019Istituto Cattaneo, esaminando gli <strong>&#8220;astensionisti cronici\u201d<\/strong> segnala che \u201c\u00ablarga parte dell\u2019elettorato di centrodestra tranne qualche rivolo erratico di scarso rilievo, non ha partecipato al voto\u00bb. L&#8217;Istituto ha pure attestato che \u00abil tasso di astensione risulta <strong>prossimo o pari a zero tra gli elettori<\/strong> che alle europee del 2024 avevano votato per Pd, Avs e M5s\u00bb. Si tratta di un rilievo interessante che merita una breve riflessione: il campo alternativo si compone di una parte definibile \u201ccampo stretto\u201d formata dai citati partiti che potrebbe per\u00f2, ampliarsi a \u201ccampo largo\u201d includendo le formazioni politiche che si sono riconosciute nella fondatezza dei quesiti pur dando prevalentemente indicazione di votare NO. Tra queste anche i <em>Noi moderati<\/em> che dovranno decidere se restare in una coalizione egemonizzata da queste destre&#8230;<\/p>\n<p>In questo quadro sono fuori luogo gli urr\u00e0 di Giorgia Meloni e dei suoi partner ancillari inneggianti al fallimento sul quorum, con l\u2019acredine usuale. Altrettanto stonate certe dichiarazioni di chi riteneva di poter dare una spallata al governo. Le Destre oggi al comando, si affrontano, si contrastano, e si possono battere nella Piazza Grande delle politiche del 2027, non certo in un Vicolo dei Miracoli. Se un primo segnale a Palazzo Chigi \u00e8 arrivato, la strada da percorrere \u00e8 ancora tanta, con ardue salite e discese a scavezzacollo, mancando ad oggi <strong>programma, leader e regole di comportamento dei soci<\/strong>.<\/p>\n<p><strong><em>\u00a0<\/em><\/strong><\/p>\n<p><strong><em>L\u2019insofferenza delle Destre verso il confronto<\/em><\/strong><\/p>\n<p>In quasi tre anni alla guida del governo, Giorgia Meloni ha palesato in diverse circostanze scarsa attitudine, se non insofferenza, nel presentarsi di fronte <strong>all\u2019opposizione e al Paese<\/strong>, con sollecitudine, per rispondere di scelte governative importanti: come nel caso Almasri, il colonello libico stupratore rimpatriato con volo di Stato, oppure per il \u201cresidence\u201d dedicato ai \u00a0migranti in Albania per il quale sono state spese diverse centinaia di milioni di euro. In una repubblica parlamentare riferire con tempestivit\u00e0 del proprio operato \u00e8 un obbligo di primaria importanza per gli eletti dal popolo. La sua opzione preferita \u00e8 invece quella di spedire videomessaggi autoprodotti o rilasciare interviste a giornalisti devoti. Ma i cittadini non sono <strong>followers, seguaci<\/strong> !<\/p>\n<p>Nel caso del voto referendario, il presidente del Senato (la seconda carica dello Stato!), il presidente del Consiglio e i due vicepresidenti hanno promosso l\u2019astensione dal voto sminuendo, cio\u00e8, l&#8217;istituto di democrazia diretta per eccellenza, il referendum. Difatti, solo in questa circostanza, seppure con effetti limitati di carattere abrogativo, il cittadino diventa legislatore alla pari di un deputato o di un senatore. Giorgia Meloni ha buttato la palla in tribuna: \u00abvado al seggio, ma non ritiro le schede\u00bb, Ignazio La Russa \u00e8 stato pi\u00f9 sincero: \u00abreferendum? Io continuo a dire che \u201cci penso\u201d ma far\u00f2 propaganda perch\u00e9 la gente se ne stia a casa\u00bb, sullo stesso piano ma pi\u00f9 ammiccante Matteo Salvini: \u00abnon andr\u00f2 a votare al referendum, rester\u00f2 a casa con i miei figli\u00bb mentre Antonio Tajani ha detto la stessa cosa ma in modo garbato: \u00abnon andare a votare \u00e8 una scelta politica, non \u00e8 una scelta di disinteresse nei confronti degli argomenti\u00bb. Chi pi\u00f9 in alto sta, dovrebbe farsi <strong>servitore dello Stato<\/strong>, della comunit\u00e0 rappresentata, certo non servirsi della posizione occupata per influenzare milioni di elettori spingendoli a trasgredire l&#8217;obbligo morale statuito dall\u2019art. 54 della Costituzione, sulla quale ha giurato.<\/p>\n<p>L\u2019azione di chi \u00e8 titolato di funzione pubbliche, specie se rilevanti, deve essere inoltre in aderente ai principi di etica costituzionale che vanno praticati con atteggiamenti e comportamenti corretti e responsabili nell&#8217;esercizio dei propri poteri. Ma quanto del precetto di servire con <strong>\u00a0\u201cdisciplina ed onore\u201d<\/strong> \u00e8 riconoscibile nelle condotte quotidiane della compagine governativa e delle alte cariche istituzionali? Un cittadino in buona fede, magari contento di aver scelto nel 2022 un partito differente dai soliti noti, come ad esempio <em>Fratelli d\u2019Italia<\/em>, potrebbe oggi chiedersi dove stia quella <strong>&#8220;diversit\u00e0&#8221;. <\/strong><\/p>\n<p>La legge \u00e8 uguale per tutti, come sta ben scritto nelle aule dei tribunali, ma non sempre risulta cos\u00ec. Un sottosegretario di stato, Andrea Dalmastro \u00e8 condannato a otto mesi e a un anno di interdizione dai pubblici uffici, e un ministro, Daniela Santanch\u00e8, \u00e8 rinviato a giudizio per truffa aggravata all\u2019INPS. Costoro tuttora godono delle guarentigie ordinamentali ben fissi nella posizione loro attribuita dalla presidente del consiglio. Ma con questi modelli, per quale ragione un cittadino comune dovrebbe essere leale con il fisco <strong>e pagare tasse e tributi<\/strong>?<\/p>\n<p><strong><em>\u00a0<\/em><\/strong><\/p>\n<p><strong><em>Il peso del mancato quesito abrogativo della legge sull\u2019autonomia differenziata<\/em><\/strong><\/p>\n<p>I quesiti sul lavoro promossi dalla CGIL sono stati sottoscritti da oltre quattro milioni di aventi titolo. Quello sulla cittadinanza, promosso da <em>+Europa<\/em>, <em>Possibile<\/em>, <em>Partito Socialista Italiano<\/em>, <em>Radicali Italiani<\/em>, <em>Rifondazione Comunista<\/em> e numerose associazioni della societ\u00e0 civile, ha raccolto pi\u00f9 di 637.000 adesioni.<\/p>\n<p>Lo scorso gennaio, queste cinque richieste erano un tutt\u2019uno con una sesta che puntava a interpellare il popolo sovrano se abrogare o conservare la norma riguardante l\u2019&#8221;<strong>autonomia differenziata&#8221;<\/strong>. Questo quesito venne per\u00f2 dichiarato inammissibile dalla Corte costituzionale, il giudice delle leggi, sottraendolo al giudizio dei cittadini. Un verdetto che si pu\u00f2 perfino ritenere salomonico e condivisibile: ha evitato una spaccatura nel Paese, tra Nord e Sud, guelfi contro ghibellini, e per\u00f2 una volta lette le motivazioni del rigetto, todos caballeros, ovvero politici e giuristi, nazionali e regionali, si sono resi conto che la Legge Calderoli \u00e8 quasi tutta da riscrivere. I lavori di ristrutturazione della 86\/2024 sono in corso d\u2019opera e chiss\u00e0 quando la nuova norma vedr\u00e0 la luce in Gazzetta Ufficiale. Chi allora non si riterr\u00e0 pago delle modifiche apportate &#8211; in ipotesi le regioni del Mezzogiorno &#8211; potr\u00e0 far ricorso e la giostra politica-giuridica-mediatica riprender\u00e0 a girare, a vuoto. Intanto 24 (ventiquattro) anni sono trascorsi dall&#8217;entrata in Costituzione dell\u2019&#8221;autonomia differenziata&#8221;.<\/p>\n<p>Era il 2001 e noi restiamo della tesi che \u00e8 l\u2019intero impianto costituzionale del regionalismo, ordinario e speciale, che va <strong>\u201cabrogato\u201d<\/strong> e sostituito da un nuovo assetto confederale. Non \u00e8 un\u2019idea nostra, n\u00e9 originale, \u00e8 un benchmarking tratto da <strong>Carlo Cattaneo <\/strong>(1801-1869) primo federalista italiano ed europeo. Ma i secoli passano e certi problemi restano e nessuno li risolve: l\u2019Italia ha avuto diversi regimi, quello monarchico-liberale, quello fascista e da ultimo questa era repubblicana ma la questione del rapporto <strong>centro-periferia \u00e8 rimasta irrisolta!<\/strong><\/p>\n<p>L\u2019ultimo padrino dell\u2019autonomia differenziata \u00e8 l&#8217;attuale ministro <strong>Roberto Calderoli<\/strong>, di salda fede leghista, membro del Governo Berlusconi quater <strong>(2008-2011)<\/strong>, il quale quando la Regione del Veneto chiese l\u2019autonomia differenziata per 13 materie gi\u00e0 allora fattibile, semplicemente la neg\u00f2 assieme ai colleghi di partito, <strong>Bossi, Maroni e Zaia<\/strong>, forse avevano altro da fare, tant\u2019\u00e8 che quel Governo fu mandato a casa dall\u2019Europa matrigna che &#8220;insedi\u00f2&#8221; a Palazzo Chigi l\u2019economista Mario Monti per evitare il fallimento dello stato italiano. In quella <strong>compagnia di buontemponi<\/strong>, uno scranno ministeriale era occupato da una giovane <strong>Giorgia Meloni<\/strong>, ministro per l&#8217;appunto della giovent\u00f9.<\/p>\n<p>L\u2019 elettore veneto che a novembre (forse) andr\u00e0 a votare per il rinnovo del Consiglio Regionale e del &#8220;governatore regionale&#8221;, se sentir\u00e0 ancora parlare di autonomia differenziata da parte di <strong><em>Lega<\/em>,<em> Forza Italia <\/em>e <em>Fratelli d\u2019Italia<\/em><\/strong> dovrebbe sorridere e non votare nessuno dei tre, ma altri. Quelli non sono attendibili, non sono affidabili, i fatti e i tanti anni persi attestano le promesse non mantenute.<\/p>\n<p>Va da s\u00e9 che, se la settimana scorsa fosse stata presente anche una scheda referendaria per abrogare o meno l\u2019autonomia differenziata, la terna di governo non avrebbe potuto invitare a cuor leggero i cittadini a disertare i seggi.<\/p>\n<p>I giudici hanno fatto il loro mestiere, tuttavia, fatta fuori <strong>la motrice di testa sono rimasti sul binario solo i cinque vagoncini<\/strong> spinti da <em>CGIL<\/em> e <em>+Europa<\/em>, senza il traino autorevole e robusto del referendum costituzionale. Ad ogni modo, chapeau ad entrambi i promotori che, seppure in misura diversa, hanno mobilitato 14 milioni di cittadini. Un apprezzamento particolare anche <strong>a Mattero Renzi e Mara Carfagna<\/strong> sostenitori dei NO ed <strong>a Elly Schlein<\/strong>, segretaria del <em>Partito <\/em>Democratico che ha schierato il partito per cinque bei S\u00cc.<\/p>\n<p>Non condividiamo invece l&#8217;affermazione del pur navigato <strong>Dario Franceschini<\/strong> \u00abSchlein? Coerente sul referendum. Il flop? Fa capo a Landini\u00bb. Non funziona proprio cos\u00ec, diciamo al pluridecorato senatore, persona di pensiero sottile. Bloccata dall&#8217;arbitro, la Consulta, la locomotiva del referendum costituzionale sull&#8217;autonomia, la Premier con i suoi vice ha vinto con facilit\u00e0, destrezza e furbizia, more solito. Per non lasciare scampo all\u2019avversario, ha pure fissato la data della consultazione nel secondo turno delle amministrative cos\u00ec da ridurre l\u2019affluenza, ma aumentare le spese. Riportiamo al riguardo l&#8217;ultimo dato della Banca d\u2019Italia: il debito pubblico a marzo \u00e8 di <strong>3.033 miliardi<\/strong> di euro, \u00e8 cresciuto di <strong>67 rispetto<\/strong> a dicembre 2024. Tuttavia, questo a Giorgia Meloni poco interessa, la sua narrazione, veicolata via social, tv e video, rifilata all\u2019audience <strong>[al popolo<\/strong>] \u00e8 tutt\u2019altra&#8230;<\/p>\n<p><strong>\u00a0<\/strong><\/p>\n<figure id=\"attachment_29383\" aria-describedby=\"caption-attachment-29383\" style=\"width: 280px\" class=\"wp-caption aligncenter\"><img loading=\"lazy\" decoding=\"async\" class=\"size-full wp-image-29383\" src=\"https:\/\/www.bellunopress.it\/wp-content\/uploads\/2011\/08\/laura-puppato-280x280.jpg\" alt=\"Laura Puppato\" width=\"280\" height=\"280\" srcset=\"https:\/\/www.bellunopress.it\/wp-content\/uploads\/2011\/08\/laura-puppato-280x280.jpg 280w, https:\/\/www.bellunopress.it\/wp-content\/uploads\/2011\/08\/laura-puppato-280x280-150x150.jpg 150w\" sizes=\"auto, (max-width: 280px) 100vw, 280px\" \/><figcaption id=\"caption-attachment-29383\" class=\"wp-caption-text\">Laura Puppato<\/figcaption><\/figure>\n<p><strong><em>Una donna presidente del Veneto: Laura Puppato<\/em><\/strong><\/p>\n<p>Il dato referendario che abbiamo qui riassunto pu\u00f2\/dovrebbe essere utile per prepararsi al meglio alle elezioni regionali d\u2019autunno o della prossima primavera che siano, chance che avevamo qui prevista ad aprile 2024.<\/p>\n<p>Il tasso d\u2019affluenza alle urne nel Veneto \u00e8 stato del 26.21%, 4 punti percentuali in meno del dato nazionale. Qui incidentalmente segnaliamo che il Viminale nel dato complessivo a livello regionale e in quello nazionale non attesta ancora il numero totale dei votanti, mancando allo scrutinio 32 seggi del Venezuela e dell\u2019Olanda: vicenda biasimevole e forse da approfondire.<\/p>\n<p>Riperdendo l\u2019analisi precedente sul voto referendario, possiamo dire che il \u201ccampo stretto\u201d raccoglie ottocentomila suffragi e allargato al &#8220;campo largo&#8221;, NO inclusi, \u00e8 poco meno di un milione di votanti. Applicando questo ragionamento alle prossime regionali fondato sul raccolto dei partiti nel 2020, limitandosi al \u201ccampo stretto\u201d (vecchio Csx pi\u00f9 5 Stelle) il dato quota\u00a0 392.735 votanti, che diventano 475.386\u00a0 con i suffragi delle liste del 2020 che , per una ragione o per l\u2019altra, hanno corso in solitaria, bench\u00e9\u00a0 riferibili all\u2019area riformista.<\/p>\n<p>La differenza tra i <strong>983.152 votanti<\/strong> del 2025 (pari al 26.21% su 3.750.825 ) e <strong>i 475.386 suffragi<\/strong> del 2020 (pari al 18.8% su 2.522.920) pone molteplici interrogativi che qui non affrontiamo, epper\u00f2 il tema c\u2019 \u00e8 e va affrontato dai dirigenti politici. Il lettore ben capir\u00e0 che oltre la condivisione di un programma tra tutte le componenti aggregabili, va proposta agli elettori e alle elettrici una candidatura qualificata per la Presidenza del Veneto, all\u2019altezza della sfida, capace di intercettare \u201celettorati\u201d pi\u00f9 in l\u00e0 di\u00a0 ci\u00f2 che gi\u00e0 c\u2019\u00e8.<\/p>\n<p>Dunque il risultato referendario in Veneto non \u00e8 poi male, anzi potrebbe pure essere promettente a qualche condizione per\u00f2: che si metta su un programma che parli davvero alla gente e che si spieghi per bene cosa \u00e8 mancato nei 3 (tre) mandati di Luca Zaia e che guai sono stati combinati e che si trovi una candidatura non solo per partecipare ma per puntare davvero a vincere e che le regole d&#8217;ingaggio prevedano che chi correr\u00e0 per la presidenza se non vincesse dovr\u00e0 comunque garantire di guidare la minoranza per tutto il mandato (cos\u00ec come troppe volte non \u00e8 stato per il passato) facendo crescere dunque un&#8217;alternativa per la seguente occasione.<\/p>\n<p>Quanto all&#8217;oggi, constatiamo che per individuare una candidatura da qualche mese il non strutturato campo largo si muova sostanzialmente per timidi tentativi, anche scomodando personaggi certamente di prestigio che poi devono declinare l&#8217;offerta sostenendo di non essere esattamente tagliati per una nuova esperienza del genere. Si dovrebbe piuttosto provare a tracciare una sorta di <strong>identikit<\/strong> <strong>della candidatura da trovare<\/strong>, ad esempio: meglio una personalit\u00e0 di assoluto rilievo in una qualche materia (sia la ricerca scientifica o sia la regia cinematografica) oppure una esperienza pi\u00f9 attinente (sia nell&#8217;amministrazione pubblica sia nelle rappresentanze elettive).<\/p>\n<p>E che sia ininfluente oppure interessante per un candidato che possa vantare una certa attitudine al dialogo e al confronto? \u00a0Interessa poi una affidabilit\u00e0 alle logiche del suo partito e delle sue correnti oppure che abbia dimostrato in qualche occasione coraggio e indipendenza. Interessa che sia un neofita di quel che compete ad una regione oppure che qualche materia almeno l&#8217;abbia ben praticata?<\/p>\n<p>Interessa un campione solitario o sarebbe preferibile un buon giocatore che sappia <strong>far crescere una squadra<\/strong>? Ed \u00e8 opportuno o meno chiedere ad un candidato che su alcune questioni cruciali di oggi abbia concretamente lavorato, questioni ambientali o sociali che siano? Infine, fatte anche pari tutte le qualit\u00e0 di due ipotetiche alternative, sarebbe meglio un uomo o, &#8216;sta volta, <strong>una donna<\/strong>? Pensando che le sciagure politiche del Veneto siano cominciate qualche anno fa quando <strong>non si \u00e8 voluto candidare una certa Tina Anselmi<\/strong>, noi pensiamo che sarebbe davvero il momento buono per proporre finalmente una donna alla presidenza della nostra regione. Poi ammettiamo anche che, a mano a mano che cercavamo di delineare l&#8217;identikit della candidatura, ci siamo accorti che la nostra preferenza era sempre per la seconda alternativa. Infine, ammettiamo che un nome possibile ci \u00e8 passato per la mente, ma chiss\u00e0 quanti altri, altrettanto buoni nomi, si possono fare!<\/p>\n<p>Certo confidiamo nel buon senso di chi dirige i partiti, spetta certamente a loro considerare tutti gli aspetti e &#8230; scegliere, ma i tanti mesi trascorsi <strong>senza costrutto un po&#8217; ci preoccupano&#8230; <\/strong><\/p>\n<p>Sembrerebbe che la scelta sia difficile, ci fanno intendere, cio\u00e8, che ci sono pi\u00f9 alternative, ma allora perch\u00e9 non porle all&#8217;esame <strong>di primarie tra i cittadini che poi dovranno votare<\/strong> &#8211; e questa operazione farebbe conoscere e consolidare la candidatura &#8211; forse perch\u00e9 si \u00e8 ormai consumato il tempo disponibile? o forse perch\u00e9 non si vuole lasciare il potere di scelta agli elettori? Mah! Noi &#8211; dicevamo &#8211; un nome, comunque, sia ce l&#8217;avremmo: trattasi <strong>di Puppato Laura, di Montebelluna.<\/strong><\/p>\n<p><strong>20 giugno 2025\u00a0\u00a0\u00a0\u00a0\u00a0\u00a0<\/strong><\/p>\n<p><strong>\u00a0 \u00a0 \u00a0 \u00a0 \u00a0 \u00a0 \u00a0 \u00a0 \u00a0 \u00a0 \u00a0 \u00a0 \u00a0 \u00a0 \u00a0 \u00a0 \u00a0 \u00a0 \u00a0 \u00a0 \u00a0 \u00a0 \u00a0 \u00a0 \u00a0 \u00a0 \u00a0 \u00a0 \u00a0 \u00a0 \u00a0 \u00a0 \u00a0 \u00a0 \u00a0 \u00a0 \u00a0 \u00a0 \u00a0 \u00a0 \u00a0 \u00a0 \u00a0 \u00a0 \u00a0 \u00a0 \u00a0 \u00a0 \u00a0 \u00a0 \u00a0 \u00a0 \u00a0 \u00a0 \u00a0 \u00a0 \u00a0 \u00a0 \u00a0 \u00a0 \u00a0 \u00a0 \u00a0 \u00a0 <em>Enzo De Biasi<\/em><\/strong><\/p>\n<p><strong>\u00a0 \u00a0 \u00a0 \u00a0 \u00a0 \u00a0 \u00a0 \u00a0 \u00a0 \u00a0 \u00a0 \u00a0 \u00a0 \u00a0 \u00a0 \u00a0 \u00a0 \u00a0 \u00a0 \u00a0 \u00a0 \u00a0 \u00a0 \u00a0 \u00a0 \u00a0 \u00a0 \u00a0 \u00a0 \u00a0 \u00a0 \u00a0 \u00a0 \u00a0 \u00a0 \u00a0 \u00a0 \u00a0 \u00a0 \u00a0 \u00a0 \u00a0 \u00a0 \u00a0 \u00a0 \u00a0 \u00a0 \u00a0 \u00a0 \u00a0 \u00a0 \u00a0 \u00a0 \u00a0 \u00a0 \u00a0 \u00a0 \u00a0 \u00a0 \u00a0 \u00a0 \u00a0 \u00a0 \u00a0 \u00a0 <em>Marco Zanetti<\/em><\/strong><\/p>\n<p>Fonti:<\/p>\n<p><a href=\"https:\/\/it.wikipedia.org\/wiki\/Laura_Puppato\">https:\/\/it.wikipedia.org\/wiki\/Laura_Puppato<\/a>\u00a0 <strong>chi \u00e8 Laura Puppato<\/strong><\/p>\n<p><a href=\"https:\/\/www.cattaneo.org\/referendum-2025-partecipazione-e-voto\/\">https:\/\/www.cattaneo.org\/referendum-2025-partecipazione-e-voto\/<\/a> \u00a0\u00a0\u00a0report Referendum 2025<\/p>\n<p><a href=\"https:\/\/www.bellunopress.it\/2024\/04\/01\/comune-di-venezia-e-regione-del-veneto-al-voto-nel-2025-probabilmente-a-primavera-2026-di-enzo-de-biasi\/\">https:\/\/www.bellunopress.it\/2024\/04\/01\/comune-di-venezia-e-regione-del-veneto-al-voto-nel-2025-probabilmente-a-primavera-2026-di-enzo-de-biasi\/<\/a>\u00a0 \u2026.voto nel 2025 0 nel 2026 ?,del 01 aprile 2024. <strong>Nelle fonti il risultato elettorale della Regione Veneto tornata 2020 <\/strong><\/p>\n<p><a href=\"https:\/\/www.corriere.it\/politica\/25_maggio_14\/referendum-da-craxi-a-renzi-fino-a-berlusconi-l-antica-tentazione-dell-invito-al-mare-67790f4d-69b6-4cc1-9af8-855447329xlk.shtml\">https:\/\/www.corriere.it\/politica\/25_maggio_14\/referendum-da-craxi-a-renzi-fino-a-berlusconi-l-antica-tentazione-dell-invito-al-mare-67790f4d-69b6-4cc1-9af8-855447329xlk.shtml<\/a>\u00a0\u00a0\u00a0\u00a0\u00a0\u00a0\u00a0\u00a0\u00a0\u00a0 referendum ? \u201candate al mare\u201d<\/p>\n<p><a href=\"https:\/\/elezioni.interno.gov.it\/risultati\/20250608\/referendum\/votanti\/incomplesso\/02\">https:\/\/elezioni.interno.gov.it\/risultati\/20250608\/referendum\/votanti\/incomplesso\/02<\/a>\u00a0 mancano 32 seggi esteri da Venezuela e Olanda causa \u201cil combinato disposto\u2026\u201d, biasimevole.<\/p>\n<p><a href=\"https:\/\/elezioni.interno.gov.it\/risultati\/20250608\/referendum\/scrutini\/italia\/05\">https:\/\/elezioni.interno.gov.it\/risultati\/20250608\/referendum\/scrutini\/italia\/05<\/a>\u00a0\u00a0\u00a0\u00a0 referendum, risultati in Veneto per \u00a0singolo quesito<\/p>\n<p>&nbsp;<\/p>\n","protected":false},"excerpt":{"rendered":"<p>Una donna alla Presidenza del Veneto, Laura Puppato, politica , sindaca e persona preparata e competente . Quorum non raggiunto per nessuno dei cinque referendum, ma la netta sconfitta subita pu\u00f2 essere perfino utile e salutare Anche se non ha partecipato al voto la met\u00e0 pi\u00f9 uno dell\u2019elettorato la scossa si \u00e8 sentita! E pu\u00f2 [&hellip;]<\/p>\n","protected":false},"author":2,"featured_media":153399,"comment_status":"closed","ping_status":"open","sticky":false,"template":"","format":"standard","meta":{"footnotes":""},"categories":[5,26],"tags":[],"class_list":["post-161149","post","type-post","status-publish","format-standard","has-post-thumbnail","category-cronaca","category-prima-pagina"],"yoast_head":"<!-- This site is optimized with the Yoast SEO plugin v28.4 - https:\/\/yoast.com\/product\/yoast-seo-wordpress\/ -->\n<title>Referendum 2025, il 30% del Paese \u201cnon ci sta\u201d al governo delle destre e vuole cambiare - Bellunopress - Dolomiti<\/title>\n<meta name=\"robots\" content=\"index, follow, max-snippet:-1, max-image-preview:large, max-video-preview:-1\" \/>\n<link rel=\"canonical\" href=\"https:\/\/www.bellunopress.it\/fr\/2025\/06\/20\/referendum-2025-il-30-del-paese-non-ci-sta-al-governo-delle-destre-e-vuole-cambiare\/\" \/>\n<meta property=\"og:locale\" content=\"fr_FR\" \/>\n<meta property=\"og:type\" content=\"article\" \/>\n<meta property=\"og:title\" content=\"Referendum 2025, il 30% del Paese \u201cnon ci sta\u201d al governo delle destre e vuole cambiare - Bellunopress - Dolomiti\" \/>\n<meta property=\"og:description\" content=\"Una donna alla Presidenza del Veneto, Laura Puppato, politica , sindaca e persona preparata e competente . Quorum non raggiunto per nessuno dei cinque referendum, ma la netta sconfitta subita pu\u00f2 essere perfino utile e salutare Anche se non ha partecipato al voto la met\u00e0 pi\u00f9 uno dell\u2019elettorato la scossa si \u00e8 sentita! E pu\u00f2 [&hellip;]\" \/>\n<meta property=\"og:url\" content=\"https:\/\/www.bellunopress.it\/fr\/2025\/06\/20\/referendum-2025-il-30-del-paese-non-ci-sta-al-governo-delle-destre-e-vuole-cambiare\/\" \/>\n<meta property=\"og:site_name\" content=\"Bellunopress - Dolomiti\" \/>\n<meta property=\"article:publisher\" content=\"https:\/\/www.facebook.com\/profile.php?id=100008943462799\" \/>\n<meta property=\"article:published_time\" content=\"2025-06-20T13:33:49+00:00\" \/>\n<meta property=\"og:image\" content=\"https:\/\/www.bellunopress.it\/wp-content\/uploads\/2024\/08\/Repubblica-Italiana.webp\" \/>\n\t<meta property=\"og:image:width\" content=\"600\" \/>\n\t<meta property=\"og:image:height\" content=\"600\" \/>\n\t<meta property=\"og:image:type\" content=\"image\/webp\" \/>\n<meta name=\"author\" content=\"redazione\" \/>\n<meta name=\"twitter:card\" content=\"summary_large_image\" \/>\n<meta name=\"twitter:creator\" content=\"@bellunopress\" \/>\n<meta name=\"twitter:site\" content=\"@bellunopress\" \/>\n<meta name=\"twitter:label1\" content=\"\u00c9crit par\" \/>\n\t<meta name=\"twitter:data1\" content=\"redazione\" \/>\n\t<meta name=\"twitter:label2\" content=\"Dur\u00e9e de lecture estim\u00e9e\" \/>\n\t<meta name=\"twitter:data2\" content=\"13 minutes\" \/>\n<script type=\"application\/ld+json\" class=\"yoast-schema-graph\">{\"@context\":\"https:\\\/\\\/schema.org\",\"@graph\":[{\"@type\":\"Article\",\"@id\":\"https:\\\/\\\/www.bellunopress.it\\\/2025\\\/06\\\/20\\\/referendum-2025-il-30-del-paese-non-ci-sta-al-governo-delle-destre-e-vuole-cambiare\\\/#article\",\"isPartOf\":{\"@id\":\"https:\\\/\\\/www.bellunopress.it\\\/2025\\\/06\\\/20\\\/referendum-2025-il-30-del-paese-non-ci-sta-al-governo-delle-destre-e-vuole-cambiare\\\/\"},\"author\":{\"name\":\"redazione\",\"@id\":\"https:\\\/\\\/www.bellunopress.it\\\/#\\\/schema\\\/person\\\/79bb06722b37ece1c03d3e94beb30d73\"},\"headline\":\"Referendum 2025, il 30% del Paese \u201cnon ci sta\u201d al governo delle destre e vuole cambiare\",\"datePublished\":\"2025-06-20T13:33:49+00:00\",\"mainEntityOfPage\":{\"@id\":\"https:\\\/\\\/www.bellunopress.it\\\/2025\\\/06\\\/20\\\/referendum-2025-il-30-del-paese-non-ci-sta-al-governo-delle-destre-e-vuole-cambiare\\\/\"},\"wordCount\":2596,\"publisher\":{\"@id\":\"https:\\\/\\\/www.bellunopress.it\\\/#organization\"},\"image\":{\"@id\":\"https:\\\/\\\/www.bellunopress.it\\\/2025\\\/06\\\/20\\\/referendum-2025-il-30-del-paese-non-ci-sta-al-governo-delle-destre-e-vuole-cambiare\\\/#primaryimage\"},\"thumbnailUrl\":\"https:\\\/\\\/www.bellunopress.it\\\/wp-content\\\/uploads\\\/2024\\\/08\\\/Repubblica-Italiana.webp\",\"articleSection\":[\"Cronaca\\\/Politica\",\"Prima Pagina\"],\"inLanguage\":\"fr-FR\"},{\"@type\":\"WebPage\",\"@id\":\"https:\\\/\\\/www.bellunopress.it\\\/2025\\\/06\\\/20\\\/referendum-2025-il-30-del-paese-non-ci-sta-al-governo-delle-destre-e-vuole-cambiare\\\/\",\"url\":\"https:\\\/\\\/www.bellunopress.it\\\/2025\\\/06\\\/20\\\/referendum-2025-il-30-del-paese-non-ci-sta-al-governo-delle-destre-e-vuole-cambiare\\\/\",\"name\":\"Referendum 2025, il 30% del Paese \u201cnon ci sta\u201d al governo delle destre e vuole cambiare - Bellunopress - Dolomiti\",\"isPartOf\":{\"@id\":\"https:\\\/\\\/www.bellunopress.it\\\/#website\"},\"primaryImageOfPage\":{\"@id\":\"https:\\\/\\\/www.bellunopress.it\\\/2025\\\/06\\\/20\\\/referendum-2025-il-30-del-paese-non-ci-sta-al-governo-delle-destre-e-vuole-cambiare\\\/#primaryimage\"},\"image\":{\"@id\":\"https:\\\/\\\/www.bellunopress.it\\\/2025\\\/06\\\/20\\\/referendum-2025-il-30-del-paese-non-ci-sta-al-governo-delle-destre-e-vuole-cambiare\\\/#primaryimage\"},\"thumbnailUrl\":\"https:\\\/\\\/www.bellunopress.it\\\/wp-content\\\/uploads\\\/2024\\\/08\\\/Repubblica-Italiana.webp\",\"datePublished\":\"2025-06-20T13:33:49+00:00\",\"breadcrumb\":{\"@id\":\"https:\\\/\\\/www.bellunopress.it\\\/2025\\\/06\\\/20\\\/referendum-2025-il-30-del-paese-non-ci-sta-al-governo-delle-destre-e-vuole-cambiare\\\/#breadcrumb\"},\"inLanguage\":\"fr-FR\",\"potentialAction\":[{\"@type\":\"ReadAction\",\"target\":[\"https:\\\/\\\/www.bellunopress.it\\\/2025\\\/06\\\/20\\\/referendum-2025-il-30-del-paese-non-ci-sta-al-governo-delle-destre-e-vuole-cambiare\\\/\"]}]},{\"@type\":\"ImageObject\",\"inLanguage\":\"fr-FR\",\"@id\":\"https:\\\/\\\/www.bellunopress.it\\\/2025\\\/06\\\/20\\\/referendum-2025-il-30-del-paese-non-ci-sta-al-governo-delle-destre-e-vuole-cambiare\\\/#primaryimage\",\"url\":\"https:\\\/\\\/www.bellunopress.it\\\/wp-content\\\/uploads\\\/2024\\\/08\\\/Repubblica-Italiana.webp\",\"contentUrl\":\"https:\\\/\\\/www.bellunopress.it\\\/wp-content\\\/uploads\\\/2024\\\/08\\\/Repubblica-Italiana.webp\",\"width\":600,\"height\":600},{\"@type\":\"BreadcrumbList\",\"@id\":\"https:\\\/\\\/www.bellunopress.it\\\/2025\\\/06\\\/20\\\/referendum-2025-il-30-del-paese-non-ci-sta-al-governo-delle-destre-e-vuole-cambiare\\\/#breadcrumb\",\"itemListElement\":[{\"@type\":\"ListItem\",\"position\":1,\"name\":\"Home\",\"item\":\"https:\\\/\\\/www.bellunopress.it\\\/\"},{\"@type\":\"ListItem\",\"position\":2,\"name\":\"Referendum 2025, il 30% del Paese \u201cnon ci sta\u201d al governo delle destre e vuole cambiare\"}]},{\"@type\":\"WebSite\",\"@id\":\"https:\\\/\\\/www.bellunopress.it\\\/#website\",\"url\":\"https:\\\/\\\/www.bellunopress.it\\\/\",\"name\":\"Bellunopress - Dolomiti\",\"description\":\"e-mail: redazione@bellunopress.it\",\"publisher\":{\"@id\":\"https:\\\/\\\/www.bellunopress.it\\\/#organization\"},\"potentialAction\":[{\"@type\":\"SearchAction\",\"target\":{\"@type\":\"EntryPoint\",\"urlTemplate\":\"https:\\\/\\\/www.bellunopress.it\\\/?s={search_term_string}\"},\"query-input\":{\"@type\":\"PropertyValueSpecification\",\"valueRequired\":true,\"valueName\":\"search_term_string\"}}],\"inLanguage\":\"fr-FR\"},{\"@type\":\"Organization\",\"@id\":\"https:\\\/\\\/www.bellunopress.it\\\/#organization\",\"name\":\"Bellunopress\",\"url\":\"https:\\\/\\\/www.bellunopress.it\\\/\",\"logo\":{\"@type\":\"ImageObject\",\"inLanguage\":\"fr-FR\",\"@id\":\"https:\\\/\\\/www.bellunopress.it\\\/#\\\/schema\\\/logo\\\/image\\\/\",\"url\":\"https:\\\/\\\/www.bellunopress.it\\\/wp-content\\\/uploads\\\/2011\\\/05\\\/cropped-logo-bellunopress-.jpg\",\"contentUrl\":\"https:\\\/\\\/www.bellunopress.it\\\/wp-content\\\/uploads\\\/2011\\\/05\\\/cropped-logo-bellunopress-.jpg\",\"width\":512,\"height\":512,\"caption\":\"Bellunopress\"},\"image\":{\"@id\":\"https:\\\/\\\/www.bellunopress.it\\\/#\\\/schema\\\/logo\\\/image\\\/\"},\"sameAs\":[\"https:\\\/\\\/www.facebook.com\\\/profile.php?id=100008943462799\",\"https:\\\/\\\/x.com\\\/bellunopress\",\"https:\\\/\\\/www.linkedin.com\\\/hp\\\/?dnr=JBzUWaJfMUw8vbXJJ2tVW5-I3jZKvC4wsoxE&amp;amp;amp;amp;amp;amp;trk=nav_responsive_tab_home\",\"https:\\\/\\\/www.youtube.com\\\/channel\\\/UCxL0wu1uN0_3_7hGG0306cw\"]},{\"@type\":\"Person\",\"@id\":\"https:\\\/\\\/www.bellunopress.it\\\/#\\\/schema\\\/person\\\/79bb06722b37ece1c03d3e94beb30d73\",\"name\":\"redazione\",\"image\":{\"@type\":\"ImageObject\",\"inLanguage\":\"fr-FR\",\"@id\":\"https:\\\/\\\/secure.gravatar.com\\\/avatar\\\/37d968a2e67a6fd04c169c4bdef102d0bc5d31b2546345219e348575eb80e9a0?s=96&d=mm&r=g\",\"url\":\"https:\\\/\\\/secure.gravatar.com\\\/avatar\\\/37d968a2e67a6fd04c169c4bdef102d0bc5d31b2546345219e348575eb80e9a0?s=96&d=mm&r=g\",\"contentUrl\":\"https:\\\/\\\/secure.gravatar.com\\\/avatar\\\/37d968a2e67a6fd04c169c4bdef102d0bc5d31b2546345219e348575eb80e9a0?s=96&d=mm&r=g\",\"caption\":\"redazione\"},\"sameAs\":[\"http:\\\/\\\/www.bellunopress.it\",\"https:\\\/\\\/x.com\\\/bellunopress\"],\"url\":\"https:\\\/\\\/www.bellunopress.it\\\/fr\\\/author\\\/redazione\\\/\"}]}<\/script>\n<!-- \/ Yoast SEO plugin. -->","yoast_head_json":{"title":"Referendum 2025, il 30% del Paese \u201cnon ci sta\u201d al governo delle destre e vuole cambiare - Bellunopress - Dolomiti","robots":{"index":"index","follow":"follow","max-snippet":"max-snippet:-1","max-image-preview":"max-image-preview:large","max-video-preview":"max-video-preview:-1"},"canonical":"https:\/\/www.bellunopress.it\/fr\/2025\/06\/20\/referendum-2025-il-30-del-paese-non-ci-sta-al-governo-delle-destre-e-vuole-cambiare\/","og_locale":"fr_FR","og_type":"article","og_title":"Referendum 2025, il 30% del Paese \u201cnon ci sta\u201d al governo delle destre e vuole cambiare - Bellunopress - Dolomiti","og_description":"Una donna alla Presidenza del Veneto, Laura Puppato, politica , sindaca e persona preparata e competente . Quorum non raggiunto per nessuno dei cinque referendum, ma la netta sconfitta subita pu\u00f2 essere perfino utile e salutare Anche se non ha partecipato al voto la met\u00e0 pi\u00f9 uno dell\u2019elettorato la scossa si \u00e8 sentita! E pu\u00f2 [&hellip;]","og_url":"https:\/\/www.bellunopress.it\/fr\/2025\/06\/20\/referendum-2025-il-30-del-paese-non-ci-sta-al-governo-delle-destre-e-vuole-cambiare\/","og_site_name":"Bellunopress - Dolomiti","article_publisher":"https:\/\/www.facebook.com\/profile.php?id=100008943462799","article_published_time":"2025-06-20T13:33:49+00:00","og_image":[{"width":600,"height":600,"url":"https:\/\/www.bellunopress.it\/wp-content\/uploads\/2024\/08\/Repubblica-Italiana.webp","type":"image\/webp"}],"author":"redazione","twitter_card":"summary_large_image","twitter_creator":"@bellunopress","twitter_site":"@bellunopress","twitter_misc":{"\u00c9crit par":"redazione","Dur\u00e9e de lecture estim\u00e9e":"13 minutes"},"schema":{"@context":"https:\/\/schema.org","@graph":[{"@type":"Article","@id":"https:\/\/www.bellunopress.it\/2025\/06\/20\/referendum-2025-il-30-del-paese-non-ci-sta-al-governo-delle-destre-e-vuole-cambiare\/#article","isPartOf":{"@id":"https:\/\/www.bellunopress.it\/2025\/06\/20\/referendum-2025-il-30-del-paese-non-ci-sta-al-governo-delle-destre-e-vuole-cambiare\/"},"author":{"name":"redazione","@id":"https:\/\/www.bellunopress.it\/#\/schema\/person\/79bb06722b37ece1c03d3e94beb30d73"},"headline":"Referendum 2025, il 30% del Paese \u201cnon ci sta\u201d al governo delle destre e vuole cambiare","datePublished":"2025-06-20T13:33:49+00:00","mainEntityOfPage":{"@id":"https:\/\/www.bellunopress.it\/2025\/06\/20\/referendum-2025-il-30-del-paese-non-ci-sta-al-governo-delle-destre-e-vuole-cambiare\/"},"wordCount":2596,"publisher":{"@id":"https:\/\/www.bellunopress.it\/#organization"},"image":{"@id":"https:\/\/www.bellunopress.it\/2025\/06\/20\/referendum-2025-il-30-del-paese-non-ci-sta-al-governo-delle-destre-e-vuole-cambiare\/#primaryimage"},"thumbnailUrl":"https:\/\/www.bellunopress.it\/wp-content\/uploads\/2024\/08\/Repubblica-Italiana.webp","articleSection":["Cronaca\/Politica","Prima Pagina"],"inLanguage":"fr-FR"},{"@type":"WebPage","@id":"https:\/\/www.bellunopress.it\/2025\/06\/20\/referendum-2025-il-30-del-paese-non-ci-sta-al-governo-delle-destre-e-vuole-cambiare\/","url":"https:\/\/www.bellunopress.it\/2025\/06\/20\/referendum-2025-il-30-del-paese-non-ci-sta-al-governo-delle-destre-e-vuole-cambiare\/","name":"Referendum 2025, il 30% del Paese \u201cnon ci sta\u201d al governo delle destre e vuole cambiare - Bellunopress - Dolomiti","isPartOf":{"@id":"https:\/\/www.bellunopress.it\/#website"},"primaryImageOfPage":{"@id":"https:\/\/www.bellunopress.it\/2025\/06\/20\/referendum-2025-il-30-del-paese-non-ci-sta-al-governo-delle-destre-e-vuole-cambiare\/#primaryimage"},"image":{"@id":"https:\/\/www.bellunopress.it\/2025\/06\/20\/referendum-2025-il-30-del-paese-non-ci-sta-al-governo-delle-destre-e-vuole-cambiare\/#primaryimage"},"thumbnailUrl":"https:\/\/www.bellunopress.it\/wp-content\/uploads\/2024\/08\/Repubblica-Italiana.webp","datePublished":"2025-06-20T13:33:49+00:00","breadcrumb":{"@id":"https:\/\/www.bellunopress.it\/2025\/06\/20\/referendum-2025-il-30-del-paese-non-ci-sta-al-governo-delle-destre-e-vuole-cambiare\/#breadcrumb"},"inLanguage":"fr-FR","potentialAction":[{"@type":"ReadAction","target":["https:\/\/www.bellunopress.it\/2025\/06\/20\/referendum-2025-il-30-del-paese-non-ci-sta-al-governo-delle-destre-e-vuole-cambiare\/"]}]},{"@type":"ImageObject","inLanguage":"fr-FR","@id":"https:\/\/www.bellunopress.it\/2025\/06\/20\/referendum-2025-il-30-del-paese-non-ci-sta-al-governo-delle-destre-e-vuole-cambiare\/#primaryimage","url":"https:\/\/www.bellunopress.it\/wp-content\/uploads\/2024\/08\/Repubblica-Italiana.webp","contentUrl":"https:\/\/www.bellunopress.it\/wp-content\/uploads\/2024\/08\/Repubblica-Italiana.webp","width":600,"height":600},{"@type":"BreadcrumbList","@id":"https:\/\/www.bellunopress.it\/2025\/06\/20\/referendum-2025-il-30-del-paese-non-ci-sta-al-governo-delle-destre-e-vuole-cambiare\/#breadcrumb","itemListElement":[{"@type":"ListItem","position":1,"name":"Home","item":"https:\/\/www.bellunopress.it\/"},{"@type":"ListItem","position":2,"name":"Referendum 2025, il 30% del Paese \u201cnon ci sta\u201d al governo delle destre e vuole cambiare"}]},{"@type":"WebSite","@id":"https:\/\/www.bellunopress.it\/#website","url":"https:\/\/www.bellunopress.it\/","name":"Bellunopress - Dolomiti","description":"e-mail: redazione@bellunopress.it","publisher":{"@id":"https:\/\/www.bellunopress.it\/#organization"},"potentialAction":[{"@type":"SearchAction","target":{"@type":"EntryPoint","urlTemplate":"https:\/\/www.bellunopress.it\/?s={search_term_string}"},"query-input":{"@type":"PropertyValueSpecification","valueRequired":true,"valueName":"search_term_string"}}],"inLanguage":"fr-FR"},{"@type":"Organization","@id":"https:\/\/www.bellunopress.it\/#organization","name":"Bellunopress","url":"https:\/\/www.bellunopress.it\/","logo":{"@type":"ImageObject","inLanguage":"fr-FR","@id":"https:\/\/www.bellunopress.it\/#\/schema\/logo\/image\/","url":"https:\/\/www.bellunopress.it\/wp-content\/uploads\/2011\/05\/cropped-logo-bellunopress-.jpg","contentUrl":"https:\/\/www.bellunopress.it\/wp-content\/uploads\/2011\/05\/cropped-logo-bellunopress-.jpg","width":512,"height":512,"caption":"Bellunopress"},"image":{"@id":"https:\/\/www.bellunopress.it\/#\/schema\/logo\/image\/"},"sameAs":["https:\/\/www.facebook.com\/profile.php?id=100008943462799","https:\/\/x.com\/bellunopress","https:\/\/www.linkedin.com\/hp\/?dnr=JBzUWaJfMUw8vbXJJ2tVW5-I3jZKvC4wsoxE&amp;amp;amp;amp;amp;amp;trk=nav_responsive_tab_home","https:\/\/www.youtube.com\/channel\/UCxL0wu1uN0_3_7hGG0306cw"]},{"@type":"Person","@id":"https:\/\/www.bellunopress.it\/#\/schema\/person\/79bb06722b37ece1c03d3e94beb30d73","name":"r\u00e9daction","image":{"@type":"ImageObject","inLanguage":"fr-FR","@id":"https:\/\/secure.gravatar.com\/avatar\/37d968a2e67a6fd04c169c4bdef102d0bc5d31b2546345219e348575eb80e9a0?s=96&d=mm&r=g","url":"https:\/\/secure.gravatar.com\/avatar\/37d968a2e67a6fd04c169c4bdef102d0bc5d31b2546345219e348575eb80e9a0?s=96&d=mm&r=g","contentUrl":"https:\/\/secure.gravatar.com\/avatar\/37d968a2e67a6fd04c169c4bdef102d0bc5d31b2546345219e348575eb80e9a0?s=96&d=mm&r=g","caption":"redazione"},"sameAs":["http:\/\/www.bellunopress.it","https:\/\/x.com\/bellunopress"],"url":"https:\/\/www.bellunopress.it\/fr\/author\/redazione\/"}]}},"_links":{"self":[{"href":"https:\/\/www.bellunopress.it\/fr\/wp-json\/wp\/v2\/posts\/161149","targetHints":{"allow":["GET"]}}],"collection":[{"href":"https:\/\/www.bellunopress.it\/fr\/wp-json\/wp\/v2\/posts"}],"about":[{"href":"https:\/\/www.bellunopress.it\/fr\/wp-json\/wp\/v2\/types\/post"}],"author":[{"embeddable":true,"href":"https:\/\/www.bellunopress.it\/fr\/wp-json\/wp\/v2\/users\/2"}],"replies":[{"embeddable":true,"href":"https:\/\/www.bellunopress.it\/fr\/wp-json\/wp\/v2\/comments?post=161149"}],"version-history":[{"count":1,"href":"https:\/\/www.bellunopress.it\/fr\/wp-json\/wp\/v2\/posts\/161149\/revisions"}],"predecessor-version":[{"id":161150,"href":"https:\/\/www.bellunopress.it\/fr\/wp-json\/wp\/v2\/posts\/161149\/revisions\/161150"}],"wp:featuredmedia":[{"embeddable":true,"href":"https:\/\/www.bellunopress.it\/fr\/wp-json\/wp\/v2\/media\/153399"}],"wp:attachment":[{"href":"https:\/\/www.bellunopress.it\/fr\/wp-json\/wp\/v2\/media?parent=161149"}],"wp:term":[{"taxonomy":"category","embeddable":true,"href":"https:\/\/www.bellunopress.it\/fr\/wp-json\/wp\/v2\/categories?post=161149"},{"taxonomy":"post_tag","embeddable":true,"href":"https:\/\/www.bellunopress.it\/fr\/wp-json\/wp\/v2\/tags?post=161149"}],"curies":[{"name":"wp","href":"https:\/\/api.w.org\/{rel}","templated":true}]}}