{"id":161058,"date":"2025-06-17T13:19:41","date_gmt":"2025-06-17T11:19:41","guid":{"rendered":"https:\/\/www.bellunopress.it\/?p=161058"},"modified":"2025-06-17T13:19:41","modified_gmt":"2025-06-17T11:19:41","slug":"lavori-via-lambioi-e-ringraziamento","status":"publish","type":"post","link":"https:\/\/www.bellunopress.it\/fr\/2025\/06\/17\/lavori-via-lambioi-e-ringraziamento\/","title":{"rendered":"Lavori via Lambioi e ringraziamento"},"content":{"rendered":"<p><img loading=\"lazy\" decoding=\"async\" class=\"aligncenter size-full wp-image-70515\" src=\"https:\/\/www.bellunopress.it\/wp-content\/uploads\/2015\/08\/lettera-1.jpg\" alt=\"\" width=\"153\" height=\"180\" \/>Belluno, 17 giugno 2025 &#8211; Scrivo questa mail per sperare di ottenere dagli organi ufficiali preposti le informazioni relative alla situazione dei lavori in Via Lambioi, dove abito, poich\u00e9 ad oggi lamento la quasi totale mancanza di comunicazioni da parte del Comune in merito allo stato di avanzamento degli scavi e della successiva pavimentazione della via, cosa che influisce sul planning che era stato comunicato ai residenti nell&#8217;Assemblea pubblica indetta in Comune per marted\u00ec 18 giugno 2024.<\/p>\n<p>Ricordo infatti che il termine dei lavori comunicatoci era il 28 febbraio 2025, dovuto alla necessit\u00e0 di rendicontazione finalizzata all&#8217;ottenimento dei finanziamenti europei.<\/p>\n<p>Da allora, nessuna comunicazione ufficiale relativa ai ritardi e agli stralci dei lavori da eseguire, se non l&#8217;esposizione in loco di avvisi da parte del Corpo dei Vigili Urbani che comunicavano solo le date di chiusura temporanea della strada. Temporaneit\u00e0 che si \u00e8 protratta fino ad oggi, con successivi avvisi che limitavano di volta in volta la circolazione in maniera coercitiva, senza nel contempo finalizzare questa limitazioni ad un planning ragionevole dei vari step dei lavori, con soli disagi per i residenti e per gli utilizzatori di Via Lambioi.<\/p>\n<p>Allo stato, in vista dell&#8217;anniversario, domani, dell&#8217;anno da quell&#8217;Assemblea pubblica, chiedo che ragionevole tempistica dobbiamo aspettarci per poter utilizzare finalmente liberamente Via Lambioi e raggiungere le proprie abitazioni senza rischiare di fare danni a s\u00e9 stessi o ai propri mezzi di trasporto, considerando che, almeno, a seguito dell&#8217;Assemblea citata il Comune aveva accettato di procedere ai lavori a stralci di alcuni metri, consentendo cos\u00ec l&#8217;accesso scaglionato alle case di residenza.<\/p>\n<p>Infine, in carenza delle suddette informazioni puntuali nel passato e fiduciosa di una comunicazione programmatica per i prossimi step, non posso che ringraziare pubblicamente i dipendenti della ditta BT Scavi, e in particolare Matteo De Pr\u00e0, per la loro professionalit\u00e0, umanit\u00e0 e cortesia. Lavorare in un cantiere non significa solo eseguire dei lavori manuali, ma prestare attenzione all&#8217;ambiente e alle persone circostanti, facendo in modo di rendere accettabili i disagi che oggettivamente e inevitabilmente si procurano.<\/p>\n<p>In questo caso, Matteo De Pr\u00e0 e tutti gli altri dipendenti della BT Scavi hanno sempre cercato non solo di agevolarci in una situazione che fin da subito si era rivelata alquanto scomoda per logistica e scelte strategiche, ma anche di informarci costantemente &#8211; loro soli! &#8211; di quanto sarebbe accaduto nella via, relativamente alla tempistica di loro competenza e ai disagi e alle limitazioni da affrontare per accedere alle abitazioni, nel momento ad esempio della gettata di cemento (con relativa impossibilit\u00e0 di calpestio per accedere alle propriet\u00e0 private) o di scavi particolarmente invasivi per l&#8217;accesso alla via.<\/p>\n<p>In attesa di un cortese cenno da parte dell&#8217;Amministrazione Comunale, porgo i miei saluti,<\/p>\n<p>Francesca Cresta<\/p>\n<p>&nbsp;<\/p>","protected":false},"excerpt":{"rendered":"<p>Belluno, 17 giugno 2025 &#8211; Scrivo questa mail per sperare di ottenere dagli organi ufficiali preposti le informazioni relative alla situazione dei lavori in Via Lambioi, dove abito, poich\u00e9 ad oggi lamento la quasi totale mancanza di comunicazioni da parte del Comune in merito allo stato di avanzamento degli scavi e della successiva pavimentazione della [&hellip;]<\/p>\n","protected":false},"author":2,"featured_media":123649,"comment_status":"closed","ping_status":"open","sticky":false,"template":"","format":"standard","meta":{"footnotes":""},"categories":[1,26],"tags":[],"class_list":["post-161058","post","type-post","status-publish","format-standard","has-post-thumbnail","category-leo","category-prima-pagina"],"yoast_head":"<!-- This site is optimized with the Yoast SEO plugin v28.4 - https:\/\/yoast.com\/product\/yoast-seo-wordpress\/ -->\n<title>Lavori via Lambioi e ringraziamento - Bellunopress - Dolomiti<\/title>\n<meta name=\"robots\" content=\"index, follow, max-snippet:-1, max-image-preview:large, max-video-preview:-1\" \/>\n<link rel=\"canonical\" href=\"https:\/\/www.bellunopress.it\/fr\/2025\/06\/17\/lavori-via-lambioi-e-ringraziamento\/\" \/>\n<meta property=\"og:locale\" content=\"fr_FR\" \/>\n<meta property=\"og:type\" content=\"article\" \/>\n<meta property=\"og:title\" content=\"Lavori via Lambioi e ringraziamento - Bellunopress - Dolomiti\" \/>\n<meta property=\"og:description\" content=\"Belluno, 17 giugno 2025 &#8211; Scrivo questa mail per sperare di ottenere dagli organi ufficiali preposti le informazioni relative alla situazione dei lavori in Via Lambioi, dove abito, poich\u00e9 ad oggi lamento la quasi totale mancanza di comunicazioni da parte del Comune in merito allo stato di avanzamento degli scavi e della successiva pavimentazione della [&hellip;]\" \/>\n<meta property=\"og:url\" content=\"https:\/\/www.bellunopress.it\/fr\/2025\/06\/17\/lavori-via-lambioi-e-ringraziamento\/\" \/>\n<meta property=\"og:site_name\" content=\"Bellunopress - Dolomiti\" \/>\n<meta property=\"article:publisher\" content=\"https:\/\/www.facebook.com\/profile.php?id=100008943462799\" \/>\n<meta property=\"article:published_time\" content=\"2025-06-17T11:19:41+00:00\" \/>\n<meta property=\"og:image\" content=\"https:\/\/www.bellunopress.it\/wp-content\/uploads\/2021\/04\/lettera-mail_edited.jpg\" \/>\n\t<meta property=\"og:image:width\" content=\"962\" \/>\n\t<meta property=\"og:image:height\" content=\"1000\" \/>\n\t<meta property=\"og:image:type\" content=\"image\/jpeg\" \/>\n<meta name=\"author\" content=\"redazione\" \/>\n<meta name=\"twitter:card\" content=\"summary_large_image\" \/>\n<meta name=\"twitter:creator\" content=\"@bellunopress\" \/>\n<meta name=\"twitter:site\" content=\"@bellunopress\" \/>\n<meta name=\"twitter:label1\" content=\"\u00c9crit par\" \/>\n\t<meta name=\"twitter:data1\" content=\"redazione\" \/>\n\t<meta name=\"twitter:label2\" content=\"Dur\u00e9e de lecture estim\u00e9e\" \/>\n\t<meta name=\"twitter:data2\" content=\"2 minutes\" \/>\n<script type=\"application\/ld+json\" class=\"yoast-schema-graph\">{\"@context\":\"https:\\\/\\\/schema.org\",\"@graph\":[{\"@type\":\"Article\",\"@id\":\"https:\\\/\\\/www.bellunopress.it\\\/2025\\\/06\\\/17\\\/lavori-via-lambioi-e-ringraziamento\\\/#article\",\"isPartOf\":{\"@id\":\"https:\\\/\\\/www.bellunopress.it\\\/2025\\\/06\\\/17\\\/lavori-via-lambioi-e-ringraziamento\\\/\"},\"author\":{\"name\":\"redazione\",\"@id\":\"https:\\\/\\\/www.bellunopress.it\\\/#\\\/schema\\\/person\\\/79bb06722b37ece1c03d3e94beb30d73\"},\"headline\":\"Lavori via Lambioi e ringraziamento\",\"datePublished\":\"2025-06-17T11:19:41+00:00\",\"mainEntityOfPage\":{\"@id\":\"https:\\\/\\\/www.bellunopress.it\\\/2025\\\/06\\\/17\\\/lavori-via-lambioi-e-ringraziamento\\\/\"},\"wordCount\":459,\"publisher\":{\"@id\":\"https:\\\/\\\/www.bellunopress.it\\\/#organization\"},\"image\":{\"@id\":\"https:\\\/\\\/www.bellunopress.it\\\/2025\\\/06\\\/17\\\/lavori-via-lambioi-e-ringraziamento\\\/#primaryimage\"},\"thumbnailUrl\":\"https:\\\/\\\/www.bellunopress.it\\\/wp-content\\\/uploads\\\/2021\\\/04\\\/lettera-mail_edited.jpg\",\"articleSection\":[\"Lettere Opinioni\",\"Prima Pagina\"],\"inLanguage\":\"fr-FR\"},{\"@type\":\"WebPage\",\"@id\":\"https:\\\/\\\/www.bellunopress.it\\\/2025\\\/06\\\/17\\\/lavori-via-lambioi-e-ringraziamento\\\/\",\"url\":\"https:\\\/\\\/www.bellunopress.it\\\/2025\\\/06\\\/17\\\/lavori-via-lambioi-e-ringraziamento\\\/\",\"name\":\"Lavori via Lambioi e ringraziamento - Bellunopress - Dolomiti\",\"isPartOf\":{\"@id\":\"https:\\\/\\\/www.bellunopress.it\\\/#website\"},\"primaryImageOfPage\":{\"@id\":\"https:\\\/\\\/www.bellunopress.it\\\/2025\\\/06\\\/17\\\/lavori-via-lambioi-e-ringraziamento\\\/#primaryimage\"},\"image\":{\"@id\":\"https:\\\/\\\/www.bellunopress.it\\\/2025\\\/06\\\/17\\\/lavori-via-lambioi-e-ringraziamento\\\/#primaryimage\"},\"thumbnailUrl\":\"https:\\\/\\\/www.bellunopress.it\\\/wp-content\\\/uploads\\\/2021\\\/04\\\/lettera-mail_edited.jpg\",\"datePublished\":\"2025-06-17T11:19:41+00:00\",\"breadcrumb\":{\"@id\":\"https:\\\/\\\/www.bellunopress.it\\\/2025\\\/06\\\/17\\\/lavori-via-lambioi-e-ringraziamento\\\/#breadcrumb\"},\"inLanguage\":\"fr-FR\",\"potentialAction\":[{\"@type\":\"ReadAction\",\"target\":[\"https:\\\/\\\/www.bellunopress.it\\\/2025\\\/06\\\/17\\\/lavori-via-lambioi-e-ringraziamento\\\/\"]}]},{\"@type\":\"ImageObject\",\"inLanguage\":\"fr-FR\",\"@id\":\"https:\\\/\\\/www.bellunopress.it\\\/2025\\\/06\\\/17\\\/lavori-via-lambioi-e-ringraziamento\\\/#primaryimage\",\"url\":\"https:\\\/\\\/www.bellunopress.it\\\/wp-content\\\/uploads\\\/2021\\\/04\\\/lettera-mail_edited.jpg\",\"contentUrl\":\"https:\\\/\\\/www.bellunopress.it\\\/wp-content\\\/uploads\\\/2021\\\/04\\\/lettera-mail_edited.jpg\",\"width\":962,\"height\":1000},{\"@type\":\"BreadcrumbList\",\"@id\":\"https:\\\/\\\/www.bellunopress.it\\\/2025\\\/06\\\/17\\\/lavori-via-lambioi-e-ringraziamento\\\/#breadcrumb\",\"itemListElement\":[{\"@type\":\"ListItem\",\"position\":1,\"name\":\"Home\",\"item\":\"https:\\\/\\\/www.bellunopress.it\\\/\"},{\"@type\":\"ListItem\",\"position\":2,\"name\":\"Lavori via Lambioi e ringraziamento\"}]},{\"@type\":\"WebSite\",\"@id\":\"https:\\\/\\\/www.bellunopress.it\\\/#website\",\"url\":\"https:\\\/\\\/www.bellunopress.it\\\/\",\"name\":\"Bellunopress - Dolomiti\",\"description\":\"e-mail: redazione@bellunopress.it\",\"publisher\":{\"@id\":\"https:\\\/\\\/www.bellunopress.it\\\/#organization\"},\"potentialAction\":[{\"@type\":\"SearchAction\",\"target\":{\"@type\":\"EntryPoint\",\"urlTemplate\":\"https:\\\/\\\/www.bellunopress.it\\\/?s={search_term_string}\"},\"query-input\":{\"@type\":\"PropertyValueSpecification\",\"valueRequired\":true,\"valueName\":\"search_term_string\"}}],\"inLanguage\":\"fr-FR\"},{\"@type\":\"Organization\",\"@id\":\"https:\\\/\\\/www.bellunopress.it\\\/#organization\",\"name\":\"Bellunopress\",\"url\":\"https:\\\/\\\/www.bellunopress.it\\\/\",\"logo\":{\"@type\":\"ImageObject\",\"inLanguage\":\"fr-FR\",\"@id\":\"https:\\\/\\\/www.bellunopress.it\\\/#\\\/schema\\\/logo\\\/image\\\/\",\"url\":\"https:\\\/\\\/www.bellunopress.it\\\/wp-content\\\/uploads\\\/2011\\\/05\\\/cropped-logo-bellunopress-.jpg\",\"contentUrl\":\"https:\\\/\\\/www.bellunopress.it\\\/wp-content\\\/uploads\\\/2011\\\/05\\\/cropped-logo-bellunopress-.jpg\",\"width\":512,\"height\":512,\"caption\":\"Bellunopress\"},\"image\":{\"@id\":\"https:\\\/\\\/www.bellunopress.it\\\/#\\\/schema\\\/logo\\\/image\\\/\"},\"sameAs\":[\"https:\\\/\\\/www.facebook.com\\\/profile.php?id=100008943462799\",\"https:\\\/\\\/x.com\\\/bellunopress\",\"https:\\\/\\\/www.linkedin.com\\\/hp\\\/?dnr=JBzUWaJfMUw8vbXJJ2tVW5-I3jZKvC4wsoxE&amp;amp;amp;amp;amp;amp;trk=nav_responsive_tab_home\",\"https:\\\/\\\/www.youtube.com\\\/channel\\\/UCxL0wu1uN0_3_7hGG0306cw\"]},{\"@type\":\"Person\",\"@id\":\"https:\\\/\\\/www.bellunopress.it\\\/#\\\/schema\\\/person\\\/79bb06722b37ece1c03d3e94beb30d73\",\"name\":\"redazione\",\"image\":{\"@type\":\"ImageObject\",\"inLanguage\":\"fr-FR\",\"@id\":\"https:\\\/\\\/secure.gravatar.com\\\/avatar\\\/37d968a2e67a6fd04c169c4bdef102d0bc5d31b2546345219e348575eb80e9a0?s=96&d=mm&r=g\",\"url\":\"https:\\\/\\\/secure.gravatar.com\\\/avatar\\\/37d968a2e67a6fd04c169c4bdef102d0bc5d31b2546345219e348575eb80e9a0?s=96&d=mm&r=g\",\"contentUrl\":\"https:\\\/\\\/secure.gravatar.com\\\/avatar\\\/37d968a2e67a6fd04c169c4bdef102d0bc5d31b2546345219e348575eb80e9a0?s=96&d=mm&r=g\",\"caption\":\"redazione\"},\"sameAs\":[\"http:\\\/\\\/www.bellunopress.it\",\"https:\\\/\\\/x.com\\\/bellunopress\"],\"url\":\"https:\\\/\\\/www.bellunopress.it\\\/fr\\\/author\\\/redazione\\\/\"}]}<\/script>\n<!-- \/ Yoast SEO plugin. -->","yoast_head_json":{"title":"Lavori via Lambioi e ringraziamento - Bellunopress - Dolomiti","robots":{"index":"index","follow":"follow","max-snippet":"max-snippet:-1","max-image-preview":"max-image-preview:large","max-video-preview":"max-video-preview:-1"},"canonical":"https:\/\/www.bellunopress.it\/fr\/2025\/06\/17\/lavori-via-lambioi-e-ringraziamento\/","og_locale":"fr_FR","og_type":"article","og_title":"Lavori via Lambioi e ringraziamento - Bellunopress - Dolomiti","og_description":"Belluno, 17 giugno 2025 &#8211; Scrivo questa mail per sperare di ottenere dagli organi ufficiali preposti le informazioni relative alla situazione dei lavori in Via Lambioi, dove abito, poich\u00e9 ad oggi lamento la quasi totale mancanza di comunicazioni da parte del Comune in merito allo stato di avanzamento degli scavi e della successiva pavimentazione della [&hellip;]","og_url":"https:\/\/www.bellunopress.it\/fr\/2025\/06\/17\/lavori-via-lambioi-e-ringraziamento\/","og_site_name":"Bellunopress - Dolomiti","article_publisher":"https:\/\/www.facebook.com\/profile.php?id=100008943462799","article_published_time":"2025-06-17T11:19:41+00:00","og_image":[{"width":962,"height":1000,"url":"https:\/\/www.bellunopress.it\/wp-content\/uploads\/2021\/04\/lettera-mail_edited.jpg","type":"image\/jpeg"}],"author":"redazione","twitter_card":"summary_large_image","twitter_creator":"@bellunopress","twitter_site":"@bellunopress","twitter_misc":{"\u00c9crit par":"redazione","Dur\u00e9e de lecture estim\u00e9e":"2 minutes"},"schema":{"@context":"https:\/\/schema.org","@graph":[{"@type":"Article","@id":"https:\/\/www.bellunopress.it\/2025\/06\/17\/lavori-via-lambioi-e-ringraziamento\/#article","isPartOf":{"@id":"https:\/\/www.bellunopress.it\/2025\/06\/17\/lavori-via-lambioi-e-ringraziamento\/"},"author":{"name":"redazione","@id":"https:\/\/www.bellunopress.it\/#\/schema\/person\/79bb06722b37ece1c03d3e94beb30d73"},"headline":"Lavori via Lambioi e ringraziamento","datePublished":"2025-06-17T11:19:41+00:00","mainEntityOfPage":{"@id":"https:\/\/www.bellunopress.it\/2025\/06\/17\/lavori-via-lambioi-e-ringraziamento\/"},"wordCount":459,"publisher":{"@id":"https:\/\/www.bellunopress.it\/#organization"},"image":{"@id":"https:\/\/www.bellunopress.it\/2025\/06\/17\/lavori-via-lambioi-e-ringraziamento\/#primaryimage"},"thumbnailUrl":"https:\/\/www.bellunopress.it\/wp-content\/uploads\/2021\/04\/lettera-mail_edited.jpg","articleSection":["Lettere Opinioni","Prima Pagina"],"inLanguage":"fr-FR"},{"@type":"WebPage","@id":"https:\/\/www.bellunopress.it\/2025\/06\/17\/lavori-via-lambioi-e-ringraziamento\/","url":"https:\/\/www.bellunopress.it\/2025\/06\/17\/lavori-via-lambioi-e-ringraziamento\/","name":"Lavori via Lambioi e ringraziamento - Bellunopress - Dolomiti","isPartOf":{"@id":"https:\/\/www.bellunopress.it\/#website"},"primaryImageOfPage":{"@id":"https:\/\/www.bellunopress.it\/2025\/06\/17\/lavori-via-lambioi-e-ringraziamento\/#primaryimage"},"image":{"@id":"https:\/\/www.bellunopress.it\/2025\/06\/17\/lavori-via-lambioi-e-ringraziamento\/#primaryimage"},"thumbnailUrl":"https:\/\/www.bellunopress.it\/wp-content\/uploads\/2021\/04\/lettera-mail_edited.jpg","datePublished":"2025-06-17T11:19:41+00:00","breadcrumb":{"@id":"https:\/\/www.bellunopress.it\/2025\/06\/17\/lavori-via-lambioi-e-ringraziamento\/#breadcrumb"},"inLanguage":"fr-FR","potentialAction":[{"@type":"ReadAction","target":["https:\/\/www.bellunopress.it\/2025\/06\/17\/lavori-via-lambioi-e-ringraziamento\/"]}]},{"@type":"ImageObject","inLanguage":"fr-FR","@id":"https:\/\/www.bellunopress.it\/2025\/06\/17\/lavori-via-lambioi-e-ringraziamento\/#primaryimage","url":"https:\/\/www.bellunopress.it\/wp-content\/uploads\/2021\/04\/lettera-mail_edited.jpg","contentUrl":"https:\/\/www.bellunopress.it\/wp-content\/uploads\/2021\/04\/lettera-mail_edited.jpg","width":962,"height":1000},{"@type":"BreadcrumbList","@id":"https:\/\/www.bellunopress.it\/2025\/06\/17\/lavori-via-lambioi-e-ringraziamento\/#breadcrumb","itemListElement":[{"@type":"ListItem","position":1,"name":"Home","item":"https:\/\/www.bellunopress.it\/"},{"@type":"ListItem","position":2,"name":"Lavori via Lambioi e ringraziamento"}]},{"@type":"WebSite","@id":"https:\/\/www.bellunopress.it\/#website","url":"https:\/\/www.bellunopress.it\/","name":"Bellunopress - Dolomiti","description":"e-mail: redazione@bellunopress.it","publisher":{"@id":"https:\/\/www.bellunopress.it\/#organization"},"potentialAction":[{"@type":"SearchAction","target":{"@type":"EntryPoint","urlTemplate":"https:\/\/www.bellunopress.it\/?s={search_term_string}"},"query-input":{"@type":"PropertyValueSpecification","valueRequired":true,"valueName":"search_term_string"}}],"inLanguage":"fr-FR"},{"@type":"Organization","@id":"https:\/\/www.bellunopress.it\/#organization","name":"Bellunopress","url":"https:\/\/www.bellunopress.it\/","logo":{"@type":"ImageObject","inLanguage":"fr-FR","@id":"https:\/\/www.bellunopress.it\/#\/schema\/logo\/image\/","url":"https:\/\/www.bellunopress.it\/wp-content\/uploads\/2011\/05\/cropped-logo-bellunopress-.jpg","contentUrl":"https:\/\/www.bellunopress.it\/wp-content\/uploads\/2011\/05\/cropped-logo-bellunopress-.jpg","width":512,"height":512,"caption":"Bellunopress"},"image":{"@id":"https:\/\/www.bellunopress.it\/#\/schema\/logo\/image\/"},"sameAs":["https:\/\/www.facebook.com\/profile.php?id=100008943462799","https:\/\/x.com\/bellunopress","https:\/\/www.linkedin.com\/hp\/?dnr=JBzUWaJfMUw8vbXJJ2tVW5-I3jZKvC4wsoxE&amp;amp;amp;amp;amp;amp;trk=nav_responsive_tab_home","https:\/\/www.youtube.com\/channel\/UCxL0wu1uN0_3_7hGG0306cw"]},{"@type":"Person","@id":"https:\/\/www.bellunopress.it\/#\/schema\/person\/79bb06722b37ece1c03d3e94beb30d73","name":"r\u00e9daction","image":{"@type":"ImageObject","inLanguage":"fr-FR","@id":"https:\/\/secure.gravatar.com\/avatar\/37d968a2e67a6fd04c169c4bdef102d0bc5d31b2546345219e348575eb80e9a0?s=96&d=mm&r=g","url":"https:\/\/secure.gravatar.com\/avatar\/37d968a2e67a6fd04c169c4bdef102d0bc5d31b2546345219e348575eb80e9a0?s=96&d=mm&r=g","contentUrl":"https:\/\/secure.gravatar.com\/avatar\/37d968a2e67a6fd04c169c4bdef102d0bc5d31b2546345219e348575eb80e9a0?s=96&d=mm&r=g","caption":"redazione"},"sameAs":["http:\/\/www.bellunopress.it","https:\/\/x.com\/bellunopress"],"url":"https:\/\/www.bellunopress.it\/fr\/author\/redazione\/"}]}},"_links":{"self":[{"href":"https:\/\/www.bellunopress.it\/fr\/wp-json\/wp\/v2\/posts\/161058","targetHints":{"allow":["GET"]}}],"collection":[{"href":"https:\/\/www.bellunopress.it\/fr\/wp-json\/wp\/v2\/posts"}],"about":[{"href":"https:\/\/www.bellunopress.it\/fr\/wp-json\/wp\/v2\/types\/post"}],"author":[{"embeddable":true,"href":"https:\/\/www.bellunopress.it\/fr\/wp-json\/wp\/v2\/users\/2"}],"replies":[{"embeddable":true,"href":"https:\/\/www.bellunopress.it\/fr\/wp-json\/wp\/v2\/comments?post=161058"}],"version-history":[{"count":1,"href":"https:\/\/www.bellunopress.it\/fr\/wp-json\/wp\/v2\/posts\/161058\/revisions"}],"predecessor-version":[{"id":161059,"href":"https:\/\/www.bellunopress.it\/fr\/wp-json\/wp\/v2\/posts\/161058\/revisions\/161059"}],"wp:featuredmedia":[{"embeddable":true,"href":"https:\/\/www.bellunopress.it\/fr\/wp-json\/wp\/v2\/media\/123649"}],"wp:attachment":[{"href":"https:\/\/www.bellunopress.it\/fr\/wp-json\/wp\/v2\/media?parent=161058"}],"wp:term":[{"taxonomy":"category","embeddable":true,"href":"https:\/\/www.bellunopress.it\/fr\/wp-json\/wp\/v2\/categories?post=161058"},{"taxonomy":"post_tag","embeddable":true,"href":"https:\/\/www.bellunopress.it\/fr\/wp-json\/wp\/v2\/tags?post=161058"}],"curies":[{"name":"wp","href":"https:\/\/api.w.org\/{rel}","templated":true}]}}