{"id":161011,"date":"2025-06-16T10:36:45","date_gmt":"2025-06-16T08:36:45","guid":{"rendered":"https:\/\/www.bellunopress.it\/?p=161011"},"modified":"2025-06-16T10:36:45","modified_gmt":"2025-06-16T08:36:45","slug":"trail-dei-maghe-di-lorenzago-gabriele-del-longo-e-francesca-di-sopra-davanti-a-tutti","status":"publish","type":"post","link":"https:\/\/www.bellunopress.it\/fr\/2025\/06\/16\/trail-dei-maghe-di-lorenzago-gabriele-del-longo-e-francesca-di-sopra-davanti-a-tutti\/","title":{"rendered":"Trail dei Maghe di Lorenzago: Gabriele Del Longo e Francesca Di Sopra davanti a tutti"},"content":{"rendered":"<p><strong><img loading=\"lazy\" decoding=\"async\" class=\"aligncenter size-full wp-image-161012\" src=\"https:\/\/www.bellunopress.it\/wp-content\/uploads\/2025\/06\/Trail-dei-Maghe-Lorenzago.jpg\" alt=\"\" width=\"1000\" height=\"625\" srcset=\"https:\/\/www.bellunopress.it\/wp-content\/uploads\/2025\/06\/Trail-dei-Maghe-Lorenzago.jpg 1000w, https:\/\/www.bellunopress.it\/wp-content\/uploads\/2025\/06\/Trail-dei-Maghe-Lorenzago-500x313.jpg 500w, https:\/\/www.bellunopress.it\/wp-content\/uploads\/2025\/06\/Trail-dei-Maghe-Lorenzago-672x420.jpg 672w, https:\/\/www.bellunopress.it\/wp-content\/uploads\/2025\/06\/Trail-dei-Maghe-Lorenzago-696x435.jpg 696w\" sizes=\"auto, (max-width: 1000px) 100vw, 1000px\" \/>Spettacolo sui sentieri di Lorenzago di Cadore con oltre 300 concorrenti, Del Longo e Di Sopra s&#8217;impongono nella distanza regina<\/strong><\/p>\n<p>Lorenzago di Cadore, 15 giugno. La carica dei 320 maghi invade strade e boschi di Lorenzago. \u00c8 uno spettacolo la seconda edizione del Trail dei Maghe, sotto tutti i punti di vista: partecipazione, competitivit\u00e0 e tanta festa, per una giornata di sport ed emozioni.<\/p>\n<p>A dominare la 18 km maschile \u00e8 Gabriele Del Longo, gi\u00e0 vincitore lo scorso anno e capace di bissare il successo abbassando il suo personale a 1h21&#8217;24&#8221;. Pi\u00f9 staccati gli altri, con la seconda posizione che va all&#8217;acclamato atleta di casa, Dylan De Michiel, in 1h25&#8217;02&#8221;. Terza piazza infine per Francesco Tittonel della Vittorio Atletica.<\/p>\n<p>Scintille e colpi di scena al femminile. Alla fine la spunta Francesca Di Sopra (1h41&#8217;43&#8221;), protagonista di un duello fino agli ultimi metri con Martina De Silvestro, vincitrice della prima edizione in terra lorenzaghese. Nella prima parte di gara anche Cecilia De Filippo ci aveva provato, salvo poi perdere terreno e concludere in terza piazza.<\/p>\n<p>L&#8217;evento ha previsto anche una gara non competitiva di 9 km dove hanno fatto segnare il miglior tempo Marco Zandon\u00e0 e Michela Maddalin. Una 40ina i giovani &#8220;maghetti&#8221; che hanno corso sul tracciato dei 3 km divisi nelle varie categorie.<\/p>\n<p>A Lorenzago si \u00e8 svolta anche la seconda ed ultima prova della speciale classifica combinata con il Trail de le Longane di Lozzo dove a primeggiare sono stati Dylan De Michiel e Cecilia De Filippo.<\/p>\n<p>A questo link tutte le classifiche: https:\/\/www.dtiming.it\/results\/traildeimaghe25<\/p>","protected":false},"excerpt":{"rendered":"<p>Spettacolo sui sentieri di Lorenzago di Cadore con oltre 300 concorrenti, Del Longo e Di Sopra s&#8217;impongono nella distanza regina Lorenzago di Cadore, 15 giugno. La carica dei 320 maghi invade strade e boschi di Lorenzago. \u00c8 uno spettacolo la seconda edizione del Trail dei Maghe, sotto tutti i punti di vista: partecipazione, competitivit\u00e0 e [&hellip;]<\/p>\n","protected":false},"author":2,"featured_media":161012,"comment_status":"closed","ping_status":"open","sticky":false,"template":"","format":"standard","meta":{"footnotes":""},"categories":[4],"tags":[],"class_list":["post-161011","post","type-post","status-publish","format-standard","has-post-thumbnail","category-sport"],"yoast_head":"<!-- This site is optimized with the Yoast SEO plugin v28.4 - https:\/\/yoast.com\/product\/yoast-seo-wordpress\/ -->\n<title>Trail dei Maghe di Lorenzago: Gabriele Del Longo e Francesca Di Sopra davanti a tutti - Bellunopress - Dolomiti<\/title>\n<meta name=\"robots\" content=\"index, follow, max-snippet:-1, max-image-preview:large, max-video-preview:-1\" \/>\n<link rel=\"canonical\" href=\"https:\/\/www.bellunopress.it\/fr\/2025\/06\/16\/trail-dei-maghe-di-lorenzago-gabriele-del-longo-e-francesca-di-sopra-davanti-a-tutti\/\" \/>\n<meta property=\"og:locale\" content=\"fr_FR\" \/>\n<meta property=\"og:type\" content=\"article\" \/>\n<meta property=\"og:title\" content=\"Trail dei Maghe di Lorenzago: Gabriele Del Longo e Francesca Di Sopra davanti a tutti - Bellunopress - Dolomiti\" \/>\n<meta property=\"og:description\" content=\"Spettacolo sui sentieri di Lorenzago di Cadore con oltre 300 concorrenti, Del Longo e Di Sopra s&#8217;impongono nella distanza regina Lorenzago di Cadore, 15 giugno. La carica dei 320 maghi invade strade e boschi di Lorenzago. \u00c8 uno spettacolo la seconda edizione del Trail dei Maghe, sotto tutti i punti di vista: partecipazione, competitivit\u00e0 e [&hellip;]\" \/>\n<meta property=\"og:url\" content=\"https:\/\/www.bellunopress.it\/fr\/2025\/06\/16\/trail-dei-maghe-di-lorenzago-gabriele-del-longo-e-francesca-di-sopra-davanti-a-tutti\/\" \/>\n<meta property=\"og:site_name\" content=\"Bellunopress - Dolomiti\" \/>\n<meta property=\"article:publisher\" content=\"https:\/\/www.facebook.com\/profile.php?id=100008943462799\" \/>\n<meta property=\"article:published_time\" content=\"2025-06-16T08:36:45+00:00\" \/>\n<meta property=\"og:image\" content=\"https:\/\/www.bellunopress.it\/wp-content\/uploads\/2025\/06\/Trail-dei-Maghe-Lorenzago.jpg\" \/>\n\t<meta property=\"og:image:width\" content=\"1000\" \/>\n\t<meta property=\"og:image:height\" content=\"625\" \/>\n\t<meta property=\"og:image:type\" content=\"image\/jpeg\" \/>\n<meta name=\"author\" content=\"redazione\" \/>\n<meta name=\"twitter:card\" content=\"summary_large_image\" \/>\n<meta name=\"twitter:creator\" content=\"@bellunopress\" \/>\n<meta name=\"twitter:site\" content=\"@bellunopress\" \/>\n<meta name=\"twitter:label1\" content=\"Written by\" \/>\n\t<meta name=\"twitter:data1\" content=\"redazione\" \/>\n\t<meta name=\"twitter:label2\" content=\"Est. reading time\" \/>\n\t<meta name=\"twitter:data2\" content=\"1 minute\" \/>\n<script type=\"application\/ld+json\" class=\"yoast-schema-graph\">{\"@context\":\"https:\\\/\\\/schema.org\",\"@graph\":[{\"@type\":\"Article\",\"@id\":\"https:\\\/\\\/www.bellunopress.it\\\/2025\\\/06\\\/16\\\/trail-dei-maghe-di-lorenzago-gabriele-del-longo-e-francesca-di-sopra-davanti-a-tutti\\\/#article\",\"isPartOf\":{\"@id\":\"https:\\\/\\\/www.bellunopress.it\\\/2025\\\/06\\\/16\\\/trail-dei-maghe-di-lorenzago-gabriele-del-longo-e-francesca-di-sopra-davanti-a-tutti\\\/\"},\"author\":{\"name\":\"redazione\",\"@id\":\"https:\\\/\\\/www.bellunopress.it\\\/#\\\/schema\\\/person\\\/79bb06722b37ece1c03d3e94beb30d73\"},\"headline\":\"Trail dei Maghe di Lorenzago: Gabriele Del Longo e Francesca Di Sopra davanti a tutti\",\"datePublished\":\"2025-06-16T08:36:45+00:00\",\"mainEntityOfPage\":{\"@id\":\"https:\\\/\\\/www.bellunopress.it\\\/2025\\\/06\\\/16\\\/trail-dei-maghe-di-lorenzago-gabriele-del-longo-e-francesca-di-sopra-davanti-a-tutti\\\/\"},\"wordCount\":270,\"publisher\":{\"@id\":\"https:\\\/\\\/www.bellunopress.it\\\/#organization\"},\"image\":{\"@id\":\"https:\\\/\\\/www.bellunopress.it\\\/2025\\\/06\\\/16\\\/trail-dei-maghe-di-lorenzago-gabriele-del-longo-e-francesca-di-sopra-davanti-a-tutti\\\/#primaryimage\"},\"thumbnailUrl\":\"https:\\\/\\\/www.bellunopress.it\\\/wp-content\\\/uploads\\\/2025\\\/06\\\/Trail-dei-Maghe-Lorenzago.jpg\",\"articleSection\":[\"Sport, tempo libero\"],\"inLanguage\":\"fr-FR\"},{\"@type\":\"WebPage\",\"@id\":\"https:\\\/\\\/www.bellunopress.it\\\/2025\\\/06\\\/16\\\/trail-dei-maghe-di-lorenzago-gabriele-del-longo-e-francesca-di-sopra-davanti-a-tutti\\\/\",\"url\":\"https:\\\/\\\/www.bellunopress.it\\\/2025\\\/06\\\/16\\\/trail-dei-maghe-di-lorenzago-gabriele-del-longo-e-francesca-di-sopra-davanti-a-tutti\\\/\",\"name\":\"Trail dei Maghe di Lorenzago: Gabriele Del Longo e Francesca Di Sopra davanti a tutti - Bellunopress - Dolomiti\",\"isPartOf\":{\"@id\":\"https:\\\/\\\/www.bellunopress.it\\\/#website\"},\"primaryImageOfPage\":{\"@id\":\"https:\\\/\\\/www.bellunopress.it\\\/2025\\\/06\\\/16\\\/trail-dei-maghe-di-lorenzago-gabriele-del-longo-e-francesca-di-sopra-davanti-a-tutti\\\/#primaryimage\"},\"image\":{\"@id\":\"https:\\\/\\\/www.bellunopress.it\\\/2025\\\/06\\\/16\\\/trail-dei-maghe-di-lorenzago-gabriele-del-longo-e-francesca-di-sopra-davanti-a-tutti\\\/#primaryimage\"},\"thumbnailUrl\":\"https:\\\/\\\/www.bellunopress.it\\\/wp-content\\\/uploads\\\/2025\\\/06\\\/Trail-dei-Maghe-Lorenzago.jpg\",\"datePublished\":\"2025-06-16T08:36:45+00:00\",\"breadcrumb\":{\"@id\":\"https:\\\/\\\/www.bellunopress.it\\\/2025\\\/06\\\/16\\\/trail-dei-maghe-di-lorenzago-gabriele-del-longo-e-francesca-di-sopra-davanti-a-tutti\\\/#breadcrumb\"},\"inLanguage\":\"fr-FR\",\"potentialAction\":[{\"@type\":\"ReadAction\",\"target\":[\"https:\\\/\\\/www.bellunopress.it\\\/2025\\\/06\\\/16\\\/trail-dei-maghe-di-lorenzago-gabriele-del-longo-e-francesca-di-sopra-davanti-a-tutti\\\/\"]}]},{\"@type\":\"ImageObject\",\"inLanguage\":\"fr-FR\",\"@id\":\"https:\\\/\\\/www.bellunopress.it\\\/2025\\\/06\\\/16\\\/trail-dei-maghe-di-lorenzago-gabriele-del-longo-e-francesca-di-sopra-davanti-a-tutti\\\/#primaryimage\",\"url\":\"https:\\\/\\\/www.bellunopress.it\\\/wp-content\\\/uploads\\\/2025\\\/06\\\/Trail-dei-Maghe-Lorenzago.jpg\",\"contentUrl\":\"https:\\\/\\\/www.bellunopress.it\\\/wp-content\\\/uploads\\\/2025\\\/06\\\/Trail-dei-Maghe-Lorenzago.jpg\",\"width\":1000,\"height\":625},{\"@type\":\"BreadcrumbList\",\"@id\":\"https:\\\/\\\/www.bellunopress.it\\\/2025\\\/06\\\/16\\\/trail-dei-maghe-di-lorenzago-gabriele-del-longo-e-francesca-di-sopra-davanti-a-tutti\\\/#breadcrumb\",\"itemListElement\":[{\"@type\":\"ListItem\",\"position\":1,\"name\":\"Home\",\"item\":\"https:\\\/\\\/www.bellunopress.it\\\/\"},{\"@type\":\"ListItem\",\"position\":2,\"name\":\"Trail dei Maghe di Lorenzago: Gabriele Del Longo e Francesca Di Sopra davanti a tutti\"}]},{\"@type\":\"WebSite\",\"@id\":\"https:\\\/\\\/www.bellunopress.it\\\/#website\",\"url\":\"https:\\\/\\\/www.bellunopress.it\\\/\",\"name\":\"Bellunopress - Dolomiti\",\"description\":\"e-mail: redazione@bellunopress.it\",\"publisher\":{\"@id\":\"https:\\\/\\\/www.bellunopress.it\\\/#organization\"},\"potentialAction\":[{\"@type\":\"SearchAction\",\"target\":{\"@type\":\"EntryPoint\",\"urlTemplate\":\"https:\\\/\\\/www.bellunopress.it\\\/?s={search_term_string}\"},\"query-input\":{\"@type\":\"PropertyValueSpecification\",\"valueRequired\":true,\"valueName\":\"search_term_string\"}}],\"inLanguage\":\"fr-FR\"},{\"@type\":\"Organization\",\"@id\":\"https:\\\/\\\/www.bellunopress.it\\\/#organization\",\"name\":\"Bellunopress\",\"url\":\"https:\\\/\\\/www.bellunopress.it\\\/\",\"logo\":{\"@type\":\"ImageObject\",\"inLanguage\":\"fr-FR\",\"@id\":\"https:\\\/\\\/www.bellunopress.it\\\/#\\\/schema\\\/logo\\\/image\\\/\",\"url\":\"https:\\\/\\\/www.bellunopress.it\\\/wp-content\\\/uploads\\\/2011\\\/05\\\/cropped-logo-bellunopress-.jpg\",\"contentUrl\":\"https:\\\/\\\/www.bellunopress.it\\\/wp-content\\\/uploads\\\/2011\\\/05\\\/cropped-logo-bellunopress-.jpg\",\"width\":512,\"height\":512,\"caption\":\"Bellunopress\"},\"image\":{\"@id\":\"https:\\\/\\\/www.bellunopress.it\\\/#\\\/schema\\\/logo\\\/image\\\/\"},\"sameAs\":[\"https:\\\/\\\/www.facebook.com\\\/profile.php?id=100008943462799\",\"https:\\\/\\\/x.com\\\/bellunopress\",\"https:\\\/\\\/www.linkedin.com\\\/hp\\\/?dnr=JBzUWaJfMUw8vbXJJ2tVW5-I3jZKvC4wsoxE&amp;amp;amp;amp;amp;amp;trk=nav_responsive_tab_home\",\"https:\\\/\\\/www.youtube.com\\\/channel\\\/UCxL0wu1uN0_3_7hGG0306cw\"]},{\"@type\":\"Person\",\"@id\":\"https:\\\/\\\/www.bellunopress.it\\\/#\\\/schema\\\/person\\\/79bb06722b37ece1c03d3e94beb30d73\",\"name\":\"redazione\",\"image\":{\"@type\":\"ImageObject\",\"inLanguage\":\"fr-FR\",\"@id\":\"https:\\\/\\\/secure.gravatar.com\\\/avatar\\\/37d968a2e67a6fd04c169c4bdef102d0bc5d31b2546345219e348575eb80e9a0?s=96&d=mm&r=g\",\"url\":\"https:\\\/\\\/secure.gravatar.com\\\/avatar\\\/37d968a2e67a6fd04c169c4bdef102d0bc5d31b2546345219e348575eb80e9a0?s=96&d=mm&r=g\",\"contentUrl\":\"https:\\\/\\\/secure.gravatar.com\\\/avatar\\\/37d968a2e67a6fd04c169c4bdef102d0bc5d31b2546345219e348575eb80e9a0?s=96&d=mm&r=g\",\"caption\":\"redazione\"},\"sameAs\":[\"http:\\\/\\\/www.bellunopress.it\",\"https:\\\/\\\/x.com\\\/bellunopress\"],\"url\":\"https:\\\/\\\/www.bellunopress.it\\\/fr\\\/author\\\/redazione\\\/\"}]}<\/script>\n<!-- \/ Yoast SEO plugin. -->","yoast_head_json":{"title":"Trail dei Maghe di Lorenzago: Gabriele Del Longo e Francesca Di Sopra davanti a tutti - Bellunopress - Dolomiti","robots":{"index":"index","follow":"follow","max-snippet":"max-snippet:-1","max-image-preview":"max-image-preview:large","max-video-preview":"max-video-preview:-1"},"canonical":"https:\/\/www.bellunopress.it\/fr\/2025\/06\/16\/trail-dei-maghe-di-lorenzago-gabriele-del-longo-e-francesca-di-sopra-davanti-a-tutti\/","og_locale":"fr_FR","og_type":"article","og_title":"Trail dei Maghe di Lorenzago: Gabriele Del Longo e Francesca Di Sopra davanti a tutti - Bellunopress - Dolomiti","og_description":"Spettacolo sui sentieri di Lorenzago di Cadore con oltre 300 concorrenti, Del Longo e Di Sopra s&#8217;impongono nella distanza regina Lorenzago di Cadore, 15 giugno. La carica dei 320 maghi invade strade e boschi di Lorenzago. \u00c8 uno spettacolo la seconda edizione del Trail dei Maghe, sotto tutti i punti di vista: partecipazione, competitivit\u00e0 e [&hellip;]","og_url":"https:\/\/www.bellunopress.it\/fr\/2025\/06\/16\/trail-dei-maghe-di-lorenzago-gabriele-del-longo-e-francesca-di-sopra-davanti-a-tutti\/","og_site_name":"Bellunopress - Dolomiti","article_publisher":"https:\/\/www.facebook.com\/profile.php?id=100008943462799","article_published_time":"2025-06-16T08:36:45+00:00","og_image":[{"width":1000,"height":625,"url":"https:\/\/www.bellunopress.it\/wp-content\/uploads\/2025\/06\/Trail-dei-Maghe-Lorenzago.jpg","type":"image\/jpeg"}],"author":"redazione","twitter_card":"summary_large_image","twitter_creator":"@bellunopress","twitter_site":"@bellunopress","twitter_misc":{"Written by":"redazione","Est. reading time":"1 minute"},"schema":{"@context":"https:\/\/schema.org","@graph":[{"@type":"Article","@id":"https:\/\/www.bellunopress.it\/2025\/06\/16\/trail-dei-maghe-di-lorenzago-gabriele-del-longo-e-francesca-di-sopra-davanti-a-tutti\/#article","isPartOf":{"@id":"https:\/\/www.bellunopress.it\/2025\/06\/16\/trail-dei-maghe-di-lorenzago-gabriele-del-longo-e-francesca-di-sopra-davanti-a-tutti\/"},"author":{"name":"redazione","@id":"https:\/\/www.bellunopress.it\/#\/schema\/person\/79bb06722b37ece1c03d3e94beb30d73"},"headline":"Trail dei Maghe di Lorenzago: Gabriele Del Longo e Francesca Di Sopra davanti a tutti","datePublished":"2025-06-16T08:36:45+00:00","mainEntityOfPage":{"@id":"https:\/\/www.bellunopress.it\/2025\/06\/16\/trail-dei-maghe-di-lorenzago-gabriele-del-longo-e-francesca-di-sopra-davanti-a-tutti\/"},"wordCount":270,"publisher":{"@id":"https:\/\/www.bellunopress.it\/#organization"},"image":{"@id":"https:\/\/www.bellunopress.it\/2025\/06\/16\/trail-dei-maghe-di-lorenzago-gabriele-del-longo-e-francesca-di-sopra-davanti-a-tutti\/#primaryimage"},"thumbnailUrl":"https:\/\/www.bellunopress.it\/wp-content\/uploads\/2025\/06\/Trail-dei-Maghe-Lorenzago.jpg","articleSection":["Sport, tempo libero"],"inLanguage":"fr-FR"},{"@type":"WebPage","@id":"https:\/\/www.bellunopress.it\/2025\/06\/16\/trail-dei-maghe-di-lorenzago-gabriele-del-longo-e-francesca-di-sopra-davanti-a-tutti\/","url":"https:\/\/www.bellunopress.it\/2025\/06\/16\/trail-dei-maghe-di-lorenzago-gabriele-del-longo-e-francesca-di-sopra-davanti-a-tutti\/","name":"Trail dei Maghe di Lorenzago: Gabriele Del Longo e Francesca Di Sopra davanti a tutti - Bellunopress - Dolomiti","isPartOf":{"@id":"https:\/\/www.bellunopress.it\/#website"},"primaryImageOfPage":{"@id":"https:\/\/www.bellunopress.it\/2025\/06\/16\/trail-dei-maghe-di-lorenzago-gabriele-del-longo-e-francesca-di-sopra-davanti-a-tutti\/#primaryimage"},"image":{"@id":"https:\/\/www.bellunopress.it\/2025\/06\/16\/trail-dei-maghe-di-lorenzago-gabriele-del-longo-e-francesca-di-sopra-davanti-a-tutti\/#primaryimage"},"thumbnailUrl":"https:\/\/www.bellunopress.it\/wp-content\/uploads\/2025\/06\/Trail-dei-Maghe-Lorenzago.jpg","datePublished":"2025-06-16T08:36:45+00:00","breadcrumb":{"@id":"https:\/\/www.bellunopress.it\/2025\/06\/16\/trail-dei-maghe-di-lorenzago-gabriele-del-longo-e-francesca-di-sopra-davanti-a-tutti\/#breadcrumb"},"inLanguage":"fr-FR","potentialAction":[{"@type":"ReadAction","target":["https:\/\/www.bellunopress.it\/2025\/06\/16\/trail-dei-maghe-di-lorenzago-gabriele-del-longo-e-francesca-di-sopra-davanti-a-tutti\/"]}]},{"@type":"ImageObject","inLanguage":"fr-FR","@id":"https:\/\/www.bellunopress.it\/2025\/06\/16\/trail-dei-maghe-di-lorenzago-gabriele-del-longo-e-francesca-di-sopra-davanti-a-tutti\/#primaryimage","url":"https:\/\/www.bellunopress.it\/wp-content\/uploads\/2025\/06\/Trail-dei-Maghe-Lorenzago.jpg","contentUrl":"https:\/\/www.bellunopress.it\/wp-content\/uploads\/2025\/06\/Trail-dei-Maghe-Lorenzago.jpg","width":1000,"height":625},{"@type":"BreadcrumbList","@id":"https:\/\/www.bellunopress.it\/2025\/06\/16\/trail-dei-maghe-di-lorenzago-gabriele-del-longo-e-francesca-di-sopra-davanti-a-tutti\/#breadcrumb","itemListElement":[{"@type":"ListItem","position":1,"name":"Home","item":"https:\/\/www.bellunopress.it\/"},{"@type":"ListItem","position":2,"name":"Trail dei Maghe di Lorenzago: Gabriele Del Longo e Francesca Di Sopra davanti a tutti"}]},{"@type":"WebSite","@id":"https:\/\/www.bellunopress.it\/#website","url":"https:\/\/www.bellunopress.it\/","name":"Bellunopress - Dolomiti","description":"e-mail: redazione@bellunopress.it","publisher":{"@id":"https:\/\/www.bellunopress.it\/#organization"},"potentialAction":[{"@type":"SearchAction","target":{"@type":"EntryPoint","urlTemplate":"https:\/\/www.bellunopress.it\/?s={search_term_string}"},"query-input":{"@type":"PropertyValueSpecification","valueRequired":true,"valueName":"search_term_string"}}],"inLanguage":"fr-FR"},{"@type":"Organization","@id":"https:\/\/www.bellunopress.it\/#organization","name":"Bellunopress","url":"https:\/\/www.bellunopress.it\/","logo":{"@type":"ImageObject","inLanguage":"fr-FR","@id":"https:\/\/www.bellunopress.it\/#\/schema\/logo\/image\/","url":"https:\/\/www.bellunopress.it\/wp-content\/uploads\/2011\/05\/cropped-logo-bellunopress-.jpg","contentUrl":"https:\/\/www.bellunopress.it\/wp-content\/uploads\/2011\/05\/cropped-logo-bellunopress-.jpg","width":512,"height":512,"caption":"Bellunopress"},"image":{"@id":"https:\/\/www.bellunopress.it\/#\/schema\/logo\/image\/"},"sameAs":["https:\/\/www.facebook.com\/profile.php?id=100008943462799","https:\/\/x.com\/bellunopress","https:\/\/www.linkedin.com\/hp\/?dnr=JBzUWaJfMUw8vbXJJ2tVW5-I3jZKvC4wsoxE&amp;amp;amp;amp;amp;amp;trk=nav_responsive_tab_home","https:\/\/www.youtube.com\/channel\/UCxL0wu1uN0_3_7hGG0306cw"]},{"@type":"Person","@id":"https:\/\/www.bellunopress.it\/#\/schema\/person\/79bb06722b37ece1c03d3e94beb30d73","name":"r\u00e9daction","image":{"@type":"ImageObject","inLanguage":"fr-FR","@id":"https:\/\/secure.gravatar.com\/avatar\/37d968a2e67a6fd04c169c4bdef102d0bc5d31b2546345219e348575eb80e9a0?s=96&d=mm&r=g","url":"https:\/\/secure.gravatar.com\/avatar\/37d968a2e67a6fd04c169c4bdef102d0bc5d31b2546345219e348575eb80e9a0?s=96&d=mm&r=g","contentUrl":"https:\/\/secure.gravatar.com\/avatar\/37d968a2e67a6fd04c169c4bdef102d0bc5d31b2546345219e348575eb80e9a0?s=96&d=mm&r=g","caption":"redazione"},"sameAs":["http:\/\/www.bellunopress.it","https:\/\/x.com\/bellunopress"],"url":"https:\/\/www.bellunopress.it\/fr\/author\/redazione\/"}]}},"_links":{"self":[{"href":"https:\/\/www.bellunopress.it\/fr\/wp-json\/wp\/v2\/posts\/161011","targetHints":{"allow":["GET"]}}],"collection":[{"href":"https:\/\/www.bellunopress.it\/fr\/wp-json\/wp\/v2\/posts"}],"about":[{"href":"https:\/\/www.bellunopress.it\/fr\/wp-json\/wp\/v2\/types\/post"}],"author":[{"embeddable":true,"href":"https:\/\/www.bellunopress.it\/fr\/wp-json\/wp\/v2\/users\/2"}],"replies":[{"embeddable":true,"href":"https:\/\/www.bellunopress.it\/fr\/wp-json\/wp\/v2\/comments?post=161011"}],"version-history":[{"count":1,"href":"https:\/\/www.bellunopress.it\/fr\/wp-json\/wp\/v2\/posts\/161011\/revisions"}],"predecessor-version":[{"id":161013,"href":"https:\/\/www.bellunopress.it\/fr\/wp-json\/wp\/v2\/posts\/161011\/revisions\/161013"}],"wp:featuredmedia":[{"embeddable":true,"href":"https:\/\/www.bellunopress.it\/fr\/wp-json\/wp\/v2\/media\/161012"}],"wp:attachment":[{"href":"https:\/\/www.bellunopress.it\/fr\/wp-json\/wp\/v2\/media?parent=161011"}],"wp:term":[{"taxonomy":"category","embeddable":true,"href":"https:\/\/www.bellunopress.it\/fr\/wp-json\/wp\/v2\/categories?post=161011"},{"taxonomy":"post_tag","embeddable":true,"href":"https:\/\/www.bellunopress.it\/fr\/wp-json\/wp\/v2\/tags?post=161011"}],"curies":[{"name":"wp","href":"https:\/\/api.w.org\/{rel}","templated":true}]}}