{"id":161008,"date":"2025-06-16T10:29:00","date_gmt":"2025-06-16T08:29:00","guid":{"rendered":"https:\/\/www.bellunopress.it\/?p=161008"},"modified":"2025-06-16T10:29:00","modified_gmt":"2025-06-16T08:29:00","slug":"i-sapori-del-nostro-territorio-venerdi-sera-in-nevegal-con-slowfood-belluno-feltre","status":"publish","type":"post","link":"https:\/\/www.bellunopress.it\/fr\/2025\/06\/16\/i-sapori-del-nostro-territorio-venerdi-sera-in-nevegal-con-slowfood-belluno-feltre\/","title":{"rendered":"I sapori del nostro territorio. Venerd\u00ec sera in Nevegal con SlowFood Belluno-Feltre"},"content":{"rendered":"<p><img loading=\"lazy\" decoding=\"async\" class=\"aligncenter size-full wp-image-161009\" src=\"https:\/\/www.bellunopress.it\/wp-content\/uploads\/2025\/06\/sapori-in-Nevegal_edited.jpg\" alt=\"\" width=\"735\" height=\"1000\" srcset=\"https:\/\/www.bellunopress.it\/wp-content\/uploads\/2025\/06\/sapori-in-Nevegal_edited.jpg 735w, https:\/\/www.bellunopress.it\/wp-content\/uploads\/2025\/06\/sapori-in-Nevegal_edited-368x500.jpg 368w, https:\/\/www.bellunopress.it\/wp-content\/uploads\/2025\/06\/sapori-in-Nevegal_edited-309x420.jpg 309w, https:\/\/www.bellunopress.it\/wp-content\/uploads\/2025\/06\/sapori-in-Nevegal_edited-696x947.jpg 696w\" sizes=\"auto, (max-width: 735px) 100vw, 735px\" \/>Venerd\u00ec 20 giugno alle ore 19:45, negli spazi del Fil\u00f2 in Nevegal (Piazzale Nevegal, 381), si terr\u00e0 una cena guidata alla scoperta dei sapori del nostro territorio.<\/p>\n<p>Dopo essere andati a conoscere tre cantine della Valbelluna, abbiamo selezionato alcuni vini tra quelli da loro prodotti; non vediamo l&#8217;ora di rendervi partecipi di una serata informativa in cui andremo ad esplorare le varie realt\u00e0, dal punto di vista geografico e produttivo, per terminare poi con una degustazione dei vari prodotti in abbinata a dei<br \/>\npiatti sapientemente preparati dai collaboratori del Colle.<\/p>\n<p>In degustazione ci saranno:<\/p>\n<p>Chardonnay e Pinot nero, Pavana, Bronner e Bianchetta, tutti prodotti da vitigni autoctoni o piantagioni della Valbelluna. Ogni bottiglia ha un etichetta che rappresenta non solo il vino, ma il produttore stesso. La serata sar\u00e0 guidata da appassionati del territorio e di vino che, con competenza e professionalit\u00e0, presenteranno i vari abbinamenti.<\/p>\n<p>Il tutto \u00e8 stato organizzato dal gruppo SlowFood Belluno-Feltre che da anni punta a rendere note le eccellenze che il territorio ha e che a volte non conosciamo e non sappiamo valorizzare. Il costo di partecipazione \u00e8 di 35\u20ac a persona, con sconto di 5\u20ac per soci<br \/>\nSlowFood e Fil\u00f2. La degustazione avr\u00e0 inizio alle ore 19:45. I posti sono limitati; le prenotazioni possono essere effettuate tramite messaggio Whatsapp al 3493790603 entro mercoled\u00ec sera.<\/p>","protected":false},"excerpt":{"rendered":"<p>Venerd\u00ec 20 giugno alle ore 19:45, negli spazi del Fil\u00f2 in Nevegal (Piazzale Nevegal, 381), si terr\u00e0 una cena guidata alla scoperta dei sapori del nostro territorio. Dopo essere andati a conoscere tre cantine della Valbelluna, abbiamo selezionato alcuni vini tra quelli da loro prodotti; non vediamo l&#8217;ora di rendervi partecipi di una serata informativa [&hellip;]<\/p>\n","protected":false},"author":2,"featured_media":161009,"comment_status":"closed","ping_status":"open","sticky":false,"template":"","format":"standard","meta":{"footnotes":""},"categories":[3393],"tags":[],"class_list":["post-161008","post","type-post","status-publish","format-standard","has-post-thumbnail","category-eventi-enogastronomici"],"yoast_head":"<!-- This site is optimized with the Yoast SEO plugin v28.4 - https:\/\/yoast.com\/product\/yoast-seo-wordpress\/ -->\n<title>I sapori del nostro territorio. Venerd\u00ec sera in Nevegal con SlowFood Belluno-Feltre - Bellunopress - Dolomiti<\/title>\n<meta name=\"robots\" content=\"index, follow, max-snippet:-1, max-image-preview:large, max-video-preview:-1\" \/>\n<link rel=\"canonical\" href=\"https:\/\/www.bellunopress.it\/fr\/2025\/06\/16\/i-sapori-del-nostro-territorio-venerdi-sera-in-nevegal-con-slowfood-belluno-feltre\/\" \/>\n<meta property=\"og:locale\" content=\"fr_FR\" \/>\n<meta property=\"og:type\" content=\"article\" \/>\n<meta property=\"og:title\" content=\"I sapori del nostro territorio. Venerd\u00ec sera in Nevegal con SlowFood Belluno-Feltre - Bellunopress - Dolomiti\" \/>\n<meta property=\"og:description\" content=\"Venerd\u00ec 20 giugno alle ore 19:45, negli spazi del Fil\u00f2 in Nevegal (Piazzale Nevegal, 381), si terr\u00e0 una cena guidata alla scoperta dei sapori del nostro territorio. Dopo essere andati a conoscere tre cantine della Valbelluna, abbiamo selezionato alcuni vini tra quelli da loro prodotti; non vediamo l&#8217;ora di rendervi partecipi di una serata informativa [&hellip;]\" \/>\n<meta property=\"og:url\" content=\"https:\/\/www.bellunopress.it\/fr\/2025\/06\/16\/i-sapori-del-nostro-territorio-venerdi-sera-in-nevegal-con-slowfood-belluno-feltre\/\" \/>\n<meta property=\"og:site_name\" content=\"Bellunopress - Dolomiti\" \/>\n<meta property=\"article:publisher\" content=\"https:\/\/www.facebook.com\/profile.php?id=100008943462799\" \/>\n<meta property=\"article:published_time\" content=\"2025-06-16T08:29:00+00:00\" \/>\n<meta property=\"og:image\" content=\"https:\/\/www.bellunopress.it\/wp-content\/uploads\/2025\/06\/sapori-in-Nevegal_edited.jpg\" \/>\n\t<meta property=\"og:image:width\" content=\"735\" \/>\n\t<meta property=\"og:image:height\" content=\"1000\" \/>\n\t<meta property=\"og:image:type\" content=\"image\/jpeg\" \/>\n<meta name=\"author\" content=\"redazione\" \/>\n<meta name=\"twitter:card\" content=\"summary_large_image\" \/>\n<meta name=\"twitter:creator\" content=\"@bellunopress\" \/>\n<meta name=\"twitter:site\" content=\"@bellunopress\" \/>\n<meta name=\"twitter:label1\" content=\"\u00c9crit par\" \/>\n\t<meta name=\"twitter:data1\" content=\"redazione\" \/>\n\t<meta name=\"twitter:label2\" content=\"Dur\u00e9e de lecture estim\u00e9e\" \/>\n\t<meta name=\"twitter:data2\" content=\"1 minute\" \/>\n<script type=\"application\/ld+json\" class=\"yoast-schema-graph\">{\"@context\":\"https:\\\/\\\/schema.org\",\"@graph\":[{\"@type\":\"Article\",\"@id\":\"https:\\\/\\\/www.bellunopress.it\\\/2025\\\/06\\\/16\\\/i-sapori-del-nostro-territorio-venerdi-sera-in-nevegal-con-slowfood-belluno-feltre\\\/#article\",\"isPartOf\":{\"@id\":\"https:\\\/\\\/www.bellunopress.it\\\/2025\\\/06\\\/16\\\/i-sapori-del-nostro-territorio-venerdi-sera-in-nevegal-con-slowfood-belluno-feltre\\\/\"},\"author\":{\"name\":\"redazione\",\"@id\":\"https:\\\/\\\/www.bellunopress.it\\\/#\\\/schema\\\/person\\\/79bb06722b37ece1c03d3e94beb30d73\"},\"headline\":\"I sapori del nostro territorio. Venerd\u00ec sera in Nevegal con SlowFood Belluno-Feltre\",\"datePublished\":\"2025-06-16T08:29:00+00:00\",\"mainEntityOfPage\":{\"@id\":\"https:\\\/\\\/www.bellunopress.it\\\/2025\\\/06\\\/16\\\/i-sapori-del-nostro-territorio-venerdi-sera-in-nevegal-con-slowfood-belluno-feltre\\\/\"},\"wordCount\":224,\"publisher\":{\"@id\":\"https:\\\/\\\/www.bellunopress.it\\\/#organization\"},\"image\":{\"@id\":\"https:\\\/\\\/www.bellunopress.it\\\/2025\\\/06\\\/16\\\/i-sapori-del-nostro-territorio-venerdi-sera-in-nevegal-con-slowfood-belluno-feltre\\\/#primaryimage\"},\"thumbnailUrl\":\"https:\\\/\\\/www.bellunopress.it\\\/wp-content\\\/uploads\\\/2025\\\/06\\\/sapori-in-Nevegal_edited.jpg\",\"articleSection\":[\"Eventi enogastronomici\"],\"inLanguage\":\"fr-FR\"},{\"@type\":\"WebPage\",\"@id\":\"https:\\\/\\\/www.bellunopress.it\\\/2025\\\/06\\\/16\\\/i-sapori-del-nostro-territorio-venerdi-sera-in-nevegal-con-slowfood-belluno-feltre\\\/\",\"url\":\"https:\\\/\\\/www.bellunopress.it\\\/2025\\\/06\\\/16\\\/i-sapori-del-nostro-territorio-venerdi-sera-in-nevegal-con-slowfood-belluno-feltre\\\/\",\"name\":\"I sapori del nostro territorio. Venerd\u00ec sera in Nevegal con SlowFood Belluno-Feltre - Bellunopress - Dolomiti\",\"isPartOf\":{\"@id\":\"https:\\\/\\\/www.bellunopress.it\\\/#website\"},\"primaryImageOfPage\":{\"@id\":\"https:\\\/\\\/www.bellunopress.it\\\/2025\\\/06\\\/16\\\/i-sapori-del-nostro-territorio-venerdi-sera-in-nevegal-con-slowfood-belluno-feltre\\\/#primaryimage\"},\"image\":{\"@id\":\"https:\\\/\\\/www.bellunopress.it\\\/2025\\\/06\\\/16\\\/i-sapori-del-nostro-territorio-venerdi-sera-in-nevegal-con-slowfood-belluno-feltre\\\/#primaryimage\"},\"thumbnailUrl\":\"https:\\\/\\\/www.bellunopress.it\\\/wp-content\\\/uploads\\\/2025\\\/06\\\/sapori-in-Nevegal_edited.jpg\",\"datePublished\":\"2025-06-16T08:29:00+00:00\",\"breadcrumb\":{\"@id\":\"https:\\\/\\\/www.bellunopress.it\\\/2025\\\/06\\\/16\\\/i-sapori-del-nostro-territorio-venerdi-sera-in-nevegal-con-slowfood-belluno-feltre\\\/#breadcrumb\"},\"inLanguage\":\"fr-FR\",\"potentialAction\":[{\"@type\":\"ReadAction\",\"target\":[\"https:\\\/\\\/www.bellunopress.it\\\/2025\\\/06\\\/16\\\/i-sapori-del-nostro-territorio-venerdi-sera-in-nevegal-con-slowfood-belluno-feltre\\\/\"]}]},{\"@type\":\"ImageObject\",\"inLanguage\":\"fr-FR\",\"@id\":\"https:\\\/\\\/www.bellunopress.it\\\/2025\\\/06\\\/16\\\/i-sapori-del-nostro-territorio-venerdi-sera-in-nevegal-con-slowfood-belluno-feltre\\\/#primaryimage\",\"url\":\"https:\\\/\\\/www.bellunopress.it\\\/wp-content\\\/uploads\\\/2025\\\/06\\\/sapori-in-Nevegal_edited.jpg\",\"contentUrl\":\"https:\\\/\\\/www.bellunopress.it\\\/wp-content\\\/uploads\\\/2025\\\/06\\\/sapori-in-Nevegal_edited.jpg\",\"width\":735,\"height\":1000},{\"@type\":\"BreadcrumbList\",\"@id\":\"https:\\\/\\\/www.bellunopress.it\\\/2025\\\/06\\\/16\\\/i-sapori-del-nostro-territorio-venerdi-sera-in-nevegal-con-slowfood-belluno-feltre\\\/#breadcrumb\",\"itemListElement\":[{\"@type\":\"ListItem\",\"position\":1,\"name\":\"Home\",\"item\":\"https:\\\/\\\/www.bellunopress.it\\\/\"},{\"@type\":\"ListItem\",\"position\":2,\"name\":\"I sapori del nostro territorio. Venerd\u00ec sera in Nevegal con SlowFood Belluno-Feltre\"}]},{\"@type\":\"WebSite\",\"@id\":\"https:\\\/\\\/www.bellunopress.it\\\/#website\",\"url\":\"https:\\\/\\\/www.bellunopress.it\\\/\",\"name\":\"Bellunopress - Dolomiti\",\"description\":\"e-mail: redazione@bellunopress.it\",\"publisher\":{\"@id\":\"https:\\\/\\\/www.bellunopress.it\\\/#organization\"},\"potentialAction\":[{\"@type\":\"SearchAction\",\"target\":{\"@type\":\"EntryPoint\",\"urlTemplate\":\"https:\\\/\\\/www.bellunopress.it\\\/?s={search_term_string}\"},\"query-input\":{\"@type\":\"PropertyValueSpecification\",\"valueRequired\":true,\"valueName\":\"search_term_string\"}}],\"inLanguage\":\"fr-FR\"},{\"@type\":\"Organization\",\"@id\":\"https:\\\/\\\/www.bellunopress.it\\\/#organization\",\"name\":\"Bellunopress\",\"url\":\"https:\\\/\\\/www.bellunopress.it\\\/\",\"logo\":{\"@type\":\"ImageObject\",\"inLanguage\":\"fr-FR\",\"@id\":\"https:\\\/\\\/www.bellunopress.it\\\/#\\\/schema\\\/logo\\\/image\\\/\",\"url\":\"https:\\\/\\\/www.bellunopress.it\\\/wp-content\\\/uploads\\\/2011\\\/05\\\/cropped-logo-bellunopress-.jpg\",\"contentUrl\":\"https:\\\/\\\/www.bellunopress.it\\\/wp-content\\\/uploads\\\/2011\\\/05\\\/cropped-logo-bellunopress-.jpg\",\"width\":512,\"height\":512,\"caption\":\"Bellunopress\"},\"image\":{\"@id\":\"https:\\\/\\\/www.bellunopress.it\\\/#\\\/schema\\\/logo\\\/image\\\/\"},\"sameAs\":[\"https:\\\/\\\/www.facebook.com\\\/profile.php?id=100008943462799\",\"https:\\\/\\\/x.com\\\/bellunopress\",\"https:\\\/\\\/www.linkedin.com\\\/hp\\\/?dnr=JBzUWaJfMUw8vbXJJ2tVW5-I3jZKvC4wsoxE&amp;amp;amp;amp;amp;amp;trk=nav_responsive_tab_home\",\"https:\\\/\\\/www.youtube.com\\\/channel\\\/UCxL0wu1uN0_3_7hGG0306cw\"]},{\"@type\":\"Person\",\"@id\":\"https:\\\/\\\/www.bellunopress.it\\\/#\\\/schema\\\/person\\\/79bb06722b37ece1c03d3e94beb30d73\",\"name\":\"redazione\",\"image\":{\"@type\":\"ImageObject\",\"inLanguage\":\"fr-FR\",\"@id\":\"https:\\\/\\\/secure.gravatar.com\\\/avatar\\\/37d968a2e67a6fd04c169c4bdef102d0bc5d31b2546345219e348575eb80e9a0?s=96&d=mm&r=g\",\"url\":\"https:\\\/\\\/secure.gravatar.com\\\/avatar\\\/37d968a2e67a6fd04c169c4bdef102d0bc5d31b2546345219e348575eb80e9a0?s=96&d=mm&r=g\",\"contentUrl\":\"https:\\\/\\\/secure.gravatar.com\\\/avatar\\\/37d968a2e67a6fd04c169c4bdef102d0bc5d31b2546345219e348575eb80e9a0?s=96&d=mm&r=g\",\"caption\":\"redazione\"},\"sameAs\":[\"http:\\\/\\\/www.bellunopress.it\",\"https:\\\/\\\/x.com\\\/bellunopress\"],\"url\":\"https:\\\/\\\/www.bellunopress.it\\\/fr\\\/author\\\/redazione\\\/\"}]}<\/script>\n<!-- \/ Yoast SEO plugin. -->","yoast_head_json":{"title":"I sapori del nostro territorio. Venerd\u00ec sera in Nevegal con SlowFood Belluno-Feltre - Bellunopress - Dolomiti","robots":{"index":"index","follow":"follow","max-snippet":"max-snippet:-1","max-image-preview":"max-image-preview:large","max-video-preview":"max-video-preview:-1"},"canonical":"https:\/\/www.bellunopress.it\/fr\/2025\/06\/16\/i-sapori-del-nostro-territorio-venerdi-sera-in-nevegal-con-slowfood-belluno-feltre\/","og_locale":"fr_FR","og_type":"article","og_title":"I sapori del nostro territorio. Venerd\u00ec sera in Nevegal con SlowFood Belluno-Feltre - Bellunopress - Dolomiti","og_description":"Venerd\u00ec 20 giugno alle ore 19:45, negli spazi del Fil\u00f2 in Nevegal (Piazzale Nevegal, 381), si terr\u00e0 una cena guidata alla scoperta dei sapori del nostro territorio. Dopo essere andati a conoscere tre cantine della Valbelluna, abbiamo selezionato alcuni vini tra quelli da loro prodotti; non vediamo l&#8217;ora di rendervi partecipi di una serata informativa [&hellip;]","og_url":"https:\/\/www.bellunopress.it\/fr\/2025\/06\/16\/i-sapori-del-nostro-territorio-venerdi-sera-in-nevegal-con-slowfood-belluno-feltre\/","og_site_name":"Bellunopress - Dolomiti","article_publisher":"https:\/\/www.facebook.com\/profile.php?id=100008943462799","article_published_time":"2025-06-16T08:29:00+00:00","og_image":[{"width":735,"height":1000,"url":"https:\/\/www.bellunopress.it\/wp-content\/uploads\/2025\/06\/sapori-in-Nevegal_edited.jpg","type":"image\/jpeg"}],"author":"redazione","twitter_card":"summary_large_image","twitter_creator":"@bellunopress","twitter_site":"@bellunopress","twitter_misc":{"\u00c9crit par":"redazione","Dur\u00e9e de lecture estim\u00e9e":"1 minute"},"schema":{"@context":"https:\/\/schema.org","@graph":[{"@type":"Article","@id":"https:\/\/www.bellunopress.it\/2025\/06\/16\/i-sapori-del-nostro-territorio-venerdi-sera-in-nevegal-con-slowfood-belluno-feltre\/#article","isPartOf":{"@id":"https:\/\/www.bellunopress.it\/2025\/06\/16\/i-sapori-del-nostro-territorio-venerdi-sera-in-nevegal-con-slowfood-belluno-feltre\/"},"author":{"name":"redazione","@id":"https:\/\/www.bellunopress.it\/#\/schema\/person\/79bb06722b37ece1c03d3e94beb30d73"},"headline":"I sapori del nostro territorio. Venerd\u00ec sera in Nevegal con SlowFood Belluno-Feltre","datePublished":"2025-06-16T08:29:00+00:00","mainEntityOfPage":{"@id":"https:\/\/www.bellunopress.it\/2025\/06\/16\/i-sapori-del-nostro-territorio-venerdi-sera-in-nevegal-con-slowfood-belluno-feltre\/"},"wordCount":224,"publisher":{"@id":"https:\/\/www.bellunopress.it\/#organization"},"image":{"@id":"https:\/\/www.bellunopress.it\/2025\/06\/16\/i-sapori-del-nostro-territorio-venerdi-sera-in-nevegal-con-slowfood-belluno-feltre\/#primaryimage"},"thumbnailUrl":"https:\/\/www.bellunopress.it\/wp-content\/uploads\/2025\/06\/sapori-in-Nevegal_edited.jpg","articleSection":["Eventi enogastronomici"],"inLanguage":"fr-FR"},{"@type":"WebPage","@id":"https:\/\/www.bellunopress.it\/2025\/06\/16\/i-sapori-del-nostro-territorio-venerdi-sera-in-nevegal-con-slowfood-belluno-feltre\/","url":"https:\/\/www.bellunopress.it\/2025\/06\/16\/i-sapori-del-nostro-territorio-venerdi-sera-in-nevegal-con-slowfood-belluno-feltre\/","name":"I sapori del nostro territorio. Venerd\u00ec sera in Nevegal con SlowFood Belluno-Feltre - Bellunopress - Dolomiti","isPartOf":{"@id":"https:\/\/www.bellunopress.it\/#website"},"primaryImageOfPage":{"@id":"https:\/\/www.bellunopress.it\/2025\/06\/16\/i-sapori-del-nostro-territorio-venerdi-sera-in-nevegal-con-slowfood-belluno-feltre\/#primaryimage"},"image":{"@id":"https:\/\/www.bellunopress.it\/2025\/06\/16\/i-sapori-del-nostro-territorio-venerdi-sera-in-nevegal-con-slowfood-belluno-feltre\/#primaryimage"},"thumbnailUrl":"https:\/\/www.bellunopress.it\/wp-content\/uploads\/2025\/06\/sapori-in-Nevegal_edited.jpg","datePublished":"2025-06-16T08:29:00+00:00","breadcrumb":{"@id":"https:\/\/www.bellunopress.it\/2025\/06\/16\/i-sapori-del-nostro-territorio-venerdi-sera-in-nevegal-con-slowfood-belluno-feltre\/#breadcrumb"},"inLanguage":"fr-FR","potentialAction":[{"@type":"ReadAction","target":["https:\/\/www.bellunopress.it\/2025\/06\/16\/i-sapori-del-nostro-territorio-venerdi-sera-in-nevegal-con-slowfood-belluno-feltre\/"]}]},{"@type":"ImageObject","inLanguage":"fr-FR","@id":"https:\/\/www.bellunopress.it\/2025\/06\/16\/i-sapori-del-nostro-territorio-venerdi-sera-in-nevegal-con-slowfood-belluno-feltre\/#primaryimage","url":"https:\/\/www.bellunopress.it\/wp-content\/uploads\/2025\/06\/sapori-in-Nevegal_edited.jpg","contentUrl":"https:\/\/www.bellunopress.it\/wp-content\/uploads\/2025\/06\/sapori-in-Nevegal_edited.jpg","width":735,"height":1000},{"@type":"BreadcrumbList","@id":"https:\/\/www.bellunopress.it\/2025\/06\/16\/i-sapori-del-nostro-territorio-venerdi-sera-in-nevegal-con-slowfood-belluno-feltre\/#breadcrumb","itemListElement":[{"@type":"ListItem","position":1,"name":"Home","item":"https:\/\/www.bellunopress.it\/"},{"@type":"ListItem","position":2,"name":"I sapori del nostro territorio. Venerd\u00ec sera in Nevegal con SlowFood Belluno-Feltre"}]},{"@type":"WebSite","@id":"https:\/\/www.bellunopress.it\/#website","url":"https:\/\/www.bellunopress.it\/","name":"Bellunopress - Dolomiti","description":"e-mail: redazione@bellunopress.it","publisher":{"@id":"https:\/\/www.bellunopress.it\/#organization"},"potentialAction":[{"@type":"SearchAction","target":{"@type":"EntryPoint","urlTemplate":"https:\/\/www.bellunopress.it\/?s={search_term_string}"},"query-input":{"@type":"PropertyValueSpecification","valueRequired":true,"valueName":"search_term_string"}}],"inLanguage":"fr-FR"},{"@type":"Organization","@id":"https:\/\/www.bellunopress.it\/#organization","name":"Bellunopress","url":"https:\/\/www.bellunopress.it\/","logo":{"@type":"ImageObject","inLanguage":"fr-FR","@id":"https:\/\/www.bellunopress.it\/#\/schema\/logo\/image\/","url":"https:\/\/www.bellunopress.it\/wp-content\/uploads\/2011\/05\/cropped-logo-bellunopress-.jpg","contentUrl":"https:\/\/www.bellunopress.it\/wp-content\/uploads\/2011\/05\/cropped-logo-bellunopress-.jpg","width":512,"height":512,"caption":"Bellunopress"},"image":{"@id":"https:\/\/www.bellunopress.it\/#\/schema\/logo\/image\/"},"sameAs":["https:\/\/www.facebook.com\/profile.php?id=100008943462799","https:\/\/x.com\/bellunopress","https:\/\/www.linkedin.com\/hp\/?dnr=JBzUWaJfMUw8vbXJJ2tVW5-I3jZKvC4wsoxE&amp;amp;amp;amp;amp;amp;trk=nav_responsive_tab_home","https:\/\/www.youtube.com\/channel\/UCxL0wu1uN0_3_7hGG0306cw"]},{"@type":"Person","@id":"https:\/\/www.bellunopress.it\/#\/schema\/person\/79bb06722b37ece1c03d3e94beb30d73","name":"r\u00e9daction","image":{"@type":"ImageObject","inLanguage":"fr-FR","@id":"https:\/\/secure.gravatar.com\/avatar\/37d968a2e67a6fd04c169c4bdef102d0bc5d31b2546345219e348575eb80e9a0?s=96&d=mm&r=g","url":"https:\/\/secure.gravatar.com\/avatar\/37d968a2e67a6fd04c169c4bdef102d0bc5d31b2546345219e348575eb80e9a0?s=96&d=mm&r=g","contentUrl":"https:\/\/secure.gravatar.com\/avatar\/37d968a2e67a6fd04c169c4bdef102d0bc5d31b2546345219e348575eb80e9a0?s=96&d=mm&r=g","caption":"redazione"},"sameAs":["http:\/\/www.bellunopress.it","https:\/\/x.com\/bellunopress"],"url":"https:\/\/www.bellunopress.it\/fr\/author\/redazione\/"}]}},"_links":{"self":[{"href":"https:\/\/www.bellunopress.it\/fr\/wp-json\/wp\/v2\/posts\/161008","targetHints":{"allow":["GET"]}}],"collection":[{"href":"https:\/\/www.bellunopress.it\/fr\/wp-json\/wp\/v2\/posts"}],"about":[{"href":"https:\/\/www.bellunopress.it\/fr\/wp-json\/wp\/v2\/types\/post"}],"author":[{"embeddable":true,"href":"https:\/\/www.bellunopress.it\/fr\/wp-json\/wp\/v2\/users\/2"}],"replies":[{"embeddable":true,"href":"https:\/\/www.bellunopress.it\/fr\/wp-json\/wp\/v2\/comments?post=161008"}],"version-history":[{"count":1,"href":"https:\/\/www.bellunopress.it\/fr\/wp-json\/wp\/v2\/posts\/161008\/revisions"}],"predecessor-version":[{"id":161010,"href":"https:\/\/www.bellunopress.it\/fr\/wp-json\/wp\/v2\/posts\/161008\/revisions\/161010"}],"wp:featuredmedia":[{"embeddable":true,"href":"https:\/\/www.bellunopress.it\/fr\/wp-json\/wp\/v2\/media\/161009"}],"wp:attachment":[{"href":"https:\/\/www.bellunopress.it\/fr\/wp-json\/wp\/v2\/media?parent=161008"}],"wp:term":[{"taxonomy":"category","embeddable":true,"href":"https:\/\/www.bellunopress.it\/fr\/wp-json\/wp\/v2\/categories?post=161008"},{"taxonomy":"post_tag","embeddable":true,"href":"https:\/\/www.bellunopress.it\/fr\/wp-json\/wp\/v2\/tags?post=161008"}],"curies":[{"name":"wp","href":"https:\/\/api.w.org\/{rel}","templated":true}]}}