{"id":160970,"date":"2025-06-16T08:29:58","date_gmt":"2025-06-16T06:29:58","guid":{"rendered":"https:\/\/www.bellunopress.it\/?p=160970"},"modified":"2025-06-14T15:33:29","modified_gmt":"2025-06-14T13:33:29","slug":"auronzo-di-cadore-si-prepara-ad-accogliere-la-gara-internazionale-di-canoa-velocita-2025","status":"publish","type":"post","link":"https:\/\/www.bellunopress.it\/fr\/2025\/06\/16\/auronzo-di-cadore-si-prepara-ad-accogliere-la-gara-internazionale-di-canoa-velocita-2025\/","title":{"rendered":"Auronzo di Cadore si prepara ad accogliere la Gara Internazionale di Canoa Velocit\u00e0 2025"},"content":{"rendered":"<p><strong><img loading=\"lazy\" decoding=\"async\" class=\"aligncenter size-full wp-image-125689\" src=\"https:\/\/www.bellunopress.it\/wp-content\/uploads\/2021\/07\/canoa-auronzo-3_edited.jpg\" alt=\"\" width=\"800\" height=\"557\" srcset=\"https:\/\/www.bellunopress.it\/wp-content\/uploads\/2021\/07\/canoa-auronzo-3_edited.jpg 800w, https:\/\/www.bellunopress.it\/wp-content\/uploads\/2021\/07\/canoa-auronzo-3_edited-500x348.jpg 500w, https:\/\/www.bellunopress.it\/wp-content\/uploads\/2021\/07\/canoa-auronzo-3_edited-696x485.jpg 696w, https:\/\/www.bellunopress.it\/wp-content\/uploads\/2021\/07\/canoa-auronzo-3_edited-603x420.jpg 603w, https:\/\/www.bellunopress.it\/wp-content\/uploads\/2021\/07\/canoa-auronzo-3_edited-100x70.jpg 100w\" sizes=\"auto, (max-width: 800px) 100vw, 800px\" \/>Oltre 10 Nazioni presenti, tra conferme e novit\u00e0. In fase di sviluppo anche la progettualit\u00e0 di raduni e stage di alto livello<\/strong><\/p>\n<p>Auronzo di Cadore (BL) \u2013 Il Lago di Santa Caterina torna protagonista sul palcoscenico internazionale della canoa velocit\u00e0: dal 20 al 22 giugno andr\u00e0 in scena la 44\u00aa edizione della Gara Internazionale di Canoa Velocit\u00e0, uno degli appuntamenti pi\u00f9 attesi del calendario estivo, organizzato da Venice Canoe &amp; Dragon Boat ASD in collaborazione con il Comune di Auronzo di Cadore e Venice Sport Events, e sotto l&#8217;egida dell&#8217;International Canoe Federation (ICF) e della Federazione Italiana Canoa Kayak (FICK).<\/p>\n<p>L&#8217;evento coinvolger\u00e0 centinaia di atleti nelle categorie Under 16, Junior, Senior e Master, impegnati nelle classiche distanze di 1.000, 500 e 200 metri, con batterie, semifinali e finali distribuite nell&#8217;arco dei tre giorni, e alcuni atleti della Paracanoa, che competeranno domenica 22 giugno nella distanza dei 200 metri. L&#8217;edizione 2025 si distingue per un&#8217;importante partecipazione internazionale: oltre alla rappresentanza italiana \u2013 composta da numerosi club e da equipaggi giovanili \u2013 saranno presenti squadre provenienti da 11 Paesi, tra cui le squadre nazionali di Argentina, Austria, Croazia, Francia, Israele, Sudafrica e Svizzera. Significativa anche la presenza tedesca, con tre club di altissimo livello come KC Potsdam, WMS Mannheim-Sandhofen e Neubrandenburg, oltre all&#8217;ungherese Vasas Sport Club, sinonimo di eccellenza nel settore velocit\u00e0.<\/p>\n<p>Un riconoscimento importante per Auronzo, che da anni investe nella crescita della canoa e nel binomio tra sport e valorizzazione del territorio. Oltre alla gara internazionale, una grande classica che affonda le sue radici negli anni &#8217;70, il Lago di Santa Caterina ha ospitato negli ultimi dieci anni diversi eventi di primo piano, tra cui i Campionati Europei ECA di Dragon Boat 2015, i Campionati Europei ECA di Canoa e Kayak 2018 e i Campionati Mondiali ICF di canoa e kayak Junior e Under 23 nel 2023.<\/p>\n<p>Venice Canoe &amp; Dragon Boat asd, Venice Sport Events e il Comune di Auronzo di Cadore stanno inoltre investendo per rendere uno degli scenari pi\u00f9 suggestivi delle Dolomiti un punto di riferimento anche per raduni e stage tecnici di alto livello, in cui i team internazionali possano trovare la location ideale, con hotel da cui si possa raggiungere a piedi il lago, un deposito canoe, i pontoni per la discesa e la salita di atleti e scafi, un catamarano di appoggio, l&#8217;uso dei blocchi di partenza automatici, ponendo la canoa come punto di riferimento nel percorso di promozione turistico-sportiva della montagna veneta.<\/p>","protected":false},"excerpt":{"rendered":"<p>Oltre 10 Nazioni presenti, tra conferme e novit\u00e0. In fase di sviluppo anche la progettualit\u00e0 di raduni e stage di alto livello Auronzo di Cadore (BL) \u2013 Il Lago di Santa Caterina torna protagonista sul palcoscenico internazionale della canoa velocit\u00e0: dal 20 al 22 giugno andr\u00e0 in scena la 44\u00aa edizione della Gara Internazionale di [&hellip;]<\/p>\n","protected":false},"author":2,"featured_media":125736,"comment_status":"closed","ping_status":"open","sticky":false,"template":"","format":"standard","meta":{"footnotes":""},"categories":[25,4],"tags":[],"class_list":["post-160970","post","type-post","status-publish","format-standard","has-post-thumbnail","category-pausa-caffe","category-sport"],"yoast_head":"<!-- This site is optimized with the Yoast SEO plugin v28.4 - https:\/\/yoast.com\/product\/yoast-seo-wordpress\/ -->\n<title>Auronzo di Cadore si prepara ad accogliere la Gara Internazionale di Canoa Velocit\u00e0 2025 - Bellunopress - Dolomiti<\/title>\n<meta name=\"robots\" content=\"index, follow, max-snippet:-1, max-image-preview:large, max-video-preview:-1\" \/>\n<link rel=\"canonical\" href=\"https:\/\/www.bellunopress.it\/fr\/2025\/06\/16\/auronzo-di-cadore-si-prepara-ad-accogliere-la-gara-internazionale-di-canoa-velocita-2025\/\" \/>\n<meta property=\"og:locale\" content=\"fr_FR\" \/>\n<meta property=\"og:type\" content=\"article\" \/>\n<meta property=\"og:title\" content=\"Auronzo di Cadore si prepara ad accogliere la Gara Internazionale di Canoa Velocit\u00e0 2025 - Bellunopress - Dolomiti\" \/>\n<meta property=\"og:description\" content=\"Oltre 10 Nazioni presenti, tra conferme e novit\u00e0. In fase di sviluppo anche la progettualit\u00e0 di raduni e stage di alto livello Auronzo di Cadore (BL) \u2013 Il Lago di Santa Caterina torna protagonista sul palcoscenico internazionale della canoa velocit\u00e0: dal 20 al 22 giugno andr\u00e0 in scena la 44\u00aa edizione della Gara Internazionale di [&hellip;]\" \/>\n<meta property=\"og:url\" content=\"https:\/\/www.bellunopress.it\/fr\/2025\/06\/16\/auronzo-di-cadore-si-prepara-ad-accogliere-la-gara-internazionale-di-canoa-velocita-2025\/\" \/>\n<meta property=\"og:site_name\" content=\"Bellunopress - Dolomiti\" \/>\n<meta property=\"article:publisher\" content=\"https:\/\/www.facebook.com\/profile.php?id=100008943462799\" \/>\n<meta property=\"article:published_time\" content=\"2025-06-16T06:29:58+00:00\" \/>\n<meta property=\"og:image\" content=\"https:\/\/www.bellunopress.it\/wp-content\/uploads\/2021\/07\/canoa-auronzo_edited.jpg\" \/>\n\t<meta property=\"og:image:width\" content=\"800\" \/>\n\t<meta property=\"og:image:height\" content=\"575\" \/>\n\t<meta property=\"og:image:type\" content=\"image\/jpeg\" \/>\n<meta name=\"author\" content=\"redazione\" \/>\n<meta name=\"twitter:card\" content=\"summary_large_image\" \/>\n<meta name=\"twitter:creator\" content=\"@bellunopress\" \/>\n<meta name=\"twitter:site\" content=\"@bellunopress\" \/>\n<meta name=\"twitter:label1\" content=\"Written by\" \/>\n\t<meta name=\"twitter:data1\" content=\"redazione\" \/>\n\t<meta name=\"twitter:label2\" content=\"Est. reading time\" \/>\n\t<meta name=\"twitter:data2\" content=\"2 minutes\" \/>\n<script type=\"application\/ld+json\" class=\"yoast-schema-graph\">{\"@context\":\"https:\\\/\\\/schema.org\",\"@graph\":[{\"@type\":\"Article\",\"@id\":\"https:\\\/\\\/www.bellunopress.it\\\/2025\\\/06\\\/16\\\/auronzo-di-cadore-si-prepara-ad-accogliere-la-gara-internazionale-di-canoa-velocita-2025\\\/#article\",\"isPartOf\":{\"@id\":\"https:\\\/\\\/www.bellunopress.it\\\/2025\\\/06\\\/16\\\/auronzo-di-cadore-si-prepara-ad-accogliere-la-gara-internazionale-di-canoa-velocita-2025\\\/\"},\"author\":{\"name\":\"redazione\",\"@id\":\"https:\\\/\\\/www.bellunopress.it\\\/#\\\/schema\\\/person\\\/79bb06722b37ece1c03d3e94beb30d73\"},\"headline\":\"Auronzo di Cadore si prepara ad accogliere la Gara Internazionale di Canoa Velocit\u00e0 2025\",\"datePublished\":\"2025-06-16T06:29:58+00:00\",\"mainEntityOfPage\":{\"@id\":\"https:\\\/\\\/www.bellunopress.it\\\/2025\\\/06\\\/16\\\/auronzo-di-cadore-si-prepara-ad-accogliere-la-gara-internazionale-di-canoa-velocita-2025\\\/\"},\"wordCount\":410,\"publisher\":{\"@id\":\"https:\\\/\\\/www.bellunopress.it\\\/#organization\"},\"image\":{\"@id\":\"https:\\\/\\\/www.bellunopress.it\\\/2025\\\/06\\\/16\\\/auronzo-di-cadore-si-prepara-ad-accogliere-la-gara-internazionale-di-canoa-velocita-2025\\\/#primaryimage\"},\"thumbnailUrl\":\"https:\\\/\\\/www.bellunopress.it\\\/wp-content\\\/uploads\\\/2021\\\/07\\\/canoa-auronzo_edited.jpg\",\"articleSection\":[\"Pausa Caff\u00e8\",\"Sport, tempo libero\"],\"inLanguage\":\"fr-FR\"},{\"@type\":\"WebPage\",\"@id\":\"https:\\\/\\\/www.bellunopress.it\\\/2025\\\/06\\\/16\\\/auronzo-di-cadore-si-prepara-ad-accogliere-la-gara-internazionale-di-canoa-velocita-2025\\\/\",\"url\":\"https:\\\/\\\/www.bellunopress.it\\\/2025\\\/06\\\/16\\\/auronzo-di-cadore-si-prepara-ad-accogliere-la-gara-internazionale-di-canoa-velocita-2025\\\/\",\"name\":\"Auronzo di Cadore si prepara ad accogliere la Gara Internazionale di Canoa Velocit\u00e0 2025 - Bellunopress - Dolomiti\",\"isPartOf\":{\"@id\":\"https:\\\/\\\/www.bellunopress.it\\\/#website\"},\"primaryImageOfPage\":{\"@id\":\"https:\\\/\\\/www.bellunopress.it\\\/2025\\\/06\\\/16\\\/auronzo-di-cadore-si-prepara-ad-accogliere-la-gara-internazionale-di-canoa-velocita-2025\\\/#primaryimage\"},\"image\":{\"@id\":\"https:\\\/\\\/www.bellunopress.it\\\/2025\\\/06\\\/16\\\/auronzo-di-cadore-si-prepara-ad-accogliere-la-gara-internazionale-di-canoa-velocita-2025\\\/#primaryimage\"},\"thumbnailUrl\":\"https:\\\/\\\/www.bellunopress.it\\\/wp-content\\\/uploads\\\/2021\\\/07\\\/canoa-auronzo_edited.jpg\",\"datePublished\":\"2025-06-16T06:29:58+00:00\",\"breadcrumb\":{\"@id\":\"https:\\\/\\\/www.bellunopress.it\\\/2025\\\/06\\\/16\\\/auronzo-di-cadore-si-prepara-ad-accogliere-la-gara-internazionale-di-canoa-velocita-2025\\\/#breadcrumb\"},\"inLanguage\":\"fr-FR\",\"potentialAction\":[{\"@type\":\"ReadAction\",\"target\":[\"https:\\\/\\\/www.bellunopress.it\\\/2025\\\/06\\\/16\\\/auronzo-di-cadore-si-prepara-ad-accogliere-la-gara-internazionale-di-canoa-velocita-2025\\\/\"]}]},{\"@type\":\"ImageObject\",\"inLanguage\":\"fr-FR\",\"@id\":\"https:\\\/\\\/www.bellunopress.it\\\/2025\\\/06\\\/16\\\/auronzo-di-cadore-si-prepara-ad-accogliere-la-gara-internazionale-di-canoa-velocita-2025\\\/#primaryimage\",\"url\":\"https:\\\/\\\/www.bellunopress.it\\\/wp-content\\\/uploads\\\/2021\\\/07\\\/canoa-auronzo_edited.jpg\",\"contentUrl\":\"https:\\\/\\\/www.bellunopress.it\\\/wp-content\\\/uploads\\\/2021\\\/07\\\/canoa-auronzo_edited.jpg\",\"width\":800,\"height\":575},{\"@type\":\"BreadcrumbList\",\"@id\":\"https:\\\/\\\/www.bellunopress.it\\\/2025\\\/06\\\/16\\\/auronzo-di-cadore-si-prepara-ad-accogliere-la-gara-internazionale-di-canoa-velocita-2025\\\/#breadcrumb\",\"itemListElement\":[{\"@type\":\"ListItem\",\"position\":1,\"name\":\"Home\",\"item\":\"https:\\\/\\\/www.bellunopress.it\\\/\"},{\"@type\":\"ListItem\",\"position\":2,\"name\":\"Auronzo di Cadore si prepara ad accogliere la Gara Internazionale di Canoa Velocit\u00e0 2025\"}]},{\"@type\":\"WebSite\",\"@id\":\"https:\\\/\\\/www.bellunopress.it\\\/#website\",\"url\":\"https:\\\/\\\/www.bellunopress.it\\\/\",\"name\":\"Bellunopress - Dolomiti\",\"description\":\"e-mail: redazione@bellunopress.it\",\"publisher\":{\"@id\":\"https:\\\/\\\/www.bellunopress.it\\\/#organization\"},\"potentialAction\":[{\"@type\":\"SearchAction\",\"target\":{\"@type\":\"EntryPoint\",\"urlTemplate\":\"https:\\\/\\\/www.bellunopress.it\\\/?s={search_term_string}\"},\"query-input\":{\"@type\":\"PropertyValueSpecification\",\"valueRequired\":true,\"valueName\":\"search_term_string\"}}],\"inLanguage\":\"fr-FR\"},{\"@type\":\"Organization\",\"@id\":\"https:\\\/\\\/www.bellunopress.it\\\/#organization\",\"name\":\"Bellunopress\",\"url\":\"https:\\\/\\\/www.bellunopress.it\\\/\",\"logo\":{\"@type\":\"ImageObject\",\"inLanguage\":\"fr-FR\",\"@id\":\"https:\\\/\\\/www.bellunopress.it\\\/#\\\/schema\\\/logo\\\/image\\\/\",\"url\":\"https:\\\/\\\/www.bellunopress.it\\\/wp-content\\\/uploads\\\/2011\\\/05\\\/cropped-logo-bellunopress-.jpg\",\"contentUrl\":\"https:\\\/\\\/www.bellunopress.it\\\/wp-content\\\/uploads\\\/2011\\\/05\\\/cropped-logo-bellunopress-.jpg\",\"width\":512,\"height\":512,\"caption\":\"Bellunopress\"},\"image\":{\"@id\":\"https:\\\/\\\/www.bellunopress.it\\\/#\\\/schema\\\/logo\\\/image\\\/\"},\"sameAs\":[\"https:\\\/\\\/www.facebook.com\\\/profile.php?id=100008943462799\",\"https:\\\/\\\/x.com\\\/bellunopress\",\"https:\\\/\\\/www.linkedin.com\\\/hp\\\/?dnr=JBzUWaJfMUw8vbXJJ2tVW5-I3jZKvC4wsoxE&amp;amp;amp;amp;amp;amp;trk=nav_responsive_tab_home\",\"https:\\\/\\\/www.youtube.com\\\/channel\\\/UCxL0wu1uN0_3_7hGG0306cw\"]},{\"@type\":\"Person\",\"@id\":\"https:\\\/\\\/www.bellunopress.it\\\/#\\\/schema\\\/person\\\/79bb06722b37ece1c03d3e94beb30d73\",\"name\":\"redazione\",\"image\":{\"@type\":\"ImageObject\",\"inLanguage\":\"fr-FR\",\"@id\":\"https:\\\/\\\/secure.gravatar.com\\\/avatar\\\/37d968a2e67a6fd04c169c4bdef102d0bc5d31b2546345219e348575eb80e9a0?s=96&d=mm&r=g\",\"url\":\"https:\\\/\\\/secure.gravatar.com\\\/avatar\\\/37d968a2e67a6fd04c169c4bdef102d0bc5d31b2546345219e348575eb80e9a0?s=96&d=mm&r=g\",\"contentUrl\":\"https:\\\/\\\/secure.gravatar.com\\\/avatar\\\/37d968a2e67a6fd04c169c4bdef102d0bc5d31b2546345219e348575eb80e9a0?s=96&d=mm&r=g\",\"caption\":\"redazione\"},\"sameAs\":[\"http:\\\/\\\/www.bellunopress.it\",\"https:\\\/\\\/x.com\\\/bellunopress\"],\"url\":\"https:\\\/\\\/www.bellunopress.it\\\/fr\\\/author\\\/redazione\\\/\"}]}<\/script>\n<!-- \/ Yoast SEO plugin. -->","yoast_head_json":{"title":"Auronzo di Cadore si prepara ad accogliere la Gara Internazionale di Canoa Velocit\u00e0 2025 - Bellunopress - Dolomiti","robots":{"index":"index","follow":"follow","max-snippet":"max-snippet:-1","max-image-preview":"max-image-preview:large","max-video-preview":"max-video-preview:-1"},"canonical":"https:\/\/www.bellunopress.it\/fr\/2025\/06\/16\/auronzo-di-cadore-si-prepara-ad-accogliere-la-gara-internazionale-di-canoa-velocita-2025\/","og_locale":"fr_FR","og_type":"article","og_title":"Auronzo di Cadore si prepara ad accogliere la Gara Internazionale di Canoa Velocit\u00e0 2025 - Bellunopress - Dolomiti","og_description":"Oltre 10 Nazioni presenti, tra conferme e novit\u00e0. In fase di sviluppo anche la progettualit\u00e0 di raduni e stage di alto livello Auronzo di Cadore (BL) \u2013 Il Lago di Santa Caterina torna protagonista sul palcoscenico internazionale della canoa velocit\u00e0: dal 20 al 22 giugno andr\u00e0 in scena la 44\u00aa edizione della Gara Internazionale di [&hellip;]","og_url":"https:\/\/www.bellunopress.it\/fr\/2025\/06\/16\/auronzo-di-cadore-si-prepara-ad-accogliere-la-gara-internazionale-di-canoa-velocita-2025\/","og_site_name":"Bellunopress - Dolomiti","article_publisher":"https:\/\/www.facebook.com\/profile.php?id=100008943462799","article_published_time":"2025-06-16T06:29:58+00:00","og_image":[{"width":800,"height":575,"url":"https:\/\/www.bellunopress.it\/wp-content\/uploads\/2021\/07\/canoa-auronzo_edited.jpg","type":"image\/jpeg"}],"author":"redazione","twitter_card":"summary_large_image","twitter_creator":"@bellunopress","twitter_site":"@bellunopress","twitter_misc":{"Written by":"redazione","Est. reading time":"2 minutes"},"schema":{"@context":"https:\/\/schema.org","@graph":[{"@type":"Article","@id":"https:\/\/www.bellunopress.it\/2025\/06\/16\/auronzo-di-cadore-si-prepara-ad-accogliere-la-gara-internazionale-di-canoa-velocita-2025\/#article","isPartOf":{"@id":"https:\/\/www.bellunopress.it\/2025\/06\/16\/auronzo-di-cadore-si-prepara-ad-accogliere-la-gara-internazionale-di-canoa-velocita-2025\/"},"author":{"name":"redazione","@id":"https:\/\/www.bellunopress.it\/#\/schema\/person\/79bb06722b37ece1c03d3e94beb30d73"},"headline":"Auronzo di Cadore si prepara ad accogliere la Gara Internazionale di Canoa Velocit\u00e0 2025","datePublished":"2025-06-16T06:29:58+00:00","mainEntityOfPage":{"@id":"https:\/\/www.bellunopress.it\/2025\/06\/16\/auronzo-di-cadore-si-prepara-ad-accogliere-la-gara-internazionale-di-canoa-velocita-2025\/"},"wordCount":410,"publisher":{"@id":"https:\/\/www.bellunopress.it\/#organization"},"image":{"@id":"https:\/\/www.bellunopress.it\/2025\/06\/16\/auronzo-di-cadore-si-prepara-ad-accogliere-la-gara-internazionale-di-canoa-velocita-2025\/#primaryimage"},"thumbnailUrl":"https:\/\/www.bellunopress.it\/wp-content\/uploads\/2021\/07\/canoa-auronzo_edited.jpg","articleSection":["Pausa Caff\u00e8","Sport, tempo libero"],"inLanguage":"fr-FR"},{"@type":"WebPage","@id":"https:\/\/www.bellunopress.it\/2025\/06\/16\/auronzo-di-cadore-si-prepara-ad-accogliere-la-gara-internazionale-di-canoa-velocita-2025\/","url":"https:\/\/www.bellunopress.it\/2025\/06\/16\/auronzo-di-cadore-si-prepara-ad-accogliere-la-gara-internazionale-di-canoa-velocita-2025\/","name":"Auronzo di Cadore si prepara ad accogliere la Gara Internazionale di Canoa Velocit\u00e0 2025 - Bellunopress - Dolomiti","isPartOf":{"@id":"https:\/\/www.bellunopress.it\/#website"},"primaryImageOfPage":{"@id":"https:\/\/www.bellunopress.it\/2025\/06\/16\/auronzo-di-cadore-si-prepara-ad-accogliere-la-gara-internazionale-di-canoa-velocita-2025\/#primaryimage"},"image":{"@id":"https:\/\/www.bellunopress.it\/2025\/06\/16\/auronzo-di-cadore-si-prepara-ad-accogliere-la-gara-internazionale-di-canoa-velocita-2025\/#primaryimage"},"thumbnailUrl":"https:\/\/www.bellunopress.it\/wp-content\/uploads\/2021\/07\/canoa-auronzo_edited.jpg","datePublished":"2025-06-16T06:29:58+00:00","breadcrumb":{"@id":"https:\/\/www.bellunopress.it\/2025\/06\/16\/auronzo-di-cadore-si-prepara-ad-accogliere-la-gara-internazionale-di-canoa-velocita-2025\/#breadcrumb"},"inLanguage":"fr-FR","potentialAction":[{"@type":"ReadAction","target":["https:\/\/www.bellunopress.it\/2025\/06\/16\/auronzo-di-cadore-si-prepara-ad-accogliere-la-gara-internazionale-di-canoa-velocita-2025\/"]}]},{"@type":"ImageObject","inLanguage":"fr-FR","@id":"https:\/\/www.bellunopress.it\/2025\/06\/16\/auronzo-di-cadore-si-prepara-ad-accogliere-la-gara-internazionale-di-canoa-velocita-2025\/#primaryimage","url":"https:\/\/www.bellunopress.it\/wp-content\/uploads\/2021\/07\/canoa-auronzo_edited.jpg","contentUrl":"https:\/\/www.bellunopress.it\/wp-content\/uploads\/2021\/07\/canoa-auronzo_edited.jpg","width":800,"height":575},{"@type":"BreadcrumbList","@id":"https:\/\/www.bellunopress.it\/2025\/06\/16\/auronzo-di-cadore-si-prepara-ad-accogliere-la-gara-internazionale-di-canoa-velocita-2025\/#breadcrumb","itemListElement":[{"@type":"ListItem","position":1,"name":"Home","item":"https:\/\/www.bellunopress.it\/"},{"@type":"ListItem","position":2,"name":"Auronzo di Cadore si prepara ad accogliere la Gara Internazionale di Canoa Velocit\u00e0 2025"}]},{"@type":"WebSite","@id":"https:\/\/www.bellunopress.it\/#website","url":"https:\/\/www.bellunopress.it\/","name":"Bellunopress - Dolomiti","description":"e-mail: redazione@bellunopress.it","publisher":{"@id":"https:\/\/www.bellunopress.it\/#organization"},"potentialAction":[{"@type":"SearchAction","target":{"@type":"EntryPoint","urlTemplate":"https:\/\/www.bellunopress.it\/?s={search_term_string}"},"query-input":{"@type":"PropertyValueSpecification","valueRequired":true,"valueName":"search_term_string"}}],"inLanguage":"fr-FR"},{"@type":"Organization","@id":"https:\/\/www.bellunopress.it\/#organization","name":"Bellunopress","url":"https:\/\/www.bellunopress.it\/","logo":{"@type":"ImageObject","inLanguage":"fr-FR","@id":"https:\/\/www.bellunopress.it\/#\/schema\/logo\/image\/","url":"https:\/\/www.bellunopress.it\/wp-content\/uploads\/2011\/05\/cropped-logo-bellunopress-.jpg","contentUrl":"https:\/\/www.bellunopress.it\/wp-content\/uploads\/2011\/05\/cropped-logo-bellunopress-.jpg","width":512,"height":512,"caption":"Bellunopress"},"image":{"@id":"https:\/\/www.bellunopress.it\/#\/schema\/logo\/image\/"},"sameAs":["https:\/\/www.facebook.com\/profile.php?id=100008943462799","https:\/\/x.com\/bellunopress","https:\/\/www.linkedin.com\/hp\/?dnr=JBzUWaJfMUw8vbXJJ2tVW5-I3jZKvC4wsoxE&amp;amp;amp;amp;amp;amp;trk=nav_responsive_tab_home","https:\/\/www.youtube.com\/channel\/UCxL0wu1uN0_3_7hGG0306cw"]},{"@type":"Person","@id":"https:\/\/www.bellunopress.it\/#\/schema\/person\/79bb06722b37ece1c03d3e94beb30d73","name":"r\u00e9daction","image":{"@type":"ImageObject","inLanguage":"fr-FR","@id":"https:\/\/secure.gravatar.com\/avatar\/37d968a2e67a6fd04c169c4bdef102d0bc5d31b2546345219e348575eb80e9a0?s=96&d=mm&r=g","url":"https:\/\/secure.gravatar.com\/avatar\/37d968a2e67a6fd04c169c4bdef102d0bc5d31b2546345219e348575eb80e9a0?s=96&d=mm&r=g","contentUrl":"https:\/\/secure.gravatar.com\/avatar\/37d968a2e67a6fd04c169c4bdef102d0bc5d31b2546345219e348575eb80e9a0?s=96&d=mm&r=g","caption":"redazione"},"sameAs":["http:\/\/www.bellunopress.it","https:\/\/x.com\/bellunopress"],"url":"https:\/\/www.bellunopress.it\/fr\/author\/redazione\/"}]}},"_links":{"self":[{"href":"https:\/\/www.bellunopress.it\/fr\/wp-json\/wp\/v2\/posts\/160970","targetHints":{"allow":["GET"]}}],"collection":[{"href":"https:\/\/www.bellunopress.it\/fr\/wp-json\/wp\/v2\/posts"}],"about":[{"href":"https:\/\/www.bellunopress.it\/fr\/wp-json\/wp\/v2\/types\/post"}],"author":[{"embeddable":true,"href":"https:\/\/www.bellunopress.it\/fr\/wp-json\/wp\/v2\/users\/2"}],"replies":[{"embeddable":true,"href":"https:\/\/www.bellunopress.it\/fr\/wp-json\/wp\/v2\/comments?post=160970"}],"version-history":[{"count":1,"href":"https:\/\/www.bellunopress.it\/fr\/wp-json\/wp\/v2\/posts\/160970\/revisions"}],"predecessor-version":[{"id":160971,"href":"https:\/\/www.bellunopress.it\/fr\/wp-json\/wp\/v2\/posts\/160970\/revisions\/160971"}],"wp:featuredmedia":[{"embeddable":true,"href":"https:\/\/www.bellunopress.it\/fr\/wp-json\/wp\/v2\/media\/125736"}],"wp:attachment":[{"href":"https:\/\/www.bellunopress.it\/fr\/wp-json\/wp\/v2\/media?parent=160970"}],"wp:term":[{"taxonomy":"category","embeddable":true,"href":"https:\/\/www.bellunopress.it\/fr\/wp-json\/wp\/v2\/categories?post=160970"},{"taxonomy":"post_tag","embeddable":true,"href":"https:\/\/www.bellunopress.it\/fr\/wp-json\/wp\/v2\/tags?post=160970"}],"curies":[{"name":"wp","href":"https:\/\/api.w.org\/{rel}","templated":true}]}}