{"id":160949,"date":"2025-06-13T21:28:53","date_gmt":"2025-06-13T19:28:53","guid":{"rendered":"https:\/\/www.bellunopress.it\/?p=160949"},"modified":"2025-06-13T21:41:02","modified_gmt":"2025-06-13T19:41:02","slug":"eleganza-e-candore-al-white-dinner-di-belluno-un-venerdi-13-di-stile-e-raffinatezza","status":"publish","type":"post","link":"https:\/\/www.bellunopress.it\/fr\/2025\/06\/13\/eleganza-e-candore-al-white-dinner-di-belluno-un-venerdi-13-di-stile-e-raffinatezza\/","title":{"rendered":"Eleganza e candore al White Dinner di Belluno: un venerd\u00ec 13 di stile e raffinatezza"},"content":{"rendered":"<p><img loading=\"lazy\" decoding=\"async\" class=\"aligncenter size-full wp-image-160950\" src=\"https:\/\/www.bellunopress.it\/wp-content\/uploads\/2025\/06\/White-Dinner-Belluno_edited.jpg\" alt=\"\" width=\"1000\" height=\"750\" srcset=\"https:\/\/www.bellunopress.it\/wp-content\/uploads\/2025\/06\/White-Dinner-Belluno_edited.jpg 1000w, https:\/\/www.bellunopress.it\/wp-content\/uploads\/2025\/06\/White-Dinner-Belluno_edited-500x375.jpg 500w, https:\/\/www.bellunopress.it\/wp-content\/uploads\/2025\/06\/White-Dinner-Belluno_edited-560x420.jpg 560w, https:\/\/www.bellunopress.it\/wp-content\/uploads\/2025\/06\/White-Dinner-Belluno_edited-80x60.jpg 80w, https:\/\/www.bellunopress.it\/wp-content\/uploads\/2025\/06\/White-Dinner-Belluno_edited-696x522.jpg 696w\" sizes=\"auto, (max-width: 1000px) 100vw, 1000px\" \/> <img loading=\"lazy\" decoding=\"async\" class=\"aligncenter size-large wp-image-160951\" src=\"https:\/\/www.bellunopress.it\/wp-content\/uploads\/2025\/06\/White-Dinner-2_edited.jpg\" alt=\"\" width=\"696\" height=\"522\" srcset=\"https:\/\/www.bellunopress.it\/wp-content\/uploads\/2025\/06\/White-Dinner-2_edited.jpg 1000w, https:\/\/www.bellunopress.it\/wp-content\/uploads\/2025\/06\/White-Dinner-2_edited-500x375.jpg 500w, https:\/\/www.bellunopress.it\/wp-content\/uploads\/2025\/06\/White-Dinner-2_edited-560x420.jpg 560w, https:\/\/www.bellunopress.it\/wp-content\/uploads\/2025\/06\/White-Dinner-2_edited-80x60.jpg 80w, https:\/\/www.bellunopress.it\/wp-content\/uploads\/2025\/06\/White-Dinner-2_edited-696x522.jpg 696w\" sizes=\"auto, (max-width: 696px) 100vw, 696px\" \/> <img loading=\"lazy\" decoding=\"async\" class=\"aligncenter size-large wp-image-160952\" src=\"https:\/\/www.bellunopress.it\/wp-content\/uploads\/2025\/06\/White-Dinner-3_edited.jpg\" alt=\"\" width=\"696\" height=\"522\" srcset=\"https:\/\/www.bellunopress.it\/wp-content\/uploads\/2025\/06\/White-Dinner-3_edited.jpg 1000w, https:\/\/www.bellunopress.it\/wp-content\/uploads\/2025\/06\/White-Dinner-3_edited-500x375.jpg 500w, https:\/\/www.bellunopress.it\/wp-content\/uploads\/2025\/06\/White-Dinner-3_edited-560x420.jpg 560w, https:\/\/www.bellunopress.it\/wp-content\/uploads\/2025\/06\/White-Dinner-3_edited-80x60.jpg 80w, https:\/\/www.bellunopress.it\/wp-content\/uploads\/2025\/06\/White-Dinner-3_edited-696x522.jpg 696w\" sizes=\"auto, (max-width: 696px) 100vw, 696px\" \/>Belluno, 13 giugno 2025 \u2013 Piazza dei Martiri di Belluno si \u00e8 trasformata in un&#8217;oasi di puro candore stasera, in occasione della prima edizione del White Dinner. Un evento che, nonostante la scaramanzia del venerd\u00ec 13, ha baciato la citt\u00e0 con una serata perfetta, portando 240 commensali a celebrare la convivialit\u00e0 e, soprattutto, l&#8217;eleganza in una cornice fiabesca.<\/p>\n<p>Tra i rigori del codice d&#8217;abbigliamento &#8220;total white&#8221; e l&#8217;organizzazione impeccabile, a spiccare in modo particolare \u00e8 stata la raffinata presenza delle signore, che con la loro grazia hanno saputo interpretare al meglio lo spirito dell&#8217;evento. L&#8217;obbligo di un abbigliamento interamente bianco, lungi dal limitare la creativit\u00e0, ha offerto un palcoscenico unico per esaltare la delicatezza e il buon gusto. Si sono ammirati abiti fluidi e leggeri, tessuti impalpabili che accarezzavano le silhouette, e dettagli preziosi che, pur nel rispetto della monocromia, hanno saputo aggiungere un tocco di personalit\u00e0.<\/p>\n<p>Dalle mise pi\u00f9 classiche ed eteree a quelle che giocavano con trame e volumi, ogni signora ha contribuito a creare un quadro d&#8217;insieme di sobria magnificenza. Le scelte di accessori, rigorosamente in tonalit\u00e0 chiare o metalliche, hanno completato gli outfit con discrezione e ricercatezza, mentre acconciature curate e un trucco leggero hanno enfatizzato la naturale bellezza, senza mai eccedere.<\/p>\n<p>L&#8217;atmosfera conviviale, con i tavoli allestiti con candele, fiori bianchi e tovaglie di lino, ha fatto da perfetto contraltare a questa esposizione di stile. Ogni tavolo, curato nei minimi dettagli dai partecipanti stessi \u2013 dai piatti in ceramica bianca ai bicchieri di vetro \u2013 ha riflettuto l&#8217;attenzione e la passione per il bello, un&#8217;attenzione che le signore hanno dimostrato di possedere in abbondanza. Non era solo una cena, ma un vero e proprio tributo all&#8217;estetica e al buon vivere, dove il cibo e le bevande \u2013 rigorosamente analcoliche o con moderate quantit\u00e0 di vino e birra \u2013 hanno accompagnato una serata di armonia e leggerezza.<\/p>\n<p>Il White Dinner di Belluno ha dimostrato come un&#8217;idea semplice, ma eseguita con gusto e partecipazione, possa trasformarsi in un evento memorabile. E in questo memorabile Venerd\u00ec 13, l&#8217;eleganza discreta e luminosa delle signore in bianco ha senza dubbio lasciato un segno indelebile, confermando che il vero stile risiede nella capacit\u00e0 di essere impeccabili, con naturalezza e senza clamore.<\/p>","protected":false},"excerpt":{"rendered":"<p>Belluno, 13 giugno 2025 \u2013 Piazza dei Martiri di Belluno si \u00e8 trasformata in un&#8217;oasi di puro candore stasera, in occasione della prima edizione del White Dinner. Un evento che, nonostante la scaramanzia del venerd\u00ec 13, ha baciato la citt\u00e0 con una serata perfetta, portando 240 commensali a celebrare la convivialit\u00e0 e, soprattutto, l&#8217;eleganza in [&hellip;]<\/p>\n","protected":false},"author":2,"featured_media":160950,"comment_status":"closed","ping_status":"open","sticky":false,"template":"","format":"standard","meta":{"footnotes":""},"categories":[3393,3446,26],"tags":[139,3736],"class_list":["post-160949","post","type-post","status-publish","format-standard","has-post-thumbnail","category-eventi-enogastronomici","category-featured","category-prima-pagina","tag-belluno","tag-white-dinner"],"yoast_head":"<!-- This site is optimized with the Yoast SEO plugin v28.4 - https:\/\/yoast.com\/product\/yoast-seo-wordpress\/ -->\n<title>Eleganza e candore al White Dinner di Belluno: un venerd\u00ec 13 di stile e raffinatezza - Bellunopress - Dolomiti<\/title>\n<meta name=\"robots\" content=\"index, follow, max-snippet:-1, max-image-preview:large, max-video-preview:-1\" \/>\n<link rel=\"canonical\" href=\"https:\/\/www.bellunopress.it\/fr\/2025\/06\/13\/eleganza-e-candore-al-white-dinner-di-belluno-un-venerdi-13-di-stile-e-raffinatezza\/\" \/>\n<meta property=\"og:locale\" content=\"fr_FR\" \/>\n<meta property=\"og:type\" content=\"article\" \/>\n<meta property=\"og:title\" content=\"Eleganza e candore al White Dinner di Belluno: un venerd\u00ec 13 di stile e raffinatezza - Bellunopress - Dolomiti\" \/>\n<meta property=\"og:description\" content=\"Belluno, 13 giugno 2025 \u2013 Piazza dei Martiri di Belluno si \u00e8 trasformata in un&#8217;oasi di puro candore stasera, in occasione della prima edizione del White Dinner. Un evento che, nonostante la scaramanzia del venerd\u00ec 13, ha baciato la citt\u00e0 con una serata perfetta, portando 240 commensali a celebrare la convivialit\u00e0 e, soprattutto, l&#8217;eleganza in [&hellip;]\" \/>\n<meta property=\"og:url\" content=\"https:\/\/www.bellunopress.it\/fr\/2025\/06\/13\/eleganza-e-candore-al-white-dinner-di-belluno-un-venerdi-13-di-stile-e-raffinatezza\/\" \/>\n<meta property=\"og:site_name\" content=\"Bellunopress - Dolomiti\" \/>\n<meta property=\"article:publisher\" content=\"https:\/\/www.facebook.com\/profile.php?id=100008943462799\" \/>\n<meta property=\"article:published_time\" content=\"2025-06-13T19:28:53+00:00\" \/>\n<meta property=\"article:modified_time\" content=\"2025-06-13T19:41:02+00:00\" \/>\n<meta property=\"og:image\" content=\"https:\/\/www.bellunopress.it\/wp-content\/uploads\/2025\/06\/White-Dinner-Belluno_edited.jpg\" \/>\n\t<meta property=\"og:image:width\" content=\"1000\" \/>\n\t<meta property=\"og:image:height\" content=\"750\" \/>\n\t<meta property=\"og:image:type\" content=\"image\/jpeg\" \/>\n<meta name=\"author\" content=\"redazione\" \/>\n<meta name=\"twitter:card\" content=\"summary_large_image\" \/>\n<meta name=\"twitter:creator\" content=\"@bellunopress\" \/>\n<meta name=\"twitter:site\" content=\"@bellunopress\" \/>\n<meta name=\"twitter:label1\" content=\"\u00c9crit par\" \/>\n\t<meta name=\"twitter:data1\" content=\"redazione\" \/>\n\t<meta name=\"twitter:label2\" content=\"Dur\u00e9e de lecture estim\u00e9e\" \/>\n\t<meta name=\"twitter:data2\" content=\"2 minutes\" \/>\n<script type=\"application\/ld+json\" class=\"yoast-schema-graph\">{\"@context\":\"https:\\\/\\\/schema.org\",\"@graph\":[{\"@type\":\"Article\",\"@id\":\"https:\\\/\\\/www.bellunopress.it\\\/2025\\\/06\\\/13\\\/eleganza-e-candore-al-white-dinner-di-belluno-un-venerdi-13-di-stile-e-raffinatezza\\\/#article\",\"isPartOf\":{\"@id\":\"https:\\\/\\\/www.bellunopress.it\\\/2025\\\/06\\\/13\\\/eleganza-e-candore-al-white-dinner-di-belluno-un-venerdi-13-di-stile-e-raffinatezza\\\/\"},\"author\":{\"name\":\"redazione\",\"@id\":\"https:\\\/\\\/www.bellunopress.it\\\/#\\\/schema\\\/person\\\/79bb06722b37ece1c03d3e94beb30d73\"},\"headline\":\"Eleganza e candore al White Dinner di Belluno: un venerd\u00ec 13 di stile e raffinatezza\",\"datePublished\":\"2025-06-13T19:28:53+00:00\",\"dateModified\":\"2025-06-13T19:41:02+00:00\",\"mainEntityOfPage\":{\"@id\":\"https:\\\/\\\/www.bellunopress.it\\\/2025\\\/06\\\/13\\\/eleganza-e-candore-al-white-dinner-di-belluno-un-venerdi-13-di-stile-e-raffinatezza\\\/\"},\"wordCount\":385,\"publisher\":{\"@id\":\"https:\\\/\\\/www.bellunopress.it\\\/#organization\"},\"image\":{\"@id\":\"https:\\\/\\\/www.bellunopress.it\\\/2025\\\/06\\\/13\\\/eleganza-e-candore-al-white-dinner-di-belluno-un-venerdi-13-di-stile-e-raffinatezza\\\/#primaryimage\"},\"thumbnailUrl\":\"https:\\\/\\\/www.bellunopress.it\\\/wp-content\\\/uploads\\\/2025\\\/06\\\/White-Dinner-Belluno_edited.jpg\",\"keywords\":[\"Belluno\",\"White Dinner\"],\"articleSection\":[\"Eventi enogastronomici\",\"Featured\",\"Prima Pagina\"],\"inLanguage\":\"fr-FR\"},{\"@type\":\"WebPage\",\"@id\":\"https:\\\/\\\/www.bellunopress.it\\\/2025\\\/06\\\/13\\\/eleganza-e-candore-al-white-dinner-di-belluno-un-venerdi-13-di-stile-e-raffinatezza\\\/\",\"url\":\"https:\\\/\\\/www.bellunopress.it\\\/2025\\\/06\\\/13\\\/eleganza-e-candore-al-white-dinner-di-belluno-un-venerdi-13-di-stile-e-raffinatezza\\\/\",\"name\":\"Eleganza e candore al White Dinner di Belluno: un venerd\u00ec 13 di stile e raffinatezza - Bellunopress - Dolomiti\",\"isPartOf\":{\"@id\":\"https:\\\/\\\/www.bellunopress.it\\\/#website\"},\"primaryImageOfPage\":{\"@id\":\"https:\\\/\\\/www.bellunopress.it\\\/2025\\\/06\\\/13\\\/eleganza-e-candore-al-white-dinner-di-belluno-un-venerdi-13-di-stile-e-raffinatezza\\\/#primaryimage\"},\"image\":{\"@id\":\"https:\\\/\\\/www.bellunopress.it\\\/2025\\\/06\\\/13\\\/eleganza-e-candore-al-white-dinner-di-belluno-un-venerdi-13-di-stile-e-raffinatezza\\\/#primaryimage\"},\"thumbnailUrl\":\"https:\\\/\\\/www.bellunopress.it\\\/wp-content\\\/uploads\\\/2025\\\/06\\\/White-Dinner-Belluno_edited.jpg\",\"datePublished\":\"2025-06-13T19:28:53+00:00\",\"dateModified\":\"2025-06-13T19:41:02+00:00\",\"breadcrumb\":{\"@id\":\"https:\\\/\\\/www.bellunopress.it\\\/2025\\\/06\\\/13\\\/eleganza-e-candore-al-white-dinner-di-belluno-un-venerdi-13-di-stile-e-raffinatezza\\\/#breadcrumb\"},\"inLanguage\":\"fr-FR\",\"potentialAction\":[{\"@type\":\"ReadAction\",\"target\":[\"https:\\\/\\\/www.bellunopress.it\\\/2025\\\/06\\\/13\\\/eleganza-e-candore-al-white-dinner-di-belluno-un-venerdi-13-di-stile-e-raffinatezza\\\/\"]}]},{\"@type\":\"ImageObject\",\"inLanguage\":\"fr-FR\",\"@id\":\"https:\\\/\\\/www.bellunopress.it\\\/2025\\\/06\\\/13\\\/eleganza-e-candore-al-white-dinner-di-belluno-un-venerdi-13-di-stile-e-raffinatezza\\\/#primaryimage\",\"url\":\"https:\\\/\\\/www.bellunopress.it\\\/wp-content\\\/uploads\\\/2025\\\/06\\\/White-Dinner-Belluno_edited.jpg\",\"contentUrl\":\"https:\\\/\\\/www.bellunopress.it\\\/wp-content\\\/uploads\\\/2025\\\/06\\\/White-Dinner-Belluno_edited.jpg\",\"width\":1000,\"height\":750},{\"@type\":\"BreadcrumbList\",\"@id\":\"https:\\\/\\\/www.bellunopress.it\\\/2025\\\/06\\\/13\\\/eleganza-e-candore-al-white-dinner-di-belluno-un-venerdi-13-di-stile-e-raffinatezza\\\/#breadcrumb\",\"itemListElement\":[{\"@type\":\"ListItem\",\"position\":1,\"name\":\"Home\",\"item\":\"https:\\\/\\\/www.bellunopress.it\\\/\"},{\"@type\":\"ListItem\",\"position\":2,\"name\":\"Eleganza e candore al White Dinner di Belluno: un venerd\u00ec 13 di stile e raffinatezza\"}]},{\"@type\":\"WebSite\",\"@id\":\"https:\\\/\\\/www.bellunopress.it\\\/#website\",\"url\":\"https:\\\/\\\/www.bellunopress.it\\\/\",\"name\":\"Bellunopress - Dolomiti\",\"description\":\"e-mail: redazione@bellunopress.it\",\"publisher\":{\"@id\":\"https:\\\/\\\/www.bellunopress.it\\\/#organization\"},\"potentialAction\":[{\"@type\":\"SearchAction\",\"target\":{\"@type\":\"EntryPoint\",\"urlTemplate\":\"https:\\\/\\\/www.bellunopress.it\\\/?s={search_term_string}\"},\"query-input\":{\"@type\":\"PropertyValueSpecification\",\"valueRequired\":true,\"valueName\":\"search_term_string\"}}],\"inLanguage\":\"fr-FR\"},{\"@type\":\"Organization\",\"@id\":\"https:\\\/\\\/www.bellunopress.it\\\/#organization\",\"name\":\"Bellunopress\",\"url\":\"https:\\\/\\\/www.bellunopress.it\\\/\",\"logo\":{\"@type\":\"ImageObject\",\"inLanguage\":\"fr-FR\",\"@id\":\"https:\\\/\\\/www.bellunopress.it\\\/#\\\/schema\\\/logo\\\/image\\\/\",\"url\":\"https:\\\/\\\/www.bellunopress.it\\\/wp-content\\\/uploads\\\/2011\\\/05\\\/cropped-logo-bellunopress-.jpg\",\"contentUrl\":\"https:\\\/\\\/www.bellunopress.it\\\/wp-content\\\/uploads\\\/2011\\\/05\\\/cropped-logo-bellunopress-.jpg\",\"width\":512,\"height\":512,\"caption\":\"Bellunopress\"},\"image\":{\"@id\":\"https:\\\/\\\/www.bellunopress.it\\\/#\\\/schema\\\/logo\\\/image\\\/\"},\"sameAs\":[\"https:\\\/\\\/www.facebook.com\\\/profile.php?id=100008943462799\",\"https:\\\/\\\/x.com\\\/bellunopress\",\"https:\\\/\\\/www.linkedin.com\\\/hp\\\/?dnr=JBzUWaJfMUw8vbXJJ2tVW5-I3jZKvC4wsoxE&amp;amp;amp;amp;amp;amp;trk=nav_responsive_tab_home\",\"https:\\\/\\\/www.youtube.com\\\/channel\\\/UCxL0wu1uN0_3_7hGG0306cw\"]},{\"@type\":\"Person\",\"@id\":\"https:\\\/\\\/www.bellunopress.it\\\/#\\\/schema\\\/person\\\/79bb06722b37ece1c03d3e94beb30d73\",\"name\":\"redazione\",\"image\":{\"@type\":\"ImageObject\",\"inLanguage\":\"fr-FR\",\"@id\":\"https:\\\/\\\/secure.gravatar.com\\\/avatar\\\/37d968a2e67a6fd04c169c4bdef102d0bc5d31b2546345219e348575eb80e9a0?s=96&d=mm&r=g\",\"url\":\"https:\\\/\\\/secure.gravatar.com\\\/avatar\\\/37d968a2e67a6fd04c169c4bdef102d0bc5d31b2546345219e348575eb80e9a0?s=96&d=mm&r=g\",\"contentUrl\":\"https:\\\/\\\/secure.gravatar.com\\\/avatar\\\/37d968a2e67a6fd04c169c4bdef102d0bc5d31b2546345219e348575eb80e9a0?s=96&d=mm&r=g\",\"caption\":\"redazione\"},\"sameAs\":[\"http:\\\/\\\/www.bellunopress.it\",\"https:\\\/\\\/x.com\\\/bellunopress\"],\"url\":\"https:\\\/\\\/www.bellunopress.it\\\/fr\\\/author\\\/redazione\\\/\"}]}<\/script>\n<!-- \/ Yoast SEO plugin. -->","yoast_head_json":{"title":"Eleganza e candore al White Dinner di Belluno: un venerd\u00ec 13 di stile e raffinatezza - Bellunopress - Dolomiti","robots":{"index":"index","follow":"follow","max-snippet":"max-snippet:-1","max-image-preview":"max-image-preview:large","max-video-preview":"max-video-preview:-1"},"canonical":"https:\/\/www.bellunopress.it\/fr\/2025\/06\/13\/eleganza-e-candore-al-white-dinner-di-belluno-un-venerdi-13-di-stile-e-raffinatezza\/","og_locale":"fr_FR","og_type":"article","og_title":"Eleganza e candore al White Dinner di Belluno: un venerd\u00ec 13 di stile e raffinatezza - Bellunopress - Dolomiti","og_description":"Belluno, 13 giugno 2025 \u2013 Piazza dei Martiri di Belluno si \u00e8 trasformata in un&#8217;oasi di puro candore stasera, in occasione della prima edizione del White Dinner. Un evento che, nonostante la scaramanzia del venerd\u00ec 13, ha baciato la citt\u00e0 con una serata perfetta, portando 240 commensali a celebrare la convivialit\u00e0 e, soprattutto, l&#8217;eleganza in [&hellip;]","og_url":"https:\/\/www.bellunopress.it\/fr\/2025\/06\/13\/eleganza-e-candore-al-white-dinner-di-belluno-un-venerdi-13-di-stile-e-raffinatezza\/","og_site_name":"Bellunopress - Dolomiti","article_publisher":"https:\/\/www.facebook.com\/profile.php?id=100008943462799","article_published_time":"2025-06-13T19:28:53+00:00","article_modified_time":"2025-06-13T19:41:02+00:00","og_image":[{"width":1000,"height":750,"url":"https:\/\/www.bellunopress.it\/wp-content\/uploads\/2025\/06\/White-Dinner-Belluno_edited.jpg","type":"image\/jpeg"}],"author":"redazione","twitter_card":"summary_large_image","twitter_creator":"@bellunopress","twitter_site":"@bellunopress","twitter_misc":{"\u00c9crit par":"redazione","Dur\u00e9e de lecture estim\u00e9e":"2 minutes"},"schema":{"@context":"https:\/\/schema.org","@graph":[{"@type":"Article","@id":"https:\/\/www.bellunopress.it\/2025\/06\/13\/eleganza-e-candore-al-white-dinner-di-belluno-un-venerdi-13-di-stile-e-raffinatezza\/#article","isPartOf":{"@id":"https:\/\/www.bellunopress.it\/2025\/06\/13\/eleganza-e-candore-al-white-dinner-di-belluno-un-venerdi-13-di-stile-e-raffinatezza\/"},"author":{"name":"redazione","@id":"https:\/\/www.bellunopress.it\/#\/schema\/person\/79bb06722b37ece1c03d3e94beb30d73"},"headline":"Eleganza e candore al White Dinner di Belluno: un venerd\u00ec 13 di stile e raffinatezza","datePublished":"2025-06-13T19:28:53+00:00","dateModified":"2025-06-13T19:41:02+00:00","mainEntityOfPage":{"@id":"https:\/\/www.bellunopress.it\/2025\/06\/13\/eleganza-e-candore-al-white-dinner-di-belluno-un-venerdi-13-di-stile-e-raffinatezza\/"},"wordCount":385,"publisher":{"@id":"https:\/\/www.bellunopress.it\/#organization"},"image":{"@id":"https:\/\/www.bellunopress.it\/2025\/06\/13\/eleganza-e-candore-al-white-dinner-di-belluno-un-venerdi-13-di-stile-e-raffinatezza\/#primaryimage"},"thumbnailUrl":"https:\/\/www.bellunopress.it\/wp-content\/uploads\/2025\/06\/White-Dinner-Belluno_edited.jpg","keywords":["Belluno","White Dinner"],"articleSection":["Eventi enogastronomici","Featured","Prima Pagina"],"inLanguage":"fr-FR"},{"@type":"WebPage","@id":"https:\/\/www.bellunopress.it\/2025\/06\/13\/eleganza-e-candore-al-white-dinner-di-belluno-un-venerdi-13-di-stile-e-raffinatezza\/","url":"https:\/\/www.bellunopress.it\/2025\/06\/13\/eleganza-e-candore-al-white-dinner-di-belluno-un-venerdi-13-di-stile-e-raffinatezza\/","name":"Eleganza e candore al White Dinner di Belluno: un venerd\u00ec 13 di stile e raffinatezza - Bellunopress - Dolomiti","isPartOf":{"@id":"https:\/\/www.bellunopress.it\/#website"},"primaryImageOfPage":{"@id":"https:\/\/www.bellunopress.it\/2025\/06\/13\/eleganza-e-candore-al-white-dinner-di-belluno-un-venerdi-13-di-stile-e-raffinatezza\/#primaryimage"},"image":{"@id":"https:\/\/www.bellunopress.it\/2025\/06\/13\/eleganza-e-candore-al-white-dinner-di-belluno-un-venerdi-13-di-stile-e-raffinatezza\/#primaryimage"},"thumbnailUrl":"https:\/\/www.bellunopress.it\/wp-content\/uploads\/2025\/06\/White-Dinner-Belluno_edited.jpg","datePublished":"2025-06-13T19:28:53+00:00","dateModified":"2025-06-13T19:41:02+00:00","breadcrumb":{"@id":"https:\/\/www.bellunopress.it\/2025\/06\/13\/eleganza-e-candore-al-white-dinner-di-belluno-un-venerdi-13-di-stile-e-raffinatezza\/#breadcrumb"},"inLanguage":"fr-FR","potentialAction":[{"@type":"ReadAction","target":["https:\/\/www.bellunopress.it\/2025\/06\/13\/eleganza-e-candore-al-white-dinner-di-belluno-un-venerdi-13-di-stile-e-raffinatezza\/"]}]},{"@type":"ImageObject","inLanguage":"fr-FR","@id":"https:\/\/www.bellunopress.it\/2025\/06\/13\/eleganza-e-candore-al-white-dinner-di-belluno-un-venerdi-13-di-stile-e-raffinatezza\/#primaryimage","url":"https:\/\/www.bellunopress.it\/wp-content\/uploads\/2025\/06\/White-Dinner-Belluno_edited.jpg","contentUrl":"https:\/\/www.bellunopress.it\/wp-content\/uploads\/2025\/06\/White-Dinner-Belluno_edited.jpg","width":1000,"height":750},{"@type":"BreadcrumbList","@id":"https:\/\/www.bellunopress.it\/2025\/06\/13\/eleganza-e-candore-al-white-dinner-di-belluno-un-venerdi-13-di-stile-e-raffinatezza\/#breadcrumb","itemListElement":[{"@type":"ListItem","position":1,"name":"Home","item":"https:\/\/www.bellunopress.it\/"},{"@type":"ListItem","position":2,"name":"Eleganza e candore al White Dinner di Belluno: un venerd\u00ec 13 di stile e raffinatezza"}]},{"@type":"WebSite","@id":"https:\/\/www.bellunopress.it\/#website","url":"https:\/\/www.bellunopress.it\/","name":"Bellunopress - Dolomiti","description":"e-mail: redazione@bellunopress.it","publisher":{"@id":"https:\/\/www.bellunopress.it\/#organization"},"potentialAction":[{"@type":"SearchAction","target":{"@type":"EntryPoint","urlTemplate":"https:\/\/www.bellunopress.it\/?s={search_term_string}"},"query-input":{"@type":"PropertyValueSpecification","valueRequired":true,"valueName":"search_term_string"}}],"inLanguage":"fr-FR"},{"@type":"Organization","@id":"https:\/\/www.bellunopress.it\/#organization","name":"Bellunopress","url":"https:\/\/www.bellunopress.it\/","logo":{"@type":"ImageObject","inLanguage":"fr-FR","@id":"https:\/\/www.bellunopress.it\/#\/schema\/logo\/image\/","url":"https:\/\/www.bellunopress.it\/wp-content\/uploads\/2011\/05\/cropped-logo-bellunopress-.jpg","contentUrl":"https:\/\/www.bellunopress.it\/wp-content\/uploads\/2011\/05\/cropped-logo-bellunopress-.jpg","width":512,"height":512,"caption":"Bellunopress"},"image":{"@id":"https:\/\/www.bellunopress.it\/#\/schema\/logo\/image\/"},"sameAs":["https:\/\/www.facebook.com\/profile.php?id=100008943462799","https:\/\/x.com\/bellunopress","https:\/\/www.linkedin.com\/hp\/?dnr=JBzUWaJfMUw8vbXJJ2tVW5-I3jZKvC4wsoxE&amp;amp;amp;amp;amp;amp;trk=nav_responsive_tab_home","https:\/\/www.youtube.com\/channel\/UCxL0wu1uN0_3_7hGG0306cw"]},{"@type":"Person","@id":"https:\/\/www.bellunopress.it\/#\/schema\/person\/79bb06722b37ece1c03d3e94beb30d73","name":"r\u00e9daction","image":{"@type":"ImageObject","inLanguage":"fr-FR","@id":"https:\/\/secure.gravatar.com\/avatar\/37d968a2e67a6fd04c169c4bdef102d0bc5d31b2546345219e348575eb80e9a0?s=96&d=mm&r=g","url":"https:\/\/secure.gravatar.com\/avatar\/37d968a2e67a6fd04c169c4bdef102d0bc5d31b2546345219e348575eb80e9a0?s=96&d=mm&r=g","contentUrl":"https:\/\/secure.gravatar.com\/avatar\/37d968a2e67a6fd04c169c4bdef102d0bc5d31b2546345219e348575eb80e9a0?s=96&d=mm&r=g","caption":"redazione"},"sameAs":["http:\/\/www.bellunopress.it","https:\/\/x.com\/bellunopress"],"url":"https:\/\/www.bellunopress.it\/fr\/author\/redazione\/"}]}},"_links":{"self":[{"href":"https:\/\/www.bellunopress.it\/fr\/wp-json\/wp\/v2\/posts\/160949","targetHints":{"allow":["GET"]}}],"collection":[{"href":"https:\/\/www.bellunopress.it\/fr\/wp-json\/wp\/v2\/posts"}],"about":[{"href":"https:\/\/www.bellunopress.it\/fr\/wp-json\/wp\/v2\/types\/post"}],"author":[{"embeddable":true,"href":"https:\/\/www.bellunopress.it\/fr\/wp-json\/wp\/v2\/users\/2"}],"replies":[{"embeddable":true,"href":"https:\/\/www.bellunopress.it\/fr\/wp-json\/wp\/v2\/comments?post=160949"}],"version-history":[{"count":2,"href":"https:\/\/www.bellunopress.it\/fr\/wp-json\/wp\/v2\/posts\/160949\/revisions"}],"predecessor-version":[{"id":160954,"href":"https:\/\/www.bellunopress.it\/fr\/wp-json\/wp\/v2\/posts\/160949\/revisions\/160954"}],"wp:featuredmedia":[{"embeddable":true,"href":"https:\/\/www.bellunopress.it\/fr\/wp-json\/wp\/v2\/media\/160950"}],"wp:attachment":[{"href":"https:\/\/www.bellunopress.it\/fr\/wp-json\/wp\/v2\/media?parent=160949"}],"wp:term":[{"taxonomy":"category","embeddable":true,"href":"https:\/\/www.bellunopress.it\/fr\/wp-json\/wp\/v2\/categories?post=160949"},{"taxonomy":"post_tag","embeddable":true,"href":"https:\/\/www.bellunopress.it\/fr\/wp-json\/wp\/v2\/tags?post=160949"}],"curies":[{"name":"wp","href":"https:\/\/api.w.org\/{rel}","templated":true}]}}