{"id":160947,"date":"2025-06-13T17:56:58","date_gmt":"2025-06-13T15:56:58","guid":{"rendered":"https:\/\/www.bellunopress.it\/?p=160947"},"modified":"2025-06-13T17:56:58","modified_gmt":"2025-06-13T15:56:58","slug":"nuovo-orario-estivo-di-dolomitibus-il-consigliere-bortoluzzi-incontra-i-sindaci-del-comelico","status":"publish","type":"post","link":"https:\/\/www.bellunopress.it\/fr\/2025\/06\/13\/nuovo-orario-estivo-di-dolomitibus-il-consigliere-bortoluzzi-incontra-i-sindaci-del-comelico\/","title":{"rendered":"Nuovo orario estivo di Dolomitibus. Il consigliere Bortoluzzi incontra i sindaci del Comelico"},"content":{"rendered":"<figure id=\"attachment_152663\" aria-describedby=\"caption-attachment-152663\" style=\"width: 643px\" class=\"wp-caption aligncenter\"><img loading=\"lazy\" decoding=\"async\" class=\"size-full wp-image-152663\" src=\"https:\/\/www.bellunopress.it\/wp-content\/uploads\/2024\/07\/Massimo-Bortoluzzi-consigloiere-provinciale.jpg\" alt=\"\" width=\"643\" height=\"491\" srcset=\"https:\/\/www.bellunopress.it\/wp-content\/uploads\/2024\/07\/Massimo-Bortoluzzi-consigloiere-provinciale.jpg 643w, https:\/\/www.bellunopress.it\/wp-content\/uploads\/2024\/07\/Massimo-Bortoluzzi-consigloiere-provinciale-500x382.jpg 500w, https:\/\/www.bellunopress.it\/wp-content\/uploads\/2024\/07\/Massimo-Bortoluzzi-consigloiere-provinciale-550x420.jpg 550w, https:\/\/www.bellunopress.it\/wp-content\/uploads\/2024\/07\/Massimo-Bortoluzzi-consigloiere-provinciale-80x60.jpg 80w\" sizes=\"auto, (max-width: 643px) 100vw, 643px\" \/><figcaption id=\"caption-attachment-152663\" class=\"wp-caption-text\">Massimo Bortoluzzi, consigliere provinciale delegato al Demanio idrico e Trasporti<\/figcaption><\/figure>\n<p>Belluno, 13 giugno 2025 &#8211; Il consigliere provinciale delegato alla Mobilit\u00e0 e Trasporti Massimo Bortoluzzi ha incontrato nel pomeriggio di oggi, nella sede dell\u2019Unione Montana Comelico, alcuni rappresentanti degli enti locali del territorio in ordine alle criticit\u00e0 manifestate dagli stessi riguardo al nuovo orario estivo di Dolomitibus.<\/p>\n<p>\u201cE\u2019 un impegno che mi ero assunto nei giorni scorsi e a cui ho ritenuto di dare corso in tempi rapidi, visto che il tema del trasporto pubblico locale \u00e8 tra i pi\u00f9 importanti dell\u2019agenda dell\u2019Amministrazione provinciale\u201d, commenta Bortoluzzi.<br \/>\nAll\u2019incontro erano presenti i sindaci di Comelico Superiore, Marco Staunovo Polacco, di San Pietro (e presidente dell\u2019Unione Montana Comelico) Manuel Casanova Consier e il sindaco di Santo Stefano Alfredo Comis (assenti per altri impegni i sindaci di Danta e San Nicol\u00f2 con cui Bortoluzzi si sentir\u00e0 nei prossimi giorni).<\/p>\n<p>\u201cE\u2019 stato un incontro costruttivo, prosegue Bortoluzzi; ci siamo soffermati sulle questioni legate ai collegamenti nell\u2019area (con particolare riferimento a quelli per Danta e a quello tra Santo Stefano e Calalzo, oggetti delle principali criticit\u00e0 segnalate dai sindaci del Comelico) e al tema del cadenzamento degli orari. Abbiamo per\u00f2 toccato anche altri argomenti, quali i progetti sui trasporti delle aree interne, fermi da molto tempo, ma anche la questione del trasporto olimpico: il Comelico, dotato di diversi posti letto, sar\u00e0 certamente interessato dall\u2019argomento, anche se non in maniera diretta, ed \u00e8 quindi opportuno valutare gli eventuali impatti, magari inserendo l\u2019area nel tavolo olimpico\u201d, aggiunge il consigliere Bortoluzzi, che conclude: \u201cL\u2019obiettivo \u00e8 ora accelerare sui tempi di soluzione delle criticit\u00e0, a partire dalle ricadute dell\u2019orario estivo (e alle ulteriori riduzioni previste nel mese di agosto), soprattutto nell\u2019ottica di garantire il servizio ai residenti, con particolare riferimento agli studenti, ai lavoratori e alle persone anziane, senza dimenticare naturalmente i turisti. Temi che porter\u00f2 nei prossimi giorni al tavolo di dialogo con Dolomitibus.\u201d<\/p>","protected":false},"excerpt":{"rendered":"<p>Belluno, 13 giugno 2025 &#8211; Il consigliere provinciale delegato alla Mobilit\u00e0 e Trasporti Massimo Bortoluzzi ha incontrato nel pomeriggio di oggi, nella sede dell\u2019Unione Montana Comelico, alcuni rappresentanti degli enti locali del territorio in ordine alle criticit\u00e0 manifestate dagli stessi riguardo al nuovo orario estivo di Dolomitibus. \u201cE\u2019 un impegno che mi ero assunto nei [&hellip;]<\/p>\n","protected":false},"author":2,"featured_media":152663,"comment_status":"closed","ping_status":"open","sticky":false,"template":"","format":"standard","meta":{"footnotes":""},"categories":[5,26],"tags":[],"class_list":["post-160947","post","type-post","status-publish","format-standard","has-post-thumbnail","category-cronaca","category-prima-pagina"],"yoast_head":"<!-- This site is optimized with the Yoast SEO plugin v28.4 - https:\/\/yoast.com\/product\/yoast-seo-wordpress\/ -->\n<title>Nuovo orario estivo di Dolomitibus. Il consigliere Bortoluzzi incontra i sindaci del Comelico - Bellunopress - Dolomiti<\/title>\n<meta name=\"robots\" content=\"index, follow, max-snippet:-1, max-image-preview:large, max-video-preview:-1\" \/>\n<link rel=\"canonical\" href=\"https:\/\/www.bellunopress.it\/fr\/2025\/06\/13\/nuovo-orario-estivo-di-dolomitibus-il-consigliere-bortoluzzi-incontra-i-sindaci-del-comelico\/\" \/>\n<meta property=\"og:locale\" content=\"fr_FR\" \/>\n<meta property=\"og:type\" content=\"article\" \/>\n<meta property=\"og:title\" content=\"Nuovo orario estivo di Dolomitibus. Il consigliere Bortoluzzi incontra i sindaci del Comelico - Bellunopress - Dolomiti\" \/>\n<meta property=\"og:description\" content=\"Belluno, 13 giugno 2025 &#8211; Il consigliere provinciale delegato alla Mobilit\u00e0 e Trasporti Massimo Bortoluzzi ha incontrato nel pomeriggio di oggi, nella sede dell\u2019Unione Montana Comelico, alcuni rappresentanti degli enti locali del territorio in ordine alle criticit\u00e0 manifestate dagli stessi riguardo al nuovo orario estivo di Dolomitibus. \u201cE\u2019 un impegno che mi ero assunto nei [&hellip;]\" \/>\n<meta property=\"og:url\" content=\"https:\/\/www.bellunopress.it\/fr\/2025\/06\/13\/nuovo-orario-estivo-di-dolomitibus-il-consigliere-bortoluzzi-incontra-i-sindaci-del-comelico\/\" \/>\n<meta property=\"og:site_name\" content=\"Bellunopress - Dolomiti\" \/>\n<meta property=\"article:publisher\" content=\"https:\/\/www.facebook.com\/profile.php?id=100008943462799\" \/>\n<meta property=\"article:published_time\" content=\"2025-06-13T15:56:58+00:00\" \/>\n<meta property=\"og:image\" content=\"https:\/\/www.bellunopress.it\/wp-content\/uploads\/2024\/07\/Massimo-Bortoluzzi-consigloiere-provinciale.jpg\" \/>\n\t<meta property=\"og:image:width\" content=\"643\" \/>\n\t<meta property=\"og:image:height\" content=\"491\" \/>\n\t<meta property=\"og:image:type\" content=\"image\/jpeg\" \/>\n<meta name=\"author\" content=\"redazione\" \/>\n<meta name=\"twitter:card\" content=\"summary_large_image\" \/>\n<meta name=\"twitter:creator\" content=\"@bellunopress\" \/>\n<meta name=\"twitter:site\" content=\"@bellunopress\" \/>\n<meta name=\"twitter:label1\" content=\"\u00c9crit par\" \/>\n\t<meta name=\"twitter:data1\" content=\"redazione\" \/>\n\t<meta name=\"twitter:label2\" content=\"Dur\u00e9e de lecture estim\u00e9e\" \/>\n\t<meta name=\"twitter:data2\" content=\"2 minutes\" \/>\n<script type=\"application\/ld+json\" class=\"yoast-schema-graph\">{\"@context\":\"https:\\\/\\\/schema.org\",\"@graph\":[{\"@type\":\"Article\",\"@id\":\"https:\\\/\\\/www.bellunopress.it\\\/2025\\\/06\\\/13\\\/nuovo-orario-estivo-di-dolomitibus-il-consigliere-bortoluzzi-incontra-i-sindaci-del-comelico\\\/#article\",\"isPartOf\":{\"@id\":\"https:\\\/\\\/www.bellunopress.it\\\/2025\\\/06\\\/13\\\/nuovo-orario-estivo-di-dolomitibus-il-consigliere-bortoluzzi-incontra-i-sindaci-del-comelico\\\/\"},\"author\":{\"name\":\"redazione\",\"@id\":\"https:\\\/\\\/www.bellunopress.it\\\/#\\\/schema\\\/person\\\/79bb06722b37ece1c03d3e94beb30d73\"},\"headline\":\"Nuovo orario estivo di Dolomitibus. Il consigliere Bortoluzzi incontra i sindaci del Comelico\",\"datePublished\":\"2025-06-13T15:56:58+00:00\",\"mainEntityOfPage\":{\"@id\":\"https:\\\/\\\/www.bellunopress.it\\\/2025\\\/06\\\/13\\\/nuovo-orario-estivo-di-dolomitibus-il-consigliere-bortoluzzi-incontra-i-sindaci-del-comelico\\\/\"},\"wordCount\":341,\"publisher\":{\"@id\":\"https:\\\/\\\/www.bellunopress.it\\\/#organization\"},\"image\":{\"@id\":\"https:\\\/\\\/www.bellunopress.it\\\/2025\\\/06\\\/13\\\/nuovo-orario-estivo-di-dolomitibus-il-consigliere-bortoluzzi-incontra-i-sindaci-del-comelico\\\/#primaryimage\"},\"thumbnailUrl\":\"https:\\\/\\\/www.bellunopress.it\\\/wp-content\\\/uploads\\\/2024\\\/07\\\/Massimo-Bortoluzzi-consigloiere-provinciale.jpg\",\"articleSection\":[\"Cronaca\\\/Politica\",\"Prima Pagina\"],\"inLanguage\":\"fr-FR\"},{\"@type\":\"WebPage\",\"@id\":\"https:\\\/\\\/www.bellunopress.it\\\/2025\\\/06\\\/13\\\/nuovo-orario-estivo-di-dolomitibus-il-consigliere-bortoluzzi-incontra-i-sindaci-del-comelico\\\/\",\"url\":\"https:\\\/\\\/www.bellunopress.it\\\/2025\\\/06\\\/13\\\/nuovo-orario-estivo-di-dolomitibus-il-consigliere-bortoluzzi-incontra-i-sindaci-del-comelico\\\/\",\"name\":\"Nuovo orario estivo di Dolomitibus. Il consigliere Bortoluzzi incontra i sindaci del Comelico - Bellunopress - Dolomiti\",\"isPartOf\":{\"@id\":\"https:\\\/\\\/www.bellunopress.it\\\/#website\"},\"primaryImageOfPage\":{\"@id\":\"https:\\\/\\\/www.bellunopress.it\\\/2025\\\/06\\\/13\\\/nuovo-orario-estivo-di-dolomitibus-il-consigliere-bortoluzzi-incontra-i-sindaci-del-comelico\\\/#primaryimage\"},\"image\":{\"@id\":\"https:\\\/\\\/www.bellunopress.it\\\/2025\\\/06\\\/13\\\/nuovo-orario-estivo-di-dolomitibus-il-consigliere-bortoluzzi-incontra-i-sindaci-del-comelico\\\/#primaryimage\"},\"thumbnailUrl\":\"https:\\\/\\\/www.bellunopress.it\\\/wp-content\\\/uploads\\\/2024\\\/07\\\/Massimo-Bortoluzzi-consigloiere-provinciale.jpg\",\"datePublished\":\"2025-06-13T15:56:58+00:00\",\"breadcrumb\":{\"@id\":\"https:\\\/\\\/www.bellunopress.it\\\/2025\\\/06\\\/13\\\/nuovo-orario-estivo-di-dolomitibus-il-consigliere-bortoluzzi-incontra-i-sindaci-del-comelico\\\/#breadcrumb\"},\"inLanguage\":\"fr-FR\",\"potentialAction\":[{\"@type\":\"ReadAction\",\"target\":[\"https:\\\/\\\/www.bellunopress.it\\\/2025\\\/06\\\/13\\\/nuovo-orario-estivo-di-dolomitibus-il-consigliere-bortoluzzi-incontra-i-sindaci-del-comelico\\\/\"]}]},{\"@type\":\"ImageObject\",\"inLanguage\":\"fr-FR\",\"@id\":\"https:\\\/\\\/www.bellunopress.it\\\/2025\\\/06\\\/13\\\/nuovo-orario-estivo-di-dolomitibus-il-consigliere-bortoluzzi-incontra-i-sindaci-del-comelico\\\/#primaryimage\",\"url\":\"https:\\\/\\\/www.bellunopress.it\\\/wp-content\\\/uploads\\\/2024\\\/07\\\/Massimo-Bortoluzzi-consigloiere-provinciale.jpg\",\"contentUrl\":\"https:\\\/\\\/www.bellunopress.it\\\/wp-content\\\/uploads\\\/2024\\\/07\\\/Massimo-Bortoluzzi-consigloiere-provinciale.jpg\",\"width\":643,\"height\":491,\"caption\":\"Massimo Bortoluzzi, gi\u00e0 consigliere provinciale delegato al Demanio idrico e Trasporti, Protezione civile e Difesa del suolo\"},{\"@type\":\"BreadcrumbList\",\"@id\":\"https:\\\/\\\/www.bellunopress.it\\\/2025\\\/06\\\/13\\\/nuovo-orario-estivo-di-dolomitibus-il-consigliere-bortoluzzi-incontra-i-sindaci-del-comelico\\\/#breadcrumb\",\"itemListElement\":[{\"@type\":\"ListItem\",\"position\":1,\"name\":\"Home\",\"item\":\"https:\\\/\\\/www.bellunopress.it\\\/\"},{\"@type\":\"ListItem\",\"position\":2,\"name\":\"Nuovo orario estivo di Dolomitibus. Il consigliere Bortoluzzi incontra i sindaci del Comelico\"}]},{\"@type\":\"WebSite\",\"@id\":\"https:\\\/\\\/www.bellunopress.it\\\/#website\",\"url\":\"https:\\\/\\\/www.bellunopress.it\\\/\",\"name\":\"Bellunopress - Dolomiti\",\"description\":\"e-mail: redazione@bellunopress.it\",\"publisher\":{\"@id\":\"https:\\\/\\\/www.bellunopress.it\\\/#organization\"},\"potentialAction\":[{\"@type\":\"SearchAction\",\"target\":{\"@type\":\"EntryPoint\",\"urlTemplate\":\"https:\\\/\\\/www.bellunopress.it\\\/?s={search_term_string}\"},\"query-input\":{\"@type\":\"PropertyValueSpecification\",\"valueRequired\":true,\"valueName\":\"search_term_string\"}}],\"inLanguage\":\"fr-FR\"},{\"@type\":\"Organization\",\"@id\":\"https:\\\/\\\/www.bellunopress.it\\\/#organization\",\"name\":\"Bellunopress\",\"url\":\"https:\\\/\\\/www.bellunopress.it\\\/\",\"logo\":{\"@type\":\"ImageObject\",\"inLanguage\":\"fr-FR\",\"@id\":\"https:\\\/\\\/www.bellunopress.it\\\/#\\\/schema\\\/logo\\\/image\\\/\",\"url\":\"https:\\\/\\\/www.bellunopress.it\\\/wp-content\\\/uploads\\\/2011\\\/05\\\/cropped-logo-bellunopress-.jpg\",\"contentUrl\":\"https:\\\/\\\/www.bellunopress.it\\\/wp-content\\\/uploads\\\/2011\\\/05\\\/cropped-logo-bellunopress-.jpg\",\"width\":512,\"height\":512,\"caption\":\"Bellunopress\"},\"image\":{\"@id\":\"https:\\\/\\\/www.bellunopress.it\\\/#\\\/schema\\\/logo\\\/image\\\/\"},\"sameAs\":[\"https:\\\/\\\/www.facebook.com\\\/profile.php?id=100008943462799\",\"https:\\\/\\\/x.com\\\/bellunopress\",\"https:\\\/\\\/www.linkedin.com\\\/hp\\\/?dnr=JBzUWaJfMUw8vbXJJ2tVW5-I3jZKvC4wsoxE&amp;amp;amp;amp;amp;amp;trk=nav_responsive_tab_home\",\"https:\\\/\\\/www.youtube.com\\\/channel\\\/UCxL0wu1uN0_3_7hGG0306cw\"]},{\"@type\":\"Person\",\"@id\":\"https:\\\/\\\/www.bellunopress.it\\\/#\\\/schema\\\/person\\\/79bb06722b37ece1c03d3e94beb30d73\",\"name\":\"redazione\",\"image\":{\"@type\":\"ImageObject\",\"inLanguage\":\"fr-FR\",\"@id\":\"https:\\\/\\\/secure.gravatar.com\\\/avatar\\\/37d968a2e67a6fd04c169c4bdef102d0bc5d31b2546345219e348575eb80e9a0?s=96&d=mm&r=g\",\"url\":\"https:\\\/\\\/secure.gravatar.com\\\/avatar\\\/37d968a2e67a6fd04c169c4bdef102d0bc5d31b2546345219e348575eb80e9a0?s=96&d=mm&r=g\",\"contentUrl\":\"https:\\\/\\\/secure.gravatar.com\\\/avatar\\\/37d968a2e67a6fd04c169c4bdef102d0bc5d31b2546345219e348575eb80e9a0?s=96&d=mm&r=g\",\"caption\":\"redazione\"},\"sameAs\":[\"http:\\\/\\\/www.bellunopress.it\",\"https:\\\/\\\/x.com\\\/bellunopress\"],\"url\":\"https:\\\/\\\/www.bellunopress.it\\\/fr\\\/author\\\/redazione\\\/\"}]}<\/script>\n<!-- \/ Yoast SEO plugin. -->","yoast_head_json":{"title":"Nuovo orario estivo di Dolomitibus. Il consigliere Bortoluzzi incontra i sindaci del Comelico - Bellunopress - Dolomiti","robots":{"index":"index","follow":"follow","max-snippet":"max-snippet:-1","max-image-preview":"max-image-preview:large","max-video-preview":"max-video-preview:-1"},"canonical":"https:\/\/www.bellunopress.it\/fr\/2025\/06\/13\/nuovo-orario-estivo-di-dolomitibus-il-consigliere-bortoluzzi-incontra-i-sindaci-del-comelico\/","og_locale":"fr_FR","og_type":"article","og_title":"Nuovo orario estivo di Dolomitibus. Il consigliere Bortoluzzi incontra i sindaci del Comelico - Bellunopress - Dolomiti","og_description":"Belluno, 13 giugno 2025 &#8211; Il consigliere provinciale delegato alla Mobilit\u00e0 e Trasporti Massimo Bortoluzzi ha incontrato nel pomeriggio di oggi, nella sede dell\u2019Unione Montana Comelico, alcuni rappresentanti degli enti locali del territorio in ordine alle criticit\u00e0 manifestate dagli stessi riguardo al nuovo orario estivo di Dolomitibus. \u201cE\u2019 un impegno che mi ero assunto nei [&hellip;]","og_url":"https:\/\/www.bellunopress.it\/fr\/2025\/06\/13\/nuovo-orario-estivo-di-dolomitibus-il-consigliere-bortoluzzi-incontra-i-sindaci-del-comelico\/","og_site_name":"Bellunopress - Dolomiti","article_publisher":"https:\/\/www.facebook.com\/profile.php?id=100008943462799","article_published_time":"2025-06-13T15:56:58+00:00","og_image":[{"width":643,"height":491,"url":"https:\/\/www.bellunopress.it\/wp-content\/uploads\/2024\/07\/Massimo-Bortoluzzi-consigloiere-provinciale.jpg","type":"image\/jpeg"}],"author":"redazione","twitter_card":"summary_large_image","twitter_creator":"@bellunopress","twitter_site":"@bellunopress","twitter_misc":{"\u00c9crit par":"redazione","Dur\u00e9e de lecture estim\u00e9e":"2 minutes"},"schema":{"@context":"https:\/\/schema.org","@graph":[{"@type":"Article","@id":"https:\/\/www.bellunopress.it\/2025\/06\/13\/nuovo-orario-estivo-di-dolomitibus-il-consigliere-bortoluzzi-incontra-i-sindaci-del-comelico\/#article","isPartOf":{"@id":"https:\/\/www.bellunopress.it\/2025\/06\/13\/nuovo-orario-estivo-di-dolomitibus-il-consigliere-bortoluzzi-incontra-i-sindaci-del-comelico\/"},"author":{"name":"redazione","@id":"https:\/\/www.bellunopress.it\/#\/schema\/person\/79bb06722b37ece1c03d3e94beb30d73"},"headline":"Nuovo orario estivo di Dolomitibus. Il consigliere Bortoluzzi incontra i sindaci del Comelico","datePublished":"2025-06-13T15:56:58+00:00","mainEntityOfPage":{"@id":"https:\/\/www.bellunopress.it\/2025\/06\/13\/nuovo-orario-estivo-di-dolomitibus-il-consigliere-bortoluzzi-incontra-i-sindaci-del-comelico\/"},"wordCount":341,"publisher":{"@id":"https:\/\/www.bellunopress.it\/#organization"},"image":{"@id":"https:\/\/www.bellunopress.it\/2025\/06\/13\/nuovo-orario-estivo-di-dolomitibus-il-consigliere-bortoluzzi-incontra-i-sindaci-del-comelico\/#primaryimage"},"thumbnailUrl":"https:\/\/www.bellunopress.it\/wp-content\/uploads\/2024\/07\/Massimo-Bortoluzzi-consigloiere-provinciale.jpg","articleSection":["Cronaca\/Politica","Prima Pagina"],"inLanguage":"fr-FR"},{"@type":"WebPage","@id":"https:\/\/www.bellunopress.it\/2025\/06\/13\/nuovo-orario-estivo-di-dolomitibus-il-consigliere-bortoluzzi-incontra-i-sindaci-del-comelico\/","url":"https:\/\/www.bellunopress.it\/2025\/06\/13\/nuovo-orario-estivo-di-dolomitibus-il-consigliere-bortoluzzi-incontra-i-sindaci-del-comelico\/","name":"Nuovo orario estivo di Dolomitibus. Il consigliere Bortoluzzi incontra i sindaci del Comelico - Bellunopress - Dolomiti","isPartOf":{"@id":"https:\/\/www.bellunopress.it\/#website"},"primaryImageOfPage":{"@id":"https:\/\/www.bellunopress.it\/2025\/06\/13\/nuovo-orario-estivo-di-dolomitibus-il-consigliere-bortoluzzi-incontra-i-sindaci-del-comelico\/#primaryimage"},"image":{"@id":"https:\/\/www.bellunopress.it\/2025\/06\/13\/nuovo-orario-estivo-di-dolomitibus-il-consigliere-bortoluzzi-incontra-i-sindaci-del-comelico\/#primaryimage"},"thumbnailUrl":"https:\/\/www.bellunopress.it\/wp-content\/uploads\/2024\/07\/Massimo-Bortoluzzi-consigloiere-provinciale.jpg","datePublished":"2025-06-13T15:56:58+00:00","breadcrumb":{"@id":"https:\/\/www.bellunopress.it\/2025\/06\/13\/nuovo-orario-estivo-di-dolomitibus-il-consigliere-bortoluzzi-incontra-i-sindaci-del-comelico\/#breadcrumb"},"inLanguage":"fr-FR","potentialAction":[{"@type":"ReadAction","target":["https:\/\/www.bellunopress.it\/2025\/06\/13\/nuovo-orario-estivo-di-dolomitibus-il-consigliere-bortoluzzi-incontra-i-sindaci-del-comelico\/"]}]},{"@type":"ImageObject","inLanguage":"fr-FR","@id":"https:\/\/www.bellunopress.it\/2025\/06\/13\/nuovo-orario-estivo-di-dolomitibus-il-consigliere-bortoluzzi-incontra-i-sindaci-del-comelico\/#primaryimage","url":"https:\/\/www.bellunopress.it\/wp-content\/uploads\/2024\/07\/Massimo-Bortoluzzi-consigloiere-provinciale.jpg","contentUrl":"https:\/\/www.bellunopress.it\/wp-content\/uploads\/2024\/07\/Massimo-Bortoluzzi-consigloiere-provinciale.jpg","width":643,"height":491,"caption":"Massimo Bortoluzzi, gi\u00e0 consigliere provinciale delegato al Demanio idrico e Trasporti, Protezione civile e Difesa del suolo"},{"@type":"BreadcrumbList","@id":"https:\/\/www.bellunopress.it\/2025\/06\/13\/nuovo-orario-estivo-di-dolomitibus-il-consigliere-bortoluzzi-incontra-i-sindaci-del-comelico\/#breadcrumb","itemListElement":[{"@type":"ListItem","position":1,"name":"Home","item":"https:\/\/www.bellunopress.it\/"},{"@type":"ListItem","position":2,"name":"Nuovo orario estivo di Dolomitibus. Il consigliere Bortoluzzi incontra i sindaci del Comelico"}]},{"@type":"WebSite","@id":"https:\/\/www.bellunopress.it\/#website","url":"https:\/\/www.bellunopress.it\/","name":"Bellunopress - Dolomiti","description":"e-mail: redazione@bellunopress.it","publisher":{"@id":"https:\/\/www.bellunopress.it\/#organization"},"potentialAction":[{"@type":"SearchAction","target":{"@type":"EntryPoint","urlTemplate":"https:\/\/www.bellunopress.it\/?s={search_term_string}"},"query-input":{"@type":"PropertyValueSpecification","valueRequired":true,"valueName":"search_term_string"}}],"inLanguage":"fr-FR"},{"@type":"Organization","@id":"https:\/\/www.bellunopress.it\/#organization","name":"Bellunopress","url":"https:\/\/www.bellunopress.it\/","logo":{"@type":"ImageObject","inLanguage":"fr-FR","@id":"https:\/\/www.bellunopress.it\/#\/schema\/logo\/image\/","url":"https:\/\/www.bellunopress.it\/wp-content\/uploads\/2011\/05\/cropped-logo-bellunopress-.jpg","contentUrl":"https:\/\/www.bellunopress.it\/wp-content\/uploads\/2011\/05\/cropped-logo-bellunopress-.jpg","width":512,"height":512,"caption":"Bellunopress"},"image":{"@id":"https:\/\/www.bellunopress.it\/#\/schema\/logo\/image\/"},"sameAs":["https:\/\/www.facebook.com\/profile.php?id=100008943462799","https:\/\/x.com\/bellunopress","https:\/\/www.linkedin.com\/hp\/?dnr=JBzUWaJfMUw8vbXJJ2tVW5-I3jZKvC4wsoxE&amp;amp;amp;amp;amp;amp;trk=nav_responsive_tab_home","https:\/\/www.youtube.com\/channel\/UCxL0wu1uN0_3_7hGG0306cw"]},{"@type":"Person","@id":"https:\/\/www.bellunopress.it\/#\/schema\/person\/79bb06722b37ece1c03d3e94beb30d73","name":"r\u00e9daction","image":{"@type":"ImageObject","inLanguage":"fr-FR","@id":"https:\/\/secure.gravatar.com\/avatar\/37d968a2e67a6fd04c169c4bdef102d0bc5d31b2546345219e348575eb80e9a0?s=96&d=mm&r=g","url":"https:\/\/secure.gravatar.com\/avatar\/37d968a2e67a6fd04c169c4bdef102d0bc5d31b2546345219e348575eb80e9a0?s=96&d=mm&r=g","contentUrl":"https:\/\/secure.gravatar.com\/avatar\/37d968a2e67a6fd04c169c4bdef102d0bc5d31b2546345219e348575eb80e9a0?s=96&d=mm&r=g","caption":"redazione"},"sameAs":["http:\/\/www.bellunopress.it","https:\/\/x.com\/bellunopress"],"url":"https:\/\/www.bellunopress.it\/fr\/author\/redazione\/"}]}},"_links":{"self":[{"href":"https:\/\/www.bellunopress.it\/fr\/wp-json\/wp\/v2\/posts\/160947","targetHints":{"allow":["GET"]}}],"collection":[{"href":"https:\/\/www.bellunopress.it\/fr\/wp-json\/wp\/v2\/posts"}],"about":[{"href":"https:\/\/www.bellunopress.it\/fr\/wp-json\/wp\/v2\/types\/post"}],"author":[{"embeddable":true,"href":"https:\/\/www.bellunopress.it\/fr\/wp-json\/wp\/v2\/users\/2"}],"replies":[{"embeddable":true,"href":"https:\/\/www.bellunopress.it\/fr\/wp-json\/wp\/v2\/comments?post=160947"}],"version-history":[{"count":1,"href":"https:\/\/www.bellunopress.it\/fr\/wp-json\/wp\/v2\/posts\/160947\/revisions"}],"predecessor-version":[{"id":160948,"href":"https:\/\/www.bellunopress.it\/fr\/wp-json\/wp\/v2\/posts\/160947\/revisions\/160948"}],"wp:featuredmedia":[{"embeddable":true,"href":"https:\/\/www.bellunopress.it\/fr\/wp-json\/wp\/v2\/media\/152663"}],"wp:attachment":[{"href":"https:\/\/www.bellunopress.it\/fr\/wp-json\/wp\/v2\/media?parent=160947"}],"wp:term":[{"taxonomy":"category","embeddable":true,"href":"https:\/\/www.bellunopress.it\/fr\/wp-json\/wp\/v2\/categories?post=160947"},{"taxonomy":"post_tag","embeddable":true,"href":"https:\/\/www.bellunopress.it\/fr\/wp-json\/wp\/v2\/tags?post=160947"}],"curies":[{"name":"wp","href":"https:\/\/api.w.org\/{rel}","templated":true}]}}