{"id":160815,"date":"2025-06-09T14:03:10","date_gmt":"2025-06-09T12:03:10","guid":{"rendered":"https:\/\/www.bellunopress.it\/?p=160815"},"modified":"2025-06-09T14:03:10","modified_gmt":"2025-06-09T12:03:10","slug":"la-sanita-regionale-sta-scivolando-lentamente-verso-il-privato-2","status":"publish","type":"post","link":"https:\/\/www.bellunopress.it\/fr\/2025\/06\/09\/la-sanita-regionale-sta-scivolando-lentamente-verso-il-privato-2\/","title":{"rendered":"La sanit\u00e0 regionale sta scivolando lentamente verso il privato?"},"content":{"rendered":"<p><img loading=\"lazy\" decoding=\"async\" class=\"aligncenter size-full wp-image-147029\" src=\"https:\/\/www.bellunopress.it\/wp-content\/uploads\/2023\/12\/Giu-le-mani-dalla-sanita-bellunese.jpg\" alt=\"\" width=\"937\" height=\"626\" srcset=\"https:\/\/www.bellunopress.it\/wp-content\/uploads\/2023\/12\/Giu-le-mani-dalla-sanita-bellunese.jpg 937w, https:\/\/www.bellunopress.it\/wp-content\/uploads\/2023\/12\/Giu-le-mani-dalla-sanita-bellunese-500x334.jpg 500w, https:\/\/www.bellunopress.it\/wp-content\/uploads\/2023\/12\/Giu-le-mani-dalla-sanita-bellunese-696x465.jpg 696w\" sizes=\"auto, (max-width: 937px) 100vw, 937px\" \/><strong>Testimonianze e denuncia di una gestione delle convenzioni che non pu\u00f2 \u201candare bene\u201d cos\u00ec * Comitato Feltrino diritto alla salute &#8211; Gi\u00f9 le mani dalla sanit\u00e0 bellunese<\/strong><\/p>\n<p>Dopo giorni in cui si parla di liste d\u2019attesa, ecco spuntare l\u2019articolo che indica, quale soluzione alla mancanza di medici, l\u2019esternalizzazione dei servizi all\u2019ULSS1 Dolomiti e in particolare l\u2019Ostetricia di Belluno, l\u2019anestesia di Pieve di Cadore e i Pronto soccorso di Belluno, Feltre, Agordo e Santo Stefano. Pieve di Cadore \u00e8 gi\u00e0 in gestione a medici che dipendono dalla societ\u00e0 privata che gestisce il Codivilla di Cortina.<\/p>\n<p>Si parla quindi di affidare a societ\u00e0 esterne i servizi sanitari di prima accoglienza (societ\u00e0 private ovviamente!) con esborso di denaro gi\u00e0 autorizzato dalla Crite (l\u2019organo che supporta la Giunta regionale nel processo di approvazione degli investimenti esaminando la compatibilit\u00e0 risorse e spesa).<br \/>\nLe strutture private prosperano qui ma anche negli altri servizi perch\u00e8 a loro si rivolgono le persone per sopperire all\u2019attesa di visite o esami diagnostici che il servizio pubblico non riesce a smaltire in tempo congruo.<br \/>\nQueste strutture pubbliche sono \u201cconvenzionate\u201d e operano grazie a fondi pubblici (le tasse di noi cittadini, per intenderci) ma spesso risolvono i problemi solo a chi pu\u00f2 economicamente (in pratica li pagano due volte).<\/p>\n<p>In 10 anni c\u2019\u00e8 stato un aumento di 4 volte degli ambulatori privati in Veneto, i veneti sono al primo posto in italia fra coloro che sono pi\u00f9 disposti a spendere nel privato.<br \/>\nSe la prima fase \u00e8 stata quella di smantellare il servizio pubblico, ora siamo gi\u00e0 alla seconda fase dove si sostiene la sanit\u00e0 privata perch\u00e8 a detta dell\u2019attuale \u201cgovernance\u201d veneta \u00e8 la sola a \u201csalvarci\u201d. In aiuto alle strutture private \u00e8 arrivata anche la Regione con la decisione di rimborsare il privato convenzionato di pi\u00f9 rispetto alle tabelle indicate dallo stesso Governo centrale. \u201cSiamo a posto con i conti \u201c comunica la Lanzarin &#8230;( per poi vedere uscire sui giornali la notizia che l\u2019ospedale di Feltre chiude il bilancio 2924 con una perdita di oltre 17 milioni di euro &#8230;\u201d facendo accendere i riflettori\u201d sulla sostenibilit\u00e0 economica della stessa Aulss1 Dolomiti e in particolare sui costi sostenuti per garantire i servizi).<\/p>\n<p>Si acquistano prestazioni e convenzioni ma non si assume.<\/p>\n<p>Il Comitato Feltrino diritto alla salute &#8211; gi\u00f9 le mani dalla Sanit\u00e0 bellunese non ci sta, anche perch\u00e8 giungono a noi delle testimonianze che devono portare tutti i bellunesi a fare delle riflessioni sulla necessit\u00e0 di tenere ben stretti i servizi pubblici ancora esistenti. Molti utenti, sappiamo, subiscono in solitudine vicende che non sono pi\u00f9 tollerate.<br \/>\nSiamo dalla parte dell\u2019efficiente personale dipendente che opera nelle nostre strutture bellunesi e che ancora tiene alto il nostro livello disanit\u00e0 pubblica.<br \/>\nMa non possiamo starcene zitti e riportiamo tre esempi che spiegano bene come le prestazioni esterne non siano cos\u00ec efficienti! grave poi \u00e8 la situazione quando si tratta di gettonisti e prestazioni svolte all\u2019interno dell\u2019Ospedale pubblico.<\/p>\n<p>Il primo caso riguarda due impegnative di ecoaddome e di ecografia alla tiroide dirottate dall\u2019ospedale di Belluno a struttura privata convenzionata. Qui viene diagnosticata la totale assenza della tiroide che porta l\u2019utente a precipitarsi in altra strutura privata (a pagamento ovviamente) per avere smentito il primo referto.<\/p>\n<p>Il secondo caso riguarda una paziente che, avendo dei dubbi su diagnosi data dal servizio pubblico, si rivolge a struttura privata. Una \u201cattenta\u201d diagnosi porta la paziente a fare poi un intervento dal costo superiore a 7000 euro. Questa situazione non \u00e8 la prima vlta che accade e non sar\u00e0 l\u2019ultima: anche per un alluce valvo o una catarrata si va oltre confine aulss e si pagano somme di denaro non per tutti.<\/p>\n<p>Ultimo caso, pi\u00f9 recente, denunciata anche dall\u2019interessata sui giornali (ma non tutti pubblicano!), desta clamore e forse una necessaria e importante riflessione su quanto accade con l\u2019acquisizione di prestazioni esterne ma dentro i nostri ospedali. Questo \u00e8 quanto accaduto ad un\u2019utente con disturbi ad un arto che, dopo aver iniziato l\u2019iter \u201cmedico di base e ortopedico poi\u201d, arriva finalmente ad avere una visita dal fisiatra all\u2019ospedale di Belluno.<br \/>\nQui le due situazioni gravi che si sono venute a creare:<br \/>\nLa prima &#8211; Su indicazioni dell\u2019ortopedico venivano richieste le valutazioni e l\u2019opportuna presa in carico del fisiatra per la prescrizione di due cicli di terapie. Uno dei due cicli &#8211; a detta della fisiatra &#8211; non sarebbe stato erogato dal servizio pubblico e seguiva invito a rivolgersi a struttura privata.<br \/>\nLa seconda &#8211; non rilasciava alcuna impegnativa per l\u2019altro ciclo di terapia e reindirizzava la paziente ad altra visita fisiatra nella struttura di Lamon.<br \/>\nDue errori gravissimi che sono stati portati alla luce grazie alla conoscenza dell\u2019esistenza del nostro Comitato (ma questo non \u00e8 purtroppo una soluzione) e alla presa in carico dell\u2019accaduto ma soprattutto alla caparbiet\u00e0 della stessa paziente trovando che<br \/>\n1) ambedue i cicli di terapia sono erogati dal SSN.<br \/>\n2) La fisiatra presta servizio in qualit\u00e0 di gettonista e calendarizza in 3-4 volte al mese , su richiesta quindi, la prestazione in Ospedale a Belluno.<\/p>\n<p>La figura del gettonista &#8211; molti non lo sanno &#8211; riguarda medici\/mediche che vengono chiamati per coprire turni specifici o per sostituire personale in strutture sanitarie. Non dipendono quindi dalla struttura privata o dall\u2019Ulss, sono nati nel periodo della pandemia , sono pagati con alti compensi orari (100-200 euro) , sono ancora oggi chiamati per effettuare prestazioni nel Servizio Sanitario Nazionale (non si capisce perch\u00e8 siano ancora normati tanto che molti medici dal pubblico si licenziano e preferiscono questo tipo di soluzione perch\u00e8 pi\u00f9 pagati e con scelta del tempo da dedicare al lavoro) e perch\u00e8 vi sia ancora, da anni nel pubblico, il tetto di spesa e il blocco delle assunzioni. Il\/la gettonista non rilascia impegnative per prestazioni costringendo il paziente a ritornare dal medico di base o nel caso specifico a ritornare dal fisiatra dipendente pubblico . la paziente sarebbe costretta quindi a rimettersi in lista d\u2019attesa, attendere una prenotazione e pagare di nuovo il ticket, nel caso migliore.<br \/>\nE\u2019 ovvio quindi che denunciamo l\u2019accaduto perch\u00e8 se questa persona non avesse voluto capirci qualcosa in pi\u00f9, la stessa si sarebbe rivolta al privato pagando<br \/>\n&#8211; ciclo non prescritto di terapia FKT da 30 a 60 euro a seduta ( 10 sedute minimo)<br \/>\n&#8211; ad un\u2019altra visita fisiatra per l\u2019altra prescrizione di ciclo da altro fisiatra ( anche fino a 200 euro se privata per l\u2019urgenza )<br \/>\nCIO\u2019 E\u2019 ASSOLUTAMENTE IMPOSSIBILE ED INAMMISSIBILE<br \/>\nSolo dopo attenta e puntuale segnalazione al centro di riabilitazione di Lamon e di Feltre e grazie al personale in servizio che ha compreso la grave situazione, questa ultima storia sembra avere un finale diverso e migliore.<\/p>\n<p>E\u2019 ovvio che non solo quete situzioni non devono accadere ma vanno denunciate (la lettera di segnalazione da parte dell\u2019utente all\u2019URP e per conoscenza anche a sanitabellunese@gmail.com non ha ancora ricevuto risposta), ma vanno altres\u00ec ostacolate queste scelte che vanno nella direzione di voler distruggere il Servizio Sanitario Pubblico e di rendere pi\u00f9 forti i forti e pi\u00f9 deboli i deboli aumentando la disuguagliaza e affossando l\u2019equit\u00e0. Ci\u00f2 dimostra che la privatizzazione \u00e8 un disegno ben chiaro a molti ma ancora di difficile comprensione ai tanti.<\/p>\n<p>\u201c La sanit\u00e0 non \u00e8 una merce. La sanit\u00e0 non si vende ma si difende\u201d non \u00e8 uno slogan ma richiede indignazione e partecipazione anche di tutti noi bellunesi.<\/p>\n<p><strong>Comitato Feltrino diritto alla salute &#8211; Gi\u00f9 le mani dalla sanit\u00e0 bellunese<\/strong><\/p>","protected":false},"excerpt":{"rendered":"<p>Testimonianze e denuncia di una gestione delle convenzioni che non pu\u00f2 \u201candare bene\u201d cos\u00ec * Comitato Feltrino diritto alla salute &#8211; Gi\u00f9 le mani dalla sanit\u00e0 bellunese Dopo giorni in cui si parla di liste d\u2019attesa, ecco spuntare l\u2019articolo che indica, quale soluzione alla mancanza di medici, l\u2019esternalizzazione dei servizi all\u2019ULSS1 Dolomiti e in particolare [&hellip;]<\/p>\n","protected":false},"author":2,"featured_media":151167,"comment_status":"closed","ping_status":"open","sticky":false,"template":"","format":"standard","meta":{"footnotes":""},"categories":[1,26,17],"tags":[],"class_list":["post-160815","post","type-post","status-publish","format-standard","has-post-thumbnail","category-leo","category-prima-pagina","category-sanita"],"yoast_head":"<!-- This site is optimized with the Yoast SEO plugin v28.4 - https:\/\/yoast.com\/product\/yoast-seo-wordpress\/ -->\n<title>La sanit\u00e0 regionale sta scivolando lentamente verso il privato? - Bellunopress - Dolomiti<\/title>\n<meta name=\"robots\" content=\"index, follow, max-snippet:-1, max-image-preview:large, max-video-preview:-1\" \/>\n<link rel=\"canonical\" href=\"https:\/\/www.bellunopress.it\/fr\/2025\/06\/09\/la-sanita-regionale-sta-scivolando-lentamente-verso-il-privato-2\/\" \/>\n<meta property=\"og:locale\" content=\"fr_FR\" \/>\n<meta property=\"og:type\" content=\"article\" \/>\n<meta property=\"og:title\" content=\"La sanit\u00e0 regionale sta scivolando lentamente verso il privato? - Bellunopress - Dolomiti\" \/>\n<meta property=\"og:description\" content=\"Testimonianze e denuncia di una gestione delle convenzioni che non pu\u00f2 \u201candare bene\u201d cos\u00ec * Comitato Feltrino diritto alla salute &#8211; Gi\u00f9 le mani dalla sanit\u00e0 bellunese Dopo giorni in cui si parla di liste d\u2019attesa, ecco spuntare l\u2019articolo che indica, quale soluzione alla mancanza di medici, l\u2019esternalizzazione dei servizi all\u2019ULSS1 Dolomiti e in particolare [&hellip;]\" \/>\n<meta property=\"og:url\" content=\"https:\/\/www.bellunopress.it\/fr\/2025\/06\/09\/la-sanita-regionale-sta-scivolando-lentamente-verso-il-privato-2\/\" \/>\n<meta property=\"og:site_name\" content=\"Bellunopress - Dolomiti\" \/>\n<meta property=\"article:publisher\" content=\"https:\/\/www.facebook.com\/profile.php?id=100008943462799\" \/>\n<meta property=\"article:published_time\" content=\"2025-06-09T12:03:10+00:00\" \/>\n<meta property=\"og:image\" content=\"https:\/\/www.bellunopress.it\/wp-content\/uploads\/2024\/05\/comitato-feltrino-per-il-diritto-alla-salute.jpg\" \/>\n\t<meta property=\"og:image:width\" content=\"510\" \/>\n\t<meta property=\"og:image:height\" content=\"401\" \/>\n\t<meta property=\"og:image:type\" content=\"image\/jpeg\" \/>\n<meta name=\"author\" content=\"redazione\" \/>\n<meta name=\"twitter:card\" content=\"summary_large_image\" \/>\n<meta name=\"twitter:creator\" content=\"@bellunopress\" \/>\n<meta name=\"twitter:site\" content=\"@bellunopress\" \/>\n<meta name=\"twitter:label1\" content=\"\u00c9crit par\" \/>\n\t<meta name=\"twitter:data1\" content=\"redazione\" \/>\n\t<meta name=\"twitter:label2\" content=\"Dur\u00e9e de lecture estim\u00e9e\" \/>\n\t<meta name=\"twitter:data2\" content=\"6 minutes\" \/>\n<script type=\"application\/ld+json\" class=\"yoast-schema-graph\">{\"@context\":\"https:\\\/\\\/schema.org\",\"@graph\":[{\"@type\":\"Article\",\"@id\":\"https:\\\/\\\/www.bellunopress.it\\\/2025\\\/06\\\/09\\\/la-sanita-regionale-sta-scivolando-lentamente-verso-il-privato-2\\\/#article\",\"isPartOf\":{\"@id\":\"https:\\\/\\\/www.bellunopress.it\\\/2025\\\/06\\\/09\\\/la-sanita-regionale-sta-scivolando-lentamente-verso-il-privato-2\\\/\"},\"author\":{\"name\":\"redazione\",\"@id\":\"https:\\\/\\\/www.bellunopress.it\\\/#\\\/schema\\\/person\\\/79bb06722b37ece1c03d3e94beb30d73\"},\"headline\":\"La sanit\u00e0 regionale sta scivolando lentamente verso il privato?\",\"datePublished\":\"2025-06-09T12:03:10+00:00\",\"mainEntityOfPage\":{\"@id\":\"https:\\\/\\\/www.bellunopress.it\\\/2025\\\/06\\\/09\\\/la-sanita-regionale-sta-scivolando-lentamente-verso-il-privato-2\\\/\"},\"wordCount\":1243,\"publisher\":{\"@id\":\"https:\\\/\\\/www.bellunopress.it\\\/#organization\"},\"image\":{\"@id\":\"https:\\\/\\\/www.bellunopress.it\\\/2025\\\/06\\\/09\\\/la-sanita-regionale-sta-scivolando-lentamente-verso-il-privato-2\\\/#primaryimage\"},\"thumbnailUrl\":\"https:\\\/\\\/www.bellunopress.it\\\/wp-content\\\/uploads\\\/2024\\\/05\\\/comitato-feltrino-per-il-diritto-alla-salute.jpg\",\"articleSection\":[\"Lettere Opinioni\",\"Prima Pagina\",\"Sanit\u00e0 Medicina\"],\"inLanguage\":\"fr-FR\"},{\"@type\":\"WebPage\",\"@id\":\"https:\\\/\\\/www.bellunopress.it\\\/2025\\\/06\\\/09\\\/la-sanita-regionale-sta-scivolando-lentamente-verso-il-privato-2\\\/\",\"url\":\"https:\\\/\\\/www.bellunopress.it\\\/2025\\\/06\\\/09\\\/la-sanita-regionale-sta-scivolando-lentamente-verso-il-privato-2\\\/\",\"name\":\"La sanit\u00e0 regionale sta scivolando lentamente verso il privato? - Bellunopress - Dolomiti\",\"isPartOf\":{\"@id\":\"https:\\\/\\\/www.bellunopress.it\\\/#website\"},\"primaryImageOfPage\":{\"@id\":\"https:\\\/\\\/www.bellunopress.it\\\/2025\\\/06\\\/09\\\/la-sanita-regionale-sta-scivolando-lentamente-verso-il-privato-2\\\/#primaryimage\"},\"image\":{\"@id\":\"https:\\\/\\\/www.bellunopress.it\\\/2025\\\/06\\\/09\\\/la-sanita-regionale-sta-scivolando-lentamente-verso-il-privato-2\\\/#primaryimage\"},\"thumbnailUrl\":\"https:\\\/\\\/www.bellunopress.it\\\/wp-content\\\/uploads\\\/2024\\\/05\\\/comitato-feltrino-per-il-diritto-alla-salute.jpg\",\"datePublished\":\"2025-06-09T12:03:10+00:00\",\"breadcrumb\":{\"@id\":\"https:\\\/\\\/www.bellunopress.it\\\/2025\\\/06\\\/09\\\/la-sanita-regionale-sta-scivolando-lentamente-verso-il-privato-2\\\/#breadcrumb\"},\"inLanguage\":\"fr-FR\",\"potentialAction\":[{\"@type\":\"ReadAction\",\"target\":[\"https:\\\/\\\/www.bellunopress.it\\\/2025\\\/06\\\/09\\\/la-sanita-regionale-sta-scivolando-lentamente-verso-il-privato-2\\\/\"]}]},{\"@type\":\"ImageObject\",\"inLanguage\":\"fr-FR\",\"@id\":\"https:\\\/\\\/www.bellunopress.it\\\/2025\\\/06\\\/09\\\/la-sanita-regionale-sta-scivolando-lentamente-verso-il-privato-2\\\/#primaryimage\",\"url\":\"https:\\\/\\\/www.bellunopress.it\\\/wp-content\\\/uploads\\\/2024\\\/05\\\/comitato-feltrino-per-il-diritto-alla-salute.jpg\",\"contentUrl\":\"https:\\\/\\\/www.bellunopress.it\\\/wp-content\\\/uploads\\\/2024\\\/05\\\/comitato-feltrino-per-il-diritto-alla-salute.jpg\",\"width\":510,\"height\":401},{\"@type\":\"BreadcrumbList\",\"@id\":\"https:\\\/\\\/www.bellunopress.it\\\/2025\\\/06\\\/09\\\/la-sanita-regionale-sta-scivolando-lentamente-verso-il-privato-2\\\/#breadcrumb\",\"itemListElement\":[{\"@type\":\"ListItem\",\"position\":1,\"name\":\"Home\",\"item\":\"https:\\\/\\\/www.bellunopress.it\\\/\"},{\"@type\":\"ListItem\",\"position\":2,\"name\":\"La sanit\u00e0 regionale sta scivolando lentamente verso il privato?\"}]},{\"@type\":\"WebSite\",\"@id\":\"https:\\\/\\\/www.bellunopress.it\\\/#website\",\"url\":\"https:\\\/\\\/www.bellunopress.it\\\/\",\"name\":\"Bellunopress - Dolomiti\",\"description\":\"e-mail: redazione@bellunopress.it\",\"publisher\":{\"@id\":\"https:\\\/\\\/www.bellunopress.it\\\/#organization\"},\"potentialAction\":[{\"@type\":\"SearchAction\",\"target\":{\"@type\":\"EntryPoint\",\"urlTemplate\":\"https:\\\/\\\/www.bellunopress.it\\\/?s={search_term_string}\"},\"query-input\":{\"@type\":\"PropertyValueSpecification\",\"valueRequired\":true,\"valueName\":\"search_term_string\"}}],\"inLanguage\":\"fr-FR\"},{\"@type\":\"Organization\",\"@id\":\"https:\\\/\\\/www.bellunopress.it\\\/#organization\",\"name\":\"Bellunopress\",\"url\":\"https:\\\/\\\/www.bellunopress.it\\\/\",\"logo\":{\"@type\":\"ImageObject\",\"inLanguage\":\"fr-FR\",\"@id\":\"https:\\\/\\\/www.bellunopress.it\\\/#\\\/schema\\\/logo\\\/image\\\/\",\"url\":\"https:\\\/\\\/www.bellunopress.it\\\/wp-content\\\/uploads\\\/2011\\\/05\\\/cropped-logo-bellunopress-.jpg\",\"contentUrl\":\"https:\\\/\\\/www.bellunopress.it\\\/wp-content\\\/uploads\\\/2011\\\/05\\\/cropped-logo-bellunopress-.jpg\",\"width\":512,\"height\":512,\"caption\":\"Bellunopress\"},\"image\":{\"@id\":\"https:\\\/\\\/www.bellunopress.it\\\/#\\\/schema\\\/logo\\\/image\\\/\"},\"sameAs\":[\"https:\\\/\\\/www.facebook.com\\\/profile.php?id=100008943462799\",\"https:\\\/\\\/x.com\\\/bellunopress\",\"https:\\\/\\\/www.linkedin.com\\\/hp\\\/?dnr=JBzUWaJfMUw8vbXJJ2tVW5-I3jZKvC4wsoxE&amp;amp;amp;amp;amp;amp;trk=nav_responsive_tab_home\",\"https:\\\/\\\/www.youtube.com\\\/channel\\\/UCxL0wu1uN0_3_7hGG0306cw\"]},{\"@type\":\"Person\",\"@id\":\"https:\\\/\\\/www.bellunopress.it\\\/#\\\/schema\\\/person\\\/79bb06722b37ece1c03d3e94beb30d73\",\"name\":\"redazione\",\"image\":{\"@type\":\"ImageObject\",\"inLanguage\":\"fr-FR\",\"@id\":\"https:\\\/\\\/secure.gravatar.com\\\/avatar\\\/37d968a2e67a6fd04c169c4bdef102d0bc5d31b2546345219e348575eb80e9a0?s=96&d=mm&r=g\",\"url\":\"https:\\\/\\\/secure.gravatar.com\\\/avatar\\\/37d968a2e67a6fd04c169c4bdef102d0bc5d31b2546345219e348575eb80e9a0?s=96&d=mm&r=g\",\"contentUrl\":\"https:\\\/\\\/secure.gravatar.com\\\/avatar\\\/37d968a2e67a6fd04c169c4bdef102d0bc5d31b2546345219e348575eb80e9a0?s=96&d=mm&r=g\",\"caption\":\"redazione\"},\"sameAs\":[\"http:\\\/\\\/www.bellunopress.it\",\"https:\\\/\\\/x.com\\\/bellunopress\"],\"url\":\"https:\\\/\\\/www.bellunopress.it\\\/fr\\\/author\\\/redazione\\\/\"}]}<\/script>\n<!-- \/ Yoast SEO plugin. -->","yoast_head_json":{"title":"La sanit\u00e0 regionale sta scivolando lentamente verso il privato? - Bellunopress - Dolomiti","robots":{"index":"index","follow":"follow","max-snippet":"max-snippet:-1","max-image-preview":"max-image-preview:large","max-video-preview":"max-video-preview:-1"},"canonical":"https:\/\/www.bellunopress.it\/fr\/2025\/06\/09\/la-sanita-regionale-sta-scivolando-lentamente-verso-il-privato-2\/","og_locale":"fr_FR","og_type":"article","og_title":"La sanit\u00e0 regionale sta scivolando lentamente verso il privato? - Bellunopress - Dolomiti","og_description":"Testimonianze e denuncia di una gestione delle convenzioni che non pu\u00f2 \u201candare bene\u201d cos\u00ec * Comitato Feltrino diritto alla salute &#8211; Gi\u00f9 le mani dalla sanit\u00e0 bellunese Dopo giorni in cui si parla di liste d\u2019attesa, ecco spuntare l\u2019articolo che indica, quale soluzione alla mancanza di medici, l\u2019esternalizzazione dei servizi all\u2019ULSS1 Dolomiti e in particolare [&hellip;]","og_url":"https:\/\/www.bellunopress.it\/fr\/2025\/06\/09\/la-sanita-regionale-sta-scivolando-lentamente-verso-il-privato-2\/","og_site_name":"Bellunopress - Dolomiti","article_publisher":"https:\/\/www.facebook.com\/profile.php?id=100008943462799","article_published_time":"2025-06-09T12:03:10+00:00","og_image":[{"width":510,"height":401,"url":"https:\/\/www.bellunopress.it\/wp-content\/uploads\/2024\/05\/comitato-feltrino-per-il-diritto-alla-salute.jpg","type":"image\/jpeg"}],"author":"redazione","twitter_card":"summary_large_image","twitter_creator":"@bellunopress","twitter_site":"@bellunopress","twitter_misc":{"\u00c9crit par":"redazione","Dur\u00e9e de lecture estim\u00e9e":"6 minutes"},"schema":{"@context":"https:\/\/schema.org","@graph":[{"@type":"Article","@id":"https:\/\/www.bellunopress.it\/2025\/06\/09\/la-sanita-regionale-sta-scivolando-lentamente-verso-il-privato-2\/#article","isPartOf":{"@id":"https:\/\/www.bellunopress.it\/2025\/06\/09\/la-sanita-regionale-sta-scivolando-lentamente-verso-il-privato-2\/"},"author":{"name":"redazione","@id":"https:\/\/www.bellunopress.it\/#\/schema\/person\/79bb06722b37ece1c03d3e94beb30d73"},"headline":"La sanit\u00e0 regionale sta scivolando lentamente verso il privato?","datePublished":"2025-06-09T12:03:10+00:00","mainEntityOfPage":{"@id":"https:\/\/www.bellunopress.it\/2025\/06\/09\/la-sanita-regionale-sta-scivolando-lentamente-verso-il-privato-2\/"},"wordCount":1243,"publisher":{"@id":"https:\/\/www.bellunopress.it\/#organization"},"image":{"@id":"https:\/\/www.bellunopress.it\/2025\/06\/09\/la-sanita-regionale-sta-scivolando-lentamente-verso-il-privato-2\/#primaryimage"},"thumbnailUrl":"https:\/\/www.bellunopress.it\/wp-content\/uploads\/2024\/05\/comitato-feltrino-per-il-diritto-alla-salute.jpg","articleSection":["Lettere Opinioni","Prima Pagina","Sanit\u00e0 Medicina"],"inLanguage":"fr-FR"},{"@type":"WebPage","@id":"https:\/\/www.bellunopress.it\/2025\/06\/09\/la-sanita-regionale-sta-scivolando-lentamente-verso-il-privato-2\/","url":"https:\/\/www.bellunopress.it\/2025\/06\/09\/la-sanita-regionale-sta-scivolando-lentamente-verso-il-privato-2\/","name":"La sanit\u00e0 regionale sta scivolando lentamente verso il privato? - Bellunopress - Dolomiti","isPartOf":{"@id":"https:\/\/www.bellunopress.it\/#website"},"primaryImageOfPage":{"@id":"https:\/\/www.bellunopress.it\/2025\/06\/09\/la-sanita-regionale-sta-scivolando-lentamente-verso-il-privato-2\/#primaryimage"},"image":{"@id":"https:\/\/www.bellunopress.it\/2025\/06\/09\/la-sanita-regionale-sta-scivolando-lentamente-verso-il-privato-2\/#primaryimage"},"thumbnailUrl":"https:\/\/www.bellunopress.it\/wp-content\/uploads\/2024\/05\/comitato-feltrino-per-il-diritto-alla-salute.jpg","datePublished":"2025-06-09T12:03:10+00:00","breadcrumb":{"@id":"https:\/\/www.bellunopress.it\/2025\/06\/09\/la-sanita-regionale-sta-scivolando-lentamente-verso-il-privato-2\/#breadcrumb"},"inLanguage":"fr-FR","potentialAction":[{"@type":"ReadAction","target":["https:\/\/www.bellunopress.it\/2025\/06\/09\/la-sanita-regionale-sta-scivolando-lentamente-verso-il-privato-2\/"]}]},{"@type":"ImageObject","inLanguage":"fr-FR","@id":"https:\/\/www.bellunopress.it\/2025\/06\/09\/la-sanita-regionale-sta-scivolando-lentamente-verso-il-privato-2\/#primaryimage","url":"https:\/\/www.bellunopress.it\/wp-content\/uploads\/2024\/05\/comitato-feltrino-per-il-diritto-alla-salute.jpg","contentUrl":"https:\/\/www.bellunopress.it\/wp-content\/uploads\/2024\/05\/comitato-feltrino-per-il-diritto-alla-salute.jpg","width":510,"height":401},{"@type":"BreadcrumbList","@id":"https:\/\/www.bellunopress.it\/2025\/06\/09\/la-sanita-regionale-sta-scivolando-lentamente-verso-il-privato-2\/#breadcrumb","itemListElement":[{"@type":"ListItem","position":1,"name":"Home","item":"https:\/\/www.bellunopress.it\/"},{"@type":"ListItem","position":2,"name":"La sanit\u00e0 regionale sta scivolando lentamente verso il privato?"}]},{"@type":"WebSite","@id":"https:\/\/www.bellunopress.it\/#website","url":"https:\/\/www.bellunopress.it\/","name":"Bellunopress - Dolomiti","description":"e-mail: redazione@bellunopress.it","publisher":{"@id":"https:\/\/www.bellunopress.it\/#organization"},"potentialAction":[{"@type":"SearchAction","target":{"@type":"EntryPoint","urlTemplate":"https:\/\/www.bellunopress.it\/?s={search_term_string}"},"query-input":{"@type":"PropertyValueSpecification","valueRequired":true,"valueName":"search_term_string"}}],"inLanguage":"fr-FR"},{"@type":"Organization","@id":"https:\/\/www.bellunopress.it\/#organization","name":"Bellunopress","url":"https:\/\/www.bellunopress.it\/","logo":{"@type":"ImageObject","inLanguage":"fr-FR","@id":"https:\/\/www.bellunopress.it\/#\/schema\/logo\/image\/","url":"https:\/\/www.bellunopress.it\/wp-content\/uploads\/2011\/05\/cropped-logo-bellunopress-.jpg","contentUrl":"https:\/\/www.bellunopress.it\/wp-content\/uploads\/2011\/05\/cropped-logo-bellunopress-.jpg","width":512,"height":512,"caption":"Bellunopress"},"image":{"@id":"https:\/\/www.bellunopress.it\/#\/schema\/logo\/image\/"},"sameAs":["https:\/\/www.facebook.com\/profile.php?id=100008943462799","https:\/\/x.com\/bellunopress","https:\/\/www.linkedin.com\/hp\/?dnr=JBzUWaJfMUw8vbXJJ2tVW5-I3jZKvC4wsoxE&amp;amp;amp;amp;amp;amp;trk=nav_responsive_tab_home","https:\/\/www.youtube.com\/channel\/UCxL0wu1uN0_3_7hGG0306cw"]},{"@type":"Person","@id":"https:\/\/www.bellunopress.it\/#\/schema\/person\/79bb06722b37ece1c03d3e94beb30d73","name":"r\u00e9daction","image":{"@type":"ImageObject","inLanguage":"fr-FR","@id":"https:\/\/secure.gravatar.com\/avatar\/37d968a2e67a6fd04c169c4bdef102d0bc5d31b2546345219e348575eb80e9a0?s=96&d=mm&r=g","url":"https:\/\/secure.gravatar.com\/avatar\/37d968a2e67a6fd04c169c4bdef102d0bc5d31b2546345219e348575eb80e9a0?s=96&d=mm&r=g","contentUrl":"https:\/\/secure.gravatar.com\/avatar\/37d968a2e67a6fd04c169c4bdef102d0bc5d31b2546345219e348575eb80e9a0?s=96&d=mm&r=g","caption":"redazione"},"sameAs":["http:\/\/www.bellunopress.it","https:\/\/x.com\/bellunopress"],"url":"https:\/\/www.bellunopress.it\/fr\/author\/redazione\/"}]}},"_links":{"self":[{"href":"https:\/\/www.bellunopress.it\/fr\/wp-json\/wp\/v2\/posts\/160815","targetHints":{"allow":["GET"]}}],"collection":[{"href":"https:\/\/www.bellunopress.it\/fr\/wp-json\/wp\/v2\/posts"}],"about":[{"href":"https:\/\/www.bellunopress.it\/fr\/wp-json\/wp\/v2\/types\/post"}],"author":[{"embeddable":true,"href":"https:\/\/www.bellunopress.it\/fr\/wp-json\/wp\/v2\/users\/2"}],"replies":[{"embeddable":true,"href":"https:\/\/www.bellunopress.it\/fr\/wp-json\/wp\/v2\/comments?post=160815"}],"version-history":[{"count":1,"href":"https:\/\/www.bellunopress.it\/fr\/wp-json\/wp\/v2\/posts\/160815\/revisions"}],"predecessor-version":[{"id":160816,"href":"https:\/\/www.bellunopress.it\/fr\/wp-json\/wp\/v2\/posts\/160815\/revisions\/160816"}],"wp:featuredmedia":[{"embeddable":true,"href":"https:\/\/www.bellunopress.it\/fr\/wp-json\/wp\/v2\/media\/151167"}],"wp:attachment":[{"href":"https:\/\/www.bellunopress.it\/fr\/wp-json\/wp\/v2\/media?parent=160815"}],"wp:term":[{"taxonomy":"category","embeddable":true,"href":"https:\/\/www.bellunopress.it\/fr\/wp-json\/wp\/v2\/categories?post=160815"},{"taxonomy":"post_tag","embeddable":true,"href":"https:\/\/www.bellunopress.it\/fr\/wp-json\/wp\/v2\/tags?post=160815"}],"curies":[{"name":"wp","href":"https:\/\/api.w.org\/{rel}","templated":true}]}}