{"id":160708,"date":"2025-06-05T13:20:56","date_gmt":"2025-06-05T11:20:56","guid":{"rendered":"https:\/\/www.bellunopress.it\/?p=160708"},"modified":"2025-06-05T13:20:56","modified_gmt":"2025-06-05T11:20:56","slug":"alloggi-e-montagna-lappello-di-frescura-giovanifuturo-a-falcone-ppe-inserire-la-provincia-di-belluno-nella-mappatura-europea-della-crisi-abitativa","status":"publish","type":"post","link":"https:\/\/www.bellunopress.it\/fr\/2025\/06\/05\/alloggi-e-montagna-lappello-di-frescura-giovanifuturo-a-falcone-ppe-inserire-la-provincia-di-belluno-nella-mappatura-europea-della-crisi-abitativa\/","title":{"rendered":"Alloggi e montagna, l\u2019appello di Frescura (Giovani&#038;Futuro) a Falcone (PPE): \u201cInserire la provincia di Belluno nella mappatura europea della crisi abitativa\u201d"},"content":{"rendered":"<p><img loading=\"lazy\" decoding=\"async\" class=\"aligncenter size-full wp-image-160709\" src=\"https:\/\/www.bellunopress.it\/wp-content\/uploads\/2025\/06\/GiovaniFuturo-Frescura-Menia-Corbanese-Zanella.jpg\" alt=\"\" width=\"1000\" height=\"716\" srcset=\"https:\/\/www.bellunopress.it\/wp-content\/uploads\/2025\/06\/GiovaniFuturo-Frescura-Menia-Corbanese-Zanella.jpg 1000w, https:\/\/www.bellunopress.it\/wp-content\/uploads\/2025\/06\/GiovaniFuturo-Frescura-Menia-Corbanese-Zanella-500x358.jpg 500w, https:\/\/www.bellunopress.it\/wp-content\/uploads\/2025\/06\/GiovaniFuturo-Frescura-Menia-Corbanese-Zanella-587x420.jpg 587w, https:\/\/www.bellunopress.it\/wp-content\/uploads\/2025\/06\/GiovaniFuturo-Frescura-Menia-Corbanese-Zanella-696x498.jpg 696w\" sizes=\"auto, (max-width: 1000px) 100vw, 1000px\" \/>Si \u00e8 tenuto ieri un incontro in videoconferenza tra l\u2019on. Marco Falcone, membro del Parlamento europeo e della Commissione speciale sulla crisi degli alloggi nell\u2019UE, e i rappresentanti dell\u2019associazione Giovani&amp;Futuro, il presidente Luca Frescura e il vice presidente Thomas Menia Corbanese. All\u2019incontro hanno preso parte anche l\u2019on. Flavio Tosi e il sindaco di Lozzo di Cadore, Alessio Zanella.<br \/>\n\u201cLa nuova Commissione del Parlamento europeo dedicata alla crisi abitativa nasce per rispondere a un\u2019emergenza che tocca da vicino anche il nostro territorio \u2013 spiega Frescura \u2013. \u00c8 stato un grande onore confrontarci con l\u2019on. Falcone su un tema cos\u00ec centrale per il futuro della nostra provincia\u201d. Frescura ha sottolineato come la difficolt\u00e0 di trovare alloggi sia diventata un ostacolo per giovani coppie, famiglie e professionisti interessati a trasferirsi in montagna. \u201cNon pensiamo che la soluzione sia limitare la propriet\u00e0 privata, come qualcuno millanta. Puntiamo sul favorire il recupero degli immobili abbandonati, spesso in<br \/>\nstato di degrado o con molteplici proprietari. Molti di questi sarebbero disposti a cedere immobili che oggi rappresentano solo un onere economico e gestionale\u201d.<br \/>\nUno degli obiettivi della Commissione europea sar\u00e0 la mappatura delle esigenze abitative nei vari territori dell\u2019Unione, propedeutica all\u2019assegnazione di risorse dedicate. \u201cAbbiamo chiesto all\u2019on. Falcone che anche la Provincia di Belluno venga inserita in questa mappatura. Sarebbe un primo passo importante per affrontare in modo strutturale la questione abitativa e rilanciare il nostro territorio\u201d ha sottolineato Frescura. \u201cIl recupero del patrimonio edilizio esistente pu\u00f2 diventare una leva strategica contro lo spopolamento, per favorire la residenzialit\u00e0 e la sostenibilit\u00e0 dei nostri paesi di montagna. Abbiamo trovato<br \/>\nnell\u2019on. Falcone grande disponibilit\u00e0 all\u2019ascolto e ci siamo lasciati con l\u2019impegno di fornire presto un documento condiviso con associazioni di categoria e stakeholder locali. Vogliamo che questa diventi un\u2019occasione di confronto e crescita per tutta la comunit\u00e0\u201d ha concluso il presidente di Giovani&amp;Futuro.<br \/>\nSulla stessa linea anche il vice presidente dell\u2019associazione e Sindaco di Danta di Cadore, Thomas Menia Corbanese, e il Sindaco di Lozzo, Alessio Zanella: \u201cIl tema della casa ci sta a cuore da tempo e, da Sindaci, vediamo quotidianamente le difficolt\u00e0 del territorio. Questo confronto ci d\u00e0 fiducia nel futuro: il riconoscimento delle difficolt\u00e0 abitative della nostra Provincia da parte della Commissione europea potrebbe essere il punto di partenza per un futuro diverso, pi\u00f9 giusto e abitabile per le nostre comunit\u00e0&#8221;.<br \/>\nDurante l\u2019incontro si \u00e8 discusso anche di altri temi chiave per il territorio montano: trasporti pubblici locali, infrastrutture, spopolamento e sostegno alle imprese. &#8220;Crediamo che intorno al tema cruciale della casa ci sia da sviluppare un contesto fatto di tanti altri temi, dal trasporto alla infrastrutture, passando per il sostegno al mondo del lavoro. Paiono ovviet\u00e0, ma mai come in questi tempi le esigenze si sono moltiplicate e, con esse, anche le opportunit\u00e0 da cogliere&#8221; concludono Menia Corbanese e Zanella.<br \/>\n\u201cRingraziamo l\u2019on. Falcone e l\u2019on. Tosi per la disponibilit\u00e0 dimostrata. Il PPE \u00e8 il primo gruppo politico europeo, ma auspichiamo che la difesa della montagna trovi consenso trasversale: \u00e8 una responsabilit\u00e0 collettiva, che non si fa a parole, ma con atti concreti\u201d concludono Frescura, Menia Corbanese e Zanella.<\/p>","protected":false},"excerpt":{"rendered":"<p>Si \u00e8 tenuto ieri un incontro in videoconferenza tra l\u2019on. Marco Falcone, membro del Parlamento europeo e della Commissione speciale sulla crisi degli alloggi nell\u2019UE, e i rappresentanti dell\u2019associazione Giovani&amp;Futuro, il presidente Luca Frescura e il vice presidente Thomas Menia Corbanese. All\u2019incontro hanno preso parte anche l\u2019on. Flavio Tosi e il sindaco di Lozzo di [&hellip;]<\/p>\n","protected":false},"author":2,"featured_media":160709,"comment_status":"closed","ping_status":"open","sticky":false,"template":"","format":"standard","meta":{"footnotes":""},"categories":[5],"tags":[],"class_list":["post-160708","post","type-post","status-publish","format-standard","has-post-thumbnail","category-cronaca"],"yoast_head":"<!-- This site is optimized with the Yoast SEO plugin v28.4 - https:\/\/yoast.com\/product\/yoast-seo-wordpress\/ -->\n<title>Alloggi e montagna, l\u2019appello di Frescura (Giovani&amp;Futuro) a Falcone (PPE): \u201cInserire la provincia di Belluno nella mappatura europea della crisi abitativa\u201d - Bellunopress - Dolomiti<\/title>\n<meta name=\"robots\" content=\"index, follow, max-snippet:-1, max-image-preview:large, max-video-preview:-1\" \/>\n<link rel=\"canonical\" href=\"https:\/\/www.bellunopress.it\/fr\/2025\/06\/05\/alloggi-e-montagna-lappello-di-frescura-giovanifuturo-a-falcone-ppe-inserire-la-provincia-di-belluno-nella-mappatura-europea-della-crisi-abitativa\/\" \/>\n<meta property=\"og:locale\" content=\"fr_FR\" \/>\n<meta property=\"og:type\" content=\"article\" \/>\n<meta property=\"og:title\" content=\"Alloggi e montagna, l\u2019appello di Frescura (Giovani&amp;Futuro) a Falcone (PPE): \u201cInserire la provincia di Belluno nella mappatura europea della crisi abitativa\u201d - Bellunopress - Dolomiti\" \/>\n<meta property=\"og:description\" content=\"Si \u00e8 tenuto ieri un incontro in videoconferenza tra l\u2019on. Marco Falcone, membro del Parlamento europeo e della Commissione speciale sulla crisi degli alloggi nell\u2019UE, e i rappresentanti dell\u2019associazione Giovani&amp;Futuro, il presidente Luca Frescura e il vice presidente Thomas Menia Corbanese. All\u2019incontro hanno preso parte anche l\u2019on. Flavio Tosi e il sindaco di Lozzo di [&hellip;]\" \/>\n<meta property=\"og:url\" content=\"https:\/\/www.bellunopress.it\/fr\/2025\/06\/05\/alloggi-e-montagna-lappello-di-frescura-giovanifuturo-a-falcone-ppe-inserire-la-provincia-di-belluno-nella-mappatura-europea-della-crisi-abitativa\/\" \/>\n<meta property=\"og:site_name\" content=\"Bellunopress - Dolomiti\" \/>\n<meta property=\"article:publisher\" content=\"https:\/\/www.facebook.com\/profile.php?id=100008943462799\" \/>\n<meta property=\"article:published_time\" content=\"2025-06-05T11:20:56+00:00\" \/>\n<meta property=\"og:image\" content=\"https:\/\/www.bellunopress.it\/wp-content\/uploads\/2025\/06\/GiovaniFuturo-Frescura-Menia-Corbanese-Zanella.jpg\" \/>\n\t<meta property=\"og:image:width\" content=\"1000\" \/>\n\t<meta property=\"og:image:height\" content=\"716\" \/>\n\t<meta property=\"og:image:type\" content=\"image\/jpeg\" \/>\n<meta name=\"author\" content=\"redazione\" \/>\n<meta name=\"twitter:card\" content=\"summary_large_image\" \/>\n<meta name=\"twitter:creator\" content=\"@bellunopress\" \/>\n<meta name=\"twitter:site\" content=\"@bellunopress\" \/>\n<meta name=\"twitter:label1\" content=\"Written by\" \/>\n\t<meta name=\"twitter:data1\" content=\"redazione\" \/>\n\t<meta name=\"twitter:label2\" content=\"Est. reading time\" \/>\n\t<meta name=\"twitter:data2\" content=\"3 minutes\" \/>\n<script type=\"application\/ld+json\" class=\"yoast-schema-graph\">{\"@context\":\"https:\\\/\\\/schema.org\",\"@graph\":[{\"@type\":\"Article\",\"@id\":\"https:\\\/\\\/www.bellunopress.it\\\/2025\\\/06\\\/05\\\/alloggi-e-montagna-lappello-di-frescura-giovanifuturo-a-falcone-ppe-inserire-la-provincia-di-belluno-nella-mappatura-europea-della-crisi-abitativa\\\/#article\",\"isPartOf\":{\"@id\":\"https:\\\/\\\/www.bellunopress.it\\\/2025\\\/06\\\/05\\\/alloggi-e-montagna-lappello-di-frescura-giovanifuturo-a-falcone-ppe-inserire-la-provincia-di-belluno-nella-mappatura-europea-della-crisi-abitativa\\\/\"},\"author\":{\"name\":\"redazione\",\"@id\":\"https:\\\/\\\/www.bellunopress.it\\\/#\\\/schema\\\/person\\\/79bb06722b37ece1c03d3e94beb30d73\"},\"headline\":\"Alloggi e montagna, l\u2019appello di Frescura (Giovani&#038;Futuro) a Falcone (PPE): \u201cInserire la provincia di Belluno nella mappatura europea della crisi abitativa\u201d\",\"datePublished\":\"2025-06-05T11:20:56+00:00\",\"mainEntityOfPage\":{\"@id\":\"https:\\\/\\\/www.bellunopress.it\\\/2025\\\/06\\\/05\\\/alloggi-e-montagna-lappello-di-frescura-giovanifuturo-a-falcone-ppe-inserire-la-provincia-di-belluno-nella-mappatura-europea-della-crisi-abitativa\\\/\"},\"wordCount\":551,\"publisher\":{\"@id\":\"https:\\\/\\\/www.bellunopress.it\\\/#organization\"},\"image\":{\"@id\":\"https:\\\/\\\/www.bellunopress.it\\\/2025\\\/06\\\/05\\\/alloggi-e-montagna-lappello-di-frescura-giovanifuturo-a-falcone-ppe-inserire-la-provincia-di-belluno-nella-mappatura-europea-della-crisi-abitativa\\\/#primaryimage\"},\"thumbnailUrl\":\"https:\\\/\\\/www.bellunopress.it\\\/wp-content\\\/uploads\\\/2025\\\/06\\\/GiovaniFuturo-Frescura-Menia-Corbanese-Zanella.jpg\",\"articleSection\":[\"Cronaca\\\/Politica\"],\"inLanguage\":\"fr-FR\"},{\"@type\":\"WebPage\",\"@id\":\"https:\\\/\\\/www.bellunopress.it\\\/2025\\\/06\\\/05\\\/alloggi-e-montagna-lappello-di-frescura-giovanifuturo-a-falcone-ppe-inserire-la-provincia-di-belluno-nella-mappatura-europea-della-crisi-abitativa\\\/\",\"url\":\"https:\\\/\\\/www.bellunopress.it\\\/2025\\\/06\\\/05\\\/alloggi-e-montagna-lappello-di-frescura-giovanifuturo-a-falcone-ppe-inserire-la-provincia-di-belluno-nella-mappatura-europea-della-crisi-abitativa\\\/\",\"name\":\"Alloggi e montagna, l\u2019appello di Frescura (Giovani&Futuro) a Falcone (PPE): \u201cInserire la provincia di Belluno nella mappatura europea della crisi abitativa\u201d - Bellunopress - Dolomiti\",\"isPartOf\":{\"@id\":\"https:\\\/\\\/www.bellunopress.it\\\/#website\"},\"primaryImageOfPage\":{\"@id\":\"https:\\\/\\\/www.bellunopress.it\\\/2025\\\/06\\\/05\\\/alloggi-e-montagna-lappello-di-frescura-giovanifuturo-a-falcone-ppe-inserire-la-provincia-di-belluno-nella-mappatura-europea-della-crisi-abitativa\\\/#primaryimage\"},\"image\":{\"@id\":\"https:\\\/\\\/www.bellunopress.it\\\/2025\\\/06\\\/05\\\/alloggi-e-montagna-lappello-di-frescura-giovanifuturo-a-falcone-ppe-inserire-la-provincia-di-belluno-nella-mappatura-europea-della-crisi-abitativa\\\/#primaryimage\"},\"thumbnailUrl\":\"https:\\\/\\\/www.bellunopress.it\\\/wp-content\\\/uploads\\\/2025\\\/06\\\/GiovaniFuturo-Frescura-Menia-Corbanese-Zanella.jpg\",\"datePublished\":\"2025-06-05T11:20:56+00:00\",\"breadcrumb\":{\"@id\":\"https:\\\/\\\/www.bellunopress.it\\\/2025\\\/06\\\/05\\\/alloggi-e-montagna-lappello-di-frescura-giovanifuturo-a-falcone-ppe-inserire-la-provincia-di-belluno-nella-mappatura-europea-della-crisi-abitativa\\\/#breadcrumb\"},\"inLanguage\":\"fr-FR\",\"potentialAction\":[{\"@type\":\"ReadAction\",\"target\":[\"https:\\\/\\\/www.bellunopress.it\\\/2025\\\/06\\\/05\\\/alloggi-e-montagna-lappello-di-frescura-giovanifuturo-a-falcone-ppe-inserire-la-provincia-di-belluno-nella-mappatura-europea-della-crisi-abitativa\\\/\"]}]},{\"@type\":\"ImageObject\",\"inLanguage\":\"fr-FR\",\"@id\":\"https:\\\/\\\/www.bellunopress.it\\\/2025\\\/06\\\/05\\\/alloggi-e-montagna-lappello-di-frescura-giovanifuturo-a-falcone-ppe-inserire-la-provincia-di-belluno-nella-mappatura-europea-della-crisi-abitativa\\\/#primaryimage\",\"url\":\"https:\\\/\\\/www.bellunopress.it\\\/wp-content\\\/uploads\\\/2025\\\/06\\\/GiovaniFuturo-Frescura-Menia-Corbanese-Zanella.jpg\",\"contentUrl\":\"https:\\\/\\\/www.bellunopress.it\\\/wp-content\\\/uploads\\\/2025\\\/06\\\/GiovaniFuturo-Frescura-Menia-Corbanese-Zanella.jpg\",\"width\":1000,\"height\":716},{\"@type\":\"BreadcrumbList\",\"@id\":\"https:\\\/\\\/www.bellunopress.it\\\/2025\\\/06\\\/05\\\/alloggi-e-montagna-lappello-di-frescura-giovanifuturo-a-falcone-ppe-inserire-la-provincia-di-belluno-nella-mappatura-europea-della-crisi-abitativa\\\/#breadcrumb\",\"itemListElement\":[{\"@type\":\"ListItem\",\"position\":1,\"name\":\"Home\",\"item\":\"https:\\\/\\\/www.bellunopress.it\\\/\"},{\"@type\":\"ListItem\",\"position\":2,\"name\":\"Alloggi e montagna, l\u2019appello di Frescura (Giovani&#038;Futuro) a Falcone (PPE): \u201cInserire la provincia di Belluno nella mappatura europea della crisi abitativa\u201d\"}]},{\"@type\":\"WebSite\",\"@id\":\"https:\\\/\\\/www.bellunopress.it\\\/#website\",\"url\":\"https:\\\/\\\/www.bellunopress.it\\\/\",\"name\":\"Bellunopress - Dolomiti\",\"description\":\"e-mail: redazione@bellunopress.it\",\"publisher\":{\"@id\":\"https:\\\/\\\/www.bellunopress.it\\\/#organization\"},\"potentialAction\":[{\"@type\":\"SearchAction\",\"target\":{\"@type\":\"EntryPoint\",\"urlTemplate\":\"https:\\\/\\\/www.bellunopress.it\\\/?s={search_term_string}\"},\"query-input\":{\"@type\":\"PropertyValueSpecification\",\"valueRequired\":true,\"valueName\":\"search_term_string\"}}],\"inLanguage\":\"fr-FR\"},{\"@type\":\"Organization\",\"@id\":\"https:\\\/\\\/www.bellunopress.it\\\/#organization\",\"name\":\"Bellunopress\",\"url\":\"https:\\\/\\\/www.bellunopress.it\\\/\",\"logo\":{\"@type\":\"ImageObject\",\"inLanguage\":\"fr-FR\",\"@id\":\"https:\\\/\\\/www.bellunopress.it\\\/#\\\/schema\\\/logo\\\/image\\\/\",\"url\":\"https:\\\/\\\/www.bellunopress.it\\\/wp-content\\\/uploads\\\/2011\\\/05\\\/cropped-logo-bellunopress-.jpg\",\"contentUrl\":\"https:\\\/\\\/www.bellunopress.it\\\/wp-content\\\/uploads\\\/2011\\\/05\\\/cropped-logo-bellunopress-.jpg\",\"width\":512,\"height\":512,\"caption\":\"Bellunopress\"},\"image\":{\"@id\":\"https:\\\/\\\/www.bellunopress.it\\\/#\\\/schema\\\/logo\\\/image\\\/\"},\"sameAs\":[\"https:\\\/\\\/www.facebook.com\\\/profile.php?id=100008943462799\",\"https:\\\/\\\/x.com\\\/bellunopress\",\"https:\\\/\\\/www.linkedin.com\\\/hp\\\/?dnr=JBzUWaJfMUw8vbXJJ2tVW5-I3jZKvC4wsoxE&amp;amp;amp;amp;amp;amp;trk=nav_responsive_tab_home\",\"https:\\\/\\\/www.youtube.com\\\/channel\\\/UCxL0wu1uN0_3_7hGG0306cw\"]},{\"@type\":\"Person\",\"@id\":\"https:\\\/\\\/www.bellunopress.it\\\/#\\\/schema\\\/person\\\/79bb06722b37ece1c03d3e94beb30d73\",\"name\":\"redazione\",\"image\":{\"@type\":\"ImageObject\",\"inLanguage\":\"fr-FR\",\"@id\":\"https:\\\/\\\/secure.gravatar.com\\\/avatar\\\/37d968a2e67a6fd04c169c4bdef102d0bc5d31b2546345219e348575eb80e9a0?s=96&d=mm&r=g\",\"url\":\"https:\\\/\\\/secure.gravatar.com\\\/avatar\\\/37d968a2e67a6fd04c169c4bdef102d0bc5d31b2546345219e348575eb80e9a0?s=96&d=mm&r=g\",\"contentUrl\":\"https:\\\/\\\/secure.gravatar.com\\\/avatar\\\/37d968a2e67a6fd04c169c4bdef102d0bc5d31b2546345219e348575eb80e9a0?s=96&d=mm&r=g\",\"caption\":\"redazione\"},\"sameAs\":[\"http:\\\/\\\/www.bellunopress.it\",\"https:\\\/\\\/x.com\\\/bellunopress\"],\"url\":\"https:\\\/\\\/www.bellunopress.it\\\/fr\\\/author\\\/redazione\\\/\"}]}<\/script>\n<!-- \/ Yoast SEO plugin. -->","yoast_head_json":{"title":"Alloggi e montagna, l\u2019appello di Frescura (Giovani&Futuro) a Falcone (PPE): \u201cInserire la provincia di Belluno nella mappatura europea della crisi abitativa\u201d - Bellunopress - Dolomiti","robots":{"index":"index","follow":"follow","max-snippet":"max-snippet:-1","max-image-preview":"max-image-preview:large","max-video-preview":"max-video-preview:-1"},"canonical":"https:\/\/www.bellunopress.it\/fr\/2025\/06\/05\/alloggi-e-montagna-lappello-di-frescura-giovanifuturo-a-falcone-ppe-inserire-la-provincia-di-belluno-nella-mappatura-europea-della-crisi-abitativa\/","og_locale":"fr_FR","og_type":"article","og_title":"Alloggi e montagna, l\u2019appello di Frescura (Giovani&Futuro) a Falcone (PPE): \u201cInserire la provincia di Belluno nella mappatura europea della crisi abitativa\u201d - Bellunopress - Dolomiti","og_description":"Si \u00e8 tenuto ieri un incontro in videoconferenza tra l\u2019on. Marco Falcone, membro del Parlamento europeo e della Commissione speciale sulla crisi degli alloggi nell\u2019UE, e i rappresentanti dell\u2019associazione Giovani&amp;Futuro, il presidente Luca Frescura e il vice presidente Thomas Menia Corbanese. All\u2019incontro hanno preso parte anche l\u2019on. Flavio Tosi e il sindaco di Lozzo di [&hellip;]","og_url":"https:\/\/www.bellunopress.it\/fr\/2025\/06\/05\/alloggi-e-montagna-lappello-di-frescura-giovanifuturo-a-falcone-ppe-inserire-la-provincia-di-belluno-nella-mappatura-europea-della-crisi-abitativa\/","og_site_name":"Bellunopress - Dolomiti","article_publisher":"https:\/\/www.facebook.com\/profile.php?id=100008943462799","article_published_time":"2025-06-05T11:20:56+00:00","og_image":[{"width":1000,"height":716,"url":"https:\/\/www.bellunopress.it\/wp-content\/uploads\/2025\/06\/GiovaniFuturo-Frescura-Menia-Corbanese-Zanella.jpg","type":"image\/jpeg"}],"author":"redazione","twitter_card":"summary_large_image","twitter_creator":"@bellunopress","twitter_site":"@bellunopress","twitter_misc":{"Written by":"redazione","Est. reading time":"3 minutes"},"schema":{"@context":"https:\/\/schema.org","@graph":[{"@type":"Article","@id":"https:\/\/www.bellunopress.it\/2025\/06\/05\/alloggi-e-montagna-lappello-di-frescura-giovanifuturo-a-falcone-ppe-inserire-la-provincia-di-belluno-nella-mappatura-europea-della-crisi-abitativa\/#article","isPartOf":{"@id":"https:\/\/www.bellunopress.it\/2025\/06\/05\/alloggi-e-montagna-lappello-di-frescura-giovanifuturo-a-falcone-ppe-inserire-la-provincia-di-belluno-nella-mappatura-europea-della-crisi-abitativa\/"},"author":{"name":"redazione","@id":"https:\/\/www.bellunopress.it\/#\/schema\/person\/79bb06722b37ece1c03d3e94beb30d73"},"headline":"Alloggi e montagna, l\u2019appello di Frescura (Giovani&#038;Futuro) a Falcone (PPE): \u201cInserire la provincia di Belluno nella mappatura europea della crisi abitativa\u201d","datePublished":"2025-06-05T11:20:56+00:00","mainEntityOfPage":{"@id":"https:\/\/www.bellunopress.it\/2025\/06\/05\/alloggi-e-montagna-lappello-di-frescura-giovanifuturo-a-falcone-ppe-inserire-la-provincia-di-belluno-nella-mappatura-europea-della-crisi-abitativa\/"},"wordCount":551,"publisher":{"@id":"https:\/\/www.bellunopress.it\/#organization"},"image":{"@id":"https:\/\/www.bellunopress.it\/2025\/06\/05\/alloggi-e-montagna-lappello-di-frescura-giovanifuturo-a-falcone-ppe-inserire-la-provincia-di-belluno-nella-mappatura-europea-della-crisi-abitativa\/#primaryimage"},"thumbnailUrl":"https:\/\/www.bellunopress.it\/wp-content\/uploads\/2025\/06\/GiovaniFuturo-Frescura-Menia-Corbanese-Zanella.jpg","articleSection":["Cronaca\/Politica"],"inLanguage":"fr-FR"},{"@type":"WebPage","@id":"https:\/\/www.bellunopress.it\/2025\/06\/05\/alloggi-e-montagna-lappello-di-frescura-giovanifuturo-a-falcone-ppe-inserire-la-provincia-di-belluno-nella-mappatura-europea-della-crisi-abitativa\/","url":"https:\/\/www.bellunopress.it\/2025\/06\/05\/alloggi-e-montagna-lappello-di-frescura-giovanifuturo-a-falcone-ppe-inserire-la-provincia-di-belluno-nella-mappatura-europea-della-crisi-abitativa\/","name":"Alloggi e montagna, l\u2019appello di Frescura (Giovani&Futuro) a Falcone (PPE): \u201cInserire la provincia di Belluno nella mappatura europea della crisi abitativa\u201d - Bellunopress - Dolomiti","isPartOf":{"@id":"https:\/\/www.bellunopress.it\/#website"},"primaryImageOfPage":{"@id":"https:\/\/www.bellunopress.it\/2025\/06\/05\/alloggi-e-montagna-lappello-di-frescura-giovanifuturo-a-falcone-ppe-inserire-la-provincia-di-belluno-nella-mappatura-europea-della-crisi-abitativa\/#primaryimage"},"image":{"@id":"https:\/\/www.bellunopress.it\/2025\/06\/05\/alloggi-e-montagna-lappello-di-frescura-giovanifuturo-a-falcone-ppe-inserire-la-provincia-di-belluno-nella-mappatura-europea-della-crisi-abitativa\/#primaryimage"},"thumbnailUrl":"https:\/\/www.bellunopress.it\/wp-content\/uploads\/2025\/06\/GiovaniFuturo-Frescura-Menia-Corbanese-Zanella.jpg","datePublished":"2025-06-05T11:20:56+00:00","breadcrumb":{"@id":"https:\/\/www.bellunopress.it\/2025\/06\/05\/alloggi-e-montagna-lappello-di-frescura-giovanifuturo-a-falcone-ppe-inserire-la-provincia-di-belluno-nella-mappatura-europea-della-crisi-abitativa\/#breadcrumb"},"inLanguage":"fr-FR","potentialAction":[{"@type":"ReadAction","target":["https:\/\/www.bellunopress.it\/2025\/06\/05\/alloggi-e-montagna-lappello-di-frescura-giovanifuturo-a-falcone-ppe-inserire-la-provincia-di-belluno-nella-mappatura-europea-della-crisi-abitativa\/"]}]},{"@type":"ImageObject","inLanguage":"fr-FR","@id":"https:\/\/www.bellunopress.it\/2025\/06\/05\/alloggi-e-montagna-lappello-di-frescura-giovanifuturo-a-falcone-ppe-inserire-la-provincia-di-belluno-nella-mappatura-europea-della-crisi-abitativa\/#primaryimage","url":"https:\/\/www.bellunopress.it\/wp-content\/uploads\/2025\/06\/GiovaniFuturo-Frescura-Menia-Corbanese-Zanella.jpg","contentUrl":"https:\/\/www.bellunopress.it\/wp-content\/uploads\/2025\/06\/GiovaniFuturo-Frescura-Menia-Corbanese-Zanella.jpg","width":1000,"height":716},{"@type":"BreadcrumbList","@id":"https:\/\/www.bellunopress.it\/2025\/06\/05\/alloggi-e-montagna-lappello-di-frescura-giovanifuturo-a-falcone-ppe-inserire-la-provincia-di-belluno-nella-mappatura-europea-della-crisi-abitativa\/#breadcrumb","itemListElement":[{"@type":"ListItem","position":1,"name":"Home","item":"https:\/\/www.bellunopress.it\/"},{"@type":"ListItem","position":2,"name":"Alloggi e montagna, l\u2019appello di Frescura (Giovani&#038;Futuro) a Falcone (PPE): \u201cInserire la provincia di Belluno nella mappatura europea della crisi abitativa\u201d"}]},{"@type":"WebSite","@id":"https:\/\/www.bellunopress.it\/#website","url":"https:\/\/www.bellunopress.it\/","name":"Bellunopress - Dolomiti","description":"e-mail: redazione@bellunopress.it","publisher":{"@id":"https:\/\/www.bellunopress.it\/#organization"},"potentialAction":[{"@type":"SearchAction","target":{"@type":"EntryPoint","urlTemplate":"https:\/\/www.bellunopress.it\/?s={search_term_string}"},"query-input":{"@type":"PropertyValueSpecification","valueRequired":true,"valueName":"search_term_string"}}],"inLanguage":"fr-FR"},{"@type":"Organization","@id":"https:\/\/www.bellunopress.it\/#organization","name":"Bellunopress","url":"https:\/\/www.bellunopress.it\/","logo":{"@type":"ImageObject","inLanguage":"fr-FR","@id":"https:\/\/www.bellunopress.it\/#\/schema\/logo\/image\/","url":"https:\/\/www.bellunopress.it\/wp-content\/uploads\/2011\/05\/cropped-logo-bellunopress-.jpg","contentUrl":"https:\/\/www.bellunopress.it\/wp-content\/uploads\/2011\/05\/cropped-logo-bellunopress-.jpg","width":512,"height":512,"caption":"Bellunopress"},"image":{"@id":"https:\/\/www.bellunopress.it\/#\/schema\/logo\/image\/"},"sameAs":["https:\/\/www.facebook.com\/profile.php?id=100008943462799","https:\/\/x.com\/bellunopress","https:\/\/www.linkedin.com\/hp\/?dnr=JBzUWaJfMUw8vbXJJ2tVW5-I3jZKvC4wsoxE&amp;amp;amp;amp;amp;amp;trk=nav_responsive_tab_home","https:\/\/www.youtube.com\/channel\/UCxL0wu1uN0_3_7hGG0306cw"]},{"@type":"Person","@id":"https:\/\/www.bellunopress.it\/#\/schema\/person\/79bb06722b37ece1c03d3e94beb30d73","name":"r\u00e9daction","image":{"@type":"ImageObject","inLanguage":"fr-FR","@id":"https:\/\/secure.gravatar.com\/avatar\/37d968a2e67a6fd04c169c4bdef102d0bc5d31b2546345219e348575eb80e9a0?s=96&d=mm&r=g","url":"https:\/\/secure.gravatar.com\/avatar\/37d968a2e67a6fd04c169c4bdef102d0bc5d31b2546345219e348575eb80e9a0?s=96&d=mm&r=g","contentUrl":"https:\/\/secure.gravatar.com\/avatar\/37d968a2e67a6fd04c169c4bdef102d0bc5d31b2546345219e348575eb80e9a0?s=96&d=mm&r=g","caption":"redazione"},"sameAs":["http:\/\/www.bellunopress.it","https:\/\/x.com\/bellunopress"],"url":"https:\/\/www.bellunopress.it\/fr\/author\/redazione\/"}]}},"_links":{"self":[{"href":"https:\/\/www.bellunopress.it\/fr\/wp-json\/wp\/v2\/posts\/160708","targetHints":{"allow":["GET"]}}],"collection":[{"href":"https:\/\/www.bellunopress.it\/fr\/wp-json\/wp\/v2\/posts"}],"about":[{"href":"https:\/\/www.bellunopress.it\/fr\/wp-json\/wp\/v2\/types\/post"}],"author":[{"embeddable":true,"href":"https:\/\/www.bellunopress.it\/fr\/wp-json\/wp\/v2\/users\/2"}],"replies":[{"embeddable":true,"href":"https:\/\/www.bellunopress.it\/fr\/wp-json\/wp\/v2\/comments?post=160708"}],"version-history":[{"count":1,"href":"https:\/\/www.bellunopress.it\/fr\/wp-json\/wp\/v2\/posts\/160708\/revisions"}],"predecessor-version":[{"id":160710,"href":"https:\/\/www.bellunopress.it\/fr\/wp-json\/wp\/v2\/posts\/160708\/revisions\/160710"}],"wp:featuredmedia":[{"embeddable":true,"href":"https:\/\/www.bellunopress.it\/fr\/wp-json\/wp\/v2\/media\/160709"}],"wp:attachment":[{"href":"https:\/\/www.bellunopress.it\/fr\/wp-json\/wp\/v2\/media?parent=160708"}],"wp:term":[{"taxonomy":"category","embeddable":true,"href":"https:\/\/www.bellunopress.it\/fr\/wp-json\/wp\/v2\/categories?post=160708"},{"taxonomy":"post_tag","embeddable":true,"href":"https:\/\/www.bellunopress.it\/fr\/wp-json\/wp\/v2\/tags?post=160708"}],"curies":[{"name":"wp","href":"https:\/\/api.w.org\/{rel}","templated":true}]}}