{"id":160706,"date":"2025-06-05T13:14:20","date_gmt":"2025-06-05T11:14:20","guid":{"rendered":"https:\/\/www.bellunopress.it\/?p=160706"},"modified":"2025-06-05T13:14:20","modified_gmt":"2025-06-05T11:14:20","slug":"i-carabinieri-festeggiano-il-211mo-anniversario-della-fondazione-dellarma","status":"publish","type":"post","link":"https:\/\/www.bellunopress.it\/fr\/2025\/06\/05\/i-carabinieri-festeggiano-il-211mo-anniversario-della-fondazione-dellarma\/","title":{"rendered":"I carabinieri festeggiano il 211mo anniversario della fondazione dell&#8217;Arma"},"content":{"rendered":"<p><img loading=\"lazy\" decoding=\"async\" class=\"aligncenter size-full wp-image-160642\" src=\"https:\/\/www.bellunopress.it\/wp-content\/uploads\/2025\/06\/Festa-dei-carabinieri.jpg\" alt=\"\" width=\"1000\" height=\"667\" srcset=\"https:\/\/www.bellunopress.it\/wp-content\/uploads\/2025\/06\/Festa-dei-carabinieri.jpg 1000w, https:\/\/www.bellunopress.it\/wp-content\/uploads\/2025\/06\/Festa-dei-carabinieri-500x334.jpg 500w, https:\/\/www.bellunopress.it\/wp-content\/uploads\/2025\/06\/Festa-dei-carabinieri-630x420.jpg 630w, https:\/\/www.bellunopress.it\/wp-content\/uploads\/2025\/06\/Festa-dei-carabinieri-696x464.jpg 696w\" sizes=\"auto, (max-width: 1000px) 100vw, 1000px\" \/>Belluno, 5 giugno 2025 &#8211; A ospitare la cerimonia militare per la ricorrenza dei 211 anni dalla fondazione, i Carabinieri hanno scelto ancora la centralissima piazza del Duomo a Belluno, dinanzi al palazzo dei Rettori, la Basilica Cattedrale di San Martino e Palazzo Rosso.<br \/>\nAlla presenza del Prefetto di Belluno, di moltissimi Sindaci e delle autorit\u00e0 civili, religiose e militari della provincia, i Carabinieri hanno sfilato per le vie cittadine, partendo dal Teatro Comunale, sino a giungere nel luogo della cerimonia.<\/p>\n<p>LA STORIA<br \/>\nSono trascorsi 212 anni da quando, nel 1814, a Torino, venne costituito un Corpo di militari \u201cper buona condotta e saviezza distinti\u201d, incaricato di \u201ccontribuire alla difesa dello Stato in tempo di guerra e di vigilare alla conservazione della pubblica e privata sicurezza\u201d in tempo di pace. L\u2019atto costitutivo dell\u2019Arma tracciava &#8211; con straordinaria lungimiranza &#8211; l\u2019identit\u00e0 dell\u2019Arma, una forza militare in servizio di polizia, con una duplice missione: la difesa della Patria e la sicurezza dei suoi cittadini. L\u2019Arma, oggi come allora, \u00e8 impegnata al servizio dei cittadini con un modello organizzativo che si distingue per la vicinanza al cittadino. L\u2019Arma, patrimonio delle comunit\u00e0, si fonda sulla sua cellula base, la Stazione dei Carabinieri, presente sin nelle pi\u00f9 piccole realt\u00e0 locali quale presidio di legalit\u00e0 e simbolo concreto di prossimit\u00e0 delle Istituzioni.<br \/>\nSin dalla loro nascita, i Carabinieri hanno conservato la peculiarit\u00e0 di essere \u201csoldati in servizio di polizia\u201d e quindi protagonisti della storia d&#8217;Italia, di cui \u00e8 diventata parte integrante quella dell&#8217;Arma.<br \/>\nIl 20 maggio 1814, Vittorio Emanuele I, sovrano di Sardegna, per fronteggiare il disordine e le precarie condizioni di sicurezza del regno, dispose che la Segreteria di Guerra approntasse immediatamente un \u201cProgetto di istituzione di un Corpo militare per il mantenimento del buono ordine\u201d. Il progetto prese vita con le Regie Patenti del 13 luglio 1814, istitutive del Corpo dei Carabinieri Reali, gi\u00e0 militarmente impegnato nella carica di Grenoble il 6 luglio 1815. Il 12 ottobre del 1822, la competenza dei Carabinieri Reali fu estesa anche alla Sardegna.<br \/>\nNel 1834, il Carabiniere Giovan Battista Scapaccino, caduto in un&#8217;imboscata di riottosi nell&#8217;abitato di Les Eschelles, scelse la morte pur di non rinnegare il giuramento di fedelt\u00e0 prestato al Re, venendo insignito per tale episodio di M.O.V.M, la prima di una storica serie che ha visto protagonisti i militari dell\u2019Arma.<br \/>\nNel 1848, i Carabinieri si distinsero nell&#8217;eroica carica di Pastrengo, con un intervento decisivo per l&#8217;esito favorevole della battaglia.<br \/>\nNel 1861, con la costituzione del Regno d&#8217;Italia, il Corpo dei Carabinieri Reali divenne &#8220;Arma&#8221; del Regio Esercito e anche in quella nuova configurazione, i Carabinieri continuarono ad assolvere contestualmente le funzioni di prima Arma dell&#8217;Esercito e di Corpo di Polizia.<br \/>\nNotevole, nella prima guerra mondiale, fu l&#8217;impegno dei Reparti dell&#8217;Arma, sempre in prima linea.<br \/>\nTra gli episodi di fulgido eroismo, si ricordano l&#8217;assalto del Podgora del 19 luglio 1915, allorch\u00e9 i Carabinieri attaccarono all&#8217;arma bianca una posizione saldamente difesa da un avversario preponderante: l&#8217;operazione cost\u00f2 53 caduti, 143 feriti e 10 dispersi. Il 5 giugno 1920, per il contributo offerto alle sorti del primo conflitto Mondiale, la Bandiera dell&#8217;Arma venne insignita della prima Medaglia d&#8217;Oro al Valor Militare. Consistente fu anche l&#8217;impegno dell&#8217;Arma nelle operazioni della campagna d&#8217;Africa, in Libia, Somalia, nelle Regioni della Tripolitania e della Cirenaica, dove fu determinante l&#8217;apporto degli Zapti\u00e8. Per la valente azione svolta in terra d&#8217;Africa dalle Divisioni Carabinieri di Tripolitania e Cirenaica, furono concesse alla Bandiera dell&#8217;Arma 2 Croci di guerra al Valor Militare. Segu\u00ec la partecipazione alle operazioni belliche del 2\u00b0 conflitto Mondiale, che vide i Reparti dell&#8217;Arma impegnati in delicatissimi momenti bellici sia all\u2019estero che nel territorio nazionale, con mirabili esempi che hanno sacrificato la loro vita per salvare le popolazioni a loro affidate, come il Vice Brigadiere Salvo D\u2019Acquisto, medaglia d\u2019oro al valor militare alla memoria, sempre a tutela<br \/>\ne difesa della popolazione e delle istituzioni democratiche.<br \/>\nL&#8217;Arma dei Carabinieri, &#8220;prima Arma dell&#8217;Esercito&#8221;, nell\u2019anno 2000 \u00e8 stata elevata al rango di Forza Armata, con l\u2019effetto, tra gli altri, di esprimere il proprio Comandante Generale fra gli Ufficiali Generali della Benemerita.<br \/>\nIn ragione della sua peculiare connotazione di \u201cForza di polizia ad ordinamento militare\u201d, l\u2019Arma dei Carabinieri ha avuto negli anni un ruolo molto importante nel contesto internazionale, impegnandosi in prima linea in importanti missioni all\u2019estero sotto l\u2019egida delle Nazioni Unite e della NATO, con compiti di Polizia Militare e di Polizia di Stabilit\u00e0.<br \/>\nSono passati quasi 170 anni da quel lontano 1855, in cui per la prima volta le uniformi della<br \/>\nBenemerita varcarono i confini nazionali per approdare, con il Corpo di Spedizione sardo in Crimea:<br \/>\nLibano, Somalia, Bosnia Erzegovina, Kosovo, Iraq, Afghanistan, Gibuti e altri, sono stati poi teatri di operazioni di pace impegnative, in cui la Benemerita, a difesa dei diritti umani, della sicurezza e libert\u00e0 dei popoli, del patrimonio artistico, culturale e ambientale, in ogni angolo del pianeta, ha visto operare i propri militari in servizi umanitari e di addestramento delle ricostituite polizie locali.<br \/>\nMa da sempre, in ogni angolo del Paese, anche nelle localit\u00e0 pi\u00f9 remote, la gente riconosce il lavoro silenzioso dei tanti Carabinieri delle Stazioni, patrimonio delle comunit\u00e0 che operano instancabilmente al servizio dei cittadini e delle Istituzioni, per svolgere una funzione di rassicurazione sociale che \u00e8 parte integrante della loro missione.<\/p>\n<p>LO SCHIERAMENTO<br \/>\nPartiti dal Teatro Comunale e preceduti da un numeroso corteo di autovetture Radiomobili (tra cui le due Alfa Romeo Tonale, in servizio presso le Aliquote Radiomobili del pronto intervento 112 di Belluno e Cortina d\u2019Ampezzo, che hanno implementato la dotazione di Alfa Romeo Giulia e Giulietta dei Carabinieri bellunesi), con in testa il Tenente Francesca TILOCCA, Comandante del Nucleo Investigativo del Reparto Operativo del Comando Provinciale di Belluno, in Grande Uniforme, hanno sfilato 54 Carabinieri, ripartiti in tre Plotoni, con le diverse uniformi della Benemerita. A chiudere il corteo, una pattuglia ippomontata del Reparto Carabinieri Forestali Biodiversit\u00e0, con i cavalli Dauno<br \/>\ne Pepe, due bellissimi Maremmano e Murgese, allevati dal Reparto Forestale di Celarda, bardati con le insegne dell\u2019Arma. Il Reparto di Celarda gestisce il Centro di Selezione Equestre e Reparto a Cavallo, ubicato a Salet di Sedico ove nel solo 2024 sono nati 5 puledri: Quarzo, Queila, Quentin, Quercia, Quintana. In tale Reparto avviene attivit\u00e0 di addestramento dei puledri a partire dai 6 mesi di vita (addestramento alla socializzazione e alla capezza) fino ai 3 anni; successivamente inizia l\u2019addestramento vero e proprio alla sella ed alla cavalcatura allo scopo di preparare i cavalli al servizio a cavallo dell\u2019Arma, che si svolge presso il Reparto a Cavallo di Celarda da dove gli esemplari partono per le attivit\u00e0 di vigilanza nelle aree naturali (nel 2024 si sono svolte a Corina, Asiago e Caorle) e per<br \/>\nle attivit\u00e0 di rappresentanza. Alcuni dei cavalli di Celarda sono selezionati per entrare nelle fila dello storico Reggimento a Cavallo, famoso per l\u2019esecuzione del noto Carosello Storico.<br \/>\nAlle 10.00 in punto i Reparti hanno fatto ingresso in piazza Duomo: il primo plotone di Carabinieri in Grande Uniforme Storica; il secondo plotone, formato dai Comandanti di Stazione del Comando Provinciale di Belluno; il terzo plotone costituito da Carabinieri Forestali del Gruppo di Belluno, del Reparto Parco Nazionale Dolomiti Bellunesi e del Reparto forestale Biodiversit\u00e0. A unirsi idealmente ai Reparti schierati, \u00e8 transitato in volo l\u2019elicottero AD412 del 14\u00b0 Nucleo Elicotteri di Belluno, che ha sorvolato Piazza del Duomo e il centro cittadino. Accanto a Palazzo rosso, invece, uno stand espositivo del Reparto Forestale Biodiversit\u00e0 e due autovetture storiche dell\u2019Arma dei Carabinieri, con la mitica e inconfondibile Giulietta della Radiomobile 112 degli anni \u201880, con militari che<br \/>\nindossano per l\u2019occasione le uniformi dei Carabinieri dell\u2019epoca.<br \/>\nAd accogliere il Reparto i labari dell\u2019Associazione Nazionale Carabinieri e delle Associazioni<br \/>\nCombattentistiche e d\u2019Arma. A perimetro di tutta la piazza, le autovetture Radiomobili schierate.<\/p>\n<p>LA CERIMONIA<br \/>\nDopo la resa degli onori al Gonfalone del Comune di Belluno, decorato di MDVM e Croce al Merito di Guerra, accompagnato dai Gonfaloni decorati delle Citt\u00e0 e Comuni della provincia di Belluno, \u00e8 stato il momento della resa degli onori al Comandante Provinciale di Belluno, colonnello Enrico Pigozzo, che ha raggiunto le autorit\u00e0 presenti sotto il colonnato del magnifico Palazzo dei Rettori, dove 10 Carabinieri in Grande Uniforme Storica erano schierati per il servizio d\u2019onore.<\/p>\n<p>L\u2019ALZABANDIERA<br \/>\nL\u2019Alzabandiera e l\u2019Inno Nazionale sono tra i momenti pi\u00f9 importanti di una cerimonia militare. E quest\u2019anno il momento \u00e8 stato particolarmente toccante. Sulle note della marcia \u201cPrincipe Eugenio\u201d, l\u2019elegante pattuglia a cavallo dei Carabinieri del Reparto Biodiversit\u00e0 di Belluno, partita alcuni minuti prima dalle rive del Piave, fiume sacro alla Patria, ha portato il Tricolore sino al pennone collocato al centro della piazza del Duomo per l\u2019occasione, mentre lo speaker annunciava \u201cla memoria delle eroiche gesta di chi lungo quel sacro fiume, cos\u00ec come in tante altre localit\u00e0 di questa provincia, ha combattuto nel nome del Vessillo Nazionale, \u00e8 un dovere di tutti coloro che, come noi a breve, si riconoscono e uniscono nel canto degli italiani\u201d. Il Vessillo Nazionale \u00e8 stato consegnato nelle mani di due Carabinieri in Grande Uniforme che poi, sulle note dell\u2019Inno di Mameli, hanno issato il<br \/>\nTricolore, accompagnati dal canto di tutti i presenti.<\/p>\n<p>IL DISCORSO DEL COMANDANTE PROVINCIALE<br \/>\nIl Colonnello Enrico Pigozzo ha preso la parola rendendo gli onori ai gonfaloni decorati presenti alla cerimonia e rivolgendo poi un saluto alle Autorit\u00e0 e ai cittadini presenti, ringraziando i rappresentanti delle Forze dell\u2019Ordine, delle Forze Armate e i Vertici dei servizi di Emergenza e del Soccorso provinciali per la fattiva sinergia che anima il comune servizio in favore della collettivit\u00e0. Ha poi rivolto gli auguri di buon lavoro al Presidente del Tribunale e al Procuratore Capo di Belluno, neo insediatisi nei rispettivi incarichi, rivolgendo loro un ringraziamento per la fiducia e il supporto che forniscono all\u2019Arma nelle attivit\u00e0 di contrasto alla criminalit\u00e0. Nel suo intervento il Comandante Provinciale ha ricordato quanto l\u2019anno trascorso sia stato impegnativo per i Carabinieri, tra le intense attivit\u00e0 di prevenzione svolte sul territorio e quelle di preparazione logistica e addestrativa dell\u2019evento<br \/>\nolimpico. Ha poi evidenziato come i mesi a seguire rappresenteranno un percorso ancor pi\u00f9<br \/>\nimpegnativo, fino al culmine dell\u2019evento olimpico che \u201cporter\u00e0 questa bella provincia all\u2019attenzione del mondo. E tutti noi, Istituzioni e cittadini, avremo un\u2019occasione unica per rappresentare l\u2019Italia al meglio. Sono certo che questo sforzo corale sar\u00e0 motivo di orgoglio per tutti\u201d. Ma a fronte di questo grande obiettivo olimpico, il Colonnello Pigozzo ha sottolineato che l\u2019impegno dell\u2019Arma sar\u00e0 diretto ad assicurare sempre quella \u201ccura alle nostre comunit\u00e0 che \u00e8 indispensabile, la continuit\u00e0 di una azione perseverante e meticolosa di prevenzione, che tenga conto della necessit\u00e0 di fronteggiare molti fenomeni: le truffe, soprattutto quelle in danno di persone pi\u00f9 fragili come gli anziani, per i quali abbiamo lanciato \u2013 grazie al contributo di molti \u2013 una imponente campagna di prevenzione, dalle brochure alle conferenze, dai cartelloni sugli autobus agli oltre 1 milione di cartoni del latte, i furti, che contrastiamo con costanti servizi ad alto impatto sulle diverse aree della<br \/>\nprovincia, la violenza sulle donne su cui riversiamo grande attenzione, grazie anche alla formazione degli operatori della rete dell\u2019Arma e alla presenza delle colleghe donne oramai presenti nella quasi totalit\u00e0 delle Stazioni, il disagio giovanile che sempre pi\u00f9 spesso ci circonda\u201d. Ed \u00e8 stato proprio il disagio giovanile uno dei due temi su cui ha posto l\u2019accento il Comandante Provinciale, evidenziando la necessit\u00e0 di azioni concrete per prevenire fenomeni come l\u2019uso e abuso di alcool, l\u2019uso di droghe, ma anche la necessit\u00e0 di contrastare \u201cl\u2019isolamento, la sensazione di solitudine, l\u2019assenza di dialogo, che percepiamo affliggere alcuni giovani che hanno bisogno di modelli e maestri, di esempi di possibilit\u00e0, spegnendo realt\u00e0 virtuali, dispersive e distruttive. E questi punti di riferimento li cercano<br \/>\ne li vogliono negli adulti, sperando che questi si mettano in ascolto\u201d. E proprio parlando di ascolto, ha ringraziato quei suoi Carabinieri che hanno saputo ascoltare ed aiutare, citando \u201cVincenzo, operatore della Centrale Operativa, che \u00e8 stato mezz\u2019ora al telefono del 112 con un ragazzo che stava vivendo un momento di debolezza ed \u00e8 riuscito a salvarlo\u201d o \u201cFrancesco, che il giorno di Natale scorso \u00e8 stato invece a casa di una nonnina di 90 anni, certo non pi\u00f9 giovane, ma che anche lei ha chiamato disperata il 112 dicendo che tutto andava male. Ed \u00e8 tornata a sorridere quando Francesco si \u00e8 mangiato il panettone con lei ed \u00e8 rimasto qualche ora seduto sul suo divano a farsi raccontare le storie di una vita\u201d.<br \/>\nQuesti due esempi hanno introdotto l\u2019altro focus dell\u2019intervento del Comandante Provinciale, ricordando ai suoi Carabinieri \u201csenza una base scordatevi le altezze, e quando avrete raggiunto le altezze, ricordatevi che siete partiti da una base\u201d, rimarcando l\u2019importanza del dovere delle piccole cose di ogni giorno, quelle azioni che aiutano le persone che entrano nelle Stazioni con un problema con la certezza che i Carabinieri le potranno aiutare, \u201cl\u2019Arma delle piccole cose di valore non quantificabile \u00e8 l\u2019Arma della gente. L\u2019Arma che \u00e8 in grado di rappresentare un punto di riferimento.<br \/>\nQuelle azioni piccole, silenziose, che nella loro autenticit\u00e0 e generosit\u00e0, sono magari capaci di cambiare la vita di qualcuno, con la nostra capacit\u00e0 di trasformare la dedizione in azione, la professionalit\u00e0 in ascolto, empatia, capacit\u00e0 di aiutare, senza riserve\u201d.<\/p>\n<p>I PREMIATI E LA CONCLUSIONE DELLA CERIMONIA<br \/>\nEmozione tra i Carabinieri, alcuni giovanissimi, altri pi\u00f9 esperti e navigati, ma sfilare dinanzi alle Autorit\u00e0 provinciali per ricevere un applauso e il grazie della comunit\u00e0 fa sempre un certo effetto.<br \/>\nEcco i militari premiati:<br \/>\n&#8211; Encomio del Comandante della Legione Carabinieri Calabria, concesso al Maresciallo Capo<br \/>\nGuido PONTURO, Comandante della Stazione di Arabba perch\u00e9 \u201cAddetto a Nucleo Investigativo di Comando Provinciale, in territorio ad alto indice di criminalit\u00e0 organizzata, evidenziando spiccata professionalit\u00e0, non comune senso del dovere ed elevato intuito investigativo, forniva determinante contributo ad articolata ed efficace indagine, sviluppata in sinergia con il personale dello Squadrone Eliportato Cacciatori Calabria, che consentiva di rintracciare e trarre in arresto<br \/>\nun catturando contiguo ad agguerrita consorteria di \u2018ndrangheta, responsabile di efferato omicidio commesso per futili motivi\u201d;<br \/>\n&#8211; Apprezzamento del Comandante della Legione Carabinieri Veneto, concesso al Lgt. Stefano<br \/>\nVAGNOZZI, ai Brigadieri Gioele GUGLIELMI e Savino BERARDINO, e all\u2019App.Sc. Alfredo<br \/>\nTALO\u2019, comandante e addetti al Nucleo Operativo della compagnia di Feltre, perch\u00e9<br \/>\n\u201cComandante del Nucleo Operativo e Radiomobile e militari addetti all\u2019Aliquota Operativa della Compagnia di Feltre, con spiccato acume investigativo ed elevata professionalit\u00e0, conducevano una complessa attivit\u00e0 investigativa che, all\u2019esito, consentiva di disarticolare un sodalizio criminale dedito allo spaccio di sostanze stupefacenti, concludendosi con l\u2019arresto di 9 persone e il sequestro di oltre 7 kg di droghe di diversa tipologia, una cospicua somma di denaro e armi\u201d;<br \/>\n&#8211; Apprezzamento del Comandante della Legione Carabinieri Veneto, concesso al Mar.Magg.<br \/>\nMarco DECO\u2019, Comandante della Stazione di Sedico, perch\u00e9 \u201cComandante della Stazione di<br \/>\nSedico, coordinava e svolgeva personalmente prolungate indagini che permettevano di<br \/>\nindividuare e deferire all\u2019Autorit\u00e0 Giudiziaria tre soggetti resisi responsabili di una truffa ai danni di una anziana signora. I malviventi, fingendosi Carabinieri, richiedevano una ingente somma di denaro alla vittima quale cauzione per un presunto incidente occorso a un familiare\u201d;<br \/>\n&#8211; Elogio concesso al VB Giuseppe PEZZELLA e al Car.Sc. Luca CORBETTA, addetti alla<br \/>\nStazione di Sedico, perch\u00e9 \u201cMilitari impegnati in servizio di controllo del territorio, con<br \/>\ntempestivit\u00e0 ed elevata professionalit\u00e0 intervenivano presso un\u2019abitazione ove, a seguito della segnalazione di un privato cittadino che udiva delle urla, individuavano con notevole intuito un sottoscala ove era in corso una violenza sessuale ai danni di un\u2019anziana donna. Con prontezza e determinazione riuscivano ad interrompere l\u2019aggressione, contribuendo in modo determinante ad assicurare l\u2019incolumit\u00e0 e le cure della vittima, traendo poi in arresto l\u2019autore del reato che tentava di darsi alla fuga\u201d;<br \/>\n&#8211; Elogio concesso al Brigadiere Vincenzo FIORE, addetto alla Centrale Operativa di Belluno,<br \/>\nperch\u00e9 \u201cOperatore della Centrale Operativa di Belluno, dopo aver ricevuto una telefonata al 112 da parte di un giovane che, in evidente stato di difficolt\u00e0, manifestava intenzioni suicide, con elevatissima professionalit\u00e0, grande sensibilit\u00e0 e spiccata empatia, avviando un prolungato dialogo col giovane riusciva dapprima a rasserenarlo e poi a farlo desistere dal suo intento.<br \/>\nContestualmente, riusciva a coordinare l\u2019intervento della pattuglia della locale Stazione che,<br \/>\ngrazie alle sue precise indicazioni, giungeva nell\u2019area isolata ove il giovane si trovava, per<br \/>\nprestargli soccorso. Esempio di spirito di servizio, senso del dovere ed elevate capacit\u00e0<br \/>\nprofessionali e umane\u201d;<br \/>\n&#8211; Elogio di Reparto concesso al Nucleo Investigativo di Belluno, al Nucleo Operativo della<br \/>\nCompagnia di Cortina e alla Sezione Operativa di Belluno, ritirato dai rispettivi Comandanti di Reparto, perch\u00e9 \u201cA seguito di una truffa perpetrata ad una anziana donna di Cortina d\u2019Ampezzo da un malvivente che, fingendosi un Carabiniere, la induceva a consegnare ad una complice una ingente somma di denaro e numerosi gioielli di famiglia, i Reparti si coordinavano prontamente al fine di raccogliere indispensabili fonti di prova e avviare immediate ricerche in tutta la provincia. Individuato il luogo ove l\u2019autrice del reato si era nascosta, procedevano a meticolosa perquisizione che, all\u2019esito, consentiva il recupero di tutta la refurtiva sottratta che veniva riconsegnata alla legittima proprietaria\u201d;<br \/>\n&#8211; Elogio concesso al Car. Anastasia TOMADA e al Car. Andrea DE GASPERI, addetti alle Stazioni di Cortina d\u2019Ampezzo e Arabba, poich\u00e9 \u201cMilitari in servizio di vigilanza e soccorso presso comprensori sciistici dell\u2019area di Cortina d\u2019Ampezzo, con elevata professionalit\u00e0, spirito di servizio e senso del dovere, intervenivano in occasione di incidenti che coinvolgevano sciatori, prestando il primo soccorso e stabilizzando le vittime, in attesa dell\u2019intervento del personale sanitario. Il pronto intervento e la competenza assicurata, consentivano la messa in sicurezza degli infortunati, riscuotendo la sincera riconoscenza dei malcapitati\u201d;<br \/>\n&#8211; Elogio concesso al Lgt. CS Marco TOIGO, addetto all\u2019Ufficio Comando del Comando<br \/>\nProvinciale, perch\u00e9 \u201cLuogotenente di profonda esperienza ed elevatissima professionalit\u00e0, in<br \/>\nservizio presso l\u2019Ufficio Comando provinciale, saldo punto di riferimento per colleghi e superiori nella risoluzione di complesse attivit\u00e0 di pianificazione e gestione del personale, delle operazioni e della logistica a livello provinciale, con infaticabile impegno, elevatissima determinazione e indiscussa capacit\u00e0, ha fornito un costante, elevatissimo rendimento in servizio, operando sempre con spiccato senso di responsabilit\u00e0, raro equilibrio, lodevole iniziativa, indiscussa generosit\u00e0 oltre che intimo e profondo attaccamento all\u2019Istituzione. Esempio di dedizione e senso del dovere nel decennale servizio nell\u2019Arma dei Carabinieri\u201d.<br \/>\nDopo le premiazioni un piccolo \u201cfuori programma\u201d della cerimonia, nel corso del quale \u00e8 stato il Comandante Provinciale a prendere la parola, per motivare una iniziativa condivisa con la sezione bellunese dell\u2019Associazione Nazionale Carabinieri. Come capitato in passato, in occasione di cerimonie ufficiali, il Colonnello Pigozzo ha voluto riconoscere il particolare merito verso la collettivit\u00e0 di alcuni cittadini, accogliendoli nella \u201cfamiglia\u201d dell\u2019Arma quali soci simpatizzanti dell\u2019Associazione Nazionale Carabinieri. E durante la cerimonia \u00e8 stato chiamato a ricevere il bavero rosso e blu, il Comandante Antonio Codemo, Comandante della Polizia Locale del Comune di Belluno che, come ha ricordato il Colonnello Pigozzo, \u201csi \u00e8 speso molto per la collettivit\u00e0 e la sua organizzazione e in due anni ha raggiunto grandi risultati. Nella sua costante e determinata azione, caratterizzata da grande professionalit\u00e0, competenza e pragmatismo, si \u00e8 speso senza riserve e con grande spirito d\u2019iniziativa non solo per innovare ed efficientare la sua struttura, ma per rendere un migliore servizio alla sua comunit\u00e0 come farebbe un buon Carabiniere\u201d. Un lungo applauso ha accompagnato questo momento, a partire da quello del Primo Cittadino di Belluno.<br \/>\nUna foto di gruppo ha sancito il termine di una cerimonia militare in cui lo stile dell\u2019Arma si \u00e8 ben integrato alla familiarit\u00e0 di una comunit\u00e0 che si \u00e8 raccolta intorno ai pennacchi rossi e blu per celebrare il 211\u00b0 compleanno dei Carabinieri.<\/p>","protected":false},"excerpt":{"rendered":"<p>Belluno, 5 giugno 2025 &#8211; A ospitare la cerimonia militare per la ricorrenza dei 211 anni dalla fondazione, i Carabinieri hanno scelto ancora la centralissima piazza del Duomo a Belluno, dinanzi al palazzo dei Rettori, la Basilica Cattedrale di San Martino e Palazzo Rosso. Alla presenza del Prefetto di Belluno, di moltissimi Sindaci e delle [&hellip;]<\/p>\n","protected":false},"author":2,"featured_media":160642,"comment_status":"closed","ping_status":"open","sticky":false,"template":"","format":"standard","meta":{"footnotes":""},"categories":[50,8],"tags":[],"class_list":["post-160706","post","type-post","status-publish","format-standard","has-post-thumbnail","category-pubbliredazionali","category-societa-istituzioni"],"yoast_head":"<!-- This site is optimized with the Yoast SEO plugin v28.4 - https:\/\/yoast.com\/product\/yoast-seo-wordpress\/ -->\n<title>I carabinieri festeggiano il 211mo anniversario della fondazione dell&#039;Arma - Bellunopress - Dolomiti<\/title>\n<meta name=\"robots\" content=\"index, follow, max-snippet:-1, max-image-preview:large, max-video-preview:-1\" \/>\n<link rel=\"canonical\" href=\"https:\/\/www.bellunopress.it\/fr\/2025\/06\/05\/i-carabinieri-festeggiano-il-211mo-anniversario-della-fondazione-dellarma\/\" \/>\n<meta property=\"og:locale\" content=\"fr_FR\" \/>\n<meta property=\"og:type\" content=\"article\" \/>\n<meta property=\"og:title\" content=\"I carabinieri festeggiano il 211mo anniversario della fondazione dell&#039;Arma - Bellunopress - Dolomiti\" \/>\n<meta property=\"og:description\" content=\"Belluno, 5 giugno 2025 &#8211; A ospitare la cerimonia militare per la ricorrenza dei 211 anni dalla fondazione, i Carabinieri hanno scelto ancora la centralissima piazza del Duomo a Belluno, dinanzi al palazzo dei Rettori, la Basilica Cattedrale di San Martino e Palazzo Rosso. Alla presenza del Prefetto di Belluno, di moltissimi Sindaci e delle [&hellip;]\" \/>\n<meta property=\"og:url\" content=\"https:\/\/www.bellunopress.it\/fr\/2025\/06\/05\/i-carabinieri-festeggiano-il-211mo-anniversario-della-fondazione-dellarma\/\" \/>\n<meta property=\"og:site_name\" content=\"Bellunopress - Dolomiti\" \/>\n<meta property=\"article:publisher\" content=\"https:\/\/www.facebook.com\/profile.php?id=100008943462799\" \/>\n<meta property=\"article:published_time\" content=\"2025-06-05T11:14:20+00:00\" \/>\n<meta property=\"og:image\" content=\"https:\/\/www.bellunopress.it\/wp-content\/uploads\/2025\/06\/Festa-dei-carabinieri.jpg\" \/>\n\t<meta property=\"og:image:width\" content=\"1000\" \/>\n\t<meta property=\"og:image:height\" content=\"667\" \/>\n\t<meta property=\"og:image:type\" content=\"image\/jpeg\" \/>\n<meta name=\"author\" content=\"redazione\" \/>\n<meta name=\"twitter:card\" content=\"summary_large_image\" \/>\n<meta name=\"twitter:creator\" content=\"@bellunopress\" \/>\n<meta name=\"twitter:site\" content=\"@bellunopress\" \/>\n<meta name=\"twitter:label1\" content=\"\u00c9crit par\" \/>\n\t<meta name=\"twitter:data1\" content=\"redazione\" \/>\n\t<meta name=\"twitter:label2\" content=\"Dur\u00e9e de lecture estim\u00e9e\" \/>\n\t<meta name=\"twitter:data2\" content=\"16 minutes\" \/>\n<script type=\"application\/ld+json\" class=\"yoast-schema-graph\">{\"@context\":\"https:\\\/\\\/schema.org\",\"@graph\":[{\"@type\":\"Article\",\"@id\":\"https:\\\/\\\/www.bellunopress.it\\\/2025\\\/06\\\/05\\\/i-carabinieri-festeggiano-il-211mo-anniversario-della-fondazione-dellarma\\\/#article\",\"isPartOf\":{\"@id\":\"https:\\\/\\\/www.bellunopress.it\\\/2025\\\/06\\\/05\\\/i-carabinieri-festeggiano-il-211mo-anniversario-della-fondazione-dellarma\\\/\"},\"author\":{\"name\":\"redazione\",\"@id\":\"https:\\\/\\\/www.bellunopress.it\\\/#\\\/schema\\\/person\\\/79bb06722b37ece1c03d3e94beb30d73\"},\"headline\":\"I carabinieri festeggiano il 211mo anniversario della fondazione dell&#8217;Arma\",\"datePublished\":\"2025-06-05T11:14:20+00:00\",\"mainEntityOfPage\":{\"@id\":\"https:\\\/\\\/www.bellunopress.it\\\/2025\\\/06\\\/05\\\/i-carabinieri-festeggiano-il-211mo-anniversario-della-fondazione-dellarma\\\/\"},\"wordCount\":3289,\"publisher\":{\"@id\":\"https:\\\/\\\/www.bellunopress.it\\\/#organization\"},\"image\":{\"@id\":\"https:\\\/\\\/www.bellunopress.it\\\/2025\\\/06\\\/05\\\/i-carabinieri-festeggiano-il-211mo-anniversario-della-fondazione-dellarma\\\/#primaryimage\"},\"thumbnailUrl\":\"https:\\\/\\\/www.bellunopress.it\\\/wp-content\\\/uploads\\\/2025\\\/06\\\/Festa-dei-carabinieri.jpg\",\"articleSection\":[\"Pubbliredazionali\",\"Societ\u00e0, Associazioni, Istituzioni\"],\"inLanguage\":\"fr-FR\"},{\"@type\":\"WebPage\",\"@id\":\"https:\\\/\\\/www.bellunopress.it\\\/2025\\\/06\\\/05\\\/i-carabinieri-festeggiano-il-211mo-anniversario-della-fondazione-dellarma\\\/\",\"url\":\"https:\\\/\\\/www.bellunopress.it\\\/2025\\\/06\\\/05\\\/i-carabinieri-festeggiano-il-211mo-anniversario-della-fondazione-dellarma\\\/\",\"name\":\"I carabinieri festeggiano il 211mo anniversario della fondazione dell'Arma - Bellunopress - Dolomiti\",\"isPartOf\":{\"@id\":\"https:\\\/\\\/www.bellunopress.it\\\/#website\"},\"primaryImageOfPage\":{\"@id\":\"https:\\\/\\\/www.bellunopress.it\\\/2025\\\/06\\\/05\\\/i-carabinieri-festeggiano-il-211mo-anniversario-della-fondazione-dellarma\\\/#primaryimage\"},\"image\":{\"@id\":\"https:\\\/\\\/www.bellunopress.it\\\/2025\\\/06\\\/05\\\/i-carabinieri-festeggiano-il-211mo-anniversario-della-fondazione-dellarma\\\/#primaryimage\"},\"thumbnailUrl\":\"https:\\\/\\\/www.bellunopress.it\\\/wp-content\\\/uploads\\\/2025\\\/06\\\/Festa-dei-carabinieri.jpg\",\"datePublished\":\"2025-06-05T11:14:20+00:00\",\"breadcrumb\":{\"@id\":\"https:\\\/\\\/www.bellunopress.it\\\/2025\\\/06\\\/05\\\/i-carabinieri-festeggiano-il-211mo-anniversario-della-fondazione-dellarma\\\/#breadcrumb\"},\"inLanguage\":\"fr-FR\",\"potentialAction\":[{\"@type\":\"ReadAction\",\"target\":[\"https:\\\/\\\/www.bellunopress.it\\\/2025\\\/06\\\/05\\\/i-carabinieri-festeggiano-il-211mo-anniversario-della-fondazione-dellarma\\\/\"]}]},{\"@type\":\"ImageObject\",\"inLanguage\":\"fr-FR\",\"@id\":\"https:\\\/\\\/www.bellunopress.it\\\/2025\\\/06\\\/05\\\/i-carabinieri-festeggiano-il-211mo-anniversario-della-fondazione-dellarma\\\/#primaryimage\",\"url\":\"https:\\\/\\\/www.bellunopress.it\\\/wp-content\\\/uploads\\\/2025\\\/06\\\/Festa-dei-carabinieri.jpg\",\"contentUrl\":\"https:\\\/\\\/www.bellunopress.it\\\/wp-content\\\/uploads\\\/2025\\\/06\\\/Festa-dei-carabinieri.jpg\",\"width\":1000,\"height\":667},{\"@type\":\"BreadcrumbList\",\"@id\":\"https:\\\/\\\/www.bellunopress.it\\\/2025\\\/06\\\/05\\\/i-carabinieri-festeggiano-il-211mo-anniversario-della-fondazione-dellarma\\\/#breadcrumb\",\"itemListElement\":[{\"@type\":\"ListItem\",\"position\":1,\"name\":\"Home\",\"item\":\"https:\\\/\\\/www.bellunopress.it\\\/\"},{\"@type\":\"ListItem\",\"position\":2,\"name\":\"I carabinieri festeggiano il 211mo anniversario della fondazione dell&#8217;Arma\"}]},{\"@type\":\"WebSite\",\"@id\":\"https:\\\/\\\/www.bellunopress.it\\\/#website\",\"url\":\"https:\\\/\\\/www.bellunopress.it\\\/\",\"name\":\"Bellunopress - Dolomiti\",\"description\":\"e-mail: redazione@bellunopress.it\",\"publisher\":{\"@id\":\"https:\\\/\\\/www.bellunopress.it\\\/#organization\"},\"potentialAction\":[{\"@type\":\"SearchAction\",\"target\":{\"@type\":\"EntryPoint\",\"urlTemplate\":\"https:\\\/\\\/www.bellunopress.it\\\/?s={search_term_string}\"},\"query-input\":{\"@type\":\"PropertyValueSpecification\",\"valueRequired\":true,\"valueName\":\"search_term_string\"}}],\"inLanguage\":\"fr-FR\"},{\"@type\":\"Organization\",\"@id\":\"https:\\\/\\\/www.bellunopress.it\\\/#organization\",\"name\":\"Bellunopress\",\"url\":\"https:\\\/\\\/www.bellunopress.it\\\/\",\"logo\":{\"@type\":\"ImageObject\",\"inLanguage\":\"fr-FR\",\"@id\":\"https:\\\/\\\/www.bellunopress.it\\\/#\\\/schema\\\/logo\\\/image\\\/\",\"url\":\"https:\\\/\\\/www.bellunopress.it\\\/wp-content\\\/uploads\\\/2011\\\/05\\\/cropped-logo-bellunopress-.jpg\",\"contentUrl\":\"https:\\\/\\\/www.bellunopress.it\\\/wp-content\\\/uploads\\\/2011\\\/05\\\/cropped-logo-bellunopress-.jpg\",\"width\":512,\"height\":512,\"caption\":\"Bellunopress\"},\"image\":{\"@id\":\"https:\\\/\\\/www.bellunopress.it\\\/#\\\/schema\\\/logo\\\/image\\\/\"},\"sameAs\":[\"https:\\\/\\\/www.facebook.com\\\/profile.php?id=100008943462799\",\"https:\\\/\\\/x.com\\\/bellunopress\",\"https:\\\/\\\/www.linkedin.com\\\/hp\\\/?dnr=JBzUWaJfMUw8vbXJJ2tVW5-I3jZKvC4wsoxE&amp;amp;amp;amp;amp;amp;trk=nav_responsive_tab_home\",\"https:\\\/\\\/www.youtube.com\\\/channel\\\/UCxL0wu1uN0_3_7hGG0306cw\"]},{\"@type\":\"Person\",\"@id\":\"https:\\\/\\\/www.bellunopress.it\\\/#\\\/schema\\\/person\\\/79bb06722b37ece1c03d3e94beb30d73\",\"name\":\"redazione\",\"image\":{\"@type\":\"ImageObject\",\"inLanguage\":\"fr-FR\",\"@id\":\"https:\\\/\\\/secure.gravatar.com\\\/avatar\\\/37d968a2e67a6fd04c169c4bdef102d0bc5d31b2546345219e348575eb80e9a0?s=96&d=mm&r=g\",\"url\":\"https:\\\/\\\/secure.gravatar.com\\\/avatar\\\/37d968a2e67a6fd04c169c4bdef102d0bc5d31b2546345219e348575eb80e9a0?s=96&d=mm&r=g\",\"contentUrl\":\"https:\\\/\\\/secure.gravatar.com\\\/avatar\\\/37d968a2e67a6fd04c169c4bdef102d0bc5d31b2546345219e348575eb80e9a0?s=96&d=mm&r=g\",\"caption\":\"redazione\"},\"sameAs\":[\"http:\\\/\\\/www.bellunopress.it\",\"https:\\\/\\\/x.com\\\/bellunopress\"],\"url\":\"https:\\\/\\\/www.bellunopress.it\\\/fr\\\/author\\\/redazione\\\/\"}]}<\/script>\n<!-- \/ Yoast SEO plugin. -->","yoast_head_json":{"title":"I carabinieri festeggiano il 211mo anniversario della fondazione dell'Arma - Bellunopress - Dolomiti","robots":{"index":"index","follow":"follow","max-snippet":"max-snippet:-1","max-image-preview":"max-image-preview:large","max-video-preview":"max-video-preview:-1"},"canonical":"https:\/\/www.bellunopress.it\/fr\/2025\/06\/05\/i-carabinieri-festeggiano-il-211mo-anniversario-della-fondazione-dellarma\/","og_locale":"fr_FR","og_type":"article","og_title":"I carabinieri festeggiano il 211mo anniversario della fondazione dell'Arma - Bellunopress - Dolomiti","og_description":"Belluno, 5 giugno 2025 &#8211; A ospitare la cerimonia militare per la ricorrenza dei 211 anni dalla fondazione, i Carabinieri hanno scelto ancora la centralissima piazza del Duomo a Belluno, dinanzi al palazzo dei Rettori, la Basilica Cattedrale di San Martino e Palazzo Rosso. Alla presenza del Prefetto di Belluno, di moltissimi Sindaci e delle [&hellip;]","og_url":"https:\/\/www.bellunopress.it\/fr\/2025\/06\/05\/i-carabinieri-festeggiano-il-211mo-anniversario-della-fondazione-dellarma\/","og_site_name":"Bellunopress - Dolomiti","article_publisher":"https:\/\/www.facebook.com\/profile.php?id=100008943462799","article_published_time":"2025-06-05T11:14:20+00:00","og_image":[{"width":1000,"height":667,"url":"https:\/\/www.bellunopress.it\/wp-content\/uploads\/2025\/06\/Festa-dei-carabinieri.jpg","type":"image\/jpeg"}],"author":"redazione","twitter_card":"summary_large_image","twitter_creator":"@bellunopress","twitter_site":"@bellunopress","twitter_misc":{"\u00c9crit par":"redazione","Dur\u00e9e de lecture estim\u00e9e":"16 minutes"},"schema":{"@context":"https:\/\/schema.org","@graph":[{"@type":"Article","@id":"https:\/\/www.bellunopress.it\/2025\/06\/05\/i-carabinieri-festeggiano-il-211mo-anniversario-della-fondazione-dellarma\/#article","isPartOf":{"@id":"https:\/\/www.bellunopress.it\/2025\/06\/05\/i-carabinieri-festeggiano-il-211mo-anniversario-della-fondazione-dellarma\/"},"author":{"name":"redazione","@id":"https:\/\/www.bellunopress.it\/#\/schema\/person\/79bb06722b37ece1c03d3e94beb30d73"},"headline":"I carabinieri festeggiano il 211mo anniversario della fondazione dell&#8217;Arma","datePublished":"2025-06-05T11:14:20+00:00","mainEntityOfPage":{"@id":"https:\/\/www.bellunopress.it\/2025\/06\/05\/i-carabinieri-festeggiano-il-211mo-anniversario-della-fondazione-dellarma\/"},"wordCount":3289,"publisher":{"@id":"https:\/\/www.bellunopress.it\/#organization"},"image":{"@id":"https:\/\/www.bellunopress.it\/2025\/06\/05\/i-carabinieri-festeggiano-il-211mo-anniversario-della-fondazione-dellarma\/#primaryimage"},"thumbnailUrl":"https:\/\/www.bellunopress.it\/wp-content\/uploads\/2025\/06\/Festa-dei-carabinieri.jpg","articleSection":["Pubbliredazionali","Societ\u00e0, Associazioni, Istituzioni"],"inLanguage":"fr-FR"},{"@type":"WebPage","@id":"https:\/\/www.bellunopress.it\/2025\/06\/05\/i-carabinieri-festeggiano-il-211mo-anniversario-della-fondazione-dellarma\/","url":"https:\/\/www.bellunopress.it\/2025\/06\/05\/i-carabinieri-festeggiano-il-211mo-anniversario-della-fondazione-dellarma\/","name":"I carabinieri festeggiano il 211mo anniversario della fondazione dell'Arma - Bellunopress - Dolomiti","isPartOf":{"@id":"https:\/\/www.bellunopress.it\/#website"},"primaryImageOfPage":{"@id":"https:\/\/www.bellunopress.it\/2025\/06\/05\/i-carabinieri-festeggiano-il-211mo-anniversario-della-fondazione-dellarma\/#primaryimage"},"image":{"@id":"https:\/\/www.bellunopress.it\/2025\/06\/05\/i-carabinieri-festeggiano-il-211mo-anniversario-della-fondazione-dellarma\/#primaryimage"},"thumbnailUrl":"https:\/\/www.bellunopress.it\/wp-content\/uploads\/2025\/06\/Festa-dei-carabinieri.jpg","datePublished":"2025-06-05T11:14:20+00:00","breadcrumb":{"@id":"https:\/\/www.bellunopress.it\/2025\/06\/05\/i-carabinieri-festeggiano-il-211mo-anniversario-della-fondazione-dellarma\/#breadcrumb"},"inLanguage":"fr-FR","potentialAction":[{"@type":"ReadAction","target":["https:\/\/www.bellunopress.it\/2025\/06\/05\/i-carabinieri-festeggiano-il-211mo-anniversario-della-fondazione-dellarma\/"]}]},{"@type":"ImageObject","inLanguage":"fr-FR","@id":"https:\/\/www.bellunopress.it\/2025\/06\/05\/i-carabinieri-festeggiano-il-211mo-anniversario-della-fondazione-dellarma\/#primaryimage","url":"https:\/\/www.bellunopress.it\/wp-content\/uploads\/2025\/06\/Festa-dei-carabinieri.jpg","contentUrl":"https:\/\/www.bellunopress.it\/wp-content\/uploads\/2025\/06\/Festa-dei-carabinieri.jpg","width":1000,"height":667},{"@type":"BreadcrumbList","@id":"https:\/\/www.bellunopress.it\/2025\/06\/05\/i-carabinieri-festeggiano-il-211mo-anniversario-della-fondazione-dellarma\/#breadcrumb","itemListElement":[{"@type":"ListItem","position":1,"name":"Home","item":"https:\/\/www.bellunopress.it\/"},{"@type":"ListItem","position":2,"name":"I carabinieri festeggiano il 211mo anniversario della fondazione dell&#8217;Arma"}]},{"@type":"WebSite","@id":"https:\/\/www.bellunopress.it\/#website","url":"https:\/\/www.bellunopress.it\/","name":"Bellunopress - Dolomiti","description":"e-mail: redazione@bellunopress.it","publisher":{"@id":"https:\/\/www.bellunopress.it\/#organization"},"potentialAction":[{"@type":"SearchAction","target":{"@type":"EntryPoint","urlTemplate":"https:\/\/www.bellunopress.it\/?s={search_term_string}"},"query-input":{"@type":"PropertyValueSpecification","valueRequired":true,"valueName":"search_term_string"}}],"inLanguage":"fr-FR"},{"@type":"Organization","@id":"https:\/\/www.bellunopress.it\/#organization","name":"Bellunopress","url":"https:\/\/www.bellunopress.it\/","logo":{"@type":"ImageObject","inLanguage":"fr-FR","@id":"https:\/\/www.bellunopress.it\/#\/schema\/logo\/image\/","url":"https:\/\/www.bellunopress.it\/wp-content\/uploads\/2011\/05\/cropped-logo-bellunopress-.jpg","contentUrl":"https:\/\/www.bellunopress.it\/wp-content\/uploads\/2011\/05\/cropped-logo-bellunopress-.jpg","width":512,"height":512,"caption":"Bellunopress"},"image":{"@id":"https:\/\/www.bellunopress.it\/#\/schema\/logo\/image\/"},"sameAs":["https:\/\/www.facebook.com\/profile.php?id=100008943462799","https:\/\/x.com\/bellunopress","https:\/\/www.linkedin.com\/hp\/?dnr=JBzUWaJfMUw8vbXJJ2tVW5-I3jZKvC4wsoxE&amp;amp;amp;amp;amp;amp;trk=nav_responsive_tab_home","https:\/\/www.youtube.com\/channel\/UCxL0wu1uN0_3_7hGG0306cw"]},{"@type":"Person","@id":"https:\/\/www.bellunopress.it\/#\/schema\/person\/79bb06722b37ece1c03d3e94beb30d73","name":"r\u00e9daction","image":{"@type":"ImageObject","inLanguage":"fr-FR","@id":"https:\/\/secure.gravatar.com\/avatar\/37d968a2e67a6fd04c169c4bdef102d0bc5d31b2546345219e348575eb80e9a0?s=96&d=mm&r=g","url":"https:\/\/secure.gravatar.com\/avatar\/37d968a2e67a6fd04c169c4bdef102d0bc5d31b2546345219e348575eb80e9a0?s=96&d=mm&r=g","contentUrl":"https:\/\/secure.gravatar.com\/avatar\/37d968a2e67a6fd04c169c4bdef102d0bc5d31b2546345219e348575eb80e9a0?s=96&d=mm&r=g","caption":"redazione"},"sameAs":["http:\/\/www.bellunopress.it","https:\/\/x.com\/bellunopress"],"url":"https:\/\/www.bellunopress.it\/fr\/author\/redazione\/"}]}},"_links":{"self":[{"href":"https:\/\/www.bellunopress.it\/fr\/wp-json\/wp\/v2\/posts\/160706","targetHints":{"allow":["GET"]}}],"collection":[{"href":"https:\/\/www.bellunopress.it\/fr\/wp-json\/wp\/v2\/posts"}],"about":[{"href":"https:\/\/www.bellunopress.it\/fr\/wp-json\/wp\/v2\/types\/post"}],"author":[{"embeddable":true,"href":"https:\/\/www.bellunopress.it\/fr\/wp-json\/wp\/v2\/users\/2"}],"replies":[{"embeddable":true,"href":"https:\/\/www.bellunopress.it\/fr\/wp-json\/wp\/v2\/comments?post=160706"}],"version-history":[{"count":1,"href":"https:\/\/www.bellunopress.it\/fr\/wp-json\/wp\/v2\/posts\/160706\/revisions"}],"predecessor-version":[{"id":160707,"href":"https:\/\/www.bellunopress.it\/fr\/wp-json\/wp\/v2\/posts\/160706\/revisions\/160707"}],"wp:featuredmedia":[{"embeddable":true,"href":"https:\/\/www.bellunopress.it\/fr\/wp-json\/wp\/v2\/media\/160642"}],"wp:attachment":[{"href":"https:\/\/www.bellunopress.it\/fr\/wp-json\/wp\/v2\/media?parent=160706"}],"wp:term":[{"taxonomy":"category","embeddable":true,"href":"https:\/\/www.bellunopress.it\/fr\/wp-json\/wp\/v2\/categories?post=160706"},{"taxonomy":"post_tag","embeddable":true,"href":"https:\/\/www.bellunopress.it\/fr\/wp-json\/wp\/v2\/tags?post=160706"}],"curies":[{"name":"wp","href":"https:\/\/api.w.org\/{rel}","templated":true}]}}