{"id":160702,"date":"2025-06-05T09:09:03","date_gmt":"2025-06-05T07:09:03","guid":{"rendered":"https:\/\/www.bellunopress.it\/?p=160702"},"modified":"2025-06-05T09:09:03","modified_gmt":"2025-06-05T07:09:03","slug":"fine-settimana-di-controlli-a-belluno-arrestato-un-trentenne-e-allontanati-tre-pregiudicati","status":"publish","type":"post","link":"https:\/\/www.bellunopress.it\/fr\/2025\/06\/05\/fine-settimana-di-controlli-a-belluno-arrestato-un-trentenne-e-allontanati-tre-pregiudicati\/","title":{"rendered":"Fine settimana di controlli a Belluno: arrestato un trentenne e allontanati tre pregiudicati"},"content":{"rendered":"<figure id=\"attachment_158083\" aria-describedby=\"caption-attachment-158083\" style=\"width: 1000px\" class=\"wp-caption aligncenter\"><img loading=\"lazy\" decoding=\"async\" class=\"size-full wp-image-158083\" src=\"https:\/\/www.bellunopress.it\/wp-content\/uploads\/2025\/02\/questore-roberto-della-rocca_edited.jpg\" alt=\"\" width=\"1000\" height=\"937\" srcset=\"https:\/\/www.bellunopress.it\/wp-content\/uploads\/2025\/02\/questore-roberto-della-rocca_edited.jpg 1000w, https:\/\/www.bellunopress.it\/wp-content\/uploads\/2025\/02\/questore-roberto-della-rocca_edited-500x469.jpg 500w, https:\/\/www.bellunopress.it\/wp-content\/uploads\/2025\/02\/questore-roberto-della-rocca_edited-448x420.jpg 448w, https:\/\/www.bellunopress.it\/wp-content\/uploads\/2025\/02\/questore-roberto-della-rocca_edited-696x652.jpg 696w\" sizes=\"auto, (max-width: 1000px) 100vw, 1000px\" \/><figcaption id=\"caption-attachment-158083\" class=\"wp-caption-text\">Roberto Della Rocca, questore di Belluno<\/figcaption><\/figure>\n<p data-start=\"0\" data-end=\"104\">Belluno, 5 giugno 2025 &#8211; Un intenso weekend di controlli straordinari, disposti dal questore di Belluno, ha portato a due importanti interventi da parte della Squadra volante della Questura. Il primo ha visto l\u2019arresto di un trentenne italiano, noto alle forze dell\u2019ordine, mentre il secondo ha portato all\u2019allontanamento coatto di tre cittadini rumeni con numerosi precedenti per truffa.<\/p>\n<p data-start=\"481\" data-end=\"1163\">Il primo episodio si \u00e8 verificato all\u2019alba di domenica nei pressi della stazione ferroviaria di Belluno. Un uomo di 30 anni, con numerosi precedenti di polizia per minacce, lesioni personali e maltrattamenti in famiglia, \u00e8 stato controllato dagli agenti nonostante fosse privo di documenti. Gi\u00e0 sottoposto a misura cautelare con braccialetto elettronico e destinatario di una sorveglianza speciale, l\u2019uomo ha reagito in modo estremamente violento alla richiesta di fornire le generalit\u00e0. Portato in Questura per ulteriori accertamenti, ha iniziato ad aggredire verbalmente e fisicamente i poliziotti, tanto da rendere necessario l\u2019intervento di una seconda pattuglia per contenerlo.<\/p>\n<p data-start=\"1165\" data-end=\"1568\">A causa del suo comportamento aggressivo e pericoloso, \u00e8 stato arrestato per resistenza e lesioni a pubblico ufficiale. Gli agenti hanno riportato prognosi rispettivamente di tre e cinque giorni. Il Pubblico Ministero ha disposto l\u2019immediato trasferimento in carcere, mentre il 4 giugno il giudice ha convalidato l\u2019arresto applicando la misura cautelare del divieto di dimora nella provincia di Belluno.<\/p>\n<p data-start=\"1570\" data-end=\"1980\">Nel corso degli stessi controlli, la polizia ha intercettato un\u2019auto sospetta che si aggirava nei pressi del capoluogo e dei comuni limitrofi. A bordo tre cittadini rumeni, tutti gravati da precedenti per truffa, anche sul territorio bellunese. Condotti in Questura, \u00e8 stata prontamente applicata la misura preventiva del foglio di via obbligatorio con divieto di ritorno a Belluno per i prossimi quattro anni.<\/p>\n<p data-start=\"1982\" data-end=\"2352\">Il provvedimento, firmato dal Questore di Belluno Roberto Della Rocca e adottato dalla Divisione Anticrimine, \u00e8 stato ritenuto urgente per salvaguardare la sicurezza pubblica, compromessa dalla presenza dei tre soggetti. La normativa prevede infatti che, in presenza di individui pericolosi non residenti nel Comune, il Questore possa ordinare loro di lasciarlo entro 48 ore.<\/p>\n<p data-start=\"2354\" data-end=\"2516\">Le attivit\u00e0 di controllo continueranno anche nei prossimi giorni, con particolare attenzione alla prevenzione dei reati e alla tutela della tranquillit\u00e0 pubblica.<\/p>","protected":false},"excerpt":{"rendered":"<p>Belluno, 5 giugno 2025 &#8211; Un intenso weekend di controlli straordinari, disposti dal questore di Belluno, ha portato a due importanti interventi da parte della Squadra volante della Questura. Il primo ha visto l\u2019arresto di un trentenne italiano, noto alle forze dell\u2019ordine, mentre il secondo ha portato all\u2019allontanamento coatto di tre cittadini rumeni con numerosi [&hellip;]<\/p>\n","protected":false},"author":2,"featured_media":158083,"comment_status":"closed","ping_status":"open","sticky":false,"template":"","format":"standard","meta":{"footnotes":""},"categories":[5,26],"tags":[],"class_list":["post-160702","post","type-post","status-publish","format-standard","has-post-thumbnail","category-cronaca","category-prima-pagina"],"yoast_head":"<!-- This site is optimized with the Yoast SEO plugin v28.4 - https:\/\/yoast.com\/product\/yoast-seo-wordpress\/ -->\n<title>Fine settimana di controlli a Belluno: arrestato un trentenne e allontanati tre pregiudicati - Bellunopress - Dolomiti<\/title>\n<meta name=\"robots\" content=\"index, follow, max-snippet:-1, max-image-preview:large, max-video-preview:-1\" \/>\n<link rel=\"canonical\" href=\"https:\/\/www.bellunopress.it\/fr\/2025\/06\/05\/fine-settimana-di-controlli-a-belluno-arrestato-un-trentenne-e-allontanati-tre-pregiudicati\/\" \/>\n<meta property=\"og:locale\" content=\"fr_FR\" \/>\n<meta property=\"og:type\" content=\"article\" \/>\n<meta property=\"og:title\" content=\"Fine settimana di controlli a Belluno: arrestato un trentenne e allontanati tre pregiudicati - Bellunopress - Dolomiti\" \/>\n<meta property=\"og:description\" content=\"Belluno, 5 giugno 2025 &#8211; Un intenso weekend di controlli straordinari, disposti dal questore di Belluno, ha portato a due importanti interventi da parte della Squadra volante della Questura. Il primo ha visto l\u2019arresto di un trentenne italiano, noto alle forze dell\u2019ordine, mentre il secondo ha portato all\u2019allontanamento coatto di tre cittadini rumeni con numerosi [&hellip;]\" \/>\n<meta property=\"og:url\" content=\"https:\/\/www.bellunopress.it\/fr\/2025\/06\/05\/fine-settimana-di-controlli-a-belluno-arrestato-un-trentenne-e-allontanati-tre-pregiudicati\/\" \/>\n<meta property=\"og:site_name\" content=\"Bellunopress - Dolomiti\" \/>\n<meta property=\"article:publisher\" content=\"https:\/\/www.facebook.com\/profile.php?id=100008943462799\" \/>\n<meta property=\"article:published_time\" content=\"2025-06-05T07:09:03+00:00\" \/>\n<meta property=\"og:image\" content=\"https:\/\/www.bellunopress.it\/wp-content\/uploads\/2025\/02\/questore-roberto-della-rocca_edited.jpg\" \/>\n\t<meta property=\"og:image:width\" content=\"1000\" \/>\n\t<meta property=\"og:image:height\" content=\"937\" \/>\n\t<meta property=\"og:image:type\" content=\"image\/jpeg\" \/>\n<meta name=\"author\" content=\"redazione\" \/>\n<meta name=\"twitter:card\" content=\"summary_large_image\" \/>\n<meta name=\"twitter:creator\" content=\"@bellunopress\" \/>\n<meta name=\"twitter:site\" content=\"@bellunopress\" \/>\n<meta name=\"twitter:label1\" content=\"\u00c9crit par\" \/>\n\t<meta name=\"twitter:data1\" content=\"redazione\" \/>\n\t<meta name=\"twitter:label2\" content=\"Dur\u00e9e de lecture estim\u00e9e\" \/>\n\t<meta name=\"twitter:data2\" content=\"2 minutes\" \/>\n<script type=\"application\/ld+json\" class=\"yoast-schema-graph\">{\"@context\":\"https:\\\/\\\/schema.org\",\"@graph\":[{\"@type\":\"Article\",\"@id\":\"https:\\\/\\\/www.bellunopress.it\\\/2025\\\/06\\\/05\\\/fine-settimana-di-controlli-a-belluno-arrestato-un-trentenne-e-allontanati-tre-pregiudicati\\\/#article\",\"isPartOf\":{\"@id\":\"https:\\\/\\\/www.bellunopress.it\\\/2025\\\/06\\\/05\\\/fine-settimana-di-controlli-a-belluno-arrestato-un-trentenne-e-allontanati-tre-pregiudicati\\\/\"},\"author\":{\"name\":\"redazione\",\"@id\":\"https:\\\/\\\/www.bellunopress.it\\\/#\\\/schema\\\/person\\\/79bb06722b37ece1c03d3e94beb30d73\"},\"headline\":\"Fine settimana di controlli a Belluno: arrestato un trentenne e allontanati tre pregiudicati\",\"datePublished\":\"2025-06-05T07:09:03+00:00\",\"mainEntityOfPage\":{\"@id\":\"https:\\\/\\\/www.bellunopress.it\\\/2025\\\/06\\\/05\\\/fine-settimana-di-controlli-a-belluno-arrestato-un-trentenne-e-allontanati-tre-pregiudicati\\\/\"},\"wordCount\":378,\"publisher\":{\"@id\":\"https:\\\/\\\/www.bellunopress.it\\\/#organization\"},\"image\":{\"@id\":\"https:\\\/\\\/www.bellunopress.it\\\/2025\\\/06\\\/05\\\/fine-settimana-di-controlli-a-belluno-arrestato-un-trentenne-e-allontanati-tre-pregiudicati\\\/#primaryimage\"},\"thumbnailUrl\":\"https:\\\/\\\/www.bellunopress.it\\\/wp-content\\\/uploads\\\/2025\\\/02\\\/questore-roberto-della-rocca_edited.jpg\",\"articleSection\":[\"Cronaca\\\/Politica\",\"Prima Pagina\"],\"inLanguage\":\"fr-FR\"},{\"@type\":\"WebPage\",\"@id\":\"https:\\\/\\\/www.bellunopress.it\\\/2025\\\/06\\\/05\\\/fine-settimana-di-controlli-a-belluno-arrestato-un-trentenne-e-allontanati-tre-pregiudicati\\\/\",\"url\":\"https:\\\/\\\/www.bellunopress.it\\\/2025\\\/06\\\/05\\\/fine-settimana-di-controlli-a-belluno-arrestato-un-trentenne-e-allontanati-tre-pregiudicati\\\/\",\"name\":\"Fine settimana di controlli a Belluno: arrestato un trentenne e allontanati tre pregiudicati - Bellunopress - Dolomiti\",\"isPartOf\":{\"@id\":\"https:\\\/\\\/www.bellunopress.it\\\/#website\"},\"primaryImageOfPage\":{\"@id\":\"https:\\\/\\\/www.bellunopress.it\\\/2025\\\/06\\\/05\\\/fine-settimana-di-controlli-a-belluno-arrestato-un-trentenne-e-allontanati-tre-pregiudicati\\\/#primaryimage\"},\"image\":{\"@id\":\"https:\\\/\\\/www.bellunopress.it\\\/2025\\\/06\\\/05\\\/fine-settimana-di-controlli-a-belluno-arrestato-un-trentenne-e-allontanati-tre-pregiudicati\\\/#primaryimage\"},\"thumbnailUrl\":\"https:\\\/\\\/www.bellunopress.it\\\/wp-content\\\/uploads\\\/2025\\\/02\\\/questore-roberto-della-rocca_edited.jpg\",\"datePublished\":\"2025-06-05T07:09:03+00:00\",\"breadcrumb\":{\"@id\":\"https:\\\/\\\/www.bellunopress.it\\\/2025\\\/06\\\/05\\\/fine-settimana-di-controlli-a-belluno-arrestato-un-trentenne-e-allontanati-tre-pregiudicati\\\/#breadcrumb\"},\"inLanguage\":\"fr-FR\",\"potentialAction\":[{\"@type\":\"ReadAction\",\"target\":[\"https:\\\/\\\/www.bellunopress.it\\\/2025\\\/06\\\/05\\\/fine-settimana-di-controlli-a-belluno-arrestato-un-trentenne-e-allontanati-tre-pregiudicati\\\/\"]}]},{\"@type\":\"ImageObject\",\"inLanguage\":\"fr-FR\",\"@id\":\"https:\\\/\\\/www.bellunopress.it\\\/2025\\\/06\\\/05\\\/fine-settimana-di-controlli-a-belluno-arrestato-un-trentenne-e-allontanati-tre-pregiudicati\\\/#primaryimage\",\"url\":\"https:\\\/\\\/www.bellunopress.it\\\/wp-content\\\/uploads\\\/2025\\\/02\\\/questore-roberto-della-rocca_edited.jpg\",\"contentUrl\":\"https:\\\/\\\/www.bellunopress.it\\\/wp-content\\\/uploads\\\/2025\\\/02\\\/questore-roberto-della-rocca_edited.jpg\",\"width\":1000,\"height\":937,\"caption\":\"Roberto Della Rocca, questore di Belluno\"},{\"@type\":\"BreadcrumbList\",\"@id\":\"https:\\\/\\\/www.bellunopress.it\\\/2025\\\/06\\\/05\\\/fine-settimana-di-controlli-a-belluno-arrestato-un-trentenne-e-allontanati-tre-pregiudicati\\\/#breadcrumb\",\"itemListElement\":[{\"@type\":\"ListItem\",\"position\":1,\"name\":\"Home\",\"item\":\"https:\\\/\\\/www.bellunopress.it\\\/\"},{\"@type\":\"ListItem\",\"position\":2,\"name\":\"Fine settimana di controlli a Belluno: arrestato un trentenne e allontanati tre pregiudicati\"}]},{\"@type\":\"WebSite\",\"@id\":\"https:\\\/\\\/www.bellunopress.it\\\/#website\",\"url\":\"https:\\\/\\\/www.bellunopress.it\\\/\",\"name\":\"Bellunopress - Dolomiti\",\"description\":\"e-mail: redazione@bellunopress.it\",\"publisher\":{\"@id\":\"https:\\\/\\\/www.bellunopress.it\\\/#organization\"},\"potentialAction\":[{\"@type\":\"SearchAction\",\"target\":{\"@type\":\"EntryPoint\",\"urlTemplate\":\"https:\\\/\\\/www.bellunopress.it\\\/?s={search_term_string}\"},\"query-input\":{\"@type\":\"PropertyValueSpecification\",\"valueRequired\":true,\"valueName\":\"search_term_string\"}}],\"inLanguage\":\"fr-FR\"},{\"@type\":\"Organization\",\"@id\":\"https:\\\/\\\/www.bellunopress.it\\\/#organization\",\"name\":\"Bellunopress\",\"url\":\"https:\\\/\\\/www.bellunopress.it\\\/\",\"logo\":{\"@type\":\"ImageObject\",\"inLanguage\":\"fr-FR\",\"@id\":\"https:\\\/\\\/www.bellunopress.it\\\/#\\\/schema\\\/logo\\\/image\\\/\",\"url\":\"https:\\\/\\\/www.bellunopress.it\\\/wp-content\\\/uploads\\\/2011\\\/05\\\/cropped-logo-bellunopress-.jpg\",\"contentUrl\":\"https:\\\/\\\/www.bellunopress.it\\\/wp-content\\\/uploads\\\/2011\\\/05\\\/cropped-logo-bellunopress-.jpg\",\"width\":512,\"height\":512,\"caption\":\"Bellunopress\"},\"image\":{\"@id\":\"https:\\\/\\\/www.bellunopress.it\\\/#\\\/schema\\\/logo\\\/image\\\/\"},\"sameAs\":[\"https:\\\/\\\/www.facebook.com\\\/profile.php?id=100008943462799\",\"https:\\\/\\\/x.com\\\/bellunopress\",\"https:\\\/\\\/www.linkedin.com\\\/hp\\\/?dnr=JBzUWaJfMUw8vbXJJ2tVW5-I3jZKvC4wsoxE&amp;amp;amp;amp;amp;amp;trk=nav_responsive_tab_home\",\"https:\\\/\\\/www.youtube.com\\\/channel\\\/UCxL0wu1uN0_3_7hGG0306cw\"]},{\"@type\":\"Person\",\"@id\":\"https:\\\/\\\/www.bellunopress.it\\\/#\\\/schema\\\/person\\\/79bb06722b37ece1c03d3e94beb30d73\",\"name\":\"redazione\",\"image\":{\"@type\":\"ImageObject\",\"inLanguage\":\"fr-FR\",\"@id\":\"https:\\\/\\\/secure.gravatar.com\\\/avatar\\\/37d968a2e67a6fd04c169c4bdef102d0bc5d31b2546345219e348575eb80e9a0?s=96&d=mm&r=g\",\"url\":\"https:\\\/\\\/secure.gravatar.com\\\/avatar\\\/37d968a2e67a6fd04c169c4bdef102d0bc5d31b2546345219e348575eb80e9a0?s=96&d=mm&r=g\",\"contentUrl\":\"https:\\\/\\\/secure.gravatar.com\\\/avatar\\\/37d968a2e67a6fd04c169c4bdef102d0bc5d31b2546345219e348575eb80e9a0?s=96&d=mm&r=g\",\"caption\":\"redazione\"},\"sameAs\":[\"http:\\\/\\\/www.bellunopress.it\",\"https:\\\/\\\/x.com\\\/bellunopress\"],\"url\":\"https:\\\/\\\/www.bellunopress.it\\\/fr\\\/author\\\/redazione\\\/\"}]}<\/script>\n<!-- \/ Yoast SEO plugin. -->","yoast_head_json":{"title":"Fine settimana di controlli a Belluno: arrestato un trentenne e allontanati tre pregiudicati - Bellunopress - Dolomiti","robots":{"index":"index","follow":"follow","max-snippet":"max-snippet:-1","max-image-preview":"max-image-preview:large","max-video-preview":"max-video-preview:-1"},"canonical":"https:\/\/www.bellunopress.it\/fr\/2025\/06\/05\/fine-settimana-di-controlli-a-belluno-arrestato-un-trentenne-e-allontanati-tre-pregiudicati\/","og_locale":"fr_FR","og_type":"article","og_title":"Fine settimana di controlli a Belluno: arrestato un trentenne e allontanati tre pregiudicati - Bellunopress - Dolomiti","og_description":"Belluno, 5 giugno 2025 &#8211; Un intenso weekend di controlli straordinari, disposti dal questore di Belluno, ha portato a due importanti interventi da parte della Squadra volante della Questura. Il primo ha visto l\u2019arresto di un trentenne italiano, noto alle forze dell\u2019ordine, mentre il secondo ha portato all\u2019allontanamento coatto di tre cittadini rumeni con numerosi [&hellip;]","og_url":"https:\/\/www.bellunopress.it\/fr\/2025\/06\/05\/fine-settimana-di-controlli-a-belluno-arrestato-un-trentenne-e-allontanati-tre-pregiudicati\/","og_site_name":"Bellunopress - Dolomiti","article_publisher":"https:\/\/www.facebook.com\/profile.php?id=100008943462799","article_published_time":"2025-06-05T07:09:03+00:00","og_image":[{"width":1000,"height":937,"url":"https:\/\/www.bellunopress.it\/wp-content\/uploads\/2025\/02\/questore-roberto-della-rocca_edited.jpg","type":"image\/jpeg"}],"author":"redazione","twitter_card":"summary_large_image","twitter_creator":"@bellunopress","twitter_site":"@bellunopress","twitter_misc":{"\u00c9crit par":"redazione","Dur\u00e9e de lecture estim\u00e9e":"2 minutes"},"schema":{"@context":"https:\/\/schema.org","@graph":[{"@type":"Article","@id":"https:\/\/www.bellunopress.it\/2025\/06\/05\/fine-settimana-di-controlli-a-belluno-arrestato-un-trentenne-e-allontanati-tre-pregiudicati\/#article","isPartOf":{"@id":"https:\/\/www.bellunopress.it\/2025\/06\/05\/fine-settimana-di-controlli-a-belluno-arrestato-un-trentenne-e-allontanati-tre-pregiudicati\/"},"author":{"name":"redazione","@id":"https:\/\/www.bellunopress.it\/#\/schema\/person\/79bb06722b37ece1c03d3e94beb30d73"},"headline":"Fine settimana di controlli a Belluno: arrestato un trentenne e allontanati tre pregiudicati","datePublished":"2025-06-05T07:09:03+00:00","mainEntityOfPage":{"@id":"https:\/\/www.bellunopress.it\/2025\/06\/05\/fine-settimana-di-controlli-a-belluno-arrestato-un-trentenne-e-allontanati-tre-pregiudicati\/"},"wordCount":378,"publisher":{"@id":"https:\/\/www.bellunopress.it\/#organization"},"image":{"@id":"https:\/\/www.bellunopress.it\/2025\/06\/05\/fine-settimana-di-controlli-a-belluno-arrestato-un-trentenne-e-allontanati-tre-pregiudicati\/#primaryimage"},"thumbnailUrl":"https:\/\/www.bellunopress.it\/wp-content\/uploads\/2025\/02\/questore-roberto-della-rocca_edited.jpg","articleSection":["Cronaca\/Politica","Prima Pagina"],"inLanguage":"fr-FR"},{"@type":"WebPage","@id":"https:\/\/www.bellunopress.it\/2025\/06\/05\/fine-settimana-di-controlli-a-belluno-arrestato-un-trentenne-e-allontanati-tre-pregiudicati\/","url":"https:\/\/www.bellunopress.it\/2025\/06\/05\/fine-settimana-di-controlli-a-belluno-arrestato-un-trentenne-e-allontanati-tre-pregiudicati\/","name":"Fine settimana di controlli a Belluno: arrestato un trentenne e allontanati tre pregiudicati - Bellunopress - Dolomiti","isPartOf":{"@id":"https:\/\/www.bellunopress.it\/#website"},"primaryImageOfPage":{"@id":"https:\/\/www.bellunopress.it\/2025\/06\/05\/fine-settimana-di-controlli-a-belluno-arrestato-un-trentenne-e-allontanati-tre-pregiudicati\/#primaryimage"},"image":{"@id":"https:\/\/www.bellunopress.it\/2025\/06\/05\/fine-settimana-di-controlli-a-belluno-arrestato-un-trentenne-e-allontanati-tre-pregiudicati\/#primaryimage"},"thumbnailUrl":"https:\/\/www.bellunopress.it\/wp-content\/uploads\/2025\/02\/questore-roberto-della-rocca_edited.jpg","datePublished":"2025-06-05T07:09:03+00:00","breadcrumb":{"@id":"https:\/\/www.bellunopress.it\/2025\/06\/05\/fine-settimana-di-controlli-a-belluno-arrestato-un-trentenne-e-allontanati-tre-pregiudicati\/#breadcrumb"},"inLanguage":"fr-FR","potentialAction":[{"@type":"ReadAction","target":["https:\/\/www.bellunopress.it\/2025\/06\/05\/fine-settimana-di-controlli-a-belluno-arrestato-un-trentenne-e-allontanati-tre-pregiudicati\/"]}]},{"@type":"ImageObject","inLanguage":"fr-FR","@id":"https:\/\/www.bellunopress.it\/2025\/06\/05\/fine-settimana-di-controlli-a-belluno-arrestato-un-trentenne-e-allontanati-tre-pregiudicati\/#primaryimage","url":"https:\/\/www.bellunopress.it\/wp-content\/uploads\/2025\/02\/questore-roberto-della-rocca_edited.jpg","contentUrl":"https:\/\/www.bellunopress.it\/wp-content\/uploads\/2025\/02\/questore-roberto-della-rocca_edited.jpg","width":1000,"height":937,"caption":"Roberto Della Rocca, questore di Belluno"},{"@type":"BreadcrumbList","@id":"https:\/\/www.bellunopress.it\/2025\/06\/05\/fine-settimana-di-controlli-a-belluno-arrestato-un-trentenne-e-allontanati-tre-pregiudicati\/#breadcrumb","itemListElement":[{"@type":"ListItem","position":1,"name":"Home","item":"https:\/\/www.bellunopress.it\/"},{"@type":"ListItem","position":2,"name":"Fine settimana di controlli a Belluno: arrestato un trentenne e allontanati tre pregiudicati"}]},{"@type":"WebSite","@id":"https:\/\/www.bellunopress.it\/#website","url":"https:\/\/www.bellunopress.it\/","name":"Bellunopress - Dolomiti","description":"e-mail: redazione@bellunopress.it","publisher":{"@id":"https:\/\/www.bellunopress.it\/#organization"},"potentialAction":[{"@type":"SearchAction","target":{"@type":"EntryPoint","urlTemplate":"https:\/\/www.bellunopress.it\/?s={search_term_string}"},"query-input":{"@type":"PropertyValueSpecification","valueRequired":true,"valueName":"search_term_string"}}],"inLanguage":"fr-FR"},{"@type":"Organization","@id":"https:\/\/www.bellunopress.it\/#organization","name":"Bellunopress","url":"https:\/\/www.bellunopress.it\/","logo":{"@type":"ImageObject","inLanguage":"fr-FR","@id":"https:\/\/www.bellunopress.it\/#\/schema\/logo\/image\/","url":"https:\/\/www.bellunopress.it\/wp-content\/uploads\/2011\/05\/cropped-logo-bellunopress-.jpg","contentUrl":"https:\/\/www.bellunopress.it\/wp-content\/uploads\/2011\/05\/cropped-logo-bellunopress-.jpg","width":512,"height":512,"caption":"Bellunopress"},"image":{"@id":"https:\/\/www.bellunopress.it\/#\/schema\/logo\/image\/"},"sameAs":["https:\/\/www.facebook.com\/profile.php?id=100008943462799","https:\/\/x.com\/bellunopress","https:\/\/www.linkedin.com\/hp\/?dnr=JBzUWaJfMUw8vbXJJ2tVW5-I3jZKvC4wsoxE&amp;amp;amp;amp;amp;amp;trk=nav_responsive_tab_home","https:\/\/www.youtube.com\/channel\/UCxL0wu1uN0_3_7hGG0306cw"]},{"@type":"Person","@id":"https:\/\/www.bellunopress.it\/#\/schema\/person\/79bb06722b37ece1c03d3e94beb30d73","name":"r\u00e9daction","image":{"@type":"ImageObject","inLanguage":"fr-FR","@id":"https:\/\/secure.gravatar.com\/avatar\/37d968a2e67a6fd04c169c4bdef102d0bc5d31b2546345219e348575eb80e9a0?s=96&d=mm&r=g","url":"https:\/\/secure.gravatar.com\/avatar\/37d968a2e67a6fd04c169c4bdef102d0bc5d31b2546345219e348575eb80e9a0?s=96&d=mm&r=g","contentUrl":"https:\/\/secure.gravatar.com\/avatar\/37d968a2e67a6fd04c169c4bdef102d0bc5d31b2546345219e348575eb80e9a0?s=96&d=mm&r=g","caption":"redazione"},"sameAs":["http:\/\/www.bellunopress.it","https:\/\/x.com\/bellunopress"],"url":"https:\/\/www.bellunopress.it\/fr\/author\/redazione\/"}]}},"_links":{"self":[{"href":"https:\/\/www.bellunopress.it\/fr\/wp-json\/wp\/v2\/posts\/160702","targetHints":{"allow":["GET"]}}],"collection":[{"href":"https:\/\/www.bellunopress.it\/fr\/wp-json\/wp\/v2\/posts"}],"about":[{"href":"https:\/\/www.bellunopress.it\/fr\/wp-json\/wp\/v2\/types\/post"}],"author":[{"embeddable":true,"href":"https:\/\/www.bellunopress.it\/fr\/wp-json\/wp\/v2\/users\/2"}],"replies":[{"embeddable":true,"href":"https:\/\/www.bellunopress.it\/fr\/wp-json\/wp\/v2\/comments?post=160702"}],"version-history":[{"count":1,"href":"https:\/\/www.bellunopress.it\/fr\/wp-json\/wp\/v2\/posts\/160702\/revisions"}],"predecessor-version":[{"id":160703,"href":"https:\/\/www.bellunopress.it\/fr\/wp-json\/wp\/v2\/posts\/160702\/revisions\/160703"}],"wp:featuredmedia":[{"embeddable":true,"href":"https:\/\/www.bellunopress.it\/fr\/wp-json\/wp\/v2\/media\/158083"}],"wp:attachment":[{"href":"https:\/\/www.bellunopress.it\/fr\/wp-json\/wp\/v2\/media?parent=160702"}],"wp:term":[{"taxonomy":"category","embeddable":true,"href":"https:\/\/www.bellunopress.it\/fr\/wp-json\/wp\/v2\/categories?post=160702"},{"taxonomy":"post_tag","embeddable":true,"href":"https:\/\/www.bellunopress.it\/fr\/wp-json\/wp\/v2\/tags?post=160702"}],"curies":[{"name":"wp","href":"https:\/\/api.w.org\/{rel}","templated":true}]}}