{"id":160595,"date":"2025-05-31T20:37:00","date_gmt":"2025-05-31T18:37:00","guid":{"rendered":"https:\/\/www.bellunopress.it\/?p=160595"},"modified":"2025-05-31T20:37:00","modified_gmt":"2025-05-31T18:37:00","slug":"longarone-parcheggi-in-centro-il-comune-crea-nuovi-stalli-in-via-manzoni","status":"publish","type":"post","link":"https:\/\/www.bellunopress.it\/fr\/2025\/05\/31\/longarone-parcheggi-in-centro-il-comune-crea-nuovi-stalli-in-via-manzoni\/","title":{"rendered":"Longarone, parcheggi in centro: il Comune crea nuovi stalli in via Manzoni"},"content":{"rendered":"<figure id=\"attachment_160596\" aria-describedby=\"caption-attachment-160596\" style=\"width: 956px\" class=\"wp-caption aligncenter\"><img loading=\"lazy\" decoding=\"async\" class=\"size-full wp-image-160596\" src=\"https:\/\/www.bellunopress.it\/wp-content\/uploads\/2025\/05\/Erica-Cornella-assessore-Longarone.jpg\" alt=\"\" width=\"956\" height=\"960\" srcset=\"https:\/\/www.bellunopress.it\/wp-content\/uploads\/2025\/05\/Erica-Cornella-assessore-Longarone.jpg 956w, https:\/\/www.bellunopress.it\/wp-content\/uploads\/2025\/05\/Erica-Cornella-assessore-Longarone-498x500.jpg 498w, https:\/\/www.bellunopress.it\/wp-content\/uploads\/2025\/05\/Erica-Cornella-assessore-Longarone-300x300.jpg 300w, https:\/\/www.bellunopress.it\/wp-content\/uploads\/2025\/05\/Erica-Cornella-assessore-Longarone-418x420.jpg 418w, https:\/\/www.bellunopress.it\/wp-content\/uploads\/2025\/05\/Erica-Cornella-assessore-Longarone-696x699.jpg 696w\" sizes=\"auto, (max-width: 956px) 100vw, 956px\" \/><figcaption id=\"caption-attachment-160596\" class=\"wp-caption-text\">Erica Cornella, assessore al Commercio e alle Attivit\u00e0 produttive del Comune di Longarone<\/figcaption><\/figure>\n<p>Per ovviare al problema dei parcheggi in centro, a seguito dei lavori di Piazza 9 Ottobre, l\u2019amministrazione comunale di Longarone sta lavorando per creare nuovi stalli. A tal proposito, \u00e8 stata individuata come soluzione percorribile via Manzoni, la strada che corre sopra il municipio. Sar\u00e0 modificata la viabilit\u00e0 e la via sar\u00e0 resa a senso unico. In questo modo verr\u00e0 ricavato lo spazio per una fila di posti auto.<\/p>\n<p>\u201cLa segnaletica di sta realizzando in questi giorni. Poi potremo procedere\u201d spiega Erica Cornella, assessore comunale al commercio e alle attivit\u00e0 produttive. \u201cIntendiamo cos\u00ec dare una mano ai commercianti del centro, che in queste prime settimane di cantiere a Piazza 9 Ottobre hanno avuto diversi disagi. Ed \u00e8 anche un modo per andare incontro alle esigenze di chi frequenta il centro di Longarone e fatica a trovare parcheggi\u201d.<\/p>\n<p>Via Manzoni \u00e8 a ridosso del centro e permette di accedere alla zona centrale attraverso alcune scalinate. L\u2019amministrazione inoltre sta predisponendo anche un servizio di navetta per consentire a chi arriva a Longarone per il mercato del venerd\u00ec mattina di parcheggiare in zona fiera e di salire in centro a bordo di un pulmino. \u201cUn servizio che esiste gi\u00e0 dalle frazioni, il venerd\u00ec, ma che abbiamo deciso di potenziare, proprio per ovviare al problema parcheggi connesso ai cantieri\u201d sottolinea Cornella. \u201cUn servizio di navetta che sar\u00e0 attivo anche per la festa del gelato, organizzata dalla Pro loco per il 15 giugno\u201d.<\/p>\n<p>\u201cInoltre &#8211; conclude l\u2019assessore &#8211; man mano che i lavori a Piazza 9 Ottobre procederanno, cercheremo di liberare parcheggi, a servizio dei residenti e delle attivit\u00e0 commerciali. Il park A dovrebbe concludere i lavori di copertura entro fine giugno e per allora verranno riattivati tutti i parcheggi che sar\u00e0 possibile liberare. In queste settimane abbiamo cercato di adottare scelte di elasticit\u00e0 e buonsenso, consapevoli del disagio che comporta ogni grande opera strutturale, quale \u00e8 quella in corso in Piazza 9 Ottobre, ma consapevoli anche che questi lavori sono funzionali a riqualificare e valorizzare un luogo importante del centro\u201d.<\/p>","protected":false},"excerpt":{"rendered":"<p>Per ovviare al problema dei parcheggi in centro, a seguito dei lavori di Piazza 9 Ottobre, l\u2019amministrazione comunale di Longarone sta lavorando per creare nuovi stalli. A tal proposito, \u00e8 stata individuata come soluzione percorribile via Manzoni, la strada che corre sopra il municipio. Sar\u00e0 modificata la viabilit\u00e0 e la via sar\u00e0 resa a senso [&hellip;]<\/p>\n","protected":false},"author":2,"featured_media":160596,"comment_status":"closed","ping_status":"open","sticky":false,"template":"","format":"standard","meta":{"footnotes":""},"categories":[26,8],"tags":[],"class_list":["post-160595","post","type-post","status-publish","format-standard","has-post-thumbnail","category-prima-pagina","category-societa-istituzioni"],"yoast_head":"<!-- This site is optimized with the Yoast SEO plugin v28.4 - https:\/\/yoast.com\/product\/yoast-seo-wordpress\/ -->\n<title>Longarone, parcheggi in centro: il Comune crea nuovi stalli in via Manzoni - Bellunopress - Dolomiti<\/title>\n<meta name=\"robots\" content=\"index, follow, max-snippet:-1, max-image-preview:large, max-video-preview:-1\" \/>\n<link rel=\"canonical\" href=\"https:\/\/www.bellunopress.it\/fr\/2025\/05\/31\/longarone-parcheggi-in-centro-il-comune-crea-nuovi-stalli-in-via-manzoni\/\" \/>\n<meta property=\"og:locale\" content=\"fr_FR\" \/>\n<meta property=\"og:type\" content=\"article\" \/>\n<meta property=\"og:title\" content=\"Longarone, parcheggi in centro: il Comune crea nuovi stalli in via Manzoni - Bellunopress - Dolomiti\" \/>\n<meta property=\"og:description\" content=\"Per ovviare al problema dei parcheggi in centro, a seguito dei lavori di Piazza 9 Ottobre, l\u2019amministrazione comunale di Longarone sta lavorando per creare nuovi stalli. A tal proposito, \u00e8 stata individuata come soluzione percorribile via Manzoni, la strada che corre sopra il municipio. Sar\u00e0 modificata la viabilit\u00e0 e la via sar\u00e0 resa a senso [&hellip;]\" \/>\n<meta property=\"og:url\" content=\"https:\/\/www.bellunopress.it\/fr\/2025\/05\/31\/longarone-parcheggi-in-centro-il-comune-crea-nuovi-stalli-in-via-manzoni\/\" \/>\n<meta property=\"og:site_name\" content=\"Bellunopress - Dolomiti\" \/>\n<meta property=\"article:publisher\" content=\"https:\/\/www.facebook.com\/profile.php?id=100008943462799\" \/>\n<meta property=\"article:published_time\" content=\"2025-05-31T18:37:00+00:00\" \/>\n<meta property=\"og:image\" content=\"https:\/\/www.bellunopress.it\/wp-content\/uploads\/2025\/05\/Erica-Cornella-assessore-Longarone.jpg\" \/>\n\t<meta property=\"og:image:width\" content=\"956\" \/>\n\t<meta property=\"og:image:height\" content=\"960\" \/>\n\t<meta property=\"og:image:type\" content=\"image\/jpeg\" \/>\n<meta name=\"author\" content=\"redazione\" \/>\n<meta name=\"twitter:card\" content=\"summary_large_image\" \/>\n<meta name=\"twitter:creator\" content=\"@bellunopress\" \/>\n<meta name=\"twitter:site\" content=\"@bellunopress\" \/>\n<meta name=\"twitter:label1\" content=\"\u00c9crit par\" \/>\n\t<meta name=\"twitter:data1\" content=\"redazione\" \/>\n\t<meta name=\"twitter:label2\" content=\"Dur\u00e9e de lecture estim\u00e9e\" \/>\n\t<meta name=\"twitter:data2\" content=\"2 minutes\" \/>\n<script type=\"application\/ld+json\" class=\"yoast-schema-graph\">{\"@context\":\"https:\\\/\\\/schema.org\",\"@graph\":[{\"@type\":\"Article\",\"@id\":\"https:\\\/\\\/www.bellunopress.it\\\/2025\\\/05\\\/31\\\/longarone-parcheggi-in-centro-il-comune-crea-nuovi-stalli-in-via-manzoni\\\/#article\",\"isPartOf\":{\"@id\":\"https:\\\/\\\/www.bellunopress.it\\\/2025\\\/05\\\/31\\\/longarone-parcheggi-in-centro-il-comune-crea-nuovi-stalli-in-via-manzoni\\\/\"},\"author\":{\"name\":\"redazione\",\"@id\":\"https:\\\/\\\/www.bellunopress.it\\\/#\\\/schema\\\/person\\\/79bb06722b37ece1c03d3e94beb30d73\"},\"headline\":\"Longarone, parcheggi in centro: il Comune crea nuovi stalli in via Manzoni\",\"datePublished\":\"2025-05-31T18:37:00+00:00\",\"mainEntityOfPage\":{\"@id\":\"https:\\\/\\\/www.bellunopress.it\\\/2025\\\/05\\\/31\\\/longarone-parcheggi-in-centro-il-comune-crea-nuovi-stalli-in-via-manzoni\\\/\"},\"wordCount\":362,\"publisher\":{\"@id\":\"https:\\\/\\\/www.bellunopress.it\\\/#organization\"},\"image\":{\"@id\":\"https:\\\/\\\/www.bellunopress.it\\\/2025\\\/05\\\/31\\\/longarone-parcheggi-in-centro-il-comune-crea-nuovi-stalli-in-via-manzoni\\\/#primaryimage\"},\"thumbnailUrl\":\"https:\\\/\\\/www.bellunopress.it\\\/wp-content\\\/uploads\\\/2025\\\/05\\\/Erica-Cornella-assessore-Longarone.jpg\",\"articleSection\":[\"Prima Pagina\",\"Societ\u00e0, Associazioni, Istituzioni\"],\"inLanguage\":\"fr-FR\"},{\"@type\":\"WebPage\",\"@id\":\"https:\\\/\\\/www.bellunopress.it\\\/2025\\\/05\\\/31\\\/longarone-parcheggi-in-centro-il-comune-crea-nuovi-stalli-in-via-manzoni\\\/\",\"url\":\"https:\\\/\\\/www.bellunopress.it\\\/2025\\\/05\\\/31\\\/longarone-parcheggi-in-centro-il-comune-crea-nuovi-stalli-in-via-manzoni\\\/\",\"name\":\"Longarone, parcheggi in centro: il Comune crea nuovi stalli in via Manzoni - Bellunopress - Dolomiti\",\"isPartOf\":{\"@id\":\"https:\\\/\\\/www.bellunopress.it\\\/#website\"},\"primaryImageOfPage\":{\"@id\":\"https:\\\/\\\/www.bellunopress.it\\\/2025\\\/05\\\/31\\\/longarone-parcheggi-in-centro-il-comune-crea-nuovi-stalli-in-via-manzoni\\\/#primaryimage\"},\"image\":{\"@id\":\"https:\\\/\\\/www.bellunopress.it\\\/2025\\\/05\\\/31\\\/longarone-parcheggi-in-centro-il-comune-crea-nuovi-stalli-in-via-manzoni\\\/#primaryimage\"},\"thumbnailUrl\":\"https:\\\/\\\/www.bellunopress.it\\\/wp-content\\\/uploads\\\/2025\\\/05\\\/Erica-Cornella-assessore-Longarone.jpg\",\"datePublished\":\"2025-05-31T18:37:00+00:00\",\"breadcrumb\":{\"@id\":\"https:\\\/\\\/www.bellunopress.it\\\/2025\\\/05\\\/31\\\/longarone-parcheggi-in-centro-il-comune-crea-nuovi-stalli-in-via-manzoni\\\/#breadcrumb\"},\"inLanguage\":\"fr-FR\",\"potentialAction\":[{\"@type\":\"ReadAction\",\"target\":[\"https:\\\/\\\/www.bellunopress.it\\\/2025\\\/05\\\/31\\\/longarone-parcheggi-in-centro-il-comune-crea-nuovi-stalli-in-via-manzoni\\\/\"]}]},{\"@type\":\"ImageObject\",\"inLanguage\":\"fr-FR\",\"@id\":\"https:\\\/\\\/www.bellunopress.it\\\/2025\\\/05\\\/31\\\/longarone-parcheggi-in-centro-il-comune-crea-nuovi-stalli-in-via-manzoni\\\/#primaryimage\",\"url\":\"https:\\\/\\\/www.bellunopress.it\\\/wp-content\\\/uploads\\\/2025\\\/05\\\/Erica-Cornella-assessore-Longarone.jpg\",\"contentUrl\":\"https:\\\/\\\/www.bellunopress.it\\\/wp-content\\\/uploads\\\/2025\\\/05\\\/Erica-Cornella-assessore-Longarone.jpg\",\"width\":956,\"height\":960,\"caption\":\"Erica Cornella, assessore al Commercio e alle Attivit\u00e0 produttive del Comune di Longarone\"},{\"@type\":\"BreadcrumbList\",\"@id\":\"https:\\\/\\\/www.bellunopress.it\\\/2025\\\/05\\\/31\\\/longarone-parcheggi-in-centro-il-comune-crea-nuovi-stalli-in-via-manzoni\\\/#breadcrumb\",\"itemListElement\":[{\"@type\":\"ListItem\",\"position\":1,\"name\":\"Home\",\"item\":\"https:\\\/\\\/www.bellunopress.it\\\/\"},{\"@type\":\"ListItem\",\"position\":2,\"name\":\"Longarone, parcheggi in centro: il Comune crea nuovi stalli in via Manzoni\"}]},{\"@type\":\"WebSite\",\"@id\":\"https:\\\/\\\/www.bellunopress.it\\\/#website\",\"url\":\"https:\\\/\\\/www.bellunopress.it\\\/\",\"name\":\"Bellunopress - Dolomiti\",\"description\":\"e-mail: redazione@bellunopress.it\",\"publisher\":{\"@id\":\"https:\\\/\\\/www.bellunopress.it\\\/#organization\"},\"potentialAction\":[{\"@type\":\"SearchAction\",\"target\":{\"@type\":\"EntryPoint\",\"urlTemplate\":\"https:\\\/\\\/www.bellunopress.it\\\/?s={search_term_string}\"},\"query-input\":{\"@type\":\"PropertyValueSpecification\",\"valueRequired\":true,\"valueName\":\"search_term_string\"}}],\"inLanguage\":\"fr-FR\"},{\"@type\":\"Organization\",\"@id\":\"https:\\\/\\\/www.bellunopress.it\\\/#organization\",\"name\":\"Bellunopress\",\"url\":\"https:\\\/\\\/www.bellunopress.it\\\/\",\"logo\":{\"@type\":\"ImageObject\",\"inLanguage\":\"fr-FR\",\"@id\":\"https:\\\/\\\/www.bellunopress.it\\\/#\\\/schema\\\/logo\\\/image\\\/\",\"url\":\"https:\\\/\\\/www.bellunopress.it\\\/wp-content\\\/uploads\\\/2011\\\/05\\\/cropped-logo-bellunopress-.jpg\",\"contentUrl\":\"https:\\\/\\\/www.bellunopress.it\\\/wp-content\\\/uploads\\\/2011\\\/05\\\/cropped-logo-bellunopress-.jpg\",\"width\":512,\"height\":512,\"caption\":\"Bellunopress\"},\"image\":{\"@id\":\"https:\\\/\\\/www.bellunopress.it\\\/#\\\/schema\\\/logo\\\/image\\\/\"},\"sameAs\":[\"https:\\\/\\\/www.facebook.com\\\/profile.php?id=100008943462799\",\"https:\\\/\\\/x.com\\\/bellunopress\",\"https:\\\/\\\/www.linkedin.com\\\/hp\\\/?dnr=JBzUWaJfMUw8vbXJJ2tVW5-I3jZKvC4wsoxE&amp;amp;amp;amp;amp;amp;trk=nav_responsive_tab_home\",\"https:\\\/\\\/www.youtube.com\\\/channel\\\/UCxL0wu1uN0_3_7hGG0306cw\"]},{\"@type\":\"Person\",\"@id\":\"https:\\\/\\\/www.bellunopress.it\\\/#\\\/schema\\\/person\\\/79bb06722b37ece1c03d3e94beb30d73\",\"name\":\"redazione\",\"image\":{\"@type\":\"ImageObject\",\"inLanguage\":\"fr-FR\",\"@id\":\"https:\\\/\\\/secure.gravatar.com\\\/avatar\\\/37d968a2e67a6fd04c169c4bdef102d0bc5d31b2546345219e348575eb80e9a0?s=96&d=mm&r=g\",\"url\":\"https:\\\/\\\/secure.gravatar.com\\\/avatar\\\/37d968a2e67a6fd04c169c4bdef102d0bc5d31b2546345219e348575eb80e9a0?s=96&d=mm&r=g\",\"contentUrl\":\"https:\\\/\\\/secure.gravatar.com\\\/avatar\\\/37d968a2e67a6fd04c169c4bdef102d0bc5d31b2546345219e348575eb80e9a0?s=96&d=mm&r=g\",\"caption\":\"redazione\"},\"sameAs\":[\"http:\\\/\\\/www.bellunopress.it\",\"https:\\\/\\\/x.com\\\/bellunopress\"],\"url\":\"https:\\\/\\\/www.bellunopress.it\\\/fr\\\/author\\\/redazione\\\/\"}]}<\/script>\n<!-- \/ Yoast SEO plugin. -->","yoast_head_json":{"title":"Longarone, parcheggi in centro: il Comune crea nuovi stalli in via Manzoni - Bellunopress - Dolomiti","robots":{"index":"index","follow":"follow","max-snippet":"max-snippet:-1","max-image-preview":"max-image-preview:large","max-video-preview":"max-video-preview:-1"},"canonical":"https:\/\/www.bellunopress.it\/fr\/2025\/05\/31\/longarone-parcheggi-in-centro-il-comune-crea-nuovi-stalli-in-via-manzoni\/","og_locale":"fr_FR","og_type":"article","og_title":"Longarone, parcheggi in centro: il Comune crea nuovi stalli in via Manzoni - Bellunopress - Dolomiti","og_description":"Per ovviare al problema dei parcheggi in centro, a seguito dei lavori di Piazza 9 Ottobre, l\u2019amministrazione comunale di Longarone sta lavorando per creare nuovi stalli. A tal proposito, \u00e8 stata individuata come soluzione percorribile via Manzoni, la strada che corre sopra il municipio. Sar\u00e0 modificata la viabilit\u00e0 e la via sar\u00e0 resa a senso [&hellip;]","og_url":"https:\/\/www.bellunopress.it\/fr\/2025\/05\/31\/longarone-parcheggi-in-centro-il-comune-crea-nuovi-stalli-in-via-manzoni\/","og_site_name":"Bellunopress - Dolomiti","article_publisher":"https:\/\/www.facebook.com\/profile.php?id=100008943462799","article_published_time":"2025-05-31T18:37:00+00:00","og_image":[{"width":956,"height":960,"url":"https:\/\/www.bellunopress.it\/wp-content\/uploads\/2025\/05\/Erica-Cornella-assessore-Longarone.jpg","type":"image\/jpeg"}],"author":"redazione","twitter_card":"summary_large_image","twitter_creator":"@bellunopress","twitter_site":"@bellunopress","twitter_misc":{"\u00c9crit par":"redazione","Dur\u00e9e de lecture estim\u00e9e":"2 minutes"},"schema":{"@context":"https:\/\/schema.org","@graph":[{"@type":"Article","@id":"https:\/\/www.bellunopress.it\/2025\/05\/31\/longarone-parcheggi-in-centro-il-comune-crea-nuovi-stalli-in-via-manzoni\/#article","isPartOf":{"@id":"https:\/\/www.bellunopress.it\/2025\/05\/31\/longarone-parcheggi-in-centro-il-comune-crea-nuovi-stalli-in-via-manzoni\/"},"author":{"name":"redazione","@id":"https:\/\/www.bellunopress.it\/#\/schema\/person\/79bb06722b37ece1c03d3e94beb30d73"},"headline":"Longarone, parcheggi in centro: il Comune crea nuovi stalli in via Manzoni","datePublished":"2025-05-31T18:37:00+00:00","mainEntityOfPage":{"@id":"https:\/\/www.bellunopress.it\/2025\/05\/31\/longarone-parcheggi-in-centro-il-comune-crea-nuovi-stalli-in-via-manzoni\/"},"wordCount":362,"publisher":{"@id":"https:\/\/www.bellunopress.it\/#organization"},"image":{"@id":"https:\/\/www.bellunopress.it\/2025\/05\/31\/longarone-parcheggi-in-centro-il-comune-crea-nuovi-stalli-in-via-manzoni\/#primaryimage"},"thumbnailUrl":"https:\/\/www.bellunopress.it\/wp-content\/uploads\/2025\/05\/Erica-Cornella-assessore-Longarone.jpg","articleSection":["Prima Pagina","Societ\u00e0, Associazioni, Istituzioni"],"inLanguage":"fr-FR"},{"@type":"WebPage","@id":"https:\/\/www.bellunopress.it\/2025\/05\/31\/longarone-parcheggi-in-centro-il-comune-crea-nuovi-stalli-in-via-manzoni\/","url":"https:\/\/www.bellunopress.it\/2025\/05\/31\/longarone-parcheggi-in-centro-il-comune-crea-nuovi-stalli-in-via-manzoni\/","name":"Longarone, parcheggi in centro: il Comune crea nuovi stalli in via Manzoni - Bellunopress - Dolomiti","isPartOf":{"@id":"https:\/\/www.bellunopress.it\/#website"},"primaryImageOfPage":{"@id":"https:\/\/www.bellunopress.it\/2025\/05\/31\/longarone-parcheggi-in-centro-il-comune-crea-nuovi-stalli-in-via-manzoni\/#primaryimage"},"image":{"@id":"https:\/\/www.bellunopress.it\/2025\/05\/31\/longarone-parcheggi-in-centro-il-comune-crea-nuovi-stalli-in-via-manzoni\/#primaryimage"},"thumbnailUrl":"https:\/\/www.bellunopress.it\/wp-content\/uploads\/2025\/05\/Erica-Cornella-assessore-Longarone.jpg","datePublished":"2025-05-31T18:37:00+00:00","breadcrumb":{"@id":"https:\/\/www.bellunopress.it\/2025\/05\/31\/longarone-parcheggi-in-centro-il-comune-crea-nuovi-stalli-in-via-manzoni\/#breadcrumb"},"inLanguage":"fr-FR","potentialAction":[{"@type":"ReadAction","target":["https:\/\/www.bellunopress.it\/2025\/05\/31\/longarone-parcheggi-in-centro-il-comune-crea-nuovi-stalli-in-via-manzoni\/"]}]},{"@type":"ImageObject","inLanguage":"fr-FR","@id":"https:\/\/www.bellunopress.it\/2025\/05\/31\/longarone-parcheggi-in-centro-il-comune-crea-nuovi-stalli-in-via-manzoni\/#primaryimage","url":"https:\/\/www.bellunopress.it\/wp-content\/uploads\/2025\/05\/Erica-Cornella-assessore-Longarone.jpg","contentUrl":"https:\/\/www.bellunopress.it\/wp-content\/uploads\/2025\/05\/Erica-Cornella-assessore-Longarone.jpg","width":956,"height":960,"caption":"Erica Cornella, assessore al Commercio e alle Attivit\u00e0 produttive del Comune di Longarone"},{"@type":"BreadcrumbList","@id":"https:\/\/www.bellunopress.it\/2025\/05\/31\/longarone-parcheggi-in-centro-il-comune-crea-nuovi-stalli-in-via-manzoni\/#breadcrumb","itemListElement":[{"@type":"ListItem","position":1,"name":"Home","item":"https:\/\/www.bellunopress.it\/"},{"@type":"ListItem","position":2,"name":"Longarone, parcheggi in centro: il Comune crea nuovi stalli in via Manzoni"}]},{"@type":"WebSite","@id":"https:\/\/www.bellunopress.it\/#website","url":"https:\/\/www.bellunopress.it\/","name":"Bellunopress - Dolomiti","description":"e-mail: redazione@bellunopress.it","publisher":{"@id":"https:\/\/www.bellunopress.it\/#organization"},"potentialAction":[{"@type":"SearchAction","target":{"@type":"EntryPoint","urlTemplate":"https:\/\/www.bellunopress.it\/?s={search_term_string}"},"query-input":{"@type":"PropertyValueSpecification","valueRequired":true,"valueName":"search_term_string"}}],"inLanguage":"fr-FR"},{"@type":"Organization","@id":"https:\/\/www.bellunopress.it\/#organization","name":"Bellunopress","url":"https:\/\/www.bellunopress.it\/","logo":{"@type":"ImageObject","inLanguage":"fr-FR","@id":"https:\/\/www.bellunopress.it\/#\/schema\/logo\/image\/","url":"https:\/\/www.bellunopress.it\/wp-content\/uploads\/2011\/05\/cropped-logo-bellunopress-.jpg","contentUrl":"https:\/\/www.bellunopress.it\/wp-content\/uploads\/2011\/05\/cropped-logo-bellunopress-.jpg","width":512,"height":512,"caption":"Bellunopress"},"image":{"@id":"https:\/\/www.bellunopress.it\/#\/schema\/logo\/image\/"},"sameAs":["https:\/\/www.facebook.com\/profile.php?id=100008943462799","https:\/\/x.com\/bellunopress","https:\/\/www.linkedin.com\/hp\/?dnr=JBzUWaJfMUw8vbXJJ2tVW5-I3jZKvC4wsoxE&amp;amp;amp;amp;amp;amp;trk=nav_responsive_tab_home","https:\/\/www.youtube.com\/channel\/UCxL0wu1uN0_3_7hGG0306cw"]},{"@type":"Person","@id":"https:\/\/www.bellunopress.it\/#\/schema\/person\/79bb06722b37ece1c03d3e94beb30d73","name":"r\u00e9daction","image":{"@type":"ImageObject","inLanguage":"fr-FR","@id":"https:\/\/secure.gravatar.com\/avatar\/37d968a2e67a6fd04c169c4bdef102d0bc5d31b2546345219e348575eb80e9a0?s=96&d=mm&r=g","url":"https:\/\/secure.gravatar.com\/avatar\/37d968a2e67a6fd04c169c4bdef102d0bc5d31b2546345219e348575eb80e9a0?s=96&d=mm&r=g","contentUrl":"https:\/\/secure.gravatar.com\/avatar\/37d968a2e67a6fd04c169c4bdef102d0bc5d31b2546345219e348575eb80e9a0?s=96&d=mm&r=g","caption":"redazione"},"sameAs":["http:\/\/www.bellunopress.it","https:\/\/x.com\/bellunopress"],"url":"https:\/\/www.bellunopress.it\/fr\/author\/redazione\/"}]}},"_links":{"self":[{"href":"https:\/\/www.bellunopress.it\/fr\/wp-json\/wp\/v2\/posts\/160595","targetHints":{"allow":["GET"]}}],"collection":[{"href":"https:\/\/www.bellunopress.it\/fr\/wp-json\/wp\/v2\/posts"}],"about":[{"href":"https:\/\/www.bellunopress.it\/fr\/wp-json\/wp\/v2\/types\/post"}],"author":[{"embeddable":true,"href":"https:\/\/www.bellunopress.it\/fr\/wp-json\/wp\/v2\/users\/2"}],"replies":[{"embeddable":true,"href":"https:\/\/www.bellunopress.it\/fr\/wp-json\/wp\/v2\/comments?post=160595"}],"version-history":[{"count":1,"href":"https:\/\/www.bellunopress.it\/fr\/wp-json\/wp\/v2\/posts\/160595\/revisions"}],"predecessor-version":[{"id":160597,"href":"https:\/\/www.bellunopress.it\/fr\/wp-json\/wp\/v2\/posts\/160595\/revisions\/160597"}],"wp:featuredmedia":[{"embeddable":true,"href":"https:\/\/www.bellunopress.it\/fr\/wp-json\/wp\/v2\/media\/160596"}],"wp:attachment":[{"href":"https:\/\/www.bellunopress.it\/fr\/wp-json\/wp\/v2\/media?parent=160595"}],"wp:term":[{"taxonomy":"category","embeddable":true,"href":"https:\/\/www.bellunopress.it\/fr\/wp-json\/wp\/v2\/categories?post=160595"},{"taxonomy":"post_tag","embeddable":true,"href":"https:\/\/www.bellunopress.it\/fr\/wp-json\/wp\/v2\/tags?post=160595"}],"curies":[{"name":"wp","href":"https:\/\/api.w.org\/{rel}","templated":true}]}}